{"id":104,"date":"2021-03-21T11:13:53","date_gmt":"2021-03-21T11:13:53","guid":{"rendered":"http:\/\/hodszolar.hu\/?p=104"},"modified":"2021-05-12T07:29:43","modified_gmt":"2021-05-12T07:29:43","slug":"fontos-hatarido-kitolasaval-teremtene-egyertelmu-helyzetet-a-napelemes-iparag","status":"publish","type":"post","link":"https:\/\/dev.kompaktdesign.hu\/hodszolar.hu\/2021\/03\/21\/fontos-hatarido-kitolasaval-teremtene-egyertelmu-helyzetet-a-napelemes-iparag\/","title":{"rendered":"Fontos hat\u00e1rid\u0151 kitol\u00e1s\u00e1val teremtene egy\u00e9rtelm\u0171 helyzetet a napelemes ipar\u00e1g"},"content":{"rendered":"\n<div class=\"wp-block-image\"><figure class=\"aligncenter size-large\"><img loading=\"lazy\" decoding=\"async\" width=\"621\" height=\"112\" src=\"http:\/\/hodszolar.hu\/wp-content\/uploads\/2021\/03\/hatarido.png\" alt=\"\" class=\"wp-image-106\" srcset=\"https:\/\/dev.kompaktdesign.hu\/hodszolar.hu\/wp-content\/uploads\/2021\/03\/hatarido.png 621w, https:\/\/dev.kompaktdesign.hu\/hodszolar.hu\/wp-content\/uploads\/2021\/03\/hatarido-300x54.png 300w\" sizes=\"auto, (max-width: 621px) 100vw, 621px\" \/><\/figure><\/div>\n\n\n\n<p><strong>2021. j\u00fanius 30. \u2013 Otthonfel\u00faj\u00edt\u00e1si program elsz\u00e1mol\u00e1s v\u00e1ltoz\u00e1s<\/strong> Eddig az id\u0151pontig a megszokott szald\u00f3 elsz\u00e1mol\u00e1si rendszerben szerz\u0151dhetnek a p\u00e1ly\u00e1z\u00f3k, ezt k\u00f6vet\u0151en azonban m\u00e1r csak \u2013 az eddigiekhez k\u00e9pest h\u00e1tr\u00e1nyosabb, r\u00e9szleteiben m\u00e9g nem ismert \u2013 brutt\u00f3 elsz\u00e1mol\u00e1sban k\u00f6thetnek szerz\u0151d\u00e9st az \u00e1ramszolg\u00e1ltat\u00f3kkal. Az \u00faj elsz\u00e1mol\u00e1s ak\u00e1r k\u00e9tszer akkora napelemes rendszert is jelenthet, \u00edgy akik f\u0171t\u00e9st is terveznek korszer\u0171s\u00edteni, nekik ez \u00f3ri\u00e1si plusz k\u00f6lts\u00e9ggel fog j\u00e1rni, amennyiben a t\u00e1mogat\u00e1st ig\u00e9nybe szeretn\u00e9k venni.<\/p>\n\n\n\n<p><strong>7 pontb\u00f3l \u00e1ll\u00f3 javaslat<\/strong><strong>ot ny\u00fajtott be a Magyar Napelem Napkollektor Sz\u00f6vets\u00e9g<\/strong> <strong>(MNNSZ) az \u00faj elsz\u00e1mol\u00e1si rendszer<\/strong> <strong>kialak\u00edt\u00e1si folyamat\u00e1t koordin\u00e1l\u00f3 Innov\u00e1ci\u00f3s \u00e9s Technol\u00f3giai Miniszt\u00e9rium (ITM) k\u00e9r\u00e9s\u00e9re.<\/strong><\/p>\n\n\n\n<ol class=\"wp-block-list\" type=\"1\"><li>A szald\u00f3 elsz\u00e1mol\u00e1st felv\u00e1lt\u00f3 brutt\u00f3 p\u00e9nz\u00fcgyi elsz\u00e1mol\u00e1s: A HMKE (h\u00e1ztart\u00e1si m\u00e9ret\u0171 kiser\u0151m\u0171) \u00e1ltal megtermelt \u00e9s k\u00f6zc\u00e9l\u00fa h\u00e1l\u00f3zatba visszat\u00e1pl\u00e1lt villamos energi\u00e1t a h\u00e1l\u00f3zati szolg\u00e1latt\u00f3 DSO (vagyis az eloszt\u00f3 c\u00e9g) teljes eg\u00e9sz\u00e9ben v\u00e1s\u00e1rolja meg az aktu\u00e1lis piaci \u2013 teh\u00e1t az aktu\u00e1lis brutt\u00f3 hat\u00f3s\u00e1gi \u00e1ron.<\/li><li>A HMKE \u00e1ltal megtermelt \u00e9s a h\u00e1l\u00f3zatba visszat\u00e1pl\u00e1lt teljes villamos energia m\u00e9rt\u00e9k\u00e9ig jogosult villamos energi\u00e1t felhaszn\u00e1lni a mindenkori brutt\u00f3 lakoss\u00e1gi \u00e1r 20%-\u00e1\u00e9rt a termel\u0151 tulajdon\u00e1ban \u00e1ll\u00f3 m\u00e1s ingatlanban \u2013 k\u00f6z\u00f6s m\u00e9rlegk\u00f6r.<\/li><li>F\u0171t\u00e9sek elektrifik\u00e1ci\u00f3j\u00e1nak \u00f6szt\u00f6nz\u00e9se. A B vez\u00e9relt H \u00e9s Geo f\u0171t\u00e9si tarif\u00e1kkal szemben is legyen elsz\u00e1molhat\u00f3 p\u00e9nz\u00fcgyi alapon a teljes HMKE \u00e1ltal megtermelt villamos energia mennyis\u00e9g.<\/li><li>Elektromobilit\u00e1s \u00e9s h\u00e1zi villamosenergia-t\u00e1rol\u00e1s \u00f6szt\u00f6nz\u00e9se. A szald\u00f3 elsz\u00e1mol\u00e1s felv\u00e1lt\u00e1s\u00e1val egyidej\u0171leg bevezethetn\u00e9nk az elektromos aut\u00f3k otthoni t\u00f6lt\u00e9s\u00e9nek kedvezm\u00e9nyes id\u0151szak\u00e1t (l\u00e1sd okosm\u00e9r\u00e9s javaslat), ahol a cs\u00facsid\u0151n k\u00edv\u00fcli id\u0151szakban a B vez\u00e9relt H \u00e9s Geo f\u0171t\u00e9si tarif\u00e1hoz hasonl\u00f3 m\u00e9rt\u00e9k\u0171 \u00e1ron lehetne t\u00f6lteni az elektromos aut\u00f3t vagy a h\u00e1zi akkus energiat\u00e1rol\u00f3t. Ezzel a kedvezm\u00e9nyes t\u00f6lt\u00e9si lehet\u0151s\u00e9ggel szemben is legyen elsz\u00e1molhat\u00f3 p\u00e9nz\u00fcgyi alapon a HMKE \u00e1ltal megtermelt teljes villamos energia mennyis\u00e9g.<\/li><li>Okosm\u00e9r\u00e9s. A szald\u00f3 elsz\u00e1mol\u00e1s m\u00f3dos\u00edt\u00e1s\u00e1val javasoljuk az okosm\u00e9r\u00e9s lehet\u0151s\u00e9gei jogszab\u00e1lyi h\u00e1tter\u00e9nek megteremt\u00e9s\u00e9t is. Javasoljuk, hogy tarifa id\u0151s\u00e1vokkal \u00f6szt\u00f6n\u00f6zz\u00fck a villamosenergia cs\u00facsid\u0151n k\u00edv\u00fcli felhaszn\u00e1l\u00e1s\u00e1t. A DSO-k \u00e1ltal telep\u00edtett digit\u00e1lis m\u00e9r\u0151k mindegyike alkalmas t\u00f6bbtarif\u00e1s m\u00e9r\u00e9sre, ahol lehets\u00e9ges, be kell vezetni, hogy a cs\u00facsid\u0151n k\u00edv\u00fcli id\u0151szakokban a B vez\u00e9relt tarif\u00e1val azonos \u00e1ron lehessen megv\u00e1s\u00e1rolni a villamos energi\u00e1t.<\/li><li><strong>A beruh\u00e1z\u00e1si t\u00e1mogat\u00e1st ig\u00e9nybe vev\u0151kre vonatkoz\u00f3lag a 2021.06.30-ig beny\u00fajtott ig\u00e9nybejelent\u00e9s legyen a m\u00e9rvad\u00f3 hat\u00e1rid\u0151.<\/strong><\/li><li>A szald\u00f3s elsz\u00e1mol\u00e1sban a HMKE rendszerek AC oldali teljes\u00edtm\u00e9ny maximuma 50 kVA. Javasoljuk, hogy a Brutt\u00f3 elsz\u00e1mol\u00e1ssal p\u00e1rhuzamosan ez a hat\u00e1r emelkedjen fel 200 kVA-ra.<\/li><\/ol>\n","protected":false},"excerpt":{"rendered":"<p>2021. j\u00fanius 30. \u2013 Otthonfel\u00faj\u00edt\u00e1si program elsz\u00e1mol\u00e1s v\u00e1ltoz\u00e1s Eddig az id\u0151pontig a megszokott szald\u00f3 elsz\u00e1mol\u00e1si rendszerben szerz\u0151dhetnek a p\u00e1ly\u00e1z\u00f3k, ezt k\u00f6vet\u0151en azonban m\u00e1r csak \u2013 az eddigiekhez k\u00e9pest h\u00e1tr\u00e1nyosabb, r\u00e9szleteiben m\u00e9g nem ismert \u2013 brutt\u00f3 elsz\u00e1mol\u00e1sban k\u00f6thetnek szerz\u0151d\u00e9st az \u00e1ramszolg\u00e1ltat\u00f3kkal. Az \u00faj elsz\u00e1mol\u00e1s ak\u00e1r k\u00e9tszer akkora napelemes rendszert is jelenthet, \u00edgy akik f\u0171t\u00e9st is terveznek [&hellip;]<\/p>\n","protected":false},"author":3,"featured_media":284,"comment_status":"open","ping_status":"open","sticky":false,"template":"","format":"standard","meta":{"footnotes":""},"categories":[1],"tags":[],"class_list":["post-104","post","type-post","status-publish","format-standard","has-post-thumbnail","hentry","category-egyeb"],"yoast_head":"<!-- This site is optimized with the Yoast SEO plugin v19.5.1 - https:\/\/yoast.com\/wordpress\/plugins\/seo\/ -->\n<title>Fontos hat\u00e1rid\u0151 kitol\u00e1s\u00e1val teremtene egy\u00e9rtelm\u0171 helyzetet a napelemes ipar\u00e1g | H\u00f3dszol\u00e1r<\/title>\n<meta name=\"robots\" content=\"noindex, follow, max-snippet:-1, max-image-preview:large, max-video-preview:-1\" \/>\n<meta property=\"og:locale\" content=\"hu_HU\" \/>\n<meta property=\"og:type\" content=\"article\" \/>\n<meta property=\"og:title\" content=\"Fontos hat\u00e1rid\u0151 kitol\u00e1s\u00e1val teremtene egy\u00e9rtelm\u0171 helyzetet a napelemes ipar\u00e1g | H\u00f3dszol\u00e1r\" \/>\n<meta property=\"og:description\" content=\"2021. j\u00fanius 30. \u2013 Otthonfel\u00faj\u00edt\u00e1si program elsz\u00e1mol\u00e1s v\u00e1ltoz\u00e1s Eddig az id\u0151pontig a megszokott szald\u00f3 elsz\u00e1mol\u00e1si rendszerben szerz\u0151dhetnek a p\u00e1ly\u00e1z\u00f3k, ezt k\u00f6vet\u0151en azonban m\u00e1r csak \u2013 az eddigiekhez k\u00e9pest h\u00e1tr\u00e1nyosabb, r\u00e9szleteiben m\u00e9g nem ismert \u2013 brutt\u00f3 elsz\u00e1mol\u00e1sban k\u00f6thetnek szerz\u0151d\u00e9st az \u00e1ramszolg\u00e1ltat\u00f3kkal. Az \u00faj elsz\u00e1mol\u00e1s ak\u00e1r k\u00e9tszer akkora napelemes rendszert is jelenthet, \u00edgy akik f\u0171t\u00e9st is terveznek [&hellip;]\" \/>\n<meta property=\"og:url\" content=\"https:\/\/dev.kompaktdesign.hu\/hodszolar.hu\/2021\/03\/21\/fontos-hatarido-kitolasaval-teremtene-egyertelmu-helyzetet-a-napelemes-iparag\/\" \/>\n<meta property=\"og:site_name\" content=\"H\u00f3dszol\u00e1r\" \/>\n<meta property=\"article:publisher\" content=\"https:\/\/www.facebook.com\/hodszolar\" \/>\n<meta property=\"article:published_time\" content=\"2021-03-21T11:13:53+00:00\" \/>\n<meta property=\"article:modified_time\" content=\"2021-05-12T07:29:43+00:00\" \/>\n<meta property=\"og:image\" content=\"https:\/\/dev.kompaktdesign.hu\/hodszolar.hu\/wp-content\/uploads\/2021\/03\/OFT-1.jpg\" \/>\n\t<meta property=\"og:image:width\" content=\"1440\" \/>\n\t<meta property=\"og:image:height\" content=\"960\" \/>\n\t<meta property=\"og:image:type\" content=\"image\/jpeg\" \/>\n<meta name=\"author\" content=\"H\u00f3dszol\u00e1r Kft.\" \/>\n<meta name=\"twitter:card\" content=\"summary_large_image\" \/>\n<meta name=\"twitter:label1\" content=\"Szerz\u0151:\" \/>\n\t<meta name=\"twitter:data1\" content=\"H\u00f3dszol\u00e1r Kft.\" \/>\n\t<meta name=\"twitter:label2\" content=\"Becs\u00fclt olvas\u00e1si id\u0151\" \/>\n\t<meta name=\"twitter:data2\" content=\"3 perc\" \/>\n<script type=\"application\/ld+json\" class=\"yoast-schema-graph\">{\"@context\":\"https:\/\/schema.org\",\"@graph\":[{\"@type\":\"Article\",\"@id\":\"https:\/\/dev.kompaktdesign.hu\/hodszolar.hu\/2021\/03\/21\/fontos-hatarido-kitolasaval-teremtene-egyertelmu-helyzetet-a-napelemes-iparag\/#article\",\"isPartOf\":{\"@id\":\"https:\/\/dev.kompaktdesign.hu\/hodszolar.hu\/2021\/03\/21\/fontos-hatarido-kitolasaval-teremtene-egyertelmu-helyzetet-a-napelemes-iparag\/\"},\"author\":{\"name\":\"H\u00f3dszol\u00e1r Kft.\",\"@id\":\"https:\/\/dev.kompaktdesign.hu\/hodszolar.hu\/#\/schema\/person\/a788af940a3d6b2829396312340dd08c\"},\"headline\":\"Fontos hat\u00e1rid\u0151 kitol\u00e1s\u00e1val teremtene egy\u00e9rtelm\u0171 helyzetet a napelemes ipar\u00e1g\",\"datePublished\":\"2021-03-21T11:13:53+00:00\",\"dateModified\":\"2021-05-12T07:29:43+00:00\",\"mainEntityOfPage\":{\"@id\":\"https:\/\/dev.kompaktdesign.hu\/hodszolar.hu\/2021\/03\/21\/fontos-hatarido-kitolasaval-teremtene-egyertelmu-helyzetet-a-napelemes-iparag\/\"},\"wordCount\":598,\"commentCount\":0,\"publisher\":{\"@id\":\"https:\/\/dev.kompaktdesign.hu\/hodszolar.hu\/#organization\"},\"articleSection\":[\"Egy\u00e9b kateg\u00f3ria\"],\"inLanguage\":\"hu\",\"potentialAction\":[{\"@type\":\"CommentAction\",\"name\":\"Comment\",\"target\":[\"https:\/\/dev.kompaktdesign.hu\/hodszolar.hu\/2021\/03\/21\/fontos-hatarido-kitolasaval-teremtene-egyertelmu-helyzetet-a-napelemes-iparag\/#respond\"]}]},{\"@type\":\"WebPage\",\"@id\":\"https:\/\/dev.kompaktdesign.hu\/hodszolar.hu\/2021\/03\/21\/fontos-hatarido-kitolasaval-teremtene-egyertelmu-helyzetet-a-napelemes-iparag\/\",\"url\":\"https:\/\/dev.kompaktdesign.hu\/hodszolar.hu\/2021\/03\/21\/fontos-hatarido-kitolasaval-teremtene-egyertelmu-helyzetet-a-napelemes-iparag\/\",\"name\":\"Fontos hat\u00e1rid\u0151 kitol\u00e1s\u00e1val teremtene egy\u00e9rtelm\u0171 helyzetet a napelemes ipar\u00e1g | H\u00f3dszol\u00e1r\",\"isPartOf\":{\"@id\":\"https:\/\/dev.kompaktdesign.hu\/hodszolar.hu\/#website\"},\"datePublished\":\"2021-03-21T11:13:53+00:00\",\"dateModified\":\"2021-05-12T07:29:43+00:00\",\"breadcrumb\":{\"@id\":\"https:\/\/dev.kompaktdesign.hu\/hodszolar.hu\/2021\/03\/21\/fontos-hatarido-kitolasaval-teremtene-egyertelmu-helyzetet-a-napelemes-iparag\/#breadcrumb\"},\"inLanguage\":\"hu\",\"potentialAction\":[{\"@type\":\"ReadAction\",\"target\":[\"https:\/\/dev.kompaktdesign.hu\/hodszolar.hu\/2021\/03\/21\/fontos-hatarido-kitolasaval-teremtene-egyertelmu-helyzetet-a-napelemes-iparag\/\"]}]},{\"@type\":\"BreadcrumbList\",\"@id\":\"https:\/\/dev.kompaktdesign.hu\/hodszolar.hu\/2021\/03\/21\/fontos-hatarido-kitolasaval-teremtene-egyertelmu-helyzetet-a-napelemes-iparag\/#breadcrumb\",\"itemListElement\":[{\"@type\":\"ListItem\",\"position\":1,\"name\":\"Kezd\u0151lap\",\"item\":\"https:\/\/dev.kompaktdesign.hu\/hodszolar.hu\/\"},{\"@type\":\"ListItem\",\"position\":2,\"name\":\"Fontos hat\u00e1rid\u0151 kitol\u00e1s\u00e1val teremtene egy\u00e9rtelm\u0171 helyzetet a napelemes ipar\u00e1g\"}]},{\"@type\":\"WebSite\",\"@id\":\"https:\/\/dev.kompaktdesign.hu\/hodszolar.hu\/#website\",\"url\":\"https:\/\/dev.kompaktdesign.hu\/hodszolar.hu\/\",\"name\":\"H\u00f3dszol\u00e1r\",\"description\":\"A v\u00e1s\u00e1rhelyi napelemes\",\"publisher\":{\"@id\":\"https:\/\/dev.kompaktdesign.hu\/hodszolar.hu\/#organization\"},\"potentialAction\":[{\"@type\":\"SearchAction\",\"target\":{\"@type\":\"EntryPoint\",\"urlTemplate\":\"https:\/\/dev.kompaktdesign.hu\/hodszolar.hu\/?s={search_term_string}\"},\"query-input\":\"required name=search_term_string\"}],\"inLanguage\":\"hu\"},{\"@type\":\"Organization\",\"@id\":\"https:\/\/dev.kompaktdesign.hu\/hodszolar.hu\/#organization\",\"name\":\"H\u00f3dszol\u00e1r Kft.\",\"url\":\"https:\/\/dev.kompaktdesign.hu\/hodszolar.hu\/\",\"sameAs\":[\"https:\/\/www.facebook.com\/hodszolar\"],\"logo\":{\"@type\":\"ImageObject\",\"inLanguage\":\"hu\",\"@id\":\"https:\/\/dev.kompaktdesign.hu\/hodszolar.hu\/#\/schema\/logo\/image\/\",\"url\":\"https:\/\/dev.kompaktdesign.hu\/hodszolar.hu\/wp-content\/uploads\/2021\/05\/fvicon.png\",\"contentUrl\":\"https:\/\/dev.kompaktdesign.hu\/hodszolar.hu\/wp-content\/uploads\/2021\/05\/fvicon.png\",\"width\":132,\"height\":132,\"caption\":\"H\u00f3dszol\u00e1r Kft.\"},\"image\":{\"@id\":\"https:\/\/dev.kompaktdesign.hu\/hodszolar.hu\/#\/schema\/logo\/image\/\"}},{\"@type\":\"Person\",\"@id\":\"https:\/\/dev.kompaktdesign.hu\/hodszolar.hu\/#\/schema\/person\/a788af940a3d6b2829396312340dd08c\",\"name\":\"H\u00f3dszol\u00e1r Kft.\",\"image\":{\"@type\":\"ImageObject\",\"inLanguage\":\"hu\",\"@id\":\"https:\/\/dev.kompaktdesign.hu\/hodszolar.hu\/#\/schema\/person\/image\/\",\"url\":\"https:\/\/secure.gravatar.com\/avatar\/38df000db6f2e93b7f0ccccf7714392424ca033738d34dfe71f19fdb70329830?s=96&d=mm&r=g\",\"contentUrl\":\"https:\/\/secure.gravatar.com\/avatar\/38df000db6f2e93b7f0ccccf7714392424ca033738d34dfe71f19fdb70329830?s=96&d=mm&r=g\",\"caption\":\"H\u00f3dszol\u00e1r Kft.\"},\"url\":\"https:\/\/dev.kompaktdesign.hu\/hodszolar.hu\/author\/hodszolar\/\"}]}<\/script>\n<!-- \/ Yoast SEO plugin. -->","yoast_head_json":{"title":"Fontos hat\u00e1rid\u0151 kitol\u00e1s\u00e1val teremtene egy\u00e9rtelm\u0171 helyzetet a napelemes ipar\u00e1g | H\u00f3dszol\u00e1r","robots":{"index":"noindex","follow":"follow","max-snippet":"max-snippet:-1","max-image-preview":"max-image-preview:large","max-video-preview":"max-video-preview:-1"},"og_locale":"hu_HU","og_type":"article","og_title":"Fontos hat\u00e1rid\u0151 kitol\u00e1s\u00e1val teremtene egy\u00e9rtelm\u0171 helyzetet a napelemes ipar\u00e1g | H\u00f3dszol\u00e1r","og_description":"2021. j\u00fanius 30. \u2013 Otthonfel\u00faj\u00edt\u00e1si program elsz\u00e1mol\u00e1s v\u00e1ltoz\u00e1s Eddig az id\u0151pontig a megszokott szald\u00f3 elsz\u00e1mol\u00e1si rendszerben szerz\u0151dhetnek a p\u00e1ly\u00e1z\u00f3k, ezt k\u00f6vet\u0151en azonban m\u00e1r csak \u2013 az eddigiekhez k\u00e9pest h\u00e1tr\u00e1nyosabb, r\u00e9szleteiben m\u00e9g nem ismert \u2013 brutt\u00f3 elsz\u00e1mol\u00e1sban k\u00f6thetnek szerz\u0151d\u00e9st az \u00e1ramszolg\u00e1ltat\u00f3kkal. Az \u00faj elsz\u00e1mol\u00e1s ak\u00e1r k\u00e9tszer akkora napelemes rendszert is jelenthet, \u00edgy akik f\u0171t\u00e9st is terveznek [&hellip;]","og_url":"https:\/\/dev.kompaktdesign.hu\/hodszolar.hu\/2021\/03\/21\/fontos-hatarido-kitolasaval-teremtene-egyertelmu-helyzetet-a-napelemes-iparag\/","og_site_name":"H\u00f3dszol\u00e1r","article_publisher":"https:\/\/www.facebook.com\/hodszolar","article_published_time":"2021-03-21T11:13:53+00:00","article_modified_time":"2021-05-12T07:29:43+00:00","og_image":[{"width":1440,"height":960,"url":"https:\/\/dev.kompaktdesign.hu\/hodszolar.hu\/wp-content\/uploads\/2021\/03\/OFT-1.jpg","type":"image\/jpeg"}],"author":"H\u00f3dszol\u00e1r Kft.","twitter_card":"summary_large_image","twitter_misc":{"Szerz\u0151:":"H\u00f3dszol\u00e1r Kft.","Becs\u00fclt olvas\u00e1si id\u0151":"3 perc"},"schema":{"@context":"https:\/\/schema.org","@graph":[{"@type":"Article","@id":"https:\/\/dev.kompaktdesign.hu\/hodszolar.hu\/2021\/03\/21\/fontos-hatarido-kitolasaval-teremtene-egyertelmu-helyzetet-a-napelemes-iparag\/#article","isPartOf":{"@id":"https:\/\/dev.kompaktdesign.hu\/hodszolar.hu\/2021\/03\/21\/fontos-hatarido-kitolasaval-teremtene-egyertelmu-helyzetet-a-napelemes-iparag\/"},"author":{"name":"H\u00f3dszol\u00e1r Kft.","@id":"https:\/\/dev.kompaktdesign.hu\/hodszolar.hu\/#\/schema\/person\/a788af940a3d6b2829396312340dd08c"},"headline":"Fontos hat\u00e1rid\u0151 kitol\u00e1s\u00e1val teremtene egy\u00e9rtelm\u0171 helyzetet a napelemes ipar\u00e1g","datePublished":"2021-03-21T11:13:53+00:00","dateModified":"2021-05-12T07:29:43+00:00","mainEntityOfPage":{"@id":"https:\/\/dev.kompaktdesign.hu\/hodszolar.hu\/2021\/03\/21\/fontos-hatarido-kitolasaval-teremtene-egyertelmu-helyzetet-a-napelemes-iparag\/"},"wordCount":598,"commentCount":0,"publisher":{"@id":"https:\/\/dev.kompaktdesign.hu\/hodszolar.hu\/#organization"},"articleSection":["Egy\u00e9b kateg\u00f3ria"],"inLanguage":"hu","potentialAction":[{"@type":"CommentAction","name":"Comment","target":["https:\/\/dev.kompaktdesign.hu\/hodszolar.hu\/2021\/03\/21\/fontos-hatarido-kitolasaval-teremtene-egyertelmu-helyzetet-a-napelemes-iparag\/#respond"]}]},{"@type":"WebPage","@id":"https:\/\/dev.kompaktdesign.hu\/hodszolar.hu\/2021\/03\/21\/fontos-hatarido-kitolasaval-teremtene-egyertelmu-helyzetet-a-napelemes-iparag\/","url":"https:\/\/dev.kompaktdesign.hu\/hodszolar.hu\/2021\/03\/21\/fontos-hatarido-kitolasaval-teremtene-egyertelmu-helyzetet-a-napelemes-iparag\/","name":"Fontos hat\u00e1rid\u0151 kitol\u00e1s\u00e1val teremtene egy\u00e9rtelm\u0171 helyzetet a napelemes ipar\u00e1g | H\u00f3dszol\u00e1r","isPartOf":{"@id":"https:\/\/dev.kompaktdesign.hu\/hodszolar.hu\/#website"},"datePublished":"2021-03-21T11:13:53+00:00","dateModified":"2021-05-12T07:29:43+00:00","breadcrumb":{"@id":"https:\/\/dev.kompaktdesign.hu\/hodszolar.hu\/2021\/03\/21\/fontos-hatarido-kitolasaval-teremtene-egyertelmu-helyzetet-a-napelemes-iparag\/#breadcrumb"},"inLanguage":"hu","potentialAction":[{"@type":"ReadAction","target":["https:\/\/dev.kompaktdesign.hu\/hodszolar.hu\/2021\/03\/21\/fontos-hatarido-kitolasaval-teremtene-egyertelmu-helyzetet-a-napelemes-iparag\/"]}]},{"@type":"BreadcrumbList","@id":"https:\/\/dev.kompaktdesign.hu\/hodszolar.hu\/2021\/03\/21\/fontos-hatarido-kitolasaval-teremtene-egyertelmu-helyzetet-a-napelemes-iparag\/#breadcrumb","itemListElement":[{"@type":"ListItem","position":1,"name":"Kezd\u0151lap","item":"https:\/\/dev.kompaktdesign.hu\/hodszolar.hu\/"},{"@type":"ListItem","position":2,"name":"Fontos hat\u00e1rid\u0151 kitol\u00e1s\u00e1val teremtene egy\u00e9rtelm\u0171 helyzetet a napelemes ipar\u00e1g"}]},{"@type":"WebSite","@id":"https:\/\/dev.kompaktdesign.hu\/hodszolar.hu\/#website","url":"https:\/\/dev.kompaktdesign.hu\/hodszolar.hu\/","name":"H\u00f3dszol\u00e1r","description":"A v\u00e1s\u00e1rhelyi napelemes","publisher":{"@id":"https:\/\/dev.kompaktdesign.hu\/hodszolar.hu\/#organization"},"potentialAction":[{"@type":"SearchAction","target":{"@type":"EntryPoint","urlTemplate":"https:\/\/dev.kompaktdesign.hu\/hodszolar.hu\/?s={search_term_string}"},"query-input":"required name=search_term_string"}],"inLanguage":"hu"},{"@type":"Organization","@id":"https:\/\/dev.kompaktdesign.hu\/hodszolar.hu\/#organization","name":"H\u00f3dszol\u00e1r Kft.","url":"https:\/\/dev.kompaktdesign.hu\/hodszolar.hu\/","sameAs":["https:\/\/www.facebook.com\/hodszolar"],"logo":{"@type":"ImageObject","inLanguage":"hu","@id":"https:\/\/dev.kompaktdesign.hu\/hodszolar.hu\/#\/schema\/logo\/image\/","url":"https:\/\/dev.kompaktdesign.hu\/hodszolar.hu\/wp-content\/uploads\/2021\/05\/fvicon.png","contentUrl":"https:\/\/dev.kompaktdesign.hu\/hodszolar.hu\/wp-content\/uploads\/2021\/05\/fvicon.png","width":132,"height":132,"caption":"H\u00f3dszol\u00e1r Kft."},"image":{"@id":"https:\/\/dev.kompaktdesign.hu\/hodszolar.hu\/#\/schema\/logo\/image\/"}},{"@type":"Person","@id":"https:\/\/dev.kompaktdesign.hu\/hodszolar.hu\/#\/schema\/person\/a788af940a3d6b2829396312340dd08c","name":"H\u00f3dszol\u00e1r Kft.","image":{"@type":"ImageObject","inLanguage":"hu","@id":"https:\/\/dev.kompaktdesign.hu\/hodszolar.hu\/#\/schema\/person\/image\/","url":"https:\/\/secure.gravatar.com\/avatar\/38df000db6f2e93b7f0ccccf7714392424ca033738d34dfe71f19fdb70329830?s=96&d=mm&r=g","contentUrl":"https:\/\/secure.gravatar.com\/avatar\/38df000db6f2e93b7f0ccccf7714392424ca033738d34dfe71f19fdb70329830?s=96&d=mm&r=g","caption":"H\u00f3dszol\u00e1r Kft."},"url":"https:\/\/dev.kompaktdesign.hu\/hodszolar.hu\/author\/hodszolar\/"}]}},"_links":{"self":[{"href":"https:\/\/dev.kompaktdesign.hu\/hodszolar.hu\/wp-json\/wp\/v2\/posts\/104","targetHints":{"allow":["GET"]}}],"collection":[{"href":"https:\/\/dev.kompaktdesign.hu\/hodszolar.hu\/wp-json\/wp\/v2\/posts"}],"about":[{"href":"https:\/\/dev.kompaktdesign.hu\/hodszolar.hu\/wp-json\/wp\/v2\/types\/post"}],"author":[{"embeddable":true,"href":"https:\/\/dev.kompaktdesign.hu\/hodszolar.hu\/wp-json\/wp\/v2\/users\/3"}],"replies":[{"embeddable":true,"href":"https:\/\/dev.kompaktdesign.hu\/hodszolar.hu\/wp-json\/wp\/v2\/comments?post=104"}],"version-history":[{"count":5,"href":"https:\/\/dev.kompaktdesign.hu\/hodszolar.hu\/wp-json\/wp\/v2\/posts\/104\/revisions"}],"predecessor-version":[{"id":111,"href":"https:\/\/dev.kompaktdesign.hu\/hodszolar.hu\/wp-json\/wp\/v2\/posts\/104\/revisions\/111"}],"wp:featuredmedia":[{"embeddable":true,"href":"https:\/\/dev.kompaktdesign.hu\/hodszolar.hu\/wp-json\/wp\/v2\/media\/284"}],"wp:attachment":[{"href":"https:\/\/dev.kompaktdesign.hu\/hodszolar.hu\/wp-json\/wp\/v2\/media?parent=104"}],"wp:term":[{"taxonomy":"category","embeddable":true,"href":"https:\/\/dev.kompaktdesign.hu\/hodszolar.hu\/wp-json\/wp\/v2\/categories?post=104"},{"taxonomy":"post_tag","embeddable":true,"href":"https:\/\/dev.kompaktdesign.hu\/hodszolar.hu\/wp-json\/wp\/v2\/tags?post=104"}],"curies":[{"name":"wp","href":"https:\/\/api.w.org\/{rel}","templated":true}]}}