{"id":112,"date":"2021-03-21T11:29:13","date_gmt":"2021-03-21T11:29:13","guid":{"rendered":"http:\/\/hodszolar.hu\/?p=112"},"modified":"2021-05-12T07:29:37","modified_gmt":"2021-05-12T07:29:37","slug":"lakasfelujitasi-tamogatas-2021-ezekre-a-buktatokra-nagyon-figyelj","status":"publish","type":"post","link":"https:\/\/dev.kompaktdesign.hu\/hodszolar.hu\/2021\/03\/21\/lakasfelujitasi-tamogatas-2021-ezekre-a-buktatokra-nagyon-figyelj\/","title":{"rendered":"Lak\u00e1sfel\u00faj\u00edt\u00e1si t\u00e1mogat\u00e1s 2021: ezekre a buktat\u00f3kra nagyon figyelj!"},"content":{"rendered":"\n<p>Mivel az otthonfel\u00faj\u00edt\u00e1si t\u00e1mogat\u00e1s a fel\u00faj\u00edt\u00e1si munk\u00e1latok befejez\u00e9s\u00e9t k\u00f6vet\u0151en ig\u00e9nyelhet\u0151, ez\u00e9rt sokan csak a sz\u00e1ml\u00e1k \u00f6sszegy\u0171jt\u00e9s\u00e9t k\u00f6vet\u0151en, a t\u00e1mogat\u00e1s ig\u00e9nyl\u00e9sekor szembes\u00fclhetnek vele, hogy nem is jogosultak az ig\u00e9nybev\u00e9telre. Ez nagyon kellemetlen meglepet\u00e9seket, ak\u00e1r t\u00f6bb milli\u00f3 forint elveszt\u00e9s\u00e9t is jelentheti. Ezt elker\u00fclend\u0151 \u00f6sszegy\u0171jt\u00f6tt\u00fcnk j\u00f3 n\u00e9h\u00e1ny esetet.<\/p>\n\n\n\n<h3 class=\"wp-block-heading\"><strong>Nyugd\u00edjask\u00e9nt ig\u00e9nyelj\u00fck a t\u00e1mogat\u00e1st<\/strong><\/h3>\n\n\n\n<p>Az \u00e9letkort illet\u0151en nem el\u00e9gs\u00e9ges k\u00f6r\u00fclm\u00e9ny, hogy az ig\u00e9nyl\u0151 gyermeke 25 \u00e9v alatti. Az otthonfel\u00faj\u00edt\u00e1si t\u00e1mogat\u00e1sr\u00f3l sz\u00f3l\u00f3 518\/2020-as korm\u00e1nyrendelet \u00e9s a Magyar \u00c1llamkincst\u00e1r t\u00e1j\u00e9koztat\u00e1sa alapj\u00e1n a k\u00e9relem beny\u00fajt\u00e1s\u00e1nak id\u0151pontj\u00e1ban nyugd\u00edjas ig\u00e9nyl\u0151 csak akkor felel meg a tb-biztos\u00edtotti jogviszonyra el\u0151\u00edrt felt\u00e9teleknek, ha kieg\u00e9sz\u00edt\u0151 tev\u00e9kenys\u00e9get folytat\u00f3 szem\u00e9lynek min\u0151s\u00fcl, azaz keres\u0151tev\u00e9kenys\u00e9get v\u00e9gez. Abban az esetben is jogosult lehet a t\u00e1mogat\u00e1sra, ha v\u00e9gleges hat\u00e1rozat alapj\u00e1n \u00e1pol\u00e1si d\u00edjban, otthongondoz\u00e1si d\u00edjban r\u00e9szes\u00fcl, vagy a kiskor\u00fa gyermeknek a sz\u00fclei hal\u00e1la miatt \u0151 a kirendelt gy\u00e1mja. M\u00e1s esetben azonban nyugd\u00edjasok nem vehetik ig\u00e9nybe a t\u00e1mogat\u00e1st.<\/p>\n\n\n\n<h3 class=\"wp-block-heading\"><strong>Nevel\u0151sz\u00fcl\u0151k\u00e9nt ig\u00e9nyelj\u00fck a t\u00e1mogat\u00e1st<\/strong><\/h3>\n\n\n\n<p>Kiz\u00e1r\u00f3lag nevel\u0151sz\u00fcl\u0151k\u00e9nt senki sem jogosult a t\u00e1mogat\u00e1sra, a t\u00e1mogat\u00e1s v\u00e9r szerinti vagy \u00f6r\u00f6kbefogadott gyermek ut\u00e1n ig\u00e9nyelhet\u0151, illetve azon kiskor\u00fa rokonra, amelynek a gyermek sz\u00fcleinek hal\u00e1la miatt az ig\u00e9nyl\u0151 a kirendelt gy\u00e1mja.<\/p>\n\n\n\n<h3 class=\"wp-block-heading\"><strong>T\u00fal fiatal vagy t\u00fal id\u0151s gyerekre ig\u00e9nyelj\u00fck a t\u00e1mogat\u00e1st<\/strong><\/h3>\n\n\n\n<p>Ha megl\u00e1tja valaki a szab\u00e1lyt, hogy a gyereknek 25 \u00e9ven alulinak kell lennie, t\u00e9vesen azt gondolhatja, a hamarosan 25. \u00e9let\u00e9v\u00e9t bet\u00f6lt\u0151 gyermekre m\u00e1r elkezdheti a fel\u00faj\u00edt\u00e1si munk\u00e1latokat. A t\u00e1mogat\u00e1shoz fontos azonban, hogy a 25. \u00e9let\u00e9v bet\u00f6lt\u00e9se el\u0151tt a k\u00e9relemnek be kell \u00e9rkeznie a Magyar \u00c1llamkincst\u00e1rhoz, addigra teh\u00e1t be kell, hogy fejez\u0151dj\u00f6n a fel\u00faj\u00edt\u00e1s, a sz\u00e1ml\u00e1kat addigra ki kell fizetni. Ugyan\u00edgy az ig\u00e9nyl\u00e9s pillanat\u00e1ban m\u00e9g t\u00fal fiatal magzat sem elfogadhat\u00f3: a magzati kor 12. het\u00e9t\u0151l ig\u00e9nyelhet\u0151 a gyermekre a t\u00e1mogat\u00e1s.<\/p>\n\n\n\n<h3 class=\"wp-block-heading\"><strong>Saj\u00e1t magunk ut\u00e1n fizetj\u00fck a tb-t<\/strong><\/h3>\n\n\n\n<p>Az eg\u00e9szs\u00e9g\u00fcgyi szolg\u00e1ltat\u00e1si j\u00e1rul\u00e9k megfizet\u00e9s\u00e9vel eg\u00e9szs\u00e9g\u00fcgyi szolg\u00e1ltat\u00e1sra szerz\u00fcnk jogosults\u00e1got, de nem min\u0151s\u00fcl\u00fcnk a t\u00e1rsadalombiztos\u00edt\u00e1s ell\u00e1t\u00e1saira jogosultakr\u00f3l, valamint ezen ell\u00e1t\u00e1sok fedezet\u00e9r\u0151l sz\u00f3l\u00f3 2019. \u00e9vi CXXII. t\u00f6rv\u00e9ny (a tov\u00e1bbiakban: Tbj.) 6.&nbsp;\u00a7-a szerint biztos\u00edtottnak, \u00edgy nem vehetj\u00fck ig\u00e9nybe a t\u00e1mogat\u00e1st.<\/p>\n\n\n\n<h3 class=\"wp-block-heading\"><strong>K\u00fclf\u00f6ld\u00f6n dolgoz\u00f3 egyed\u00fcl\u00e1ll\u00f3k\u00e9nt ig\u00e9nyelj\u00fck a t\u00e1mogat\u00e1st<\/strong><\/h3>\n\n\n\n<p>K\u00fclf\u00f6ldi t\u00e1rsadalombiztos\u00edt\u00e1s eset\u00e9n a k\u00fclf\u00f6ldi t\u00e1rsadalombiztos\u00edt\u00e1si hat\u00f3s\u00e1g igazol\u00e1sa sz\u00fcks\u00e9ges, hiteles\u00edtett magyar ford\u00edt\u00e1ssal, amely bizony\u00edtja a k\u00e9relem beny\u00fajt\u00e1s\u00e1t megel\u0151z\u0151 legal\u00e1bb 1 \u00e9ve folyamatosan fenn\u00e1ll\u00f3 biztos\u00edtotti jogviszonyt, azonban a k\u00e9relem beny\u00fajt\u00e1sa napj\u00e1n m\u00e1r hazai jogviszonyban kell \u00e1llnia az ig\u00e9nyl\u0151nek (egy\u00fcttes ig\u00e9nyl\u00e9s eset\u00e9n legal\u00e1bb az egyik f\u00e9lnek). Egyszer\u0171bb lehet a dolguk azoknak, akik p\u00e1rk\u00e9nt: abban az esetben, ha egy\u00fcttes ig\u00e9nyl\u0151k\u00e9nt ny\u00fajtja be a t\u00e1mogat\u00e1si k\u00e9relmet \u00e9s a m\u00e1sik f\u00e9l megfelel a biztos\u00edtotti felt\u00e9teleknek, akkor jogosultak lehetnek a t\u00e1mogat\u00e1sra.<\/p>\n\n\n\n<h3 class=\"wp-block-heading\"><strong>Nagykor\u00fa gyermek ingatlanj\u00e1ra ig\u00e9nyelj\u00fck a t\u00e1mogat\u00e1st<\/strong><\/h3>\n\n\n\n<p>A t\u00e1mogat\u00e1ssal \u00e9rintett lak\u00e1sban az ig\u00e9nyl\u0151nek, illetve a kiskor\u00fa gyermeknek kell egy\u00fcttesen rendelkezni\u00fck legal\u00e1bb 50%-os m\u00e9rt\u00e9k\u0171 az ingatlan-nyilv\u00e1ntart\u00e1sba bejegyzett tulajdoni h\u00e1nyaddal. A rendelet kifejezetten a kiskor\u00fa gyermek tulajdoni h\u00e1nyad\u00e1t neves\u00edti, teh\u00e1t a nagykor\u00fa gyermek tulajdoni h\u00e1nyada nem vehet\u0151 figyelembe.<\/p>\n\n\n\n<h3 class=\"wp-block-heading\"><strong>Az egy\u00e9ni v\u00e1llalkoz\u00e1sunk sz\u00fcneteltet\u00e9se k\u00f6zben ig\u00e9nyelj\u00fck a t\u00e1mogat\u00e1st<\/strong><\/h3>\n\n\n\n<p>A biztos\u00edtott, tev\u00e9kenys\u00e9g\u00e9t sz\u00fcneteltet\u0151 egy\u00e9ni v\u00e1llalkoz\u00f3nak a sz\u00fcnetel\u00e9s ideje alatt a biztos\u00edt\u00e1sa is sz\u00fcnetel. A t\u00e1mogat\u00e1si k\u00e9relem beny\u00fajt\u00e1sakor biztos\u00edtottnak kell lennie, \u00e9s egy \u00e9v \u2013 egybef\u00fcgg\u0151en legfeljebb 30 nap megszak\u00edt\u00e1ssal \u2013 folyamatos biztos\u00edtotti jogviszonnyal kell rendelkeznie.<\/p>\n\n\n\n<h3 class=\"wp-block-heading\"><strong>K\u00f6ztartoz\u00e1ssal ig\u00e9nyelj\u00fck a t\u00e1mogat\u00e1st<\/strong><\/h3>\n\n\n\n<p>A k\u00f6ztartoz\u00e1s-mentess\u00e9get \u00e9s a tb-jogviszony fenn\u00e1ll\u00e1s\u00e1t a k\u00e9relem elb\u00edr\u00e1l\u00e1sakor a Magyar \u00c1llamkincst\u00e1r vizsg\u00e1lni fogja, ezekr\u0151l a k\u00e9relemben nyilatkozni sz\u00fcks\u00e9ges. A NAV-n\u00e1l el\u0151zetesen \u00e9rdemes meg\u00e9rdekl\u0151dni, van-e az ad\u00f3hat\u00f3s\u00e1gn\u00e1l k\u00f6ztartoz\u00e1sa. Ezt elektronikusan a NAV IGAZOL nyomtatv\u00e1ny kit\u00f6lt\u00e9s\u00e9vel \u00e9s \u00fcgyf\u00e9lkapus beny\u00fajt\u00e1s\u00e1val vagy a NAV \u00dcgyf\u00e9lt\u00e1j\u00e9koztat\u00f3 \u00e9s \u00dcgyint\u00e9z\u0151 Rendszer\u00e9n, szem\u00e9lyesen pedig a NAV \u00fcgyf\u00e9lszolg\u00e1latain, illetve postai \u00faton lehet k\u00e9rni.<\/p>\n\n\n\n<h3 class=\"wp-block-heading\"><strong>T\u00fal k\u00e9s\u0151n ig\u00e9nyelj\u00fck a t\u00e1mogat\u00e1st<\/strong><\/h3>\n\n\n\n<p>A t\u00e1mogat\u00e1s ir\u00e1nti k\u00e9relmet a lak\u00e1son v\u00e9gzett valamennyi fel\u00faj\u00edt\u00e1si munk\u00e1lat befejez\u00e9s\u00e9t k\u00f6vet\u0151en, a sz\u00e1ml\u00e1k kifizet\u00e9s\u00e9t k\u00f6vet\u0151 60 napon bel\u00fcl, de legk\u00e9s\u0151bb 2022. december 31-ig lehet beny\u00fajtani. T\u00f6bb sz\u00e1mla eset\u00e9ben a 60 napos ig\u00e9nyl\u00e9si hat\u00e1rid\u0151 sz\u00e1m\u00edt\u00e1s\u00e1n\u00e1l a legutols\u00f3 kifizet\u00e9si id\u0151pontot kell alapul venni. Ha t\u00fall\u00e9pj\u00fck ezeket a hat\u00e1rid\u0151ket, akkor lecs\u00faszunk a t\u00e1mogat\u00e1sr\u00f3l, de ha m\u00e9g marad m\u00e9g id\u0151 a v\u00e9gs\u0151 hat\u00e1rid\u0151ig (jelen \u00e1ll\u00e1s szerint 2022. december 31-\u00e9ig), akkor egy utols\u00f3, sz\u00e1ml\u00e1val igazolt munk\u00e1lat elv\u00e9gz\u00e9se m\u00e9g menek\u00fcl\u0151\u00fat lehet, hiszen ekkora a 60 nap \u201e\u00fajraindul\u201d.<\/p>\n\n\n\n<h3 class=\"wp-block-heading\"><strong>Nem megfelel\u0151 n\u00e9vre \u00e1ll\u00edtott\u00e1k ki a sz\u00e1ml\u00e1kat<\/strong><\/h3>\n\n\n\n<p>Egyed\u00fcli ig\u00e9nyl\u0151 eset\u00e9n az ig\u00e9nyl\u0151 nev\u00e9re kell ki\u00e1ll\u00edtani a sz\u00e1ml\u00e1kat, m\u00e1s n\u00e9v nem elfogadhat\u00f3. A t\u00e1mogat\u00e1st a legal\u00e1bb egy gyermeket v\u00e1r\u00f3 vagy nevel\u0151 ig\u00e9nyl\u0151 \u2013 azonos lak\u00f3hellyel rendelkez\u0151 h\u00e1zast\u00e1rsak vagy \u00e9lett\u00e1rsak k\u00f6z\u00f6sen, egy\u00fcttes ig\u00e9nyl\u0151k\u00e9nt \u2013 ig\u00e9nyelheti(k), \u00edgy nincs lehet\u0151s\u00e9g arra, hogy ha azonos az \u00e1lland\u00f3 lak\u00f3hely\u00fck, csak az egyik f\u00e9l ig\u00e9nyelje a t\u00e1mogat\u00e1st. Ilyen esetben a sz\u00e1ml\u00e1knak \u00e9s a v\u00e1llalkoz\u00f3i szerz\u0151d\u00e9s(ek)nek is legal\u00e1bb egyik\u0151j\u00fck nev\u00e9re kell sz\u00f3lniuk.<\/p>\n\n\n\n<h3 class=\"wp-block-heading\"><strong>Nincsenek kell\u0151en r\u00e9szletezve a sz\u00e1ml\u00e1k<\/strong><\/h3>\n\n\n\n<p>A sz\u00e1ml\u00e1n k\u00fcl\u00f6n t\u00e9telk\u00e9nt kell megjelennie az anyagk\u00f6lts\u00e9gnek \u00e9s munkad\u00edjnak, a kett\u0151 a sz\u00e1ml\u00e1n egy t\u00e9telk\u00e9nt \u00f6sszevontan nem szerepelhet. A v\u00e1llalkoz\u00f3i szerz\u0151d\u00e9sben m\u00e1r r\u00e9szletezett fel\u00faj\u00edt\u00e1si munk\u00e1latokat a sz\u00e1ml\u00e1n nem fontos r\u00e9szletesen felt\u00fcntetni. A v\u00e1llalkoz\u00e1si szerz\u0151d\u00e9sben, vagy annak mell\u00e9klet\u00e9ben mind az anyag, mind a munkad\u00edj olyan r\u00e9szletezetts\u00e9g\u0171 legyen (\u201eszerz\u0151d\u00f6tt konkr\u00e9t fel\u00faj\u00edt\u00e1si munka\u201d), mely a megval\u00f3s\u00edtott fel\u00faj\u00edt\u00e1s pontos tartalm\u00e1nak megismer\u00e9s\u00e9t, annak ellen\u0151rizhet\u0151s\u00e9g\u00e9t lehet\u0151v\u00e9 teszi. (Erre megfelel\u0151 lehet pl. a v\u00e1llalkoz\u00f3i \u00e1raj\u00e1nlat szerinti r\u00e9szletezetts\u00e9g.) A felhaszn\u00e1lt anyagokat r\u00e9szletezni kell, mely megtehet\u0151 a sz\u00e1ml\u00e1n, vagy elfogadhat\u00f3 a sz\u00e1mla mell\u00e9 csatolt \u2013 a megrendel\u00e9s alapj\u00e1ul szolg\u00e1l\u00f3, a v\u00e1llalkoz\u00f3 \u00e1ltal k\u00e9sz\u00edtett \u2013 k\u00f6lts\u00e9gvet\u00e9sben, vagy sz\u00e1mlar\u00e9szletez\u0151n.<\/p>\n\n\n\n<h3 class=\"wp-block-heading\"><strong>Nem megfelel\u0151 v\u00e1llalkoz\u00f3 v\u00e9gzi a munk\u00e1kat<\/strong><\/h3>\n\n\n\n<p>A v\u00e1llalkoz\u00f3 \u00e1ltal ki\u00e1ll\u00edtott sz\u00e1mla csak akkor fogadhat\u00f3 el, ha a v\u00e1llalkoz\u00f3 az ig\u00e9nyl\u0151(k)nek nem k\u00f6zeli hozz\u00e1tartoz\u00f3ja vagy \u00e9lett\u00e1rsa. A fel\u00faj\u00edt\u00e1st v\u00e9gz\u0151 gazd\u00e1lkod\u00f3 szervezetnek az ig\u00e9nyl\u0151 nem lehet tagja, sem munkav\u00e1llal\u00f3ja vagy vezet\u0151 tiszts\u00e9gvisel\u0151je, de m\u00e9g az ig\u00e9nyl\u0151 k\u00f6zeli hozz\u00e1tartoz\u00f3ja sem. A fel\u00faj\u00edt\u00e1si kivitelez\u00e9st v\u00e9gz\u0151 v\u00e1llalkoz\u00e1sban nem lehet tulajdonos vagy alkalmazott az ig\u00e9nyl\u0151 vagy hozz\u00e1tartoz\u00f3ja sem, saj\u00e1t mag\u00e1nak sem sz\u00e1ml\u00e1zhat. K\u00fclf\u00f6ldi sz\u00e1mla sem v\u00e1llalkoz\u00e1si d\u00edjr\u00f3l, sem anyagr\u00f3l nem fogadhat\u00f3 el, kiv\u00e9ve, ha a v\u00e1llalkoz\u00f3 rendelkezik magyar ad\u00f3sz\u00e1mmal \u00e9s a magyar jogszab\u00e1lyoknak megfelel\u0151en \u00e1ll\u00edtja ki a sz\u00e1ml\u00e1t. 5%-os \u00e1f\u00e1t tartalmaz\u00f3 sz\u00e1mla nem fogadhat\u00f3 el, de a 0%-os (p\u00e9ld\u00e1ul KATA-s v\u00e1llalkoz\u00f3 \u00e1ltal ki\u00e1ll\u00edtott) \u00e9s 27%-os \u00e1ltal\u00e1nos forgalmi ad\u00f3 m\u00e9rt\u00e9kkel ki\u00e1ll\u00edtott sz\u00e1mla egyar\u00e1nt figyelembe vehet\u0151. Nyugta nem mutathat\u00f3 be, csak sz\u00e1mla.<\/p>\n\n\n\n<h3 class=\"wp-block-heading\"><strong>R\u00e9szben vagy eg\u00e9szben 2020-ban lettek ki\u00e1ll\u00edtva a sz\u00e1ml\u00e1k<\/strong><\/h3>\n\n\n\n<p>Sokan arra sz\u00e1m\u00edtanak, hogy m\u00e1r 2020-ban kifizetett anyagokat, esetleg m\u00e1r kisz\u00e1ml\u00e1zott munk\u00e1latokat is elsz\u00e1moltatnak. Ha nem eszm\u00e9lnek id\u0151ben, \u0151k ak\u00e1r milli\u00f3kat is bukhatnak e t\u00e9ved\u00e9s emiatt: kiz\u00e1r\u00f3lag 2021. janu\u00e1r 1-je ut\u00e1n ki\u00e1ll\u00edtott sz\u00e1ml\u00e1kkal igazolt anyag- \u00e9s munkak\u00f6lts\u00e9gekre lehet ig\u00e9nyelni a fel\u00faj\u00edt\u00e1si t\u00e1mogat\u00e1st.<\/p>\n\n\n\n<h3 class=\"wp-block-heading\"><strong>T\u00fal kev\u00e9s vagy t\u00fal sok anyagk\u00f6lts\u00e9get \/ munkak\u00f6lts\u00e9get mutatunk be<\/strong><\/h3>\n\n\n\n<p>K\u00e9t egyszer\u0171 szab\u00e1lyt kell egyszerre \u00e9szben tartani: egyr\u00e9szt a t\u00e1mogat\u00e1s \u00f6sszege a sz\u00e1ml\u00e1val igazolt fel\u00faj\u00edt\u00e1si k\u00f6lts\u00e9gek 50%-a, de legfeljebb 3 000 000 forint lehet, m\u00e1sr\u00e9szt viszont az is fontos, hogy a t\u00e1mogat\u00e1s \u00f6sszeg\u00e9ben az anyagk\u00f6lts\u00e9g, illetve a v\u00e1llalkoz\u00f3i d\u00edj 50-50%-os ar\u00e1nyban szerepelhet. Nem a sz\u00e1ml\u00e1k \u00f6sszeg\u00e9n bel\u00fcl kell teh\u00e1t 50-50%-ra kij\u00f6nnie az anyag-, illetve munkak\u00f6lts\u00e9geknek, hanem mag\u00e1n az (\u00f6sszk\u00f6lts\u00e9g 50%-\u00e1ra r\u00fag\u00f3) t\u00e1mogat\u00e1son bel\u00fcl. Ha valaki p\u00e9ld\u00e1ul a maxim\u00e1lis, 3 milli\u00f3s t\u00e1mogat\u00e1st venn\u00e9 ig\u00e9nybe, annak legal\u00e1bb 1,5 milli\u00f3 forintnyi sz\u00e1ml\u00e1t kell bemutatnia egyik, illetve m\u00e1sik t\u00edpus\u00fa k\u00f6lts\u00e9gr\u0151l is (pl. 1,5 milli\u00f3 munkad\u00edj, 4,5 milli\u00f3 anyagk\u00f6lts\u00e9g m\u00e1r megfelel\u0151), a kett\u0151nek egy\u00fctt pedig el kell \u00e9rnie a 6 milli\u00f3 forintot. Term\u00e9szetesen kisebb \u00f6sszegek is el\u00e9rhet\u0151k, nem kell kihaszn\u00e1lni a legal\u00e1bb 6 milli\u00f3 ut\u00e1n j\u00e1r\u00f3 3 milli\u00f3t. Minderr\u0151l r\u00e9szletesebben&nbsp;itt \u00edrtunk, minderr\u0151l kalkul\u00e1tor&nbsp;is el\u00e9rhet\u0151.<\/p>\n\n\n\n<h3 class=\"wp-block-heading\"><strong>Nincs v\u00e1llalkoz\u00f3i szerz\u0151d\u00e9s\u00fcnk<\/strong><\/h3>\n\n\n\n<p>A rendeletben meghat\u00e1rozott tev\u00e9kenys\u00e9gekre vonatkoz\u00f3an a kivitelez\u00e9st v\u00e9gz\u0151 v\u00e1llalkoz\u00f3val 2021. janu\u00e1r 1-je ut\u00e1n megk\u00f6t\u00f6tt szerz\u0151d\u00e9ssel kell rendelkeznie az ig\u00e9nyl\u0151nek. T\u00f6bb v\u00e1llalkoz\u00f3 is lehet, a sz\u00e1mukra vonatkoz\u00f3an nincs fels\u0151 korl\u00e1t. A v\u00e1llalkoz\u00f3i szerz\u0151d\u00e9s megk\u00f6vetel\u00e9se nem vonatkozik minden egyes r\u00e9szmunk\u00e1ra: csak anyagk\u00f6lts\u00e9ggel j\u00e1r\u00f3 r\u00e9szmunk\u00e1kr\u00f3l (pl. saj\u00e1tkez\u0171leg elv\u00e9gzett fest\u00e9s vagy ker\u00edt\u00e9s\u00e9p\u00edt\u00e9s) nem sz\u00fcks\u00e9ges v\u00e1llalkoz\u00f3i szerz\u0151d\u00e9st beny\u00fajtani.<\/p>\n\n\n\n<h3 class=\"wp-block-heading\"><strong>CSOK-os sz\u00e1ml\u00e1t mutatunk be<\/strong><\/h3>\n\n\n\n<p>Nem fogadhat\u00f3 el olyan sz\u00e1mla, amelyet az ig\u00e9nyl\u0151 a fel\u00faj\u00edt\u00e1ssal \u00e9rintett lak\u00e1s eset\u00e9ben a haszn\u00e1lt lak\u00e1s v\u00e1s\u00e1rl\u00e1s\u00e1hoz, korszer\u0171s\u00edt\u00e9s\u00e9hez \u00e9s\/vagy b\u0151v\u00edt\u00e9s\u00e9hez ig\u00e9nybe vehet\u0151 falusi CSOK ig\u00e9nybev\u00e9tel\u00e9hez m\u00e1r elsz\u00e1molt. Ezzel szemben a lak\u00e1s-takar\u00e9kp\u00e9nzt\u00e1ri megtakar\u00edt\u00e1s \u00e9s az ahhoz kapcsol\u00f3d\u00f3 (a 2018. okt\u00f3ber 16-a el\u0151tt k\u00f6t\u00f6tt szerz\u0151d\u00e9sekn\u00e9l m\u00e9g \u00e9l\u0151) lak\u00e1s-takar\u00e9kp\u00e9nzt\u00e1ri t\u00e1mogat\u00e1s ig\u00e9nybev\u00e9tel\u00e9re bemutatott sz\u00e1ml\u00e1k a fel\u00faj\u00edt\u00e1si t\u00e1mogat\u00e1sra is felhaszn\u00e1lhat\u00f3k.<\/p>\n\n\n\n<h3 class=\"wp-block-heading\"><strong>T\u00fal dr\u00e1ga napelemes rendszerre k\u00e9rj\u00fck a t\u00e1mogat\u00e1st<\/strong><\/h3>\n\n\n\n<p>Azokra a napelemes rendszerekre, amelyek eset\u00e9n a villamosenergia-v\u00e1s\u00e1rl\u00e1si szerz\u0151d\u00e9s 2021. j\u00falius 1-je el\u0151tt ker\u00fcl megk\u00f6t\u00e9sre, m\u00e9g a szald\u00f3s elsz\u00e1mol\u00e1s vonatkozik m\u00e9g akkor is, ha a t\u00e1mogat\u00e1si k\u00e9relmet a fel\u00faj\u00edt\u00e1si munk\u00e1latok v\u00e9g\u00e9n, 2021. j\u00fanius 30. ut\u00e1n ny\u00fajtj\u00e1k be. Ebben az esetben sz\u00fcks\u00e9ges lesz a kivitelez\u0151 nyilatkozata, miszerint az anyagk\u00f6lts\u00e9g \u00e9s a v\u00e1llalkoz\u00f3i d\u00edj \u00f6sszes\u00edtve a 450.000 Ft\/kWp \u00f6sszeget nem haladja meg. Az elsz\u00e1moland\u00f3 sz\u00e1mla nem tartalmazhat a fajlagos k\u00f6lts\u00e9gkorl\u00e1t feletti \u00f6sszeget, a 450.000 Ft\/kWp feletti \u00f6sszegr\u0151l beny\u00fajtott sz\u00e1ml\u00e1kat teljes eg\u00e9sz\u00e9ben elutas\u00edtj\u00e1k.<\/p>\n\n\n\n<h3 class=\"wp-block-heading\"><strong>Osztatlan k\u00f6z\u00f6s tulajdon fel\u00faj\u00edt\u00e1s\u00e1ra ig\u00e9nyelj\u00fck a t\u00e1mogat\u00e1st<\/strong><\/h3>\n\n\n\n<p>A t\u00e1mogat\u00e1s csak arra az ingatlanra \u00e9s ingatlanr\u00e9szre vehet\u0151 ig\u00e9nybe, amit a haszn\u00e1lati meg\u00e1llapod\u00e1s vagy b\u00edr\u00f3s\u00e1gi \u00edt\u00e9let k\u00f6rbehat\u00e1rol. K\u00f6z\u00f6s haszn\u00e1lat\u00fa, illetve k\u00f6z\u00f6s tulajdon\u00fa r\u00e9szre t\u00e1mogat\u00e1s nem vehet\u0151 ig\u00e9nybe. T\u00f6bb lak\u00e1sb\u00f3l \u00e1ll\u00f3 k\u00f6z\u00f6s tulajdon\u00fa ingatlan eset\u00e9ben k\u00f6zokiratba vagy \u00fcgyv\u00e9d \u00e1ltal ellenjegyzett mag\u00e1nokiratba foglalt haszn\u00e1lati meg\u00e1llapod\u00e1s vagy b\u00edr\u00f3s\u00e1gi \u00edt\u00e9let sz\u00fcks\u00e9ges.<\/p>\n\n\n\n<h3 class=\"wp-block-heading\"><strong>L\u00edzingelt ingatlanra ig\u00e9nyelj\u00fck a t\u00e1mogat\u00e1st<\/strong><\/h3>\n\n\n\n<p>A t\u00e1mogat\u00e1s felt\u00e9tele, hogy az ig\u00e9nyl\u0151, illetve kiskor\u00fa gyermeke \u2013 egy\u00fcttes ig\u00e9nyl\u00e9s eset\u00e9n az ig\u00e9nyl\u0151k egy\u00fctt, vagy kiskor\u00fa gyermekeik \u2013 a t\u00e1mogat\u00e1ssal \u00e9rintett lak\u00e1sban egy\u00fcttesen legal\u00e1bb 50%-os m\u00e9rt\u00e9k\u0171, az ingatlan-nyilv\u00e1ntart\u00e1sba bejegyzett tulajdoni h\u00e1nyaddal rendelkezzen.<\/p>\n\n\n\n<h3 class=\"wp-block-heading\"><strong>Lak\u00f3t\u00e9r b\u0151v\u00edt\u00e9s\u00e9re ig\u00e9nyelj\u00fck a t\u00e1mogat\u00e1st<\/strong><\/h3>\n\n\n\n<p>Lak\u00f3t\u00e9r b\u0151v\u00fcl\u00e9s\u00e9vel a fel\u00faj\u00edt\u00e1s nem j\u00e1rhat. M\u00e1r kor\u00e1bban kialak\u00edtott tet\u0151t\u00e9rben viszont ig\u00e9nybe vehet\u0151 a t\u00e1mogat\u00e1s a rendeletben meghat\u00e1rozott munk\u00e1latokra. Teljesen \u00faj f\u00fcrd\u0151szoba kialak\u00edt\u00e1s\u00e1ra nem vehet\u0151 ig\u00e9nybe a t\u00e1mogat\u00e1s, ha az \u00e9p\u00fcletben m\u00e1r van f\u00fcrd\u0151szoba.<\/p>\n\n\n\n<h3 class=\"wp-block-heading\"><strong>Friss \u00e1tjelentkez\u00e9ssel ig\u00e9nyelj\u00fck a t\u00e1mogat\u00e1st<\/strong><\/h3>\n\n\n\n<p>Az ig\u00e9nyl\u0151(k)nek \u00e9s annak a gyermeknek, amelyre a t\u00e1mogat\u00e1st ig\u00e9nybe veszi(k), legal\u00e1bb egy \u00e9ve kell lak\u00f3hellyel (a k\u00f6znyelvben a lakc\u00edmk\u00e1rty\u00e1n szerepl\u0151 \u201e\u00e1lland\u00f3 lakc\u00edmmel\u201d) rendelkeznie a fel\u00faj\u00edtott ingatlanban. Ezt az egy \u00e9vet az ig\u00e9nyl\u00e9s id\u0151pontj\u00e1t\u00f3l kell visszafel\u00e9 sz\u00e1molni, vagyis ha valaki a t\u00e1mogat\u00e1s \u00e9rdek\u00e9ben ma \u00e1tjelentkezne (cikk\u00fcnk janu\u00e1r 13-\u00e1n jelenik meg) a fel\u00faj\u00edtand\u00f3 lak\u00e1sba, akkor legkor\u00e1bban 2022. janu\u00e1r 13-\u00e1n ig\u00e9nyelhetn\u00e9 a t\u00e1mogat\u00e1st. Aki mind\u00f6ssze n\u00e9h\u00e1ny h\u00f3nappal az ig\u00e9nyl\u00e9s el\u0151tt jelentkezik \u00e1t, annak a k\u00e9relm\u00e9t visszautas\u00edtj\u00e1k. Kiv\u00e9tel ez al\u00f3l a frissen megszerzett lak\u00e1s: ak\u00e1r egy tegnap v\u00e1s\u00e1rolt ingatlanra is ig\u00e9nyelhet\u0151 a t\u00e1mogat\u00e1s a k\u00f6vetkez\u0151 egy \u00e9vben is, ha oda mind az ig\u00e9nyl\u0151k, mind a gyermekek \u00e1tjelentkeznek. Csak tart\u00f3zkod\u00e1si helyre nem ig\u00e9nyelhet\u0151 a t\u00e1mogat\u00e1s.<\/p>\n\n\n\n<h3 class=\"wp-block-heading\"><strong>Nincs meg a minim\u00e1lis lak\u00e1stulajdonunk<\/strong><\/h3>\n\n\n\n<p>El\u0151fordul, hogy valaki nem tulajdonos a lak\u00e1sban, de \u00fagy szeretn\u00e9 ig\u00e9nyli a t\u00e1mogat\u00e1st, vagy pedig tulajdonos, de az ig\u00e9nyl\u0151(k) \u00e9s\/vagy a kiskor\u00fa gyermekei(k) egy\u00fcttesen nem rendelkeznek 50%-os tulajdonosi h\u00e1nyaddal az ingatlanban. Mindk\u00e9t esetben elutas\u00edtj\u00e1k a k\u00e9relmet.<\/p>\n\n\n\n<h3 class=\"wp-block-heading\"><strong>Nem ny\u00fajtjuk be az ig\u00e9nyl\u00e9st egy \u00e9ven bel\u00fcl<\/strong><\/h3>\n\n\n\n<p>A 3%-os kamatoz\u00e1s\u00fa otthonfel\u00faj\u00edt\u00e1si k\u00f6lcs\u00f6n felv\u00e9tele eset\u00e9n a ki\u00e1ll\u00edtott sz\u00e1ml\u00e1k kifizet\u00e9s\u00e9t a k\u00f6lcs\u00f6n foly\u00f3s\u00edt\u00e1s\u00e1t\u00f3l sz\u00e1m\u00edtott egy \u00e9ven bel\u00fcl a sz\u00e1ml\u00e1k vagy azok m\u00e1solata bemutat\u00e1s\u00e1val igazolni kell a hitelt ny\u00fajt\u00f3 bank fel\u00e9. Ha ez nem t\u00f6rt\u00e9nik meg, akkor a k\u00f6lcs\u00f6ntartoz\u00e1s h\u00e1tral\u00e9v\u0151 \u00f6sszeg\u00e9re vonatkoz\u00f3an a kamatt\u00e1mogat\u00e1s megsz\u0171nik (jelen kamatk\u00f6rnyezet alapj\u00e1n a kamat 3%-r\u00f3l 5% f\u00f6l\u00e9 emelkedik), \u00e9s az addig ig\u00e9nybe vett kamatt\u00e1mogat\u00e1st az arra val\u00f3 jogosults\u00e1g megsz\u0171n\u00e9s\u00e9t k\u00f6vet\u0151 60 napon bel\u00fcl egy \u00f6sszegben a hitelint\u00e9zet \u00fatj\u00e1n vissza kell fizetni a kincst\u00e1rnak (egy \u00e9vnyi kamatt\u00e1mogat\u00e1s jelen \u00e1ll\u00e1s szerint 100 ezer forint f\u00f6l\u00f6tt alakulhat). Halva sz\u00fcletett vagy a sz\u00fclet\u00e9s ut\u00e1n elhal\u00e1lozott gyermek eset\u00e9n ezek al\u00f3l a k\u00f6vetkezm\u00e9nyek al\u00f3l mentes\u00edt a jogszab\u00e1ly.<\/p>\n\n\n\n<h3 class=\"wp-block-heading\"><strong>T\u00fal kev\u00e9s sz\u00e1ml\u00e1t mutatunk be<\/strong><\/h3>\n\n\n\n<p>Ha valaki felvette az otthonfel\u00faj\u00edt\u00e1si k\u00f6lcs\u00f6nt, de a r\u00e9sz\u00e9re meg\u00e1llap\u00edtott otthonfel\u00faj\u00edt\u00e1si t\u00e1mogat\u00e1s \u00f6sszege nem \u00e9ri el az otthonfel\u00faj\u00edt\u00e1si k\u00f6lcs\u00f6n k\u00f6lcs\u00f6nszerz\u0151d\u00e9sben meg\u00e1llap\u00edtott \u00f6sszeg 25%-\u00e1t (a maxim\u00e1lis 6 milli\u00f3 forint eset\u00e9n teh\u00e1t 1,5 milli\u00f3 forintot, amihez legal\u00e1bb 3 milli\u00f3 forintnyi sz\u00e1mla bemutat\u00e1sa \u00e9s mindk\u00e9t k\u00f6lts\u00e9gfajta eset\u00e9ben legal\u00e1bb 750 ezer forintnyi sz\u00e1mla bemutat\u00e1sa sz\u00fcks\u00e9ges), akkor a k\u00f6lcs\u00f6ntartoz\u00e1s h\u00e1tral\u00e9v\u0151 \u00f6sszeg\u00e9re vonatkoz\u00f3an a kamatt\u00e1mogat\u00e1s megsz\u0171nik (jelen kamatk\u00f6rnyezet alapj\u00e1n a kamat 3%-r\u00f3l 5% f\u00f6l\u00e9 emelkedik), \u00e9s az addig ig\u00e9nybe vett kamatt\u00e1mogat\u00e1st az arra val\u00f3 jogosults\u00e1g megsz\u0171n\u00e9s\u00e9t k\u00f6vet\u0151 60 napon bel\u00fcl egy \u00f6sszegben a hitelint\u00e9zet \u00fatj\u00e1n vissza kell fizetni a kincst\u00e1rnak (egy \u00e9vnyi kamatt\u00e1mogat\u00e1s 100 ezer forint f\u00f6l\u00f6tt alakulhat). Halva sz\u00fcletett vagy a sz\u00fclet\u00e9s ut\u00e1n elhal\u00e1lozott gyermek eset\u00e9n ezek al\u00f3l a k\u00f6vetkezm\u00e9nyek al\u00f3l mentes\u00edt a jogszab\u00e1ly.<\/p>\n\n\n\n<h3 class=\"wp-block-heading\"><strong>Nem megfelel\u0151 munk\u00e1latokra ki\u00e1ll\u00edtott sz\u00e1ml\u00e1kat mutatunk be<\/strong><\/h3>\n\n\n\n<p>Csak a rendeletben felsorolt munk\u00e1latokra ig\u00e9nyelhet\u0151 a t\u00e1mogat\u00e1st. Nem ig\u00e9nyelhet\u0151 p\u00e9ld\u00e1ul a szabadon \u00e1ll\u00f3 b\u00fatorok beszerz\u00e9s\u00e9re (pl. szobab\u00fator), a szabadon \u00e1ll\u00f3 konyhai g\u00e9pek beszerz\u00e9s\u00e9re, be\u00e9p\u00edtett nem konyhai g\u00e9pek beszerz\u00e9s\u00e9re (pl. mos\u00f3g\u00e9p, sz\u00e1r\u00edt\u00f3g\u00e9p), a lak\u00e1s b\u0151v\u00edt\u00e9s\u00e9re plusz szob\u00e1kkal, a tereprendez\u00e9sre, gyepsz\u0151nyeg-fektet\u00e9sre, t\u00e1rol\u00f3 \u00e9p\u00edt\u00e9s\u00e9re, mobilgar\u00e1zs beszerz\u00e9s\u00e9re, raklapra mint anyagk\u00f6lts\u00e9gre, infraszauna be\u00e9p\u00edt\u00e9s\u00e9re, riaszt\u00f3 beszerel\u00e9s\u00e9re.<\/p>\n\n\n\n<h3 class=\"wp-block-heading\"><strong>Nem ny\u00fajtjuk be a sz\u00fcks\u00e9ges dokumentumokat<\/strong><\/h3>\n\n\n\n<p>A k\u00e9relmek elb\u00edr\u00e1l\u00e1s\u00e1ra a kincst\u00e1rhoz t\u00f6rt\u00e9n\u0151 be\u00e9rkez\u00e9st k\u00f6vet\u0151en 30 nap \u00e1ll a kincst\u00e1r rendelkez\u00e9s\u00e9re. Az elj\u00e1r\u00e1si folyamatban egyetlen alkalommal van m\u00f3d hi\u00e1nyp\u00f3tl\u00e1sra, amelynek teljes\u00edt\u00e9s\u00e9re 30 napja van az ig\u00e9nyl\u0151nek. Ez a 30 nap a teljes \u00fcgyint\u00e9z\u00e9si folyamatot meghosszabb\u00edtja. Az ig\u00e9nyl\u00e9s sor\u00e1n a k\u00e9relem \u00e9s a sz\u00e1ml\u00e1k mellett k\u00fcl\u00f6nb\u00f6z\u0151 nyilatkozatok, egy sz\u00e1mla\u00f6sszes\u00edt\u0151 \u00e9s a v\u00e1llalkoz\u00f3i szerz\u0151d\u00e9s(ek) is beny\u00fajtand\u00f3k, a&nbsp;nyomtatv\u00e1nyok \u00e9s mint\u00e1k itt megtal\u00e1lhat\u00f3k.<\/p>\n","protected":false},"excerpt":{"rendered":"<p>Mivel az otthonfel\u00faj\u00edt\u00e1si t\u00e1mogat\u00e1s a fel\u00faj\u00edt\u00e1si munk\u00e1latok befejez\u00e9s\u00e9t k\u00f6vet\u0151en ig\u00e9nyelhet\u0151, ez\u00e9rt sokan csak a sz\u00e1ml\u00e1k \u00f6sszegy\u0171jt\u00e9s\u00e9t k\u00f6vet\u0151en, a t\u00e1mogat\u00e1s ig\u00e9nyl\u00e9sekor szembes\u00fclhetnek vele, hogy nem is jogosultak az ig\u00e9nybev\u00e9telre. Ez nagyon kellemetlen meglepet\u00e9seket, ak\u00e1r t\u00f6bb milli\u00f3 forint elveszt\u00e9s\u00e9t is jelentheti. Ezt elker\u00fclend\u0151 \u00f6sszegy\u0171jt\u00f6tt\u00fcnk j\u00f3 n\u00e9h\u00e1ny esetet. Nyugd\u00edjask\u00e9nt ig\u00e9nyelj\u00fck a t\u00e1mogat\u00e1st Az \u00e9letkort illet\u0151en nem el\u00e9gs\u00e9ges k\u00f6r\u00fclm\u00e9ny, [&hellip;]<\/p>\n","protected":false},"author":3,"featured_media":285,"comment_status":"open","ping_status":"open","sticky":false,"template":"","format":"standard","meta":{"footnotes":""},"categories":[1],"tags":[],"class_list":["post-112","post","type-post","status-publish","format-standard","has-post-thumbnail","hentry","category-egyeb"],"yoast_head":"<!-- This site is optimized with the Yoast SEO plugin v19.5.1 - https:\/\/yoast.com\/wordpress\/plugins\/seo\/ -->\n<title>Lak\u00e1sfel\u00faj\u00edt\u00e1si t\u00e1mogat\u00e1s 2021: ezekre a buktat\u00f3kra nagyon figyelj! | H\u00f3dszol\u00e1r<\/title>\n<meta name=\"robots\" content=\"noindex, follow, max-snippet:-1, max-image-preview:large, max-video-preview:-1\" \/>\n<meta property=\"og:locale\" content=\"hu_HU\" \/>\n<meta property=\"og:type\" content=\"article\" \/>\n<meta property=\"og:title\" content=\"Lak\u00e1sfel\u00faj\u00edt\u00e1si t\u00e1mogat\u00e1s 2021: ezekre a buktat\u00f3kra nagyon figyelj! | H\u00f3dszol\u00e1r\" \/>\n<meta property=\"og:description\" content=\"Mivel az otthonfel\u00faj\u00edt\u00e1si t\u00e1mogat\u00e1s a fel\u00faj\u00edt\u00e1si munk\u00e1latok befejez\u00e9s\u00e9t k\u00f6vet\u0151en ig\u00e9nyelhet\u0151, ez\u00e9rt sokan csak a sz\u00e1ml\u00e1k \u00f6sszegy\u0171jt\u00e9s\u00e9t k\u00f6vet\u0151en, a t\u00e1mogat\u00e1s ig\u00e9nyl\u00e9sekor szembes\u00fclhetnek vele, hogy nem is jogosultak az ig\u00e9nybev\u00e9telre. Ez nagyon kellemetlen meglepet\u00e9seket, ak\u00e1r t\u00f6bb milli\u00f3 forint elveszt\u00e9s\u00e9t is jelentheti. Ezt elker\u00fclend\u0151 \u00f6sszegy\u0171jt\u00f6tt\u00fcnk j\u00f3 n\u00e9h\u00e1ny esetet. Nyugd\u00edjask\u00e9nt ig\u00e9nyelj\u00fck a t\u00e1mogat\u00e1st Az \u00e9letkort illet\u0151en nem el\u00e9gs\u00e9ges k\u00f6r\u00fclm\u00e9ny, [&hellip;]\" \/>\n<meta property=\"og:url\" content=\"https:\/\/dev.kompaktdesign.hu\/hodszolar.hu\/2021\/03\/21\/lakasfelujitasi-tamogatas-2021-ezekre-a-buktatokra-nagyon-figyelj\/\" \/>\n<meta property=\"og:site_name\" content=\"H\u00f3dszol\u00e1r\" \/>\n<meta property=\"article:publisher\" content=\"https:\/\/www.facebook.com\/hodszolar\" \/>\n<meta property=\"article:published_time\" content=\"2021-03-21T11:29:13+00:00\" \/>\n<meta property=\"article:modified_time\" content=\"2021-05-12T07:29:37+00:00\" \/>\n<meta property=\"og:image\" content=\"https:\/\/dev.kompaktdesign.hu\/hodszolar.hu\/wp-content\/uploads\/2021\/03\/szaldo-brutto.jpg\" \/>\n\t<meta property=\"og:image:width\" content=\"1200\" \/>\n\t<meta property=\"og:image:height\" content=\"640\" \/>\n\t<meta property=\"og:image:type\" content=\"image\/jpeg\" \/>\n<meta name=\"author\" content=\"H\u00f3dszol\u00e1r Kft.\" \/>\n<meta name=\"twitter:card\" content=\"summary_large_image\" \/>\n<meta name=\"twitter:label1\" content=\"Szerz\u0151:\" \/>\n\t<meta name=\"twitter:data1\" content=\"H\u00f3dszol\u00e1r Kft.\" \/>\n\t<meta name=\"twitter:label2\" content=\"Becs\u00fclt olvas\u00e1si id\u0151\" \/>\n\t<meta name=\"twitter:data2\" content=\"17 perc\" \/>\n<script type=\"application\/ld+json\" class=\"yoast-schema-graph\">{\"@context\":\"https:\/\/schema.org\",\"@graph\":[{\"@type\":\"Article\",\"@id\":\"https:\/\/dev.kompaktdesign.hu\/hodszolar.hu\/2021\/03\/21\/lakasfelujitasi-tamogatas-2021-ezekre-a-buktatokra-nagyon-figyelj\/#article\",\"isPartOf\":{\"@id\":\"https:\/\/dev.kompaktdesign.hu\/hodszolar.hu\/2021\/03\/21\/lakasfelujitasi-tamogatas-2021-ezekre-a-buktatokra-nagyon-figyelj\/\"},\"author\":{\"name\":\"H\u00f3dszol\u00e1r Kft.\",\"@id\":\"https:\/\/dev.kompaktdesign.hu\/hodszolar.hu\/#\/schema\/person\/a788af940a3d6b2829396312340dd08c\"},\"headline\":\"Lak\u00e1sfel\u00faj\u00edt\u00e1si t\u00e1mogat\u00e1s 2021: ezekre a buktat\u00f3kra nagyon figyelj!\",\"datePublished\":\"2021-03-21T11:29:13+00:00\",\"dateModified\":\"2021-05-12T07:29:37+00:00\",\"mainEntityOfPage\":{\"@id\":\"https:\/\/dev.kompaktdesign.hu\/hodszolar.hu\/2021\/03\/21\/lakasfelujitasi-tamogatas-2021-ezekre-a-buktatokra-nagyon-figyelj\/\"},\"wordCount\":3379,\"commentCount\":0,\"publisher\":{\"@id\":\"https:\/\/dev.kompaktdesign.hu\/hodszolar.hu\/#organization\"},\"articleSection\":[\"Egy\u00e9b kateg\u00f3ria\"],\"inLanguage\":\"hu\",\"potentialAction\":[{\"@type\":\"CommentAction\",\"name\":\"Comment\",\"target\":[\"https:\/\/dev.kompaktdesign.hu\/hodszolar.hu\/2021\/03\/21\/lakasfelujitasi-tamogatas-2021-ezekre-a-buktatokra-nagyon-figyelj\/#respond\"]}]},{\"@type\":\"WebPage\",\"@id\":\"https:\/\/dev.kompaktdesign.hu\/hodszolar.hu\/2021\/03\/21\/lakasfelujitasi-tamogatas-2021-ezekre-a-buktatokra-nagyon-figyelj\/\",\"url\":\"https:\/\/dev.kompaktdesign.hu\/hodszolar.hu\/2021\/03\/21\/lakasfelujitasi-tamogatas-2021-ezekre-a-buktatokra-nagyon-figyelj\/\",\"name\":\"Lak\u00e1sfel\u00faj\u00edt\u00e1si t\u00e1mogat\u00e1s 2021: ezekre a buktat\u00f3kra nagyon figyelj! | H\u00f3dszol\u00e1r\",\"isPartOf\":{\"@id\":\"https:\/\/dev.kompaktdesign.hu\/hodszolar.hu\/#website\"},\"datePublished\":\"2021-03-21T11:29:13+00:00\",\"dateModified\":\"2021-05-12T07:29:37+00:00\",\"breadcrumb\":{\"@id\":\"https:\/\/dev.kompaktdesign.hu\/hodszolar.hu\/2021\/03\/21\/lakasfelujitasi-tamogatas-2021-ezekre-a-buktatokra-nagyon-figyelj\/#breadcrumb\"},\"inLanguage\":\"hu\",\"potentialAction\":[{\"@type\":\"ReadAction\",\"target\":[\"https:\/\/dev.kompaktdesign.hu\/hodszolar.hu\/2021\/03\/21\/lakasfelujitasi-tamogatas-2021-ezekre-a-buktatokra-nagyon-figyelj\/\"]}]},{\"@type\":\"BreadcrumbList\",\"@id\":\"https:\/\/dev.kompaktdesign.hu\/hodszolar.hu\/2021\/03\/21\/lakasfelujitasi-tamogatas-2021-ezekre-a-buktatokra-nagyon-figyelj\/#breadcrumb\",\"itemListElement\":[{\"@type\":\"ListItem\",\"position\":1,\"name\":\"Kezd\u0151lap\",\"item\":\"https:\/\/dev.kompaktdesign.hu\/hodszolar.hu\/\"},{\"@type\":\"ListItem\",\"position\":2,\"name\":\"Lak\u00e1sfel\u00faj\u00edt\u00e1si t\u00e1mogat\u00e1s 2021: ezekre a buktat\u00f3kra nagyon figyelj!\"}]},{\"@type\":\"WebSite\",\"@id\":\"https:\/\/dev.kompaktdesign.hu\/hodszolar.hu\/#website\",\"url\":\"https:\/\/dev.kompaktdesign.hu\/hodszolar.hu\/\",\"name\":\"H\u00f3dszol\u00e1r\",\"description\":\"A v\u00e1s\u00e1rhelyi napelemes\",\"publisher\":{\"@id\":\"https:\/\/dev.kompaktdesign.hu\/hodszolar.hu\/#organization\"},\"potentialAction\":[{\"@type\":\"SearchAction\",\"target\":{\"@type\":\"EntryPoint\",\"urlTemplate\":\"https:\/\/dev.kompaktdesign.hu\/hodszolar.hu\/?s={search_term_string}\"},\"query-input\":\"required name=search_term_string\"}],\"inLanguage\":\"hu\"},{\"@type\":\"Organization\",\"@id\":\"https:\/\/dev.kompaktdesign.hu\/hodszolar.hu\/#organization\",\"name\":\"H\u00f3dszol\u00e1r Kft.\",\"url\":\"https:\/\/dev.kompaktdesign.hu\/hodszolar.hu\/\",\"sameAs\":[\"https:\/\/www.facebook.com\/hodszolar\"],\"logo\":{\"@type\":\"ImageObject\",\"inLanguage\":\"hu\",\"@id\":\"https:\/\/dev.kompaktdesign.hu\/hodszolar.hu\/#\/schema\/logo\/image\/\",\"url\":\"https:\/\/dev.kompaktdesign.hu\/hodszolar.hu\/wp-content\/uploads\/2021\/05\/fvicon.png\",\"contentUrl\":\"https:\/\/dev.kompaktdesign.hu\/hodszolar.hu\/wp-content\/uploads\/2021\/05\/fvicon.png\",\"width\":132,\"height\":132,\"caption\":\"H\u00f3dszol\u00e1r Kft.\"},\"image\":{\"@id\":\"https:\/\/dev.kompaktdesign.hu\/hodszolar.hu\/#\/schema\/logo\/image\/\"}},{\"@type\":\"Person\",\"@id\":\"https:\/\/dev.kompaktdesign.hu\/hodszolar.hu\/#\/schema\/person\/a788af940a3d6b2829396312340dd08c\",\"name\":\"H\u00f3dszol\u00e1r Kft.\",\"image\":{\"@type\":\"ImageObject\",\"inLanguage\":\"hu\",\"@id\":\"https:\/\/dev.kompaktdesign.hu\/hodszolar.hu\/#\/schema\/person\/image\/\",\"url\":\"https:\/\/secure.gravatar.com\/avatar\/38df000db6f2e93b7f0ccccf7714392424ca033738d34dfe71f19fdb70329830?s=96&d=mm&r=g\",\"contentUrl\":\"https:\/\/secure.gravatar.com\/avatar\/38df000db6f2e93b7f0ccccf7714392424ca033738d34dfe71f19fdb70329830?s=96&d=mm&r=g\",\"caption\":\"H\u00f3dszol\u00e1r Kft.\"},\"url\":\"https:\/\/dev.kompaktdesign.hu\/hodszolar.hu\/author\/hodszolar\/\"}]}<\/script>\n<!-- \/ Yoast SEO plugin. -->","yoast_head_json":{"title":"Lak\u00e1sfel\u00faj\u00edt\u00e1si t\u00e1mogat\u00e1s 2021: ezekre a buktat\u00f3kra nagyon figyelj! | H\u00f3dszol\u00e1r","robots":{"index":"noindex","follow":"follow","max-snippet":"max-snippet:-1","max-image-preview":"max-image-preview:large","max-video-preview":"max-video-preview:-1"},"og_locale":"hu_HU","og_type":"article","og_title":"Lak\u00e1sfel\u00faj\u00edt\u00e1si t\u00e1mogat\u00e1s 2021: ezekre a buktat\u00f3kra nagyon figyelj! | H\u00f3dszol\u00e1r","og_description":"Mivel az otthonfel\u00faj\u00edt\u00e1si t\u00e1mogat\u00e1s a fel\u00faj\u00edt\u00e1si munk\u00e1latok befejez\u00e9s\u00e9t k\u00f6vet\u0151en ig\u00e9nyelhet\u0151, ez\u00e9rt sokan csak a sz\u00e1ml\u00e1k \u00f6sszegy\u0171jt\u00e9s\u00e9t k\u00f6vet\u0151en, a t\u00e1mogat\u00e1s ig\u00e9nyl\u00e9sekor szembes\u00fclhetnek vele, hogy nem is jogosultak az ig\u00e9nybev\u00e9telre. Ez nagyon kellemetlen meglepet\u00e9seket, ak\u00e1r t\u00f6bb milli\u00f3 forint elveszt\u00e9s\u00e9t is jelentheti. Ezt elker\u00fclend\u0151 \u00f6sszegy\u0171jt\u00f6tt\u00fcnk j\u00f3 n\u00e9h\u00e1ny esetet. Nyugd\u00edjask\u00e9nt ig\u00e9nyelj\u00fck a t\u00e1mogat\u00e1st Az \u00e9letkort illet\u0151en nem el\u00e9gs\u00e9ges k\u00f6r\u00fclm\u00e9ny, [&hellip;]","og_url":"https:\/\/dev.kompaktdesign.hu\/hodszolar.hu\/2021\/03\/21\/lakasfelujitasi-tamogatas-2021-ezekre-a-buktatokra-nagyon-figyelj\/","og_site_name":"H\u00f3dszol\u00e1r","article_publisher":"https:\/\/www.facebook.com\/hodszolar","article_published_time":"2021-03-21T11:29:13+00:00","article_modified_time":"2021-05-12T07:29:37+00:00","og_image":[{"width":1200,"height":640,"url":"https:\/\/dev.kompaktdesign.hu\/hodszolar.hu\/wp-content\/uploads\/2021\/03\/szaldo-brutto.jpg","type":"image\/jpeg"}],"author":"H\u00f3dszol\u00e1r Kft.","twitter_card":"summary_large_image","twitter_misc":{"Szerz\u0151:":"H\u00f3dszol\u00e1r Kft.","Becs\u00fclt olvas\u00e1si id\u0151":"17 perc"},"schema":{"@context":"https:\/\/schema.org","@graph":[{"@type":"Article","@id":"https:\/\/dev.kompaktdesign.hu\/hodszolar.hu\/2021\/03\/21\/lakasfelujitasi-tamogatas-2021-ezekre-a-buktatokra-nagyon-figyelj\/#article","isPartOf":{"@id":"https:\/\/dev.kompaktdesign.hu\/hodszolar.hu\/2021\/03\/21\/lakasfelujitasi-tamogatas-2021-ezekre-a-buktatokra-nagyon-figyelj\/"},"author":{"name":"H\u00f3dszol\u00e1r Kft.","@id":"https:\/\/dev.kompaktdesign.hu\/hodszolar.hu\/#\/schema\/person\/a788af940a3d6b2829396312340dd08c"},"headline":"Lak\u00e1sfel\u00faj\u00edt\u00e1si t\u00e1mogat\u00e1s 2021: ezekre a buktat\u00f3kra nagyon figyelj!","datePublished":"2021-03-21T11:29:13+00:00","dateModified":"2021-05-12T07:29:37+00:00","mainEntityOfPage":{"@id":"https:\/\/dev.kompaktdesign.hu\/hodszolar.hu\/2021\/03\/21\/lakasfelujitasi-tamogatas-2021-ezekre-a-buktatokra-nagyon-figyelj\/"},"wordCount":3379,"commentCount":0,"publisher":{"@id":"https:\/\/dev.kompaktdesign.hu\/hodszolar.hu\/#organization"},"articleSection":["Egy\u00e9b kateg\u00f3ria"],"inLanguage":"hu","potentialAction":[{"@type":"CommentAction","name":"Comment","target":["https:\/\/dev.kompaktdesign.hu\/hodszolar.hu\/2021\/03\/21\/lakasfelujitasi-tamogatas-2021-ezekre-a-buktatokra-nagyon-figyelj\/#respond"]}]},{"@type":"WebPage","@id":"https:\/\/dev.kompaktdesign.hu\/hodszolar.hu\/2021\/03\/21\/lakasfelujitasi-tamogatas-2021-ezekre-a-buktatokra-nagyon-figyelj\/","url":"https:\/\/dev.kompaktdesign.hu\/hodszolar.hu\/2021\/03\/21\/lakasfelujitasi-tamogatas-2021-ezekre-a-buktatokra-nagyon-figyelj\/","name":"Lak\u00e1sfel\u00faj\u00edt\u00e1si t\u00e1mogat\u00e1s 2021: ezekre a buktat\u00f3kra nagyon figyelj! | H\u00f3dszol\u00e1r","isPartOf":{"@id":"https:\/\/dev.kompaktdesign.hu\/hodszolar.hu\/#website"},"datePublished":"2021-03-21T11:29:13+00:00","dateModified":"2021-05-12T07:29:37+00:00","breadcrumb":{"@id":"https:\/\/dev.kompaktdesign.hu\/hodszolar.hu\/2021\/03\/21\/lakasfelujitasi-tamogatas-2021-ezekre-a-buktatokra-nagyon-figyelj\/#breadcrumb"},"inLanguage":"hu","potentialAction":[{"@type":"ReadAction","target":["https:\/\/dev.kompaktdesign.hu\/hodszolar.hu\/2021\/03\/21\/lakasfelujitasi-tamogatas-2021-ezekre-a-buktatokra-nagyon-figyelj\/"]}]},{"@type":"BreadcrumbList","@id":"https:\/\/dev.kompaktdesign.hu\/hodszolar.hu\/2021\/03\/21\/lakasfelujitasi-tamogatas-2021-ezekre-a-buktatokra-nagyon-figyelj\/#breadcrumb","itemListElement":[{"@type":"ListItem","position":1,"name":"Kezd\u0151lap","item":"https:\/\/dev.kompaktdesign.hu\/hodszolar.hu\/"},{"@type":"ListItem","position":2,"name":"Lak\u00e1sfel\u00faj\u00edt\u00e1si t\u00e1mogat\u00e1s 2021: ezekre a buktat\u00f3kra nagyon figyelj!"}]},{"@type":"WebSite","@id":"https:\/\/dev.kompaktdesign.hu\/hodszolar.hu\/#website","url":"https:\/\/dev.kompaktdesign.hu\/hodszolar.hu\/","name":"H\u00f3dszol\u00e1r","description":"A v\u00e1s\u00e1rhelyi napelemes","publisher":{"@id":"https:\/\/dev.kompaktdesign.hu\/hodszolar.hu\/#organization"},"potentialAction":[{"@type":"SearchAction","target":{"@type":"EntryPoint","urlTemplate":"https:\/\/dev.kompaktdesign.hu\/hodszolar.hu\/?s={search_term_string}"},"query-input":"required name=search_term_string"}],"inLanguage":"hu"},{"@type":"Organization","@id":"https:\/\/dev.kompaktdesign.hu\/hodszolar.hu\/#organization","name":"H\u00f3dszol\u00e1r Kft.","url":"https:\/\/dev.kompaktdesign.hu\/hodszolar.hu\/","sameAs":["https:\/\/www.facebook.com\/hodszolar"],"logo":{"@type":"ImageObject","inLanguage":"hu","@id":"https:\/\/dev.kompaktdesign.hu\/hodszolar.hu\/#\/schema\/logo\/image\/","url":"https:\/\/dev.kompaktdesign.hu\/hodszolar.hu\/wp-content\/uploads\/2021\/05\/fvicon.png","contentUrl":"https:\/\/dev.kompaktdesign.hu\/hodszolar.hu\/wp-content\/uploads\/2021\/05\/fvicon.png","width":132,"height":132,"caption":"H\u00f3dszol\u00e1r Kft."},"image":{"@id":"https:\/\/dev.kompaktdesign.hu\/hodszolar.hu\/#\/schema\/logo\/image\/"}},{"@type":"Person","@id":"https:\/\/dev.kompaktdesign.hu\/hodszolar.hu\/#\/schema\/person\/a788af940a3d6b2829396312340dd08c","name":"H\u00f3dszol\u00e1r Kft.","image":{"@type":"ImageObject","inLanguage":"hu","@id":"https:\/\/dev.kompaktdesign.hu\/hodszolar.hu\/#\/schema\/person\/image\/","url":"https:\/\/secure.gravatar.com\/avatar\/38df000db6f2e93b7f0ccccf7714392424ca033738d34dfe71f19fdb70329830?s=96&d=mm&r=g","contentUrl":"https:\/\/secure.gravatar.com\/avatar\/38df000db6f2e93b7f0ccccf7714392424ca033738d34dfe71f19fdb70329830?s=96&d=mm&r=g","caption":"H\u00f3dszol\u00e1r Kft."},"url":"https:\/\/dev.kompaktdesign.hu\/hodszolar.hu\/author\/hodszolar\/"}]}},"_links":{"self":[{"href":"https:\/\/dev.kompaktdesign.hu\/hodszolar.hu\/wp-json\/wp\/v2\/posts\/112","targetHints":{"allow":["GET"]}}],"collection":[{"href":"https:\/\/dev.kompaktdesign.hu\/hodszolar.hu\/wp-json\/wp\/v2\/posts"}],"about":[{"href":"https:\/\/dev.kompaktdesign.hu\/hodszolar.hu\/wp-json\/wp\/v2\/types\/post"}],"author":[{"embeddable":true,"href":"https:\/\/dev.kompaktdesign.hu\/hodszolar.hu\/wp-json\/wp\/v2\/users\/3"}],"replies":[{"embeddable":true,"href":"https:\/\/dev.kompaktdesign.hu\/hodszolar.hu\/wp-json\/wp\/v2\/comments?post=112"}],"version-history":[{"count":2,"href":"https:\/\/dev.kompaktdesign.hu\/hodszolar.hu\/wp-json\/wp\/v2\/posts\/112\/revisions"}],"predecessor-version":[{"id":115,"href":"https:\/\/dev.kompaktdesign.hu\/hodszolar.hu\/wp-json\/wp\/v2\/posts\/112\/revisions\/115"}],"wp:featuredmedia":[{"embeddable":true,"href":"https:\/\/dev.kompaktdesign.hu\/hodszolar.hu\/wp-json\/wp\/v2\/media\/285"}],"wp:attachment":[{"href":"https:\/\/dev.kompaktdesign.hu\/hodszolar.hu\/wp-json\/wp\/v2\/media?parent=112"}],"wp:term":[{"taxonomy":"category","embeddable":true,"href":"https:\/\/dev.kompaktdesign.hu\/hodszolar.hu\/wp-json\/wp\/v2\/categories?post=112"},{"taxonomy":"post_tag","embeddable":true,"href":"https:\/\/dev.kompaktdesign.hu\/hodszolar.hu\/wp-json\/wp\/v2\/tags?post=112"}],"curies":[{"name":"wp","href":"https:\/\/api.w.org\/{rel}","templated":true}]}}