{"id":306,"date":"2021-05-14T13:05:05","date_gmt":"2021-05-14T13:05:05","guid":{"rendered":"https:\/\/hodszolar.hu\/?p=306"},"modified":"2021-05-14T13:05:05","modified_gmt":"2021-05-14T13:05:05","slug":"napelem-es-otthonfelujitasi-tamogatas-fontos-allasfoglalast-tett-az-allamkincstar","status":"publish","type":"post","link":"https:\/\/dev.kompaktdesign.hu\/hodszolar.hu\/2021\/05\/14\/napelem-es-otthonfelujitasi-tamogatas-fontos-allasfoglalast-tett-az-allamkincstar\/","title":{"rendered":"Napelem \u00e9s otthonfel\u00faj\u00edt\u00e1si t\u00e1mogat\u00e1s: fontos \u00e1ll\u00e1sfoglal\u00e1st tett az \u00c1llamkincst\u00e1r"},"content":{"rendered":"\n<p>Az ut\u00f3bbi id\u0151ben napvil\u00e1got l\u00e1tott m\u00f3dos\u00edt\u00e1sok k\u00f6vetkezt\u00e9ben a h\u00e1ztart\u00e1si napelemes rendszer telep\u00edt\u00e9s\u00e9hez t\u00e1mogat\u00e1st ig\u00e9nyl\u0151k k\u00f6r\u00e9ben sok volt a f\u00e9lre\u00e9rt\u00e9s az otthonfel\u00faj\u00edt\u00e1si t\u00e1mogat\u00e1s ig\u00e9nybev\u00e9tel\u00e9vel, illetve a szald\u00f3elsz\u00e1mol\u00e1sban marad\u00e1s felt\u00e9teleivel \u00e9s a vonatkoz\u00f3 hat\u00e1rid\u0151kkel kapcsolatban. A helyzetet jelent\u0151s m\u00e9rt\u00e9kben egy\u00e9rtelm\u0171s\u00edti a Magyar \u00c1llamkincst\u00e1r \u00e1ll\u00e1sfoglal\u00e1sa.<\/p>\n\n\n\n<p>A legfontosabbal kezdve: a Magyar \u00c1llamkincst\u00e1r (M\u00c1K) \u00e1ll\u00e1sfoglal\u00e1sa szerint azoknak, akik otthonfel\u00faj\u00edt\u00e1si t\u00e1mogat\u00e1ssal k\u00edv\u00e1nnak h\u00e1ztart\u00e1si napelemes rendszert telep\u00edttetni \u00e9s garant\u00e1ltan szald\u00f3elsz\u00e1mol\u00e1sban szeretn\u00e9nek maradni<\/p>\n\n\n\n<p>A kivitelez\u0151 c\u00e9ggel t\u00f6rt\u00e9nt szerz\u0151d\u00e9sk\u00f6t\u00e9s ut\u00e1n 2021. j\u00fanius 30-ig elegend\u0151 beny\u00fajtaniuk a M\u00c1K fel\u00e9 a napelemes rendszer megval\u00f3sul\u00e1s\u00e1r\u00f3l sz\u00f3l\u00f3 teljes\u00edt\u00e9s igazol\u00e1st, az 5. sz\u00e1m\u00fa nyilatkozatot a kivitelez\u00e9ssel kapcsolatos k\u00f6lts\u00e9gplafon betart\u00e1s\u00e1r\u00f3l (brutt\u00f3 450&nbsp;000 Ft\/kW), valamint a projekthez kapcsol\u00f3d\u00f3 sz\u00e1ml\u00e1kat. Az \u00e1ramszolg\u00e1ltat\u00f3val k\u00f6t\u00f6tt \u00e1ramv\u00e1s\u00e1rl\u00e1si szerz\u0151d\u00e9st, h\u00e1l\u00f3zati enged\u00e9lyes nyilatkozatot kiz\u00e1r\u00f3lag a 2021. j\u00fanius 30. ut\u00e1n beny\u00fajtott elsz\u00e1mol\u00e1sok eset\u00e9ben kell csatolni a t\u00e1mogat\u00e1s ig\u00e9nyl\u00e9s\u00e9hez. Ezen d\u00e1tum ut\u00e1n beny\u00fajtott napelemes rendszerek eset\u00e9ben viszont csak az maradhat szald\u00f3 elsz\u00e1mol\u00e1sban, akin\u00e9l a m\u00e9r\u0151\u00f3racsere 2021. 06. 30-ig megval\u00f3sult.<\/p>\n\n\n\n<p><strong>Szald\u00f3ban maradni<\/strong><\/p>\n\n\n\n<p>Azt m\u00e1r r\u00e9gebb \u00f3ta lehetett tudni, hogy a jelenlegi kedvez\u0151 szald\u00f3elsz\u00e1mol\u00e1s az otthonfel\u00faj\u00edt\u00e1si t\u00e1mogat\u00e1ssal napelemes rendszert megval\u00f3s\u00edt\u00f3k sz\u00e1m\u00e1ra csak 2021. j\u00fanius 30-ig el\u00e9rhet\u0151, ezut\u00e1n pedig m\u00e1r csak brutt\u00f3 elsz\u00e1mol\u00e1s vonatkozhat h\u00e1ztart\u00e1si naper\u0151m\u0171v\u00fck termel\u00e9s\u00e9re \u00e9s a h\u00e1ztart\u00e1s fogyaszt\u00e1s\u00e1ra. M\u00edg a jelenlegi szald\u00f3elsz\u00e1mol\u00e1s keret\u00e9ben az \u00e9vente a napelemekkel megtermelt \u00e9s a h\u00e1ztart\u00e1s \u00e1ltal elfogyasztott energia k\u00fcl\u00f6nbs\u00e9g\u00e9t kell rendezni a szolg\u00e1ltat\u00f3 fel\u00e9, az \u00faj sziszt\u00e9m\u00e1ban \u00e1tt\u00e9rn\u00e9nek a brutt\u00f3 elsz\u00e1mol\u00e1sra, melyben a napelemes termel\u0151 a h\u00e1l\u00f3zatb\u00f3l v\u00e1s\u00e1rolt \u00e9s az \u00e1ltala termelt, azonnal el nem fogyasztott energia egys\u00e9g\u00e1r\u00e1t k\u00fcl\u00f6n hat\u00e1rozz\u00e1k meg. Az \u00faj, brutt\u00f3 elsz\u00e1mol\u00e1s r\u00e9szletei tov\u00e1bbra sem ismertek, \u00e1m a h\u00edrek, illetve az \u00e1ltal\u00e1nos trendek alapj\u00e1n arra lehet sz\u00e1m\u00edtani, hogy ez kev\u00e9sb\u00e9 lesz nagyvonal\u00fa, mint a jelenlegi rendszer, ez\u00e9rt sokan el\u0151r\u00e9bb hozt\u00e1k ez ir\u00e1ny\u00fa terveik megval\u00f3s\u00edt\u00e1s\u00e1t, megrohamozva a napelemes szektor v\u00e1llalkoz\u00e1sait.<\/p>\n\n\n\n<p>Az, hogy ez a j\u00fanius 30-i hat\u00e1rid\u0151 pontosan mire is vonatkozik, kor\u00e1bban nem volt teljesen egy\u00e9rtelm\u0171, azonban az \u00e1prilis 16-i korm\u00e1nyrendelet a napelemes rendszerekkel kapcsolatos szab\u00e1lyoz\u00e1st t\u00f6bb ponton m\u00f3dos\u00edtotta, \u00edgy a beny\u00fajtand\u00f3 dokumentumokkal kapcsolatban is tartalmazott v\u00e1ltoz\u00e1st a kor\u00e1bbiakhoz k\u00e9pest. Eszerint a t\u00e1mogat\u00e1s ir\u00e1nti, M\u00c1K-hoz beny\u00fajtand\u00f3 k\u00e9relemhez mell\u00e9kelni kell az eloszt\u00f3 h\u00e1l\u00f3zati enged\u00e9lyes nyilatkozat\u00e1t is a napelemes rendszer \u00fczembe helyez\u00e9s\u00e9nek id\u0151pontj\u00e1ra vonatkoz\u00f3an, ami praktikusan az \u00f3racser\u00e9hez vagy az \u00f3ra \u00e1tprogramoz\u00e1s\u00e1hoz k\u00f6thet\u0151.<\/p>\n\n\n\n<p>A rendelet utols\u00f3 bekezd\u00e9se tartalmazza a M\u00c1K \u00e1ll\u00e1sfoglal\u00e1s\u00e1ban t\u00e1rgyalt fontos r\u00e9szletet - teh\u00e1t az eloszt\u00f3 h\u00e1l\u00f3zati enged\u00e9lyes nyilatkozat\u00e1ra vonatkoz\u00f3 el\u0151\u00edr\u00e1st. Ez n\u00e9mileg m\u00e1s megvil\u00e1g\u00edt\u00e1sba helyezi az \u00fcgyet, \u00e9s amint az \u00e1ll\u00e1sfoglal\u00e1s is r\u00f6gz\u00edti, az eloszt\u00f3 h\u00e1l\u00f3zati enged\u00e9lyes napelemes rendszer \u00fczembe helyez\u00e9se id\u0151pontj\u00e1ra vonatkoz\u00f3 nyilatkozat\u00e1t csak a 2021. j\u00fanius 30. ut\u00e1n a M\u00c1K-hoz beny\u00fajtott elsz\u00e1mol\u00e1sok eset\u00e9ben kell csatolnia azoknak, akik szald\u00f3elsz\u00e1mol\u00e1st szeretn\u00e9nek.<\/p>\n\n\n\n<p>A Magyar \u00c1llamkincst\u00e1r \u00e1ll\u00e1sfoglal\u00e1sa igencsak megnyugtat\u00f3an hathat sok csal\u00e1d sz\u00e1m\u00e1ra. Az otthonfel\u00faj\u00edt\u00e1si t\u00e1mogat\u00e1s janu\u00e1ri megny\u00edl\u00e1sa ut\u00e1n \u00f3ri\u00e1si \u00e9rdekl\u0151d\u00e9st gener\u00e1lt, a napelemes rendszert tervez\u0151 csal\u00e1dok val\u00f3s\u00e1ggal megrohamozt\u00e1k a napelemes c\u00e9geket, a p\u00e1ly\u00e1zattal kapcsolatos hatalmas \u00e9rdekl\u0151d\u00e9s pedig t\u00f6bb c\u00e9gn\u00e9l m\u00e1r febru\u00e1rban kapacit\u00e1shi\u00e1nyt eredm\u00e9nyezett. Igazi p\u00e1nikhangulat volt az \u00fcgyfelek k\u00f6z\u00f6tt is, nagyon sok volt a f\u00e9lre\u00e9rt\u00e9s a r\u00e9gi \u00e9s az \u00faj elsz\u00e1mol\u00e1si rendszerre t\u00f6rt\u00e9n\u0151 \u00e1tt\u00e9r\u00e9s k\u00f6r\u00fcl.<\/p>\n\n\n\n<figure class=\"wp-block-image size-large is-resized\"><img loading=\"lazy\" decoding=\"async\" src=\"https:\/\/dev.kompaktdesign.hu\/hodszolar.hu\/wp-content\/uploads\/2021\/05\/kep.png\" alt=\"\" class=\"wp-image-307\" width=\"471\" height=\"81\"\/><\/figure>\n\n\n\n<figure class=\"wp-block-image size-large is-resized\"><img loading=\"lazy\" decoding=\"async\" src=\"https:\/\/dev.kompaktdesign.hu\/hodszolar.hu\/wp-content\/uploads\/2021\/05\/kep-1.png\" alt=\"\" class=\"wp-image-308\" width=\"471\" height=\"267\"\/><\/figure>\n\n\n\n<figure class=\"wp-block-image size-large is-resized\"><img loading=\"lazy\" decoding=\"async\" src=\"https:\/\/dev.kompaktdesign.hu\/hodszolar.hu\/wp-content\/uploads\/2021\/05\/kep-2.png\" alt=\"\" class=\"wp-image-309\" width=\"238\" height=\"278\"\/><\/figure>\n","protected":false},"excerpt":{"rendered":"<p>Az ut\u00f3bbi id\u0151ben napvil\u00e1got l\u00e1tott m\u00f3dos\u00edt\u00e1sok k\u00f6vetkezt\u00e9ben a h\u00e1ztart\u00e1si napelemes rendszer telep\u00edt\u00e9s\u00e9hez t\u00e1mogat\u00e1st ig\u00e9nyl\u0151k k\u00f6r\u00e9ben sok volt a f\u00e9lre\u00e9rt\u00e9s az otthonfel\u00faj\u00edt\u00e1si t\u00e1mogat\u00e1s ig\u00e9nybev\u00e9tel\u00e9vel, illetve a szald\u00f3elsz\u00e1mol\u00e1sban marad\u00e1s felt\u00e9teleivel \u00e9s a vonatkoz\u00f3 hat\u00e1rid\u0151kkel kapcsolatban. A helyzetet jelent\u0151s m\u00e9rt\u00e9kben egy\u00e9rtelm\u0171s\u00edti a Magyar \u00c1llamkincst\u00e1r \u00e1ll\u00e1sfoglal\u00e1sa. A legfontosabbal kezdve: a Magyar \u00c1llamkincst\u00e1r (M\u00c1K) \u00e1ll\u00e1sfoglal\u00e1sa szerint azoknak, akik otthonfel\u00faj\u00edt\u00e1si t\u00e1mogat\u00e1ssal [&hellip;]<\/p>\n","protected":false},"author":3,"featured_media":310,"comment_status":"open","ping_status":"open","sticky":false,"template":"","format":"standard","meta":{"footnotes":""},"categories":[1],"tags":[],"class_list":["post-306","post","type-post","status-publish","format-standard","has-post-thumbnail","hentry","category-egyeb"],"yoast_head":"<!-- This site is optimized with the Yoast SEO plugin v19.5.1 - https:\/\/yoast.com\/wordpress\/plugins\/seo\/ -->\n<title>Napelem \u00e9s otthonfel\u00faj\u00edt\u00e1si t\u00e1mogat\u00e1s: fontos \u00e1ll\u00e1sfoglal\u00e1st tett az \u00c1llamkincst\u00e1r | H\u00f3dszol\u00e1r<\/title>\n<meta name=\"robots\" content=\"noindex, follow, max-snippet:-1, max-image-preview:large, max-video-preview:-1\" \/>\n<meta property=\"og:locale\" content=\"hu_HU\" \/>\n<meta property=\"og:type\" content=\"article\" \/>\n<meta property=\"og:title\" content=\"Napelem \u00e9s otthonfel\u00faj\u00edt\u00e1si t\u00e1mogat\u00e1s: fontos \u00e1ll\u00e1sfoglal\u00e1st tett az \u00c1llamkincst\u00e1r | H\u00f3dszol\u00e1r\" \/>\n<meta property=\"og:description\" content=\"Az ut\u00f3bbi id\u0151ben napvil\u00e1got l\u00e1tott m\u00f3dos\u00edt\u00e1sok k\u00f6vetkezt\u00e9ben a h\u00e1ztart\u00e1si napelemes rendszer telep\u00edt\u00e9s\u00e9hez t\u00e1mogat\u00e1st ig\u00e9nyl\u0151k k\u00f6r\u00e9ben sok volt a f\u00e9lre\u00e9rt\u00e9s az otthonfel\u00faj\u00edt\u00e1si t\u00e1mogat\u00e1s ig\u00e9nybev\u00e9tel\u00e9vel, illetve a szald\u00f3elsz\u00e1mol\u00e1sban marad\u00e1s felt\u00e9teleivel \u00e9s a vonatkoz\u00f3 hat\u00e1rid\u0151kkel kapcsolatban. A helyzetet jelent\u0151s m\u00e9rt\u00e9kben egy\u00e9rtelm\u0171s\u00edti a Magyar \u00c1llamkincst\u00e1r \u00e1ll\u00e1sfoglal\u00e1sa. A legfontosabbal kezdve: a Magyar \u00c1llamkincst\u00e1r (M\u00c1K) \u00e1ll\u00e1sfoglal\u00e1sa szerint azoknak, akik otthonfel\u00faj\u00edt\u00e1si t\u00e1mogat\u00e1ssal [&hellip;]\" \/>\n<meta property=\"og:url\" content=\"https:\/\/dev.kompaktdesign.hu\/hodszolar.hu\/2021\/05\/14\/napelem-es-otthonfelujitasi-tamogatas-fontos-allasfoglalast-tett-az-allamkincstar\/\" \/>\n<meta property=\"og:site_name\" content=\"H\u00f3dszol\u00e1r\" \/>\n<meta property=\"article:publisher\" content=\"https:\/\/www.facebook.com\/hodszolar\" \/>\n<meta property=\"article:published_time\" content=\"2021-05-14T13:05:05+00:00\" \/>\n<meta property=\"og:image\" content=\"https:\/\/dev.kompaktdesign.hu\/hodszolar.hu\/wp-content\/uploads\/2021\/05\/Blog-5-foto.jpg\" \/>\n\t<meta property=\"og:image:width\" content=\"424\" \/>\n\t<meta property=\"og:image:height\" content=\"283\" \/>\n\t<meta property=\"og:image:type\" content=\"image\/jpeg\" \/>\n<meta name=\"author\" content=\"H\u00f3dszol\u00e1r Kft.\" \/>\n<meta name=\"twitter:card\" content=\"summary_large_image\" \/>\n<meta name=\"twitter:label1\" content=\"Szerz\u0151:\" \/>\n\t<meta name=\"twitter:data1\" content=\"H\u00f3dszol\u00e1r Kft.\" \/>\n\t<meta name=\"twitter:label2\" content=\"Becs\u00fclt olvas\u00e1si id\u0151\" \/>\n\t<meta name=\"twitter:data2\" content=\"3 perc\" \/>\n<script type=\"application\/ld+json\" class=\"yoast-schema-graph\">{\"@context\":\"https:\/\/schema.org\",\"@graph\":[{\"@type\":\"Article\",\"@id\":\"https:\/\/dev.kompaktdesign.hu\/hodszolar.hu\/2021\/05\/14\/napelem-es-otthonfelujitasi-tamogatas-fontos-allasfoglalast-tett-az-allamkincstar\/#article\",\"isPartOf\":{\"@id\":\"https:\/\/dev.kompaktdesign.hu\/hodszolar.hu\/2021\/05\/14\/napelem-es-otthonfelujitasi-tamogatas-fontos-allasfoglalast-tett-az-allamkincstar\/\"},\"author\":{\"name\":\"H\u00f3dszol\u00e1r Kft.\",\"@id\":\"https:\/\/dev.kompaktdesign.hu\/hodszolar.hu\/#\/schema\/person\/a788af940a3d6b2829396312340dd08c\"},\"headline\":\"Napelem \u00e9s otthonfel\u00faj\u00edt\u00e1si t\u00e1mogat\u00e1s: fontos \u00e1ll\u00e1sfoglal\u00e1st tett az \u00c1llamkincst\u00e1r\",\"datePublished\":\"2021-05-14T13:05:05+00:00\",\"dateModified\":\"2021-05-14T13:05:05+00:00\",\"mainEntityOfPage\":{\"@id\":\"https:\/\/dev.kompaktdesign.hu\/hodszolar.hu\/2021\/05\/14\/napelem-es-otthonfelujitasi-tamogatas-fontos-allasfoglalast-tett-az-allamkincstar\/\"},\"wordCount\":820,\"commentCount\":0,\"publisher\":{\"@id\":\"https:\/\/dev.kompaktdesign.hu\/hodszolar.hu\/#organization\"},\"articleSection\":[\"Egy\u00e9b kateg\u00f3ria\"],\"inLanguage\":\"hu\",\"potentialAction\":[{\"@type\":\"CommentAction\",\"name\":\"Comment\",\"target\":[\"https:\/\/dev.kompaktdesign.hu\/hodszolar.hu\/2021\/05\/14\/napelem-es-otthonfelujitasi-tamogatas-fontos-allasfoglalast-tett-az-allamkincstar\/#respond\"]}]},{\"@type\":\"WebPage\",\"@id\":\"https:\/\/dev.kompaktdesign.hu\/hodszolar.hu\/2021\/05\/14\/napelem-es-otthonfelujitasi-tamogatas-fontos-allasfoglalast-tett-az-allamkincstar\/\",\"url\":\"https:\/\/dev.kompaktdesign.hu\/hodszolar.hu\/2021\/05\/14\/napelem-es-otthonfelujitasi-tamogatas-fontos-allasfoglalast-tett-az-allamkincstar\/\",\"name\":\"Napelem \u00e9s otthonfel\u00faj\u00edt\u00e1si t\u00e1mogat\u00e1s: fontos \u00e1ll\u00e1sfoglal\u00e1st tett az \u00c1llamkincst\u00e1r | H\u00f3dszol\u00e1r\",\"isPartOf\":{\"@id\":\"https:\/\/dev.kompaktdesign.hu\/hodszolar.hu\/#website\"},\"datePublished\":\"2021-05-14T13:05:05+00:00\",\"dateModified\":\"2021-05-14T13:05:05+00:00\",\"breadcrumb\":{\"@id\":\"https:\/\/dev.kompaktdesign.hu\/hodszolar.hu\/2021\/05\/14\/napelem-es-otthonfelujitasi-tamogatas-fontos-allasfoglalast-tett-az-allamkincstar\/#breadcrumb\"},\"inLanguage\":\"hu\",\"potentialAction\":[{\"@type\":\"ReadAction\",\"target\":[\"https:\/\/dev.kompaktdesign.hu\/hodszolar.hu\/2021\/05\/14\/napelem-es-otthonfelujitasi-tamogatas-fontos-allasfoglalast-tett-az-allamkincstar\/\"]}]},{\"@type\":\"BreadcrumbList\",\"@id\":\"https:\/\/dev.kompaktdesign.hu\/hodszolar.hu\/2021\/05\/14\/napelem-es-otthonfelujitasi-tamogatas-fontos-allasfoglalast-tett-az-allamkincstar\/#breadcrumb\",\"itemListElement\":[{\"@type\":\"ListItem\",\"position\":1,\"name\":\"Kezd\u0151lap\",\"item\":\"https:\/\/dev.kompaktdesign.hu\/hodszolar.hu\/\"},{\"@type\":\"ListItem\",\"position\":2,\"name\":\"Napelem \u00e9s otthonfel\u00faj\u00edt\u00e1si t\u00e1mogat\u00e1s: fontos \u00e1ll\u00e1sfoglal\u00e1st tett az \u00c1llamkincst\u00e1r\"}]},{\"@type\":\"WebSite\",\"@id\":\"https:\/\/dev.kompaktdesign.hu\/hodszolar.hu\/#website\",\"url\":\"https:\/\/dev.kompaktdesign.hu\/hodszolar.hu\/\",\"name\":\"H\u00f3dszol\u00e1r\",\"description\":\"A v\u00e1s\u00e1rhelyi napelemes\",\"publisher\":{\"@id\":\"https:\/\/dev.kompaktdesign.hu\/hodszolar.hu\/#organization\"},\"potentialAction\":[{\"@type\":\"SearchAction\",\"target\":{\"@type\":\"EntryPoint\",\"urlTemplate\":\"https:\/\/dev.kompaktdesign.hu\/hodszolar.hu\/?s={search_term_string}\"},\"query-input\":\"required name=search_term_string\"}],\"inLanguage\":\"hu\"},{\"@type\":\"Organization\",\"@id\":\"https:\/\/dev.kompaktdesign.hu\/hodszolar.hu\/#organization\",\"name\":\"H\u00f3dszol\u00e1r Kft.\",\"url\":\"https:\/\/dev.kompaktdesign.hu\/hodszolar.hu\/\",\"sameAs\":[\"https:\/\/www.facebook.com\/hodszolar\"],\"logo\":{\"@type\":\"ImageObject\",\"inLanguage\":\"hu\",\"@id\":\"https:\/\/dev.kompaktdesign.hu\/hodszolar.hu\/#\/schema\/logo\/image\/\",\"url\":\"https:\/\/dev.kompaktdesign.hu\/hodszolar.hu\/wp-content\/uploads\/2021\/05\/fvicon.png\",\"contentUrl\":\"https:\/\/dev.kompaktdesign.hu\/hodszolar.hu\/wp-content\/uploads\/2021\/05\/fvicon.png\",\"width\":132,\"height\":132,\"caption\":\"H\u00f3dszol\u00e1r Kft.\"},\"image\":{\"@id\":\"https:\/\/dev.kompaktdesign.hu\/hodszolar.hu\/#\/schema\/logo\/image\/\"}},{\"@type\":\"Person\",\"@id\":\"https:\/\/dev.kompaktdesign.hu\/hodszolar.hu\/#\/schema\/person\/a788af940a3d6b2829396312340dd08c\",\"name\":\"H\u00f3dszol\u00e1r Kft.\",\"image\":{\"@type\":\"ImageObject\",\"inLanguage\":\"hu\",\"@id\":\"https:\/\/dev.kompaktdesign.hu\/hodszolar.hu\/#\/schema\/person\/image\/\",\"url\":\"https:\/\/secure.gravatar.com\/avatar\/38df000db6f2e93b7f0ccccf7714392424ca033738d34dfe71f19fdb70329830?s=96&d=mm&r=g\",\"contentUrl\":\"https:\/\/secure.gravatar.com\/avatar\/38df000db6f2e93b7f0ccccf7714392424ca033738d34dfe71f19fdb70329830?s=96&d=mm&r=g\",\"caption\":\"H\u00f3dszol\u00e1r Kft.\"},\"url\":\"https:\/\/dev.kompaktdesign.hu\/hodszolar.hu\/author\/hodszolar\/\"}]}<\/script>\n<!-- \/ Yoast SEO plugin. -->","yoast_head_json":{"title":"Napelem \u00e9s otthonfel\u00faj\u00edt\u00e1si t\u00e1mogat\u00e1s: fontos \u00e1ll\u00e1sfoglal\u00e1st tett az \u00c1llamkincst\u00e1r | H\u00f3dszol\u00e1r","robots":{"index":"noindex","follow":"follow","max-snippet":"max-snippet:-1","max-image-preview":"max-image-preview:large","max-video-preview":"max-video-preview:-1"},"og_locale":"hu_HU","og_type":"article","og_title":"Napelem \u00e9s otthonfel\u00faj\u00edt\u00e1si t\u00e1mogat\u00e1s: fontos \u00e1ll\u00e1sfoglal\u00e1st tett az \u00c1llamkincst\u00e1r | H\u00f3dszol\u00e1r","og_description":"Az ut\u00f3bbi id\u0151ben napvil\u00e1got l\u00e1tott m\u00f3dos\u00edt\u00e1sok k\u00f6vetkezt\u00e9ben a h\u00e1ztart\u00e1si napelemes rendszer telep\u00edt\u00e9s\u00e9hez t\u00e1mogat\u00e1st ig\u00e9nyl\u0151k k\u00f6r\u00e9ben sok volt a f\u00e9lre\u00e9rt\u00e9s az otthonfel\u00faj\u00edt\u00e1si t\u00e1mogat\u00e1s ig\u00e9nybev\u00e9tel\u00e9vel, illetve a szald\u00f3elsz\u00e1mol\u00e1sban marad\u00e1s felt\u00e9teleivel \u00e9s a vonatkoz\u00f3 hat\u00e1rid\u0151kkel kapcsolatban. A helyzetet jelent\u0151s m\u00e9rt\u00e9kben egy\u00e9rtelm\u0171s\u00edti a Magyar \u00c1llamkincst\u00e1r \u00e1ll\u00e1sfoglal\u00e1sa. A legfontosabbal kezdve: a Magyar \u00c1llamkincst\u00e1r (M\u00c1K) \u00e1ll\u00e1sfoglal\u00e1sa szerint azoknak, akik otthonfel\u00faj\u00edt\u00e1si t\u00e1mogat\u00e1ssal [&hellip;]","og_url":"https:\/\/dev.kompaktdesign.hu\/hodszolar.hu\/2021\/05\/14\/napelem-es-otthonfelujitasi-tamogatas-fontos-allasfoglalast-tett-az-allamkincstar\/","og_site_name":"H\u00f3dszol\u00e1r","article_publisher":"https:\/\/www.facebook.com\/hodszolar","article_published_time":"2021-05-14T13:05:05+00:00","og_image":[{"width":424,"height":283,"url":"https:\/\/dev.kompaktdesign.hu\/hodszolar.hu\/wp-content\/uploads\/2021\/05\/Blog-5-foto.jpg","type":"image\/jpeg"}],"author":"H\u00f3dszol\u00e1r Kft.","twitter_card":"summary_large_image","twitter_misc":{"Szerz\u0151:":"H\u00f3dszol\u00e1r Kft.","Becs\u00fclt olvas\u00e1si id\u0151":"3 perc"},"schema":{"@context":"https:\/\/schema.org","@graph":[{"@type":"Article","@id":"https:\/\/dev.kompaktdesign.hu\/hodszolar.hu\/2021\/05\/14\/napelem-es-otthonfelujitasi-tamogatas-fontos-allasfoglalast-tett-az-allamkincstar\/#article","isPartOf":{"@id":"https:\/\/dev.kompaktdesign.hu\/hodszolar.hu\/2021\/05\/14\/napelem-es-otthonfelujitasi-tamogatas-fontos-allasfoglalast-tett-az-allamkincstar\/"},"author":{"name":"H\u00f3dszol\u00e1r Kft.","@id":"https:\/\/dev.kompaktdesign.hu\/hodszolar.hu\/#\/schema\/person\/a788af940a3d6b2829396312340dd08c"},"headline":"Napelem \u00e9s otthonfel\u00faj\u00edt\u00e1si t\u00e1mogat\u00e1s: fontos \u00e1ll\u00e1sfoglal\u00e1st tett az \u00c1llamkincst\u00e1r","datePublished":"2021-05-14T13:05:05+00:00","dateModified":"2021-05-14T13:05:05+00:00","mainEntityOfPage":{"@id":"https:\/\/dev.kompaktdesign.hu\/hodszolar.hu\/2021\/05\/14\/napelem-es-otthonfelujitasi-tamogatas-fontos-allasfoglalast-tett-az-allamkincstar\/"},"wordCount":820,"commentCount":0,"publisher":{"@id":"https:\/\/dev.kompaktdesign.hu\/hodszolar.hu\/#organization"},"articleSection":["Egy\u00e9b kateg\u00f3ria"],"inLanguage":"hu","potentialAction":[{"@type":"CommentAction","name":"Comment","target":["https:\/\/dev.kompaktdesign.hu\/hodszolar.hu\/2021\/05\/14\/napelem-es-otthonfelujitasi-tamogatas-fontos-allasfoglalast-tett-az-allamkincstar\/#respond"]}]},{"@type":"WebPage","@id":"https:\/\/dev.kompaktdesign.hu\/hodszolar.hu\/2021\/05\/14\/napelem-es-otthonfelujitasi-tamogatas-fontos-allasfoglalast-tett-az-allamkincstar\/","url":"https:\/\/dev.kompaktdesign.hu\/hodszolar.hu\/2021\/05\/14\/napelem-es-otthonfelujitasi-tamogatas-fontos-allasfoglalast-tett-az-allamkincstar\/","name":"Napelem \u00e9s otthonfel\u00faj\u00edt\u00e1si t\u00e1mogat\u00e1s: fontos \u00e1ll\u00e1sfoglal\u00e1st tett az \u00c1llamkincst\u00e1r | H\u00f3dszol\u00e1r","isPartOf":{"@id":"https:\/\/dev.kompaktdesign.hu\/hodszolar.hu\/#website"},"datePublished":"2021-05-14T13:05:05+00:00","dateModified":"2021-05-14T13:05:05+00:00","breadcrumb":{"@id":"https:\/\/dev.kompaktdesign.hu\/hodszolar.hu\/2021\/05\/14\/napelem-es-otthonfelujitasi-tamogatas-fontos-allasfoglalast-tett-az-allamkincstar\/#breadcrumb"},"inLanguage":"hu","potentialAction":[{"@type":"ReadAction","target":["https:\/\/dev.kompaktdesign.hu\/hodszolar.hu\/2021\/05\/14\/napelem-es-otthonfelujitasi-tamogatas-fontos-allasfoglalast-tett-az-allamkincstar\/"]}]},{"@type":"BreadcrumbList","@id":"https:\/\/dev.kompaktdesign.hu\/hodszolar.hu\/2021\/05\/14\/napelem-es-otthonfelujitasi-tamogatas-fontos-allasfoglalast-tett-az-allamkincstar\/#breadcrumb","itemListElement":[{"@type":"ListItem","position":1,"name":"Kezd\u0151lap","item":"https:\/\/dev.kompaktdesign.hu\/hodszolar.hu\/"},{"@type":"ListItem","position":2,"name":"Napelem \u00e9s otthonfel\u00faj\u00edt\u00e1si t\u00e1mogat\u00e1s: fontos \u00e1ll\u00e1sfoglal\u00e1st tett az \u00c1llamkincst\u00e1r"}]},{"@type":"WebSite","@id":"https:\/\/dev.kompaktdesign.hu\/hodszolar.hu\/#website","url":"https:\/\/dev.kompaktdesign.hu\/hodszolar.hu\/","name":"H\u00f3dszol\u00e1r","description":"A v\u00e1s\u00e1rhelyi napelemes","publisher":{"@id":"https:\/\/dev.kompaktdesign.hu\/hodszolar.hu\/#organization"},"potentialAction":[{"@type":"SearchAction","target":{"@type":"EntryPoint","urlTemplate":"https:\/\/dev.kompaktdesign.hu\/hodszolar.hu\/?s={search_term_string}"},"query-input":"required name=search_term_string"}],"inLanguage":"hu"},{"@type":"Organization","@id":"https:\/\/dev.kompaktdesign.hu\/hodszolar.hu\/#organization","name":"H\u00f3dszol\u00e1r Kft.","url":"https:\/\/dev.kompaktdesign.hu\/hodszolar.hu\/","sameAs":["https:\/\/www.facebook.com\/hodszolar"],"logo":{"@type":"ImageObject","inLanguage":"hu","@id":"https:\/\/dev.kompaktdesign.hu\/hodszolar.hu\/#\/schema\/logo\/image\/","url":"https:\/\/dev.kompaktdesign.hu\/hodszolar.hu\/wp-content\/uploads\/2021\/05\/fvicon.png","contentUrl":"https:\/\/dev.kompaktdesign.hu\/hodszolar.hu\/wp-content\/uploads\/2021\/05\/fvicon.png","width":132,"height":132,"caption":"H\u00f3dszol\u00e1r Kft."},"image":{"@id":"https:\/\/dev.kompaktdesign.hu\/hodszolar.hu\/#\/schema\/logo\/image\/"}},{"@type":"Person","@id":"https:\/\/dev.kompaktdesign.hu\/hodszolar.hu\/#\/schema\/person\/a788af940a3d6b2829396312340dd08c","name":"H\u00f3dszol\u00e1r Kft.","image":{"@type":"ImageObject","inLanguage":"hu","@id":"https:\/\/dev.kompaktdesign.hu\/hodszolar.hu\/#\/schema\/person\/image\/","url":"https:\/\/secure.gravatar.com\/avatar\/38df000db6f2e93b7f0ccccf7714392424ca033738d34dfe71f19fdb70329830?s=96&d=mm&r=g","contentUrl":"https:\/\/secure.gravatar.com\/avatar\/38df000db6f2e93b7f0ccccf7714392424ca033738d34dfe71f19fdb70329830?s=96&d=mm&r=g","caption":"H\u00f3dszol\u00e1r Kft."},"url":"https:\/\/dev.kompaktdesign.hu\/hodszolar.hu\/author\/hodszolar\/"}]}},"_links":{"self":[{"href":"https:\/\/dev.kompaktdesign.hu\/hodszolar.hu\/wp-json\/wp\/v2\/posts\/306","targetHints":{"allow":["GET"]}}],"collection":[{"href":"https:\/\/dev.kompaktdesign.hu\/hodszolar.hu\/wp-json\/wp\/v2\/posts"}],"about":[{"href":"https:\/\/dev.kompaktdesign.hu\/hodszolar.hu\/wp-json\/wp\/v2\/types\/post"}],"author":[{"embeddable":true,"href":"https:\/\/dev.kompaktdesign.hu\/hodszolar.hu\/wp-json\/wp\/v2\/users\/3"}],"replies":[{"embeddable":true,"href":"https:\/\/dev.kompaktdesign.hu\/hodszolar.hu\/wp-json\/wp\/v2\/comments?post=306"}],"version-history":[{"count":1,"href":"https:\/\/dev.kompaktdesign.hu\/hodszolar.hu\/wp-json\/wp\/v2\/posts\/306\/revisions"}],"predecessor-version":[{"id":311,"href":"https:\/\/dev.kompaktdesign.hu\/hodszolar.hu\/wp-json\/wp\/v2\/posts\/306\/revisions\/311"}],"wp:featuredmedia":[{"embeddable":true,"href":"https:\/\/dev.kompaktdesign.hu\/hodszolar.hu\/wp-json\/wp\/v2\/media\/310"}],"wp:attachment":[{"href":"https:\/\/dev.kompaktdesign.hu\/hodszolar.hu\/wp-json\/wp\/v2\/media?parent=306"}],"wp:term":[{"taxonomy":"category","embeddable":true,"href":"https:\/\/dev.kompaktdesign.hu\/hodszolar.hu\/wp-json\/wp\/v2\/categories?post=306"},{"taxonomy":"post_tag","embeddable":true,"href":"https:\/\/dev.kompaktdesign.hu\/hodszolar.hu\/wp-json\/wp\/v2\/tags?post=306"}],"curies":[{"name":"wp","href":"https:\/\/api.w.org\/{rel}","templated":true}]}}