{"id":357,"date":"2021-05-20T08:41:55","date_gmt":"2021-05-20T08:41:55","guid":{"rendered":"https:\/\/hodszolar.hu\/?p=357"},"modified":"2021-05-20T08:41:55","modified_gmt":"2021-05-20T08:41:55","slug":"mit-kell-tudni-az-otthonfelujitasi-tamogatas-kerelemhez-csatolando-dokumentumokrol","status":"publish","type":"post","link":"https:\/\/dev.kompaktdesign.hu\/hodszolar.hu\/2021\/05\/20\/mit-kell-tudni-az-otthonfelujitasi-tamogatas-kerelemhez-csatolando-dokumentumokrol\/","title":{"rendered":"Mit kell tudni az Otthonfel\u00faj\u00edt\u00e1si t\u00e1mogat\u00e1s k\u00e9relemhez csatoland\u00f3 dokumentumokr\u00f3l?"},"content":{"rendered":"\n<p>A Magyar \u00c1llamkincst\u00e1r honlapj\u00e1n (F\u0151oldal &gt; Lakoss\u00e1gi \u00fcgyfelek &gt; Otthonfel\u00faj\u00edt\u00e1si t\u00e1mogat\u00e1s &gt; K\u00e9relem beny\u00fajt\u00e1s\u00e1nak nyomtatv\u00e1nyai) megtal\u00e1lhat\u00f3 dokumentumokat \u00e9rdemes leellen\u0151rizni miel\u0151tt felt\u00f6lten\u00e9 vagy beadn\u00e1 azokat! Minden nyomtatv\u00e1nynak van egy verzi\u00f3sz\u00e1ma \u00e9s egy d\u00e1tuma, amire \u00e9rdemes figyelni, mert rendszeresen friss\u00edtik \u0151ket.<\/p>\n\n\n\n<p>Amennyiben a napelemes rendszeren k\u00edv\u00fcl m\u00e1s projektet is szeretne elsz\u00e1molni, minden kivitelez\u0151n\u00e9l k\u00fcl\u00f6n-k\u00fcl\u00f6n meg kell val\u00f3sulnia a felt\u00e9teleknek, kiv\u00e9ve az anyag \u00e9s munkad\u00edj k\u00f6lts\u00e9g\u00e9nek eloszl\u00e1s\u00e1t, mert ezt \u00f6sszes\u00edtve n\u00e9zik.<\/p>\n\n\n\n<p>A k\u00f6vetkez\u0151 dokumentumokat sz\u00fcks\u00e9ges beny\u00fajtani a t\u00e1mogat\u00e1shoz:<\/p>\n\n\n\n<p><strong>1. Sz\u00e1mla\u00f6sszes\u00edt\u0151<\/strong> (akkor is ki kell t\u00f6ltenie \u00e9s csatolnia sz\u00fcks\u00e9ges k\u00e9relm\u00e9hez, ha mind\u00f6ssze egyetlen sz\u00e1ml\u00e1ja van) - sz\u00fcks\u00e9g eset\u00e9n ezt elk\u00e9sz\u00edtj\u00fck az \u00e1ltalunk ki\u00e1ll\u00edtott sz\u00e1ml\u00e1ra.<\/p>\n\n\n\n<figure class=\"wp-block-image size-large\"><img loading=\"lazy\" decoding=\"async\" width=\"1173\" height=\"769\" src=\"https:\/\/dev.kompaktdesign.hu\/hodszolar.hu\/wp-content\/uploads\/2021\/05\/SZLA.png\" alt=\"\" class=\"wp-image-358\"\/><\/figure>\n\n\n\n<p>Az \u00e9p\u00edt\u00e9si tev\u00e9kenys\u00e9g, a munkad\u00edj vagy anyagk\u00f6lts\u00e9g jel\u00f6l\u00e9se \u00e9s az \u00e1fa m\u00e9rt\u00e9k v\u00e1laszthat\u00f3 elem a leg\u00f6rd\u00fcl\u0151 list\u00e1b\u00f3l.<\/p>\n\n\n\n<p><strong>2. V\u00e1llalkoz\u00e1si szerz\u0151d\u00e9s vagy szerz\u0151d\u00e9sek m\u00e1solata<\/strong><\/p>\n\n\n\n<p>A szerz\u0151d\u00e9s formailag nem k\u00f6t\u00f6tt, nem k\u00f6telez\u0151 a Kincst\u00e1r \u00e1ltal k\u00f6zz\u00e9tett form\u00e1tumot haszn\u00e1lni, azonban az adatszolg\u00e1ltat\u00e1si k\u00f6telezetts\u00e9gr\u0151l sz\u00f3l\u00f3 bekezd\u00e9st, amit k\u00e9rnek, bele\u00edrtuk a mi szerz\u0151d\u00e9s\u00fcnkbe is. A minta 1. sz\u00e1m\u00fa mell\u00e9kelte nem egyezik meg a mi szerz\u0151d\u00e9s\u00fcnk mell\u00e9klet\u00e9vel. A mi eset\u00fcnkben ez a t\u00e9teles \u00e1raj\u00e1nlat, azonban a Kincst\u00e1r szerz\u0151d\u00e9s mint\u00e1j\u00e1nak mell\u00e9klet\u00e9t mi k\u00fcl\u00f6n kit\u00f6ltj\u00fck, \u00edgy ez a nyilatkozat sem fog hi\u00e1nyozni.<\/p>\n\n\n\n<p><strong>3. Sz\u00e1mla vagy sz\u00e1ml\u00e1k m\u00e1solata<\/strong><\/p>\n\n\n\n<p>A sz\u00e1ml\u00e1n t\u00e9telesen jelennek majd meg a rendszerelemek. A t\u00e1mogat\u00e1s megk\u00f6veteli, hogy a napelemes rendszer anyag \u00e9s munkad\u00edja legal\u00e1bb 75-25% ar\u00e1nyban j\u00f6jj\u00f6n ki. Mi azt javasoljuk, hogy az el\u0151leg sz\u00e1ml\u00e1k is legyenek csatolva, illetve utal\u00e1s eset\u00e9n az ezekhez tartoz\u00f3 (b\u00e9lyegz\u0151vel \u00e9s al\u00e1\u00edr\u00e1ssal ell\u00e1tott) el\u0151leg bek\u00e9r\u0151 okm\u00e1nyok is, k\u00e9szp\u00e9nzes kiegyenl\u00edt\u00e9s eset\u00e9n pedig a sz\u00e1ml\u00e1hoz k\u00e9sz\u00edtett bev\u00e9teli p\u00e9nzt\u00e1rbizonylat vagy nyugta!<\/p>\n\n\n\n<figure class=\"wp-block-image size-large\"><img loading=\"lazy\" decoding=\"async\" width=\"1692\" height=\"800\" src=\"https:\/\/dev.kompaktdesign.hu\/hodszolar.hu\/wp-content\/uploads\/2021\/05\/1-nyil.png\" alt=\"\" class=\"wp-image-359\"\/><\/figure>\n\n\n\n<p><strong>4. Az \u00e1tutal\u00e1ssal teljes\u00edtett sz\u00e1ml\u00e1k kifizet\u00e9s\u00e9t igazol\u00f3 dokumentumok m\u00e1solatai<\/strong><\/p>\n\n\n\n<p>Az \u00e1tutal\u00e1ssal kiegyenl\u00edtett sz\u00e1ml\u00e1khoz sz\u00fcks\u00e9ges a banki \u00e1tutal\u00e1st igazol\u00f3 dokumentum vagy a fizet\u00e9si sz\u00e1mlakivonat (bankkivonat) m\u00e1solata, amelyen egy\u00e9rtelm\u0171en beazonos\u00edthat\u00f3k az egyes kiegyenl\u00edtett sz\u00e1ml\u00e1k t\u00e9telei.<\/p>\n\n\n\n<p><strong>5. Lakc\u00edmet igazol\u00f3 hat\u00f3s\u00e1gi igazolv\u00e1nyok m\u00e1solata<\/strong><\/p>\n\n\n\n<p>\u00d6nnek, egy\u00fcttes ig\u00e9nyl\u00e9s eset\u00e9n a h\u00e1zast\u00e1rs\u00e1nak vagy \u00e9lett\u00e1rs\u00e1nak, valamint a t\u00e1mogat\u00e1sra val\u00f3 jogosults\u00e1gn\u00e1l figyelembe vett valamennyi gyermeke lak\u00f3hely\u00e9t igazol\u00f3 hat\u00f3s\u00e1gi igazolv\u00e1nyaik m\u00e1solata sz\u00fcks\u00e9ges. A jogosults\u00e1ghoz a k\u00e9relem beny\u00fajt\u00e1s\u00e1nak id\u0151pontj\u00e1ban a fel\u00faj\u00edtott ingatlan c\u00edm\u00e9vel megegyez\u0151 lak\u00f3hely megad\u00e1sa sz\u00fcks\u00e9ges, amelyben \u00d6n, h\u00e1zast\u00e1rsa vagy \u00e9lett\u00e1rsa, illetve valamennyi gyermek bejelentett \u00e1lland\u00f3 lak\u00f3helye legal\u00e1bb 1 \u00e9ve fenn\u00e1ll. Nem kell alkalmazni az el\u0151\u00edrt egy\u00e9ves id\u0151tartamra vonatkoz\u00f3 felt\u00e9telt, ha a t\u00e1mogat\u00e1ssal \u00e9rintett lak\u00e1s tulajdonjog\u00e1nak megszerz\u00e9s\u00e9re, vagy az ig\u00e9nyl\u0151, illetve kiskor\u00fa gyermekei tulajdon\u00e1ban l\u00e9v\u0151 telken fel\u00e9p\u00fclt lak\u00e1s ingatlan-nyilv\u00e1ntart\u00e1si bejegyz\u00e9s\u00e9re a t\u00e1mogat\u00e1si k\u00e9relem beny\u00fajt\u00e1s\u00e1t megel\u0151z\u0151 egy \u00e9ven bel\u00fcl ker\u00fclt sor, illetve a magzat \u00e9s az egy \u00e9vn\u00e9l nem r\u00e9gebben sz\u00fcletett gyermek eset\u00e9ben a magzatra \u00e9s az egy \u00e9vn\u00e9l nem r\u00e9gebben sz\u00fcletett gyermekre vonatkoz\u00f3an, tov\u00e1bb\u00e1 ha az ig\u00e9nyl\u0151 \u00e9s a gyermek az ig\u00e9nyl\u0151 foglalkoztat\u00e1sra ir\u00e1nyul\u00f3 jogviszonya k\u00f6vetkezt\u00e9ben \u2013 ide\u00e9rtve a saj\u00e1tos egyh\u00e1zi jogviszonyt is \u2013 a foglalkoztat\u00e1sra ir\u00e1nyul\u00f3 jogviszony jelleg\u00e9b\u0151l k\u00f6vetkez\u0151en az ig\u00e9nyl\u00e9s beny\u00fajt\u00e1s\u00e1t megel\u0151z\u0151 egy\u00e9ves id\u0151szakon bel\u00fcl k\u00f6teles volt a szolg\u00e1lati hely\u00e9n a foglalkoztat\u00f3 \u00e1ltal t\u00e9r\u00edt\u00e9smentesen biztos\u00edtott szolg\u00e1lati lak\u00e1sban lakni a foglalkoztat\u00e1sra ir\u00e1nyul\u00f3 jogviszony fenn\u00e1ll\u00e1sa alatt.<\/p>\n\n\n\n<p><strong>6. Szem\u00e9lyazonoss\u00e1gok igazol\u00e1s\u00e1ra alkalmas igazolv\u00e1nyok m\u00e1solata<\/strong><\/p>\n\n\n\n<p>Az \u00d6n, egy\u00fcttes ig\u00e9nyl\u00e9s eset\u00e9n a h\u00e1zast\u00e1rsa vagy \u00e9lett\u00e1rsa igazolv\u00e1nya (szem\u00e9lyazonos\u00edt\u00f3 igazolv\u00e1ny vagy \u00fatlev\u00e9l vagy k\u00e1rtyaform\u00e1tum\u00fa vezet\u0151i enged\u00e9ly) is sz\u00fcks\u00e9ges!<\/p>\n\n\n\n<p><strong>7. B\u00fcntet\u0151jogi felel\u0151ss\u00e9ge tudat\u00e1ban tett a k\u00e9relem 1. sz\u00e1m\u00fa mell\u00e9klete szerint neves\u00edtett nyilatkozata<\/strong><\/p>\n\n\n\n<figure class=\"wp-block-image size-large\"><img loading=\"lazy\" decoding=\"async\" width=\"1287\" height=\"913\" src=\"https:\/\/dev.kompaktdesign.hu\/hodszolar.hu\/wp-content\/uploads\/2021\/05\/1.png\" alt=\"\" class=\"wp-image-360\"\/><\/figure>\n\n\n\n<p><strong>8. K\u00e9relem<\/strong><\/p>\n\n\n\n<p>Az (A) blokkban \u00d6nre, mint ig\u00e9nyl\u0151re, illetve, ha h\u00e1zast\u00e1rs\u00e1val vagy \u00e9lett\u00e1rs\u00e1val egy\u00fcttes ig\u00e9nyl\u0151k\u00e9nt ig\u00e9nylik a t\u00e1mogat\u00e1st, akkor a (B) blokkban h\u00e1zast\u00e1rs\u00e1ra vagy \u00e9lett\u00e1rs\u00e1ra vonatkoz\u00f3 szem\u00e9lyes adatokat a m\u00e1solatban csatoland\u00f3 szem\u00e9lyes okm\u00e1nyban szerepl\u0151 adatokkal megegyez\u0151en kell kit\u00f6ltenie. A h\u00e1zast\u00e1rs\u00e1ra vagy \u00e9lett\u00e1rs\u00e1ra vonatkoz\u00f3 adatok kit\u00f6lt\u00e9se csak abban az esetben sz\u00fcks\u00e9ges, ha lak\u00f3hely\u00fck megegyezik \u00e9s \u00edgy egy\u00fcttes ig\u00e9nyl\u0151k\u00e9nt ny\u00fajtj\u00e1k be a k\u00e9relmet.<\/p>\n\n\n\n<p>A t\u00e1mogat\u00e1s felt\u00e9tele, hogy \u00d6n, egy\u00fcttes ig\u00e9nyl\u00e9s eset\u00e9n h\u00e1zast\u00e1rsa vagy \u00e9lett\u00e1rsa is, valamint a t\u00e1mogat\u00e1sra val\u00f3 jogosults\u00e1gn\u00e1l figyelembe vett valamennyi gyermek a t\u00e1mogat\u00e1ssal \u00e9rintett lak\u00e1sban legal\u00e1bb egy \u00e9ve lak\u00f3hellyel rendelkezzen.<\/p>\n\n\n\n<p>A lak\u00f3hely egy\u00e9ves id\u0151tartam\u00e1ra vonatkoz\u00f3 korl\u00e1toz\u00f3 felt\u00e9telt nem kell vizsg\u00e1lni a 12. hetet bet\u00f6lt\u00f6tt magzat \u00e9s az egy \u00e9vn\u00e9l nem r\u00e9gebben sz\u00fcletett gyermek eset\u00e9ben. Figyelmen k\u00edv\u00fcl lehet hagyni az egy\u00e9ves id\u0151tartamra vonatkoz\u00f3 korl\u00e1toz\u00f3 felt\u00e9telt akkor, ha a t\u00e1mogat\u00e1ssal \u00e9rintett lak\u00e1s tulajdonjog\u00e1nak megszerz\u00e9s\u00e9re, vagy az \u00d6n vagy egy\u00fcttes ig\u00e9nyl\u00e9s eset\u00e9n h\u00e1zast\u00e1rsa vagy \u00e9lett\u00e1rsa, valamint kiskor\u00fa gyermekei tulajdon\u00e1ban l\u00e9v\u0151 telken fel\u00e9p\u00fclt lak\u00e1s ingatlan-nyilv\u00e1ntart\u00e1si bejegyz\u00e9s\u00e9re a t\u00e1mogat\u00e1si k\u00e9relem beny\u00fajt\u00e1s\u00e1t megel\u0151z\u0151 egy \u00e9ven bel\u00fcl ker\u00fclt sor.<\/p>\n\n\n\n<p>Ha a 12. hetet bet\u00f6lt\u00f6tt magzatra tekintettel ig\u00e9nyli a t\u00e1mogat\u00e1st, akkor csatolnia sz\u00fcks\u00e9ges a v\u00e1rand\u00f3sgondoz\u00e1si k\u00f6nyv vonatkoz\u00f3 r\u00e9sz\u00e9nek m\u00e1solat\u00e1t vagy a kezel\u0151orvos \u00e1ltal ki\u00e1ll\u00edtott, a v\u00e1rand\u00f3ss\u00e1g t\u00e9ny\u00e9r\u0151l \u00e9s annak fenn\u00e1ll\u00e1sa id\u0151tartam\u00e1r\u00f3l sz\u00f3l\u00f3 igazol\u00e1s m\u00e1solat\u00e1t.<\/p>\n\n\n\n<p>A (C) blokkban szerepl\u0151 adatokat valamennyi, a Rendelet szerinti gyermeke tekintet\u00e9ben meg kell adnia.<\/p>\n\n\n\n<p>Gyermeknek min\u0151s\u00fcl a t\u00e1mogat\u00e1s szempontj\u00e1b\u00f3l az ig\u00e9nyl\u0151 v\u00e9rszerinti vagy \u00f6r\u00f6kbefogadott gyermeke addig az id\u0151pontig, am\u00edg a gyermek a 25. \u00e9let\u00e9v\u00e9t nem t\u00f6lt\u00f6tte be. A 25. \u00e9let\u00e9v\u00e9t bet\u00f6lt\u00f6tt \u00e9s a 25. \u00e9letkor feletti gyermek eset\u00e9n olyan gyermekre tekintettel ig\u00e9nyelhet\u0151 t\u00e1mogat\u00e1s, akinek az eg\u00e9szs\u00e9gk\u00e1rosod\u00e1sa legal\u00e1bb 50%-os m\u00e9rt\u00e9k\u0171, vagy 2008. janu\u00e1r 1-j\u00e9t megel\u0151z\u0151 id\u0151pontt\u00f3l munkak\u00e9pess\u00e9g\u00e9t legal\u00e1bb 67%-ban elvesz\u00edtette, vagy aki fogyat\u00e9koss\u00e1gi t\u00e1mogat\u00e1sban, vagy vakok szem\u00e9lyi j\u00e1rad\u00e9k\u00e1ban r\u00e9szes\u00fcl.<\/p>\n\n\n\n<p>Az (E) blokkban az otthonfel\u00faj\u00edt\u00e1ssal \u00e9rintett ingatlanra vonatkoz\u00f3 adatokat k\u00f6telez\u0151 kit\u00f6ltenie. Az ingatlan helyrajzi sz\u00e1m\u00e1t pontosan kell megadnia. Az ig\u00e9nyl\u00e9s felt\u00e9tele, hogy \u00d6n vagy egy\u00fcttes ig\u00e9nyl\u00e9s eset\u00e9n az ig\u00e9nyl\u0151k egy\u00fctt, valamint kiskor\u00fa gyermekeik a t\u00e1mogat\u00e1ssal \u00e9rintett ingatlanban legal\u00e1bb 50%-os m\u00e9rt\u00e9k\u0171, az ingatlan-nyilv\u00e1ntart\u00e1sba bejegyzett tulajdoni h\u00e1nyaddal rendelkezzenek. A tulajdoni h\u00e1nyad sz\u00e1zal\u00e9kban t\u00f6rt\u00e9n\u0151 megad\u00e1sa k\u00f6telez\u0151.<\/p>\n\n\n\n<p>Amennyiben az (E) blokk 31. pontj\u00e1ban a \u201eT\u00f6bb lak\u00e1sb\u00f3l \u00e1ll\u00f3 k\u00f6z\u00f6s tulajdon\u00fa ingatlan-e?\u201d k\u00e9rd\u00e9sre igen v\u00e1laszt ad, akkor k\u00e9relm\u00e9hez csatolni sz\u00fcks\u00e9ges a k\u00f6zokiratban vagy \u00fcgyv\u00e9d \u00e1ltal ellenjegyzett mag\u00e1nokiratba foglalt haszn\u00e1lati meg\u00e1llapod\u00e1st, vagy a haszn\u00e1lati megoszt\u00e1sr\u00f3l sz\u00f3l\u00f3 b\u00edr\u00f3s\u00e1gi \u00edt\u00e9letet.<\/p>\n\n\n\n<p>Amennyiben az (E) blokk 33. pontj\u00e1ban b\u00e1rmelyik k\u00e9rd\u00e9sre igen v\u00e1laszt ad, akkor csatolnia kell k\u00e9relm\u00e9hez a hitelint\u00e9zet \u00e1ltal elfogadott k\u00f6lts\u00e9gvet\u00e9s m\u00e1solat\u00e1t, valamint a csal\u00e1di otthonteremt\u00e9si (Falusi CSOK) t\u00e1mogat\u00e1s keret\u00e9ben m\u00e1r elsz\u00e1molt vagy elsz\u00e1molni tervezett sz\u00e1ml\u00e1k m\u00e1solat\u00e1t.<\/p>\n\n\n\n<p>Amennyiben az (E) blokk 34. pontj\u00e1ban jel\u00f6li, hogy az otthonfel\u00faj\u00edt\u00e1s megval\u00f3s\u00edt\u00e1s\u00e1hoz hitelint\u00e9zeti (banki) k\u00f6lcs\u00f6nt vett ig\u00e9nybe, a k\u00f6lcs\u00f6nszerz\u0151d\u00e9st is mell\u00e9kelni kell a k\u00e9relemhez.<\/p>\n\n\n\n<p>Amennyiben r\u00e9szben vagy eg\u00e9szben otthonfel\u00faj\u00edt\u00e1si k\u00f6lcs\u00f6ntartoz\u00e1s\u00e1ra n\u00e9zve \u00e9rv\u00e9nyes\u00edtette a h\u00e1rom- vagy t\u00f6bbgyermekes csal\u00e1dok lak\u00e1sc\u00e9l\u00fa jelz\u00e1loghitel-tartoz\u00e1sainak cs\u00f6kkent\u00e9s\u00e9r\u0151l sz\u00f3l\u00f3 337\/2017. (XI. 14.) Korm. rendelet szerinti jelz\u00e1loghitel-cs\u00f6kkent\u00e9si t\u00e1mogat\u00e1st, a hitelint\u00e9zet 30 napn\u00e1l nem r\u00e9gebbi igazol\u00e1s\u00e1t is csatolnia sz\u00fcks\u00e9ges az otthonfel\u00faj\u00edt\u00e1si k\u00f6lcs\u00f6n fenn\u00e1ll\u00f3 t\u0151ketartoz\u00e1s \u00e9s j\u00e1rul\u00e9kai \u00f6sszeg\u00e9re vonatkoz\u00f3an.<\/p>\n\n\n\n<figure class=\"wp-block-image size-large is-resized\"><img loading=\"lazy\" decoding=\"async\" src=\"https:\/\/dev.kompaktdesign.hu\/hodszolar.hu\/wp-content\/uploads\/2021\/05\/kerelem-1-1.png\" alt=\"\" class=\"wp-image-363\" width=\"629\" height=\"446\"\/><\/figure>\n\n\n\n<figure class=\"wp-block-image size-large is-resized\"><img loading=\"lazy\" decoding=\"async\" src=\"https:\/\/dev.kompaktdesign.hu\/hodszolar.hu\/wp-content\/uploads\/2021\/05\/kerelem-2-1.png\" alt=\"\" class=\"wp-image-364\" width=\"940\" height=\"445\"\/><\/figure>\n\n\n\n<p><strong>9. (F) A K\u00c9RELEMHEZ CSATOLAND\u00d3 DOKUMENTUMOK LIST\u00c1JA (K\u00c9RELEM r\u00e9sze)<\/strong><\/p>\n\n\n\n<p>Ellen\u0151rizze, hogy minden k\u00f6telez\u0151en \u00e9s opcion\u00e1lisan sz\u00fcks\u00e9ges dokumentumot csatolt a k\u00e9relemhez! A csatolt dokumentumok eset\u00e9ben az utols\u00f3 oszlop kit\u00f6lt\u00e9se k\u00f6telez\u0151!<\/p>\n\n\n\n<figure class=\"wp-block-image size-large is-resized\"><img loading=\"lazy\" decoding=\"async\" src=\"https:\/\/dev.kompaktdesign.hu\/hodszolar.hu\/wp-content\/uploads\/2021\/05\/lista.png\" alt=\"\" class=\"wp-image-365\" width=\"839\" height=\"588\"\/><\/figure>\n\n\n\n<p>Napelemes rendszer eset\u00e9ben ez a nyilatkozat is k\u00f6telez\u0151, ezt mi t\u00f6ltj\u00fck ki!<\/p>\n\n\n\n<figure class=\"wp-block-image size-large\"><img loading=\"lazy\" decoding=\"async\" width=\"807\" height=\"103\" src=\"https:\/\/dev.kompaktdesign.hu\/hodszolar.hu\/wp-content\/uploads\/2021\/05\/450.png\" alt=\"\" class=\"wp-image-366\"\/><\/figure>\n\n\n\n<figure class=\"wp-block-image size-large is-resized\"><img loading=\"lazy\" decoding=\"async\" src=\"https:\/\/dev.kompaktdesign.hu\/hodszolar.hu\/wp-content\/uploads\/2021\/05\/5-nyill.png\" alt=\"\" class=\"wp-image-368\" width=\"517\" height=\"727\"\/><\/figure>\n\n\n\n<p>Tov\u00e1bb\u00e1 \u00e9rdemes figyelembe venni a m\u00f3dos\u00edtott korm\u00e1nyrendelet r\u00e9szleteit!<\/p>\n\n\n\n<p>Amennyiben 2021.06.30. el\u0151tt megt\u00f6rt\u00e9nik a m\u00e9r\u0151\u00f3ra csere, vagy annak \u00e1tprogramoz\u00e1sa \u00e9s nincs m\u00e1s projektje (amit el szeretne sz\u00e1molni a t\u00e1mogat\u00e1s keretein bel\u00fcl), akkor beadhat\u00f3 minden dokumentum 2021.06.30. el\u0151tt. Ebben az esetben nem sz\u00fcks\u00e9ges megv\u00e1rni a h\u00e1l\u00f3zathaszn\u00e1lati szerz\u0151d\u00e9st, viszont k\u00e9rnek teljes\u00edt\u00e9si igazol\u00e1st, az 5. sz\u00e1m\u00fa nyilatkozatot a brutt\u00f3 450 000 Ft\/kWp-s hat\u00e1r betart\u00e1s\u00e1r\u00f3l \u00e9s a t\u00e9teles v\u00e9gsz\u00e1ml\u00e1t (ezeket mind mi k\u00e9sz\u00edtj\u00fck el, de term\u00e9szetesen minden m\u00e1s k\u00f6telez\u0151en beny\u00fajtand\u00f3, kor\u00e1bban eml\u00edtett nyilatkozat is sz\u00fcks\u00e9ges hozz\u00e1!) Ha ezeket beadja a hat\u00e1rid\u0151 el\u0151tt, SZALD\u00d3 ELSZ\u00c1MOL\u00c1SBAN MARAD!<\/p>\n\n\n\n<p>A m\u00e1sik lehet\u0151s\u00e9g, hogy 2021.06.30. ut\u00e1n adja be a k\u00e9relmet, mert t\u00f6bb projektje is van, ami csak k\u00e9s\u0151bb val\u00f3sul meg. Ebben az esetben, ha megt\u00f6rt\u00e9nt a m\u00e9r\u0151\u00f3ra csere 2021.06.30. el\u0151tt, akkor teljes\u00edt\u00e9si igazol\u00e1st, az 5. sz\u00e1m\u00fa nyilatkozatot a brutt\u00f3 450 000 Ft\/kWp-s hat\u00e1r betart\u00e1s\u00e1r\u00f3l, a t\u00e9teles v\u00e9gsz\u00e1ml\u00e1t \u00e9s az \u00e1ramszolg\u00e1ltat\u00f3 nyilatkozat\u00e1t az \u00f3racsere id\u0151pontj\u00e1r\u00f3l sz\u00fcks\u00e9ges beny\u00fajtania \u00e9s szint\u00e9n SZALD\u00d3 ELSZ\u00c1MOL\u00c1SBAN MARAD!<\/p>\n\n\n\n<p>A harmadik lehet\u0151s\u00e9g akkor van, ha az \u00f3racsere csak 2021.06.30. ut\u00e1n val\u00f3sul meg, ebben az esetben a teljes\u00edt\u00e9si igazol\u00e1st, az 5. sz\u00e1m\u00fa nyilatkozatot a brutt\u00f3 450 000 Ft\/kWp-s hat\u00e1r betart\u00e1s\u00e1r\u00f3l, a t\u00e9teles v\u00e9gsz\u00e1ml\u00e1t, az \u00e1ramszolg\u00e1ltat\u00f3 nyilatkozat\u00e1t az \u00f3racsere id\u0151pontj\u00e1r\u00f3l \u00e9s a villamosenergia keresked\u0151 nyilatkozat\u00e1t a brutt\u00f3 elsz\u00e1mol\u00e1sr\u00f3l sz\u00fcks\u00e9ges beny\u00fajtania, viszont ez m\u00e1r BRUTT\u00d3 ELSZ\u00c1MOL\u00c1St jelent.<\/p>\n\n\n\n<figure class=\"wp-block-image size-large is-resized\"><img loading=\"lazy\" decoding=\"async\" src=\"https:\/\/dev.kompaktdesign.hu\/hodszolar.hu\/wp-content\/uploads\/2021\/05\/brutto.png\" alt=\"\" class=\"wp-image-369\" width=\"525\" height=\"738\"\/><\/figure>\n\n\n\n<p>Amennyiben k\u00e9rd\u00e9se van, keressen minket bizalommal \u00e9s igyeksz\u00fcnk seg\u00edteni a dokumentumok el\u0151k\u00e9sz\u00edt\u00e9s\u00e9ben!<\/p>\n","protected":false},"excerpt":{"rendered":"<p>A Magyar \u00c1llamkincst\u00e1r honlapj\u00e1n (F\u0151oldal &gt; Lakoss\u00e1gi \u00fcgyfelek &gt; Otthonfel\u00faj\u00edt\u00e1si t\u00e1mogat\u00e1s &gt; K\u00e9relem beny\u00fajt\u00e1s\u00e1nak nyomtatv\u00e1nyai) megtal\u00e1lhat\u00f3 dokumentumokat \u00e9rdemes leellen\u0151rizni miel\u0151tt felt\u00f6lten\u00e9 vagy beadn\u00e1 azokat! Minden nyomtatv\u00e1nynak van egy verzi\u00f3sz\u00e1ma \u00e9s egy d\u00e1tuma, amire \u00e9rdemes figyelni, mert rendszeresen friss\u00edtik \u0151ket. Amennyiben a napelemes rendszeren k\u00edv\u00fcl m\u00e1s projektet is szeretne elsz\u00e1molni, minden kivitelez\u0151n\u00e9l k\u00fcl\u00f6n-k\u00fcl\u00f6n meg kell val\u00f3sulnia [&hellip;]<\/p>\n","protected":false},"author":3,"featured_media":370,"comment_status":"open","ping_status":"open","sticky":false,"template":"","format":"standard","meta":{"footnotes":""},"categories":[1],"tags":[],"class_list":["post-357","post","type-post","status-publish","format-standard","has-post-thumbnail","hentry","category-egyeb"],"yoast_head":"<!-- This site is optimized with the Yoast SEO plugin v19.5.1 - https:\/\/yoast.com\/wordpress\/plugins\/seo\/ -->\n<title>Mit kell tudni az Otthonfel\u00faj\u00edt\u00e1si t\u00e1mogat\u00e1s k\u00e9relemhez csatoland\u00f3 dokumentumokr\u00f3l? | H\u00f3dszol\u00e1r<\/title>\n<meta name=\"robots\" content=\"noindex, follow, max-snippet:-1, max-image-preview:large, max-video-preview:-1\" \/>\n<meta property=\"og:locale\" content=\"hu_HU\" \/>\n<meta property=\"og:type\" content=\"article\" \/>\n<meta property=\"og:title\" content=\"Mit kell tudni az Otthonfel\u00faj\u00edt\u00e1si t\u00e1mogat\u00e1s k\u00e9relemhez csatoland\u00f3 dokumentumokr\u00f3l? | H\u00f3dszol\u00e1r\" \/>\n<meta property=\"og:description\" content=\"A Magyar \u00c1llamkincst\u00e1r honlapj\u00e1n (F\u0151oldal &gt; Lakoss\u00e1gi \u00fcgyfelek &gt; Otthonfel\u00faj\u00edt\u00e1si t\u00e1mogat\u00e1s &gt; K\u00e9relem beny\u00fajt\u00e1s\u00e1nak nyomtatv\u00e1nyai) megtal\u00e1lhat\u00f3 dokumentumokat \u00e9rdemes leellen\u0151rizni miel\u0151tt felt\u00f6lten\u00e9 vagy beadn\u00e1 azokat! Minden nyomtatv\u00e1nynak van egy verzi\u00f3sz\u00e1ma \u00e9s egy d\u00e1tuma, amire \u00e9rdemes figyelni, mert rendszeresen friss\u00edtik \u0151ket. Amennyiben a napelemes rendszeren k\u00edv\u00fcl m\u00e1s projektet is szeretne elsz\u00e1molni, minden kivitelez\u0151n\u00e9l k\u00fcl\u00f6n-k\u00fcl\u00f6n meg kell val\u00f3sulnia [&hellip;]\" \/>\n<meta property=\"og:url\" content=\"https:\/\/dev.kompaktdesign.hu\/hodszolar.hu\/2021\/05\/20\/mit-kell-tudni-az-otthonfelujitasi-tamogatas-kerelemhez-csatolando-dokumentumokrol\/\" \/>\n<meta property=\"og:site_name\" content=\"H\u00f3dszol\u00e1r\" \/>\n<meta property=\"article:publisher\" content=\"https:\/\/www.facebook.com\/hodszolar\" \/>\n<meta property=\"article:published_time\" content=\"2021-05-20T08:41:55+00:00\" \/>\n<meta property=\"og:image\" content=\"https:\/\/dev.kompaktdesign.hu\/hodszolar.hu\/wp-content\/uploads\/2021\/05\/documents.jpg\" \/>\n\t<meta property=\"og:image:width\" content=\"1000\" \/>\n\t<meta property=\"og:image:height\" content=\"562\" \/>\n\t<meta property=\"og:image:type\" content=\"image\/jpeg\" \/>\n<meta name=\"author\" content=\"H\u00f3dszol\u00e1r Kft.\" \/>\n<meta name=\"twitter:card\" content=\"summary_large_image\" \/>\n<meta name=\"twitter:label1\" content=\"Szerz\u0151:\" \/>\n\t<meta name=\"twitter:data1\" content=\"H\u00f3dszol\u00e1r Kft.\" \/>\n\t<meta name=\"twitter:label2\" content=\"Becs\u00fclt olvas\u00e1si id\u0151\" \/>\n\t<meta name=\"twitter:data2\" content=\"8 perc\" \/>\n<script type=\"application\/ld+json\" class=\"yoast-schema-graph\">{\"@context\":\"https:\/\/schema.org\",\"@graph\":[{\"@type\":\"Article\",\"@id\":\"https:\/\/dev.kompaktdesign.hu\/hodszolar.hu\/2021\/05\/20\/mit-kell-tudni-az-otthonfelujitasi-tamogatas-kerelemhez-csatolando-dokumentumokrol\/#article\",\"isPartOf\":{\"@id\":\"https:\/\/dev.kompaktdesign.hu\/hodszolar.hu\/2021\/05\/20\/mit-kell-tudni-az-otthonfelujitasi-tamogatas-kerelemhez-csatolando-dokumentumokrol\/\"},\"author\":{\"name\":\"H\u00f3dszol\u00e1r Kft.\",\"@id\":\"https:\/\/dev.kompaktdesign.hu\/hodszolar.hu\/#\/schema\/person\/a788af940a3d6b2829396312340dd08c\"},\"headline\":\"Mit kell tudni az Otthonfel\u00faj\u00edt\u00e1si t\u00e1mogat\u00e1s k\u00e9relemhez csatoland\u00f3 dokumentumokr\u00f3l?\",\"datePublished\":\"2021-05-20T08:41:55+00:00\",\"dateModified\":\"2021-05-20T08:41:55+00:00\",\"mainEntityOfPage\":{\"@id\":\"https:\/\/dev.kompaktdesign.hu\/hodszolar.hu\/2021\/05\/20\/mit-kell-tudni-az-otthonfelujitasi-tamogatas-kerelemhez-csatolando-dokumentumokrol\/\"},\"wordCount\":2055,\"commentCount\":0,\"publisher\":{\"@id\":\"https:\/\/dev.kompaktdesign.hu\/hodszolar.hu\/#organization\"},\"articleSection\":[\"Egy\u00e9b kateg\u00f3ria\"],\"inLanguage\":\"hu\",\"potentialAction\":[{\"@type\":\"CommentAction\",\"name\":\"Comment\",\"target\":[\"https:\/\/dev.kompaktdesign.hu\/hodszolar.hu\/2021\/05\/20\/mit-kell-tudni-az-otthonfelujitasi-tamogatas-kerelemhez-csatolando-dokumentumokrol\/#respond\"]}]},{\"@type\":\"WebPage\",\"@id\":\"https:\/\/dev.kompaktdesign.hu\/hodszolar.hu\/2021\/05\/20\/mit-kell-tudni-az-otthonfelujitasi-tamogatas-kerelemhez-csatolando-dokumentumokrol\/\",\"url\":\"https:\/\/dev.kompaktdesign.hu\/hodszolar.hu\/2021\/05\/20\/mit-kell-tudni-az-otthonfelujitasi-tamogatas-kerelemhez-csatolando-dokumentumokrol\/\",\"name\":\"Mit kell tudni az Otthonfel\u00faj\u00edt\u00e1si t\u00e1mogat\u00e1s k\u00e9relemhez csatoland\u00f3 dokumentumokr\u00f3l? | H\u00f3dszol\u00e1r\",\"isPartOf\":{\"@id\":\"https:\/\/dev.kompaktdesign.hu\/hodszolar.hu\/#website\"},\"datePublished\":\"2021-05-20T08:41:55+00:00\",\"dateModified\":\"2021-05-20T08:41:55+00:00\",\"breadcrumb\":{\"@id\":\"https:\/\/dev.kompaktdesign.hu\/hodszolar.hu\/2021\/05\/20\/mit-kell-tudni-az-otthonfelujitasi-tamogatas-kerelemhez-csatolando-dokumentumokrol\/#breadcrumb\"},\"inLanguage\":\"hu\",\"potentialAction\":[{\"@type\":\"ReadAction\",\"target\":[\"https:\/\/dev.kompaktdesign.hu\/hodszolar.hu\/2021\/05\/20\/mit-kell-tudni-az-otthonfelujitasi-tamogatas-kerelemhez-csatolando-dokumentumokrol\/\"]}]},{\"@type\":\"BreadcrumbList\",\"@id\":\"https:\/\/dev.kompaktdesign.hu\/hodszolar.hu\/2021\/05\/20\/mit-kell-tudni-az-otthonfelujitasi-tamogatas-kerelemhez-csatolando-dokumentumokrol\/#breadcrumb\",\"itemListElement\":[{\"@type\":\"ListItem\",\"position\":1,\"name\":\"Kezd\u0151lap\",\"item\":\"https:\/\/dev.kompaktdesign.hu\/hodszolar.hu\/\"},{\"@type\":\"ListItem\",\"position\":2,\"name\":\"Mit kell tudni az Otthonfel\u00faj\u00edt\u00e1si t\u00e1mogat\u00e1s k\u00e9relemhez csatoland\u00f3 dokumentumokr\u00f3l?\"}]},{\"@type\":\"WebSite\",\"@id\":\"https:\/\/dev.kompaktdesign.hu\/hodszolar.hu\/#website\",\"url\":\"https:\/\/dev.kompaktdesign.hu\/hodszolar.hu\/\",\"name\":\"H\u00f3dszol\u00e1r\",\"description\":\"A v\u00e1s\u00e1rhelyi napelemes\",\"publisher\":{\"@id\":\"https:\/\/dev.kompaktdesign.hu\/hodszolar.hu\/#organization\"},\"potentialAction\":[{\"@type\":\"SearchAction\",\"target\":{\"@type\":\"EntryPoint\",\"urlTemplate\":\"https:\/\/dev.kompaktdesign.hu\/hodszolar.hu\/?s={search_term_string}\"},\"query-input\":\"required name=search_term_string\"}],\"inLanguage\":\"hu\"},{\"@type\":\"Organization\",\"@id\":\"https:\/\/dev.kompaktdesign.hu\/hodszolar.hu\/#organization\",\"name\":\"H\u00f3dszol\u00e1r Kft.\",\"url\":\"https:\/\/dev.kompaktdesign.hu\/hodszolar.hu\/\",\"sameAs\":[\"https:\/\/www.facebook.com\/hodszolar\"],\"logo\":{\"@type\":\"ImageObject\",\"inLanguage\":\"hu\",\"@id\":\"https:\/\/dev.kompaktdesign.hu\/hodszolar.hu\/#\/schema\/logo\/image\/\",\"url\":\"https:\/\/dev.kompaktdesign.hu\/hodszolar.hu\/wp-content\/uploads\/2021\/05\/fvicon.png\",\"contentUrl\":\"https:\/\/dev.kompaktdesign.hu\/hodszolar.hu\/wp-content\/uploads\/2021\/05\/fvicon.png\",\"width\":132,\"height\":132,\"caption\":\"H\u00f3dszol\u00e1r Kft.\"},\"image\":{\"@id\":\"https:\/\/dev.kompaktdesign.hu\/hodszolar.hu\/#\/schema\/logo\/image\/\"}},{\"@type\":\"Person\",\"@id\":\"https:\/\/dev.kompaktdesign.hu\/hodszolar.hu\/#\/schema\/person\/a788af940a3d6b2829396312340dd08c\",\"name\":\"H\u00f3dszol\u00e1r Kft.\",\"image\":{\"@type\":\"ImageObject\",\"inLanguage\":\"hu\",\"@id\":\"https:\/\/dev.kompaktdesign.hu\/hodszolar.hu\/#\/schema\/person\/image\/\",\"url\":\"https:\/\/secure.gravatar.com\/avatar\/38df000db6f2e93b7f0ccccf7714392424ca033738d34dfe71f19fdb70329830?s=96&d=mm&r=g\",\"contentUrl\":\"https:\/\/secure.gravatar.com\/avatar\/38df000db6f2e93b7f0ccccf7714392424ca033738d34dfe71f19fdb70329830?s=96&d=mm&r=g\",\"caption\":\"H\u00f3dszol\u00e1r Kft.\"},\"url\":\"https:\/\/dev.kompaktdesign.hu\/hodszolar.hu\/author\/hodszolar\/\"}]}<\/script>\n<!-- \/ Yoast SEO plugin. -->","yoast_head_json":{"title":"Mit kell tudni az Otthonfel\u00faj\u00edt\u00e1si t\u00e1mogat\u00e1s k\u00e9relemhez csatoland\u00f3 dokumentumokr\u00f3l? | H\u00f3dszol\u00e1r","robots":{"index":"noindex","follow":"follow","max-snippet":"max-snippet:-1","max-image-preview":"max-image-preview:large","max-video-preview":"max-video-preview:-1"},"og_locale":"hu_HU","og_type":"article","og_title":"Mit kell tudni az Otthonfel\u00faj\u00edt\u00e1si t\u00e1mogat\u00e1s k\u00e9relemhez csatoland\u00f3 dokumentumokr\u00f3l? | H\u00f3dszol\u00e1r","og_description":"A Magyar \u00c1llamkincst\u00e1r honlapj\u00e1n (F\u0151oldal &gt; Lakoss\u00e1gi \u00fcgyfelek &gt; Otthonfel\u00faj\u00edt\u00e1si t\u00e1mogat\u00e1s &gt; K\u00e9relem beny\u00fajt\u00e1s\u00e1nak nyomtatv\u00e1nyai) megtal\u00e1lhat\u00f3 dokumentumokat \u00e9rdemes leellen\u0151rizni miel\u0151tt felt\u00f6lten\u00e9 vagy beadn\u00e1 azokat! Minden nyomtatv\u00e1nynak van egy verzi\u00f3sz\u00e1ma \u00e9s egy d\u00e1tuma, amire \u00e9rdemes figyelni, mert rendszeresen friss\u00edtik \u0151ket. Amennyiben a napelemes rendszeren k\u00edv\u00fcl m\u00e1s projektet is szeretne elsz\u00e1molni, minden kivitelez\u0151n\u00e9l k\u00fcl\u00f6n-k\u00fcl\u00f6n meg kell val\u00f3sulnia [&hellip;]","og_url":"https:\/\/dev.kompaktdesign.hu\/hodszolar.hu\/2021\/05\/20\/mit-kell-tudni-az-otthonfelujitasi-tamogatas-kerelemhez-csatolando-dokumentumokrol\/","og_site_name":"H\u00f3dszol\u00e1r","article_publisher":"https:\/\/www.facebook.com\/hodszolar","article_published_time":"2021-05-20T08:41:55+00:00","og_image":[{"width":1000,"height":562,"url":"https:\/\/dev.kompaktdesign.hu\/hodszolar.hu\/wp-content\/uploads\/2021\/05\/documents.jpg","type":"image\/jpeg"}],"author":"H\u00f3dszol\u00e1r Kft.","twitter_card":"summary_large_image","twitter_misc":{"Szerz\u0151:":"H\u00f3dszol\u00e1r Kft.","Becs\u00fclt olvas\u00e1si id\u0151":"8 perc"},"schema":{"@context":"https:\/\/schema.org","@graph":[{"@type":"Article","@id":"https:\/\/dev.kompaktdesign.hu\/hodszolar.hu\/2021\/05\/20\/mit-kell-tudni-az-otthonfelujitasi-tamogatas-kerelemhez-csatolando-dokumentumokrol\/#article","isPartOf":{"@id":"https:\/\/dev.kompaktdesign.hu\/hodszolar.hu\/2021\/05\/20\/mit-kell-tudni-az-otthonfelujitasi-tamogatas-kerelemhez-csatolando-dokumentumokrol\/"},"author":{"name":"H\u00f3dszol\u00e1r Kft.","@id":"https:\/\/dev.kompaktdesign.hu\/hodszolar.hu\/#\/schema\/person\/a788af940a3d6b2829396312340dd08c"},"headline":"Mit kell tudni az Otthonfel\u00faj\u00edt\u00e1si t\u00e1mogat\u00e1s k\u00e9relemhez csatoland\u00f3 dokumentumokr\u00f3l?","datePublished":"2021-05-20T08:41:55+00:00","dateModified":"2021-05-20T08:41:55+00:00","mainEntityOfPage":{"@id":"https:\/\/dev.kompaktdesign.hu\/hodszolar.hu\/2021\/05\/20\/mit-kell-tudni-az-otthonfelujitasi-tamogatas-kerelemhez-csatolando-dokumentumokrol\/"},"wordCount":2055,"commentCount":0,"publisher":{"@id":"https:\/\/dev.kompaktdesign.hu\/hodszolar.hu\/#organization"},"articleSection":["Egy\u00e9b kateg\u00f3ria"],"inLanguage":"hu","potentialAction":[{"@type":"CommentAction","name":"Comment","target":["https:\/\/dev.kompaktdesign.hu\/hodszolar.hu\/2021\/05\/20\/mit-kell-tudni-az-otthonfelujitasi-tamogatas-kerelemhez-csatolando-dokumentumokrol\/#respond"]}]},{"@type":"WebPage","@id":"https:\/\/dev.kompaktdesign.hu\/hodszolar.hu\/2021\/05\/20\/mit-kell-tudni-az-otthonfelujitasi-tamogatas-kerelemhez-csatolando-dokumentumokrol\/","url":"https:\/\/dev.kompaktdesign.hu\/hodszolar.hu\/2021\/05\/20\/mit-kell-tudni-az-otthonfelujitasi-tamogatas-kerelemhez-csatolando-dokumentumokrol\/","name":"Mit kell tudni az Otthonfel\u00faj\u00edt\u00e1si t\u00e1mogat\u00e1s k\u00e9relemhez csatoland\u00f3 dokumentumokr\u00f3l? | H\u00f3dszol\u00e1r","isPartOf":{"@id":"https:\/\/dev.kompaktdesign.hu\/hodszolar.hu\/#website"},"datePublished":"2021-05-20T08:41:55+00:00","dateModified":"2021-05-20T08:41:55+00:00","breadcrumb":{"@id":"https:\/\/dev.kompaktdesign.hu\/hodszolar.hu\/2021\/05\/20\/mit-kell-tudni-az-otthonfelujitasi-tamogatas-kerelemhez-csatolando-dokumentumokrol\/#breadcrumb"},"inLanguage":"hu","potentialAction":[{"@type":"ReadAction","target":["https:\/\/dev.kompaktdesign.hu\/hodszolar.hu\/2021\/05\/20\/mit-kell-tudni-az-otthonfelujitasi-tamogatas-kerelemhez-csatolando-dokumentumokrol\/"]}]},{"@type":"BreadcrumbList","@id":"https:\/\/dev.kompaktdesign.hu\/hodszolar.hu\/2021\/05\/20\/mit-kell-tudni-az-otthonfelujitasi-tamogatas-kerelemhez-csatolando-dokumentumokrol\/#breadcrumb","itemListElement":[{"@type":"ListItem","position":1,"name":"Kezd\u0151lap","item":"https:\/\/dev.kompaktdesign.hu\/hodszolar.hu\/"},{"@type":"ListItem","position":2,"name":"Mit kell tudni az Otthonfel\u00faj\u00edt\u00e1si t\u00e1mogat\u00e1s k\u00e9relemhez csatoland\u00f3 dokumentumokr\u00f3l?"}]},{"@type":"WebSite","@id":"https:\/\/dev.kompaktdesign.hu\/hodszolar.hu\/#website","url":"https:\/\/dev.kompaktdesign.hu\/hodszolar.hu\/","name":"H\u00f3dszol\u00e1r","description":"A v\u00e1s\u00e1rhelyi napelemes","publisher":{"@id":"https:\/\/dev.kompaktdesign.hu\/hodszolar.hu\/#organization"},"potentialAction":[{"@type":"SearchAction","target":{"@type":"EntryPoint","urlTemplate":"https:\/\/dev.kompaktdesign.hu\/hodszolar.hu\/?s={search_term_string}"},"query-input":"required name=search_term_string"}],"inLanguage":"hu"},{"@type":"Organization","@id":"https:\/\/dev.kompaktdesign.hu\/hodszolar.hu\/#organization","name":"H\u00f3dszol\u00e1r Kft.","url":"https:\/\/dev.kompaktdesign.hu\/hodszolar.hu\/","sameAs":["https:\/\/www.facebook.com\/hodszolar"],"logo":{"@type":"ImageObject","inLanguage":"hu","@id":"https:\/\/dev.kompaktdesign.hu\/hodszolar.hu\/#\/schema\/logo\/image\/","url":"https:\/\/dev.kompaktdesign.hu\/hodszolar.hu\/wp-content\/uploads\/2021\/05\/fvicon.png","contentUrl":"https:\/\/dev.kompaktdesign.hu\/hodszolar.hu\/wp-content\/uploads\/2021\/05\/fvicon.png","width":132,"height":132,"caption":"H\u00f3dszol\u00e1r Kft."},"image":{"@id":"https:\/\/dev.kompaktdesign.hu\/hodszolar.hu\/#\/schema\/logo\/image\/"}},{"@type":"Person","@id":"https:\/\/dev.kompaktdesign.hu\/hodszolar.hu\/#\/schema\/person\/a788af940a3d6b2829396312340dd08c","name":"H\u00f3dszol\u00e1r Kft.","image":{"@type":"ImageObject","inLanguage":"hu","@id":"https:\/\/dev.kompaktdesign.hu\/hodszolar.hu\/#\/schema\/person\/image\/","url":"https:\/\/secure.gravatar.com\/avatar\/38df000db6f2e93b7f0ccccf7714392424ca033738d34dfe71f19fdb70329830?s=96&d=mm&r=g","contentUrl":"https:\/\/secure.gravatar.com\/avatar\/38df000db6f2e93b7f0ccccf7714392424ca033738d34dfe71f19fdb70329830?s=96&d=mm&r=g","caption":"H\u00f3dszol\u00e1r Kft."},"url":"https:\/\/dev.kompaktdesign.hu\/hodszolar.hu\/author\/hodszolar\/"}]}},"_links":{"self":[{"href":"https:\/\/dev.kompaktdesign.hu\/hodszolar.hu\/wp-json\/wp\/v2\/posts\/357","targetHints":{"allow":["GET"]}}],"collection":[{"href":"https:\/\/dev.kompaktdesign.hu\/hodszolar.hu\/wp-json\/wp\/v2\/posts"}],"about":[{"href":"https:\/\/dev.kompaktdesign.hu\/hodszolar.hu\/wp-json\/wp\/v2\/types\/post"}],"author":[{"embeddable":true,"href":"https:\/\/dev.kompaktdesign.hu\/hodszolar.hu\/wp-json\/wp\/v2\/users\/3"}],"replies":[{"embeddable":true,"href":"https:\/\/dev.kompaktdesign.hu\/hodszolar.hu\/wp-json\/wp\/v2\/comments?post=357"}],"version-history":[{"count":1,"href":"https:\/\/dev.kompaktdesign.hu\/hodszolar.hu\/wp-json\/wp\/v2\/posts\/357\/revisions"}],"predecessor-version":[{"id":371,"href":"https:\/\/dev.kompaktdesign.hu\/hodszolar.hu\/wp-json\/wp\/v2\/posts\/357\/revisions\/371"}],"wp:featuredmedia":[{"embeddable":true,"href":"https:\/\/dev.kompaktdesign.hu\/hodszolar.hu\/wp-json\/wp\/v2\/media\/370"}],"wp:attachment":[{"href":"https:\/\/dev.kompaktdesign.hu\/hodszolar.hu\/wp-json\/wp\/v2\/media?parent=357"}],"wp:term":[{"taxonomy":"category","embeddable":true,"href":"https:\/\/dev.kompaktdesign.hu\/hodszolar.hu\/wp-json\/wp\/v2\/categories?post=357"},{"taxonomy":"post_tag","embeddable":true,"href":"https:\/\/dev.kompaktdesign.hu\/hodszolar.hu\/wp-json\/wp\/v2\/tags?post=357"}],"curies":[{"name":"wp","href":"https:\/\/api.w.org\/{rel}","templated":true}]}}