{"id":392,"date":"2021-06-10T13:57:04","date_gmt":"2021-06-10T13:57:04","guid":{"rendered":"https:\/\/hodszolar.hu\/?p=392"},"modified":"2021-06-10T13:59:06","modified_gmt":"2021-06-10T13:59:06","slug":"fronius-inverter-garancia-hosszabbitas-es-regisztracio","status":"publish","type":"post","link":"https:\/\/dev.kompaktdesign.hu\/hodszolar.hu\/2021\/06\/10\/fronius-inverter-garancia-hosszabbitas-es-regisztracio\/","title":{"rendered":"FRONIUS inverter garancia hosszabb\u00edt\u00e1s \u00e9s regisztr\u00e1ci\u00f3"},"content":{"rendered":"\n<p>A garanci\u00e1t akkor lehet \u00e9rv\u00e9nyes\u00edteni, ha<br>- a term\u00e9kk\u00f6rbe tartoz\u00f3 term\u00e9knek olyan anyag- vagy gy\u00e1rt\u00e1si hib\u00e1ja van, amely\u00e9rt a FRONIUS felel\u0151s,<br>- ez a hiba befoly\u00e1solja a term\u00e9kk\u00f6rbe tartoz\u00f3 term\u00e9k m\u0171k\u00f6d\u00e9s\u00e9t,<br>- a hiba a term\u00e9kk\u00f6rbe tartoz\u00f3 term\u00e9k rendes haszn\u00e1lata k\u00f6zben jelentkezik,<br>- \u00e9s a garanci\u00e1ra jogosult szem\u00e9ly nincs kiz\u00e1rva a j\u00f3t\u00e1ll\u00e1sb\u00f3l.<br>Azok a hib\u00e1k, amelyek nem befoly\u00e1solj\u00e1k a term\u00e9k rendeltet\u00e9sszer\u0171 m\u0171k\u00f6d\u00e9s\u00e9t (optikai k\u00e1rosod\u00e1sok, sz\u00e9ps\u00e9ghib\u00e1k), nem tartoznak a jelen garancia hat\u00e1lya al\u00e1.<\/p>\n\n\n\n<p>A FRONIUS a term\u00e9kk\u00f6rbe tartoz\u00f3 term\u00e9kekre k\u00fcl\u00f6nb\u00f6z\u0151 (d\u00edjk\u00f6teles vagy ingyenes) garancia-hosszabb\u00edt\u00e1si<br>lehet\u0151s\u00e9geket biztos\u00edt. A garanciahosszabb\u00edt\u00e1sokra mindig az eredeti garanciaszerz\u0151d\u00e9s megk\u00f6t\u00e9s\u00e9nek id\u0151pontj\u00e1ban \u00e9rv\u00e9nyes j\u00f3t\u00e1ll\u00e1si felt\u00e9telek vonatkoznak.<\/p>\n\n\n\n<figure class=\"wp-block-image size-large is-resized\"><img loading=\"lazy\" decoding=\"async\" src=\"https:\/\/dev.kompaktdesign.hu\/hodszolar.hu\/wp-content\/uploads\/2021\/06\/fronius_symo.png\" alt=\"\" class=\"wp-image-393\" width=\"837\" height=\"437\"\/><\/figure>\n\n\n\n<figure class=\"wp-block-image size-large is-resized\"><img loading=\"lazy\" decoding=\"async\" src=\"https:\/\/dev.kompaktdesign.hu\/hodszolar.hu\/wp-content\/uploads\/2021\/06\/1.png\" alt=\"\" class=\"wp-image-394\" width=\"786\" height=\"287\"\/><\/figure>\n\n\n\n<p><strong><em>Az \u00d6nh\u00f6z be\u00fczemelt inverter regisztr\u00e1l\u00e1s\u00e1t a H\u00f3dszol\u00e1r Kft. int\u00e9zi, azonban \u00d6nnek lehet\u0151s\u00e9ge van v\u00e1lasztani a FRONIUS GARANCIA \u00e9s a FRONIUS PLUSZ GARANCIA k\u00f6z\u00fcl!<\/em><\/strong><\/p>\n\n\n\n<figure class=\"wp-block-image size-large is-resized\"><img loading=\"lazy\" decoding=\"async\" src=\"https:\/\/dev.kompaktdesign.hu\/hodszolar.hu\/wp-content\/uploads\/2021\/06\/2.png\" alt=\"\" class=\"wp-image-395\" width=\"788\" height=\"153\"\/><\/figure>\n\n\n\n<p>Amennyiben nem a Fronius Plusz Garanci\u00e1t v\u00e1lasztja, a szerel\u00e9s \u00e9s sz\u00e1ll\u00edt\u00e1si k\u00f6lts\u00e9get \u00d6nnek kell finansz\u00edroznia jav\u00edt\u00e1s eset\u00e9n, viszont 2 \u00e9vvel tov\u00e1bb \u00e9l a garancia, m\u00edg a FRONIUS PLUSZ v\u00e1laszt\u00e1s\u00e1val \u00f6sszesen 5 \u00e9v teljesk\u00f6r\u0171 garanci\u00e1ban r\u00e9szes\u00fcl.<\/p>\n","protected":false},"excerpt":{"rendered":"<p>A garanci\u00e1t akkor lehet \u00e9rv\u00e9nyes\u00edteni, ha- a term\u00e9kk\u00f6rbe tartoz\u00f3 term\u00e9knek olyan anyag- vagy gy\u00e1rt\u00e1si hib\u00e1ja van, amely\u00e9rt a FRONIUS felel\u0151s,- ez a hiba befoly\u00e1solja a term\u00e9kk\u00f6rbe tartoz\u00f3 term\u00e9k m\u0171k\u00f6d\u00e9s\u00e9t,- a hiba a term\u00e9kk\u00f6rbe tartoz\u00f3 term\u00e9k rendes haszn\u00e1lata k\u00f6zben jelentkezik,- \u00e9s a garanci\u00e1ra jogosult szem\u00e9ly nincs kiz\u00e1rva a j\u00f3t\u00e1ll\u00e1sb\u00f3l.Azok a hib\u00e1k, amelyek nem befoly\u00e1solj\u00e1k a term\u00e9k [&hellip;]<\/p>\n","protected":false},"author":3,"featured_media":397,"comment_status":"open","ping_status":"open","sticky":false,"template":"","format":"standard","meta":{"footnotes":""},"categories":[1],"tags":[],"class_list":["post-392","post","type-post","status-publish","format-standard","has-post-thumbnail","hentry","category-egyeb"],"yoast_head":"<!-- This site is optimized with the Yoast SEO plugin v19.5.1 - https:\/\/yoast.com\/wordpress\/plugins\/seo\/ -->\n<title>FRONIUS inverter garancia hosszabb\u00edt\u00e1s \u00e9s regisztr\u00e1ci\u00f3 | H\u00f3dszol\u00e1r<\/title>\n<meta name=\"robots\" content=\"noindex, follow, max-snippet:-1, max-image-preview:large, max-video-preview:-1\" \/>\n<meta property=\"og:locale\" content=\"hu_HU\" \/>\n<meta property=\"og:type\" content=\"article\" \/>\n<meta property=\"og:title\" content=\"FRONIUS inverter garancia hosszabb\u00edt\u00e1s \u00e9s regisztr\u00e1ci\u00f3 | H\u00f3dszol\u00e1r\" \/>\n<meta property=\"og:description\" content=\"A garanci\u00e1t akkor lehet \u00e9rv\u00e9nyes\u00edteni, ha- a term\u00e9kk\u00f6rbe tartoz\u00f3 term\u00e9knek olyan anyag- vagy gy\u00e1rt\u00e1si hib\u00e1ja van, amely\u00e9rt a FRONIUS felel\u0151s,- ez a hiba befoly\u00e1solja a term\u00e9kk\u00f6rbe tartoz\u00f3 term\u00e9k m\u0171k\u00f6d\u00e9s\u00e9t,- a hiba a term\u00e9kk\u00f6rbe tartoz\u00f3 term\u00e9k rendes haszn\u00e1lata k\u00f6zben jelentkezik,- \u00e9s a garanci\u00e1ra jogosult szem\u00e9ly nincs kiz\u00e1rva a j\u00f3t\u00e1ll\u00e1sb\u00f3l.Azok a hib\u00e1k, amelyek nem befoly\u00e1solj\u00e1k a term\u00e9k [&hellip;]\" \/>\n<meta property=\"og:url\" content=\"https:\/\/dev.kompaktdesign.hu\/hodszolar.hu\/2021\/06\/10\/fronius-inverter-garancia-hosszabbitas-es-regisztracio\/\" \/>\n<meta property=\"og:site_name\" content=\"H\u00f3dszol\u00e1r\" \/>\n<meta property=\"article:publisher\" content=\"https:\/\/www.facebook.com\/hodszolar\" \/>\n<meta property=\"article:published_time\" content=\"2021-06-10T13:57:04+00:00\" \/>\n<meta property=\"article:modified_time\" content=\"2021-06-10T13:59:06+00:00\" \/>\n<meta property=\"og:image\" content=\"https:\/\/dev.kompaktdesign.hu\/hodszolar.hu\/wp-content\/uploads\/2021\/06\/New-Fronius-Primo-5kW-inverter-Longi-300-watt-Mono-Perc-6.6kW-solar-system.jpg\" \/>\n\t<meta property=\"og:image:width\" content=\"400\" \/>\n\t<meta property=\"og:image:height\" content=\"400\" \/>\n\t<meta property=\"og:image:type\" content=\"image\/jpeg\" \/>\n<meta name=\"author\" content=\"H\u00f3dszol\u00e1r Kft.\" \/>\n<meta name=\"twitter:card\" content=\"summary_large_image\" \/>\n<meta name=\"twitter:label1\" content=\"Szerz\u0151:\" \/>\n\t<meta name=\"twitter:data1\" content=\"H\u00f3dszol\u00e1r Kft.\" \/>\n\t<meta name=\"twitter:label2\" content=\"Becs\u00fclt olvas\u00e1si id\u0151\" \/>\n\t<meta name=\"twitter:data2\" content=\"2 perc\" \/>\n<script type=\"application\/ld+json\" class=\"yoast-schema-graph\">{\"@context\":\"https:\/\/schema.org\",\"@graph\":[{\"@type\":\"Article\",\"@id\":\"https:\/\/dev.kompaktdesign.hu\/hodszolar.hu\/2021\/06\/10\/fronius-inverter-garancia-hosszabbitas-es-regisztracio\/#article\",\"isPartOf\":{\"@id\":\"https:\/\/dev.kompaktdesign.hu\/hodszolar.hu\/2021\/06\/10\/fronius-inverter-garancia-hosszabbitas-es-regisztracio\/\"},\"author\":{\"name\":\"H\u00f3dszol\u00e1r Kft.\",\"@id\":\"https:\/\/dev.kompaktdesign.hu\/hodszolar.hu\/#\/schema\/person\/a788af940a3d6b2829396312340dd08c\"},\"headline\":\"FRONIUS inverter garancia hosszabb\u00edt\u00e1s \u00e9s regisztr\u00e1ci\u00f3\",\"datePublished\":\"2021-06-10T13:57:04+00:00\",\"dateModified\":\"2021-06-10T13:59:06+00:00\",\"mainEntityOfPage\":{\"@id\":\"https:\/\/dev.kompaktdesign.hu\/hodszolar.hu\/2021\/06\/10\/fronius-inverter-garancia-hosszabbitas-es-regisztracio\/\"},\"wordCount\":267,\"commentCount\":0,\"publisher\":{\"@id\":\"https:\/\/dev.kompaktdesign.hu\/hodszolar.hu\/#organization\"},\"articleSection\":[\"Egy\u00e9b kateg\u00f3ria\"],\"inLanguage\":\"hu\",\"potentialAction\":[{\"@type\":\"CommentAction\",\"name\":\"Comment\",\"target\":[\"https:\/\/dev.kompaktdesign.hu\/hodszolar.hu\/2021\/06\/10\/fronius-inverter-garancia-hosszabbitas-es-regisztracio\/#respond\"]}]},{\"@type\":\"WebPage\",\"@id\":\"https:\/\/dev.kompaktdesign.hu\/hodszolar.hu\/2021\/06\/10\/fronius-inverter-garancia-hosszabbitas-es-regisztracio\/\",\"url\":\"https:\/\/dev.kompaktdesign.hu\/hodszolar.hu\/2021\/06\/10\/fronius-inverter-garancia-hosszabbitas-es-regisztracio\/\",\"name\":\"FRONIUS inverter garancia hosszabb\u00edt\u00e1s \u00e9s regisztr\u00e1ci\u00f3 | H\u00f3dszol\u00e1r\",\"isPartOf\":{\"@id\":\"https:\/\/dev.kompaktdesign.hu\/hodszolar.hu\/#website\"},\"datePublished\":\"2021-06-10T13:57:04+00:00\",\"dateModified\":\"2021-06-10T13:59:06+00:00\",\"breadcrumb\":{\"@id\":\"https:\/\/dev.kompaktdesign.hu\/hodszolar.hu\/2021\/06\/10\/fronius-inverter-garancia-hosszabbitas-es-regisztracio\/#breadcrumb\"},\"inLanguage\":\"hu\",\"potentialAction\":[{\"@type\":\"ReadAction\",\"target\":[\"https:\/\/dev.kompaktdesign.hu\/hodszolar.hu\/2021\/06\/10\/fronius-inverter-garancia-hosszabbitas-es-regisztracio\/\"]}]},{\"@type\":\"BreadcrumbList\",\"@id\":\"https:\/\/dev.kompaktdesign.hu\/hodszolar.hu\/2021\/06\/10\/fronius-inverter-garancia-hosszabbitas-es-regisztracio\/#breadcrumb\",\"itemListElement\":[{\"@type\":\"ListItem\",\"position\":1,\"name\":\"Kezd\u0151lap\",\"item\":\"https:\/\/dev.kompaktdesign.hu\/hodszolar.hu\/\"},{\"@type\":\"ListItem\",\"position\":2,\"name\":\"FRONIUS inverter garancia hosszabb\u00edt\u00e1s \u00e9s regisztr\u00e1ci\u00f3\"}]},{\"@type\":\"WebSite\",\"@id\":\"https:\/\/dev.kompaktdesign.hu\/hodszolar.hu\/#website\",\"url\":\"https:\/\/dev.kompaktdesign.hu\/hodszolar.hu\/\",\"name\":\"H\u00f3dszol\u00e1r\",\"description\":\"A v\u00e1s\u00e1rhelyi napelemes\",\"publisher\":{\"@id\":\"https:\/\/dev.kompaktdesign.hu\/hodszolar.hu\/#organization\"},\"potentialAction\":[{\"@type\":\"SearchAction\",\"target\":{\"@type\":\"EntryPoint\",\"urlTemplate\":\"https:\/\/dev.kompaktdesign.hu\/hodszolar.hu\/?s={search_term_string}\"},\"query-input\":\"required name=search_term_string\"}],\"inLanguage\":\"hu\"},{\"@type\":\"Organization\",\"@id\":\"https:\/\/dev.kompaktdesign.hu\/hodszolar.hu\/#organization\",\"name\":\"H\u00f3dszol\u00e1r Kft.\",\"url\":\"https:\/\/dev.kompaktdesign.hu\/hodszolar.hu\/\",\"sameAs\":[\"https:\/\/www.facebook.com\/hodszolar\"],\"logo\":{\"@type\":\"ImageObject\",\"inLanguage\":\"hu\",\"@id\":\"https:\/\/dev.kompaktdesign.hu\/hodszolar.hu\/#\/schema\/logo\/image\/\",\"url\":\"https:\/\/dev.kompaktdesign.hu\/hodszolar.hu\/wp-content\/uploads\/2021\/05\/fvicon.png\",\"contentUrl\":\"https:\/\/dev.kompaktdesign.hu\/hodszolar.hu\/wp-content\/uploads\/2021\/05\/fvicon.png\",\"width\":132,\"height\":132,\"caption\":\"H\u00f3dszol\u00e1r Kft.\"},\"image\":{\"@id\":\"https:\/\/dev.kompaktdesign.hu\/hodszolar.hu\/#\/schema\/logo\/image\/\"}},{\"@type\":\"Person\",\"@id\":\"https:\/\/dev.kompaktdesign.hu\/hodszolar.hu\/#\/schema\/person\/a788af940a3d6b2829396312340dd08c\",\"name\":\"H\u00f3dszol\u00e1r Kft.\",\"image\":{\"@type\":\"ImageObject\",\"inLanguage\":\"hu\",\"@id\":\"https:\/\/dev.kompaktdesign.hu\/hodszolar.hu\/#\/schema\/person\/image\/\",\"url\":\"https:\/\/secure.gravatar.com\/avatar\/38df000db6f2e93b7f0ccccf7714392424ca033738d34dfe71f19fdb70329830?s=96&d=mm&r=g\",\"contentUrl\":\"https:\/\/secure.gravatar.com\/avatar\/38df000db6f2e93b7f0ccccf7714392424ca033738d34dfe71f19fdb70329830?s=96&d=mm&r=g\",\"caption\":\"H\u00f3dszol\u00e1r Kft.\"},\"url\":\"https:\/\/dev.kompaktdesign.hu\/hodszolar.hu\/author\/hodszolar\/\"}]}<\/script>\n<!-- \/ Yoast SEO plugin. -->","yoast_head_json":{"title":"FRONIUS inverter garancia hosszabb\u00edt\u00e1s \u00e9s regisztr\u00e1ci\u00f3 | H\u00f3dszol\u00e1r","robots":{"index":"noindex","follow":"follow","max-snippet":"max-snippet:-1","max-image-preview":"max-image-preview:large","max-video-preview":"max-video-preview:-1"},"og_locale":"hu_HU","og_type":"article","og_title":"FRONIUS inverter garancia hosszabb\u00edt\u00e1s \u00e9s regisztr\u00e1ci\u00f3 | H\u00f3dszol\u00e1r","og_description":"A garanci\u00e1t akkor lehet \u00e9rv\u00e9nyes\u00edteni, ha- a term\u00e9kk\u00f6rbe tartoz\u00f3 term\u00e9knek olyan anyag- vagy gy\u00e1rt\u00e1si hib\u00e1ja van, amely\u00e9rt a FRONIUS felel\u0151s,- ez a hiba befoly\u00e1solja a term\u00e9kk\u00f6rbe tartoz\u00f3 term\u00e9k m\u0171k\u00f6d\u00e9s\u00e9t,- a hiba a term\u00e9kk\u00f6rbe tartoz\u00f3 term\u00e9k rendes haszn\u00e1lata k\u00f6zben jelentkezik,- \u00e9s a garanci\u00e1ra jogosult szem\u00e9ly nincs kiz\u00e1rva a j\u00f3t\u00e1ll\u00e1sb\u00f3l.Azok a hib\u00e1k, amelyek nem befoly\u00e1solj\u00e1k a term\u00e9k [&hellip;]","og_url":"https:\/\/dev.kompaktdesign.hu\/hodszolar.hu\/2021\/06\/10\/fronius-inverter-garancia-hosszabbitas-es-regisztracio\/","og_site_name":"H\u00f3dszol\u00e1r","article_publisher":"https:\/\/www.facebook.com\/hodszolar","article_published_time":"2021-06-10T13:57:04+00:00","article_modified_time":"2021-06-10T13:59:06+00:00","og_image":[{"width":400,"height":400,"url":"https:\/\/dev.kompaktdesign.hu\/hodszolar.hu\/wp-content\/uploads\/2021\/06\/New-Fronius-Primo-5kW-inverter-Longi-300-watt-Mono-Perc-6.6kW-solar-system.jpg","type":"image\/jpeg"}],"author":"H\u00f3dszol\u00e1r Kft.","twitter_card":"summary_large_image","twitter_misc":{"Szerz\u0151:":"H\u00f3dszol\u00e1r Kft.","Becs\u00fclt olvas\u00e1si id\u0151":"2 perc"},"schema":{"@context":"https:\/\/schema.org","@graph":[{"@type":"Article","@id":"https:\/\/dev.kompaktdesign.hu\/hodszolar.hu\/2021\/06\/10\/fronius-inverter-garancia-hosszabbitas-es-regisztracio\/#article","isPartOf":{"@id":"https:\/\/dev.kompaktdesign.hu\/hodszolar.hu\/2021\/06\/10\/fronius-inverter-garancia-hosszabbitas-es-regisztracio\/"},"author":{"name":"H\u00f3dszol\u00e1r Kft.","@id":"https:\/\/dev.kompaktdesign.hu\/hodszolar.hu\/#\/schema\/person\/a788af940a3d6b2829396312340dd08c"},"headline":"FRONIUS inverter garancia hosszabb\u00edt\u00e1s \u00e9s regisztr\u00e1ci\u00f3","datePublished":"2021-06-10T13:57:04+00:00","dateModified":"2021-06-10T13:59:06+00:00","mainEntityOfPage":{"@id":"https:\/\/dev.kompaktdesign.hu\/hodszolar.hu\/2021\/06\/10\/fronius-inverter-garancia-hosszabbitas-es-regisztracio\/"},"wordCount":267,"commentCount":0,"publisher":{"@id":"https:\/\/dev.kompaktdesign.hu\/hodszolar.hu\/#organization"},"articleSection":["Egy\u00e9b kateg\u00f3ria"],"inLanguage":"hu","potentialAction":[{"@type":"CommentAction","name":"Comment","target":["https:\/\/dev.kompaktdesign.hu\/hodszolar.hu\/2021\/06\/10\/fronius-inverter-garancia-hosszabbitas-es-regisztracio\/#respond"]}]},{"@type":"WebPage","@id":"https:\/\/dev.kompaktdesign.hu\/hodszolar.hu\/2021\/06\/10\/fronius-inverter-garancia-hosszabbitas-es-regisztracio\/","url":"https:\/\/dev.kompaktdesign.hu\/hodszolar.hu\/2021\/06\/10\/fronius-inverter-garancia-hosszabbitas-es-regisztracio\/","name":"FRONIUS inverter garancia hosszabb\u00edt\u00e1s \u00e9s regisztr\u00e1ci\u00f3 | H\u00f3dszol\u00e1r","isPartOf":{"@id":"https:\/\/dev.kompaktdesign.hu\/hodszolar.hu\/#website"},"datePublished":"2021-06-10T13:57:04+00:00","dateModified":"2021-06-10T13:59:06+00:00","breadcrumb":{"@id":"https:\/\/dev.kompaktdesign.hu\/hodszolar.hu\/2021\/06\/10\/fronius-inverter-garancia-hosszabbitas-es-regisztracio\/#breadcrumb"},"inLanguage":"hu","potentialAction":[{"@type":"ReadAction","target":["https:\/\/dev.kompaktdesign.hu\/hodszolar.hu\/2021\/06\/10\/fronius-inverter-garancia-hosszabbitas-es-regisztracio\/"]}]},{"@type":"BreadcrumbList","@id":"https:\/\/dev.kompaktdesign.hu\/hodszolar.hu\/2021\/06\/10\/fronius-inverter-garancia-hosszabbitas-es-regisztracio\/#breadcrumb","itemListElement":[{"@type":"ListItem","position":1,"name":"Kezd\u0151lap","item":"https:\/\/dev.kompaktdesign.hu\/hodszolar.hu\/"},{"@type":"ListItem","position":2,"name":"FRONIUS inverter garancia hosszabb\u00edt\u00e1s \u00e9s regisztr\u00e1ci\u00f3"}]},{"@type":"WebSite","@id":"https:\/\/dev.kompaktdesign.hu\/hodszolar.hu\/#website","url":"https:\/\/dev.kompaktdesign.hu\/hodszolar.hu\/","name":"H\u00f3dszol\u00e1r","description":"A v\u00e1s\u00e1rhelyi napelemes","publisher":{"@id":"https:\/\/dev.kompaktdesign.hu\/hodszolar.hu\/#organization"},"potentialAction":[{"@type":"SearchAction","target":{"@type":"EntryPoint","urlTemplate":"https:\/\/dev.kompaktdesign.hu\/hodszolar.hu\/?s={search_term_string}"},"query-input":"required name=search_term_string"}],"inLanguage":"hu"},{"@type":"Organization","@id":"https:\/\/dev.kompaktdesign.hu\/hodszolar.hu\/#organization","name":"H\u00f3dszol\u00e1r Kft.","url":"https:\/\/dev.kompaktdesign.hu\/hodszolar.hu\/","sameAs":["https:\/\/www.facebook.com\/hodszolar"],"logo":{"@type":"ImageObject","inLanguage":"hu","@id":"https:\/\/dev.kompaktdesign.hu\/hodszolar.hu\/#\/schema\/logo\/image\/","url":"https:\/\/dev.kompaktdesign.hu\/hodszolar.hu\/wp-content\/uploads\/2021\/05\/fvicon.png","contentUrl":"https:\/\/dev.kompaktdesign.hu\/hodszolar.hu\/wp-content\/uploads\/2021\/05\/fvicon.png","width":132,"height":132,"caption":"H\u00f3dszol\u00e1r Kft."},"image":{"@id":"https:\/\/dev.kompaktdesign.hu\/hodszolar.hu\/#\/schema\/logo\/image\/"}},{"@type":"Person","@id":"https:\/\/dev.kompaktdesign.hu\/hodszolar.hu\/#\/schema\/person\/a788af940a3d6b2829396312340dd08c","name":"H\u00f3dszol\u00e1r Kft.","image":{"@type":"ImageObject","inLanguage":"hu","@id":"https:\/\/dev.kompaktdesign.hu\/hodszolar.hu\/#\/schema\/person\/image\/","url":"https:\/\/secure.gravatar.com\/avatar\/38df000db6f2e93b7f0ccccf7714392424ca033738d34dfe71f19fdb70329830?s=96&d=mm&r=g","contentUrl":"https:\/\/secure.gravatar.com\/avatar\/38df000db6f2e93b7f0ccccf7714392424ca033738d34dfe71f19fdb70329830?s=96&d=mm&r=g","caption":"H\u00f3dszol\u00e1r Kft."},"url":"https:\/\/dev.kompaktdesign.hu\/hodszolar.hu\/author\/hodszolar\/"}]}},"_links":{"self":[{"href":"https:\/\/dev.kompaktdesign.hu\/hodszolar.hu\/wp-json\/wp\/v2\/posts\/392","targetHints":{"allow":["GET"]}}],"collection":[{"href":"https:\/\/dev.kompaktdesign.hu\/hodszolar.hu\/wp-json\/wp\/v2\/posts"}],"about":[{"href":"https:\/\/dev.kompaktdesign.hu\/hodszolar.hu\/wp-json\/wp\/v2\/types\/post"}],"author":[{"embeddable":true,"href":"https:\/\/dev.kompaktdesign.hu\/hodszolar.hu\/wp-json\/wp\/v2\/users\/3"}],"replies":[{"embeddable":true,"href":"https:\/\/dev.kompaktdesign.hu\/hodszolar.hu\/wp-json\/wp\/v2\/comments?post=392"}],"version-history":[{"count":1,"href":"https:\/\/dev.kompaktdesign.hu\/hodszolar.hu\/wp-json\/wp\/v2\/posts\/392\/revisions"}],"predecessor-version":[{"id":396,"href":"https:\/\/dev.kompaktdesign.hu\/hodszolar.hu\/wp-json\/wp\/v2\/posts\/392\/revisions\/396"}],"wp:featuredmedia":[{"embeddable":true,"href":"https:\/\/dev.kompaktdesign.hu\/hodszolar.hu\/wp-json\/wp\/v2\/media\/397"}],"wp:attachment":[{"href":"https:\/\/dev.kompaktdesign.hu\/hodszolar.hu\/wp-json\/wp\/v2\/media?parent=392"}],"wp:term":[{"taxonomy":"category","embeddable":true,"href":"https:\/\/dev.kompaktdesign.hu\/hodszolar.hu\/wp-json\/wp\/v2\/categories?post=392"},{"taxonomy":"post_tag","embeddable":true,"href":"https:\/\/dev.kompaktdesign.hu\/hodszolar.hu\/wp-json\/wp\/v2\/tags?post=392"}],"curies":[{"name":"wp","href":"https:\/\/api.w.org\/{rel}","templated":true}]}}