{"id":411,"date":"2021-07-01T11:33:36","date_gmt":"2021-07-01T11:33:36","guid":{"rendered":"https:\/\/hodszolar.hu\/?p=411"},"modified":"2021-07-01T11:33:36","modified_gmt":"2021-07-01T11:33:36","slug":"szaldo-vagy-brutto-elszamolas","status":"publish","type":"post","link":"https:\/\/dev.kompaktdesign.hu\/hodszolar.hu\/2021\/07\/01\/szaldo-vagy-brutto-elszamolas\/","title":{"rendered":"Szald\u00f3 vagy brutt\u00f3 elsz\u00e1mol\u00e1s"},"content":{"rendered":"\n<p>2021. j\u00fanius 30-\u00e1n megjelent\u00a0Magyar K\u00f6zl\u00f6ny\u00a0alapj\u00e1n nem l\u00e9p \u00e9letbe az a rendelet, miszerint az otthonfel\u00faj\u00edt\u00e1si t\u00e1mogat\u00e1s ig\u00e9nybev\u00e9tel\u00e9nek felt\u00e9tele, hogy amennyiben j\u00fanius 30-a ut\u00e1n k\u00f6ttetik a h\u00e1l\u00f3zati csatlakoz\u00e1si szerz\u0151d\u00e9s, az m\u00e1r csak brutt\u00f3 elsz\u00e1mol\u00e1ssal lehets\u00e9ges.<\/p>\n\n\n\n<p><strong>Marad egyel\u0151re teh\u00e1t a szald\u00f3 elsz\u00e1mol\u00e1s az otthonfel\u00faj\u00edt\u00e1si t\u00e1mogat\u00e1s eset\u00e9ben!<\/strong><\/p>\n\n\n\n<p><strong>Besz\u00e9lj\u00fcnk az elsz\u00e1mol\u00e1sr\u00f3l<\/strong>:<\/p>\n\n\n\n<p>Egy napelemes rendszer nem egyenletesen termel az \u00e9v sor\u00e1n, vagy a h\u00f3napok sor\u00e1n, de m\u00e9g a napok sor\u00e1n sem. A napelemes rendszer nappal termel, \u00e9s a nappali termel\u00e9s mennyis\u00e9ge ak\u00e1r 400%-kal magasabb lehet ny\u00e1ron, mint t\u00e9len. Teh\u00e1t az \u00e9v sor\u00e1n a napelemes rendszer \u00e1ltal termelt energia nagy r\u00e9sze ny\u00e1ron termel\u0151dik, napk\u00f6zben.<\/p>\n\n\n\n<p>Mi azonban nemcsak napk\u00f6zben \u00e9s ny\u00e1ron fogyasztunk \u00e1ramot, hanem folyamatosan, est\u00e9nk\u00e9nt \u00e9s \u00e9jszak\u00e1nk\u00e9nt is, valamint t\u00e9len. A ny\u00e1ri napi termel\u00e9st pedig nem fogyasztjuk el mindet azonnal. Amit nem fogyasztunk el, azt a rendszer\u00fcnk visszat\u00e1pl\u00e1lja a h\u00e1l\u00f3zatba, az \u00e1ramszolg\u00e1ltat\u00f3 m\u00e1shol hasznos\u00edtja ezt az \u00e1ramot, amit pedig olyankor fogyasztunk, amikor nem termel a rendszer\u00fcnk, pl. \u00e9jszaka, azt a h\u00e1l\u00f3zatb\u00f3l vessz\u00fck az \u00e1ramszolg\u00e1ltat\u00f3t\u00f3l.<\/p>\n\n\n\n<p><strong>3 k\u00fcl\u00f6nb\u00f6z\u0151 m\u00f3don felhaszn\u00e1lt energia k\u00f6z\u00f6tt tehet\u00fcnk k\u00fcl\u00f6nbs\u00e9get:<\/strong><\/p>\n\n\n\n<ol class=\"wp-block-list\" type=\"1\"><li>megtermelt \u00e9s azonnal el is fogyasztott energia<\/li><li>megtermelt \u00e9s azonnal el nem fogyasztott (h\u00e1l\u00f3zatba t\u00e1pl\u00e1lt)<\/li><li>a h\u00e1l\u00f3zatb\u00f3l vett energia (amikor nem, vagy nem eleget termel a rendszer\u00fcnk)<\/li><\/ol>\n\n\n\n<p>Ahhoz, hogy igazs\u00e1gos legyen a rendszer, sz\u00fcks\u00e9ges egy \u00e9ves elsz\u00e1mol\u00e1s, amely \u00f6sszes\u00edti ezeket, \u00e9s kisz\u00e1molja, hogy mi tartozunk az \u00e1ramszolg\u00e1ltat\u00f3nak, vagy az \u00e1ramszolg\u00e1ltat\u00f3 nek\u00fcnk.<\/p>\n\n\n\n<p><strong>Hogyan t\u00f6rt\u00e9nik az elsz\u00e1mol\u00e1s, \u00e9s mi v\u00e1rhat\u00f3 a j\u00f6v\u0151ben?<\/strong><\/p>\n\n\n\n<p><strong>Szald\u00f3 elsz\u00e1mol\u00e1s:<\/strong><\/p>\n\n\n\n<p>A szald\u00f3 elsz\u00e1mol\u00e1s azt jelenti, hogy\u00a0az \u00e1ramszolg\u00e1ltat\u00f3 \u00e9vente megn\u00e9zi, mennyit termelt a napelemes rendszer\u00fcnk, valamint mennyit fogyasztottunk az adott \u00e9vben, \u00e9s a kett\u0151 k\u00fcl\u00f6nb\u00f6zet\u00e9t vagy nek\u00fcnk kell rendezn\u00fcnk az \u00e1ramszolg\u00e1ltat\u00f3 fel\u00e9\u00a0(amennyiben t\u00f6bbet fogyasztottunk, mint termelt\u00fcnk),\u00a0vagy az \u00e1ramszolg\u00e1ltat\u00f3t\u00f3l ig\u00e9nyelhet\u0151 vissza egy bizonyos \u00f6sszeg, ha t\u00f6bbet termelt\u00fcnk, mint amennyit fogyasztottunk.<\/p>\n\n\n\n<p>A ma is haszn\u00e1lt \u00e9ves szald\u00f3s rendszerben teh\u00e1t az \u00e1ram \u00e1ra mag\u00e1nszem\u00e9lyekn\u00e9l (a visszaig\u00e9nyelhet\u0151 t\u00faltermel\u00e9st kiv\u00e9ve, err\u0151l lentebb \u00edrunk) minden esetben nagyj\u00e1b\u00f3l 38 Ft (\u00e1ramd\u00edj \/ kWh + rendszerhaszn\u00e1lati d\u00edj + \u00c1FA).<\/p>\n\n\n\n<p><strong>N\u00e9zz\u00fcnk egy \u00e1tlagos csal\u00e1dot p\u00e9ldak\u00e9nt<\/strong>!<\/p>\n\n\n\n<p>A csal\u00e1d 5900 kWh-t fogyaszt \u00e9vente, ez \u00e9vi 224 200 Ft-os villanysz\u00e1ml\u00e1t jelent (havi majdnem 19 000 Ft-ot).<\/p>\n\n\n\n<figure class=\"wp-block-image size-large\"><img loading=\"lazy\" decoding=\"async\" width=\"656\" height=\"492\" src=\"https:\/\/dev.kompaktdesign.hu\/hodszolar.hu\/wp-content\/uploads\/2021\/07\/blog.jpg\" alt=\"\" class=\"wp-image-412\"\/><\/figure>\n\n\n\n<p>Ahhoz, hogy kiv\u00e1lts\u00e1k az \u00e9ves fogyaszt\u00e1sukat, telep\u00edttetnek egy 5 kW-os napelemes rendszert, ami \u00e9vente pont az \u0151 fogyaszt\u00e1sukat tudja majd fedezni. Felker\u00fcl a napelemes rendszer, m\u00f3dosul a h\u00e1l\u00f3zati csatlakoz\u00e1si szerz\u0151d\u00e9s a csal\u00e1d \u00e9s az \u00e1ramszolg\u00e1ltat\u00f3 k\u00f6z\u00f6tt, \u00e9s elkezd\u0151dik az \u00e9ves szald\u00f3 elsz\u00e1mol\u00e1s.<\/p>\n\n\n\n<p>A Minta csal\u00e1d napelemes rendszere<\/p>\n\n\n\n<ul class=\"wp-block-list\"><li>\u00e9ves termel\u00e9s\u00e9nek (5900 kWh) 40%-\u00e1t, azaz 2360 kWh-t fogyasztja el azonnal<\/li><li>\u00e9ves termel\u00e9s\u00e9nek (5900 kWh) 60%-\u00e1t, teh\u00e1t 3540 kWh-t t\u00e1pl\u00e1lja vissza a h\u00e1l\u00f3zatba<\/li><li>majd megv\u00e1s\u00e1rolja az ut\u00f3bbit (3 540 kWh) olyankor, amikor a rendszere nem termel.<\/li><\/ul>\n\n\n\n<p>Mivel ezek kiegyenl\u00edtik egym\u00e1st, nem keletkezik villanysz\u00e1mla.<\/p>\n\n\n\n<figure class=\"wp-block-image size-large is-resized\"><img loading=\"lazy\" decoding=\"async\" src=\"https:\/\/dev.kompaktdesign.hu\/hodszolar.hu\/wp-content\/uploads\/2021\/07\/kep-1.png\" alt=\"\" class=\"wp-image-414\" width=\"684\" height=\"146\"\/><\/figure>\n\n\n\n<p><strong>Ha a napelemes rendszer 1 800 000 Ft-ba ker\u00fclt a Minta csal\u00e1dnak, akkor a megt\u00e9r\u00fcl\u00e9s a k\u00f6vetkez\u0151k\u00e9ppen alakul:<\/strong><strong><\/strong><\/p>\n\n\n\n<p>Mivel \u0151k \u00e9vente a 224 200 Ft-os villanysz\u00e1mla helyett 0 Ft-ot fizetnek,\u00a0\u00e9vi 224 200 Ft-ot takar\u00edthatnak meg.\u00a0 A megt\u00e9r\u00fcl\u00e9s \u00edgy 1 800 000 Ft \/ 224 200 Ft = 8 \u00e9v lesz.<\/p>\n\n\n\n<p><strong>T\u00faltermel\u00e9s vagy alultermel\u00e9s<\/strong><\/p>\n\n\n\n<p>Ha a csal\u00e1d az adott \u00e9vben nem fogyasztja el a napelemes rendszer \u00e1ltal megtermelt 5900 kWh energi\u00e1t, hanem kevesebbet fogyaszt -tegy\u00fck fel- 1000 kWh-val, akkor t\u00faltermel\u00e9sr\u0151l besz\u00e9l\u00fcnk.<\/p>\n\n\n\n<p>Ez az egyetlen olyan eset jelenleg, amikor az \u00e1r nem 38 Ft \/ kWh, hanem csak nagyj\u00e1b\u00f3l 14 Ft. \u00cdgy a csal\u00e1d \u00e9v v\u00e9g\u00e9n visszaig\u00e9nyelhet 1000 * 14 Ft-ot, azaz 14 000 Ft-ot.<\/p>\n\n\n\n<p>Ha azonban a csal\u00e1d az adott \u00e9vben nem kevesebbet, hanem t\u00f6bbet fogyasztott ann\u00e1l, amit a napelemes rendszere termelt, mondjuk szint\u00e9n 1000 kWh-val, akkor \u00e9v v\u00e9g\u00e9n az \u00e1ramszolg\u00e1ltat\u00f3 beny\u00fajtja a sz\u00e1ml\u00e1t a szok\u00e1sos 38 Ft-os \u00e1rral sz\u00e1molva, \u00edgy a Minta csal\u00e1d 1000 *38 = 38 000 Ft-ot fizet az \u00e9v v\u00e9g\u00e9n.<\/p>\n\n\n\n<p>A szald\u00f3 elsz\u00e1mol\u00e1s a 2023 v\u00e9g\u00e9ig telep\u00edtett napelemes rendszerekn\u00e9l \u00e9rv\u00e9nyes, \u00e9s ezek eset\u00e9ben a szald\u00f3 elsz\u00e1mol\u00e1s megmarad 2024 ut\u00e1n is!<\/p>\n\n\n\n<p><strong>Brutt\u00f3 elsz\u00e1mol\u00e1s \u2013 ami 2024-t\u0151l j\u00f6n<\/strong><\/p>\n\n\n\n<p>Friss inform\u00e1ci\u00f3 a 2021. j\u00fanius 30-\u00e1n megjelent\u00a0Magyar K\u00f6zl\u00f6ny\u00a0alapj\u00e1n, hogy a korm\u00e1ny elt\u00f6r\u00f6lte azt a kor\u00e1bbi rendeletet, miszerint a j\u00fanius 30. ut\u00e1n k\u00f6t\u00f6tt h\u00e1l\u00f3zati csatlakoz\u00e1si szerz\u0151d\u00e9st m\u00e1r brutt\u00f3 elsz\u00e1mol\u00e1ssal sz\u00fcks\u00e9ges k\u00f6tni, amennyiben a tulajdonos otthonfel\u00faj\u00edt\u00e1si t\u00e1mogat\u00e1st szeretne ig\u00e9nybe venni.<\/p>\n\n\n\n<figure class=\"wp-block-image size-large\"><img loading=\"lazy\" decoding=\"async\" width=\"605\" height=\"340\" src=\"https:\/\/dev.kompaktdesign.hu\/hodszolar.hu\/wp-content\/uploads\/2021\/07\/kep.png\" alt=\"\" class=\"wp-image-413\"\/><\/figure>\n\n\n\n<p>Ez azt jelenti, hogy az \u00e1ramszolg\u00e1ltat\u00f3 m\u00e1s \u00e1ron fogja megv\u00e1s\u00e1rolni az \u00e1ltalunk h\u00e1l\u00f3zatba visszat\u00e1pl\u00e1lt energi\u00e1t, mint amennyi\u00e9rt mi v\u00e1s\u00e1roljuk az \u00e1ramot a h\u00e1l\u00f3zatb\u00f3l.&nbsp;<\/p>\n\n\n\n<p><strong>Az \u00e1r, amit az \u00e1ramszolg\u00e1ltat\u00f3 fog fizetni a h\u00e1l\u00f3zatba felt\u00e1pl\u00e1lt energi\u00e1\u00e9rt m\u00e9g nem ismert, ezt a korm\u00e1ny a k\u00e9s\u0151bbiekben fogja meghat\u00e1rozni.<\/strong><\/p>\n\n\n\n<p>A Magyar Napelem \u00e9s Napkollektor Sz\u00f6vets\u00e9g\u00a0javaslatai alapj\u00e1n\u00a0j\u00f3 es\u00e9ly van arra, hogy kedvez\u0151 \u00e1ron v\u00e1s\u00e1rolja az \u00e1ramszolg\u00e1ltat\u00f3 a napelemes rendszerek \u00e1ltal termelt \u00e1ramot.<\/p>\n\n\n\n<p><strong>Mindenesetre bemutatunk 2 esetet:<\/strong> amikor az \u00e1ramszolg\u00e1ltat\u00f3 20, vagy 25 Ft-\u00e9rt v\u00e1s\u00e1roln\u00e1 meg az \u00e1ltalunk a h\u00e1l\u00f3zatba visszat\u00e1pl\u00e1lt energi\u00e1t. N\u00e9zz\u00fck meg ism\u00e9t a csal\u00e1dot, akik egy 5 kW-os rendszert telep\u00edtettek!<\/p>\n\n\n\n<p>El\u0151sz\u00f6r vegy\u00fcnk egy \u2013 nem val\u00f3sz\u00edn\u0171, \u00e9s kedvez\u0151tlen \u2013 esetet: hogy az \u00e1ramszolg\u00e1ltat\u00f3 20 Ft-os \u00e1ron v\u00e1s\u00e1rolja t\u0151l\u00fcnk a h\u00e1l\u00f3zatba t\u00e1pl\u00e1lt energi\u00e1t.<\/p>\n\n\n\n<figure class=\"wp-block-image size-large is-resized\"><img loading=\"lazy\" decoding=\"async\" src=\"https:\/\/dev.kompaktdesign.hu\/hodszolar.hu\/wp-content\/uploads\/2021\/07\/kep-2.png\" alt=\"\" class=\"wp-image-415\" width=\"667\" height=\"169\"\/><\/figure>\n\n\n\n<p><strong>Az \u00e9ves megtakar\u00edt\u00e1s \u00edgy 224 200 \u2013 63 720 = 160 480 Ft<\/strong><\/p>\n\n\n\n<p><strong>A megt\u00e9r\u00fcl\u00e9s pedig 1 800 000 Ft \/ 160 480 Ft = 11,2 \u00e9v.<\/strong><\/p>\n\n\n\n<figure class=\"wp-block-image size-large is-resized\"><img loading=\"lazy\" decoding=\"async\" src=\"https:\/\/dev.kompaktdesign.hu\/hodszolar.hu\/wp-content\/uploads\/2021\/07\/kep-3.png\" alt=\"\" class=\"wp-image-416\" width=\"656\" height=\"157\"\/><\/figure>\n\n\n\n<p><strong>Az \u00e9ves megtakar\u00edt\u00e1s ebben az esetben 224 200 \u2013 46 020 = 178&nbsp;180 Ft<\/strong><strong><\/strong><\/p>\n\n\n\n<p><strong>A megt\u00e9r\u00fcl\u00e9s pedig 1 800 000 Ft \/ 178 180 Ft = 10,1 \u00e9v.<\/strong><\/p>\n\n\n\n<p><strong>Mikor t\u00f6rt\u00e9nik az \u00e1t\u00e1ll\u00e1s, \u00e9s mi lesz a mostani rendszerekkel?<\/strong><\/p>\n\n\n\n<p>A 2024-t\u0151l telep\u00edtett napelemes rendszerek eset\u00e9ben m\u00e1r az \u00faj, brutt\u00f3 elsz\u00e1mol\u00e1sos rendszert fogj\u00e1k alkalmazni.&nbsp;<\/p>\n\n\n\n<p>A 2024 el\u0151tt telep\u00edtett napelemes rendszerek eset\u00e9ben azonban megmarad a szald\u00f3 elsz\u00e1mol\u00e1s eg\u00e9szen addig, am\u00edg nincs sz\u00fcks\u00e9g \u00faj h\u00e1l\u00f3zati csatlakoz\u00e1si szerz\u0151d\u00e9sre (teh\u00e1t am\u00edg pl nincs invertercsere, aminek az aktu\u00e1list\u00f3l elt\u00e9r\u0151 a teljes\u00edtm\u00e9nye).<\/p>\n\n\n\n<p><strong>Mit javasol a H\u00f3dszol\u00e1r Kft.?<\/strong><\/p>\n\n\n\n<p>Azoknak, akik \u00f6ner\u0151b\u0151l finansz\u00edrozni tudj\u00e1k a napelemes rendszert, azt javasoljuk, v\u00e1gjanak bele, \u00e9s legyen meg a rendszer m\u00e9g b\u0151ven 2024. el\u0151tt, hogy r\u00e1juk m\u00e9g a szald\u00f3 elsz\u00e1mol\u00e1s vonatkozzon!<\/p>\n\n\n\n<p>Ha ezt az utat v\u00e1lasztja, akkor \u00e9rdemes m\u00e1r most v\u00e9giggondolni a k\u00f6vetkez\u0151 10-15 \u00e9vben tervezett egy\u00e9b beruh\u00e1z\u00e1sokat, amelyek m\u00f3dos\u00edthatj\u00e1k az \u00e1ramfogyaszt\u00e1s\u00e1t, \u00e9s a sz\u00fcks\u00e9ges m\u00e9rettel nagyobb invertert beszereltetni, mint amekkora a napelemes rendszerhez sz\u00fcks\u00e9ges lenne. \u00cdgy a k\u00e9s\u0151bbiekben h\u00e1l\u00f3zati csatlakoz\u00e1si szerz\u0151d\u00e9sm\u00f3dos\u00edt\u00e1s n\u00e9lk\u00fcl b\u0151v\u00edtheti napelemes rendszer\u00e9t a napelem (DC) oldalon.<\/p>\n\n\n\n<p>Azoknak pedig, akiknek nagy gondot jelent a beruh\u00e1z\u00e1s \u00f6sszege, javasoljuk, hogy amennyiben nevelnek otthon gyermeket,\u00a0vegy\u00e9k ig\u00e9nybe a 2021-ben megjelent otthonfel\u00faj\u00edt\u00e1si t\u00e1mogat\u00e1st, mellyel napelemes rendszert is telep\u00edthetnek, \u00e9s amellyel egyel\u0151re maradhatnak a szald\u00f3 elsz\u00e1mol\u00e1sban!<\/p>\n\n\n\n<p><strong>Hamarosan indul 100%-os t\u00e1mogat\u00e1s! R\u00e9szletek\u00e9rt figyelje oldalunkat!<\/strong><\/p>\n","protected":false},"excerpt":{"rendered":"<p>2021. j\u00fanius 30-\u00e1n megjelent\u00a0Magyar K\u00f6zl\u00f6ny\u00a0alapj\u00e1n nem l\u00e9p \u00e9letbe az a rendelet, miszerint az otthonfel\u00faj\u00edt\u00e1si t\u00e1mogat\u00e1s ig\u00e9nybev\u00e9tel\u00e9nek felt\u00e9tele, hogy amennyiben j\u00fanius 30-a ut\u00e1n k\u00f6ttetik a h\u00e1l\u00f3zati csatlakoz\u00e1si szerz\u0151d\u00e9s, az m\u00e1r csak brutt\u00f3 elsz\u00e1mol\u00e1ssal lehets\u00e9ges. Marad egyel\u0151re teh\u00e1t a szald\u00f3 elsz\u00e1mol\u00e1s az otthonfel\u00faj\u00edt\u00e1si t\u00e1mogat\u00e1s eset\u00e9ben! Besz\u00e9lj\u00fcnk az elsz\u00e1mol\u00e1sr\u00f3l: Egy napelemes rendszer nem egyenletesen termel az \u00e9v sor\u00e1n, [&hellip;]<\/p>\n","protected":false},"author":3,"featured_media":417,"comment_status":"open","ping_status":"open","sticky":false,"template":"","format":"standard","meta":{"footnotes":""},"categories":[1],"tags":[],"class_list":["post-411","post","type-post","status-publish","format-standard","has-post-thumbnail","hentry","category-egyeb"],"yoast_head":"<!-- This site is optimized with the Yoast SEO plugin v19.5.1 - https:\/\/yoast.com\/wordpress\/plugins\/seo\/ -->\n<title>Szald\u00f3 vagy brutt\u00f3 elsz\u00e1mol\u00e1s | H\u00f3dszol\u00e1r<\/title>\n<meta name=\"robots\" content=\"noindex, follow, max-snippet:-1, max-image-preview:large, max-video-preview:-1\" \/>\n<meta property=\"og:locale\" content=\"hu_HU\" \/>\n<meta property=\"og:type\" content=\"article\" \/>\n<meta property=\"og:title\" content=\"Szald\u00f3 vagy brutt\u00f3 elsz\u00e1mol\u00e1s | H\u00f3dszol\u00e1r\" \/>\n<meta property=\"og:description\" content=\"2021. j\u00fanius 30-\u00e1n megjelent\u00a0Magyar K\u00f6zl\u00f6ny\u00a0alapj\u00e1n nem l\u00e9p \u00e9letbe az a rendelet, miszerint az otthonfel\u00faj\u00edt\u00e1si t\u00e1mogat\u00e1s ig\u00e9nybev\u00e9tel\u00e9nek felt\u00e9tele, hogy amennyiben j\u00fanius 30-a ut\u00e1n k\u00f6ttetik a h\u00e1l\u00f3zati csatlakoz\u00e1si szerz\u0151d\u00e9s, az m\u00e1r csak brutt\u00f3 elsz\u00e1mol\u00e1ssal lehets\u00e9ges. Marad egyel\u0151re teh\u00e1t a szald\u00f3 elsz\u00e1mol\u00e1s az otthonfel\u00faj\u00edt\u00e1si t\u00e1mogat\u00e1s eset\u00e9ben! Besz\u00e9lj\u00fcnk az elsz\u00e1mol\u00e1sr\u00f3l: Egy napelemes rendszer nem egyenletesen termel az \u00e9v sor\u00e1n, [&hellip;]\" \/>\n<meta property=\"og:url\" content=\"https:\/\/dev.kompaktdesign.hu\/hodszolar.hu\/2021\/07\/01\/szaldo-vagy-brutto-elszamolas\/\" \/>\n<meta property=\"og:site_name\" content=\"H\u00f3dszol\u00e1r\" \/>\n<meta property=\"article:publisher\" content=\"https:\/\/www.facebook.com\/hodszolar\" \/>\n<meta property=\"article:published_time\" content=\"2021-07-01T11:33:36+00:00\" \/>\n<meta property=\"og:image\" content=\"https:\/\/dev.kompaktdesign.hu\/hodszolar.hu\/wp-content\/uploads\/2021\/07\/140724020_192491259291197_7152122655568383377_n.png\" \/>\n\t<meta property=\"og:image:width\" content=\"750\" \/>\n\t<meta property=\"og:image:height\" content=\"425\" \/>\n\t<meta property=\"og:image:type\" content=\"image\/png\" \/>\n<meta name=\"author\" content=\"H\u00f3dszol\u00e1r Kft.\" \/>\n<meta name=\"twitter:card\" content=\"summary_large_image\" \/>\n<meta name=\"twitter:label1\" content=\"Szerz\u0151:\" \/>\n\t<meta name=\"twitter:data1\" content=\"H\u00f3dszol\u00e1r Kft.\" \/>\n\t<meta name=\"twitter:label2\" content=\"Becs\u00fclt olvas\u00e1si id\u0151\" \/>\n\t<meta name=\"twitter:data2\" content=\"6 perc\" \/>\n<script type=\"application\/ld+json\" class=\"yoast-schema-graph\">{\"@context\":\"https:\/\/schema.org\",\"@graph\":[{\"@type\":\"Article\",\"@id\":\"https:\/\/dev.kompaktdesign.hu\/hodszolar.hu\/2021\/07\/01\/szaldo-vagy-brutto-elszamolas\/#article\",\"isPartOf\":{\"@id\":\"https:\/\/dev.kompaktdesign.hu\/hodszolar.hu\/2021\/07\/01\/szaldo-vagy-brutto-elszamolas\/\"},\"author\":{\"name\":\"H\u00f3dszol\u00e1r Kft.\",\"@id\":\"https:\/\/dev.kompaktdesign.hu\/hodszolar.hu\/#\/schema\/person\/a788af940a3d6b2829396312340dd08c\"},\"headline\":\"Szald\u00f3 vagy brutt\u00f3 elsz\u00e1mol\u00e1s\",\"datePublished\":\"2021-07-01T11:33:36+00:00\",\"dateModified\":\"2021-07-01T11:33:36+00:00\",\"mainEntityOfPage\":{\"@id\":\"https:\/\/dev.kompaktdesign.hu\/hodszolar.hu\/2021\/07\/01\/szaldo-vagy-brutto-elszamolas\/\"},\"wordCount\":1381,\"commentCount\":0,\"publisher\":{\"@id\":\"https:\/\/dev.kompaktdesign.hu\/hodszolar.hu\/#organization\"},\"articleSection\":[\"Egy\u00e9b kateg\u00f3ria\"],\"inLanguage\":\"hu\",\"potentialAction\":[{\"@type\":\"CommentAction\",\"name\":\"Comment\",\"target\":[\"https:\/\/dev.kompaktdesign.hu\/hodszolar.hu\/2021\/07\/01\/szaldo-vagy-brutto-elszamolas\/#respond\"]}]},{\"@type\":\"WebPage\",\"@id\":\"https:\/\/dev.kompaktdesign.hu\/hodszolar.hu\/2021\/07\/01\/szaldo-vagy-brutto-elszamolas\/\",\"url\":\"https:\/\/dev.kompaktdesign.hu\/hodszolar.hu\/2021\/07\/01\/szaldo-vagy-brutto-elszamolas\/\",\"name\":\"Szald\u00f3 vagy brutt\u00f3 elsz\u00e1mol\u00e1s | H\u00f3dszol\u00e1r\",\"isPartOf\":{\"@id\":\"https:\/\/dev.kompaktdesign.hu\/hodszolar.hu\/#website\"},\"datePublished\":\"2021-07-01T11:33:36+00:00\",\"dateModified\":\"2021-07-01T11:33:36+00:00\",\"breadcrumb\":{\"@id\":\"https:\/\/dev.kompaktdesign.hu\/hodszolar.hu\/2021\/07\/01\/szaldo-vagy-brutto-elszamolas\/#breadcrumb\"},\"inLanguage\":\"hu\",\"potentialAction\":[{\"@type\":\"ReadAction\",\"target\":[\"https:\/\/dev.kompaktdesign.hu\/hodszolar.hu\/2021\/07\/01\/szaldo-vagy-brutto-elszamolas\/\"]}]},{\"@type\":\"BreadcrumbList\",\"@id\":\"https:\/\/dev.kompaktdesign.hu\/hodszolar.hu\/2021\/07\/01\/szaldo-vagy-brutto-elszamolas\/#breadcrumb\",\"itemListElement\":[{\"@type\":\"ListItem\",\"position\":1,\"name\":\"Kezd\u0151lap\",\"item\":\"https:\/\/dev.kompaktdesign.hu\/hodszolar.hu\/\"},{\"@type\":\"ListItem\",\"position\":2,\"name\":\"Szald\u00f3 vagy brutt\u00f3 elsz\u00e1mol\u00e1s\"}]},{\"@type\":\"WebSite\",\"@id\":\"https:\/\/dev.kompaktdesign.hu\/hodszolar.hu\/#website\",\"url\":\"https:\/\/dev.kompaktdesign.hu\/hodszolar.hu\/\",\"name\":\"H\u00f3dszol\u00e1r\",\"description\":\"A v\u00e1s\u00e1rhelyi napelemes\",\"publisher\":{\"@id\":\"https:\/\/dev.kompaktdesign.hu\/hodszolar.hu\/#organization\"},\"potentialAction\":[{\"@type\":\"SearchAction\",\"target\":{\"@type\":\"EntryPoint\",\"urlTemplate\":\"https:\/\/dev.kompaktdesign.hu\/hodszolar.hu\/?s={search_term_string}\"},\"query-input\":\"required name=search_term_string\"}],\"inLanguage\":\"hu\"},{\"@type\":\"Organization\",\"@id\":\"https:\/\/dev.kompaktdesign.hu\/hodszolar.hu\/#organization\",\"name\":\"H\u00f3dszol\u00e1r Kft.\",\"url\":\"https:\/\/dev.kompaktdesign.hu\/hodszolar.hu\/\",\"sameAs\":[\"https:\/\/www.facebook.com\/hodszolar\"],\"logo\":{\"@type\":\"ImageObject\",\"inLanguage\":\"hu\",\"@id\":\"https:\/\/dev.kompaktdesign.hu\/hodszolar.hu\/#\/schema\/logo\/image\/\",\"url\":\"https:\/\/dev.kompaktdesign.hu\/hodszolar.hu\/wp-content\/uploads\/2021\/05\/fvicon.png\",\"contentUrl\":\"https:\/\/dev.kompaktdesign.hu\/hodszolar.hu\/wp-content\/uploads\/2021\/05\/fvicon.png\",\"width\":132,\"height\":132,\"caption\":\"H\u00f3dszol\u00e1r Kft.\"},\"image\":{\"@id\":\"https:\/\/dev.kompaktdesign.hu\/hodszolar.hu\/#\/schema\/logo\/image\/\"}},{\"@type\":\"Person\",\"@id\":\"https:\/\/dev.kompaktdesign.hu\/hodszolar.hu\/#\/schema\/person\/a788af940a3d6b2829396312340dd08c\",\"name\":\"H\u00f3dszol\u00e1r Kft.\",\"image\":{\"@type\":\"ImageObject\",\"inLanguage\":\"hu\",\"@id\":\"https:\/\/dev.kompaktdesign.hu\/hodszolar.hu\/#\/schema\/person\/image\/\",\"url\":\"https:\/\/secure.gravatar.com\/avatar\/38df000db6f2e93b7f0ccccf7714392424ca033738d34dfe71f19fdb70329830?s=96&d=mm&r=g\",\"contentUrl\":\"https:\/\/secure.gravatar.com\/avatar\/38df000db6f2e93b7f0ccccf7714392424ca033738d34dfe71f19fdb70329830?s=96&d=mm&r=g\",\"caption\":\"H\u00f3dszol\u00e1r Kft.\"},\"url\":\"https:\/\/dev.kompaktdesign.hu\/hodszolar.hu\/author\/hodszolar\/\"}]}<\/script>\n<!-- \/ Yoast SEO plugin. -->","yoast_head_json":{"title":"Szald\u00f3 vagy brutt\u00f3 elsz\u00e1mol\u00e1s | H\u00f3dszol\u00e1r","robots":{"index":"noindex","follow":"follow","max-snippet":"max-snippet:-1","max-image-preview":"max-image-preview:large","max-video-preview":"max-video-preview:-1"},"og_locale":"hu_HU","og_type":"article","og_title":"Szald\u00f3 vagy brutt\u00f3 elsz\u00e1mol\u00e1s | H\u00f3dszol\u00e1r","og_description":"2021. j\u00fanius 30-\u00e1n megjelent\u00a0Magyar K\u00f6zl\u00f6ny\u00a0alapj\u00e1n nem l\u00e9p \u00e9letbe az a rendelet, miszerint az otthonfel\u00faj\u00edt\u00e1si t\u00e1mogat\u00e1s ig\u00e9nybev\u00e9tel\u00e9nek felt\u00e9tele, hogy amennyiben j\u00fanius 30-a ut\u00e1n k\u00f6ttetik a h\u00e1l\u00f3zati csatlakoz\u00e1si szerz\u0151d\u00e9s, az m\u00e1r csak brutt\u00f3 elsz\u00e1mol\u00e1ssal lehets\u00e9ges. Marad egyel\u0151re teh\u00e1t a szald\u00f3 elsz\u00e1mol\u00e1s az otthonfel\u00faj\u00edt\u00e1si t\u00e1mogat\u00e1s eset\u00e9ben! Besz\u00e9lj\u00fcnk az elsz\u00e1mol\u00e1sr\u00f3l: Egy napelemes rendszer nem egyenletesen termel az \u00e9v sor\u00e1n, [&hellip;]","og_url":"https:\/\/dev.kompaktdesign.hu\/hodszolar.hu\/2021\/07\/01\/szaldo-vagy-brutto-elszamolas\/","og_site_name":"H\u00f3dszol\u00e1r","article_publisher":"https:\/\/www.facebook.com\/hodszolar","article_published_time":"2021-07-01T11:33:36+00:00","og_image":[{"width":750,"height":425,"url":"https:\/\/dev.kompaktdesign.hu\/hodszolar.hu\/wp-content\/uploads\/2021\/07\/140724020_192491259291197_7152122655568383377_n.png","type":"image\/png"}],"author":"H\u00f3dszol\u00e1r Kft.","twitter_card":"summary_large_image","twitter_misc":{"Szerz\u0151:":"H\u00f3dszol\u00e1r Kft.","Becs\u00fclt olvas\u00e1si id\u0151":"6 perc"},"schema":{"@context":"https:\/\/schema.org","@graph":[{"@type":"Article","@id":"https:\/\/dev.kompaktdesign.hu\/hodszolar.hu\/2021\/07\/01\/szaldo-vagy-brutto-elszamolas\/#article","isPartOf":{"@id":"https:\/\/dev.kompaktdesign.hu\/hodszolar.hu\/2021\/07\/01\/szaldo-vagy-brutto-elszamolas\/"},"author":{"name":"H\u00f3dszol\u00e1r Kft.","@id":"https:\/\/dev.kompaktdesign.hu\/hodszolar.hu\/#\/schema\/person\/a788af940a3d6b2829396312340dd08c"},"headline":"Szald\u00f3 vagy brutt\u00f3 elsz\u00e1mol\u00e1s","datePublished":"2021-07-01T11:33:36+00:00","dateModified":"2021-07-01T11:33:36+00:00","mainEntityOfPage":{"@id":"https:\/\/dev.kompaktdesign.hu\/hodszolar.hu\/2021\/07\/01\/szaldo-vagy-brutto-elszamolas\/"},"wordCount":1381,"commentCount":0,"publisher":{"@id":"https:\/\/dev.kompaktdesign.hu\/hodszolar.hu\/#organization"},"articleSection":["Egy\u00e9b kateg\u00f3ria"],"inLanguage":"hu","potentialAction":[{"@type":"CommentAction","name":"Comment","target":["https:\/\/dev.kompaktdesign.hu\/hodszolar.hu\/2021\/07\/01\/szaldo-vagy-brutto-elszamolas\/#respond"]}]},{"@type":"WebPage","@id":"https:\/\/dev.kompaktdesign.hu\/hodszolar.hu\/2021\/07\/01\/szaldo-vagy-brutto-elszamolas\/","url":"https:\/\/dev.kompaktdesign.hu\/hodszolar.hu\/2021\/07\/01\/szaldo-vagy-brutto-elszamolas\/","name":"Szald\u00f3 vagy brutt\u00f3 elsz\u00e1mol\u00e1s | H\u00f3dszol\u00e1r","isPartOf":{"@id":"https:\/\/dev.kompaktdesign.hu\/hodszolar.hu\/#website"},"datePublished":"2021-07-01T11:33:36+00:00","dateModified":"2021-07-01T11:33:36+00:00","breadcrumb":{"@id":"https:\/\/dev.kompaktdesign.hu\/hodszolar.hu\/2021\/07\/01\/szaldo-vagy-brutto-elszamolas\/#breadcrumb"},"inLanguage":"hu","potentialAction":[{"@type":"ReadAction","target":["https:\/\/dev.kompaktdesign.hu\/hodszolar.hu\/2021\/07\/01\/szaldo-vagy-brutto-elszamolas\/"]}]},{"@type":"BreadcrumbList","@id":"https:\/\/dev.kompaktdesign.hu\/hodszolar.hu\/2021\/07\/01\/szaldo-vagy-brutto-elszamolas\/#breadcrumb","itemListElement":[{"@type":"ListItem","position":1,"name":"Kezd\u0151lap","item":"https:\/\/dev.kompaktdesign.hu\/hodszolar.hu\/"},{"@type":"ListItem","position":2,"name":"Szald\u00f3 vagy brutt\u00f3 elsz\u00e1mol\u00e1s"}]},{"@type":"WebSite","@id":"https:\/\/dev.kompaktdesign.hu\/hodszolar.hu\/#website","url":"https:\/\/dev.kompaktdesign.hu\/hodszolar.hu\/","name":"H\u00f3dszol\u00e1r","description":"A v\u00e1s\u00e1rhelyi napelemes","publisher":{"@id":"https:\/\/dev.kompaktdesign.hu\/hodszolar.hu\/#organization"},"potentialAction":[{"@type":"SearchAction","target":{"@type":"EntryPoint","urlTemplate":"https:\/\/dev.kompaktdesign.hu\/hodszolar.hu\/?s={search_term_string}"},"query-input":"required name=search_term_string"}],"inLanguage":"hu"},{"@type":"Organization","@id":"https:\/\/dev.kompaktdesign.hu\/hodszolar.hu\/#organization","name":"H\u00f3dszol\u00e1r Kft.","url":"https:\/\/dev.kompaktdesign.hu\/hodszolar.hu\/","sameAs":["https:\/\/www.facebook.com\/hodszolar"],"logo":{"@type":"ImageObject","inLanguage":"hu","@id":"https:\/\/dev.kompaktdesign.hu\/hodszolar.hu\/#\/schema\/logo\/image\/","url":"https:\/\/dev.kompaktdesign.hu\/hodszolar.hu\/wp-content\/uploads\/2021\/05\/fvicon.png","contentUrl":"https:\/\/dev.kompaktdesign.hu\/hodszolar.hu\/wp-content\/uploads\/2021\/05\/fvicon.png","width":132,"height":132,"caption":"H\u00f3dszol\u00e1r Kft."},"image":{"@id":"https:\/\/dev.kompaktdesign.hu\/hodszolar.hu\/#\/schema\/logo\/image\/"}},{"@type":"Person","@id":"https:\/\/dev.kompaktdesign.hu\/hodszolar.hu\/#\/schema\/person\/a788af940a3d6b2829396312340dd08c","name":"H\u00f3dszol\u00e1r Kft.","image":{"@type":"ImageObject","inLanguage":"hu","@id":"https:\/\/dev.kompaktdesign.hu\/hodszolar.hu\/#\/schema\/person\/image\/","url":"https:\/\/secure.gravatar.com\/avatar\/38df000db6f2e93b7f0ccccf7714392424ca033738d34dfe71f19fdb70329830?s=96&d=mm&r=g","contentUrl":"https:\/\/secure.gravatar.com\/avatar\/38df000db6f2e93b7f0ccccf7714392424ca033738d34dfe71f19fdb70329830?s=96&d=mm&r=g","caption":"H\u00f3dszol\u00e1r Kft."},"url":"https:\/\/dev.kompaktdesign.hu\/hodszolar.hu\/author\/hodszolar\/"}]}},"_links":{"self":[{"href":"https:\/\/dev.kompaktdesign.hu\/hodszolar.hu\/wp-json\/wp\/v2\/posts\/411","targetHints":{"allow":["GET"]}}],"collection":[{"href":"https:\/\/dev.kompaktdesign.hu\/hodszolar.hu\/wp-json\/wp\/v2\/posts"}],"about":[{"href":"https:\/\/dev.kompaktdesign.hu\/hodszolar.hu\/wp-json\/wp\/v2\/types\/post"}],"author":[{"embeddable":true,"href":"https:\/\/dev.kompaktdesign.hu\/hodszolar.hu\/wp-json\/wp\/v2\/users\/3"}],"replies":[{"embeddable":true,"href":"https:\/\/dev.kompaktdesign.hu\/hodszolar.hu\/wp-json\/wp\/v2\/comments?post=411"}],"version-history":[{"count":1,"href":"https:\/\/dev.kompaktdesign.hu\/hodszolar.hu\/wp-json\/wp\/v2\/posts\/411\/revisions"}],"predecessor-version":[{"id":418,"href":"https:\/\/dev.kompaktdesign.hu\/hodszolar.hu\/wp-json\/wp\/v2\/posts\/411\/revisions\/418"}],"wp:featuredmedia":[{"embeddable":true,"href":"https:\/\/dev.kompaktdesign.hu\/hodszolar.hu\/wp-json\/wp\/v2\/media\/417"}],"wp:attachment":[{"href":"https:\/\/dev.kompaktdesign.hu\/hodszolar.hu\/wp-json\/wp\/v2\/media?parent=411"}],"wp:term":[{"taxonomy":"category","embeddable":true,"href":"https:\/\/dev.kompaktdesign.hu\/hodszolar.hu\/wp-json\/wp\/v2\/categories?post=411"},{"taxonomy":"post_tag","embeddable":true,"href":"https:\/\/dev.kompaktdesign.hu\/hodszolar.hu\/wp-json\/wp\/v2\/tags?post=411"}],"curies":[{"name":"wp","href":"https:\/\/api.w.org\/{rel}","templated":true}]}}