{"id":419,"date":"2021-07-01T11:49:17","date_gmt":"2021-07-01T11:49:17","guid":{"rendered":"https:\/\/hodszolar.hu\/?p=419"},"modified":"2021-07-01T11:49:17","modified_gmt":"2021-07-01T11:49:17","slug":"jo-hir-az-otthonfelujitast-igenybevevoknek-marad-a-szaldo-elszamolas","status":"publish","type":"post","link":"https:\/\/dev.kompaktdesign.hu\/hodszolar.hu\/2021\/07\/01\/jo-hir-az-otthonfelujitast-igenybevevoknek-marad-a-szaldo-elszamolas\/","title":{"rendered":"J\u00f3 h\u00edr az otthonfel\u00faj\u00edt\u00e1st ig\u00e9nybevev\u0151knek - marad a szald\u00f3 elsz\u00e1mol\u00e1s!"},"content":{"rendered":"\n<p>Az utols\u00f3 pillanatban \u00e9rkezik hatalmas k\u00f6nny\u00edt\u00e9s a t\u00e1mogat\u00e1sb\u00f3l napelemet telep\u00edttet\u0151 magyarok sz\u00e1m\u00e1ra:<\/p>\n\n\n\n<p>A t\u00e1mogat\u00e1sb\u00f3l megval\u00f3s\u00edtott napelemrendszerek eset\u00e9ben eredetileg j\u00falius elsej\u00e9t\u0151l megsz\u0171nt volna a jelenlegi szald\u00f3 elsz\u00e1mol\u00e1s, azonban a korm\u00e1ny szerda k\u00e9s\u0151 este, vagyis az utols\u00f3 pillanatban elt\u00f6r\u00f6lte ezt a megk\u00f6t\u00e9st.<\/p>\n\n\n\n<p>A Korm\u00e1ny 377\/2021. (VI. 30.) Korm. rendelete az otthonfel\u00faj\u00edt\u00e1si hitel bevezet\u00e9se \u00e9rdek\u00e9ben egyes korm\u00e1nyrendeletek m\u00f3dos\u00edt\u00e1s\u00e1r\u00f3l sz\u00f3l\u00f3 641\/2020. (XII. 22.) Korm. rendelet \u00e9s a csal\u00e1dok otthonteremt\u00e9s\u00e9vel \u00f6sszef\u00fcgg\u0151 egyes korm\u00e1nyrendeletek m\u00f3dos\u00edt\u00e1s\u00e1r\u00f3l sz\u00f3l\u00f3 183\/2021. (IV. 16.) Korm. rendelet egyes rendelkez\u00e9seinek hat\u00e1lyba nem l\u00e9p\u00e9s\u00e9r\u0151l - ezt a c\u00edmet viseli a szerda k\u00e9s\u0151 este megjelent Magyar K\u00f6zl\u00f6ny egyik rendelete. Ez \u00edgy els\u0151 r\u00e1n\u00e9z\u00e9sre nem sokat mond, pedig ann\u00e1l fontosabb, sokak \u00e9let\u00e9t megk\u00f6nny\u00edt\u0151 rendelkez\u00e9st tartalmaz.<\/p>\n\n\n\n<p>A k\u00e9t eml\u00edtett rendeletnek ugyanis volt egy-egy olyan pontja, melynek \u00e9rtelm\u00e9ben eredetileg <strong>j\u00falius 1-j\u00e9t\u0151l<\/strong> \u00faj elsz\u00e1mol\u00e1si rendszert vezettek volna be az \u00fajonnan \u00fczembe helyezend\u0151, <strong>otthonfel\u00faj\u00edt\u00e1si t\u00e1mogat\u00e1ssal megval\u00f3sul\u00f3 lakoss\u00e1gi napelemes rendszerek<\/strong> \u00e1ltal termelt villamos energia h\u00e1l\u00f3zati \u00e1tv\u00e9tel\u00e9re. A megl\u00e9v\u0151 szald\u00f3 elsz\u00e1mol\u00e1st felv\u00e1ltotta volna a brutt\u00f3 elsz\u00e1mol\u00e1s (ez ut\u00f3bbi r\u00e9szletszab\u00e1lyai azonban nem ismertek egyel\u0151re).<\/p>\n\n\n\n<p>A j\u00falius elsejei hat\u00e1rid\u0151 el\u0151tt csup\u00e1n n\u00e9h\u00e1ny \u00f3r\u00e1val megjelent, Orb\u00e1n Viktor \u00e1ltal al\u00e1\u00edrt rendelet azonban kimondja, hogy<\/p>\n\n\n\n<ul class=\"wp-block-list\"><li>Nem l\u00e9p hat\u00e1lyba az otthonfel\u00faj\u00edt\u00e1si hitel bevezet\u00e9se \u00e9rdek\u00e9ben egyes korm\u00e1nyrendeletek m\u00f3dos\u00edt\u00e1s\u00e1r\u00f3l sz\u00f3l\u00f3 641\/2020. (XII. 22.) Korm. rendelet 9. \u00a7 (3) bekezd\u00e9se, valamint<\/li><li>Nem l\u00e9p hat\u00e1lyba a csal\u00e1dok otthonteremt\u00e9s\u00e9vel \u00f6sszef\u00fcgg\u0151 egyes korm\u00e1nyrendeletek m\u00f3dos\u00edt\u00e1s\u00e1r\u00f3l sz\u00f3l\u00f3 183\/2021. (IV. 16.) Korm. rendelet 27. \u00a7 (2) bekezd\u00e9se.<\/li><\/ul>\n\n\n\n<p>Mindk\u00e9t pont azt mondta ki eredetileg, hogy az otthonfel\u00faj\u00edt\u00e1si t\u00e1mogat\u00e1s \u00e9s hitel k\u00e9relm\u00e9hez be kell adni a p\u00e1ly\u00e1z\u00f3nak \"a 2021. j\u00fanius 30-\u00e1t k\u00f6vet\u0151en megk\u00f6t\u00f6tt villamosenergia-v\u00e1s\u00e1rl\u00e1si szerz\u0151d\u00e9st, valamint a villamosenergia-keresked\u0151 arra vonatkoz\u00f3 nyilatkozat\u00e1t, hogy a szerz\u0151d\u00e9s olyan elsz\u00e1mol\u00e1st alkalmaz, amelyben az alkalmazott elsz\u00e1mol\u00e1si id\u0151szakt\u00f3l f\u00fcggetlen\u00fcl szald\u00f3 nem k\u00e9pezhet\u0151 \u00e9s a h\u00e1l\u00f3zatba bet\u00e1pl\u00e1lt \u00e9s v\u00e9telezett villamos energia mennyis\u00e9ge k\u00fcl\u00f6n-k\u00fcl\u00f6n ker\u00fcl meg\u00e1llap\u00edt\u00e1sra\". Vagyis eredetileg az \u00e1llami t\u00e1mogat\u00e1sb\u00f3l megval\u00f3s\u00edtott napelemes rendszerek j\u00fanius 30. ut\u00e1n nem kaphattak volna szald\u00f3 elsz\u00e1mol\u00e1st. Az illet\u00e9kes Innov\u00e1ci\u00f3s \u00e9s Technol\u00f3giai Miniszt\u00e9rium ezt m\u00e9g egy h\u00f3nappal ezel\u0151tt is egy\u00e9rtelm\u0171v\u00e9 tette, b\u00e1r voltak, akik m\u00e1sk\u00e9pp \u00e9rtelmezt\u00e9k a jogszab\u00e1lyt \u00e9s ez bizonytalans\u00e1got sz\u00fclt a telep\u00edt\u0151k, napelemrendszert-megrendel\u0151k k\u00f6r\u00e9ben is.<\/p>\n\n\n\n<p>A szerdai rendelet azonban a gyakorlatban ezt a rendelkez\u00e9st helyezte hat\u00e1lyon k\u00edv\u00fcl, ami azt jelenti, hogy a vissza nem t\u00e9r\u00edtend\u0151 t\u00e1mogat\u00e1sokkal megval\u00f3sult h\u00e1ztart\u00e1si m\u00e9ret\u0171 napelemes kiser\u0151m\u0171vek tov\u00e1bbra is jogosultak a szald\u00f3 elsz\u00e1mol\u00e1sra.<\/p>\n\n\n\n<p>Ezzel teh\u00e1t a mostani rendelet az elm\u00falt h\u00f3napok jogszab\u00e1ly-\u00e9rtelmez\u00e9si k\u00e9rd\u00e9seit is r\u00f6vidre z\u00e1rta.<\/p>\n\n\n\n<p>Nem r\u00e9szletezi azonban a r\u00f6vid rendelet, hogy a t\u00e1mogatott napelem telep\u00edt\u00e9sek eset\u00e9ben fog-e v\u00e1ltozni a k\u00e9s\u0151bbiekben az elsz\u00e1mol\u00e1si rendszer, ami alapvet\u0151en jelenleg a napelemes rendszer mellett d\u00f6nt\u0151 magyarok sz\u00e1m\u00e1ra nagyon kedvez\u0151. Az k\u00f6zismert, hogy az uni\u00f3s szab\u00e1lyok miatt a 2023. december 31-ig telep\u00edtett rendszerekre vonatkoz\u00f3an lehet szald\u00f3 elsz\u00e1mol\u00e1st alkalmazni, az ezt k\u00f6vet\u0151en kialak\u00edtott napelemes kiser\u0151m\u0171vekre m\u00e1r m\u00e1s elsz\u00e1mol\u00e1si szab\u00e1lyok lesznek \u00e9rv\u00e9nyesek.<\/p>\n\n\n\n<p>\u00c9ppen p\u00e1r nappal ezel\u0151tt megjelent cikk\u00e9ben mutatta be a Portfolio, hogy mit okozott a napelemes piac sz\u00e1m\u00e1ra a j\u00fanius 30-i fordul\u00f3nap. Az otthonfel\u00faj\u00edt\u00e1si t\u00e1mogat\u00e1s \u00e9s az elsz\u00e1mol\u00e1sban v\u00e1rhat\u00f3 k\u00f6zelg\u0151 v\u00e1ltoz\u00e1s miatt a napelemes telep\u00edt\u0151 \u00e9s az eloszt\u00f3 t\u00e1rsas\u00e1gok leterhelts\u00e9ge 2021-ben alaposan megugrott, az ig\u00e9nyek kiszolg\u00e1l\u00e1s\u00e1t pedig a j\u00e1rv\u00e1nyhelyzet sem seg\u00edtette el\u0151. Ezek k\u00f6vetkezt\u00e9ben az enged\u00e9lyez\u00e9s, \u00fcgyint\u00e9z\u00e9s \u00e1tlagos id\u0151tartama jelent\u0151sen megn\u0151tt. Ez alapj\u00e1n m\u00e1r akkor r\u00e1mutattunk cikkeinkben, hogy <strong>a hatalmas \u00e9rdekl\u0151d\u00e9s \u00e9s a szolg\u00e1ltat\u00f3k kapacit\u00e1skorl\u00e1ta miatt sok t\u00e1mogatott projekttel rendelkez\u0151 csal\u00e1d kics\u00faszhat a j\u00fanius 30-ai hat\u00e1rid\u0151b\u0151l.<\/strong> <strong>Feltehet\u0151en ennek a felismer\u00e9se miatt d\u00f6nt\u00f6tt \u00fagy a korm\u00e1ny, hogy a hat\u00e1rid\u0151t elt\u00f6rli.<\/strong><\/p>\n\n\n\n<p><strong>Mi\u00e9rt nem mindegy az elsz\u00e1mol\u00e1s?<\/strong><br>A jelenlegi szald\u00f3 elsz\u00e1mol\u00e1s keret\u00e9ben az \u00e9vente a napelemekkel megtermelt \u00e9s a h\u00e1ztart\u00e1s \u00e1ltal elfogyasztott energia k\u00fcl\u00f6nbs\u00e9g\u00e9t kell rendezni a szolg\u00e1ltat\u00f3 fel\u00e9, ezzel szemben az \u00faj sziszt\u00e9m\u00e1ban az eml\u00edtett beruh\u00e1z\u00e1sok eset\u00e9ben \u00e1tt\u00e9rek a brutt\u00f3 elsz\u00e1mol\u00e1sra, melyben a napelemes termel\u0151 a h\u00e1l\u00f3zatb\u00f3l v\u00e1s\u00e1rolt \u00e9s az \u00e1ltala termelt, azonnal el nem fogyasztott energia egys\u00e9g\u00e1r\u00e1t k\u00fcl\u00f6n hat\u00e1rozz\u00e1k meg. Vagyis az el\u0151bbi elsz\u00e1mol\u00e1si rendszer l\u00e9nyegesen kedvez\u0151bb a napelem-tulajdonosok szempontj\u00e1b\u00f3l, \u00e9s a megt\u00e9r\u00fcl\u00e9si sz\u00e1m\u00edt\u00e1sok is el\u0151ny\u00f6sebbek. Ahogy eml\u00edtett\u00fck fentebb, az \u00faj brutt\u00f3 elsz\u00e1mol\u00e1si rendszer r\u00e9szletei m\u00e9g nem ismertek.<br><br>Az biztos, hogy m\u00edg a napelemes h\u00e1ztart\u00e1s \u00e1ltal a h\u00e1l\u00f3zatb\u00f3l v\u00e9telezett energi\u00e1ra v\u00e1ltozatlanul a minden lakoss\u00e1gi fogyaszt\u00f3ra \u00e9rv\u00e9nyes egyetemes szolg\u00e1ltat\u00e1si tarifa marad \u00e9rv\u00e9nyben, addig a napelemek \u00e1ltal termelt, de helyben nem elfogyasztott, vagyis a h\u00e1l\u00f3zatba leadott \u00e1ram \u00e1ra cs\u00f6kken. A napvil\u00e1got l\u00e1tott v\u00e1rakoz\u00e1sok \u00e9s becsl\u00e9sek szerint a fogyaszt\u00f3i \u00e1rhoz k\u00e9pest a termel\u0151i \u00e1r k\u00f6r\u00fclbel\u00fcl harmad\u00e1val, de ak\u00e1r nagyobb m\u00e9rt\u00e9kben is elmaradhat, ami a napelemes rendszerbe t\u00f6rt\u00e9n\u0151 csal\u00e1di beruh\u00e1z\u00e1s megt\u00e9r\u00fcl\u00e9si idej\u00e9t is jelent\u0151sen megny\u00fajtja.<\/p>\n\n\n\n<p>Forr\u00e1s: https:\/\/www.portfolio.hu\/gazdasag\/20210701\/az-utolso-pillanatban-erkezik-hatalmas-konnyites-a-tamogatasbol-napelemet-telepito-magyarok-szamara-490564<\/p>\n","protected":false},"excerpt":{"rendered":"<p>Az utols\u00f3 pillanatban \u00e9rkezik hatalmas k\u00f6nny\u00edt\u00e9s a t\u00e1mogat\u00e1sb\u00f3l napelemet telep\u00edttet\u0151 magyarok sz\u00e1m\u00e1ra: A t\u00e1mogat\u00e1sb\u00f3l megval\u00f3s\u00edtott napelemrendszerek eset\u00e9ben eredetileg j\u00falius elsej\u00e9t\u0151l megsz\u0171nt volna a jelenlegi szald\u00f3 elsz\u00e1mol\u00e1s, azonban a korm\u00e1ny szerda k\u00e9s\u0151 este, vagyis az utols\u00f3 pillanatban elt\u00f6r\u00f6lte ezt a megk\u00f6t\u00e9st. A Korm\u00e1ny 377\/2021. (VI. 30.) Korm. rendelete az otthonfel\u00faj\u00edt\u00e1si hitel bevezet\u00e9se \u00e9rdek\u00e9ben egyes korm\u00e1nyrendeletek m\u00f3dos\u00edt\u00e1s\u00e1r\u00f3l [&hellip;]<\/p>\n","protected":false},"author":3,"featured_media":420,"comment_status":"open","ping_status":"open","sticky":false,"template":"","format":"standard","meta":{"footnotes":""},"categories":[1],"tags":[],"class_list":["post-419","post","type-post","status-publish","format-standard","has-post-thumbnail","hentry","category-egyeb"],"yoast_head":"<!-- This site is optimized with the Yoast SEO plugin v19.5.1 - https:\/\/yoast.com\/wordpress\/plugins\/seo\/ -->\n<title>J\u00f3 h\u00edr az otthonfel\u00faj\u00edt\u00e1st ig\u00e9nybevev\u0151knek - marad a szald\u00f3 elsz\u00e1mol\u00e1s! | H\u00f3dszol\u00e1r<\/title>\n<meta name=\"robots\" content=\"noindex, follow, max-snippet:-1, max-image-preview:large, max-video-preview:-1\" \/>\n<meta property=\"og:locale\" content=\"hu_HU\" \/>\n<meta property=\"og:type\" content=\"article\" \/>\n<meta property=\"og:title\" content=\"J\u00f3 h\u00edr az otthonfel\u00faj\u00edt\u00e1st ig\u00e9nybevev\u0151knek - marad a szald\u00f3 elsz\u00e1mol\u00e1s! | H\u00f3dszol\u00e1r\" \/>\n<meta property=\"og:description\" content=\"Az utols\u00f3 pillanatban \u00e9rkezik hatalmas k\u00f6nny\u00edt\u00e9s a t\u00e1mogat\u00e1sb\u00f3l napelemet telep\u00edttet\u0151 magyarok sz\u00e1m\u00e1ra: A t\u00e1mogat\u00e1sb\u00f3l megval\u00f3s\u00edtott napelemrendszerek eset\u00e9ben eredetileg j\u00falius elsej\u00e9t\u0151l megsz\u0171nt volna a jelenlegi szald\u00f3 elsz\u00e1mol\u00e1s, azonban a korm\u00e1ny szerda k\u00e9s\u0151 este, vagyis az utols\u00f3 pillanatban elt\u00f6r\u00f6lte ezt a megk\u00f6t\u00e9st. A Korm\u00e1ny 377\/2021. (VI. 30.) Korm. rendelete az otthonfel\u00faj\u00edt\u00e1si hitel bevezet\u00e9se \u00e9rdek\u00e9ben egyes korm\u00e1nyrendeletek m\u00f3dos\u00edt\u00e1s\u00e1r\u00f3l [&hellip;]\" \/>\n<meta property=\"og:url\" content=\"https:\/\/dev.kompaktdesign.hu\/hodszolar.hu\/2021\/07\/01\/jo-hir-az-otthonfelujitast-igenybevevoknek-marad-a-szaldo-elszamolas\/\" \/>\n<meta property=\"og:site_name\" content=\"H\u00f3dszol\u00e1r\" \/>\n<meta property=\"article:publisher\" content=\"https:\/\/www.facebook.com\/hodszolar\" \/>\n<meta property=\"article:published_time\" content=\"2021-07-01T11:49:17+00:00\" \/>\n<meta property=\"og:image\" content=\"https:\/\/dev.kompaktdesign.hu\/hodszolar.hu\/wp-content\/uploads\/2021\/07\/Lakasfelujitas_2021_Hirek_Full.jpg\" \/>\n\t<meta property=\"og:image:width\" content=\"1920\" \/>\n\t<meta property=\"og:image:height\" content=\"1080\" \/>\n\t<meta property=\"og:image:type\" content=\"image\/jpeg\" \/>\n<meta name=\"author\" content=\"H\u00f3dszol\u00e1r Kft.\" \/>\n<meta name=\"twitter:card\" content=\"summary_large_image\" \/>\n<meta name=\"twitter:label1\" content=\"Szerz\u0151:\" \/>\n\t<meta name=\"twitter:data1\" content=\"H\u00f3dszol\u00e1r Kft.\" \/>\n\t<meta name=\"twitter:label2\" content=\"Becs\u00fclt olvas\u00e1si id\u0151\" \/>\n\t<meta name=\"twitter:data2\" content=\"4 perc\" \/>\n<script type=\"application\/ld+json\" class=\"yoast-schema-graph\">{\"@context\":\"https:\/\/schema.org\",\"@graph\":[{\"@type\":\"Article\",\"@id\":\"https:\/\/dev.kompaktdesign.hu\/hodszolar.hu\/2021\/07\/01\/jo-hir-az-otthonfelujitast-igenybevevoknek-marad-a-szaldo-elszamolas\/#article\",\"isPartOf\":{\"@id\":\"https:\/\/dev.kompaktdesign.hu\/hodszolar.hu\/2021\/07\/01\/jo-hir-az-otthonfelujitast-igenybevevoknek-marad-a-szaldo-elszamolas\/\"},\"author\":{\"name\":\"H\u00f3dszol\u00e1r Kft.\",\"@id\":\"https:\/\/dev.kompaktdesign.hu\/hodszolar.hu\/#\/schema\/person\/a788af940a3d6b2829396312340dd08c\"},\"headline\":\"J\u00f3 h\u00edr az otthonfel\u00faj\u00edt\u00e1st ig\u00e9nybevev\u0151knek - marad a szald\u00f3 elsz\u00e1mol\u00e1s!\",\"datePublished\":\"2021-07-01T11:49:17+00:00\",\"dateModified\":\"2021-07-01T11:49:17+00:00\",\"mainEntityOfPage\":{\"@id\":\"https:\/\/dev.kompaktdesign.hu\/hodszolar.hu\/2021\/07\/01\/jo-hir-az-otthonfelujitast-igenybevevoknek-marad-a-szaldo-elszamolas\/\"},\"wordCount\":1132,\"commentCount\":0,\"publisher\":{\"@id\":\"https:\/\/dev.kompaktdesign.hu\/hodszolar.hu\/#organization\"},\"articleSection\":[\"Egy\u00e9b kateg\u00f3ria\"],\"inLanguage\":\"hu\",\"potentialAction\":[{\"@type\":\"CommentAction\",\"name\":\"Comment\",\"target\":[\"https:\/\/dev.kompaktdesign.hu\/hodszolar.hu\/2021\/07\/01\/jo-hir-az-otthonfelujitast-igenybevevoknek-marad-a-szaldo-elszamolas\/#respond\"]}]},{\"@type\":\"WebPage\",\"@id\":\"https:\/\/dev.kompaktdesign.hu\/hodszolar.hu\/2021\/07\/01\/jo-hir-az-otthonfelujitast-igenybevevoknek-marad-a-szaldo-elszamolas\/\",\"url\":\"https:\/\/dev.kompaktdesign.hu\/hodszolar.hu\/2021\/07\/01\/jo-hir-az-otthonfelujitast-igenybevevoknek-marad-a-szaldo-elszamolas\/\",\"name\":\"J\u00f3 h\u00edr az otthonfel\u00faj\u00edt\u00e1st ig\u00e9nybevev\u0151knek - marad a szald\u00f3 elsz\u00e1mol\u00e1s! | H\u00f3dszol\u00e1r\",\"isPartOf\":{\"@id\":\"https:\/\/dev.kompaktdesign.hu\/hodszolar.hu\/#website\"},\"datePublished\":\"2021-07-01T11:49:17+00:00\",\"dateModified\":\"2021-07-01T11:49:17+00:00\",\"breadcrumb\":{\"@id\":\"https:\/\/dev.kompaktdesign.hu\/hodszolar.hu\/2021\/07\/01\/jo-hir-az-otthonfelujitast-igenybevevoknek-marad-a-szaldo-elszamolas\/#breadcrumb\"},\"inLanguage\":\"hu\",\"potentialAction\":[{\"@type\":\"ReadAction\",\"target\":[\"https:\/\/dev.kompaktdesign.hu\/hodszolar.hu\/2021\/07\/01\/jo-hir-az-otthonfelujitast-igenybevevoknek-marad-a-szaldo-elszamolas\/\"]}]},{\"@type\":\"BreadcrumbList\",\"@id\":\"https:\/\/dev.kompaktdesign.hu\/hodszolar.hu\/2021\/07\/01\/jo-hir-az-otthonfelujitast-igenybevevoknek-marad-a-szaldo-elszamolas\/#breadcrumb\",\"itemListElement\":[{\"@type\":\"ListItem\",\"position\":1,\"name\":\"Kezd\u0151lap\",\"item\":\"https:\/\/dev.kompaktdesign.hu\/hodszolar.hu\/\"},{\"@type\":\"ListItem\",\"position\":2,\"name\":\"J\u00f3 h\u00edr az otthonfel\u00faj\u00edt\u00e1st ig\u00e9nybevev\u0151knek - marad a szald\u00f3 elsz\u00e1mol\u00e1s!\"}]},{\"@type\":\"WebSite\",\"@id\":\"https:\/\/dev.kompaktdesign.hu\/hodszolar.hu\/#website\",\"url\":\"https:\/\/dev.kompaktdesign.hu\/hodszolar.hu\/\",\"name\":\"H\u00f3dszol\u00e1r\",\"description\":\"A v\u00e1s\u00e1rhelyi napelemes\",\"publisher\":{\"@id\":\"https:\/\/dev.kompaktdesign.hu\/hodszolar.hu\/#organization\"},\"potentialAction\":[{\"@type\":\"SearchAction\",\"target\":{\"@type\":\"EntryPoint\",\"urlTemplate\":\"https:\/\/dev.kompaktdesign.hu\/hodszolar.hu\/?s={search_term_string}\"},\"query-input\":\"required name=search_term_string\"}],\"inLanguage\":\"hu\"},{\"@type\":\"Organization\",\"@id\":\"https:\/\/dev.kompaktdesign.hu\/hodszolar.hu\/#organization\",\"name\":\"H\u00f3dszol\u00e1r Kft.\",\"url\":\"https:\/\/dev.kompaktdesign.hu\/hodszolar.hu\/\",\"sameAs\":[\"https:\/\/www.facebook.com\/hodszolar\"],\"logo\":{\"@type\":\"ImageObject\",\"inLanguage\":\"hu\",\"@id\":\"https:\/\/dev.kompaktdesign.hu\/hodszolar.hu\/#\/schema\/logo\/image\/\",\"url\":\"https:\/\/dev.kompaktdesign.hu\/hodszolar.hu\/wp-content\/uploads\/2021\/05\/fvicon.png\",\"contentUrl\":\"https:\/\/dev.kompaktdesign.hu\/hodszolar.hu\/wp-content\/uploads\/2021\/05\/fvicon.png\",\"width\":132,\"height\":132,\"caption\":\"H\u00f3dszol\u00e1r Kft.\"},\"image\":{\"@id\":\"https:\/\/dev.kompaktdesign.hu\/hodszolar.hu\/#\/schema\/logo\/image\/\"}},{\"@type\":\"Person\",\"@id\":\"https:\/\/dev.kompaktdesign.hu\/hodszolar.hu\/#\/schema\/person\/a788af940a3d6b2829396312340dd08c\",\"name\":\"H\u00f3dszol\u00e1r Kft.\",\"image\":{\"@type\":\"ImageObject\",\"inLanguage\":\"hu\",\"@id\":\"https:\/\/dev.kompaktdesign.hu\/hodszolar.hu\/#\/schema\/person\/image\/\",\"url\":\"https:\/\/secure.gravatar.com\/avatar\/38df000db6f2e93b7f0ccccf7714392424ca033738d34dfe71f19fdb70329830?s=96&d=mm&r=g\",\"contentUrl\":\"https:\/\/secure.gravatar.com\/avatar\/38df000db6f2e93b7f0ccccf7714392424ca033738d34dfe71f19fdb70329830?s=96&d=mm&r=g\",\"caption\":\"H\u00f3dszol\u00e1r Kft.\"},\"url\":\"https:\/\/dev.kompaktdesign.hu\/hodszolar.hu\/author\/hodszolar\/\"}]}<\/script>\n<!-- \/ Yoast SEO plugin. -->","yoast_head_json":{"title":"J\u00f3 h\u00edr az otthonfel\u00faj\u00edt\u00e1st ig\u00e9nybevev\u0151knek - marad a szald\u00f3 elsz\u00e1mol\u00e1s! | H\u00f3dszol\u00e1r","robots":{"index":"noindex","follow":"follow","max-snippet":"max-snippet:-1","max-image-preview":"max-image-preview:large","max-video-preview":"max-video-preview:-1"},"og_locale":"hu_HU","og_type":"article","og_title":"J\u00f3 h\u00edr az otthonfel\u00faj\u00edt\u00e1st ig\u00e9nybevev\u0151knek - marad a szald\u00f3 elsz\u00e1mol\u00e1s! | H\u00f3dszol\u00e1r","og_description":"Az utols\u00f3 pillanatban \u00e9rkezik hatalmas k\u00f6nny\u00edt\u00e9s a t\u00e1mogat\u00e1sb\u00f3l napelemet telep\u00edttet\u0151 magyarok sz\u00e1m\u00e1ra: A t\u00e1mogat\u00e1sb\u00f3l megval\u00f3s\u00edtott napelemrendszerek eset\u00e9ben eredetileg j\u00falius elsej\u00e9t\u0151l megsz\u0171nt volna a jelenlegi szald\u00f3 elsz\u00e1mol\u00e1s, azonban a korm\u00e1ny szerda k\u00e9s\u0151 este, vagyis az utols\u00f3 pillanatban elt\u00f6r\u00f6lte ezt a megk\u00f6t\u00e9st. A Korm\u00e1ny 377\/2021. (VI. 30.) Korm. rendelete az otthonfel\u00faj\u00edt\u00e1si hitel bevezet\u00e9se \u00e9rdek\u00e9ben egyes korm\u00e1nyrendeletek m\u00f3dos\u00edt\u00e1s\u00e1r\u00f3l [&hellip;]","og_url":"https:\/\/dev.kompaktdesign.hu\/hodszolar.hu\/2021\/07\/01\/jo-hir-az-otthonfelujitast-igenybevevoknek-marad-a-szaldo-elszamolas\/","og_site_name":"H\u00f3dszol\u00e1r","article_publisher":"https:\/\/www.facebook.com\/hodszolar","article_published_time":"2021-07-01T11:49:17+00:00","og_image":[{"width":1920,"height":1080,"url":"https:\/\/dev.kompaktdesign.hu\/hodszolar.hu\/wp-content\/uploads\/2021\/07\/Lakasfelujitas_2021_Hirek_Full.jpg","type":"image\/jpeg"}],"author":"H\u00f3dszol\u00e1r Kft.","twitter_card":"summary_large_image","twitter_misc":{"Szerz\u0151:":"H\u00f3dszol\u00e1r Kft.","Becs\u00fclt olvas\u00e1si id\u0151":"4 perc"},"schema":{"@context":"https:\/\/schema.org","@graph":[{"@type":"Article","@id":"https:\/\/dev.kompaktdesign.hu\/hodszolar.hu\/2021\/07\/01\/jo-hir-az-otthonfelujitast-igenybevevoknek-marad-a-szaldo-elszamolas\/#article","isPartOf":{"@id":"https:\/\/dev.kompaktdesign.hu\/hodszolar.hu\/2021\/07\/01\/jo-hir-az-otthonfelujitast-igenybevevoknek-marad-a-szaldo-elszamolas\/"},"author":{"name":"H\u00f3dszol\u00e1r Kft.","@id":"https:\/\/dev.kompaktdesign.hu\/hodszolar.hu\/#\/schema\/person\/a788af940a3d6b2829396312340dd08c"},"headline":"J\u00f3 h\u00edr az otthonfel\u00faj\u00edt\u00e1st ig\u00e9nybevev\u0151knek - marad a szald\u00f3 elsz\u00e1mol\u00e1s!","datePublished":"2021-07-01T11:49:17+00:00","dateModified":"2021-07-01T11:49:17+00:00","mainEntityOfPage":{"@id":"https:\/\/dev.kompaktdesign.hu\/hodszolar.hu\/2021\/07\/01\/jo-hir-az-otthonfelujitast-igenybevevoknek-marad-a-szaldo-elszamolas\/"},"wordCount":1132,"commentCount":0,"publisher":{"@id":"https:\/\/dev.kompaktdesign.hu\/hodszolar.hu\/#organization"},"articleSection":["Egy\u00e9b kateg\u00f3ria"],"inLanguage":"hu","potentialAction":[{"@type":"CommentAction","name":"Comment","target":["https:\/\/dev.kompaktdesign.hu\/hodszolar.hu\/2021\/07\/01\/jo-hir-az-otthonfelujitast-igenybevevoknek-marad-a-szaldo-elszamolas\/#respond"]}]},{"@type":"WebPage","@id":"https:\/\/dev.kompaktdesign.hu\/hodszolar.hu\/2021\/07\/01\/jo-hir-az-otthonfelujitast-igenybevevoknek-marad-a-szaldo-elszamolas\/","url":"https:\/\/dev.kompaktdesign.hu\/hodszolar.hu\/2021\/07\/01\/jo-hir-az-otthonfelujitast-igenybevevoknek-marad-a-szaldo-elszamolas\/","name":"J\u00f3 h\u00edr az otthonfel\u00faj\u00edt\u00e1st ig\u00e9nybevev\u0151knek - marad a szald\u00f3 elsz\u00e1mol\u00e1s! | H\u00f3dszol\u00e1r","isPartOf":{"@id":"https:\/\/dev.kompaktdesign.hu\/hodszolar.hu\/#website"},"datePublished":"2021-07-01T11:49:17+00:00","dateModified":"2021-07-01T11:49:17+00:00","breadcrumb":{"@id":"https:\/\/dev.kompaktdesign.hu\/hodszolar.hu\/2021\/07\/01\/jo-hir-az-otthonfelujitast-igenybevevoknek-marad-a-szaldo-elszamolas\/#breadcrumb"},"inLanguage":"hu","potentialAction":[{"@type":"ReadAction","target":["https:\/\/dev.kompaktdesign.hu\/hodszolar.hu\/2021\/07\/01\/jo-hir-az-otthonfelujitast-igenybevevoknek-marad-a-szaldo-elszamolas\/"]}]},{"@type":"BreadcrumbList","@id":"https:\/\/dev.kompaktdesign.hu\/hodszolar.hu\/2021\/07\/01\/jo-hir-az-otthonfelujitast-igenybevevoknek-marad-a-szaldo-elszamolas\/#breadcrumb","itemListElement":[{"@type":"ListItem","position":1,"name":"Kezd\u0151lap","item":"https:\/\/dev.kompaktdesign.hu\/hodszolar.hu\/"},{"@type":"ListItem","position":2,"name":"J\u00f3 h\u00edr az otthonfel\u00faj\u00edt\u00e1st ig\u00e9nybevev\u0151knek - marad a szald\u00f3 elsz\u00e1mol\u00e1s!"}]},{"@type":"WebSite","@id":"https:\/\/dev.kompaktdesign.hu\/hodszolar.hu\/#website","url":"https:\/\/dev.kompaktdesign.hu\/hodszolar.hu\/","name":"H\u00f3dszol\u00e1r","description":"A v\u00e1s\u00e1rhelyi napelemes","publisher":{"@id":"https:\/\/dev.kompaktdesign.hu\/hodszolar.hu\/#organization"},"potentialAction":[{"@type":"SearchAction","target":{"@type":"EntryPoint","urlTemplate":"https:\/\/dev.kompaktdesign.hu\/hodszolar.hu\/?s={search_term_string}"},"query-input":"required name=search_term_string"}],"inLanguage":"hu"},{"@type":"Organization","@id":"https:\/\/dev.kompaktdesign.hu\/hodszolar.hu\/#organization","name":"H\u00f3dszol\u00e1r Kft.","url":"https:\/\/dev.kompaktdesign.hu\/hodszolar.hu\/","sameAs":["https:\/\/www.facebook.com\/hodszolar"],"logo":{"@type":"ImageObject","inLanguage":"hu","@id":"https:\/\/dev.kompaktdesign.hu\/hodszolar.hu\/#\/schema\/logo\/image\/","url":"https:\/\/dev.kompaktdesign.hu\/hodszolar.hu\/wp-content\/uploads\/2021\/05\/fvicon.png","contentUrl":"https:\/\/dev.kompaktdesign.hu\/hodszolar.hu\/wp-content\/uploads\/2021\/05\/fvicon.png","width":132,"height":132,"caption":"H\u00f3dszol\u00e1r Kft."},"image":{"@id":"https:\/\/dev.kompaktdesign.hu\/hodszolar.hu\/#\/schema\/logo\/image\/"}},{"@type":"Person","@id":"https:\/\/dev.kompaktdesign.hu\/hodszolar.hu\/#\/schema\/person\/a788af940a3d6b2829396312340dd08c","name":"H\u00f3dszol\u00e1r Kft.","image":{"@type":"ImageObject","inLanguage":"hu","@id":"https:\/\/dev.kompaktdesign.hu\/hodszolar.hu\/#\/schema\/person\/image\/","url":"https:\/\/secure.gravatar.com\/avatar\/38df000db6f2e93b7f0ccccf7714392424ca033738d34dfe71f19fdb70329830?s=96&d=mm&r=g","contentUrl":"https:\/\/secure.gravatar.com\/avatar\/38df000db6f2e93b7f0ccccf7714392424ca033738d34dfe71f19fdb70329830?s=96&d=mm&r=g","caption":"H\u00f3dszol\u00e1r Kft."},"url":"https:\/\/dev.kompaktdesign.hu\/hodszolar.hu\/author\/hodszolar\/"}]}},"_links":{"self":[{"href":"https:\/\/dev.kompaktdesign.hu\/hodszolar.hu\/wp-json\/wp\/v2\/posts\/419","targetHints":{"allow":["GET"]}}],"collection":[{"href":"https:\/\/dev.kompaktdesign.hu\/hodszolar.hu\/wp-json\/wp\/v2\/posts"}],"about":[{"href":"https:\/\/dev.kompaktdesign.hu\/hodszolar.hu\/wp-json\/wp\/v2\/types\/post"}],"author":[{"embeddable":true,"href":"https:\/\/dev.kompaktdesign.hu\/hodszolar.hu\/wp-json\/wp\/v2\/users\/3"}],"replies":[{"embeddable":true,"href":"https:\/\/dev.kompaktdesign.hu\/hodszolar.hu\/wp-json\/wp\/v2\/comments?post=419"}],"version-history":[{"count":1,"href":"https:\/\/dev.kompaktdesign.hu\/hodszolar.hu\/wp-json\/wp\/v2\/posts\/419\/revisions"}],"predecessor-version":[{"id":421,"href":"https:\/\/dev.kompaktdesign.hu\/hodszolar.hu\/wp-json\/wp\/v2\/posts\/419\/revisions\/421"}],"wp:featuredmedia":[{"embeddable":true,"href":"https:\/\/dev.kompaktdesign.hu\/hodszolar.hu\/wp-json\/wp\/v2\/media\/420"}],"wp:attachment":[{"href":"https:\/\/dev.kompaktdesign.hu\/hodszolar.hu\/wp-json\/wp\/v2\/media?parent=419"}],"wp:term":[{"taxonomy":"category","embeddable":true,"href":"https:\/\/dev.kompaktdesign.hu\/hodszolar.hu\/wp-json\/wp\/v2\/categories?post=419"},{"taxonomy":"post_tag","embeddable":true,"href":"https:\/\/dev.kompaktdesign.hu\/hodszolar.hu\/wp-json\/wp\/v2\/tags?post=419"}],"curies":[{"name":"wp","href":"https:\/\/api.w.org\/{rel}","templated":true}]}}