{"id":427,"date":"2021-07-13T09:29:26","date_gmt":"2021-07-13T09:29:26","guid":{"rendered":"https:\/\/hodszolar.hu\/?p=427"},"modified":"2021-07-13T09:29:40","modified_gmt":"2021-07-13T09:29:40","slug":"elindult-az-uj-2021-2027-es-palyazati-ciklus-magyarorszagon","status":"publish","type":"post","link":"https:\/\/dev.kompaktdesign.hu\/hodszolar.hu\/2021\/07\/13\/elindult-az-uj-2021-2027-es-palyazati-ciklus-magyarorszagon\/","title":{"rendered":"Elindult az \u00faj, 2021-2027-es p\u00e1ly\u00e1zati ciklus Magyarorsz\u00e1gon!"},"content":{"rendered":"\n<p>A fejleszt\u00e9spolitikai int\u00e9zm\u00e9nyrendszer elk\u00e9sz\u00edtette a 2021-2027-es programoz\u00e1si id\u0151szakban t\u00e1mogat\u00e1si k\u00e9relmek beny\u00fajt\u00e1s\u00e1hoz \u00e9s a projektek v\u00e9grehajt\u00e1s\u00e1hoz seg\u00edts\u00e9get ny\u00fajt\u00f3 n\u00e9gy kiemelten fontosa \u00fatmutat\u00f3t, sablondokumentumot, amelyet k\u00f6zz\u00e9 is tettek a hivatalos p\u00e1ly\u00e1zati oldalon.<\/p>\n\n\n\n<p><a href=\"https:\/\/www.palyazat.gov.hu\/ltalnos-tmutat-a-felhvsokhoz-szerzds-mintk-szf-avdh-tjkoztat-2021-2021\">https:\/\/www.palyazat.gov.hu\/ltalnos-tmutat-a-felhvsokhoz-szerzds-mintk-szf-avdh-tjkoztat-2021-2021<\/a><\/p>\n\n\n\n<p><strong>Az anyagok, amiket most t\u00f6lt\u00f6ttek fel:<\/strong><\/p>\n\n\n\n<ol class=\"wp-block-list\" type=\"1\"><li>\u00c1ltal\u00e1nos \u00datmutat\u00f3 a 2021-2027-es programoz\u00e1si id\u0151szakban meghirdetett felh\u00edv\u00e1sokhoz<\/li><li>\u00c1ltal\u00e1nos Szerz\u0151d\u00e9si Felt\u00e9telek<\/li><li>T\u00e1mogat\u00e1si Szerz\u0151d\u00e9s \u00e9s T\u00e1mogat\u00f3i Okirat sablonok<\/li><li>T\u00e1j\u00e9koztat\u00f3 a t\u00e1mogat\u00e1st ig\u00e9nyl\u0151knek az Azonos\u00edt\u00e1sra Visszavezetett Dokumentumhiteles\u00edt\u00e9s (AVDH) ig\u00e9nybev\u00e9tel\u00e9hez.<\/li><li>Elsz\u00e1mol\u00e1si \u00datmutat\u00f3<\/li><\/ol>\n\n\n\n<p>A dokumentumok megtal\u00e1lhat\u00f3k a palyazat.gov.hu oldalon a P\u00e1ly\u00e1zati dokument\u00e1ci\u00f3k men\u00fcpont alatt. A dokumentumok k\u00f6z\u00f6tt megtal\u00e1lhat\u00f3 az Eur\u00f3pai Uni\u00f3s Alapjogi Chart\u00e1ja is. A Charta felsorolja azokat az alapvet\u0151 jogokat, amelyeket az Eur\u00f3pai Uni\u00f3nak \u00e9s a tag\u00e1llamoknak az uni\u00f3s jogszab\u00e1lyok v\u00e9grehajt\u00e1sa \u2013 \u00e9s a projektek tervez\u00e9se \u00e9s v\u00e9grehajt\u00e1sa sor\u00e1n is \u2013 tiszteletben kell tartaniuk.<\/p>\n\n\n\n<p>Az elm\u00falt hetekben t\u00f6bb m\u00e1sik fontos dokumentumot, \u00f6sszefoglal\u00f3t, illetve az \u00faj keretrendeletet is elk\u00e9sz\u00edtette \u00e9s k\u00f6zz\u00e9 is tette az int\u00e9zm\u00e9nyrendszer, amelyek mind azt seg\u00edtik, hogy el tudjon kezd\u0151dni a 2021-2027-es uni\u00f3s p\u00e1ly\u00e1zati ciklus \u00e9rdemi r\u00e9sze, a p\u00e1ly\u00e1ztat\u00e1s.<\/p>\n\n\n\n<h3 class=\"wp-block-heading\">A Vid\u00e9kfejleszt\u00e9si Programban m\u00e1r most is hatalmas a pezsg\u00e9s<\/h3>\n\n\n\n<p>Nemcsak az \u00faj ciklus els\u0151 GINOP Plusz p\u00e1ly\u00e1zataira \u00e9rdemes figyelni, amelyek egy\u00fcttes keret\u00f6sszege k\u00f6zel 600 milli\u00e1rd forint lesz, hanem a Vid\u00e9kfejleszt\u00e9si Programra is, amelyben m\u00e1r eddig is csaknem megjelent 600 milli\u00e1rd forintnyi p\u00e1ly\u00e1zat az elm\u00falt hetekben.<\/p>\n\n\n\n<p>\u00cdgy teh\u00e1t a vid\u00e9kfejleszt\u00e9sben m\u00e1ris hatalmas a pezsg\u00e9s.<\/p>\n\n\n\n<p>A VP-ben ugyanis sorozatosan j\u00f6ttek ki az elm\u00falt hetekben az 50-100 milli\u00e1rdos keret\u00f6sszeg\u0171 p\u00e1ly\u00e1zatok. <\/p>\n\n\n\n<ul class=\"wp-block-list\"><li>\u00c1prilis v\u00e9g\u00e9n \u00e9rkezett a h\u00edr, hogy \u00fajranyitj\u00e1k a \u201eBaromfi- \u00e9s sert\u00e9start\u00f3 telepek j\u00e1rv\u00e1nyv\u00e9delmi rendszereinek fejleszt\u00e9se\u201d c\u00edm\u0171 (VP2-4.1.1.7-20 k\u00f3dsz\u00e1m\u00fa) felh\u00edv\u00e1st 2021. m\u00e1jus 5. napj\u00e1val, ism\u00e9t lehet\u0151s\u00e9g ny\u00edlt teh\u00e1t t\u00e1mogat\u00e1si k\u00e9relmek beny\u00fajt\u00e1s\u00e1ra.<\/li><li>Szint\u00e9n \u00e1prilis v\u00e9g\u00e9n \u00e9rkezett a h\u00edr, hogy a Sz\u00e9chenyi 2020 keret\u00e9ben megjelent a <strong>\u201eKert\u00e9szet \u2013 \u00fcltetv\u00e9nytelep\u00edt\u00e9s \u00e9s gy\u00f3gyn\u00f6v\u00e9nytermeszt\u00e9s t\u00e1mogat\u00e1sa\u201d<\/strong> c\u00edm\u0171 (VP2-4.1.3.2-4.1.3.3.-5.1.1-21 k\u00f3dsz\u00e1m\u00fa) felh\u00edv\u00e1s. A t\u00e1mogat\u00e1si k\u00e9relmek beny\u00fajt\u00e1s\u00e1ra\u00a02021. m\u00e1jus 24. napt\u00f3l 2021. augusztus 23.\u00a0napj\u00e1ig van lehet\u0151s\u00e9g. A felh\u00edv\u00e1s meghirdet\u00e9sekor a t\u00e1mogat\u00e1sra rendelkez\u00e9sre \u00e1ll\u00f3 tervezett keret\u00f6sszeg\u00a015 milli\u00e1rd Ft.<\/li><li>Szint\u00e9n \u00e1prilis v\u00e9gi a h\u00edr, hogy a Sz\u00e9chenyi 2020 keret\u00e9ben megjelent az <strong>\u201e\u00c1llattart\u00f3 telepek meg\u00faj\u00edt\u00e1s\u00e1nak t\u00e1mogat\u00e1sa\u201d<\/strong> c\u00edm\u0171 (VP2-4.1.1.9-21 k\u00f3dsz\u00e1m\u00fa) felh\u00edv\u00e1s. A t\u00e1mogat\u00e1si k\u00e9relmek beny\u00fajt\u00e1s\u00e1ra\u00a02021. m\u00e1jus 28. napj\u00e1t\u00f3l 2021. j\u00falius 22. napj\u00e1ig van lehet\u0151s\u00e9g. A felh\u00edv\u00e1s meghirdet\u00e9sekor a t\u00e1mogat\u00e1sra rendelkez\u00e9sre \u00e1ll\u00f3 tervezett keret\u00f6sszeg 30 milli\u00e1rd Ft.<\/li><li>Azt\u00e1n m\u00e1jusban jelentett\u00e9k be, hogy a Sz\u00e9chenyi 2020 keret\u00e9ben megjelent a <strong>\u201eTerm\u00e9nyt\u00e1rol\u00f3k, sz\u00e1r\u00edt\u00f3k \u00e9s tiszt\u00edt\u00f3k fejleszt\u00e9s\u00e9nek t\u00e1mogat\u00e1sa\u201d<\/strong> c\u00edm\u0171 (VP2-4.1.7-21 k\u00f3dsz\u00e1m\u00fa) felh\u00edv\u00e1s. A t\u00e1mogat\u00e1si k\u00e9relmek beny\u00fajt\u00e1s\u00e1ra 2021. augusztus 2. napj\u00e1t\u00f3l 2021. szeptember 27. napj\u00e1ig van lehet\u0151s\u00e9g. A felh\u00edv\u00e1s meghirdet\u00e9sekor a t\u00e1mogat\u00e1sra rendelkez\u00e9sre \u00e1ll\u00f3 tervezett keret\u00f6sszeg 50 milli\u00e1rd Ft.<\/li><li>Szint\u00e9n m\u00e1jus v\u00e9gi h\u00edr<a href=\"https:\/\/www.palyazat.gov.hu\/megjelent-a-kertszeti-zemek-megjtsnak-tmogatsa-cm-vp2-4135-21-kdszm-felhvs\" target=\"_blank\" rel=\"noreferrer noopener\">,<\/a> hogy a Sz\u00e9chenyi 2020 keret\u00e9ben megjelent a <strong>\u201eKert\u00e9szeti \u00fczemek meg\u00faj\u00edt\u00e1s\u00e1nak t\u00e1mogat\u00e1sa\u201d<\/strong> c\u00edm\u0171 (VP2-4.1.3.5-21 k\u00f3dsz\u00e1m\u00fa) felh\u00edv\u00e1s. A t\u00e1mogat\u00e1si k\u00e9relmek beny\u00fajt\u00e1s\u00e1ra 2021. j\u00falius 7. napj\u00e1t\u00f3l 2021. szeptember 28. napj\u00e1ig van lehet\u0151s\u00e9g. A felh\u00edv\u00e1s meghirdet\u00e9sekor a t\u00e1mogat\u00e1sra rendelkez\u00e9sre \u00e1ll\u00f3 tervezett keret\u00f6sszeg 50 milli\u00e1rd Ft.<\/li><li>Szint\u00e9n m\u00e1jus v\u00e9gi bejelent\u00e9s, hogy a Sz\u00e9chenyi 2020 keret\u00e9ben megjelent a <strong>\u201eK\u00fclter\u00fcleti helyi k\u00f6zutak fejleszt\u00e9se\u201d<\/strong> c\u00edm\u0171 (VP6-7.2.1.1-21 k\u00f3dsz\u00e1m\u00fa) felh\u00edv\u00e1s. A t\u00e1mogat\u00e1si k\u00e9relmek beny\u00fajt\u00e1s\u00e1ra 2021. j\u00fanius 30. napt\u00f3l 2022. november 30. napig van lehet\u0151s\u00e9g. A felh\u00edv\u00e1s meghirdet\u00e9sekor a t\u00e1mogat\u00e1sra rendelkez\u00e9sre \u00e1ll\u00f3 tervezett keret\u00f6sszeg 50 milli\u00e1rd Ft.<\/li><li>J\u00fanius eleji bejelent\u00e9s, hogy a Sz\u00e9chenyi 2020 keret\u00e9ben megjelent a <strong>\u201eKert\u00e9szet \u2013 Gomba el\u0151\u00e1ll\u00edt\u00f3 \u00fczemek fejleszt\u00e9s\u00e9nek t\u00e1mogat\u00e1sa\u201d<\/strong> c\u00edm\u0171 (VP2-4.1.3.4-21 k\u00f3dsz\u00e1m\u00fa) felh\u00edv\u00e1s. A t\u00e1mogat\u00e1si k\u00e9relmek beny\u00fajt\u00e1s\u00e1ra 2021. szeptember 13. napj\u00e1t\u00f3l 2021. december 7. napj\u00e1ig van lehet\u0151s\u00e9g. A felh\u00edv\u00e1s meghirdet\u00e9sekor a t\u00e1mogat\u00e1sra rendelkez\u00e9sre \u00e1ll\u00f3 tervezett keret\u00f6sszeg 20 milli\u00e1rd Ft.<\/li><li>Szint\u00e9n j\u00fanius elej\u00e9n jelentett\u00e9k be, hogy a Sz\u00e9chenyi 2020 keret\u00e9ben megjelent az <strong>\u201e\u00c9lelmiszeripari \u00fczemek fejleszt\u00e9se\u201d<\/strong> c\u00edm\u0171 (VP3-4.2.1-4.2.2-1-21 k\u00f3dsz\u00e1m\u00fa) felh\u00edv\u00e1s. A t\u00e1mogat\u00e1si k\u00e9relmek beny\u00fajt\u00e1s\u00e1ra 2021. j\u00falius 07. napj\u00e1t\u00f3l 2021. augusztus 31. napj\u00e1ig van lehet\u0151s\u00e9g. A felh\u00edv\u00e1s meghirdet\u00e9sekor a t\u00e1mogat\u00e1sra rendelkez\u00e9sre \u00e1ll\u00f3 tervezett keret\u00f6sszeg 50 milli\u00e1rd Ft.<\/li><li>M\u00falt h\u00e9ten jelentett\u00e9k be<a href=\"https:\/\/www.palyazat.gov.hu\/megjelent-a-minsgrendszerekhez-kapcsold-elllti-termeli-csoportosulsok-tjkoztatsi-s-promcis-tevkenysge-cm-vp3-321-21-kdszm-felhvs\" target=\"_blank\" rel=\"noreferrer noopener\">,<\/a> hogy a Sz\u00e9chenyi 2020 keret\u00e9ben megjelent a <strong>\u201eMin\u0151s\u00e9grendszerekhez kapcsol\u00f3d\u00f3 el\u0151\u00e1ll\u00edt\u00f3i, termel\u0151i csoportosul\u00e1sok t\u00e1j\u00e9koztat\u00e1si \u00e9s prom\u00f3ci\u00f3s tev\u00e9kenys\u00e9ge\u201d<\/strong> c\u00edm\u0171 (VP3-3.2.1-21 k\u00f3dsz\u00e1m\u00fa) felh\u00edv\u00e1s. A t\u00e1mogat\u00e1si k\u00e9relmek beny\u00fajt\u00e1s\u00e1ra 2021. j\u00falius 9. napj\u00e1t\u00f3l 2023. j\u00falius 31. napj\u00e1ig van lehet\u0151s\u00e9g. A felh\u00edv\u00e1s meghirdet\u00e9sekor a t\u00e1mogat\u00e1sra rendelkez\u00e9sre \u00e1ll\u00f3 tervezett keret\u00f6sszeg 8,71 milli\u00e1rd Ft.<\/li><li>A h\u00e9ten jelentett\u00e9k be, hogy a Sz\u00e9chenyi 2020 keret\u00e9ben megjelent az <strong>\u201e\u00c9lelmiszeripari \u00fczemek komplex fejleszt\u00e9se\u201d<\/strong> c\u00edm\u0171 (VP3-4.2.1-4.2.2-2-21 k\u00f3dsz\u00e1m\u00fa) felh\u00edv\u00e1s. A t\u00e1mogat\u00e1si k\u00e9relmek beny\u00fajt\u00e1s\u00e1ra 2021. augusztus 18. napj\u00e1t\u00f3l 2022. febru\u00e1r 8. napj\u00e1ig van lehet\u0151s\u00e9g. A felh\u00edv\u00e1s meghirdet\u00e9sekor a t\u00e1mogat\u00e1sra rendelkez\u00e9sre \u00e1ll\u00f3 tervezett keret\u00f6sszeg 200 milli\u00e1rd Ft.<\/li><li>A minap jelentett\u00e9k be, hogy a Sz\u00e9chenyi 2020 keret\u00e9ben megjelent a <strong>\u201eMez\u0151gazdas\u00e1g digit\u00e1lis \u00e1t\u00e1ll\u00e1s\u00e1hoz kapcsol\u00f3d\u00f3 prec\u00edzi\u00f3s fejleszt\u00e9sek t\u00e1mogat\u00e1sa\u201d<\/strong> c\u00edm\u0171 (VP2-4.1.8-21 k\u00f3dsz\u00e1m\u00fa) felh\u00edv\u00e1s. A t\u00e1mogat\u00e1si k\u00e9relmek beny\u00fajt\u00e1s\u00e1ra 2021. j\u00falius 26. napj\u00e1t\u00f3l 2021. november 19. napj\u00e1ig van lehet\u0151s\u00e9g. A felh\u00edv\u00e1s meghirdet\u00e9sekor a t\u00e1mogat\u00e1sra rendelkez\u00e9sre \u00e1ll\u00f3 tervezett keret\u00f6sszeg 100 milli\u00e1rd Ft.<\/li><\/ul>\n\n\n\n<p>A felsorolt p\u00e1ly\u00e1zatokb\u00f3l 6-n\u00e1l szerepel a napelemes rendszer, mint t\u00e1mogathat\u00f3 tev\u00e9kenys\u00e9g, nem besz\u00e9lve a plusz pontokr\u00f3l, amit kapunk, ha beletessz\u00fck a k\u00e9relemcsomagba!<\/p>\n","protected":false},"excerpt":{"rendered":"<p>A fejleszt\u00e9spolitikai int\u00e9zm\u00e9nyrendszer elk\u00e9sz\u00edtette a 2021-2027-es programoz\u00e1si id\u0151szakban t\u00e1mogat\u00e1si k\u00e9relmek beny\u00fajt\u00e1s\u00e1hoz \u00e9s a projektek v\u00e9grehajt\u00e1s\u00e1hoz seg\u00edts\u00e9get ny\u00fajt\u00f3 n\u00e9gy kiemelten fontosa \u00fatmutat\u00f3t, sablondokumentumot, amelyet k\u00f6zz\u00e9 is tettek a hivatalos p\u00e1ly\u00e1zati oldalon. https:\/\/www.palyazat.gov.hu\/ltalnos-tmutat-a-felhvsokhoz-szerzds-mintk-szf-avdh-tjkoztat-2021-2021 Az anyagok, amiket most t\u00f6lt\u00f6ttek fel: \u00c1ltal\u00e1nos \u00datmutat\u00f3 a 2021-2027-es programoz\u00e1si id\u0151szakban meghirdetett felh\u00edv\u00e1sokhoz \u00c1ltal\u00e1nos Szerz\u0151d\u00e9si Felt\u00e9telek T\u00e1mogat\u00e1si Szerz\u0151d\u00e9s \u00e9s T\u00e1mogat\u00f3i Okirat sablonok T\u00e1j\u00e9koztat\u00f3 [&hellip;]<\/p>\n","protected":false},"author":3,"featured_media":428,"comment_status":"open","ping_status":"open","sticky":false,"template":"","format":"standard","meta":{"footnotes":""},"categories":[1],"tags":[],"class_list":["post-427","post","type-post","status-publish","format-standard","has-post-thumbnail","hentry","category-egyeb"],"yoast_head":"<!-- This site is optimized with the Yoast SEO plugin v19.5.1 - https:\/\/yoast.com\/wordpress\/plugins\/seo\/ -->\n<title>Elindult az \u00faj, 2021-2027-es p\u00e1ly\u00e1zati ciklus Magyarorsz\u00e1gon! | H\u00f3dszol\u00e1r<\/title>\n<meta name=\"robots\" content=\"noindex, follow, max-snippet:-1, max-image-preview:large, max-video-preview:-1\" \/>\n<meta property=\"og:locale\" content=\"hu_HU\" \/>\n<meta property=\"og:type\" content=\"article\" \/>\n<meta property=\"og:title\" content=\"Elindult az \u00faj, 2021-2027-es p\u00e1ly\u00e1zati ciklus Magyarorsz\u00e1gon! | H\u00f3dszol\u00e1r\" \/>\n<meta property=\"og:description\" content=\"A fejleszt\u00e9spolitikai int\u00e9zm\u00e9nyrendszer elk\u00e9sz\u00edtette a 2021-2027-es programoz\u00e1si id\u0151szakban t\u00e1mogat\u00e1si k\u00e9relmek beny\u00fajt\u00e1s\u00e1hoz \u00e9s a projektek v\u00e9grehajt\u00e1s\u00e1hoz seg\u00edts\u00e9get ny\u00fajt\u00f3 n\u00e9gy kiemelten fontosa \u00fatmutat\u00f3t, sablondokumentumot, amelyet k\u00f6zz\u00e9 is tettek a hivatalos p\u00e1ly\u00e1zati oldalon. https:\/\/www.palyazat.gov.hu\/ltalnos-tmutat-a-felhvsokhoz-szerzds-mintk-szf-avdh-tjkoztat-2021-2021 Az anyagok, amiket most t\u00f6lt\u00f6ttek fel: \u00c1ltal\u00e1nos \u00datmutat\u00f3 a 2021-2027-es programoz\u00e1si id\u0151szakban meghirdetett felh\u00edv\u00e1sokhoz \u00c1ltal\u00e1nos Szerz\u0151d\u00e9si Felt\u00e9telek T\u00e1mogat\u00e1si Szerz\u0151d\u00e9s \u00e9s T\u00e1mogat\u00f3i Okirat sablonok T\u00e1j\u00e9koztat\u00f3 [&hellip;]\" \/>\n<meta property=\"og:url\" content=\"https:\/\/dev.kompaktdesign.hu\/hodszolar.hu\/2021\/07\/13\/elindult-az-uj-2021-2027-es-palyazati-ciklus-magyarorszagon\/\" \/>\n<meta property=\"og:site_name\" content=\"H\u00f3dszol\u00e1r\" \/>\n<meta property=\"article:publisher\" content=\"https:\/\/www.facebook.com\/hodszolar\" \/>\n<meta property=\"article:published_time\" content=\"2021-07-13T09:29:26+00:00\" \/>\n<meta property=\"article:modified_time\" content=\"2021-07-13T09:29:40+00:00\" \/>\n<meta property=\"og:image\" content=\"https:\/\/dev.kompaktdesign.hu\/hodszolar.hu\/wp-content\/uploads\/2021\/07\/pm2030_orig.png\" \/>\n\t<meta property=\"og:image:width\" content=\"633\" \/>\n\t<meta property=\"og:image:height\" content=\"448\" \/>\n\t<meta property=\"og:image:type\" content=\"image\/png\" \/>\n<meta name=\"author\" content=\"H\u00f3dszol\u00e1r Kft.\" \/>\n<meta name=\"twitter:card\" content=\"summary_large_image\" \/>\n<meta name=\"twitter:label1\" content=\"Szerz\u0151:\" \/>\n\t<meta name=\"twitter:data1\" content=\"H\u00f3dszol\u00e1r Kft.\" \/>\n\t<meta name=\"twitter:label2\" content=\"Becs\u00fclt olvas\u00e1si id\u0151\" \/>\n\t<meta name=\"twitter:data2\" content=\"4 perc\" \/>\n<script type=\"application\/ld+json\" class=\"yoast-schema-graph\">{\"@context\":\"https:\/\/schema.org\",\"@graph\":[{\"@type\":\"Article\",\"@id\":\"https:\/\/dev.kompaktdesign.hu\/hodszolar.hu\/2021\/07\/13\/elindult-az-uj-2021-2027-es-palyazati-ciklus-magyarorszagon\/#article\",\"isPartOf\":{\"@id\":\"https:\/\/dev.kompaktdesign.hu\/hodszolar.hu\/2021\/07\/13\/elindult-az-uj-2021-2027-es-palyazati-ciklus-magyarorszagon\/\"},\"author\":{\"name\":\"H\u00f3dszol\u00e1r Kft.\",\"@id\":\"https:\/\/dev.kompaktdesign.hu\/hodszolar.hu\/#\/schema\/person\/a788af940a3d6b2829396312340dd08c\"},\"headline\":\"Elindult az \u00faj, 2021-2027-es p\u00e1ly\u00e1zati ciklus Magyarorsz\u00e1gon!\",\"datePublished\":\"2021-07-13T09:29:26+00:00\",\"dateModified\":\"2021-07-13T09:29:40+00:00\",\"mainEntityOfPage\":{\"@id\":\"https:\/\/dev.kompaktdesign.hu\/hodszolar.hu\/2021\/07\/13\/elindult-az-uj-2021-2027-es-palyazati-ciklus-magyarorszagon\/\"},\"wordCount\":1257,\"commentCount\":0,\"publisher\":{\"@id\":\"https:\/\/dev.kompaktdesign.hu\/hodszolar.hu\/#organization\"},\"articleSection\":[\"Egy\u00e9b kateg\u00f3ria\"],\"inLanguage\":\"hu\",\"potentialAction\":[{\"@type\":\"CommentAction\",\"name\":\"Comment\",\"target\":[\"https:\/\/dev.kompaktdesign.hu\/hodszolar.hu\/2021\/07\/13\/elindult-az-uj-2021-2027-es-palyazati-ciklus-magyarorszagon\/#respond\"]}]},{\"@type\":\"WebPage\",\"@id\":\"https:\/\/dev.kompaktdesign.hu\/hodszolar.hu\/2021\/07\/13\/elindult-az-uj-2021-2027-es-palyazati-ciklus-magyarorszagon\/\",\"url\":\"https:\/\/dev.kompaktdesign.hu\/hodszolar.hu\/2021\/07\/13\/elindult-az-uj-2021-2027-es-palyazati-ciklus-magyarorszagon\/\",\"name\":\"Elindult az \u00faj, 2021-2027-es p\u00e1ly\u00e1zati ciklus Magyarorsz\u00e1gon! | H\u00f3dszol\u00e1r\",\"isPartOf\":{\"@id\":\"https:\/\/dev.kompaktdesign.hu\/hodszolar.hu\/#website\"},\"datePublished\":\"2021-07-13T09:29:26+00:00\",\"dateModified\":\"2021-07-13T09:29:40+00:00\",\"breadcrumb\":{\"@id\":\"https:\/\/dev.kompaktdesign.hu\/hodszolar.hu\/2021\/07\/13\/elindult-az-uj-2021-2027-es-palyazati-ciklus-magyarorszagon\/#breadcrumb\"},\"inLanguage\":\"hu\",\"potentialAction\":[{\"@type\":\"ReadAction\",\"target\":[\"https:\/\/dev.kompaktdesign.hu\/hodszolar.hu\/2021\/07\/13\/elindult-az-uj-2021-2027-es-palyazati-ciklus-magyarorszagon\/\"]}]},{\"@type\":\"BreadcrumbList\",\"@id\":\"https:\/\/dev.kompaktdesign.hu\/hodszolar.hu\/2021\/07\/13\/elindult-az-uj-2021-2027-es-palyazati-ciklus-magyarorszagon\/#breadcrumb\",\"itemListElement\":[{\"@type\":\"ListItem\",\"position\":1,\"name\":\"Kezd\u0151lap\",\"item\":\"https:\/\/dev.kompaktdesign.hu\/hodszolar.hu\/\"},{\"@type\":\"ListItem\",\"position\":2,\"name\":\"Elindult az \u00faj, 2021-2027-es p\u00e1ly\u00e1zati ciklus Magyarorsz\u00e1gon!\"}]},{\"@type\":\"WebSite\",\"@id\":\"https:\/\/dev.kompaktdesign.hu\/hodszolar.hu\/#website\",\"url\":\"https:\/\/dev.kompaktdesign.hu\/hodszolar.hu\/\",\"name\":\"H\u00f3dszol\u00e1r\",\"description\":\"A v\u00e1s\u00e1rhelyi napelemes\",\"publisher\":{\"@id\":\"https:\/\/dev.kompaktdesign.hu\/hodszolar.hu\/#organization\"},\"potentialAction\":[{\"@type\":\"SearchAction\",\"target\":{\"@type\":\"EntryPoint\",\"urlTemplate\":\"https:\/\/dev.kompaktdesign.hu\/hodszolar.hu\/?s={search_term_string}\"},\"query-input\":\"required name=search_term_string\"}],\"inLanguage\":\"hu\"},{\"@type\":\"Organization\",\"@id\":\"https:\/\/dev.kompaktdesign.hu\/hodszolar.hu\/#organization\",\"name\":\"H\u00f3dszol\u00e1r Kft.\",\"url\":\"https:\/\/dev.kompaktdesign.hu\/hodszolar.hu\/\",\"sameAs\":[\"https:\/\/www.facebook.com\/hodszolar\"],\"logo\":{\"@type\":\"ImageObject\",\"inLanguage\":\"hu\",\"@id\":\"https:\/\/dev.kompaktdesign.hu\/hodszolar.hu\/#\/schema\/logo\/image\/\",\"url\":\"https:\/\/dev.kompaktdesign.hu\/hodszolar.hu\/wp-content\/uploads\/2021\/05\/fvicon.png\",\"contentUrl\":\"https:\/\/dev.kompaktdesign.hu\/hodszolar.hu\/wp-content\/uploads\/2021\/05\/fvicon.png\",\"width\":132,\"height\":132,\"caption\":\"H\u00f3dszol\u00e1r Kft.\"},\"image\":{\"@id\":\"https:\/\/dev.kompaktdesign.hu\/hodszolar.hu\/#\/schema\/logo\/image\/\"}},{\"@type\":\"Person\",\"@id\":\"https:\/\/dev.kompaktdesign.hu\/hodszolar.hu\/#\/schema\/person\/a788af940a3d6b2829396312340dd08c\",\"name\":\"H\u00f3dszol\u00e1r Kft.\",\"image\":{\"@type\":\"ImageObject\",\"inLanguage\":\"hu\",\"@id\":\"https:\/\/dev.kompaktdesign.hu\/hodszolar.hu\/#\/schema\/person\/image\/\",\"url\":\"https:\/\/secure.gravatar.com\/avatar\/38df000db6f2e93b7f0ccccf7714392424ca033738d34dfe71f19fdb70329830?s=96&d=mm&r=g\",\"contentUrl\":\"https:\/\/secure.gravatar.com\/avatar\/38df000db6f2e93b7f0ccccf7714392424ca033738d34dfe71f19fdb70329830?s=96&d=mm&r=g\",\"caption\":\"H\u00f3dszol\u00e1r Kft.\"},\"url\":\"https:\/\/dev.kompaktdesign.hu\/hodszolar.hu\/author\/hodszolar\/\"}]}<\/script>\n<!-- \/ Yoast SEO plugin. -->","yoast_head_json":{"title":"Elindult az \u00faj, 2021-2027-es p\u00e1ly\u00e1zati ciklus Magyarorsz\u00e1gon! | H\u00f3dszol\u00e1r","robots":{"index":"noindex","follow":"follow","max-snippet":"max-snippet:-1","max-image-preview":"max-image-preview:large","max-video-preview":"max-video-preview:-1"},"og_locale":"hu_HU","og_type":"article","og_title":"Elindult az \u00faj, 2021-2027-es p\u00e1ly\u00e1zati ciklus Magyarorsz\u00e1gon! | H\u00f3dszol\u00e1r","og_description":"A fejleszt\u00e9spolitikai int\u00e9zm\u00e9nyrendszer elk\u00e9sz\u00edtette a 2021-2027-es programoz\u00e1si id\u0151szakban t\u00e1mogat\u00e1si k\u00e9relmek beny\u00fajt\u00e1s\u00e1hoz \u00e9s a projektek v\u00e9grehajt\u00e1s\u00e1hoz seg\u00edts\u00e9get ny\u00fajt\u00f3 n\u00e9gy kiemelten fontosa \u00fatmutat\u00f3t, sablondokumentumot, amelyet k\u00f6zz\u00e9 is tettek a hivatalos p\u00e1ly\u00e1zati oldalon. https:\/\/www.palyazat.gov.hu\/ltalnos-tmutat-a-felhvsokhoz-szerzds-mintk-szf-avdh-tjkoztat-2021-2021 Az anyagok, amiket most t\u00f6lt\u00f6ttek fel: \u00c1ltal\u00e1nos \u00datmutat\u00f3 a 2021-2027-es programoz\u00e1si id\u0151szakban meghirdetett felh\u00edv\u00e1sokhoz \u00c1ltal\u00e1nos Szerz\u0151d\u00e9si Felt\u00e9telek T\u00e1mogat\u00e1si Szerz\u0151d\u00e9s \u00e9s T\u00e1mogat\u00f3i Okirat sablonok T\u00e1j\u00e9koztat\u00f3 [&hellip;]","og_url":"https:\/\/dev.kompaktdesign.hu\/hodszolar.hu\/2021\/07\/13\/elindult-az-uj-2021-2027-es-palyazati-ciklus-magyarorszagon\/","og_site_name":"H\u00f3dszol\u00e1r","article_publisher":"https:\/\/www.facebook.com\/hodszolar","article_published_time":"2021-07-13T09:29:26+00:00","article_modified_time":"2021-07-13T09:29:40+00:00","og_image":[{"width":633,"height":448,"url":"https:\/\/dev.kompaktdesign.hu\/hodszolar.hu\/wp-content\/uploads\/2021\/07\/pm2030_orig.png","type":"image\/png"}],"author":"H\u00f3dszol\u00e1r Kft.","twitter_card":"summary_large_image","twitter_misc":{"Szerz\u0151:":"H\u00f3dszol\u00e1r Kft.","Becs\u00fclt olvas\u00e1si id\u0151":"4 perc"},"schema":{"@context":"https:\/\/schema.org","@graph":[{"@type":"Article","@id":"https:\/\/dev.kompaktdesign.hu\/hodszolar.hu\/2021\/07\/13\/elindult-az-uj-2021-2027-es-palyazati-ciklus-magyarorszagon\/#article","isPartOf":{"@id":"https:\/\/dev.kompaktdesign.hu\/hodszolar.hu\/2021\/07\/13\/elindult-az-uj-2021-2027-es-palyazati-ciklus-magyarorszagon\/"},"author":{"name":"H\u00f3dszol\u00e1r Kft.","@id":"https:\/\/dev.kompaktdesign.hu\/hodszolar.hu\/#\/schema\/person\/a788af940a3d6b2829396312340dd08c"},"headline":"Elindult az \u00faj, 2021-2027-es p\u00e1ly\u00e1zati ciklus Magyarorsz\u00e1gon!","datePublished":"2021-07-13T09:29:26+00:00","dateModified":"2021-07-13T09:29:40+00:00","mainEntityOfPage":{"@id":"https:\/\/dev.kompaktdesign.hu\/hodszolar.hu\/2021\/07\/13\/elindult-az-uj-2021-2027-es-palyazati-ciklus-magyarorszagon\/"},"wordCount":1257,"commentCount":0,"publisher":{"@id":"https:\/\/dev.kompaktdesign.hu\/hodszolar.hu\/#organization"},"articleSection":["Egy\u00e9b kateg\u00f3ria"],"inLanguage":"hu","potentialAction":[{"@type":"CommentAction","name":"Comment","target":["https:\/\/dev.kompaktdesign.hu\/hodszolar.hu\/2021\/07\/13\/elindult-az-uj-2021-2027-es-palyazati-ciklus-magyarorszagon\/#respond"]}]},{"@type":"WebPage","@id":"https:\/\/dev.kompaktdesign.hu\/hodszolar.hu\/2021\/07\/13\/elindult-az-uj-2021-2027-es-palyazati-ciklus-magyarorszagon\/","url":"https:\/\/dev.kompaktdesign.hu\/hodszolar.hu\/2021\/07\/13\/elindult-az-uj-2021-2027-es-palyazati-ciklus-magyarorszagon\/","name":"Elindult az \u00faj, 2021-2027-es p\u00e1ly\u00e1zati ciklus Magyarorsz\u00e1gon! | H\u00f3dszol\u00e1r","isPartOf":{"@id":"https:\/\/dev.kompaktdesign.hu\/hodszolar.hu\/#website"},"datePublished":"2021-07-13T09:29:26+00:00","dateModified":"2021-07-13T09:29:40+00:00","breadcrumb":{"@id":"https:\/\/dev.kompaktdesign.hu\/hodszolar.hu\/2021\/07\/13\/elindult-az-uj-2021-2027-es-palyazati-ciklus-magyarorszagon\/#breadcrumb"},"inLanguage":"hu","potentialAction":[{"@type":"ReadAction","target":["https:\/\/dev.kompaktdesign.hu\/hodszolar.hu\/2021\/07\/13\/elindult-az-uj-2021-2027-es-palyazati-ciklus-magyarorszagon\/"]}]},{"@type":"BreadcrumbList","@id":"https:\/\/dev.kompaktdesign.hu\/hodszolar.hu\/2021\/07\/13\/elindult-az-uj-2021-2027-es-palyazati-ciklus-magyarorszagon\/#breadcrumb","itemListElement":[{"@type":"ListItem","position":1,"name":"Kezd\u0151lap","item":"https:\/\/dev.kompaktdesign.hu\/hodszolar.hu\/"},{"@type":"ListItem","position":2,"name":"Elindult az \u00faj, 2021-2027-es p\u00e1ly\u00e1zati ciklus Magyarorsz\u00e1gon!"}]},{"@type":"WebSite","@id":"https:\/\/dev.kompaktdesign.hu\/hodszolar.hu\/#website","url":"https:\/\/dev.kompaktdesign.hu\/hodszolar.hu\/","name":"H\u00f3dszol\u00e1r","description":"A v\u00e1s\u00e1rhelyi napelemes","publisher":{"@id":"https:\/\/dev.kompaktdesign.hu\/hodszolar.hu\/#organization"},"potentialAction":[{"@type":"SearchAction","target":{"@type":"EntryPoint","urlTemplate":"https:\/\/dev.kompaktdesign.hu\/hodszolar.hu\/?s={search_term_string}"},"query-input":"required name=search_term_string"}],"inLanguage":"hu"},{"@type":"Organization","@id":"https:\/\/dev.kompaktdesign.hu\/hodszolar.hu\/#organization","name":"H\u00f3dszol\u00e1r Kft.","url":"https:\/\/dev.kompaktdesign.hu\/hodszolar.hu\/","sameAs":["https:\/\/www.facebook.com\/hodszolar"],"logo":{"@type":"ImageObject","inLanguage":"hu","@id":"https:\/\/dev.kompaktdesign.hu\/hodszolar.hu\/#\/schema\/logo\/image\/","url":"https:\/\/dev.kompaktdesign.hu\/hodszolar.hu\/wp-content\/uploads\/2021\/05\/fvicon.png","contentUrl":"https:\/\/dev.kompaktdesign.hu\/hodszolar.hu\/wp-content\/uploads\/2021\/05\/fvicon.png","width":132,"height":132,"caption":"H\u00f3dszol\u00e1r Kft."},"image":{"@id":"https:\/\/dev.kompaktdesign.hu\/hodszolar.hu\/#\/schema\/logo\/image\/"}},{"@type":"Person","@id":"https:\/\/dev.kompaktdesign.hu\/hodszolar.hu\/#\/schema\/person\/a788af940a3d6b2829396312340dd08c","name":"H\u00f3dszol\u00e1r Kft.","image":{"@type":"ImageObject","inLanguage":"hu","@id":"https:\/\/dev.kompaktdesign.hu\/hodszolar.hu\/#\/schema\/person\/image\/","url":"https:\/\/secure.gravatar.com\/avatar\/38df000db6f2e93b7f0ccccf7714392424ca033738d34dfe71f19fdb70329830?s=96&d=mm&r=g","contentUrl":"https:\/\/secure.gravatar.com\/avatar\/38df000db6f2e93b7f0ccccf7714392424ca033738d34dfe71f19fdb70329830?s=96&d=mm&r=g","caption":"H\u00f3dszol\u00e1r Kft."},"url":"https:\/\/dev.kompaktdesign.hu\/hodszolar.hu\/author\/hodszolar\/"}]}},"_links":{"self":[{"href":"https:\/\/dev.kompaktdesign.hu\/hodszolar.hu\/wp-json\/wp\/v2\/posts\/427","targetHints":{"allow":["GET"]}}],"collection":[{"href":"https:\/\/dev.kompaktdesign.hu\/hodszolar.hu\/wp-json\/wp\/v2\/posts"}],"about":[{"href":"https:\/\/dev.kompaktdesign.hu\/hodszolar.hu\/wp-json\/wp\/v2\/types\/post"}],"author":[{"embeddable":true,"href":"https:\/\/dev.kompaktdesign.hu\/hodszolar.hu\/wp-json\/wp\/v2\/users\/3"}],"replies":[{"embeddable":true,"href":"https:\/\/dev.kompaktdesign.hu\/hodszolar.hu\/wp-json\/wp\/v2\/comments?post=427"}],"version-history":[{"count":1,"href":"https:\/\/dev.kompaktdesign.hu\/hodszolar.hu\/wp-json\/wp\/v2\/posts\/427\/revisions"}],"predecessor-version":[{"id":429,"href":"https:\/\/dev.kompaktdesign.hu\/hodszolar.hu\/wp-json\/wp\/v2\/posts\/427\/revisions\/429"}],"wp:featuredmedia":[{"embeddable":true,"href":"https:\/\/dev.kompaktdesign.hu\/hodszolar.hu\/wp-json\/wp\/v2\/media\/428"}],"wp:attachment":[{"href":"https:\/\/dev.kompaktdesign.hu\/hodszolar.hu\/wp-json\/wp\/v2\/media?parent=427"}],"wp:term":[{"taxonomy":"category","embeddable":true,"href":"https:\/\/dev.kompaktdesign.hu\/hodszolar.hu\/wp-json\/wp\/v2\/categories?post=427"},{"taxonomy":"post_tag","embeddable":true,"href":"https:\/\/dev.kompaktdesign.hu\/hodszolar.hu\/wp-json\/wp\/v2\/tags?post=427"}],"curies":[{"name":"wp","href":"https:\/\/api.w.org\/{rel}","templated":true}]}}