{"id":450,"date":"2021-07-26T11:35:42","date_gmt":"2021-07-26T11:35:42","guid":{"rendered":"https:\/\/hodszolar.hu\/?p=450"},"modified":"2021-07-26T11:35:43","modified_gmt":"2021-07-26T11:35:43","slug":"napelem-vagy-napkollektor","status":"publish","type":"post","link":"https:\/\/dev.kompaktdesign.hu\/hodszolar.hu\/2021\/07\/26\/napelem-vagy-napkollektor\/","title":{"rendered":"Napelem vagy napkollektor"},"content":{"rendered":"\n<p>Sokakban felmer\u00fcl a k\u00e9rd\u00e9s, hogy mit is jelent a napelem vagy a napkollektor, ugyanarr\u00f3l besz\u00e9l\u00fcnk vagy k\u00e9t teljesen k\u00fcl\u00f6n rendszer?<\/p>\n\n\n\n<h3 class=\"wp-block-heading\">Mi az a napelem?<\/h3>\n\n\n\n<p>A napelem a napenergi\u00e1t elektromos energia form\u00e1j\u00e1ban hasznos\u00edtja. A fotovoltaikus hat\u00e1s eredm\u00e9nyek\u00e9ppen b\u00e1rmely elektromos eszk\u00f6z \u00e1ltal felhaszn\u00e1lhat\u00f3 elektromos \u00e1ramot tud el\u0151\u00e1ll\u00edtani.<\/p>\n\n\n\n<h3 class=\"wp-block-heading\">Mi az a napkollektor?<\/h3>\n\n\n\n<p>A napenergi\u00e1t h\u0151 form\u00e1j\u00e1ban hasznos\u00edtja. A nap felmeleg\u00edti a napkollektorban l\u00e9v\u0151 folyad\u00e9kot, amit egy tart\u00e1lyban t\u00e1rol \u00e9s felhaszn\u00e1l, amikor sz\u00fcks\u00e9g van r\u00e1. A tart\u00e1ly term\u00e9szetesen h\u0151szigetelt, \u00edgy sok\u00e1ig k\u00e9pes melegen tartani a benne l\u00e9v\u0151 folyad\u00e9kot.<\/p>\n\n\n\n<figure class=\"wp-block-image size-full is-resized\"><img loading=\"lazy\" decoding=\"async\" src=\"https:\/\/dev.kompaktdesign.hu\/hodszolar.hu\/wp-content\/uploads\/2021\/07\/napkollektor.png\" alt=\"\" class=\"wp-image-451\" width=\"682\" height=\"467\"\/><\/figure>\n\n\n\n<p>B\u00e1r mindkett\u0151 a nap h\u0151j\u00e9t hasznos\u00edtja, m\u00e9gis jelent\u0151s k\u00fcl\u00f6nbs\u00e9g van a k\u00e9t technol\u00f3gia k\u00f6z\u00f6tt. A napelem elektromos \u00e1ramot \u00e1ll\u00edt el\u0151, a napkollektor pedig folyad\u00e9kot meleg\u00edt fel, amit f\u0171t\u00e9sre lehet hasznos\u00edtani.<\/p>\n\n\n\n<p>A napelemnek vissza kell t\u00f6ltenie az energi\u00e1t a h\u00e1l\u00f3zatba, mert t\u00e1rolni csak abban az esetben \u00e9rdemes, amikor nem \u00e1ll rendelkez\u00e9sre a k\u00f6zelben elektromos h\u00e1l\u00f3zat. Ebben az esetben besz\u00e9l\u00fcnk sziget \u00fczem\u0171 napelemes rendszerr\u0151l. Minden m\u00e1s esetben a napelem \u00e1ltal termelt elektromos \u00e1ramot azonnal fel kell haszn\u00e1lni vagy visszat\u00f6lteni a h\u00e1l\u00f3zatba.<\/p>\n\n\n\n<p>A napkollektor felmeleg\u00edti a folyad\u00e9kot \u00e9s azt az energi\u00e1t k\u00e9s\u0151bb is hasznos\u00edtani lehet. Azonban mindenk\u00e9pp sz\u00e1m\u00edt\u00e1sba kell venni a 2-3 \u00e9vente esed\u00e9kes karbantart\u00e1st. Ellen\u0151rizni kell a folyad\u00e9k PH \u00e9rt\u00e9k\u00e9t, be\u00e1ll\u00edtani a nyom\u00e1st, teh\u00e1t karbantartani a rendszert. Erre a napelem eset\u00e9ben nincs sz\u00fcks\u00e9g, legfeljebb id\u0151nk\u00e9nt letiszt\u00edtani.<\/p>\n\n\n\n<p>A napelem felhaszn\u00e1l\u00e1sa sz\u00e9lesebb k\u00f6r\u0171, hiszen az elektromos energi\u00e1val t\u00f6bbf\u00e9le eszk\u00f6zt is lehet m\u0171k\u00f6dtetni. A napkollektor \u00e1ltal felmeleg\u00edtett vizet csak f\u0171t\u00e9sre, f\u00fcrd\u00e9sre \u00e9s f\u0151z\u00e9sre lehet haszn\u00e1lni.<\/p>\n\n\n\n<p>A fosszilis f\u0171t\u0151anyagokt\u00f3l elt\u00e9r\u0151en, a napenergia szinte korl\u00e1tlan mennyis\u00e9gben \u00e9rhet\u0151 el, sz\u00e9nmentes \u00e9s ingyenes. A modern f\u0171t\u00e9si rendszerek napkollektorokkal kombin\u00e1lhat\u00f3k, melyek melegv\u00edz k\u00e9sz\u00edt\u00e9shez vagy kiseg\u00edt\u0151 f\u0171t\u00e9sk\u00e9nt illeszthet\u0151k be a f\u0171t\u00e9si k\u00f6rbe.<\/p>\n\n\n\n<p>A napsug\u00e1rz\u00e1s h\u0151energiak\u00e9nt t\u00f6rt\u00e9n\u0151 hasznos\u00edt\u00e1s\u00e1t szol\u00e1rf\u0171t\u00e9snek nevezz\u00fck. Ezt azonban nem szabad \u00f6sszekevern\u00fcnk a fotovoltaikus\/napelemes berendez\u00e9sekkel, melyek a napf\u00e9nyt elektromos energi\u00e1v\u00e1 alak\u00edtj\u00e1k \u00e1t.<\/p>\n\n\n\n<p><strong>A napenergi\u00e1val t\u00f6rt\u00e9n\u0151 f\u0171t\u00e9s el\u0151nyei:<\/strong><\/p>\n\n\n\n<ul class=\"wp-block-list\"><li>Ingyenesen el\u00e9rhet\u0151 v\u00e9gtelen energiaforr\u00e1s<\/li><li>Sz\u00e9ndioxid kibocs\u00e1t\u00e1s- mentes m\u0171k\u00f6d\u00e9s<\/li><li>K\u00f6lts\u00e9gtakar\u00e9kos: kiemelked\u0151en alacsony energiafogyaszt\u00e1s melegv\u00edz-k\u00e9sz\u00edt\u00e9s \u00e9s f\u0171t\u00e9s k\u00f6zben<\/li><li>Alacsonyabb sz\u00e9nalap\u00fa t\u00fczel\u0151anyag fogyaszt\u00e1s<\/li><li>A szol\u00e1rrendszereket be lehet \u00e9p\u00edteni megl\u00e9v\u0151 f\u0171t\u00e9si rendszerekbe<\/li><li>Ak\u00e1r t\u00e9len is hat\u00e9konyan m\u0171k\u00f6d\u0151 rendszer<\/li><\/ul>\n\n\n\n<p><strong>A szol\u00e1rf\u0171t\u00e9s m\u0171k\u00f6d\u00e9si elve<\/strong><\/p>\n\n\n\n<p>A napenergi\u00e1s f\u0171t\u00e9s m\u0171k\u00f6d\u00e9si elv\u00e9t, nagyon egyszer\u0171en \u00e9s j\u00f3l szeml\u00e9lteti egy v\u00edzzel teli fekete kerti locsol\u00f3cs\u0151, melyet naps\u00fct\u00e9s \u00e9r. A cs\u0151 fekete felsz\u00edne elnyeli a napsug\u00e1rz\u00e1sb\u00f3l a h\u0151energi\u00e1t, \u00edgy a v\u00edz felmelegedik. A napenergi\u00e1s f\u0171t\u00e9s l\u00e9p\u00e9sei az al\u00e1bbiak:<\/p>\n\n\n\n<p>1. A kollektor elnyeli a napf\u00e9nyt az abszorber seg\u00edts\u00e9g\u00e9vel, \u00e9s a k\u00e9sz\u00fcl\u00e9kbe felt\u00f6lt\u00f6tt speci\u00e1lis h\u0151sz\u00e1ll\u00edt\u00f3 folyad\u00e9k felmelegszik<\/p>\n\n\n\n<p>2. A szivatty\u00fa seg\u00edts\u00e9g\u00e9vel a h\u0151sz\u00e1ll\u00edt\u00f3 folyad\u00e9k eljut a szol\u00e1rtart\u00e1ly h\u0151cser\u00e9l\u0151j\u00e9be<\/p>\n\n\n\n<p>3. A termikus energi\u00e1t a szol\u00e1rtart\u00e1ly \u00e1tveszi<\/p>\n\n\n\n<p>4. Ha a napsug\u00e1rz\u00e1s er\u0151ss\u00e9ge nem lenne el\u00e9g er\u0151s a v\u00edz felmeleg\u00edt\u00e9s\u00e9hez, akkor a hagyom\u00e1nyos f\u0171t\u0151rendszer r\u00e1seg\u00edt a tart\u00e1ly f\u0171t\u00e9s\u00e9re a k\u00edv\u00e1nt h\u0151m\u00e9rs\u00e9klet el\u00e9r\u00e9s\u00e9hez.<\/p>\n\n\n\n<p>A napenergi\u00e1s rendszer, a kialak\u00edt\u00e1st\u00f3l f\u00fcgg\u0151en, a melegv\u00edz el\u0151\u00e1ll\u00edt\u00e1shoz sz\u00fcks\u00e9ges \u00e9ves energiasz\u00fcks\u00e9glet mintegy 60%-\u00e1t k\u00e9pes fedezni.<\/p>\n\n\n\n<p><strong>Napenergia hasznos\u00edt\u00e1sa f\u0171t\u00e9s r\u00e1seg\u00edt\u00e9shez<\/strong><\/p>\n\n\n\n<p>A haszn\u00e1lati melegv\u00edz-k\u00e9sz\u00edt\u00e9s mellett, a felmelegedett h\u0151sz\u00e1ll\u00edt\u00f3 folyad\u00e9k alkalmas a f\u0171t\u00e9si melegv\u00edz k\u00e9sz\u00edt\u00e9s\u00e9re is. Ezzel a kieg\u00e9sz\u00edtett t\u00e1mogat\u00e1ssal jelent\u0151s energiamegtakar\u00edt\u00e1s \u00e9rhet\u0151 el. A szol\u00e1rt\u00e1mogat\u00e1snak k\u00f6sz\u00f6nhet\u0151en, alacsonyabb h\u0151m\u00e9rs\u00e9klet ig\u00e9ny eset\u00e9n ez ak\u00e1r a f\u0171t\u00e9si rendszer teljes kikapcsol\u00e1s\u00e1t is jelentheti.<\/p>\n\n\n\n<p>Ennek a megold\u00e1snak a k\u00f6zponti eleme egy kombin\u00e1lt, un. puffertart\u00e1ly, amely a haszn\u00e1lati melegv\u00edz-k\u00e9sz\u00edt\u0151 egys\u00e9ghez kapcsol\u00f3dik. Amennyiben el\u00e9gs\u00e9ges a napsug\u00e1rz\u00e1s szintje, a szol\u00e1r f\u0171t\u00e9si rendszerben tal\u00e1lhat\u00f3 folyad\u00e9k felmeleg\u00edti a vizet az egyik tart\u00e1lyban, a szol\u00e1r h\u0151cser\u00e9l\u0151 seg\u00edts\u00e9g\u00e9vel. Amennyiben a h\u0151m\u00e9rs\u00e9klet cs\u00f6kken pl mert hosszan zuhanyozott valaki, akkor a f\u0171t\u0151egys\u00e9g bekapcsol\u00f3dik a m\u00e1sodik k\u00f6r\u00f6n kereszt\u00fcl, \u00e9s seg\u00edt a tov\u00e1bbi melegv\u00edz ig\u00e9ny el\u0151\u00e1ll\u00edt\u00e1s\u00e1ban.<\/p>\n\n\n\n<p>\u00c1ltal\u00e1ban v\u00e9ve azt mondhatjuk, hogy a napenergia nem k\u00e9pes el\u0151\u00e1ll\u00edtani a teljes \u00e9ves f\u0171t\u00e9sienergia sz\u00fcks\u00e9gletet. Ez\u00e9rt aj\u00e1nlatos rendszerbe be\u00e9p\u00edtve, kieg\u00e9sz\u00edt\u0151 elemk\u00e9nt haszn\u00e1lni. G\u00e1z-, vagy olajkondenz\u00e1ci\u00f3s f\u0171t\u00e9si technol\u00f3gi\u00e1val kieg\u00e9sz\u00edtve nagyszer\u0171 \u00e9s takar\u00e9kos rendszert \u00e9p\u00edthet\u00fcnk ki. Term\u00e9szetesen m\u00e9g hat\u00e9konyabb \u00e9s takar\u00e9kosabb lehet a rendszer, ha h\u0151szivatty\u00faval vagy pelletf\u0171t\u00e9ssel kombin\u00e1ljuk.<\/p>\n\n\n\n<p>A napelemeket gy\u00e1rt\u00e1si technol\u00f3gi\u00e1juk szerint szokt\u00e1k megk\u00fcl\u00f6nb\u00f6ztetni. Ez hat\u00e1rozza meg jelent\u0151sen a napelem tulajdons\u00e1gait. Befoly\u00e1solja a hat\u00e1sfok\u00e1t, a teljes\u00edtm\u00e9ny\u00e9t, bizonyos m\u00e9rt\u00e9kben a kin\u00e9zet\u00e9t is.<\/p>\n\n\n\n<p>Gy\u00e1rt\u00e1si technol\u00f3gia szerint megk\u00fcl\u00f6nb\u00f6ztet\u00fcnk:<\/p>\n\n\n\n<p>Monokrist\u00e1lyos napelem<\/p>\n\n\n\n<p>Polikrist\u00e1lyos napelem<\/p>\n\n\n\n<p>V\u00e9konyr\u00e9teg\u0171 napelem<\/p>\n\n\n\n<p>A h\u00e1l\u00f3zatba t\u00e1pl\u00e1l\u00e1s szempontja szerint megk\u00fcl\u00f6nb\u00f6ztet\u00fcnk:<\/p>\n\n\n\n<ul class=\"wp-block-list\"><li>h\u00e1l\u00f3zatba t\u00e1pl\u00e1l\u00f3s napelem rendszereket<\/li><li>sziget \u00fczem\u0171 napelem rendszereket<\/li><\/ul>\n\n\n\n<h3 class=\"wp-block-heading\">Napelem el\u0151nyei<\/h3>\n\n\n\n<ul class=\"wp-block-list\"><li>j\u00f3val kisebb a meghib\u00e1sod\u00e1s vesz\u00e9lye<\/li><li>alacsonyabb k\u00f6lts\u00e9gek a karbantart\u00e1sra<\/li><li>minden elektromos fogyaszt\u00f3 m\u0171k\u00f6dtethet\u0151 vele<\/li><\/ul>\n\n\n\n<h3 class=\"wp-block-heading\">Napelem h\u00e1tr\u00e1nyai<\/h3>\n\n\n\n<ul class=\"wp-block-list\"><li>kisebb hat\u00e1sfokkal m\u0171k\u00f6dik<\/li><li>nagyobb fel\u00fcletre van sz\u00fcks\u00e9g, t\u00f6bb tart\u00f3szerkezet ki\u00e9p\u00edt\u00e9se sz\u00fcks\u00e9ges<\/li><\/ul>\n\n\n\n<p><strong>Napkollektorok<\/strong><\/p>\n\n\n\n<h3 class=\"wp-block-heading\">Napkollektor t\u00edpusok<\/h3>\n\n\n\n<p>A napkollektorok eset\u00e9ben is t\u00f6bb t\u00edpusr\u00f3l besz\u00e9lhet\u00fcnk. A k\u00e9t jelent\u0151s technol\u00f3gi\u00e1n bel\u00fcl is vannak m\u00e9g k\u00fcl\u00f6nb\u00f6z\u0151 t\u00edpusok.<\/p>\n\n\n\n<ul class=\"wp-block-list\"><li>v\u00e1kumcs\u00f6ves<\/li><li>s\u00edk<\/li><\/ul>\n\n\n\n<p>A v\u00e1kumcs\u00f6ves technol\u00f3gi\u00e1n bel\u00fcl m\u00e9g megk\u00fcl\u00f6nb\u00f6ztet\u00fcnk<\/p>\n\n\n\n<ul class=\"wp-block-list\"><li>h\u0151cs\u00f6ves<\/li><li>U- cs\u00f6ves<\/li><li>direkt \u00e1tfoly\u00e1s\u00fa<\/li><li>abszorber lemezes technol\u00f3gi\u00e1t<\/li><\/ul>\n\n\n\n<p><strong>S\u00edkkollektorok - a fel\u00fclet ereje<\/strong><\/p>\n\n\n\n<p>A s\u00edkkollektor legf\u0151bb jellemz\u0151je a fekete abszorber fel\u00fclet, melyet a Nap ir\u00e1ny\u00e1ba kell telep\u00edteni. Az abszorber bevonat\u00e1t \u00fagy tervezt\u00e9k, hogy k\u00e9pes legyen a napsug\u00e1rz\u00e1s maximum\u00e1t elnyelni \u00e9s a sug\u00e1rz\u00e1s csak nagyon kis r\u00e9sz\u00e9t t\u00fckr\u00f6zze vissza. Az energi\u00e1t az abszorber fel\u00fclete alatti cs\u0151rendszerben cirkul\u00e1l\u00f3 h\u0151sz\u00e1ll\u00edt\u00f3 folyad\u00e9k nyeli el.<\/p>\n\n\n\n<p>Technikai szempontb\u00f3l, a s\u00edkkollektorok legink\u00e1bb az abszorber szigetel\u00e9s\u00e9ben k\u00fcl\u00f6nb\u00f6zik a v\u00e1kumcs\u00f6ves kollektort\u00f3l. A s\u00edkkollektorok eset\u00e9ben hagyom\u00e1nyos szigetel\u00e9st pl k\u0151zetgyapotot vagy poliuret\u00e1n habot haszn\u00e1lnak.<\/p>\n\n\n\n<p><strong>A s\u00edkkollektorok el\u0151nyei:<\/strong><\/p>\n\n\n\n<ul class=\"wp-block-list\"><li>Alacsonyabb \u00e1r<\/li><li>Kevesebb karbantart\u00e1st ig\u00e9nyel \u00e9s a jav\u00edt\u00e1si k\u00f6lts\u00e9gei is alacsonyabbak<\/li><li>Ide\u00e1lis az alacsony h\u0151m\u00e9rs\u00e9klet\u0171 rendszerekhez: melegv\u00edz-k\u00e9sz\u00edt\u00e9s vagy padl\u00f3f\u0171t\u00e9s r\u00e1seg\u00edt\u00e9s<\/li><\/ul>\n\n\n\n<p><strong>V\u00e1kumcs\u00f6ves kollektorok \u2013 a lehet\u0151 legnagyobb szol\u00e1rhozam el\u00e9r\u00e9s\u00e9\u00e9rt<\/strong><\/p>\n\n\n\n<p>A v\u00e1kumcs\u00f6vek kollektor m\u0171k\u00f6d\u00e9si elve a s\u00edkkollektor\u00e9val megegyez\u0151. Abszorberen kereszt\u00fcl nyeli el a napsug\u00e1rz\u00e1st \u00e9s adja \u00e1t a h\u0151sz\u00e1ll\u00edt\u00f3 folyad\u00e9knak.<\/p>\n\n\n\n<p>A s\u00edkkollektorokkal ellent\u00e9tben azonban, a v\u00e1kumcs\u00f6ves kollektor a v\u00e1kuum miatt l\u00e9trej\u00f6v\u0151 kiv\u00e1l\u00f3 szigetel\u00e9st haszn\u00e1lja fel, ebb\u0151l ered az elnevez\u00e9se is. A h\u0151vesztes\u00e9g, az \u00fcvegcs\u00f6vekben l\u00e9v\u0151 v\u00e1kuumnak k\u00f6sz\u00f6nhet\u0151en teljesen kik\u00fcsz\u00f6b\u00f6lhet\u0151. R\u00e1ad\u00e1sul az \u00fcvegcs\u00f6vek alatt tal\u00e1lhat\u00f3 t\u00fckr\u00f6k a napf\u00e9nyt egyenesen az abszorbercs\u0151re ir\u00e1ny\u00edtj\u00e1k, \u00edgy \u00f6sszess\u00e9g\u00e9ben elmondhat\u00f3, hogy a v\u00e1kumcs\u00f6ves kollektorok hat\u00e9konyabbak, mint a s\u00edk verzi\u00f3k.<\/p>\n\n\n\n<p><strong>A v\u00e1kumcs\u00f6ves kollektorok el\u0151nyei:<\/strong><\/p>\n\n\n\n<ul class=\"wp-block-list\"><li>Nagyobb energiahat\u00e9konys\u00e1g, ak\u00e1r kevesebb napf\u00e9ny vagy sz\u00f3rt f\u00e9ny eset\u00e9ben is<\/li><li>Egys\u00e9gnyi teljes\u00edtm\u00e9ny el\u00e9r\u00e9s\u00e9hez kevesebb tet\u0151ter\u00fclet sz\u00fcks\u00e9ges<\/li><li>Nem csak a d\u00e9li ir\u00e1ny\u00fa tet\u0151fel\u00fcleteken lehet haszn\u00e1lni<\/li><li>Magasabb h\u0151m\u00e9rs\u00e9kletet \u00e1ll\u00edt el\u0151 \u00e9s nagynyom\u00e1s\u00fa f\u0171t\u00e9si rendszerekkel kapcsolhat\u00f3 \u00f6ssze<\/li><\/ul>\n\n\n\n<p><strong>Gyors, biztons\u00e1gos \u00e9s k\u00f6nny\u0171 telep\u00edt\u00e9s<\/strong><\/p>\n\n\n\n<p>Mindegy, hogy v\u00edzszintes vagy horizont\u00e1lis, sorban egym\u00e1s melletti, vagy egym\u00e1s feletti elhelyez\u00e9sr\u0151l besz\u00e9l\u00fcnk, a kollektoraink b\u00e1rmilyen vari\u00e1ci\u00f3ban telep\u00edthet\u0151k. Ugyanakkor a panelek tet\u0151s\u00edkban vagy ak\u00e1r lapostet\u0151re is felszerelhet\u0151k. Term\u00e9szetesen a kollektorok k\u00edn\u00e1lat\u00e1ban a v\u00edzszintes, illetve \u00e1ll\u00f3 t\u00edpusok is szerepelnek.<\/p>\n\n\n\n<h3 class=\"wp-block-heading\">Napkollektor el\u0151nyei<\/h3>\n\n\n\n<ul class=\"wp-block-list\"><li>magasabb hat\u00e1sfokkal m\u0171k\u00f6dik<\/li><li>kevesebbre van sz\u00fcks\u00e9g ugyanannak az energi\u00e1nak a hasznos\u00edt\u00e1s\u00e1ra<\/li><li>kisebb helyig\u00e9ny\u0171<\/li><\/ul>\n\n\n\n<h3 class=\"wp-block-heading\">Napkollektor h\u00e1tr\u00e1nyai<\/h3>\n\n\n\n<ul class=\"wp-block-list\"><li>mozg\u00f3 alkatr\u00e9szeket is tartalmaz, ez\u00e9rt nagyobb a meghib\u00e1sod\u00e1s es\u00e9lye<\/li><li>ki\u00e9p\u00edt\u00e9se is bonyolultabb<\/li><li>gyakrabban kell k\u00f6lteni karbantart\u00e1sra<\/li><\/ul>\n\n\n\n<p>Term\u00e9szetesen a k\u00e9tf\u00e9le technol\u00f3gia ki is eg\u00e9sz\u00edtheti egym\u00e1st, teh\u00e1t ak\u00e1r mindkett\u0151t lehet alkalmazni egy h\u00e1ztart\u00e1s eset\u00e9ben.<\/p>\n\n\n\n<p>Amennyiben csak az egyiket v\u00e1lasztjuk, sz\u00e1njunk id\u0151t a lehet\u0151s\u00e9gek felm\u00e9r\u00e9s\u00e9re, gondoljuk \u00e1t, hogy konkr\u00e9tan mire van sz\u00fcks\u00e9g\u00fcnk \u00e9s v\u00e9gezz\u00fcnk pontos sz\u00e1m\u00edt\u00e1sokat arr\u00f3l, hogy anyagilag melyik d\u00f6nt\u00e9s lesz v\u00e1rhat\u00f3an jobb. Tov\u00e1bb\u00e1 pr\u00f3b\u00e1ljuk felm\u00e9rni a v\u00e1rhat\u00f3 k\u00f6lts\u00e9geket 5-10-20 \u00e9ves t\u00e1vlatban is.<\/p>\n","protected":false},"excerpt":{"rendered":"<p>Sokakban felmer\u00fcl a k\u00e9rd\u00e9s, hogy mit is jelent a napelem vagy a napkollektor, ugyanarr\u00f3l besz\u00e9l\u00fcnk vagy k\u00e9t teljesen k\u00fcl\u00f6n rendszer? Mi az a napelem? A napelem a napenergi\u00e1t elektromos energia form\u00e1j\u00e1ban hasznos\u00edtja. A fotovoltaikus hat\u00e1s eredm\u00e9nyek\u00e9ppen b\u00e1rmely elektromos eszk\u00f6z \u00e1ltal felhaszn\u00e1lhat\u00f3 elektromos \u00e1ramot tud el\u0151\u00e1ll\u00edtani. Mi az a napkollektor? A napenergi\u00e1t h\u0151 form\u00e1j\u00e1ban hasznos\u00edtja. A [&hellip;]<\/p>\n","protected":false},"author":3,"featured_media":452,"comment_status":"open","ping_status":"open","sticky":false,"template":"","format":"standard","meta":{"footnotes":""},"categories":[1],"tags":[],"class_list":["post-450","post","type-post","status-publish","format-standard","has-post-thumbnail","hentry","category-egyeb"],"yoast_head":"<!-- This site is optimized with the Yoast SEO plugin v19.5.1 - https:\/\/yoast.com\/wordpress\/plugins\/seo\/ -->\n<title>Napelem vagy napkollektor | H\u00f3dszol\u00e1r<\/title>\n<meta name=\"robots\" content=\"noindex, follow, max-snippet:-1, max-image-preview:large, max-video-preview:-1\" \/>\n<meta property=\"og:locale\" content=\"hu_HU\" \/>\n<meta property=\"og:type\" content=\"article\" \/>\n<meta property=\"og:title\" content=\"Napelem vagy napkollektor | H\u00f3dszol\u00e1r\" \/>\n<meta property=\"og:description\" content=\"Sokakban felmer\u00fcl a k\u00e9rd\u00e9s, hogy mit is jelent a napelem vagy a napkollektor, ugyanarr\u00f3l besz\u00e9l\u00fcnk vagy k\u00e9t teljesen k\u00fcl\u00f6n rendszer? Mi az a napelem? A napelem a napenergi\u00e1t elektromos energia form\u00e1j\u00e1ban hasznos\u00edtja. A fotovoltaikus hat\u00e1s eredm\u00e9nyek\u00e9ppen b\u00e1rmely elektromos eszk\u00f6z \u00e1ltal felhaszn\u00e1lhat\u00f3 elektromos \u00e1ramot tud el\u0151\u00e1ll\u00edtani. Mi az a napkollektor? A napenergi\u00e1t h\u0151 form\u00e1j\u00e1ban hasznos\u00edtja. A [&hellip;]\" \/>\n<meta property=\"og:url\" content=\"https:\/\/dev.kompaktdesign.hu\/hodszolar.hu\/2021\/07\/26\/napelem-vagy-napkollektor\/\" \/>\n<meta property=\"og:site_name\" content=\"H\u00f3dszol\u00e1r\" \/>\n<meta property=\"article:publisher\" content=\"https:\/\/www.facebook.com\/hodszolar\" \/>\n<meta property=\"article:published_time\" content=\"2021-07-26T11:35:42+00:00\" \/>\n<meta property=\"article:modified_time\" content=\"2021-07-26T11:35:43+00:00\" \/>\n<meta property=\"og:image\" content=\"https:\/\/dev.kompaktdesign.hu\/hodszolar.hu\/wp-content\/uploads\/2021\/07\/blog-1.jpg\" \/>\n\t<meta property=\"og:image:width\" content=\"1200\" \/>\n\t<meta property=\"og:image:height\" content=\"630\" \/>\n\t<meta property=\"og:image:type\" content=\"image\/jpeg\" \/>\n<meta name=\"author\" content=\"H\u00f3dszol\u00e1r Kft.\" \/>\n<meta name=\"twitter:card\" content=\"summary_large_image\" \/>\n<meta name=\"twitter:label1\" content=\"Szerz\u0151:\" \/>\n\t<meta name=\"twitter:data1\" content=\"H\u00f3dszol\u00e1r Kft.\" \/>\n\t<meta name=\"twitter:label2\" content=\"Becs\u00fclt olvas\u00e1si id\u0151\" \/>\n\t<meta name=\"twitter:data2\" content=\"5 perc\" \/>\n<script type=\"application\/ld+json\" class=\"yoast-schema-graph\">{\"@context\":\"https:\/\/schema.org\",\"@graph\":[{\"@type\":\"Article\",\"@id\":\"https:\/\/dev.kompaktdesign.hu\/hodszolar.hu\/2021\/07\/26\/napelem-vagy-napkollektor\/#article\",\"isPartOf\":{\"@id\":\"https:\/\/dev.kompaktdesign.hu\/hodszolar.hu\/2021\/07\/26\/napelem-vagy-napkollektor\/\"},\"author\":{\"name\":\"H\u00f3dszol\u00e1r Kft.\",\"@id\":\"https:\/\/dev.kompaktdesign.hu\/hodszolar.hu\/#\/schema\/person\/a788af940a3d6b2829396312340dd08c\"},\"headline\":\"Napelem vagy napkollektor\",\"datePublished\":\"2021-07-26T11:35:42+00:00\",\"dateModified\":\"2021-07-26T11:35:43+00:00\",\"mainEntityOfPage\":{\"@id\":\"https:\/\/dev.kompaktdesign.hu\/hodszolar.hu\/2021\/07\/26\/napelem-vagy-napkollektor\/\"},\"wordCount\":1837,\"commentCount\":0,\"publisher\":{\"@id\":\"https:\/\/dev.kompaktdesign.hu\/hodszolar.hu\/#organization\"},\"articleSection\":[\"Egy\u00e9b kateg\u00f3ria\"],\"inLanguage\":\"hu\",\"potentialAction\":[{\"@type\":\"CommentAction\",\"name\":\"Comment\",\"target\":[\"https:\/\/dev.kompaktdesign.hu\/hodszolar.hu\/2021\/07\/26\/napelem-vagy-napkollektor\/#respond\"]}]},{\"@type\":\"WebPage\",\"@id\":\"https:\/\/dev.kompaktdesign.hu\/hodszolar.hu\/2021\/07\/26\/napelem-vagy-napkollektor\/\",\"url\":\"https:\/\/dev.kompaktdesign.hu\/hodszolar.hu\/2021\/07\/26\/napelem-vagy-napkollektor\/\",\"name\":\"Napelem vagy napkollektor | H\u00f3dszol\u00e1r\",\"isPartOf\":{\"@id\":\"https:\/\/dev.kompaktdesign.hu\/hodszolar.hu\/#website\"},\"datePublished\":\"2021-07-26T11:35:42+00:00\",\"dateModified\":\"2021-07-26T11:35:43+00:00\",\"breadcrumb\":{\"@id\":\"https:\/\/dev.kompaktdesign.hu\/hodszolar.hu\/2021\/07\/26\/napelem-vagy-napkollektor\/#breadcrumb\"},\"inLanguage\":\"hu\",\"potentialAction\":[{\"@type\":\"ReadAction\",\"target\":[\"https:\/\/dev.kompaktdesign.hu\/hodszolar.hu\/2021\/07\/26\/napelem-vagy-napkollektor\/\"]}]},{\"@type\":\"BreadcrumbList\",\"@id\":\"https:\/\/dev.kompaktdesign.hu\/hodszolar.hu\/2021\/07\/26\/napelem-vagy-napkollektor\/#breadcrumb\",\"itemListElement\":[{\"@type\":\"ListItem\",\"position\":1,\"name\":\"Kezd\u0151lap\",\"item\":\"https:\/\/dev.kompaktdesign.hu\/hodszolar.hu\/\"},{\"@type\":\"ListItem\",\"position\":2,\"name\":\"Napelem vagy napkollektor\"}]},{\"@type\":\"WebSite\",\"@id\":\"https:\/\/dev.kompaktdesign.hu\/hodszolar.hu\/#website\",\"url\":\"https:\/\/dev.kompaktdesign.hu\/hodszolar.hu\/\",\"name\":\"H\u00f3dszol\u00e1r\",\"description\":\"A v\u00e1s\u00e1rhelyi napelemes\",\"publisher\":{\"@id\":\"https:\/\/dev.kompaktdesign.hu\/hodszolar.hu\/#organization\"},\"potentialAction\":[{\"@type\":\"SearchAction\",\"target\":{\"@type\":\"EntryPoint\",\"urlTemplate\":\"https:\/\/dev.kompaktdesign.hu\/hodszolar.hu\/?s={search_term_string}\"},\"query-input\":\"required name=search_term_string\"}],\"inLanguage\":\"hu\"},{\"@type\":\"Organization\",\"@id\":\"https:\/\/dev.kompaktdesign.hu\/hodszolar.hu\/#organization\",\"name\":\"H\u00f3dszol\u00e1r Kft.\",\"url\":\"https:\/\/dev.kompaktdesign.hu\/hodszolar.hu\/\",\"sameAs\":[\"https:\/\/www.facebook.com\/hodszolar\"],\"logo\":{\"@type\":\"ImageObject\",\"inLanguage\":\"hu\",\"@id\":\"https:\/\/dev.kompaktdesign.hu\/hodszolar.hu\/#\/schema\/logo\/image\/\",\"url\":\"https:\/\/dev.kompaktdesign.hu\/hodszolar.hu\/wp-content\/uploads\/2021\/05\/fvicon.png\",\"contentUrl\":\"https:\/\/dev.kompaktdesign.hu\/hodszolar.hu\/wp-content\/uploads\/2021\/05\/fvicon.png\",\"width\":132,\"height\":132,\"caption\":\"H\u00f3dszol\u00e1r Kft.\"},\"image\":{\"@id\":\"https:\/\/dev.kompaktdesign.hu\/hodszolar.hu\/#\/schema\/logo\/image\/\"}},{\"@type\":\"Person\",\"@id\":\"https:\/\/dev.kompaktdesign.hu\/hodszolar.hu\/#\/schema\/person\/a788af940a3d6b2829396312340dd08c\",\"name\":\"H\u00f3dszol\u00e1r Kft.\",\"image\":{\"@type\":\"ImageObject\",\"inLanguage\":\"hu\",\"@id\":\"https:\/\/dev.kompaktdesign.hu\/hodszolar.hu\/#\/schema\/person\/image\/\",\"url\":\"https:\/\/secure.gravatar.com\/avatar\/38df000db6f2e93b7f0ccccf7714392424ca033738d34dfe71f19fdb70329830?s=96&d=mm&r=g\",\"contentUrl\":\"https:\/\/secure.gravatar.com\/avatar\/38df000db6f2e93b7f0ccccf7714392424ca033738d34dfe71f19fdb70329830?s=96&d=mm&r=g\",\"caption\":\"H\u00f3dszol\u00e1r Kft.\"},\"url\":\"https:\/\/dev.kompaktdesign.hu\/hodszolar.hu\/author\/hodszolar\/\"}]}<\/script>\n<!-- \/ Yoast SEO plugin. -->","yoast_head_json":{"title":"Napelem vagy napkollektor | H\u00f3dszol\u00e1r","robots":{"index":"noindex","follow":"follow","max-snippet":"max-snippet:-1","max-image-preview":"max-image-preview:large","max-video-preview":"max-video-preview:-1"},"og_locale":"hu_HU","og_type":"article","og_title":"Napelem vagy napkollektor | H\u00f3dszol\u00e1r","og_description":"Sokakban felmer\u00fcl a k\u00e9rd\u00e9s, hogy mit is jelent a napelem vagy a napkollektor, ugyanarr\u00f3l besz\u00e9l\u00fcnk vagy k\u00e9t teljesen k\u00fcl\u00f6n rendszer? Mi az a napelem? A napelem a napenergi\u00e1t elektromos energia form\u00e1j\u00e1ban hasznos\u00edtja. A fotovoltaikus hat\u00e1s eredm\u00e9nyek\u00e9ppen b\u00e1rmely elektromos eszk\u00f6z \u00e1ltal felhaszn\u00e1lhat\u00f3 elektromos \u00e1ramot tud el\u0151\u00e1ll\u00edtani. Mi az a napkollektor? A napenergi\u00e1t h\u0151 form\u00e1j\u00e1ban hasznos\u00edtja. A [&hellip;]","og_url":"https:\/\/dev.kompaktdesign.hu\/hodszolar.hu\/2021\/07\/26\/napelem-vagy-napkollektor\/","og_site_name":"H\u00f3dszol\u00e1r","article_publisher":"https:\/\/www.facebook.com\/hodszolar","article_published_time":"2021-07-26T11:35:42+00:00","article_modified_time":"2021-07-26T11:35:43+00:00","og_image":[{"width":1200,"height":630,"url":"https:\/\/dev.kompaktdesign.hu\/hodszolar.hu\/wp-content\/uploads\/2021\/07\/blog-1.jpg","type":"image\/jpeg"}],"author":"H\u00f3dszol\u00e1r Kft.","twitter_card":"summary_large_image","twitter_misc":{"Szerz\u0151:":"H\u00f3dszol\u00e1r Kft.","Becs\u00fclt olvas\u00e1si id\u0151":"5 perc"},"schema":{"@context":"https:\/\/schema.org","@graph":[{"@type":"Article","@id":"https:\/\/dev.kompaktdesign.hu\/hodszolar.hu\/2021\/07\/26\/napelem-vagy-napkollektor\/#article","isPartOf":{"@id":"https:\/\/dev.kompaktdesign.hu\/hodszolar.hu\/2021\/07\/26\/napelem-vagy-napkollektor\/"},"author":{"name":"H\u00f3dszol\u00e1r Kft.","@id":"https:\/\/dev.kompaktdesign.hu\/hodszolar.hu\/#\/schema\/person\/a788af940a3d6b2829396312340dd08c"},"headline":"Napelem vagy napkollektor","datePublished":"2021-07-26T11:35:42+00:00","dateModified":"2021-07-26T11:35:43+00:00","mainEntityOfPage":{"@id":"https:\/\/dev.kompaktdesign.hu\/hodszolar.hu\/2021\/07\/26\/napelem-vagy-napkollektor\/"},"wordCount":1837,"commentCount":0,"publisher":{"@id":"https:\/\/dev.kompaktdesign.hu\/hodszolar.hu\/#organization"},"articleSection":["Egy\u00e9b kateg\u00f3ria"],"inLanguage":"hu","potentialAction":[{"@type":"CommentAction","name":"Comment","target":["https:\/\/dev.kompaktdesign.hu\/hodszolar.hu\/2021\/07\/26\/napelem-vagy-napkollektor\/#respond"]}]},{"@type":"WebPage","@id":"https:\/\/dev.kompaktdesign.hu\/hodszolar.hu\/2021\/07\/26\/napelem-vagy-napkollektor\/","url":"https:\/\/dev.kompaktdesign.hu\/hodszolar.hu\/2021\/07\/26\/napelem-vagy-napkollektor\/","name":"Napelem vagy napkollektor | H\u00f3dszol\u00e1r","isPartOf":{"@id":"https:\/\/dev.kompaktdesign.hu\/hodszolar.hu\/#website"},"datePublished":"2021-07-26T11:35:42+00:00","dateModified":"2021-07-26T11:35:43+00:00","breadcrumb":{"@id":"https:\/\/dev.kompaktdesign.hu\/hodszolar.hu\/2021\/07\/26\/napelem-vagy-napkollektor\/#breadcrumb"},"inLanguage":"hu","potentialAction":[{"@type":"ReadAction","target":["https:\/\/dev.kompaktdesign.hu\/hodszolar.hu\/2021\/07\/26\/napelem-vagy-napkollektor\/"]}]},{"@type":"BreadcrumbList","@id":"https:\/\/dev.kompaktdesign.hu\/hodszolar.hu\/2021\/07\/26\/napelem-vagy-napkollektor\/#breadcrumb","itemListElement":[{"@type":"ListItem","position":1,"name":"Kezd\u0151lap","item":"https:\/\/dev.kompaktdesign.hu\/hodszolar.hu\/"},{"@type":"ListItem","position":2,"name":"Napelem vagy napkollektor"}]},{"@type":"WebSite","@id":"https:\/\/dev.kompaktdesign.hu\/hodszolar.hu\/#website","url":"https:\/\/dev.kompaktdesign.hu\/hodszolar.hu\/","name":"H\u00f3dszol\u00e1r","description":"A v\u00e1s\u00e1rhelyi napelemes","publisher":{"@id":"https:\/\/dev.kompaktdesign.hu\/hodszolar.hu\/#organization"},"potentialAction":[{"@type":"SearchAction","target":{"@type":"EntryPoint","urlTemplate":"https:\/\/dev.kompaktdesign.hu\/hodszolar.hu\/?s={search_term_string}"},"query-input":"required name=search_term_string"}],"inLanguage":"hu"},{"@type":"Organization","@id":"https:\/\/dev.kompaktdesign.hu\/hodszolar.hu\/#organization","name":"H\u00f3dszol\u00e1r Kft.","url":"https:\/\/dev.kompaktdesign.hu\/hodszolar.hu\/","sameAs":["https:\/\/www.facebook.com\/hodszolar"],"logo":{"@type":"ImageObject","inLanguage":"hu","@id":"https:\/\/dev.kompaktdesign.hu\/hodszolar.hu\/#\/schema\/logo\/image\/","url":"https:\/\/dev.kompaktdesign.hu\/hodszolar.hu\/wp-content\/uploads\/2021\/05\/fvicon.png","contentUrl":"https:\/\/dev.kompaktdesign.hu\/hodszolar.hu\/wp-content\/uploads\/2021\/05\/fvicon.png","width":132,"height":132,"caption":"H\u00f3dszol\u00e1r Kft."},"image":{"@id":"https:\/\/dev.kompaktdesign.hu\/hodszolar.hu\/#\/schema\/logo\/image\/"}},{"@type":"Person","@id":"https:\/\/dev.kompaktdesign.hu\/hodszolar.hu\/#\/schema\/person\/a788af940a3d6b2829396312340dd08c","name":"H\u00f3dszol\u00e1r Kft.","image":{"@type":"ImageObject","inLanguage":"hu","@id":"https:\/\/dev.kompaktdesign.hu\/hodszolar.hu\/#\/schema\/person\/image\/","url":"https:\/\/secure.gravatar.com\/avatar\/38df000db6f2e93b7f0ccccf7714392424ca033738d34dfe71f19fdb70329830?s=96&d=mm&r=g","contentUrl":"https:\/\/secure.gravatar.com\/avatar\/38df000db6f2e93b7f0ccccf7714392424ca033738d34dfe71f19fdb70329830?s=96&d=mm&r=g","caption":"H\u00f3dszol\u00e1r Kft."},"url":"https:\/\/dev.kompaktdesign.hu\/hodszolar.hu\/author\/hodszolar\/"}]}},"_links":{"self":[{"href":"https:\/\/dev.kompaktdesign.hu\/hodszolar.hu\/wp-json\/wp\/v2\/posts\/450","targetHints":{"allow":["GET"]}}],"collection":[{"href":"https:\/\/dev.kompaktdesign.hu\/hodszolar.hu\/wp-json\/wp\/v2\/posts"}],"about":[{"href":"https:\/\/dev.kompaktdesign.hu\/hodszolar.hu\/wp-json\/wp\/v2\/types\/post"}],"author":[{"embeddable":true,"href":"https:\/\/dev.kompaktdesign.hu\/hodszolar.hu\/wp-json\/wp\/v2\/users\/3"}],"replies":[{"embeddable":true,"href":"https:\/\/dev.kompaktdesign.hu\/hodszolar.hu\/wp-json\/wp\/v2\/comments?post=450"}],"version-history":[{"count":1,"href":"https:\/\/dev.kompaktdesign.hu\/hodszolar.hu\/wp-json\/wp\/v2\/posts\/450\/revisions"}],"predecessor-version":[{"id":453,"href":"https:\/\/dev.kompaktdesign.hu\/hodszolar.hu\/wp-json\/wp\/v2\/posts\/450\/revisions\/453"}],"wp:featuredmedia":[{"embeddable":true,"href":"https:\/\/dev.kompaktdesign.hu\/hodszolar.hu\/wp-json\/wp\/v2\/media\/452"}],"wp:attachment":[{"href":"https:\/\/dev.kompaktdesign.hu\/hodszolar.hu\/wp-json\/wp\/v2\/media?parent=450"}],"wp:term":[{"taxonomy":"category","embeddable":true,"href":"https:\/\/dev.kompaktdesign.hu\/hodszolar.hu\/wp-json\/wp\/v2\/categories?post=450"},{"taxonomy":"post_tag","embeddable":true,"href":"https:\/\/dev.kompaktdesign.hu\/hodszolar.hu\/wp-json\/wp\/v2\/tags?post=450"}],"curies":[{"name":"wp","href":"https:\/\/api.w.org\/{rel}","templated":true}]}}