{"id":455,"date":"2021-07-27T09:50:58","date_gmt":"2021-07-27T09:50:58","guid":{"rendered":"https:\/\/hodszolar.hu\/?p=455"},"modified":"2021-07-27T09:50:59","modified_gmt":"2021-07-27T09:50:59","slug":"napelemes-rendszer-engedelyeztetesenek-folyamata","status":"publish","type":"post","link":"https:\/\/dev.kompaktdesign.hu\/hodszolar.hu\/2021\/07\/27\/napelemes-rendszer-engedelyeztetesenek-folyamata\/","title":{"rendered":"Napelemes rendszer enged\u00e9lyeztet\u00e9s\u00e9nek folyamata"},"content":{"rendered":"\n<p>A napelemes rendszerek k\u00f6nnyebb el\u00e9rhet\u0151s\u00e9ge miatt, m\u00e1r eg\u00e9szen k\u00f6ztudott t\u00e9nynek sz\u00e1m\u00edt, hogy napelemes rendszert csak egy hosszabb enged\u00e9lyeztet\u00e9si folyamat ut\u00e1n lehet telep\u00edttetni. Sok kivitelez\u0151 c\u00e9g tesz k\u00fcl\u00f6nb\u00f6z\u0151 \u00edg\u00e9reteket az \u00e1tadott rendszer hat\u00e1ridej\u00e9vel kapcsolatban, azonban val\u00f3ban rajtuk m\u00falik, hogy az \u00e1tad\u00e1s az el\u0151re meghat\u00e1rozott menetrend szerint t\u00f6rt\u00e9nik? Mi befoly\u00e1solja, hogy m\u00e9gis mennyi ideig tart a folyamat, eg\u00e9szen a helysz\u00edni felm\u00e9r\u00e9st\u0151l, a termel\u0151 napelemig? Az enged\u00e9lyeztet\u00e9s k\u00fcl\u00f6nb\u00f6z\u0151 pontjai, k\u00fcl\u00f6nb\u00f6z\u0151 ideig tartanak, de mit is kell a Megrendel\u0151nek int\u00e9znie?<\/p>\n\n\n\n<p>Egy napelemes rendszer telep\u00edt\u00e9s\u00e9hez elengedhetetlen a szem\u00e9lyre szabott, el\u0151re j\u00f3l megfontolt \u00e9s tervezett m\u00e9retez\u00e9s. Sokszor tal\u00e1lkozunk t\u00f6bb\u00e9ves rendszerrel, ahol a kivitelez\u0151 \u00fagy tervezte meg a napelemes rendszert, hogy a Megrendel\u0151 akkori villamosenergia fogyaszt\u00e1si szok\u00e1sait kiel\u00e9g\u00edtse, viszont nem sz\u00e1molt a lehet\u0151s\u00e9g\u00e9vel sem, hogy k\u00e9s\u0151bb a fogyaszt\u00e1s megn\u00f6vekszik, ez\u00e1ltal az a rendszer m\u00e1r nem el\u00e9g ahhoz, hogy a Megrendel\u0151 ne fizessen villanysz\u00e1ml\u00e1t. Felmer\u00fcl a k\u00e9rd\u00e9s, hogy ilyenkor mi a j\u00f3 megold\u00e1s.<\/p>\n\n\n\n<p>Az inverter felel\u0151s az \u00e1ram \u00e1talak\u00edt\u00e1s\u00e1\u00e9rt, hogy a napelemb\u0151l \u00e9rkez\u0151 energi\u00e1t fel tudjuk haszn\u00e1lni. Az \u00e1ramszolg\u00e1ltat\u00f3 fel\u00e9 t\u00f6rt\u00e9n\u0151 enged\u00e9lyeztet\u00e9s kiz\u00e1r\u00f3lag az inverter m\u00e9ret\u00e9hez \u00e9s t\u00edpus\u00e1hoz k\u00f6t\u00f6tt, ez hat\u00e1rozza meg a sz\u00fcks\u00e9ges kapacit\u00e1s\u00e1t a villany\u00f3ra szekr\u00e9nynek is. M\u00e1r megl\u00e9v\u0151, rosszul m\u00e9retezett rendszern\u00e9l, amennyiben az inverter m\u00e1r nem terhelhet\u0151 tov\u00e1bb, teh\u00e1t nem tudjuk kieg\u00e9sz\u00edteni a rendszert p\u00e1r panellel, hogy a megn\u00f6vekedett fogyaszt\u00e1st is kiel\u00e9g\u00edtse; kicsit nehezebb dolgunk van.<\/p>\n\n\n\n<p>Minden invertern\u00e9l meg van hat\u00e1rozva egy \u00e9rt\u00e9k, amit nem tudunk t\u00fall\u00e9pni. Mivel a napelemek m\u00e9rete \u00e9s teljes\u00edtm\u00e9nye folyton v\u00e1ltozik, \u00edgy a b\u0151v\u00edt\u00e9st is csak \u00fagy tudjuk megtervezni, hogy m\u0171szakilag kompatibilis legyen a megl\u00e9v\u0151 napelem az \u00fajjal. Ha le szeretn\u00e9nk ism\u00e9t null\u00e1zni a villanysz\u00e1ml\u00e1nkat, akkor egy \u00faj, nagyobb teljes\u00edtm\u00e9ny\u0171 invertert kell enged\u00e9lyeztetn\u00fcnk az \u00e1ramszolg\u00e1ltat\u00f3n\u00e1l. Amennyiben nincs meg az ehhez sz\u00fcks\u00e9ges teljes\u00edtm\u00e9ny\u00fcnk, egy 10 KW-os inverterhez p\u00e9ld\u00e1ul el\u00e9g 3x16 Amper, azonban egy 12,5 KW-os inverter m\u00e1r 3x20 Amperes kismegszak\u00edt\u00f3kat ig\u00e9nyel, ennek megl\u00e9te n\u00e9lk\u00fcl az \u00e1ramszolg\u00e1ltat\u00f3 az ig\u00e9nyt sem fogadja be napelemes rendszer telep\u00edt\u00e9s\u00e9re. Ez term\u00e9szetesen plusz k\u00f6lts\u00e9g, ami mell\u00e9 az inverter k\u00f6lts\u00e9ge, illetve az \u00faj csatlakoz\u00e1si tervdokument\u00e1ci\u00f3 elk\u00e9sz\u00edt\u00e9se, esetleg m\u00e1s t\u00edpus\u00fa k\u00f6t\u0151dobozok \u00e1ra is hozz\u00e1ad\u00f3dik.<\/p>\n\n\n\n<p>Ezzel ellent\u00e9tben, a H\u00f3dszol\u00e1r Kft minden rendszer\u00e9t \u00fagy tervezi meg, hogy minden lehet\u0151s\u00e9g\u00e9t meghagyjuk a b\u0151v\u00edt\u00e9snek. Amennyiben a Megrendel\u0151vel t\u00f6rt\u00e9nt egyeztet\u00e9skor kider\u00fcl, hogy mi az, amit a csal\u00e1d biztosan tervez beszerezni a j\u00f6v\u0151ben (p\u00e9ld\u00e1ul elektromos aut\u00f3, medence f\u0171t\u00e9s, jacuzzi, villanybojler, kl\u00edma), \u00fagy akkora inverterre adunk aj\u00e1nlatot, hogy minderre k\u00e9s\u0151bb legyen lehet\u0151s\u00e9g. Az inverterek \u00e1rai k\u00f6z\u00f6tt egy\u00e9bk\u00e9nt egy\u00e1ltal\u00e1n nem nagy az \u00e1rk\u00fcl\u00f6nbs\u00e9g, viszont \u00edgy megsp\u00f3rolunk egy v\u00e1ltoz\u00f3 id\u0151tartam\u00fa enged\u00e9lyeztet\u00e9si folyamatot. A biztosan tervezett fogyaszt\u00f3kon fel\u00fcl is hagyunk egy\u00e9bk\u00e9nt egy minim\u00e1lis b\u0151v\u00edt\u00e9si lehet\u0151s\u00e9get, \u00edgy amennyiben megv\u00e1ltozik a csal\u00e1d fogyaszt\u00e1si szok\u00e1sa, akkor is orvosolni tudjuk a keletkezett villanysz\u00e1mla probl\u00e9m\u00e1j\u00e1t. Az okos rendszerek eset\u00e9ben, a SolarEdge inverter sokkal ink\u00e1bb b\u0151v\u00edthet\u0151, egy hagyom\u00e1nyos inverterhez k\u00e9pest (p\u00e9ld\u00e1ul Fronius, SolaX). Egy kor\u00e1bban eml\u00edtett 12,5 KW-os SolarEdge inverter eg\u00e9szen 16,85 KW-ig b\u0151v\u00edthet\u0151, azonban m\u00e1r 40%-on elindul. Ez azt jelenti, hogy enged\u00e9lyeztethet\u00fcnk egy 12,5 KW-os invertert, ha van 3x20 Amper\u00fcnk, 5 KW-nyi napelemmel, amit k\u00e9s\u0151bb ak\u00e1r 16,85 KW-ig is ki tudunk maximaliz\u00e1lni. Ezzel ellent\u00e9tben egy ugyanekkora Fronius inverter 15,62 KW-ig b\u0151v\u00edthet\u0151, viszont mivel a napelemek nincsenek optimaliz\u00e1lva, ez\u00e9rt, ha p\u00e9ld\u00e1ul \u00e9vekkel ezel\u0151tt 280 W-os napelemeket szerelt a kivitelez\u0151, most pedig m\u00e1r nem gy\u00e1rtanak ilyen kis teljes\u00edtm\u00e9ny\u0171 paneleket \u00e9s csak 350 W-os modult tudunk szerelni mell\u00e9, akkor a sorba k\u00f6t\u00f6tt, k\u00e9t k\u00fcl\u00f6nb\u00f6z\u0151 teljes\u00edtm\u00e9ny\u0171 napelem k\u00f6z\u00fcl a kisebb teljes\u00edtm\u00e9nyt fogja tudni hozni mindegyik. Teh\u00e1t hi\u00e1ba szerel\u00fcnk 350 W-os napelemet a megl\u00e9v\u0151h\u00f6z, azok is csak 280 W-ot tudnak majd termelni.<\/p>\n\n\n\n<figure class=\"wp-block-image size-full\"><img loading=\"lazy\" decoding=\"async\" width=\"900\" height=\"362\" src=\"https:\/\/dev.kompaktdesign.hu\/hodszolar.hu\/wp-content\/uploads\/2021\/07\/280w.png\" alt=\"\" class=\"wp-image-456\"\/><\/figure>\n\n\n\n<p>Az okos rendszer tov\u00e1bbi el\u0151nyeir\u0151l <a href=\"https:\/\/dev.kompaktdesign.hu\/hodszolar.hu\/okos-rendszer\/\">itt<\/a> tudtok olvasni!<\/p>\n\n\n\n<p>Az ingyenes helysz\u00edni felm\u00e9r\u00e9skor van lehet\u0151s\u00e9g minden, ak\u00e1r mostani, ak\u00e1r k\u00e9s\u0151bbi ig\u00e9nyt megbesz\u00e9lni a kivitelez\u00e9st vezet\u0151 koll\u00e9g\u00e1nkkal, aki felm\u00e9ri a h\u00e1z adotts\u00e1gait, a tet\u0151 \u00e9s a villany\u00f3ra kapacit\u00e1s\u00e1t \u00e9s ezek alapj\u00e1n minden \u00e9rdekl\u0151d\u0151 egy j\u00f3l megtervezett, szem\u00e9lyre szabott \u00e1raj\u00e1nlatot kap. Az \u00e1raj\u00e1nlatban nincsenek rejtett k\u00f6lts\u00e9gek, minden t\u00e9telesen szerepel az utols\u00f3 k\u00e1belt\u00edpusig.<\/p>\n\n\n\n<p>Ezt k\u00f6vet\u0151en b\u00e1rmilyen felmer\u00fcl\u0151 k\u00e9rd\u00e9sre v\u00e1laszolunk, ak\u00e1r az irod\u00e1nkban is. A k\u00f6vetkez\u0151 l\u00e9p\u00e9s a villany\u00f3ra teljes\u00edtm\u00e9ny\u00e9nek ellen\u0151rz\u00e9se. Amennyiben nem \u00e1ll rendelkez\u00e9sre a megfelel\u0151 m\u00e9ret\u0171 kismegszak\u00edt\u00f3, ennek a b\u0151v\u00edt\u00e9s\u00e9t a Megrendel\u0151 tudja int\u00e9zni az \u00e1ramszolg\u00e1ltat\u00f3n\u00e1l. Amikor megt\u00f6rt\u00e9nt a b\u0151v\u00edt\u00e9s, vagy amennyiben nem is volt r\u00e1 sz\u00fcks\u00e9g, begy\u0171jtj\u00fck az enged\u00e9lyeztet\u00e9shez sz\u00fcks\u00e9ges adatokat \u00e9s dokumentumokat. Mag\u00e1nszem\u00e9lyek eset\u00e9ben csup\u00e1n a szem\u00e9lyes adatokra, tulajdoni lapra, villanysz\u00e1ml\u00e1ra \u00e9s t\u00e9rk\u00e9pm\u00e1solatra van sz\u00fcks\u00e9g\u00fcnk. V\u00e1llalkoz\u00e1sok eset\u00e9n, ezek kieg\u00e9sz\u00fclnek egy c\u00e9gkivonattal \u00e9s al\u00e1\u00edr\u00e1si c\u00edmp\u00e9ld\u00e1nnyal.<\/p>\n\n\n\n<p>Minden sz\u00fcks\u00e9ges adat rendelkez\u00e9sre \u00e1ll\u00e1sa eset\u00e9n, koll\u00e9gan\u0151ink el\u0151k\u00e9sz\u00edtik az \u00e1ramszolg\u00e1ltat\u00f3hoz beadand\u00f3, al\u00e1\u00edrand\u00f3 nyilatkozatokat. Miut\u00e1n minden tulajdoni lapon szerepl\u0151 tulajdonos al\u00e1\u00edrta ezeket, a villamos tervez\u0151nk\u00f6n kereszt\u00fcl beny\u00fajtunk minden dokumentumot az \u00e1ramszolg\u00e1ltat\u00f3 fel\u00e9, majd elk\u00e9sz\u00fcl a csatlakoz\u00e1si tervdokument\u00e1ci\u00f3 is. Az adatbegy\u0171jt\u00e9ssel, al\u00e1\u00edr\u00e1ssal, bead\u00e1ssal egy\u00fctt, ez a folyamat ak\u00e1r p\u00e1r nap is lehet. Szint\u00e9n al\u00e1\u00edr\u00e1sra ker\u00fcl a v\u00e1llalkoz\u00f3i szerz\u0151d\u00e9s.<\/p>\n\n\n\n<p>Az ig\u00e9nybejelent\u00e9sre v\u00e1laszul \u00e9rkezik az \u00e1ramszolg\u00e1ltat\u00f3 enged\u00e9lye, ami alapj\u00e1n megkezdhet\u0151 a kivitelez\u00e9s. Ekkor lesz aktu\u00e1lis az el\u0151leg, teh\u00e1t eg\u00e9szen id\u00e1ig (az ig\u00e9nybejelent\u00e9st\u0151l sz\u00e1m\u00edtva v\u00e1rhat\u00f3an 1-1,5 h\u00f3nap) nincs semmilyen fizet\u00e9si k\u00f6telezetts\u00e9g.<\/p>\n\n\n\n<p>A kivitelez\u00e9shez sz\u00fcks\u00e9ges anyagot megrendelj\u00fck, k\u00f6zben -nagyobb rendszerekn\u00e9l- el\u0151szerelj\u00fck a tart\u00f3kat. A szerel\u00e9s legt\u00f6bb esetben egy napot vesz ig\u00e9nybe, ami ut\u00e1n kik\u00fcldj\u00fck az \u00e9rint\u00e9sv\u00e9delmi fel\u00fclvizsg\u00e1latot v\u00e9gz\u0151 koll\u00e9g\u00e1nkat. Ez is \u00e1ltal\u00e1ban p\u00e1r napot vesz ig\u00e9nybe. A h\u00e1l\u00f3zati csatlakoz\u00e1si szerz\u0151d\u00e9s meg\u00e9rkez\u00e9sekor (enged\u00e9ly ut\u00e1n nagyj\u00e1b\u00f3l 1-1,5 h\u00f3nap), egy al\u00e1\u00edr\u00e1st k\u00f6vet\u0151en k\u00e9szre jelentj\u00fck a napelemes rendszert az \u00e1ramszolg\u00e1ltat\u00f3 fel\u00e9. Telefonos egyeztet\u00e9s ut\u00e1n \u0151k mennek ki lecser\u00e9lni vagy \u00e1tprogramozni a m\u00e9r\u0151\u00f3r\u00e1t (p\u00e1r napt\u00f3l ak\u00e1r egy h\u00f3napig is h\u00faz\u00f3dhat), innent\u0151l kezdve termel a napelem.<\/p>\n\n\n\n<p>\u00d6sszegezve teh\u00e1t, egy \u00f6ner\u0151s projekt eset\u00e9n nagyj\u00e1b\u00f3l 3-4 h\u00f3nap, mire mi \u00e1tadjuk a rendszert, nem sz\u00e1molva a m\u00e9r\u0151\u00f3racser\u00e9t.<\/p>\n\n\n\n<p>N\u00e9zz\u00fck, miben m\u00e1s egy p\u00e1ly\u00e1zatos projekt megval\u00f3sul\u00e1sa!<\/p>\n\n\n\n<p>Az adatok begy\u0171jt\u00e9se, enged\u00e9lyeztet\u00e9s \u00e9s szerz\u0151d\u00e9sk\u00f6t\u00e9s hasonl\u00f3k\u00e9pp m\u0171k\u00f6dik. Minden a p\u00e1ly\u00e1zat bead\u00e1s\u00e1hoz sz\u00fcks\u00e9ges dokumentumot el\u0151k\u00e9sz\u00edt\u00fcnk, ami r\u00e1nk tartozik. Azonban kiz\u00e1r\u00f3lag a p\u00e1ly\u00e1zati elb\u00edr\u00e1l\u00e1s ut\u00e1n k\u00e9rj\u00fck az el\u0151leget, rendelj\u00fck az anyagot \u00e9s kezdj\u00fck a szerel\u00e9st. P\u00e1ly\u00e1zatf\u00fcgg\u0151, de ez \u00e1ltal\u00e1ban t\u00f6bb h\u00f3napot, ak\u00e1r \u00e9vet is ig\u00e9nybe vehet, \u00edgy rajtunk k\u00edv\u00fcl \u00e1ll\u00f3 okok miatt ugyan, de eg\u00e9sz sok\u00e1ig is elh\u00faz\u00f3dhat egy \u00e1tad\u00e1s ebben az esetben.<\/p>\n\n\n\n<p>A v\u00e9gelsz\u00e1mol\u00e1skor a p\u00e1ly\u00e1zatos z\u00e1r\u00f3 dokumentumokkal eg\u00e9sz\u00fcl m\u00e9g ki a folyamat.<\/p>\n\n\n\n<p>Az aktu\u00e1lis p\u00e1ly\u00e1zatainkat <a href=\"https:\/\/dev.kompaktdesign.hu\/hodszolar.hu\/palyazatok\/\">itt<\/a> l\u00e1thatj\u00e1tok!<\/p>\n","protected":false},"excerpt":{"rendered":"<p>A napelemes rendszerek k\u00f6nnyebb el\u00e9rhet\u0151s\u00e9ge miatt, m\u00e1r eg\u00e9szen k\u00f6ztudott t\u00e9nynek sz\u00e1m\u00edt, hogy napelemes rendszert csak egy hosszabb enged\u00e9lyeztet\u00e9si folyamat ut\u00e1n lehet telep\u00edttetni. Sok kivitelez\u0151 c\u00e9g tesz k\u00fcl\u00f6nb\u00f6z\u0151 \u00edg\u00e9reteket az \u00e1tadott rendszer hat\u00e1ridej\u00e9vel kapcsolatban, azonban val\u00f3ban rajtuk m\u00falik, hogy az \u00e1tad\u00e1s az el\u0151re meghat\u00e1rozott menetrend szerint t\u00f6rt\u00e9nik? Mi befoly\u00e1solja, hogy m\u00e9gis mennyi ideig tart a folyamat, [&hellip;]<\/p>\n","protected":false},"author":3,"featured_media":457,"comment_status":"open","ping_status":"open","sticky":false,"template":"","format":"standard","meta":{"footnotes":""},"categories":[1],"tags":[],"class_list":["post-455","post","type-post","status-publish","format-standard","has-post-thumbnail","hentry","category-egyeb"],"yoast_head":"<!-- This site is optimized with the Yoast SEO plugin v19.5.1 - https:\/\/yoast.com\/wordpress\/plugins\/seo\/ -->\n<title>Napelemes rendszer enged\u00e9lyeztet\u00e9s\u00e9nek folyamata | H\u00f3dszol\u00e1r<\/title>\n<meta name=\"robots\" content=\"noindex, follow, max-snippet:-1, max-image-preview:large, max-video-preview:-1\" \/>\n<meta property=\"og:locale\" content=\"hu_HU\" \/>\n<meta property=\"og:type\" content=\"article\" \/>\n<meta property=\"og:title\" content=\"Napelemes rendszer enged\u00e9lyeztet\u00e9s\u00e9nek folyamata | H\u00f3dszol\u00e1r\" \/>\n<meta property=\"og:description\" content=\"A napelemes rendszerek k\u00f6nnyebb el\u00e9rhet\u0151s\u00e9ge miatt, m\u00e1r eg\u00e9szen k\u00f6ztudott t\u00e9nynek sz\u00e1m\u00edt, hogy napelemes rendszert csak egy hosszabb enged\u00e9lyeztet\u00e9si folyamat ut\u00e1n lehet telep\u00edttetni. Sok kivitelez\u0151 c\u00e9g tesz k\u00fcl\u00f6nb\u00f6z\u0151 \u00edg\u00e9reteket az \u00e1tadott rendszer hat\u00e1ridej\u00e9vel kapcsolatban, azonban val\u00f3ban rajtuk m\u00falik, hogy az \u00e1tad\u00e1s az el\u0151re meghat\u00e1rozott menetrend szerint t\u00f6rt\u00e9nik? Mi befoly\u00e1solja, hogy m\u00e9gis mennyi ideig tart a folyamat, [&hellip;]\" \/>\n<meta property=\"og:url\" content=\"https:\/\/dev.kompaktdesign.hu\/hodszolar.hu\/2021\/07\/27\/napelemes-rendszer-engedelyeztetesenek-folyamata\/\" \/>\n<meta property=\"og:site_name\" content=\"H\u00f3dszol\u00e1r\" \/>\n<meta property=\"article:publisher\" content=\"https:\/\/www.facebook.com\/hodszolar\" \/>\n<meta property=\"article:published_time\" content=\"2021-07-27T09:50:58+00:00\" \/>\n<meta property=\"article:modified_time\" content=\"2021-07-27T09:50:59+00:00\" \/>\n<meta property=\"og:image\" content=\"https:\/\/dev.kompaktdesign.hu\/hodszolar.hu\/wp-content\/uploads\/2021\/07\/unnamed-2.jpg\" \/>\n\t<meta property=\"og:image:width\" content=\"299\" \/>\n\t<meta property=\"og:image:height\" content=\"160\" \/>\n\t<meta property=\"og:image:type\" content=\"image\/jpeg\" \/>\n<meta name=\"author\" content=\"H\u00f3dszol\u00e1r Kft.\" \/>\n<meta name=\"twitter:card\" content=\"summary_large_image\" \/>\n<meta name=\"twitter:label1\" content=\"Szerz\u0151:\" \/>\n\t<meta name=\"twitter:data1\" content=\"H\u00f3dszol\u00e1r Kft.\" \/>\n\t<meta name=\"twitter:label2\" content=\"Becs\u00fclt olvas\u00e1si id\u0151\" \/>\n\t<meta name=\"twitter:data2\" content=\"5 perc\" \/>\n<script type=\"application\/ld+json\" class=\"yoast-schema-graph\">{\"@context\":\"https:\/\/schema.org\",\"@graph\":[{\"@type\":\"Article\",\"@id\":\"https:\/\/dev.kompaktdesign.hu\/hodszolar.hu\/2021\/07\/27\/napelemes-rendszer-engedelyeztetesenek-folyamata\/#article\",\"isPartOf\":{\"@id\":\"https:\/\/dev.kompaktdesign.hu\/hodszolar.hu\/2021\/07\/27\/napelemes-rendszer-engedelyeztetesenek-folyamata\/\"},\"author\":{\"name\":\"H\u00f3dszol\u00e1r Kft.\",\"@id\":\"https:\/\/dev.kompaktdesign.hu\/hodszolar.hu\/#\/schema\/person\/a788af940a3d6b2829396312340dd08c\"},\"headline\":\"Napelemes rendszer enged\u00e9lyeztet\u00e9s\u00e9nek folyamata\",\"datePublished\":\"2021-07-27T09:50:58+00:00\",\"dateModified\":\"2021-07-27T09:50:59+00:00\",\"mainEntityOfPage\":{\"@id\":\"https:\/\/dev.kompaktdesign.hu\/hodszolar.hu\/2021\/07\/27\/napelemes-rendszer-engedelyeztetesenek-folyamata\/\"},\"wordCount\":1541,\"commentCount\":0,\"publisher\":{\"@id\":\"https:\/\/dev.kompaktdesign.hu\/hodszolar.hu\/#organization\"},\"articleSection\":[\"Egy\u00e9b kateg\u00f3ria\"],\"inLanguage\":\"hu\",\"potentialAction\":[{\"@type\":\"CommentAction\",\"name\":\"Comment\",\"target\":[\"https:\/\/dev.kompaktdesign.hu\/hodszolar.hu\/2021\/07\/27\/napelemes-rendszer-engedelyeztetesenek-folyamata\/#respond\"]}]},{\"@type\":\"WebPage\",\"@id\":\"https:\/\/dev.kompaktdesign.hu\/hodszolar.hu\/2021\/07\/27\/napelemes-rendszer-engedelyeztetesenek-folyamata\/\",\"url\":\"https:\/\/dev.kompaktdesign.hu\/hodszolar.hu\/2021\/07\/27\/napelemes-rendszer-engedelyeztetesenek-folyamata\/\",\"name\":\"Napelemes rendszer enged\u00e9lyeztet\u00e9s\u00e9nek folyamata | H\u00f3dszol\u00e1r\",\"isPartOf\":{\"@id\":\"https:\/\/dev.kompaktdesign.hu\/hodszolar.hu\/#website\"},\"datePublished\":\"2021-07-27T09:50:58+00:00\",\"dateModified\":\"2021-07-27T09:50:59+00:00\",\"breadcrumb\":{\"@id\":\"https:\/\/dev.kompaktdesign.hu\/hodszolar.hu\/2021\/07\/27\/napelemes-rendszer-engedelyeztetesenek-folyamata\/#breadcrumb\"},\"inLanguage\":\"hu\",\"potentialAction\":[{\"@type\":\"ReadAction\",\"target\":[\"https:\/\/dev.kompaktdesign.hu\/hodszolar.hu\/2021\/07\/27\/napelemes-rendszer-engedelyeztetesenek-folyamata\/\"]}]},{\"@type\":\"BreadcrumbList\",\"@id\":\"https:\/\/dev.kompaktdesign.hu\/hodszolar.hu\/2021\/07\/27\/napelemes-rendszer-engedelyeztetesenek-folyamata\/#breadcrumb\",\"itemListElement\":[{\"@type\":\"ListItem\",\"position\":1,\"name\":\"Kezd\u0151lap\",\"item\":\"https:\/\/dev.kompaktdesign.hu\/hodszolar.hu\/\"},{\"@type\":\"ListItem\",\"position\":2,\"name\":\"Napelemes rendszer enged\u00e9lyeztet\u00e9s\u00e9nek folyamata\"}]},{\"@type\":\"WebSite\",\"@id\":\"https:\/\/dev.kompaktdesign.hu\/hodszolar.hu\/#website\",\"url\":\"https:\/\/dev.kompaktdesign.hu\/hodszolar.hu\/\",\"name\":\"H\u00f3dszol\u00e1r\",\"description\":\"A v\u00e1s\u00e1rhelyi napelemes\",\"publisher\":{\"@id\":\"https:\/\/dev.kompaktdesign.hu\/hodszolar.hu\/#organization\"},\"potentialAction\":[{\"@type\":\"SearchAction\",\"target\":{\"@type\":\"EntryPoint\",\"urlTemplate\":\"https:\/\/dev.kompaktdesign.hu\/hodszolar.hu\/?s={search_term_string}\"},\"query-input\":\"required name=search_term_string\"}],\"inLanguage\":\"hu\"},{\"@type\":\"Organization\",\"@id\":\"https:\/\/dev.kompaktdesign.hu\/hodszolar.hu\/#organization\",\"name\":\"H\u00f3dszol\u00e1r Kft.\",\"url\":\"https:\/\/dev.kompaktdesign.hu\/hodszolar.hu\/\",\"sameAs\":[\"https:\/\/www.facebook.com\/hodszolar\"],\"logo\":{\"@type\":\"ImageObject\",\"inLanguage\":\"hu\",\"@id\":\"https:\/\/dev.kompaktdesign.hu\/hodszolar.hu\/#\/schema\/logo\/image\/\",\"url\":\"https:\/\/dev.kompaktdesign.hu\/hodszolar.hu\/wp-content\/uploads\/2021\/05\/fvicon.png\",\"contentUrl\":\"https:\/\/dev.kompaktdesign.hu\/hodszolar.hu\/wp-content\/uploads\/2021\/05\/fvicon.png\",\"width\":132,\"height\":132,\"caption\":\"H\u00f3dszol\u00e1r Kft.\"},\"image\":{\"@id\":\"https:\/\/dev.kompaktdesign.hu\/hodszolar.hu\/#\/schema\/logo\/image\/\"}},{\"@type\":\"Person\",\"@id\":\"https:\/\/dev.kompaktdesign.hu\/hodszolar.hu\/#\/schema\/person\/a788af940a3d6b2829396312340dd08c\",\"name\":\"H\u00f3dszol\u00e1r Kft.\",\"image\":{\"@type\":\"ImageObject\",\"inLanguage\":\"hu\",\"@id\":\"https:\/\/dev.kompaktdesign.hu\/hodszolar.hu\/#\/schema\/person\/image\/\",\"url\":\"https:\/\/secure.gravatar.com\/avatar\/38df000db6f2e93b7f0ccccf7714392424ca033738d34dfe71f19fdb70329830?s=96&d=mm&r=g\",\"contentUrl\":\"https:\/\/secure.gravatar.com\/avatar\/38df000db6f2e93b7f0ccccf7714392424ca033738d34dfe71f19fdb70329830?s=96&d=mm&r=g\",\"caption\":\"H\u00f3dszol\u00e1r Kft.\"},\"url\":\"https:\/\/dev.kompaktdesign.hu\/hodszolar.hu\/author\/hodszolar\/\"}]}<\/script>\n<!-- \/ Yoast SEO plugin. -->","yoast_head_json":{"title":"Napelemes rendszer enged\u00e9lyeztet\u00e9s\u00e9nek folyamata | H\u00f3dszol\u00e1r","robots":{"index":"noindex","follow":"follow","max-snippet":"max-snippet:-1","max-image-preview":"max-image-preview:large","max-video-preview":"max-video-preview:-1"},"og_locale":"hu_HU","og_type":"article","og_title":"Napelemes rendszer enged\u00e9lyeztet\u00e9s\u00e9nek folyamata | H\u00f3dszol\u00e1r","og_description":"A napelemes rendszerek k\u00f6nnyebb el\u00e9rhet\u0151s\u00e9ge miatt, m\u00e1r eg\u00e9szen k\u00f6ztudott t\u00e9nynek sz\u00e1m\u00edt, hogy napelemes rendszert csak egy hosszabb enged\u00e9lyeztet\u00e9si folyamat ut\u00e1n lehet telep\u00edttetni. Sok kivitelez\u0151 c\u00e9g tesz k\u00fcl\u00f6nb\u00f6z\u0151 \u00edg\u00e9reteket az \u00e1tadott rendszer hat\u00e1ridej\u00e9vel kapcsolatban, azonban val\u00f3ban rajtuk m\u00falik, hogy az \u00e1tad\u00e1s az el\u0151re meghat\u00e1rozott menetrend szerint t\u00f6rt\u00e9nik? Mi befoly\u00e1solja, hogy m\u00e9gis mennyi ideig tart a folyamat, [&hellip;]","og_url":"https:\/\/dev.kompaktdesign.hu\/hodszolar.hu\/2021\/07\/27\/napelemes-rendszer-engedelyeztetesenek-folyamata\/","og_site_name":"H\u00f3dszol\u00e1r","article_publisher":"https:\/\/www.facebook.com\/hodszolar","article_published_time":"2021-07-27T09:50:58+00:00","article_modified_time":"2021-07-27T09:50:59+00:00","og_image":[{"width":299,"height":160,"url":"https:\/\/dev.kompaktdesign.hu\/hodszolar.hu\/wp-content\/uploads\/2021\/07\/unnamed-2.jpg","type":"image\/jpeg"}],"author":"H\u00f3dszol\u00e1r Kft.","twitter_card":"summary_large_image","twitter_misc":{"Szerz\u0151:":"H\u00f3dszol\u00e1r Kft.","Becs\u00fclt olvas\u00e1si id\u0151":"5 perc"},"schema":{"@context":"https:\/\/schema.org","@graph":[{"@type":"Article","@id":"https:\/\/dev.kompaktdesign.hu\/hodszolar.hu\/2021\/07\/27\/napelemes-rendszer-engedelyeztetesenek-folyamata\/#article","isPartOf":{"@id":"https:\/\/dev.kompaktdesign.hu\/hodszolar.hu\/2021\/07\/27\/napelemes-rendszer-engedelyeztetesenek-folyamata\/"},"author":{"name":"H\u00f3dszol\u00e1r Kft.","@id":"https:\/\/dev.kompaktdesign.hu\/hodszolar.hu\/#\/schema\/person\/a788af940a3d6b2829396312340dd08c"},"headline":"Napelemes rendszer enged\u00e9lyeztet\u00e9s\u00e9nek folyamata","datePublished":"2021-07-27T09:50:58+00:00","dateModified":"2021-07-27T09:50:59+00:00","mainEntityOfPage":{"@id":"https:\/\/dev.kompaktdesign.hu\/hodszolar.hu\/2021\/07\/27\/napelemes-rendszer-engedelyeztetesenek-folyamata\/"},"wordCount":1541,"commentCount":0,"publisher":{"@id":"https:\/\/dev.kompaktdesign.hu\/hodszolar.hu\/#organization"},"articleSection":["Egy\u00e9b kateg\u00f3ria"],"inLanguage":"hu","potentialAction":[{"@type":"CommentAction","name":"Comment","target":["https:\/\/dev.kompaktdesign.hu\/hodszolar.hu\/2021\/07\/27\/napelemes-rendszer-engedelyeztetesenek-folyamata\/#respond"]}]},{"@type":"WebPage","@id":"https:\/\/dev.kompaktdesign.hu\/hodszolar.hu\/2021\/07\/27\/napelemes-rendszer-engedelyeztetesenek-folyamata\/","url":"https:\/\/dev.kompaktdesign.hu\/hodszolar.hu\/2021\/07\/27\/napelemes-rendszer-engedelyeztetesenek-folyamata\/","name":"Napelemes rendszer enged\u00e9lyeztet\u00e9s\u00e9nek folyamata | H\u00f3dszol\u00e1r","isPartOf":{"@id":"https:\/\/dev.kompaktdesign.hu\/hodszolar.hu\/#website"},"datePublished":"2021-07-27T09:50:58+00:00","dateModified":"2021-07-27T09:50:59+00:00","breadcrumb":{"@id":"https:\/\/dev.kompaktdesign.hu\/hodszolar.hu\/2021\/07\/27\/napelemes-rendszer-engedelyeztetesenek-folyamata\/#breadcrumb"},"inLanguage":"hu","potentialAction":[{"@type":"ReadAction","target":["https:\/\/dev.kompaktdesign.hu\/hodszolar.hu\/2021\/07\/27\/napelemes-rendszer-engedelyeztetesenek-folyamata\/"]}]},{"@type":"BreadcrumbList","@id":"https:\/\/dev.kompaktdesign.hu\/hodszolar.hu\/2021\/07\/27\/napelemes-rendszer-engedelyeztetesenek-folyamata\/#breadcrumb","itemListElement":[{"@type":"ListItem","position":1,"name":"Kezd\u0151lap","item":"https:\/\/dev.kompaktdesign.hu\/hodszolar.hu\/"},{"@type":"ListItem","position":2,"name":"Napelemes rendszer enged\u00e9lyeztet\u00e9s\u00e9nek folyamata"}]},{"@type":"WebSite","@id":"https:\/\/dev.kompaktdesign.hu\/hodszolar.hu\/#website","url":"https:\/\/dev.kompaktdesign.hu\/hodszolar.hu\/","name":"H\u00f3dszol\u00e1r","description":"A v\u00e1s\u00e1rhelyi napelemes","publisher":{"@id":"https:\/\/dev.kompaktdesign.hu\/hodszolar.hu\/#organization"},"potentialAction":[{"@type":"SearchAction","target":{"@type":"EntryPoint","urlTemplate":"https:\/\/dev.kompaktdesign.hu\/hodszolar.hu\/?s={search_term_string}"},"query-input":"required name=search_term_string"}],"inLanguage":"hu"},{"@type":"Organization","@id":"https:\/\/dev.kompaktdesign.hu\/hodszolar.hu\/#organization","name":"H\u00f3dszol\u00e1r Kft.","url":"https:\/\/dev.kompaktdesign.hu\/hodszolar.hu\/","sameAs":["https:\/\/www.facebook.com\/hodszolar"],"logo":{"@type":"ImageObject","inLanguage":"hu","@id":"https:\/\/dev.kompaktdesign.hu\/hodszolar.hu\/#\/schema\/logo\/image\/","url":"https:\/\/dev.kompaktdesign.hu\/hodszolar.hu\/wp-content\/uploads\/2021\/05\/fvicon.png","contentUrl":"https:\/\/dev.kompaktdesign.hu\/hodszolar.hu\/wp-content\/uploads\/2021\/05\/fvicon.png","width":132,"height":132,"caption":"H\u00f3dszol\u00e1r Kft."},"image":{"@id":"https:\/\/dev.kompaktdesign.hu\/hodszolar.hu\/#\/schema\/logo\/image\/"}},{"@type":"Person","@id":"https:\/\/dev.kompaktdesign.hu\/hodszolar.hu\/#\/schema\/person\/a788af940a3d6b2829396312340dd08c","name":"H\u00f3dszol\u00e1r Kft.","image":{"@type":"ImageObject","inLanguage":"hu","@id":"https:\/\/dev.kompaktdesign.hu\/hodszolar.hu\/#\/schema\/person\/image\/","url":"https:\/\/secure.gravatar.com\/avatar\/38df000db6f2e93b7f0ccccf7714392424ca033738d34dfe71f19fdb70329830?s=96&d=mm&r=g","contentUrl":"https:\/\/secure.gravatar.com\/avatar\/38df000db6f2e93b7f0ccccf7714392424ca033738d34dfe71f19fdb70329830?s=96&d=mm&r=g","caption":"H\u00f3dszol\u00e1r Kft."},"url":"https:\/\/dev.kompaktdesign.hu\/hodszolar.hu\/author\/hodszolar\/"}]}},"_links":{"self":[{"href":"https:\/\/dev.kompaktdesign.hu\/hodszolar.hu\/wp-json\/wp\/v2\/posts\/455","targetHints":{"allow":["GET"]}}],"collection":[{"href":"https:\/\/dev.kompaktdesign.hu\/hodszolar.hu\/wp-json\/wp\/v2\/posts"}],"about":[{"href":"https:\/\/dev.kompaktdesign.hu\/hodszolar.hu\/wp-json\/wp\/v2\/types\/post"}],"author":[{"embeddable":true,"href":"https:\/\/dev.kompaktdesign.hu\/hodszolar.hu\/wp-json\/wp\/v2\/users\/3"}],"replies":[{"embeddable":true,"href":"https:\/\/dev.kompaktdesign.hu\/hodszolar.hu\/wp-json\/wp\/v2\/comments?post=455"}],"version-history":[{"count":1,"href":"https:\/\/dev.kompaktdesign.hu\/hodszolar.hu\/wp-json\/wp\/v2\/posts\/455\/revisions"}],"predecessor-version":[{"id":458,"href":"https:\/\/dev.kompaktdesign.hu\/hodszolar.hu\/wp-json\/wp\/v2\/posts\/455\/revisions\/458"}],"wp:featuredmedia":[{"embeddable":true,"href":"https:\/\/dev.kompaktdesign.hu\/hodszolar.hu\/wp-json\/wp\/v2\/media\/457"}],"wp:attachment":[{"href":"https:\/\/dev.kompaktdesign.hu\/hodszolar.hu\/wp-json\/wp\/v2\/media?parent=455"}],"wp:term":[{"taxonomy":"category","embeddable":true,"href":"https:\/\/dev.kompaktdesign.hu\/hodszolar.hu\/wp-json\/wp\/v2\/categories?post=455"},{"taxonomy":"post_tag","embeddable":true,"href":"https:\/\/dev.kompaktdesign.hu\/hodszolar.hu\/wp-json\/wp\/v2\/tags?post=455"}],"curies":[{"name":"wp","href":"https:\/\/api.w.org\/{rel}","templated":true}]}}