{"id":459,"date":"2021-07-29T06:08:14","date_gmt":"2021-07-29T06:08:14","guid":{"rendered":"https:\/\/hodszolar.hu\/?p=459"},"modified":"2021-07-29T06:09:11","modified_gmt":"2021-07-29T06:09:11","slug":"egyszer-hasznalatos-muanyag-forgalmazas-vagy-forgalomba-hozatal","status":"publish","type":"post","link":"https:\/\/dev.kompaktdesign.hu\/hodszolar.hu\/2021\/07\/29\/egyszer-hasznalatos-muanyag-forgalmazas-vagy-forgalomba-hozatal\/","title":{"rendered":"Egyszer haszn\u00e1latos m\u0171anyag: forgalmaz\u00e1s, vagy forgalomba hozatal?"},"content":{"rendered":"\n<p>2021. j\u00falius 1-j\u00e9t\u0151l tilos bizonyos egyszer haszn\u00e1latos m\u0171anyagterm\u00e9kek forgalomba hozatala, ami azonban nem egyenl\u0151 a forgalmaz\u00e1ssal. N\u00e9zz\u00fck a k\u00fcl\u00f6nbs\u00e9get!<br><br>A 301\/2021. (VI. 1.) Korm. rendelet \u00e9rtelm\u00e9ben 2021. j\u00falius 1-j\u00e9t\u0151l tilos bizonyos egyszer haszn\u00e1latos m\u0171anyagterm\u00e9kek forgalomba hozatala.<br><br><strong>Mit jelent a forgalomba hozatal \u00e9s forgalmaz\u00e1s?<br><\/strong><br>Forgalomba hozatal: egy term\u00e9k<strong> els\u0151 alkalommal<\/strong> t\u00f6rt\u00e9n\u0151 forgalmaz\u00e1sa.<br>Forgalmaz\u00e1s: egy term\u00e9k kereskedelmi tev\u00e9kenys\u00e9g keret\u00e9ben t\u00f6rt\u00e9n\u0151 rendelkez\u00e9sre bocs\u00e1t\u00e1s\u00e1t \u00e9rt\u00e9kes\u00edt\u00e9s, fogyaszt\u00e1s vagy haszn\u00e1lat c\u00e9lj\u00e1ra Magyarorsz\u00e1g ter\u00fclet\u00e9n, ellen\u00e9rt\u00e9k fej\u00e9ben vagy ingyenesen.<\/p>\n\n\n\n<p><strong>Mit jelent ez a gyakorlatban?<br><br><\/strong>Mivel a forgalomba hozatalra, \u00e9s nem a forgalmaz\u00e1sra vonatkozik a tilt\u00e1s, \u00edgy a vend\u00e9gl\u00e1t\u00f3k, keresked\u0151k mindaddig beszerezhetik, illetve forgalmazhatj\u00e1k, \u00e9s felhaszn\u00e1lhatj\u00e1k ezeket a term\u00e9keket, am\u00edg a gy\u00e1rt\u00f3k, vagy import\u0151r\u00f6k azon k\u00e9szletei el nem fogynak, amiket j\u00falius 1. el\u0151tt gy\u00e1rtottak, vagy import\u00e1ltak.<\/p>\n\n\n\n<p><strong>Milyen term\u00e9kek forgalomba hoz\u00e1sa tilos j\u00falius 1-t\u0151l?<\/strong><\/p>\n\n\n\n<ul class=\"wp-block-list\"><li>F\u00fcltiszt\u00edt\u00f3 p\u00e1lcika;<\/li><li>Ev\u0151eszk\u00f6z (villa, k\u00e9s, kan\u00e1l, ev\u0151p\u00e1lcika);<\/li><li>T\u00e1ny\u00e9r;<\/li><li>Sz\u00edv\u00f3sz\u00e1l;<\/li><li>Italkever\u0151 p\u00e1lcika;<\/li><li>L\u00e9gg\u00f6mb\u00f6kh\u00f6z - kiv\u00e9ve az ipari vagy m\u00e1s foglalkoz\u00e1sszer\u0171 felhaszn\u00e1l\u00e1sra sz\u00e1nt ballonokat, valamint a fogyaszt\u00f3k sz\u00e1m\u00e1ra nem \u00e9rt\u00e9kes\u00edtett alkalmaz\u00e1sokat - r\u00f6gz\u00edtend\u0151 \u00e9s azokat tart\u00f3 p\u00e1lca, bele\u00e9rtve a l\u00e9gg\u00f6mb\u00f6t a p\u00e1lc\u00e1hoz r\u00f6gz\u00edt\u0151 szerkezetet;<\/li><li>Expand\u00e1lt polisztirolb\u00f3l k\u00e9sz\u00fclt \u00e9telt\u00e1rol\u00f3 ed\u00e9ny, azaz \u00e9teltart\u00f3, k\u00fcl\u00f6n\u00f6sen doboz tet\u0151vel vagy an\u00e9lk\u00fcl, amely olyan \u00e9tel t\u00e1rol\u00e1s\u00e1ra szolg\u00e1l, amely<ul><li>azonnal fogyaszthat\u00f3 helyben vagy elvitelre,<\/li><li>fogyaszt\u00e1sa \u00e1ltal\u00e1ban az ed\u00e9nyb\u0151l t\u00f6rt\u00e9nik,<\/li><li>k\u00e9sz\u00e9telk\u00e9nt fogyaszthat\u00f3, azaz tov\u00e1bbi elk\u00e9sz\u00edt\u00e9st, k\u00fcl\u00f6n\u00f6sen f\u0151z\u00e9st, forral\u00e1st vagy meleg\u00edt\u00e9st nem ig\u00e9nyel, bele\u00e9rtve k\u00fcl\u00f6n\u00f6sen a gyors\u00e9telekhez vagy egy\u00e9b k\u00e9sz\u00e9telekhez haszn\u00e1lt \u00e9telt\u00e1rol\u00f3 ed\u00e9nyt, kiv\u00e9ve az italt\u00e1rol\u00f3t, t\u00e1ny\u00e9rt \u00e9s tasakot, valamint az \u00e9telt tartalmaz\u00f3 csomagol\u00e1st;<\/li><\/ul><\/li><li>Expand\u00e1lt polisztirolb\u00f3l k\u00e9sz\u00fclt italt\u00e1rol\u00f3, bele\u00e9rtve a kupakj\u00e1t \u00e9s a fedel\u00e9t is;<\/li><li>Expand\u00e1lt polisztirolb\u00f3l k\u00e9sz\u00fclt italtart\u00f3 poh\u00e1r, bele\u00e9rtve annak tetej\u00e9t \u00e9s fedel\u00e9t is.<\/li><\/ul>\n\n\n\n<p><strong>A vastagabb m\u0171anyag szatyrok sem lesznek kiv\u00e9telek<\/strong><br><br>2023. janu\u00e1r 1-j\u00e9t\u0151l tilos lesz azon k\u00f6nny\u0171 m\u0171anyag hordtasak forgalomba hozatala, amelynek falvastags\u00e1ga 15 mikron \u00e9s a feletti, a biol\u00f3giailag leboml\u00f3 m\u0171anyagb\u00f3l k\u00e9sz\u00fclt kiv\u00e9tel\u00e9vel.<\/p>\n\n\n\n<p><strong>301\/2021. (VI. 1.) Korm. rendelet az egyes egyszer haszn\u00e1latos, valamint egyes egy\u00e9b m\u0171anyagterm\u00e9kek forgalomba hozatal\u00e1nak korl\u00e1toz\u00e1s\u00e1r\u00f3l<\/strong><\/p>\n\n\n\n<p>A Korm\u00e1ny a k\u00f6rnyezet v\u00e9delm\u00e9nek \u00e1ltal\u00e1nos szab\u00e1lyair\u00f3l sz\u00f3l\u00f3 1995. \u00e9vi LIII. t\u00f6rv\u00e9ny 110. \u00a7 (7) bekezd\u00e9s 42. pontj\u00e1ban kapott felhatalmaz\u00e1s alapj\u00e1n, az Alapt\u00f6rv\u00e9ny 15. cikk (1) bekezd\u00e9s\u00e9ben meghat\u00e1rozott feladatk\u00f6r\u00e9ben elj\u00e1rva a k\u00f6vetkez\u0151ket rendeli el:<\/p>\n\n\n\n<p><strong><em>1. A rendelet hat\u00e1lya<\/em><\/strong><strong><\/strong><\/p>\n\n\n\n<p><strong>1. \u00a7 <\/strong>(1) E rendelet hat\u00e1lya kiterjed<\/p>\n\n\n\n<p><em>a) <\/em>az 1. mell\u00e9kletben meghat\u00e1rozott egyszer haszn\u00e1latos m\u0171anyagterm\u00e9kekre, valamint<\/p>\n\n\n\n<p><em>b) <\/em>az italtart\u00f3 poharakra \u00e9s az oxidat\u00edv \u00faton leboml\u00f3 m\u0171anyagterm\u00e9kekre.<\/p>\n\n\n\n<p>(2) E rendelet hat\u00e1lya nem terjed ki<\/p>\n\n\n\n<p><em>a) <\/em>a csecsem\u0151k \u00e9s kisgyermekek sz\u00e1m\u00e1ra k\u00e9sz\u00fclt, a speci\u00e1lis gy\u00f3gy\u00e1szati c\u00e9lra sz\u00e1nt, valamint a testt\u00f6meg-szab\u00e1lyoz\u00e1s c\u00e9lj\u00e1ra szolg\u00e1l\u00f3, teljes napi \u00e9trendet helyettes\u00edt\u0151 \u00e9lelmiszerekr\u0151l, tov\u00e1bb\u00e1 a 92\/52\/EGK tan\u00e1csi ir\u00e1nyelv, a 96\/8\/EK, az 1999\/21\/EK, a 2006\/125\/EK \u00e9s a 2006\/141\/EK bizotts\u00e1gi ir\u00e1nyelv, a 2009\/39\/EK eur\u00f3pai parlamenti \u00e9s tan\u00e1csi ir\u00e1nyelv \u00e9s a 41\/2009\/EK \u00e9s a 953\/2009\/EK bizotts\u00e1gi rendelet hat\u00e1lyon k\u00edv\u00fcl helyez\u00e9s\u00e9r\u0151l sz\u00f3l\u00f3, 2013. j\u00fanius 12-i 609\/2013\/EU eur\u00f3pai parlamenti \u00e9s tan\u00e1csi rendelet 2. cikk (2) bekezd\u00e9s <em>g) <\/em>pontj\u00e1ban meghat\u00e1rozott speci\u00e1lis gy\u00f3gy\u00e1szati c\u00e9lra sz\u00e1nt foly\u00e9kony \u00e9lelmiszerek t\u00e1rol\u00e1s\u00e1ra sz\u00e1nt \u00e9s haszn\u00e1lt italpoh\u00e1rra;<\/p>\n\n\n\n<p><em>b) <\/em>az akt\u00edv be\u00fcltethet\u0151 orvostechnikai eszk\u00f6z\u00f6kre vonatkoz\u00f3 tag\u00e1llami jogszab\u00e1lyok k\u00f6zel\u00edt\u00e9s\u00e9r\u0151l sz\u00f3l\u00f3, 1990. j\u00fanius 20-i 90\/385\/EGK ir\u00e1nyelv vagy az orvostechnikai eszk\u00f6z\u00f6kr\u0151l sz\u00f3l\u00f3, 1993. j\u00fanius 14-i 93\/42\/EGK tan\u00e1csi ir\u00e1nyelv hat\u00e1lya al\u00e1 tartoz\u00f3 sz\u00edv\u00f3sz\u00e1lakra \u00e9s p\u00e1lcik\u00e1kra.<\/p>\n\n\n\n<p><strong><em>2. \u00c9rtelmez\u0151 rendelkez\u00e9sek<\/em><\/strong><strong><\/strong><\/p>\n\n\n\n<p><strong>2. \u00a7 <\/strong>E rendelet alkalmaz\u00e1s\u00e1ban<\/p>\n\n\n\n<p>1. <em>biol\u00f3giailag leboml\u00f3 m\u0171anyag: <\/em>olyan m\u0171anyag, amely fizikai \u00e9s biol\u00f3giai boml\u00e1sra k\u00e9pes \u00fagy, hogy v\u00e9g\u00fcl sz\u00e9n-dioxidd\u00e1 (CO2), biomassz\u00e1v\u00e1 \u00e9s v\u00edzz\u00e9 bomoljon le, \u00e9s amely a csomagol\u00e1sra vonatkoz\u00f3 eur\u00f3pai szabv\u00e1nyokkal \u00f6sszhangban komposzt\u00e1l\u00e1s \u00e9s anaerob lebont\u00e1s \u00fatj\u00e1n hasznos\u00edthat\u00f3;<\/p>\n\n\n\n<p>2. <em>egyszer haszn\u00e1latos m\u0171anyagterm\u00e9k: <\/em>olyan term\u00e9k, amely teljes eg\u00e9sz\u00e9ben vagy r\u00e9szben m\u0171anyagb\u00f3l k\u00e9sz\u00fclt, \u00e9s amelyet nem arra sz\u00e1ntak, nem \u00fagy terveztek, vagy amelyet nem azzal a c\u00e9llal hoztak forgalomba, hogy a gy\u00e1rt\u00f3hoz visszajuttatva \u00e9lettartama alatt t\u00f6bbsz\u00f6r vagy t\u00f6bb k\u00f6rben \u00fajrat\u00f6lthet\u0151 legyen, illetve eredeti rendeltet\u00e9s\u00e9nek megfelel\u0151 c\u00e9lb\u00f3l \u00fajrahaszn\u00e1lhat\u00f3 legyen;<\/p>\n\n\n\n<p>3. <em>forgalmaz\u00e1s: <\/em>egy term\u00e9k kereskedelmi tev\u00e9kenys\u00e9g keret\u00e9ben t\u00f6rt\u00e9n\u0151 rendelkez\u00e9sre bocs\u00e1t\u00e1sa \u00e9rt\u00e9kes\u00edt\u00e9s, fogyaszt\u00e1s vagy haszn\u00e1lat c\u00e9lj\u00e1ra Magyarorsz\u00e1g ter\u00fclet\u00e9n, ellen\u00e9rt\u00e9k fej\u00e9ben vagy ingyenesen;<\/p>\n\n\n\n<p>4. <em>forgalomba hozatal: <\/em>a term\u00e9k els\u0151 alkalommal t\u00f6rt\u00e9n\u0151 forgalmaz\u00e1sa;<\/p>\n\n\n\n<p>5. <em>italtart\u00f3 poh\u00e1r: <\/em>olyan m\u0171anyagb\u00f3l k\u00e9sz\u00fclt egyszer haszn\u00e1latos poh\u00e1r, amely a fogyaszt\u00e1s hely\u00e9n t\u00f6rt\u00e9n\u0151 megt\u00f6lt\u00e9sre szolg\u00e1l, ide\u00e9rtve a term\u00e9szetes szem\u00e9ly szem\u00e9lyes sz\u00fcks\u00e9glet\u00e9nek kiel\u00e9g\u00edt\u00e9s\u00e9re szolg\u00e1l\u00f3 m\u0171anyag poharat is;<\/p>\n\n\n\n<p>6. <em>k\u00f6nny\u0171 m\u0171anyag hordtasak: <\/em>olyan m\u0171anyag hordtasak, amelynek falvastags\u00e1ga 50 mikronn\u00e1l kevesebb;<\/p>\n\n\n\n<p>7. <em>m\u0171anyag: <\/em>a vegyi anyagok regisztr\u00e1l\u00e1s\u00e1r\u00f3l, \u00e9rt\u00e9kel\u00e9s\u00e9r\u0151l, enged\u00e9lyez\u00e9s\u00e9r\u0151l \u00e9s korl\u00e1toz\u00e1s\u00e1r\u00f3l (REACH), az Eur\u00f3pai Vegyianyag-\u00fcgyn\u00f6ks\u00e9g l\u00e9trehoz\u00e1s\u00e1r\u00f3l, az 1999\/45\/EK ir\u00e1nyelv m\u00f3dos\u00edt\u00e1s\u00e1r\u00f3l, valamint a 793\/93\/EGK tan\u00e1csi rendelet, az 1488\/94\/EK bizotts\u00e1gi rendelet, a 76\/769\/EGK tan\u00e1csi ir\u00e1nyelv, a 91\/155\/EGK, a 93\/67\/EGK, a 93\/105\/EK \u00e9s a 2000\/21\/EK bizotts\u00e1gi ir\u00e1nyelv hat\u00e1lyon k\u00edv\u00fcl helyez\u00e9s\u00e9r\u0151l sz\u00f3l\u00f3, 2006. december 18-i 1907\/2006\/EK rendelet 3. cikk 5. pontj\u00e1ban meghat\u00e1rozott polimert tartalmaz\u00f3 anyag, amelyhez adal\u00e9kanyagokat vagy egy\u00e9b anyagokat adhattak, \u00e9s amely a k\u00e9szterm\u00e9k f\u0151 szerkezeti alkot\u00f3elemek\u00e9nt funkcion\u00e1lhat, kiv\u00e9ve a k\u00e9miailag nem m\u00f3dos\u00edtott term\u00e9szetes polimereket;<\/p>\n\n\n\n<p>8. <em>m\u0171anyag hordtasak: <\/em>olyan m\u0171anyagb\u00f3l k\u00e9sz\u00fclt, fog\u00f3f\u00fcllel ell\u00e1tott vagy fog\u00f3f\u00fcl n\u00e9lk\u00fcli hordtasak, amelyet az \u00e1ruk vagy term\u00e9kek \u00e9rt\u00e9kes\u00edt\u00e9si pontj\u00e1n biztos\u00edtanak a fogyaszt\u00f3k r\u00e9sz\u00e9re;<\/p>\n\n\n\n<p>9. <em>nagyon k\u00f6nny\u0171 m\u0171anyag hordtasak: <\/em>olyan m\u0171anyag hordtasak, amelynek falvastags\u00e1ga 15 mikronn\u00e1l kevesebb, \u00e9s amelynek felhaszn\u00e1l\u00e1sa higi\u00e9niai c\u00e9lokat szolg\u00e1l, vagy amelyet \u00f6mlesztett \u00e9lelmiszerek els\u0151dleges csomagol\u00e1s\u00e1ra haszn\u00e1lnak azokban az esetekben, amikor az seg\u00edt megel\u0151zni az \u00e9lelmiszer-pazarl\u00e1st;<\/p>\n\n\n\n<p>10. <em>oxidat\u00edv \u00faton leboml\u00f3 m\u0171anyag: <\/em>olyan adal\u00e9kanyagokat tartalmaz\u00f3 m\u0171anyag, amelyek oxid\u00e1ci\u00f3 r\u00e9v\u00e9n a m\u0171anyag mikrom\u00e9ret\u0171 r\u00e9szecsk\u00e9kre t\u00f6rt\u00e9n\u0151 sz\u00e9tt\u00f6redez\u00e9s\u00e9t vagy k\u00e9miai lebont\u00e1s\u00e1t id\u00e9zik el\u0151.<\/p>\n\n\n\n<p><strong><em>3. Az egyes egyszer haszn\u00e1latos, valamint egyes egy\u00e9b m\u0171anyagterm\u00e9kek forgalomba hozatal\u00e1ra vonatkoz\u00f3 k\u00f6vetelm\u00e9nyek<\/em><\/strong><strong><\/strong><\/p>\n\n\n\n<p><strong>3. \u00a7 <\/strong>Tilos az 1. mell\u00e9kletben felsorolt egyszer haszn\u00e1latos m\u0171anyagterm\u00e9k, tov\u00e1bb\u00e1 oxidat\u00edv \u00faton leboml\u00f3 m\u0171anyagb\u00f3l k\u00e9sz\u00fclt term\u00e9k forgalomba hozatala.<\/p>\n\n\n\n<p><strong>4. \u00a7 <\/strong>(1)<a href=\"https:\/\/net.jogtar.hu\/jogszabaly?docid=a2100301.kor#lbj0id5742\"><sup>&nbsp;*&nbsp;<\/sup><\/a><\/p>\n\n\n\n<p>(2) Tilos azon k\u00f6nny\u0171 m\u0171anyag hordtasak forgalomba hozatala, amelynek falvastags\u00e1ga 15 mikron \u00e9s a feletti, a biol\u00f3giailag leboml\u00f3 m\u0171anyagb\u00f3l k\u00e9sz\u00fclt kiv\u00e9tel\u00e9vel.<\/p>\n\n\n\n<p><strong><em>4. Szankci\u00f3<\/em><\/strong><strong><\/strong><\/p>\n\n\n\n<p><strong>5. \u00a7 <\/strong>A 3. \u00e9s a 4. \u00a7 szerinti forgalombahozatali tilalom megs\u00e9rt\u00e9s\u00e9nek szankcion\u00e1l\u00e1sa tekintet\u00e9ben e jogszab\u00e1ly a hullad\u00e9kk\u00e9pz\u0151d\u00e9s megel\u0151z\u00e9s\u00e9vel kapcsolatos jogszab\u00e1lynak min\u0151s\u00fcl.<\/p>\n\n\n\n<p><strong><em>5. Z\u00e1r\u00f3 rendelkez\u00e9sek<\/em><\/strong><strong><\/strong><\/p>\n\n\n\n<p><strong>6. \u00a7 <\/strong>(1) Ez a rendelet - a (2) bekezd\u00e9sben meghat\u00e1rozott kiv\u00e9tellel - 2021. j\u00falius 1-j\u00e9n l\u00e9p hat\u00e1lyba.<\/p>\n\n\n\n<p>(2) A 4. \u00a7 (1) bekezd\u00e9se 2023. janu\u00e1r 1-j\u00e9n l\u00e9p hat\u00e1lyba.<\/p>\n\n\n\n<p><strong>7. \u00a7 <\/strong>(1) Ez a rendelet<\/p>\n\n\n\n<p><em>a) <\/em>a 94\/62\/EK ir\u00e1nyelvnek a k\u00f6nny\u0171 m\u0171anyag hordtasakok felhaszn\u00e1l\u00e1s\u00e1nak cs\u00f6kkent\u00e9se tekintet\u00e9ben t\u00f6rt\u00e9n\u0151 m\u00f3dos\u00edt\u00e1s\u00e1r\u00f3l sz\u00f3l\u00f3, 2015. \u00e1prilis 29-i (EU) 2015\/720 eur\u00f3pai parlamenti \u00e9s tan\u00e1csi ir\u00e1nyelvnek \u00e9s<\/p>\n\n\n\n<p><em>b) <\/em>az egyes m\u0171anyagterm\u00e9kek k\u00f6rnyezetre gyakorolt hat\u00e1s\u00e1nak cs\u00f6kkent\u00e9s\u00e9r\u0151l sz\u00f3l\u00f3, 2019. j\u00fanius 5-i (EU) 2019\/904 eur\u00f3pai parlamenti \u00e9s tan\u00e1csi ir\u00e1nyelvnek<\/p>\n\n\n\n<p>val\u00f3 megfelel\u00e9st szolg\u00e1lja.<\/p>\n\n\n\n<p>(2) E rendelet tervezet\u00e9nek a m\u0171szaki szab\u00e1lyokkal \u00e9s az inform\u00e1ci\u00f3s t\u00e1rsadalom szolg\u00e1ltat\u00e1saira vonatkoz\u00f3 szab\u00e1lyokkal kapcsolatos inform\u00e1ci\u00f3szolg\u00e1ltat\u00e1si elj\u00e1r\u00e1s meg\u00e1llap\u00edt\u00e1s\u00e1r\u00f3l sz\u00f3l\u00f3, 2015. szeptember 9-i (EU) 2015\/1535 eur\u00f3pai parlamenti \u00e9s tan\u00e1csi ir\u00e1nyelv 5. cikk (1) bekezd\u00e9se szerinti el\u0151zetes bejelent\u00e9se megt\u00f6rt\u00e9nt.<\/p>\n\n\n\n<p><strong><em><u>1. mell\u00e9klet a 301\/2021. (VI. 1.) Korm. rendelethez<\/u><\/em><\/strong><strong><\/strong><\/p>\n\n\n\n<p>1. Korl\u00e1toz\u00e1s al\u00e1 esik:<\/p>\n\n\n\n<p>1.1. F\u00fcltiszt\u00edt\u00f3 p\u00e1lcika;<\/p>\n\n\n\n<p>1.2. Ev\u0151eszk\u00f6z (villa, k\u00e9s, kan\u00e1l, ev\u0151p\u00e1lcika);<\/p>\n\n\n\n<p>1.3. T\u00e1ny\u00e9r;<\/p>\n\n\n\n<p>1.4. Sz\u00edv\u00f3sz\u00e1l;<\/p>\n\n\n\n<p>1.5. Italkever\u0151 p\u00e1lcika;<\/p>\n\n\n\n<p>1.6. L\u00e9gg\u00f6mb\u00f6kh\u00f6z - kiv\u00e9ve az ipari vagy m\u00e1s foglalkoz\u00e1sszer\u0171 felhaszn\u00e1l\u00e1sra sz\u00e1nt ballonokat, valamint a fogyaszt\u00f3k sz\u00e1m\u00e1ra nem \u00e9rt\u00e9kes\u00edtett alkalmaz\u00e1sokat - r\u00f6gz\u00edtend\u0151 \u00e9s azokat tart\u00f3 p\u00e1lca, bele\u00e9rtve a l\u00e9gg\u00f6mb\u00f6t a p\u00e1lc\u00e1hoz r\u00f6gz\u00edt\u0151 szerkezetet;<\/p>\n\n\n\n<p>1.7. Expand\u00e1lt polisztirolb\u00f3l k\u00e9sz\u00fclt \u00e9telt\u00e1rol\u00f3 ed\u00e9ny, azaz \u00e9teltart\u00f3, k\u00fcl\u00f6n\u00f6sen doboz tet\u0151vel vagy an\u00e9lk\u00fcl, amely olyan \u00e9tel t\u00e1rol\u00e1s\u00e1ra szolg\u00e1l, amely<\/p>\n\n\n\n<p>1.7.1. azonnal fogyaszthat\u00f3 helyben vagy elvitelre,<\/p>\n\n\n\n<p>1.7.2. fogyaszt\u00e1sa \u00e1ltal\u00e1ban az ed\u00e9nyb\u0151l t\u00f6rt\u00e9nik,<\/p>\n\n\n\n<p>1.7.3. k\u00e9sz\u00e9telk\u00e9nt fogyaszthat\u00f3, azaz tov\u00e1bbi elk\u00e9sz\u00edt\u00e9st, k\u00fcl\u00f6n\u00f6sen f\u0151z\u00e9st, forral\u00e1st vagy meleg\u00edt\u00e9st nem ig\u00e9nyel, bele\u00e9rtve k\u00fcl\u00f6n\u00f6sen a gyors\u00e9telekhez vagy egy\u00e9b k\u00e9sz\u00e9telekhez haszn\u00e1lt \u00e9telt\u00e1rol\u00f3 ed\u00e9nyt, kiv\u00e9ve az italt\u00e1rol\u00f3t, t\u00e1ny\u00e9rt \u00e9s tasakot, valamint az \u00e9telt tartalmaz\u00f3 csomagol\u00e1st;<\/p>\n\n\n\n<p>1.8. Expand\u00e1lt polisztirolb\u00f3l k\u00e9sz\u00fclt italt\u00e1rol\u00f3, bele\u00e9rtve a kupakj\u00e1t \u00e9s a fedel\u00e9t is;<\/p>\n\n\n\n<p>1.9. Expand\u00e1lt polisztirolb\u00f3l k\u00e9sz\u00fclt italtart\u00f3 poh\u00e1r, bele\u00e9rtve annak tetej\u00e9t \u00e9s fedel\u00e9t is.<\/p>\n","protected":false},"excerpt":{"rendered":"<p>2021. j\u00falius 1-j\u00e9t\u0151l tilos bizonyos egyszer haszn\u00e1latos m\u0171anyagterm\u00e9kek forgalomba hozatala, ami azonban nem egyenl\u0151 a forgalmaz\u00e1ssal. N\u00e9zz\u00fck a k\u00fcl\u00f6nbs\u00e9get! A 301\/2021. (VI. 1.) Korm. rendelet \u00e9rtelm\u00e9ben 2021. j\u00falius 1-j\u00e9t\u0151l tilos bizonyos egyszer haszn\u00e1latos m\u0171anyagterm\u00e9kek forgalomba hozatala. Mit jelent a forgalomba hozatal \u00e9s forgalmaz\u00e1s?Forgalomba hozatal: egy term\u00e9k els\u0151 alkalommal t\u00f6rt\u00e9n\u0151 forgalmaz\u00e1sa.Forgalmaz\u00e1s: egy term\u00e9k kereskedelmi tev\u00e9kenys\u00e9g keret\u00e9ben [&hellip;]<\/p>\n","protected":false},"author":3,"featured_media":460,"comment_status":"open","ping_status":"open","sticky":false,"template":"","format":"standard","meta":{"footnotes":""},"categories":[1],"tags":[],"class_list":["post-459","post","type-post","status-publish","format-standard","has-post-thumbnail","hentry","category-egyeb"],"yoast_head":"<!-- This site is optimized with the Yoast SEO plugin v19.5.1 - https:\/\/yoast.com\/wordpress\/plugins\/seo\/ -->\n<title>Egyszer haszn\u00e1latos m\u0171anyag: forgalmaz\u00e1s, vagy forgalomba hozatal? | H\u00f3dszol\u00e1r<\/title>\n<meta name=\"robots\" content=\"noindex, follow, max-snippet:-1, max-image-preview:large, max-video-preview:-1\" \/>\n<meta property=\"og:locale\" content=\"hu_HU\" \/>\n<meta property=\"og:type\" content=\"article\" \/>\n<meta property=\"og:title\" content=\"Egyszer haszn\u00e1latos m\u0171anyag: forgalmaz\u00e1s, vagy forgalomba hozatal? | H\u00f3dszol\u00e1r\" \/>\n<meta property=\"og:description\" content=\"2021. j\u00falius 1-j\u00e9t\u0151l tilos bizonyos egyszer haszn\u00e1latos m\u0171anyagterm\u00e9kek forgalomba hozatala, ami azonban nem egyenl\u0151 a forgalmaz\u00e1ssal. N\u00e9zz\u00fck a k\u00fcl\u00f6nbs\u00e9get! A 301\/2021. (VI. 1.) Korm. rendelet \u00e9rtelm\u00e9ben 2021. j\u00falius 1-j\u00e9t\u0151l tilos bizonyos egyszer haszn\u00e1latos m\u0171anyagterm\u00e9kek forgalomba hozatala. Mit jelent a forgalomba hozatal \u00e9s forgalmaz\u00e1s?Forgalomba hozatal: egy term\u00e9k els\u0151 alkalommal t\u00f6rt\u00e9n\u0151 forgalmaz\u00e1sa.Forgalmaz\u00e1s: egy term\u00e9k kereskedelmi tev\u00e9kenys\u00e9g keret\u00e9ben [&hellip;]\" \/>\n<meta property=\"og:url\" content=\"https:\/\/dev.kompaktdesign.hu\/hodszolar.hu\/2021\/07\/29\/egyszer-hasznalatos-muanyag-forgalmazas-vagy-forgalomba-hozatal\/\" \/>\n<meta property=\"og:site_name\" content=\"H\u00f3dszol\u00e1r\" \/>\n<meta property=\"article:publisher\" content=\"https:\/\/www.facebook.com\/hodszolar\" \/>\n<meta property=\"article:published_time\" content=\"2021-07-29T06:08:14+00:00\" \/>\n<meta property=\"article:modified_time\" content=\"2021-07-29T06:09:11+00:00\" \/>\n<meta property=\"og:image\" content=\"https:\/\/dev.kompaktdesign.hu\/hodszolar.hu\/wp-content\/uploads\/2021\/07\/muanyag.jpg\" \/>\n\t<meta property=\"og:image:width\" content=\"648\" \/>\n\t<meta property=\"og:image:height\" content=\"449\" \/>\n\t<meta property=\"og:image:type\" content=\"image\/jpeg\" \/>\n<meta name=\"author\" content=\"H\u00f3dszol\u00e1r Kft.\" \/>\n<meta name=\"twitter:card\" content=\"summary_large_image\" \/>\n<meta name=\"twitter:label1\" content=\"Szerz\u0151:\" \/>\n\t<meta name=\"twitter:data1\" content=\"H\u00f3dszol\u00e1r Kft.\" \/>\n\t<meta name=\"twitter:label2\" content=\"Becs\u00fclt olvas\u00e1si id\u0151\" \/>\n\t<meta name=\"twitter:data2\" content=\"6 perc\" \/>\n<script type=\"application\/ld+json\" class=\"yoast-schema-graph\">{\"@context\":\"https:\/\/schema.org\",\"@graph\":[{\"@type\":\"Article\",\"@id\":\"https:\/\/dev.kompaktdesign.hu\/hodszolar.hu\/2021\/07\/29\/egyszer-hasznalatos-muanyag-forgalmazas-vagy-forgalomba-hozatal\/#article\",\"isPartOf\":{\"@id\":\"https:\/\/dev.kompaktdesign.hu\/hodszolar.hu\/2021\/07\/29\/egyszer-hasznalatos-muanyag-forgalmazas-vagy-forgalomba-hozatal\/\"},\"author\":{\"name\":\"H\u00f3dszol\u00e1r Kft.\",\"@id\":\"https:\/\/dev.kompaktdesign.hu\/hodszolar.hu\/#\/schema\/person\/a788af940a3d6b2829396312340dd08c\"},\"headline\":\"Egyszer haszn\u00e1latos m\u0171anyag: forgalmaz\u00e1s, vagy forgalomba hozatal?\",\"datePublished\":\"2021-07-29T06:08:14+00:00\",\"dateModified\":\"2021-07-29T06:09:11+00:00\",\"mainEntityOfPage\":{\"@id\":\"https:\/\/dev.kompaktdesign.hu\/hodszolar.hu\/2021\/07\/29\/egyszer-hasznalatos-muanyag-forgalmazas-vagy-forgalomba-hozatal\/\"},\"wordCount\":1856,\"commentCount\":0,\"publisher\":{\"@id\":\"https:\/\/dev.kompaktdesign.hu\/hodszolar.hu\/#organization\"},\"articleSection\":[\"Egy\u00e9b kateg\u00f3ria\"],\"inLanguage\":\"hu\",\"potentialAction\":[{\"@type\":\"CommentAction\",\"name\":\"Comment\",\"target\":[\"https:\/\/dev.kompaktdesign.hu\/hodszolar.hu\/2021\/07\/29\/egyszer-hasznalatos-muanyag-forgalmazas-vagy-forgalomba-hozatal\/#respond\"]}]},{\"@type\":\"WebPage\",\"@id\":\"https:\/\/dev.kompaktdesign.hu\/hodszolar.hu\/2021\/07\/29\/egyszer-hasznalatos-muanyag-forgalmazas-vagy-forgalomba-hozatal\/\",\"url\":\"https:\/\/dev.kompaktdesign.hu\/hodszolar.hu\/2021\/07\/29\/egyszer-hasznalatos-muanyag-forgalmazas-vagy-forgalomba-hozatal\/\",\"name\":\"Egyszer haszn\u00e1latos m\u0171anyag: forgalmaz\u00e1s, vagy forgalomba hozatal? | H\u00f3dszol\u00e1r\",\"isPartOf\":{\"@id\":\"https:\/\/dev.kompaktdesign.hu\/hodszolar.hu\/#website\"},\"datePublished\":\"2021-07-29T06:08:14+00:00\",\"dateModified\":\"2021-07-29T06:09:11+00:00\",\"breadcrumb\":{\"@id\":\"https:\/\/dev.kompaktdesign.hu\/hodszolar.hu\/2021\/07\/29\/egyszer-hasznalatos-muanyag-forgalmazas-vagy-forgalomba-hozatal\/#breadcrumb\"},\"inLanguage\":\"hu\",\"potentialAction\":[{\"@type\":\"ReadAction\",\"target\":[\"https:\/\/dev.kompaktdesign.hu\/hodszolar.hu\/2021\/07\/29\/egyszer-hasznalatos-muanyag-forgalmazas-vagy-forgalomba-hozatal\/\"]}]},{\"@type\":\"BreadcrumbList\",\"@id\":\"https:\/\/dev.kompaktdesign.hu\/hodszolar.hu\/2021\/07\/29\/egyszer-hasznalatos-muanyag-forgalmazas-vagy-forgalomba-hozatal\/#breadcrumb\",\"itemListElement\":[{\"@type\":\"ListItem\",\"position\":1,\"name\":\"Kezd\u0151lap\",\"item\":\"https:\/\/dev.kompaktdesign.hu\/hodszolar.hu\/\"},{\"@type\":\"ListItem\",\"position\":2,\"name\":\"Egyszer haszn\u00e1latos m\u0171anyag: forgalmaz\u00e1s, vagy forgalomba hozatal?\"}]},{\"@type\":\"WebSite\",\"@id\":\"https:\/\/dev.kompaktdesign.hu\/hodszolar.hu\/#website\",\"url\":\"https:\/\/dev.kompaktdesign.hu\/hodszolar.hu\/\",\"name\":\"H\u00f3dszol\u00e1r\",\"description\":\"A v\u00e1s\u00e1rhelyi napelemes\",\"publisher\":{\"@id\":\"https:\/\/dev.kompaktdesign.hu\/hodszolar.hu\/#organization\"},\"potentialAction\":[{\"@type\":\"SearchAction\",\"target\":{\"@type\":\"EntryPoint\",\"urlTemplate\":\"https:\/\/dev.kompaktdesign.hu\/hodszolar.hu\/?s={search_term_string}\"},\"query-input\":\"required name=search_term_string\"}],\"inLanguage\":\"hu\"},{\"@type\":\"Organization\",\"@id\":\"https:\/\/dev.kompaktdesign.hu\/hodszolar.hu\/#organization\",\"name\":\"H\u00f3dszol\u00e1r Kft.\",\"url\":\"https:\/\/dev.kompaktdesign.hu\/hodszolar.hu\/\",\"sameAs\":[\"https:\/\/www.facebook.com\/hodszolar\"],\"logo\":{\"@type\":\"ImageObject\",\"inLanguage\":\"hu\",\"@id\":\"https:\/\/dev.kompaktdesign.hu\/hodszolar.hu\/#\/schema\/logo\/image\/\",\"url\":\"https:\/\/dev.kompaktdesign.hu\/hodszolar.hu\/wp-content\/uploads\/2021\/05\/fvicon.png\",\"contentUrl\":\"https:\/\/dev.kompaktdesign.hu\/hodszolar.hu\/wp-content\/uploads\/2021\/05\/fvicon.png\",\"width\":132,\"height\":132,\"caption\":\"H\u00f3dszol\u00e1r Kft.\"},\"image\":{\"@id\":\"https:\/\/dev.kompaktdesign.hu\/hodszolar.hu\/#\/schema\/logo\/image\/\"}},{\"@type\":\"Person\",\"@id\":\"https:\/\/dev.kompaktdesign.hu\/hodszolar.hu\/#\/schema\/person\/a788af940a3d6b2829396312340dd08c\",\"name\":\"H\u00f3dszol\u00e1r Kft.\",\"image\":{\"@type\":\"ImageObject\",\"inLanguage\":\"hu\",\"@id\":\"https:\/\/dev.kompaktdesign.hu\/hodszolar.hu\/#\/schema\/person\/image\/\",\"url\":\"https:\/\/secure.gravatar.com\/avatar\/38df000db6f2e93b7f0ccccf7714392424ca033738d34dfe71f19fdb70329830?s=96&d=mm&r=g\",\"contentUrl\":\"https:\/\/secure.gravatar.com\/avatar\/38df000db6f2e93b7f0ccccf7714392424ca033738d34dfe71f19fdb70329830?s=96&d=mm&r=g\",\"caption\":\"H\u00f3dszol\u00e1r Kft.\"},\"url\":\"https:\/\/dev.kompaktdesign.hu\/hodszolar.hu\/author\/hodszolar\/\"}]}<\/script>\n<!-- \/ Yoast SEO plugin. -->","yoast_head_json":{"title":"Egyszer haszn\u00e1latos m\u0171anyag: forgalmaz\u00e1s, vagy forgalomba hozatal? | H\u00f3dszol\u00e1r","robots":{"index":"noindex","follow":"follow","max-snippet":"max-snippet:-1","max-image-preview":"max-image-preview:large","max-video-preview":"max-video-preview:-1"},"og_locale":"hu_HU","og_type":"article","og_title":"Egyszer haszn\u00e1latos m\u0171anyag: forgalmaz\u00e1s, vagy forgalomba hozatal? | H\u00f3dszol\u00e1r","og_description":"2021. j\u00falius 1-j\u00e9t\u0151l tilos bizonyos egyszer haszn\u00e1latos m\u0171anyagterm\u00e9kek forgalomba hozatala, ami azonban nem egyenl\u0151 a forgalmaz\u00e1ssal. N\u00e9zz\u00fck a k\u00fcl\u00f6nbs\u00e9get! A 301\/2021. (VI. 1.) Korm. rendelet \u00e9rtelm\u00e9ben 2021. j\u00falius 1-j\u00e9t\u0151l tilos bizonyos egyszer haszn\u00e1latos m\u0171anyagterm\u00e9kek forgalomba hozatala. Mit jelent a forgalomba hozatal \u00e9s forgalmaz\u00e1s?Forgalomba hozatal: egy term\u00e9k els\u0151 alkalommal t\u00f6rt\u00e9n\u0151 forgalmaz\u00e1sa.Forgalmaz\u00e1s: egy term\u00e9k kereskedelmi tev\u00e9kenys\u00e9g keret\u00e9ben [&hellip;]","og_url":"https:\/\/dev.kompaktdesign.hu\/hodszolar.hu\/2021\/07\/29\/egyszer-hasznalatos-muanyag-forgalmazas-vagy-forgalomba-hozatal\/","og_site_name":"H\u00f3dszol\u00e1r","article_publisher":"https:\/\/www.facebook.com\/hodszolar","article_published_time":"2021-07-29T06:08:14+00:00","article_modified_time":"2021-07-29T06:09:11+00:00","og_image":[{"width":648,"height":449,"url":"https:\/\/dev.kompaktdesign.hu\/hodszolar.hu\/wp-content\/uploads\/2021\/07\/muanyag.jpg","type":"image\/jpeg"}],"author":"H\u00f3dszol\u00e1r Kft.","twitter_card":"summary_large_image","twitter_misc":{"Szerz\u0151:":"H\u00f3dszol\u00e1r Kft.","Becs\u00fclt olvas\u00e1si id\u0151":"6 perc"},"schema":{"@context":"https:\/\/schema.org","@graph":[{"@type":"Article","@id":"https:\/\/dev.kompaktdesign.hu\/hodszolar.hu\/2021\/07\/29\/egyszer-hasznalatos-muanyag-forgalmazas-vagy-forgalomba-hozatal\/#article","isPartOf":{"@id":"https:\/\/dev.kompaktdesign.hu\/hodszolar.hu\/2021\/07\/29\/egyszer-hasznalatos-muanyag-forgalmazas-vagy-forgalomba-hozatal\/"},"author":{"name":"H\u00f3dszol\u00e1r Kft.","@id":"https:\/\/dev.kompaktdesign.hu\/hodszolar.hu\/#\/schema\/person\/a788af940a3d6b2829396312340dd08c"},"headline":"Egyszer haszn\u00e1latos m\u0171anyag: forgalmaz\u00e1s, vagy forgalomba hozatal?","datePublished":"2021-07-29T06:08:14+00:00","dateModified":"2021-07-29T06:09:11+00:00","mainEntityOfPage":{"@id":"https:\/\/dev.kompaktdesign.hu\/hodszolar.hu\/2021\/07\/29\/egyszer-hasznalatos-muanyag-forgalmazas-vagy-forgalomba-hozatal\/"},"wordCount":1856,"commentCount":0,"publisher":{"@id":"https:\/\/dev.kompaktdesign.hu\/hodszolar.hu\/#organization"},"articleSection":["Egy\u00e9b kateg\u00f3ria"],"inLanguage":"hu","potentialAction":[{"@type":"CommentAction","name":"Comment","target":["https:\/\/dev.kompaktdesign.hu\/hodszolar.hu\/2021\/07\/29\/egyszer-hasznalatos-muanyag-forgalmazas-vagy-forgalomba-hozatal\/#respond"]}]},{"@type":"WebPage","@id":"https:\/\/dev.kompaktdesign.hu\/hodszolar.hu\/2021\/07\/29\/egyszer-hasznalatos-muanyag-forgalmazas-vagy-forgalomba-hozatal\/","url":"https:\/\/dev.kompaktdesign.hu\/hodszolar.hu\/2021\/07\/29\/egyszer-hasznalatos-muanyag-forgalmazas-vagy-forgalomba-hozatal\/","name":"Egyszer haszn\u00e1latos m\u0171anyag: forgalmaz\u00e1s, vagy forgalomba hozatal? | H\u00f3dszol\u00e1r","isPartOf":{"@id":"https:\/\/dev.kompaktdesign.hu\/hodszolar.hu\/#website"},"datePublished":"2021-07-29T06:08:14+00:00","dateModified":"2021-07-29T06:09:11+00:00","breadcrumb":{"@id":"https:\/\/dev.kompaktdesign.hu\/hodszolar.hu\/2021\/07\/29\/egyszer-hasznalatos-muanyag-forgalmazas-vagy-forgalomba-hozatal\/#breadcrumb"},"inLanguage":"hu","potentialAction":[{"@type":"ReadAction","target":["https:\/\/dev.kompaktdesign.hu\/hodszolar.hu\/2021\/07\/29\/egyszer-hasznalatos-muanyag-forgalmazas-vagy-forgalomba-hozatal\/"]}]},{"@type":"BreadcrumbList","@id":"https:\/\/dev.kompaktdesign.hu\/hodszolar.hu\/2021\/07\/29\/egyszer-hasznalatos-muanyag-forgalmazas-vagy-forgalomba-hozatal\/#breadcrumb","itemListElement":[{"@type":"ListItem","position":1,"name":"Kezd\u0151lap","item":"https:\/\/dev.kompaktdesign.hu\/hodszolar.hu\/"},{"@type":"ListItem","position":2,"name":"Egyszer haszn\u00e1latos m\u0171anyag: forgalmaz\u00e1s, vagy forgalomba hozatal?"}]},{"@type":"WebSite","@id":"https:\/\/dev.kompaktdesign.hu\/hodszolar.hu\/#website","url":"https:\/\/dev.kompaktdesign.hu\/hodszolar.hu\/","name":"H\u00f3dszol\u00e1r","description":"A v\u00e1s\u00e1rhelyi napelemes","publisher":{"@id":"https:\/\/dev.kompaktdesign.hu\/hodszolar.hu\/#organization"},"potentialAction":[{"@type":"SearchAction","target":{"@type":"EntryPoint","urlTemplate":"https:\/\/dev.kompaktdesign.hu\/hodszolar.hu\/?s={search_term_string}"},"query-input":"required name=search_term_string"}],"inLanguage":"hu"},{"@type":"Organization","@id":"https:\/\/dev.kompaktdesign.hu\/hodszolar.hu\/#organization","name":"H\u00f3dszol\u00e1r Kft.","url":"https:\/\/dev.kompaktdesign.hu\/hodszolar.hu\/","sameAs":["https:\/\/www.facebook.com\/hodszolar"],"logo":{"@type":"ImageObject","inLanguage":"hu","@id":"https:\/\/dev.kompaktdesign.hu\/hodszolar.hu\/#\/schema\/logo\/image\/","url":"https:\/\/dev.kompaktdesign.hu\/hodszolar.hu\/wp-content\/uploads\/2021\/05\/fvicon.png","contentUrl":"https:\/\/dev.kompaktdesign.hu\/hodszolar.hu\/wp-content\/uploads\/2021\/05\/fvicon.png","width":132,"height":132,"caption":"H\u00f3dszol\u00e1r Kft."},"image":{"@id":"https:\/\/dev.kompaktdesign.hu\/hodszolar.hu\/#\/schema\/logo\/image\/"}},{"@type":"Person","@id":"https:\/\/dev.kompaktdesign.hu\/hodszolar.hu\/#\/schema\/person\/a788af940a3d6b2829396312340dd08c","name":"H\u00f3dszol\u00e1r Kft.","image":{"@type":"ImageObject","inLanguage":"hu","@id":"https:\/\/dev.kompaktdesign.hu\/hodszolar.hu\/#\/schema\/person\/image\/","url":"https:\/\/secure.gravatar.com\/avatar\/38df000db6f2e93b7f0ccccf7714392424ca033738d34dfe71f19fdb70329830?s=96&d=mm&r=g","contentUrl":"https:\/\/secure.gravatar.com\/avatar\/38df000db6f2e93b7f0ccccf7714392424ca033738d34dfe71f19fdb70329830?s=96&d=mm&r=g","caption":"H\u00f3dszol\u00e1r Kft."},"url":"https:\/\/dev.kompaktdesign.hu\/hodszolar.hu\/author\/hodszolar\/"}]}},"_links":{"self":[{"href":"https:\/\/dev.kompaktdesign.hu\/hodszolar.hu\/wp-json\/wp\/v2\/posts\/459","targetHints":{"allow":["GET"]}}],"collection":[{"href":"https:\/\/dev.kompaktdesign.hu\/hodszolar.hu\/wp-json\/wp\/v2\/posts"}],"about":[{"href":"https:\/\/dev.kompaktdesign.hu\/hodszolar.hu\/wp-json\/wp\/v2\/types\/post"}],"author":[{"embeddable":true,"href":"https:\/\/dev.kompaktdesign.hu\/hodszolar.hu\/wp-json\/wp\/v2\/users\/3"}],"replies":[{"embeddable":true,"href":"https:\/\/dev.kompaktdesign.hu\/hodszolar.hu\/wp-json\/wp\/v2\/comments?post=459"}],"version-history":[{"count":2,"href":"https:\/\/dev.kompaktdesign.hu\/hodszolar.hu\/wp-json\/wp\/v2\/posts\/459\/revisions"}],"predecessor-version":[{"id":462,"href":"https:\/\/dev.kompaktdesign.hu\/hodszolar.hu\/wp-json\/wp\/v2\/posts\/459\/revisions\/462"}],"wp:featuredmedia":[{"embeddable":true,"href":"https:\/\/dev.kompaktdesign.hu\/hodszolar.hu\/wp-json\/wp\/v2\/media\/460"}],"wp:attachment":[{"href":"https:\/\/dev.kompaktdesign.hu\/hodszolar.hu\/wp-json\/wp\/v2\/media?parent=459"}],"wp:term":[{"taxonomy":"category","embeddable":true,"href":"https:\/\/dev.kompaktdesign.hu\/hodszolar.hu\/wp-json\/wp\/v2\/categories?post=459"},{"taxonomy":"post_tag","embeddable":true,"href":"https:\/\/dev.kompaktdesign.hu\/hodszolar.hu\/wp-json\/wp\/v2\/tags?post=459"}],"curies":[{"name":"wp","href":"https:\/\/api.w.org\/{rel}","templated":true}]}}