{"id":463,"date":"2021-07-29T10:01:42","date_gmt":"2021-07-29T10:01:42","guid":{"rendered":"https:\/\/hodszolar.hu\/?p=463"},"modified":"2021-08-09T07:01:52","modified_gmt":"2021-08-09T07:01:52","slug":"veszesen-kozelit-a-fold-vegoraja-allitja-tobb-mint-tizezer-kutato-egy-szaklapban","status":"publish","type":"post","link":"https:\/\/dev.kompaktdesign.hu\/hodszolar.hu\/2021\/07\/29\/veszesen-kozelit-a-fold-vegoraja-allitja-tobb-mint-tizezer-kutato-egy-szaklapban\/","title":{"rendered":"Hogyan sz\u00edvj\u00e1k fel \u00e9s t\u00e1rolj\u00e1k az energi\u00e1t a napelemek?"},"content":{"rendered":"\n<p>A nap energi\u00e1ja k\u00fcl\u00f6nb\u00f6z\u0151 m\u00f3don fejez\u0151dik ki, att\u00f3l f\u00fcgg\u0151en, hogy milyen anyagokkal l\u00e9p k\u00f6lcs\u00f6nhat\u00e1sba.<\/p>\n\n\n\n<p>A napelemeket olyan anyagokb\u00f3l \u00e9p\u00edtik, amelyek fizikailag k\u00f6lcs\u00f6nhat\u00e1sba l\u00e9pnek a napenergia bizonyos hull\u00e1mhosszaival.&nbsp;Ez lehet\u0151v\u00e9 teszi sz\u00e1mukra a napenergia villamos energi\u00e1v\u00e1 t\u00f6rt\u00e9n\u0151 \u00e1talak\u00edt\u00e1s\u00e1t.&nbsp;A napelemek \u00edgy tudj\u00e1k elnyelni \u00e9s t\u00e1rolni az energi\u00e1t.<\/p>\n\n\n\n<p><strong>Mi van a napelemben?<\/strong><strong><\/strong><\/p>\n\n\n\n<ul class=\"wp-block-list\"><li>A hagyom\u00e1nyos napelemek\u00a0szil\u00edciumkrist\u00e1lyokkal k\u00e9sz\u00fclnek\u00a0.<\/li><li>A szil\u00edcium nagyon k\u00fcl\u00f6nleges anyag.\u00a0Elektromos \u00e1ramot hoz l\u00e9tre napf\u00e9nnyel.\u00a0Ennek az az oka, hogy az elektronok szil\u00edciumatomot alkotnak.<\/li><li>Amikor a napf\u00e9ny el\u00e9ri a b\u0151rt, a test atomjaiban l\u00e9v\u0151 elektronok gyorsan rezegnek, \u00edgy h\u0151t termelnek.\u00a0De az elektronok m\u00e1st tesznek a szil\u00edciumban.\u00a0Az elektronok elkezdenek mozogni.\u00a0Ez azt jelenti, hogy a\u00a0nap energi\u00e1ja elektromos \u00e1ramba ker\u00fcl.<\/li><\/ul>\n\n\n\n<p>Az \u00fajabb, v\u00e9kony film napelemek hasonl\u00f3 m\u00f3don m\u0171k\u00f6dnek.&nbsp;A szil\u00edcium helyett ink\u00e1bb<\/p>\n\n\n\n<ul class=\"wp-block-list\"><li>Kadmium-tellurid (CdTe)<\/li><li>Amorf szil\u00edcium (a-Si)<\/li><li>R\u00e9zindium-gallium-szelenid (CIGS)<\/li><li>Gallium-arz\u00e9n (GaAs)<\/li><\/ul>\n\n\n\n<p>Az ezekb\u0151l k\u00e9sz\u00fclt krist\u00e1lyok kisebbek \u00e9s el\u0151\u00e1ll\u00edt\u00e1suk olcs\u00f3bb.&nbsp;Pedig nem olyan j\u00f3k az \u00e1ramtermel\u00e9sben, mint a szil\u00edcium.&nbsp;A v\u00e9kony film napelemeket ink\u00e1bb kereskedelmi projektekhez, m\u0171holdakhoz \u00e9s \u0171rhaj\u00f3khoz haszn\u00e1lj\u00e1k.<\/p>\n\n\n\n<p>A szil\u00edcium vagy a v\u00e9kony film napelemek elnyelik a nap f\u00e9ny\u00e9t, az elektronok pedig magasabb energiaszintre \u00fctk\u00f6znek \u00e9s aktiviz\u00e1l\u00f3dnak.\u00a0Amint el\u00e9ri ezt a magasabb energiaszintet, rajtunk m\u00falik, hogy megragadjuk-e \u00e9s ir\u00e1ny\u00edtjuk-e az elektromoss\u00e1got.<\/p>\n\n\n\n<p>Apr\u00f3 vezet\u00e9kek sora l\u00e9trehozza az elektromos \u00e1ramot vezet\u0151 \u201emini aut\u00f3p\u00e1ly\u00e1k\u201d h\u00e1l\u00f3zat\u00e1t a napelemen bel\u00fcl.\u00a0Ezek mind egy\u00a0er\u0151\u00e1talak\u00edt\u00f3hoz k\u00f6t\u0151dnek\u00a0.\u00a0Az inverterek megv\u00e1ltoztatj\u00e1k a nyers elektromos \u00e1ramot, egyen\u00e1ramr\u00f3l v\u00e1ltakoz\u00f3 \u00e1ramra.\u00a0Az otthona h\u00e1l\u00f3zati \u00e1ramell\u00e1t\u00e1sra van bek\u00f6tve, \u00edgy az inverterek l\u00e9nyeg\u00e9ben felhaszn\u00e1lhat\u00f3v\u00e1 teszik az \u00e1ramot.<\/p>\n\n\n\n<p><strong>T\u00e1rolj\u00e1k-e az energi\u00e1t a napelemek?<\/strong><strong><\/strong><\/p>\n\n\n\n<p>R\u00f6viden, nem.&nbsp;Ez volt az egyik legnagyobb kih\u00edv\u00e1s a napenergia-fejleszt\u0151k sz\u00e1m\u00e1ra.&nbsp;B\u00e1r nagyszer\u0171 tiszta energi\u00e1t termelni, a kevesebb napos \u00e9s alacsonyabb termel\u00e9ssel j\u00e1r\u00f3 napok azt jelenthetik, hogy mindenk\u00e9pp be kell csatlakoznia az elektromos h\u00e1l\u00f3zatba.&nbsp;<\/p>\n\n\n\n<p><strong>Napelemek az extra energia t\u00e1rol\u00e1s\u00e1hoz:<\/strong><strong><\/strong><\/p>\n\n\n\n<p>Az akkumul\u00e1tor\u00a0t\u00e1rol\u00e1sa egy m\u00e1sik lehet\u0151s\u00e9g a napenergia t\u00e1rol\u00e1s\u00e1ra.\u00a0Az olyan v\u00e1llalatok, mint a\u00a0Tesla\u00a0, az\u00a0LG \u00e9s a sonnenBatterie\u00a0olyan akkumul\u00e1torokat gy\u00e1rtanak, amelyek el\u00e9rhet\u0151bb\u00e9 teszik a napenergia t\u00e1rol\u00e1s\u00e1t.\u00a0Az elemek lehet\u0151s\u00e9get ny\u00fajtanak a h\u00e1l\u00f3zatt\u00f3l val\u00f3 nagyobb f\u00fcggetlens\u00e9gre.\u00a0\u00c9jszaka\u00a0energi\u00e1t mer\u00edthet az\u00a0akkumul\u00e1tor\u00e1b\u00f3l\u00a0, ahelyett, hogy \u00e1t\u00e1llna a k\u00f6z\u00fczemi energi\u00e1ra, ha a nap m\u00e1r nem s\u00fct.<\/p>\n\n\n\n<p>Az akkumul\u00e1tor biztons\u00e1gi ment\u00e9se \u00e1ramkimarad\u00e1s eset\u00e9n is hasznos lehet.\u00a0Egy-k\u00e9t napig futtathatja k\u00e9sz\u00fcl\u00e9keit \u00e9s elektronik\u00e1j\u00e1t napelem seg\u00edts\u00e9g\u00e9vel.\u00a0Ez \u00e1ltal\u00e1ban elegend\u0151 id\u0151 ahhoz, hogy helyre\u00e1lljon minden.<\/p>\n","protected":false},"excerpt":{"rendered":"<p>A nap energi\u00e1ja k\u00fcl\u00f6nb\u00f6z\u0151 m\u00f3don fejez\u0151dik ki, att\u00f3l f\u00fcgg\u0151en, hogy milyen anyagokkal l\u00e9p k\u00f6lcs\u00f6nhat\u00e1sba. A napelemeket olyan anyagokb\u00f3l \u00e9p\u00edtik, amelyek fizikailag k\u00f6lcs\u00f6nhat\u00e1sba l\u00e9pnek a napenergia bizonyos hull\u00e1mhosszaival.&nbsp;Ez lehet\u0151v\u00e9 teszi sz\u00e1mukra a napenergia villamos energi\u00e1v\u00e1 t\u00f6rt\u00e9n\u0151 \u00e1talak\u00edt\u00e1s\u00e1t.&nbsp;A napelemek \u00edgy tudj\u00e1k elnyelni \u00e9s t\u00e1rolni az energi\u00e1t. Mi van a napelemben? A hagyom\u00e1nyos napelemek\u00a0szil\u00edciumkrist\u00e1lyokkal k\u00e9sz\u00fclnek\u00a0. A szil\u00edcium nagyon [&hellip;]<\/p>\n","protected":false},"author":3,"featured_media":472,"comment_status":"open","ping_status":"open","sticky":false,"template":"","format":"standard","meta":{"footnotes":""},"categories":[1],"tags":[],"class_list":["post-463","post","type-post","status-publish","format-standard","has-post-thumbnail","hentry","category-egyeb"],"yoast_head":"<!-- This site is optimized with the Yoast SEO plugin v19.5.1 - https:\/\/yoast.com\/wordpress\/plugins\/seo\/ -->\n<title>Hogyan sz\u00edvj\u00e1k fel \u00e9s t\u00e1rolj\u00e1k az energi\u00e1t a napelemek? | H\u00f3dszol\u00e1r<\/title>\n<meta name=\"robots\" content=\"noindex, follow, max-snippet:-1, max-image-preview:large, max-video-preview:-1\" \/>\n<meta property=\"og:locale\" content=\"hu_HU\" \/>\n<meta property=\"og:type\" content=\"article\" \/>\n<meta property=\"og:title\" content=\"Hogyan sz\u00edvj\u00e1k fel \u00e9s t\u00e1rolj\u00e1k az energi\u00e1t a napelemek? | H\u00f3dszol\u00e1r\" \/>\n<meta property=\"og:description\" content=\"A nap energi\u00e1ja k\u00fcl\u00f6nb\u00f6z\u0151 m\u00f3don fejez\u0151dik ki, att\u00f3l f\u00fcgg\u0151en, hogy milyen anyagokkal l\u00e9p k\u00f6lcs\u00f6nhat\u00e1sba. A napelemeket olyan anyagokb\u00f3l \u00e9p\u00edtik, amelyek fizikailag k\u00f6lcs\u00f6nhat\u00e1sba l\u00e9pnek a napenergia bizonyos hull\u00e1mhosszaival.&nbsp;Ez lehet\u0151v\u00e9 teszi sz\u00e1mukra a napenergia villamos energi\u00e1v\u00e1 t\u00f6rt\u00e9n\u0151 \u00e1talak\u00edt\u00e1s\u00e1t.&nbsp;A napelemek \u00edgy tudj\u00e1k elnyelni \u00e9s t\u00e1rolni az energi\u00e1t. Mi van a napelemben? A hagyom\u00e1nyos napelemek\u00a0szil\u00edciumkrist\u00e1lyokkal k\u00e9sz\u00fclnek\u00a0. A szil\u00edcium nagyon [&hellip;]\" \/>\n<meta property=\"og:url\" content=\"https:\/\/dev.kompaktdesign.hu\/hodszolar.hu\/2021\/07\/29\/veszesen-kozelit-a-fold-vegoraja-allitja-tobb-mint-tizezer-kutato-egy-szaklapban\/\" \/>\n<meta property=\"og:site_name\" content=\"H\u00f3dszol\u00e1r\" \/>\n<meta property=\"article:publisher\" content=\"https:\/\/www.facebook.com\/hodszolar\" \/>\n<meta property=\"article:published_time\" content=\"2021-07-29T10:01:42+00:00\" \/>\n<meta property=\"article:modified_time\" content=\"2021-08-09T07:01:52+00:00\" \/>\n<meta property=\"og:image\" content=\"https:\/\/dev.kompaktdesign.hu\/hodszolar.hu\/wp-content\/uploads\/2021\/07\/4518-1499876623.jpg\" \/>\n\t<meta property=\"og:image:width\" content=\"800\" \/>\n\t<meta property=\"og:image:height\" content=\"418\" \/>\n\t<meta property=\"og:image:type\" content=\"image\/jpeg\" \/>\n<meta name=\"author\" content=\"H\u00f3dszol\u00e1r Kft.\" \/>\n<meta name=\"twitter:card\" content=\"summary_large_image\" \/>\n<meta name=\"twitter:label1\" content=\"Szerz\u0151:\" \/>\n\t<meta name=\"twitter:data1\" content=\"H\u00f3dszol\u00e1r Kft.\" \/>\n\t<meta name=\"twitter:label2\" content=\"Becs\u00fclt olvas\u00e1si id\u0151\" \/>\n\t<meta name=\"twitter:data2\" content=\"2 perc\" \/>\n<script type=\"application\/ld+json\" class=\"yoast-schema-graph\">{\"@context\":\"https:\/\/schema.org\",\"@graph\":[{\"@type\":\"Article\",\"@id\":\"https:\/\/dev.kompaktdesign.hu\/hodszolar.hu\/2021\/07\/29\/veszesen-kozelit-a-fold-vegoraja-allitja-tobb-mint-tizezer-kutato-egy-szaklapban\/#article\",\"isPartOf\":{\"@id\":\"https:\/\/dev.kompaktdesign.hu\/hodszolar.hu\/2021\/07\/29\/veszesen-kozelit-a-fold-vegoraja-allitja-tobb-mint-tizezer-kutato-egy-szaklapban\/\"},\"author\":{\"name\":\"H\u00f3dszol\u00e1r Kft.\",\"@id\":\"https:\/\/dev.kompaktdesign.hu\/hodszolar.hu\/#\/schema\/person\/a788af940a3d6b2829396312340dd08c\"},\"headline\":\"Hogyan sz\u00edvj\u00e1k fel \u00e9s t\u00e1rolj\u00e1k az energi\u00e1t a napelemek?\",\"datePublished\":\"2021-07-29T10:01:42+00:00\",\"dateModified\":\"2021-08-09T07:01:52+00:00\",\"mainEntityOfPage\":{\"@id\":\"https:\/\/dev.kompaktdesign.hu\/hodszolar.hu\/2021\/07\/29\/veszesen-kozelit-a-fold-vegoraja-allitja-tobb-mint-tizezer-kutato-egy-szaklapban\/\"},\"wordCount\":570,\"commentCount\":0,\"publisher\":{\"@id\":\"https:\/\/dev.kompaktdesign.hu\/hodszolar.hu\/#organization\"},\"articleSection\":[\"Egy\u00e9b kateg\u00f3ria\"],\"inLanguage\":\"hu\",\"potentialAction\":[{\"@type\":\"CommentAction\",\"name\":\"Comment\",\"target\":[\"https:\/\/dev.kompaktdesign.hu\/hodszolar.hu\/2021\/07\/29\/veszesen-kozelit-a-fold-vegoraja-allitja-tobb-mint-tizezer-kutato-egy-szaklapban\/#respond\"]}]},{\"@type\":\"WebPage\",\"@id\":\"https:\/\/dev.kompaktdesign.hu\/hodszolar.hu\/2021\/07\/29\/veszesen-kozelit-a-fold-vegoraja-allitja-tobb-mint-tizezer-kutato-egy-szaklapban\/\",\"url\":\"https:\/\/dev.kompaktdesign.hu\/hodszolar.hu\/2021\/07\/29\/veszesen-kozelit-a-fold-vegoraja-allitja-tobb-mint-tizezer-kutato-egy-szaklapban\/\",\"name\":\"Hogyan sz\u00edvj\u00e1k fel \u00e9s t\u00e1rolj\u00e1k az energi\u00e1t a napelemek? | H\u00f3dszol\u00e1r\",\"isPartOf\":{\"@id\":\"https:\/\/dev.kompaktdesign.hu\/hodszolar.hu\/#website\"},\"datePublished\":\"2021-07-29T10:01:42+00:00\",\"dateModified\":\"2021-08-09T07:01:52+00:00\",\"breadcrumb\":{\"@id\":\"https:\/\/dev.kompaktdesign.hu\/hodszolar.hu\/2021\/07\/29\/veszesen-kozelit-a-fold-vegoraja-allitja-tobb-mint-tizezer-kutato-egy-szaklapban\/#breadcrumb\"},\"inLanguage\":\"hu\",\"potentialAction\":[{\"@type\":\"ReadAction\",\"target\":[\"https:\/\/dev.kompaktdesign.hu\/hodszolar.hu\/2021\/07\/29\/veszesen-kozelit-a-fold-vegoraja-allitja-tobb-mint-tizezer-kutato-egy-szaklapban\/\"]}]},{\"@type\":\"BreadcrumbList\",\"@id\":\"https:\/\/dev.kompaktdesign.hu\/hodszolar.hu\/2021\/07\/29\/veszesen-kozelit-a-fold-vegoraja-allitja-tobb-mint-tizezer-kutato-egy-szaklapban\/#breadcrumb\",\"itemListElement\":[{\"@type\":\"ListItem\",\"position\":1,\"name\":\"Kezd\u0151lap\",\"item\":\"https:\/\/dev.kompaktdesign.hu\/hodszolar.hu\/\"},{\"@type\":\"ListItem\",\"position\":2,\"name\":\"Hogyan sz\u00edvj\u00e1k fel \u00e9s t\u00e1rolj\u00e1k az energi\u00e1t a napelemek?\"}]},{\"@type\":\"WebSite\",\"@id\":\"https:\/\/dev.kompaktdesign.hu\/hodszolar.hu\/#website\",\"url\":\"https:\/\/dev.kompaktdesign.hu\/hodszolar.hu\/\",\"name\":\"H\u00f3dszol\u00e1r\",\"description\":\"A v\u00e1s\u00e1rhelyi napelemes\",\"publisher\":{\"@id\":\"https:\/\/dev.kompaktdesign.hu\/hodszolar.hu\/#organization\"},\"potentialAction\":[{\"@type\":\"SearchAction\",\"target\":{\"@type\":\"EntryPoint\",\"urlTemplate\":\"https:\/\/dev.kompaktdesign.hu\/hodszolar.hu\/?s={search_term_string}\"},\"query-input\":\"required name=search_term_string\"}],\"inLanguage\":\"hu\"},{\"@type\":\"Organization\",\"@id\":\"https:\/\/dev.kompaktdesign.hu\/hodszolar.hu\/#organization\",\"name\":\"H\u00f3dszol\u00e1r Kft.\",\"url\":\"https:\/\/dev.kompaktdesign.hu\/hodszolar.hu\/\",\"sameAs\":[\"https:\/\/www.facebook.com\/hodszolar\"],\"logo\":{\"@type\":\"ImageObject\",\"inLanguage\":\"hu\",\"@id\":\"https:\/\/dev.kompaktdesign.hu\/hodszolar.hu\/#\/schema\/logo\/image\/\",\"url\":\"https:\/\/dev.kompaktdesign.hu\/hodszolar.hu\/wp-content\/uploads\/2021\/05\/fvicon.png\",\"contentUrl\":\"https:\/\/dev.kompaktdesign.hu\/hodszolar.hu\/wp-content\/uploads\/2021\/05\/fvicon.png\",\"width\":132,\"height\":132,\"caption\":\"H\u00f3dszol\u00e1r Kft.\"},\"image\":{\"@id\":\"https:\/\/dev.kompaktdesign.hu\/hodszolar.hu\/#\/schema\/logo\/image\/\"}},{\"@type\":\"Person\",\"@id\":\"https:\/\/dev.kompaktdesign.hu\/hodszolar.hu\/#\/schema\/person\/a788af940a3d6b2829396312340dd08c\",\"name\":\"H\u00f3dszol\u00e1r Kft.\",\"image\":{\"@type\":\"ImageObject\",\"inLanguage\":\"hu\",\"@id\":\"https:\/\/dev.kompaktdesign.hu\/hodszolar.hu\/#\/schema\/person\/image\/\",\"url\":\"https:\/\/secure.gravatar.com\/avatar\/38df000db6f2e93b7f0ccccf7714392424ca033738d34dfe71f19fdb70329830?s=96&d=mm&r=g\",\"contentUrl\":\"https:\/\/secure.gravatar.com\/avatar\/38df000db6f2e93b7f0ccccf7714392424ca033738d34dfe71f19fdb70329830?s=96&d=mm&r=g\",\"caption\":\"H\u00f3dszol\u00e1r Kft.\"},\"url\":\"https:\/\/dev.kompaktdesign.hu\/hodszolar.hu\/author\/hodszolar\/\"}]}<\/script>\n<!-- \/ Yoast SEO plugin. -->","yoast_head_json":{"title":"Hogyan sz\u00edvj\u00e1k fel \u00e9s t\u00e1rolj\u00e1k az energi\u00e1t a napelemek? | H\u00f3dszol\u00e1r","robots":{"index":"noindex","follow":"follow","max-snippet":"max-snippet:-1","max-image-preview":"max-image-preview:large","max-video-preview":"max-video-preview:-1"},"og_locale":"hu_HU","og_type":"article","og_title":"Hogyan sz\u00edvj\u00e1k fel \u00e9s t\u00e1rolj\u00e1k az energi\u00e1t a napelemek? | H\u00f3dszol\u00e1r","og_description":"A nap energi\u00e1ja k\u00fcl\u00f6nb\u00f6z\u0151 m\u00f3don fejez\u0151dik ki, att\u00f3l f\u00fcgg\u0151en, hogy milyen anyagokkal l\u00e9p k\u00f6lcs\u00f6nhat\u00e1sba. A napelemeket olyan anyagokb\u00f3l \u00e9p\u00edtik, amelyek fizikailag k\u00f6lcs\u00f6nhat\u00e1sba l\u00e9pnek a napenergia bizonyos hull\u00e1mhosszaival.&nbsp;Ez lehet\u0151v\u00e9 teszi sz\u00e1mukra a napenergia villamos energi\u00e1v\u00e1 t\u00f6rt\u00e9n\u0151 \u00e1talak\u00edt\u00e1s\u00e1t.&nbsp;A napelemek \u00edgy tudj\u00e1k elnyelni \u00e9s t\u00e1rolni az energi\u00e1t. Mi van a napelemben? A hagyom\u00e1nyos napelemek\u00a0szil\u00edciumkrist\u00e1lyokkal k\u00e9sz\u00fclnek\u00a0. A szil\u00edcium nagyon [&hellip;]","og_url":"https:\/\/dev.kompaktdesign.hu\/hodszolar.hu\/2021\/07\/29\/veszesen-kozelit-a-fold-vegoraja-allitja-tobb-mint-tizezer-kutato-egy-szaklapban\/","og_site_name":"H\u00f3dszol\u00e1r","article_publisher":"https:\/\/www.facebook.com\/hodszolar","article_published_time":"2021-07-29T10:01:42+00:00","article_modified_time":"2021-08-09T07:01:52+00:00","og_image":[{"width":800,"height":418,"url":"https:\/\/dev.kompaktdesign.hu\/hodszolar.hu\/wp-content\/uploads\/2021\/07\/4518-1499876623.jpg","type":"image\/jpeg"}],"author":"H\u00f3dszol\u00e1r Kft.","twitter_card":"summary_large_image","twitter_misc":{"Szerz\u0151:":"H\u00f3dszol\u00e1r Kft.","Becs\u00fclt olvas\u00e1si id\u0151":"2 perc"},"schema":{"@context":"https:\/\/schema.org","@graph":[{"@type":"Article","@id":"https:\/\/dev.kompaktdesign.hu\/hodszolar.hu\/2021\/07\/29\/veszesen-kozelit-a-fold-vegoraja-allitja-tobb-mint-tizezer-kutato-egy-szaklapban\/#article","isPartOf":{"@id":"https:\/\/dev.kompaktdesign.hu\/hodszolar.hu\/2021\/07\/29\/veszesen-kozelit-a-fold-vegoraja-allitja-tobb-mint-tizezer-kutato-egy-szaklapban\/"},"author":{"name":"H\u00f3dszol\u00e1r Kft.","@id":"https:\/\/dev.kompaktdesign.hu\/hodszolar.hu\/#\/schema\/person\/a788af940a3d6b2829396312340dd08c"},"headline":"Hogyan sz\u00edvj\u00e1k fel \u00e9s t\u00e1rolj\u00e1k az energi\u00e1t a napelemek?","datePublished":"2021-07-29T10:01:42+00:00","dateModified":"2021-08-09T07:01:52+00:00","mainEntityOfPage":{"@id":"https:\/\/dev.kompaktdesign.hu\/hodszolar.hu\/2021\/07\/29\/veszesen-kozelit-a-fold-vegoraja-allitja-tobb-mint-tizezer-kutato-egy-szaklapban\/"},"wordCount":570,"commentCount":0,"publisher":{"@id":"https:\/\/dev.kompaktdesign.hu\/hodszolar.hu\/#organization"},"articleSection":["Egy\u00e9b kateg\u00f3ria"],"inLanguage":"hu","potentialAction":[{"@type":"CommentAction","name":"Comment","target":["https:\/\/dev.kompaktdesign.hu\/hodszolar.hu\/2021\/07\/29\/veszesen-kozelit-a-fold-vegoraja-allitja-tobb-mint-tizezer-kutato-egy-szaklapban\/#respond"]}]},{"@type":"WebPage","@id":"https:\/\/dev.kompaktdesign.hu\/hodszolar.hu\/2021\/07\/29\/veszesen-kozelit-a-fold-vegoraja-allitja-tobb-mint-tizezer-kutato-egy-szaklapban\/","url":"https:\/\/dev.kompaktdesign.hu\/hodszolar.hu\/2021\/07\/29\/veszesen-kozelit-a-fold-vegoraja-allitja-tobb-mint-tizezer-kutato-egy-szaklapban\/","name":"Hogyan sz\u00edvj\u00e1k fel \u00e9s t\u00e1rolj\u00e1k az energi\u00e1t a napelemek? | H\u00f3dszol\u00e1r","isPartOf":{"@id":"https:\/\/dev.kompaktdesign.hu\/hodszolar.hu\/#website"},"datePublished":"2021-07-29T10:01:42+00:00","dateModified":"2021-08-09T07:01:52+00:00","breadcrumb":{"@id":"https:\/\/dev.kompaktdesign.hu\/hodszolar.hu\/2021\/07\/29\/veszesen-kozelit-a-fold-vegoraja-allitja-tobb-mint-tizezer-kutato-egy-szaklapban\/#breadcrumb"},"inLanguage":"hu","potentialAction":[{"@type":"ReadAction","target":["https:\/\/dev.kompaktdesign.hu\/hodszolar.hu\/2021\/07\/29\/veszesen-kozelit-a-fold-vegoraja-allitja-tobb-mint-tizezer-kutato-egy-szaklapban\/"]}]},{"@type":"BreadcrumbList","@id":"https:\/\/dev.kompaktdesign.hu\/hodszolar.hu\/2021\/07\/29\/veszesen-kozelit-a-fold-vegoraja-allitja-tobb-mint-tizezer-kutato-egy-szaklapban\/#breadcrumb","itemListElement":[{"@type":"ListItem","position":1,"name":"Kezd\u0151lap","item":"https:\/\/dev.kompaktdesign.hu\/hodszolar.hu\/"},{"@type":"ListItem","position":2,"name":"Hogyan sz\u00edvj\u00e1k fel \u00e9s t\u00e1rolj\u00e1k az energi\u00e1t a napelemek?"}]},{"@type":"WebSite","@id":"https:\/\/dev.kompaktdesign.hu\/hodszolar.hu\/#website","url":"https:\/\/dev.kompaktdesign.hu\/hodszolar.hu\/","name":"H\u00f3dszol\u00e1r","description":"A v\u00e1s\u00e1rhelyi napelemes","publisher":{"@id":"https:\/\/dev.kompaktdesign.hu\/hodszolar.hu\/#organization"},"potentialAction":[{"@type":"SearchAction","target":{"@type":"EntryPoint","urlTemplate":"https:\/\/dev.kompaktdesign.hu\/hodszolar.hu\/?s={search_term_string}"},"query-input":"required name=search_term_string"}],"inLanguage":"hu"},{"@type":"Organization","@id":"https:\/\/dev.kompaktdesign.hu\/hodszolar.hu\/#organization","name":"H\u00f3dszol\u00e1r Kft.","url":"https:\/\/dev.kompaktdesign.hu\/hodszolar.hu\/","sameAs":["https:\/\/www.facebook.com\/hodszolar"],"logo":{"@type":"ImageObject","inLanguage":"hu","@id":"https:\/\/dev.kompaktdesign.hu\/hodszolar.hu\/#\/schema\/logo\/image\/","url":"https:\/\/dev.kompaktdesign.hu\/hodszolar.hu\/wp-content\/uploads\/2021\/05\/fvicon.png","contentUrl":"https:\/\/dev.kompaktdesign.hu\/hodszolar.hu\/wp-content\/uploads\/2021\/05\/fvicon.png","width":132,"height":132,"caption":"H\u00f3dszol\u00e1r Kft."},"image":{"@id":"https:\/\/dev.kompaktdesign.hu\/hodszolar.hu\/#\/schema\/logo\/image\/"}},{"@type":"Person","@id":"https:\/\/dev.kompaktdesign.hu\/hodszolar.hu\/#\/schema\/person\/a788af940a3d6b2829396312340dd08c","name":"H\u00f3dszol\u00e1r Kft.","image":{"@type":"ImageObject","inLanguage":"hu","@id":"https:\/\/dev.kompaktdesign.hu\/hodszolar.hu\/#\/schema\/person\/image\/","url":"https:\/\/secure.gravatar.com\/avatar\/38df000db6f2e93b7f0ccccf7714392424ca033738d34dfe71f19fdb70329830?s=96&d=mm&r=g","contentUrl":"https:\/\/secure.gravatar.com\/avatar\/38df000db6f2e93b7f0ccccf7714392424ca033738d34dfe71f19fdb70329830?s=96&d=mm&r=g","caption":"H\u00f3dszol\u00e1r Kft."},"url":"https:\/\/dev.kompaktdesign.hu\/hodszolar.hu\/author\/hodszolar\/"}]}},"_links":{"self":[{"href":"https:\/\/dev.kompaktdesign.hu\/hodszolar.hu\/wp-json\/wp\/v2\/posts\/463","targetHints":{"allow":["GET"]}}],"collection":[{"href":"https:\/\/dev.kompaktdesign.hu\/hodszolar.hu\/wp-json\/wp\/v2\/posts"}],"about":[{"href":"https:\/\/dev.kompaktdesign.hu\/hodszolar.hu\/wp-json\/wp\/v2\/types\/post"}],"author":[{"embeddable":true,"href":"https:\/\/dev.kompaktdesign.hu\/hodszolar.hu\/wp-json\/wp\/v2\/users\/3"}],"replies":[{"embeddable":true,"href":"https:\/\/dev.kompaktdesign.hu\/hodszolar.hu\/wp-json\/wp\/v2\/comments?post=463"}],"version-history":[{"count":3,"href":"https:\/\/dev.kompaktdesign.hu\/hodszolar.hu\/wp-json\/wp\/v2\/posts\/463\/revisions"}],"predecessor-version":[{"id":488,"href":"https:\/\/dev.kompaktdesign.hu\/hodszolar.hu\/wp-json\/wp\/v2\/posts\/463\/revisions\/488"}],"wp:featuredmedia":[{"embeddable":true,"href":"https:\/\/dev.kompaktdesign.hu\/hodszolar.hu\/wp-json\/wp\/v2\/media\/472"}],"wp:attachment":[{"href":"https:\/\/dev.kompaktdesign.hu\/hodszolar.hu\/wp-json\/wp\/v2\/media?parent=463"}],"wp:term":[{"taxonomy":"category","embeddable":true,"href":"https:\/\/dev.kompaktdesign.hu\/hodszolar.hu\/wp-json\/wp\/v2\/categories?post=463"},{"taxonomy":"post_tag","embeddable":true,"href":"https:\/\/dev.kompaktdesign.hu\/hodszolar.hu\/wp-json\/wp\/v2\/tags?post=463"}],"curies":[{"name":"wp","href":"https:\/\/api.w.org\/{rel}","templated":true}]}}