{"id":468,"date":"2021-08-06T10:10:16","date_gmt":"2021-08-06T10:10:16","guid":{"rendered":"https:\/\/hodszolar.hu\/?p=468"},"modified":"2021-08-06T10:10:17","modified_gmt":"2021-08-06T10:10:17","slug":"veszesen-kozelit-a-fold-vegoraja-allitja-tobb-mint-tizezer-kutato-egy-szaklapban-2","status":"publish","type":"post","link":"https:\/\/dev.kompaktdesign.hu\/hodszolar.hu\/2021\/08\/06\/veszesen-kozelit-a-fold-vegoraja-allitja-tobb-mint-tizezer-kutato-egy-szaklapban-2\/","title":{"rendered":"V\u00e9szesen k\u00f6zel\u00edt a F\u00f6ld v\u00e9g\u00f3r\u00e1ja, \u00e1ll\u00edtja t\u00f6bb mint t\u00edzezer kutat\u00f3 egy szaklapban"},"content":{"rendered":"\n<p>Eddig m\u00e9g nem l\u00e1tott ugr\u00e1s volt a kl\u00edm\u00e1val kapcsolatos katasztr\u00f3f\u00e1kban 2019 \u00f3ta, bele\u00e9rtve a puszt\u00edt\u00f3 \u00e1rad\u00e1st D\u00e9l-Amerik\u00e1ban \u00e9s D\u00e9lkelet \u00c1zsi\u00e1ban, h\u0151hull\u00e1mokat \u00e9s fut\u00f3t\u00fczeket Ausztr\u00e1li\u00e1ban \u00e9s az Egyes\u00fclt \u00c1llamok nyugati t\u00e9rs\u00e9g\u00e9ben, rendk\u00edv\u00fcli Atlanti hurrik\u00e1n szezont \u00e9s puszt\u00edt\u00f3 ciklonokat Afrik\u00e1ban \u00e9s D\u00e9l-\u00c1zsi\u00e1ban. A t\u00f6bb, mint 10 ezer tud\u00f3s, akik k\u00e9t \u00e9ve arra sz\u00f3l\u00edtott\u00e1k fel a vil\u00e1g korm\u00e1nyait, hogy azok nyilv\u00e1n\u00edtsanak glob\u00e1lis kl\u00edmav\u00e9szhelyzetet, \u00fagy l\u00e1tj\u00e1k, hogy a vil\u00e1g orsz\u00e1gainak vezet\u0151i kudarcot vallottak. Szerint\u00fck a politikusok nem k\u00e9pesek a probl\u00e9ma ok\u00e1val, a bolyg\u00f3 kizs\u00e1km\u00e1nyol\u00e1s\u00e1val foglalkozni, mik\u00f6zben p\u00e9lda n\u00e9lk\u00fcli m\u00f3don megemelkedett a kl\u00edmav\u00e1ltoz\u00e1shoz k\u00f6thet\u0151 katasztr\u00f3f\u00e1k sz\u00e1ma, kezdve a tikkaszt\u00f3 h\u0151hull\u00e1mokt\u00f3l az \u00e1rad\u00e1sokon \u00e9s ciklonokon \u00e1t a t\u0171zv\u00e9szekig.<\/p>\n\n\n\n<p>A F\u00f6ld \u00e9letjeleinek tekintett 31 mutat\u00f3b\u00f3l 18 rekordszinten \u00e1ll.<\/p>\n\n\n\n<p>Ezek k\u00f6z\u00f6tt szerepel az \u00fcvegh\u00e1zhat\u00e1s\u00fa g\u00e1zok kibocs\u00e1t\u00e1sa, a gleccserek vastags\u00e1ga \u00e9s az erd\u0151irt\u00e1s is. R\u00e1mutatnak, hogy b\u00e1r a koronav\u00edrus-j\u00e1rv\u00e1ny miatt az \u00fcvegh\u00e1zhat\u00e1s\u00fa g\u00e1zok kibocs\u00e1t\u00e1sa cs\u00f6kkent, de a sz\u00e9n-dioxid \u00e9s a met\u00e1n szintje 2021-re rekordot d\u00f6nt\u00f6tt. A 15 \u00e9vvel ezel\u0151tti szinthez k\u00e9pest 31 sz\u00e1zal\u00e9kkal gyorsult a gleccserek olvad\u00e1sa, \u00e9s 2020-ban rekordm\u00e9rt\u00e9kben cs\u00f6kkent a braz\u00edliai \u0151serd\u0151k m\u00e9rete, ami miatt az ottani es\u0151erd\u0151 a sz\u00e9n-dioxid megk\u00f6t\u00e9se helyett nett\u00f3 sz\u00e9ndioxid-kibocs\u00e1t\u00f3 lett.<\/p>\n\n\n\n<p>A kutat\u00f3k arra is felh\u00edvj\u00e1k a figyelmet, hogy n\u00e9gymilli\u00e1rd haszon\u00e1llat \u00e9l a bolyg\u00f3n, f\u0151leg marh\u00e1k \u00e9s birk\u00e1k, \u00e9s \u00f6sszt\u00f6meg\u00fck imm\u00e1r meghaladja az \u00f6sszes ember \u00e9s vadon \u00e9l\u0151 \u00e1llat \u00f6sszt\u00f6meg\u00e9t. A h\u00fasfogyaszt\u00e1s 2018 \u00e9s 2020 k\u00f6z\u00f6tt 5,7%-kal cs\u00f6kkent, val\u00f3sz\u00edn\u0171leg a kevesebb sert\u00e9sh\u00fas miatt, amit egy afrikai sert\u00e9spestis okozott K\u00edn\u00e1ban. Azonban j\u00f6v\u0151beni cs\u00f6kken\u00e9s a h\u00fasfogyaszt\u00e1sban \u00e9s h\u00fasel\u0151\u00e1ll\u00edt\u00e1sban val\u00f3sz\u00edn\u0171leg nem lesz, am\u00edg nincs egy \u00e1ltal\u00e1nos ir\u00e1nyv\u00e1lt\u00e1s a n\u00f6v\u00e9nyalap\u00fa \u00e9lelmiszerek fel\u00e9.<\/p>\n\n\n\n<p>A cikk szerz\u0151i szerint a bizony\u00edt\u00e9kok arra utalnak, hogy v\u00e9szesen k\u00f6zel\u00edt, de lehet, hogy m\u00e1r t\u00fal is l\u00e9pt\u00fck azt a pontot, amely ut\u00e1n dr\u00e1mai \u00e9s helyrehozhatatlan kl\u00edmav\u00e1ltoz\u00e1sra kell sz\u00e1m\u00edtani.<\/p>\n\n\n\n<p>P\u00e9ld\u00e1ul \u00e9vsz\u00e1zadokra felolvadhat Gr\u00f6nland \u00e9s az Antarktisz j\u00e9gtakar\u00f3ja. 2020-ban a ny\u00e1ri j\u00e9gr\u00e9teg a Jeges Tengeren a valaha m\u00e1sodik legkisebb m\u00e9rt\u00e9kben volt jelen \u00e9s a gleccserek vastags\u00e1ga sem volt m\u00e9g ilyen v\u00e9kony. A gleccserek sokkal gyorsabban olvadnak, mint kor\u00e1bban hitt\u00fck, 31%-kal t\u00f6bb havat \u00e9s jeget vesz\u00edtenek \u00e9vente, mint 15 \u00e9vvel ezel\u0151tt.<\/p>\n\n\n\n<p>Az \u00f3ce\u00e1nok h\u0151m\u00e9rs\u00e9klete \u00e9s a tengerszint magass\u00e1ga is \u00faj rekordokat d\u00f6nt\u00f6tt. Az \u00f3ce\u00e1n pH \u00e9rt\u00e9ke a m\u00e1sodik legalacsonyabbat \u00e9rte el, 2012 \u00f3ta. Ez k\u00fcl\u00f6n\u00f6sen aggaszt\u00f3, ugyanis a korallz\u00e1tonyok ellen\u00e1ll\u00e1sa az \u00f3ce\u00e1n elsavasod\u00e1s\u00e1val szemben cs\u00f6kken a h\u0151m\u00e9rs\u00e9klettel. T\u00f6bb, mint 500 milli\u00f3 ember f\u00fcgg a korallz\u00e1tonyokt\u00f3l az \u00e9lelmiszer, turizmus vagy tr\u00f3pusi viharhull\u00e1m elleni v\u00e9delem miatt.<\/p>\n\n\n\n<h1 class=\"has-normal-font-size wp-block-heading\">Glob\u00e1lis h\u0151m\u00e9rs\u00e9klet (1820\u20142020)<\/h1>\n\n\n\n<figure class=\"wp-block-image size-full is-resized\"><img loading=\"lazy\" decoding=\"async\" src=\"https:\/\/dev.kompaktdesign.hu\/hodszolar.hu\/wp-content\/uploads\/2021\/07\/kep-4.png\" alt=\"\" class=\"wp-image-464\" width=\"507\" height=\"346\"\/><\/figure>\n\n\n\n<p>H\u00e1rom fontos \u00fcvegh\u00e1zhat\u00e1s\u00fa g\u00e1z, a sz\u00e9n-dioxid, met\u00e1n \u00e9s k\u00e9jg\u00e1z koncentr\u00e1ci\u00f3ja d\u00f6nt\u00f6tt rekordot 2020 \u00e9s 2021-ben. Nagyj\u00e1b\u00f3l 1,25 \u00b0C fokos meleged\u00e9st l\u00e1tunk, ami azonnali kl\u00edmav\u00e9delmi k\u00f6zbesz\u00f3l\u00e1st k\u00f6vetel.<\/p>\n\n\n\n<p>A tud\u00f3sok gyors \u00e9s radik\u00e1lis l\u00e9p\u00e9seket s\u00fcrgetnek; fel kell sz\u00e1molni a fosszilis energiahordoz\u00f3k felhaszn\u00e1l\u00e1s\u00e1t \u00e9s helyette a meg\u00fajul\u00f3 energiafelhaszn\u00e1l\u00e1s fel\u00e9 kell elindulnunk, m\u00e9rs\u00e9kelni kell a szennyez\u00e9st, helyre kell \u00e1ll\u00edtani az \u00f6kosziszt\u00e9m\u00e1kat, hogy vissza\u00e1ll\u00edtsuk a biol\u00f3giai soksz\u00edn\u0171s\u00e9get, n\u00f6v\u00e9nyi alap\u00fa \u00e9trendre kell \u00e1tt\u00e9rni, ez\u00e1ltal cs\u00f6kkentve az \u00e9lelmiszer hullad\u00e9kot, szak\u00edtani kell a jelenlegi n\u00f6veked\u00e9si modellekkel \u00e9s stabiliz\u00e1lni kell a bolyg\u00f3 n\u00e9pess\u00e9g\u00e9t!<\/p>\n\n\n\n<p>Forr\u00e1s: <a href=\"https:\/\/telex.hu\/tudomany\/2021\/07\/28\/veszesen-kozelit-a-fold-vegoraja-allitja-tobb-mint-tizezer-kutato-egy-szaklapban\">https:\/\/telex.hu\/tudomany\/2021\/07\/28\/veszesen-kozelit-a-fold-vegoraja-allitja-tobb-mint-tizezer-kutato-egy-szaklapban<\/a>, <a href=\"https:\/\/academic.oup.com\/bioscience\/advance-article\/doi\/10.1093\/biosci\/biab079\/6325731?login=true\">https:\/\/academic.oup.com\/bioscience\/advance-article\/doi\/10.1093\/biosci\/biab079\/6325731?login=true<\/a><\/p>\n","protected":false},"excerpt":{"rendered":"<p>Eddig m\u00e9g nem l\u00e1tott ugr\u00e1s volt a kl\u00edm\u00e1val kapcsolatos katasztr\u00f3f\u00e1kban 2019 \u00f3ta, bele\u00e9rtve a puszt\u00edt\u00f3 \u00e1rad\u00e1st D\u00e9l-Amerik\u00e1ban \u00e9s D\u00e9lkelet \u00c1zsi\u00e1ban, h\u0151hull\u00e1mokat \u00e9s fut\u00f3t\u00fczeket Ausztr\u00e1li\u00e1ban \u00e9s az Egyes\u00fclt \u00c1llamok nyugati t\u00e9rs\u00e9g\u00e9ben, rendk\u00edv\u00fcli Atlanti hurrik\u00e1n szezont \u00e9s puszt\u00edt\u00f3 ciklonokat Afrik\u00e1ban \u00e9s D\u00e9l-\u00c1zsi\u00e1ban. A t\u00f6bb, mint 10 ezer tud\u00f3s, akik k\u00e9t \u00e9ve arra sz\u00f3l\u00edtott\u00e1k fel a vil\u00e1g korm\u00e1nyait, [&hellip;]<\/p>\n","protected":false},"author":3,"featured_media":465,"comment_status":"open","ping_status":"open","sticky":false,"template":"","format":"standard","meta":{"footnotes":""},"categories":[1],"tags":[],"class_list":["post-468","post","type-post","status-publish","format-standard","has-post-thumbnail","hentry","category-egyeb"],"yoast_head":"<!-- This site is optimized with the Yoast SEO plugin v19.5.1 - https:\/\/yoast.com\/wordpress\/plugins\/seo\/ -->\n<title>V\u00e9szesen k\u00f6zel\u00edt a F\u00f6ld v\u00e9g\u00f3r\u00e1ja, \u00e1ll\u00edtja t\u00f6bb mint t\u00edzezer kutat\u00f3 egy szaklapban | H\u00f3dszol\u00e1r<\/title>\n<meta name=\"robots\" content=\"noindex, follow, max-snippet:-1, max-image-preview:large, max-video-preview:-1\" \/>\n<meta property=\"og:locale\" content=\"hu_HU\" \/>\n<meta property=\"og:type\" content=\"article\" \/>\n<meta property=\"og:title\" content=\"V\u00e9szesen k\u00f6zel\u00edt a F\u00f6ld v\u00e9g\u00f3r\u00e1ja, \u00e1ll\u00edtja t\u00f6bb mint t\u00edzezer kutat\u00f3 egy szaklapban | H\u00f3dszol\u00e1r\" \/>\n<meta property=\"og:description\" content=\"Eddig m\u00e9g nem l\u00e1tott ugr\u00e1s volt a kl\u00edm\u00e1val kapcsolatos katasztr\u00f3f\u00e1kban 2019 \u00f3ta, bele\u00e9rtve a puszt\u00edt\u00f3 \u00e1rad\u00e1st D\u00e9l-Amerik\u00e1ban \u00e9s D\u00e9lkelet \u00c1zsi\u00e1ban, h\u0151hull\u00e1mokat \u00e9s fut\u00f3t\u00fczeket Ausztr\u00e1li\u00e1ban \u00e9s az Egyes\u00fclt \u00c1llamok nyugati t\u00e9rs\u00e9g\u00e9ben, rendk\u00edv\u00fcli Atlanti hurrik\u00e1n szezont \u00e9s puszt\u00edt\u00f3 ciklonokat Afrik\u00e1ban \u00e9s D\u00e9l-\u00c1zsi\u00e1ban. A t\u00f6bb, mint 10 ezer tud\u00f3s, akik k\u00e9t \u00e9ve arra sz\u00f3l\u00edtott\u00e1k fel a vil\u00e1g korm\u00e1nyait, [&hellip;]\" \/>\n<meta property=\"og:url\" content=\"https:\/\/dev.kompaktdesign.hu\/hodszolar.hu\/2021\/08\/06\/veszesen-kozelit-a-fold-vegoraja-allitja-tobb-mint-tizezer-kutato-egy-szaklapban-2\/\" \/>\n<meta property=\"og:site_name\" content=\"H\u00f3dszol\u00e1r\" \/>\n<meta property=\"article:publisher\" content=\"https:\/\/www.facebook.com\/hodszolar\" \/>\n<meta property=\"article:published_time\" content=\"2021-08-06T10:10:16+00:00\" \/>\n<meta property=\"article:modified_time\" content=\"2021-08-06T10:10:17+00:00\" \/>\n<meta property=\"og:image\" content=\"https:\/\/dev.kompaktdesign.hu\/hodszolar.hu\/wp-content\/uploads\/2021\/07\/Nevtelen-terv2.png\" \/>\n\t<meta property=\"og:image:width\" content=\"1080\" \/>\n\t<meta property=\"og:image:height\" content=\"1080\" \/>\n\t<meta property=\"og:image:type\" content=\"image\/png\" \/>\n<meta name=\"author\" content=\"H\u00f3dszol\u00e1r Kft.\" \/>\n<meta name=\"twitter:card\" content=\"summary_large_image\" \/>\n<meta name=\"twitter:label1\" content=\"Szerz\u0151:\" \/>\n\t<meta name=\"twitter:data1\" content=\"H\u00f3dszol\u00e1r Kft.\" \/>\n\t<meta name=\"twitter:label2\" content=\"Becs\u00fclt olvas\u00e1si id\u0151\" \/>\n\t<meta name=\"twitter:data2\" content=\"3 perc\" \/>\n<script type=\"application\/ld+json\" class=\"yoast-schema-graph\">{\"@context\":\"https:\/\/schema.org\",\"@graph\":[{\"@type\":\"Article\",\"@id\":\"https:\/\/dev.kompaktdesign.hu\/hodszolar.hu\/2021\/08\/06\/veszesen-kozelit-a-fold-vegoraja-allitja-tobb-mint-tizezer-kutato-egy-szaklapban-2\/#article\",\"isPartOf\":{\"@id\":\"https:\/\/dev.kompaktdesign.hu\/hodszolar.hu\/2021\/08\/06\/veszesen-kozelit-a-fold-vegoraja-allitja-tobb-mint-tizezer-kutato-egy-szaklapban-2\/\"},\"author\":{\"name\":\"H\u00f3dszol\u00e1r Kft.\",\"@id\":\"https:\/\/dev.kompaktdesign.hu\/hodszolar.hu\/#\/schema\/person\/a788af940a3d6b2829396312340dd08c\"},\"headline\":\"V\u00e9szesen k\u00f6zel\u00edt a F\u00f6ld v\u00e9g\u00f3r\u00e1ja, \u00e1ll\u00edtja t\u00f6bb mint t\u00edzezer kutat\u00f3 egy szaklapban\",\"datePublished\":\"2021-08-06T10:10:16+00:00\",\"dateModified\":\"2021-08-06T10:10:17+00:00\",\"mainEntityOfPage\":{\"@id\":\"https:\/\/dev.kompaktdesign.hu\/hodszolar.hu\/2021\/08\/06\/veszesen-kozelit-a-fold-vegoraja-allitja-tobb-mint-tizezer-kutato-egy-szaklapban-2\/\"},\"wordCount\":790,\"commentCount\":0,\"publisher\":{\"@id\":\"https:\/\/dev.kompaktdesign.hu\/hodszolar.hu\/#organization\"},\"articleSection\":[\"Egy\u00e9b kateg\u00f3ria\"],\"inLanguage\":\"hu\",\"potentialAction\":[{\"@type\":\"CommentAction\",\"name\":\"Comment\",\"target\":[\"https:\/\/dev.kompaktdesign.hu\/hodszolar.hu\/2021\/08\/06\/veszesen-kozelit-a-fold-vegoraja-allitja-tobb-mint-tizezer-kutato-egy-szaklapban-2\/#respond\"]}]},{\"@type\":\"WebPage\",\"@id\":\"https:\/\/dev.kompaktdesign.hu\/hodszolar.hu\/2021\/08\/06\/veszesen-kozelit-a-fold-vegoraja-allitja-tobb-mint-tizezer-kutato-egy-szaklapban-2\/\",\"url\":\"https:\/\/dev.kompaktdesign.hu\/hodszolar.hu\/2021\/08\/06\/veszesen-kozelit-a-fold-vegoraja-allitja-tobb-mint-tizezer-kutato-egy-szaklapban-2\/\",\"name\":\"V\u00e9szesen k\u00f6zel\u00edt a F\u00f6ld v\u00e9g\u00f3r\u00e1ja, \u00e1ll\u00edtja t\u00f6bb mint t\u00edzezer kutat\u00f3 egy szaklapban | H\u00f3dszol\u00e1r\",\"isPartOf\":{\"@id\":\"https:\/\/dev.kompaktdesign.hu\/hodszolar.hu\/#website\"},\"datePublished\":\"2021-08-06T10:10:16+00:00\",\"dateModified\":\"2021-08-06T10:10:17+00:00\",\"breadcrumb\":{\"@id\":\"https:\/\/dev.kompaktdesign.hu\/hodszolar.hu\/2021\/08\/06\/veszesen-kozelit-a-fold-vegoraja-allitja-tobb-mint-tizezer-kutato-egy-szaklapban-2\/#breadcrumb\"},\"inLanguage\":\"hu\",\"potentialAction\":[{\"@type\":\"ReadAction\",\"target\":[\"https:\/\/dev.kompaktdesign.hu\/hodszolar.hu\/2021\/08\/06\/veszesen-kozelit-a-fold-vegoraja-allitja-tobb-mint-tizezer-kutato-egy-szaklapban-2\/\"]}]},{\"@type\":\"BreadcrumbList\",\"@id\":\"https:\/\/dev.kompaktdesign.hu\/hodszolar.hu\/2021\/08\/06\/veszesen-kozelit-a-fold-vegoraja-allitja-tobb-mint-tizezer-kutato-egy-szaklapban-2\/#breadcrumb\",\"itemListElement\":[{\"@type\":\"ListItem\",\"position\":1,\"name\":\"Kezd\u0151lap\",\"item\":\"https:\/\/dev.kompaktdesign.hu\/hodszolar.hu\/\"},{\"@type\":\"ListItem\",\"position\":2,\"name\":\"V\u00e9szesen k\u00f6zel\u00edt a F\u00f6ld v\u00e9g\u00f3r\u00e1ja, \u00e1ll\u00edtja t\u00f6bb mint t\u00edzezer kutat\u00f3 egy szaklapban\"}]},{\"@type\":\"WebSite\",\"@id\":\"https:\/\/dev.kompaktdesign.hu\/hodszolar.hu\/#website\",\"url\":\"https:\/\/dev.kompaktdesign.hu\/hodszolar.hu\/\",\"name\":\"H\u00f3dszol\u00e1r\",\"description\":\"A v\u00e1s\u00e1rhelyi napelemes\",\"publisher\":{\"@id\":\"https:\/\/dev.kompaktdesign.hu\/hodszolar.hu\/#organization\"},\"potentialAction\":[{\"@type\":\"SearchAction\",\"target\":{\"@type\":\"EntryPoint\",\"urlTemplate\":\"https:\/\/dev.kompaktdesign.hu\/hodszolar.hu\/?s={search_term_string}\"},\"query-input\":\"required name=search_term_string\"}],\"inLanguage\":\"hu\"},{\"@type\":\"Organization\",\"@id\":\"https:\/\/dev.kompaktdesign.hu\/hodszolar.hu\/#organization\",\"name\":\"H\u00f3dszol\u00e1r Kft.\",\"url\":\"https:\/\/dev.kompaktdesign.hu\/hodszolar.hu\/\",\"sameAs\":[\"https:\/\/www.facebook.com\/hodszolar\"],\"logo\":{\"@type\":\"ImageObject\",\"inLanguage\":\"hu\",\"@id\":\"https:\/\/dev.kompaktdesign.hu\/hodszolar.hu\/#\/schema\/logo\/image\/\",\"url\":\"https:\/\/dev.kompaktdesign.hu\/hodszolar.hu\/wp-content\/uploads\/2021\/05\/fvicon.png\",\"contentUrl\":\"https:\/\/dev.kompaktdesign.hu\/hodszolar.hu\/wp-content\/uploads\/2021\/05\/fvicon.png\",\"width\":132,\"height\":132,\"caption\":\"H\u00f3dszol\u00e1r Kft.\"},\"image\":{\"@id\":\"https:\/\/dev.kompaktdesign.hu\/hodszolar.hu\/#\/schema\/logo\/image\/\"}},{\"@type\":\"Person\",\"@id\":\"https:\/\/dev.kompaktdesign.hu\/hodszolar.hu\/#\/schema\/person\/a788af940a3d6b2829396312340dd08c\",\"name\":\"H\u00f3dszol\u00e1r Kft.\",\"image\":{\"@type\":\"ImageObject\",\"inLanguage\":\"hu\",\"@id\":\"https:\/\/dev.kompaktdesign.hu\/hodszolar.hu\/#\/schema\/person\/image\/\",\"url\":\"https:\/\/secure.gravatar.com\/avatar\/38df000db6f2e93b7f0ccccf7714392424ca033738d34dfe71f19fdb70329830?s=96&d=mm&r=g\",\"contentUrl\":\"https:\/\/secure.gravatar.com\/avatar\/38df000db6f2e93b7f0ccccf7714392424ca033738d34dfe71f19fdb70329830?s=96&d=mm&r=g\",\"caption\":\"H\u00f3dszol\u00e1r Kft.\"},\"url\":\"https:\/\/dev.kompaktdesign.hu\/hodszolar.hu\/author\/hodszolar\/\"}]}<\/script>\n<!-- \/ Yoast SEO plugin. -->","yoast_head_json":{"title":"V\u00e9szesen k\u00f6zel\u00edt a F\u00f6ld v\u00e9g\u00f3r\u00e1ja, \u00e1ll\u00edtja t\u00f6bb mint t\u00edzezer kutat\u00f3 egy szaklapban | H\u00f3dszol\u00e1r","robots":{"index":"noindex","follow":"follow","max-snippet":"max-snippet:-1","max-image-preview":"max-image-preview:large","max-video-preview":"max-video-preview:-1"},"og_locale":"hu_HU","og_type":"article","og_title":"V\u00e9szesen k\u00f6zel\u00edt a F\u00f6ld v\u00e9g\u00f3r\u00e1ja, \u00e1ll\u00edtja t\u00f6bb mint t\u00edzezer kutat\u00f3 egy szaklapban | H\u00f3dszol\u00e1r","og_description":"Eddig m\u00e9g nem l\u00e1tott ugr\u00e1s volt a kl\u00edm\u00e1val kapcsolatos katasztr\u00f3f\u00e1kban 2019 \u00f3ta, bele\u00e9rtve a puszt\u00edt\u00f3 \u00e1rad\u00e1st D\u00e9l-Amerik\u00e1ban \u00e9s D\u00e9lkelet \u00c1zsi\u00e1ban, h\u0151hull\u00e1mokat \u00e9s fut\u00f3t\u00fczeket Ausztr\u00e1li\u00e1ban \u00e9s az Egyes\u00fclt \u00c1llamok nyugati t\u00e9rs\u00e9g\u00e9ben, rendk\u00edv\u00fcli Atlanti hurrik\u00e1n szezont \u00e9s puszt\u00edt\u00f3 ciklonokat Afrik\u00e1ban \u00e9s D\u00e9l-\u00c1zsi\u00e1ban. A t\u00f6bb, mint 10 ezer tud\u00f3s, akik k\u00e9t \u00e9ve arra sz\u00f3l\u00edtott\u00e1k fel a vil\u00e1g korm\u00e1nyait, [&hellip;]","og_url":"https:\/\/dev.kompaktdesign.hu\/hodszolar.hu\/2021\/08\/06\/veszesen-kozelit-a-fold-vegoraja-allitja-tobb-mint-tizezer-kutato-egy-szaklapban-2\/","og_site_name":"H\u00f3dszol\u00e1r","article_publisher":"https:\/\/www.facebook.com\/hodszolar","article_published_time":"2021-08-06T10:10:16+00:00","article_modified_time":"2021-08-06T10:10:17+00:00","og_image":[{"width":1080,"height":1080,"url":"https:\/\/dev.kompaktdesign.hu\/hodszolar.hu\/wp-content\/uploads\/2021\/07\/Nevtelen-terv2.png","type":"image\/png"}],"author":"H\u00f3dszol\u00e1r Kft.","twitter_card":"summary_large_image","twitter_misc":{"Szerz\u0151:":"H\u00f3dszol\u00e1r Kft.","Becs\u00fclt olvas\u00e1si id\u0151":"3 perc"},"schema":{"@context":"https:\/\/schema.org","@graph":[{"@type":"Article","@id":"https:\/\/dev.kompaktdesign.hu\/hodszolar.hu\/2021\/08\/06\/veszesen-kozelit-a-fold-vegoraja-allitja-tobb-mint-tizezer-kutato-egy-szaklapban-2\/#article","isPartOf":{"@id":"https:\/\/dev.kompaktdesign.hu\/hodszolar.hu\/2021\/08\/06\/veszesen-kozelit-a-fold-vegoraja-allitja-tobb-mint-tizezer-kutato-egy-szaklapban-2\/"},"author":{"name":"H\u00f3dszol\u00e1r Kft.","@id":"https:\/\/dev.kompaktdesign.hu\/hodszolar.hu\/#\/schema\/person\/a788af940a3d6b2829396312340dd08c"},"headline":"V\u00e9szesen k\u00f6zel\u00edt a F\u00f6ld v\u00e9g\u00f3r\u00e1ja, \u00e1ll\u00edtja t\u00f6bb mint t\u00edzezer kutat\u00f3 egy szaklapban","datePublished":"2021-08-06T10:10:16+00:00","dateModified":"2021-08-06T10:10:17+00:00","mainEntityOfPage":{"@id":"https:\/\/dev.kompaktdesign.hu\/hodszolar.hu\/2021\/08\/06\/veszesen-kozelit-a-fold-vegoraja-allitja-tobb-mint-tizezer-kutato-egy-szaklapban-2\/"},"wordCount":790,"commentCount":0,"publisher":{"@id":"https:\/\/dev.kompaktdesign.hu\/hodszolar.hu\/#organization"},"articleSection":["Egy\u00e9b kateg\u00f3ria"],"inLanguage":"hu","potentialAction":[{"@type":"CommentAction","name":"Comment","target":["https:\/\/dev.kompaktdesign.hu\/hodszolar.hu\/2021\/08\/06\/veszesen-kozelit-a-fold-vegoraja-allitja-tobb-mint-tizezer-kutato-egy-szaklapban-2\/#respond"]}]},{"@type":"WebPage","@id":"https:\/\/dev.kompaktdesign.hu\/hodszolar.hu\/2021\/08\/06\/veszesen-kozelit-a-fold-vegoraja-allitja-tobb-mint-tizezer-kutato-egy-szaklapban-2\/","url":"https:\/\/dev.kompaktdesign.hu\/hodszolar.hu\/2021\/08\/06\/veszesen-kozelit-a-fold-vegoraja-allitja-tobb-mint-tizezer-kutato-egy-szaklapban-2\/","name":"V\u00e9szesen k\u00f6zel\u00edt a F\u00f6ld v\u00e9g\u00f3r\u00e1ja, \u00e1ll\u00edtja t\u00f6bb mint t\u00edzezer kutat\u00f3 egy szaklapban | H\u00f3dszol\u00e1r","isPartOf":{"@id":"https:\/\/dev.kompaktdesign.hu\/hodszolar.hu\/#website"},"datePublished":"2021-08-06T10:10:16+00:00","dateModified":"2021-08-06T10:10:17+00:00","breadcrumb":{"@id":"https:\/\/dev.kompaktdesign.hu\/hodszolar.hu\/2021\/08\/06\/veszesen-kozelit-a-fold-vegoraja-allitja-tobb-mint-tizezer-kutato-egy-szaklapban-2\/#breadcrumb"},"inLanguage":"hu","potentialAction":[{"@type":"ReadAction","target":["https:\/\/dev.kompaktdesign.hu\/hodszolar.hu\/2021\/08\/06\/veszesen-kozelit-a-fold-vegoraja-allitja-tobb-mint-tizezer-kutato-egy-szaklapban-2\/"]}]},{"@type":"BreadcrumbList","@id":"https:\/\/dev.kompaktdesign.hu\/hodszolar.hu\/2021\/08\/06\/veszesen-kozelit-a-fold-vegoraja-allitja-tobb-mint-tizezer-kutato-egy-szaklapban-2\/#breadcrumb","itemListElement":[{"@type":"ListItem","position":1,"name":"Kezd\u0151lap","item":"https:\/\/dev.kompaktdesign.hu\/hodszolar.hu\/"},{"@type":"ListItem","position":2,"name":"V\u00e9szesen k\u00f6zel\u00edt a F\u00f6ld v\u00e9g\u00f3r\u00e1ja, \u00e1ll\u00edtja t\u00f6bb mint t\u00edzezer kutat\u00f3 egy szaklapban"}]},{"@type":"WebSite","@id":"https:\/\/dev.kompaktdesign.hu\/hodszolar.hu\/#website","url":"https:\/\/dev.kompaktdesign.hu\/hodszolar.hu\/","name":"H\u00f3dszol\u00e1r","description":"A v\u00e1s\u00e1rhelyi napelemes","publisher":{"@id":"https:\/\/dev.kompaktdesign.hu\/hodszolar.hu\/#organization"},"potentialAction":[{"@type":"SearchAction","target":{"@type":"EntryPoint","urlTemplate":"https:\/\/dev.kompaktdesign.hu\/hodszolar.hu\/?s={search_term_string}"},"query-input":"required name=search_term_string"}],"inLanguage":"hu"},{"@type":"Organization","@id":"https:\/\/dev.kompaktdesign.hu\/hodszolar.hu\/#organization","name":"H\u00f3dszol\u00e1r Kft.","url":"https:\/\/dev.kompaktdesign.hu\/hodszolar.hu\/","sameAs":["https:\/\/www.facebook.com\/hodszolar"],"logo":{"@type":"ImageObject","inLanguage":"hu","@id":"https:\/\/dev.kompaktdesign.hu\/hodszolar.hu\/#\/schema\/logo\/image\/","url":"https:\/\/dev.kompaktdesign.hu\/hodszolar.hu\/wp-content\/uploads\/2021\/05\/fvicon.png","contentUrl":"https:\/\/dev.kompaktdesign.hu\/hodszolar.hu\/wp-content\/uploads\/2021\/05\/fvicon.png","width":132,"height":132,"caption":"H\u00f3dszol\u00e1r Kft."},"image":{"@id":"https:\/\/dev.kompaktdesign.hu\/hodszolar.hu\/#\/schema\/logo\/image\/"}},{"@type":"Person","@id":"https:\/\/dev.kompaktdesign.hu\/hodszolar.hu\/#\/schema\/person\/a788af940a3d6b2829396312340dd08c","name":"H\u00f3dszol\u00e1r Kft.","image":{"@type":"ImageObject","inLanguage":"hu","@id":"https:\/\/dev.kompaktdesign.hu\/hodszolar.hu\/#\/schema\/person\/image\/","url":"https:\/\/secure.gravatar.com\/avatar\/38df000db6f2e93b7f0ccccf7714392424ca033738d34dfe71f19fdb70329830?s=96&d=mm&r=g","contentUrl":"https:\/\/secure.gravatar.com\/avatar\/38df000db6f2e93b7f0ccccf7714392424ca033738d34dfe71f19fdb70329830?s=96&d=mm&r=g","caption":"H\u00f3dszol\u00e1r Kft."},"url":"https:\/\/dev.kompaktdesign.hu\/hodszolar.hu\/author\/hodszolar\/"}]}},"_links":{"self":[{"href":"https:\/\/dev.kompaktdesign.hu\/hodszolar.hu\/wp-json\/wp\/v2\/posts\/468","targetHints":{"allow":["GET"]}}],"collection":[{"href":"https:\/\/dev.kompaktdesign.hu\/hodszolar.hu\/wp-json\/wp\/v2\/posts"}],"about":[{"href":"https:\/\/dev.kompaktdesign.hu\/hodszolar.hu\/wp-json\/wp\/v2\/types\/post"}],"author":[{"embeddable":true,"href":"https:\/\/dev.kompaktdesign.hu\/hodszolar.hu\/wp-json\/wp\/v2\/users\/3"}],"replies":[{"embeddable":true,"href":"https:\/\/dev.kompaktdesign.hu\/hodszolar.hu\/wp-json\/wp\/v2\/comments?post=468"}],"version-history":[{"count":1,"href":"https:\/\/dev.kompaktdesign.hu\/hodszolar.hu\/wp-json\/wp\/v2\/posts\/468\/revisions"}],"predecessor-version":[{"id":474,"href":"https:\/\/dev.kompaktdesign.hu\/hodszolar.hu\/wp-json\/wp\/v2\/posts\/468\/revisions\/474"}],"wp:featuredmedia":[{"embeddable":true,"href":"https:\/\/dev.kompaktdesign.hu\/hodszolar.hu\/wp-json\/wp\/v2\/media\/465"}],"wp:attachment":[{"href":"https:\/\/dev.kompaktdesign.hu\/hodszolar.hu\/wp-json\/wp\/v2\/media?parent=468"}],"wp:term":[{"taxonomy":"category","embeddable":true,"href":"https:\/\/dev.kompaktdesign.hu\/hodszolar.hu\/wp-json\/wp\/v2\/categories?post=468"},{"taxonomy":"post_tag","embeddable":true,"href":"https:\/\/dev.kompaktdesign.hu\/hodszolar.hu\/wp-json\/wp\/v2\/tags?post=468"}],"curies":[{"name":"wp","href":"https:\/\/api.w.org\/{rel}","templated":true}]}}