{"id":475,"date":"2021-08-06T10:22:58","date_gmt":"2021-08-06T10:22:58","guid":{"rendered":"https:\/\/hodszolar.hu\/?p=475"},"modified":"2021-08-09T07:18:35","modified_gmt":"2021-08-09T07:18:35","slug":"monokristalyos-napelemek-vs-polikristalyos-napelemek","status":"publish","type":"post","link":"https:\/\/dev.kompaktdesign.hu\/hodszolar.hu\/2021\/08\/06\/monokristalyos-napelemek-vs-polikristalyos-napelemek\/","title":{"rendered":"\u00c9jjel m\u0171k\u00f6dnek a napelemek?"},"content":{"rendered":"\n<p>A r\u00f6vid v\u00e1lasz: nem. A napenergia-rendszerek csak nappal m\u0171k\u00f6dnek.\u00a0A napb\u00f3l sz\u00e1rmaz\u00f3 energia kulcsfontoss\u00e1g\u00fa ahhoz, hogy a napelem hogyan v\u00e1ltoztatja elektromos \u00e1ramm\u00e1 a f\u00e9nyt.\u00a0Ez azonban nem jelenti azt, hogy a napenergia \u00e9jjel-nappal nem m\u0171k\u00f6dtetheti otthon\u00e1t!\u00a0<\/p>\n\n\n\n<p><strong>Hogyan m\u0171k\u00f6dnek a napelemek<\/strong><\/p>\n\n\n\n<p>A napelemek cell\u00e1kb\u00f3l \u00e1llnak.\u00a0Minden cella k\u00e9pes villamos energia el\u0151\u00e1ll\u00edt\u00e1s\u00e1ra, amely k\u00e9t v\u00e9kony f\u00e9lvezet\u0151 anyagb\u00f3l \u00e1ll\u00f3 lemezb\u0151l, \u00e1ltal\u00e1ban szil\u00edciumb\u00f3l k\u00e9sz\u00fcl. Err\u0151l <a href=\"https:\/\/dev.kompaktdesign.hu\/hodszolar.hu\/2021\/07\/29\/veszesen-kozelit-a-fold-vegoraja-allitja-tobb-mint-tizezer-kutato-egy-szaklapban\/\">itt<\/a> olvashattatok m\u00e1r kor\u00e1bban!\u00a0Mivel a szil\u00edcium \u00f6nmag\u00e1ban nem nagy vezet\u0151, az egyes osty\u00e1kat szennyez\u0151d\u00e9sekkel \u201eadal\u00e9kolj\u00e1k\u201d, hogy hat\u00e9konyabb\u00e1 v\u00e1ljanak.\u00a0Az egyik osty\u00e1t foszforral adal\u00e9kolj\u00e1k, hogy t\u00f6bb szabad elektron j\u00f6jj\u00f6n l\u00e9tre, ami negat\u00edvabb\u00e1 teszi az osty\u00e1t.\u00a0A m\u00e1sik ostya b\u00f3rral van bef\u0171zve, amely t\u00f6bb receptorlyukkal rendelkezik az elektronok sz\u00e1m\u00e1ra, vagyis pozit\u00edvabb.\u00a0Amikor a k\u00e9t oldal \u00f6ssze van k\u00f6tve, a szabad elektronok negat\u00edvr\u00f3l pozit\u00edv osty\u00e1ra mozognak, am\u00edg el nem \u00e9rik az egyens\u00falyt.<\/p>\n\n\n\n<p>Elektromos mez\u0151 j\u00f6n l\u00e9tre, amely m\u00e1s szabad elektronokat elmozd\u00edt a pozit\u00edv oldalr\u00f3l vissza a negat\u00edv fel\u00e9.\u00a0Itt j\u00f6n be a nap. A napf\u00e9ny fotonk\u00e9nt vagy energiacsomagk\u00e9nt halad.\u00a0Amikor egy foton eltal\u00e1lja a napelemet, az kiszor\u00edtja az elektront, l\u00e9trehozva egy elektronteret.\u00a0Az elektron csak meg akarja t\u00f6lteni a teret, de az elektromos mez\u0151 a teret a pozit\u00edv oldalra, a szabad elektron pedig a negat\u00edv oldalra mozgatja.\u00a0Ahhoz, hogy visszat\u00e9rjen, az elektronnak hossz\u00fa utat kell megtennie, hogy visszat\u00e9rjen.\u00a0Ezek az utaz\u00f3 elektronok, a Te napelemes rendszerednek \u00e1rama, \u00e9s az elektromos mez\u0151 l\u00e9trehozza a fesz\u00fclts\u00e9get.\u00a0<\/p>\n\n\n\n<p><strong>Egy\u00e9b f\u00e9nyforr\u00e1sok<\/strong><\/p>\n\n\n\n<p>Teh\u00e1t a f\u00e9ny m\u0171k\u00f6d\u00e9sbe hozza a napelemeket.&nbsp;<\/p>\n\n\n\n<p>\u00c9jszaka vannak f\u00e9nyforr\u00e1sok, p\u00e9ld\u00e1ul utcai l\u00e1mp\u00e1k, hold \u00e9s csillagok.\u00a0Felmer\u00fclhet a k\u00e9rd\u00e9s, hogy ezek k\u00e9pesek-e a napelemeket is m\u0171k\u00f6dtetni?\u00a0Technikailag megt\u00f6rt\u00e9nhet.\u00a0A holdf\u00e9ny a hold felsz\u00edn\u00e9r\u0151l visszaver\u0151d\u0151 napf\u00e9ny.\u00a0M\u00edg az emberi szem nagyon j\u00f3l alkalmazkodik a teliholdhoz, \u00edgy n\u00e9ha majdnem olyan f\u00e9nyesnek t\u0171nik, mint a nap, az intenzit\u00e1s sokkal kisebb, mint a nap\u00e9.\u00a0Kis teljes\u00edtm\u00e9nycs\u00f6kken\u00e9s lehets\u00e9ges, de kis rendszerm\u00e9retek eset\u00e9n a teljes \u00e1ram val\u00f3sz\u00edn\u0171leg nem lesz elegend\u0151 ahhoz, hogy el\u00e9rje a minimumot a rendszer inverter\u00e9nek aktiv\u00e1l\u00e1s\u00e1hoz, hogy az energi\u00e1t v\u00e1ltakoz\u00f3 \u00e1ram\u00fa energi\u00e1v\u00e1 v\u00e1ltoztassa, amelyet otthona haszn\u00e1lhat.\u00a0Gyakorlati c\u00e9lokb\u00f3l m\u00e1s f\u00e9nyforr\u00e1sok egyszer\u0171en nem el\u00e9g er\u0151sek ahhoz, hogy az \u00e1ramtermel\u00e9st hasznoss\u00e1 tegy\u00e9k.<\/p>\n\n\n\n<p><strong>Teljes energia-eltol\u00f3d\u00e1s a Napb\u00f3l<\/strong><\/p>\n\n\n\n<p>Akkor hogyan lehet napenergi\u00e1t szerezni eg\u00e9sz nap \u00e9s \u00e9jjel?<\/p>\n\n\n\n<p>Mivel a napenergia-termel\u00e9s csak a nap folyam\u00e1n praktikus, az energiabank valamilyen form\u00e1j\u00e1ra sz\u00fcks\u00e9g van.\u00a0A leggyakoribb form\u00e1t \u201enett\u00f3 energiam\u00e9r\u00e9snek\u201d nevezik.\u00a0A napelemes rendszereket \u00fagy tervezt\u00e9k, hogy nappal \u00e9s ny\u00e1ron a sz\u00fcks\u00e9gesn\u00e9l t\u00f6bb energi\u00e1t \u00e1ll\u00edtsanak el\u0151, amelyet azut\u00e1n a h\u00e1l\u00f3zatba export\u00e1lnak, amikor azt el\u0151\u00e1ll\u00edtj\u00e1k.\u00a0A napenergia-rendszerek tulajdonosai sz\u00e1m\u00e1ra a h\u00e1l\u00f3zatot kezel\u0151 k\u00f6zm\u0171vek krediteket bocs\u00e1tanak ki a t\u00falzott termel\u00e9s\u00e9rt, \u00e9s amikor ezek a rendszer-tulajdonosok energi\u00e1t vesznek ki a h\u00e1l\u00f3zatb\u00f3l (\u00e9jszaka), akkor ezeket a hiteleket haszn\u00e1lj\u00e1k fel.\u00a0A j\u00f3v\u00e1\u00edr\u00e1sok \u00e9s terhel\u00e9sek egyenleg\u00e9t \u00e9vente egyszer, a besz\u00e1m\u00edt\u00e1si id\u0151szak alatt rendezik.\u00a0Ezt nevezz\u00fck szald\u00f3 elsz\u00e1mol\u00e1snak, amir\u0151l kor\u00e1bban <a href=\"https:\/\/dev.kompaktdesign.hu\/hodszolar.hu\/2021\/07\/01\/szaldo-vagy-brutto-elszamolas\/\">itt<\/a> \u00edrtunk. M\u00e1s rendszertulajdonosok az akkumul\u00e1torokra t\u00e1maszkodnak, hogy a felesleges napenergi\u00e1t t\u00e1rolj\u00e1k, vagy f\u00fcggetlenek a h\u00e1l\u00f3zatt\u00f3l, vagy csak nagyon ritk\u00e1n t\u00e1maszkodnak a h\u00e1l\u00f3zatra.\u00a0Egyes k\u00f6z\u00fczemi m\u00e9ret\u0171 napenergia-m\u0171veletek m\u00e9g termikus banki m\u0171veleteket is haszn\u00e1lnak az olvadt s\u00f3 napk\u00f6zbeni meleg\u00edt\u00e9s\u00e9re, majd \u00e9jszaka a t\u00e1rolt energia lead\u00e1s\u00e1ra.\u00a0Az er\u0151m\u0171 az olvadt s\u00f3 h\u0151j\u00e9b\u0151l villamos energi\u00e1t termel meg a kora \u00e9jszakai \u00f3r\u00e1kig.<\/p>\n\n\n\n<p>M\u00edg a nap a napenergia-rendszerek egyetlen \u00e1ramforr\u00e1sa, az \u00e9jszakai energiafelhaszn\u00e1l\u00e1st ellens\u00falyozhatja a nap folyam\u00e1n termelt nap.<\/p>\n","protected":false},"excerpt":{"rendered":"<p>A r\u00f6vid v\u00e1lasz: nem. A napenergia-rendszerek csak nappal m\u0171k\u00f6dnek.\u00a0A napb\u00f3l sz\u00e1rmaz\u00f3 energia kulcsfontoss\u00e1g\u00fa ahhoz, hogy a napelem hogyan v\u00e1ltoztatja elektromos \u00e1ramm\u00e1 a f\u00e9nyt.\u00a0Ez azonban nem jelenti azt, hogy a napenergia \u00e9jjel-nappal nem m\u0171k\u00f6dtetheti otthon\u00e1t!\u00a0 Hogyan m\u0171k\u00f6dnek a napelemek A napelemek cell\u00e1kb\u00f3l \u00e1llnak.\u00a0Minden cella k\u00e9pes villamos energia el\u0151\u00e1ll\u00edt\u00e1s\u00e1ra, amely k\u00e9t v\u00e9kony f\u00e9lvezet\u0151 anyagb\u00f3l \u00e1ll\u00f3 lemezb\u0151l, \u00e1ltal\u00e1ban [&hellip;]<\/p>\n","protected":false},"author":3,"featured_media":479,"comment_status":"open","ping_status":"open","sticky":false,"template":"","format":"standard","meta":{"footnotes":""},"categories":[1],"tags":[],"class_list":["post-475","post","type-post","status-publish","format-standard","has-post-thumbnail","hentry","category-egyeb"],"yoast_head":"<!-- This site is optimized with the Yoast SEO plugin v19.5.1 - https:\/\/yoast.com\/wordpress\/plugins\/seo\/ -->\n<title>\u00c9jjel m\u0171k\u00f6dnek a napelemek? | H\u00f3dszol\u00e1r<\/title>\n<meta name=\"robots\" content=\"noindex, follow, max-snippet:-1, max-image-preview:large, max-video-preview:-1\" \/>\n<meta property=\"og:locale\" content=\"hu_HU\" \/>\n<meta property=\"og:type\" content=\"article\" \/>\n<meta property=\"og:title\" content=\"\u00c9jjel m\u0171k\u00f6dnek a napelemek? | H\u00f3dszol\u00e1r\" \/>\n<meta property=\"og:description\" content=\"A r\u00f6vid v\u00e1lasz: nem. A napenergia-rendszerek csak nappal m\u0171k\u00f6dnek.\u00a0A napb\u00f3l sz\u00e1rmaz\u00f3 energia kulcsfontoss\u00e1g\u00fa ahhoz, hogy a napelem hogyan v\u00e1ltoztatja elektromos \u00e1ramm\u00e1 a f\u00e9nyt.\u00a0Ez azonban nem jelenti azt, hogy a napenergia \u00e9jjel-nappal nem m\u0171k\u00f6dtetheti otthon\u00e1t!\u00a0 Hogyan m\u0171k\u00f6dnek a napelemek A napelemek cell\u00e1kb\u00f3l \u00e1llnak.\u00a0Minden cella k\u00e9pes villamos energia el\u0151\u00e1ll\u00edt\u00e1s\u00e1ra, amely k\u00e9t v\u00e9kony f\u00e9lvezet\u0151 anyagb\u00f3l \u00e1ll\u00f3 lemezb\u0151l, \u00e1ltal\u00e1ban [&hellip;]\" \/>\n<meta property=\"og:url\" content=\"https:\/\/dev.kompaktdesign.hu\/hodszolar.hu\/2021\/08\/06\/monokristalyos-napelemek-vs-polikristalyos-napelemek\/\" \/>\n<meta property=\"og:site_name\" content=\"H\u00f3dszol\u00e1r\" \/>\n<meta property=\"article:publisher\" content=\"https:\/\/www.facebook.com\/hodszolar\" \/>\n<meta property=\"article:published_time\" content=\"2021-08-06T10:22:58+00:00\" \/>\n<meta property=\"article:modified_time\" content=\"2021-08-09T07:18:35+00:00\" \/>\n<meta property=\"og:image\" content=\"https:\/\/dev.kompaktdesign.hu\/hodszolar.hu\/wp-content\/uploads\/2021\/08\/solar-panel-night.jpg\" \/>\n\t<meta property=\"og:image:width\" content=\"724\" \/>\n\t<meta property=\"og:image:height\" content=\"483\" \/>\n\t<meta property=\"og:image:type\" content=\"image\/jpeg\" \/>\n<meta name=\"author\" content=\"H\u00f3dszol\u00e1r Kft.\" \/>\n<meta name=\"twitter:card\" content=\"summary_large_image\" \/>\n<meta name=\"twitter:label1\" content=\"Szerz\u0151:\" \/>\n\t<meta name=\"twitter:data1\" content=\"H\u00f3dszol\u00e1r Kft.\" \/>\n\t<meta name=\"twitter:label2\" content=\"Becs\u00fclt olvas\u00e1si id\u0151\" \/>\n\t<meta name=\"twitter:data2\" content=\"3 perc\" \/>\n<script type=\"application\/ld+json\" class=\"yoast-schema-graph\">{\"@context\":\"https:\/\/schema.org\",\"@graph\":[{\"@type\":\"Article\",\"@id\":\"https:\/\/dev.kompaktdesign.hu\/hodszolar.hu\/2021\/08\/06\/monokristalyos-napelemek-vs-polikristalyos-napelemek\/#article\",\"isPartOf\":{\"@id\":\"https:\/\/dev.kompaktdesign.hu\/hodszolar.hu\/2021\/08\/06\/monokristalyos-napelemek-vs-polikristalyos-napelemek\/\"},\"author\":{\"name\":\"H\u00f3dszol\u00e1r Kft.\",\"@id\":\"https:\/\/dev.kompaktdesign.hu\/hodszolar.hu\/#\/schema\/person\/a788af940a3d6b2829396312340dd08c\"},\"headline\":\"\u00c9jjel m\u0171k\u00f6dnek a napelemek?\",\"datePublished\":\"2021-08-06T10:22:58+00:00\",\"dateModified\":\"2021-08-09T07:18:35+00:00\",\"mainEntityOfPage\":{\"@id\":\"https:\/\/dev.kompaktdesign.hu\/hodszolar.hu\/2021\/08\/06\/monokristalyos-napelemek-vs-polikristalyos-napelemek\/\"},\"wordCount\":770,\"commentCount\":0,\"publisher\":{\"@id\":\"https:\/\/dev.kompaktdesign.hu\/hodszolar.hu\/#organization\"},\"articleSection\":[\"Egy\u00e9b kateg\u00f3ria\"],\"inLanguage\":\"hu\",\"potentialAction\":[{\"@type\":\"CommentAction\",\"name\":\"Comment\",\"target\":[\"https:\/\/dev.kompaktdesign.hu\/hodszolar.hu\/2021\/08\/06\/monokristalyos-napelemek-vs-polikristalyos-napelemek\/#respond\"]}]},{\"@type\":\"WebPage\",\"@id\":\"https:\/\/dev.kompaktdesign.hu\/hodszolar.hu\/2021\/08\/06\/monokristalyos-napelemek-vs-polikristalyos-napelemek\/\",\"url\":\"https:\/\/dev.kompaktdesign.hu\/hodszolar.hu\/2021\/08\/06\/monokristalyos-napelemek-vs-polikristalyos-napelemek\/\",\"name\":\"\u00c9jjel m\u0171k\u00f6dnek a napelemek? | H\u00f3dszol\u00e1r\",\"isPartOf\":{\"@id\":\"https:\/\/dev.kompaktdesign.hu\/hodszolar.hu\/#website\"},\"datePublished\":\"2021-08-06T10:22:58+00:00\",\"dateModified\":\"2021-08-09T07:18:35+00:00\",\"breadcrumb\":{\"@id\":\"https:\/\/dev.kompaktdesign.hu\/hodszolar.hu\/2021\/08\/06\/monokristalyos-napelemek-vs-polikristalyos-napelemek\/#breadcrumb\"},\"inLanguage\":\"hu\",\"potentialAction\":[{\"@type\":\"ReadAction\",\"target\":[\"https:\/\/dev.kompaktdesign.hu\/hodszolar.hu\/2021\/08\/06\/monokristalyos-napelemek-vs-polikristalyos-napelemek\/\"]}]},{\"@type\":\"BreadcrumbList\",\"@id\":\"https:\/\/dev.kompaktdesign.hu\/hodszolar.hu\/2021\/08\/06\/monokristalyos-napelemek-vs-polikristalyos-napelemek\/#breadcrumb\",\"itemListElement\":[{\"@type\":\"ListItem\",\"position\":1,\"name\":\"Kezd\u0151lap\",\"item\":\"https:\/\/dev.kompaktdesign.hu\/hodszolar.hu\/\"},{\"@type\":\"ListItem\",\"position\":2,\"name\":\"\u00c9jjel m\u0171k\u00f6dnek a napelemek?\"}]},{\"@type\":\"WebSite\",\"@id\":\"https:\/\/dev.kompaktdesign.hu\/hodszolar.hu\/#website\",\"url\":\"https:\/\/dev.kompaktdesign.hu\/hodszolar.hu\/\",\"name\":\"H\u00f3dszol\u00e1r\",\"description\":\"A v\u00e1s\u00e1rhelyi napelemes\",\"publisher\":{\"@id\":\"https:\/\/dev.kompaktdesign.hu\/hodszolar.hu\/#organization\"},\"potentialAction\":[{\"@type\":\"SearchAction\",\"target\":{\"@type\":\"EntryPoint\",\"urlTemplate\":\"https:\/\/dev.kompaktdesign.hu\/hodszolar.hu\/?s={search_term_string}\"},\"query-input\":\"required name=search_term_string\"}],\"inLanguage\":\"hu\"},{\"@type\":\"Organization\",\"@id\":\"https:\/\/dev.kompaktdesign.hu\/hodszolar.hu\/#organization\",\"name\":\"H\u00f3dszol\u00e1r Kft.\",\"url\":\"https:\/\/dev.kompaktdesign.hu\/hodszolar.hu\/\",\"sameAs\":[\"https:\/\/www.facebook.com\/hodszolar\"],\"logo\":{\"@type\":\"ImageObject\",\"inLanguage\":\"hu\",\"@id\":\"https:\/\/dev.kompaktdesign.hu\/hodszolar.hu\/#\/schema\/logo\/image\/\",\"url\":\"https:\/\/dev.kompaktdesign.hu\/hodszolar.hu\/wp-content\/uploads\/2021\/05\/fvicon.png\",\"contentUrl\":\"https:\/\/dev.kompaktdesign.hu\/hodszolar.hu\/wp-content\/uploads\/2021\/05\/fvicon.png\",\"width\":132,\"height\":132,\"caption\":\"H\u00f3dszol\u00e1r Kft.\"},\"image\":{\"@id\":\"https:\/\/dev.kompaktdesign.hu\/hodszolar.hu\/#\/schema\/logo\/image\/\"}},{\"@type\":\"Person\",\"@id\":\"https:\/\/dev.kompaktdesign.hu\/hodszolar.hu\/#\/schema\/person\/a788af940a3d6b2829396312340dd08c\",\"name\":\"H\u00f3dszol\u00e1r Kft.\",\"image\":{\"@type\":\"ImageObject\",\"inLanguage\":\"hu\",\"@id\":\"https:\/\/dev.kompaktdesign.hu\/hodszolar.hu\/#\/schema\/person\/image\/\",\"url\":\"https:\/\/secure.gravatar.com\/avatar\/38df000db6f2e93b7f0ccccf7714392424ca033738d34dfe71f19fdb70329830?s=96&d=mm&r=g\",\"contentUrl\":\"https:\/\/secure.gravatar.com\/avatar\/38df000db6f2e93b7f0ccccf7714392424ca033738d34dfe71f19fdb70329830?s=96&d=mm&r=g\",\"caption\":\"H\u00f3dszol\u00e1r Kft.\"},\"url\":\"https:\/\/dev.kompaktdesign.hu\/hodszolar.hu\/author\/hodszolar\/\"}]}<\/script>\n<!-- \/ Yoast SEO plugin. -->","yoast_head_json":{"title":"\u00c9jjel m\u0171k\u00f6dnek a napelemek? | H\u00f3dszol\u00e1r","robots":{"index":"noindex","follow":"follow","max-snippet":"max-snippet:-1","max-image-preview":"max-image-preview:large","max-video-preview":"max-video-preview:-1"},"og_locale":"hu_HU","og_type":"article","og_title":"\u00c9jjel m\u0171k\u00f6dnek a napelemek? | H\u00f3dszol\u00e1r","og_description":"A r\u00f6vid v\u00e1lasz: nem. A napenergia-rendszerek csak nappal m\u0171k\u00f6dnek.\u00a0A napb\u00f3l sz\u00e1rmaz\u00f3 energia kulcsfontoss\u00e1g\u00fa ahhoz, hogy a napelem hogyan v\u00e1ltoztatja elektromos \u00e1ramm\u00e1 a f\u00e9nyt.\u00a0Ez azonban nem jelenti azt, hogy a napenergia \u00e9jjel-nappal nem m\u0171k\u00f6dtetheti otthon\u00e1t!\u00a0 Hogyan m\u0171k\u00f6dnek a napelemek A napelemek cell\u00e1kb\u00f3l \u00e1llnak.\u00a0Minden cella k\u00e9pes villamos energia el\u0151\u00e1ll\u00edt\u00e1s\u00e1ra, amely k\u00e9t v\u00e9kony f\u00e9lvezet\u0151 anyagb\u00f3l \u00e1ll\u00f3 lemezb\u0151l, \u00e1ltal\u00e1ban [&hellip;]","og_url":"https:\/\/dev.kompaktdesign.hu\/hodszolar.hu\/2021\/08\/06\/monokristalyos-napelemek-vs-polikristalyos-napelemek\/","og_site_name":"H\u00f3dszol\u00e1r","article_publisher":"https:\/\/www.facebook.com\/hodszolar","article_published_time":"2021-08-06T10:22:58+00:00","article_modified_time":"2021-08-09T07:18:35+00:00","og_image":[{"width":724,"height":483,"url":"https:\/\/dev.kompaktdesign.hu\/hodszolar.hu\/wp-content\/uploads\/2021\/08\/solar-panel-night.jpg","type":"image\/jpeg"}],"author":"H\u00f3dszol\u00e1r Kft.","twitter_card":"summary_large_image","twitter_misc":{"Szerz\u0151:":"H\u00f3dszol\u00e1r Kft.","Becs\u00fclt olvas\u00e1si id\u0151":"3 perc"},"schema":{"@context":"https:\/\/schema.org","@graph":[{"@type":"Article","@id":"https:\/\/dev.kompaktdesign.hu\/hodszolar.hu\/2021\/08\/06\/monokristalyos-napelemek-vs-polikristalyos-napelemek\/#article","isPartOf":{"@id":"https:\/\/dev.kompaktdesign.hu\/hodszolar.hu\/2021\/08\/06\/monokristalyos-napelemek-vs-polikristalyos-napelemek\/"},"author":{"name":"H\u00f3dszol\u00e1r Kft.","@id":"https:\/\/dev.kompaktdesign.hu\/hodszolar.hu\/#\/schema\/person\/a788af940a3d6b2829396312340dd08c"},"headline":"\u00c9jjel m\u0171k\u00f6dnek a napelemek?","datePublished":"2021-08-06T10:22:58+00:00","dateModified":"2021-08-09T07:18:35+00:00","mainEntityOfPage":{"@id":"https:\/\/dev.kompaktdesign.hu\/hodszolar.hu\/2021\/08\/06\/monokristalyos-napelemek-vs-polikristalyos-napelemek\/"},"wordCount":770,"commentCount":0,"publisher":{"@id":"https:\/\/dev.kompaktdesign.hu\/hodszolar.hu\/#organization"},"articleSection":["Egy\u00e9b kateg\u00f3ria"],"inLanguage":"hu","potentialAction":[{"@type":"CommentAction","name":"Comment","target":["https:\/\/dev.kompaktdesign.hu\/hodszolar.hu\/2021\/08\/06\/monokristalyos-napelemek-vs-polikristalyos-napelemek\/#respond"]}]},{"@type":"WebPage","@id":"https:\/\/dev.kompaktdesign.hu\/hodszolar.hu\/2021\/08\/06\/monokristalyos-napelemek-vs-polikristalyos-napelemek\/","url":"https:\/\/dev.kompaktdesign.hu\/hodszolar.hu\/2021\/08\/06\/monokristalyos-napelemek-vs-polikristalyos-napelemek\/","name":"\u00c9jjel m\u0171k\u00f6dnek a napelemek? | H\u00f3dszol\u00e1r","isPartOf":{"@id":"https:\/\/dev.kompaktdesign.hu\/hodszolar.hu\/#website"},"datePublished":"2021-08-06T10:22:58+00:00","dateModified":"2021-08-09T07:18:35+00:00","breadcrumb":{"@id":"https:\/\/dev.kompaktdesign.hu\/hodszolar.hu\/2021\/08\/06\/monokristalyos-napelemek-vs-polikristalyos-napelemek\/#breadcrumb"},"inLanguage":"hu","potentialAction":[{"@type":"ReadAction","target":["https:\/\/dev.kompaktdesign.hu\/hodszolar.hu\/2021\/08\/06\/monokristalyos-napelemek-vs-polikristalyos-napelemek\/"]}]},{"@type":"BreadcrumbList","@id":"https:\/\/dev.kompaktdesign.hu\/hodszolar.hu\/2021\/08\/06\/monokristalyos-napelemek-vs-polikristalyos-napelemek\/#breadcrumb","itemListElement":[{"@type":"ListItem","position":1,"name":"Kezd\u0151lap","item":"https:\/\/dev.kompaktdesign.hu\/hodszolar.hu\/"},{"@type":"ListItem","position":2,"name":"\u00c9jjel m\u0171k\u00f6dnek a napelemek?"}]},{"@type":"WebSite","@id":"https:\/\/dev.kompaktdesign.hu\/hodszolar.hu\/#website","url":"https:\/\/dev.kompaktdesign.hu\/hodszolar.hu\/","name":"H\u00f3dszol\u00e1r","description":"A v\u00e1s\u00e1rhelyi napelemes","publisher":{"@id":"https:\/\/dev.kompaktdesign.hu\/hodszolar.hu\/#organization"},"potentialAction":[{"@type":"SearchAction","target":{"@type":"EntryPoint","urlTemplate":"https:\/\/dev.kompaktdesign.hu\/hodszolar.hu\/?s={search_term_string}"},"query-input":"required name=search_term_string"}],"inLanguage":"hu"},{"@type":"Organization","@id":"https:\/\/dev.kompaktdesign.hu\/hodszolar.hu\/#organization","name":"H\u00f3dszol\u00e1r Kft.","url":"https:\/\/dev.kompaktdesign.hu\/hodszolar.hu\/","sameAs":["https:\/\/www.facebook.com\/hodszolar"],"logo":{"@type":"ImageObject","inLanguage":"hu","@id":"https:\/\/dev.kompaktdesign.hu\/hodszolar.hu\/#\/schema\/logo\/image\/","url":"https:\/\/dev.kompaktdesign.hu\/hodszolar.hu\/wp-content\/uploads\/2021\/05\/fvicon.png","contentUrl":"https:\/\/dev.kompaktdesign.hu\/hodszolar.hu\/wp-content\/uploads\/2021\/05\/fvicon.png","width":132,"height":132,"caption":"H\u00f3dszol\u00e1r Kft."},"image":{"@id":"https:\/\/dev.kompaktdesign.hu\/hodszolar.hu\/#\/schema\/logo\/image\/"}},{"@type":"Person","@id":"https:\/\/dev.kompaktdesign.hu\/hodszolar.hu\/#\/schema\/person\/a788af940a3d6b2829396312340dd08c","name":"H\u00f3dszol\u00e1r Kft.","image":{"@type":"ImageObject","inLanguage":"hu","@id":"https:\/\/dev.kompaktdesign.hu\/hodszolar.hu\/#\/schema\/person\/image\/","url":"https:\/\/secure.gravatar.com\/avatar\/38df000db6f2e93b7f0ccccf7714392424ca033738d34dfe71f19fdb70329830?s=96&d=mm&r=g","contentUrl":"https:\/\/secure.gravatar.com\/avatar\/38df000db6f2e93b7f0ccccf7714392424ca033738d34dfe71f19fdb70329830?s=96&d=mm&r=g","caption":"H\u00f3dszol\u00e1r Kft."},"url":"https:\/\/dev.kompaktdesign.hu\/hodszolar.hu\/author\/hodszolar\/"}]}},"_links":{"self":[{"href":"https:\/\/dev.kompaktdesign.hu\/hodszolar.hu\/wp-json\/wp\/v2\/posts\/475","targetHints":{"allow":["GET"]}}],"collection":[{"href":"https:\/\/dev.kompaktdesign.hu\/hodszolar.hu\/wp-json\/wp\/v2\/posts"}],"about":[{"href":"https:\/\/dev.kompaktdesign.hu\/hodszolar.hu\/wp-json\/wp\/v2\/types\/post"}],"author":[{"embeddable":true,"href":"https:\/\/dev.kompaktdesign.hu\/hodszolar.hu\/wp-json\/wp\/v2\/users\/3"}],"replies":[{"embeddable":true,"href":"https:\/\/dev.kompaktdesign.hu\/hodszolar.hu\/wp-json\/wp\/v2\/comments?post=475"}],"version-history":[{"count":3,"href":"https:\/\/dev.kompaktdesign.hu\/hodszolar.hu\/wp-json\/wp\/v2\/posts\/475\/revisions"}],"predecessor-version":[{"id":490,"href":"https:\/\/dev.kompaktdesign.hu\/hodszolar.hu\/wp-json\/wp\/v2\/posts\/475\/revisions\/490"}],"wp:featuredmedia":[{"embeddable":true,"href":"https:\/\/dev.kompaktdesign.hu\/hodszolar.hu\/wp-json\/wp\/v2\/media\/479"}],"wp:attachment":[{"href":"https:\/\/dev.kompaktdesign.hu\/hodszolar.hu\/wp-json\/wp\/v2\/media?parent=475"}],"wp:term":[{"taxonomy":"category","embeddable":true,"href":"https:\/\/dev.kompaktdesign.hu\/hodszolar.hu\/wp-json\/wp\/v2\/categories?post=475"},{"taxonomy":"post_tag","embeddable":true,"href":"https:\/\/dev.kompaktdesign.hu\/hodszolar.hu\/wp-json\/wp\/v2\/tags?post=475"}],"curies":[{"name":"wp","href":"https:\/\/api.w.org\/{rel}","templated":true}]}}