{"id":484,"date":"2021-08-06T10:51:10","date_gmt":"2021-08-06T10:51:10","guid":{"rendered":"https:\/\/hodszolar.hu\/?p=484"},"modified":"2021-08-06T10:51:11","modified_gmt":"2021-08-06T10:51:11","slug":"hogyan-javitja-a-napenergia-a-kornyezetet","status":"publish","type":"post","link":"https:\/\/dev.kompaktdesign.hu\/hodszolar.hu\/2021\/08\/06\/hogyan-javitja-a-napenergia-a-kornyezetet\/","title":{"rendered":"Hogyan jav\u00edtja a napenergia a k\u00f6rnyezetet?"},"content":{"rendered":"\n<p>Nem titok, hogy a napelem energi\u00e1ja sokkal jobb a k\u00f6rnyezet sz\u00e1m\u00e1ra, mint a fosszilis t\u00fczel\u0151anyagokb\u00f3l el\u0151\u00e1ll\u00edtott hagyom\u00e1nyos energia.&nbsp;<\/p>\n\n\n\n<p>A napelemek \u00e1ltal termelt tiszta energia gyorsan kompenz\u00e1lja a gy\u00e1rt\u00e1sukhoz sz\u00fcks\u00e9ges energi\u00e1t.&nbsp;Egy\u00e9b pozit\u00edv k\u00f6rnyezeti hat\u00e1sokkal, p\u00e9ld\u00e1ul a v\u00edzfelhaszn\u00e1l\u00e1s cs\u00f6kkent\u00e9s\u00e9vel egy\u00fctt a fogyaszt\u00f3k megnyugodhatnak, hogy a napelemek jelent\u0151s pozit\u00edv hat\u00e1ssal vannak a k\u00f6rnyezetre.<\/p>\n\n\n\n<p><strong>Napelemek \u00e9s sz\u00e9ner\u0151m\u0171vek<\/strong><strong><\/strong><\/p>\n\n\n\n<p>Az elektromos h\u00e1l\u00f3zat otthonait \u00e1ltal\u00e1ban sz\u00e9ner\u0151m\u0171vek m\u0171k\u00f6dtetik.&nbsp;Ha \u00f6sszehasonl\u00edtja a napenergia hat\u00e1sait, k\u00f6nnyen bel\u00e1that\u00f3, hogy a napelemek hogyan seg\u00edtik a k\u00f6rnyezetet.&nbsp;Az al\u00e1bbiak szerint cs\u00f6kkentheti a napenergia a sz\u00e9n-dioxid-kibocs\u00e1t\u00e1st, a v\u00edzfogyaszt\u00e1st \u00e9s a leveg\u0151szennyez\u00e9st:<\/p>\n\n\n\n<ul class=\"wp-block-list\"><li>Az \u00e9letciklus alatt a sz\u00e9n-dioxid-kibocs\u00e1t\u00e1s 95%-kal alacsonyabb, mint a sz\u00e9n\u00e9<\/li><li>Az \u00f6sszes v\u00edzfogyaszt\u00e1s 99%-kal alacsonyabb, mint a sz\u00e9n\u00e9<\/li><li>Az \u00f6sszes l\u00e9gszennyez\u00e9s 99%-kal alacsonyabb, mint a sz\u00e9n\u00e9<\/li><\/ul>\n\n\n\n<p><strong>A napenergia sz\u00e9nk\u00f6lts\u00e9ge<\/strong><strong><\/strong><\/p>\n\n\n\n<p>Noha a napelemekb\u0151l t\u00f6rt\u00e9n\u0151 energiatermel\u00e9shez nincs sz\u00e9n-dioxid-kibocs\u00e1t\u00e1s, a panelek sz\u00e1ll\u00edt\u00e1sa, telep\u00edt\u00e9se \u00e9s karbantart\u00e1sa sz\u00e9n-dioxid-kibocs\u00e1t\u00e1st eredm\u00e9nyez.\u00a0A napelemek gy\u00e1rt\u00e1s\u00e1nak sz\u00e9nl\u00e1bnyoma termel\u00e9si r\u00e9gi\u00f3nk\u00e9nt nagyban v\u00e1ltozik, nagyban f\u00fcgg att\u00f3l az els\u0151dleges t\u00fczel\u0151anyagt\u00f3l, amelyre egy r\u00e9gi\u00f3 t\u00e1maszkodik az energi\u00e1j\u00e1hoz.\u00a02014-ben egy\u00a0tanulm\u00e1ny\u00a0kimutatta, hogy a K\u00edn\u00e1ban gy\u00e1rtott napelem sz\u00e9nl\u00e1bnyoma, ahol a sz\u00e9nre er\u0151sen t\u00e1maszkodnak az \u00e1ram szempontj\u00e1b\u00f3l, k\u00e9tszer akkora, mint egy Eur\u00f3p\u00e1ban gy\u00e1rtott panel eset\u00e9ben.<\/p>\n\n\n\n<p>A panelek gy\u00e1rt\u00e1s\u00e1nak energiak\u00f6lts\u00e9gei ellen\u00e9re a legt\u00f6bb napelem csak 2 \u00e9ven bel\u00fcl fizeti vissza a gy\u00e1rt\u00e1sukba fektetett kezdeti energi\u00e1t.&nbsp;Figyelembe v\u00e9ve a szok\u00e1sos 30 \u00e9ves napelemek \u00e9lettartam\u00e1t, az ezekb\u0151l a panelekb\u0151l el\u0151\u00e1ll\u00edtott tiszta energia j\u00f3val meghaladja a gy\u00e1rt\u00e1sukhoz sz\u00fcks\u00e9ges energi\u00e1t.<\/p>\n\n\n\n<p>Ennek ellen\u00e9re a napenergia-ipar tov\u00e1bb jav\u00edthatja gyakorlat\u00e1t.&nbsp;A tiszta energia terjed\u00e9s\u00e9vel a napelemek gy\u00e1rt\u00e1s\u00e1hoz felhaszn\u00e1lt energia nagyobb r\u00e9sze maga is meg\u00fajul\u00f3 forr\u00e1sokb\u00f3l sz\u00e1rmazik, ami m\u00e9g jobban cs\u00f6kkenti a napelemek \u00e9letciklus-kibocs\u00e1t\u00e1s\u00e1t.<\/p>\n\n\n\n<p>K\u00f6rnyezettudatos fogyaszt\u00f3k\u00e9nt pozit\u00edv hat\u00e1st \u00e9rhet el, ha inform\u00e1ci\u00f3kat k\u00e9r a napelem panel gy\u00e1rt\u00f3 c\u00e9gr\u0151l.\u00a0Viszont a telep\u00edt\u0151ket arra k\u00e9sztetik, hogy k\u00e9rj\u00e9k ezeket az inform\u00e1ci\u00f3kat a gy\u00e1rt\u00f3kt\u00f3l, \u00e9s v\u00e1lassz\u00e1k ki a felel\u0151s k\u00f6rnyezeti gyakorlattal rendelkez\u0151 gy\u00e1rt\u00f3kat. Az \u00e1ltalunk forgalmazott napelemeket <a href=\"https:\/\/dev.kompaktdesign.hu\/hodszolar.hu\/napelemek\/\">itt<\/a> tal\u00e1lj\u00e1tok!<\/p>\n\n\n\n<p>Ennek eredm\u00e9nyek\u00e9nt a gy\u00e1rt\u00f3k p\u00e9nz\u00fcgyi \u00f6szt\u00f6nz\u00e9st kapnak gyakorlataik jav\u00edt\u00e1s\u00e1ra.&nbsp;A k\u00f6rnyezetbar\u00e1t fogyaszt\u00f3knak olyan gy\u00e1rt\u00f3kat is v\u00e1lasztaniuk kell, amelyek \u00e1tl\u00e1that\u00f3 inform\u00e1ci\u00f3kat ny\u00fajtanak gy\u00e1rt\u00e1si gyakorlatukr\u00f3l.&nbsp;Mivel a fogyaszt\u00f3k v\u00e1laszt\u00e1sa a k\u00f6rnyezetbar\u00e1t gy\u00e1rt\u00f3k preferenci\u00e1j\u00e1t jelzi, az ipar tov\u00e1bbra is a m\u00e9g z\u00f6ldebb j\u00f6v\u0151 fel\u00e9 halad.<\/p>\n\n\n\n<p><strong>A Solar a k\u00f6rnyezet jav\u00e1t szolg\u00e1lja:<\/strong><strong><\/strong><\/p>\n\n\n\n<p>A napelem telep\u00edt\u00e9se a legjobb, amit tehet a k\u00f6rnyezet jav\u00e1ra.\u00a0Az \u00e1tlagos naprendszer ugyanannyi tiszta energi\u00e1t termel, mint 16 000 m\u00e9rf\u00f6ld megt\u00e9tele!\u00a0A napelem gy\u00e1rt\u00e1si folyamatai tov\u00e1bb javulnak, hogy tov\u00e1bb cs\u00f6kkents\u00e9k a napenergia sz\u00e9nk\u00f6lts\u00e9geit.\u00a0Kezdjen m\u00e9g most napelemet haszn\u00e1lni \u00e9s seg\u00edtse a k\u00f6rnyezetet!<\/p>\n","protected":false},"excerpt":{"rendered":"<p>Nem titok, hogy a napelem energi\u00e1ja sokkal jobb a k\u00f6rnyezet sz\u00e1m\u00e1ra, mint a fosszilis t\u00fczel\u0151anyagokb\u00f3l el\u0151\u00e1ll\u00edtott hagyom\u00e1nyos energia.&nbsp; A napelemek \u00e1ltal termelt tiszta energia gyorsan kompenz\u00e1lja a gy\u00e1rt\u00e1sukhoz sz\u00fcks\u00e9ges energi\u00e1t.&nbsp;Egy\u00e9b pozit\u00edv k\u00f6rnyezeti hat\u00e1sokkal, p\u00e9ld\u00e1ul a v\u00edzfelhaszn\u00e1l\u00e1s cs\u00f6kkent\u00e9s\u00e9vel egy\u00fctt a fogyaszt\u00f3k megnyugodhatnak, hogy a napelemek jelent\u0151s pozit\u00edv hat\u00e1ssal vannak a k\u00f6rnyezetre. Napelemek \u00e9s sz\u00e9ner\u0151m\u0171vek Az elektromos [&hellip;]<\/p>\n","protected":false},"author":3,"featured_media":485,"comment_status":"open","ping_status":"open","sticky":false,"template":"","format":"standard","meta":{"footnotes":""},"categories":[1],"tags":[],"class_list":["post-484","post","type-post","status-publish","format-standard","has-post-thumbnail","hentry","category-egyeb"],"yoast_head":"<!-- This site is optimized with the Yoast SEO plugin v19.5.1 - https:\/\/yoast.com\/wordpress\/plugins\/seo\/ -->\n<title>Hogyan jav\u00edtja a napenergia a k\u00f6rnyezetet? | H\u00f3dszol\u00e1r<\/title>\n<meta name=\"robots\" content=\"noindex, follow, max-snippet:-1, max-image-preview:large, max-video-preview:-1\" \/>\n<meta property=\"og:locale\" content=\"hu_HU\" \/>\n<meta property=\"og:type\" content=\"article\" \/>\n<meta property=\"og:title\" content=\"Hogyan jav\u00edtja a napenergia a k\u00f6rnyezetet? | H\u00f3dszol\u00e1r\" \/>\n<meta property=\"og:description\" content=\"Nem titok, hogy a napelem energi\u00e1ja sokkal jobb a k\u00f6rnyezet sz\u00e1m\u00e1ra, mint a fosszilis t\u00fczel\u0151anyagokb\u00f3l el\u0151\u00e1ll\u00edtott hagyom\u00e1nyos energia.&nbsp; A napelemek \u00e1ltal termelt tiszta energia gyorsan kompenz\u00e1lja a gy\u00e1rt\u00e1sukhoz sz\u00fcks\u00e9ges energi\u00e1t.&nbsp;Egy\u00e9b pozit\u00edv k\u00f6rnyezeti hat\u00e1sokkal, p\u00e9ld\u00e1ul a v\u00edzfelhaszn\u00e1l\u00e1s cs\u00f6kkent\u00e9s\u00e9vel egy\u00fctt a fogyaszt\u00f3k megnyugodhatnak, hogy a napelemek jelent\u0151s pozit\u00edv hat\u00e1ssal vannak a k\u00f6rnyezetre. Napelemek \u00e9s sz\u00e9ner\u0151m\u0171vek Az elektromos [&hellip;]\" \/>\n<meta property=\"og:url\" content=\"https:\/\/dev.kompaktdesign.hu\/hodszolar.hu\/2021\/08\/06\/hogyan-javitja-a-napenergia-a-kornyezetet\/\" \/>\n<meta property=\"og:site_name\" content=\"H\u00f3dszol\u00e1r\" \/>\n<meta property=\"article:publisher\" content=\"https:\/\/www.facebook.com\/hodszolar\" \/>\n<meta property=\"article:published_time\" content=\"2021-08-06T10:51:10+00:00\" \/>\n<meta property=\"article:modified_time\" content=\"2021-08-06T10:51:11+00:00\" \/>\n<meta property=\"og:image\" content=\"https:\/\/dev.kompaktdesign.hu\/hodszolar.hu\/wp-content\/uploads\/2021\/08\/Depositphotos_2901307_original.jpg\" \/>\n\t<meta property=\"og:image:width\" content=\"1170\" \/>\n\t<meta property=\"og:image:height\" content=\"1024\" \/>\n\t<meta property=\"og:image:type\" content=\"image\/jpeg\" \/>\n<meta name=\"author\" content=\"H\u00f3dszol\u00e1r Kft.\" \/>\n<meta name=\"twitter:card\" content=\"summary_large_image\" \/>\n<meta name=\"twitter:label1\" content=\"Szerz\u0151:\" \/>\n\t<meta name=\"twitter:data1\" content=\"H\u00f3dszol\u00e1r Kft.\" \/>\n\t<meta name=\"twitter:label2\" content=\"Becs\u00fclt olvas\u00e1si id\u0151\" \/>\n\t<meta name=\"twitter:data2\" content=\"2 perc\" \/>\n<script type=\"application\/ld+json\" class=\"yoast-schema-graph\">{\"@context\":\"https:\/\/schema.org\",\"@graph\":[{\"@type\":\"Article\",\"@id\":\"https:\/\/dev.kompaktdesign.hu\/hodszolar.hu\/2021\/08\/06\/hogyan-javitja-a-napenergia-a-kornyezetet\/#article\",\"isPartOf\":{\"@id\":\"https:\/\/dev.kompaktdesign.hu\/hodszolar.hu\/2021\/08\/06\/hogyan-javitja-a-napenergia-a-kornyezetet\/\"},\"author\":{\"name\":\"H\u00f3dszol\u00e1r Kft.\",\"@id\":\"https:\/\/dev.kompaktdesign.hu\/hodszolar.hu\/#\/schema\/person\/a788af940a3d6b2829396312340dd08c\"},\"headline\":\"Hogyan jav\u00edtja a napenergia a k\u00f6rnyezetet?\",\"datePublished\":\"2021-08-06T10:51:10+00:00\",\"dateModified\":\"2021-08-06T10:51:11+00:00\",\"mainEntityOfPage\":{\"@id\":\"https:\/\/dev.kompaktdesign.hu\/hodszolar.hu\/2021\/08\/06\/hogyan-javitja-a-napenergia-a-kornyezetet\/\"},\"wordCount\":652,\"commentCount\":0,\"publisher\":{\"@id\":\"https:\/\/dev.kompaktdesign.hu\/hodszolar.hu\/#organization\"},\"articleSection\":[\"Egy\u00e9b kateg\u00f3ria\"],\"inLanguage\":\"hu\",\"potentialAction\":[{\"@type\":\"CommentAction\",\"name\":\"Comment\",\"target\":[\"https:\/\/dev.kompaktdesign.hu\/hodszolar.hu\/2021\/08\/06\/hogyan-javitja-a-napenergia-a-kornyezetet\/#respond\"]}]},{\"@type\":\"WebPage\",\"@id\":\"https:\/\/dev.kompaktdesign.hu\/hodszolar.hu\/2021\/08\/06\/hogyan-javitja-a-napenergia-a-kornyezetet\/\",\"url\":\"https:\/\/dev.kompaktdesign.hu\/hodszolar.hu\/2021\/08\/06\/hogyan-javitja-a-napenergia-a-kornyezetet\/\",\"name\":\"Hogyan jav\u00edtja a napenergia a k\u00f6rnyezetet? | H\u00f3dszol\u00e1r\",\"isPartOf\":{\"@id\":\"https:\/\/dev.kompaktdesign.hu\/hodszolar.hu\/#website\"},\"datePublished\":\"2021-08-06T10:51:10+00:00\",\"dateModified\":\"2021-08-06T10:51:11+00:00\",\"breadcrumb\":{\"@id\":\"https:\/\/dev.kompaktdesign.hu\/hodszolar.hu\/2021\/08\/06\/hogyan-javitja-a-napenergia-a-kornyezetet\/#breadcrumb\"},\"inLanguage\":\"hu\",\"potentialAction\":[{\"@type\":\"ReadAction\",\"target\":[\"https:\/\/dev.kompaktdesign.hu\/hodszolar.hu\/2021\/08\/06\/hogyan-javitja-a-napenergia-a-kornyezetet\/\"]}]},{\"@type\":\"BreadcrumbList\",\"@id\":\"https:\/\/dev.kompaktdesign.hu\/hodszolar.hu\/2021\/08\/06\/hogyan-javitja-a-napenergia-a-kornyezetet\/#breadcrumb\",\"itemListElement\":[{\"@type\":\"ListItem\",\"position\":1,\"name\":\"Kezd\u0151lap\",\"item\":\"https:\/\/dev.kompaktdesign.hu\/hodszolar.hu\/\"},{\"@type\":\"ListItem\",\"position\":2,\"name\":\"Hogyan jav\u00edtja a napenergia a k\u00f6rnyezetet?\"}]},{\"@type\":\"WebSite\",\"@id\":\"https:\/\/dev.kompaktdesign.hu\/hodszolar.hu\/#website\",\"url\":\"https:\/\/dev.kompaktdesign.hu\/hodszolar.hu\/\",\"name\":\"H\u00f3dszol\u00e1r\",\"description\":\"A v\u00e1s\u00e1rhelyi napelemes\",\"publisher\":{\"@id\":\"https:\/\/dev.kompaktdesign.hu\/hodszolar.hu\/#organization\"},\"potentialAction\":[{\"@type\":\"SearchAction\",\"target\":{\"@type\":\"EntryPoint\",\"urlTemplate\":\"https:\/\/dev.kompaktdesign.hu\/hodszolar.hu\/?s={search_term_string}\"},\"query-input\":\"required name=search_term_string\"}],\"inLanguage\":\"hu\"},{\"@type\":\"Organization\",\"@id\":\"https:\/\/dev.kompaktdesign.hu\/hodszolar.hu\/#organization\",\"name\":\"H\u00f3dszol\u00e1r Kft.\",\"url\":\"https:\/\/dev.kompaktdesign.hu\/hodszolar.hu\/\",\"sameAs\":[\"https:\/\/www.facebook.com\/hodszolar\"],\"logo\":{\"@type\":\"ImageObject\",\"inLanguage\":\"hu\",\"@id\":\"https:\/\/dev.kompaktdesign.hu\/hodszolar.hu\/#\/schema\/logo\/image\/\",\"url\":\"https:\/\/dev.kompaktdesign.hu\/hodszolar.hu\/wp-content\/uploads\/2021\/05\/fvicon.png\",\"contentUrl\":\"https:\/\/dev.kompaktdesign.hu\/hodszolar.hu\/wp-content\/uploads\/2021\/05\/fvicon.png\",\"width\":132,\"height\":132,\"caption\":\"H\u00f3dszol\u00e1r Kft.\"},\"image\":{\"@id\":\"https:\/\/dev.kompaktdesign.hu\/hodszolar.hu\/#\/schema\/logo\/image\/\"}},{\"@type\":\"Person\",\"@id\":\"https:\/\/dev.kompaktdesign.hu\/hodszolar.hu\/#\/schema\/person\/a788af940a3d6b2829396312340dd08c\",\"name\":\"H\u00f3dszol\u00e1r Kft.\",\"image\":{\"@type\":\"ImageObject\",\"inLanguage\":\"hu\",\"@id\":\"https:\/\/dev.kompaktdesign.hu\/hodszolar.hu\/#\/schema\/person\/image\/\",\"url\":\"https:\/\/secure.gravatar.com\/avatar\/38df000db6f2e93b7f0ccccf7714392424ca033738d34dfe71f19fdb70329830?s=96&d=mm&r=g\",\"contentUrl\":\"https:\/\/secure.gravatar.com\/avatar\/38df000db6f2e93b7f0ccccf7714392424ca033738d34dfe71f19fdb70329830?s=96&d=mm&r=g\",\"caption\":\"H\u00f3dszol\u00e1r Kft.\"},\"url\":\"https:\/\/dev.kompaktdesign.hu\/hodszolar.hu\/author\/hodszolar\/\"}]}<\/script>\n<!-- \/ Yoast SEO plugin. -->","yoast_head_json":{"title":"Hogyan jav\u00edtja a napenergia a k\u00f6rnyezetet? | H\u00f3dszol\u00e1r","robots":{"index":"noindex","follow":"follow","max-snippet":"max-snippet:-1","max-image-preview":"max-image-preview:large","max-video-preview":"max-video-preview:-1"},"og_locale":"hu_HU","og_type":"article","og_title":"Hogyan jav\u00edtja a napenergia a k\u00f6rnyezetet? | H\u00f3dszol\u00e1r","og_description":"Nem titok, hogy a napelem energi\u00e1ja sokkal jobb a k\u00f6rnyezet sz\u00e1m\u00e1ra, mint a fosszilis t\u00fczel\u0151anyagokb\u00f3l el\u0151\u00e1ll\u00edtott hagyom\u00e1nyos energia.&nbsp; A napelemek \u00e1ltal termelt tiszta energia gyorsan kompenz\u00e1lja a gy\u00e1rt\u00e1sukhoz sz\u00fcks\u00e9ges energi\u00e1t.&nbsp;Egy\u00e9b pozit\u00edv k\u00f6rnyezeti hat\u00e1sokkal, p\u00e9ld\u00e1ul a v\u00edzfelhaszn\u00e1l\u00e1s cs\u00f6kkent\u00e9s\u00e9vel egy\u00fctt a fogyaszt\u00f3k megnyugodhatnak, hogy a napelemek jelent\u0151s pozit\u00edv hat\u00e1ssal vannak a k\u00f6rnyezetre. Napelemek \u00e9s sz\u00e9ner\u0151m\u0171vek Az elektromos [&hellip;]","og_url":"https:\/\/dev.kompaktdesign.hu\/hodszolar.hu\/2021\/08\/06\/hogyan-javitja-a-napenergia-a-kornyezetet\/","og_site_name":"H\u00f3dszol\u00e1r","article_publisher":"https:\/\/www.facebook.com\/hodszolar","article_published_time":"2021-08-06T10:51:10+00:00","article_modified_time":"2021-08-06T10:51:11+00:00","og_image":[{"width":1170,"height":1024,"url":"https:\/\/dev.kompaktdesign.hu\/hodszolar.hu\/wp-content\/uploads\/2021\/08\/Depositphotos_2901307_original.jpg","type":"image\/jpeg"}],"author":"H\u00f3dszol\u00e1r Kft.","twitter_card":"summary_large_image","twitter_misc":{"Szerz\u0151:":"H\u00f3dszol\u00e1r Kft.","Becs\u00fclt olvas\u00e1si id\u0151":"2 perc"},"schema":{"@context":"https:\/\/schema.org","@graph":[{"@type":"Article","@id":"https:\/\/dev.kompaktdesign.hu\/hodszolar.hu\/2021\/08\/06\/hogyan-javitja-a-napenergia-a-kornyezetet\/#article","isPartOf":{"@id":"https:\/\/dev.kompaktdesign.hu\/hodszolar.hu\/2021\/08\/06\/hogyan-javitja-a-napenergia-a-kornyezetet\/"},"author":{"name":"H\u00f3dszol\u00e1r Kft.","@id":"https:\/\/dev.kompaktdesign.hu\/hodszolar.hu\/#\/schema\/person\/a788af940a3d6b2829396312340dd08c"},"headline":"Hogyan jav\u00edtja a napenergia a k\u00f6rnyezetet?","datePublished":"2021-08-06T10:51:10+00:00","dateModified":"2021-08-06T10:51:11+00:00","mainEntityOfPage":{"@id":"https:\/\/dev.kompaktdesign.hu\/hodszolar.hu\/2021\/08\/06\/hogyan-javitja-a-napenergia-a-kornyezetet\/"},"wordCount":652,"commentCount":0,"publisher":{"@id":"https:\/\/dev.kompaktdesign.hu\/hodszolar.hu\/#organization"},"articleSection":["Egy\u00e9b kateg\u00f3ria"],"inLanguage":"hu","potentialAction":[{"@type":"CommentAction","name":"Comment","target":["https:\/\/dev.kompaktdesign.hu\/hodszolar.hu\/2021\/08\/06\/hogyan-javitja-a-napenergia-a-kornyezetet\/#respond"]}]},{"@type":"WebPage","@id":"https:\/\/dev.kompaktdesign.hu\/hodszolar.hu\/2021\/08\/06\/hogyan-javitja-a-napenergia-a-kornyezetet\/","url":"https:\/\/dev.kompaktdesign.hu\/hodszolar.hu\/2021\/08\/06\/hogyan-javitja-a-napenergia-a-kornyezetet\/","name":"Hogyan jav\u00edtja a napenergia a k\u00f6rnyezetet? | H\u00f3dszol\u00e1r","isPartOf":{"@id":"https:\/\/dev.kompaktdesign.hu\/hodszolar.hu\/#website"},"datePublished":"2021-08-06T10:51:10+00:00","dateModified":"2021-08-06T10:51:11+00:00","breadcrumb":{"@id":"https:\/\/dev.kompaktdesign.hu\/hodszolar.hu\/2021\/08\/06\/hogyan-javitja-a-napenergia-a-kornyezetet\/#breadcrumb"},"inLanguage":"hu","potentialAction":[{"@type":"ReadAction","target":["https:\/\/dev.kompaktdesign.hu\/hodszolar.hu\/2021\/08\/06\/hogyan-javitja-a-napenergia-a-kornyezetet\/"]}]},{"@type":"BreadcrumbList","@id":"https:\/\/dev.kompaktdesign.hu\/hodszolar.hu\/2021\/08\/06\/hogyan-javitja-a-napenergia-a-kornyezetet\/#breadcrumb","itemListElement":[{"@type":"ListItem","position":1,"name":"Kezd\u0151lap","item":"https:\/\/dev.kompaktdesign.hu\/hodszolar.hu\/"},{"@type":"ListItem","position":2,"name":"Hogyan jav\u00edtja a napenergia a k\u00f6rnyezetet?"}]},{"@type":"WebSite","@id":"https:\/\/dev.kompaktdesign.hu\/hodszolar.hu\/#website","url":"https:\/\/dev.kompaktdesign.hu\/hodszolar.hu\/","name":"H\u00f3dszol\u00e1r","description":"A v\u00e1s\u00e1rhelyi napelemes","publisher":{"@id":"https:\/\/dev.kompaktdesign.hu\/hodszolar.hu\/#organization"},"potentialAction":[{"@type":"SearchAction","target":{"@type":"EntryPoint","urlTemplate":"https:\/\/dev.kompaktdesign.hu\/hodszolar.hu\/?s={search_term_string}"},"query-input":"required name=search_term_string"}],"inLanguage":"hu"},{"@type":"Organization","@id":"https:\/\/dev.kompaktdesign.hu\/hodszolar.hu\/#organization","name":"H\u00f3dszol\u00e1r Kft.","url":"https:\/\/dev.kompaktdesign.hu\/hodszolar.hu\/","sameAs":["https:\/\/www.facebook.com\/hodszolar"],"logo":{"@type":"ImageObject","inLanguage":"hu","@id":"https:\/\/dev.kompaktdesign.hu\/hodszolar.hu\/#\/schema\/logo\/image\/","url":"https:\/\/dev.kompaktdesign.hu\/hodszolar.hu\/wp-content\/uploads\/2021\/05\/fvicon.png","contentUrl":"https:\/\/dev.kompaktdesign.hu\/hodszolar.hu\/wp-content\/uploads\/2021\/05\/fvicon.png","width":132,"height":132,"caption":"H\u00f3dszol\u00e1r Kft."},"image":{"@id":"https:\/\/dev.kompaktdesign.hu\/hodszolar.hu\/#\/schema\/logo\/image\/"}},{"@type":"Person","@id":"https:\/\/dev.kompaktdesign.hu\/hodszolar.hu\/#\/schema\/person\/a788af940a3d6b2829396312340dd08c","name":"H\u00f3dszol\u00e1r Kft.","image":{"@type":"ImageObject","inLanguage":"hu","@id":"https:\/\/dev.kompaktdesign.hu\/hodszolar.hu\/#\/schema\/person\/image\/","url":"https:\/\/secure.gravatar.com\/avatar\/38df000db6f2e93b7f0ccccf7714392424ca033738d34dfe71f19fdb70329830?s=96&d=mm&r=g","contentUrl":"https:\/\/secure.gravatar.com\/avatar\/38df000db6f2e93b7f0ccccf7714392424ca033738d34dfe71f19fdb70329830?s=96&d=mm&r=g","caption":"H\u00f3dszol\u00e1r Kft."},"url":"https:\/\/dev.kompaktdesign.hu\/hodszolar.hu\/author\/hodszolar\/"}]}},"_links":{"self":[{"href":"https:\/\/dev.kompaktdesign.hu\/hodszolar.hu\/wp-json\/wp\/v2\/posts\/484","targetHints":{"allow":["GET"]}}],"collection":[{"href":"https:\/\/dev.kompaktdesign.hu\/hodszolar.hu\/wp-json\/wp\/v2\/posts"}],"about":[{"href":"https:\/\/dev.kompaktdesign.hu\/hodszolar.hu\/wp-json\/wp\/v2\/types\/post"}],"author":[{"embeddable":true,"href":"https:\/\/dev.kompaktdesign.hu\/hodszolar.hu\/wp-json\/wp\/v2\/users\/3"}],"replies":[{"embeddable":true,"href":"https:\/\/dev.kompaktdesign.hu\/hodszolar.hu\/wp-json\/wp\/v2\/comments?post=484"}],"version-history":[{"count":1,"href":"https:\/\/dev.kompaktdesign.hu\/hodszolar.hu\/wp-json\/wp\/v2\/posts\/484\/revisions"}],"predecessor-version":[{"id":486,"href":"https:\/\/dev.kompaktdesign.hu\/hodszolar.hu\/wp-json\/wp\/v2\/posts\/484\/revisions\/486"}],"wp:featuredmedia":[{"embeddable":true,"href":"https:\/\/dev.kompaktdesign.hu\/hodszolar.hu\/wp-json\/wp\/v2\/media\/485"}],"wp:attachment":[{"href":"https:\/\/dev.kompaktdesign.hu\/hodszolar.hu\/wp-json\/wp\/v2\/media?parent=484"}],"wp:term":[{"taxonomy":"category","embeddable":true,"href":"https:\/\/dev.kompaktdesign.hu\/hodszolar.hu\/wp-json\/wp\/v2\/categories?post=484"},{"taxonomy":"post_tag","embeddable":true,"href":"https:\/\/dev.kompaktdesign.hu\/hodszolar.hu\/wp-json\/wp\/v2\/tags?post=484"}],"curies":[{"name":"wp","href":"https:\/\/api.w.org\/{rel}","templated":true}]}}