{"id":493,"date":"2021-08-09T11:34:55","date_gmt":"2021-08-09T11:34:55","guid":{"rendered":"https:\/\/hodszolar.hu\/?p=493"},"modified":"2021-08-11T13:54:48","modified_gmt":"2021-08-11T13:54:48","slug":"mennyi-ido-alatt-terul-meg-egy-napelemes-rendszer","status":"publish","type":"post","link":"https:\/\/dev.kompaktdesign.hu\/hodszolar.hu\/2021\/08\/09\/mennyi-ido-alatt-terul-meg-egy-napelemes-rendszer\/","title":{"rendered":"Mennyi id\u0151 alatt t\u00e9r\u00fcl meg egy napelemes rendszer?"},"content":{"rendered":"\n<p><strong>A napelemes rendszerek gazdas\u00e1goss\u00e1ga<\/strong><\/p>\n\n\n\n<p>Egy napelemes rendszer megval\u00f3s\u00edt\u00e1sa p\u00e9nz\u00fcgyileg megt\u00e9r\u00fcl\u0151, hossz\u00fa t\u00e1von is kisz\u00e1m\u00edthat\u00f3, magas \u00e9s ad\u00f3mentes hozamot biztos\u00edt\u00f3 beruh\u00e1z\u00e1s. A villamos h\u00e1l\u00f3zat befogad\u00f3- \u00e9s t\u00e1rol\u00f3k\u00e9pess\u00e9ge, valamint a szolg\u00e1ltat\u00f3val (m\u00e9g egyel\u0151re) alkalmazhat\u00f3 \u00e9ves szald\u00f3s elsz\u00e1mol\u00e1si rendszer eredm\u00e9nyek\u00e9ppen a napelemes rendszerek ma kiemelked\u0151en gazdas\u00e1gosan val\u00f3s\u00edthat\u00f3k meg.<\/p>\n\n\n\n<p>Ha egyszer\u0171en \u00e9s k\u00f6z\u00e9rthet\u0151en szeretn\u00e9nk megvizsg\u00e1lni a napelemes rendszerek p\u00e9nz\u00fcgyi megt\u00e9r\u00fcl\u00e9s\u00e9t, akkor els\u0151sorban a rendszer ki\u00e9p\u00edt\u00e9snek k\u00f6lts\u00e9g\u00e9t, illetve a v\u00e1rhat\u00f3 energiamegtakar\u00edt\u00e1st kell figyelembe venn\u00fcnk.<\/p>\n\n\n\n<p>A napelemek megt\u00e9r\u00fcl\u00e9si ideje a h\u00e1ztart\u00e1sok \u00e9s a v\u00e1llalkoz\u00e1sok sz\u00e1m\u00e1ra is egy fontos t\u00e9nyez\u0151, amikor beruh\u00e1z\u00e1sra ker\u00fcl. Ilyenkor az egyes tervez\u0151 c\u00e9gek sz\u00e1mos t\u00e9nyez\u0151t figyelembe vesznek \u00e9s egy hozz\u00e1vet\u0151leges \u00e9rt\u00e9ket k\u00e9pesek megadni, de term\u00e9szetesen ez sok mindent\u0151l v\u00e1ltozhat, hiszen egy napelemes rendszerrel nem p\u00e1r \u00e9vre, hanem \u00e9vtizedekre beruh\u00e1zunk.<\/p>\n\n\n\n<figure class=\"wp-block-image size-full is-resized\"><img loading=\"lazy\" decoding=\"async\" src=\"https:\/\/dev.kompaktdesign.hu\/hodszolar.hu\/wp-content\/uploads\/2021\/08\/napelem-telen.jpg\" alt=\"\" class=\"wp-image-507\" width=\"838\" height=\"471\"\/><\/figure>\n\n\n\n<p><strong>El\u0151sz\u00f6r is tiszt\u00e1zzunk n\u00e9h\u00e1ny alapfogalmat:<\/strong><\/p>\n\n\n\n<p>Gyakran keverik a napelem \u00e9s napkollektor fogalm\u00e1t, azonban a napelem \u00e1ramot termel, a napkollektor pedig meleg vizet k\u00e9sz\u00edt. Err\u0151l kor\u00e1bban <a href=\"https:\/\/dev.kompaktdesign.hu\/hodszolar.hu\/2021\/07\/26\/napelem-vagy-napkollektor\/\">itt<\/a> \u00edrtunk.<\/p>\n\n\n\n<p>A napelem egyen\u00e1ramot \u00e1ll\u00edt el\u0151, amit egy inverter alak\u00edt \u00e1t a h\u00e1l\u00f3zatra vezethet\u0151 v\u00e1ltakoz\u00f3 \u00e1ramm\u00e1. Err\u0151l <a href=\"https:\/\/dev.kompaktdesign.hu\/hodszolar.hu\/2021\/08\/09\/mit-csinal-az-inverter\/\">itt<\/a> tudtok olvasni, az \u00e1ltalunk forgalmazott invertereket pedig <a href=\"https:\/\/dev.kompaktdesign.hu\/hodszolar.hu\/inverterek\/\">itt<\/a> tal\u00e1lj\u00e1tok!<\/p>\n\n\n\n<p>A rendszer r\u00e9szek\u00e9nt a \u201ehagyom\u00e1nyos\u201d villany\u00f3r\u00e1t \u201ead-vesz\u201d \u00f3r\u00e1ra cser\u00e9lik. Ez a fogyaszt\u00e1s mellett m\u00e9ri a visszat\u00e1pl\u00e1l\u00e1st is. A megtermelt \u00e1ram els\u0151 k\u00f6rben h\u00e1zon bel\u00fcl ker\u00fcl felhaszn\u00e1l\u00e1sra, ha \u00e9ppen nincs akkora bels\u0151 ig\u00e9ny, mint a fogyaszt\u00e1s, akkor kimegy az \u00e1ramszolg\u00e1ltat\u00f3 h\u00e1l\u00f3zat\u00e1ba. Az \u00f3r\u00e1t \u00e9vente olvass\u00e1k le, ezt szald\u00f3s elsz\u00e1mol\u00e1si rendszernek nevezik. A jelenlegi ki\u00edr\u00e1s szerint 2023.12.31-ig k\u00f6t\u00f6tt h\u00e1l\u00f3zathaszn\u00e1lati szerz\u0151d\u00e9s eset\u00e9ben m\u00e9g szald\u00f3 elsz\u00e1mol\u00e1sba ker\u00fcl minden napelemes rendszert telep\u00edttet\u0151 \u00fcgyf\u00e9l. A szald\u00f3 \u00e9s brutt\u00f3 elsz\u00e1mol\u00e1si rendszer k\u00f6z\u00f6tti k\u00fcl\u00f6nbs\u00e9gr\u0151l <a href=\"https:\/\/dev.kompaktdesign.hu\/hodszolar.hu\/2021\/07\/01\/szaldo-vagy-brutto-elszamolas\/\">itt<\/a> \u00edrtunk kor\u00e1bban.<\/p>\n\n\n\n<p>A jelenlegi szald\u00f3s elsz\u00e1mol\u00e1si rendszerrel gyakorlatilag egy v\u00e9gtelen kapacit\u00e1s\u00fa ingyenes akkumul\u00e1toronk\u00e9nt haszn\u00e1lhatjuk az \u00e1ramszolg\u00e1ltat\u00f3 rendszer\u00e9t, amit nappal termel\u00fcnk, felhaszn\u00e1lhatjuk \u00e9jjel, \u00e9s ami m\u00e9g jelent\u0151sebb, a ny\u00e1ri t\u00faltermel\u00e9st t\u00e9len fogyaszthatjuk el.<\/p>\n\n\n\n<p>Brutt\u00f3 elsz\u00e1mol\u00e1s eset\u00e9n, a nappal-\u00e9jszaka ciklusok esetleg megfizethet\u0151 \u00e1ron akkumul\u00e1torral \u00e1thidalhat\u00f3k, de a t\u00e9li-ny\u00e1ri termel\u00e9s k\u00f6z\u00f6tt m\u00e1r akkora a k\u00fcl\u00f6nbs\u00e9g, hogy ez manaps\u00e1g akkuval nem oldhat\u00f3 meg, r\u00e1ad\u00e1sul jellemz\u0151en a t\u00e9li fogyaszt\u00e1sunk a magasabb (p\u00e9ld\u00e1ul az elektromos f\u0171t\u00e9s miatt).<\/p>\n\n\n\n<p>Ha leolvas\u00e1skor a fogyaszt\u00e1sunk t\u00f6bb, akkor azt kisz\u00e1ml\u00e1zz\u00e1k, ha viszont a termel\u00e9s\u00fcnk volt t\u00f6bb, azt odaadhatjuk aj\u00e1nd\u00e9kba a szolg\u00e1ltat\u00f3nak vagy kisz\u00e1ml\u00e1zhatjuk \u00e9s kifizetik. A sz\u00e1ml\u00e1z\u00e1shoz (mag\u00e1nszem\u00e9lyk\u00e9nt) ad\u00f3sz\u00e1mot kell ig\u00e9nyelni a NAV-t\u00f3l, \u00e9s term\u00e9szetesen ad\u00f3t is kell fizetni a bev\u00e9telb\u0151l.<\/p>\n\n\n\n<p>Am\u00edg h\u00e1zon bel\u00fcl elfogyasztjuk a pillanatnyi termel\u00e9st, addig b\u00e1rhogy is v\u00e1ltozik az elsz\u00e1mol\u00e1si rendszer, biztosan kevesebbet kell majd fizetni az \u00e1ramszolg\u00e1ltat\u00f3nak. Kicsit lehet jav\u00edtani a m\u00e9rleget, ha a nagy fogyaszt\u00e1s\u00fa eszk\u00f6z\u00f6k \u00fczemeltet\u00e9s\u00e9t a kora d\u00e9lut\u00e1ni \u00f3r\u00e1kra id\u0151z\u00edtj\u00fck. Az \u00fagynevezett energia menedzsmentr\u0151l <a href=\"https:\/\/dev.kompaktdesign.hu\/hodszolar.hu\/2021\/08\/10\/smart-energiamenedzsment\/\">itt<\/a> olvashattok m\u00e9g!<\/p>\n\n\n\n<p>\u00cdgy persze nem null\u00e1zhat\u00f3 a villanysz\u00e1mla, t\u00e9len biztosan fizetn\u00fcnk kell majd a kor\u00e1bbi 75-80%-\u00e1t, \u00e9s ny\u00e1ron sem lesz nulla a sz\u00e1mla.<\/p>\n\n\n\n<p>Havi \u00e1tlagot tekintve nincs harmincszoros szorz\u00f3 a jobb \u00e9s rosszabb h\u00f3napok k\u00f6z\u00f6tt, csak 4-5-sz\u00f6r\u00f6s, azaz a szald\u00f3s \u201eingyenakku\u201d n\u00e9lk\u00fcl egy ny\u00e1ri id\u0151szakra m\u00e9retezett rendszer t\u00e9len csak a fogyaszt\u00e1sunk 20-25%-\u00e1t termeln\u00e9 meg, ha pedig a t\u00e9li fogyaszt\u00e1shoz v\u00e1lasztunk rendszert, akkor ny\u00e1ron 4-5-sz\u00f6r\u00f6s t\u00faltermel\u00e9s\u00fcnk lenne, amit nem kedvez\u0151 \u00e1ron vesz \u00e1t az \u00e1ramszolg\u00e1ltat\u00f3.<\/p>\n\n\n\n<figure class=\"wp-block-image size-full is-resized\"><img loading=\"lazy\" decoding=\"async\" src=\"https:\/\/dev.kompaktdesign.hu\/hodszolar.hu\/wp-content\/uploads\/2021\/08\/REGIONAL-GRID-2-1.jpg\" alt=\"\" class=\"wp-image-502\" width=\"840\" height=\"607\"\/><\/figure>\n\n\n\n<p>\u00c9rdemes azonban \u00fagy sz\u00e1molni, hogy ha csak addig marad szald\u00f3s a rendszer, am\u00edg behozza a rendszerem a beszerz\u00e9si \u00e1r\u00e1t, akkor hi\u00e1ba lesz rosszabb k\u00e9s\u0151bb az elsz\u00e1mol\u00e1s, b\u00e1rmennyit is termel majd 20 \u00e9v m\u00falva a rendszerem, azt egy olyan rendszer teszi majd, ami nekem m\u00e1r \u201eingyen van\u201d.<\/p>\n\n\n\n<p>Arr\u00f3l, hogy hogyan tudjuk elsz\u00e1molni a t\u00f6bblettermel\u00e9st az \u00e1ramszolg\u00e1ltat\u00f3val, <a href=\"https:\/\/dev.kompaktdesign.hu\/hodszolar.hu\/2021\/08\/11\/tobblettermeles-elszamolasa-az-aramszolgaltatoval\/\">itt<\/a> olvashattok!<\/p>\n\n\n\n<figure class=\"wp-block-image size-full is-resized\"><img loading=\"lazy\" decoding=\"async\" src=\"https:\/\/dev.kompaktdesign.hu\/hodszolar.hu\/wp-content\/uploads\/2021\/08\/tobblet.png\" alt=\"\" class=\"wp-image-498\" width=\"841\" height=\"592\"\/><\/figure>\n\n\n\n<p>Fontos megeml\u00edteni a telep\u00edt\u00e9s hivatalos \u00fcgyint\u00e9z\u00e9s\u00e9t is: mivel a \u201enagy k\u00f6z\u00f6s\u201d elektromos h\u00e1l\u00f3zatra t\u00e1pl\u00e1lunk r\u00e1, az \u00e1ramszolg\u00e1ltat\u00f3k biztons\u00e1gi \u00e9s \u00fczembiztons\u00e1gi okokb\u00f3l teljesen jogosan elv\u00e1rj\u00e1k a megfelel\u0151 tervez\u00e9st \u00e9s megfelel\u0151 k\u00e9sz\u00fcl\u00e9kv\u00e1laszt\u00e1st. Maguk a napelemek kev\u00e9sb\u00e9 kritikusak, az inverterekre viszont minden szolg\u00e1ltat\u00f3 k\u00e9nyes. A megfelel\u0151 rendszerelemek kiv\u00e1laszt\u00e1s\u00e1r\u00f3l itt \u00edrtunk!<\/p>\n\n\n\n<p>Szerencs\u00e9re a szolg\u00e1ltat\u00f3k honlapj\u00e1n megtal\u00e1lhatjuk az \u00e1ltaluk elfogadott inverterek list\u00e1j\u00e1t: <a href=\"https:\/\/mvmhalozat.hu\/attachments\/3162\">https:\/\/mvmhalozat.hu\/attachments\/3162<\/a> Az \u00e1ramszolg\u00e1ltat\u00f3val t\u00f6rt\u00e9n\u0151 enged\u00e9lyeztet\u00e9s folyamat\u00e1t pedig <a href=\"https:\/\/dev.kompaktdesign.hu\/hodszolar.hu\/2021\/07\/27\/napelemes-rendszer-engedelyeztetesenek-folyamata\/\">itt<\/a> r\u00e9szletezt\u00fck!<\/p>\n\n\n\n<p>A napelemes rendszer \u201em\u00e9rt\u00e9kegys\u00e9ge\u201d a kWp, ami a rendszer n\u00e9vleges cs\u00facsteljes\u00edtm\u00e9ny\u00e9t jelenti. Erre van egy szabv\u00e1nyos m\u00e9r\u00e9si m\u00f3dszer, adott h\u0151m\u00e9rs\u00e9kleten (25\u00b0C), adott l\u00e9gnyom\u00e1son \u00e9s 90 fokos napsug\u00e1r bees\u00e9si sz\u00f6gben ennyit termelne a rendszer\u00fcnk.<\/p>\n\n\n\n<p>A napelem a hideget \u201eszereti\u201d, teh\u00e1t t\u00e9len szikr\u00e1z\u00f3 naps\u00fct\u00e9sben a n\u00e9vlegest\u0151l magasabb is lehet a pillanatnyi termel\u00e9s, ny\u00e1ri k\u00e1nikul\u00e1ban pedig kevesebb, persze ezt kompenz\u00e1lja, hogy ny\u00e1ron j\u00f3val t\u00f6bb a naps\u00fct\u00e9ses \u00f3r\u00e1k sz\u00e1ma, \u00edgy a napi cs\u00facsok ink\u00e1bb ny\u00e1ron, de nem a legmelegebb napokon jellemz\u0151k.<\/p>\n\n\n\n<p>T\u00f6bb \u00e1ramszolg\u00e1ltat\u00f3 is hirdet az ut\u00f3bbi id\u0151ben napelemes rendszereket saj\u00e1t kivitelez\u00e9sben. Az \u00fcgyfelek (helyenk\u00e9nt az interneten, f\u00f3rumokban is olvashat\u00f3) gyakorlati tapasztalatai szerint sajnos nem felt\u00e9tlen\u00fcl jelentenek garanci\u00e1t a gyorsabb \u00e9s g\u00f6rd\u00fcl\u00e9kenyebb \u00fcgyint\u00e9z\u00e9sre, mert val\u00f3j\u00e1ban nem mindig egy nagy \u00e9s komoly c\u00e9g v\u00e9gzi a kivitelez\u00e9st, hanem egy alv\u00e1llalkoz\u00f3k\u00e9nt szerz\u0151d\u00f6tt partner, akit\u0151l ak\u00e1r a szolg\u00e1ltat\u00f3t\u00f3l f\u00fcggetlen\u00fcl megrendelhetj\u00fck a kivitelez\u00e9st.<\/p>\n\n\n\n<p>B\u00e1r a napelemes rendszerek \u00e1ra a technikai rohaml\u00e9pt\u00e9k\u0171 fejl\u0151d\u00e9s\u00e9nek k\u00f6sz\u00f6nhet\u0151en folyamatosan cs\u00f6kken, jellemz\u0151en m\u00e9g mindig nagyobb, milli\u00f3s t\u00e9tel\u0171 kiad\u00e1ssal sz\u00e1molhatsz, ha napelem rendszer telep\u00edt\u00e9se a c\u00e9lod.<\/p>\n\n\n\n<p>A k\u00f6r\u00fcltekint\u0151 m\u00e9rlegel\u00e9s folyam\u00e1n term\u00e9szetesen az a k\u00e9rd\u00e9s is felmer\u00fcl benned, hogy hossz\u00fa t\u00e1von val\u00f3ban j\u00f3 befektet\u00e9s-e a napelem, megt\u00e9r\u00fcl-e valaha az \u00e1ra? Mint mindig, a l\u00e9nyeg most is a r\u00e9szletekben rejlik.<\/p>\n\n\n\n<p><strong>Mennyi id\u0151 alatt t\u00e9r\u00fcl meg a napelemes rendszer? Ezt egy picit ahhoz lehet hasonl\u00edtani, mintha azt k\u00e9rdezn\u00e9nk, hogy mennyibe ker\u00fcl egy aut\u00f3?<\/strong><\/p>\n\n\n\n<figure class=\"wp-block-image size-full is-resized\"><img loading=\"lazy\" decoding=\"async\" src=\"https:\/\/dev.kompaktdesign.hu\/hodszolar.hu\/wp-content\/uploads\/2021\/08\/Car-leasing.-Picture-courtesy-of-carleasingwebdesign.com_.jpg\" alt=\"\" class=\"wp-image-503\" width=\"839\" height=\"477\"\/><\/figure>\n\n\n\n<p>Ahogyan az \u00faj, nulla kilom\u00e9teres aut\u00f3 \u00e1ra is f\u00fcgg:<\/p>\n\n\n\n<p>-az aut\u00f3 t\u00edpus\u00e1t\u00f3l<\/p>\n\n\n\n<p>-az aut\u00f3 m\u00e9ret\u00e9t\u0151l<\/p>\n\n\n\n<p>-az aut\u00f3 teljes\u00edtm\u00e9ny\u00e9t\u0151l<\/p>\n\n\n\n<p>-az aut\u00f3 felszerelts\u00e9g\u00e9t\u0151l (extr\u00e1k)<\/p>\n\n\n\n<p>-melyik forgalmaz\u00f3t\u00f3l v\u00e1s\u00e1roljuk az aut\u00f3t (milyen \u00e1rr\u00e9ssel dolgoznak)<\/p>\n\n\n\n<p>-milyen garanci\u00e1lis h\u00e1tteret ny\u00fajt az aut\u00f3gy\u00e1rt\u00f3<\/p>\n\n\n\n<p>-milyen neve van az aut\u00f3gy\u00e1rt\u00f3 c\u00e9gnek<\/p>\n\n\n\n<p>\u00e9s m\u00e9g sok m\u00e1s t\u00e9nyez\u0151 is befoly\u00e1solja az aut\u00f3 \u00e1r\u00e1t. Ez pontosan \u00edgy van a napelemes rendszer eset\u00e9ben is. <strong>De mit\u0151l f\u00fcgg egy napelemes rendszer \u00e1ra?<\/strong><\/p>\n\n\n\n<p>Ha abb\u00f3l indulunk ki, hogy a h\u00e1l\u00f3zatra visszat\u00e1pl\u00e1l\u00f3 rendszer eset\u00e9ben nemcsak magadnak termeled meg a sz\u00fcks\u00e9ges energi\u00e1t, de a t\u00f6bbletet m\u00e9g meg is veszik t\u0151led, akkor viszonylag egyszer\u0171 a k\u00e9rd\u00e9s. Alapvet\u0151en term\u00e9szetesen akkor j\u00e1rsz a legjobban, ha kiv\u00e1l\u00f3 min\u0151s\u00e9g\u0171 \u00e9s magas hat\u00e1sfok\u00fa rendszer mellett d\u00f6ntesz, hiszen itt kiv\u00e1ltk\u00e9pp fontos dolog az \u00e1r-\u00e9rt\u00e9k ar\u00e1ny.<\/p>\n\n\n\n<p>A H\u00f3dszol\u00e1r Kft. pont ezek alapj\u00e1n ad \u00e1raj\u00e1nlatot, hiszen fels\u0151 kateg\u00f3ri\u00e1s term\u00e9keket k\u00edn\u00e1lunk k\u00f6z\u00e9p-kateg\u00f3ri\u00e1s \u00e1ron. A term\u00e9keinket <a href=\"https:\/\/dev.kompaktdesign.hu\/hodszolar.hu\/inverterek\/\">itt<\/a> l\u00e1thatj\u00e1tok!<\/p>\n\n\n\n<p>Mivel a min\u0151s\u00e9gi napelemek \u00e9lettartama t\u00f6bb, mint 40 \u00e9v is lehet a napelemes beruh\u00e1z\u00e1s 30 \u00e9ven \u00e1t sz\u00fcntelen\u00fcl termelhet profitot. A rendszerek fenntart\u00e1si, karbantart\u00e1si \u00e9s amortiz\u00e1ci\u00f3s k\u00f6lts\u00e9ge a beker\u00fcl\u00e9si \u00e9rt\u00e9khez k\u00e9pest elhanyagolhat\u00f3, ez\u00e9rt napelem rendszert m\u0171k\u00f6dtetni a befektet\u00e9s szempontj\u00e1b\u00f3l a stabil hozam\u00fa k\u00f6tv\u00e9nyekre eml\u00e9keztet.<\/p>\n\n\n\n<p>Ennek el\u00e9r\u00e9s\u00e9hez azonban elengedhetetlen a min\u0151s\u00e9gi term\u00e9kekkel dolgoz\u00f3 szak\u00e9rt\u0151 \u00e9s megb\u00edzhat\u00f3 kivitelez\u0151. Ez\u00e9rt dolgozunk Hyundai napelemekkel 25 \u00e9v gy\u00e1rt\u00f3i \u00e9s teljes\u00edtm\u00e9nygaranci\u00e1val, \u00e9s SolarEdge \u201eokos\u201d inverterekkel 12 \u00e9v gy\u00e1ri garanci\u00e1val! Az okos rendszer el\u0151nyeir\u0151l <a href=\"https:\/\/dev.kompaktdesign.hu\/hodszolar.hu\/okos-rendszer\/\">itt<\/a> tal\u00e1lsz t\u00f6bb inform\u00e1ci\u00f3t! A SolarEdge egy\u00e9bk\u00e9nt egyed\u00fcl\u00e1ll\u00f3 elemz\u0151 \u00e9s modellez\u0151 programok haszn\u00e1lat\u00e1ra ad lehet\u0151s\u00e9get, ami seg\u00edt a megfelel\u0151 tervez\u00e9sben. A Designerr\u0151l m\u00e1r itt \u00edrtunk.<\/p>\n\n\n\n<p>N\u00e9met gy\u00e1rtm\u00e1ny\u00fa W\u00fcrth tart\u00f3szerkezet\u00fcnkre 10 \u00e9v garanci\u00e1t biztos\u00edt a gy\u00e1rt\u00f3.<\/p>\n\n\n\n<p>A napelemes rendszer megt\u00e9r\u00fcl\u00e9s\u00e9t illet\u0151en igenis sz\u00e1m\u00edt a m\u00e9ret: min\u00e9l nagyobb, ann\u00e1l jobb. Az eddigi tapasztalataink azt mutatj\u00e1k, hogy a nagyobb teljes\u00edtm\u00e9ny\u0171 rendszerek az \u00e1ltal\u00e1nosnak mondhat\u00f3 8-10 \u00e9ves id\u0151szakn\u00e1l hamarabb t\u00e9r\u00fclnek meg.<\/p>\n\n\n\n<p>Ilyenkor is \u00e9rdemes el\u0151re gondolkodni, ne csak a jelenlegi fogyaszt\u00e1sodra m\u00e9retezd a rendszert. Vedd figyelembe azokat a lehet\u0151s\u00e9geket is, amikkel esetleg a j\u00f6v\u0151ben b\u0151v\u00edten\u00e9d a palett\u00e1t: p\u00e9ld\u00e1ul a f\u0171t\u00e9s kiv\u00e1lt\u00e1s\u00e1val, 1-2 elektromos aut\u00f3 t\u00f6lt\u00e9s\u00e9vel vagy b\u00e1rmely m\u00e1s szolg\u00e1ltat\u00e1ssal, aminek nagyobb az energiaig\u00e9nye.<\/p>\n\n\n\n<figure class=\"wp-block-image size-full\"><img loading=\"lazy\" decoding=\"async\" width=\"1280\" height=\"764\" src=\"https:\/\/dev.kompaktdesign.hu\/hodszolar.hu\/wp-content\/uploads\/2021\/08\/car-3117778_1280-1.jpg\" alt=\"\" class=\"wp-image-504\"\/><\/figure>\n\n\n\n<p>Emellett ne f\u00e9lj att\u00f3l, hogy ha a rendszer id\u0151nk\u00e9nt egy kis karbantart\u00e1sra szorul \u2013 mert cser\u00e9lni kell 2-3 panelt, vagy meg kell jav\u00edtani az invertert \u2013 akkor az \u00fajabb milli\u00f3s k\u00f6lts\u00e9gekbe vern\u00e9d magad. Ez nem \u00edgy van.<\/p>\n\n\n\n<p>Nemcsak teljes \u2013 komplett rendszereket kaphatsz, hanem ak\u00e1r m\u00e1r 2-3 db panelt is, r\u00e1ad\u00e1sul a t\u00f6bb sz\u00e1zezer Ft \u00e9rt\u00e9k\u0171 inverterek is jellemz\u0151en jav\u00edthat\u00f3k \u00e9s az esetleges meghib\u00e1sod\u00e1s eset\u00e9n sem szorulnak azonnal cser\u00e9re.<\/p>\n\n\n\n<p><strong>A napelem rendszer megt\u00e9r\u00fcl\u00e9s\u00e9nek kisz\u00e1m\u00edt\u00e1sakor, els\u0151sorban a rendszer ki\u00e9p\u00edt\u00e9snek k\u00f6lts\u00e9g\u00e9t, illetve a v\u00e1rhat\u00f3 energia megtakar\u00edt\u00e1st kell figyelembe venn\u00fcnk. A Te \u00e9ves energia fogyaszt\u00e1sodb\u00f3l ki tudjuk sz\u00e1molni, hogy mekkora napelem rendszerre van sz\u00fcks\u00e9ged, hogy az \u00e9ves \u00e1ramfogyaszt\u00e1sod kiv\u00e1ltsd.<\/strong><\/p>\n\n\n\n<p>Nagyon fontos sz\u00e1molni az energia \u00e1r v\u00e1ltoz\u00e1s\u00e1val \u00e9s a napelemek bizonyos fok\u00fa teljes\u00edtm\u00e9nycs\u00f6kken\u00e9s\u00e9vel is. Azt is \u00e9rdemes megvizsg\u00e1lni, hogy egy napelemes rendszer mennyivel j\u00f6vedelmez\u0151bb, mintha a beruh\u00e1z\u00e1s k\u00f6lts\u00e9g\u00e9t p\u00e9ld\u00e1ul bankbet\u00e9tben helyezn\u00e9nk el. L\u00e9nyeges, hogy a beruh\u00e1z\u00e1shoz ig\u00e9nybe vett\u00fcnk-e \u00e1llami t\u00e1mogat\u00e1st. A v\u00e1llalkoz\u00e1sok sz\u00e1m\u00e1ra p\u00e9ld\u00e1ul a vissza nem t\u00e9r\u00edtend\u0151 t\u00e1mogat\u00e1sok jelent\u0151sen jobb megt\u00e9r\u00fcl\u00e9si mutat\u00f3t gener\u00e1lnak.<\/p>\n\n\n\n<p><strong>Min\u0151s\u00e9g:<\/strong> A napelem rendszerek telep\u00edt\u00e9se sor\u00e1n fontos, hogy j\u00f3 min\u0151s\u00e9g\u0171, magas hat\u00e1sfok\u00fa napelemeket \u00e9s invertert haszn\u00e1ljunk, amire a gy\u00e1rt\u00f3 garanci\u00e1t ad. A rossz min\u0151s\u00e9g\u0171 be\u00e9p\u00edtett anyagok haszn\u00e1lata \u00e9vekkel leronthatja a napelem rendszer\u00fcnk megt\u00e9r\u00fcl\u00e9s\u00e9nek idej\u00e9t. A tart\u00f3szerkezet hanyag kivitelez\u00e9se, gyenge min\u0151s\u00e9g\u0171 alkatr\u00e9szek haszn\u00e1lata plusz kiad\u00e1st okoz a megrendel\u0151nek, ami szint\u00e9n tov\u00e1bb n\u00f6veli a megt\u00e9r\u00fcl\u00e9si id\u0151t.<\/p>\n\n\n\n<p><strong>Naps\u00fct\u00e9ses \u00f3r\u00e1k sz\u00e1ma:<\/strong> Szerencs\u00e9re ebben haz\u00e1nk j\u00f3 helyzetben van, ugyanis magas a naps\u00fct\u00e9ses \u00f3r\u00e1k sz\u00e1ma, ami kedvez a napelemes befektet\u00e9s megt\u00e9r\u00fcl\u00e9s\u00e9nek. Magyarorsz\u00e1g \u00e9ghajlat\u00e1n \u00fagy sz\u00e1molhatunk, hogy 1 kWp ide\u00e1lisan telep\u00edtett rendszer \u00e9vente 1100-1200 kWh \u00e1ramot termel, ami d\u00e9len ak\u00e1r 1200 felett is lehet. J\u00f3l megtervezett okos rendszerek eset\u00e9ben egy\u00e9bk\u00e9nt 1300 kWh \u00e9ves energiatermel\u00e9s felett teljes\u00edt a legt\u00f6bb <a href=\"https:\/\/dev.kompaktdesign.hu\/hodszolar.hu\/referenciak\/\">referencia munk\u00e1nk.<\/a><\/p>\n\n\n\n<p><strong>T\u00e1jol\u00e1s:<\/strong> A napelem rendszer nem megfelel\u0151 t\u00e1jol\u00e1s eset\u00e9n j\u00f3val kevesebb termel\u00e9st eredm\u00e9nyez. Ez szint\u00e9n \u00e9ghajlat-f\u00fcgg\u0151, n\u00e1lunk a d\u00e9lre n\u00e9z\u0151 35 fokos d\u0151l\u00e9ssz\u00f6g\u0171 elhelyez\u00e9s az ide\u00e1lis. Ha nem rendelkez\u00fcnk d\u00e9li t\u00e1jol\u00e1s\u00fa tet\u0151s\u00edkkal, viszont d\u00e9lkeleti \u00e9s d\u00e9lnyugati is van, akkor a d\u00e9lkeleti a kedvez\u0151bb a termel\u00e9s szempontj\u00e1b\u00f3l, hiszen a reggeli hidegben hat\u00e9konyabbak a cell\u00e1k, mint a d\u00e9lut\u00e1ni melegben.<\/p>\n\n\n\n<p><strong>\u00c1rny\u00e9kol\u00e1si t\u00e9nyez\u0151k:<\/strong> Egy fa, egy oszlop, egy kiugr\u00f3 tet\u0151r\u00e9sz \u00e1ltal a napelemekre vetett \u00e1rny\u00e9k, ak\u00e1r 20 vagy t\u00f6bb sz\u00e1zal\u00e9kban is visszavetheti egy k\u00f6r termel\u00e9s\u00e9t, ami szint\u00e9n rossz hat\u00e1ssal van a rendszer\u00fcnk megt\u00e9r\u00fcl\u00e9si idej\u00e9re, ez\u00e9rt \u00e9rdemes figyelembe venni a zavar\u00f3 t\u00e9nyez\u0151 hely\u00e9t \u00e9s napj\u00e1r\u00e1s k\u00f6zbeni \u00e1rny\u00e9kter\u00fclet\u00e9t.<\/p>\n\n\n\n<p>A telep\u00edt\u00e9s hely\u00e9n\u00e9l figyelembe kell venni, hogy egy\u00e1ltal\u00e1n van-e a tet\u0151n elegend\u0151 ter\u00fclet a sz\u00fcks\u00e9ges napelem mennyis\u00e9ghez. Ha kev\u00e9s az egybef\u00fcgg\u0151 s\u00edkfel\u00fclet, akkor ak\u00e1r k\u00e9t k\u00fcl\u00f6nb\u00f6z\u0151 ir\u00e1nyba n\u00e9z\u0151 tet\u0151s\u00edkra is helyezhetj\u00fck a paneleket, de ezt a t\u00f6bbf\u00e9le teljes\u00edtm\u00e9nyszinten \u00e9rkez\u0151 egyen\u00e1ramot csak a SolarEdge inverter tudja kezelni.<\/p>\n\n\n\n<p>A napelemes rendszerek tervez\u00e9se sor\u00e1n sok mindent sz\u00e1m\u00edt\u00e1sba kell venni, ez\u00e9rt fontos a helysz\u00edni felm\u00e9r\u00e9s - ami a H\u00f3dszol\u00e1r Kft-n\u00e9l ingyenes - \u00e9s a gondos tervez\u00e9s a napelem rendszerek kivitelez\u00e9se sor\u00e1n, melyek szakk\u00e9pzett koll\u00e9g\u00e1ink biztos\u00edtanak. Fontos, hogy olyan napelem kivitelez\u0151 c\u00e9gre b\u00edzza a napelem rendszer telep\u00edt\u00e9s\u00e9t, aki figyelembe veszi ezeket a t\u00e9nyez\u0151ket, \u00e9s megfelel\u0151 referenci\u00e1kkal rendelkezik a napelem rendszer kivitelez\u00e9sek ter\u00e9n.<\/p>\n\n\n\n<p>A megt\u00e9r\u00fcl\u00e9s sz\u00e1m\u00edt\u00e1sn\u00e1l figyelembe kell venn\u00fcnk, ugyan sz\u00e1mszer\u0171s\u00edteni neh\u00e9z, de az elemz\u00e9s sor\u00e1n, fontos, hogy az energia szolg\u00e1ltat\u00f3k lakoss\u00e1gi \u00fczlet\u00e1ga Magyarorsz\u00e1gon vesztes\u00e9get termel \u00e9s az energia \u00e1ra jelent\u0151sen alacsonyabb, mint az eur\u00f3pai \u00e1tlag. Teh\u00e1t ha a szolg\u00e1ltat\u00f3k egyszer nyeres\u00e9get pr\u00f3b\u00e1lnak termelni, az \u00e1rak kor\u00e1bban eml\u00edtett m\u00e9rt\u00e9kn\u00e9l j\u00f3val gyorsabban is emelkedhetnek. Az \u00e9ves \u00e1tlagos energia \u00e1remelked\u00e9s Magyarorsz\u00e1gon jelenleg 7%-os, az el\u0151z\u0151 \u00e9vhez k\u00e9pest (igen, ez a rossz ir\u00e1nyba elmozdul\u00f3 kamatos kamat \u2013 vagyis, ha a napelemes rendszerek megt\u00e9r\u00fcl\u00e9s\u00e9t n\u00e9zz\u00fck, akkor j\u00f3 ir\u00e1nyba).<\/p>\n\n\n\n<p>Vannak netes napelemes rendszer kalkul\u00e1torok, azonban azt fontos tudni, hogy a mi szem\u00e9lyes j\u00f6v\u0151nket egyetlen kalkul\u00e1tor sem l\u00e1tja pontosan el\u0151re. Lehet, hogy az egyik id\u0151sebb gyerek\u00fcnk hamarosan el fog k\u00f6lt\u00f6zni otthonr\u00f3l vagy \u00e9ppen \u00faj gyermek sz\u00fcletik, valaki hozz\u00e1nk k\u00f6lt\u00f6zik, egyre ink\u00e1bb elektromos eszk\u00f6z\u00f6kkel dolgozunk majd (a f\u0171ny\u00edr\u00f3t\u00f3l kezdve a l\u00e1ncf\u0171r\u00e9szig) \u00e9s elektromos j\u00e1rm\u0171veket haszn\u00e1lunk majd (a ker\u00e9kp\u00e1rt\u00f3l az aut\u00f3ig), de mindezekn\u00e9l is jelent\u0151sebb lehet, ha elektromos f\u0171t\u00e9sre \u00e1llunk \u00e1t \u00e9s fontos az is, hogy hogyan meleg\u00edtj\u00fck fel a vizet otthon.<\/p>\n\n\n\n<p>Egy m\u00e1sik igen l\u00e9nyeges r\u00e9sze a bonyolult befektet\u00e9s-el\u0151rejelz\u00e9snek az, hogy pontosan hogyan is alakul majd a j\u00f6v\u0151 a naps\u00fct\u00e9ses \u00f3r\u00e1k sz\u00e1m\u00e1ban. Elt\u00e9r\u0151 napelemes rendszerek elt\u00e9r\u0151 m\u00f3don tudj\u00e1k \u00f6sszegy\u0171jteni a napf\u00e9nyt \u00e9s napenergi\u00e1t: van, amelyik tavaszi \u00e9s \u0151szi, kellemes napokon teljes\u00edt igaz\u00e1n j\u00f3l, m\u00e1sok direkt f\u00e9ny eset\u00e9n. A mono- \u00e9s polikrist\u00e1lyos napelemek k\u00f6z\u00f6tti k\u00fcl\u00f6nbs\u00e9gr\u0151l m\u00e1r <a href=\"https:\/\/dev.kompaktdesign.hu\/hodszolar.hu\/2021\/08\/06\/monokristalyos-napelemek-vs-polikristalyos-napelemek-2\/\">itt<\/a> \u00edrtunk.<\/p>\n\n\n\n<p><strong>Karbantart\u00e1si k\u00f6lts\u00e9gek:<\/strong> Tekintettel arra, hogy a napelemben kop\u00f3, forg\u00f3, mozg\u00f3 alkatr\u00e9sz nincs, \u00edgy a meghib\u00e1sod\u00e1s lehet\u0151s\u00e9ge rendk\u00edv\u00fcl alacsony. Igaz, hogy a napelemes rendszereket t\u00f6bb \u00e9vtizedes \u00e9lettartamra tervezik, ezalatt azonban ki van t\u00e9ve mindenf\u00e9le id\u0151j\u00e1r\u00e1si viszonyoknak, p\u00e9ld\u00e1ul \u00f3ri\u00e1si h\u0151m\u00e9rs\u00e9kleti k\u00fcl\u00f6nbs\u00e9geknek (-20\u00b0C-t\u00f3l +40-50\u00b0C-ig) \u00e9s mechanikai ig\u00e9nybev\u00e9telnek (sz\u00e9l, h\u00f3, j\u00e9g, por, szennyez\u0151d\u00e9s, UV sug\u00e1rz\u00e1s stb.)<\/p>\n\n\n\n<p><strong>Inverter:<\/strong> C\u00e9lszer\u0171 olyan invertert v\u00e1lasztani, ahol a garancia legal\u00e1bb 10 \u00e9vre sz\u00f3l vagy van garanciab\u0151v\u00edt\u00e9si lehet\u0151s\u00e9g. A m\u00e1r megv\u00e1s\u00e1rolt rendszer, az inverter \u00e9s az AC oldali villanyszerel\u00e9s is ig\u00e9nyel n\u00e9mi karbantart\u00e1st, ugyanis az inverter nem felt\u00e9tlen b\u00edrja ki a 20-30 \u00e9ves \u00e9lettartamot, a szell\u0151z\u00e9s\u00fck is szennyez\u0151dhet, valamint a benne tal\u00e1lhat\u00f3 alkatr\u00e9szekn\u00e9l is keletkezhet meghib\u00e1sod\u00e1s. El\u0151fordulhat, hogy inverter\u00fcnk elkoszol\u00f3dik \u00e9s a t\u00falmeleged\u00e9s miatt hozamkies\u00e9st eredm\u00e9nyez, ami ak\u00e1r \u00e9lettartam cs\u00f6kken\u00e9st is eredm\u00e9nyezhet hossz\u00fa t\u00e1von. A h\u00e1l\u00f3zatra t\u00e1pl\u00e1l\u00f3 napelemes invertereket aj\u00e1nlott karbantartani, aminek gyakoris\u00e1ga f\u00fcgg a telep\u00edt\u00e9s k\u00f6r\u00fclm\u00e9nyeit\u0151l \u00e9s az inverter t\u00edpus\u00e1t\u00f3l is. Megeshet, hogy soha nem kell hozz\u00e1ny\u00falni, de egy akt\u00edv h\u0171t\u00e9ssel rendelkez\u0151 k\u00e9sz\u00fcl\u00e9k ak\u00e1r \u00e9venk\u00e9nti tiszt\u00edt\u00e1st is ig\u00e9nyelhet, ha poros k\u00f6rnyezetben van.<\/p>\n\n\n\n<figure class=\"wp-block-image size-full\"><img loading=\"lazy\" decoding=\"async\" width=\"1540\" height=\"866\" src=\"https:\/\/dev.kompaktdesign.hu\/hodszolar.hu\/wp-content\/uploads\/2021\/08\/fronius-snapinverter-service-hinged-system-169.jpg\" alt=\"\" class=\"wp-image-506\"\/><\/figure>\n\n\n\n<p>\u00c1ltal\u00e1noss\u00e1gban elmondhat\u00f3, hogy min\u00e9l nagyobb egy napelemes rendszer, ann\u00e1l kevesebb a kW-re leosztott \u00e1ra. Teh\u00e1t am\u00edg egy 3 kW-os okos rendszer eset\u00e9ben ak\u00e1r 550&nbsp;000 Ft-os brutt\u00f3 \u00e1rral is sz\u00e1molhatunk, addig egy 67 kW-os rendszer eset\u00e9ben ez eg\u00e9szen 330&nbsp;000 Ft-ra is reduk\u00e1l\u00f3dhat. Azonban vannak fix k\u00f6lts\u00e9gek minden rendszer eset\u00e9ben, p\u00e9ld\u00e1ul a tervez\u00e9si \u00e9s enged\u00e9lyeztet\u00e9si k\u00f6lts\u00e9g, amik nem v\u00e1ltoznak a m\u00e9ret f\u00fcggv\u00e9ny\u00e9ben.<\/p>\n\n\n\n<p>Szald\u00f3 elsz\u00e1mol\u00e1s eset\u00e9n, ha az \u00e9ves termel\u00e9s nem haladja meg a fogyaszt\u00e1st, a szolg\u00e1ltat\u00f3 ugyanazon az \u00e1ron veszi \u00e1t t\u0151l\u00fcnk a villamos energi\u00e1t, ahogy mi v\u00e9telezz\u00fck azt a h\u00e1l\u00f3zatb\u00f3l.<\/p>\n\n\n\n<p><strong>A napelem rendszer megt\u00e9r\u00fcl\u00e9s sz\u00e1m\u00edt\u00e1sa sor\u00e1n az al\u00e1bbi adatokat kell figyelembe venn\u00fcnk!<\/strong><\/p>\n\n\n\n<p>Az egyszer\u0171s\u00edtett megt\u00e9r\u00fcl\u00e9si id\u0151t \u00fagy tudjuk kisz\u00e1molni, ha az egys\u00e9gnyi teljes\u00edtm\u00e9ny\u0171 napelemes rendszer beruh\u00e1z\u00e1si k\u00f6lts\u00e9g\u00e9t elosztjuk a rendszer \u00e1ltal egy \u00e9v alatt megtermelt villamos energia \u00e1r\u00e1val. Vagyis:<\/p>\n\n\n\n<figure class=\"wp-block-image size-full\"><img loading=\"lazy\" decoding=\"async\" width=\"811\" height=\"356\" src=\"https:\/\/dev.kompaktdesign.hu\/hodszolar.hu\/wp-content\/uploads\/2021\/08\/szamitas.png\" alt=\"\" class=\"wp-image-496\"\/><\/figure>\n\n\n\n<p>Els\u0151 k\u00f6zel\u00edt\u00e9sben teh\u00e1t azt kaptuk, hogy egy h\u00e1l\u00f3zatra t\u00e1pl\u00e1l\u00f3 napelemes rendszer a jelenlegi \u00e1ram\u00e1r mellett megk\u00f6zel\u00edt\u0151leg 10 \u00e9v alatt t\u00e9r\u00fcl meg. Ez azonban fels\u0151 kateg\u00f3ri\u00e1s term\u00e9kekre vonatkozik, gyeng\u00e9bb min\u0151s\u00e9g\u0171 rendszerelemeknek kevesebb az \u00e1ra, ez\u00e1ltal viszont a garancia sem olyan kedvez\u0151. Egy hagyom\u00e1nyos rendszer eset\u00e9n ak\u00e1r 8 \u00e9vre is cs\u00f6kkenhet a megt\u00e9r\u00fcl\u00e9si id\u0151, t\u00e1mogat\u00e1s ig\u00e9nybev\u00e9tele eset\u00e9n pedig ak\u00e1r ennek a t\u00f6red\u00e9k\u00e9re.<\/p>\n\n\n\n<p><strong>Napelem vagy bankbet\u00e9t?<\/strong><\/p>\n\n\n\n<p>Vegy\u00fcnk a p\u00e9lda kedv\u00e9\u00e9rt egy 1&nbsp;800&nbsp;000 Ft \u00e9rt\u00e9k\u0171 megtakar\u00edt\u00e1st, amin\u00e9l az a k\u00e9rd\u00e9s. hogy napelembe vagy bankbet\u00e9tbe fektess\u00fck! Az aktu\u00e1lis viszonyokat tekintve, ne feledkezz\u00fcnk el a jelenleg 3%-os infl\u00e1ci\u00f3r\u00f3l, a 15%-os kamatad\u00f3r\u00f3l \u00e9s a 2%-os 1 \u00e9ves bet\u00e9ti kamatr\u00f3l sem, napelem eset\u00e9n pedig 5 kWh-os telep\u00edtett napelem rendszerr\u0151l, minimum \u00e9vi 6256 kWh megtermelt \u00e1ramr\u00f3l \u00e9s kerek\u00edtve 38 kWh\/Ft \u00e1ramd\u00edjr\u00f3l sem.<\/p>\n\n\n\n<figure class=\"wp-block-image size-full\"><img loading=\"lazy\" decoding=\"async\" width=\"753\" height=\"343\" src=\"https:\/\/dev.kompaktdesign.hu\/hodszolar.hu\/wp-content\/uploads\/2021\/08\/tablazat.png\" alt=\"\" class=\"wp-image-497\"\/><\/figure>\n\n\n\n<p>Mindez azt jelenti, hogy \u00e9ves szinten 183&nbsp;728 Ft-ot nyersz a napelemes rendszer seg\u00edts\u00e9g\u00e9vel. \u00cdgy az 1&nbsp;800&nbsp;000 Ft-os beker\u00fcl\u00e9si k\u00f6lts\u00e9g kicsivel kevesebb, mint 10 \u00e9v alatt visszahozza az \u00e1r\u00e1t. Ut\u00e1na pedig m\u00e1r nyeres\u00e9get termel Neked!<\/p>\n\n\n\n<p><strong>\u00d6sszefoglalva, a napelem rendszer energi\u00e1val meg\u00fajul\u00f3, tiszta energi\u00e1t \u00e1ll\u00edtunk el\u0151, amelynek forr\u00e1sa, a Nap, mindig s\u00fctni fog. Ebb\u0151l a szempontb\u00f3l elmondhatjuk, hogy a legjobb beruh\u00e1z\u00e1s a napelem rendszer telep\u00edt\u00e9se, hiszen egy kimer\u00edthetetlen energiaforr\u00e1ssal b\u00edr az \u00e9gboltunkon. Nagyon fontos, hogy a napelem rendszer\u00fcnk alapos \u00e9s j\u00f3l megtervezett legyen, \u00e9s a kivitelez\u00e9se is szakemberek \u00e1ltal t\u00f6rt\u00e9njen, mert ebben az esetben biztos, hogy hossz\u00fa t\u00e1von is kisz\u00e1m\u00edthat\u00f3, magas, ad\u00f3mentes beruh\u00e1z\u00e1st hoztunk l\u00e9tre.<\/strong><\/p>\n","protected":false},"excerpt":{"rendered":"<p>A napelemes rendszerek gazdas\u00e1goss\u00e1ga Egy napelemes rendszer megval\u00f3s\u00edt\u00e1sa p\u00e9nz\u00fcgyileg megt\u00e9r\u00fcl\u0151, hossz\u00fa t\u00e1von is kisz\u00e1m\u00edthat\u00f3, magas \u00e9s ad\u00f3mentes hozamot biztos\u00edt\u00f3 beruh\u00e1z\u00e1s. A villamos h\u00e1l\u00f3zat befogad\u00f3- \u00e9s t\u00e1rol\u00f3k\u00e9pess\u00e9ge, valamint a szolg\u00e1ltat\u00f3val (m\u00e9g egyel\u0151re) alkalmazhat\u00f3 \u00e9ves szald\u00f3s elsz\u00e1mol\u00e1si rendszer eredm\u00e9nyek\u00e9ppen a napelemes rendszerek ma kiemelked\u0151en gazdas\u00e1gosan val\u00f3s\u00edthat\u00f3k meg. Ha egyszer\u0171en \u00e9s k\u00f6z\u00e9rthet\u0151en szeretn\u00e9nk megvizsg\u00e1lni a napelemes rendszerek p\u00e9nz\u00fcgyi [&hellip;]<\/p>\n","protected":false},"author":3,"featured_media":499,"comment_status":"open","ping_status":"open","sticky":false,"template":"","format":"standard","meta":{"footnotes":""},"categories":[1],"tags":[],"class_list":["post-493","post","type-post","status-publish","format-standard","has-post-thumbnail","hentry","category-egyeb"],"yoast_head":"<!-- This site is optimized with the Yoast SEO plugin v19.5.1 - https:\/\/yoast.com\/wordpress\/plugins\/seo\/ -->\n<title>Mennyi id\u0151 alatt t\u00e9r\u00fcl meg egy napelemes rendszer? | H\u00f3dszol\u00e1r<\/title>\n<meta name=\"robots\" content=\"noindex, follow, max-snippet:-1, max-image-preview:large, max-video-preview:-1\" \/>\n<meta property=\"og:locale\" content=\"hu_HU\" \/>\n<meta property=\"og:type\" content=\"article\" \/>\n<meta property=\"og:title\" content=\"Mennyi id\u0151 alatt t\u00e9r\u00fcl meg egy napelemes rendszer? | H\u00f3dszol\u00e1r\" \/>\n<meta property=\"og:description\" content=\"A napelemes rendszerek gazdas\u00e1goss\u00e1ga Egy napelemes rendszer megval\u00f3s\u00edt\u00e1sa p\u00e9nz\u00fcgyileg megt\u00e9r\u00fcl\u0151, hossz\u00fa t\u00e1von is kisz\u00e1m\u00edthat\u00f3, magas \u00e9s ad\u00f3mentes hozamot biztos\u00edt\u00f3 beruh\u00e1z\u00e1s. A villamos h\u00e1l\u00f3zat befogad\u00f3- \u00e9s t\u00e1rol\u00f3k\u00e9pess\u00e9ge, valamint a szolg\u00e1ltat\u00f3val (m\u00e9g egyel\u0151re) alkalmazhat\u00f3 \u00e9ves szald\u00f3s elsz\u00e1mol\u00e1si rendszer eredm\u00e9nyek\u00e9ppen a napelemes rendszerek ma kiemelked\u0151en gazdas\u00e1gosan val\u00f3s\u00edthat\u00f3k meg. Ha egyszer\u0171en \u00e9s k\u00f6z\u00e9rthet\u0151en szeretn\u00e9nk megvizsg\u00e1lni a napelemes rendszerek p\u00e9nz\u00fcgyi [&hellip;]\" \/>\n<meta property=\"og:url\" content=\"https:\/\/dev.kompaktdesign.hu\/hodszolar.hu\/2021\/08\/09\/mennyi-ido-alatt-terul-meg-egy-napelemes-rendszer\/\" \/>\n<meta property=\"og:site_name\" content=\"H\u00f3dszol\u00e1r\" \/>\n<meta property=\"article:publisher\" content=\"https:\/\/www.facebook.com\/hodszolar\" \/>\n<meta property=\"article:published_time\" content=\"2021-08-09T11:34:55+00:00\" \/>\n<meta property=\"article:modified_time\" content=\"2021-08-11T13:54:48+00:00\" \/>\n<meta property=\"og:image\" content=\"https:\/\/dev.kompaktdesign.hu\/hodszolar.hu\/wp-content\/uploads\/2021\/08\/Nevtelen-terv.png\" \/>\n\t<meta property=\"og:image:width\" content=\"1080\" \/>\n\t<meta property=\"og:image:height\" content=\"1080\" \/>\n\t<meta property=\"og:image:type\" content=\"image\/png\" \/>\n<meta name=\"author\" content=\"H\u00f3dszol\u00e1r Kft.\" \/>\n<meta name=\"twitter:card\" content=\"summary_large_image\" \/>\n<meta name=\"twitter:label1\" content=\"Szerz\u0151:\" \/>\n\t<meta name=\"twitter:data1\" content=\"H\u00f3dszol\u00e1r Kft.\" \/>\n\t<meta name=\"twitter:label2\" content=\"Becs\u00fclt olvas\u00e1si id\u0151\" \/>\n\t<meta name=\"twitter:data2\" content=\"12 perc\" \/>\n<script type=\"application\/ld+json\" class=\"yoast-schema-graph\">{\"@context\":\"https:\/\/schema.org\",\"@graph\":[{\"@type\":\"Article\",\"@id\":\"https:\/\/dev.kompaktdesign.hu\/hodszolar.hu\/2021\/08\/09\/mennyi-ido-alatt-terul-meg-egy-napelemes-rendszer\/#article\",\"isPartOf\":{\"@id\":\"https:\/\/dev.kompaktdesign.hu\/hodszolar.hu\/2021\/08\/09\/mennyi-ido-alatt-terul-meg-egy-napelemes-rendszer\/\"},\"author\":{\"name\":\"H\u00f3dszol\u00e1r Kft.\",\"@id\":\"https:\/\/dev.kompaktdesign.hu\/hodszolar.hu\/#\/schema\/person\/a788af940a3d6b2829396312340dd08c\"},\"headline\":\"Mennyi id\u0151 alatt t\u00e9r\u00fcl meg egy napelemes rendszer?\",\"datePublished\":\"2021-08-09T11:34:55+00:00\",\"dateModified\":\"2021-08-11T13:54:48+00:00\",\"mainEntityOfPage\":{\"@id\":\"https:\/\/dev.kompaktdesign.hu\/hodszolar.hu\/2021\/08\/09\/mennyi-ido-alatt-terul-meg-egy-napelemes-rendszer\/\"},\"wordCount\":3692,\"commentCount\":0,\"publisher\":{\"@id\":\"https:\/\/dev.kompaktdesign.hu\/hodszolar.hu\/#organization\"},\"articleSection\":[\"Egy\u00e9b kateg\u00f3ria\"],\"inLanguage\":\"hu\",\"potentialAction\":[{\"@type\":\"CommentAction\",\"name\":\"Comment\",\"target\":[\"https:\/\/dev.kompaktdesign.hu\/hodszolar.hu\/2021\/08\/09\/mennyi-ido-alatt-terul-meg-egy-napelemes-rendszer\/#respond\"]}]},{\"@type\":\"WebPage\",\"@id\":\"https:\/\/dev.kompaktdesign.hu\/hodszolar.hu\/2021\/08\/09\/mennyi-ido-alatt-terul-meg-egy-napelemes-rendszer\/\",\"url\":\"https:\/\/dev.kompaktdesign.hu\/hodszolar.hu\/2021\/08\/09\/mennyi-ido-alatt-terul-meg-egy-napelemes-rendszer\/\",\"name\":\"Mennyi id\u0151 alatt t\u00e9r\u00fcl meg egy napelemes rendszer? | H\u00f3dszol\u00e1r\",\"isPartOf\":{\"@id\":\"https:\/\/dev.kompaktdesign.hu\/hodszolar.hu\/#website\"},\"datePublished\":\"2021-08-09T11:34:55+00:00\",\"dateModified\":\"2021-08-11T13:54:48+00:00\",\"breadcrumb\":{\"@id\":\"https:\/\/dev.kompaktdesign.hu\/hodszolar.hu\/2021\/08\/09\/mennyi-ido-alatt-terul-meg-egy-napelemes-rendszer\/#breadcrumb\"},\"inLanguage\":\"hu\",\"potentialAction\":[{\"@type\":\"ReadAction\",\"target\":[\"https:\/\/dev.kompaktdesign.hu\/hodszolar.hu\/2021\/08\/09\/mennyi-ido-alatt-terul-meg-egy-napelemes-rendszer\/\"]}]},{\"@type\":\"BreadcrumbList\",\"@id\":\"https:\/\/dev.kompaktdesign.hu\/hodszolar.hu\/2021\/08\/09\/mennyi-ido-alatt-terul-meg-egy-napelemes-rendszer\/#breadcrumb\",\"itemListElement\":[{\"@type\":\"ListItem\",\"position\":1,\"name\":\"Kezd\u0151lap\",\"item\":\"https:\/\/dev.kompaktdesign.hu\/hodszolar.hu\/\"},{\"@type\":\"ListItem\",\"position\":2,\"name\":\"Mennyi id\u0151 alatt t\u00e9r\u00fcl meg egy napelemes rendszer?\"}]},{\"@type\":\"WebSite\",\"@id\":\"https:\/\/dev.kompaktdesign.hu\/hodszolar.hu\/#website\",\"url\":\"https:\/\/dev.kompaktdesign.hu\/hodszolar.hu\/\",\"name\":\"H\u00f3dszol\u00e1r\",\"description\":\"A v\u00e1s\u00e1rhelyi napelemes\",\"publisher\":{\"@id\":\"https:\/\/dev.kompaktdesign.hu\/hodszolar.hu\/#organization\"},\"potentialAction\":[{\"@type\":\"SearchAction\",\"target\":{\"@type\":\"EntryPoint\",\"urlTemplate\":\"https:\/\/dev.kompaktdesign.hu\/hodszolar.hu\/?s={search_term_string}\"},\"query-input\":\"required name=search_term_string\"}],\"inLanguage\":\"hu\"},{\"@type\":\"Organization\",\"@id\":\"https:\/\/dev.kompaktdesign.hu\/hodszolar.hu\/#organization\",\"name\":\"H\u00f3dszol\u00e1r Kft.\",\"url\":\"https:\/\/dev.kompaktdesign.hu\/hodszolar.hu\/\",\"sameAs\":[\"https:\/\/www.facebook.com\/hodszolar\"],\"logo\":{\"@type\":\"ImageObject\",\"inLanguage\":\"hu\",\"@id\":\"https:\/\/dev.kompaktdesign.hu\/hodszolar.hu\/#\/schema\/logo\/image\/\",\"url\":\"https:\/\/dev.kompaktdesign.hu\/hodszolar.hu\/wp-content\/uploads\/2021\/05\/fvicon.png\",\"contentUrl\":\"https:\/\/dev.kompaktdesign.hu\/hodszolar.hu\/wp-content\/uploads\/2021\/05\/fvicon.png\",\"width\":132,\"height\":132,\"caption\":\"H\u00f3dszol\u00e1r Kft.\"},\"image\":{\"@id\":\"https:\/\/dev.kompaktdesign.hu\/hodszolar.hu\/#\/schema\/logo\/image\/\"}},{\"@type\":\"Person\",\"@id\":\"https:\/\/dev.kompaktdesign.hu\/hodszolar.hu\/#\/schema\/person\/a788af940a3d6b2829396312340dd08c\",\"name\":\"H\u00f3dszol\u00e1r Kft.\",\"image\":{\"@type\":\"ImageObject\",\"inLanguage\":\"hu\",\"@id\":\"https:\/\/dev.kompaktdesign.hu\/hodszolar.hu\/#\/schema\/person\/image\/\",\"url\":\"https:\/\/secure.gravatar.com\/avatar\/38df000db6f2e93b7f0ccccf7714392424ca033738d34dfe71f19fdb70329830?s=96&d=mm&r=g\",\"contentUrl\":\"https:\/\/secure.gravatar.com\/avatar\/38df000db6f2e93b7f0ccccf7714392424ca033738d34dfe71f19fdb70329830?s=96&d=mm&r=g\",\"caption\":\"H\u00f3dszol\u00e1r Kft.\"},\"url\":\"https:\/\/dev.kompaktdesign.hu\/hodszolar.hu\/author\/hodszolar\/\"}]}<\/script>\n<!-- \/ Yoast SEO plugin. -->","yoast_head_json":{"title":"Mennyi id\u0151 alatt t\u00e9r\u00fcl meg egy napelemes rendszer? | H\u00f3dszol\u00e1r","robots":{"index":"noindex","follow":"follow","max-snippet":"max-snippet:-1","max-image-preview":"max-image-preview:large","max-video-preview":"max-video-preview:-1"},"og_locale":"hu_HU","og_type":"article","og_title":"Mennyi id\u0151 alatt t\u00e9r\u00fcl meg egy napelemes rendszer? | H\u00f3dszol\u00e1r","og_description":"A napelemes rendszerek gazdas\u00e1goss\u00e1ga Egy napelemes rendszer megval\u00f3s\u00edt\u00e1sa p\u00e9nz\u00fcgyileg megt\u00e9r\u00fcl\u0151, hossz\u00fa t\u00e1von is kisz\u00e1m\u00edthat\u00f3, magas \u00e9s ad\u00f3mentes hozamot biztos\u00edt\u00f3 beruh\u00e1z\u00e1s. A villamos h\u00e1l\u00f3zat befogad\u00f3- \u00e9s t\u00e1rol\u00f3k\u00e9pess\u00e9ge, valamint a szolg\u00e1ltat\u00f3val (m\u00e9g egyel\u0151re) alkalmazhat\u00f3 \u00e9ves szald\u00f3s elsz\u00e1mol\u00e1si rendszer eredm\u00e9nyek\u00e9ppen a napelemes rendszerek ma kiemelked\u0151en gazdas\u00e1gosan val\u00f3s\u00edthat\u00f3k meg. Ha egyszer\u0171en \u00e9s k\u00f6z\u00e9rthet\u0151en szeretn\u00e9nk megvizsg\u00e1lni a napelemes rendszerek p\u00e9nz\u00fcgyi [&hellip;]","og_url":"https:\/\/dev.kompaktdesign.hu\/hodszolar.hu\/2021\/08\/09\/mennyi-ido-alatt-terul-meg-egy-napelemes-rendszer\/","og_site_name":"H\u00f3dszol\u00e1r","article_publisher":"https:\/\/www.facebook.com\/hodszolar","article_published_time":"2021-08-09T11:34:55+00:00","article_modified_time":"2021-08-11T13:54:48+00:00","og_image":[{"width":1080,"height":1080,"url":"https:\/\/dev.kompaktdesign.hu\/hodszolar.hu\/wp-content\/uploads\/2021\/08\/Nevtelen-terv.png","type":"image\/png"}],"author":"H\u00f3dszol\u00e1r Kft.","twitter_card":"summary_large_image","twitter_misc":{"Szerz\u0151:":"H\u00f3dszol\u00e1r Kft.","Becs\u00fclt olvas\u00e1si id\u0151":"12 perc"},"schema":{"@context":"https:\/\/schema.org","@graph":[{"@type":"Article","@id":"https:\/\/dev.kompaktdesign.hu\/hodszolar.hu\/2021\/08\/09\/mennyi-ido-alatt-terul-meg-egy-napelemes-rendszer\/#article","isPartOf":{"@id":"https:\/\/dev.kompaktdesign.hu\/hodszolar.hu\/2021\/08\/09\/mennyi-ido-alatt-terul-meg-egy-napelemes-rendszer\/"},"author":{"name":"H\u00f3dszol\u00e1r Kft.","@id":"https:\/\/dev.kompaktdesign.hu\/hodszolar.hu\/#\/schema\/person\/a788af940a3d6b2829396312340dd08c"},"headline":"Mennyi id\u0151 alatt t\u00e9r\u00fcl meg egy napelemes rendszer?","datePublished":"2021-08-09T11:34:55+00:00","dateModified":"2021-08-11T13:54:48+00:00","mainEntityOfPage":{"@id":"https:\/\/dev.kompaktdesign.hu\/hodszolar.hu\/2021\/08\/09\/mennyi-ido-alatt-terul-meg-egy-napelemes-rendszer\/"},"wordCount":3692,"commentCount":0,"publisher":{"@id":"https:\/\/dev.kompaktdesign.hu\/hodszolar.hu\/#organization"},"articleSection":["Egy\u00e9b kateg\u00f3ria"],"inLanguage":"hu","potentialAction":[{"@type":"CommentAction","name":"Comment","target":["https:\/\/dev.kompaktdesign.hu\/hodszolar.hu\/2021\/08\/09\/mennyi-ido-alatt-terul-meg-egy-napelemes-rendszer\/#respond"]}]},{"@type":"WebPage","@id":"https:\/\/dev.kompaktdesign.hu\/hodszolar.hu\/2021\/08\/09\/mennyi-ido-alatt-terul-meg-egy-napelemes-rendszer\/","url":"https:\/\/dev.kompaktdesign.hu\/hodszolar.hu\/2021\/08\/09\/mennyi-ido-alatt-terul-meg-egy-napelemes-rendszer\/","name":"Mennyi id\u0151 alatt t\u00e9r\u00fcl meg egy napelemes rendszer? | H\u00f3dszol\u00e1r","isPartOf":{"@id":"https:\/\/dev.kompaktdesign.hu\/hodszolar.hu\/#website"},"datePublished":"2021-08-09T11:34:55+00:00","dateModified":"2021-08-11T13:54:48+00:00","breadcrumb":{"@id":"https:\/\/dev.kompaktdesign.hu\/hodszolar.hu\/2021\/08\/09\/mennyi-ido-alatt-terul-meg-egy-napelemes-rendszer\/#breadcrumb"},"inLanguage":"hu","potentialAction":[{"@type":"ReadAction","target":["https:\/\/dev.kompaktdesign.hu\/hodszolar.hu\/2021\/08\/09\/mennyi-ido-alatt-terul-meg-egy-napelemes-rendszer\/"]}]},{"@type":"BreadcrumbList","@id":"https:\/\/dev.kompaktdesign.hu\/hodszolar.hu\/2021\/08\/09\/mennyi-ido-alatt-terul-meg-egy-napelemes-rendszer\/#breadcrumb","itemListElement":[{"@type":"ListItem","position":1,"name":"Kezd\u0151lap","item":"https:\/\/dev.kompaktdesign.hu\/hodszolar.hu\/"},{"@type":"ListItem","position":2,"name":"Mennyi id\u0151 alatt t\u00e9r\u00fcl meg egy napelemes rendszer?"}]},{"@type":"WebSite","@id":"https:\/\/dev.kompaktdesign.hu\/hodszolar.hu\/#website","url":"https:\/\/dev.kompaktdesign.hu\/hodszolar.hu\/","name":"H\u00f3dszol\u00e1r","description":"A v\u00e1s\u00e1rhelyi napelemes","publisher":{"@id":"https:\/\/dev.kompaktdesign.hu\/hodszolar.hu\/#organization"},"potentialAction":[{"@type":"SearchAction","target":{"@type":"EntryPoint","urlTemplate":"https:\/\/dev.kompaktdesign.hu\/hodszolar.hu\/?s={search_term_string}"},"query-input":"required name=search_term_string"}],"inLanguage":"hu"},{"@type":"Organization","@id":"https:\/\/dev.kompaktdesign.hu\/hodszolar.hu\/#organization","name":"H\u00f3dszol\u00e1r Kft.","url":"https:\/\/dev.kompaktdesign.hu\/hodszolar.hu\/","sameAs":["https:\/\/www.facebook.com\/hodszolar"],"logo":{"@type":"ImageObject","inLanguage":"hu","@id":"https:\/\/dev.kompaktdesign.hu\/hodszolar.hu\/#\/schema\/logo\/image\/","url":"https:\/\/dev.kompaktdesign.hu\/hodszolar.hu\/wp-content\/uploads\/2021\/05\/fvicon.png","contentUrl":"https:\/\/dev.kompaktdesign.hu\/hodszolar.hu\/wp-content\/uploads\/2021\/05\/fvicon.png","width":132,"height":132,"caption":"H\u00f3dszol\u00e1r Kft."},"image":{"@id":"https:\/\/dev.kompaktdesign.hu\/hodszolar.hu\/#\/schema\/logo\/image\/"}},{"@type":"Person","@id":"https:\/\/dev.kompaktdesign.hu\/hodszolar.hu\/#\/schema\/person\/a788af940a3d6b2829396312340dd08c","name":"H\u00f3dszol\u00e1r Kft.","image":{"@type":"ImageObject","inLanguage":"hu","@id":"https:\/\/dev.kompaktdesign.hu\/hodszolar.hu\/#\/schema\/person\/image\/","url":"https:\/\/secure.gravatar.com\/avatar\/38df000db6f2e93b7f0ccccf7714392424ca033738d34dfe71f19fdb70329830?s=96&d=mm&r=g","contentUrl":"https:\/\/secure.gravatar.com\/avatar\/38df000db6f2e93b7f0ccccf7714392424ca033738d34dfe71f19fdb70329830?s=96&d=mm&r=g","caption":"H\u00f3dszol\u00e1r Kft."},"url":"https:\/\/dev.kompaktdesign.hu\/hodszolar.hu\/author\/hodszolar\/"}]}},"_links":{"self":[{"href":"https:\/\/dev.kompaktdesign.hu\/hodszolar.hu\/wp-json\/wp\/v2\/posts\/493","targetHints":{"allow":["GET"]}}],"collection":[{"href":"https:\/\/dev.kompaktdesign.hu\/hodszolar.hu\/wp-json\/wp\/v2\/posts"}],"about":[{"href":"https:\/\/dev.kompaktdesign.hu\/hodszolar.hu\/wp-json\/wp\/v2\/types\/post"}],"author":[{"embeddable":true,"href":"https:\/\/dev.kompaktdesign.hu\/hodszolar.hu\/wp-json\/wp\/v2\/users\/3"}],"replies":[{"embeddable":true,"href":"https:\/\/dev.kompaktdesign.hu\/hodszolar.hu\/wp-json\/wp\/v2\/comments?post=493"}],"version-history":[{"count":4,"href":"https:\/\/dev.kompaktdesign.hu\/hodszolar.hu\/wp-json\/wp\/v2\/posts\/493\/revisions"}],"predecessor-version":[{"id":525,"href":"https:\/\/dev.kompaktdesign.hu\/hodszolar.hu\/wp-json\/wp\/v2\/posts\/493\/revisions\/525"}],"wp:featuredmedia":[{"embeddable":true,"href":"https:\/\/dev.kompaktdesign.hu\/hodszolar.hu\/wp-json\/wp\/v2\/media\/499"}],"wp:attachment":[{"href":"https:\/\/dev.kompaktdesign.hu\/hodszolar.hu\/wp-json\/wp\/v2\/media?parent=493"}],"wp:term":[{"taxonomy":"category","embeddable":true,"href":"https:\/\/dev.kompaktdesign.hu\/hodszolar.hu\/wp-json\/wp\/v2\/categories?post=493"},{"taxonomy":"post_tag","embeddable":true,"href":"https:\/\/dev.kompaktdesign.hu\/hodszolar.hu\/wp-json\/wp\/v2\/tags?post=493"}],"curies":[{"name":"wp","href":"https:\/\/api.w.org\/{rel}","templated":true}]}}