{"id":509,"date":"2021-08-09T12:50:34","date_gmt":"2021-08-09T12:50:34","guid":{"rendered":"https:\/\/hodszolar.hu\/?p=509"},"modified":"2021-08-09T13:21:06","modified_gmt":"2021-08-09T13:21:06","slug":"mit-csinal-az-inverter","status":"publish","type":"post","link":"https:\/\/dev.kompaktdesign.hu\/hodszolar.hu\/2021\/08\/09\/mit-csinal-az-inverter\/","title":{"rendered":"Mit csin\u00e1l az inverter?"},"content":{"rendered":"\n<p>Az m\u00e1r mindenki sz\u00e1m\u00e1ra vil\u00e1gos, hogy a napelem panelek, cell\u00e1k a Nap f\u00e9ny\u00e9t haszn\u00e1lva fejlesztenek elektromoss\u00e1got.<\/p>\n\n\n\n<p><strong>De mi k\u00f6ze egym\u00e1shoz a f\u00e9nynek \u00e9s az elektromoss\u00e1gnak?<\/strong><\/p>\n\n\n\n<p>Tulajdonk\u00e9ppen nagyon is hasonl\u00f3ak egym\u00e1shoz, ugyanis a napsug\u00e1rz\u00e1s elektrom\u00e1gneses sug\u00e1rz\u00e1s is egyben, \u00e9s ezt haszn\u00e1lja fel a napelem-technol\u00f3gia. A f\u00e9ny az egyik legleny\u0171g\u00f6z\u0151bb fizikai t\u00e9nyez\u0151, ami csak megtal\u00e1lhat\u00f3 univerzumunkban. Egyszerre viselkedik sug\u00e1rz\u00e1sk\u00e9nt, hull\u00e1mk\u00e9nt, \u00e9s m\u00e9gis r\u00e9szecsk\u00e9kb\u0151l, fotonokb\u00f3l \u00e1ll.<\/p>\n\n\n\n<p>A hull\u00e1m egy \u00e9rdekes jelens\u00e9g, ugyanis a hossz\u00e1t\u00f3l f\u00fcgg\u0151en van hat\u00e1ssal a k\u00f6rnyezet\u00e9re. Hull\u00e1m k\u00f6zvet\u00edti a r\u00e1di\u00f3ad\u00e1st, meleg\u00edti fel a mikr\u00f3ban az \u00e9tel\u00fcnket, \u00e9s l\u00e1tja el kellemes meleggel a lak\u00e1sunkat. S\u0151t, a hull\u00e1moknak a l\u00e1t\u00e1sunkhoz is k\u00f6ze van, ugyanis a f\u00e9ny hull\u00e1mhossza hat\u00e1rozza meg, hogy a dolgokat milyen sz\u00edn\u0171nek l\u00e1tjuk \u2013 hogy pontosabbak legy\u00fcnk: hogy a t\u00e1rgyak, dolgok a l\u00e1that\u00f3 f\u00e9nynek melyik hull\u00e1mhossz\u00e1t verik vissza.<\/p>\n\n\n\n<p>Mert van ugye nem l\u00e1that\u00f3 tartom\u00e1nya is, ezt infrav\u00f6r\u00f6snek, azaz v\u00f6r\u00f6s alattinak, vagy ultraiboly\u00e1nak, azaz iboly\u00e1n t\u00falinak nevezz\u00fck. Az infrav\u00f6r\u00f6s hull\u00e1mtartom\u00e1ny m\u00e1r h\u0151hat\u00e1st is fejt ki, ezt \u00e9rezz\u00fck, amikor orvosi l\u00e1mp\u00e1val meleg\u00edtj\u00fck az arcunkat gyullad\u00e1s eset\u00e9n, valamint ennek k\u00f6sz\u00f6nhet\u0151, hogy a h\u0151m\u00e9r\u0151 \u00e1rny\u00e9kban is tud eredm\u00e9nyt produk\u00e1lni (\u00e9s m\u00e9g sok egy\u00e9b dolgot).<\/p>\n\n\n\n<figure class=\"wp-block-image is-resized\"><img loading=\"lazy\" decoding=\"async\" src=\"https:\/\/www.nkp.hu\/tankonyv\/fizika_7\/img\/07_006_9.jpg?max_width=2048\" alt=\"Fizika 7. - VII. A f\u00e9ny - 6. Sz\u00ednek, l\u00e9gk\u00f6ri jelens\u00e9gek\" width=\"840\" height=\"434\"\/><\/figure>\n\n\n\n<p>Mindezek mellett, a Nap f\u00e9ny\u00e9nek elektrom\u00e1gneses sug\u00e1rz\u00e1sa is van, ami a mi szempontunkb\u00f3l jelenleg a legfontosabb. Err\u0151l m\u00e1r <a href=\"https:\/\/dev.kompaktdesign.hu\/hodszolar.hu\/2021\/07\/29\/veszesen-kozelit-a-fold-vegoraja-allitja-tobb-mint-tizezer-kutato-egy-szaklapban\/\">itt<\/a> \u00edrtunk kor\u00e1bban. A napelem-cell\u00e1kba a v\u00e9d\u0151\u00fcvegen kereszt\u00fcl be\u00e9rkez\u0151 sug\u00e1rz\u00e1s tal\u00e1lkozik az ott tal\u00e1lhat\u00f3 szil\u00edciumr\u00e9teggel, \u00e9s elnyel\u0151dik, ezzel szabad elektronokat gener\u00e1lva. A f\u00e9lvezet\u0151 szil\u00edciumr\u00e9tegben, illetve az alatta tal\u00e1lhat\u00f3 vezet\u0151, k\u00f6zvet\u00edt\u0151 r\u00e9tegben az elektronkil\u00e9p\u00e9s k\u00f6vetkezt\u00e9ben elektromos t\u00e9r keletkezik, ami a felszabadult elektronokat mozg\u00e1sra k\u00e9nyszer\u00edti, \u00e9s m\u00e1r l\u00e9tre is j\u00f6tt az elektromoss\u00e1g.<\/p>\n\n\n\n<p>Ehhez a jelens\u00e9ghez nem felt\u00e9tlen\u00fcl sz\u00fcks\u00e9ges napf\u00e9ny, b\u00e1rmilyen megfelel\u0151 spektrummal rendelkez\u0151 f\u00e9nyforr\u00e1s eset\u00e9n m\u0171k\u00f6dik. Ellenben a nap nem ig\u00e9nyel plusz energiaforr\u00e1st, \u00e9s m\u00e1sf\u00e9l \u00f3ra alatt lesug\u00e1rozza a F\u00f6ldre az emberis\u00e9g eg\u00e9sz \u00e9vre elegend\u0151 energiafedezet\u00e9t.<\/p>\n\n\n\n<p>A gond csak az, hogy ezt nem tudjuk m\u00e9g megfelel\u0151en kihaszn\u00e1lni.<\/p>\n\n\n\n<p>Az anyaghib\u00e1kb\u00f3l, a bees\u00e9si sz\u00f6gb\u0151l, \u00e9s m\u00e9g t\u00f6bb t\u00e9nyez\u0151b\u0151l ad\u00f3d\u00f3an a jelenleg legsz\u00e9lesebb k\u00f6rben haszn\u00e1lt szil\u00edcium napelemek hat\u00e1sfoka 11 \u00e9s 18%-k\u00f6z\u00f6tt mozog.<\/p>\n\n\n\n<p>A fejlett, monokrist\u00e1lyos napelemek m\u00e1r el\u00e9g stabilan hozz\u00e1k a legal\u00e1bb 18%-os hat\u00e9konys\u00e1got, laborat\u00f3riumi k\u00f6r\u00fclm\u00e9nyek k\u00f6z\u00f6tt azonban ez is 25%-ig volt feltorn\u00e1zhat\u00f3.<\/p>\n\n\n\n<p>A l\u00e9nyeg, hogy a napelemek egyen\u00e1ramot termelnek, viszonylag kis fesz\u00fclts\u00e9ggel, ami viszont a sz\u00e1munkra k\u00f6zvetlen\u00fcl m\u00e9g nem hasznos\u00edthat\u00f3.<\/p>\n\n\n\n<p><strong>Itt j\u00f6nnek k\u00e9pbe az inverterek!<\/strong><\/p>\n\n\n\n<p>Az inverter az egyik legfontosabb r\u00e9sze a napelemes rendszernek, e n\u00e9lk\u00fcl nem is igaz\u00e1n lenn\u00e9nk k\u00e9pesek hasznos\u00edtani a l\u00e9trej\u00f6tt elektromoss\u00e1got. Mivel a cell\u00e1k \u00e1ltal el\u0151\u00e1ll\u00edtott \u00e1ram egyen\u00e1ram, \u00e9s az \u00e1ltalunk haszn\u00e1lt h\u00e1ztart\u00e1si berendez\u00e9sek, g\u00e9pek, vagy azok adapterei v\u00e1lt\u00f3\u00e1ramot haszn\u00e1lnak, \u00edgy a k\u00f6zvetlen felhaszn\u00e1l\u00e1s nem lehets\u00e9ges.<\/p>\n\n\n\n<p>Az inverter az az eszk\u00f6z napelemes rendszerek eset\u00e9ben, ami az egyen\u00e1ramot a h\u00e1l\u00f3zatival megegyez\u0151 v\u00e1lt\u00f3\u00e1ramm\u00e1 alak\u00edtja. Ez t\u00f6bbek k\u00f6z\u00f6tt \u00fagy lehets\u00e9ges, hogy a k\u00e9sz\u00fcl\u00e9kben l\u00e9v\u0151 szenzorok folyamatosan figyelik az elektromos h\u00e1l\u00f3zatban mindenkor tal\u00e1lhat\u00f3 \u00e1ramot, \u00e9s ahhoz igaz\u00edtja az \u00e1talak\u00edtott elektromoss\u00e1got.<\/p>\n\n\n\n<figure class=\"wp-block-image is-resized\"><img loading=\"lazy\" decoding=\"async\" src=\"https:\/\/napelemdepo.hu\/wp-content\/uploads\/Hl%C3%B3zatra.jpg\" alt=\"H\u00e1l\u00f3zatra t\u00e1pl\u00e1l\u00f3 napelemes rendszerek\" width=\"838\" height=\"623\"\/><\/figure>\n\n\n\n<p>\u00cdgy a v\u00e9geredm\u00e9ny a szokv\u00e1nyos 50 Hz frekvenci\u00e1j\u00fa, 230 V-os fesz\u00fclts\u00e9ggel rendelkez\u0151 h\u00e1l\u00f3zati \u00e1ram lesz, amelyet egyar\u00e1nt lehet hasznos\u00edtani bels\u0151 haszn\u00e1latban, \u00e9s a k\u00f6zm\u0171h\u00e1l\u00f3zatba is visszat\u00e1pl\u00e1lhat\u00f3.<\/p>\n\n\n\n<p>Itt el is \u00e9rkezt\u00fcnk a k\u00f6vetkez\u0151 sarkalatos ponthoz, ugyanis e k\u00e9t felhaszn\u00e1l\u00e1s k\u00fcl\u00f6nb\u00f6z\u0151 invertereket ig\u00e9nyel: m\u00e9g ha a m\u0171k\u00f6d\u00e9s\u00fck hasonl\u00f3 is, a szerep\u00fck kiss\u00e9 elt\u00e9r egym\u00e1st\u00f3l. A h\u00e1l\u00f3zatba t\u00e1pl\u00e1l\u00f3 \u00e9s a sziget \u00fczem\u0171 inverter k\u00f6z\u00f6tti k\u00fcl\u00f6nbs\u00e9gr\u0151l <a href=\"https:\/\/dev.kompaktdesign.hu\/hodszolar.hu\/2021\/08\/09\/halozatra-taplalo-vagy-sziget-uzemu-inverter\/\">itt<\/a> tudsz olvasni!<\/p>\n","protected":false},"excerpt":{"rendered":"<p>Az m\u00e1r mindenki sz\u00e1m\u00e1ra vil\u00e1gos, hogy a napelem panelek, cell\u00e1k a Nap f\u00e9ny\u00e9t haszn\u00e1lva fejlesztenek elektromoss\u00e1got. De mi k\u00f6ze egym\u00e1shoz a f\u00e9nynek \u00e9s az elektromoss\u00e1gnak? Tulajdonk\u00e9ppen nagyon is hasonl\u00f3ak egym\u00e1shoz, ugyanis a napsug\u00e1rz\u00e1s elektrom\u00e1gneses sug\u00e1rz\u00e1s is egyben, \u00e9s ezt haszn\u00e1lja fel a napelem-technol\u00f3gia. A f\u00e9ny az egyik legleny\u0171g\u00f6z\u0151bb fizikai t\u00e9nyez\u0151, ami csak megtal\u00e1lhat\u00f3 univerzumunkban. Egyszerre [&hellip;]<\/p>\n","protected":false},"author":3,"featured_media":511,"comment_status":"open","ping_status":"open","sticky":false,"template":"","format":"standard","meta":{"footnotes":""},"categories":[1],"tags":[],"class_list":["post-509","post","type-post","status-publish","format-standard","has-post-thumbnail","hentry","category-egyeb"],"yoast_head":"<!-- This site is optimized with the Yoast SEO plugin v19.5.1 - https:\/\/yoast.com\/wordpress\/plugins\/seo\/ -->\n<title>Mit csin\u00e1l az inverter? | H\u00f3dszol\u00e1r<\/title>\n<meta name=\"robots\" content=\"noindex, follow, max-snippet:-1, max-image-preview:large, max-video-preview:-1\" \/>\n<meta property=\"og:locale\" content=\"hu_HU\" \/>\n<meta property=\"og:type\" content=\"article\" \/>\n<meta property=\"og:title\" content=\"Mit csin\u00e1l az inverter? | H\u00f3dszol\u00e1r\" \/>\n<meta property=\"og:description\" content=\"Az m\u00e1r mindenki sz\u00e1m\u00e1ra vil\u00e1gos, hogy a napelem panelek, cell\u00e1k a Nap f\u00e9ny\u00e9t haszn\u00e1lva fejlesztenek elektromoss\u00e1got. De mi k\u00f6ze egym\u00e1shoz a f\u00e9nynek \u00e9s az elektromoss\u00e1gnak? Tulajdonk\u00e9ppen nagyon is hasonl\u00f3ak egym\u00e1shoz, ugyanis a napsug\u00e1rz\u00e1s elektrom\u00e1gneses sug\u00e1rz\u00e1s is egyben, \u00e9s ezt haszn\u00e1lja fel a napelem-technol\u00f3gia. A f\u00e9ny az egyik legleny\u0171g\u00f6z\u0151bb fizikai t\u00e9nyez\u0151, ami csak megtal\u00e1lhat\u00f3 univerzumunkban. Egyszerre [&hellip;]\" \/>\n<meta property=\"og:url\" content=\"https:\/\/dev.kompaktdesign.hu\/hodszolar.hu\/2021\/08\/09\/mit-csinal-az-inverter\/\" \/>\n<meta property=\"og:site_name\" content=\"H\u00f3dszol\u00e1r\" \/>\n<meta property=\"article:publisher\" content=\"https:\/\/www.facebook.com\/hodszolar\" \/>\n<meta property=\"article:published_time\" content=\"2021-08-09T12:50:34+00:00\" \/>\n<meta property=\"article:modified_time\" content=\"2021-08-09T13:21:06+00:00\" \/>\n<meta property=\"og:image\" content=\"https:\/\/dev.kompaktdesign.hu\/hodszolar.hu\/wp-content\/uploads\/2021\/08\/SE1500M.jpg\" \/>\n\t<meta property=\"og:image:width\" content=\"510\" \/>\n\t<meta property=\"og:image:height\" content=\"510\" \/>\n\t<meta property=\"og:image:type\" content=\"image\/jpeg\" \/>\n<meta name=\"author\" content=\"H\u00f3dszol\u00e1r Kft.\" \/>\n<meta name=\"twitter:card\" content=\"summary_large_image\" \/>\n<meta name=\"twitter:label1\" content=\"Szerz\u0151:\" \/>\n\t<meta name=\"twitter:data1\" content=\"H\u00f3dszol\u00e1r Kft.\" \/>\n\t<meta name=\"twitter:label2\" content=\"Becs\u00fclt olvas\u00e1si id\u0151\" \/>\n\t<meta name=\"twitter:data2\" content=\"3 perc\" \/>\n<script type=\"application\/ld+json\" class=\"yoast-schema-graph\">{\"@context\":\"https:\/\/schema.org\",\"@graph\":[{\"@type\":\"Article\",\"@id\":\"https:\/\/dev.kompaktdesign.hu\/hodszolar.hu\/2021\/08\/09\/mit-csinal-az-inverter\/#article\",\"isPartOf\":{\"@id\":\"https:\/\/dev.kompaktdesign.hu\/hodszolar.hu\/2021\/08\/09\/mit-csinal-az-inverter\/\"},\"author\":{\"name\":\"H\u00f3dszol\u00e1r Kft.\",\"@id\":\"https:\/\/dev.kompaktdesign.hu\/hodszolar.hu\/#\/schema\/person\/a788af940a3d6b2829396312340dd08c\"},\"headline\":\"Mit csin\u00e1l az inverter?\",\"datePublished\":\"2021-08-09T12:50:34+00:00\",\"dateModified\":\"2021-08-09T13:21:06+00:00\",\"mainEntityOfPage\":{\"@id\":\"https:\/\/dev.kompaktdesign.hu\/hodszolar.hu\/2021\/08\/09\/mit-csinal-az-inverter\/\"},\"wordCount\":821,\"commentCount\":0,\"publisher\":{\"@id\":\"https:\/\/dev.kompaktdesign.hu\/hodszolar.hu\/#organization\"},\"articleSection\":[\"Egy\u00e9b kateg\u00f3ria\"],\"inLanguage\":\"hu\",\"potentialAction\":[{\"@type\":\"CommentAction\",\"name\":\"Comment\",\"target\":[\"https:\/\/dev.kompaktdesign.hu\/hodszolar.hu\/2021\/08\/09\/mit-csinal-az-inverter\/#respond\"]}]},{\"@type\":\"WebPage\",\"@id\":\"https:\/\/dev.kompaktdesign.hu\/hodszolar.hu\/2021\/08\/09\/mit-csinal-az-inverter\/\",\"url\":\"https:\/\/dev.kompaktdesign.hu\/hodszolar.hu\/2021\/08\/09\/mit-csinal-az-inverter\/\",\"name\":\"Mit csin\u00e1l az inverter? | H\u00f3dszol\u00e1r\",\"isPartOf\":{\"@id\":\"https:\/\/dev.kompaktdesign.hu\/hodszolar.hu\/#website\"},\"datePublished\":\"2021-08-09T12:50:34+00:00\",\"dateModified\":\"2021-08-09T13:21:06+00:00\",\"breadcrumb\":{\"@id\":\"https:\/\/dev.kompaktdesign.hu\/hodszolar.hu\/2021\/08\/09\/mit-csinal-az-inverter\/#breadcrumb\"},\"inLanguage\":\"hu\",\"potentialAction\":[{\"@type\":\"ReadAction\",\"target\":[\"https:\/\/dev.kompaktdesign.hu\/hodszolar.hu\/2021\/08\/09\/mit-csinal-az-inverter\/\"]}]},{\"@type\":\"BreadcrumbList\",\"@id\":\"https:\/\/dev.kompaktdesign.hu\/hodszolar.hu\/2021\/08\/09\/mit-csinal-az-inverter\/#breadcrumb\",\"itemListElement\":[{\"@type\":\"ListItem\",\"position\":1,\"name\":\"Kezd\u0151lap\",\"item\":\"https:\/\/dev.kompaktdesign.hu\/hodszolar.hu\/\"},{\"@type\":\"ListItem\",\"position\":2,\"name\":\"Mit csin\u00e1l az inverter?\"}]},{\"@type\":\"WebSite\",\"@id\":\"https:\/\/dev.kompaktdesign.hu\/hodszolar.hu\/#website\",\"url\":\"https:\/\/dev.kompaktdesign.hu\/hodszolar.hu\/\",\"name\":\"H\u00f3dszol\u00e1r\",\"description\":\"A v\u00e1s\u00e1rhelyi napelemes\",\"publisher\":{\"@id\":\"https:\/\/dev.kompaktdesign.hu\/hodszolar.hu\/#organization\"},\"potentialAction\":[{\"@type\":\"SearchAction\",\"target\":{\"@type\":\"EntryPoint\",\"urlTemplate\":\"https:\/\/dev.kompaktdesign.hu\/hodszolar.hu\/?s={search_term_string}\"},\"query-input\":\"required name=search_term_string\"}],\"inLanguage\":\"hu\"},{\"@type\":\"Organization\",\"@id\":\"https:\/\/dev.kompaktdesign.hu\/hodszolar.hu\/#organization\",\"name\":\"H\u00f3dszol\u00e1r Kft.\",\"url\":\"https:\/\/dev.kompaktdesign.hu\/hodszolar.hu\/\",\"sameAs\":[\"https:\/\/www.facebook.com\/hodszolar\"],\"logo\":{\"@type\":\"ImageObject\",\"inLanguage\":\"hu\",\"@id\":\"https:\/\/dev.kompaktdesign.hu\/hodszolar.hu\/#\/schema\/logo\/image\/\",\"url\":\"https:\/\/dev.kompaktdesign.hu\/hodszolar.hu\/wp-content\/uploads\/2021\/05\/fvicon.png\",\"contentUrl\":\"https:\/\/dev.kompaktdesign.hu\/hodszolar.hu\/wp-content\/uploads\/2021\/05\/fvicon.png\",\"width\":132,\"height\":132,\"caption\":\"H\u00f3dszol\u00e1r Kft.\"},\"image\":{\"@id\":\"https:\/\/dev.kompaktdesign.hu\/hodszolar.hu\/#\/schema\/logo\/image\/\"}},{\"@type\":\"Person\",\"@id\":\"https:\/\/dev.kompaktdesign.hu\/hodszolar.hu\/#\/schema\/person\/a788af940a3d6b2829396312340dd08c\",\"name\":\"H\u00f3dszol\u00e1r Kft.\",\"image\":{\"@type\":\"ImageObject\",\"inLanguage\":\"hu\",\"@id\":\"https:\/\/dev.kompaktdesign.hu\/hodszolar.hu\/#\/schema\/person\/image\/\",\"url\":\"https:\/\/secure.gravatar.com\/avatar\/38df000db6f2e93b7f0ccccf7714392424ca033738d34dfe71f19fdb70329830?s=96&d=mm&r=g\",\"contentUrl\":\"https:\/\/secure.gravatar.com\/avatar\/38df000db6f2e93b7f0ccccf7714392424ca033738d34dfe71f19fdb70329830?s=96&d=mm&r=g\",\"caption\":\"H\u00f3dszol\u00e1r Kft.\"},\"url\":\"https:\/\/dev.kompaktdesign.hu\/hodszolar.hu\/author\/hodszolar\/\"}]}<\/script>\n<!-- \/ Yoast SEO plugin. -->","yoast_head_json":{"title":"Mit csin\u00e1l az inverter? | H\u00f3dszol\u00e1r","robots":{"index":"noindex","follow":"follow","max-snippet":"max-snippet:-1","max-image-preview":"max-image-preview:large","max-video-preview":"max-video-preview:-1"},"og_locale":"hu_HU","og_type":"article","og_title":"Mit csin\u00e1l az inverter? | H\u00f3dszol\u00e1r","og_description":"Az m\u00e1r mindenki sz\u00e1m\u00e1ra vil\u00e1gos, hogy a napelem panelek, cell\u00e1k a Nap f\u00e9ny\u00e9t haszn\u00e1lva fejlesztenek elektromoss\u00e1got. De mi k\u00f6ze egym\u00e1shoz a f\u00e9nynek \u00e9s az elektromoss\u00e1gnak? Tulajdonk\u00e9ppen nagyon is hasonl\u00f3ak egym\u00e1shoz, ugyanis a napsug\u00e1rz\u00e1s elektrom\u00e1gneses sug\u00e1rz\u00e1s is egyben, \u00e9s ezt haszn\u00e1lja fel a napelem-technol\u00f3gia. A f\u00e9ny az egyik legleny\u0171g\u00f6z\u0151bb fizikai t\u00e9nyez\u0151, ami csak megtal\u00e1lhat\u00f3 univerzumunkban. Egyszerre [&hellip;]","og_url":"https:\/\/dev.kompaktdesign.hu\/hodszolar.hu\/2021\/08\/09\/mit-csinal-az-inverter\/","og_site_name":"H\u00f3dszol\u00e1r","article_publisher":"https:\/\/www.facebook.com\/hodszolar","article_published_time":"2021-08-09T12:50:34+00:00","article_modified_time":"2021-08-09T13:21:06+00:00","og_image":[{"width":510,"height":510,"url":"https:\/\/dev.kompaktdesign.hu\/hodszolar.hu\/wp-content\/uploads\/2021\/08\/SE1500M.jpg","type":"image\/jpeg"}],"author":"H\u00f3dszol\u00e1r Kft.","twitter_card":"summary_large_image","twitter_misc":{"Szerz\u0151:":"H\u00f3dszol\u00e1r Kft.","Becs\u00fclt olvas\u00e1si id\u0151":"3 perc"},"schema":{"@context":"https:\/\/schema.org","@graph":[{"@type":"Article","@id":"https:\/\/dev.kompaktdesign.hu\/hodszolar.hu\/2021\/08\/09\/mit-csinal-az-inverter\/#article","isPartOf":{"@id":"https:\/\/dev.kompaktdesign.hu\/hodszolar.hu\/2021\/08\/09\/mit-csinal-az-inverter\/"},"author":{"name":"H\u00f3dszol\u00e1r Kft.","@id":"https:\/\/dev.kompaktdesign.hu\/hodszolar.hu\/#\/schema\/person\/a788af940a3d6b2829396312340dd08c"},"headline":"Mit csin\u00e1l az inverter?","datePublished":"2021-08-09T12:50:34+00:00","dateModified":"2021-08-09T13:21:06+00:00","mainEntityOfPage":{"@id":"https:\/\/dev.kompaktdesign.hu\/hodszolar.hu\/2021\/08\/09\/mit-csinal-az-inverter\/"},"wordCount":821,"commentCount":0,"publisher":{"@id":"https:\/\/dev.kompaktdesign.hu\/hodszolar.hu\/#organization"},"articleSection":["Egy\u00e9b kateg\u00f3ria"],"inLanguage":"hu","potentialAction":[{"@type":"CommentAction","name":"Comment","target":["https:\/\/dev.kompaktdesign.hu\/hodszolar.hu\/2021\/08\/09\/mit-csinal-az-inverter\/#respond"]}]},{"@type":"WebPage","@id":"https:\/\/dev.kompaktdesign.hu\/hodszolar.hu\/2021\/08\/09\/mit-csinal-az-inverter\/","url":"https:\/\/dev.kompaktdesign.hu\/hodszolar.hu\/2021\/08\/09\/mit-csinal-az-inverter\/","name":"Mit csin\u00e1l az inverter? | H\u00f3dszol\u00e1r","isPartOf":{"@id":"https:\/\/dev.kompaktdesign.hu\/hodszolar.hu\/#website"},"datePublished":"2021-08-09T12:50:34+00:00","dateModified":"2021-08-09T13:21:06+00:00","breadcrumb":{"@id":"https:\/\/dev.kompaktdesign.hu\/hodszolar.hu\/2021\/08\/09\/mit-csinal-az-inverter\/#breadcrumb"},"inLanguage":"hu","potentialAction":[{"@type":"ReadAction","target":["https:\/\/dev.kompaktdesign.hu\/hodszolar.hu\/2021\/08\/09\/mit-csinal-az-inverter\/"]}]},{"@type":"BreadcrumbList","@id":"https:\/\/dev.kompaktdesign.hu\/hodszolar.hu\/2021\/08\/09\/mit-csinal-az-inverter\/#breadcrumb","itemListElement":[{"@type":"ListItem","position":1,"name":"Kezd\u0151lap","item":"https:\/\/dev.kompaktdesign.hu\/hodszolar.hu\/"},{"@type":"ListItem","position":2,"name":"Mit csin\u00e1l az inverter?"}]},{"@type":"WebSite","@id":"https:\/\/dev.kompaktdesign.hu\/hodszolar.hu\/#website","url":"https:\/\/dev.kompaktdesign.hu\/hodszolar.hu\/","name":"H\u00f3dszol\u00e1r","description":"A v\u00e1s\u00e1rhelyi napelemes","publisher":{"@id":"https:\/\/dev.kompaktdesign.hu\/hodszolar.hu\/#organization"},"potentialAction":[{"@type":"SearchAction","target":{"@type":"EntryPoint","urlTemplate":"https:\/\/dev.kompaktdesign.hu\/hodszolar.hu\/?s={search_term_string}"},"query-input":"required name=search_term_string"}],"inLanguage":"hu"},{"@type":"Organization","@id":"https:\/\/dev.kompaktdesign.hu\/hodszolar.hu\/#organization","name":"H\u00f3dszol\u00e1r Kft.","url":"https:\/\/dev.kompaktdesign.hu\/hodszolar.hu\/","sameAs":["https:\/\/www.facebook.com\/hodszolar"],"logo":{"@type":"ImageObject","inLanguage":"hu","@id":"https:\/\/dev.kompaktdesign.hu\/hodszolar.hu\/#\/schema\/logo\/image\/","url":"https:\/\/dev.kompaktdesign.hu\/hodszolar.hu\/wp-content\/uploads\/2021\/05\/fvicon.png","contentUrl":"https:\/\/dev.kompaktdesign.hu\/hodszolar.hu\/wp-content\/uploads\/2021\/05\/fvicon.png","width":132,"height":132,"caption":"H\u00f3dszol\u00e1r Kft."},"image":{"@id":"https:\/\/dev.kompaktdesign.hu\/hodszolar.hu\/#\/schema\/logo\/image\/"}},{"@type":"Person","@id":"https:\/\/dev.kompaktdesign.hu\/hodszolar.hu\/#\/schema\/person\/a788af940a3d6b2829396312340dd08c","name":"H\u00f3dszol\u00e1r Kft.","image":{"@type":"ImageObject","inLanguage":"hu","@id":"https:\/\/dev.kompaktdesign.hu\/hodszolar.hu\/#\/schema\/person\/image\/","url":"https:\/\/secure.gravatar.com\/avatar\/38df000db6f2e93b7f0ccccf7714392424ca033738d34dfe71f19fdb70329830?s=96&d=mm&r=g","contentUrl":"https:\/\/secure.gravatar.com\/avatar\/38df000db6f2e93b7f0ccccf7714392424ca033738d34dfe71f19fdb70329830?s=96&d=mm&r=g","caption":"H\u00f3dszol\u00e1r Kft."},"url":"https:\/\/dev.kompaktdesign.hu\/hodszolar.hu\/author\/hodszolar\/"}]}},"_links":{"self":[{"href":"https:\/\/dev.kompaktdesign.hu\/hodszolar.hu\/wp-json\/wp\/v2\/posts\/509","targetHints":{"allow":["GET"]}}],"collection":[{"href":"https:\/\/dev.kompaktdesign.hu\/hodszolar.hu\/wp-json\/wp\/v2\/posts"}],"about":[{"href":"https:\/\/dev.kompaktdesign.hu\/hodszolar.hu\/wp-json\/wp\/v2\/types\/post"}],"author":[{"embeddable":true,"href":"https:\/\/dev.kompaktdesign.hu\/hodszolar.hu\/wp-json\/wp\/v2\/users\/3"}],"replies":[{"embeddable":true,"href":"https:\/\/dev.kompaktdesign.hu\/hodszolar.hu\/wp-json\/wp\/v2\/comments?post=509"}],"version-history":[{"count":3,"href":"https:\/\/dev.kompaktdesign.hu\/hodszolar.hu\/wp-json\/wp\/v2\/posts\/509\/revisions"}],"predecessor-version":[{"id":516,"href":"https:\/\/dev.kompaktdesign.hu\/hodszolar.hu\/wp-json\/wp\/v2\/posts\/509\/revisions\/516"}],"wp:featuredmedia":[{"embeddable":true,"href":"https:\/\/dev.kompaktdesign.hu\/hodszolar.hu\/wp-json\/wp\/v2\/media\/511"}],"wp:attachment":[{"href":"https:\/\/dev.kompaktdesign.hu\/hodszolar.hu\/wp-json\/wp\/v2\/media?parent=509"}],"wp:term":[{"taxonomy":"category","embeddable":true,"href":"https:\/\/dev.kompaktdesign.hu\/hodszolar.hu\/wp-json\/wp\/v2\/categories?post=509"},{"taxonomy":"post_tag","embeddable":true,"href":"https:\/\/dev.kompaktdesign.hu\/hodszolar.hu\/wp-json\/wp\/v2\/tags?post=509"}],"curies":[{"name":"wp","href":"https:\/\/api.w.org\/{rel}","templated":true}]}}