{"id":513,"date":"2021-08-09T13:18:34","date_gmt":"2021-08-09T13:18:34","guid":{"rendered":"https:\/\/hodszolar.hu\/?p=513"},"modified":"2022-01-19T10:39:19","modified_gmt":"2022-01-19T10:39:19","slug":"halozatra-taplalo-vagy-sziget-uzemu-inverter","status":"publish","type":"post","link":"https:\/\/dev.kompaktdesign.hu\/hodszolar.hu\/2021\/08\/09\/halozatra-taplalo-vagy-sziget-uzemu-inverter\/","title":{"rendered":"H\u00e1l\u00f3zatra t\u00e1pl\u00e1l\u00f3 vagy sziget \u00fczem\u0171 inverter?"},"content":{"rendered":"\n<p>Mint azt a h\u00e1l\u00f3zatra t\u00e1pl\u00e1l\u00f3 inverter neve is mutatja, ez az inverter t\u00edpus az \u00f6sszek\u00f6ttet\u00e9st jelenti az elektromos k\u00f6zm\u0171h\u00e1l\u00f3zat \u00e9s a napelemek k\u00f6z\u00f6tt. A probl\u00e9ma az, hogy a napelemekb\u0151l \u00e9rkez\u0151 elektromoss\u00e1gnak mind az er\u0151ss\u00e9ge, mind a fesz\u00fclts\u00e9ge igen v\u00e1ltoz\u00f3, vagyis \u00f6nmag\u00e1ban m\u00e9g egy\u00e1ltal\u00e1n nem alkalmas arra, hogy bel\u00e9pjen a k\u00f6zm\u0171h\u00e1l\u00f3zatba.<\/p>\n\n\n\n<p>\u00c9ppen ez\u00e9rt, mint ahogy azt kor\u00e1bban eml\u00edtett\u00fck, az inverter szenzora figyeli a h\u00e1l\u00f3zati \u00e1ramot, \u00e9s annak v\u00e1ltoz\u00e1sait \u00e9rz\u00e9kelve m\u00f3dos\u00edtja az \u00e1ltala a rendszerbe k\u00fcld\u00f6tt, a napelemekb\u0151l sz\u00e1rmaz\u00f3 \u00e1talak\u00edtott \u00e1ramot.<\/p>\n\n\n\n<p>C\u00e9lszer\u0171 a napelemeket soros kapcsol\u00e1ssal, t\u00f6bb csoportba osztva r\u00e1k\u00f6tni, a min\u00e9l nagyobb hat\u00e9konys\u00e1g \u00e9rdek\u00e9ben.<\/p>\n\n\n\n<p>Bizonyos inverterek 2-3 munkapontk\u00f6vet\u0151 k\u00f6rrel is rendelkeznek, azaz ann\u00e1l t\u00f6bb napelem-csoportot lehet r\u00e1k\u00f6tni.<\/p>\n\n\n\n<p>Azonban fokozottan \u00fcgyelni kell a megfelel\u0151 d\u0151l\u00e9ssz\u00f6gre, a takar\u00e1s elker\u00fcl\u00e9s\u00e9re, ugyanis az egy csoportba k\u00f6t\u00f6tt napelemeknek mindenk\u00e9ppen megegyez\u0151 poz\u00edci\u00f3ban kell elhelyezkednie.<\/p>\n\n\n\n<p>Mivel a nem egyform\u00e1n teljes\u00edt\u0151 napelemek rontj\u00e1k egym\u00e1s hat\u00e1sfok\u00e1t, \u00edgy ha valami differencia ad\u00f3dna, akkor az elt\u00e9r\u0151eket c\u00e9lszer\u0171 m\u00e1sik csoportba k\u00f6tni. Ezt egy SolarEdge inverter azonban \u00fcgyesen kezeli, az egy sztringbe k\u00f6t\u00f6tt, k\u00fcl\u00f6nb\u00f6z\u0151 teljes\u00edtm\u00e9ny\u0171 napelemek ugyanis nem rontj\u00e1k le egym\u00e1st a teljes\u00edtm\u00e9nyoptimaliz\u00e1l\u00f3knak k\u00f6sz\u00f6nhet\u0151en. Az okos rendszer tov\u00e1bbi el\u0151nyeir\u0151l <a href=\"https:\/\/dev.kompaktdesign.hu\/hodszolar.hu\/okos-rendszer\/\">itt<\/a> tudsz olvasni!<\/p>\n\n\n\n<p>A h\u00e1l\u00f3zat kialak\u00edt\u00e1s\u00e1t\u00f3l f\u00fcgg\u0151en haszn\u00e1lhatunk egy- illetve h\u00e1romf\u00e1zis\u00fa invertert, amelyikre adott esetben sz\u00fcks\u00e9g van, ellenben h\u00e1rom darab egyf\u00e1zis\u00fat is haszn\u00e1lhatunk f\u00e1zisonk\u00e9nt, azonban ez kev\u00e9ss\u00e9 gazdas\u00e1gos. Az \u00e1ltalunk forgalmazott inverterek <a href=\"https:\/\/dev.kompaktdesign.hu\/hodszolar.hu\/inverterek\/\">itt<\/a> tal\u00e1lod!<\/p>\n\n\n\n<p>Ezen k\u00edv\u00fcl v\u00e1laszthatunk transzform\u00e1toros \u00e9s transzform\u00e1tor n\u00e9lk\u00fcli inverterek k\u00f6z\u00fcl.<\/p>\n\n\n\n<p>Az el\u0151bbire els\u0151sorban a v\u00e9kony r\u00e9teg\u0171 napelemekn\u00e9l van sz\u00fcks\u00e9g, azonban a transzform\u00e1tor valamelyest lecs\u00f6kkenti a hat\u00e1sfokot (p\u00e1r sz\u00e1zal\u00e9kkal), viszont a mostani f\u00e9lcell\u00e1s vagy monokrist\u00e1lyos napelemekn\u00e9l m\u00e1r felesleges ez az alkatr\u00e9sz.<\/p>\n\n\n\n<p>30%-os hat\u00e9kony\u00e1g mellett a transzform\u00e1toros k\u00f6r\u00fclbel\u00fcl 95-96%, m\u00edg a transzform\u00e1tor n\u00e9lk\u00fcli inverterek 96-98%-os hat\u00e1sfokkal k\u00e9pesek m\u0171k\u00f6dni.<\/p>\n\n\n\n<p>A sziget\u00fczem\u0171 rendszerekn\u00e9l is \u00e1talak\u00edt\u00e1s az inverter feladata, itt azonban az akkumul\u00e1torokb\u00f3l \u00e9rkez\u0151 egyen\u00e1ramot alak\u00edtja hasznos\u00edthat\u00f3 v\u00e1lt\u00f3\u00e1ramm\u00e1.<\/p>\n\n\n\n<figure class=\"wp-block-image is-resized\"><img loading=\"lazy\" decoding=\"async\" src=\"https:\/\/napelemdepo.hu\/wp-content\/uploads\/sziget-%C3%BCzem%C5%B1-napelemes-rendszer.jpg\" alt=\"Sziget\u00fczem\u0171 napelemes rendszerek\" width=\"841\" height=\"626\"\/><\/figure>\n\n\n\n<p>Mindenk\u00e9ppen \u00e9rdemes megvizsg\u00e1lni, hogy a z\u00e1rt h\u00e1l\u00f3zatra kapcsolt fogyaszt\u00f3knak mekkora a teljes\u00edtm\u00e9nye, mert ebb\u0151l lehetnek gondok.<\/p>\n\n\n\n<p>Sziget\u00fczem\u0171ekn\u00e9l ugyanis el\u0151fordulnak \u201em\u00f3dos\u00edtott szinusz jelet\u201d k\u00e9pz\u0151 t\u00edpusok, amelyek a h\u00e1l\u00f3zati \u00e1ram egyenletes szinuszg\u00f6rb\u00e9je helyett sokkal ink\u00e1bb sz\u00f6gletes, net\u00e1n trap\u00e9z alak\u00fa jelet adnak le.<\/p>\n\n\n\n<p>Ennek egyetlen magyar\u00e1zata, hogy ezt k\u00f6nnyebb el\u0151\u00e1ll\u00edtani.<\/p>\n\n\n\n<p>Azonban ez a k\u00e9sz\u00fcl\u00e9kek sz\u00e1m\u00e1ra ak\u00e1r \u00e1rtalmas is lehet, \u00e9ppen ez\u00e9rt fontos alaposan ut\u00e1nan\u00e9zni a v\u00e1s\u00e1rolt inverternek, \u00e9s c\u00e9lszer\u0171 min\u0151s\u00e9gi term\u00e9ket venni, hossz\u00fa gy\u00e1rt\u00f3i garanci\u00e1val.<\/p>\n\n\n\n<p>Hiszen egy \u201e<em>no name<\/em>\u201d darab lehet, hogy olcs\u00f3bb valamivel, viszont ahhoz nem j\u00e1r t\u00f6bb \u00e9ves gy\u00e1rt\u00f3i garancia jav\u00edt\u00e1sra, cser\u00e9re, ezen k\u00edv\u00fcl a hat\u00e1sfoka sem biztos, hogy nem kezd el r\u00f6vid id\u0151n bel\u00fcl drasztikusan esni.<\/p>\n","protected":false},"excerpt":{"rendered":"<p>Mint azt a h\u00e1l\u00f3zatra t\u00e1pl\u00e1l\u00f3 inverter neve is mutatja, ez az inverter t\u00edpus az \u00f6sszek\u00f6ttet\u00e9st jelenti az elektromos k\u00f6zm\u0171h\u00e1l\u00f3zat \u00e9s a napelemek k\u00f6z\u00f6tt. A probl\u00e9ma az, hogy a napelemekb\u0151l \u00e9rkez\u0151 elektromoss\u00e1gnak mind az er\u0151ss\u00e9ge, mind a fesz\u00fclts\u00e9ge igen v\u00e1ltoz\u00f3, vagyis \u00f6nmag\u00e1ban m\u00e9g egy\u00e1ltal\u00e1n nem alkalmas arra, hogy bel\u00e9pjen a k\u00f6zm\u0171h\u00e1l\u00f3zatba. \u00c9ppen ez\u00e9rt, mint ahogy azt [&hellip;]<\/p>\n","protected":false},"author":3,"featured_media":514,"comment_status":"open","ping_status":"open","sticky":false,"template":"","format":"standard","meta":{"footnotes":""},"categories":[1],"tags":[],"class_list":["post-513","post","type-post","status-publish","format-standard","has-post-thumbnail","hentry","category-egyeb"],"yoast_head":"<!-- This site is optimized with the Yoast SEO plugin v19.5.1 - https:\/\/yoast.com\/wordpress\/plugins\/seo\/ -->\n<title>H\u00e1l\u00f3zatra t\u00e1pl\u00e1l\u00f3 vagy sziget \u00fczem\u0171 inverter? | H\u00f3dszol\u00e1r<\/title>\n<meta name=\"robots\" content=\"noindex, follow, max-snippet:-1, max-image-preview:large, max-video-preview:-1\" \/>\n<meta property=\"og:locale\" content=\"hu_HU\" \/>\n<meta property=\"og:type\" content=\"article\" \/>\n<meta property=\"og:title\" content=\"H\u00e1l\u00f3zatra t\u00e1pl\u00e1l\u00f3 vagy sziget \u00fczem\u0171 inverter? | H\u00f3dszol\u00e1r\" \/>\n<meta property=\"og:description\" content=\"Mint azt a h\u00e1l\u00f3zatra t\u00e1pl\u00e1l\u00f3 inverter neve is mutatja, ez az inverter t\u00edpus az \u00f6sszek\u00f6ttet\u00e9st jelenti az elektromos k\u00f6zm\u0171h\u00e1l\u00f3zat \u00e9s a napelemek k\u00f6z\u00f6tt. A probl\u00e9ma az, hogy a napelemekb\u0151l \u00e9rkez\u0151 elektromoss\u00e1gnak mind az er\u0151ss\u00e9ge, mind a fesz\u00fclts\u00e9ge igen v\u00e1ltoz\u00f3, vagyis \u00f6nmag\u00e1ban m\u00e9g egy\u00e1ltal\u00e1n nem alkalmas arra, hogy bel\u00e9pjen a k\u00f6zm\u0171h\u00e1l\u00f3zatba. \u00c9ppen ez\u00e9rt, mint ahogy azt [&hellip;]\" \/>\n<meta property=\"og:url\" content=\"https:\/\/dev.kompaktdesign.hu\/hodszolar.hu\/2021\/08\/09\/halozatra-taplalo-vagy-sziget-uzemu-inverter\/\" \/>\n<meta property=\"og:site_name\" content=\"H\u00f3dszol\u00e1r\" \/>\n<meta property=\"article:publisher\" content=\"https:\/\/www.facebook.com\/hodszolar\" \/>\n<meta property=\"article:published_time\" content=\"2021-08-09T13:18:34+00:00\" \/>\n<meta property=\"article:modified_time\" content=\"2022-01-19T10:39:19+00:00\" \/>\n<meta property=\"og:image\" content=\"https:\/\/dev.kompaktdesign.hu\/hodszolar.hu\/wp-content\/uploads\/2021\/08\/North_Texas_Power_Co_Support_Solar.jpg\" \/>\n\t<meta property=\"og:image:width\" content=\"850\" \/>\n\t<meta property=\"og:image:height\" content=\"550\" \/>\n\t<meta property=\"og:image:type\" content=\"image\/jpeg\" \/>\n<meta name=\"author\" content=\"H\u00f3dszol\u00e1r Kft.\" \/>\n<meta name=\"twitter:card\" content=\"summary_large_image\" \/>\n<meta name=\"twitter:label1\" content=\"Szerz\u0151:\" \/>\n\t<meta name=\"twitter:data1\" content=\"H\u00f3dszol\u00e1r Kft.\" \/>\n\t<meta name=\"twitter:label2\" content=\"Becs\u00fclt olvas\u00e1si id\u0151\" \/>\n\t<meta name=\"twitter:data2\" content=\"2 perc\" \/>\n<script type=\"application\/ld+json\" class=\"yoast-schema-graph\">{\"@context\":\"https:\/\/schema.org\",\"@graph\":[{\"@type\":\"Article\",\"@id\":\"https:\/\/dev.kompaktdesign.hu\/hodszolar.hu\/2021\/08\/09\/halozatra-taplalo-vagy-sziget-uzemu-inverter\/#article\",\"isPartOf\":{\"@id\":\"https:\/\/dev.kompaktdesign.hu\/hodszolar.hu\/2021\/08\/09\/halozatra-taplalo-vagy-sziget-uzemu-inverter\/\"},\"author\":{\"name\":\"H\u00f3dszol\u00e1r Kft.\",\"@id\":\"https:\/\/dev.kompaktdesign.hu\/hodszolar.hu\/#\/schema\/person\/a788af940a3d6b2829396312340dd08c\"},\"headline\":\"H\u00e1l\u00f3zatra t\u00e1pl\u00e1l\u00f3 vagy sziget \u00fczem\u0171 inverter?\",\"datePublished\":\"2021-08-09T13:18:34+00:00\",\"dateModified\":\"2022-01-19T10:39:19+00:00\",\"mainEntityOfPage\":{\"@id\":\"https:\/\/dev.kompaktdesign.hu\/hodszolar.hu\/2021\/08\/09\/halozatra-taplalo-vagy-sziget-uzemu-inverter\/\"},\"wordCount\":638,\"commentCount\":0,\"publisher\":{\"@id\":\"https:\/\/dev.kompaktdesign.hu\/hodszolar.hu\/#organization\"},\"articleSection\":[\"Egy\u00e9b kateg\u00f3ria\"],\"inLanguage\":\"hu\",\"potentialAction\":[{\"@type\":\"CommentAction\",\"name\":\"Comment\",\"target\":[\"https:\/\/dev.kompaktdesign.hu\/hodszolar.hu\/2021\/08\/09\/halozatra-taplalo-vagy-sziget-uzemu-inverter\/#respond\"]}]},{\"@type\":\"WebPage\",\"@id\":\"https:\/\/dev.kompaktdesign.hu\/hodszolar.hu\/2021\/08\/09\/halozatra-taplalo-vagy-sziget-uzemu-inverter\/\",\"url\":\"https:\/\/dev.kompaktdesign.hu\/hodszolar.hu\/2021\/08\/09\/halozatra-taplalo-vagy-sziget-uzemu-inverter\/\",\"name\":\"H\u00e1l\u00f3zatra t\u00e1pl\u00e1l\u00f3 vagy sziget \u00fczem\u0171 inverter? | H\u00f3dszol\u00e1r\",\"isPartOf\":{\"@id\":\"https:\/\/dev.kompaktdesign.hu\/hodszolar.hu\/#website\"},\"datePublished\":\"2021-08-09T13:18:34+00:00\",\"dateModified\":\"2022-01-19T10:39:19+00:00\",\"breadcrumb\":{\"@id\":\"https:\/\/dev.kompaktdesign.hu\/hodszolar.hu\/2021\/08\/09\/halozatra-taplalo-vagy-sziget-uzemu-inverter\/#breadcrumb\"},\"inLanguage\":\"hu\",\"potentialAction\":[{\"@type\":\"ReadAction\",\"target\":[\"https:\/\/dev.kompaktdesign.hu\/hodszolar.hu\/2021\/08\/09\/halozatra-taplalo-vagy-sziget-uzemu-inverter\/\"]}]},{\"@type\":\"BreadcrumbList\",\"@id\":\"https:\/\/dev.kompaktdesign.hu\/hodszolar.hu\/2021\/08\/09\/halozatra-taplalo-vagy-sziget-uzemu-inverter\/#breadcrumb\",\"itemListElement\":[{\"@type\":\"ListItem\",\"position\":1,\"name\":\"Kezd\u0151lap\",\"item\":\"https:\/\/dev.kompaktdesign.hu\/hodszolar.hu\/\"},{\"@type\":\"ListItem\",\"position\":2,\"name\":\"H\u00e1l\u00f3zatra t\u00e1pl\u00e1l\u00f3 vagy sziget \u00fczem\u0171 inverter?\"}]},{\"@type\":\"WebSite\",\"@id\":\"https:\/\/dev.kompaktdesign.hu\/hodszolar.hu\/#website\",\"url\":\"https:\/\/dev.kompaktdesign.hu\/hodszolar.hu\/\",\"name\":\"H\u00f3dszol\u00e1r\",\"description\":\"A v\u00e1s\u00e1rhelyi napelemes\",\"publisher\":{\"@id\":\"https:\/\/dev.kompaktdesign.hu\/hodszolar.hu\/#organization\"},\"potentialAction\":[{\"@type\":\"SearchAction\",\"target\":{\"@type\":\"EntryPoint\",\"urlTemplate\":\"https:\/\/dev.kompaktdesign.hu\/hodszolar.hu\/?s={search_term_string}\"},\"query-input\":\"required name=search_term_string\"}],\"inLanguage\":\"hu\"},{\"@type\":\"Organization\",\"@id\":\"https:\/\/dev.kompaktdesign.hu\/hodszolar.hu\/#organization\",\"name\":\"H\u00f3dszol\u00e1r Kft.\",\"url\":\"https:\/\/dev.kompaktdesign.hu\/hodszolar.hu\/\",\"sameAs\":[\"https:\/\/www.facebook.com\/hodszolar\"],\"logo\":{\"@type\":\"ImageObject\",\"inLanguage\":\"hu\",\"@id\":\"https:\/\/dev.kompaktdesign.hu\/hodszolar.hu\/#\/schema\/logo\/image\/\",\"url\":\"https:\/\/dev.kompaktdesign.hu\/hodszolar.hu\/wp-content\/uploads\/2021\/05\/fvicon.png\",\"contentUrl\":\"https:\/\/dev.kompaktdesign.hu\/hodszolar.hu\/wp-content\/uploads\/2021\/05\/fvicon.png\",\"width\":132,\"height\":132,\"caption\":\"H\u00f3dszol\u00e1r Kft.\"},\"image\":{\"@id\":\"https:\/\/dev.kompaktdesign.hu\/hodszolar.hu\/#\/schema\/logo\/image\/\"}},{\"@type\":\"Person\",\"@id\":\"https:\/\/dev.kompaktdesign.hu\/hodszolar.hu\/#\/schema\/person\/a788af940a3d6b2829396312340dd08c\",\"name\":\"H\u00f3dszol\u00e1r Kft.\",\"image\":{\"@type\":\"ImageObject\",\"inLanguage\":\"hu\",\"@id\":\"https:\/\/dev.kompaktdesign.hu\/hodszolar.hu\/#\/schema\/person\/image\/\",\"url\":\"https:\/\/secure.gravatar.com\/avatar\/38df000db6f2e93b7f0ccccf7714392424ca033738d34dfe71f19fdb70329830?s=96&d=mm&r=g\",\"contentUrl\":\"https:\/\/secure.gravatar.com\/avatar\/38df000db6f2e93b7f0ccccf7714392424ca033738d34dfe71f19fdb70329830?s=96&d=mm&r=g\",\"caption\":\"H\u00f3dszol\u00e1r Kft.\"},\"url\":\"https:\/\/dev.kompaktdesign.hu\/hodszolar.hu\/author\/hodszolar\/\"}]}<\/script>\n<!-- \/ Yoast SEO plugin. -->","yoast_head_json":{"title":"H\u00e1l\u00f3zatra t\u00e1pl\u00e1l\u00f3 vagy sziget \u00fczem\u0171 inverter? | H\u00f3dszol\u00e1r","robots":{"index":"noindex","follow":"follow","max-snippet":"max-snippet:-1","max-image-preview":"max-image-preview:large","max-video-preview":"max-video-preview:-1"},"og_locale":"hu_HU","og_type":"article","og_title":"H\u00e1l\u00f3zatra t\u00e1pl\u00e1l\u00f3 vagy sziget \u00fczem\u0171 inverter? | H\u00f3dszol\u00e1r","og_description":"Mint azt a h\u00e1l\u00f3zatra t\u00e1pl\u00e1l\u00f3 inverter neve is mutatja, ez az inverter t\u00edpus az \u00f6sszek\u00f6ttet\u00e9st jelenti az elektromos k\u00f6zm\u0171h\u00e1l\u00f3zat \u00e9s a napelemek k\u00f6z\u00f6tt. A probl\u00e9ma az, hogy a napelemekb\u0151l \u00e9rkez\u0151 elektromoss\u00e1gnak mind az er\u0151ss\u00e9ge, mind a fesz\u00fclts\u00e9ge igen v\u00e1ltoz\u00f3, vagyis \u00f6nmag\u00e1ban m\u00e9g egy\u00e1ltal\u00e1n nem alkalmas arra, hogy bel\u00e9pjen a k\u00f6zm\u0171h\u00e1l\u00f3zatba. \u00c9ppen ez\u00e9rt, mint ahogy azt [&hellip;]","og_url":"https:\/\/dev.kompaktdesign.hu\/hodszolar.hu\/2021\/08\/09\/halozatra-taplalo-vagy-sziget-uzemu-inverter\/","og_site_name":"H\u00f3dszol\u00e1r","article_publisher":"https:\/\/www.facebook.com\/hodszolar","article_published_time":"2021-08-09T13:18:34+00:00","article_modified_time":"2022-01-19T10:39:19+00:00","og_image":[{"width":850,"height":550,"url":"https:\/\/dev.kompaktdesign.hu\/hodszolar.hu\/wp-content\/uploads\/2021\/08\/North_Texas_Power_Co_Support_Solar.jpg","type":"image\/jpeg"}],"author":"H\u00f3dszol\u00e1r Kft.","twitter_card":"summary_large_image","twitter_misc":{"Szerz\u0151:":"H\u00f3dszol\u00e1r Kft.","Becs\u00fclt olvas\u00e1si id\u0151":"2 perc"},"schema":{"@context":"https:\/\/schema.org","@graph":[{"@type":"Article","@id":"https:\/\/dev.kompaktdesign.hu\/hodszolar.hu\/2021\/08\/09\/halozatra-taplalo-vagy-sziget-uzemu-inverter\/#article","isPartOf":{"@id":"https:\/\/dev.kompaktdesign.hu\/hodszolar.hu\/2021\/08\/09\/halozatra-taplalo-vagy-sziget-uzemu-inverter\/"},"author":{"name":"H\u00f3dszol\u00e1r Kft.","@id":"https:\/\/dev.kompaktdesign.hu\/hodszolar.hu\/#\/schema\/person\/a788af940a3d6b2829396312340dd08c"},"headline":"H\u00e1l\u00f3zatra t\u00e1pl\u00e1l\u00f3 vagy sziget \u00fczem\u0171 inverter?","datePublished":"2021-08-09T13:18:34+00:00","dateModified":"2022-01-19T10:39:19+00:00","mainEntityOfPage":{"@id":"https:\/\/dev.kompaktdesign.hu\/hodszolar.hu\/2021\/08\/09\/halozatra-taplalo-vagy-sziget-uzemu-inverter\/"},"wordCount":638,"commentCount":0,"publisher":{"@id":"https:\/\/dev.kompaktdesign.hu\/hodszolar.hu\/#organization"},"articleSection":["Egy\u00e9b kateg\u00f3ria"],"inLanguage":"hu","potentialAction":[{"@type":"CommentAction","name":"Comment","target":["https:\/\/dev.kompaktdesign.hu\/hodszolar.hu\/2021\/08\/09\/halozatra-taplalo-vagy-sziget-uzemu-inverter\/#respond"]}]},{"@type":"WebPage","@id":"https:\/\/dev.kompaktdesign.hu\/hodszolar.hu\/2021\/08\/09\/halozatra-taplalo-vagy-sziget-uzemu-inverter\/","url":"https:\/\/dev.kompaktdesign.hu\/hodszolar.hu\/2021\/08\/09\/halozatra-taplalo-vagy-sziget-uzemu-inverter\/","name":"H\u00e1l\u00f3zatra t\u00e1pl\u00e1l\u00f3 vagy sziget \u00fczem\u0171 inverter? | H\u00f3dszol\u00e1r","isPartOf":{"@id":"https:\/\/dev.kompaktdesign.hu\/hodszolar.hu\/#website"},"datePublished":"2021-08-09T13:18:34+00:00","dateModified":"2022-01-19T10:39:19+00:00","breadcrumb":{"@id":"https:\/\/dev.kompaktdesign.hu\/hodszolar.hu\/2021\/08\/09\/halozatra-taplalo-vagy-sziget-uzemu-inverter\/#breadcrumb"},"inLanguage":"hu","potentialAction":[{"@type":"ReadAction","target":["https:\/\/dev.kompaktdesign.hu\/hodszolar.hu\/2021\/08\/09\/halozatra-taplalo-vagy-sziget-uzemu-inverter\/"]}]},{"@type":"BreadcrumbList","@id":"https:\/\/dev.kompaktdesign.hu\/hodszolar.hu\/2021\/08\/09\/halozatra-taplalo-vagy-sziget-uzemu-inverter\/#breadcrumb","itemListElement":[{"@type":"ListItem","position":1,"name":"Kezd\u0151lap","item":"https:\/\/dev.kompaktdesign.hu\/hodszolar.hu\/"},{"@type":"ListItem","position":2,"name":"H\u00e1l\u00f3zatra t\u00e1pl\u00e1l\u00f3 vagy sziget \u00fczem\u0171 inverter?"}]},{"@type":"WebSite","@id":"https:\/\/dev.kompaktdesign.hu\/hodszolar.hu\/#website","url":"https:\/\/dev.kompaktdesign.hu\/hodszolar.hu\/","name":"H\u00f3dszol\u00e1r","description":"A v\u00e1s\u00e1rhelyi napelemes","publisher":{"@id":"https:\/\/dev.kompaktdesign.hu\/hodszolar.hu\/#organization"},"potentialAction":[{"@type":"SearchAction","target":{"@type":"EntryPoint","urlTemplate":"https:\/\/dev.kompaktdesign.hu\/hodszolar.hu\/?s={search_term_string}"},"query-input":"required name=search_term_string"}],"inLanguage":"hu"},{"@type":"Organization","@id":"https:\/\/dev.kompaktdesign.hu\/hodszolar.hu\/#organization","name":"H\u00f3dszol\u00e1r Kft.","url":"https:\/\/dev.kompaktdesign.hu\/hodszolar.hu\/","sameAs":["https:\/\/www.facebook.com\/hodszolar"],"logo":{"@type":"ImageObject","inLanguage":"hu","@id":"https:\/\/dev.kompaktdesign.hu\/hodszolar.hu\/#\/schema\/logo\/image\/","url":"https:\/\/dev.kompaktdesign.hu\/hodszolar.hu\/wp-content\/uploads\/2021\/05\/fvicon.png","contentUrl":"https:\/\/dev.kompaktdesign.hu\/hodszolar.hu\/wp-content\/uploads\/2021\/05\/fvicon.png","width":132,"height":132,"caption":"H\u00f3dszol\u00e1r Kft."},"image":{"@id":"https:\/\/dev.kompaktdesign.hu\/hodszolar.hu\/#\/schema\/logo\/image\/"}},{"@type":"Person","@id":"https:\/\/dev.kompaktdesign.hu\/hodszolar.hu\/#\/schema\/person\/a788af940a3d6b2829396312340dd08c","name":"H\u00f3dszol\u00e1r Kft.","image":{"@type":"ImageObject","inLanguage":"hu","@id":"https:\/\/dev.kompaktdesign.hu\/hodszolar.hu\/#\/schema\/person\/image\/","url":"https:\/\/secure.gravatar.com\/avatar\/38df000db6f2e93b7f0ccccf7714392424ca033738d34dfe71f19fdb70329830?s=96&d=mm&r=g","contentUrl":"https:\/\/secure.gravatar.com\/avatar\/38df000db6f2e93b7f0ccccf7714392424ca033738d34dfe71f19fdb70329830?s=96&d=mm&r=g","caption":"H\u00f3dszol\u00e1r Kft."},"url":"https:\/\/dev.kompaktdesign.hu\/hodszolar.hu\/author\/hodszolar\/"}]}},"_links":{"self":[{"href":"https:\/\/dev.kompaktdesign.hu\/hodszolar.hu\/wp-json\/wp\/v2\/posts\/513","targetHints":{"allow":["GET"]}}],"collection":[{"href":"https:\/\/dev.kompaktdesign.hu\/hodszolar.hu\/wp-json\/wp\/v2\/posts"}],"about":[{"href":"https:\/\/dev.kompaktdesign.hu\/hodszolar.hu\/wp-json\/wp\/v2\/types\/post"}],"author":[{"embeddable":true,"href":"https:\/\/dev.kompaktdesign.hu\/hodszolar.hu\/wp-json\/wp\/v2\/users\/3"}],"replies":[{"embeddable":true,"href":"https:\/\/dev.kompaktdesign.hu\/hodszolar.hu\/wp-json\/wp\/v2\/comments?post=513"}],"version-history":[{"count":2,"href":"https:\/\/dev.kompaktdesign.hu\/hodszolar.hu\/wp-json\/wp\/v2\/posts\/513\/revisions"}],"predecessor-version":[{"id":838,"href":"https:\/\/dev.kompaktdesign.hu\/hodszolar.hu\/wp-json\/wp\/v2\/posts\/513\/revisions\/838"}],"wp:featuredmedia":[{"embeddable":true,"href":"https:\/\/dev.kompaktdesign.hu\/hodszolar.hu\/wp-json\/wp\/v2\/media\/514"}],"wp:attachment":[{"href":"https:\/\/dev.kompaktdesign.hu\/hodszolar.hu\/wp-json\/wp\/v2\/media?parent=513"}],"wp:term":[{"taxonomy":"category","embeddable":true,"href":"https:\/\/dev.kompaktdesign.hu\/hodszolar.hu\/wp-json\/wp\/v2\/categories?post=513"},{"taxonomy":"post_tag","embeddable":true,"href":"https:\/\/dev.kompaktdesign.hu\/hodszolar.hu\/wp-json\/wp\/v2\/tags?post=513"}],"curies":[{"name":"wp","href":"https:\/\/api.w.org\/{rel}","templated":true}]}}