{"id":518,"date":"2021-08-10T13:52:30","date_gmt":"2021-08-10T13:52:30","guid":{"rendered":"https:\/\/hodszolar.hu\/?p=518"},"modified":"2021-08-10T13:52:31","modified_gmt":"2021-08-10T13:52:31","slug":"smart-energiamenedzsment","status":"publish","type":"post","link":"https:\/\/dev.kompaktdesign.hu\/hodszolar.hu\/2021\/08\/10\/smart-energiamenedzsment\/","title":{"rendered":"Smart energiamenedzsment"},"content":{"rendered":"\n<p>Egy \u00faj lehet\u0151s\u00e9get mutatunk be azok sz\u00e1m\u00e1ra, akiknek m\u00e1r van napelemes rendszer\u00fck. A smart energiamenedzsment gyakorlatilag egy fogyaszt\u00e1s fel\u00fcgyelet, amelyet kifejezetten azoknak aj\u00e1nljuk, akiknek SolarEdge inverter\u00fck van.<\/p>\n\n\n\n<p><strong>Mit tud a smart energiamenedzsment?<\/strong><\/p>\n\n\n\n<p>Az eszk\u00f6z l\u00e9nyege, hogy pontosan figyelemmel tudjuk k\u00eds\u00e9rni:<\/p>\n\n\n\n<ul class=\"wp-block-list\"><li>hogy mennyi energi\u00e1t termel a napelemes rendszer\u00fcnk<\/li><li>a megtermelt energi\u00e1b\u00f3l mennyit t\u00e1pl\u00e1l be a h\u00e1l\u00f3zatba<\/li><li>a megtermelt energi\u00e1b\u00f3l mennyit haszn\u00e1lunk el a termel\u00e9s id\u0151szak\u00e1ban<\/li><li>mennyi a v\u00e9telezett energia mennyis\u00e9ge a h\u00e1l\u00f3zatb\u00f3l<\/li><\/ul>\n\n\n\n<p>Az eredm\u00e9nyeket sz\u00e1zal\u00e9kos ar\u00e1nyban, illetve oszlopdiagramokon is nyomon tudjuk k\u00f6vetni, \u00edgy pontos adatokat kaphatunk a termel\u00e9s\u00fcnkr\u0151l \u00e9s a felhaszn\u00e1l\u00e1sunkr\u00f3l. Ennek k\u00f6sz\u00f6nhet\u0151en optimaliz\u00e1lhatjuk a fogyaszt\u00e1sunkat. Ez a lehet\u0151s\u00e9g integr\u00e1lva van az \u00f6sszes SolarEdge inverterben \u00e9s csak ki\u00e9p\u00edt\u00e9st ig\u00e9nyel egy \u00fan. Modbus m\u00e9r\u0151vel, amelyet szint\u00e9n a SolarEdge gy\u00e1rt.<\/p>\n\n\n\n<h2 class=\"wp-block-heading\">Mi\u00e9rt hasznos az energiamenedzsment?<\/h2>\n\n\n\n<p>A fogyaszt\u00e1s fel\u00fcgyelet lehet\u0151v\u00e9 teszi, hogy alkalmazkodjunk a fogyaszt\u00e1sunkkal a napelemes rendszer\u00fcnk termel\u00e9s\u00e9hez, \u00edgy szab\u00e1lyozhatjuk a fogyaszt\u00e1sunkat \u00e9s minimaliz\u00e1lhatjuk az elektromos k\u00f6lts\u00e9geket. A napelemes rendszer \u00fczemeltet\u0151knek az a legoptim\u00e1lisabb, ha a termel\u00e9s id\u0151szak\u00e1ban haszn\u00e1lj\u00e1k az \u00e1ramot. Teh\u00e1t ha valakinek id\u0151z\u00edthet\u0151 a mosogat\u00f3g\u00e9pe vagy mos\u00f3g\u00e9pe, aj\u00e1nljuk, hogy a naps\u00fct\u00e9s \u00f3r\u00e1kban ind\u00edtsa el a programot. Tapasztalatb\u00f3l tudjuk, hogy bizonyos csal\u00e1dokn\u00e1l, ahol fontos az energiatudatoss\u00e1g, ak\u00e1r teljes m\u00e9rt\u00e9kben megv\u00e1ltoztathatja a fogyaszt\u00e1si szok\u00e1saikat egy napelemes rendszer.<\/p>\n\n\n\n<p>Azt fontos tudni, hogy az ad-vesz m\u00e9r\u0151 nem mutatja meg, hogy pontosan mennyit termelt a napelemes rendszer\u00fcnk, ugyanis a termel\u00e9s k\u00f6zben felhaszn\u00e1lt energi\u00e1t nem r\u00f6gz\u00edti a m\u00e9r\u0151.<\/p>\n\n\n\n<p>Akik nyomon szeretn\u00e9k k\u00f6vetni a pontos termel\u00e9st \u00e9s felhaszn\u00e1l\u00e1st, szeretik az adatokat \u00e9s a statisztik\u00e1kat, azoknak meleg sz\u00edvvel aj\u00e1nljuk ezt az extra szolg\u00e1ltat\u00e1st.<\/p>\n\n\n\n<h2 class=\"wp-block-heading\">Mi sz\u00fcks\u00e9ges hozz\u00e1?<\/h2>\n\n\n\n<p>A smart energiamenedzsment rendszer \u00fczemeltet\u00e9s\u00e9hez egy kis eszk\u00f6zt kell telep\u00edteni a napelemes rendszer mell\u00e9. Ez ak\u00e1r a napelemes rendszer ki\u00e9p\u00edt\u00e9se sor\u00e1n vagy ut\u00f3lag is telep\u00edthet\u0151.<\/p>\n\n\n\n<p><strong>Az okos energiafelhaszn\u00e1l\u00e1s cs\u00f6kkenti a villanysz\u00e1ml\u00e1t<\/strong><\/p>\n\n\n\n<p>A villamos energia \u00e1rak folyamatosan emelkednek a vil\u00e1gon. Ez \u00f6szt\u00f6nzi a napelemes rendszerek telep\u00edt\u00e9s\u00e9t melyek seg\u00edts\u00e9g\u00e9vel a h\u00e1l\u00f3zatb\u00f3l felvett ipari \u00e9s h\u00e1ztart\u00e1si fogyaszt\u00e1s is cs\u00f6kkenhet. N\u00e9h\u00e1ny helyi rendelet D\u00e9l-Afrik\u00e1ban nem teszi lehet\u0151v\u00e9 a h\u00e1l\u00f3zatba visszat\u00e1pl\u00e1l\u00e1st, vagy korl\u00e1tozz\u00e1k a visszat\u00e1pl\u00e1lhat\u00f3 teljes\u00edtm\u00e9nyt. Ez\u00e9rt egy energia gazd\u00e1lkod\u00e1si rendszer t\u00e1mogatja a telep\u00edtett napelemes rendszereket, ahol a visszat\u00e1pl\u00e1l\u00e1s le van tiltva vagy korl\u00e1tozva van.<\/p>\n\n\n\n<p>A SolarEdge Smart Energiamenedzsment megold\u00e1st ny\u00fajt a bet\u00e1pl\u00e1l\u00e1s korl\u00e1toz\u00e1s\u00e1ra. A SolarEdge inverterben a be\u00e9p\u00edtett szoftver, dinamikusan be\u00e1ll\u00edtja a napelemek \u00e1ramtermel\u00e9s\u00e9t. Ez lehet\u0151v\u00e9 teszi a rendszer tulajdonosoknak, hogy b\u00e1rmekkora m\u00e9ret\u0171 napelem rendszert telep\u00edtsenek, mik\u00f6zben biztos\u00edtja, hogy a h\u00e1l\u00f3zatba t\u00e1pl\u00e1lt teljes\u00edtm\u00e9ny ne haladja meg a korl\u00e1toz\u00e1st.<\/p>\n","protected":false},"excerpt":{"rendered":"<p>Egy \u00faj lehet\u0151s\u00e9get mutatunk be azok sz\u00e1m\u00e1ra, akiknek m\u00e1r van napelemes rendszer\u00fck. A smart energiamenedzsment gyakorlatilag egy fogyaszt\u00e1s fel\u00fcgyelet, amelyet kifejezetten azoknak aj\u00e1nljuk, akiknek SolarEdge inverter\u00fck van. Mit tud a smart energiamenedzsment? Az eszk\u00f6z l\u00e9nyege, hogy pontosan figyelemmel tudjuk k\u00eds\u00e9rni: hogy mennyi energi\u00e1t termel a napelemes rendszer\u00fcnk a megtermelt energi\u00e1b\u00f3l mennyit t\u00e1pl\u00e1l be a h\u00e1l\u00f3zatba [&hellip;]<\/p>\n","protected":false},"author":3,"featured_media":519,"comment_status":"open","ping_status":"open","sticky":false,"template":"","format":"standard","meta":{"footnotes":""},"categories":[1],"tags":[],"class_list":["post-518","post","type-post","status-publish","format-standard","has-post-thumbnail","hentry","category-egyeb"],"yoast_head":"<!-- This site is optimized with the Yoast SEO plugin v19.5.1 - https:\/\/yoast.com\/wordpress\/plugins\/seo\/ -->\n<title>Smart energiamenedzsment | H\u00f3dszol\u00e1r<\/title>\n<meta name=\"robots\" content=\"noindex, follow, max-snippet:-1, max-image-preview:large, max-video-preview:-1\" \/>\n<meta property=\"og:locale\" content=\"hu_HU\" \/>\n<meta property=\"og:type\" content=\"article\" \/>\n<meta property=\"og:title\" content=\"Smart energiamenedzsment | H\u00f3dszol\u00e1r\" \/>\n<meta property=\"og:description\" content=\"Egy \u00faj lehet\u0151s\u00e9get mutatunk be azok sz\u00e1m\u00e1ra, akiknek m\u00e1r van napelemes rendszer\u00fck. A smart energiamenedzsment gyakorlatilag egy fogyaszt\u00e1s fel\u00fcgyelet, amelyet kifejezetten azoknak aj\u00e1nljuk, akiknek SolarEdge inverter\u00fck van. Mit tud a smart energiamenedzsment? Az eszk\u00f6z l\u00e9nyege, hogy pontosan figyelemmel tudjuk k\u00eds\u00e9rni: hogy mennyi energi\u00e1t termel a napelemes rendszer\u00fcnk a megtermelt energi\u00e1b\u00f3l mennyit t\u00e1pl\u00e1l be a h\u00e1l\u00f3zatba [&hellip;]\" \/>\n<meta property=\"og:url\" content=\"https:\/\/dev.kompaktdesign.hu\/hodszolar.hu\/2021\/08\/10\/smart-energiamenedzsment\/\" \/>\n<meta property=\"og:site_name\" content=\"H\u00f3dszol\u00e1r\" \/>\n<meta property=\"article:publisher\" content=\"https:\/\/www.facebook.com\/hodszolar\" \/>\n<meta property=\"article:published_time\" content=\"2021-08-10T13:52:30+00:00\" \/>\n<meta property=\"article:modified_time\" content=\"2021-08-10T13:52:31+00:00\" \/>\n<meta property=\"og:image\" content=\"https:\/\/dev.kompaktdesign.hu\/hodszolar.hu\/wp-content\/uploads\/2021\/08\/Nevtelen-terv-1.png\" \/>\n\t<meta property=\"og:image:width\" content=\"1080\" \/>\n\t<meta property=\"og:image:height\" content=\"1080\" \/>\n\t<meta property=\"og:image:type\" content=\"image\/png\" \/>\n<meta name=\"author\" content=\"H\u00f3dszol\u00e1r Kft.\" \/>\n<meta name=\"twitter:card\" content=\"summary_large_image\" \/>\n<meta name=\"twitter:label1\" content=\"Szerz\u0151:\" \/>\n\t<meta name=\"twitter:data1\" content=\"H\u00f3dszol\u00e1r Kft.\" \/>\n\t<meta name=\"twitter:label2\" content=\"Becs\u00fclt olvas\u00e1si id\u0151\" \/>\n\t<meta name=\"twitter:data2\" content=\"2 perc\" \/>\n<script type=\"application\/ld+json\" class=\"yoast-schema-graph\">{\"@context\":\"https:\/\/schema.org\",\"@graph\":[{\"@type\":\"Article\",\"@id\":\"https:\/\/dev.kompaktdesign.hu\/hodszolar.hu\/2021\/08\/10\/smart-energiamenedzsment\/#article\",\"isPartOf\":{\"@id\":\"https:\/\/dev.kompaktdesign.hu\/hodszolar.hu\/2021\/08\/10\/smart-energiamenedzsment\/\"},\"author\":{\"name\":\"H\u00f3dszol\u00e1r Kft.\",\"@id\":\"https:\/\/dev.kompaktdesign.hu\/hodszolar.hu\/#\/schema\/person\/a788af940a3d6b2829396312340dd08c\"},\"headline\":\"Smart energiamenedzsment\",\"datePublished\":\"2021-08-10T13:52:30+00:00\",\"dateModified\":\"2021-08-10T13:52:31+00:00\",\"mainEntityOfPage\":{\"@id\":\"https:\/\/dev.kompaktdesign.hu\/hodszolar.hu\/2021\/08\/10\/smart-energiamenedzsment\/\"},\"wordCount\":586,\"commentCount\":0,\"publisher\":{\"@id\":\"https:\/\/dev.kompaktdesign.hu\/hodszolar.hu\/#organization\"},\"articleSection\":[\"Egy\u00e9b kateg\u00f3ria\"],\"inLanguage\":\"hu\",\"potentialAction\":[{\"@type\":\"CommentAction\",\"name\":\"Comment\",\"target\":[\"https:\/\/dev.kompaktdesign.hu\/hodszolar.hu\/2021\/08\/10\/smart-energiamenedzsment\/#respond\"]}]},{\"@type\":\"WebPage\",\"@id\":\"https:\/\/dev.kompaktdesign.hu\/hodszolar.hu\/2021\/08\/10\/smart-energiamenedzsment\/\",\"url\":\"https:\/\/dev.kompaktdesign.hu\/hodszolar.hu\/2021\/08\/10\/smart-energiamenedzsment\/\",\"name\":\"Smart energiamenedzsment | H\u00f3dszol\u00e1r\",\"isPartOf\":{\"@id\":\"https:\/\/dev.kompaktdesign.hu\/hodszolar.hu\/#website\"},\"datePublished\":\"2021-08-10T13:52:30+00:00\",\"dateModified\":\"2021-08-10T13:52:31+00:00\",\"breadcrumb\":{\"@id\":\"https:\/\/dev.kompaktdesign.hu\/hodszolar.hu\/2021\/08\/10\/smart-energiamenedzsment\/#breadcrumb\"},\"inLanguage\":\"hu\",\"potentialAction\":[{\"@type\":\"ReadAction\",\"target\":[\"https:\/\/dev.kompaktdesign.hu\/hodszolar.hu\/2021\/08\/10\/smart-energiamenedzsment\/\"]}]},{\"@type\":\"BreadcrumbList\",\"@id\":\"https:\/\/dev.kompaktdesign.hu\/hodszolar.hu\/2021\/08\/10\/smart-energiamenedzsment\/#breadcrumb\",\"itemListElement\":[{\"@type\":\"ListItem\",\"position\":1,\"name\":\"Kezd\u0151lap\",\"item\":\"https:\/\/dev.kompaktdesign.hu\/hodszolar.hu\/\"},{\"@type\":\"ListItem\",\"position\":2,\"name\":\"Smart energiamenedzsment\"}]},{\"@type\":\"WebSite\",\"@id\":\"https:\/\/dev.kompaktdesign.hu\/hodszolar.hu\/#website\",\"url\":\"https:\/\/dev.kompaktdesign.hu\/hodszolar.hu\/\",\"name\":\"H\u00f3dszol\u00e1r\",\"description\":\"A v\u00e1s\u00e1rhelyi napelemes\",\"publisher\":{\"@id\":\"https:\/\/dev.kompaktdesign.hu\/hodszolar.hu\/#organization\"},\"potentialAction\":[{\"@type\":\"SearchAction\",\"target\":{\"@type\":\"EntryPoint\",\"urlTemplate\":\"https:\/\/dev.kompaktdesign.hu\/hodszolar.hu\/?s={search_term_string}\"},\"query-input\":\"required name=search_term_string\"}],\"inLanguage\":\"hu\"},{\"@type\":\"Organization\",\"@id\":\"https:\/\/dev.kompaktdesign.hu\/hodszolar.hu\/#organization\",\"name\":\"H\u00f3dszol\u00e1r Kft.\",\"url\":\"https:\/\/dev.kompaktdesign.hu\/hodszolar.hu\/\",\"sameAs\":[\"https:\/\/www.facebook.com\/hodszolar\"],\"logo\":{\"@type\":\"ImageObject\",\"inLanguage\":\"hu\",\"@id\":\"https:\/\/dev.kompaktdesign.hu\/hodszolar.hu\/#\/schema\/logo\/image\/\",\"url\":\"https:\/\/dev.kompaktdesign.hu\/hodszolar.hu\/wp-content\/uploads\/2021\/05\/fvicon.png\",\"contentUrl\":\"https:\/\/dev.kompaktdesign.hu\/hodszolar.hu\/wp-content\/uploads\/2021\/05\/fvicon.png\",\"width\":132,\"height\":132,\"caption\":\"H\u00f3dszol\u00e1r Kft.\"},\"image\":{\"@id\":\"https:\/\/dev.kompaktdesign.hu\/hodszolar.hu\/#\/schema\/logo\/image\/\"}},{\"@type\":\"Person\",\"@id\":\"https:\/\/dev.kompaktdesign.hu\/hodszolar.hu\/#\/schema\/person\/a788af940a3d6b2829396312340dd08c\",\"name\":\"H\u00f3dszol\u00e1r Kft.\",\"image\":{\"@type\":\"ImageObject\",\"inLanguage\":\"hu\",\"@id\":\"https:\/\/dev.kompaktdesign.hu\/hodszolar.hu\/#\/schema\/person\/image\/\",\"url\":\"https:\/\/secure.gravatar.com\/avatar\/38df000db6f2e93b7f0ccccf7714392424ca033738d34dfe71f19fdb70329830?s=96&d=mm&r=g\",\"contentUrl\":\"https:\/\/secure.gravatar.com\/avatar\/38df000db6f2e93b7f0ccccf7714392424ca033738d34dfe71f19fdb70329830?s=96&d=mm&r=g\",\"caption\":\"H\u00f3dszol\u00e1r Kft.\"},\"url\":\"https:\/\/dev.kompaktdesign.hu\/hodszolar.hu\/author\/hodszolar\/\"}]}<\/script>\n<!-- \/ Yoast SEO plugin. -->","yoast_head_json":{"title":"Smart energiamenedzsment | H\u00f3dszol\u00e1r","robots":{"index":"noindex","follow":"follow","max-snippet":"max-snippet:-1","max-image-preview":"max-image-preview:large","max-video-preview":"max-video-preview:-1"},"og_locale":"hu_HU","og_type":"article","og_title":"Smart energiamenedzsment | H\u00f3dszol\u00e1r","og_description":"Egy \u00faj lehet\u0151s\u00e9get mutatunk be azok sz\u00e1m\u00e1ra, akiknek m\u00e1r van napelemes rendszer\u00fck. A smart energiamenedzsment gyakorlatilag egy fogyaszt\u00e1s fel\u00fcgyelet, amelyet kifejezetten azoknak aj\u00e1nljuk, akiknek SolarEdge inverter\u00fck van. Mit tud a smart energiamenedzsment? Az eszk\u00f6z l\u00e9nyege, hogy pontosan figyelemmel tudjuk k\u00eds\u00e9rni: hogy mennyi energi\u00e1t termel a napelemes rendszer\u00fcnk a megtermelt energi\u00e1b\u00f3l mennyit t\u00e1pl\u00e1l be a h\u00e1l\u00f3zatba [&hellip;]","og_url":"https:\/\/dev.kompaktdesign.hu\/hodszolar.hu\/2021\/08\/10\/smart-energiamenedzsment\/","og_site_name":"H\u00f3dszol\u00e1r","article_publisher":"https:\/\/www.facebook.com\/hodszolar","article_published_time":"2021-08-10T13:52:30+00:00","article_modified_time":"2021-08-10T13:52:31+00:00","og_image":[{"width":1080,"height":1080,"url":"https:\/\/dev.kompaktdesign.hu\/hodszolar.hu\/wp-content\/uploads\/2021\/08\/Nevtelen-terv-1.png","type":"image\/png"}],"author":"H\u00f3dszol\u00e1r Kft.","twitter_card":"summary_large_image","twitter_misc":{"Szerz\u0151:":"H\u00f3dszol\u00e1r Kft.","Becs\u00fclt olvas\u00e1si id\u0151":"2 perc"},"schema":{"@context":"https:\/\/schema.org","@graph":[{"@type":"Article","@id":"https:\/\/dev.kompaktdesign.hu\/hodszolar.hu\/2021\/08\/10\/smart-energiamenedzsment\/#article","isPartOf":{"@id":"https:\/\/dev.kompaktdesign.hu\/hodszolar.hu\/2021\/08\/10\/smart-energiamenedzsment\/"},"author":{"name":"H\u00f3dszol\u00e1r Kft.","@id":"https:\/\/dev.kompaktdesign.hu\/hodszolar.hu\/#\/schema\/person\/a788af940a3d6b2829396312340dd08c"},"headline":"Smart energiamenedzsment","datePublished":"2021-08-10T13:52:30+00:00","dateModified":"2021-08-10T13:52:31+00:00","mainEntityOfPage":{"@id":"https:\/\/dev.kompaktdesign.hu\/hodszolar.hu\/2021\/08\/10\/smart-energiamenedzsment\/"},"wordCount":586,"commentCount":0,"publisher":{"@id":"https:\/\/dev.kompaktdesign.hu\/hodszolar.hu\/#organization"},"articleSection":["Egy\u00e9b kateg\u00f3ria"],"inLanguage":"hu","potentialAction":[{"@type":"CommentAction","name":"Comment","target":["https:\/\/dev.kompaktdesign.hu\/hodszolar.hu\/2021\/08\/10\/smart-energiamenedzsment\/#respond"]}]},{"@type":"WebPage","@id":"https:\/\/dev.kompaktdesign.hu\/hodszolar.hu\/2021\/08\/10\/smart-energiamenedzsment\/","url":"https:\/\/dev.kompaktdesign.hu\/hodszolar.hu\/2021\/08\/10\/smart-energiamenedzsment\/","name":"Smart energiamenedzsment | H\u00f3dszol\u00e1r","isPartOf":{"@id":"https:\/\/dev.kompaktdesign.hu\/hodszolar.hu\/#website"},"datePublished":"2021-08-10T13:52:30+00:00","dateModified":"2021-08-10T13:52:31+00:00","breadcrumb":{"@id":"https:\/\/dev.kompaktdesign.hu\/hodszolar.hu\/2021\/08\/10\/smart-energiamenedzsment\/#breadcrumb"},"inLanguage":"hu","potentialAction":[{"@type":"ReadAction","target":["https:\/\/dev.kompaktdesign.hu\/hodszolar.hu\/2021\/08\/10\/smart-energiamenedzsment\/"]}]},{"@type":"BreadcrumbList","@id":"https:\/\/dev.kompaktdesign.hu\/hodszolar.hu\/2021\/08\/10\/smart-energiamenedzsment\/#breadcrumb","itemListElement":[{"@type":"ListItem","position":1,"name":"Kezd\u0151lap","item":"https:\/\/dev.kompaktdesign.hu\/hodszolar.hu\/"},{"@type":"ListItem","position":2,"name":"Smart energiamenedzsment"}]},{"@type":"WebSite","@id":"https:\/\/dev.kompaktdesign.hu\/hodszolar.hu\/#website","url":"https:\/\/dev.kompaktdesign.hu\/hodszolar.hu\/","name":"H\u00f3dszol\u00e1r","description":"A v\u00e1s\u00e1rhelyi napelemes","publisher":{"@id":"https:\/\/dev.kompaktdesign.hu\/hodszolar.hu\/#organization"},"potentialAction":[{"@type":"SearchAction","target":{"@type":"EntryPoint","urlTemplate":"https:\/\/dev.kompaktdesign.hu\/hodszolar.hu\/?s={search_term_string}"},"query-input":"required name=search_term_string"}],"inLanguage":"hu"},{"@type":"Organization","@id":"https:\/\/dev.kompaktdesign.hu\/hodszolar.hu\/#organization","name":"H\u00f3dszol\u00e1r Kft.","url":"https:\/\/dev.kompaktdesign.hu\/hodszolar.hu\/","sameAs":["https:\/\/www.facebook.com\/hodszolar"],"logo":{"@type":"ImageObject","inLanguage":"hu","@id":"https:\/\/dev.kompaktdesign.hu\/hodszolar.hu\/#\/schema\/logo\/image\/","url":"https:\/\/dev.kompaktdesign.hu\/hodszolar.hu\/wp-content\/uploads\/2021\/05\/fvicon.png","contentUrl":"https:\/\/dev.kompaktdesign.hu\/hodszolar.hu\/wp-content\/uploads\/2021\/05\/fvicon.png","width":132,"height":132,"caption":"H\u00f3dszol\u00e1r Kft."},"image":{"@id":"https:\/\/dev.kompaktdesign.hu\/hodszolar.hu\/#\/schema\/logo\/image\/"}},{"@type":"Person","@id":"https:\/\/dev.kompaktdesign.hu\/hodszolar.hu\/#\/schema\/person\/a788af940a3d6b2829396312340dd08c","name":"H\u00f3dszol\u00e1r Kft.","image":{"@type":"ImageObject","inLanguage":"hu","@id":"https:\/\/dev.kompaktdesign.hu\/hodszolar.hu\/#\/schema\/person\/image\/","url":"https:\/\/secure.gravatar.com\/avatar\/38df000db6f2e93b7f0ccccf7714392424ca033738d34dfe71f19fdb70329830?s=96&d=mm&r=g","contentUrl":"https:\/\/secure.gravatar.com\/avatar\/38df000db6f2e93b7f0ccccf7714392424ca033738d34dfe71f19fdb70329830?s=96&d=mm&r=g","caption":"H\u00f3dszol\u00e1r Kft."},"url":"https:\/\/dev.kompaktdesign.hu\/hodszolar.hu\/author\/hodszolar\/"}]}},"_links":{"self":[{"href":"https:\/\/dev.kompaktdesign.hu\/hodszolar.hu\/wp-json\/wp\/v2\/posts\/518","targetHints":{"allow":["GET"]}}],"collection":[{"href":"https:\/\/dev.kompaktdesign.hu\/hodszolar.hu\/wp-json\/wp\/v2\/posts"}],"about":[{"href":"https:\/\/dev.kompaktdesign.hu\/hodszolar.hu\/wp-json\/wp\/v2\/types\/post"}],"author":[{"embeddable":true,"href":"https:\/\/dev.kompaktdesign.hu\/hodszolar.hu\/wp-json\/wp\/v2\/users\/3"}],"replies":[{"embeddable":true,"href":"https:\/\/dev.kompaktdesign.hu\/hodszolar.hu\/wp-json\/wp\/v2\/comments?post=518"}],"version-history":[{"count":1,"href":"https:\/\/dev.kompaktdesign.hu\/hodszolar.hu\/wp-json\/wp\/v2\/posts\/518\/revisions"}],"predecessor-version":[{"id":520,"href":"https:\/\/dev.kompaktdesign.hu\/hodszolar.hu\/wp-json\/wp\/v2\/posts\/518\/revisions\/520"}],"wp:featuredmedia":[{"embeddable":true,"href":"https:\/\/dev.kompaktdesign.hu\/hodszolar.hu\/wp-json\/wp\/v2\/media\/519"}],"wp:attachment":[{"href":"https:\/\/dev.kompaktdesign.hu\/hodszolar.hu\/wp-json\/wp\/v2\/media?parent=518"}],"wp:term":[{"taxonomy":"category","embeddable":true,"href":"https:\/\/dev.kompaktdesign.hu\/hodszolar.hu\/wp-json\/wp\/v2\/categories?post=518"},{"taxonomy":"post_tag","embeddable":true,"href":"https:\/\/dev.kompaktdesign.hu\/hodszolar.hu\/wp-json\/wp\/v2\/tags?post=518"}],"curies":[{"name":"wp","href":"https:\/\/api.w.org\/{rel}","templated":true}]}}