{"id":522,"date":"2021-08-11T12:43:25","date_gmt":"2021-08-11T12:43:25","guid":{"rendered":"https:\/\/hodszolar.hu\/?p=522"},"modified":"2021-08-11T12:43:26","modified_gmt":"2021-08-11T12:43:26","slug":"tobblettermeles-elszamolasa-az-aramszolgaltatoval","status":"publish","type":"post","link":"https:\/\/dev.kompaktdesign.hu\/hodszolar.hu\/2021\/08\/11\/tobblettermeles-elszamolasa-az-aramszolgaltatoval\/","title":{"rendered":"T\u00f6bblettermel\u00e9s elsz\u00e1mol\u00e1sa az \u00e1ramszolg\u00e1ltat\u00f3val"},"content":{"rendered":"\n<p>Sokakat foglalkoztat, hogy mi a teend\u0151 a napelemek t\u00faltermel\u00e9se, vagyis a pillanatnyi fogyaszt\u00e1sn\u00e1l nagyobb \u00e1ramtermel\u00e9s eset\u00e9n. Blogbejegyz\u00e9s\u00fcnkben az ilyen esetekre vonatkoz\u00f3an ny\u00fajtunk t\u00e1j\u00e9koztat\u00e1st arr\u00f3l, hogy mi is a teend\u0151je a termel\u0151 fogyaszt\u00f3nak \u00e9s hogyan \u00e9rinti ez a h\u00e1l\u00f3zati szolg\u00e1ltat\u00f3t.<\/p>\n\n\n\n<p><strong>A napelem t\u00faltermel\u00e9s jelent\u00e9se<\/strong><\/p>\n\n\n\n<p>Mint tudjuk a napelemek csak nappal k\u00e9pesek energi\u00e1t termelni. Ezt <a href=\"https:\/\/dev.kompaktdesign.hu\/hodszolar.hu\/2021\/08\/06\/monokristalyos-napelemek-vs-polikristalyos-napelemek\/\">itt<\/a> r\u00e9szletezt\u00fck kor\u00e1bban. Ugyanakkor azt is tudni \u00e9rdemes, hogy a napelemes rendszerek eg\u00e9sz \u00e9ves m\u0171k\u00f6d\u00e9s\u00fck sor\u00e1n az \u00e9v k\u00fcl\u00f6nb\u00f6z\u0151 szakaszaiban m\u00e1sk\u00e9nt termelnek. A napelemek a ny\u00e1ri id\u0151szakban p\u00e9ld\u00e1ul a t\u00f6bbsz\u00f6r\u00f6s\u00e9t is meg tudj\u00e1k termelni annak a mennyis\u00e9gnek, amit a t\u00e9li, bor\u00fasabb h\u00f3napokban a napelemes rendszer t\u00f6bb energi\u00e1t termel, mint amennyit az adott id\u0151szakban el tud a h\u00e1ztart\u00e1s vagy az \u00fczem fogyasztani. Ilyenkor keletkezik az \u00fagynevezett napelem t\u00faltermel\u00e9s. Az el nem fogyasztott energi\u00e1t a rendszer bet\u00e1pl\u00e1lja a h\u00e1l\u00f3zatba. A m\u00e1sik eset, amikor nem termelnek a napelemek kell\u0151 mennyis\u00e9get, ilyenkor sz\u00fcks\u00e9gszer\u0171 a h\u00e1l\u00f3zatr\u00f3l \u00e1ramot v\u00e9telezni az elektromos berendez\u00e9sek ell\u00e1t\u00e1s\u00e1hoz.<\/p>\n\n\n\n<p>A fent le\u00edrtak alapj\u00e1n pedig 3 k\u00fcl\u00f6nb\u00f6z\u0151 m\u00f3don felhaszn\u00e1lt energia t\u00edpust k\u00fcl\u00f6nb\u00f6ztet\u00fcnk meg a h\u00e1l\u00f3zatra visszat\u00e1pl\u00e1l\u00f3 (teh\u00e1t nem sziget\u00fczem\u0171) napelemes rendszerek eset\u00e9ben: (A kett\u0151 k\u00f6z\u00f6tti k\u00fcl\u00f6nbs\u00e9gr\u0151l egy\u00e9bk\u00e9nt <a href=\"https:\/\/dev.kompaktdesign.hu\/hodszolar.hu\/2021\/08\/09\/halozatra-taplalo-vagy-sziget-uzemu-inverter\/\">itt<\/a> olvashatsz!)<\/p>\n\n\n\n<ul class=\"wp-block-list\"><li>megtermelt \u00e9s teljess\u00e9g\u00e9ben el is fogyasztott, a sz\u00fcks\u00e9gleteket maxim\u00e1lisan kiel\u00e9g\u00edt\u0151 energia<\/li><li>megtermelt, de azonnal el nem fogyasztott, vagyis h\u00e1l\u00f3zatba visszat\u00e1pl\u00e1lt energia<\/li><li>megtermelt, de a h\u00e1l\u00f3zatb\u00f3l is v\u00e9telezett energia<\/li><\/ul>\n\n\n\n<p>A fent bemutatott 3 eset k\u00f6z\u00fcl ut\u00f3bbi kett\u0151n\u00e9l sz\u00fcks\u00e9ges elsz\u00e1molni a helyi szolg\u00e1ltat\u00f3val, annak f\u00fcggv\u00e9ny\u00e9ben, hogy a visszat\u00e1pl\u00e1lt, vagy a v\u00e9telezett energia volt-e t\u00fals\u00falyban. Ez a gyakorlatban a szald\u00f3 elsz\u00e1mol\u00e1s, ahol kilowatt\u00f3ra\/kilowatt\u00f3ra alapon t\u00f6rt\u00e9nik az elsz\u00e1mol\u00e1s (ezt v\u00e1ltja fel 2024-t\u0151l a brutt\u00f3 elsz\u00e1mol\u00e1s, amir\u0151l <a href=\"https:\/\/dev.kompaktdesign.hu\/hodszolar.hu\/2021\/07\/01\/szaldo-vagy-brutto-elszamolas\/\">itt<\/a> m\u00e1r \u00edrtunk). Az ad-vesz villany\u00f3r\u00e1k seg\u00edts\u00e9g\u00e9vel elolvashat\u00f3 \u00e9s \u00e9ves szinten elsz\u00e1molhat\u00f3 a h\u00e1l\u00f3zatr\u00f3l v\u00e9telezett \u00e9s a betermelt energia mennyis\u00e9ge.<\/p>\n\n\n\n<p>Amennyiben ezek kiegyenl\u00edtik egym\u00e1st, akkor nullszald\u00f3r\u00f3l besz\u00e9lhet\u00fcnk, amennyiben az egyenleg pozit\u00edv, akkor napelem t\u00f6bblettermel\u00e9s volt. Sokak nem tudj\u00e1k, de a napelem t\u00faltermel\u00e9s elsz\u00e1mol\u00e1sa megval\u00f3s\u00edthat\u00f3 a h\u00e1l\u00f3zati szolg\u00e1ltat\u00f3val. A napelem t\u00faltermel\u00e9s sz\u00e1ml\u00e1z\u00e1sa a legt\u00f6bb termel\u0151-fogyaszt\u00f3 sz\u00e1m\u00e1ra adott lehet\u0151s\u00e9g. A t\u00f6bblettermel\u00e9s visszaig\u00e9nyl\u00e9se nem bonyolult folyamat! A szolg\u00e1ltat\u00f3k oldal\u00e1n tal\u00e1lhat\u00f3 k\u00e9rv\u00e9ny \u00e9s egy ad\u00f3el\u0151leg nyilatkozat beny\u00fajt\u00e1s\u00e1val \u00e9s a pontos fogyaszt\u00e1si\/termel\u00e9si adatok megad\u00e1s\u00e1val visszaig\u00e9nyelhet\u0151 a termelt energia \u00e1ra. Mindenesetre \u00e9rdemes tiszt\u00e1ban lenni azzal, hogy mennyi a napelemmel termelt \u00e1ram \u00e1tv\u00e9teli \u00e1ra.<\/p>\n\n\n\n<p><strong>Napelem t\u00f6bblettermel\u00e9s elsz\u00e1mol\u00e1s l\u00e9p\u00e9sei<\/strong><\/p>\n\n\n\n<p>Igen gyakori eset m\u00e9g egy fogyaszt\u00e1shoz j\u00f3l m\u00e9retezett napelemes rendszer eset\u00e9ben is, hogy a termel\u0151-fogyaszt\u00f3 az \u00e9ves m\u00e9r\u0151\u00f3ra leolvas\u00e1s\u00e1n\u00e1l t\u00f6bb villamosenergi\u00e1t termelt a h\u00e1l\u00f3zatba, mint amennyit fogyasztott. Ilyenkor adott a lehet\u0151s\u00e9g, hogy a napelem t\u00f6bblettermel\u00e9s visszaig\u00e9nyl\u00e9sre ker\u00fclj\u00f6n. Ez \u00e1ltal\u00e1ban nem nagy \u00f6sszeg, de nem \u00e9rdemes veszni hagyni.<\/p>\n\n\n\n<p>Am\u00edg a termelt \u00e9s v\u00e9telezett energia kiegyenl\u00edti egym\u00e1st, addig a szolg\u00e1ltat\u00f3 az energiad\u00edj \u00e9s a rendszerhaszn\u00e1lati d\u00edjak \u00f6sszeg\u00e9vel sz\u00e1molja el a megtermelt energi\u00e1t. Vagyis annyit fizet \u00e9rte, amennyi\u00e9rt adja. A t\u00f6bblettermel\u00e9sn\u00e9l azonban m\u00e1s a helyzet. Ilyenkor csak az energiad\u00edjat sz\u00e1m\u00edthatja fel a termel\u0151.<\/p>\n\n\n\n<p>A napelem t\u00faltermel\u00e9s miatti t\u00f6bblettermel\u00e9s visszaig\u00e9nyl\u00e9se roppant egyszer\u0171 folyamat. Minden termel\u0151 fogyaszt\u00f3 kap a szolg\u00e1ltat\u00f3t\u00f3l HMKE (h\u00e1ztart\u00e1si m\u00e9ret\u0171 kiser\u0151m\u0171) \u00fczemeltet\u00e9s\u00e9re vonatkoz\u00f3 \u00e9ves elsz\u00e1mol\u00f3 sz\u00e1ml\u00e1t, melynek van egy sz\u00e1mlar\u00e9szletez\u0151 r\u00e9sze. A sz\u00e1mla v\u00e9g\u00f6sszeg fejezet\u00e9ben r\u00f6gz\u00edt\u00e9sre ker\u00fcl, hogy a t\u00f6bbletk\u00e9nt keletkezett k\u00fcl\u00f6nb\u00f6zetet a fogyaszt\u00f3 jogosult a szolg\u00e1ltat\u00f3 fel\u00e9 kisz\u00e1ml\u00e1zni. B\u00e1r a szolg\u00e1ltat\u00f3 weboldal\u00e1n is tal\u00e1lhat\u00f3 ennek menet\u00e9r\u0151l inform\u00e1ci\u00f3, \u00e9rdemes felkeresni az \u00fcgyf\u00e9lszolg\u00e1latot is az aktu\u00e1lis termel\u0151i \u00e1rak kapcs\u00e1n.<\/p>\n\n\n\n<p>Az MVM-n\u00e9l a visszaig\u00e9nyl\u00e9s igen egyszer\u0171, a v\u00e1llalat honlapj\u00e1n el\u00e9rhet\u0151 egy <a href=\"https:\/\/www.mvmnext.hu\/aram\/servlet\/download?type=file&amp;id=15237\">HMKE k\u00e9relem \u00e9s nyilatkozat<\/a> nev\u0171 dokumentum, melynek kit\u00f6lt\u00e9s\u00e9vel lehet k\u00e9relmezni a visszat\u00e9r\u00edt\u00e9st. Az alapadatok megad\u00e1sa mellett az \u201e\u00c9rt\u00e9kes\u00edtett villamos energia\u201d sorba kell be\u00edrnunk az elsz\u00e1mol\u00f3 sz\u00e1ml\u00e1n tal\u00e1lhat\u00f3 t\u00f6bblettermel\u00e9st. Hogy mennyi is a napelemmel termelt \u00e1ram \u00e1tv\u00e9teli \u00e1ra \u00e9s a h\u00e1l\u00f3zatr\u00f3l v\u00e9telezett \u00e1ram d\u00edja aktu\u00e1lisan, azt ki lehet keresni a kor\u00e1bbi sz\u00e1ml\u00e1kb\u00f3l vagy az MVM oldal\u00e1n tal\u00e1lhat\u00f3 <a href=\"https:\/\/www.mvmnext.hu\/aram\/servlet\/download?type=file&amp;id=15267\">\u00e1rszab\u00e1s<\/a>b\u00f3l.<\/p>\n\n\n\n<p>A k\u00e9relem mellett m\u00e9g egy <a href=\"file:\/\/\/C:\/Users\/hodsz\/AppData\/Local\/Temp\/2021_ANY_koltsegekrol_20201231.pdf\">ad\u00f3el\u0151leg nyilatkozat<\/a>ra is sz\u00fcks\u00e9g van, ami szint\u00e9n egyszer\u0171en let\u00f6lthet\u0151 \u00e9s kit\u00f6lthet\u0151. A dokumentumot a munk\u00e1ltat\u00f3val is al\u00e1 kell \u00edrattatni, majd a k\u00e9relemmel egy\u00fctt postai \u00faton eljuttatni az MVM r\u00e9sz\u00e9re. Ezt k\u00f6vet\u0151en fizetnek.<\/p>\n\n\n\n<p>Sz\u00f3val a napelem t\u00faltermel\u00e9s sz\u00e1ml\u00e1z\u00e1sa a fenti l\u00e9p\u00e9seket k\u00f6vetve egyszer\u0171en megoldhat\u00f3. Azt azonban fontos tudni, hogy az MFB-s hitelb\u0151l megval\u00f3s\u00edtott napelemes projektek eset\u00e9ben kiz\u00e1r\u00f3 t\u00e9nyez\u0151 a napelem t\u00faltermel\u00e9s \u00e9s visszaig\u00e9nyl\u00e9s. Az ilyen m\u00f3don l\u00e9trehozott rendszereket minden esetben az adott fogyaszt\u00e1shoz kellett m\u00e9retezni, hogy elker\u00fclhet\u0151ek legyenek a j\u00f6vedelemtermel\u0151 beruh\u00e1z\u00e1sok.<\/p>\n\n\n\n<p><strong>Napelem t\u00faltermel\u00e9s cs\u00f6kkent\u00e9se egyszer\u0171en<\/strong><\/p>\n\n\n\n<p>Amennyiben nem akarunk bajl\u00f3dni a napelem visszat\u00e1pl\u00e1l\u00e1s elsz\u00e1mol\u00e1s l\u00e9p\u00e9seivel, de m\u00e9g nem v\u00e1s\u00e1roltunk napelemes rendszert, akkor \u00e9rdemes szak\u00e9rt\u0151kkel egyeztetni a pontos \u00e9s sz\u00fcks\u00e9ges m\u00e9ret\u0171 napelemes rendszer meghat\u00e1roz\u00e1s\u00e1r\u00f3l. Amennyiben viszont m\u00e1r van napelemes rendszer\u00fcnk \u00e9s \u00e9vr\u0151l \u00e9vre napelem t\u00f6bblettermel\u00e9s \u00e1ll fenn, akkor \u00e9rdemes lehet \u00fajabb fogyaszt\u00f3t tervezni az ingatlanba. Erre megfelel\u0151 lehet egy <a href=\"https:\/\/baranyihutestechnika.hu\/\">kl\u00edma<\/a> vagy az <a href=\"https:\/\/dev.kompaktdesign.hu\/hodszolar.hu\/elektromos-futes\/\">elektromos<\/a> f\u0171t\u00e9s, amivel k\u00f6rnyezetbar\u00e1t m\u00f3don kiv\u00e1lthatjuk a f\u0171t\u00e9si energi\u00e1t \u00e9s k\u00f6lts\u00e9geket.<\/p>\n\n\n\n<p>Persze el\u0151fordulhat olyan eset is, hogy a napelemes rendszer ki\u00e9p\u00edt\u00e9se megel\u0151zi egy k\u00e9s\u0151bbi tervben l\u00e9v\u0151 nagyfogyaszt\u00f3 beruh\u00e1z\u00e1s integr\u00e1l\u00e1s\u00e1t (pl. elektromos f\u0171t\u00e9sre t\u00f6rt\u00e9n\u0151 \u00e1tt\u00e9r\u00e9s), \u00e9s nem akarunk \u00e9vekig egy nagyobb rendszer okozta napelem visszat\u00e1pl\u00e1l\u00e1s elsz\u00e1mol\u00e1s proced\u00far\u00e1val bajl\u00f3dni, viszont megfelel\u0151en el\u0151 szeretn\u00e9nk k\u00e9sz\u00edteni hozz\u00e1 a terepet. Ilyen helyzetre ny\u00fajt megold\u00e1st a H\u00f3dszol\u00e1r Kft \u00e1ltal k\u00e9sz\u00edtett \u00f6sszes \u00e1raj\u00e1nlat, ugyanis mi mindig \u00fagy kalkul\u00e1lunk, hogy minden szem\u00e9lyre szabott ig\u00e9nynek megfelelj\u00fcnk. Arra is van lehet\u0151s\u00e9g, hogy a mostani fogyaszt\u00e1s kiel\u00e9g\u00edt\u00e9s\u00e9hez sz\u00fcks\u00e9ges napelemmel tervez\u00fcnk egy nagyobb teljes\u00edtm\u00e9ny\u0171 invertert. <a href=\"https:\/\/dev.kompaktdesign.hu\/hodszolar.hu\/2021\/07\/27\/napelemes-rendszer-engedelyeztetesenek-folyamata\/\">Enged\u00e9lyeztetni<\/a> csak az invertert sz\u00fcks\u00e9ges, \u00edgy b\u00e1rmikor ki lehet eg\u00e9sz\u00edteni k\u00e9s\u0151bb, ak\u00e1r a megn\u00f6veked\u0151 fogyaszt\u00e1st teljesen lefedve. Term\u00e9szetesen sokkal egyszer\u0171bb dolgunk van egy <a href=\"https:\/\/dev.kompaktdesign.hu\/hodszolar.hu\/okos-rendszer\/\">okos rendszer<\/a> eset\u00e9n, ugyanis egy <a href=\"https:\/\/dev.kompaktdesign.hu\/hodszolar.hu\/inverterek\/\">SolarEdge inverter<\/a> sokkal ink\u00e1bb b\u0151v\u00edthet\u0151 \u00e9s egy hagyom\u00e1nyos rendszerrel ellent\u00e9tben, nem rontj\u00e1k le a gyeng\u00e9bb teljes\u00edtm\u00e9ny\u0171 panelek a jobbakat.<\/p>\n","protected":false},"excerpt":{"rendered":"<p>Sokakat foglalkoztat, hogy mi a teend\u0151 a napelemek t\u00faltermel\u00e9se, vagyis a pillanatnyi fogyaszt\u00e1sn\u00e1l nagyobb \u00e1ramtermel\u00e9s eset\u00e9n. Blogbejegyz\u00e9s\u00fcnkben az ilyen esetekre vonatkoz\u00f3an ny\u00fajtunk t\u00e1j\u00e9koztat\u00e1st arr\u00f3l, hogy mi is a teend\u0151je a termel\u0151 fogyaszt\u00f3nak \u00e9s hogyan \u00e9rinti ez a h\u00e1l\u00f3zati szolg\u00e1ltat\u00f3t. A napelem t\u00faltermel\u00e9s jelent\u00e9se Mint tudjuk a napelemek csak nappal k\u00e9pesek energi\u00e1t termelni. Ezt itt r\u00e9szletezt\u00fck [&hellip;]<\/p>\n","protected":false},"author":3,"featured_media":523,"comment_status":"open","ping_status":"open","sticky":false,"template":"","format":"standard","meta":{"footnotes":""},"categories":[1],"tags":[],"class_list":["post-522","post","type-post","status-publish","format-standard","has-post-thumbnail","hentry","category-egyeb"],"yoast_head":"<!-- This site is optimized with the Yoast SEO plugin v19.5.1 - https:\/\/yoast.com\/wordpress\/plugins\/seo\/ -->\n<title>T\u00f6bblettermel\u00e9s elsz\u00e1mol\u00e1sa az \u00e1ramszolg\u00e1ltat\u00f3val | H\u00f3dszol\u00e1r<\/title>\n<meta name=\"robots\" content=\"noindex, follow, max-snippet:-1, max-image-preview:large, max-video-preview:-1\" \/>\n<meta property=\"og:locale\" content=\"hu_HU\" \/>\n<meta property=\"og:type\" content=\"article\" \/>\n<meta property=\"og:title\" content=\"T\u00f6bblettermel\u00e9s elsz\u00e1mol\u00e1sa az \u00e1ramszolg\u00e1ltat\u00f3val | H\u00f3dszol\u00e1r\" \/>\n<meta property=\"og:description\" content=\"Sokakat foglalkoztat, hogy mi a teend\u0151 a napelemek t\u00faltermel\u00e9se, vagyis a pillanatnyi fogyaszt\u00e1sn\u00e1l nagyobb \u00e1ramtermel\u00e9s eset\u00e9n. Blogbejegyz\u00e9s\u00fcnkben az ilyen esetekre vonatkoz\u00f3an ny\u00fajtunk t\u00e1j\u00e9koztat\u00e1st arr\u00f3l, hogy mi is a teend\u0151je a termel\u0151 fogyaszt\u00f3nak \u00e9s hogyan \u00e9rinti ez a h\u00e1l\u00f3zati szolg\u00e1ltat\u00f3t. A napelem t\u00faltermel\u00e9s jelent\u00e9se Mint tudjuk a napelemek csak nappal k\u00e9pesek energi\u00e1t termelni. Ezt itt r\u00e9szletezt\u00fck [&hellip;]\" \/>\n<meta property=\"og:url\" content=\"https:\/\/dev.kompaktdesign.hu\/hodszolar.hu\/2021\/08\/11\/tobblettermeles-elszamolasa-az-aramszolgaltatoval\/\" \/>\n<meta property=\"og:site_name\" content=\"H\u00f3dszol\u00e1r\" \/>\n<meta property=\"article:publisher\" content=\"https:\/\/www.facebook.com\/hodszolar\" \/>\n<meta property=\"article:published_time\" content=\"2021-08-11T12:43:25+00:00\" \/>\n<meta property=\"article:modified_time\" content=\"2021-08-11T12:43:26+00:00\" \/>\n<meta property=\"og:image\" content=\"https:\/\/dev.kompaktdesign.hu\/hodszolar.hu\/wp-content\/uploads\/2021\/08\/Nevtelen-terv1.png\" \/>\n\t<meta property=\"og:image:width\" content=\"1080\" \/>\n\t<meta property=\"og:image:height\" content=\"1080\" \/>\n\t<meta property=\"og:image:type\" content=\"image\/png\" \/>\n<meta name=\"author\" content=\"H\u00f3dszol\u00e1r Kft.\" \/>\n<meta name=\"twitter:card\" content=\"summary_large_image\" \/>\n<meta name=\"twitter:label1\" content=\"Szerz\u0151:\" \/>\n\t<meta name=\"twitter:data1\" content=\"H\u00f3dszol\u00e1r Kft.\" \/>\n\t<meta name=\"twitter:label2\" content=\"Becs\u00fclt olvas\u00e1si id\u0151\" \/>\n\t<meta name=\"twitter:data2\" content=\"4 perc\" \/>\n<script type=\"application\/ld+json\" class=\"yoast-schema-graph\">{\"@context\":\"https:\/\/schema.org\",\"@graph\":[{\"@type\":\"Article\",\"@id\":\"https:\/\/dev.kompaktdesign.hu\/hodszolar.hu\/2021\/08\/11\/tobblettermeles-elszamolasa-az-aramszolgaltatoval\/#article\",\"isPartOf\":{\"@id\":\"https:\/\/dev.kompaktdesign.hu\/hodszolar.hu\/2021\/08\/11\/tobblettermeles-elszamolasa-az-aramszolgaltatoval\/\"},\"author\":{\"name\":\"H\u00f3dszol\u00e1r Kft.\",\"@id\":\"https:\/\/dev.kompaktdesign.hu\/hodszolar.hu\/#\/schema\/person\/a788af940a3d6b2829396312340dd08c\"},\"headline\":\"T\u00f6bblettermel\u00e9s elsz\u00e1mol\u00e1sa az \u00e1ramszolg\u00e1ltat\u00f3val\",\"datePublished\":\"2021-08-11T12:43:25+00:00\",\"dateModified\":\"2021-08-11T12:43:26+00:00\",\"mainEntityOfPage\":{\"@id\":\"https:\/\/dev.kompaktdesign.hu\/hodszolar.hu\/2021\/08\/11\/tobblettermeles-elszamolasa-az-aramszolgaltatoval\/\"},\"wordCount\":1386,\"commentCount\":0,\"publisher\":{\"@id\":\"https:\/\/dev.kompaktdesign.hu\/hodszolar.hu\/#organization\"},\"articleSection\":[\"Egy\u00e9b kateg\u00f3ria\"],\"inLanguage\":\"hu\",\"potentialAction\":[{\"@type\":\"CommentAction\",\"name\":\"Comment\",\"target\":[\"https:\/\/dev.kompaktdesign.hu\/hodszolar.hu\/2021\/08\/11\/tobblettermeles-elszamolasa-az-aramszolgaltatoval\/#respond\"]}]},{\"@type\":\"WebPage\",\"@id\":\"https:\/\/dev.kompaktdesign.hu\/hodszolar.hu\/2021\/08\/11\/tobblettermeles-elszamolasa-az-aramszolgaltatoval\/\",\"url\":\"https:\/\/dev.kompaktdesign.hu\/hodszolar.hu\/2021\/08\/11\/tobblettermeles-elszamolasa-az-aramszolgaltatoval\/\",\"name\":\"T\u00f6bblettermel\u00e9s elsz\u00e1mol\u00e1sa az \u00e1ramszolg\u00e1ltat\u00f3val | H\u00f3dszol\u00e1r\",\"isPartOf\":{\"@id\":\"https:\/\/dev.kompaktdesign.hu\/hodszolar.hu\/#website\"},\"datePublished\":\"2021-08-11T12:43:25+00:00\",\"dateModified\":\"2021-08-11T12:43:26+00:00\",\"breadcrumb\":{\"@id\":\"https:\/\/dev.kompaktdesign.hu\/hodszolar.hu\/2021\/08\/11\/tobblettermeles-elszamolasa-az-aramszolgaltatoval\/#breadcrumb\"},\"inLanguage\":\"hu\",\"potentialAction\":[{\"@type\":\"ReadAction\",\"target\":[\"https:\/\/dev.kompaktdesign.hu\/hodszolar.hu\/2021\/08\/11\/tobblettermeles-elszamolasa-az-aramszolgaltatoval\/\"]}]},{\"@type\":\"BreadcrumbList\",\"@id\":\"https:\/\/dev.kompaktdesign.hu\/hodszolar.hu\/2021\/08\/11\/tobblettermeles-elszamolasa-az-aramszolgaltatoval\/#breadcrumb\",\"itemListElement\":[{\"@type\":\"ListItem\",\"position\":1,\"name\":\"Kezd\u0151lap\",\"item\":\"https:\/\/dev.kompaktdesign.hu\/hodszolar.hu\/\"},{\"@type\":\"ListItem\",\"position\":2,\"name\":\"T\u00f6bblettermel\u00e9s elsz\u00e1mol\u00e1sa az \u00e1ramszolg\u00e1ltat\u00f3val\"}]},{\"@type\":\"WebSite\",\"@id\":\"https:\/\/dev.kompaktdesign.hu\/hodszolar.hu\/#website\",\"url\":\"https:\/\/dev.kompaktdesign.hu\/hodszolar.hu\/\",\"name\":\"H\u00f3dszol\u00e1r\",\"description\":\"A v\u00e1s\u00e1rhelyi napelemes\",\"publisher\":{\"@id\":\"https:\/\/dev.kompaktdesign.hu\/hodszolar.hu\/#organization\"},\"potentialAction\":[{\"@type\":\"SearchAction\",\"target\":{\"@type\":\"EntryPoint\",\"urlTemplate\":\"https:\/\/dev.kompaktdesign.hu\/hodszolar.hu\/?s={search_term_string}\"},\"query-input\":\"required name=search_term_string\"}],\"inLanguage\":\"hu\"},{\"@type\":\"Organization\",\"@id\":\"https:\/\/dev.kompaktdesign.hu\/hodszolar.hu\/#organization\",\"name\":\"H\u00f3dszol\u00e1r Kft.\",\"url\":\"https:\/\/dev.kompaktdesign.hu\/hodszolar.hu\/\",\"sameAs\":[\"https:\/\/www.facebook.com\/hodszolar\"],\"logo\":{\"@type\":\"ImageObject\",\"inLanguage\":\"hu\",\"@id\":\"https:\/\/dev.kompaktdesign.hu\/hodszolar.hu\/#\/schema\/logo\/image\/\",\"url\":\"https:\/\/dev.kompaktdesign.hu\/hodszolar.hu\/wp-content\/uploads\/2021\/05\/fvicon.png\",\"contentUrl\":\"https:\/\/dev.kompaktdesign.hu\/hodszolar.hu\/wp-content\/uploads\/2021\/05\/fvicon.png\",\"width\":132,\"height\":132,\"caption\":\"H\u00f3dszol\u00e1r Kft.\"},\"image\":{\"@id\":\"https:\/\/dev.kompaktdesign.hu\/hodszolar.hu\/#\/schema\/logo\/image\/\"}},{\"@type\":\"Person\",\"@id\":\"https:\/\/dev.kompaktdesign.hu\/hodszolar.hu\/#\/schema\/person\/a788af940a3d6b2829396312340dd08c\",\"name\":\"H\u00f3dszol\u00e1r Kft.\",\"image\":{\"@type\":\"ImageObject\",\"inLanguage\":\"hu\",\"@id\":\"https:\/\/dev.kompaktdesign.hu\/hodszolar.hu\/#\/schema\/person\/image\/\",\"url\":\"https:\/\/secure.gravatar.com\/avatar\/38df000db6f2e93b7f0ccccf7714392424ca033738d34dfe71f19fdb70329830?s=96&d=mm&r=g\",\"contentUrl\":\"https:\/\/secure.gravatar.com\/avatar\/38df000db6f2e93b7f0ccccf7714392424ca033738d34dfe71f19fdb70329830?s=96&d=mm&r=g\",\"caption\":\"H\u00f3dszol\u00e1r Kft.\"},\"url\":\"https:\/\/dev.kompaktdesign.hu\/hodszolar.hu\/author\/hodszolar\/\"}]}<\/script>\n<!-- \/ Yoast SEO plugin. -->","yoast_head_json":{"title":"T\u00f6bblettermel\u00e9s elsz\u00e1mol\u00e1sa az \u00e1ramszolg\u00e1ltat\u00f3val | H\u00f3dszol\u00e1r","robots":{"index":"noindex","follow":"follow","max-snippet":"max-snippet:-1","max-image-preview":"max-image-preview:large","max-video-preview":"max-video-preview:-1"},"og_locale":"hu_HU","og_type":"article","og_title":"T\u00f6bblettermel\u00e9s elsz\u00e1mol\u00e1sa az \u00e1ramszolg\u00e1ltat\u00f3val | H\u00f3dszol\u00e1r","og_description":"Sokakat foglalkoztat, hogy mi a teend\u0151 a napelemek t\u00faltermel\u00e9se, vagyis a pillanatnyi fogyaszt\u00e1sn\u00e1l nagyobb \u00e1ramtermel\u00e9s eset\u00e9n. Blogbejegyz\u00e9s\u00fcnkben az ilyen esetekre vonatkoz\u00f3an ny\u00fajtunk t\u00e1j\u00e9koztat\u00e1st arr\u00f3l, hogy mi is a teend\u0151je a termel\u0151 fogyaszt\u00f3nak \u00e9s hogyan \u00e9rinti ez a h\u00e1l\u00f3zati szolg\u00e1ltat\u00f3t. A napelem t\u00faltermel\u00e9s jelent\u00e9se Mint tudjuk a napelemek csak nappal k\u00e9pesek energi\u00e1t termelni. Ezt itt r\u00e9szletezt\u00fck [&hellip;]","og_url":"https:\/\/dev.kompaktdesign.hu\/hodszolar.hu\/2021\/08\/11\/tobblettermeles-elszamolasa-az-aramszolgaltatoval\/","og_site_name":"H\u00f3dszol\u00e1r","article_publisher":"https:\/\/www.facebook.com\/hodszolar","article_published_time":"2021-08-11T12:43:25+00:00","article_modified_time":"2021-08-11T12:43:26+00:00","og_image":[{"width":1080,"height":1080,"url":"https:\/\/dev.kompaktdesign.hu\/hodszolar.hu\/wp-content\/uploads\/2021\/08\/Nevtelen-terv1.png","type":"image\/png"}],"author":"H\u00f3dszol\u00e1r Kft.","twitter_card":"summary_large_image","twitter_misc":{"Szerz\u0151:":"H\u00f3dszol\u00e1r Kft.","Becs\u00fclt olvas\u00e1si id\u0151":"4 perc"},"schema":{"@context":"https:\/\/schema.org","@graph":[{"@type":"Article","@id":"https:\/\/dev.kompaktdesign.hu\/hodszolar.hu\/2021\/08\/11\/tobblettermeles-elszamolasa-az-aramszolgaltatoval\/#article","isPartOf":{"@id":"https:\/\/dev.kompaktdesign.hu\/hodszolar.hu\/2021\/08\/11\/tobblettermeles-elszamolasa-az-aramszolgaltatoval\/"},"author":{"name":"H\u00f3dszol\u00e1r Kft.","@id":"https:\/\/dev.kompaktdesign.hu\/hodszolar.hu\/#\/schema\/person\/a788af940a3d6b2829396312340dd08c"},"headline":"T\u00f6bblettermel\u00e9s elsz\u00e1mol\u00e1sa az \u00e1ramszolg\u00e1ltat\u00f3val","datePublished":"2021-08-11T12:43:25+00:00","dateModified":"2021-08-11T12:43:26+00:00","mainEntityOfPage":{"@id":"https:\/\/dev.kompaktdesign.hu\/hodszolar.hu\/2021\/08\/11\/tobblettermeles-elszamolasa-az-aramszolgaltatoval\/"},"wordCount":1386,"commentCount":0,"publisher":{"@id":"https:\/\/dev.kompaktdesign.hu\/hodszolar.hu\/#organization"},"articleSection":["Egy\u00e9b kateg\u00f3ria"],"inLanguage":"hu","potentialAction":[{"@type":"CommentAction","name":"Comment","target":["https:\/\/dev.kompaktdesign.hu\/hodszolar.hu\/2021\/08\/11\/tobblettermeles-elszamolasa-az-aramszolgaltatoval\/#respond"]}]},{"@type":"WebPage","@id":"https:\/\/dev.kompaktdesign.hu\/hodszolar.hu\/2021\/08\/11\/tobblettermeles-elszamolasa-az-aramszolgaltatoval\/","url":"https:\/\/dev.kompaktdesign.hu\/hodszolar.hu\/2021\/08\/11\/tobblettermeles-elszamolasa-az-aramszolgaltatoval\/","name":"T\u00f6bblettermel\u00e9s elsz\u00e1mol\u00e1sa az \u00e1ramszolg\u00e1ltat\u00f3val | H\u00f3dszol\u00e1r","isPartOf":{"@id":"https:\/\/dev.kompaktdesign.hu\/hodszolar.hu\/#website"},"datePublished":"2021-08-11T12:43:25+00:00","dateModified":"2021-08-11T12:43:26+00:00","breadcrumb":{"@id":"https:\/\/dev.kompaktdesign.hu\/hodszolar.hu\/2021\/08\/11\/tobblettermeles-elszamolasa-az-aramszolgaltatoval\/#breadcrumb"},"inLanguage":"hu","potentialAction":[{"@type":"ReadAction","target":["https:\/\/dev.kompaktdesign.hu\/hodszolar.hu\/2021\/08\/11\/tobblettermeles-elszamolasa-az-aramszolgaltatoval\/"]}]},{"@type":"BreadcrumbList","@id":"https:\/\/dev.kompaktdesign.hu\/hodszolar.hu\/2021\/08\/11\/tobblettermeles-elszamolasa-az-aramszolgaltatoval\/#breadcrumb","itemListElement":[{"@type":"ListItem","position":1,"name":"Kezd\u0151lap","item":"https:\/\/dev.kompaktdesign.hu\/hodszolar.hu\/"},{"@type":"ListItem","position":2,"name":"T\u00f6bblettermel\u00e9s elsz\u00e1mol\u00e1sa az \u00e1ramszolg\u00e1ltat\u00f3val"}]},{"@type":"WebSite","@id":"https:\/\/dev.kompaktdesign.hu\/hodszolar.hu\/#website","url":"https:\/\/dev.kompaktdesign.hu\/hodszolar.hu\/","name":"H\u00f3dszol\u00e1r","description":"A v\u00e1s\u00e1rhelyi napelemes","publisher":{"@id":"https:\/\/dev.kompaktdesign.hu\/hodszolar.hu\/#organization"},"potentialAction":[{"@type":"SearchAction","target":{"@type":"EntryPoint","urlTemplate":"https:\/\/dev.kompaktdesign.hu\/hodszolar.hu\/?s={search_term_string}"},"query-input":"required name=search_term_string"}],"inLanguage":"hu"},{"@type":"Organization","@id":"https:\/\/dev.kompaktdesign.hu\/hodszolar.hu\/#organization","name":"H\u00f3dszol\u00e1r Kft.","url":"https:\/\/dev.kompaktdesign.hu\/hodszolar.hu\/","sameAs":["https:\/\/www.facebook.com\/hodszolar"],"logo":{"@type":"ImageObject","inLanguage":"hu","@id":"https:\/\/dev.kompaktdesign.hu\/hodszolar.hu\/#\/schema\/logo\/image\/","url":"https:\/\/dev.kompaktdesign.hu\/hodszolar.hu\/wp-content\/uploads\/2021\/05\/fvicon.png","contentUrl":"https:\/\/dev.kompaktdesign.hu\/hodszolar.hu\/wp-content\/uploads\/2021\/05\/fvicon.png","width":132,"height":132,"caption":"H\u00f3dszol\u00e1r Kft."},"image":{"@id":"https:\/\/dev.kompaktdesign.hu\/hodszolar.hu\/#\/schema\/logo\/image\/"}},{"@type":"Person","@id":"https:\/\/dev.kompaktdesign.hu\/hodszolar.hu\/#\/schema\/person\/a788af940a3d6b2829396312340dd08c","name":"H\u00f3dszol\u00e1r Kft.","image":{"@type":"ImageObject","inLanguage":"hu","@id":"https:\/\/dev.kompaktdesign.hu\/hodszolar.hu\/#\/schema\/person\/image\/","url":"https:\/\/secure.gravatar.com\/avatar\/38df000db6f2e93b7f0ccccf7714392424ca033738d34dfe71f19fdb70329830?s=96&d=mm&r=g","contentUrl":"https:\/\/secure.gravatar.com\/avatar\/38df000db6f2e93b7f0ccccf7714392424ca033738d34dfe71f19fdb70329830?s=96&d=mm&r=g","caption":"H\u00f3dszol\u00e1r Kft."},"url":"https:\/\/dev.kompaktdesign.hu\/hodszolar.hu\/author\/hodszolar\/"}]}},"_links":{"self":[{"href":"https:\/\/dev.kompaktdesign.hu\/hodszolar.hu\/wp-json\/wp\/v2\/posts\/522","targetHints":{"allow":["GET"]}}],"collection":[{"href":"https:\/\/dev.kompaktdesign.hu\/hodszolar.hu\/wp-json\/wp\/v2\/posts"}],"about":[{"href":"https:\/\/dev.kompaktdesign.hu\/hodszolar.hu\/wp-json\/wp\/v2\/types\/post"}],"author":[{"embeddable":true,"href":"https:\/\/dev.kompaktdesign.hu\/hodszolar.hu\/wp-json\/wp\/v2\/users\/3"}],"replies":[{"embeddable":true,"href":"https:\/\/dev.kompaktdesign.hu\/hodszolar.hu\/wp-json\/wp\/v2\/comments?post=522"}],"version-history":[{"count":1,"href":"https:\/\/dev.kompaktdesign.hu\/hodszolar.hu\/wp-json\/wp\/v2\/posts\/522\/revisions"}],"predecessor-version":[{"id":524,"href":"https:\/\/dev.kompaktdesign.hu\/hodszolar.hu\/wp-json\/wp\/v2\/posts\/522\/revisions\/524"}],"wp:featuredmedia":[{"embeddable":true,"href":"https:\/\/dev.kompaktdesign.hu\/hodszolar.hu\/wp-json\/wp\/v2\/media\/523"}],"wp:attachment":[{"href":"https:\/\/dev.kompaktdesign.hu\/hodszolar.hu\/wp-json\/wp\/v2\/media?parent=522"}],"wp:term":[{"taxonomy":"category","embeddable":true,"href":"https:\/\/dev.kompaktdesign.hu\/hodszolar.hu\/wp-json\/wp\/v2\/categories?post=522"},{"taxonomy":"post_tag","embeddable":true,"href":"https:\/\/dev.kompaktdesign.hu\/hodszolar.hu\/wp-json\/wp\/v2\/tags?post=522"}],"curies":[{"name":"wp","href":"https:\/\/api.w.org\/{rel}","templated":true}]}}