{"id":531,"date":"2021-08-30T12:34:04","date_gmt":"2021-08-30T12:34:04","guid":{"rendered":"https:\/\/hodszolar.hu\/?p=531"},"modified":"2021-08-30T12:34:05","modified_gmt":"2021-08-30T12:34:05","slug":"sokba-kerulhet-a-napelem-tulajdonosoknak-a-szolgaltatovaltas","status":"publish","type":"post","link":"https:\/\/dev.kompaktdesign.hu\/hodszolar.hu\/2021\/08\/30\/sokba-kerulhet-a-napelem-tulajdonosoknak-a-szolgaltatovaltas\/","title":{"rendered":"Sokba ker\u00fclhet a napelem-tulajdonosoknak a szolg\u00e1ltat\u00f3v\u00e1lt\u00e1s"},"content":{"rendered":"\n<p>2021 szeptembert\u0151l 1-j\u00e9t\u0151l a Magyar Villamos M\u0171vek (MVM) veszi \u00e1t az ELM\u0170-\u00c9M\u00c1SZ -f\u0151k\u00e9nt lakoss\u00e1gi- \u00fcgyfeleit. A szolg\u00e1ltat\u00f3v\u00e1lt\u00e1s egy augusztus v\u00e9gi extra \u00f3raleolvas\u00e1ssal j\u00e1r majd, \u00edgy a legt\u00f6bb fogyaszt\u00f3nak csup\u00e1n arra kell figyelni, hogy ny\u00e1r v\u00e9g\u00e9ig a r\u00e9gi, \u0151szt\u0151l az \u00faj szolg\u00e1ltat\u00f3nak fizesse a sz\u00e1ml\u00e1kat.<\/p>\n\n\n\n<figure class=\"wp-block-image size-full is-resized\"><img loading=\"lazy\" decoding=\"async\" src=\"https:\/\/dev.kompaktdesign.hu\/hodszolar.hu\/wp-content\/uploads\/2021\/08\/elmu.png\" alt=\"\" class=\"wp-image-532\" width=\"841\" height=\"587\"\/><\/figure>\n\n\n\n<p>A v\u00e9gelsz\u00e1mol\u00e1s hat\u00e1rideje a napelemes \u00fcgyfelek egy r\u00e9sz\u00e9n\u00e9l kellemetlen meglepet\u00e9st tartogat, hisz beleesik a legmagasabb termel\u00e9si id\u0151szakba, \u00edgy azok, akik a tavaszi id\u0151szakban k\u00f6t\u00f6tt\u00e9k a szerz\u0151d\u00e9s\u00fcket, b\u00facs\u00fat mondhatnak a kedvez\u0151 szald\u00f3s elsz\u00e1mol\u00e1snak \u00e9s t\u00f6bb t\u00edzezer forintnak.<\/p>\n\n\n\n<p>Forintos\u00edtsuk a probl\u00e9m\u00e1t! Az egyik fontos tudnival\u00f3, hogy a napelemes fogyaszt\u00f3k \u00e9ves d\u00edja a k\u00f6vetkez\u0151kb\u0151l \u00e1ll \u00f6ssze az ELM\u0170 tarif\u00e1ja szerint, norm\u00e1l \u00e1rszab\u00e1s eset\u00e9ben:<\/p>\n\n\n\n<p>\u2013 energiad\u00edj (13,17 forint)<br>\u2013 rendszerhaszn\u00e1lati d\u00edj (16,38 forint),<br>\u2013 \u00e1fa (7,98 forint).<\/p>\n\n\n\n<p>A m\u00e1sik, hogy ugyanazon a hat\u00f3s\u00e1gi \u00e1ron kapunk visszat\u00e9r\u00edt\u00e9st, ha a fogyaszt\u00e1sunkn\u00e1l t\u00f6bbet termelt\u00fcnk, mint amennyit nek\u00fcnk kell fizetni, ha a termel\u00e9s\u00fcnkn\u00e9l t\u00f6bbet fogyasztottunk.<\/p>\n\n\n\n<p>A saj\u00e1t napelem\u00fcnk haszn\u00e1latakor ingyenesen haszn\u00e1ljuk mag\u00e1t a villamosenergia-h\u00e1l\u00f3zatot, ahov\u00e1 az energi\u00e1t bet\u00e1pl\u00e1ljuk. Emiatt a kerek\u00edtett brutt\u00f3 \u00e1ramd\u00edjb\u00f3l (vagyis a teljes \u00f6sszegb\u0151l) kiesik a rendszerhaszn\u00e1lati d\u00edj \u00e9s az \u00e1fa is. \u00cdgy (norm\u00e1l \u00e1rszab\u00e1s mellett) 38 forint helyett csak 13 forintot kapunk vissza, vagy fizet\u00fcnk kilowatt\u00f3r\u00e1nk\u00e9nt.<\/p>\n\n\n\n<p>HA VALAKI AUGUSZTUS 31-HEZ K\u00c9PEST NAGYON T\u00c1VOL, P\u00c9LD\u00c1UL M\u00c1RCIUSBAN K\u00d6T\u00d6TT SZERZ\u0150D\u00c9ST, AKKOR N\u00c1LA MOST A LEGMAGASABB TERMEL\u00c9SI ID\u0150SZAKRA ESIK A KIFIZET\u00c9S, A K\u00d6VETKEZ\u0150 7-8 H\u00d3NAPBAN VISZONT ALIG TERMEL MAJD \u00c1RAMOT AZ ALACSONY NAPS\u00dcT\u00c9SES \u00d3RASZ\u00c1M MIATT, VAGYIS EBBEN AZ ESETBEN BIZTOSAN MAGAS K\u00dcL\u00d6NB\u00d6ZETET KELL MAJD BEFIZETNIE KISS ERN\u0150 SZERINT.<\/p>\n\n\n\n<p>\u201eEgy \u00e1tlagos napelemes h\u00e1ztart\u00e1s 8,2 kilowatt teljes\u00edtm\u00e9ny\u0171, ezzel nagyj\u00e1b\u00f3l 10 ezer kilowatt\u00f3r\u00e1nyi energi\u00e1t tudunk termelni egy \u00e9vben\u201d \u2013 fogalmazott a sz\u00f6vets\u00e9g eln\u00f6ke.<\/p>\n\n\n\n<p><br><strong>Magyarorsz\u00e1gon mintegy 100 ezer h\u00e1ztart\u00e1s haszn\u00e1l napelemet. Mivel a napelemb\u0151l \u00e9rkez\u0151 energi\u00e1t be lehet t\u00e1pl\u00e1lni az elektromos h\u00e1l\u00f3zatba, vagyis a \u201ek\u00f6z\u00f6sbe\u201d, \u00edgy \u0151ket is \u00e9rinti a szolg\u00e1ltat\u00f3v\u00e1lt\u00e1s: miut\u00e1n az ELM\u0170-\u00c9M\u00c1SZ visszaadta villamosenergia-szolg\u00e1ltat\u00e1si enged\u00e9ly\u00e9t, 2021. augusztus 31-\u00e9n mindenkinek lej\u00e1r a vele k\u00f6t\u00f6tt szerz\u0151d\u00e9se, \u00e9s szeptember 1-j\u00e9t\u0151l az \u00faj egyetemes szolg\u00e1ltat\u00f3t m\u00e1r MVM Next Energiakereskedelmi Zrt.-nek h\u00edvj\u00e1k.<\/strong><\/p>\n\n\n\n<p>A napelemes fogyaszt\u00f3k m\u00e1rciust\u00f3l augusztusig termelik a legnagyobb mennyis\u00e9g\u0171 energi\u00e1t, a kev\u00e9sb\u00e9 napos h\u00f3napokban ezt a mennyis\u00e9get haszn\u00e1lj\u00e1k fel, \u00e9s az \u00e9ves szald\u00f3s elsz\u00e1mol\u00e1s alkalm\u00e1val (ha ilyen peri\u00f3dusban sz\u00e1molnak el a szolg\u00e1ltat\u00f3val) kider\u00fcl, hogy t\u00f6bbet termeltek-e, mint fogyasztottak, vagyis visszakapnak p\u00e9nzt, vagy nekik kell fizetni\u00fck a t\u00f6bbletfogyaszt\u00e1s miatt. A t\u00f6bblettermel\u00e9s visszaig\u00e9nyl\u00e9s\u00e9r\u0151l <a href=\"https:\/\/dev.kompaktdesign.hu\/hodszolar.hu\/2021\/08\/11\/tobblettermeles-elszamolasa-az-aramszolgaltatoval\/\">itt<\/a> olvashatsz! <\/p>\n\n\n\n<p>A szald\u00f3 elsz\u00e1mol\u00e1sr\u00f3l pedig <a href=\"https:\/\/dev.kompaktdesign.hu\/hodszolar.hu\/2021\/07\/01\/szaldo-vagy-brutto-elszamolas\/\">itt<\/a> \u00edrtunk kor\u00e1bban! Ez azonban csak az \u00e1ram \u00e1r\u00e1ra vonatkozik, az egy\u00e9b d\u00edjakra nem, \u00edgy ad\u00f3dik egy jelent\u0151s k\u00fcl\u00f6nbs\u00e9g: a fogyaszt\u00e1s\u00e9rt kb. 37 Ft\/kWh fizetend\u0151, a t\u00faltermel\u00e9s\u00e9rt azonban csak kb. 15 Ft\/kWh \u00fcti a markunkat.<\/p>\n\n\n\n<p>A k\u00e9t \u00e9rt\u00e9k k\u00fcl\u00f6nbs\u00e9ge adott okot a napelem tulajdonosok z\u00fagol\u00f3d\u00e1s\u00e1ra, ha ugyanis a ny\u00e1r v\u00e9gi extra leolvas\u00e1s k\u00f6vetkezt\u00e9ben egy \u00e9vk\u00f6zi elsz\u00e1mol\u00e1s is t\u00f6rt\u00e9nik, akkor az a helyzet \u00e1ll majd el\u0151, hogy a ny\u00e1ri t\u00faltermel\u00e9s\u00e9rt fele annyi p\u00e9nzt sem kapnak a napelemesek, mint amit a t\u00e9li fogyaszt\u00e1s\u00e9rt ki kell majd fizetni\u00fck. K\u00fcl\u00f6n\u00f6sen azokat \u00e9rinten\u00e9 kellemetlen\u00fcl egy ny\u00e1r v\u00e9gi \u00e9vk\u00f6zi elsz\u00e1mol\u00e1s, akik elektromos f\u0171t\u00e9st \u00e9p\u00edtettek ki a h\u00e1zukban, \u00edgy a t\u00e9li f\u0171t\u00e9shez sz\u00fcks\u00e9ges energi\u00e1t a ny\u00e1ri h\u00f3napokban termelik meg.<\/p>\n\n\n\n<p><strong>A v\u00e1lt\u00e1s miatt az ELM\u0170-\u00c9M\u00c1SZ arra k\u00e9ri az \u00fcgyfeleit, hogy a min\u00e9l pontosabb elsz\u00e1mol\u00e1s \u00e9rdek\u00e9ben augusztusban a megszokott m\u00f3don adj\u00e1k majd meg m\u00e9r\u0151\u00e1ll\u00e1sukat. Az \u00e9rintett, z\u00f6m\u00e9ben lakoss\u00e1gi \u00fcgyfelek augusztus 31-i d\u00e1tummal v\u00e9gsz\u00e1ml\u00e1t kapnak majd.<\/strong><\/p>\n\n\n\n<p>Hogy h\u00e1ny ember j\u00e1rhat rosszul az ELM\u0170\u2013MVM cser\u00e9vel? Tavaly \u00e9v v\u00e9g\u00e9ig megk\u00f6zel\u00edt\u0151leg 85 ezer h\u00e1ztart\u00e1sban szereltek fel napelemes er\u0151m\u0171vet, ahol szald\u00f3s elsz\u00e1mol\u00e1sban m\u0171k\u00f6dhetett a d\u00edjfizet\u00e9s. Ezeknek a harmada, vagyis mintegy 28-29 ezer h\u00e1ztart\u00e1s tal\u00e1lhat\u00f3 az \u00c9M\u00c1SZ szolg\u00e1ltat\u00e1si ter\u00fclet\u00e9n. \u00c1m azok a fogyaszt\u00f3k, akiknek a szerz\u0151d\u00e9sk\u00f6t\u00e9si id\u0151pontja k\u00f6zel van augusztus 31-hez, p\u00e9nz\u00fcgyileg most nyernek, nem j\u00e1rnak rosszul, nem \u00e9ri \u0151ket vesztes\u00e9g.<\/p>\n\n\n\n<p>AZ \u00c9M\u00c1SZ-SZERZ\u0150D\u0150K MINTEGY FELE TARTOZIK IDE, \u00cdGY \u00d6SSZESEN 14-15 EZER H\u00c1ZTART\u00c1ST \u00c9RINT H\u00c1TR\u00c1NYOSAN A MOSTANI SZOLG\u00c1LTAT\u00d3V\u00c1LT\u00c1S.<\/p>\n\n\n\n<p>A fogyaszt\u00f3k v\u00e9gs\u0151 elkesered\u00e9s\u00fckben megpr\u00f3b\u00e1lhatnak \u00faj elsz\u00e1mol\u00e1si id\u0151szakot k\u00e9rv\u00e9nyezni a szolg\u00e1ltat\u00f3n\u00e1l, k\u00e9rd\u00e9s, hogy ezt enged\u00e9lyezik-e. \u00c1m Kiss Ern\u0151 jelzi, az biztos, hogy mindenkinek nem lehet egyszerre a d\u00edjelsz\u00e1mol\u00e1sa, hisz akkor a leolvas\u00e1s is egyszerre zajlana, ezt pedig nem tudj\u00e1k teljes\u00edteni a leolvas\u00f3k. A nagy t\u00falfizet\u00e9st\u0151l retteg\u0151 \u00fcgyesked\u0151k v\u00e9lhet\u0151en megpr\u00f3b\u00e1lnak kiskaput tal\u00e1lni: ha p\u00e9ld\u00e1ul a fogyaszt\u00f3 \u00f6nbevall\u00e1sos alapon dikt\u00e1lja a fogyaszt\u00e1s\u00e1t, akkor olyan adatokat is r\u00f6gz\u00edthet \u2013 az elsz\u00e1mol\u00e1sig \u2013, amelyek r\u00e9v\u00e9n a v\u00e9g\u00e9n nem kell k\u00fcl\u00f6nb\u00f6zetet fizetnie.<\/p>\n\n\n\n<p>A szerencs\u00e9tlen helyzeten t\u00fal a sz\u00f6vets\u00e9g eln\u00f6ke t\u00f6bb komoly b\u00f6kken\u0151t is felsorolt. Az egyik a dikt\u00e1l\u00e1st \u00e9rinti: a fogyaszt\u00e1st \u00e9s a termel\u00e9st telefonon is be lehetne dikt\u00e1lni a szolg\u00e1ltat\u00f3n\u00e1l, \u00e1m a sz\u00f6vets\u00e9ghez napi t\u00f6bbtucatnyi panasz \u00e9rkezik arr\u00f3l, hogy sokszor \u00f3r\u00e1kig kell v\u00e1rni, am\u00edg lehet\u0151s\u00e9g ny\u00edlik a dikt\u00e1l\u00e1sra. A m\u00e1sik r\u00f6gz\u00edt\u00e9si m\u00f3d, ha felt\u00f6ltik a fogyaszt\u00e1st az elektronikus ablakba, \u00e1m itt is m\u0171k\u00f6d\u00e9sk\u00e9ptelens\u00e9gr\u0151l panaszkodnak a fogyaszt\u00f3k. A napelemes \u00f3ra\u00e1ll\u00e1sok r\u00f6gz\u00edt\u00e9s\u00e9t teh\u00e1t s\u00falyos infrastruktur\u00e1lis probl\u00e9m\u00e1k nehez\u00edtik.<\/p>\n\n\n\n<h3 class=\"wp-block-heading\">Az ELM\u0170 sem tud mit tenni<\/h3>\n\n\n\n<p>Az MVM cs\u00fct\u00f6rt\u00f6k\u00f6n azt a t\u00e1j\u00e9koztat\u00e1st adta, hogy j\u00f6v\u0151 h\u00e9ten fognak friss inform\u00e1ci\u00f3val szolg\u00e1lni az \u00fcgyben. Az E.ON hossz\u00fa v\u00e1laszt k\u00fcld\u00f6tt, ennek r\u00f6viden az a l\u00e9nyege, hogy jogszer\u0171en j\u00e1rnak el a v\u00e9gelsz\u00e1mol\u00e1skor, \u00edgy \u0151k nem tudnak mit tenni ebben a helyzetben.<\/p>\n\n\n\n<p>Azt \u00edrt\u00e1k, mivel saj\u00e1t kezdem\u00e9nyez\u00e9s\u00fckre az energetikai hivatal visszavonta a szolg\u00e1ltat\u00e1si enged\u00e9ly\u00fcket,&nbsp;a villamos energi\u00e1r\u00f3l sz\u00f3l\u00f3 t\u00f6rv\u00e9ny el\u0151\u00edr\u00e1sainak \u00e9rtelm\u00e9ben k\u00f6teless\u00e9g\u00fck augusztus 31-ig v\u00e9gsz\u00e1ml\u00e1t k\u00e9sz\u00edteni\u00fck a fogyaszt\u00f3iknak, a szerz\u0151d\u00e9sek megsz\u0171n\u00e9se miatt pedig egy elsz\u00e1mol\u00f3sz\u00e1ml\u00e1t is ki kell \u00e1ll\u00edtaniuk. Ahol az elsz\u00e1mol\u00e1s eredm\u00e9nyek\u00e9nt az \u00fcgyfel\u00fck t\u00f6bb energi\u00e1t t\u00e1pl\u00e1lt be, mint amennyit felhaszn\u00e1lt, a c\u00e9g ezt ki fogja fizetni, ha ez ford\u00edtott, akkor a k\u00fcl\u00f6nb\u00f6zetet az \u00fcgyf\u00e9l fizeti a v\u00e9gsz\u00e1mla alapj\u00e1n.<\/p>\n\n\n\n<p>Jelzik, az elsz\u00e1mol\u00e1s ut\u00e1n, szeptember 1-j\u00e9t k\u00f6vet\u0151en az ELM\u0170-\u00c9M\u00c1SZ m\u00e1r nem tudja a bet\u00e1pl\u00e1lt \u00e9s felhaszn\u00e1lt villamos energi\u00e1t elsz\u00e1molni. A HMKE-vel (h\u00e1ztart\u00e1si m\u00e9ret\u0171 kiser\u0151m\u0171) rendelkez\u0151 \u00fcgyfelek eset\u00e9n, mivel egyedi adotts\u00e1g\u00fa rendszerekr\u0151l, elt\u00e9r\u0151 fogyaszt\u00e1si szok\u00e1sokr\u00f3l, id\u0151j\u00e1r\u00e1si k\u00f6rnyezetr\u0151l \u00e9s elt\u00e9r\u0151 elsz\u00e1mol\u00e1si id\u0151szakokr\u00f3l van sz\u00f3, az elsz\u00e1mol\u00e1s eredm\u00e9nye \u00fcgyfelenk\u00e9nt is egyedi lesz.<\/p>\n\n\n\n<p>A szeptember 1-j\u00e9n esed\u00e9kes szolg\u00e1ltat\u00f3v\u00e1lt\u00e1s a villamosenergia-ell\u00e1t\u00e1st nem \u00e9rinti, \u00e9s nem vonatkozik az ELM\u0170-\u00c9M\u00c1SZ-szal jelenleg is versenypiaci szerz\u0151d\u00e9sben \u00e1ll\u00f3 \u00fcgyfelekre - sz\u00e1mukra tov\u00e1bbra is a v\u00e1llalat biztos\u00edtja v\u00e1ltozatlanul a villamosenergia-szolg\u00e1ltat\u00e1st.<\/p>\n\n\n\n<p>A szolg\u00e1ltat\u00f3v\u00e1lt\u00e1s nincs hat\u00e1ssal a villamos energia \u00e1r\u00e1ra.<\/p>\n\n\n\n<p>A sz\u00e1ml\u00e1k kiegyenl\u00edt\u00e9s\u00e9vel kapcsolatos szab\u00e1ly, hogy minden sz\u00e1ml\u00e1t annak a szolg\u00e1ltat\u00f3nak kell befizetni, amely azt ki\u00e1ll\u00edtotta. Teh\u00e1t az ELM\u0170-\u00c9M\u00c1SZ-t\u00f3l kapott sz\u00e1ml\u00e1kat szeptember 1. ut\u00e1n is m\u00e9g a r\u00e9gi szolg\u00e1ltat\u00f3 fel\u00e9 kell rendezni. Ugyanez \u00e9rv\u00e9nyes a r\u00e9szletfizet\u00e9si meg\u00e1llapod\u00e1sokra is.<\/p>\n\n\n\n<p>K\u00f6z\u00f6lt\u00e9k: a Simple Pay rendszerben az ism\u00e9tl\u0151d\u0151 fizet\u00e9s jelenlegi be\u00e1ll\u00edt\u00e1sa megsz\u0171nik, az online bankk\u00e1rty\u00e1s fizet\u00e9s pedig egy m\u00e1sik banki fel\u00fcleten lesz el\u00e9rhet\u0151. Aki eddig elektronikus \u00faton kapta sz\u00e1ml\u00e1it, tov\u00e1bbra is elektronikus form\u00e1ban tudja megtekinteni azokat szeptember 1-t\u0151l az MVM Next online \u00fcgyf\u00e9lszolg\u00e1lat\u00e1n, ezzel tov\u00e1bbi teend\u0151 nincs.<\/p>\n\n\n\n<p>A villamosenergia-h\u00e1l\u00f3zat fenntart\u00f3ja \u00e9s \u00fczemeltet\u0151je Budapesten \u00e9s Pest megye legnagyobb r\u00e9sz\u00e9n tov\u00e1bbra is az ELM\u0170 H\u00e1l\u00f3zati Kft. lesz, amely az E.ON Hung\u00e1ria Csoport tagja. Az \u00c9M\u00c1SZ H\u00e1l\u00f3zati Kft. jelenlegi szolg\u00e1ltat\u00e1si ter\u00fclet\u00e9n, Borsod-Aba\u00faj-Zempl\u00e9n, Heves, N\u00f3gr\u00e1d, illetve J\u00e1sz-Nagykun-Szolnok \u00e9s Pest megye egyes r\u00e9szein - z\u00e1r\u00e1si felt\u00e9telek teljes\u00edt\u00e9s\u00e9t k\u00f6vet\u0151en - az MVM \u00c9m\u00e1sz \u00c1ramh\u00e1l\u00f3zati Kft. lesz az \u00e1ramh\u00e1l\u00f3zat fenntart\u00f3ja.<\/p>\n\n\n\n<p>Az \u00fcgyf\u00e9lszolg\u00e1lati el\u00e9rhet\u0151s\u00e9gek augusztus 31-ig v\u00e1ltozatlanok.<\/p>\n\n\n\n<p><strong>Az \u00fcgyf\u00e9lszolg\u00e1lati irod\u00e1k helysz\u00edne nem v\u00e1ltozik, azonban szeptember 1-j\u00e9t\u0151l azokat m\u00e1r az MVM Next \u00fczemelteti megv\u00e1ltozott nyitvatart\u00e1si id\u0151ben.<\/strong><\/p>\n\n\n\n<p>Az \u00e1t\u00e1ll\u00e1s miatt az ELM\u0170-\u00c9M\u00c1SZ \u00fcgyf\u00e9lszolg\u00e1lati irod\u00e1i augusztus 30-\u00e1n \u00e9s 31-\u00e9n z\u00e1rva tartanak, az online \u00fcgyf\u00e9lszolg\u00e1lat \u00e9s a mobilapplik\u00e1ci\u00f3 pedig augusztus 28. \u00e9s szeptember 1. reggel 08.00 \u00f3ra k\u00f6z\u00f6tt nem lesz el\u00e9rhet\u0151.<\/p>\n\n\n\n<p>A villamosenergia-h\u00e1l\u00f3zat fenntart\u00f3jak\u00e9nt az ELM\u0170 H\u00e1l\u00f3zati Kft. szeptembert\u0151l k\u00e9t \u00fcgyf\u00e9lszolg\u00e1lati irod\u00e1t m\u0171k\u00f6dtet majd Budapesten \u00e9s \u00c9rden.<\/p>\n\n\n\n<p>Az \u00e1ramszolg\u00e1ltat\u00f3 v\u00e1lt\u00e1s kiz\u00e1r\u00f3lag a fent eml\u00edtett megy\u00e9ket \u00e9rinti, amennyiben nem az ELM\u0170-\u00c9M\u00c1SZ ter\u00fcleten lakik, \u00edgy nem kell plusz k\u00f6lts\u00e9g miatt agg\u00f3dnia!<\/p>\n\n\n\n<p>Forr\u00e1s: index<\/p>\n","protected":false},"excerpt":{"rendered":"<p>2021 szeptembert\u0151l 1-j\u00e9t\u0151l a Magyar Villamos M\u0171vek (MVM) veszi \u00e1t az ELM\u0170-\u00c9M\u00c1SZ -f\u0151k\u00e9nt lakoss\u00e1gi- \u00fcgyfeleit. A szolg\u00e1ltat\u00f3v\u00e1lt\u00e1s egy augusztus v\u00e9gi extra \u00f3raleolvas\u00e1ssal j\u00e1r majd, \u00edgy a legt\u00f6bb fogyaszt\u00f3nak csup\u00e1n arra kell figyelni, hogy ny\u00e1r v\u00e9g\u00e9ig a r\u00e9gi, \u0151szt\u0151l az \u00faj szolg\u00e1ltat\u00f3nak fizesse a sz\u00e1ml\u00e1kat. A v\u00e9gelsz\u00e1mol\u00e1s hat\u00e1rideje a napelemes \u00fcgyfelek egy r\u00e9sz\u00e9n\u00e9l kellemetlen meglepet\u00e9st tartogat, [&hellip;]<\/p>\n","protected":false},"author":3,"featured_media":533,"comment_status":"open","ping_status":"open","sticky":false,"template":"","format":"standard","meta":{"footnotes":""},"categories":[1],"tags":[],"class_list":["post-531","post","type-post","status-publish","format-standard","has-post-thumbnail","hentry","category-egyeb"],"yoast_head":"<!-- This site is optimized with the Yoast SEO plugin v19.5.1 - https:\/\/yoast.com\/wordpress\/plugins\/seo\/ -->\n<title>Sokba ker\u00fclhet a napelem-tulajdonosoknak a szolg\u00e1ltat\u00f3v\u00e1lt\u00e1s | H\u00f3dszol\u00e1r<\/title>\n<meta name=\"robots\" content=\"noindex, follow, max-snippet:-1, max-image-preview:large, max-video-preview:-1\" \/>\n<meta property=\"og:locale\" content=\"hu_HU\" \/>\n<meta property=\"og:type\" content=\"article\" \/>\n<meta property=\"og:title\" content=\"Sokba ker\u00fclhet a napelem-tulajdonosoknak a szolg\u00e1ltat\u00f3v\u00e1lt\u00e1s | H\u00f3dszol\u00e1r\" \/>\n<meta property=\"og:description\" content=\"2021 szeptembert\u0151l 1-j\u00e9t\u0151l a Magyar Villamos M\u0171vek (MVM) veszi \u00e1t az ELM\u0170-\u00c9M\u00c1SZ -f\u0151k\u00e9nt lakoss\u00e1gi- \u00fcgyfeleit. A szolg\u00e1ltat\u00f3v\u00e1lt\u00e1s egy augusztus v\u00e9gi extra \u00f3raleolvas\u00e1ssal j\u00e1r majd, \u00edgy a legt\u00f6bb fogyaszt\u00f3nak csup\u00e1n arra kell figyelni, hogy ny\u00e1r v\u00e9g\u00e9ig a r\u00e9gi, \u0151szt\u0151l az \u00faj szolg\u00e1ltat\u00f3nak fizesse a sz\u00e1ml\u00e1kat. A v\u00e9gelsz\u00e1mol\u00e1s hat\u00e1rideje a napelemes \u00fcgyfelek egy r\u00e9sz\u00e9n\u00e9l kellemetlen meglepet\u00e9st tartogat, [&hellip;]\" \/>\n<meta property=\"og:url\" content=\"https:\/\/dev.kompaktdesign.hu\/hodszolar.hu\/2021\/08\/30\/sokba-kerulhet-a-napelem-tulajdonosoknak-a-szolgaltatovaltas\/\" \/>\n<meta property=\"og:site_name\" content=\"H\u00f3dszol\u00e1r\" \/>\n<meta property=\"article:publisher\" content=\"https:\/\/www.facebook.com\/hodszolar\" \/>\n<meta property=\"article:published_time\" content=\"2021-08-30T12:34:04+00:00\" \/>\n<meta property=\"article:modified_time\" content=\"2021-08-30T12:34:05+00:00\" \/>\n<meta property=\"og:image\" content=\"https:\/\/dev.kompaktdesign.hu\/hodszolar.hu\/wp-content\/uploads\/2021\/08\/Nevtelen-terv1-1.png\" \/>\n\t<meta property=\"og:image:width\" content=\"1080\" \/>\n\t<meta property=\"og:image:height\" content=\"1080\" \/>\n\t<meta property=\"og:image:type\" content=\"image\/png\" \/>\n<meta name=\"author\" content=\"H\u00f3dszol\u00e1r Kft.\" \/>\n<meta name=\"twitter:card\" content=\"summary_large_image\" \/>\n<meta name=\"twitter:label1\" content=\"Szerz\u0151:\" \/>\n\t<meta name=\"twitter:data1\" content=\"H\u00f3dszol\u00e1r Kft.\" \/>\n\t<meta name=\"twitter:label2\" content=\"Becs\u00fclt olvas\u00e1si id\u0151\" \/>\n\t<meta name=\"twitter:data2\" content=\"6 perc\" \/>\n<script type=\"application\/ld+json\" class=\"yoast-schema-graph\">{\"@context\":\"https:\/\/schema.org\",\"@graph\":[{\"@type\":\"Article\",\"@id\":\"https:\/\/dev.kompaktdesign.hu\/hodszolar.hu\/2021\/08\/30\/sokba-kerulhet-a-napelem-tulajdonosoknak-a-szolgaltatovaltas\/#article\",\"isPartOf\":{\"@id\":\"https:\/\/dev.kompaktdesign.hu\/hodszolar.hu\/2021\/08\/30\/sokba-kerulhet-a-napelem-tulajdonosoknak-a-szolgaltatovaltas\/\"},\"author\":{\"name\":\"H\u00f3dszol\u00e1r Kft.\",\"@id\":\"https:\/\/dev.kompaktdesign.hu\/hodszolar.hu\/#\/schema\/person\/a788af940a3d6b2829396312340dd08c\"},\"headline\":\"Sokba ker\u00fclhet a napelem-tulajdonosoknak a szolg\u00e1ltat\u00f3v\u00e1lt\u00e1s\",\"datePublished\":\"2021-08-30T12:34:04+00:00\",\"dateModified\":\"2021-08-30T12:34:05+00:00\",\"mainEntityOfPage\":{\"@id\":\"https:\/\/dev.kompaktdesign.hu\/hodszolar.hu\/2021\/08\/30\/sokba-kerulhet-a-napelem-tulajdonosoknak-a-szolgaltatovaltas\/\"},\"wordCount\":1915,\"commentCount\":0,\"publisher\":{\"@id\":\"https:\/\/dev.kompaktdesign.hu\/hodszolar.hu\/#organization\"},\"articleSection\":[\"Egy\u00e9b kateg\u00f3ria\"],\"inLanguage\":\"hu\",\"potentialAction\":[{\"@type\":\"CommentAction\",\"name\":\"Comment\",\"target\":[\"https:\/\/dev.kompaktdesign.hu\/hodszolar.hu\/2021\/08\/30\/sokba-kerulhet-a-napelem-tulajdonosoknak-a-szolgaltatovaltas\/#respond\"]}]},{\"@type\":\"WebPage\",\"@id\":\"https:\/\/dev.kompaktdesign.hu\/hodszolar.hu\/2021\/08\/30\/sokba-kerulhet-a-napelem-tulajdonosoknak-a-szolgaltatovaltas\/\",\"url\":\"https:\/\/dev.kompaktdesign.hu\/hodszolar.hu\/2021\/08\/30\/sokba-kerulhet-a-napelem-tulajdonosoknak-a-szolgaltatovaltas\/\",\"name\":\"Sokba ker\u00fclhet a napelem-tulajdonosoknak a szolg\u00e1ltat\u00f3v\u00e1lt\u00e1s | H\u00f3dszol\u00e1r\",\"isPartOf\":{\"@id\":\"https:\/\/dev.kompaktdesign.hu\/hodszolar.hu\/#website\"},\"datePublished\":\"2021-08-30T12:34:04+00:00\",\"dateModified\":\"2021-08-30T12:34:05+00:00\",\"breadcrumb\":{\"@id\":\"https:\/\/dev.kompaktdesign.hu\/hodszolar.hu\/2021\/08\/30\/sokba-kerulhet-a-napelem-tulajdonosoknak-a-szolgaltatovaltas\/#breadcrumb\"},\"inLanguage\":\"hu\",\"potentialAction\":[{\"@type\":\"ReadAction\",\"target\":[\"https:\/\/dev.kompaktdesign.hu\/hodszolar.hu\/2021\/08\/30\/sokba-kerulhet-a-napelem-tulajdonosoknak-a-szolgaltatovaltas\/\"]}]},{\"@type\":\"BreadcrumbList\",\"@id\":\"https:\/\/dev.kompaktdesign.hu\/hodszolar.hu\/2021\/08\/30\/sokba-kerulhet-a-napelem-tulajdonosoknak-a-szolgaltatovaltas\/#breadcrumb\",\"itemListElement\":[{\"@type\":\"ListItem\",\"position\":1,\"name\":\"Kezd\u0151lap\",\"item\":\"https:\/\/dev.kompaktdesign.hu\/hodszolar.hu\/\"},{\"@type\":\"ListItem\",\"position\":2,\"name\":\"Sokba ker\u00fclhet a napelem-tulajdonosoknak a szolg\u00e1ltat\u00f3v\u00e1lt\u00e1s\"}]},{\"@type\":\"WebSite\",\"@id\":\"https:\/\/dev.kompaktdesign.hu\/hodszolar.hu\/#website\",\"url\":\"https:\/\/dev.kompaktdesign.hu\/hodszolar.hu\/\",\"name\":\"H\u00f3dszol\u00e1r\",\"description\":\"A v\u00e1s\u00e1rhelyi napelemes\",\"publisher\":{\"@id\":\"https:\/\/dev.kompaktdesign.hu\/hodszolar.hu\/#organization\"},\"potentialAction\":[{\"@type\":\"SearchAction\",\"target\":{\"@type\":\"EntryPoint\",\"urlTemplate\":\"https:\/\/dev.kompaktdesign.hu\/hodszolar.hu\/?s={search_term_string}\"},\"query-input\":\"required name=search_term_string\"}],\"inLanguage\":\"hu\"},{\"@type\":\"Organization\",\"@id\":\"https:\/\/dev.kompaktdesign.hu\/hodszolar.hu\/#organization\",\"name\":\"H\u00f3dszol\u00e1r Kft.\",\"url\":\"https:\/\/dev.kompaktdesign.hu\/hodszolar.hu\/\",\"sameAs\":[\"https:\/\/www.facebook.com\/hodszolar\"],\"logo\":{\"@type\":\"ImageObject\",\"inLanguage\":\"hu\",\"@id\":\"https:\/\/dev.kompaktdesign.hu\/hodszolar.hu\/#\/schema\/logo\/image\/\",\"url\":\"https:\/\/dev.kompaktdesign.hu\/hodszolar.hu\/wp-content\/uploads\/2021\/05\/fvicon.png\",\"contentUrl\":\"https:\/\/dev.kompaktdesign.hu\/hodszolar.hu\/wp-content\/uploads\/2021\/05\/fvicon.png\",\"width\":132,\"height\":132,\"caption\":\"H\u00f3dszol\u00e1r Kft.\"},\"image\":{\"@id\":\"https:\/\/dev.kompaktdesign.hu\/hodszolar.hu\/#\/schema\/logo\/image\/\"}},{\"@type\":\"Person\",\"@id\":\"https:\/\/dev.kompaktdesign.hu\/hodszolar.hu\/#\/schema\/person\/a788af940a3d6b2829396312340dd08c\",\"name\":\"H\u00f3dszol\u00e1r Kft.\",\"image\":{\"@type\":\"ImageObject\",\"inLanguage\":\"hu\",\"@id\":\"https:\/\/dev.kompaktdesign.hu\/hodszolar.hu\/#\/schema\/person\/image\/\",\"url\":\"https:\/\/secure.gravatar.com\/avatar\/38df000db6f2e93b7f0ccccf7714392424ca033738d34dfe71f19fdb70329830?s=96&d=mm&r=g\",\"contentUrl\":\"https:\/\/secure.gravatar.com\/avatar\/38df000db6f2e93b7f0ccccf7714392424ca033738d34dfe71f19fdb70329830?s=96&d=mm&r=g\",\"caption\":\"H\u00f3dszol\u00e1r Kft.\"},\"url\":\"https:\/\/dev.kompaktdesign.hu\/hodszolar.hu\/author\/hodszolar\/\"}]}<\/script>\n<!-- \/ Yoast SEO plugin. -->","yoast_head_json":{"title":"Sokba ker\u00fclhet a napelem-tulajdonosoknak a szolg\u00e1ltat\u00f3v\u00e1lt\u00e1s | H\u00f3dszol\u00e1r","robots":{"index":"noindex","follow":"follow","max-snippet":"max-snippet:-1","max-image-preview":"max-image-preview:large","max-video-preview":"max-video-preview:-1"},"og_locale":"hu_HU","og_type":"article","og_title":"Sokba ker\u00fclhet a napelem-tulajdonosoknak a szolg\u00e1ltat\u00f3v\u00e1lt\u00e1s | H\u00f3dszol\u00e1r","og_description":"2021 szeptembert\u0151l 1-j\u00e9t\u0151l a Magyar Villamos M\u0171vek (MVM) veszi \u00e1t az ELM\u0170-\u00c9M\u00c1SZ -f\u0151k\u00e9nt lakoss\u00e1gi- \u00fcgyfeleit. A szolg\u00e1ltat\u00f3v\u00e1lt\u00e1s egy augusztus v\u00e9gi extra \u00f3raleolvas\u00e1ssal j\u00e1r majd, \u00edgy a legt\u00f6bb fogyaszt\u00f3nak csup\u00e1n arra kell figyelni, hogy ny\u00e1r v\u00e9g\u00e9ig a r\u00e9gi, \u0151szt\u0151l az \u00faj szolg\u00e1ltat\u00f3nak fizesse a sz\u00e1ml\u00e1kat. A v\u00e9gelsz\u00e1mol\u00e1s hat\u00e1rideje a napelemes \u00fcgyfelek egy r\u00e9sz\u00e9n\u00e9l kellemetlen meglepet\u00e9st tartogat, [&hellip;]","og_url":"https:\/\/dev.kompaktdesign.hu\/hodszolar.hu\/2021\/08\/30\/sokba-kerulhet-a-napelem-tulajdonosoknak-a-szolgaltatovaltas\/","og_site_name":"H\u00f3dszol\u00e1r","article_publisher":"https:\/\/www.facebook.com\/hodszolar","article_published_time":"2021-08-30T12:34:04+00:00","article_modified_time":"2021-08-30T12:34:05+00:00","og_image":[{"width":1080,"height":1080,"url":"https:\/\/dev.kompaktdesign.hu\/hodszolar.hu\/wp-content\/uploads\/2021\/08\/Nevtelen-terv1-1.png","type":"image\/png"}],"author":"H\u00f3dszol\u00e1r Kft.","twitter_card":"summary_large_image","twitter_misc":{"Szerz\u0151:":"H\u00f3dszol\u00e1r Kft.","Becs\u00fclt olvas\u00e1si id\u0151":"6 perc"},"schema":{"@context":"https:\/\/schema.org","@graph":[{"@type":"Article","@id":"https:\/\/dev.kompaktdesign.hu\/hodszolar.hu\/2021\/08\/30\/sokba-kerulhet-a-napelem-tulajdonosoknak-a-szolgaltatovaltas\/#article","isPartOf":{"@id":"https:\/\/dev.kompaktdesign.hu\/hodszolar.hu\/2021\/08\/30\/sokba-kerulhet-a-napelem-tulajdonosoknak-a-szolgaltatovaltas\/"},"author":{"name":"H\u00f3dszol\u00e1r Kft.","@id":"https:\/\/dev.kompaktdesign.hu\/hodszolar.hu\/#\/schema\/person\/a788af940a3d6b2829396312340dd08c"},"headline":"Sokba ker\u00fclhet a napelem-tulajdonosoknak a szolg\u00e1ltat\u00f3v\u00e1lt\u00e1s","datePublished":"2021-08-30T12:34:04+00:00","dateModified":"2021-08-30T12:34:05+00:00","mainEntityOfPage":{"@id":"https:\/\/dev.kompaktdesign.hu\/hodszolar.hu\/2021\/08\/30\/sokba-kerulhet-a-napelem-tulajdonosoknak-a-szolgaltatovaltas\/"},"wordCount":1915,"commentCount":0,"publisher":{"@id":"https:\/\/dev.kompaktdesign.hu\/hodszolar.hu\/#organization"},"articleSection":["Egy\u00e9b kateg\u00f3ria"],"inLanguage":"hu","potentialAction":[{"@type":"CommentAction","name":"Comment","target":["https:\/\/dev.kompaktdesign.hu\/hodszolar.hu\/2021\/08\/30\/sokba-kerulhet-a-napelem-tulajdonosoknak-a-szolgaltatovaltas\/#respond"]}]},{"@type":"WebPage","@id":"https:\/\/dev.kompaktdesign.hu\/hodszolar.hu\/2021\/08\/30\/sokba-kerulhet-a-napelem-tulajdonosoknak-a-szolgaltatovaltas\/","url":"https:\/\/dev.kompaktdesign.hu\/hodszolar.hu\/2021\/08\/30\/sokba-kerulhet-a-napelem-tulajdonosoknak-a-szolgaltatovaltas\/","name":"Sokba ker\u00fclhet a napelem-tulajdonosoknak a szolg\u00e1ltat\u00f3v\u00e1lt\u00e1s | H\u00f3dszol\u00e1r","isPartOf":{"@id":"https:\/\/dev.kompaktdesign.hu\/hodszolar.hu\/#website"},"datePublished":"2021-08-30T12:34:04+00:00","dateModified":"2021-08-30T12:34:05+00:00","breadcrumb":{"@id":"https:\/\/dev.kompaktdesign.hu\/hodszolar.hu\/2021\/08\/30\/sokba-kerulhet-a-napelem-tulajdonosoknak-a-szolgaltatovaltas\/#breadcrumb"},"inLanguage":"hu","potentialAction":[{"@type":"ReadAction","target":["https:\/\/dev.kompaktdesign.hu\/hodszolar.hu\/2021\/08\/30\/sokba-kerulhet-a-napelem-tulajdonosoknak-a-szolgaltatovaltas\/"]}]},{"@type":"BreadcrumbList","@id":"https:\/\/dev.kompaktdesign.hu\/hodszolar.hu\/2021\/08\/30\/sokba-kerulhet-a-napelem-tulajdonosoknak-a-szolgaltatovaltas\/#breadcrumb","itemListElement":[{"@type":"ListItem","position":1,"name":"Kezd\u0151lap","item":"https:\/\/dev.kompaktdesign.hu\/hodszolar.hu\/"},{"@type":"ListItem","position":2,"name":"Sokba ker\u00fclhet a napelem-tulajdonosoknak a szolg\u00e1ltat\u00f3v\u00e1lt\u00e1s"}]},{"@type":"WebSite","@id":"https:\/\/dev.kompaktdesign.hu\/hodszolar.hu\/#website","url":"https:\/\/dev.kompaktdesign.hu\/hodszolar.hu\/","name":"H\u00f3dszol\u00e1r","description":"A v\u00e1s\u00e1rhelyi napelemes","publisher":{"@id":"https:\/\/dev.kompaktdesign.hu\/hodszolar.hu\/#organization"},"potentialAction":[{"@type":"SearchAction","target":{"@type":"EntryPoint","urlTemplate":"https:\/\/dev.kompaktdesign.hu\/hodszolar.hu\/?s={search_term_string}"},"query-input":"required name=search_term_string"}],"inLanguage":"hu"},{"@type":"Organization","@id":"https:\/\/dev.kompaktdesign.hu\/hodszolar.hu\/#organization","name":"H\u00f3dszol\u00e1r Kft.","url":"https:\/\/dev.kompaktdesign.hu\/hodszolar.hu\/","sameAs":["https:\/\/www.facebook.com\/hodszolar"],"logo":{"@type":"ImageObject","inLanguage":"hu","@id":"https:\/\/dev.kompaktdesign.hu\/hodszolar.hu\/#\/schema\/logo\/image\/","url":"https:\/\/dev.kompaktdesign.hu\/hodszolar.hu\/wp-content\/uploads\/2021\/05\/fvicon.png","contentUrl":"https:\/\/dev.kompaktdesign.hu\/hodszolar.hu\/wp-content\/uploads\/2021\/05\/fvicon.png","width":132,"height":132,"caption":"H\u00f3dszol\u00e1r Kft."},"image":{"@id":"https:\/\/dev.kompaktdesign.hu\/hodszolar.hu\/#\/schema\/logo\/image\/"}},{"@type":"Person","@id":"https:\/\/dev.kompaktdesign.hu\/hodszolar.hu\/#\/schema\/person\/a788af940a3d6b2829396312340dd08c","name":"H\u00f3dszol\u00e1r Kft.","image":{"@type":"ImageObject","inLanguage":"hu","@id":"https:\/\/dev.kompaktdesign.hu\/hodszolar.hu\/#\/schema\/person\/image\/","url":"https:\/\/secure.gravatar.com\/avatar\/38df000db6f2e93b7f0ccccf7714392424ca033738d34dfe71f19fdb70329830?s=96&d=mm&r=g","contentUrl":"https:\/\/secure.gravatar.com\/avatar\/38df000db6f2e93b7f0ccccf7714392424ca033738d34dfe71f19fdb70329830?s=96&d=mm&r=g","caption":"H\u00f3dszol\u00e1r Kft."},"url":"https:\/\/dev.kompaktdesign.hu\/hodszolar.hu\/author\/hodszolar\/"}]}},"_links":{"self":[{"href":"https:\/\/dev.kompaktdesign.hu\/hodszolar.hu\/wp-json\/wp\/v2\/posts\/531","targetHints":{"allow":["GET"]}}],"collection":[{"href":"https:\/\/dev.kompaktdesign.hu\/hodszolar.hu\/wp-json\/wp\/v2\/posts"}],"about":[{"href":"https:\/\/dev.kompaktdesign.hu\/hodszolar.hu\/wp-json\/wp\/v2\/types\/post"}],"author":[{"embeddable":true,"href":"https:\/\/dev.kompaktdesign.hu\/hodszolar.hu\/wp-json\/wp\/v2\/users\/3"}],"replies":[{"embeddable":true,"href":"https:\/\/dev.kompaktdesign.hu\/hodszolar.hu\/wp-json\/wp\/v2\/comments?post=531"}],"version-history":[{"count":1,"href":"https:\/\/dev.kompaktdesign.hu\/hodszolar.hu\/wp-json\/wp\/v2\/posts\/531\/revisions"}],"predecessor-version":[{"id":534,"href":"https:\/\/dev.kompaktdesign.hu\/hodszolar.hu\/wp-json\/wp\/v2\/posts\/531\/revisions\/534"}],"wp:featuredmedia":[{"embeddable":true,"href":"https:\/\/dev.kompaktdesign.hu\/hodszolar.hu\/wp-json\/wp\/v2\/media\/533"}],"wp:attachment":[{"href":"https:\/\/dev.kompaktdesign.hu\/hodszolar.hu\/wp-json\/wp\/v2\/media?parent=531"}],"wp:term":[{"taxonomy":"category","embeddable":true,"href":"https:\/\/dev.kompaktdesign.hu\/hodszolar.hu\/wp-json\/wp\/v2\/categories?post=531"},{"taxonomy":"post_tag","embeddable":true,"href":"https:\/\/dev.kompaktdesign.hu\/hodszolar.hu\/wp-json\/wp\/v2\/tags?post=531"}],"curies":[{"name":"wp","href":"https:\/\/api.w.org\/{rel}","templated":true}]}}