{"id":535,"date":"2021-08-30T13:16:56","date_gmt":"2021-08-30T13:16:56","guid":{"rendered":"https:\/\/hodszolar.hu\/?p=535"},"modified":"2021-08-30T13:16:57","modified_gmt":"2021-08-30T13:16:57","slug":"szolar-az-iskolakban-az-intelligens-megoldas","status":"publish","type":"post","link":"https:\/\/dev.kompaktdesign.hu\/hodszolar.hu\/2021\/08\/30\/szolar-az-iskolakban-az-intelligens-megoldas\/","title":{"rendered":"Szol\u00e1r az iskol\u00e1kban: az intelligens megold\u00e1s"},"content":{"rendered":"\n<p>Az orsz\u00e1gban a tanker\u00fcletek egyre gyakrabban telep\u00edtenek napelemes projekteket, sokszor el\u0151zetes k\u00f6lts\u00e9gek n\u00e9lk\u00fcl. Milyen el\u0151ny\u00f6kre sz\u00e1m\u00edtanak?<\/p>\n\n\n\n<p>Amikor az iskol\u00e1k fejleszt\u00e9se ker\u00fcl sz\u00f3ba, az els\u0151, ami esz\u00fcnkbe jut, a jobb tank\u00f6nyvek, a jobban megfizetett tan\u00e1rok \u00e9s a tov\u00e1bbfejlesztett tananyag.<\/p>\n\n\n\n<p>A szol\u00e1r lehet\u0151s\u00e9get ad az iskol\u00e1knak k\u00f6lts\u00e9gvet\u00e9s\u00fck sz\u0171k\u00f6ss\u00e9g\u00e9nek enyh\u00edt\u00e9s\u00e9re, gyakran alacsony el\u0151zetes k\u00f6lts\u00e9gek \u00e1r\u00e1n vagy ak\u00e1r an\u00e9lk\u00fcl is, \u00edgy a felszabadul\u00f3 forr\u00e1sokat az oktat\u00e1s fejleszt\u00e9s\u00e9re lehet ford\u00edtani.<\/p>\n\n\n\n<p>Az iskol\u00e1k gyakran k\u00f6tnek energiav\u00e1s\u00e1rl\u00e1si meg\u00e1llapod\u00e1sokat (power purchase agreements, PPA-k) a napenergi\u00e1ra, amelynek r\u00e9v\u00e9n az iskola 10-25 \u00e9ven kereszt\u00fcl kedvezm\u00e9nyes \u00e1ron v\u00e1s\u00e1rolhatja meg a szol\u00e1r eszk\u00f6z\u00f6kkel megtermelt energi\u00e1t, \u00edgy m\u00e1r az els\u0151 perct\u0151l kezdve k\u00f6lts\u00e9geket takar\u00edt meg. A 2014 \u00f3ta telep\u00edtett iskolai rendszereknek k\u00f6r\u00fclbel\u00fcl 90%-a v\u00e1lasztotta a PPA modellt, \u00e9s az eleny\u00e9sz\u0151-nem l\u00e9tez\u0151 el\u0151zetes k\u00f6lts\u00e9geket vagy karbantart\u00e1si k\u00f6lts\u00e9geket, ami intelligens megold\u00e1st jelent a szoros k\u00f6lts\u00e9gvet\u00e9ssel m\u0171k\u00f6d\u0151 iskol\u00e1knak \u2013 v\u00e9lte az Egyes\u00fclt \u00c1llamok napelemekkel foglalkoz\u00f3 szakmai szervezete, a Solar Energy Industries Association (SEIA).<\/p>\n\n\n\n<p>Az ut\u00f3bbi \u00e9vekben b\u0151v\u00fclt az iskol\u00e1kban telep\u00edtett szol\u00e1r eszk\u00f6zpark, de sz\u00e1mos iskola m\u00e9g nem sz\u00e1nta r\u00e1 mag\u00e1t erre a l\u00e9p\u00e9sre. A SEIA arr\u00f3l sz\u00e1molt be, hogy 2019 sor\u00e1n mintegy 7&nbsp;332 iskol\u00e1t szereltek fel szol\u00e1r eszk\u00f6z\u00f6kkel az Egyes\u00fclt \u00c1llamokban, ami 5,5%-ot jelent a K-12 k\u00f6rbe tartoz\u00f3 int\u00e9zm\u00e9nyekn\u00e9l.<\/p>\n\n\n\n<p>A rendszerek \u00e1tlagos m\u00e9rete ezekn\u00e9l az iskol\u00e1kn\u00e1l 182&nbsp;kW volt, \u00e9s t\u00f6bb mint 1,3&nbsp;GW aktiv\u00e1l\u00e1s\u00e1t v\u00e9gezt\u00e9k el. Hozz\u00e1vet\u0151legesen a di\u00e1kok 9,4%-a j\u00e1r szol\u00e1r eszk\u00f6z\u00f6kkel felszerelt iskol\u00e1ba a SEIA szerint. Az \u201eoszt\u00e1lyels\u0151\u201d \u00e1llam Kalifornia volt, az orsz\u00e1g szol\u00e1r iskol\u00e1inak harmad\u00e1val \u00e9s az \u00f6sszes telep\u00edtett kapacit\u00e1s 45%-\u00e1val, 616&nbsp;MW-tal.<\/p>\n\n\n\n<p>2014 \u00e9s 2019 k\u00f6z\u00f6tt a SEIA 139%-os n\u00f6veked\u00e9st m\u00e9rt az \u00f6sszes\u00edtett telep\u00edtett kapacit\u00e1st illet\u0151en. Ezen az \u00f6t\u00e9ves id\u0151szakon bel\u00fcl az iskol\u00e1k k\u00f6r\u00fclbel\u00fcl 8-10%-\u00e1t tett\u00e9k ki a nem lak\u00f3\u00e9p\u00fcleteket \u00e9rint\u0151 telep\u00edtett kapacit\u00e1soknak.<\/p>\n\n\n\n<p>B\u00e1r a n\u00f6veked\u00e9s er\u0151teljesnek bizonyult, a \u201eGeneration180\u201d nev\u0171 csoport \u00fagy v\u00e9li, hogy az Egyes\u00fclt \u00c1llamok jobb teljes\u00edtm\u00e9nyre is k\u00e9pes. A csoport feladat\u00e1nak tekinti a csatlakoz\u00f3k ar\u00e1ny\u00e1nak n\u00f6vel\u00e9s\u00e9t, \u00e9s er\u0151forr\u00e1sokat bocs\u00e1t rendelkez\u00e9sre, hogy \u00fatmutat\u00e1ssal szolg\u00e1ljanak az iskol\u00e1k d\u00f6nt\u00e9shoz\u00f3inak, amelyre t\u00e1maszkodhatnak a szol\u00e1r eszk\u00f6z telep\u00edt\u00e9s\u00e9nek folyamata sor\u00e1n \u00e9s ami hozz\u00e1j\u00e1rul az el\u0151ny\u00f6k meg\u00e9rt\u00e9s\u00e9hez.<\/p>\n\n\n\n<h3 class=\"wp-block-heading\">Hogyan<\/h3>\n\n\n\n<p>A \u201eGeneration180\u201d orsz\u00e1gos kamp\u00e1nyt folytat a szol\u00e1r n\u00e9pszer\u0171s\u00edt\u00e9se \u00e9rdek\u00e9ben, \u00e9s l\u00e9p\u00e9sr\u0151l l\u00e9p\u00e9sre vezet\u0151 \u00fatmutat\u00e1st ny\u00fajt\u00f3 eszk\u00f6zt k\u00edn\u00e1l. Ha a tanker\u00fclet m\u00e1r \u00e9rdekl\u0151d\u00e9st tapasztal a k\u00f6z\u00f6ss\u00e9g r\u00e9sz\u00e9r\u0151l, akkor a d\u00f6nt\u00e9shoz\u00f3k felhaszn\u00e1lhatj\u00e1k a Generation180 szol\u00e1rra \u00e1t\u00e1ll\u00e1sra vonatkoz\u00f3 \u00fatmutat\u00f3j\u00e1t.<\/p>\n\n\n\n<p>Ebben az \u00fatmutat\u00f3ban nyolc l\u00e9p\u00e9sben foglalt\u00e1k \u00f6ssze az indul\u00e1st:<\/p>\n\n\n\n<ul class=\"wp-block-list\"><li>\u00c1ll\u00edtson \u00f6ssze csapatot: vonja be a tan\u00e1rokat, a di\u00e1kokat, a l\u00e9tes\u00edtm\u00e9ny dolgoz\u00f3it \u00e9s a beszerz\u00e9ssel foglalkoz\u00f3kat, \u00e9s vegye fontol\u00f3ra k\u00fcls\u0151 szak\u00e9rt\u0151k seg\u00edts\u00e9g\u00e9nek ig\u00e9nybe v\u00e9tel\u00e9t.<\/li><li>Ismerje meg az energia ir\u00e1nti ig\u00e9nyeket, \u00e9s becs\u00fclje meg a napenergi\u00e1ban rejl\u0151 potenci\u00e1lt: vizsg\u00e1lja fel\u00fcl az \u00e1ramfogyaszt\u00e1sra vonatkoz\u00f3 kor\u00e1bbi adatokat, becs\u00fclje meg a k\u00f6lts\u00e9geket \u00e9s a lehets\u00e9ges megtakar\u00edt\u00e1sokat, \u00e9rt\u00e9kelje a helysz\u00edn adotts\u00e1gait \u00e9s a napenergi\u00e1b\u00f3l v\u00e1rhat\u00f3 teljes\u00edtm\u00e9nyt.<\/li><li>Vesse \u00f6ssze a p\u00e9nz\u00fcgyi opci\u00f3kat: \u00e9rt\u00e9kelje a tulajdonosi opci\u00f3kat k\u00f6zvetlen vagy k\u00f6zvetett energiav\u00e1s\u00e1rl\u00e1si meg\u00e1llapod\u00e1sokkal, \u00e9s vizsg\u00e1lja meg a helyi, \u00e1llami, sz\u00f6vets\u00e9gi \u00e9s k\u00f6zm\u0171vek \u00e1ltal ny\u00fajtott \u00f6szt\u00f6nz\u0151ket.<\/li><li>Ismerje fel a szab\u00e1lyoz\u00e1sokban rejl\u0151 akad\u00e1lyokat: tanulm\u00e1nyozza a helyi tervez\u00e9sre \u00e9s z\u00f3n\u00e1kra vonatkoz\u00f3 k\u00f6vetelm\u00e9nyeket, vizsg\u00e1lja meg a nett\u00f3 elsz\u00e1mol\u00e1sos lehet\u0151s\u00e9geket.<\/li><li>K\u00e9sz\u00edtsen el\u0151 \u00e9s adjon ki az aj\u00e1nlati felh\u00edv\u00e1st: \u00fcgyeljen, hogy a felh\u00edv\u00e1s megfeleljen a t\u00f6rv\u00e9nyi k\u00f6vetelm\u00e9nyeknek, vil\u00e1gosan \u00edrja le a projektet, \u00e9s foglalja bele az oktat\u00e1si lehet\u0151s\u00e9geket.<\/li><li>\u00c9rt\u00e9kel\u00e9s \u00fatj\u00e1n v\u00e1lassza ki a fejleszt\u0151t: dolgozza ki a kulcsfontoss\u00e1g\u00fa k\u00f6vetelm\u00e9nyek list\u00e1j\u00e1t \u00e9s az \u00e9rt\u00e9kel\u00e9s pontrendszer\u00e9t.<\/li><li>\u00c1tfog\u00f3 m\u00f3don ellen\u0151rizze az \u00e9p\u00edt\u00e9st \u00e9s telep\u00edt\u00e9st: rendszeresen tartsa meg az elv\u00e9gzett munk\u00e1k \u00e9rt\u00e9kel\u00e9s\u00e9t szolg\u00e1l\u00f3 megbesz\u00e9l\u00e9st, dokument\u00e1lja a t\u00f6rv\u00e9nyi el\u0151\u00edr\u00e1sok szerinti megfelel\u0151s\u00e9get, \u00e9s folytasson rendszeresen ellen\u0151rz\u00e9seket.<\/li><li>K\u00f6vesse nyomon a teljes\u00edtm\u00e9nyt, az \u00fczemeltet\u00e9st \u00e9s karbantart\u00e1st: sz\u00fcks\u00e9g eset\u00e9n dolgozzon ki \u00fczemeltet\u00e9si \u00e9s karbantart\u00e1si meg\u00e1llapod\u00e1st, \u00e9s gondoskodjon folyamatosan a helysz\u00edn biztons\u00e1goss\u00e1g\u00e1r\u00f3l.<\/li><\/ul>\n\n\n\n<h3 class=\"wp-block-heading\">Sikert\u00f6rt\u00e9netek<\/h3>\n\n\n\n<p>N\u00e9h\u00e1ny iskola m\u00e1r \u00e1tesett ezen a folyamaton, \u00e9s k\u00f6vetend\u0151 p\u00e9ld\u00e1t \u00e1ll\u00edtanak a t\u00f6bbi tanker\u00fclet el\u00e9.<\/p>\n\n\n\n<figure class=\"wp-block-image\"><img decoding=\"async\" src=\"https:\/\/mk0insideclimats3pe4.kinstacdn.com\/wp-content\/uploads\/2017\/11\/rooftop-solar-lab-school_lincoln-barbour.jpg\" alt=\"Students learn about different way solar energy can be harnessed in a rooftop lab at Discovery Elementary in Arlington, Virginia. The school has a 495-kilowatt solar array. Credit: Lincoln Barbour\"\/><\/figure>\n\n\n\n<p>P\u00e9ld\u00e1ul a San Francisco-i Egyes\u00edtett tanker\u00fclet (San Francisco Unified School District, SSFUSD) 136 iskol\u00e1t \u00e9s 55&nbsp;000 di\u00e1kot k\u00e9pvisel. 2017-ben a tanker\u00fclet elfogadta a sz\u00e9nsemlegess\u00e9gre vonatkoz\u00f3 d\u00f6nt\u00e9st, amely 2040-ig a fosszilis t\u00fczel\u0151anyagok kivezet\u00e9s\u00e9t \u00e9s 2050-re a teljes energiaig\u00e9ny helysz\u00ednen t\u00f6rt\u00e9n\u0151 el\u0151\u00e1ll\u00edt\u00e1s\u00e1t t\u0171zte ki. A tanker\u00fcletben az els\u0151 telep\u00edt\u00e9sekre 10 \u00e9vvel ezel\u0151tt ker\u00fclt sor, \u00e9s az elm\u00falt \u00e9vtized sor\u00e1n t\u00f6bb mint 20&nbsp;milli\u00f3 doll\u00e1rt takar\u00edtottak meg az energiasz\u00e1ml\u00e1kon.<\/p>\n\n\n\n<p>Az ENGIE-vel l\u00e9trehozott partners\u00e9g keret\u00e9ben a SSFUSD 2 MW-t meghalad\u00f3 napelemes kapacit\u00e1st telep\u00edtett, kiemelked\u0151en energia-hat\u00e9kony technol\u00f3gi\u00e1kat val\u00f3s\u00edtott meg, \u00e9s 75%-ot meghalad\u00f3 m\u00e9rt\u00e9kben cs\u00f6kkentette az energi\u00e1val kapcsolatos r\u00e1ford\u00edt\u00e1sait. A napelemek telep\u00edt\u00e9s\u00e9re k\u00e9t nagyobb szakaszban ker\u00fclt sor, az els\u0151 szakaszban tizen\u00f6t iskol\u00e1ban telep\u00edtettek 1,68 MW kapacit\u00e1st. A m\u00e1sodik szakaszban h\u00e1rommal t\u00f6bb helysz\u00edn vett r\u00e9szt, \u00f6sszesen 352 MW erej\u00e9ig. A telep\u00edt\u00e9seket g\u00e9pkocsi parkol\u00f3kon, atl\u00e9tikai stadionokon \u00e9s tudom\u00e1nyos l\u00e9tes\u00edtm\u00e9nyeken helyezt\u00e9k el.<\/p>\n\n\n\n<p>M\u00e1sik p\u00e9lda a Discovery \u00c1ltal\u00e1nos Iskola Arlingtonban, Virginia \u00e1llamban. A 2015-ben megny\u00edlt iskola az orsz\u00e1g egyik legnagyobb nulla energia tan\u00fas\u00edtv\u00e1nnyal rendelkez\u0151 \u00e9p\u00fclete lett. Az \u00e9p\u00fcletet \u00fagy tervezt\u00e9k, hogy energiahat\u00e9konys\u00e1ga 66%-kal meghaladja a tanker\u00fcleti \u00e1tlagot, ehhez optimaliz\u00e1lt\u00e1k a szol\u00e1r eszk\u00f6z\u00f6k t\u00e1jol\u00e1s\u00e1t \u00e9s \u00e1rny\u00e9kol\u00e1s\u00e1t, ezen fel\u00fcl intelligens energiahat\u00e9konys\u00e1gi korszer\u0171s\u00edt\u00e9seket v\u00e9geztek t\u00f6bbek k\u00f6z\u00f6tt a f\u0171t\u00e9s, a h\u0171t\u00e9s \u00e9s a megvil\u00e1g\u00edt\u00e1s eszk\u00f6zein is.<\/p>\n\n\n\n<figure class=\"wp-block-image size-full is-resized\"><img loading=\"lazy\" decoding=\"async\" src=\"https:\/\/dev.kompaktdesign.hu\/hodszolar.hu\/wp-content\/uploads\/2021\/08\/kep-3.png\" alt=\"\" class=\"wp-image-537\" width=\"838\" height=\"629\"\/><\/figure>\n\n\n\n<p>A 496&nbsp;kW-os, 1700 panelb\u0151l \u00e1ll\u00f3 rendszer t\u00f6bb energi\u00e1t \u00e1ll\u00edt el\u0151, mint amennyit az \u00e9p\u00fclet felhaszn\u00e1l, \u00e9s \u00e9vente k\u00f6r\u00fclbel\u00fcl 100&nbsp;000&nbsp;doll\u00e1rnyi energiak\u00f6lts\u00e9get takar\u00edt meg. A kimen\u0151 teljes\u00edtm\u00e9ny maximaliz\u00e1l\u00e1sa \u00e9rdek\u00e9ben a paneleket egytengelyes napk\u00f6vet\u0151k\u00f6n helyezt\u00e9k el. Az \u00e9p\u00fclet \u00e9p\u00edt\u00e9s\u00e9nek tervez\u00e9se alatt azt tal\u00e1lt\u00e1k, hogy az \u00e9p\u00fclet meg\u00e9p\u00edt\u00e9s\u00e9nek n\u00e9gyzetl\u00e1bank\u00e9nti k\u00f6lts\u00e9ge 262&nbsp;doll\u00e1r lenne napenergia n\u00e9lk\u00fcl, m\u00edg napelemekkel n\u00e9gyzetl\u00e1bank\u00e9nt 316&nbsp;doll\u00e1r.<\/p>\n\n\n\n<p>B\u00e1r a napenergia jelent\u0151s t\u00e9telt k\u00e9pviselt az \u00e9p\u00edt\u00e9si k\u00f6lts\u00e9geken bel\u00fcl, hozz\u00e1seg\u00edtette az iskol\u00e1t a nett\u00f3 nulla kibocs\u00e1t\u00e1s el\u00e9r\u00e9s\u00e9hez, \u00e9s v\u00e1rhat\u00f3an nett\u00f3 p\u00e9nz\u00fcgyi hasznot fog jelenteni az energiasz\u00e1mla megtakar\u00edt\u00e1sai ter\u00e9n. R\u00e1ad\u00e1sul mivel a napenergia k\u00f6lts\u00e9gei tart\u00f3san cs\u00f6kkentek az iskola 2015-ben t\u00f6rt\u00e9nt \u00e9p\u00edt\u00e9se \u00f3ta, \u00e9s sokkal t\u00f6bb \u00f6szt\u00f6nz\u00e9st l\u00e9ptettek \u00e9letbe az eg\u00e9sz orsz\u00e1g ter\u00fclet\u00e9n, az iskol\u00e1k sz\u00e1m\u00e1ra a napenergia k\u00f6lts\u00e9ghat\u00e9konys\u00e1ga m\u00e9g kedvez\u0151bb\u00e9 v\u00e1lt.<\/p>\n\n\n\n<p>Sajnos Magyarorsz\u00e1gon m\u00e9g nem tudunk ilyen sikert\u00f6rt\u00e9neteket megosztani, azonban a p\u00e1ly\u00e1zati lehet\u0151s\u00e9geknek k\u00f6sz\u00f6nhet\u0151en az \u00e9vek alatt mi is t\u00f6bb iskola \u00e9p\u00fclet\u00e9re telep\u00edtett\u00fcnk napelemes rendszert.<\/p>\n\n\n\n<p>Forr\u00e1s: <a href=\"https:\/\/pv-magazine-usa.com\/2021\/08\/20\/solar-on-schools-a-smart-solution\/\">pv-magazine<\/a><\/p>\n","protected":false},"excerpt":{"rendered":"<p>Az orsz\u00e1gban a tanker\u00fcletek egyre gyakrabban telep\u00edtenek napelemes projekteket, sokszor el\u0151zetes k\u00f6lts\u00e9gek n\u00e9lk\u00fcl. Milyen el\u0151ny\u00f6kre sz\u00e1m\u00edtanak? Amikor az iskol\u00e1k fejleszt\u00e9se ker\u00fcl sz\u00f3ba, az els\u0151, ami esz\u00fcnkbe jut, a jobb tank\u00f6nyvek, a jobban megfizetett tan\u00e1rok \u00e9s a tov\u00e1bbfejlesztett tananyag. A szol\u00e1r lehet\u0151s\u00e9get ad az iskol\u00e1knak k\u00f6lts\u00e9gvet\u00e9s\u00fck sz\u0171k\u00f6ss\u00e9g\u00e9nek enyh\u00edt\u00e9s\u00e9re, gyakran alacsony el\u0151zetes k\u00f6lts\u00e9gek \u00e1r\u00e1n vagy ak\u00e1r an\u00e9lk\u00fcl [&hellip;]<\/p>\n","protected":false},"author":3,"featured_media":538,"comment_status":"open","ping_status":"open","sticky":false,"template":"","format":"standard","meta":{"footnotes":""},"categories":[1],"tags":[],"class_list":["post-535","post","type-post","status-publish","format-standard","has-post-thumbnail","hentry","category-egyeb"],"yoast_head":"<!-- This site is optimized with the Yoast SEO plugin v19.5.1 - https:\/\/yoast.com\/wordpress\/plugins\/seo\/ -->\n<title>Szol\u00e1r az iskol\u00e1kban: az intelligens megold\u00e1s | H\u00f3dszol\u00e1r<\/title>\n<meta name=\"robots\" content=\"noindex, follow, max-snippet:-1, max-image-preview:large, max-video-preview:-1\" \/>\n<meta property=\"og:locale\" content=\"hu_HU\" \/>\n<meta property=\"og:type\" content=\"article\" \/>\n<meta property=\"og:title\" content=\"Szol\u00e1r az iskol\u00e1kban: az intelligens megold\u00e1s | H\u00f3dszol\u00e1r\" \/>\n<meta property=\"og:description\" content=\"Az orsz\u00e1gban a tanker\u00fcletek egyre gyakrabban telep\u00edtenek napelemes projekteket, sokszor el\u0151zetes k\u00f6lts\u00e9gek n\u00e9lk\u00fcl. Milyen el\u0151ny\u00f6kre sz\u00e1m\u00edtanak? Amikor az iskol\u00e1k fejleszt\u00e9se ker\u00fcl sz\u00f3ba, az els\u0151, ami esz\u00fcnkbe jut, a jobb tank\u00f6nyvek, a jobban megfizetett tan\u00e1rok \u00e9s a tov\u00e1bbfejlesztett tananyag. A szol\u00e1r lehet\u0151s\u00e9get ad az iskol\u00e1knak k\u00f6lts\u00e9gvet\u00e9s\u00fck sz\u0171k\u00f6ss\u00e9g\u00e9nek enyh\u00edt\u00e9s\u00e9re, gyakran alacsony el\u0151zetes k\u00f6lts\u00e9gek \u00e1r\u00e1n vagy ak\u00e1r an\u00e9lk\u00fcl [&hellip;]\" \/>\n<meta property=\"og:url\" content=\"https:\/\/dev.kompaktdesign.hu\/hodszolar.hu\/2021\/08\/30\/szolar-az-iskolakban-az-intelligens-megoldas\/\" \/>\n<meta property=\"og:site_name\" content=\"H\u00f3dszol\u00e1r\" \/>\n<meta property=\"article:publisher\" content=\"https:\/\/www.facebook.com\/hodszolar\" \/>\n<meta property=\"article:published_time\" content=\"2021-08-30T13:16:56+00:00\" \/>\n<meta property=\"article:modified_time\" content=\"2021-08-30T13:16:57+00:00\" \/>\n<meta property=\"og:image\" content=\"https:\/\/dev.kompaktdesign.hu\/hodszolar.hu\/wp-content\/uploads\/2021\/08\/5f97e80004e357001c3f8a27.jpg\" \/>\n\t<meta property=\"og:image:width\" content=\"1000\" \/>\n\t<meta property=\"og:image:height\" content=\"750\" \/>\n\t<meta property=\"og:image:type\" content=\"image\/jpeg\" \/>\n<meta name=\"author\" content=\"H\u00f3dszol\u00e1r Kft.\" \/>\n<meta name=\"twitter:card\" content=\"summary_large_image\" \/>\n<meta name=\"twitter:label1\" content=\"Szerz\u0151:\" \/>\n\t<meta name=\"twitter:data1\" content=\"H\u00f3dszol\u00e1r Kft.\" \/>\n\t<meta name=\"twitter:label2\" content=\"Becs\u00fclt olvas\u00e1si id\u0151\" \/>\n\t<meta name=\"twitter:data2\" content=\"5 perc\" \/>\n<script type=\"application\/ld+json\" class=\"yoast-schema-graph\">{\"@context\":\"https:\/\/schema.org\",\"@graph\":[{\"@type\":\"Article\",\"@id\":\"https:\/\/dev.kompaktdesign.hu\/hodszolar.hu\/2021\/08\/30\/szolar-az-iskolakban-az-intelligens-megoldas\/#article\",\"isPartOf\":{\"@id\":\"https:\/\/dev.kompaktdesign.hu\/hodszolar.hu\/2021\/08\/30\/szolar-az-iskolakban-az-intelligens-megoldas\/\"},\"author\":{\"name\":\"H\u00f3dszol\u00e1r Kft.\",\"@id\":\"https:\/\/dev.kompaktdesign.hu\/hodszolar.hu\/#\/schema\/person\/a788af940a3d6b2829396312340dd08c\"},\"headline\":\"Szol\u00e1r az iskol\u00e1kban: az intelligens megold\u00e1s\",\"datePublished\":\"2021-08-30T13:16:56+00:00\",\"dateModified\":\"2021-08-30T13:16:57+00:00\",\"mainEntityOfPage\":{\"@id\":\"https:\/\/dev.kompaktdesign.hu\/hodszolar.hu\/2021\/08\/30\/szolar-az-iskolakban-az-intelligens-megoldas\/\"},\"wordCount\":1564,\"commentCount\":0,\"publisher\":{\"@id\":\"https:\/\/dev.kompaktdesign.hu\/hodszolar.hu\/#organization\"},\"articleSection\":[\"Egy\u00e9b kateg\u00f3ria\"],\"inLanguage\":\"hu\",\"potentialAction\":[{\"@type\":\"CommentAction\",\"name\":\"Comment\",\"target\":[\"https:\/\/dev.kompaktdesign.hu\/hodszolar.hu\/2021\/08\/30\/szolar-az-iskolakban-az-intelligens-megoldas\/#respond\"]}]},{\"@type\":\"WebPage\",\"@id\":\"https:\/\/dev.kompaktdesign.hu\/hodszolar.hu\/2021\/08\/30\/szolar-az-iskolakban-az-intelligens-megoldas\/\",\"url\":\"https:\/\/dev.kompaktdesign.hu\/hodszolar.hu\/2021\/08\/30\/szolar-az-iskolakban-az-intelligens-megoldas\/\",\"name\":\"Szol\u00e1r az iskol\u00e1kban: az intelligens megold\u00e1s | H\u00f3dszol\u00e1r\",\"isPartOf\":{\"@id\":\"https:\/\/dev.kompaktdesign.hu\/hodszolar.hu\/#website\"},\"datePublished\":\"2021-08-30T13:16:56+00:00\",\"dateModified\":\"2021-08-30T13:16:57+00:00\",\"breadcrumb\":{\"@id\":\"https:\/\/dev.kompaktdesign.hu\/hodszolar.hu\/2021\/08\/30\/szolar-az-iskolakban-az-intelligens-megoldas\/#breadcrumb\"},\"inLanguage\":\"hu\",\"potentialAction\":[{\"@type\":\"ReadAction\",\"target\":[\"https:\/\/dev.kompaktdesign.hu\/hodszolar.hu\/2021\/08\/30\/szolar-az-iskolakban-az-intelligens-megoldas\/\"]}]},{\"@type\":\"BreadcrumbList\",\"@id\":\"https:\/\/dev.kompaktdesign.hu\/hodszolar.hu\/2021\/08\/30\/szolar-az-iskolakban-az-intelligens-megoldas\/#breadcrumb\",\"itemListElement\":[{\"@type\":\"ListItem\",\"position\":1,\"name\":\"Kezd\u0151lap\",\"item\":\"https:\/\/dev.kompaktdesign.hu\/hodszolar.hu\/\"},{\"@type\":\"ListItem\",\"position\":2,\"name\":\"Szol\u00e1r az iskol\u00e1kban: az intelligens megold\u00e1s\"}]},{\"@type\":\"WebSite\",\"@id\":\"https:\/\/dev.kompaktdesign.hu\/hodszolar.hu\/#website\",\"url\":\"https:\/\/dev.kompaktdesign.hu\/hodszolar.hu\/\",\"name\":\"H\u00f3dszol\u00e1r\",\"description\":\"A v\u00e1s\u00e1rhelyi napelemes\",\"publisher\":{\"@id\":\"https:\/\/dev.kompaktdesign.hu\/hodszolar.hu\/#organization\"},\"potentialAction\":[{\"@type\":\"SearchAction\",\"target\":{\"@type\":\"EntryPoint\",\"urlTemplate\":\"https:\/\/dev.kompaktdesign.hu\/hodszolar.hu\/?s={search_term_string}\"},\"query-input\":\"required name=search_term_string\"}],\"inLanguage\":\"hu\"},{\"@type\":\"Organization\",\"@id\":\"https:\/\/dev.kompaktdesign.hu\/hodszolar.hu\/#organization\",\"name\":\"H\u00f3dszol\u00e1r Kft.\",\"url\":\"https:\/\/dev.kompaktdesign.hu\/hodszolar.hu\/\",\"sameAs\":[\"https:\/\/www.facebook.com\/hodszolar\"],\"logo\":{\"@type\":\"ImageObject\",\"inLanguage\":\"hu\",\"@id\":\"https:\/\/dev.kompaktdesign.hu\/hodszolar.hu\/#\/schema\/logo\/image\/\",\"url\":\"https:\/\/dev.kompaktdesign.hu\/hodszolar.hu\/wp-content\/uploads\/2021\/05\/fvicon.png\",\"contentUrl\":\"https:\/\/dev.kompaktdesign.hu\/hodszolar.hu\/wp-content\/uploads\/2021\/05\/fvicon.png\",\"width\":132,\"height\":132,\"caption\":\"H\u00f3dszol\u00e1r Kft.\"},\"image\":{\"@id\":\"https:\/\/dev.kompaktdesign.hu\/hodszolar.hu\/#\/schema\/logo\/image\/\"}},{\"@type\":\"Person\",\"@id\":\"https:\/\/dev.kompaktdesign.hu\/hodszolar.hu\/#\/schema\/person\/a788af940a3d6b2829396312340dd08c\",\"name\":\"H\u00f3dszol\u00e1r Kft.\",\"image\":{\"@type\":\"ImageObject\",\"inLanguage\":\"hu\",\"@id\":\"https:\/\/dev.kompaktdesign.hu\/hodszolar.hu\/#\/schema\/person\/image\/\",\"url\":\"https:\/\/secure.gravatar.com\/avatar\/38df000db6f2e93b7f0ccccf7714392424ca033738d34dfe71f19fdb70329830?s=96&d=mm&r=g\",\"contentUrl\":\"https:\/\/secure.gravatar.com\/avatar\/38df000db6f2e93b7f0ccccf7714392424ca033738d34dfe71f19fdb70329830?s=96&d=mm&r=g\",\"caption\":\"H\u00f3dszol\u00e1r Kft.\"},\"url\":\"https:\/\/dev.kompaktdesign.hu\/hodszolar.hu\/author\/hodszolar\/\"}]}<\/script>\n<!-- \/ Yoast SEO plugin. -->","yoast_head_json":{"title":"Szol\u00e1r az iskol\u00e1kban: az intelligens megold\u00e1s | H\u00f3dszol\u00e1r","robots":{"index":"noindex","follow":"follow","max-snippet":"max-snippet:-1","max-image-preview":"max-image-preview:large","max-video-preview":"max-video-preview:-1"},"og_locale":"hu_HU","og_type":"article","og_title":"Szol\u00e1r az iskol\u00e1kban: az intelligens megold\u00e1s | H\u00f3dszol\u00e1r","og_description":"Az orsz\u00e1gban a tanker\u00fcletek egyre gyakrabban telep\u00edtenek napelemes projekteket, sokszor el\u0151zetes k\u00f6lts\u00e9gek n\u00e9lk\u00fcl. Milyen el\u0151ny\u00f6kre sz\u00e1m\u00edtanak? Amikor az iskol\u00e1k fejleszt\u00e9se ker\u00fcl sz\u00f3ba, az els\u0151, ami esz\u00fcnkbe jut, a jobb tank\u00f6nyvek, a jobban megfizetett tan\u00e1rok \u00e9s a tov\u00e1bbfejlesztett tananyag. A szol\u00e1r lehet\u0151s\u00e9get ad az iskol\u00e1knak k\u00f6lts\u00e9gvet\u00e9s\u00fck sz\u0171k\u00f6ss\u00e9g\u00e9nek enyh\u00edt\u00e9s\u00e9re, gyakran alacsony el\u0151zetes k\u00f6lts\u00e9gek \u00e1r\u00e1n vagy ak\u00e1r an\u00e9lk\u00fcl [&hellip;]","og_url":"https:\/\/dev.kompaktdesign.hu\/hodszolar.hu\/2021\/08\/30\/szolar-az-iskolakban-az-intelligens-megoldas\/","og_site_name":"H\u00f3dszol\u00e1r","article_publisher":"https:\/\/www.facebook.com\/hodszolar","article_published_time":"2021-08-30T13:16:56+00:00","article_modified_time":"2021-08-30T13:16:57+00:00","og_image":[{"width":1000,"height":750,"url":"https:\/\/dev.kompaktdesign.hu\/hodszolar.hu\/wp-content\/uploads\/2021\/08\/5f97e80004e357001c3f8a27.jpg","type":"image\/jpeg"}],"author":"H\u00f3dszol\u00e1r Kft.","twitter_card":"summary_large_image","twitter_misc":{"Szerz\u0151:":"H\u00f3dszol\u00e1r Kft.","Becs\u00fclt olvas\u00e1si id\u0151":"5 perc"},"schema":{"@context":"https:\/\/schema.org","@graph":[{"@type":"Article","@id":"https:\/\/dev.kompaktdesign.hu\/hodszolar.hu\/2021\/08\/30\/szolar-az-iskolakban-az-intelligens-megoldas\/#article","isPartOf":{"@id":"https:\/\/dev.kompaktdesign.hu\/hodszolar.hu\/2021\/08\/30\/szolar-az-iskolakban-az-intelligens-megoldas\/"},"author":{"name":"H\u00f3dszol\u00e1r Kft.","@id":"https:\/\/dev.kompaktdesign.hu\/hodszolar.hu\/#\/schema\/person\/a788af940a3d6b2829396312340dd08c"},"headline":"Szol\u00e1r az iskol\u00e1kban: az intelligens megold\u00e1s","datePublished":"2021-08-30T13:16:56+00:00","dateModified":"2021-08-30T13:16:57+00:00","mainEntityOfPage":{"@id":"https:\/\/dev.kompaktdesign.hu\/hodszolar.hu\/2021\/08\/30\/szolar-az-iskolakban-az-intelligens-megoldas\/"},"wordCount":1564,"commentCount":0,"publisher":{"@id":"https:\/\/dev.kompaktdesign.hu\/hodszolar.hu\/#organization"},"articleSection":["Egy\u00e9b kateg\u00f3ria"],"inLanguage":"hu","potentialAction":[{"@type":"CommentAction","name":"Comment","target":["https:\/\/dev.kompaktdesign.hu\/hodszolar.hu\/2021\/08\/30\/szolar-az-iskolakban-az-intelligens-megoldas\/#respond"]}]},{"@type":"WebPage","@id":"https:\/\/dev.kompaktdesign.hu\/hodszolar.hu\/2021\/08\/30\/szolar-az-iskolakban-az-intelligens-megoldas\/","url":"https:\/\/dev.kompaktdesign.hu\/hodszolar.hu\/2021\/08\/30\/szolar-az-iskolakban-az-intelligens-megoldas\/","name":"Szol\u00e1r az iskol\u00e1kban: az intelligens megold\u00e1s | H\u00f3dszol\u00e1r","isPartOf":{"@id":"https:\/\/dev.kompaktdesign.hu\/hodszolar.hu\/#website"},"datePublished":"2021-08-30T13:16:56+00:00","dateModified":"2021-08-30T13:16:57+00:00","breadcrumb":{"@id":"https:\/\/dev.kompaktdesign.hu\/hodszolar.hu\/2021\/08\/30\/szolar-az-iskolakban-az-intelligens-megoldas\/#breadcrumb"},"inLanguage":"hu","potentialAction":[{"@type":"ReadAction","target":["https:\/\/dev.kompaktdesign.hu\/hodszolar.hu\/2021\/08\/30\/szolar-az-iskolakban-az-intelligens-megoldas\/"]}]},{"@type":"BreadcrumbList","@id":"https:\/\/dev.kompaktdesign.hu\/hodszolar.hu\/2021\/08\/30\/szolar-az-iskolakban-az-intelligens-megoldas\/#breadcrumb","itemListElement":[{"@type":"ListItem","position":1,"name":"Kezd\u0151lap","item":"https:\/\/dev.kompaktdesign.hu\/hodszolar.hu\/"},{"@type":"ListItem","position":2,"name":"Szol\u00e1r az iskol\u00e1kban: az intelligens megold\u00e1s"}]},{"@type":"WebSite","@id":"https:\/\/dev.kompaktdesign.hu\/hodszolar.hu\/#website","url":"https:\/\/dev.kompaktdesign.hu\/hodszolar.hu\/","name":"H\u00f3dszol\u00e1r","description":"A v\u00e1s\u00e1rhelyi napelemes","publisher":{"@id":"https:\/\/dev.kompaktdesign.hu\/hodszolar.hu\/#organization"},"potentialAction":[{"@type":"SearchAction","target":{"@type":"EntryPoint","urlTemplate":"https:\/\/dev.kompaktdesign.hu\/hodszolar.hu\/?s={search_term_string}"},"query-input":"required name=search_term_string"}],"inLanguage":"hu"},{"@type":"Organization","@id":"https:\/\/dev.kompaktdesign.hu\/hodszolar.hu\/#organization","name":"H\u00f3dszol\u00e1r Kft.","url":"https:\/\/dev.kompaktdesign.hu\/hodszolar.hu\/","sameAs":["https:\/\/www.facebook.com\/hodszolar"],"logo":{"@type":"ImageObject","inLanguage":"hu","@id":"https:\/\/dev.kompaktdesign.hu\/hodszolar.hu\/#\/schema\/logo\/image\/","url":"https:\/\/dev.kompaktdesign.hu\/hodszolar.hu\/wp-content\/uploads\/2021\/05\/fvicon.png","contentUrl":"https:\/\/dev.kompaktdesign.hu\/hodszolar.hu\/wp-content\/uploads\/2021\/05\/fvicon.png","width":132,"height":132,"caption":"H\u00f3dszol\u00e1r Kft."},"image":{"@id":"https:\/\/dev.kompaktdesign.hu\/hodszolar.hu\/#\/schema\/logo\/image\/"}},{"@type":"Person","@id":"https:\/\/dev.kompaktdesign.hu\/hodszolar.hu\/#\/schema\/person\/a788af940a3d6b2829396312340dd08c","name":"H\u00f3dszol\u00e1r Kft.","image":{"@type":"ImageObject","inLanguage":"hu","@id":"https:\/\/dev.kompaktdesign.hu\/hodszolar.hu\/#\/schema\/person\/image\/","url":"https:\/\/secure.gravatar.com\/avatar\/38df000db6f2e93b7f0ccccf7714392424ca033738d34dfe71f19fdb70329830?s=96&d=mm&r=g","contentUrl":"https:\/\/secure.gravatar.com\/avatar\/38df000db6f2e93b7f0ccccf7714392424ca033738d34dfe71f19fdb70329830?s=96&d=mm&r=g","caption":"H\u00f3dszol\u00e1r Kft."},"url":"https:\/\/dev.kompaktdesign.hu\/hodszolar.hu\/author\/hodszolar\/"}]}},"_links":{"self":[{"href":"https:\/\/dev.kompaktdesign.hu\/hodszolar.hu\/wp-json\/wp\/v2\/posts\/535","targetHints":{"allow":["GET"]}}],"collection":[{"href":"https:\/\/dev.kompaktdesign.hu\/hodszolar.hu\/wp-json\/wp\/v2\/posts"}],"about":[{"href":"https:\/\/dev.kompaktdesign.hu\/hodszolar.hu\/wp-json\/wp\/v2\/types\/post"}],"author":[{"embeddable":true,"href":"https:\/\/dev.kompaktdesign.hu\/hodszolar.hu\/wp-json\/wp\/v2\/users\/3"}],"replies":[{"embeddable":true,"href":"https:\/\/dev.kompaktdesign.hu\/hodszolar.hu\/wp-json\/wp\/v2\/comments?post=535"}],"version-history":[{"count":1,"href":"https:\/\/dev.kompaktdesign.hu\/hodszolar.hu\/wp-json\/wp\/v2\/posts\/535\/revisions"}],"predecessor-version":[{"id":539,"href":"https:\/\/dev.kompaktdesign.hu\/hodszolar.hu\/wp-json\/wp\/v2\/posts\/535\/revisions\/539"}],"wp:featuredmedia":[{"embeddable":true,"href":"https:\/\/dev.kompaktdesign.hu\/hodszolar.hu\/wp-json\/wp\/v2\/media\/538"}],"wp:attachment":[{"href":"https:\/\/dev.kompaktdesign.hu\/hodszolar.hu\/wp-json\/wp\/v2\/media?parent=535"}],"wp:term":[{"taxonomy":"category","embeddable":true,"href":"https:\/\/dev.kompaktdesign.hu\/hodszolar.hu\/wp-json\/wp\/v2\/categories?post=535"},{"taxonomy":"post_tag","embeddable":true,"href":"https:\/\/dev.kompaktdesign.hu\/hodszolar.hu\/wp-json\/wp\/v2\/tags?post=535"}],"curies":[{"name":"wp","href":"https:\/\/api.w.org\/{rel}","templated":true}]}}