{"id":540,"date":"2021-08-31T10:52:49","date_gmt":"2021-08-31T10:52:49","guid":{"rendered":"https:\/\/hodszolar.hu\/?p=540"},"modified":"2021-08-31T10:52:50","modified_gmt":"2021-08-31T10:52:50","slug":"lathatatlan-napelemet-kapott-az-epulet-ami-300-elektromos-jarmuvet-kepes-feltolteni","status":"publish","type":"post","link":"https:\/\/dev.kompaktdesign.hu\/hodszolar.hu\/2021\/08\/31\/lathatatlan-napelemet-kapott-az-epulet-ami-300-elektromos-jarmuvet-kepes-feltolteni\/","title":{"rendered":"L\u00e1thatatlan napelemet kapott az \u00e9p\u00fclet, ami 300 elektromos j\u00e1rm\u0171vet k\u00e9pes felt\u00f6lteni"},"content":{"rendered":"\n<p><strong>\u00c9rdekes \u00e9p\u00fcletk\u00eds\u00e9rlet zajlik egy g\u00f6teborgi parkol\u00f3h\u00e1zban: a homlokzat l\u00e1tv\u00e1nyban egy h\u00edres textilm\u0171v\u00e9szt id\u00e9z, funkci\u00f3ban viszont annyi l\u00e1thatatlan napelemet rejt, amivel az \u00e9p\u00fclet \u00f6sszes elektromos j\u00e1rm\u0171v\u00e9t felt\u00f6lthetik.<\/strong><\/p>\n\n\n\n<p>A komplex napelemes rendszermegold\u00e1sokban, berendez\u00e9sek \u00e9s term\u00e9keket sz\u00e1ll\u00edt\u00f3jak\u00e9nt ismert\u00a0Soltech Energy\u00a0a hagyom\u00e1nyos, konzolos tet\u0151r\u00e1\u00e9p\u00edt\u00e9ses, valamint a saj\u00e1t fejleszt\u00e9s\u0171 \u201ctet\u0151cser\u00e9p\u201d napelemes megold\u00e1sok mellett az ut\u00f3bbi \u00e9vekben t\u00f6bbf\u00e9le m\u00f3dj\u00e1t is kipr\u00f3b\u00e1lta m\u00e1r annak, mik\u00e9nt lehet egy-egy \u00e9p\u00fclet homlokzat\u00e1t is eszt\u00e9tikusan, \u00e1ramtermel\u00e9sre haszn\u00e1lni. A\u00a0leg\u00fajabb megold\u00e1suk\u00a0\u2013 megrendel\u00e9sre \u2013 az, hogy egy g\u00f6teborgi parkol\u00f3h\u00e1z fal\u00e1ra l\u00e1thatatlanul install\u00e1ltak 60 kW napelemes termel\u0151kapacit\u00e1st.<\/p>\n\n\n\n<p>A l\u00e1thatatlans\u00e1got gyakorlatilag egy maszkol\u00e1s biztos\u00edtja, az \u00e9p\u00fcletfal ugyanis kapott egy olyan r\u00e1\u00e9p\u00edt\u00e9st \u00e9s burkol\u00e1st a fekete napelemt\u00e1bl\u00e1kkal telepakolt fel\u00fclet el\u00e9, ami a panelek \u00e1ramtermel\u00e9s\u00e9t nem befoly\u00e1solja, de a l\u00e1that\u00f3s\u00e1gukat csak eg\u00e9szen k\u00f6zelr\u0151l teszi lehet\u0151v\u00e9 -m\u00e1r azok sz\u00e1m\u00e1ra, akik tudj\u00e1k, mit kell n\u00e9zni\u00fck.<\/p>\n\n\n\n<figure class=\"wp-block-image size-full is-resized\"><img loading=\"lazy\" decoding=\"async\" src=\"https:\/\/dev.kompaktdesign.hu\/hodszolar.hu\/wp-content\/uploads\/2021\/08\/kep-4.png\" alt=\"\" class=\"wp-image-541\" width=\"840\" height=\"560\"\/><\/figure>\n\n\n\n<p>Ehhez egy olyan konstrukci\u00f3ra volt sz\u00fcks\u00e9g, amely egyszerre teljes\u00edti a parkol\u00f3h\u00e1zakra k\u00f6telez\u0151en alkalmazand\u00f3 k\u00fcl\u00f6nleges szell\u0151z\u00e9st, ugyanakkor azt is, hogy az \u00e9p\u00fclet fal\u00e1n l\u00e9v\u0151 sok-sok ny\u00edl\u00e1s k\u00edv\u00fclr\u0151l ne legyen felt\u0171n\u0151en l\u00e1that\u00f3. A Soltech megold\u00e1s\u00e1t val\u00f3j\u00e1ban egy 11 m\u00e9teres magass\u00e1g\u00fa, el\u0151regy\u00e1rtott, horganyzott ac\u00e9lszerkezet jelenti: a fura form\u00e1j\u00fa szerkezetre k\u00edv\u00fclr\u0151l 1096 darab k\u00fcl\u00f6nb\u00f6z\u0151 sz\u00edn\u0171, de 40 sz\u00e1zal\u00e9kos hat\u00e9konys\u00e1ggal m\u00e9gis \u00e1tl\u00e1tsz\u00f3 \u00fcveglap ker\u00fclt. Az \u00edgy, \u00fcveggel \u201cbeburkolt\u201d fal \u00fagy n\u00e9z ki, mintha az \u00e9p\u00fclet egy 3D-s, geometrikus form\u00e1kb\u00f3l \u00e1ll\u00f3 install\u00e1ci\u00f3t kapott volna. Csak ez a megold\u00e1s nem ideiglenes.<\/p>\n\n\n\n<p>A sz\u00ednes burkolati elemekb\u0151l \u00e1ll\u00f3 sorok k\u00f6z\u00e9 l\u00e9g\u00e1tereszt\u0151 s\u00e1vokat terveztek be, \u00edgy nem csak a parkol\u00f3h\u00e1zhoz a kipufog\u00f3g\u00e1zok miatt sz\u00fcks\u00e9ges kell\u0151 szint\u0171 szell\u0151z\u00e9s biztos\u00edthat\u00f3, hanem a napelemes rendszer h\u0171t\u00e9se is. A 60 kW-os rendszer pedig az \u00e9p\u00fclet elektromos t\u00f6lt\u0151h\u00e1l\u00f3zat\u00e1ra termel \u2013 a parkol\u00f3h\u00e1zban ki\u00e9p\u00edtett energetikai infrastrukt\u00fara 300 elektromos j\u00e1rm\u0171 egyidej\u0171 t\u00f6lt\u00e9s\u00e9t teszi lehet\u0151v\u00e9.<\/p>\n\n\n\n<p>Az \u00e9p\u00edt\u0151 c\u00e9g szerint a modulok fel\u00e9p\u00edt\u00e9se \u00e9s elrendez\u00e9se lehet\u0151v\u00e9 teszi az egyszer\u0171, gyors \u00e9s megb\u00edzhat\u00f3 telep\u00edt\u00e9st \u2013 ez a beruh\u00e1z\u00e1s is mind\u00f6ssze m\u00e1sf\u00e9l h\u00f3napba ker\u00fclt, amibe bele\u00e9rtend\u0151 a napelemes rendszer telep\u00edt\u00e9se \u00e9s \u00fczembe helyez\u00e9se is.\u00a0A g\u00f6teborgi parkol\u00f3h\u00e1z beburkol\u00e1s\u00e1t a sv\u00e9d Wallenstam rendelte meg a Soltecht\u0151l. Az ingatlanc\u00e9g azt a hat\u00e1st akarta a l\u00e1tv\u00e1nyban el\u00e9rni, hogy az \u201950-es \u00e9vekt\u0151l Sv\u00e9dorsz\u00e1gban nagy n\u00e9pszer\u0171s\u00e9get szerz\u0151 textiltervez\u0151,\u00a0Viola Grasten\u00a0mint\u00e1i \u00e9s sz\u00ednei jelenjenek meg a homlokzaton.<\/p>\n\n\n\n<p>Forr\u00e1s: <a href=\"https:\/\/pv-magazine-usa.com\/2021\/08\/20\/solar-on-schools-a-smart-solution\/\">napi.hu<\/a><\/p>\n","protected":false},"excerpt":{"rendered":"<p>\u00c9rdekes \u00e9p\u00fcletk\u00eds\u00e9rlet zajlik egy g\u00f6teborgi parkol\u00f3h\u00e1zban: a homlokzat l\u00e1tv\u00e1nyban egy h\u00edres textilm\u0171v\u00e9szt id\u00e9z, funkci\u00f3ban viszont annyi l\u00e1thatatlan napelemet rejt, amivel az \u00e9p\u00fclet \u00f6sszes elektromos j\u00e1rm\u0171v\u00e9t felt\u00f6lthetik. A komplex napelemes rendszermegold\u00e1sokban, berendez\u00e9sek \u00e9s term\u00e9keket sz\u00e1ll\u00edt\u00f3jak\u00e9nt ismert\u00a0Soltech Energy\u00a0a hagyom\u00e1nyos, konzolos tet\u0151r\u00e1\u00e9p\u00edt\u00e9ses, valamint a saj\u00e1t fejleszt\u00e9s\u0171 \u201ctet\u0151cser\u00e9p\u201d napelemes megold\u00e1sok mellett az ut\u00f3bbi \u00e9vekben t\u00f6bbf\u00e9le m\u00f3dj\u00e1t is kipr\u00f3b\u00e1lta m\u00e1r [&hellip;]<\/p>\n","protected":false},"author":3,"featured_media":541,"comment_status":"open","ping_status":"open","sticky":false,"template":"","format":"standard","meta":{"footnotes":""},"categories":[1],"tags":[],"class_list":["post-540","post","type-post","status-publish","format-standard","has-post-thumbnail","hentry","category-egyeb"],"yoast_head":"<!-- This site is optimized with the Yoast SEO plugin v19.5.1 - https:\/\/yoast.com\/wordpress\/plugins\/seo\/ -->\n<title>L\u00e1thatatlan napelemet kapott az \u00e9p\u00fclet, ami 300 elektromos j\u00e1rm\u0171vet k\u00e9pes felt\u00f6lteni | H\u00f3dszol\u00e1r<\/title>\n<meta name=\"robots\" content=\"noindex, follow, max-snippet:-1, max-image-preview:large, max-video-preview:-1\" \/>\n<meta property=\"og:locale\" content=\"hu_HU\" \/>\n<meta property=\"og:type\" content=\"article\" \/>\n<meta property=\"og:title\" content=\"L\u00e1thatatlan napelemet kapott az \u00e9p\u00fclet, ami 300 elektromos j\u00e1rm\u0171vet k\u00e9pes felt\u00f6lteni | H\u00f3dszol\u00e1r\" \/>\n<meta property=\"og:description\" content=\"\u00c9rdekes \u00e9p\u00fcletk\u00eds\u00e9rlet zajlik egy g\u00f6teborgi parkol\u00f3h\u00e1zban: a homlokzat l\u00e1tv\u00e1nyban egy h\u00edres textilm\u0171v\u00e9szt id\u00e9z, funkci\u00f3ban viszont annyi l\u00e1thatatlan napelemet rejt, amivel az \u00e9p\u00fclet \u00f6sszes elektromos j\u00e1rm\u0171v\u00e9t felt\u00f6lthetik. A komplex napelemes rendszermegold\u00e1sokban, berendez\u00e9sek \u00e9s term\u00e9keket sz\u00e1ll\u00edt\u00f3jak\u00e9nt ismert\u00a0Soltech Energy\u00a0a hagyom\u00e1nyos, konzolos tet\u0151r\u00e1\u00e9p\u00edt\u00e9ses, valamint a saj\u00e1t fejleszt\u00e9s\u0171 \u201ctet\u0151cser\u00e9p\u201d napelemes megold\u00e1sok mellett az ut\u00f3bbi \u00e9vekben t\u00f6bbf\u00e9le m\u00f3dj\u00e1t is kipr\u00f3b\u00e1lta m\u00e1r [&hellip;]\" \/>\n<meta property=\"og:url\" content=\"https:\/\/dev.kompaktdesign.hu\/hodszolar.hu\/2021\/08\/31\/lathatatlan-napelemet-kapott-az-epulet-ami-300-elektromos-jarmuvet-kepes-feltolteni\/\" \/>\n<meta property=\"og:site_name\" content=\"H\u00f3dszol\u00e1r\" \/>\n<meta property=\"article:publisher\" content=\"https:\/\/www.facebook.com\/hodszolar\" \/>\n<meta property=\"article:published_time\" content=\"2021-08-31T10:52:49+00:00\" \/>\n<meta property=\"article:modified_time\" content=\"2021-08-31T10:52:50+00:00\" \/>\n<meta property=\"og:image\" content=\"https:\/\/dev.kompaktdesign.hu\/hodszolar.hu\/wp-content\/uploads\/2021\/08\/kep-4.png\" \/>\n\t<meta property=\"og:image:width\" content=\"605\" \/>\n\t<meta property=\"og:image:height\" content=\"403\" \/>\n\t<meta property=\"og:image:type\" content=\"image\/png\" \/>\n<meta name=\"author\" content=\"H\u00f3dszol\u00e1r Kft.\" \/>\n<meta name=\"twitter:card\" content=\"summary_large_image\" \/>\n<meta name=\"twitter:label1\" content=\"Szerz\u0151:\" \/>\n\t<meta name=\"twitter:data1\" content=\"H\u00f3dszol\u00e1r Kft.\" \/>\n\t<meta name=\"twitter:label2\" content=\"Becs\u00fclt olvas\u00e1si id\u0151\" \/>\n\t<meta name=\"twitter:data2\" content=\"2 perc\" \/>\n<script type=\"application\/ld+json\" class=\"yoast-schema-graph\">{\"@context\":\"https:\/\/schema.org\",\"@graph\":[{\"@type\":\"Article\",\"@id\":\"https:\/\/dev.kompaktdesign.hu\/hodszolar.hu\/2021\/08\/31\/lathatatlan-napelemet-kapott-az-epulet-ami-300-elektromos-jarmuvet-kepes-feltolteni\/#article\",\"isPartOf\":{\"@id\":\"https:\/\/dev.kompaktdesign.hu\/hodszolar.hu\/2021\/08\/31\/lathatatlan-napelemet-kapott-az-epulet-ami-300-elektromos-jarmuvet-kepes-feltolteni\/\"},\"author\":{\"name\":\"H\u00f3dszol\u00e1r Kft.\",\"@id\":\"https:\/\/dev.kompaktdesign.hu\/hodszolar.hu\/#\/schema\/person\/a788af940a3d6b2829396312340dd08c\"},\"headline\":\"L\u00e1thatatlan napelemet kapott az \u00e9p\u00fclet, ami 300 elektromos j\u00e1rm\u0171vet k\u00e9pes felt\u00f6lteni\",\"datePublished\":\"2021-08-31T10:52:49+00:00\",\"dateModified\":\"2021-08-31T10:52:50+00:00\",\"mainEntityOfPage\":{\"@id\":\"https:\/\/dev.kompaktdesign.hu\/hodszolar.hu\/2021\/08\/31\/lathatatlan-napelemet-kapott-az-epulet-ami-300-elektromos-jarmuvet-kepes-feltolteni\/\"},\"wordCount\":566,\"commentCount\":0,\"publisher\":{\"@id\":\"https:\/\/dev.kompaktdesign.hu\/hodszolar.hu\/#organization\"},\"articleSection\":[\"Egy\u00e9b kateg\u00f3ria\"],\"inLanguage\":\"hu\",\"potentialAction\":[{\"@type\":\"CommentAction\",\"name\":\"Comment\",\"target\":[\"https:\/\/dev.kompaktdesign.hu\/hodszolar.hu\/2021\/08\/31\/lathatatlan-napelemet-kapott-az-epulet-ami-300-elektromos-jarmuvet-kepes-feltolteni\/#respond\"]}]},{\"@type\":\"WebPage\",\"@id\":\"https:\/\/dev.kompaktdesign.hu\/hodszolar.hu\/2021\/08\/31\/lathatatlan-napelemet-kapott-az-epulet-ami-300-elektromos-jarmuvet-kepes-feltolteni\/\",\"url\":\"https:\/\/dev.kompaktdesign.hu\/hodszolar.hu\/2021\/08\/31\/lathatatlan-napelemet-kapott-az-epulet-ami-300-elektromos-jarmuvet-kepes-feltolteni\/\",\"name\":\"L\u00e1thatatlan napelemet kapott az \u00e9p\u00fclet, ami 300 elektromos j\u00e1rm\u0171vet k\u00e9pes felt\u00f6lteni | H\u00f3dszol\u00e1r\",\"isPartOf\":{\"@id\":\"https:\/\/dev.kompaktdesign.hu\/hodszolar.hu\/#website\"},\"datePublished\":\"2021-08-31T10:52:49+00:00\",\"dateModified\":\"2021-08-31T10:52:50+00:00\",\"breadcrumb\":{\"@id\":\"https:\/\/dev.kompaktdesign.hu\/hodszolar.hu\/2021\/08\/31\/lathatatlan-napelemet-kapott-az-epulet-ami-300-elektromos-jarmuvet-kepes-feltolteni\/#breadcrumb\"},\"inLanguage\":\"hu\",\"potentialAction\":[{\"@type\":\"ReadAction\",\"target\":[\"https:\/\/dev.kompaktdesign.hu\/hodszolar.hu\/2021\/08\/31\/lathatatlan-napelemet-kapott-az-epulet-ami-300-elektromos-jarmuvet-kepes-feltolteni\/\"]}]},{\"@type\":\"BreadcrumbList\",\"@id\":\"https:\/\/dev.kompaktdesign.hu\/hodszolar.hu\/2021\/08\/31\/lathatatlan-napelemet-kapott-az-epulet-ami-300-elektromos-jarmuvet-kepes-feltolteni\/#breadcrumb\",\"itemListElement\":[{\"@type\":\"ListItem\",\"position\":1,\"name\":\"Kezd\u0151lap\",\"item\":\"https:\/\/dev.kompaktdesign.hu\/hodszolar.hu\/\"},{\"@type\":\"ListItem\",\"position\":2,\"name\":\"L\u00e1thatatlan napelemet kapott az \u00e9p\u00fclet, ami 300 elektromos j\u00e1rm\u0171vet k\u00e9pes felt\u00f6lteni\"}]},{\"@type\":\"WebSite\",\"@id\":\"https:\/\/dev.kompaktdesign.hu\/hodszolar.hu\/#website\",\"url\":\"https:\/\/dev.kompaktdesign.hu\/hodszolar.hu\/\",\"name\":\"H\u00f3dszol\u00e1r\",\"description\":\"A v\u00e1s\u00e1rhelyi napelemes\",\"publisher\":{\"@id\":\"https:\/\/dev.kompaktdesign.hu\/hodszolar.hu\/#organization\"},\"potentialAction\":[{\"@type\":\"SearchAction\",\"target\":{\"@type\":\"EntryPoint\",\"urlTemplate\":\"https:\/\/dev.kompaktdesign.hu\/hodszolar.hu\/?s={search_term_string}\"},\"query-input\":\"required name=search_term_string\"}],\"inLanguage\":\"hu\"},{\"@type\":\"Organization\",\"@id\":\"https:\/\/dev.kompaktdesign.hu\/hodszolar.hu\/#organization\",\"name\":\"H\u00f3dszol\u00e1r Kft.\",\"url\":\"https:\/\/dev.kompaktdesign.hu\/hodszolar.hu\/\",\"sameAs\":[\"https:\/\/www.facebook.com\/hodszolar\"],\"logo\":{\"@type\":\"ImageObject\",\"inLanguage\":\"hu\",\"@id\":\"https:\/\/dev.kompaktdesign.hu\/hodszolar.hu\/#\/schema\/logo\/image\/\",\"url\":\"https:\/\/dev.kompaktdesign.hu\/hodszolar.hu\/wp-content\/uploads\/2021\/05\/fvicon.png\",\"contentUrl\":\"https:\/\/dev.kompaktdesign.hu\/hodszolar.hu\/wp-content\/uploads\/2021\/05\/fvicon.png\",\"width\":132,\"height\":132,\"caption\":\"H\u00f3dszol\u00e1r Kft.\"},\"image\":{\"@id\":\"https:\/\/dev.kompaktdesign.hu\/hodszolar.hu\/#\/schema\/logo\/image\/\"}},{\"@type\":\"Person\",\"@id\":\"https:\/\/dev.kompaktdesign.hu\/hodszolar.hu\/#\/schema\/person\/a788af940a3d6b2829396312340dd08c\",\"name\":\"H\u00f3dszol\u00e1r Kft.\",\"image\":{\"@type\":\"ImageObject\",\"inLanguage\":\"hu\",\"@id\":\"https:\/\/dev.kompaktdesign.hu\/hodszolar.hu\/#\/schema\/person\/image\/\",\"url\":\"https:\/\/secure.gravatar.com\/avatar\/38df000db6f2e93b7f0ccccf7714392424ca033738d34dfe71f19fdb70329830?s=96&d=mm&r=g\",\"contentUrl\":\"https:\/\/secure.gravatar.com\/avatar\/38df000db6f2e93b7f0ccccf7714392424ca033738d34dfe71f19fdb70329830?s=96&d=mm&r=g\",\"caption\":\"H\u00f3dszol\u00e1r Kft.\"},\"url\":\"https:\/\/dev.kompaktdesign.hu\/hodszolar.hu\/author\/hodszolar\/\"}]}<\/script>\n<!-- \/ Yoast SEO plugin. -->","yoast_head_json":{"title":"L\u00e1thatatlan napelemet kapott az \u00e9p\u00fclet, ami 300 elektromos j\u00e1rm\u0171vet k\u00e9pes felt\u00f6lteni | H\u00f3dszol\u00e1r","robots":{"index":"noindex","follow":"follow","max-snippet":"max-snippet:-1","max-image-preview":"max-image-preview:large","max-video-preview":"max-video-preview:-1"},"og_locale":"hu_HU","og_type":"article","og_title":"L\u00e1thatatlan napelemet kapott az \u00e9p\u00fclet, ami 300 elektromos j\u00e1rm\u0171vet k\u00e9pes felt\u00f6lteni | H\u00f3dszol\u00e1r","og_description":"\u00c9rdekes \u00e9p\u00fcletk\u00eds\u00e9rlet zajlik egy g\u00f6teborgi parkol\u00f3h\u00e1zban: a homlokzat l\u00e1tv\u00e1nyban egy h\u00edres textilm\u0171v\u00e9szt id\u00e9z, funkci\u00f3ban viszont annyi l\u00e1thatatlan napelemet rejt, amivel az \u00e9p\u00fclet \u00f6sszes elektromos j\u00e1rm\u0171v\u00e9t felt\u00f6lthetik. A komplex napelemes rendszermegold\u00e1sokban, berendez\u00e9sek \u00e9s term\u00e9keket sz\u00e1ll\u00edt\u00f3jak\u00e9nt ismert\u00a0Soltech Energy\u00a0a hagyom\u00e1nyos, konzolos tet\u0151r\u00e1\u00e9p\u00edt\u00e9ses, valamint a saj\u00e1t fejleszt\u00e9s\u0171 \u201ctet\u0151cser\u00e9p\u201d napelemes megold\u00e1sok mellett az ut\u00f3bbi \u00e9vekben t\u00f6bbf\u00e9le m\u00f3dj\u00e1t is kipr\u00f3b\u00e1lta m\u00e1r [&hellip;]","og_url":"https:\/\/dev.kompaktdesign.hu\/hodszolar.hu\/2021\/08\/31\/lathatatlan-napelemet-kapott-az-epulet-ami-300-elektromos-jarmuvet-kepes-feltolteni\/","og_site_name":"H\u00f3dszol\u00e1r","article_publisher":"https:\/\/www.facebook.com\/hodszolar","article_published_time":"2021-08-31T10:52:49+00:00","article_modified_time":"2021-08-31T10:52:50+00:00","og_image":[{"width":605,"height":403,"url":"https:\/\/dev.kompaktdesign.hu\/hodszolar.hu\/wp-content\/uploads\/2021\/08\/kep-4.png","type":"image\/png"}],"author":"H\u00f3dszol\u00e1r Kft.","twitter_card":"summary_large_image","twitter_misc":{"Szerz\u0151:":"H\u00f3dszol\u00e1r Kft.","Becs\u00fclt olvas\u00e1si id\u0151":"2 perc"},"schema":{"@context":"https:\/\/schema.org","@graph":[{"@type":"Article","@id":"https:\/\/dev.kompaktdesign.hu\/hodszolar.hu\/2021\/08\/31\/lathatatlan-napelemet-kapott-az-epulet-ami-300-elektromos-jarmuvet-kepes-feltolteni\/#article","isPartOf":{"@id":"https:\/\/dev.kompaktdesign.hu\/hodszolar.hu\/2021\/08\/31\/lathatatlan-napelemet-kapott-az-epulet-ami-300-elektromos-jarmuvet-kepes-feltolteni\/"},"author":{"name":"H\u00f3dszol\u00e1r Kft.","@id":"https:\/\/dev.kompaktdesign.hu\/hodszolar.hu\/#\/schema\/person\/a788af940a3d6b2829396312340dd08c"},"headline":"L\u00e1thatatlan napelemet kapott az \u00e9p\u00fclet, ami 300 elektromos j\u00e1rm\u0171vet k\u00e9pes felt\u00f6lteni","datePublished":"2021-08-31T10:52:49+00:00","dateModified":"2021-08-31T10:52:50+00:00","mainEntityOfPage":{"@id":"https:\/\/dev.kompaktdesign.hu\/hodszolar.hu\/2021\/08\/31\/lathatatlan-napelemet-kapott-az-epulet-ami-300-elektromos-jarmuvet-kepes-feltolteni\/"},"wordCount":566,"commentCount":0,"publisher":{"@id":"https:\/\/dev.kompaktdesign.hu\/hodszolar.hu\/#organization"},"articleSection":["Egy\u00e9b kateg\u00f3ria"],"inLanguage":"hu","potentialAction":[{"@type":"CommentAction","name":"Comment","target":["https:\/\/dev.kompaktdesign.hu\/hodszolar.hu\/2021\/08\/31\/lathatatlan-napelemet-kapott-az-epulet-ami-300-elektromos-jarmuvet-kepes-feltolteni\/#respond"]}]},{"@type":"WebPage","@id":"https:\/\/dev.kompaktdesign.hu\/hodszolar.hu\/2021\/08\/31\/lathatatlan-napelemet-kapott-az-epulet-ami-300-elektromos-jarmuvet-kepes-feltolteni\/","url":"https:\/\/dev.kompaktdesign.hu\/hodszolar.hu\/2021\/08\/31\/lathatatlan-napelemet-kapott-az-epulet-ami-300-elektromos-jarmuvet-kepes-feltolteni\/","name":"L\u00e1thatatlan napelemet kapott az \u00e9p\u00fclet, ami 300 elektromos j\u00e1rm\u0171vet k\u00e9pes felt\u00f6lteni | H\u00f3dszol\u00e1r","isPartOf":{"@id":"https:\/\/dev.kompaktdesign.hu\/hodszolar.hu\/#website"},"datePublished":"2021-08-31T10:52:49+00:00","dateModified":"2021-08-31T10:52:50+00:00","breadcrumb":{"@id":"https:\/\/dev.kompaktdesign.hu\/hodszolar.hu\/2021\/08\/31\/lathatatlan-napelemet-kapott-az-epulet-ami-300-elektromos-jarmuvet-kepes-feltolteni\/#breadcrumb"},"inLanguage":"hu","potentialAction":[{"@type":"ReadAction","target":["https:\/\/dev.kompaktdesign.hu\/hodszolar.hu\/2021\/08\/31\/lathatatlan-napelemet-kapott-az-epulet-ami-300-elektromos-jarmuvet-kepes-feltolteni\/"]}]},{"@type":"BreadcrumbList","@id":"https:\/\/dev.kompaktdesign.hu\/hodszolar.hu\/2021\/08\/31\/lathatatlan-napelemet-kapott-az-epulet-ami-300-elektromos-jarmuvet-kepes-feltolteni\/#breadcrumb","itemListElement":[{"@type":"ListItem","position":1,"name":"Kezd\u0151lap","item":"https:\/\/dev.kompaktdesign.hu\/hodszolar.hu\/"},{"@type":"ListItem","position":2,"name":"L\u00e1thatatlan napelemet kapott az \u00e9p\u00fclet, ami 300 elektromos j\u00e1rm\u0171vet k\u00e9pes felt\u00f6lteni"}]},{"@type":"WebSite","@id":"https:\/\/dev.kompaktdesign.hu\/hodszolar.hu\/#website","url":"https:\/\/dev.kompaktdesign.hu\/hodszolar.hu\/","name":"H\u00f3dszol\u00e1r","description":"A v\u00e1s\u00e1rhelyi napelemes","publisher":{"@id":"https:\/\/dev.kompaktdesign.hu\/hodszolar.hu\/#organization"},"potentialAction":[{"@type":"SearchAction","target":{"@type":"EntryPoint","urlTemplate":"https:\/\/dev.kompaktdesign.hu\/hodszolar.hu\/?s={search_term_string}"},"query-input":"required name=search_term_string"}],"inLanguage":"hu"},{"@type":"Organization","@id":"https:\/\/dev.kompaktdesign.hu\/hodszolar.hu\/#organization","name":"H\u00f3dszol\u00e1r Kft.","url":"https:\/\/dev.kompaktdesign.hu\/hodszolar.hu\/","sameAs":["https:\/\/www.facebook.com\/hodszolar"],"logo":{"@type":"ImageObject","inLanguage":"hu","@id":"https:\/\/dev.kompaktdesign.hu\/hodszolar.hu\/#\/schema\/logo\/image\/","url":"https:\/\/dev.kompaktdesign.hu\/hodszolar.hu\/wp-content\/uploads\/2021\/05\/fvicon.png","contentUrl":"https:\/\/dev.kompaktdesign.hu\/hodszolar.hu\/wp-content\/uploads\/2021\/05\/fvicon.png","width":132,"height":132,"caption":"H\u00f3dszol\u00e1r Kft."},"image":{"@id":"https:\/\/dev.kompaktdesign.hu\/hodszolar.hu\/#\/schema\/logo\/image\/"}},{"@type":"Person","@id":"https:\/\/dev.kompaktdesign.hu\/hodszolar.hu\/#\/schema\/person\/a788af940a3d6b2829396312340dd08c","name":"H\u00f3dszol\u00e1r Kft.","image":{"@type":"ImageObject","inLanguage":"hu","@id":"https:\/\/dev.kompaktdesign.hu\/hodszolar.hu\/#\/schema\/person\/image\/","url":"https:\/\/secure.gravatar.com\/avatar\/38df000db6f2e93b7f0ccccf7714392424ca033738d34dfe71f19fdb70329830?s=96&d=mm&r=g","contentUrl":"https:\/\/secure.gravatar.com\/avatar\/38df000db6f2e93b7f0ccccf7714392424ca033738d34dfe71f19fdb70329830?s=96&d=mm&r=g","caption":"H\u00f3dszol\u00e1r Kft."},"url":"https:\/\/dev.kompaktdesign.hu\/hodszolar.hu\/author\/hodszolar\/"}]}},"_links":{"self":[{"href":"https:\/\/dev.kompaktdesign.hu\/hodszolar.hu\/wp-json\/wp\/v2\/posts\/540","targetHints":{"allow":["GET"]}}],"collection":[{"href":"https:\/\/dev.kompaktdesign.hu\/hodszolar.hu\/wp-json\/wp\/v2\/posts"}],"about":[{"href":"https:\/\/dev.kompaktdesign.hu\/hodszolar.hu\/wp-json\/wp\/v2\/types\/post"}],"author":[{"embeddable":true,"href":"https:\/\/dev.kompaktdesign.hu\/hodszolar.hu\/wp-json\/wp\/v2\/users\/3"}],"replies":[{"embeddable":true,"href":"https:\/\/dev.kompaktdesign.hu\/hodszolar.hu\/wp-json\/wp\/v2\/comments?post=540"}],"version-history":[{"count":1,"href":"https:\/\/dev.kompaktdesign.hu\/hodszolar.hu\/wp-json\/wp\/v2\/posts\/540\/revisions"}],"predecessor-version":[{"id":542,"href":"https:\/\/dev.kompaktdesign.hu\/hodszolar.hu\/wp-json\/wp\/v2\/posts\/540\/revisions\/542"}],"wp:featuredmedia":[{"embeddable":true,"href":"https:\/\/dev.kompaktdesign.hu\/hodszolar.hu\/wp-json\/wp\/v2\/media\/541"}],"wp:attachment":[{"href":"https:\/\/dev.kompaktdesign.hu\/hodszolar.hu\/wp-json\/wp\/v2\/media?parent=540"}],"wp:term":[{"taxonomy":"category","embeddable":true,"href":"https:\/\/dev.kompaktdesign.hu\/hodszolar.hu\/wp-json\/wp\/v2\/categories?post=540"},{"taxonomy":"post_tag","embeddable":true,"href":"https:\/\/dev.kompaktdesign.hu\/hodszolar.hu\/wp-json\/wp\/v2\/tags?post=540"}],"curies":[{"name":"wp","href":"https:\/\/api.w.org\/{rel}","templated":true}]}}