{"id":543,"date":"2021-08-31T11:48:19","date_gmt":"2021-08-31T11:48:19","guid":{"rendered":"https:\/\/hodszolar.hu\/?p=543"},"modified":"2021-08-31T11:48:20","modified_gmt":"2021-08-31T11:48:20","slug":"kesz-a-napelemek-ujrahasznositasara-alkalmas-technologia","status":"publish","type":"post","link":"https:\/\/dev.kompaktdesign.hu\/hodszolar.hu\/2021\/08\/31\/kesz-a-napelemek-ujrahasznositasara-alkalmas-technologia\/","title":{"rendered":"K\u00e9sz a napelemek \u00fajrahasznos\u00edt\u00e1s\u00e1ra alkalmas technol\u00f3gia"},"content":{"rendered":"\n<p><strong>A kutat\u00f3k egy olyan k\u00f6rnyezetk\u00edm\u00e9l\u0151 technik\u00e1t fejlesztettek ki, amellyel a kiselejtezett nappaneleket \u00fajrahasznos\u00edtva nagy teljes\u00edtm\u00e9ny\u0171 \u00faj napelemeket hozhatnak l\u00e9tre. Ez a technika n\u00e9h\u00e1ny \u00e9vtized m\u00falva kulcsfontoss\u00e1g\u00fa lesz, amikor a jelenleg haszn\u00e1lt napelemeket k\u00f6r\u00fclbel\u00fcl 20 \u00e9ves \u00e9lettartamuk ut\u00e1n kidobj\u00e1k \u2013 sz\u00e1mol be az eredm\u00e9nyekr\u0151l a d\u00e9l-koreai Aju Business Daily.<\/strong><\/p>\n\n\n\n<p>A napelem egy olyan fotovoltaikus modul, amely olyan anyagokb\u00f3l k\u00e9sz\u00fcl, mint az \u00fcveg, az alum\u00ednium, a szil\u00edcium \u00e9s a r\u00e9z, ebb\u0151l lesz egy fekete, t\u00fck\u00f6rszer\u0171 elektromos eszk\u00f6z, amely a naper\u0151m\u0171vek legfontosabb alkot\u00f3eleme. B\u00e1r az elm\u00falt \u00e9vekben azt megoldott\u00e1k m\u00e1r, hogy min\u00e9l hat\u00e9konyabbak legyenek a panelek, illetve, hogy k\u00f6nnyebb legyen \u0151ket gy\u00e1rtani, de mindm\u00e1ig az \u00fajrahasznos\u00edt\u00e1sukra nem volt \u00fczembiztos m\u00f3dszer \u2013 sz\u00e1mol be a port\u00e1l.<\/p>\n\n\n\n<figure class=\"wp-block-image size-full is-resized\"><img loading=\"lazy\" decoding=\"async\" src=\"https:\/\/dev.kompaktdesign.hu\/hodszolar.hu\/wp-content\/uploads\/2021\/08\/1751-1488969612.jpg\" alt=\"\" class=\"wp-image-544\" width=\"840\" height=\"439\"\/><\/figure>\n\n\n\n<p>A Korea Institute of Energy Research (KIER) augusztus 19-\u00e9n k\u00f6zlem\u00e9nyben tudatta, hogy a Li Dzsinsz\u00f6k \u00e1ltal vezetett kutat\u00f3csoport kifejlesztett egy technol\u00f3gi\u00e1t, amely lehet\u0151v\u00e9 teszi a napelemek k\u00f6rnyezetbar\u00e1t \u00fajrahasznos\u00edt\u00e1s\u00e1t. Az int\u00e9zet szerint az \u00faj technika k\u00e9pes mind a s\u00e9r\u00fcl\u00e9smentes, mind a s\u00e9r\u00fclt panelek \u00fajrahasznos\u00edt\u00e1s\u00e1ra, \u00e9s ak\u00e1r 100 sz\u00e1zal\u00e9kos visszanyer\u00e9si ar\u00e1nyt is el\u00e9rhet az \u00fcvegkomponensekb\u0151l. A t\u00f6bbi anyag mintegy 80 sz\u00e1zal\u00e9ka visszanyerhet\u0151 \u00e9s \u00fajrahasznos\u00edthat\u00f3 nagy teljes\u00edtm\u00e9ny\u0171 napelemekk\u00e9.<\/p>\n\n\n\n<p>A kutat\u00f3knak siker\u00fclt 72 kiselejtezett kereskedelmi panelb\u0151l \u00f6sszegy\u0171jt\u00f6tt szil\u00edciumot hat h\u00fcvelykes egykrist\u00e1lyos t\u00f6mb\u00f6kk\u00e9 \u00e9s korongokk\u00e1 finom\u00edtaniuk. Az \u00fajrahasznos\u00edtott anyagokb\u00f3l olyan napelemeket \u00e1ll\u00edtottak el\u0151, amelyeknek a gener\u00e1ci\u00f3s hat\u00e1sfoka k\u00f6r\u00fclbel\u00fcl 20,52 sz\u00e1zal\u00e9kos volt. A norm\u00e1l napelemek energiahat\u00e9konys\u00e1ga k\u00f6r\u00fclbel\u00fcl 15 sz\u00e1zal\u00e9k.<\/p>\n\n\n\n<p>\u201cEgy tonna kiselejtezett napelem \u00fajrahasznos\u00edt\u00e1sa 1,2 tonna \u00fcvegh\u00e1zhat\u00e1s\u00fa g\u00e1z kibocs\u00e1t\u00e1s\u00e1nak cs\u00f6kkent\u00e9s\u00e9vel j\u00e1r, \u00edgy ez a technol\u00f3gia abszol\u00fat kulcs a netz\u00e9r\u00f3 kibocs\u00e1t\u00e1si szint el\u00e9r\u00e9s\u00e9hez\u201d \u2013 id\u00e9zte a KIER vezet\u0151 kutat\u00f3j\u00e1t, Li Dzsinsz\u00f6k\u00f6t a lap. A KIER a m\u00fck\u0151d\u00e9si elvet a kereskedelmi forgalomba hozatal c\u00e9lj\u00e1b\u00f3l \u00e1tadta a HST-nek, egy koreai napenergia-termel\u0151 berendez\u00e9seket gy\u00e1rt\u00f3 v\u00e1llalatnak.<\/p>\n\n\n\n<p>Forr\u00e1s: napi.hu<\/p>\n","protected":false},"excerpt":{"rendered":"<p>A kutat\u00f3k egy olyan k\u00f6rnyezetk\u00edm\u00e9l\u0151 technik\u00e1t fejlesztettek ki, amellyel a kiselejtezett nappaneleket \u00fajrahasznos\u00edtva nagy teljes\u00edtm\u00e9ny\u0171 \u00faj napelemeket hozhatnak l\u00e9tre. Ez a technika n\u00e9h\u00e1ny \u00e9vtized m\u00falva kulcsfontoss\u00e1g\u00fa lesz, amikor a jelenleg haszn\u00e1lt napelemeket k\u00f6r\u00fclbel\u00fcl 20 \u00e9ves \u00e9lettartamuk ut\u00e1n kidobj\u00e1k \u2013 sz\u00e1mol be az eredm\u00e9nyekr\u0151l a d\u00e9l-koreai Aju Business Daily. A napelem egy olyan fotovoltaikus modul, amely [&hellip;]<\/p>\n","protected":false},"author":3,"featured_media":545,"comment_status":"open","ping_status":"open","sticky":false,"template":"","format":"standard","meta":{"footnotes":""},"categories":[1],"tags":[],"class_list":["post-543","post","type-post","status-publish","format-standard","has-post-thumbnail","hentry","category-egyeb"],"yoast_head":"<!-- This site is optimized with the Yoast SEO plugin v19.5.1 - https:\/\/yoast.com\/wordpress\/plugins\/seo\/ -->\n<title>K\u00e9sz a napelemek \u00fajrahasznos\u00edt\u00e1s\u00e1ra alkalmas technol\u00f3gia | H\u00f3dszol\u00e1r<\/title>\n<meta name=\"robots\" content=\"noindex, follow, max-snippet:-1, max-image-preview:large, max-video-preview:-1\" \/>\n<meta property=\"og:locale\" content=\"hu_HU\" \/>\n<meta property=\"og:type\" content=\"article\" \/>\n<meta property=\"og:title\" content=\"K\u00e9sz a napelemek \u00fajrahasznos\u00edt\u00e1s\u00e1ra alkalmas technol\u00f3gia | H\u00f3dszol\u00e1r\" \/>\n<meta property=\"og:description\" content=\"A kutat\u00f3k egy olyan k\u00f6rnyezetk\u00edm\u00e9l\u0151 technik\u00e1t fejlesztettek ki, amellyel a kiselejtezett nappaneleket \u00fajrahasznos\u00edtva nagy teljes\u00edtm\u00e9ny\u0171 \u00faj napelemeket hozhatnak l\u00e9tre. Ez a technika n\u00e9h\u00e1ny \u00e9vtized m\u00falva kulcsfontoss\u00e1g\u00fa lesz, amikor a jelenleg haszn\u00e1lt napelemeket k\u00f6r\u00fclbel\u00fcl 20 \u00e9ves \u00e9lettartamuk ut\u00e1n kidobj\u00e1k \u2013 sz\u00e1mol be az eredm\u00e9nyekr\u0151l a d\u00e9l-koreai Aju Business Daily. A napelem egy olyan fotovoltaikus modul, amely [&hellip;]\" \/>\n<meta property=\"og:url\" content=\"https:\/\/dev.kompaktdesign.hu\/hodszolar.hu\/2021\/08\/31\/kesz-a-napelemek-ujrahasznositasara-alkalmas-technologia\/\" \/>\n<meta property=\"og:site_name\" content=\"H\u00f3dszol\u00e1r\" \/>\n<meta property=\"article:publisher\" content=\"https:\/\/www.facebook.com\/hodszolar\" \/>\n<meta property=\"article:published_time\" content=\"2021-08-31T11:48:19+00:00\" \/>\n<meta property=\"article:modified_time\" content=\"2021-08-31T11:48:20+00:00\" \/>\n<meta property=\"og:image\" content=\"https:\/\/dev.kompaktdesign.hu\/hodszolar.hu\/wp-content\/uploads\/2021\/08\/1518a826f.jpg\" \/>\n\t<meta property=\"og:image:width\" content=\"420\" \/>\n\t<meta property=\"og:image:height\" content=\"280\" \/>\n\t<meta property=\"og:image:type\" content=\"image\/jpeg\" \/>\n<meta name=\"author\" content=\"H\u00f3dszol\u00e1r Kft.\" \/>\n<meta name=\"twitter:card\" content=\"summary_large_image\" \/>\n<meta name=\"twitter:label1\" content=\"Szerz\u0151:\" \/>\n\t<meta name=\"twitter:data1\" content=\"H\u00f3dszol\u00e1r Kft.\" \/>\n\t<meta name=\"twitter:label2\" content=\"Becs\u00fclt olvas\u00e1si id\u0151\" \/>\n\t<meta name=\"twitter:data2\" content=\"2 perc\" \/>\n<script type=\"application\/ld+json\" class=\"yoast-schema-graph\">{\"@context\":\"https:\/\/schema.org\",\"@graph\":[{\"@type\":\"Article\",\"@id\":\"https:\/\/dev.kompaktdesign.hu\/hodszolar.hu\/2021\/08\/31\/kesz-a-napelemek-ujrahasznositasara-alkalmas-technologia\/#article\",\"isPartOf\":{\"@id\":\"https:\/\/dev.kompaktdesign.hu\/hodszolar.hu\/2021\/08\/31\/kesz-a-napelemek-ujrahasznositasara-alkalmas-technologia\/\"},\"author\":{\"name\":\"H\u00f3dszol\u00e1r Kft.\",\"@id\":\"https:\/\/dev.kompaktdesign.hu\/hodszolar.hu\/#\/schema\/person\/a788af940a3d6b2829396312340dd08c\"},\"headline\":\"K\u00e9sz a napelemek \u00fajrahasznos\u00edt\u00e1s\u00e1ra alkalmas technol\u00f3gia\",\"datePublished\":\"2021-08-31T11:48:19+00:00\",\"dateModified\":\"2021-08-31T11:48:20+00:00\",\"mainEntityOfPage\":{\"@id\":\"https:\/\/dev.kompaktdesign.hu\/hodszolar.hu\/2021\/08\/31\/kesz-a-napelemek-ujrahasznositasara-alkalmas-technologia\/\"},\"wordCount\":422,\"commentCount\":0,\"publisher\":{\"@id\":\"https:\/\/dev.kompaktdesign.hu\/hodszolar.hu\/#organization\"},\"articleSection\":[\"Egy\u00e9b kateg\u00f3ria\"],\"inLanguage\":\"hu\",\"potentialAction\":[{\"@type\":\"CommentAction\",\"name\":\"Comment\",\"target\":[\"https:\/\/dev.kompaktdesign.hu\/hodszolar.hu\/2021\/08\/31\/kesz-a-napelemek-ujrahasznositasara-alkalmas-technologia\/#respond\"]}]},{\"@type\":\"WebPage\",\"@id\":\"https:\/\/dev.kompaktdesign.hu\/hodszolar.hu\/2021\/08\/31\/kesz-a-napelemek-ujrahasznositasara-alkalmas-technologia\/\",\"url\":\"https:\/\/dev.kompaktdesign.hu\/hodszolar.hu\/2021\/08\/31\/kesz-a-napelemek-ujrahasznositasara-alkalmas-technologia\/\",\"name\":\"K\u00e9sz a napelemek \u00fajrahasznos\u00edt\u00e1s\u00e1ra alkalmas technol\u00f3gia | H\u00f3dszol\u00e1r\",\"isPartOf\":{\"@id\":\"https:\/\/dev.kompaktdesign.hu\/hodszolar.hu\/#website\"},\"datePublished\":\"2021-08-31T11:48:19+00:00\",\"dateModified\":\"2021-08-31T11:48:20+00:00\",\"breadcrumb\":{\"@id\":\"https:\/\/dev.kompaktdesign.hu\/hodszolar.hu\/2021\/08\/31\/kesz-a-napelemek-ujrahasznositasara-alkalmas-technologia\/#breadcrumb\"},\"inLanguage\":\"hu\",\"potentialAction\":[{\"@type\":\"ReadAction\",\"target\":[\"https:\/\/dev.kompaktdesign.hu\/hodszolar.hu\/2021\/08\/31\/kesz-a-napelemek-ujrahasznositasara-alkalmas-technologia\/\"]}]},{\"@type\":\"BreadcrumbList\",\"@id\":\"https:\/\/dev.kompaktdesign.hu\/hodszolar.hu\/2021\/08\/31\/kesz-a-napelemek-ujrahasznositasara-alkalmas-technologia\/#breadcrumb\",\"itemListElement\":[{\"@type\":\"ListItem\",\"position\":1,\"name\":\"Kezd\u0151lap\",\"item\":\"https:\/\/dev.kompaktdesign.hu\/hodszolar.hu\/\"},{\"@type\":\"ListItem\",\"position\":2,\"name\":\"K\u00e9sz a napelemek \u00fajrahasznos\u00edt\u00e1s\u00e1ra alkalmas technol\u00f3gia\"}]},{\"@type\":\"WebSite\",\"@id\":\"https:\/\/dev.kompaktdesign.hu\/hodszolar.hu\/#website\",\"url\":\"https:\/\/dev.kompaktdesign.hu\/hodszolar.hu\/\",\"name\":\"H\u00f3dszol\u00e1r\",\"description\":\"A v\u00e1s\u00e1rhelyi napelemes\",\"publisher\":{\"@id\":\"https:\/\/dev.kompaktdesign.hu\/hodszolar.hu\/#organization\"},\"potentialAction\":[{\"@type\":\"SearchAction\",\"target\":{\"@type\":\"EntryPoint\",\"urlTemplate\":\"https:\/\/dev.kompaktdesign.hu\/hodszolar.hu\/?s={search_term_string}\"},\"query-input\":\"required name=search_term_string\"}],\"inLanguage\":\"hu\"},{\"@type\":\"Organization\",\"@id\":\"https:\/\/dev.kompaktdesign.hu\/hodszolar.hu\/#organization\",\"name\":\"H\u00f3dszol\u00e1r Kft.\",\"url\":\"https:\/\/dev.kompaktdesign.hu\/hodszolar.hu\/\",\"sameAs\":[\"https:\/\/www.facebook.com\/hodszolar\"],\"logo\":{\"@type\":\"ImageObject\",\"inLanguage\":\"hu\",\"@id\":\"https:\/\/dev.kompaktdesign.hu\/hodszolar.hu\/#\/schema\/logo\/image\/\",\"url\":\"https:\/\/dev.kompaktdesign.hu\/hodszolar.hu\/wp-content\/uploads\/2021\/05\/fvicon.png\",\"contentUrl\":\"https:\/\/dev.kompaktdesign.hu\/hodszolar.hu\/wp-content\/uploads\/2021\/05\/fvicon.png\",\"width\":132,\"height\":132,\"caption\":\"H\u00f3dszol\u00e1r Kft.\"},\"image\":{\"@id\":\"https:\/\/dev.kompaktdesign.hu\/hodszolar.hu\/#\/schema\/logo\/image\/\"}},{\"@type\":\"Person\",\"@id\":\"https:\/\/dev.kompaktdesign.hu\/hodszolar.hu\/#\/schema\/person\/a788af940a3d6b2829396312340dd08c\",\"name\":\"H\u00f3dszol\u00e1r Kft.\",\"image\":{\"@type\":\"ImageObject\",\"inLanguage\":\"hu\",\"@id\":\"https:\/\/dev.kompaktdesign.hu\/hodszolar.hu\/#\/schema\/person\/image\/\",\"url\":\"https:\/\/secure.gravatar.com\/avatar\/38df000db6f2e93b7f0ccccf7714392424ca033738d34dfe71f19fdb70329830?s=96&d=mm&r=g\",\"contentUrl\":\"https:\/\/secure.gravatar.com\/avatar\/38df000db6f2e93b7f0ccccf7714392424ca033738d34dfe71f19fdb70329830?s=96&d=mm&r=g\",\"caption\":\"H\u00f3dszol\u00e1r Kft.\"},\"url\":\"https:\/\/dev.kompaktdesign.hu\/hodszolar.hu\/author\/hodszolar\/\"}]}<\/script>\n<!-- \/ Yoast SEO plugin. -->","yoast_head_json":{"title":"K\u00e9sz a napelemek \u00fajrahasznos\u00edt\u00e1s\u00e1ra alkalmas technol\u00f3gia | H\u00f3dszol\u00e1r","robots":{"index":"noindex","follow":"follow","max-snippet":"max-snippet:-1","max-image-preview":"max-image-preview:large","max-video-preview":"max-video-preview:-1"},"og_locale":"hu_HU","og_type":"article","og_title":"K\u00e9sz a napelemek \u00fajrahasznos\u00edt\u00e1s\u00e1ra alkalmas technol\u00f3gia | H\u00f3dszol\u00e1r","og_description":"A kutat\u00f3k egy olyan k\u00f6rnyezetk\u00edm\u00e9l\u0151 technik\u00e1t fejlesztettek ki, amellyel a kiselejtezett nappaneleket \u00fajrahasznos\u00edtva nagy teljes\u00edtm\u00e9ny\u0171 \u00faj napelemeket hozhatnak l\u00e9tre. Ez a technika n\u00e9h\u00e1ny \u00e9vtized m\u00falva kulcsfontoss\u00e1g\u00fa lesz, amikor a jelenleg haszn\u00e1lt napelemeket k\u00f6r\u00fclbel\u00fcl 20 \u00e9ves \u00e9lettartamuk ut\u00e1n kidobj\u00e1k \u2013 sz\u00e1mol be az eredm\u00e9nyekr\u0151l a d\u00e9l-koreai Aju Business Daily. A napelem egy olyan fotovoltaikus modul, amely [&hellip;]","og_url":"https:\/\/dev.kompaktdesign.hu\/hodszolar.hu\/2021\/08\/31\/kesz-a-napelemek-ujrahasznositasara-alkalmas-technologia\/","og_site_name":"H\u00f3dszol\u00e1r","article_publisher":"https:\/\/www.facebook.com\/hodszolar","article_published_time":"2021-08-31T11:48:19+00:00","article_modified_time":"2021-08-31T11:48:20+00:00","og_image":[{"width":420,"height":280,"url":"https:\/\/dev.kompaktdesign.hu\/hodszolar.hu\/wp-content\/uploads\/2021\/08\/1518a826f.jpg","type":"image\/jpeg"}],"author":"H\u00f3dszol\u00e1r Kft.","twitter_card":"summary_large_image","twitter_misc":{"Szerz\u0151:":"H\u00f3dszol\u00e1r Kft.","Becs\u00fclt olvas\u00e1si id\u0151":"2 perc"},"schema":{"@context":"https:\/\/schema.org","@graph":[{"@type":"Article","@id":"https:\/\/dev.kompaktdesign.hu\/hodszolar.hu\/2021\/08\/31\/kesz-a-napelemek-ujrahasznositasara-alkalmas-technologia\/#article","isPartOf":{"@id":"https:\/\/dev.kompaktdesign.hu\/hodszolar.hu\/2021\/08\/31\/kesz-a-napelemek-ujrahasznositasara-alkalmas-technologia\/"},"author":{"name":"H\u00f3dszol\u00e1r Kft.","@id":"https:\/\/dev.kompaktdesign.hu\/hodszolar.hu\/#\/schema\/person\/a788af940a3d6b2829396312340dd08c"},"headline":"K\u00e9sz a napelemek \u00fajrahasznos\u00edt\u00e1s\u00e1ra alkalmas technol\u00f3gia","datePublished":"2021-08-31T11:48:19+00:00","dateModified":"2021-08-31T11:48:20+00:00","mainEntityOfPage":{"@id":"https:\/\/dev.kompaktdesign.hu\/hodszolar.hu\/2021\/08\/31\/kesz-a-napelemek-ujrahasznositasara-alkalmas-technologia\/"},"wordCount":422,"commentCount":0,"publisher":{"@id":"https:\/\/dev.kompaktdesign.hu\/hodszolar.hu\/#organization"},"articleSection":["Egy\u00e9b kateg\u00f3ria"],"inLanguage":"hu","potentialAction":[{"@type":"CommentAction","name":"Comment","target":["https:\/\/dev.kompaktdesign.hu\/hodszolar.hu\/2021\/08\/31\/kesz-a-napelemek-ujrahasznositasara-alkalmas-technologia\/#respond"]}]},{"@type":"WebPage","@id":"https:\/\/dev.kompaktdesign.hu\/hodszolar.hu\/2021\/08\/31\/kesz-a-napelemek-ujrahasznositasara-alkalmas-technologia\/","url":"https:\/\/dev.kompaktdesign.hu\/hodszolar.hu\/2021\/08\/31\/kesz-a-napelemek-ujrahasznositasara-alkalmas-technologia\/","name":"K\u00e9sz a napelemek \u00fajrahasznos\u00edt\u00e1s\u00e1ra alkalmas technol\u00f3gia | H\u00f3dszol\u00e1r","isPartOf":{"@id":"https:\/\/dev.kompaktdesign.hu\/hodszolar.hu\/#website"},"datePublished":"2021-08-31T11:48:19+00:00","dateModified":"2021-08-31T11:48:20+00:00","breadcrumb":{"@id":"https:\/\/dev.kompaktdesign.hu\/hodszolar.hu\/2021\/08\/31\/kesz-a-napelemek-ujrahasznositasara-alkalmas-technologia\/#breadcrumb"},"inLanguage":"hu","potentialAction":[{"@type":"ReadAction","target":["https:\/\/dev.kompaktdesign.hu\/hodszolar.hu\/2021\/08\/31\/kesz-a-napelemek-ujrahasznositasara-alkalmas-technologia\/"]}]},{"@type":"BreadcrumbList","@id":"https:\/\/dev.kompaktdesign.hu\/hodszolar.hu\/2021\/08\/31\/kesz-a-napelemek-ujrahasznositasara-alkalmas-technologia\/#breadcrumb","itemListElement":[{"@type":"ListItem","position":1,"name":"Kezd\u0151lap","item":"https:\/\/dev.kompaktdesign.hu\/hodszolar.hu\/"},{"@type":"ListItem","position":2,"name":"K\u00e9sz a napelemek \u00fajrahasznos\u00edt\u00e1s\u00e1ra alkalmas technol\u00f3gia"}]},{"@type":"WebSite","@id":"https:\/\/dev.kompaktdesign.hu\/hodszolar.hu\/#website","url":"https:\/\/dev.kompaktdesign.hu\/hodszolar.hu\/","name":"H\u00f3dszol\u00e1r","description":"A v\u00e1s\u00e1rhelyi napelemes","publisher":{"@id":"https:\/\/dev.kompaktdesign.hu\/hodszolar.hu\/#organization"},"potentialAction":[{"@type":"SearchAction","target":{"@type":"EntryPoint","urlTemplate":"https:\/\/dev.kompaktdesign.hu\/hodszolar.hu\/?s={search_term_string}"},"query-input":"required name=search_term_string"}],"inLanguage":"hu"},{"@type":"Organization","@id":"https:\/\/dev.kompaktdesign.hu\/hodszolar.hu\/#organization","name":"H\u00f3dszol\u00e1r Kft.","url":"https:\/\/dev.kompaktdesign.hu\/hodszolar.hu\/","sameAs":["https:\/\/www.facebook.com\/hodszolar"],"logo":{"@type":"ImageObject","inLanguage":"hu","@id":"https:\/\/dev.kompaktdesign.hu\/hodszolar.hu\/#\/schema\/logo\/image\/","url":"https:\/\/dev.kompaktdesign.hu\/hodszolar.hu\/wp-content\/uploads\/2021\/05\/fvicon.png","contentUrl":"https:\/\/dev.kompaktdesign.hu\/hodszolar.hu\/wp-content\/uploads\/2021\/05\/fvicon.png","width":132,"height":132,"caption":"H\u00f3dszol\u00e1r Kft."},"image":{"@id":"https:\/\/dev.kompaktdesign.hu\/hodszolar.hu\/#\/schema\/logo\/image\/"}},{"@type":"Person","@id":"https:\/\/dev.kompaktdesign.hu\/hodszolar.hu\/#\/schema\/person\/a788af940a3d6b2829396312340dd08c","name":"H\u00f3dszol\u00e1r Kft.","image":{"@type":"ImageObject","inLanguage":"hu","@id":"https:\/\/dev.kompaktdesign.hu\/hodszolar.hu\/#\/schema\/person\/image\/","url":"https:\/\/secure.gravatar.com\/avatar\/38df000db6f2e93b7f0ccccf7714392424ca033738d34dfe71f19fdb70329830?s=96&d=mm&r=g","contentUrl":"https:\/\/secure.gravatar.com\/avatar\/38df000db6f2e93b7f0ccccf7714392424ca033738d34dfe71f19fdb70329830?s=96&d=mm&r=g","caption":"H\u00f3dszol\u00e1r Kft."},"url":"https:\/\/dev.kompaktdesign.hu\/hodszolar.hu\/author\/hodszolar\/"}]}},"_links":{"self":[{"href":"https:\/\/dev.kompaktdesign.hu\/hodszolar.hu\/wp-json\/wp\/v2\/posts\/543","targetHints":{"allow":["GET"]}}],"collection":[{"href":"https:\/\/dev.kompaktdesign.hu\/hodszolar.hu\/wp-json\/wp\/v2\/posts"}],"about":[{"href":"https:\/\/dev.kompaktdesign.hu\/hodszolar.hu\/wp-json\/wp\/v2\/types\/post"}],"author":[{"embeddable":true,"href":"https:\/\/dev.kompaktdesign.hu\/hodszolar.hu\/wp-json\/wp\/v2\/users\/3"}],"replies":[{"embeddable":true,"href":"https:\/\/dev.kompaktdesign.hu\/hodszolar.hu\/wp-json\/wp\/v2\/comments?post=543"}],"version-history":[{"count":1,"href":"https:\/\/dev.kompaktdesign.hu\/hodszolar.hu\/wp-json\/wp\/v2\/posts\/543\/revisions"}],"predecessor-version":[{"id":546,"href":"https:\/\/dev.kompaktdesign.hu\/hodszolar.hu\/wp-json\/wp\/v2\/posts\/543\/revisions\/546"}],"wp:featuredmedia":[{"embeddable":true,"href":"https:\/\/dev.kompaktdesign.hu\/hodszolar.hu\/wp-json\/wp\/v2\/media\/545"}],"wp:attachment":[{"href":"https:\/\/dev.kompaktdesign.hu\/hodszolar.hu\/wp-json\/wp\/v2\/media?parent=543"}],"wp:term":[{"taxonomy":"category","embeddable":true,"href":"https:\/\/dev.kompaktdesign.hu\/hodszolar.hu\/wp-json\/wp\/v2\/categories?post=543"},{"taxonomy":"post_tag","embeddable":true,"href":"https:\/\/dev.kompaktdesign.hu\/hodszolar.hu\/wp-json\/wp\/v2\/tags?post=543"}],"curies":[{"name":"wp","href":"https:\/\/api.w.org\/{rel}","templated":true}]}}