{"id":547,"date":"2021-08-31T11:57:00","date_gmt":"2021-08-31T11:57:00","guid":{"rendered":"https:\/\/hodszolar.hu\/?p=547"},"modified":"2021-08-31T11:57:01","modified_gmt":"2021-08-31T11:57:01","slug":"kulonleges-uveghazat-mukodtet-a-pesti-belvarosban-a-magyar-napelemes-tetocserep","status":"publish","type":"post","link":"https:\/\/dev.kompaktdesign.hu\/hodszolar.hu\/2021\/08\/31\/kulonleges-uveghazat-mukodtet-a-pesti-belvarosban-a-magyar-napelemes-tetocserep\/","title":{"rendered":"K\u00fcl\u00f6nleges \u00fcvegh\u00e1zat m\u0171k\u00f6dtet a pesti belv\u00e1rosban a magyar napelemes tet\u0151cser\u00e9p"},"content":{"rendered":"\n<figure class=\"wp-block-image size-full is-resized\"><img loading=\"lazy\" decoding=\"async\" src=\"https:\/\/dev.kompaktdesign.hu\/hodszolar.hu\/wp-content\/uploads\/2021\/08\/kep-5.png\" alt=\"\" class=\"wp-image-548\" width=\"839\" height=\"557\"\/><\/figure>\n\n\n\n<p>Rendhagy\u00f3 prom\u00f3ci\u00f3 h\u00edvja fel a figyelmet a kl\u00edmav\u00e1ltoz\u00e1sra a budapesti Erzs\u00e9bet t\u00e9ren. P\u00e1r napig m\u00e9g l\u00e1that\u00f3 az Ariston Thermo Hung\u00e1ria Kft. \u00e9s a Terr\u00e1n Tet\u0151cser\u00e9p Gy\u00e1rt\u00f3 Kft. k\u00f6z\u00f6s install\u00e1ci\u00f3ja az Akv\u00e1rium Klub el\u0151tt. Az augusztus 23 \u00e9s szeptember 4. k\u00f6z\u00f6tt fel\u00e1ll\u00edtott \u00fcvegh\u00e1zban k\u00fcl\u00f6nleges h\u0151ig\u00e9ny\u0171, tr\u00f3pusi n\u00f6v\u00e9nyeket helyeztek el, melyeket kiz\u00e1r\u00f3lag meg\u00fajul\u00f3 energia seg\u00edts\u00e9g\u00e9vel tartanak \u00e9letben.<\/p>\n\n\n\n<p>A h\u00e1z k\u00fcl\u00f6nlegess\u00e9g\u00e9t a napenergia-felhaszn\u00e1l\u00e1st seg\u00edt\u0151 Generon tet\u0151cser\u00e9p, valamint az Ariston, \u201eNimbus Garden\u201d nevet visel\u0151 leveg\u0151-v\u00edz h\u0151szivatty\u00faja adja.<\/p>\n\n\n\n<p>A h\u0151szivatty\u00fa a k\u00fcls\u0151 leveg\u0151t felhaszn\u00e1lva biztos\u00edtja az \u00fcvegh\u00e1zban sz\u00fcks\u00e9ges h\u0151m\u00e9rs\u00e9kletet h\u0171t\u00e9ssel vagy \u00e9pp f\u0171t\u00e9ssel. Ezzel minim\u00e1lis energi\u00e1t haszn\u00e1l fel, k\u00e1rosanyag kibocs\u00e1t\u00e1sa pedig nincs. T\u00e1voli el\u00e9r\u00e9ssel egy applik\u00e1ci\u00f3n kereszt\u00fcl ir\u00e1ny\u00edthat\u00f3, a rendszerb\u0151l \u00e9rkez\u0151 l\u00e1gyvizet pedig visszavezetik a n\u00f6v\u00e9nyekhez.&nbsp;A Generon napelemes tet\u0151cserepek&nbsp;a napenergia felhaszn\u00e1l\u00e1s\u00e1val seg\u00edtik a h\u0151szivatty\u00fa m\u0171k\u00f6d\u00e9s\u00e9hez sz\u00fcks\u00e9ges energia felv\u00e9tel\u00e9t.<\/p>\n\n\n\n<h2 class=\"wp-block-heading\">Nem csak k\u00f6rnyezettudatos, eszt\u00e9tikus is<\/h2>\n\n\n\n<p>A cs\u00fct\u00f6rt\u00f6ki sajt\u00f3esem\u00e9nyen\u00a0<strong>T\u00f3th Szabolcs<\/strong>, a Terr\u00e1n Tet\u0151cser\u00e9p Gy\u00e1rt\u00f3 Kft. region\u00e1lis marketing vezet\u0151je hangs\u00falyozta:\u00a0a c\u00e9g a fenntarthat\u00f3s\u00e1got \u00e9s az energiatudatoss\u00e1got k\u00e9pviseli. Olyan technol\u00f3gi\u00e1kat \u00e9s alapanyagokat alkalmaznak, amelyek sor\u00e1n minim\u00e1lisra cs\u00f6kken az energiafelhaszn\u00e1l\u00e1sa a tet\u0151cser\u00e9p gy\u00e1rt\u00e1snak.<\/p>\n\n\n\n<p>Ennek p\u00e9ld\u00e1j\u00e1ra hozta fel, hogy a Baranya megyei B\u00f3ly v\u00e1ros\u00e1ban tal\u00e1lhat\u00f3 gy\u00e1ruk mellett kialak\u00edtottak egy naper\u0151m\u0171vet, amely k\u00e9pes szolg\u00e1ltatni a gy\u00e1r m\u0171k\u00f6d\u00e9s\u00e9hez sz\u00fcks\u00e9ges teljes energiaell\u00e1t\u00e1st. Hozz\u00e1tette, az energiatudatos\u00e1gra val\u00f3 t\u00f6rekv\u00e9s mellett azt a fogyaszt\u00f3i ig\u00e9nyt is f\u0151 szempontk\u00e9nt kezelik, hogy ezt a z\u00f6ld szeml\u00e9letet eszt\u00e9tikusan val\u00f3s\u00edts\u00e1k meg.<\/p>\n\n\n\n<p>\u201cA tet\u0151cserepeik k\u00fcl\u00f6nlegess\u00e9g\u00e9t az adja, hogy szinte \u00e9szrevehetetlen a tet\u0151fel\u00fcleten az a r\u00e9sz, amely hasznos\u00edtani tudja a napenergi\u00e1t\u201d \u2013 hangs\u00falyozta.<\/p>\n\n\n\n<p>A t\u00e9ren kihelyezett \u00fcvegh\u00e1z tet\u0151szerkezet\u00e9vel kapcsolatban elmondta,<\/p>\n\n\n\n<p><em>\u201eha valaki els\u00e9t\u00e1l a m\u00f6g\u00f6ttem l\u00e1that\u00f3 install\u00e1ci\u00f3 mellett, l\u00e1tni fogja, hogy nincs t\u00e9nylegesen l\u00e1that\u00f3 helyre elhelyezett napelem. Hogyha ezt magunk el\u00e9 k\u00e9pzelj\u00fck egy csal\u00e1di h\u00e1z eset\u00e9ben kicsit t\u00e1volabbr\u00f3l, akkor t\u00e9nyleg \u00e9szrevehetetlen, abszol\u00fat belesimul a k\u00f6rnyezetbe.\u201d<\/em><\/p>\n\n\n\n<figure class=\"wp-block-image size-full is-resized\"><img loading=\"lazy\" decoding=\"async\" src=\"https:\/\/dev.kompaktdesign.hu\/hodszolar.hu\/wp-content\/uploads\/2021\/08\/kep-6.png\" alt=\"\" class=\"wp-image-549\" width=\"840\" height=\"558\"\/><\/figure>\n\n\n\n<h2 class=\"wp-block-heading\">Jelent\u0151s potenci\u00e1l rejlik&nbsp;a h\u0151szivatty\u00fakban<\/h2>\n\n\n\n<p><strong>Pavek G\u00e1bor<\/strong>&nbsp;az Ariston Thermo Hung\u00e1ria Kft. \u00fcgyvezet\u0151je az esem\u00e9nyen elmondta, hogy haz\u00e1nkban jelenleg 1 milli\u00f3ra tehet\u0151 azoknak a h\u00e1ztart\u00e1soknak a sz\u00e1ma, akik hagyom\u00e1nyos kaz\u00e1nnal, f\u00e1val vagy sz\u00e9nnel f\u0171tenek. Ha \u0151k mind h\u0151szivatty\u00fara v\u00e1ltan\u00e1nak, akkor azzal egy eg\u00e9sz v\u00e1ros k\u00e1rosanyag kibocs\u00e1t\u00e1s\u00e1t tudn\u00e1nk megsp\u00f3rolni \u00e9vente.<\/p>\n\n\n\n<p>Az \u00fcgyvezet\u0151 azt is elmondta, hogy az Ariston jelent\u0151s potenci\u00e1lt l\u00e1t a h\u0151szivatty\u00fakban. \u201eM\u00edg 2008-ban \u00f6sszesen 10 h\u0151szivatty\u00fat \u00e9rt\u00e9kes\u00edtett\u00fcnk a hazai piacon, addig ez a sz\u00e1m 2021-ben 300 lesz\u201d \u2013 \u00e1rulta el Pavek G\u00e1bor.&nbsp;\u201cEbb\u0151l j\u00f3l l\u00e1that\u00f3 a n\u00f6veked\u00e9s dinamik\u00e1ja \u00e9s azt sem titkoljuk, hogy minden \u00e9vben dupl\u00e1zni szeretn\u00e9nk az elad\u00e1sokat.\u201d Szavai szerint&nbsp;Magyarorsz\u00e1gon 2020-ban \u00f6sszesen 5000 h\u0151szivatty\u00fat adtak el, ami sz\u00e1mtalan kiakn\u00e1zatlan lehet\u0151s\u00e9get jelez, \u00e9s hatalmas potenci\u00e1l van ebben a piaci szegmensben.<\/p>\n\n\n\n<p>Forr\u00e1s: magyarepitok.hu<\/p>\n","protected":false},"excerpt":{"rendered":"<p>Rendhagy\u00f3 prom\u00f3ci\u00f3 h\u00edvja fel a figyelmet a kl\u00edmav\u00e1ltoz\u00e1sra a budapesti Erzs\u00e9bet t\u00e9ren. P\u00e1r napig m\u00e9g l\u00e1that\u00f3 az Ariston Thermo Hung\u00e1ria Kft. \u00e9s a Terr\u00e1n Tet\u0151cser\u00e9p Gy\u00e1rt\u00f3 Kft. k\u00f6z\u00f6s install\u00e1ci\u00f3ja az Akv\u00e1rium Klub el\u0151tt. Az augusztus 23 \u00e9s szeptember 4. k\u00f6z\u00f6tt fel\u00e1ll\u00edtott \u00fcvegh\u00e1zban k\u00fcl\u00f6nleges h\u0151ig\u00e9ny\u0171, tr\u00f3pusi n\u00f6v\u00e9nyeket helyeztek el, melyeket kiz\u00e1r\u00f3lag meg\u00fajul\u00f3 energia seg\u00edts\u00e9g\u00e9vel tartanak \u00e9letben. [&hellip;]<\/p>\n","protected":false},"author":3,"featured_media":548,"comment_status":"open","ping_status":"open","sticky":false,"template":"","format":"standard","meta":{"footnotes":""},"categories":[1],"tags":[],"class_list":["post-547","post","type-post","status-publish","format-standard","has-post-thumbnail","hentry","category-egyeb"],"yoast_head":"<!-- This site is optimized with the Yoast SEO plugin v19.5.1 - https:\/\/yoast.com\/wordpress\/plugins\/seo\/ -->\n<title>K\u00fcl\u00f6nleges \u00fcvegh\u00e1zat m\u0171k\u00f6dtet a pesti belv\u00e1rosban a magyar napelemes tet\u0151cser\u00e9p | H\u00f3dszol\u00e1r<\/title>\n<meta name=\"robots\" content=\"noindex, follow, max-snippet:-1, max-image-preview:large, max-video-preview:-1\" \/>\n<meta property=\"og:locale\" content=\"hu_HU\" \/>\n<meta property=\"og:type\" content=\"article\" \/>\n<meta property=\"og:title\" content=\"K\u00fcl\u00f6nleges \u00fcvegh\u00e1zat m\u0171k\u00f6dtet a pesti belv\u00e1rosban a magyar napelemes tet\u0151cser\u00e9p | H\u00f3dszol\u00e1r\" \/>\n<meta property=\"og:description\" content=\"Rendhagy\u00f3 prom\u00f3ci\u00f3 h\u00edvja fel a figyelmet a kl\u00edmav\u00e1ltoz\u00e1sra a budapesti Erzs\u00e9bet t\u00e9ren. P\u00e1r napig m\u00e9g l\u00e1that\u00f3 az Ariston Thermo Hung\u00e1ria Kft. \u00e9s a Terr\u00e1n Tet\u0151cser\u00e9p Gy\u00e1rt\u00f3 Kft. k\u00f6z\u00f6s install\u00e1ci\u00f3ja az Akv\u00e1rium Klub el\u0151tt. Az augusztus 23 \u00e9s szeptember 4. k\u00f6z\u00f6tt fel\u00e1ll\u00edtott \u00fcvegh\u00e1zban k\u00fcl\u00f6nleges h\u0151ig\u00e9ny\u0171, tr\u00f3pusi n\u00f6v\u00e9nyeket helyeztek el, melyeket kiz\u00e1r\u00f3lag meg\u00fajul\u00f3 energia seg\u00edts\u00e9g\u00e9vel tartanak \u00e9letben. [&hellip;]\" \/>\n<meta property=\"og:url\" content=\"https:\/\/dev.kompaktdesign.hu\/hodszolar.hu\/2021\/08\/31\/kulonleges-uveghazat-mukodtet-a-pesti-belvarosban-a-magyar-napelemes-tetocserep\/\" \/>\n<meta property=\"og:site_name\" content=\"H\u00f3dszol\u00e1r\" \/>\n<meta property=\"article:publisher\" content=\"https:\/\/www.facebook.com\/hodszolar\" \/>\n<meta property=\"article:published_time\" content=\"2021-08-31T11:57:00+00:00\" \/>\n<meta property=\"article:modified_time\" content=\"2021-08-31T11:57:01+00:00\" \/>\n<meta property=\"og:image\" content=\"https:\/\/dev.kompaktdesign.hu\/hodszolar.hu\/wp-content\/uploads\/2021\/08\/kep-5.png\" \/>\n\t<meta property=\"og:image:width\" content=\"605\" \/>\n\t<meta property=\"og:image:height\" content=\"402\" \/>\n\t<meta property=\"og:image:type\" content=\"image\/png\" \/>\n<meta name=\"author\" content=\"H\u00f3dszol\u00e1r Kft.\" \/>\n<meta name=\"twitter:card\" content=\"summary_large_image\" \/>\n<meta name=\"twitter:label1\" content=\"Szerz\u0151:\" \/>\n\t<meta name=\"twitter:data1\" content=\"H\u00f3dszol\u00e1r Kft.\" \/>\n\t<meta name=\"twitter:label2\" content=\"Becs\u00fclt olvas\u00e1si id\u0151\" \/>\n\t<meta name=\"twitter:data2\" content=\"3 perc\" \/>\n<script type=\"application\/ld+json\" class=\"yoast-schema-graph\">{\"@context\":\"https:\/\/schema.org\",\"@graph\":[{\"@type\":\"Article\",\"@id\":\"https:\/\/dev.kompaktdesign.hu\/hodszolar.hu\/2021\/08\/31\/kulonleges-uveghazat-mukodtet-a-pesti-belvarosban-a-magyar-napelemes-tetocserep\/#article\",\"isPartOf\":{\"@id\":\"https:\/\/dev.kompaktdesign.hu\/hodszolar.hu\/2021\/08\/31\/kulonleges-uveghazat-mukodtet-a-pesti-belvarosban-a-magyar-napelemes-tetocserep\/\"},\"author\":{\"name\":\"H\u00f3dszol\u00e1r Kft.\",\"@id\":\"https:\/\/dev.kompaktdesign.hu\/hodszolar.hu\/#\/schema\/person\/a788af940a3d6b2829396312340dd08c\"},\"headline\":\"K\u00fcl\u00f6nleges \u00fcvegh\u00e1zat m\u0171k\u00f6dtet a pesti belv\u00e1rosban a magyar napelemes tet\u0151cser\u00e9p\",\"datePublished\":\"2021-08-31T11:57:00+00:00\",\"dateModified\":\"2021-08-31T11:57:01+00:00\",\"mainEntityOfPage\":{\"@id\":\"https:\/\/dev.kompaktdesign.hu\/hodszolar.hu\/2021\/08\/31\/kulonleges-uveghazat-mukodtet-a-pesti-belvarosban-a-magyar-napelemes-tetocserep\/\"},\"wordCount\":677,\"commentCount\":0,\"publisher\":{\"@id\":\"https:\/\/dev.kompaktdesign.hu\/hodszolar.hu\/#organization\"},\"articleSection\":[\"Egy\u00e9b kateg\u00f3ria\"],\"inLanguage\":\"hu\",\"potentialAction\":[{\"@type\":\"CommentAction\",\"name\":\"Comment\",\"target\":[\"https:\/\/dev.kompaktdesign.hu\/hodszolar.hu\/2021\/08\/31\/kulonleges-uveghazat-mukodtet-a-pesti-belvarosban-a-magyar-napelemes-tetocserep\/#respond\"]}]},{\"@type\":\"WebPage\",\"@id\":\"https:\/\/dev.kompaktdesign.hu\/hodszolar.hu\/2021\/08\/31\/kulonleges-uveghazat-mukodtet-a-pesti-belvarosban-a-magyar-napelemes-tetocserep\/\",\"url\":\"https:\/\/dev.kompaktdesign.hu\/hodszolar.hu\/2021\/08\/31\/kulonleges-uveghazat-mukodtet-a-pesti-belvarosban-a-magyar-napelemes-tetocserep\/\",\"name\":\"K\u00fcl\u00f6nleges \u00fcvegh\u00e1zat m\u0171k\u00f6dtet a pesti belv\u00e1rosban a magyar napelemes tet\u0151cser\u00e9p | H\u00f3dszol\u00e1r\",\"isPartOf\":{\"@id\":\"https:\/\/dev.kompaktdesign.hu\/hodszolar.hu\/#website\"},\"datePublished\":\"2021-08-31T11:57:00+00:00\",\"dateModified\":\"2021-08-31T11:57:01+00:00\",\"breadcrumb\":{\"@id\":\"https:\/\/dev.kompaktdesign.hu\/hodszolar.hu\/2021\/08\/31\/kulonleges-uveghazat-mukodtet-a-pesti-belvarosban-a-magyar-napelemes-tetocserep\/#breadcrumb\"},\"inLanguage\":\"hu\",\"potentialAction\":[{\"@type\":\"ReadAction\",\"target\":[\"https:\/\/dev.kompaktdesign.hu\/hodszolar.hu\/2021\/08\/31\/kulonleges-uveghazat-mukodtet-a-pesti-belvarosban-a-magyar-napelemes-tetocserep\/\"]}]},{\"@type\":\"BreadcrumbList\",\"@id\":\"https:\/\/dev.kompaktdesign.hu\/hodszolar.hu\/2021\/08\/31\/kulonleges-uveghazat-mukodtet-a-pesti-belvarosban-a-magyar-napelemes-tetocserep\/#breadcrumb\",\"itemListElement\":[{\"@type\":\"ListItem\",\"position\":1,\"name\":\"Kezd\u0151lap\",\"item\":\"https:\/\/dev.kompaktdesign.hu\/hodszolar.hu\/\"},{\"@type\":\"ListItem\",\"position\":2,\"name\":\"K\u00fcl\u00f6nleges \u00fcvegh\u00e1zat m\u0171k\u00f6dtet a pesti belv\u00e1rosban a magyar napelemes tet\u0151cser\u00e9p\"}]},{\"@type\":\"WebSite\",\"@id\":\"https:\/\/dev.kompaktdesign.hu\/hodszolar.hu\/#website\",\"url\":\"https:\/\/dev.kompaktdesign.hu\/hodszolar.hu\/\",\"name\":\"H\u00f3dszol\u00e1r\",\"description\":\"A v\u00e1s\u00e1rhelyi napelemes\",\"publisher\":{\"@id\":\"https:\/\/dev.kompaktdesign.hu\/hodszolar.hu\/#organization\"},\"potentialAction\":[{\"@type\":\"SearchAction\",\"target\":{\"@type\":\"EntryPoint\",\"urlTemplate\":\"https:\/\/dev.kompaktdesign.hu\/hodszolar.hu\/?s={search_term_string}\"},\"query-input\":\"required name=search_term_string\"}],\"inLanguage\":\"hu\"},{\"@type\":\"Organization\",\"@id\":\"https:\/\/dev.kompaktdesign.hu\/hodszolar.hu\/#organization\",\"name\":\"H\u00f3dszol\u00e1r Kft.\",\"url\":\"https:\/\/dev.kompaktdesign.hu\/hodszolar.hu\/\",\"sameAs\":[\"https:\/\/www.facebook.com\/hodszolar\"],\"logo\":{\"@type\":\"ImageObject\",\"inLanguage\":\"hu\",\"@id\":\"https:\/\/dev.kompaktdesign.hu\/hodszolar.hu\/#\/schema\/logo\/image\/\",\"url\":\"https:\/\/dev.kompaktdesign.hu\/hodszolar.hu\/wp-content\/uploads\/2021\/05\/fvicon.png\",\"contentUrl\":\"https:\/\/dev.kompaktdesign.hu\/hodszolar.hu\/wp-content\/uploads\/2021\/05\/fvicon.png\",\"width\":132,\"height\":132,\"caption\":\"H\u00f3dszol\u00e1r Kft.\"},\"image\":{\"@id\":\"https:\/\/dev.kompaktdesign.hu\/hodszolar.hu\/#\/schema\/logo\/image\/\"}},{\"@type\":\"Person\",\"@id\":\"https:\/\/dev.kompaktdesign.hu\/hodszolar.hu\/#\/schema\/person\/a788af940a3d6b2829396312340dd08c\",\"name\":\"H\u00f3dszol\u00e1r Kft.\",\"image\":{\"@type\":\"ImageObject\",\"inLanguage\":\"hu\",\"@id\":\"https:\/\/dev.kompaktdesign.hu\/hodszolar.hu\/#\/schema\/person\/image\/\",\"url\":\"https:\/\/secure.gravatar.com\/avatar\/38df000db6f2e93b7f0ccccf7714392424ca033738d34dfe71f19fdb70329830?s=96&d=mm&r=g\",\"contentUrl\":\"https:\/\/secure.gravatar.com\/avatar\/38df000db6f2e93b7f0ccccf7714392424ca033738d34dfe71f19fdb70329830?s=96&d=mm&r=g\",\"caption\":\"H\u00f3dszol\u00e1r Kft.\"},\"url\":\"https:\/\/dev.kompaktdesign.hu\/hodszolar.hu\/author\/hodszolar\/\"}]}<\/script>\n<!-- \/ Yoast SEO plugin. -->","yoast_head_json":{"title":"K\u00fcl\u00f6nleges \u00fcvegh\u00e1zat m\u0171k\u00f6dtet a pesti belv\u00e1rosban a magyar napelemes tet\u0151cser\u00e9p | H\u00f3dszol\u00e1r","robots":{"index":"noindex","follow":"follow","max-snippet":"max-snippet:-1","max-image-preview":"max-image-preview:large","max-video-preview":"max-video-preview:-1"},"og_locale":"hu_HU","og_type":"article","og_title":"K\u00fcl\u00f6nleges \u00fcvegh\u00e1zat m\u0171k\u00f6dtet a pesti belv\u00e1rosban a magyar napelemes tet\u0151cser\u00e9p | H\u00f3dszol\u00e1r","og_description":"Rendhagy\u00f3 prom\u00f3ci\u00f3 h\u00edvja fel a figyelmet a kl\u00edmav\u00e1ltoz\u00e1sra a budapesti Erzs\u00e9bet t\u00e9ren. P\u00e1r napig m\u00e9g l\u00e1that\u00f3 az Ariston Thermo Hung\u00e1ria Kft. \u00e9s a Terr\u00e1n Tet\u0151cser\u00e9p Gy\u00e1rt\u00f3 Kft. k\u00f6z\u00f6s install\u00e1ci\u00f3ja az Akv\u00e1rium Klub el\u0151tt. Az augusztus 23 \u00e9s szeptember 4. k\u00f6z\u00f6tt fel\u00e1ll\u00edtott \u00fcvegh\u00e1zban k\u00fcl\u00f6nleges h\u0151ig\u00e9ny\u0171, tr\u00f3pusi n\u00f6v\u00e9nyeket helyeztek el, melyeket kiz\u00e1r\u00f3lag meg\u00fajul\u00f3 energia seg\u00edts\u00e9g\u00e9vel tartanak \u00e9letben. [&hellip;]","og_url":"https:\/\/dev.kompaktdesign.hu\/hodszolar.hu\/2021\/08\/31\/kulonleges-uveghazat-mukodtet-a-pesti-belvarosban-a-magyar-napelemes-tetocserep\/","og_site_name":"H\u00f3dszol\u00e1r","article_publisher":"https:\/\/www.facebook.com\/hodszolar","article_published_time":"2021-08-31T11:57:00+00:00","article_modified_time":"2021-08-31T11:57:01+00:00","og_image":[{"width":605,"height":402,"url":"https:\/\/dev.kompaktdesign.hu\/hodszolar.hu\/wp-content\/uploads\/2021\/08\/kep-5.png","type":"image\/png"}],"author":"H\u00f3dszol\u00e1r Kft.","twitter_card":"summary_large_image","twitter_misc":{"Szerz\u0151:":"H\u00f3dszol\u00e1r Kft.","Becs\u00fclt olvas\u00e1si id\u0151":"3 perc"},"schema":{"@context":"https:\/\/schema.org","@graph":[{"@type":"Article","@id":"https:\/\/dev.kompaktdesign.hu\/hodszolar.hu\/2021\/08\/31\/kulonleges-uveghazat-mukodtet-a-pesti-belvarosban-a-magyar-napelemes-tetocserep\/#article","isPartOf":{"@id":"https:\/\/dev.kompaktdesign.hu\/hodszolar.hu\/2021\/08\/31\/kulonleges-uveghazat-mukodtet-a-pesti-belvarosban-a-magyar-napelemes-tetocserep\/"},"author":{"name":"H\u00f3dszol\u00e1r Kft.","@id":"https:\/\/dev.kompaktdesign.hu\/hodszolar.hu\/#\/schema\/person\/a788af940a3d6b2829396312340dd08c"},"headline":"K\u00fcl\u00f6nleges \u00fcvegh\u00e1zat m\u0171k\u00f6dtet a pesti belv\u00e1rosban a magyar napelemes tet\u0151cser\u00e9p","datePublished":"2021-08-31T11:57:00+00:00","dateModified":"2021-08-31T11:57:01+00:00","mainEntityOfPage":{"@id":"https:\/\/dev.kompaktdesign.hu\/hodszolar.hu\/2021\/08\/31\/kulonleges-uveghazat-mukodtet-a-pesti-belvarosban-a-magyar-napelemes-tetocserep\/"},"wordCount":677,"commentCount":0,"publisher":{"@id":"https:\/\/dev.kompaktdesign.hu\/hodszolar.hu\/#organization"},"articleSection":["Egy\u00e9b kateg\u00f3ria"],"inLanguage":"hu","potentialAction":[{"@type":"CommentAction","name":"Comment","target":["https:\/\/dev.kompaktdesign.hu\/hodszolar.hu\/2021\/08\/31\/kulonleges-uveghazat-mukodtet-a-pesti-belvarosban-a-magyar-napelemes-tetocserep\/#respond"]}]},{"@type":"WebPage","@id":"https:\/\/dev.kompaktdesign.hu\/hodszolar.hu\/2021\/08\/31\/kulonleges-uveghazat-mukodtet-a-pesti-belvarosban-a-magyar-napelemes-tetocserep\/","url":"https:\/\/dev.kompaktdesign.hu\/hodszolar.hu\/2021\/08\/31\/kulonleges-uveghazat-mukodtet-a-pesti-belvarosban-a-magyar-napelemes-tetocserep\/","name":"K\u00fcl\u00f6nleges \u00fcvegh\u00e1zat m\u0171k\u00f6dtet a pesti belv\u00e1rosban a magyar napelemes tet\u0151cser\u00e9p | H\u00f3dszol\u00e1r","isPartOf":{"@id":"https:\/\/dev.kompaktdesign.hu\/hodszolar.hu\/#website"},"datePublished":"2021-08-31T11:57:00+00:00","dateModified":"2021-08-31T11:57:01+00:00","breadcrumb":{"@id":"https:\/\/dev.kompaktdesign.hu\/hodszolar.hu\/2021\/08\/31\/kulonleges-uveghazat-mukodtet-a-pesti-belvarosban-a-magyar-napelemes-tetocserep\/#breadcrumb"},"inLanguage":"hu","potentialAction":[{"@type":"ReadAction","target":["https:\/\/dev.kompaktdesign.hu\/hodszolar.hu\/2021\/08\/31\/kulonleges-uveghazat-mukodtet-a-pesti-belvarosban-a-magyar-napelemes-tetocserep\/"]}]},{"@type":"BreadcrumbList","@id":"https:\/\/dev.kompaktdesign.hu\/hodszolar.hu\/2021\/08\/31\/kulonleges-uveghazat-mukodtet-a-pesti-belvarosban-a-magyar-napelemes-tetocserep\/#breadcrumb","itemListElement":[{"@type":"ListItem","position":1,"name":"Kezd\u0151lap","item":"https:\/\/dev.kompaktdesign.hu\/hodszolar.hu\/"},{"@type":"ListItem","position":2,"name":"K\u00fcl\u00f6nleges \u00fcvegh\u00e1zat m\u0171k\u00f6dtet a pesti belv\u00e1rosban a magyar napelemes tet\u0151cser\u00e9p"}]},{"@type":"WebSite","@id":"https:\/\/dev.kompaktdesign.hu\/hodszolar.hu\/#website","url":"https:\/\/dev.kompaktdesign.hu\/hodszolar.hu\/","name":"H\u00f3dszol\u00e1r","description":"A v\u00e1s\u00e1rhelyi napelemes","publisher":{"@id":"https:\/\/dev.kompaktdesign.hu\/hodszolar.hu\/#organization"},"potentialAction":[{"@type":"SearchAction","target":{"@type":"EntryPoint","urlTemplate":"https:\/\/dev.kompaktdesign.hu\/hodszolar.hu\/?s={search_term_string}"},"query-input":"required name=search_term_string"}],"inLanguage":"hu"},{"@type":"Organization","@id":"https:\/\/dev.kompaktdesign.hu\/hodszolar.hu\/#organization","name":"H\u00f3dszol\u00e1r Kft.","url":"https:\/\/dev.kompaktdesign.hu\/hodszolar.hu\/","sameAs":["https:\/\/www.facebook.com\/hodszolar"],"logo":{"@type":"ImageObject","inLanguage":"hu","@id":"https:\/\/dev.kompaktdesign.hu\/hodszolar.hu\/#\/schema\/logo\/image\/","url":"https:\/\/dev.kompaktdesign.hu\/hodszolar.hu\/wp-content\/uploads\/2021\/05\/fvicon.png","contentUrl":"https:\/\/dev.kompaktdesign.hu\/hodszolar.hu\/wp-content\/uploads\/2021\/05\/fvicon.png","width":132,"height":132,"caption":"H\u00f3dszol\u00e1r Kft."},"image":{"@id":"https:\/\/dev.kompaktdesign.hu\/hodszolar.hu\/#\/schema\/logo\/image\/"}},{"@type":"Person","@id":"https:\/\/dev.kompaktdesign.hu\/hodszolar.hu\/#\/schema\/person\/a788af940a3d6b2829396312340dd08c","name":"H\u00f3dszol\u00e1r Kft.","image":{"@type":"ImageObject","inLanguage":"hu","@id":"https:\/\/dev.kompaktdesign.hu\/hodszolar.hu\/#\/schema\/person\/image\/","url":"https:\/\/secure.gravatar.com\/avatar\/38df000db6f2e93b7f0ccccf7714392424ca033738d34dfe71f19fdb70329830?s=96&d=mm&r=g","contentUrl":"https:\/\/secure.gravatar.com\/avatar\/38df000db6f2e93b7f0ccccf7714392424ca033738d34dfe71f19fdb70329830?s=96&d=mm&r=g","caption":"H\u00f3dszol\u00e1r Kft."},"url":"https:\/\/dev.kompaktdesign.hu\/hodszolar.hu\/author\/hodszolar\/"}]}},"_links":{"self":[{"href":"https:\/\/dev.kompaktdesign.hu\/hodszolar.hu\/wp-json\/wp\/v2\/posts\/547","targetHints":{"allow":["GET"]}}],"collection":[{"href":"https:\/\/dev.kompaktdesign.hu\/hodszolar.hu\/wp-json\/wp\/v2\/posts"}],"about":[{"href":"https:\/\/dev.kompaktdesign.hu\/hodszolar.hu\/wp-json\/wp\/v2\/types\/post"}],"author":[{"embeddable":true,"href":"https:\/\/dev.kompaktdesign.hu\/hodszolar.hu\/wp-json\/wp\/v2\/users\/3"}],"replies":[{"embeddable":true,"href":"https:\/\/dev.kompaktdesign.hu\/hodszolar.hu\/wp-json\/wp\/v2\/comments?post=547"}],"version-history":[{"count":1,"href":"https:\/\/dev.kompaktdesign.hu\/hodszolar.hu\/wp-json\/wp\/v2\/posts\/547\/revisions"}],"predecessor-version":[{"id":550,"href":"https:\/\/dev.kompaktdesign.hu\/hodszolar.hu\/wp-json\/wp\/v2\/posts\/547\/revisions\/550"}],"wp:featuredmedia":[{"embeddable":true,"href":"https:\/\/dev.kompaktdesign.hu\/hodszolar.hu\/wp-json\/wp\/v2\/media\/548"}],"wp:attachment":[{"href":"https:\/\/dev.kompaktdesign.hu\/hodszolar.hu\/wp-json\/wp\/v2\/media?parent=547"}],"wp:term":[{"taxonomy":"category","embeddable":true,"href":"https:\/\/dev.kompaktdesign.hu\/hodszolar.hu\/wp-json\/wp\/v2\/categories?post=547"},{"taxonomy":"post_tag","embeddable":true,"href":"https:\/\/dev.kompaktdesign.hu\/hodszolar.hu\/wp-json\/wp\/v2\/tags?post=547"}],"curies":[{"name":"wp","href":"https:\/\/api.w.org\/{rel}","templated":true}]}}