{"id":553,"date":"2021-08-31T12:25:15","date_gmt":"2021-08-31T12:25:15","guid":{"rendered":"https:\/\/hodszolar.hu\/?p=553"},"modified":"2021-08-31T12:25:16","modified_gmt":"2021-08-31T12:25:16","slug":"megjelentek-a-reszletek-a-100-os-lakossagi-tamogatasrol","status":"publish","type":"post","link":"https:\/\/dev.kompaktdesign.hu\/hodszolar.hu\/2021\/08\/31\/megjelentek-a-reszletek-a-100-os-lakossagi-tamogatasrol\/","title":{"rendered":"Megjelentek a r\u00e9szletek a 100%-os lakoss\u00e1gi t\u00e1mogat\u00e1sr\u00f3l"},"content":{"rendered":"\n<p>K\u00f6zz\u00e9tett\u00e9k a lakoss\u00e1gnak sz\u00f3l\u00f3 hatalmas uni\u00f3s napelemes p\u00e1ly\u00e1zat tervezet\u00e9t, amelyet k\u00e9t h\u00e9tig b\u00e1rki v\u00e9lem\u00e9nyezhet, \u0151szt\u0151l pedig meg is ny\u00edlik. A tervezetb\u0151l kider\u00fcl, hogy h\u00e1romf\u00e9le konkr\u00e9t beruh\u00e1z\u00e1si c\u00e9lra \u00f6sszesen 3-11,5 milli\u00f3 forint k\u00f6z\u00f6tti, 100%-ban vissza nem t\u00e9r\u00edtend\u0151 t\u00e1mogat\u00e1st nyerhetnek el az orsz\u00e1gos \u00e1tlagj\u00f6vedelemn\u00e9l kevesebbet keres\u0151 h\u00e1ztart\u00e1sok \u00e9s \u00f6ner\u0151 nem sz\u00fcks\u00e9ges a p\u00e1ly\u00e1zat megval\u00f3s\u00edt\u00e1s\u00e1hoz. Megy\u00e9nk\u00e9nt lehet majd p\u00e1ly\u00e1zni 4 szakaszban, leghamarabb v\u00e1rhat\u00f3an november 15-t\u0151l. Mindezt a magyar Helyre\u00e1ll\u00edt\u00e1si \u00e9s Ellen\u00e1ll\u00f3k\u00e9pess\u00e9gi Terv keret\u00e9ben tervezi megval\u00f3s\u00edtani a korm\u00e1ny, hogy ak\u00e1r 35 ezer h\u00e1ztart\u00e1s energiahat\u00e9kony ingatlanban tudjon \u00e9lni \u00e9s \u00edgy n\u00f6vekedjen az \u0151 k\u00f6r\u00fckben az ellen\u00e1ll\u00f3 k\u00e9pess\u00e9g a j\u00f6vedelmi, energia\u00e1rakbeli \u00e9s \u00e9ghajlati v\u00e1ltoz\u00e1sokkal szemben.<\/p>\n\n\n\n<figure class=\"wp-block-image is-resized\"><img loading=\"lazy\" decoding=\"async\" src=\"https:\/\/aussiehybridsolar.com.au\/wp-content\/uploads\/2019\/07\/home_solar_system_family_small.jpg\" alt=\"Solar Power Systems Installers since 2009 - Aussie Hybrid Solar\" width=\"839\" height=\"539\"\/><\/figure>\n\n\n\n<p><strong>Mi ez az \u00faj p\u00e1ly\u00e1zat?<\/strong><\/p>\n\n\n\n<p>A m\u00e1jusban Br\u00fcsszelbe kik\u00fcld\u00f6tt magyar Helyre\u00e1ll\u00edt\u00e1si \u00e9s Ellen\u00e1ll\u00f3k\u00e9pess\u00e9gi Terv (HET) kapcs\u00e1n azt jelezte a korm\u00e1ny, hogy legk\u00e9s\u0151bb j\u00falius v\u00e9g\u00e9ig tervezi meghirdetni a lakoss\u00e1gnak sz\u00f3l\u00f3 nagy napelemes p\u00e1ly\u00e1zatot, most teh\u00e1t kis cs\u00fasz\u00e1ssal ennek az els\u0151 konkr\u00e9t l\u00e9p\u00e9se t\u00f6rt\u00e9nt meg. Azt\u00e1n v\u00e1rhat\u00f3an november 15-t\u0151l majd megy\u00e9nk\u00e9nt elt\u00e9r\u0151 id\u0151pontokban be is adhatj\u00e1k a jogosultak a t\u00e1mogat\u00e1si k\u00e9relm\u00fcket n\u00e9gy p\u00e1ly\u00e1zati szakaszban.<\/p>\n\n\n\n<p>A gyermekv\u00e9delmi t\u00f6rv\u00e9ny k\u00f6r\u00fcli vit\u00e1k miatt egyel\u0151re az Eur\u00f3pai Bizotts\u00e1g nem fogadta el a magyar HET-et, <strong>szeptember v\u00e9g\u00e9ig meghosszabb\u00edtott\u00e1k a t\u00e1rgyal\u00e1sokat r\u00f3la<\/strong>, de benne van a pakliban, hogy v\u00e9g\u00fcl a terv elfogad\u00e1sa \u00e1tcs\u00faszik a 2022 tavaszi v\u00e1laszt\u00e1sok ut\u00e1nra. A korm\u00e1ny azonban min\u00e9l hamarabb szeretn\u00e9 elkezdeni a HET-ben v\u00e1zolt sokf\u00e9le int\u00e9zked\u00e9s megval\u00f3s\u00edt\u00e1s\u00e1t, ak\u00e1r tiszt\u00e1n a magyar k\u00f6lts\u00e9gvet\u00e9s kock\u00e1zat\u00e1ra is, \u00e9s ennek jegy\u00e9ben fontos kom\u00e1nyhat\u00e1rozatok sz\u00fclettek. Mindezek ment\u00e9n tette most k\u00f6zz\u00e9 a napelemes p\u00e1ly\u00e1zat t\u00e1rsadalmi egyeztet\u00e9si verzi\u00f3j\u00e1t is a korm\u00e1ny.<\/p>\n\n\n\n<p>Ennek kapcs\u00e1n ma azt jelentette be Steiner Attila, az Innov\u00e1ci\u00f3s \u00e9s Technol\u00f3giai Miniszt\u00e9rium (ITM) k\u00f6rforg\u00e1sos gazdas\u00e1g fejleszt\u00e9s\u00e9\u00e9rt, energia- \u00e9s kl\u00edmapolitik\u00e1\u00e9rt felel\u0151s \u00e1llamtitk\u00e1ra egy h\u00e9tf\u0151i budapesti sajt\u00f3t\u00e1j\u00e9koztat\u00f3n az MTI tud\u00f3s\u00edt\u00e1sa szerint, hogy <strong>szeptember 12-\u00e9ig lehet v\u00e9lem\u00e9nyezni a lakoss\u00e1gi napelemes \u00e9s f\u0171t\u00e9si rendszerek t\u00e1mogat\u00e1s\u00e1r\u00f3l sz\u00f3l\u00f3 p\u00e1ly\u00e1zati tervet.<\/strong><\/p>\n\n\n\n<p>Hangs\u00falyozta, hogy <strong>a napelemes \u00e9s f\u0171t\u00e9si rendszerek t\u00e1mogat\u00e1s\u00e1r\u00f3l sz\u00f3l\u00f3 p\u00e1ly\u00e1zat lesz az els\u0151 nagyszab\u00e1s\u00fa, lakoss\u00e1gnak sz\u00f3l\u00f3 kl\u00edmav\u00e9delmi p\u00e1ly\u00e1zat a magyar Helyre\u00e1ll\u00edt\u00e1si Terven (HET) bel\u00fcl.<\/strong> A p\u00e1ly\u00e1zat keret\u00f6sszege t\u00f6bb mint 201 milli\u00e1rd forint \u00e9s sz\u00e1m\u00edt\u00e1sok szerint ez mintegy 35 ezer h\u00e1ztart\u00e1st \u00e9rintene, \u00e9s alapvet\u0151en a csal\u00e1dosokat, \u00e9s az orsz\u00e1gos \u00e1tlagj\u00f6vedelemn\u00e9l kevesebbet keres\u0151 h\u00e1ztart\u00e1sokat c\u00e9lozn\u00e1k meg.<\/p>\n\n\n\n<p>Kiemelte, hogy a jelenleg uni\u00f3s j\u00f3v\u00e1hagy\u00e1sra v\u00e1r\u00f3 magyar HET energia komponens\u00e9n bel\u00fcl az \u00e1tviteli h\u00e1l\u00f3zat meger\u0151s\u00edt\u00e9s\u00e9re 103,734 milli\u00e1rd forintot, a lakoss\u00e1gi napelemes \u00e9s f\u0171t\u00e9si rendszerek t\u00e1mogat\u00e1s\u00e1ra 158,750 milli\u00e1rd forintot sz\u00e1nnak, amit m\u00e9g a nemzeti k\u00f6lts\u00e9gvet\u00e9s 42,864 milli\u00e1rd forinttal kieg\u00e9sz\u00edtene \u00e9s \u00edgy j\u00f6nne ki a fent jelzett 201 milli\u00e1rdos teljes t\u00e1mogat\u00e1si keret a napelemes p\u00e1ly\u00e1zatban.<\/p>\n\n\n\n<p>Hozz\u00e1tette, a p\u00e1ly\u00e1zat eredm\u00e9nyek\u00e9nt azt v\u00e1rj\u00e1k, hogy Magyarorsz\u00e1gon 175 megawatt be\u00e9p\u00edtett \u00faj napelemkapacit\u00e1s l\u00e9tes\u00fclj\u00f6n, ez egynegyed\u00e9vel n\u00f6veln\u00e9 meg a h\u00e1ztart\u00e1si er\u0151m\u0171vek kapacit\u00e1s\u00e1t, <strong>harmad\u00e1val emeln\u00e9 a meg\u00fajul\u00f3 energi\u00e1t termel\u0151k h\u00e1ztart\u00e1sok sz\u00e1m\u00e1t, \u00e9s 50 ezer tonna sz\u00e9n-dioxid-kibocs\u00e1t\u00e1s cs\u00f6kken\u00e9ssel j\u00e1rna.<\/strong><\/p>\n\n\n\n<p><strong>\u00cdme a v\u00e1rhat\u00f3 menetrend<\/strong><\/p>\n\n\n\n<p>Steiner Attila ismertette, hogy <strong>a p\u00e1ly\u00e1zatot n\u00e9gy \u00fctemben hirdetik majd meg r\u00e9gi\u00f3s csoportos\u00edt\u00e1sban<\/strong>, egy hetes cs\u00fasztat\u00e1sban, az els\u0151 \u00fctem 2021 november 15-\u00e9t\u0151l indulna 2021 december k\u00f6zep\u00e9ig, t\u00f6bb mint 100 milli\u00e1rd forint kerettel.<\/p>\n\n\n\n<p>Elmondta, a p\u00e1ly\u00e1zaton 100 %-os vissza nem t\u00e9r\u00edtend\u0151 t\u00e1mogat\u00e1st lehetne kapni, a lebonyol\u00edt\u00f3 az \u00c9MI Nonprofit Kft. lesz.<\/p>\n\n\n\n<p>A p\u00e1ly\u00e1zatot azok adhatj\u00e1k be, ahol az egy f\u0151re jut\u00f3 \u00f6sszevont j\u00f6vedelem \u00e9vi 4 milli\u00f3 850 ezer forint alatt van egy h\u00e1ztart\u00e1son bel\u00fcl, \u00e9s az ingatlan alkalmas napelem telep\u00edt\u00e9s\u00e9re.<\/p>\n\n\n\n<p>A tervek szerint csak napelemes rendszer ki\u00e9p\u00edt\u00e9s\u00e9re brutt\u00f3 2,8 milli\u00f3 forintot, napelemre \u00e9s f\u0171t\u00e9s korszer\u0171s\u00edt\u00e9sre f\u0171t\u0151panellel 9,3 milli\u00f3 forintot, napelemre \u00e9s f\u0171t\u00e9s korszer\u0171s\u00edt\u00e9sre h\u0151szivatty\u00faval 11,55 milli\u00f3 forint t\u00e1mogat\u00e1st kaphat egy p\u00e1ly\u00e1z\u00f3.<\/p>\n\n\n\n<p>Az \u00e1llamtitk\u00e1r kiemelte, hogy a lakoss\u00e1g mellett a kivitelez\u0151knek is megnyitj\u00e1k a konzult\u00e1ci\u00f3t. A <a href=\"https:\/\/napelem.palyazat.gov.hu\/\" target=\"_blank\" rel=\"noreferrer noopener\">napelem.palyazat.gov.hu<\/a> honlapon el\u00e9rhet\u0151 a k\u00e9t felh\u00edv\u00e1si tervezet. A kivitelez\u0151knek el\u0151zetes regisztr\u00e1ci\u00f3ra lesz sz\u00fcks\u00e9g\u00fck, mert csak a regisztr\u00e1lt v\u00e1llalkoz\u00e1sok vehetnek r\u00e9szt a p\u00e1ly\u00e1zat kivitelez\u00e9s\u00e9ben, sz\u00e1mukra a regisztr\u00e1ci\u00f3s id\u0151szak v\u00e1rhat\u00f3an szeptember 20-\u00e1n ny\u00edlik meg.<\/p>\n\n\n\n<p><strong>Az \u00fctemez\u00e9ssel kapcsolatban az \u00e1llamtitk\u00e1r elmondta<\/strong>, hogy szeptember 12-\u00e9ig v\u00e1rj\u00e1k a k\u00e9t p\u00e1ly\u00e1zati felh\u00edv\u00e1ssal kapcsolatos v\u00e9lem\u00e9nyeket, szeptember 20-\u00e1t\u00f3l folyamatosan nyitva \u00e1ll a kivitelez\u0151k el\u0151tt a regisztr\u00e1l\u00e1si lehet\u0151s\u00e9g, 2021. okt\u00f3ber elej\u00e9t\u0151l lehet majd megkezdeni a kapcsolatfelv\u00e9telt a regisztr\u00e1lt kivitelez\u0151vel, november elej\u00e9t\u0151l lehet el\u0151szerz\u0151d\u00e9st k\u00f6tni a kivitelez\u0151kkel, 2021. november 15. \u00e9s j\u00f6v\u0151 \u00e9v febru\u00e1r k\u00f6z\u00f6tt lehet a p\u00e1ly\u00e1zatot beny\u00fajtani. Az egyes r\u00e9gi\u00f3k meghat\u00e1rozott forr\u00e1ssal rendelkeznek majd. V\u00e1rhat\u00f3an 2021. december m\u00e1sodik fel\u00e9ben megindulhat a t\u00e1mogat\u00f3i okiratok kiad\u00e1sa, a kivitelez\u00e9s. A tervek szerint a j\u00f6v\u0151 \u00e9v m\u00e1rcius\u00e1ban nyitj\u00e1k meg a p\u00e1ly\u00e1zat m\u00e1sodik k\u00f6r\u00e9t - tette hozz\u00e1 az \u00e1llamtitk\u00e1r.<\/p>\n\n\n\n<p><strong>B\u00e1rki hozz\u00e1sz\u00f3lhat a tervekhez<\/strong><\/p>\n\n\n\n<p>A t\u00e1j\u00e9koztat\u00f3val p\u00e1rhuzamosan megjelent a hivatalos uni\u00f3s p\u00e1ly\u00e1zati oldal HET aloldal\u00e1n a napelemes p\u00e1ly\u00e1zat lakoss\u00e1gnak \u00e9s kivitelez\u0151knek sz\u00f3l\u00f3 p\u00e1ly\u00e1zat\u00e1nak t\u00e1rsadalmi egyeztet\u00e9sre sz\u00e1nt verzi\u00f3ja. Emellett l\u00e9trehoztak egy <a href=\"https:\/\/napelem.palyazat.gov.hu\/\" target=\"_blank\" rel=\"noreferrer noopener\">napelem.palyazat.gov.hu<\/a> korm\u00e1nyzati aloldalt is, ahol szint\u00e9n mind a k\u00e9tfajta p\u00e1ly\u00e1zati tervezet el\u00e9rhet\u0151.<\/p>\n\n\n\n<p><strong>A felh\u00edv\u00e1s c\u00e9lja<\/strong>, hogy min\u00e9l t\u00f6bb, az orsz\u00e1gos \u00e1tlagj\u00f6vedelemn\u00e9l alacsonyabb j\u00f6vedelm\u0171 csal\u00e1d sz\u00e1m\u00e1ra is el\u00e9rhet\u0151v\u00e9 tegye a meg\u00fajul\u00f3 energia hasznos\u00edt\u00e1s\u00e1t, illetve f\u0171t\u00e9s\u00fck \u00e1talak\u00edt\u00e1s\u00e1t alacsonyabb felhaszn\u00e1l\u00e1s\u00fa, \u00edgy alacsonyabb k\u00e1rosanyag kibocs\u00e1t\u00e1s\u00fa rendszerre.<\/p>\n\n\n\n<p>A ki\u00edr\u00f3k a felh\u00edv\u00e1s v\u00e9glegez\u00e9se sor\u00e1n figyelembe szeretn\u00e9k venni a lakoss\u00e1gi \u00e9s a potenci\u00e1lis kivitelez\u0151i v\u00e9lem\u00e9nyeket, \u00edgy b\u00e1rki hozz\u00e1sz\u00f3lhat m\u00e9g a k\u00e9t tervezethez az itt le\u00edrt felt\u00e9telek ment\u00e9n. A v\u00e9lem\u00e9nyez\u00e9shez regisztr\u00e1lni kell az oldalon.<\/p>\n\n\n\n<p>A lakoss\u00e1gnak sz\u00f3l\u00f3 terv l\u00e9nyege<\/p>\n\n\n\n<p><strong>A lakoss\u00e1gnak sz\u00f3l\u00f3 tervezet itt \u00e9rhet\u0151 el \u00e9s kider\u00fclnek bel\u0151le t\u00f6bbek k\u00f6z\u00f6tt az al\u00e1bbiak:<\/strong><\/p>\n\n\n\n<ul class=\"wp-block-list\"><li><strong>\u00d6ner\u0151 nem sz\u00fcks\u00e9ges<\/strong> a p\u00e1ly\u00e1zat megval\u00f3s\u00edt\u00e1s\u00e1hoz, \u00e9s \u00e1lland\u00f3 lakc\u00edm kell abban az ingatlanban, amelyen a beruh\u00e1z\u00e1s megval\u00f3sul, emellett pedig meg kell felelni a j\u00f6vedelmi el\u0151\u00edr\u00e1snak (l\u00e1sd al\u00e1bb).<\/li><li><strong>T\u00e1mogat\u00e1s 3 m\u0171szaki tartalom egyik\u00e9re ig\u00e9nyelhet\u0151:<\/strong> (1) Tet\u0151szerkezetre helyezett, saj\u00e1t fogyaszt\u00e1s kiv\u00e1lt\u00e1s\u00e1t c\u00e9lz\u00f3 napelemes rendszer l\u00e9tes\u00edt\u00e9se VAGY (2a) Napelemes rendszer telep\u00edt\u00e9se, ny\u00edl\u00e1sz\u00e1r\u00f3k cser\u00e9je, t\u00e1rol\u00f3kapacit\u00e1s l\u00e9tes\u00edt\u00e9se \u00e9s f\u0171t\u00e9si rendszer korszer\u0171s\u00edt\u00e9se infra- vagy f\u0171t\u0151panelekkel VAGY (2b) Napelemes rendszer telep\u00edt\u00e9se, ny\u00edl\u00e1sz\u00e1r\u00f3k cser\u00e9je, t\u00e1rol\u00f3kapacit\u00e1s l\u00e9tes\u00edt\u00e9se \u00e9s f\u0171t\u00e9si rendszer korszer\u0171s\u00edt\u00e9se h\u0151szivatty\u00faval<\/li><li><strong>P\u00e1ly\u00e1z\u00f3k k\u00f6re:<\/strong> a beruh\u00e1z\u00e1ssal \u00e9rintett ingatlanban (r\u00e9sz)tulajdonjoggal rendelkez\u0151, a 2020. \u00e9vben j\u00f6vedelemmel rendelkez\u0151 (jelen p\u00e1ly\u00e1zati felh\u00edv\u00e1s szempontj\u00e1b\u00f3l a nyugd\u00edj is j\u00f6vedelemnek min\u0151s\u00fcl) mag\u00e1nszem\u00e9lyek 2020. \u00e9vi, a szem\u00e9lyi j\u00f6vedelemad\u00f3 bevall\u00e1s szerinti \u00f6sszevont j\u00f6vedelm\u00fck egy f\u0151re jut\u00f3 \u00f6sszege 0 \u00e9s 4.850.000 forint k\u00f6z\u00e9 essen.<\/li><li><strong>A kii\u00edr\u00e1s konkr\u00e9tan r\u00f6gz\u00edti is a j\u00f6vedelem kisz\u00e1m\u00edt\u00e1si k\u00e9pletet:<\/strong> a sz\u00e1ml\u00e1l\u00f3ba ez ker\u00fcl: \"beruh\u00e1z\u00e1ssal \u00e9rintett ingatlanban \u00e1lland\u00f3 lakc\u00edmmel rendelkez\u0151 szem\u00e9lyek 2020. \u00e9vi, a szem\u00e9lyi j\u00f6vedelemad\u00f3 bevall\u00e1s szerinti \u00f6sszevont j\u00f6vedelme\", a nevez\u0151be pedig ez: \"beruh\u00e1z\u00e1ssal \u00e9rintett ingatlanban \u00e1lland\u00f3 lakc\u00edmmel rendelkez\u0151 szem\u00e9lyek sz\u00e1ma (j\u00f6vedelemmel nem rendelkez\u0151, eltartott szem\u00e9lyeket is ide\u00e9rtve)\" \u00e9s az oszt\u00e1ssal kapott \u00f6sszeg legfeljebb 4 milli\u00f3 850 ezer forintot \u00e9rhet el. Ez teh\u00e1t azt jelenti, hogy ha p\u00e9ld\u00e1ul egy k\u00e9tkeres\u0151s h\u00e1ztart\u00e1sban az egyik f\u00e9l az \u00e1tlagn\u00e1l jobban keres, m\u00edg a m\u00e1sik f\u00e9l keveset, akkor a kett\u0151j\u00fck egy\u00fcttes j\u00f6vedelm\u00e9nek \u00e1tlag\u00e1t kell figyelembe venni a 4,85 milli\u00f3s korl\u00e1tn\u00e1l \u00e9s ha kiskor\u00fa gyermekek is laknak az ingatlanban, akkor az egy f\u0151re jut\u00f3 \u00e1tlag m\u00e9g alacsonyabb.<\/li><li>Vissza nem t\u00e9r\u00edtend\u0151 t\u00e1mogat\u00e1s ig\u00e9nyelhet\u0151, ahol a t\u00e1mogat\u00e1s intenzit\u00e1sa: 100%.<\/li><li>Elnyerhet\u0151 t\u00e1mogat\u00e1s legfeljebb az (1) eset\u00e9n brutt\u00f3 2.896.108 Ft, (2a) eset\u00e9n brutt\u00f3 9.368.464 forint, (2b) eset\u00e9n brutt\u00f3 11.559.214 Ft<\/li><li>T\u00e1mogat\u00e1sban v\u00e1rhat\u00f3an 34.920 csal\u00e1d r\u00e9szes\u00fcl.<\/li><li>P\u00e1ly\u00e1zatokat 4 \u00fctemben, megy\u00e9nk\u00e9nt elt\u00e9r\u0151 bead\u00e1si id\u0151pontokkal, de r\u00f6gz\u00edtett megyei t\u00e1mogat\u00e1si keretre lehet beny\u00fajtani. Az els\u0151 bead\u00e1s v\u00e1rhat\u00f3an 2021. november 15-\u00e9t\u0151l kezd\u0151dik megy\u00e9nk\u00e9nt \u00fctemezetten.<\/li><li>A beruh\u00e1z\u00e1s csak a Kivitelez\u0151i list\u00e1r\u00f3l v\u00e1lasztott, szerz\u0151d\u00f6tt kivitelez\u0151vel val\u00f3s\u00edthat\u00f3 meg.<\/li><\/ul>\n\n\n\n<p><em>Tov\u00e1bbi r\u00e9szletek hamarosan.<\/em><\/p>\n\n\n\n<p>Forr\u00e1s: portfolio.hu<\/p>\n","protected":false},"excerpt":{"rendered":"<p>K\u00f6zz\u00e9tett\u00e9k a lakoss\u00e1gnak sz\u00f3l\u00f3 hatalmas uni\u00f3s napelemes p\u00e1ly\u00e1zat tervezet\u00e9t, amelyet k\u00e9t h\u00e9tig b\u00e1rki v\u00e9lem\u00e9nyezhet, \u0151szt\u0151l pedig meg is ny\u00edlik. A tervezetb\u0151l kider\u00fcl, hogy h\u00e1romf\u00e9le konkr\u00e9t beruh\u00e1z\u00e1si c\u00e9lra \u00f6sszesen 3-11,5 milli\u00f3 forint k\u00f6z\u00f6tti, 100%-ban vissza nem t\u00e9r\u00edtend\u0151 t\u00e1mogat\u00e1st nyerhetnek el az orsz\u00e1gos \u00e1tlagj\u00f6vedelemn\u00e9l kevesebbet keres\u0151 h\u00e1ztart\u00e1sok \u00e9s \u00f6ner\u0151 nem sz\u00fcks\u00e9ges a p\u00e1ly\u00e1zat megval\u00f3s\u00edt\u00e1s\u00e1hoz. Megy\u00e9nk\u00e9nt lehet majd [&hellip;]<\/p>\n","protected":false},"author":3,"featured_media":554,"comment_status":"open","ping_status":"open","sticky":false,"template":"","format":"standard","meta":{"footnotes":""},"categories":[1],"tags":[],"class_list":["post-553","post","type-post","status-publish","format-standard","has-post-thumbnail","hentry","category-egyeb"],"yoast_head":"<!-- This site is optimized with the Yoast SEO plugin v19.5.1 - https:\/\/yoast.com\/wordpress\/plugins\/seo\/ -->\n<title>Megjelentek a r\u00e9szletek a 100%-os lakoss\u00e1gi t\u00e1mogat\u00e1sr\u00f3l | H\u00f3dszol\u00e1r<\/title>\n<meta name=\"robots\" content=\"noindex, follow, max-snippet:-1, max-image-preview:large, max-video-preview:-1\" \/>\n<meta property=\"og:locale\" content=\"hu_HU\" \/>\n<meta property=\"og:type\" content=\"article\" \/>\n<meta property=\"og:title\" content=\"Megjelentek a r\u00e9szletek a 100%-os lakoss\u00e1gi t\u00e1mogat\u00e1sr\u00f3l | H\u00f3dszol\u00e1r\" \/>\n<meta property=\"og:description\" content=\"K\u00f6zz\u00e9tett\u00e9k a lakoss\u00e1gnak sz\u00f3l\u00f3 hatalmas uni\u00f3s napelemes p\u00e1ly\u00e1zat tervezet\u00e9t, amelyet k\u00e9t h\u00e9tig b\u00e1rki v\u00e9lem\u00e9nyezhet, \u0151szt\u0151l pedig meg is ny\u00edlik. A tervezetb\u0151l kider\u00fcl, hogy h\u00e1romf\u00e9le konkr\u00e9t beruh\u00e1z\u00e1si c\u00e9lra \u00f6sszesen 3-11,5 milli\u00f3 forint k\u00f6z\u00f6tti, 100%-ban vissza nem t\u00e9r\u00edtend\u0151 t\u00e1mogat\u00e1st nyerhetnek el az orsz\u00e1gos \u00e1tlagj\u00f6vedelemn\u00e9l kevesebbet keres\u0151 h\u00e1ztart\u00e1sok \u00e9s \u00f6ner\u0151 nem sz\u00fcks\u00e9ges a p\u00e1ly\u00e1zat megval\u00f3s\u00edt\u00e1s\u00e1hoz. Megy\u00e9nk\u00e9nt lehet majd [&hellip;]\" \/>\n<meta property=\"og:url\" content=\"https:\/\/dev.kompaktdesign.hu\/hodszolar.hu\/2021\/08\/31\/megjelentek-a-reszletek-a-100-os-lakossagi-tamogatasrol\/\" \/>\n<meta property=\"og:site_name\" content=\"H\u00f3dszol\u00e1r\" \/>\n<meta property=\"article:publisher\" content=\"https:\/\/www.facebook.com\/hodszolar\" \/>\n<meta property=\"article:published_time\" content=\"2021-08-31T12:25:15+00:00\" \/>\n<meta property=\"article:modified_time\" content=\"2021-08-31T12:25:16+00:00\" \/>\n<meta property=\"og:image\" content=\"https:\/\/dev.kompaktdesign.hu\/hodszolar.hu\/wp-content\/uploads\/2021\/08\/214670977.jpg\" \/>\n\t<meta property=\"og:image:width\" content=\"640\" \/>\n\t<meta property=\"og:image:height\" content=\"479\" \/>\n\t<meta property=\"og:image:type\" content=\"image\/jpeg\" \/>\n<meta name=\"author\" content=\"H\u00f3dszol\u00e1r Kft.\" \/>\n<meta name=\"twitter:card\" content=\"summary_large_image\" \/>\n<meta name=\"twitter:label1\" content=\"Szerz\u0151:\" \/>\n\t<meta name=\"twitter:data1\" content=\"H\u00f3dszol\u00e1r Kft.\" \/>\n\t<meta name=\"twitter:label2\" content=\"Becs\u00fclt olvas\u00e1si id\u0151\" \/>\n\t<meta name=\"twitter:data2\" content=\"6 perc\" \/>\n<script type=\"application\/ld+json\" class=\"yoast-schema-graph\">{\"@context\":\"https:\/\/schema.org\",\"@graph\":[{\"@type\":\"Article\",\"@id\":\"https:\/\/dev.kompaktdesign.hu\/hodszolar.hu\/2021\/08\/31\/megjelentek-a-reszletek-a-100-os-lakossagi-tamogatasrol\/#article\",\"isPartOf\":{\"@id\":\"https:\/\/dev.kompaktdesign.hu\/hodszolar.hu\/2021\/08\/31\/megjelentek-a-reszletek-a-100-os-lakossagi-tamogatasrol\/\"},\"author\":{\"name\":\"H\u00f3dszol\u00e1r Kft.\",\"@id\":\"https:\/\/dev.kompaktdesign.hu\/hodszolar.hu\/#\/schema\/person\/a788af940a3d6b2829396312340dd08c\"},\"headline\":\"Megjelentek a r\u00e9szletek a 100%-os lakoss\u00e1gi t\u00e1mogat\u00e1sr\u00f3l\",\"datePublished\":\"2021-08-31T12:25:15+00:00\",\"dateModified\":\"2021-08-31T12:25:16+00:00\",\"mainEntityOfPage\":{\"@id\":\"https:\/\/dev.kompaktdesign.hu\/hodszolar.hu\/2021\/08\/31\/megjelentek-a-reszletek-a-100-os-lakossagi-tamogatasrol\/\"},\"wordCount\":1861,\"commentCount\":0,\"publisher\":{\"@id\":\"https:\/\/dev.kompaktdesign.hu\/hodszolar.hu\/#organization\"},\"articleSection\":[\"Egy\u00e9b kateg\u00f3ria\"],\"inLanguage\":\"hu\",\"potentialAction\":[{\"@type\":\"CommentAction\",\"name\":\"Comment\",\"target\":[\"https:\/\/dev.kompaktdesign.hu\/hodszolar.hu\/2021\/08\/31\/megjelentek-a-reszletek-a-100-os-lakossagi-tamogatasrol\/#respond\"]}]},{\"@type\":\"WebPage\",\"@id\":\"https:\/\/dev.kompaktdesign.hu\/hodszolar.hu\/2021\/08\/31\/megjelentek-a-reszletek-a-100-os-lakossagi-tamogatasrol\/\",\"url\":\"https:\/\/dev.kompaktdesign.hu\/hodszolar.hu\/2021\/08\/31\/megjelentek-a-reszletek-a-100-os-lakossagi-tamogatasrol\/\",\"name\":\"Megjelentek a r\u00e9szletek a 100%-os lakoss\u00e1gi t\u00e1mogat\u00e1sr\u00f3l | H\u00f3dszol\u00e1r\",\"isPartOf\":{\"@id\":\"https:\/\/dev.kompaktdesign.hu\/hodszolar.hu\/#website\"},\"datePublished\":\"2021-08-31T12:25:15+00:00\",\"dateModified\":\"2021-08-31T12:25:16+00:00\",\"breadcrumb\":{\"@id\":\"https:\/\/dev.kompaktdesign.hu\/hodszolar.hu\/2021\/08\/31\/megjelentek-a-reszletek-a-100-os-lakossagi-tamogatasrol\/#breadcrumb\"},\"inLanguage\":\"hu\",\"potentialAction\":[{\"@type\":\"ReadAction\",\"target\":[\"https:\/\/dev.kompaktdesign.hu\/hodszolar.hu\/2021\/08\/31\/megjelentek-a-reszletek-a-100-os-lakossagi-tamogatasrol\/\"]}]},{\"@type\":\"BreadcrumbList\",\"@id\":\"https:\/\/dev.kompaktdesign.hu\/hodszolar.hu\/2021\/08\/31\/megjelentek-a-reszletek-a-100-os-lakossagi-tamogatasrol\/#breadcrumb\",\"itemListElement\":[{\"@type\":\"ListItem\",\"position\":1,\"name\":\"Kezd\u0151lap\",\"item\":\"https:\/\/dev.kompaktdesign.hu\/hodszolar.hu\/\"},{\"@type\":\"ListItem\",\"position\":2,\"name\":\"Megjelentek a r\u00e9szletek a 100%-os lakoss\u00e1gi t\u00e1mogat\u00e1sr\u00f3l\"}]},{\"@type\":\"WebSite\",\"@id\":\"https:\/\/dev.kompaktdesign.hu\/hodszolar.hu\/#website\",\"url\":\"https:\/\/dev.kompaktdesign.hu\/hodszolar.hu\/\",\"name\":\"H\u00f3dszol\u00e1r\",\"description\":\"A v\u00e1s\u00e1rhelyi napelemes\",\"publisher\":{\"@id\":\"https:\/\/dev.kompaktdesign.hu\/hodszolar.hu\/#organization\"},\"potentialAction\":[{\"@type\":\"SearchAction\",\"target\":{\"@type\":\"EntryPoint\",\"urlTemplate\":\"https:\/\/dev.kompaktdesign.hu\/hodszolar.hu\/?s={search_term_string}\"},\"query-input\":\"required name=search_term_string\"}],\"inLanguage\":\"hu\"},{\"@type\":\"Organization\",\"@id\":\"https:\/\/dev.kompaktdesign.hu\/hodszolar.hu\/#organization\",\"name\":\"H\u00f3dszol\u00e1r Kft.\",\"url\":\"https:\/\/dev.kompaktdesign.hu\/hodszolar.hu\/\",\"sameAs\":[\"https:\/\/www.facebook.com\/hodszolar\"],\"logo\":{\"@type\":\"ImageObject\",\"inLanguage\":\"hu\",\"@id\":\"https:\/\/dev.kompaktdesign.hu\/hodszolar.hu\/#\/schema\/logo\/image\/\",\"url\":\"https:\/\/dev.kompaktdesign.hu\/hodszolar.hu\/wp-content\/uploads\/2021\/05\/fvicon.png\",\"contentUrl\":\"https:\/\/dev.kompaktdesign.hu\/hodszolar.hu\/wp-content\/uploads\/2021\/05\/fvicon.png\",\"width\":132,\"height\":132,\"caption\":\"H\u00f3dszol\u00e1r Kft.\"},\"image\":{\"@id\":\"https:\/\/dev.kompaktdesign.hu\/hodszolar.hu\/#\/schema\/logo\/image\/\"}},{\"@type\":\"Person\",\"@id\":\"https:\/\/dev.kompaktdesign.hu\/hodszolar.hu\/#\/schema\/person\/a788af940a3d6b2829396312340dd08c\",\"name\":\"H\u00f3dszol\u00e1r Kft.\",\"image\":{\"@type\":\"ImageObject\",\"inLanguage\":\"hu\",\"@id\":\"https:\/\/dev.kompaktdesign.hu\/hodszolar.hu\/#\/schema\/person\/image\/\",\"url\":\"https:\/\/secure.gravatar.com\/avatar\/38df000db6f2e93b7f0ccccf7714392424ca033738d34dfe71f19fdb70329830?s=96&d=mm&r=g\",\"contentUrl\":\"https:\/\/secure.gravatar.com\/avatar\/38df000db6f2e93b7f0ccccf7714392424ca033738d34dfe71f19fdb70329830?s=96&d=mm&r=g\",\"caption\":\"H\u00f3dszol\u00e1r Kft.\"},\"url\":\"https:\/\/dev.kompaktdesign.hu\/hodszolar.hu\/author\/hodszolar\/\"}]}<\/script>\n<!-- \/ Yoast SEO plugin. -->","yoast_head_json":{"title":"Megjelentek a r\u00e9szletek a 100%-os lakoss\u00e1gi t\u00e1mogat\u00e1sr\u00f3l | H\u00f3dszol\u00e1r","robots":{"index":"noindex","follow":"follow","max-snippet":"max-snippet:-1","max-image-preview":"max-image-preview:large","max-video-preview":"max-video-preview:-1"},"og_locale":"hu_HU","og_type":"article","og_title":"Megjelentek a r\u00e9szletek a 100%-os lakoss\u00e1gi t\u00e1mogat\u00e1sr\u00f3l | H\u00f3dszol\u00e1r","og_description":"K\u00f6zz\u00e9tett\u00e9k a lakoss\u00e1gnak sz\u00f3l\u00f3 hatalmas uni\u00f3s napelemes p\u00e1ly\u00e1zat tervezet\u00e9t, amelyet k\u00e9t h\u00e9tig b\u00e1rki v\u00e9lem\u00e9nyezhet, \u0151szt\u0151l pedig meg is ny\u00edlik. A tervezetb\u0151l kider\u00fcl, hogy h\u00e1romf\u00e9le konkr\u00e9t beruh\u00e1z\u00e1si c\u00e9lra \u00f6sszesen 3-11,5 milli\u00f3 forint k\u00f6z\u00f6tti, 100%-ban vissza nem t\u00e9r\u00edtend\u0151 t\u00e1mogat\u00e1st nyerhetnek el az orsz\u00e1gos \u00e1tlagj\u00f6vedelemn\u00e9l kevesebbet keres\u0151 h\u00e1ztart\u00e1sok \u00e9s \u00f6ner\u0151 nem sz\u00fcks\u00e9ges a p\u00e1ly\u00e1zat megval\u00f3s\u00edt\u00e1s\u00e1hoz. Megy\u00e9nk\u00e9nt lehet majd [&hellip;]","og_url":"https:\/\/dev.kompaktdesign.hu\/hodszolar.hu\/2021\/08\/31\/megjelentek-a-reszletek-a-100-os-lakossagi-tamogatasrol\/","og_site_name":"H\u00f3dszol\u00e1r","article_publisher":"https:\/\/www.facebook.com\/hodszolar","article_published_time":"2021-08-31T12:25:15+00:00","article_modified_time":"2021-08-31T12:25:16+00:00","og_image":[{"width":640,"height":479,"url":"https:\/\/dev.kompaktdesign.hu\/hodszolar.hu\/wp-content\/uploads\/2021\/08\/214670977.jpg","type":"image\/jpeg"}],"author":"H\u00f3dszol\u00e1r Kft.","twitter_card":"summary_large_image","twitter_misc":{"Szerz\u0151:":"H\u00f3dszol\u00e1r Kft.","Becs\u00fclt olvas\u00e1si id\u0151":"6 perc"},"schema":{"@context":"https:\/\/schema.org","@graph":[{"@type":"Article","@id":"https:\/\/dev.kompaktdesign.hu\/hodszolar.hu\/2021\/08\/31\/megjelentek-a-reszletek-a-100-os-lakossagi-tamogatasrol\/#article","isPartOf":{"@id":"https:\/\/dev.kompaktdesign.hu\/hodszolar.hu\/2021\/08\/31\/megjelentek-a-reszletek-a-100-os-lakossagi-tamogatasrol\/"},"author":{"name":"H\u00f3dszol\u00e1r Kft.","@id":"https:\/\/dev.kompaktdesign.hu\/hodszolar.hu\/#\/schema\/person\/a788af940a3d6b2829396312340dd08c"},"headline":"Megjelentek a r\u00e9szletek a 100%-os lakoss\u00e1gi t\u00e1mogat\u00e1sr\u00f3l","datePublished":"2021-08-31T12:25:15+00:00","dateModified":"2021-08-31T12:25:16+00:00","mainEntityOfPage":{"@id":"https:\/\/dev.kompaktdesign.hu\/hodszolar.hu\/2021\/08\/31\/megjelentek-a-reszletek-a-100-os-lakossagi-tamogatasrol\/"},"wordCount":1861,"commentCount":0,"publisher":{"@id":"https:\/\/dev.kompaktdesign.hu\/hodszolar.hu\/#organization"},"articleSection":["Egy\u00e9b kateg\u00f3ria"],"inLanguage":"hu","potentialAction":[{"@type":"CommentAction","name":"Comment","target":["https:\/\/dev.kompaktdesign.hu\/hodszolar.hu\/2021\/08\/31\/megjelentek-a-reszletek-a-100-os-lakossagi-tamogatasrol\/#respond"]}]},{"@type":"WebPage","@id":"https:\/\/dev.kompaktdesign.hu\/hodszolar.hu\/2021\/08\/31\/megjelentek-a-reszletek-a-100-os-lakossagi-tamogatasrol\/","url":"https:\/\/dev.kompaktdesign.hu\/hodszolar.hu\/2021\/08\/31\/megjelentek-a-reszletek-a-100-os-lakossagi-tamogatasrol\/","name":"Megjelentek a r\u00e9szletek a 100%-os lakoss\u00e1gi t\u00e1mogat\u00e1sr\u00f3l | H\u00f3dszol\u00e1r","isPartOf":{"@id":"https:\/\/dev.kompaktdesign.hu\/hodszolar.hu\/#website"},"datePublished":"2021-08-31T12:25:15+00:00","dateModified":"2021-08-31T12:25:16+00:00","breadcrumb":{"@id":"https:\/\/dev.kompaktdesign.hu\/hodszolar.hu\/2021\/08\/31\/megjelentek-a-reszletek-a-100-os-lakossagi-tamogatasrol\/#breadcrumb"},"inLanguage":"hu","potentialAction":[{"@type":"ReadAction","target":["https:\/\/dev.kompaktdesign.hu\/hodszolar.hu\/2021\/08\/31\/megjelentek-a-reszletek-a-100-os-lakossagi-tamogatasrol\/"]}]},{"@type":"BreadcrumbList","@id":"https:\/\/dev.kompaktdesign.hu\/hodszolar.hu\/2021\/08\/31\/megjelentek-a-reszletek-a-100-os-lakossagi-tamogatasrol\/#breadcrumb","itemListElement":[{"@type":"ListItem","position":1,"name":"Kezd\u0151lap","item":"https:\/\/dev.kompaktdesign.hu\/hodszolar.hu\/"},{"@type":"ListItem","position":2,"name":"Megjelentek a r\u00e9szletek a 100%-os lakoss\u00e1gi t\u00e1mogat\u00e1sr\u00f3l"}]},{"@type":"WebSite","@id":"https:\/\/dev.kompaktdesign.hu\/hodszolar.hu\/#website","url":"https:\/\/dev.kompaktdesign.hu\/hodszolar.hu\/","name":"H\u00f3dszol\u00e1r","description":"A v\u00e1s\u00e1rhelyi napelemes","publisher":{"@id":"https:\/\/dev.kompaktdesign.hu\/hodszolar.hu\/#organization"},"potentialAction":[{"@type":"SearchAction","target":{"@type":"EntryPoint","urlTemplate":"https:\/\/dev.kompaktdesign.hu\/hodszolar.hu\/?s={search_term_string}"},"query-input":"required name=search_term_string"}],"inLanguage":"hu"},{"@type":"Organization","@id":"https:\/\/dev.kompaktdesign.hu\/hodszolar.hu\/#organization","name":"H\u00f3dszol\u00e1r Kft.","url":"https:\/\/dev.kompaktdesign.hu\/hodszolar.hu\/","sameAs":["https:\/\/www.facebook.com\/hodszolar"],"logo":{"@type":"ImageObject","inLanguage":"hu","@id":"https:\/\/dev.kompaktdesign.hu\/hodszolar.hu\/#\/schema\/logo\/image\/","url":"https:\/\/dev.kompaktdesign.hu\/hodszolar.hu\/wp-content\/uploads\/2021\/05\/fvicon.png","contentUrl":"https:\/\/dev.kompaktdesign.hu\/hodszolar.hu\/wp-content\/uploads\/2021\/05\/fvicon.png","width":132,"height":132,"caption":"H\u00f3dszol\u00e1r Kft."},"image":{"@id":"https:\/\/dev.kompaktdesign.hu\/hodszolar.hu\/#\/schema\/logo\/image\/"}},{"@type":"Person","@id":"https:\/\/dev.kompaktdesign.hu\/hodszolar.hu\/#\/schema\/person\/a788af940a3d6b2829396312340dd08c","name":"H\u00f3dszol\u00e1r Kft.","image":{"@type":"ImageObject","inLanguage":"hu","@id":"https:\/\/dev.kompaktdesign.hu\/hodszolar.hu\/#\/schema\/person\/image\/","url":"https:\/\/secure.gravatar.com\/avatar\/38df000db6f2e93b7f0ccccf7714392424ca033738d34dfe71f19fdb70329830?s=96&d=mm&r=g","contentUrl":"https:\/\/secure.gravatar.com\/avatar\/38df000db6f2e93b7f0ccccf7714392424ca033738d34dfe71f19fdb70329830?s=96&d=mm&r=g","caption":"H\u00f3dszol\u00e1r Kft."},"url":"https:\/\/dev.kompaktdesign.hu\/hodszolar.hu\/author\/hodszolar\/"}]}},"_links":{"self":[{"href":"https:\/\/dev.kompaktdesign.hu\/hodszolar.hu\/wp-json\/wp\/v2\/posts\/553","targetHints":{"allow":["GET"]}}],"collection":[{"href":"https:\/\/dev.kompaktdesign.hu\/hodszolar.hu\/wp-json\/wp\/v2\/posts"}],"about":[{"href":"https:\/\/dev.kompaktdesign.hu\/hodszolar.hu\/wp-json\/wp\/v2\/types\/post"}],"author":[{"embeddable":true,"href":"https:\/\/dev.kompaktdesign.hu\/hodszolar.hu\/wp-json\/wp\/v2\/users\/3"}],"replies":[{"embeddable":true,"href":"https:\/\/dev.kompaktdesign.hu\/hodszolar.hu\/wp-json\/wp\/v2\/comments?post=553"}],"version-history":[{"count":1,"href":"https:\/\/dev.kompaktdesign.hu\/hodszolar.hu\/wp-json\/wp\/v2\/posts\/553\/revisions"}],"predecessor-version":[{"id":555,"href":"https:\/\/dev.kompaktdesign.hu\/hodszolar.hu\/wp-json\/wp\/v2\/posts\/553\/revisions\/555"}],"wp:featuredmedia":[{"embeddable":true,"href":"https:\/\/dev.kompaktdesign.hu\/hodszolar.hu\/wp-json\/wp\/v2\/media\/554"}],"wp:attachment":[{"href":"https:\/\/dev.kompaktdesign.hu\/hodszolar.hu\/wp-json\/wp\/v2\/media?parent=553"}],"wp:term":[{"taxonomy":"category","embeddable":true,"href":"https:\/\/dev.kompaktdesign.hu\/hodszolar.hu\/wp-json\/wp\/v2\/categories?post=553"},{"taxonomy":"post_tag","embeddable":true,"href":"https:\/\/dev.kompaktdesign.hu\/hodszolar.hu\/wp-json\/wp\/v2\/tags?post=553"}],"curies":[{"name":"wp","href":"https:\/\/api.w.org\/{rel}","templated":true}]}}