{"id":556,"date":"2021-08-31T13:11:41","date_gmt":"2021-08-31T13:11:41","guid":{"rendered":"https:\/\/hodszolar.hu\/?p=556"},"modified":"2021-08-31T13:11:42","modified_gmt":"2021-08-31T13:11:42","slug":"100-os-tamogatas-elmondhatja-velemenyet","status":"publish","type":"post","link":"https:\/\/dev.kompaktdesign.hu\/hodszolar.hu\/2021\/08\/31\/100-os-tamogatas-elmondhatja-velemenyet\/","title":{"rendered":"100%-os t\u00e1mogat\u00e1s: elmondhatja v\u00e9lem\u00e9ny\u00e9t!"},"content":{"rendered":"\n<p>A felh\u00edv\u00e1shoz kapcsol\u00f3d\u00f3 \u00e9szrev\u00e9teleket, javaslatokat 2021.09.12-ig v\u00e1rj\u00e1k a v\u00e9lem\u00e9nyez\u00e9sre kialak\u00edtott partners\u00e9gi f\u00f3rumban. A felh\u00edv\u00e1ssal kapcsolatos \u00e9szrev\u00e9teleket h\u00e1rom k\u00fcl\u00f6nb\u00f6z\u0151 t\u00e9m\u00e1ban teheti meg: <\/p>\n\n\n\n<ol class=\"wp-block-list\"><li>t\u00e1mogat\u00e1s c\u00e9lja \u00e9s h\u00e1ttere<\/li><li>p\u00e1ly\u00e1z\u00f3k k\u00f6re<\/li><li>a jelentkez\u00e9s felt\u00e9telei<\/li><\/ol>\n\n\n\n<p>Amennyiben m\u00e1r kor\u00e1bban regisztr\u00e1lt a <a href=\"https:\/\/palyazat.gov.hu\">palyazat.gov.hu<\/a> oldalon, akkor haszn\u00e1lja a fejl\u00e9cben az <a href=\"https:\/\/sso.fair.gov.hu\/eif\/index.xhtml?r=https:\/\/www.palyazat.gov.hu\/\" target=\"_blank\" rel=\"noreferrer noopener\">Egys\u00e9ges bel\u00e9ptet\u0151 fel\u00fclet bejelentkez\u00e9s<\/a> gombot a bejelentkez\u00e9shez.<\/p>\n\n\n\n<p>Ha m\u00e9g nem rendelkezik regisztr\u00e1ci\u00f3val, <a href=\"https:\/\/sso.fair.gov.hu\/felhasznalokezelo\/regisztracio.xhtml\">regisztr\u00e1ljon<\/a> most!<\/p>\n\n\n\n<figure class=\"wp-block-image size-full\"><img loading=\"lazy\" decoding=\"async\" width=\"1132\" height=\"933\" src=\"https:\/\/dev.kompaktdesign.hu\/hodszolar.hu\/wp-content\/uploads\/2021\/08\/reg.png\" alt=\"\" class=\"wp-image-557\"\/><\/figure>\n\n\n\n<p>Az adatok ment\u00e9se ut\u00e1n egy meger\u0151s\u00edt\u0151 emailt fog kapni, amiben a regisztr\u00e1ci\u00f3 aktiv\u00e1l\u00e1s\u00e1hoz r\u00e1 kell kattintani egy linkre:<\/p>\n\n\n\n<figure class=\"wp-block-image size-full\"><img loading=\"lazy\" decoding=\"async\" width=\"1279\" height=\"353\" src=\"https:\/\/dev.kompaktdesign.hu\/hodszolar.hu\/wp-content\/uploads\/2021\/08\/email.png\" alt=\"\" class=\"wp-image-558\"\/><\/figure>\n\n\n\n<p>A linkre kattint\u00e1st k\u00f6vet\u0151en egy sms-ben kapott k\u00f3dot kell m\u00e9g megadni, hogy l\u00e9trehozzuk fi\u00f3kunkat.<\/p>\n\n\n\n<p>A hozz\u00e1sz\u00f3l\u00e1sokat t\u00e9m\u00e1nk\u00e9nt el lehet olvasni, ak\u00e1r regisztr\u00e1ci\u00f3 n\u00e9lk\u00fcl is.<\/p>\n\n\n\n<p>A Helyre\u00e1ll\u00edt\u00e1si \u00e9s Ellen\u00e1ll\u00f3k\u00e9pess\u00e9gi Terv keret\u00e9ben meghirdet\u00e9sre ker\u00fcl\u0151 P\u00e1ly\u00e1zati Felh\u00edv\u00e1s c\u00e9lja, hogy min\u00e9l t\u00f6bb, az orsz\u00e1gos \u00e1tlagj\u00f6vedelemn\u00e9l alacsonyabb j\u00f6vedelm\u0171 csal\u00e1d sz\u00e1m\u00e1ra is el\u00e9rhet\u0151v\u00e9 tegye a meg\u00fajul\u00f3 energia hasznos\u00edt\u00e1s\u00e1t, illetve f\u0171t\u00e9s\u00fck \u00e1talak\u00edt\u00e1s\u00e1t alacsonyabb felhaszn\u00e1l\u00e1s\u00fa, \u00edgy alacsonyabb k\u00e1rosanyag kibocs\u00e1t\u00e1s\u00fa rendszerre.<\/p>\n\n\n\n<p>A felh\u00edv\u00e1s v\u00e9glegez\u00e9se sor\u00e1n figyelembe szeretn\u00e9k venni a lakoss\u00e1gi \u00e9s a potenci\u00e1lis kivitelez\u0151i v\u00e9lem\u00e9nyeket, melyhez sz\u00e1m\u00edtanak az \u00d6n\u00f6k v\u00e9lem\u00e9ny\u00e9re!<\/p>\n\n\n\n<p>2 felh\u00edv\u00e1s tervezettel kapcsolatos v\u00e9lem\u00e9nyeket v\u00e1rnak: az egyik a lakoss\u00e1gnak sz\u00f3l\u00f3 p\u00e1ly\u00e1zati felh\u00edv\u00e1s, a m\u00e1sik a kivitelez\u00e9sben r\u00e9szt venni k\u00edv\u00e1n\u00f3 v\u00e1llalkoz\u00e1sok regisztr\u00e1ci\u00f3j\u00e1t c\u00e9lozza.<\/p>\n\n\n\n<p>A Partners\u00e9g F\u00f3rum men\u00fcpont haszn\u00e1lat\u00e1val lehet a felh\u00edv\u00e1s tervezeteket v\u00e9lem\u00e9nyezni. A be\u00e9rkez\u0151 v\u00e9lem\u00e9nyek azonnal megjelennek, \u00edgy b\u00e1rki sz\u00e1m\u00e1ra el\u00e9rhet\u0151v\u00e9 v\u00e1lnak a honlap fel\u00fclet\u00e9n.<\/p>\n\n\n\n<p>A Partners\u00e9gi F\u00f3rum haszn\u00e1lat\u00e1hoz a honlapon t\u00f6rt\u00e9n\u0151 regisztr\u00e1ci\u00f3 sz\u00fcks\u00e9ges. Az ott kapott felhaszn\u00e1l\u00f3i n\u00e9vvel \u00e9s jelsz\u00f3val t\u00f6rt\u00e9n\u0151 bel\u00e9p\u00e9s ut\u00e1n van lehet\u0151s\u00e9g a felh\u00edv\u00e1s-tervezetek v\u00e9lem\u00e9nyez\u00e9s\u00e9re.<\/p>\n\n\n\n<p>Felh\u00edvj\u00e1k minden v\u00e9lem\u00e9nyez\u0151 figyelm\u00e9t, hogy az esetleg e-mailen be\u00e9rkez\u0151 \u00e9szrev\u00e9teleket minden esetben el\u00e9rhet\u0151v\u00e9 teszik az adott felh\u00edv\u00e1shoz tartoz\u00f3 f\u00f3rum kapcsol\u00f3d\u00f3 dokumentumai k\u00f6z\u00f6tt, a v\u00e9lem\u00e9nyez\u0151 nev\u00e9nek felt\u00fcntet\u00e9s\u00e9vel.<\/p>\n\n\n\n<p>A Partners\u00e9gi F\u00f3rum haszn\u00e1latakor kiz\u00e1r\u00f3lag a t\u00e1rsadalmi egyeztet\u00e9sre bocs\u00e1tott dokumentumokkal kapcsolatos \u00e9szrev\u00e9telek megfogalmaz\u00e1s\u00e1ra van lehet\u0151s\u00e9g, a v\u00e9lem\u00e9nyez\u0151 rekl\u00e1moz\u00e1si c\u00e9llal t\u00f6rt\u00e9n\u0151 bemutat\u00e1sa nem megengedett. Az ilyen jelleg\u0171 bejegyz\u00e9seket azonnal t\u00f6rlik.<\/p>\n","protected":false},"excerpt":{"rendered":"<p>A felh\u00edv\u00e1shoz kapcsol\u00f3d\u00f3 \u00e9szrev\u00e9teleket, javaslatokat 2021.09.12-ig v\u00e1rj\u00e1k a v\u00e9lem\u00e9nyez\u00e9sre kialak\u00edtott partners\u00e9gi f\u00f3rumban. A felh\u00edv\u00e1ssal kapcsolatos \u00e9szrev\u00e9teleket h\u00e1rom k\u00fcl\u00f6nb\u00f6z\u0151 t\u00e9m\u00e1ban teheti meg: t\u00e1mogat\u00e1s c\u00e9lja \u00e9s h\u00e1ttere p\u00e1ly\u00e1z\u00f3k k\u00f6re a jelentkez\u00e9s felt\u00e9telei Amennyiben m\u00e1r kor\u00e1bban regisztr\u00e1lt a palyazat.gov.hu oldalon, akkor haszn\u00e1lja a fejl\u00e9cben az Egys\u00e9ges bel\u00e9ptet\u0151 fel\u00fclet bejelentkez\u00e9s gombot a bejelentkez\u00e9shez. Ha m\u00e9g nem rendelkezik regisztr\u00e1ci\u00f3val, regisztr\u00e1ljon [&hellip;]<\/p>\n","protected":false},"author":3,"featured_media":559,"comment_status":"open","ping_status":"open","sticky":false,"template":"","format":"standard","meta":{"footnotes":""},"categories":[1],"tags":[],"class_list":["post-556","post","type-post","status-publish","format-standard","has-post-thumbnail","hentry","category-egyeb"],"yoast_head":"<!-- This site is optimized with the Yoast SEO plugin v19.5.1 - https:\/\/yoast.com\/wordpress\/plugins\/seo\/ -->\n<title>100%-os t\u00e1mogat\u00e1s: elmondhatja v\u00e9lem\u00e9ny\u00e9t! | H\u00f3dszol\u00e1r<\/title>\n<meta name=\"robots\" content=\"noindex, follow, max-snippet:-1, max-image-preview:large, max-video-preview:-1\" \/>\n<meta property=\"og:locale\" content=\"hu_HU\" \/>\n<meta property=\"og:type\" content=\"article\" \/>\n<meta property=\"og:title\" content=\"100%-os t\u00e1mogat\u00e1s: elmondhatja v\u00e9lem\u00e9ny\u00e9t! | H\u00f3dszol\u00e1r\" \/>\n<meta property=\"og:description\" content=\"A felh\u00edv\u00e1shoz kapcsol\u00f3d\u00f3 \u00e9szrev\u00e9teleket, javaslatokat 2021.09.12-ig v\u00e1rj\u00e1k a v\u00e9lem\u00e9nyez\u00e9sre kialak\u00edtott partners\u00e9gi f\u00f3rumban. A felh\u00edv\u00e1ssal kapcsolatos \u00e9szrev\u00e9teleket h\u00e1rom k\u00fcl\u00f6nb\u00f6z\u0151 t\u00e9m\u00e1ban teheti meg: t\u00e1mogat\u00e1s c\u00e9lja \u00e9s h\u00e1ttere p\u00e1ly\u00e1z\u00f3k k\u00f6re a jelentkez\u00e9s felt\u00e9telei Amennyiben m\u00e1r kor\u00e1bban regisztr\u00e1lt a palyazat.gov.hu oldalon, akkor haszn\u00e1lja a fejl\u00e9cben az Egys\u00e9ges bel\u00e9ptet\u0151 fel\u00fclet bejelentkez\u00e9s gombot a bejelentkez\u00e9shez. Ha m\u00e9g nem rendelkezik regisztr\u00e1ci\u00f3val, regisztr\u00e1ljon [&hellip;]\" \/>\n<meta property=\"og:url\" content=\"https:\/\/dev.kompaktdesign.hu\/hodszolar.hu\/2021\/08\/31\/100-os-tamogatas-elmondhatja-velemenyet\/\" \/>\n<meta property=\"og:site_name\" content=\"H\u00f3dszol\u00e1r\" \/>\n<meta property=\"article:publisher\" content=\"https:\/\/www.facebook.com\/hodszolar\" \/>\n<meta property=\"article:published_time\" content=\"2021-08-31T13:11:41+00:00\" \/>\n<meta property=\"article:modified_time\" content=\"2021-08-31T13:11:42+00:00\" \/>\n<meta property=\"og:image\" content=\"https:\/\/dev.kompaktdesign.hu\/hodszolar.hu\/wp-content\/uploads\/2021\/08\/star_rating__w676__h416__.jpg\" \/>\n\t<meta property=\"og:image:width\" content=\"660\" \/>\n\t<meta property=\"og:image:height\" content=\"345\" \/>\n\t<meta property=\"og:image:type\" content=\"image\/jpeg\" \/>\n<meta name=\"author\" content=\"H\u00f3dszol\u00e1r Kft.\" \/>\n<meta name=\"twitter:card\" content=\"summary_large_image\" \/>\n<meta name=\"twitter:label1\" content=\"Szerz\u0151:\" \/>\n\t<meta name=\"twitter:data1\" content=\"H\u00f3dszol\u00e1r Kft.\" \/>\n\t<meta name=\"twitter:label2\" content=\"Becs\u00fclt olvas\u00e1si id\u0151\" \/>\n\t<meta name=\"twitter:data2\" content=\"2 perc\" \/>\n<script type=\"application\/ld+json\" class=\"yoast-schema-graph\">{\"@context\":\"https:\/\/schema.org\",\"@graph\":[{\"@type\":\"Article\",\"@id\":\"https:\/\/dev.kompaktdesign.hu\/hodszolar.hu\/2021\/08\/31\/100-os-tamogatas-elmondhatja-velemenyet\/#article\",\"isPartOf\":{\"@id\":\"https:\/\/dev.kompaktdesign.hu\/hodszolar.hu\/2021\/08\/31\/100-os-tamogatas-elmondhatja-velemenyet\/\"},\"author\":{\"name\":\"H\u00f3dszol\u00e1r Kft.\",\"@id\":\"https:\/\/dev.kompaktdesign.hu\/hodszolar.hu\/#\/schema\/person\/a788af940a3d6b2829396312340dd08c\"},\"headline\":\"100%-os t\u00e1mogat\u00e1s: elmondhatja v\u00e9lem\u00e9ny\u00e9t!\",\"datePublished\":\"2021-08-31T13:11:41+00:00\",\"dateModified\":\"2021-08-31T13:11:42+00:00\",\"mainEntityOfPage\":{\"@id\":\"https:\/\/dev.kompaktdesign.hu\/hodszolar.hu\/2021\/08\/31\/100-os-tamogatas-elmondhatja-velemenyet\/\"},\"wordCount\":528,\"commentCount\":0,\"publisher\":{\"@id\":\"https:\/\/dev.kompaktdesign.hu\/hodszolar.hu\/#organization\"},\"articleSection\":[\"Egy\u00e9b kateg\u00f3ria\"],\"inLanguage\":\"hu\",\"potentialAction\":[{\"@type\":\"CommentAction\",\"name\":\"Comment\",\"target\":[\"https:\/\/dev.kompaktdesign.hu\/hodszolar.hu\/2021\/08\/31\/100-os-tamogatas-elmondhatja-velemenyet\/#respond\"]}]},{\"@type\":\"WebPage\",\"@id\":\"https:\/\/dev.kompaktdesign.hu\/hodszolar.hu\/2021\/08\/31\/100-os-tamogatas-elmondhatja-velemenyet\/\",\"url\":\"https:\/\/dev.kompaktdesign.hu\/hodszolar.hu\/2021\/08\/31\/100-os-tamogatas-elmondhatja-velemenyet\/\",\"name\":\"100%-os t\u00e1mogat\u00e1s: elmondhatja v\u00e9lem\u00e9ny\u00e9t! | H\u00f3dszol\u00e1r\",\"isPartOf\":{\"@id\":\"https:\/\/dev.kompaktdesign.hu\/hodszolar.hu\/#website\"},\"datePublished\":\"2021-08-31T13:11:41+00:00\",\"dateModified\":\"2021-08-31T13:11:42+00:00\",\"breadcrumb\":{\"@id\":\"https:\/\/dev.kompaktdesign.hu\/hodszolar.hu\/2021\/08\/31\/100-os-tamogatas-elmondhatja-velemenyet\/#breadcrumb\"},\"inLanguage\":\"hu\",\"potentialAction\":[{\"@type\":\"ReadAction\",\"target\":[\"https:\/\/dev.kompaktdesign.hu\/hodszolar.hu\/2021\/08\/31\/100-os-tamogatas-elmondhatja-velemenyet\/\"]}]},{\"@type\":\"BreadcrumbList\",\"@id\":\"https:\/\/dev.kompaktdesign.hu\/hodszolar.hu\/2021\/08\/31\/100-os-tamogatas-elmondhatja-velemenyet\/#breadcrumb\",\"itemListElement\":[{\"@type\":\"ListItem\",\"position\":1,\"name\":\"Kezd\u0151lap\",\"item\":\"https:\/\/dev.kompaktdesign.hu\/hodszolar.hu\/\"},{\"@type\":\"ListItem\",\"position\":2,\"name\":\"100%-os t\u00e1mogat\u00e1s: elmondhatja v\u00e9lem\u00e9ny\u00e9t!\"}]},{\"@type\":\"WebSite\",\"@id\":\"https:\/\/dev.kompaktdesign.hu\/hodszolar.hu\/#website\",\"url\":\"https:\/\/dev.kompaktdesign.hu\/hodszolar.hu\/\",\"name\":\"H\u00f3dszol\u00e1r\",\"description\":\"A v\u00e1s\u00e1rhelyi napelemes\",\"publisher\":{\"@id\":\"https:\/\/dev.kompaktdesign.hu\/hodszolar.hu\/#organization\"},\"potentialAction\":[{\"@type\":\"SearchAction\",\"target\":{\"@type\":\"EntryPoint\",\"urlTemplate\":\"https:\/\/dev.kompaktdesign.hu\/hodszolar.hu\/?s={search_term_string}\"},\"query-input\":\"required name=search_term_string\"}],\"inLanguage\":\"hu\"},{\"@type\":\"Organization\",\"@id\":\"https:\/\/dev.kompaktdesign.hu\/hodszolar.hu\/#organization\",\"name\":\"H\u00f3dszol\u00e1r Kft.\",\"url\":\"https:\/\/dev.kompaktdesign.hu\/hodszolar.hu\/\",\"sameAs\":[\"https:\/\/www.facebook.com\/hodszolar\"],\"logo\":{\"@type\":\"ImageObject\",\"inLanguage\":\"hu\",\"@id\":\"https:\/\/dev.kompaktdesign.hu\/hodszolar.hu\/#\/schema\/logo\/image\/\",\"url\":\"https:\/\/dev.kompaktdesign.hu\/hodszolar.hu\/wp-content\/uploads\/2021\/05\/fvicon.png\",\"contentUrl\":\"https:\/\/dev.kompaktdesign.hu\/hodszolar.hu\/wp-content\/uploads\/2021\/05\/fvicon.png\",\"width\":132,\"height\":132,\"caption\":\"H\u00f3dszol\u00e1r Kft.\"},\"image\":{\"@id\":\"https:\/\/dev.kompaktdesign.hu\/hodszolar.hu\/#\/schema\/logo\/image\/\"}},{\"@type\":\"Person\",\"@id\":\"https:\/\/dev.kompaktdesign.hu\/hodszolar.hu\/#\/schema\/person\/a788af940a3d6b2829396312340dd08c\",\"name\":\"H\u00f3dszol\u00e1r Kft.\",\"image\":{\"@type\":\"ImageObject\",\"inLanguage\":\"hu\",\"@id\":\"https:\/\/dev.kompaktdesign.hu\/hodszolar.hu\/#\/schema\/person\/image\/\",\"url\":\"https:\/\/secure.gravatar.com\/avatar\/38df000db6f2e93b7f0ccccf7714392424ca033738d34dfe71f19fdb70329830?s=96&d=mm&r=g\",\"contentUrl\":\"https:\/\/secure.gravatar.com\/avatar\/38df000db6f2e93b7f0ccccf7714392424ca033738d34dfe71f19fdb70329830?s=96&d=mm&r=g\",\"caption\":\"H\u00f3dszol\u00e1r Kft.\"},\"url\":\"https:\/\/dev.kompaktdesign.hu\/hodszolar.hu\/author\/hodszolar\/\"}]}<\/script>\n<!-- \/ Yoast SEO plugin. -->","yoast_head_json":{"title":"100%-os t\u00e1mogat\u00e1s: elmondhatja v\u00e9lem\u00e9ny\u00e9t! | H\u00f3dszol\u00e1r","robots":{"index":"noindex","follow":"follow","max-snippet":"max-snippet:-1","max-image-preview":"max-image-preview:large","max-video-preview":"max-video-preview:-1"},"og_locale":"hu_HU","og_type":"article","og_title":"100%-os t\u00e1mogat\u00e1s: elmondhatja v\u00e9lem\u00e9ny\u00e9t! | H\u00f3dszol\u00e1r","og_description":"A felh\u00edv\u00e1shoz kapcsol\u00f3d\u00f3 \u00e9szrev\u00e9teleket, javaslatokat 2021.09.12-ig v\u00e1rj\u00e1k a v\u00e9lem\u00e9nyez\u00e9sre kialak\u00edtott partners\u00e9gi f\u00f3rumban. A felh\u00edv\u00e1ssal kapcsolatos \u00e9szrev\u00e9teleket h\u00e1rom k\u00fcl\u00f6nb\u00f6z\u0151 t\u00e9m\u00e1ban teheti meg: t\u00e1mogat\u00e1s c\u00e9lja \u00e9s h\u00e1ttere p\u00e1ly\u00e1z\u00f3k k\u00f6re a jelentkez\u00e9s felt\u00e9telei Amennyiben m\u00e1r kor\u00e1bban regisztr\u00e1lt a palyazat.gov.hu oldalon, akkor haszn\u00e1lja a fejl\u00e9cben az Egys\u00e9ges bel\u00e9ptet\u0151 fel\u00fclet bejelentkez\u00e9s gombot a bejelentkez\u00e9shez. Ha m\u00e9g nem rendelkezik regisztr\u00e1ci\u00f3val, regisztr\u00e1ljon [&hellip;]","og_url":"https:\/\/dev.kompaktdesign.hu\/hodszolar.hu\/2021\/08\/31\/100-os-tamogatas-elmondhatja-velemenyet\/","og_site_name":"H\u00f3dszol\u00e1r","article_publisher":"https:\/\/www.facebook.com\/hodszolar","article_published_time":"2021-08-31T13:11:41+00:00","article_modified_time":"2021-08-31T13:11:42+00:00","og_image":[{"width":660,"height":345,"url":"https:\/\/dev.kompaktdesign.hu\/hodszolar.hu\/wp-content\/uploads\/2021\/08\/star_rating__w676__h416__.jpg","type":"image\/jpeg"}],"author":"H\u00f3dszol\u00e1r Kft.","twitter_card":"summary_large_image","twitter_misc":{"Szerz\u0151:":"H\u00f3dszol\u00e1r Kft.","Becs\u00fclt olvas\u00e1si id\u0151":"2 perc"},"schema":{"@context":"https:\/\/schema.org","@graph":[{"@type":"Article","@id":"https:\/\/dev.kompaktdesign.hu\/hodszolar.hu\/2021\/08\/31\/100-os-tamogatas-elmondhatja-velemenyet\/#article","isPartOf":{"@id":"https:\/\/dev.kompaktdesign.hu\/hodszolar.hu\/2021\/08\/31\/100-os-tamogatas-elmondhatja-velemenyet\/"},"author":{"name":"H\u00f3dszol\u00e1r Kft.","@id":"https:\/\/dev.kompaktdesign.hu\/hodszolar.hu\/#\/schema\/person\/a788af940a3d6b2829396312340dd08c"},"headline":"100%-os t\u00e1mogat\u00e1s: elmondhatja v\u00e9lem\u00e9ny\u00e9t!","datePublished":"2021-08-31T13:11:41+00:00","dateModified":"2021-08-31T13:11:42+00:00","mainEntityOfPage":{"@id":"https:\/\/dev.kompaktdesign.hu\/hodszolar.hu\/2021\/08\/31\/100-os-tamogatas-elmondhatja-velemenyet\/"},"wordCount":528,"commentCount":0,"publisher":{"@id":"https:\/\/dev.kompaktdesign.hu\/hodszolar.hu\/#organization"},"articleSection":["Egy\u00e9b kateg\u00f3ria"],"inLanguage":"hu","potentialAction":[{"@type":"CommentAction","name":"Comment","target":["https:\/\/dev.kompaktdesign.hu\/hodszolar.hu\/2021\/08\/31\/100-os-tamogatas-elmondhatja-velemenyet\/#respond"]}]},{"@type":"WebPage","@id":"https:\/\/dev.kompaktdesign.hu\/hodszolar.hu\/2021\/08\/31\/100-os-tamogatas-elmondhatja-velemenyet\/","url":"https:\/\/dev.kompaktdesign.hu\/hodszolar.hu\/2021\/08\/31\/100-os-tamogatas-elmondhatja-velemenyet\/","name":"100%-os t\u00e1mogat\u00e1s: elmondhatja v\u00e9lem\u00e9ny\u00e9t! | H\u00f3dszol\u00e1r","isPartOf":{"@id":"https:\/\/dev.kompaktdesign.hu\/hodszolar.hu\/#website"},"datePublished":"2021-08-31T13:11:41+00:00","dateModified":"2021-08-31T13:11:42+00:00","breadcrumb":{"@id":"https:\/\/dev.kompaktdesign.hu\/hodszolar.hu\/2021\/08\/31\/100-os-tamogatas-elmondhatja-velemenyet\/#breadcrumb"},"inLanguage":"hu","potentialAction":[{"@type":"ReadAction","target":["https:\/\/dev.kompaktdesign.hu\/hodszolar.hu\/2021\/08\/31\/100-os-tamogatas-elmondhatja-velemenyet\/"]}]},{"@type":"BreadcrumbList","@id":"https:\/\/dev.kompaktdesign.hu\/hodszolar.hu\/2021\/08\/31\/100-os-tamogatas-elmondhatja-velemenyet\/#breadcrumb","itemListElement":[{"@type":"ListItem","position":1,"name":"Kezd\u0151lap","item":"https:\/\/dev.kompaktdesign.hu\/hodszolar.hu\/"},{"@type":"ListItem","position":2,"name":"100%-os t\u00e1mogat\u00e1s: elmondhatja v\u00e9lem\u00e9ny\u00e9t!"}]},{"@type":"WebSite","@id":"https:\/\/dev.kompaktdesign.hu\/hodszolar.hu\/#website","url":"https:\/\/dev.kompaktdesign.hu\/hodszolar.hu\/","name":"H\u00f3dszol\u00e1r","description":"A v\u00e1s\u00e1rhelyi napelemes","publisher":{"@id":"https:\/\/dev.kompaktdesign.hu\/hodszolar.hu\/#organization"},"potentialAction":[{"@type":"SearchAction","target":{"@type":"EntryPoint","urlTemplate":"https:\/\/dev.kompaktdesign.hu\/hodszolar.hu\/?s={search_term_string}"},"query-input":"required name=search_term_string"}],"inLanguage":"hu"},{"@type":"Organization","@id":"https:\/\/dev.kompaktdesign.hu\/hodszolar.hu\/#organization","name":"H\u00f3dszol\u00e1r Kft.","url":"https:\/\/dev.kompaktdesign.hu\/hodszolar.hu\/","sameAs":["https:\/\/www.facebook.com\/hodszolar"],"logo":{"@type":"ImageObject","inLanguage":"hu","@id":"https:\/\/dev.kompaktdesign.hu\/hodszolar.hu\/#\/schema\/logo\/image\/","url":"https:\/\/dev.kompaktdesign.hu\/hodszolar.hu\/wp-content\/uploads\/2021\/05\/fvicon.png","contentUrl":"https:\/\/dev.kompaktdesign.hu\/hodszolar.hu\/wp-content\/uploads\/2021\/05\/fvicon.png","width":132,"height":132,"caption":"H\u00f3dszol\u00e1r Kft."},"image":{"@id":"https:\/\/dev.kompaktdesign.hu\/hodszolar.hu\/#\/schema\/logo\/image\/"}},{"@type":"Person","@id":"https:\/\/dev.kompaktdesign.hu\/hodszolar.hu\/#\/schema\/person\/a788af940a3d6b2829396312340dd08c","name":"H\u00f3dszol\u00e1r Kft.","image":{"@type":"ImageObject","inLanguage":"hu","@id":"https:\/\/dev.kompaktdesign.hu\/hodszolar.hu\/#\/schema\/person\/image\/","url":"https:\/\/secure.gravatar.com\/avatar\/38df000db6f2e93b7f0ccccf7714392424ca033738d34dfe71f19fdb70329830?s=96&d=mm&r=g","contentUrl":"https:\/\/secure.gravatar.com\/avatar\/38df000db6f2e93b7f0ccccf7714392424ca033738d34dfe71f19fdb70329830?s=96&d=mm&r=g","caption":"H\u00f3dszol\u00e1r Kft."},"url":"https:\/\/dev.kompaktdesign.hu\/hodszolar.hu\/author\/hodszolar\/"}]}},"_links":{"self":[{"href":"https:\/\/dev.kompaktdesign.hu\/hodszolar.hu\/wp-json\/wp\/v2\/posts\/556","targetHints":{"allow":["GET"]}}],"collection":[{"href":"https:\/\/dev.kompaktdesign.hu\/hodszolar.hu\/wp-json\/wp\/v2\/posts"}],"about":[{"href":"https:\/\/dev.kompaktdesign.hu\/hodszolar.hu\/wp-json\/wp\/v2\/types\/post"}],"author":[{"embeddable":true,"href":"https:\/\/dev.kompaktdesign.hu\/hodszolar.hu\/wp-json\/wp\/v2\/users\/3"}],"replies":[{"embeddable":true,"href":"https:\/\/dev.kompaktdesign.hu\/hodszolar.hu\/wp-json\/wp\/v2\/comments?post=556"}],"version-history":[{"count":1,"href":"https:\/\/dev.kompaktdesign.hu\/hodszolar.hu\/wp-json\/wp\/v2\/posts\/556\/revisions"}],"predecessor-version":[{"id":560,"href":"https:\/\/dev.kompaktdesign.hu\/hodszolar.hu\/wp-json\/wp\/v2\/posts\/556\/revisions\/560"}],"wp:featuredmedia":[{"embeddable":true,"href":"https:\/\/dev.kompaktdesign.hu\/hodszolar.hu\/wp-json\/wp\/v2\/media\/559"}],"wp:attachment":[{"href":"https:\/\/dev.kompaktdesign.hu\/hodszolar.hu\/wp-json\/wp\/v2\/media?parent=556"}],"wp:term":[{"taxonomy":"category","embeddable":true,"href":"https:\/\/dev.kompaktdesign.hu\/hodszolar.hu\/wp-json\/wp\/v2\/categories?post=556"},{"taxonomy":"post_tag","embeddable":true,"href":"https:\/\/dev.kompaktdesign.hu\/hodszolar.hu\/wp-json\/wp\/v2\/tags?post=556"}],"curies":[{"name":"wp","href":"https:\/\/api.w.org\/{rel}","templated":true}]}}