{"id":561,"date":"2021-09-01T07:25:26","date_gmt":"2021-09-01T07:25:26","guid":{"rendered":"https:\/\/hodszolar.hu\/?p=561"},"modified":"2021-09-01T07:26:39","modified_gmt":"2021-09-01T07:26:39","slug":"soha-nem-fogyasztottak-meg-annyi-aramot-a-magyarok-mint-iden-sorra-dolnek-a-rekordok","status":"publish","type":"post","link":"https:\/\/dev.kompaktdesign.hu\/hodszolar.hu\/2021\/09\/01\/soha-nem-fogyasztottak-meg-annyi-aramot-a-magyarok-mint-iden-sorra-dolnek-a-rekordok\/","title":{"rendered":"Soha nem fogyasztottak m\u00e9g annyi \u00e1ramot a magyarok, mint id\u00e9n \u2013 Sorra d\u0151lnek a rekordok"},"content":{"rendered":"\n<p><strong>J\u00faliusban ism\u00e9t rekord mennyis\u00e9g\u0171 villamos energi\u00e1t haszn\u00e1lt fel Magyarorsz\u00e1g, nagyr\u00e9szt a zsin\u00f3rban t\u00e1mad\u00f3 h\u0151hull\u00e1mok, illetve a l\u00e9gkondicion\u00e1l\u00f3k \u00e1ltal gener\u00e1lt extra ig\u00e9ny miatt. 2021-ben eddig csak janu\u00e1rban \u00e9s m\u00e1jusban nem d\u0151lt meg a havi rekord, az \u00e9v els\u0151 h\u00e9t h\u00f3napj\u00e1ban pedig kor\u00e1bban soha nem fogyott m\u00e9g annyi \u00e1ram, mint id\u00e9n.<\/strong><\/p>\n\n\n\n<p>J\u00faliusban a teljes hazai brutt\u00f3 villamosenergia-felhaszn\u00e1l\u00e1s 3979,8 GWh volt, 7,5 sz\u00e1zal\u00e9kkal magasabb az egy \u00e9vvel kor\u00e1bbin\u00e1l, \u00e9s k\u00f6zel 6 sz\u00e1zal\u00e9kkal az eddigi rekordot tart\u00f3 2019 j\u00faliusin\u00e1l is \u2013 der\u00fcl ki az \u00e1tviteli rendszerir\u00e1ny\u00edt\u00f3 Mavir adataib\u00f3l. Ez igen jelent\u0151s n\u00f6veked\u00e9snek sz\u00e1m\u00edt.<\/p>\n\n\n\n<figure class=\"wp-block-image size-full is-resized\"><img loading=\"lazy\" decoding=\"async\" src=\"https:\/\/dev.kompaktdesign.hu\/hodszolar.hu\/wp-content\/uploads\/2021\/09\/kep.png\" alt=\"\" class=\"wp-image-562\" width=\"841\" height=\"459\"\/><\/figure>\n\n\n\n<p>A napi fogyaszt\u00e1si cs\u00facsok, vagyis a rendszerterhel\u00e9s alakul\u00e1sa szint\u00e9n szeml\u00e9letesen mutatja meg az ig\u00e9nyek megugr\u00e1s\u00e1t az egy \u00e9vvel kor\u00e1bbi j\u00faliushoz k\u00e9pest.<\/p>\n\n\n\n<p>Miut\u00e1n 2021 els\u0151 h\u00e9t h\u00f3napj\u00e1b\u00f3l csak kett\u0151ben nem d\u0151lt meg a havi fogyaszt\u00e1si rekord, \u00edgy szinte egy\u00e9rtelm\u0171, hogy az \u00e9v eddig eltelt id\u0151szak\u00e1ban \u00f6sszess\u00e9g\u00e9ben is olyan nagy volt a felhaszn\u00e1l\u00e1s, mint kor\u00e1bban soha. A tavalyi hasonl\u00f3 id\u0151szakin\u00e1l k\u00f6zel 6, de a 2019-es rekord \u00e9v els\u0151 h\u00e9thavi \u00e9rt\u00e9k\u00e9n\u00e9l is j\u00f3 2,5 sz\u00e1zal\u00e9kkal magasabb eddig az idei hazai \u00e1ramfogyaszt\u00e1s. A Mavir t\u00edz\u00e9ves h\u00e1l\u00f3zatfejleszt\u00e9si terv\u00e9ben szerepl\u0151 k\u00fcl\u00f6nb\u00f6z\u0151 el\u0151rejelz\u00e9sek szerint a (nett\u00f3) magyar \u00e1ramfogyaszt\u00e1s 2030-ig k\u00f6r\u00fclbel\u00fcl 5-17 sz\u00e1zal\u00e9kkal b\u0151v\u00fclhet a 2019-eshez k\u00e9pest.<\/p>\n\n\n\n<p>Forr\u00e1s\/b\u0151vebben: <a href=\"https:\/\/www.portfolio.hu\/gazdasag\/20210822\/soha-nem-fogyasztottak-meg-annyi-aramot-a-magyarok-mint-iden-sorra-dolnek-a-rekordok-497192\">portfolio.hu<\/a><\/p>\n","protected":false},"excerpt":{"rendered":"<p>J\u00faliusban ism\u00e9t rekord mennyis\u00e9g\u0171 villamos energi\u00e1t haszn\u00e1lt fel Magyarorsz\u00e1g, nagyr\u00e9szt a zsin\u00f3rban t\u00e1mad\u00f3 h\u0151hull\u00e1mok, illetve a l\u00e9gkondicion\u00e1l\u00f3k \u00e1ltal gener\u00e1lt extra ig\u00e9ny miatt. 2021-ben eddig csak janu\u00e1rban \u00e9s m\u00e1jusban nem d\u0151lt meg a havi rekord, az \u00e9v els\u0151 h\u00e9t h\u00f3napj\u00e1ban pedig kor\u00e1bban soha nem fogyott m\u00e9g annyi \u00e1ram, mint id\u00e9n. J\u00faliusban a teljes hazai brutt\u00f3 villamosenergia-felhaszn\u00e1l\u00e1s [&hellip;]<\/p>\n","protected":false},"author":3,"featured_media":563,"comment_status":"open","ping_status":"open","sticky":false,"template":"","format":"standard","meta":{"footnotes":""},"categories":[1],"tags":[],"class_list":["post-561","post","type-post","status-publish","format-standard","has-post-thumbnail","hentry","category-egyeb"],"yoast_head":"<!-- This site is optimized with the Yoast SEO plugin v19.5.1 - https:\/\/yoast.com\/wordpress\/plugins\/seo\/ -->\n<title>Soha nem fogyasztottak m\u00e9g annyi \u00e1ramot a magyarok, mint id\u00e9n \u2013 Sorra d\u0151lnek a rekordok | H\u00f3dszol\u00e1r<\/title>\n<meta name=\"robots\" content=\"noindex, follow, max-snippet:-1, max-image-preview:large, max-video-preview:-1\" \/>\n<meta property=\"og:locale\" content=\"hu_HU\" \/>\n<meta property=\"og:type\" content=\"article\" \/>\n<meta property=\"og:title\" content=\"Soha nem fogyasztottak m\u00e9g annyi \u00e1ramot a magyarok, mint id\u00e9n \u2013 Sorra d\u0151lnek a rekordok | H\u00f3dszol\u00e1r\" \/>\n<meta property=\"og:description\" content=\"J\u00faliusban ism\u00e9t rekord mennyis\u00e9g\u0171 villamos energi\u00e1t haszn\u00e1lt fel Magyarorsz\u00e1g, nagyr\u00e9szt a zsin\u00f3rban t\u00e1mad\u00f3 h\u0151hull\u00e1mok, illetve a l\u00e9gkondicion\u00e1l\u00f3k \u00e1ltal gener\u00e1lt extra ig\u00e9ny miatt. 2021-ben eddig csak janu\u00e1rban \u00e9s m\u00e1jusban nem d\u0151lt meg a havi rekord, az \u00e9v els\u0151 h\u00e9t h\u00f3napj\u00e1ban pedig kor\u00e1bban soha nem fogyott m\u00e9g annyi \u00e1ram, mint id\u00e9n. J\u00faliusban a teljes hazai brutt\u00f3 villamosenergia-felhaszn\u00e1l\u00e1s [&hellip;]\" \/>\n<meta property=\"og:url\" content=\"https:\/\/dev.kompaktdesign.hu\/hodszolar.hu\/2021\/09\/01\/soha-nem-fogyasztottak-meg-annyi-aramot-a-magyarok-mint-iden-sorra-dolnek-a-rekordok\/\" \/>\n<meta property=\"og:site_name\" content=\"H\u00f3dszol\u00e1r\" \/>\n<meta property=\"article:publisher\" content=\"https:\/\/www.facebook.com\/hodszolar\" \/>\n<meta property=\"article:published_time\" content=\"2021-09-01T07:25:26+00:00\" \/>\n<meta property=\"article:modified_time\" content=\"2021-09-01T07:26:39+00:00\" \/>\n<meta property=\"og:image\" content=\"https:\/\/dev.kompaktdesign.hu\/hodszolar.hu\/wp-content\/uploads\/2021\/09\/1557655493-CnoRVi178_md.jpg\" \/>\n\t<meta property=\"og:image:width\" content=\"960\" \/>\n\t<meta property=\"og:image:height\" content=\"540\" \/>\n\t<meta property=\"og:image:type\" content=\"image\/jpeg\" \/>\n<meta name=\"author\" content=\"H\u00f3dszol\u00e1r Kft.\" \/>\n<meta name=\"twitter:card\" content=\"summary_large_image\" \/>\n<meta name=\"twitter:label1\" content=\"Szerz\u0151:\" \/>\n\t<meta name=\"twitter:data1\" content=\"H\u00f3dszol\u00e1r Kft.\" \/>\n\t<meta name=\"twitter:label2\" content=\"Becs\u00fclt olvas\u00e1si id\u0151\" \/>\n\t<meta name=\"twitter:data2\" content=\"2 perc\" \/>\n<script type=\"application\/ld+json\" class=\"yoast-schema-graph\">{\"@context\":\"https:\/\/schema.org\",\"@graph\":[{\"@type\":\"Article\",\"@id\":\"https:\/\/dev.kompaktdesign.hu\/hodszolar.hu\/2021\/09\/01\/soha-nem-fogyasztottak-meg-annyi-aramot-a-magyarok-mint-iden-sorra-dolnek-a-rekordok\/#article\",\"isPartOf\":{\"@id\":\"https:\/\/dev.kompaktdesign.hu\/hodszolar.hu\/2021\/09\/01\/soha-nem-fogyasztottak-meg-annyi-aramot-a-magyarok-mint-iden-sorra-dolnek-a-rekordok\/\"},\"author\":{\"name\":\"H\u00f3dszol\u00e1r Kft.\",\"@id\":\"https:\/\/dev.kompaktdesign.hu\/hodszolar.hu\/#\/schema\/person\/a788af940a3d6b2829396312340dd08c\"},\"headline\":\"Soha nem fogyasztottak m\u00e9g annyi \u00e1ramot a magyarok, mint id\u00e9n \u2013 Sorra d\u0151lnek a rekordok\",\"datePublished\":\"2021-09-01T07:25:26+00:00\",\"dateModified\":\"2021-09-01T07:26:39+00:00\",\"mainEntityOfPage\":{\"@id\":\"https:\/\/dev.kompaktdesign.hu\/hodszolar.hu\/2021\/09\/01\/soha-nem-fogyasztottak-meg-annyi-aramot-a-magyarok-mint-iden-sorra-dolnek-a-rekordok\/\"},\"wordCount\":307,\"commentCount\":0,\"publisher\":{\"@id\":\"https:\/\/dev.kompaktdesign.hu\/hodszolar.hu\/#organization\"},\"articleSection\":[\"Egy\u00e9b kateg\u00f3ria\"],\"inLanguage\":\"hu\",\"potentialAction\":[{\"@type\":\"CommentAction\",\"name\":\"Comment\",\"target\":[\"https:\/\/dev.kompaktdesign.hu\/hodszolar.hu\/2021\/09\/01\/soha-nem-fogyasztottak-meg-annyi-aramot-a-magyarok-mint-iden-sorra-dolnek-a-rekordok\/#respond\"]}]},{\"@type\":\"WebPage\",\"@id\":\"https:\/\/dev.kompaktdesign.hu\/hodszolar.hu\/2021\/09\/01\/soha-nem-fogyasztottak-meg-annyi-aramot-a-magyarok-mint-iden-sorra-dolnek-a-rekordok\/\",\"url\":\"https:\/\/dev.kompaktdesign.hu\/hodszolar.hu\/2021\/09\/01\/soha-nem-fogyasztottak-meg-annyi-aramot-a-magyarok-mint-iden-sorra-dolnek-a-rekordok\/\",\"name\":\"Soha nem fogyasztottak m\u00e9g annyi \u00e1ramot a magyarok, mint id\u00e9n \u2013 Sorra d\u0151lnek a rekordok | H\u00f3dszol\u00e1r\",\"isPartOf\":{\"@id\":\"https:\/\/dev.kompaktdesign.hu\/hodszolar.hu\/#website\"},\"datePublished\":\"2021-09-01T07:25:26+00:00\",\"dateModified\":\"2021-09-01T07:26:39+00:00\",\"breadcrumb\":{\"@id\":\"https:\/\/dev.kompaktdesign.hu\/hodszolar.hu\/2021\/09\/01\/soha-nem-fogyasztottak-meg-annyi-aramot-a-magyarok-mint-iden-sorra-dolnek-a-rekordok\/#breadcrumb\"},\"inLanguage\":\"hu\",\"potentialAction\":[{\"@type\":\"ReadAction\",\"target\":[\"https:\/\/dev.kompaktdesign.hu\/hodszolar.hu\/2021\/09\/01\/soha-nem-fogyasztottak-meg-annyi-aramot-a-magyarok-mint-iden-sorra-dolnek-a-rekordok\/\"]}]},{\"@type\":\"BreadcrumbList\",\"@id\":\"https:\/\/dev.kompaktdesign.hu\/hodszolar.hu\/2021\/09\/01\/soha-nem-fogyasztottak-meg-annyi-aramot-a-magyarok-mint-iden-sorra-dolnek-a-rekordok\/#breadcrumb\",\"itemListElement\":[{\"@type\":\"ListItem\",\"position\":1,\"name\":\"Kezd\u0151lap\",\"item\":\"https:\/\/dev.kompaktdesign.hu\/hodszolar.hu\/\"},{\"@type\":\"ListItem\",\"position\":2,\"name\":\"Soha nem fogyasztottak m\u00e9g annyi \u00e1ramot a magyarok, mint id\u00e9n \u2013 Sorra d\u0151lnek a rekordok\"}]},{\"@type\":\"WebSite\",\"@id\":\"https:\/\/dev.kompaktdesign.hu\/hodszolar.hu\/#website\",\"url\":\"https:\/\/dev.kompaktdesign.hu\/hodszolar.hu\/\",\"name\":\"H\u00f3dszol\u00e1r\",\"description\":\"A v\u00e1s\u00e1rhelyi napelemes\",\"publisher\":{\"@id\":\"https:\/\/dev.kompaktdesign.hu\/hodszolar.hu\/#organization\"},\"potentialAction\":[{\"@type\":\"SearchAction\",\"target\":{\"@type\":\"EntryPoint\",\"urlTemplate\":\"https:\/\/dev.kompaktdesign.hu\/hodszolar.hu\/?s={search_term_string}\"},\"query-input\":\"required name=search_term_string\"}],\"inLanguage\":\"hu\"},{\"@type\":\"Organization\",\"@id\":\"https:\/\/dev.kompaktdesign.hu\/hodszolar.hu\/#organization\",\"name\":\"H\u00f3dszol\u00e1r Kft.\",\"url\":\"https:\/\/dev.kompaktdesign.hu\/hodszolar.hu\/\",\"sameAs\":[\"https:\/\/www.facebook.com\/hodszolar\"],\"logo\":{\"@type\":\"ImageObject\",\"inLanguage\":\"hu\",\"@id\":\"https:\/\/dev.kompaktdesign.hu\/hodszolar.hu\/#\/schema\/logo\/image\/\",\"url\":\"https:\/\/dev.kompaktdesign.hu\/hodszolar.hu\/wp-content\/uploads\/2021\/05\/fvicon.png\",\"contentUrl\":\"https:\/\/dev.kompaktdesign.hu\/hodszolar.hu\/wp-content\/uploads\/2021\/05\/fvicon.png\",\"width\":132,\"height\":132,\"caption\":\"H\u00f3dszol\u00e1r Kft.\"},\"image\":{\"@id\":\"https:\/\/dev.kompaktdesign.hu\/hodszolar.hu\/#\/schema\/logo\/image\/\"}},{\"@type\":\"Person\",\"@id\":\"https:\/\/dev.kompaktdesign.hu\/hodszolar.hu\/#\/schema\/person\/a788af940a3d6b2829396312340dd08c\",\"name\":\"H\u00f3dszol\u00e1r Kft.\",\"image\":{\"@type\":\"ImageObject\",\"inLanguage\":\"hu\",\"@id\":\"https:\/\/dev.kompaktdesign.hu\/hodszolar.hu\/#\/schema\/person\/image\/\",\"url\":\"https:\/\/secure.gravatar.com\/avatar\/38df000db6f2e93b7f0ccccf7714392424ca033738d34dfe71f19fdb70329830?s=96&d=mm&r=g\",\"contentUrl\":\"https:\/\/secure.gravatar.com\/avatar\/38df000db6f2e93b7f0ccccf7714392424ca033738d34dfe71f19fdb70329830?s=96&d=mm&r=g\",\"caption\":\"H\u00f3dszol\u00e1r Kft.\"},\"url\":\"https:\/\/dev.kompaktdesign.hu\/hodszolar.hu\/author\/hodszolar\/\"}]}<\/script>\n<!-- \/ Yoast SEO plugin. -->","yoast_head_json":{"title":"Soha nem fogyasztottak m\u00e9g annyi \u00e1ramot a magyarok, mint id\u00e9n \u2013 Sorra d\u0151lnek a rekordok | H\u00f3dszol\u00e1r","robots":{"index":"noindex","follow":"follow","max-snippet":"max-snippet:-1","max-image-preview":"max-image-preview:large","max-video-preview":"max-video-preview:-1"},"og_locale":"hu_HU","og_type":"article","og_title":"Soha nem fogyasztottak m\u00e9g annyi \u00e1ramot a magyarok, mint id\u00e9n \u2013 Sorra d\u0151lnek a rekordok | H\u00f3dszol\u00e1r","og_description":"J\u00faliusban ism\u00e9t rekord mennyis\u00e9g\u0171 villamos energi\u00e1t haszn\u00e1lt fel Magyarorsz\u00e1g, nagyr\u00e9szt a zsin\u00f3rban t\u00e1mad\u00f3 h\u0151hull\u00e1mok, illetve a l\u00e9gkondicion\u00e1l\u00f3k \u00e1ltal gener\u00e1lt extra ig\u00e9ny miatt. 2021-ben eddig csak janu\u00e1rban \u00e9s m\u00e1jusban nem d\u0151lt meg a havi rekord, az \u00e9v els\u0151 h\u00e9t h\u00f3napj\u00e1ban pedig kor\u00e1bban soha nem fogyott m\u00e9g annyi \u00e1ram, mint id\u00e9n. J\u00faliusban a teljes hazai brutt\u00f3 villamosenergia-felhaszn\u00e1l\u00e1s [&hellip;]","og_url":"https:\/\/dev.kompaktdesign.hu\/hodszolar.hu\/2021\/09\/01\/soha-nem-fogyasztottak-meg-annyi-aramot-a-magyarok-mint-iden-sorra-dolnek-a-rekordok\/","og_site_name":"H\u00f3dszol\u00e1r","article_publisher":"https:\/\/www.facebook.com\/hodszolar","article_published_time":"2021-09-01T07:25:26+00:00","article_modified_time":"2021-09-01T07:26:39+00:00","og_image":[{"width":960,"height":540,"url":"https:\/\/dev.kompaktdesign.hu\/hodszolar.hu\/wp-content\/uploads\/2021\/09\/1557655493-CnoRVi178_md.jpg","type":"image\/jpeg"}],"author":"H\u00f3dszol\u00e1r Kft.","twitter_card":"summary_large_image","twitter_misc":{"Szerz\u0151:":"H\u00f3dszol\u00e1r Kft.","Becs\u00fclt olvas\u00e1si id\u0151":"2 perc"},"schema":{"@context":"https:\/\/schema.org","@graph":[{"@type":"Article","@id":"https:\/\/dev.kompaktdesign.hu\/hodszolar.hu\/2021\/09\/01\/soha-nem-fogyasztottak-meg-annyi-aramot-a-magyarok-mint-iden-sorra-dolnek-a-rekordok\/#article","isPartOf":{"@id":"https:\/\/dev.kompaktdesign.hu\/hodszolar.hu\/2021\/09\/01\/soha-nem-fogyasztottak-meg-annyi-aramot-a-magyarok-mint-iden-sorra-dolnek-a-rekordok\/"},"author":{"name":"H\u00f3dszol\u00e1r Kft.","@id":"https:\/\/dev.kompaktdesign.hu\/hodszolar.hu\/#\/schema\/person\/a788af940a3d6b2829396312340dd08c"},"headline":"Soha nem fogyasztottak m\u00e9g annyi \u00e1ramot a magyarok, mint id\u00e9n \u2013 Sorra d\u0151lnek a rekordok","datePublished":"2021-09-01T07:25:26+00:00","dateModified":"2021-09-01T07:26:39+00:00","mainEntityOfPage":{"@id":"https:\/\/dev.kompaktdesign.hu\/hodszolar.hu\/2021\/09\/01\/soha-nem-fogyasztottak-meg-annyi-aramot-a-magyarok-mint-iden-sorra-dolnek-a-rekordok\/"},"wordCount":307,"commentCount":0,"publisher":{"@id":"https:\/\/dev.kompaktdesign.hu\/hodszolar.hu\/#organization"},"articleSection":["Egy\u00e9b kateg\u00f3ria"],"inLanguage":"hu","potentialAction":[{"@type":"CommentAction","name":"Comment","target":["https:\/\/dev.kompaktdesign.hu\/hodszolar.hu\/2021\/09\/01\/soha-nem-fogyasztottak-meg-annyi-aramot-a-magyarok-mint-iden-sorra-dolnek-a-rekordok\/#respond"]}]},{"@type":"WebPage","@id":"https:\/\/dev.kompaktdesign.hu\/hodszolar.hu\/2021\/09\/01\/soha-nem-fogyasztottak-meg-annyi-aramot-a-magyarok-mint-iden-sorra-dolnek-a-rekordok\/","url":"https:\/\/dev.kompaktdesign.hu\/hodszolar.hu\/2021\/09\/01\/soha-nem-fogyasztottak-meg-annyi-aramot-a-magyarok-mint-iden-sorra-dolnek-a-rekordok\/","name":"Soha nem fogyasztottak m\u00e9g annyi \u00e1ramot a magyarok, mint id\u00e9n \u2013 Sorra d\u0151lnek a rekordok | H\u00f3dszol\u00e1r","isPartOf":{"@id":"https:\/\/dev.kompaktdesign.hu\/hodszolar.hu\/#website"},"datePublished":"2021-09-01T07:25:26+00:00","dateModified":"2021-09-01T07:26:39+00:00","breadcrumb":{"@id":"https:\/\/dev.kompaktdesign.hu\/hodszolar.hu\/2021\/09\/01\/soha-nem-fogyasztottak-meg-annyi-aramot-a-magyarok-mint-iden-sorra-dolnek-a-rekordok\/#breadcrumb"},"inLanguage":"hu","potentialAction":[{"@type":"ReadAction","target":["https:\/\/dev.kompaktdesign.hu\/hodszolar.hu\/2021\/09\/01\/soha-nem-fogyasztottak-meg-annyi-aramot-a-magyarok-mint-iden-sorra-dolnek-a-rekordok\/"]}]},{"@type":"BreadcrumbList","@id":"https:\/\/dev.kompaktdesign.hu\/hodszolar.hu\/2021\/09\/01\/soha-nem-fogyasztottak-meg-annyi-aramot-a-magyarok-mint-iden-sorra-dolnek-a-rekordok\/#breadcrumb","itemListElement":[{"@type":"ListItem","position":1,"name":"Kezd\u0151lap","item":"https:\/\/dev.kompaktdesign.hu\/hodszolar.hu\/"},{"@type":"ListItem","position":2,"name":"Soha nem fogyasztottak m\u00e9g annyi \u00e1ramot a magyarok, mint id\u00e9n \u2013 Sorra d\u0151lnek a rekordok"}]},{"@type":"WebSite","@id":"https:\/\/dev.kompaktdesign.hu\/hodszolar.hu\/#website","url":"https:\/\/dev.kompaktdesign.hu\/hodszolar.hu\/","name":"H\u00f3dszol\u00e1r","description":"A v\u00e1s\u00e1rhelyi napelemes","publisher":{"@id":"https:\/\/dev.kompaktdesign.hu\/hodszolar.hu\/#organization"},"potentialAction":[{"@type":"SearchAction","target":{"@type":"EntryPoint","urlTemplate":"https:\/\/dev.kompaktdesign.hu\/hodszolar.hu\/?s={search_term_string}"},"query-input":"required name=search_term_string"}],"inLanguage":"hu"},{"@type":"Organization","@id":"https:\/\/dev.kompaktdesign.hu\/hodszolar.hu\/#organization","name":"H\u00f3dszol\u00e1r Kft.","url":"https:\/\/dev.kompaktdesign.hu\/hodszolar.hu\/","sameAs":["https:\/\/www.facebook.com\/hodszolar"],"logo":{"@type":"ImageObject","inLanguage":"hu","@id":"https:\/\/dev.kompaktdesign.hu\/hodszolar.hu\/#\/schema\/logo\/image\/","url":"https:\/\/dev.kompaktdesign.hu\/hodszolar.hu\/wp-content\/uploads\/2021\/05\/fvicon.png","contentUrl":"https:\/\/dev.kompaktdesign.hu\/hodszolar.hu\/wp-content\/uploads\/2021\/05\/fvicon.png","width":132,"height":132,"caption":"H\u00f3dszol\u00e1r Kft."},"image":{"@id":"https:\/\/dev.kompaktdesign.hu\/hodszolar.hu\/#\/schema\/logo\/image\/"}},{"@type":"Person","@id":"https:\/\/dev.kompaktdesign.hu\/hodszolar.hu\/#\/schema\/person\/a788af940a3d6b2829396312340dd08c","name":"H\u00f3dszol\u00e1r Kft.","image":{"@type":"ImageObject","inLanguage":"hu","@id":"https:\/\/dev.kompaktdesign.hu\/hodszolar.hu\/#\/schema\/person\/image\/","url":"https:\/\/secure.gravatar.com\/avatar\/38df000db6f2e93b7f0ccccf7714392424ca033738d34dfe71f19fdb70329830?s=96&d=mm&r=g","contentUrl":"https:\/\/secure.gravatar.com\/avatar\/38df000db6f2e93b7f0ccccf7714392424ca033738d34dfe71f19fdb70329830?s=96&d=mm&r=g","caption":"H\u00f3dszol\u00e1r Kft."},"url":"https:\/\/dev.kompaktdesign.hu\/hodszolar.hu\/author\/hodszolar\/"}]}},"_links":{"self":[{"href":"https:\/\/dev.kompaktdesign.hu\/hodszolar.hu\/wp-json\/wp\/v2\/posts\/561","targetHints":{"allow":["GET"]}}],"collection":[{"href":"https:\/\/dev.kompaktdesign.hu\/hodszolar.hu\/wp-json\/wp\/v2\/posts"}],"about":[{"href":"https:\/\/dev.kompaktdesign.hu\/hodszolar.hu\/wp-json\/wp\/v2\/types\/post"}],"author":[{"embeddable":true,"href":"https:\/\/dev.kompaktdesign.hu\/hodszolar.hu\/wp-json\/wp\/v2\/users\/3"}],"replies":[{"embeddable":true,"href":"https:\/\/dev.kompaktdesign.hu\/hodszolar.hu\/wp-json\/wp\/v2\/comments?post=561"}],"version-history":[{"count":1,"href":"https:\/\/dev.kompaktdesign.hu\/hodszolar.hu\/wp-json\/wp\/v2\/posts\/561\/revisions"}],"predecessor-version":[{"id":564,"href":"https:\/\/dev.kompaktdesign.hu\/hodszolar.hu\/wp-json\/wp\/v2\/posts\/561\/revisions\/564"}],"wp:featuredmedia":[{"embeddable":true,"href":"https:\/\/dev.kompaktdesign.hu\/hodszolar.hu\/wp-json\/wp\/v2\/media\/563"}],"wp:attachment":[{"href":"https:\/\/dev.kompaktdesign.hu\/hodszolar.hu\/wp-json\/wp\/v2\/media?parent=561"}],"wp:term":[{"taxonomy":"category","embeddable":true,"href":"https:\/\/dev.kompaktdesign.hu\/hodszolar.hu\/wp-json\/wp\/v2\/categories?post=561"},{"taxonomy":"post_tag","embeddable":true,"href":"https:\/\/dev.kompaktdesign.hu\/hodszolar.hu\/wp-json\/wp\/v2\/tags?post=561"}],"curies":[{"name":"wp","href":"https:\/\/api.w.org\/{rel}","templated":true}]}}