{"id":568,"date":"2021-09-03T11:58:53","date_gmt":"2021-09-03T11:58:53","guid":{"rendered":"https:\/\/hodszolar.hu\/?p=568"},"modified":"2021-09-03T12:00:07","modified_gmt":"2021-09-03T12:00:07","slug":"ac-es-dc-kotodobozok-egy-napelemes-rendszer-elengedhetetlen-reszei","status":"publish","type":"post","link":"https:\/\/dev.kompaktdesign.hu\/hodszolar.hu\/2021\/09\/03\/ac-es-dc-kotodobozok-egy-napelemes-rendszer-elengedhetetlen-reszei\/","title":{"rendered":"AC \u00e9s DC k\u00f6t\u0151dobozok - egy napelemes rendszer elengedhetetlen r\u00e9szei"},"content":{"rendered":"\n<p>A kisfesz\u00fclts\u00e9g\u0171 vez\u00e9rl\u0151- \u00e9s kapcsol\u00f3berendez\u00e9s r\u00e9sze a l\u00e9tes\u00edtm\u00e9ny villamos berendez\u00e9s\u00e9nek. Ez\u00e9rt a l\u00e9tes\u00edtm\u00e9nyek \u00e9s \u00e9p\u00fcletek villamos berendez\u00e9s\u00e9re vonatkoz\u00f3 valamennyi jogszab\u00e1lyt \u00e9s szabv\u00e1nyt marad\u00e9ktalanul alkalmazni kell. A kisfesz\u00fclts\u00e9g\u0171 v\u00e9delmi eloszt\u00f3 kezel\u0151 szervei lehet\u0151v\u00e9 teszik az eloszt\u00f3 villamos \u00e1ramk\u00f6reinek villamos lev\u00e1laszt\u00e1s\u00e1t \u00e9s ell\u00e1tj\u00e1k azoknak t\u00fal\u00e1ramokkal szembeni z\u00e1rlat- \u00e9s t\u00falterhel\u00e9sv\u00e9delm\u00e9t.<\/p>\n\n\n\n<figure class=\"wp-block-image\"><img decoding=\"async\" src=\"https:\/\/keletsolar.hu\/wp-content\/uploads\/2020\/12\/ExPL-DC_es_AC_logoval_foto-1.png\" alt=\"AC-DC dobozok - Kelet Solar\"\/><\/figure>\n\n\n\n<p>A napelemmodulok a f\u00e9ny energi\u00e1j\u00e1b\u00f3l egyenfesz\u00fclts\u00e9gen \u00e1ll\u00edtanak el\u0151 villamos energi\u00e1t. Ez egy mai \u00e1tlagos, 390 W teljes\u00edtm\u00e9ny\u0171 modul eset\u00e9ben darabonk\u00e9nt 35-40 VDC k\u00f6z\u00f6tti fesz\u00fclts\u00e9g\u00e9rt\u00e9ket jelent standard k\u00f6r\u00fclm\u00e9nyek k\u00f6z\u00f6tt. De mivel a napelemek sorba k\u00f6t\u00e9s\u00e9vel hosszabb-r\u00f6videbb sztringeket alak\u00edtanak ki, az \u00edgy \u00f6sszead\u00f3d\u00f3 fesz\u00fclts\u00e9g k\u00f6nnyed\u00e9n el\u00e9rheti az 1000 V DC-ot is. A modulok emellett k\u00f6r\u00fclbel\u00fcl 8-9 A DC egyen\u00e1ramon \u00fczemelnek. Ezt a k\u00e9t jellemz\u0151t v\u00e9ve a sztringben, vesz\u00e9lyes kombin\u00e1ci\u00f3t kapunk. Az egyen\u00e1ram tulajdons\u00e1ga, hogy \u2013 mivel nincs null\u00e1tmenet \u2013 \u00edvk\u00e9pz\u0151d\u00e9s eset\u00e9n nehezebb kioltani a l\u00e9trej\u00f6v\u0151 elektromos \u00edvet. Ilyen fesz\u00fclts\u00e9gen \u00e9s \u00e1ramer\u0151ss\u00e9gen k\u00f6nnyed\u00e9n kialakulhat 10-20 cm-es \u00edv is, ami rendk\u00edv\u00fcl k\u00f6nnyen t\u00fczet tud okozni p\u00e9ld\u00e1ul az \u00e9p\u00fclet tet\u0151szerkezet\u00e9ben.<\/p>\n\n\n\n<p>A napelemek jellemz\u0151je, hogy nem lehet \u201ekikapcsolni\u201d azokat. Ha f\u00e9ny \u00e9ri a fel\u00fclet\u00fcket, akkor termelnek, a kapcsaikon fesz\u00fclts\u00e9g jelenik meg. Az MSZ HD 60364-7-712 szabv\u00e1ny ki is mondja, hogy a napelemes rendszerek DC-oldal\u00e1t akkor is fesz\u00fclts\u00e9g alatt \u00e1ll\u00f3nak kell tekinteni, ha a rendszer az AC h\u00e1l\u00f3zatr\u00f3l le van v\u00e1lasztva. A modulokt\u00f3l teh\u00e1t eg\u00e9szen az els\u0151 kapcsol\u00f3ig, vagy inverterig a vezet\u00e9kek magas DC fesz\u00fclts\u00e9g alatt \u00e1llnak akkor is, ha az \u00e9p\u00fclet \u00e1ramtalan\u00edtva van. Ez p\u00e9ld\u00e1ul akkor vesz\u00e9lyes, ha t\u0171z \u00fct ki \u00e9s s\u00e9r\u00fclnek a vezet\u00e9kek. Ilyenkor a s\u00e9r\u00fclt r\u00e9szek el\u0151seg\u00edthetik a t\u0171z terjed\u00e9s\u00e9t, vagy \u00fajra gyullad\u00e1s\u00e1t a kialakul\u00f3 elektromos \u00edvvel, rosszabb esetben ak\u00e1r az olt\u00e1sban r\u00e9sztvev\u0151 t\u0171zolt\u00f3 \u00e1ram\u00fct\u00e9s\u00e9t is okozhatj\u00e1k. Az ilyen esetek kialakul\u00e1s\u00e1nak kock\u00e1zat\u00e1t pr\u00f3b\u00e1lj\u00e1k cs\u00f6kkenteni az Orsz\u00e1gos T\u0171zv\u00e9delmi Szab\u00e1lyzatban (OTSZ) \u00e9s a T\u0171zv\u00e9delmi M\u0171szaki Ir\u00e1nyelvben (TvMI) megfogalmazott el\u0151\u00edr\u00e1sokkal. A TvMI 6.2.2-es pontja foglalkozik a napelemes rendszerek DC oldali t\u0171zeseti lekapcsol\u00e1s\u00e1val. Az itt le\u00edrtak c\u00e9lja r\u00f6viden az, hogy minimaliz\u00e1lni kell az \u00e9p\u00fclet bels\u0151 ter\u00e9re kiterjed\u0151 fesz\u00fclts\u00e9g alatt marad\u00f3 DC-oldali vezet\u00e9khosszokat. Ha az inverter \u00e9s a vezet\u00e9k bel\u00e9p\u00e9si pontja k\u00f6z\u00f6tti nyomvonal hossza meghaladja az 5 m\u00e9teres t\u00e1vols\u00e1got, akkor automata m\u0171k\u00f6d\u00e9s\u0171 kapcsol\u00f3t kell k\u00f6zbeiktatni, ami az \u00e9p\u00fclet fesz\u00fclts\u00e9gmentes\u00edt\u00e9s\u00e9t \u00e9szlelve \u00f6nm\u0171k\u00f6d\u0151en bontja a DC vezet\u00e9keket. Tov\u00e1bbi el\u0151\u00edr\u00e1s, hogy a napelem-csatlakoz\u00f3dobozokat figyelmeztet\u0151 felirattal kell ell\u00e1tni, amely jelzi, hogy a dobozban l\u00e9v\u0151 akt\u00edv vezet\u0151ket \u00e1lland\u00f3an fesz\u00fclts\u00e9g alatt \u00e1ll\u00f3knak kell tekinteni. Ez annak elker\u00fcl\u00e9s\u00e9re szolg\u00e1l, hogy karbantart\u00e1skor a szerel\u0151t \u00e1ram\u00fct\u00e9s \u00e9rje. Ehhez hasonl\u00f3 megfontol\u00e1sb\u00f3l az \u00e9p\u00fclet bej\u00e1rat\u00e1n\u00e1l vagy t\u0171zeseti f\u0151kapcsol\u00f3j\u00e1n\u00e1l jelezni kell, hogy a helysz\u00ednen napelemes rendszer tal\u00e1lhat\u00f3. Az \u00e9rkez\u0151 t\u0171zolt\u00f3k \u00edgy ennek megfelel\u0151en tudnak reag\u00e1lni. Az AC h\u00e1l\u00f3zatokn\u00e1l megszokottakkal szemben az \u00e1lland\u00f3an fesz\u00fclts\u00e9g alatt marad\u00f3 DC-oldalon nem alkalmazhat\u00f3ak a megszokott \u00e9rint\u00e9sv\u00e9delmi megold\u00e1sok, mint pl. a TT, vagy a TN, helyette a II. hibav\u00e9delmi oszt\u00e1ly, a kett\u0151s szigetel\u00e9s alkalmazhat\u00f3. \u00cdgy a DC oldalon alkalmazott k\u00e9sz\u00fcl\u00e9keknek meg kell felelni\u00fck a kett\u0151s szigetel\u00e9s el\u0151\u00edr\u00e1sainak.<\/p>\n\n\n\n<p>Ugyancsak meg kell felelni a DC oldalon alkalmazott eszk\u00f6z\u00f6knek az 1000 V DC egyenfesz\u00fclts\u00e9gnek is. Nem alkalmazhat\u00f3ak az \u201eegyszer\u0171\u201d, v\u00e1lt\u00f3\u00e1ramn\u00e1l haszn\u00e1lt, 400 V AC n\u00e9vleges fesz\u00fclts\u00e9gre tervezett berendez\u00e9sek. A DC csatlakoz\u00f3doboznak, amibe a biztos\u00edt\u00f3k \u00e9s kapcsol\u00f3k ker\u00fclnek, rendelkeznie kell 1000 V-os, vagy enn\u00e9l nagyobb min\u0151s\u00edt\u00e9ssel a rendszer m\u00e9ret\u00e9t\u0151l f\u00fcgg\u0151en. A napelemek tulajdons\u00e1ga, hogy a modul h\u0151m\u00e9rs\u00e9klet\u00e9nek f\u00fcggv\u00e9ny\u00e9ben v\u00e1ltozik a kimeneti fesz\u00fclts\u00e9g. Az adatt\u00e1bl\u00e1n megadott gy\u00e1ri \u00e9rt\u00e9kek 1000 W\/m2 besug\u00e1rz\u00e1s, 25 C\u00b0 modulh\u0151m\u00e9rs\u00e9klet \u00e9s 1,5 AM (l\u00e9gt\u00f6megt\u00e9nyez\u0151) mellett vannak felt\u00fcntetve. Emellett m\u00e9g megadj\u00e1k a k\u00fcl\u00f6nb\u00f6z\u0151 h\u0151m\u00e9rs\u00e9kleti egy\u00fctthat\u00f3kat. A fesz\u00fclts\u00e9gre vonatkoz\u00f3 h\u0151m\u00e9rs\u00e9kleti egy\u00fctthat\u00f3 egy mai \u00e9rt\u00e9ke pl. -0,33 %\/C\u00b0. Ez azt jelenti, hogy a modulh\u0151m\u00e9rs\u00e9klet 1 C\u00b0-kal t\u00f6rt\u00e9n\u0151 emelked\u00e9s\u00e9 eset\u00e9n az \u00fcresj\u00e1rati fesz\u00fclts\u00e9g -0,33%-\u00e1val v\u00e1ltozik a kimeneti fesz\u00fclts\u00e9g. L\u00e1that\u00f3 teh\u00e1t, hogy a h\u0151m\u00e9rs\u00e9klet cs\u00f6kken\u00e9s\u00e9vel emelkedik a napelemek fesz\u00fclts\u00e9ge. Vagyis t\u00e9len a hideg, tiszta napf\u00e9nyes id\u0151ben egy sztring fesz\u00fclts\u00e9ge jelent\u0151sen magasabb lehet, mint a ny\u00e1ri melegben. Ez az elt\u00e9r\u00e9s t\u00f6bb 100 V is lehet, \u00edgy nagyon k\u00f6r\u00fcltekint\u0151nek kell lenni az alkalmazott eszk\u00f6z\u00f6k kiv\u00e1laszt\u00e1s\u00e1n\u00e1l. A kapcsol\u00f3knak \u00e9s t\u00falfesz\u00fclts\u00e9g-levezet\u0151knek is meg kell felelni\u00fck ezeknek a viszonyoknak. Ez k\u00e9zenfekv\u0151nek t\u0171nik, m\u00e9gis ennek a be nem tart\u00e1s\u00e1b\u00f3l keletkezik a legt\u00f6bb t\u0171zeset a napelemes rendszerekn\u00e9l. P\u00e9ld\u00e1ul DC-oldali kapcsol\u00f3kn\u00e1l jelent komoly vesz\u00e9lyt az egyen\u00e1ramnak a m\u00e1r eml\u00edtett azon tulajdons\u00e1ga, hogy a keletkez\u0151 elektromos \u00edv nehezebben olthat\u00f3 ki. Ha egy nem megfelel\u0151 kapcsol\u00f3t szerel\u00fcnk be, akkor terhel\u00e9s alatti kapcsol\u00e1sn\u00e1l l\u00e9trej\u00f6n az \u00edv, ami egyszer\u0171en nem fog elaludni a k\u00e9sz\u00fcl\u00e9ken bel\u00fcl. A kapcsol\u00f3 \u00edgy r\u00f6vid id\u0151n bel\u00fcl t\u00falmelegszik, kigyullad \u00e9s t\u00fczet okozhat. Hasonl\u00f3an nagy figyelmet ig\u00e9nyel a napelem-csatlakoz\u00f3dobozok min\u0151s\u00e9ge is. A napelemes rendszerekn\u00e9l fell\u00e9p\u0151 k\u00f6r\u00fclm\u00e9nyek miatt a gy\u00e1rt\u00f3k k\u00fcl\u00f6n erre a c\u00e9lra is gy\u00e1rtanak term\u00e9keket, ez\u00e9rt a megfelel\u0151 min\u0151s\u00edt\u00e9ssel rendelkez\u0151 dobozokat kellene haszn\u00e1lni. Ennek ellen\u00e9re nagyon sok helyen az egyszer\u0171bb, olcs\u00f3bb, 1000V-os min\u0151s\u00edt\u00e9ssel nem rendelkez\u0151ket \u00e9p\u00edtik be. Ezek hiba eset\u00e9n kevesebb v\u00e9delmet tudnak ny\u00fajtani mind az \u00e1ram\u00fct\u00e9s, mind a t\u0171z kialakul\u00e1sa ellen.<\/p>\n\n\n\n<p>A k\u00f6vetkez\u0151 jelent\u0151s vesz\u00e9lyforr\u00e1s a vissz\u00e1ram. Egy napelem I\/U jellegg\u00f6rb\u00e9j\u00e9t megn\u00e9zve l\u00e1thatjuk, hogy r\u00f6vidz\u00e1r eset\u00e9n a z\u00e1rlati \u00e1ram \u00e9rt\u00e9ke mind\u00f6ssze k\u00f6r\u00fclbel\u00fcl 20%-kal nagyobb, mint az \u00fczemi k\u00f6r\u00fclm\u00e9nyekn\u00e9l l\u00e9v\u0151 munkaponti \u00e1ram. Egy ilyen \u00e1ramforr\u00e1sn\u00e1l igen neh\u00e9z megfelel\u0151 t\u00fal\u00e1ramv\u00e9delmet kialak\u00edtani. Ez az ig\u00e9ny egy kis, egy darab sztringb\u0151l \u00e1ll\u00f3 rendszern\u00e9l nem is mer\u00fcl fel. Akkor van jelent\u0151s\u00e9ge, ha nagyobb rendszerek eset\u00e9n t\u00f6bb sztring van p\u00e1rhuzamosan k\u00f6tve (1. \u00e1bra).<\/p>\n\n\n\n<figure class=\"wp-block-image size-full is-resized\"><img loading=\"lazy\" decoding=\"async\" src=\"https:\/\/dev.kompaktdesign.hu\/hodszolar.hu\/wp-content\/uploads\/2021\/09\/kep-3.png\" alt=\"\" class=\"wp-image-572\" width=\"839\" height=\"205\"\/><\/figure>\n\n\n\n<p>1. \u00e1bra: Napelemsztringek p\u00e1rhuzamos kapcsol\u00e1sa<\/p>\n\n\n\n<p>J\u00f3l l\u00e1that\u00f3, hogy norm\u00e1l esetben az egyes sztringek \u00e1ramai \u00f6sszead\u00f3dnak, \u00edgy az inverter bemenet\u00e9n azok \u00f6sszege jelenik meg. Probl\u00e9ma akkor l\u00e9p fel, ha valamelyik \u00e1gban z\u00e1rlat alakul ki. (2. \u00e1bra)<\/p>\n\n\n\n<figure class=\"wp-block-image size-full is-resized\"><img loading=\"lazy\" decoding=\"async\" src=\"https:\/\/dev.kompaktdesign.hu\/hodszolar.hu\/wp-content\/uploads\/2021\/09\/kep-4.png\" alt=\"\" class=\"wp-image-573\" width=\"838\" height=\"205\"\/><\/figure>\n\n\n\n<p>2. \u00e1bra: Az egyik sztringben kialakult z\u00e1rlat hat\u00e1sa<\/p>\n\n\n\n<p>Ilyenkor a k\u00e9pen l\u00e1that\u00f3 \u00fatvonalon folyik az \u00e1ram, a j\u00f3l m\u0171k\u00f6d\u0151 \u00e1gakb\u00f3l a hibapont fel\u00e9. A z\u00e1rlatos sztringben \u00edgy a t\u00f6bbi \u00f6sszes\u00edtett \u00e1rama fog folyni. Az \u00e1ram nagys\u00e1ga a p\u00e1rhuzamosan kapcsolt sztringek sz\u00e1m\u00e1t\u00f3l f\u00fcgg. A t\u00fal\u00e1ramv\u00e9delem elengedhetetlen fontoss\u00e1g\u00fa, mert a jelens\u00e9g miatt a modulok felmelegszenek \u00e9s ez\u00e1ltal t\u00f6nkremehetnek, egyen\u00e1ram\u00fa \u00edv alakulhat ki, ami t\u00fczet okozhat. A napelemek DC-oldal\u00e1nak t\u00fal\u00e1ramv\u00e9delm\u00e9re megfelel\u0151 megold\u00e1s a megfelel\u0151en m\u00e9retezett gPV karakterisztik\u00e1j\u00fa olvad\u00f3bet\u00e9tek alkalmaz\u00e1sa. A napelemek jellegzetes karakterisztik\u00e1ja miatt fontos a m\u00e9retez\u00e9s. Az sem j\u00f3, ha t\u00fal kicsi z\u00e1rlati \u00e1ramra v\u00e1lasztunk bet\u00e9tet, mert intenz\u00edv naps\u00fct\u00e9s eset\u00e9n feleslegesen kiolvadhatnak, cs\u00f6kkentve ezzel az \u00fczembiztoss\u00e1got, ha t\u00fal nagy \u00e1ramra m\u00e9retez\u00fcnk, akkor pedig nem t\u00f6ltik be a k\u00edv\u00e1nt v\u00e9delmi funkci\u00f3t, a z\u00e1rlati \u00e1ram sem olvasztja ki a bet\u00e9teket. Figyelni kell az adott k\u00f6rnyezeti viszonyokra is. \u00c9szakon m\u00e9retezhet\u00fcnk kisebb \u00e1ramokra, m\u00edg d\u00e9li vid\u00e9keken \u00e9rdemes nagyobb t\u00fal\u00e1ramv\u00e9delmet tervezni, a nagyobb besug\u00e1rz\u00e1sb\u00f3l fakad\u00f3 nagyobb \u00fczemi \u00e1ramok miatt.<\/p>\n\n\n\n<figure class=\"wp-block-image size-full is-resized\"><img loading=\"lazy\" decoding=\"async\" src=\"https:\/\/dev.kompaktdesign.hu\/hodszolar.hu\/wp-content\/uploads\/2021\/09\/kep-2.png\" alt=\"\" class=\"wp-image-570\" width=\"840\" height=\"205\"\/><\/figure>\n\n\n\n<p>3. \u00e1bra: T\u00fal\u00e1ramv\u00e9delemmel ell\u00e1tott rendszer<\/p>\n\n\n\n<p>A megold\u00e1s teh\u00e1t a gPV karakterisztik\u00e1j\u00fa olvad\u00f3bet\u00e9tek elhelyez\u00e9se a DC-oldali k\u00f6r\u00f6kbe. (3. \u00e1bra) \u00dcgyelni kell arra, hogy minden sztring mindk\u00e9t p\u00f3lus\u00e1ba be kell szerelni egyet, nem elegend\u0151 csak az egyikbe. Figyelni kell m\u00e9g a kiv\u00e1laszt\u00e1sn\u00e1l arra is, hogy a bet\u00e9tek n\u00e9vleges fesz\u00fclts\u00e9ge nagyobb legyen a maxim\u00e1lisan el\u0151fordul\u00f3 fesz\u00fclts\u00e9gn\u00e9l. Haz\u00e1nkban a k\u00f6vetkez\u0151 m\u00f3don lehet kisz\u00e1molni egy megk\u00f6zel\u00edt\u0151 m\u00e9retez\u00e9st: Legyen a napelem sztring z\u00e1rlati \u00e1rama 8,67 A. Ezt megszorozzuk 1,2 \u00e1lland\u00f3val, amely haz\u00e1nk k\u00f6r\u00fclm\u00e9nyeinek felel meg. \u00cdgy 10,4-et kapunk eredm\u00e9ny\u00fcl. Ehhez vessz\u00fck az egyel nagyobb biztos\u00edt\u00e9k\u00e9rt\u00e9ket, ami 12 A. Vagyis minden ilyen sztringbe 12 A-es gPV bet\u00e9tet kell elhelyezni. A nagyobb inverterekn\u00e9l k\u00fcl\u00f6n foglalat van kialak\u00edtva a bet\u00e9teknek, csak be kell helyezni azokat, de m\u00e1r azt is k\u00e9rhetj\u00fck, hogy gy\u00e1rilag szerelj\u00e9k be a sztringbiztos\u00edt\u00e9kokat.<\/p>\n\n\n\n<p>Eddig a DC-oldal hordozta vesz\u00e9lyekr\u0151l volt sz\u00f3, de az inverter AC oldala is hordoz mag\u00e1ban vesz\u00e9lyeket. Leggyakrabban \u00fagynevezett h\u00e1l\u00f3zatra visszat\u00e1pl\u00e1l\u00f3 inverterekkel tal\u00e1lkozhatunk. Ez a helyben el nem fogyasztott energi\u00e1t a megl\u00e9v\u0151 villamos h\u00e1l\u00f3zatra termeli vissza. Fontos tulajdons\u00e1ga, hogy csak a megl\u00e9v\u0151 h\u00e1l\u00f3zattal szinkronban m\u0171k\u00f6dhet. Ez r\u00f6viden azt jelenti, hogy ha a h\u00e1l\u00f3zatban \u00e1ramsz\u00fcnet van, akkor az inverternek is le kell kapcsolnia, vagyis az ilyen rendszerek nem \u201esz\u00fcnetmentesek\u201d. A h\u00e1l\u00f3zatra val\u00f3 csatlakoz\u00e1s felt\u00e9teleit a szolg\u00e1ltat\u00f3 \u00edrja el\u0151, \u00e9s szigor\u00faan csak olyan invertert enged a rendszer\u00e9hez csatlakoztatni, amely ezeknek az el\u0151\u00edr\u00e1soknak bevizsg\u00e1ltan eleget tesz. Ez az el\u0151\u00edr\u00e1s k\u00fcl\u00f6nb\u00f6z\u0151 v\u00e9delmi funkci\u00f3k megl\u00e9t\u00e9t k\u00f6veteli meg. Ilyenek p\u00e9ld\u00e1ul a r\u00f6vidz\u00e1rlat-, \u00e9s t\u00falterhel\u00e9s-v\u00e9delem, fesz\u00fclts\u00e9gn\u00f6veked\u00e9s-, fesz\u00fclts\u00e9gcs\u00f6kken\u00e9s-v\u00e9delem, frekvenciaelt\u00e9r\u00e9s-v\u00e9delem, eloszt\u00f3h\u00e1l\u00f3zati-sziget\u00fczem elleni v\u00e9delem, f\u00f6ldz\u00e1rlat-, testz\u00e1rlat-v\u00e9delem, egyen\u00e1ram\u00fa v\u00e9delem. Teh\u00e1t a termel\u0151 berendez\u00e9s nem ronthatja a villamos h\u00e1l\u00f3zat biztons\u00e1gos \u00fczem\u00e9t, nem vesz\u00e9lyeztetheti a villamos energia min\u0151s\u00e9g\u00e9t, nem okozhat szab\u00e1lytalan fesz\u00fclts\u00e9get, zavar\u00f3 m\u00e9rt\u00e9k\u0171 aszimmetri\u00e1t, harmonikus torz\u00edt\u00e1st, villog\u00e1st a h\u00e1l\u00f3zatban. Egy inverter nem t\u00e1pl\u00e1lhat vissza a villamos rendszerbe a n\u00e9vlegesn\u00e9l 10%-kal nagyobb \u00e1ramot, nem t\u00e1pl\u00e1lhat r\u00e1 h\u00e1l\u00f3zati z\u00e1rlatra. Ezek az el\u0151\u00edr\u00e1sok t\u00f6bb szempontb\u00f3l is nagyon fontosak. Joggal v\u00e1rja el a szolg\u00e1ltat\u00f3, hogy p\u00e9ld\u00e1ul az id\u0151szakos karbantart\u00e1sok alkalm\u00e1val, amikor lekapcsolj\u00e1k a h\u00e1l\u00f3zatuk egy r\u00e9sz\u00e9t a szerel\u0151k biztons\u00e1ga \u00e9rdek\u00e9ben, akkor ne t\u00f6rt\u00e9nhessen meg olyan eset, hogy egy napelemes rendszer visszat\u00e1pl\u00e1l\u00e1sa miatt a munk\u00e1sok \u00e1ram\u00fct\u00e9st szenvednek. Fontos az is, hogy a szolg\u00e1ltat\u00f3 \u00e1ltal ny\u00fajtott villamos energia min\u0151s\u00e9g\u00e9t ne torz\u00edtsa el az inverter. Az energia milyens\u00e9g\u00e9nek is el\u0151\u00edr\u00e1soknak kell megfelelnie, ami\u00e9rt a szolg\u00e1ltat\u00f3 a felel\u0151s. Magasabb, vagy alacsonyabb fesz\u00fclts\u00e9g, az elt\u00e9r\u0151 frekvencia a napelemes rendszer k\u00f6rnyezet\u00e9ben l\u00e9v\u0151 elektromos eszk\u00f6z\u00f6kben okozhat k\u00e1rt.<\/p>\n\n\n\n<p>Sziget\u00fczem\u0171 rendszer eset\u00e9ben az AC-oldali lekapcsol\u00e1sr\u00f3l k\u00fcl\u00f6n gondoskodni kell. Ilyen esetben kiz\u00e1r\u00f3lag az inverterek l\u00e1tj\u00e1k el az \u00e9p\u00edtm\u00e9ny villamosenergia-ig\u00e9ny\u00e9t. M\u0171k\u00f6d\u00e9s\u00fckh\u00f6z nincs sz\u00fcks\u00e9g k\u00fcls\u0151 h\u00e1l\u00f3zati fesz\u00fclts\u00e9g megl\u00e9t\u00e9re. A t\u0171zv\u00e9delmi c\u00e9l\u00fa lekapcsol\u00e1st \u00edgy meg kell oldani. Ilyenkor az energia egy akkumul\u00e1tortelepben t\u00e1rol\u00f3dik. A napelemek itt az akkumul\u00e1torok t\u00f6lt\u00e9s\u00e9t v\u00e9gzik. A felhaszn\u00e1l\u00f3i ig\u00e9ny f\u00fcggv\u00e9ny\u00e9ben ak\u00e1r igen nagy kapacit\u00e1s\u00fa t\u00e1rol\u00f3rendszer kialak\u00edt\u00e1s\u00e1ra is sz\u00fcks\u00e9g lehet, t\u00f6bb nagyteljes\u00edtm\u00e9ny\u0171 akkumul\u00e1tor \u00f6sszek\u00f6t\u00e9s\u00e9vel. Ebb\u0151l veszi ki az inverter a sz\u00fcks\u00e9ges energi\u00e1t, \u00e9s alak\u00edtja \u00e1t az AC oldalon megszokott v\u00e1lt\u00f3\u00e1ramm\u00e1. Egy ilyen rendszer gyenge pontjai mindig az akkumul\u00e1torok, mert ezeknek az \u00e9lettartama a legr\u00f6videbb a rendszerben, \u00edgy ezeket kell a leggyakrabban cser\u00e9lni, illetve t\u00edpust\u00f3l f\u00fcgg\u0151en karbantartani. Az alacsony, 12-48V-os fesz\u00fclts\u00e9g miatt nagyon nagy \u00e1ramok folynak, figyelni kell a vezet\u00e9kek megfelel\u0151 keresztmetszet\u00e9re, a sz\u00fcks\u00e9ges biztos\u00edt\u00e9kok megl\u00e9t\u00e9re. Gondoljunk bele, hogy egy 1 kVA-es rendszer is a 12 V-os akkumul\u00e1torn\u00e1l t\u00f6bb, mint 80 A \u00e1ramfelv\u00e9telt jelent. Legink\u00e1bb \u00f3lom-savas akkumul\u00e1tor haszn\u00e1lat\u00e1n\u00e1l l\u00e9p fel annak a vesz\u00e9lye, hogy a t\u00fal nagy \u00e1ramfelv\u00e9tel miatt az akkumul\u00e1torban hidrog\u00e9ng\u00e1z szabadul fel, ami durran\u00f3g\u00e1z-robban\u00e1shoz vezethet. A modernebb \u00f3lom-zsel\u00e9s, l\u00edtiumionos akkumul\u00e1torok megjelen\u00e9s\u00e9vel ennek a lehet\u0151s\u00e9ge drasztikusan lecs\u00f6kkent.<\/p>\n\n\n\n<p>A napelemes rendszereket t\u00f6bbnyire az \u00e9p\u00fcletek tet\u0151fel\u00fclet\u00e9re, vagy ny\u00edlt terepre telep\u00edtik. \u00c9p\u00edt\u00e9s\u00fckkor nagy mennyis\u00e9g\u0171 f\u00e9mszerkezetet haszn\u00e1lnak fel. Ett\u0151l a sok f\u00e9mt\u0151l villamos vezet\u00e9kek indulnak el, amelyek be vannak vezetve az \u00e9p\u00fcletbe, olykor nagyon hossz\u00fa szakaszon kereszt\u00fcl. A modulok \u00e9vtizedeken kereszt\u00fcl ki vannak t\u00e9ve az id\u0151j\u00e1r\u00e1s viszontags\u00e1gainak, amelyeket el kell tudniuk viselni. Az elrendez\u00e9s\u00fckb\u0151l fakad\u00f3an villamos szempontb\u00f3l a legnagyobb vesz\u00e9lyt a vill\u00e1mok jelentik a rendszer sz\u00e1m\u00e1ra. A vill\u00e1mok vezetett vagy sug\u00e1rzott csatol\u00e1ssal villamos zavarokat id\u00e9znek el\u0151. A nem megfelel\u0151 vezet\u00e9kelrendez\u00e9s miatt nagy m\u00e9ret\u0171 hurkok alakulhatnak ki, melyekben \u00edgy az indukci\u00f3 r\u00e9v\u00e9n jelent\u0151s t\u00falfesz\u00fclts\u00e9gek jelenhetnek meg. Mivel k\u00f6zvetlen kapcsolat van az \u00e9p\u00fclet villamos h\u00e1l\u00f3zat\u00e1val, nem csak a modulokban keletkezhet k\u00e1r, hanem az \u00e9p\u00fclet b\u00e1rmely m\u00e1s k\u00e9sz\u00fcl\u00e9k\u00e9ben is. A napelemes rendszerek telep\u00edt\u00e9s\u00e9n\u00e9l mindig ellen\u0151rizni kell a vill\u00e1mv\u00e9delmi rendszer megfelel\u0151s\u00e9g\u00e9t, vagy \u00fajra kell vizsg\u00e1lni a sz\u00fcks\u00e9gess\u00e9g\u00e9t. Ezen t\u00fal optim\u00e1lis vezet\u00e9kez\u00e9ssel \u00e9s megfelel\u0151 t\u00falfesz\u00fclts\u00e9g-levezet\u0151k be\u00e9p\u00edt\u00e9s\u00e9vel a rendszert \u00e9s k\u00f6rnyezet\u00e9t fenyeget\u0151 vesz\u00e9ly minim\u00e1lisra cs\u00f6kkenthet\u0151.<\/p>\n\n\n\n<p>L\u00e1thatjuk, hogy egy komplex rendszerr\u0151l van sz\u00f3, amely nem t\u0171ri a hib\u00e1kat sem a tervez\u00e9s, sem a kivitelez\u00e9s, sem pedig a v\u00e9delem kiv\u00e1laszt\u00e1sa sor\u00e1n. A legfontosabb, amit szem el\u0151tt kell tartani, hogy egyen\u00e1ram\u00fa \u00e1ramk\u00f6rr\u0151l van sz\u00f3, igen magas fesz\u00fclts\u00e9g mellett. A mindennapi tev\u00e9kenys\u00e9g\u00fck sor\u00e1n a tervez\u0151k \u00e9s a villanyszerel\u0151k is ritk\u00e1bban tal\u00e1lkoznak 1000 V k\u00f6r\u00fcli, egyen\u00e1ram\u00fa rendszerekkel. Ez\u00e9rt gyakori, hogy ugyanolyan eszk\u00f6z\u00f6ket terveznek \u00e9s \u00e9p\u00edtenek be, amilyeneket a v\u00e1lt\u00f3\u00e1ramn\u00e1l megszoktak, \u00edgy a v\u00e9delmi berendez\u00e9sek, amelyek az eg\u00e9sz rendszer biztons\u00e1g\u00e1t kellene, hogy szolg\u00e1lj\u00e1k, jelentik a f\u0151 vesz\u00e9lyforr\u00e1st. Sajnos napelemes rendszerekn\u00e9l a hib\u00e1k leggyakrabban t\u00fczet okoznak, ez\u00e9rt nagyon fontos, hogy az OTSZ \u00e9s a TvMI el\u0151\u00edr\u00e1sainak megfelelve \u00e9p\u00fcljenek a napelemes er\u0151m\u0171vek, hogy a t\u0171zesetek \u00e9s \u00e1ram\u00fct\u00e9sek kock\u00e1zata minim\u00e1lisra cs\u00f6kkenhessen.<\/p>\n","protected":false},"excerpt":{"rendered":"<p>A kisfesz\u00fclts\u00e9g\u0171 vez\u00e9rl\u0151- \u00e9s kapcsol\u00f3berendez\u00e9s r\u00e9sze a l\u00e9tes\u00edtm\u00e9ny villamos berendez\u00e9s\u00e9nek. Ez\u00e9rt a l\u00e9tes\u00edtm\u00e9nyek \u00e9s \u00e9p\u00fcletek villamos berendez\u00e9s\u00e9re vonatkoz\u00f3 valamennyi jogszab\u00e1lyt \u00e9s szabv\u00e1nyt marad\u00e9ktalanul alkalmazni kell. A kisfesz\u00fclts\u00e9g\u0171 v\u00e9delmi eloszt\u00f3 kezel\u0151 szervei lehet\u0151v\u00e9 teszik az eloszt\u00f3 villamos \u00e1ramk\u00f6reinek villamos lev\u00e1laszt\u00e1s\u00e1t \u00e9s ell\u00e1tj\u00e1k azoknak t\u00fal\u00e1ramokkal szembeni z\u00e1rlat- \u00e9s t\u00falterhel\u00e9sv\u00e9delm\u00e9t. A napelemmodulok a f\u00e9ny energi\u00e1j\u00e1b\u00f3l egyenfesz\u00fclts\u00e9gen \u00e1ll\u00edtanak el\u0151 [&hellip;]<\/p>\n","protected":false},"author":3,"featured_media":571,"comment_status":"open","ping_status":"open","sticky":false,"template":"","format":"standard","meta":{"footnotes":""},"categories":[1],"tags":[],"class_list":["post-568","post","type-post","status-publish","format-standard","has-post-thumbnail","hentry","category-egyeb"],"yoast_head":"<!-- This site is optimized with the Yoast SEO plugin v19.5.1 - https:\/\/yoast.com\/wordpress\/plugins\/seo\/ -->\n<title>AC \u00e9s DC k\u00f6t\u0151dobozok - egy napelemes rendszer elengedhetetlen r\u00e9szei | H\u00f3dszol\u00e1r<\/title>\n<meta name=\"robots\" content=\"noindex, follow, max-snippet:-1, max-image-preview:large, max-video-preview:-1\" \/>\n<meta property=\"og:locale\" content=\"hu_HU\" \/>\n<meta property=\"og:type\" content=\"article\" \/>\n<meta property=\"og:title\" content=\"AC \u00e9s DC k\u00f6t\u0151dobozok - egy napelemes rendszer elengedhetetlen r\u00e9szei | H\u00f3dszol\u00e1r\" \/>\n<meta property=\"og:description\" content=\"A kisfesz\u00fclts\u00e9g\u0171 vez\u00e9rl\u0151- \u00e9s kapcsol\u00f3berendez\u00e9s r\u00e9sze a l\u00e9tes\u00edtm\u00e9ny villamos berendez\u00e9s\u00e9nek. Ez\u00e9rt a l\u00e9tes\u00edtm\u00e9nyek \u00e9s \u00e9p\u00fcletek villamos berendez\u00e9s\u00e9re vonatkoz\u00f3 valamennyi jogszab\u00e1lyt \u00e9s szabv\u00e1nyt marad\u00e9ktalanul alkalmazni kell. A kisfesz\u00fclts\u00e9g\u0171 v\u00e9delmi eloszt\u00f3 kezel\u0151 szervei lehet\u0151v\u00e9 teszik az eloszt\u00f3 villamos \u00e1ramk\u00f6reinek villamos lev\u00e1laszt\u00e1s\u00e1t \u00e9s ell\u00e1tj\u00e1k azoknak t\u00fal\u00e1ramokkal szembeni z\u00e1rlat- \u00e9s t\u00falterhel\u00e9sv\u00e9delm\u00e9t. A napelemmodulok a f\u00e9ny energi\u00e1j\u00e1b\u00f3l egyenfesz\u00fclts\u00e9gen \u00e1ll\u00edtanak el\u0151 [&hellip;]\" \/>\n<meta property=\"og:url\" content=\"https:\/\/dev.kompaktdesign.hu\/hodszolar.hu\/2021\/09\/03\/ac-es-dc-kotodobozok-egy-napelemes-rendszer-elengedhetetlen-reszei\/\" \/>\n<meta property=\"og:site_name\" content=\"H\u00f3dszol\u00e1r\" \/>\n<meta property=\"article:publisher\" content=\"https:\/\/www.facebook.com\/hodszolar\" \/>\n<meta property=\"article:published_time\" content=\"2021-09-03T11:58:53+00:00\" \/>\n<meta property=\"article:modified_time\" content=\"2021-09-03T12:00:07+00:00\" \/>\n<meta property=\"og:image\" content=\"https:\/\/dev.kompaktdesign.hu\/hodszolar.hu\/wp-content\/uploads\/2021\/09\/ACDC-kotodobozok.png\" \/>\n\t<meta property=\"og:image:width\" content=\"1080\" \/>\n\t<meta property=\"og:image:height\" content=\"1080\" \/>\n\t<meta property=\"og:image:type\" content=\"image\/png\" \/>\n<meta name=\"author\" content=\"H\u00f3dszol\u00e1r Kft.\" \/>\n<meta name=\"twitter:card\" content=\"summary_large_image\" \/>\n<meta name=\"twitter:label1\" content=\"Szerz\u0151:\" \/>\n\t<meta name=\"twitter:data1\" content=\"H\u00f3dszol\u00e1r Kft.\" \/>\n\t<meta name=\"twitter:label2\" content=\"Becs\u00fclt olvas\u00e1si id\u0151\" \/>\n\t<meta name=\"twitter:data2\" content=\"9 perc\" \/>\n<script type=\"application\/ld+json\" class=\"yoast-schema-graph\">{\"@context\":\"https:\/\/schema.org\",\"@graph\":[{\"@type\":\"Article\",\"@id\":\"https:\/\/dev.kompaktdesign.hu\/hodszolar.hu\/2021\/09\/03\/ac-es-dc-kotodobozok-egy-napelemes-rendszer-elengedhetetlen-reszei\/#article\",\"isPartOf\":{\"@id\":\"https:\/\/dev.kompaktdesign.hu\/hodszolar.hu\/2021\/09\/03\/ac-es-dc-kotodobozok-egy-napelemes-rendszer-elengedhetetlen-reszei\/\"},\"author\":{\"name\":\"H\u00f3dszol\u00e1r Kft.\",\"@id\":\"https:\/\/dev.kompaktdesign.hu\/hodszolar.hu\/#\/schema\/person\/a788af940a3d6b2829396312340dd08c\"},\"headline\":\"AC \u00e9s DC k\u00f6t\u0151dobozok - egy napelemes rendszer elengedhetetlen r\u00e9szei\",\"datePublished\":\"2021-09-03T11:58:53+00:00\",\"dateModified\":\"2021-09-03T12:00:07+00:00\",\"mainEntityOfPage\":{\"@id\":\"https:\/\/dev.kompaktdesign.hu\/hodszolar.hu\/2021\/09\/03\/ac-es-dc-kotodobozok-egy-napelemes-rendszer-elengedhetetlen-reszei\/\"},\"wordCount\":2876,\"commentCount\":0,\"publisher\":{\"@id\":\"https:\/\/dev.kompaktdesign.hu\/hodszolar.hu\/#organization\"},\"articleSection\":[\"Egy\u00e9b kateg\u00f3ria\"],\"inLanguage\":\"hu\",\"potentialAction\":[{\"@type\":\"CommentAction\",\"name\":\"Comment\",\"target\":[\"https:\/\/dev.kompaktdesign.hu\/hodszolar.hu\/2021\/09\/03\/ac-es-dc-kotodobozok-egy-napelemes-rendszer-elengedhetetlen-reszei\/#respond\"]}]},{\"@type\":\"WebPage\",\"@id\":\"https:\/\/dev.kompaktdesign.hu\/hodszolar.hu\/2021\/09\/03\/ac-es-dc-kotodobozok-egy-napelemes-rendszer-elengedhetetlen-reszei\/\",\"url\":\"https:\/\/dev.kompaktdesign.hu\/hodszolar.hu\/2021\/09\/03\/ac-es-dc-kotodobozok-egy-napelemes-rendszer-elengedhetetlen-reszei\/\",\"name\":\"AC \u00e9s DC k\u00f6t\u0151dobozok - egy napelemes rendszer elengedhetetlen r\u00e9szei | H\u00f3dszol\u00e1r\",\"isPartOf\":{\"@id\":\"https:\/\/dev.kompaktdesign.hu\/hodszolar.hu\/#website\"},\"datePublished\":\"2021-09-03T11:58:53+00:00\",\"dateModified\":\"2021-09-03T12:00:07+00:00\",\"breadcrumb\":{\"@id\":\"https:\/\/dev.kompaktdesign.hu\/hodszolar.hu\/2021\/09\/03\/ac-es-dc-kotodobozok-egy-napelemes-rendszer-elengedhetetlen-reszei\/#breadcrumb\"},\"inLanguage\":\"hu\",\"potentialAction\":[{\"@type\":\"ReadAction\",\"target\":[\"https:\/\/dev.kompaktdesign.hu\/hodszolar.hu\/2021\/09\/03\/ac-es-dc-kotodobozok-egy-napelemes-rendszer-elengedhetetlen-reszei\/\"]}]},{\"@type\":\"BreadcrumbList\",\"@id\":\"https:\/\/dev.kompaktdesign.hu\/hodszolar.hu\/2021\/09\/03\/ac-es-dc-kotodobozok-egy-napelemes-rendszer-elengedhetetlen-reszei\/#breadcrumb\",\"itemListElement\":[{\"@type\":\"ListItem\",\"position\":1,\"name\":\"Kezd\u0151lap\",\"item\":\"https:\/\/dev.kompaktdesign.hu\/hodszolar.hu\/\"},{\"@type\":\"ListItem\",\"position\":2,\"name\":\"AC \u00e9s DC k\u00f6t\u0151dobozok - egy napelemes rendszer elengedhetetlen r\u00e9szei\"}]},{\"@type\":\"WebSite\",\"@id\":\"https:\/\/dev.kompaktdesign.hu\/hodszolar.hu\/#website\",\"url\":\"https:\/\/dev.kompaktdesign.hu\/hodszolar.hu\/\",\"name\":\"H\u00f3dszol\u00e1r\",\"description\":\"A v\u00e1s\u00e1rhelyi napelemes\",\"publisher\":{\"@id\":\"https:\/\/dev.kompaktdesign.hu\/hodszolar.hu\/#organization\"},\"potentialAction\":[{\"@type\":\"SearchAction\",\"target\":{\"@type\":\"EntryPoint\",\"urlTemplate\":\"https:\/\/dev.kompaktdesign.hu\/hodszolar.hu\/?s={search_term_string}\"},\"query-input\":\"required name=search_term_string\"}],\"inLanguage\":\"hu\"},{\"@type\":\"Organization\",\"@id\":\"https:\/\/dev.kompaktdesign.hu\/hodszolar.hu\/#organization\",\"name\":\"H\u00f3dszol\u00e1r Kft.\",\"url\":\"https:\/\/dev.kompaktdesign.hu\/hodszolar.hu\/\",\"sameAs\":[\"https:\/\/www.facebook.com\/hodszolar\"],\"logo\":{\"@type\":\"ImageObject\",\"inLanguage\":\"hu\",\"@id\":\"https:\/\/dev.kompaktdesign.hu\/hodszolar.hu\/#\/schema\/logo\/image\/\",\"url\":\"https:\/\/dev.kompaktdesign.hu\/hodszolar.hu\/wp-content\/uploads\/2021\/05\/fvicon.png\",\"contentUrl\":\"https:\/\/dev.kompaktdesign.hu\/hodszolar.hu\/wp-content\/uploads\/2021\/05\/fvicon.png\",\"width\":132,\"height\":132,\"caption\":\"H\u00f3dszol\u00e1r Kft.\"},\"image\":{\"@id\":\"https:\/\/dev.kompaktdesign.hu\/hodszolar.hu\/#\/schema\/logo\/image\/\"}},{\"@type\":\"Person\",\"@id\":\"https:\/\/dev.kompaktdesign.hu\/hodszolar.hu\/#\/schema\/person\/a788af940a3d6b2829396312340dd08c\",\"name\":\"H\u00f3dszol\u00e1r Kft.\",\"image\":{\"@type\":\"ImageObject\",\"inLanguage\":\"hu\",\"@id\":\"https:\/\/dev.kompaktdesign.hu\/hodszolar.hu\/#\/schema\/person\/image\/\",\"url\":\"https:\/\/secure.gravatar.com\/avatar\/38df000db6f2e93b7f0ccccf7714392424ca033738d34dfe71f19fdb70329830?s=96&d=mm&r=g\",\"contentUrl\":\"https:\/\/secure.gravatar.com\/avatar\/38df000db6f2e93b7f0ccccf7714392424ca033738d34dfe71f19fdb70329830?s=96&d=mm&r=g\",\"caption\":\"H\u00f3dszol\u00e1r Kft.\"},\"url\":\"https:\/\/dev.kompaktdesign.hu\/hodszolar.hu\/author\/hodszolar\/\"}]}<\/script>\n<!-- \/ Yoast SEO plugin. -->","yoast_head_json":{"title":"AC \u00e9s DC k\u00f6t\u0151dobozok - egy napelemes rendszer elengedhetetlen r\u00e9szei | H\u00f3dszol\u00e1r","robots":{"index":"noindex","follow":"follow","max-snippet":"max-snippet:-1","max-image-preview":"max-image-preview:large","max-video-preview":"max-video-preview:-1"},"og_locale":"hu_HU","og_type":"article","og_title":"AC \u00e9s DC k\u00f6t\u0151dobozok - egy napelemes rendszer elengedhetetlen r\u00e9szei | H\u00f3dszol\u00e1r","og_description":"A kisfesz\u00fclts\u00e9g\u0171 vez\u00e9rl\u0151- \u00e9s kapcsol\u00f3berendez\u00e9s r\u00e9sze a l\u00e9tes\u00edtm\u00e9ny villamos berendez\u00e9s\u00e9nek. Ez\u00e9rt a l\u00e9tes\u00edtm\u00e9nyek \u00e9s \u00e9p\u00fcletek villamos berendez\u00e9s\u00e9re vonatkoz\u00f3 valamennyi jogszab\u00e1lyt \u00e9s szabv\u00e1nyt marad\u00e9ktalanul alkalmazni kell. A kisfesz\u00fclts\u00e9g\u0171 v\u00e9delmi eloszt\u00f3 kezel\u0151 szervei lehet\u0151v\u00e9 teszik az eloszt\u00f3 villamos \u00e1ramk\u00f6reinek villamos lev\u00e1laszt\u00e1s\u00e1t \u00e9s ell\u00e1tj\u00e1k azoknak t\u00fal\u00e1ramokkal szembeni z\u00e1rlat- \u00e9s t\u00falterhel\u00e9sv\u00e9delm\u00e9t. A napelemmodulok a f\u00e9ny energi\u00e1j\u00e1b\u00f3l egyenfesz\u00fclts\u00e9gen \u00e1ll\u00edtanak el\u0151 [&hellip;]","og_url":"https:\/\/dev.kompaktdesign.hu\/hodszolar.hu\/2021\/09\/03\/ac-es-dc-kotodobozok-egy-napelemes-rendszer-elengedhetetlen-reszei\/","og_site_name":"H\u00f3dszol\u00e1r","article_publisher":"https:\/\/www.facebook.com\/hodszolar","article_published_time":"2021-09-03T11:58:53+00:00","article_modified_time":"2021-09-03T12:00:07+00:00","og_image":[{"width":1080,"height":1080,"url":"https:\/\/dev.kompaktdesign.hu\/hodszolar.hu\/wp-content\/uploads\/2021\/09\/ACDC-kotodobozok.png","type":"image\/png"}],"author":"H\u00f3dszol\u00e1r Kft.","twitter_card":"summary_large_image","twitter_misc":{"Szerz\u0151:":"H\u00f3dszol\u00e1r Kft.","Becs\u00fclt olvas\u00e1si id\u0151":"9 perc"},"schema":{"@context":"https:\/\/schema.org","@graph":[{"@type":"Article","@id":"https:\/\/dev.kompaktdesign.hu\/hodszolar.hu\/2021\/09\/03\/ac-es-dc-kotodobozok-egy-napelemes-rendszer-elengedhetetlen-reszei\/#article","isPartOf":{"@id":"https:\/\/dev.kompaktdesign.hu\/hodszolar.hu\/2021\/09\/03\/ac-es-dc-kotodobozok-egy-napelemes-rendszer-elengedhetetlen-reszei\/"},"author":{"name":"H\u00f3dszol\u00e1r Kft.","@id":"https:\/\/dev.kompaktdesign.hu\/hodszolar.hu\/#\/schema\/person\/a788af940a3d6b2829396312340dd08c"},"headline":"AC \u00e9s DC k\u00f6t\u0151dobozok - egy napelemes rendszer elengedhetetlen r\u00e9szei","datePublished":"2021-09-03T11:58:53+00:00","dateModified":"2021-09-03T12:00:07+00:00","mainEntityOfPage":{"@id":"https:\/\/dev.kompaktdesign.hu\/hodszolar.hu\/2021\/09\/03\/ac-es-dc-kotodobozok-egy-napelemes-rendszer-elengedhetetlen-reszei\/"},"wordCount":2876,"commentCount":0,"publisher":{"@id":"https:\/\/dev.kompaktdesign.hu\/hodszolar.hu\/#organization"},"articleSection":["Egy\u00e9b kateg\u00f3ria"],"inLanguage":"hu","potentialAction":[{"@type":"CommentAction","name":"Comment","target":["https:\/\/dev.kompaktdesign.hu\/hodszolar.hu\/2021\/09\/03\/ac-es-dc-kotodobozok-egy-napelemes-rendszer-elengedhetetlen-reszei\/#respond"]}]},{"@type":"WebPage","@id":"https:\/\/dev.kompaktdesign.hu\/hodszolar.hu\/2021\/09\/03\/ac-es-dc-kotodobozok-egy-napelemes-rendszer-elengedhetetlen-reszei\/","url":"https:\/\/dev.kompaktdesign.hu\/hodszolar.hu\/2021\/09\/03\/ac-es-dc-kotodobozok-egy-napelemes-rendszer-elengedhetetlen-reszei\/","name":"AC \u00e9s DC k\u00f6t\u0151dobozok - egy napelemes rendszer elengedhetetlen r\u00e9szei | H\u00f3dszol\u00e1r","isPartOf":{"@id":"https:\/\/dev.kompaktdesign.hu\/hodszolar.hu\/#website"},"datePublished":"2021-09-03T11:58:53+00:00","dateModified":"2021-09-03T12:00:07+00:00","breadcrumb":{"@id":"https:\/\/dev.kompaktdesign.hu\/hodszolar.hu\/2021\/09\/03\/ac-es-dc-kotodobozok-egy-napelemes-rendszer-elengedhetetlen-reszei\/#breadcrumb"},"inLanguage":"hu","potentialAction":[{"@type":"ReadAction","target":["https:\/\/dev.kompaktdesign.hu\/hodszolar.hu\/2021\/09\/03\/ac-es-dc-kotodobozok-egy-napelemes-rendszer-elengedhetetlen-reszei\/"]}]},{"@type":"BreadcrumbList","@id":"https:\/\/dev.kompaktdesign.hu\/hodszolar.hu\/2021\/09\/03\/ac-es-dc-kotodobozok-egy-napelemes-rendszer-elengedhetetlen-reszei\/#breadcrumb","itemListElement":[{"@type":"ListItem","position":1,"name":"Kezd\u0151lap","item":"https:\/\/dev.kompaktdesign.hu\/hodszolar.hu\/"},{"@type":"ListItem","position":2,"name":"AC \u00e9s DC k\u00f6t\u0151dobozok - egy napelemes rendszer elengedhetetlen r\u00e9szei"}]},{"@type":"WebSite","@id":"https:\/\/dev.kompaktdesign.hu\/hodszolar.hu\/#website","url":"https:\/\/dev.kompaktdesign.hu\/hodszolar.hu\/","name":"H\u00f3dszol\u00e1r","description":"A v\u00e1s\u00e1rhelyi napelemes","publisher":{"@id":"https:\/\/dev.kompaktdesign.hu\/hodszolar.hu\/#organization"},"potentialAction":[{"@type":"SearchAction","target":{"@type":"EntryPoint","urlTemplate":"https:\/\/dev.kompaktdesign.hu\/hodszolar.hu\/?s={search_term_string}"},"query-input":"required name=search_term_string"}],"inLanguage":"hu"},{"@type":"Organization","@id":"https:\/\/dev.kompaktdesign.hu\/hodszolar.hu\/#organization","name":"H\u00f3dszol\u00e1r Kft.","url":"https:\/\/dev.kompaktdesign.hu\/hodszolar.hu\/","sameAs":["https:\/\/www.facebook.com\/hodszolar"],"logo":{"@type":"ImageObject","inLanguage":"hu","@id":"https:\/\/dev.kompaktdesign.hu\/hodszolar.hu\/#\/schema\/logo\/image\/","url":"https:\/\/dev.kompaktdesign.hu\/hodszolar.hu\/wp-content\/uploads\/2021\/05\/fvicon.png","contentUrl":"https:\/\/dev.kompaktdesign.hu\/hodszolar.hu\/wp-content\/uploads\/2021\/05\/fvicon.png","width":132,"height":132,"caption":"H\u00f3dszol\u00e1r Kft."},"image":{"@id":"https:\/\/dev.kompaktdesign.hu\/hodszolar.hu\/#\/schema\/logo\/image\/"}},{"@type":"Person","@id":"https:\/\/dev.kompaktdesign.hu\/hodszolar.hu\/#\/schema\/person\/a788af940a3d6b2829396312340dd08c","name":"H\u00f3dszol\u00e1r Kft.","image":{"@type":"ImageObject","inLanguage":"hu","@id":"https:\/\/dev.kompaktdesign.hu\/hodszolar.hu\/#\/schema\/person\/image\/","url":"https:\/\/secure.gravatar.com\/avatar\/38df000db6f2e93b7f0ccccf7714392424ca033738d34dfe71f19fdb70329830?s=96&d=mm&r=g","contentUrl":"https:\/\/secure.gravatar.com\/avatar\/38df000db6f2e93b7f0ccccf7714392424ca033738d34dfe71f19fdb70329830?s=96&d=mm&r=g","caption":"H\u00f3dszol\u00e1r Kft."},"url":"https:\/\/dev.kompaktdesign.hu\/hodszolar.hu\/author\/hodszolar\/"}]}},"_links":{"self":[{"href":"https:\/\/dev.kompaktdesign.hu\/hodszolar.hu\/wp-json\/wp\/v2\/posts\/568","targetHints":{"allow":["GET"]}}],"collection":[{"href":"https:\/\/dev.kompaktdesign.hu\/hodszolar.hu\/wp-json\/wp\/v2\/posts"}],"about":[{"href":"https:\/\/dev.kompaktdesign.hu\/hodszolar.hu\/wp-json\/wp\/v2\/types\/post"}],"author":[{"embeddable":true,"href":"https:\/\/dev.kompaktdesign.hu\/hodszolar.hu\/wp-json\/wp\/v2\/users\/3"}],"replies":[{"embeddable":true,"href":"https:\/\/dev.kompaktdesign.hu\/hodszolar.hu\/wp-json\/wp\/v2\/comments?post=568"}],"version-history":[{"count":2,"href":"https:\/\/dev.kompaktdesign.hu\/hodszolar.hu\/wp-json\/wp\/v2\/posts\/568\/revisions"}],"predecessor-version":[{"id":575,"href":"https:\/\/dev.kompaktdesign.hu\/hodszolar.hu\/wp-json\/wp\/v2\/posts\/568\/revisions\/575"}],"wp:featuredmedia":[{"embeddable":true,"href":"https:\/\/dev.kompaktdesign.hu\/hodszolar.hu\/wp-json\/wp\/v2\/media\/571"}],"wp:attachment":[{"href":"https:\/\/dev.kompaktdesign.hu\/hodszolar.hu\/wp-json\/wp\/v2\/media?parent=568"}],"wp:term":[{"taxonomy":"category","embeddable":true,"href":"https:\/\/dev.kompaktdesign.hu\/hodszolar.hu\/wp-json\/wp\/v2\/categories?post=568"},{"taxonomy":"post_tag","embeddable":true,"href":"https:\/\/dev.kompaktdesign.hu\/hodszolar.hu\/wp-json\/wp\/v2\/tags?post=568"}],"curies":[{"name":"wp","href":"https:\/\/api.w.org\/{rel}","templated":true}]}}