{"id":577,"date":"2021-09-08T06:20:48","date_gmt":"2021-09-08T06:20:48","guid":{"rendered":"https:\/\/hodszolar.hu\/?p=577"},"modified":"2021-09-08T06:20:49","modified_gmt":"2021-09-08T06:20:49","slug":"az-otthoni-munkavegzes-dobta-meg-a-hazai-villamosenergia-keresletet","status":"publish","type":"post","link":"https:\/\/dev.kompaktdesign.hu\/hodszolar.hu\/2021\/09\/08\/az-otthoni-munkavegzes-dobta-meg-a-hazai-villamosenergia-keresletet\/","title":{"rendered":"Az otthoni munkav\u00e9gz\u00e9s dobta meg a hazai villamosenergia-keresletet"},"content":{"rendered":"\n<p><strong>Jelent\u0151sen megn\u0151tt a naper\u0151m\u0171vek termel\u00e9se, folytat\u00f3dott a meg\u00fajul\u00f3technol\u00f3gi\u00e1k t\u00e9rnyer\u00e9se.<\/strong><\/p>\n\n\n\n<p>A hazai villamosenergia-termel\u00e9s 2,3 sz\u00e1zal\u00e9kkal b\u0151v\u00fclt 2020-ban, \u00e9s folytat\u00f3dott a meg\u00fajul\u00f3technol\u00f3gi\u00e1k t\u00e9rnyer\u00e9se: 2020 v\u00e9g\u00e9n m\u00e1r t\u00f6bb mint 1400 MW kereskedelmi c\u00e9l\u00fa naper\u0151m\u0171 \u00e9s 700 MW-ot meghalad\u00f3 h\u00e1ztart\u00e1si m\u00e9ret\u0171 kiser\u0151m\u0171vi kapacit\u00e1s j\u00e1rult hozz\u00e1 a termel\u00e9shez \u2013 der\u00fcl ki a Magyar Energetikai \u00e9s K\u00f6zm\u0171-szab\u00e1lyoz\u00e1si Hivatal (MEKH) 2020-as \u00e9vet \u00f6sszegz\u0151 villamosenergiapiac-monitoring riportj\u00e1b\u00f3l.<\/p>\n\n\n\n<figure class=\"wp-block-image size-full\"><img loading=\"lazy\" decoding=\"async\" width=\"2560\" height=\"1816\" src=\"https:\/\/dev.kompaktdesign.hu\/hodszolar.hu\/wp-content\/uploads\/2021\/09\/grid-scaled-1.jpeg\" alt=\"\" class=\"wp-image-578\"\/><\/figure>\n\n\n\n<p>A 2018-as stagn\u00e1l\u00e1s \u00e9s a 2019-es 1,1 sz\u00e1zal\u00e9kos visszaes\u00e9s ut\u00e1n az Eur\u00f3pai Uni\u00f3 27 tag\u00e1llam\u00e1nak villamosenergia-fogyaszt\u00e1sa 4,4 sz\u00e1zal\u00e9kkal cs\u00f6kkent 2020-ban. Az \u00e9v elej\u00e9n els\u0151sorban az enyhe id\u0151j\u00e1r\u00e1s m\u00e9rs\u00e9kelte a keresletet, majd a pand\u00e9mia miatt egyre sz\u00e9lesebb k\u00f6rben bevezetett korl\u00e1toz\u00e1sok miatt \u00e1prilis \u00e9s m\u00e1jus h\u00f3napban a fogyaszt\u00e1s t\u00f6bb mint 10 sz\u00e1zal\u00e9kkal volt alacsonyabb. A korl\u00e1toz\u00e1sok enyh\u00edt\u00e9s\u00e9vel a kereslet fokozatosan k\u00f6zeledett a 2019-es szinthez.<\/p>\n\n\n\n<p>A villamosenergia-fogyaszt\u00e1s visszaes\u00e9se jellemz\u0151en kisebb volt, mint a GDP cs\u00f6kken\u00e9se. A 27 EU-tag\u00e1llam 6 sz\u00e1zal\u00e9kos GDP-zsugorod\u00e1s\u00e1hoz 4,4 sz\u00e1zal\u00e9kos \u00e1ramfogyaszt\u00e1s-cs\u00f6kken\u00e9s t\u00e1rsult, mivel Eur\u00f3pa-szerte az alacsonyabb energiaig\u00e9ny\u0171 szolg\u00e1ltat\u00f3 szektorokban esett a legnagyobb m\u00e9rt\u00e9kben az aktivit\u00e1s. A r\u00e9gi\u00f3s orsz\u00e1gokkal \u00f6sszevetve azt l\u00e1thatjuk, hogy m\u00edg a magyar GDP visszaes\u00e9s\u00e9nek nagys\u00e1grendje megfelelt a r\u00e9gi\u00f3s orsz\u00e1gokra jellemz\u0151nek, a villamosenergia-kereslet cs\u00f6kken\u00e9se sz\u00e1mottev\u0151en kisebb volt. Mivel az ipari termel\u00e9s hasonl\u00f3an alakult, a szolg\u00e1ltat\u00f3 szektor villamosenergia-fogyaszt\u00e1sban bet\u00f6lt\u00f6tt ar\u00e1nya pedig kisebb, val\u00f3sz\u00edn\u0171, hogy az otthoni munkav\u00e9gz\u00e9s miatt megemelked\u0151 lakoss\u00e1gi fogyaszt\u00e1s t\u00e1masztotta meg a hazai villamosenergia-keresletet.<\/p>\n\n\n\n<p>A fogyaszt\u00e1ssal p\u00e1rhuzamosan az eur\u00f3pai villamosenergia-termel\u00e9s is visszaesett: a 27 tagorsz\u00e1g aggreg\u00e1lt termel\u00e9se 2020-ban 115 TWh-val cs\u00f6kkent. Ugyanakkor a n\u00f6vekv\u0151 kapacit\u00e1sok \u00e9s a kedvez\u0151 id\u0151j\u00e1r\u00e1s k\u00f6vetkezt\u00e9ben a meg\u00fajul\u00f3termel\u00e9s tov\u00e1bb tudott b\u0151v\u00fclni. A magas sz\u00e9n-dioxid-kv\u00f3ta-\u00e1rak hat\u00e1s\u00e1ra a cs\u00f6kken\u0151 keresleti k\u00f6rnyezetben tov\u00e1bb folytat\u00f3dott a sz\u00e9n-g\u00e1z helyettes\u00edt\u00e9se. \u00cdgy Eur\u00f3pa-szerte a sz\u00e9ner\u0151m\u0171vi termel\u00e9s esett vissza a legnagyobb m\u00e9rt\u00e9kben, \u00e1tlagosan 22 sz\u00e1zal\u00e9kkal.<\/p>\n\n\n\n<p>A nukle\u00e1ris termel\u00e9s 12 sz\u00e1zal\u00e9kkal cs\u00f6kkent, ilyen m\u00e9rt\u00e9k\u0171 \u00e9ves es\u00e9sre a fukusimai atomer\u0151m\u0171-baleset (2011) \u00f3ta nem volt p\u00e9lda. Ezt els\u0151sorban az okozta, hogy Sv\u00e9dorsz\u00e1gban \u00e9s N\u00e9metorsz\u00e1gban is bez\u00e1rt egy-egy er\u0151m\u0171, valamint Franciaorsz\u00e1gban \u00e9s Belgiumban elh\u00faz\u00f3d\u00f3 karbantart\u00e1sok miatt volt alacsonyabb a termel\u00e9s.<\/p>\n\n\n\n<p>Az \u00e9v sor\u00e1n a karbonmentes technol\u00f3gi\u00e1k r\u00e9szar\u00e1nya 59 sz\u00e1zal\u00e9kra emelkedett az EU 27 orsz\u00e1g\u00e1ban. M\u00edg a meg\u00fajul\u00f3k r\u00e9szar\u00e1nya 30 sz\u00e1zal\u00e9kr\u00f3l 34-re n\u0151tt, a nukle\u00e1ris technol\u00f3gi\u00e1\u00e9 27-r\u0151l 25-re cs\u00f6kkent. A karbonmentes technol\u00f3gi\u00e1k piaci r\u00e9szesed\u00e9s\u00e9t tekintve Magyarorsz\u00e1g Eur\u00f3pa k\u00f6z\u00e9pmez\u0151ny\u00e9ben helyezkedik el.<\/p>\n\n\n\n<p>Az \u00e9v sor\u00e1n elt\u00e9r\u0151en alakult a hazai lakoss\u00e1gi \u00e9s nem lakoss\u00e1gi c\u00e9l\u00fa villamosenergia-felhaszn\u00e1l\u00e1s. A piaci \u00e1rakn\u00e1l l\u00e9nyegesen alacsonyabb egyetemes szolg\u00e1ltat\u00e1si \u00e1rak, a munkahelyek megtart\u00e1s\u00e1t seg\u00edt\u0151 t\u00e1mogat\u00e1sok, a kikapcsol\u00e1si morat\u00f3rium \u00e9s a fizet\u00e9si k\u00f6nny\u00edt\u00e9sek egy\u00fcttes hat\u00e1s\u00e1ra a lakoss\u00e1gi villamosenergia-fogyaszt\u00e1s 4 sz\u00e1zal\u00e9kkal n\u0151tt az el\u0151z\u0151 \u00e9vhez viszony\u00edtva. K\u00fcl\u00f6n\u00f6sen az utols\u00f3 negyed\u00e9vben emelkedett dinamikusan a lakoss\u00e1gi felhaszn\u00e1l\u00e1s, ami \u00f6sszef\u00fcgg\u00e9sben \u00e1llhat azzal, hogy a pand\u00e9mia miatti int\u00e9zked\u00e9sek k\u00f6vetkezt\u00e9ben a lakoss\u00e1g sokkal t\u00f6bb id\u0151t t\u00f6lt\u00f6tt otthon, r\u00e9szben a k\u00f6zoktat\u00e1si int\u00e9zm\u00e9nyekre vonatkoz\u00f3 korl\u00e1toz\u00e1sok, r\u00e9szben pedig az otthoni munkav\u00e9gz\u00e9s terjed\u00e9se miatt.<\/p>\n\n\n\n<p>Az ipari villamosenergia-fogyaszt\u00e1s a GDP-hez hasonl\u00f3 m\u00e9rt\u00e9kben esett vissza, a m\u00e1sodik negyed\u00e9vben p\u00e9ld\u00e1ul 14 sz\u00e1zal\u00e9kkal volt alacsonyabb, mint a megel\u0151z\u0151 \u00e9v azonos h\u00f3napjaiban. A kil\u00e1bal\u00e1s id\u0151szak\u00e1nak saj\u00e1toss\u00e1ga, hogy a villamosenergia-kereslet n\u00f6veked\u00e9se meghaladta a GDP b\u0151v\u00fcl\u00e9s\u00e9nek \u00fctem\u00e9t. Ez els\u0151sorban annak volt k\u00f6sz\u00f6nhet\u0151, hogy az energiaintenz\u00edvebb ipari \u00e1gazatok fellend\u00fcl\u00e9se a tavaszi korl\u00e1toz\u00e1sok felold\u00e1sa ut\u00e1n szinte azonnal megindult, m\u00edg a kev\u00e9sb\u00e9 energiaig\u00e9nyes szolg\u00e1ltat\u00f3 szektorokban (vend\u00e9gl\u00e1t\u00e1s, sz\u00f3rakoztat\u00f3ipar) tart\u00f3san alacsony maradt az aktivit\u00e1s.<\/p>\n\n\n\n<p>A hazai termel\u00e9sben 2,3 sz\u00e1zal\u00e9kkal b\u0151v\u00fclt tavaly \u00e9s folytat\u00f3dott a meg\u00fajul\u00f3technol\u00f3gi\u00e1k t\u00e9rnyer\u00e9se. A h\u00e1l\u00f3zatra csatlakoz\u00f3 naper\u0151m\u0171vek termel\u00e9se 1 TWh-val emelkedett az el\u0151z\u0151 \u00e9vhez viszony\u00edtva.<\/p>\n\n\n\n<p>A n\u00f6vekv\u0151 meg\u00fajul\u00f3termel\u00e9s jelent\u0151s hat\u00e1st gyakorol a hazai villamosenergia-ell\u00e1t\u00e1s szerkezet\u00e9re. A kih\u00edv\u00e1st az jelenti, hogy a naper\u0151m\u0171vi termel\u00e9s napon bel\u00fcl ingadozik, a termel\u00e9s szintje pedig f\u00fcgg az id\u0151j\u00e1r\u00e1s alakul\u00e1s\u00e1t\u00f3l, \u00e9s sokkal nehezebben jelezhet\u0151 el\u0151re, mint a hagyom\u00e1nyos technol\u00f3gi\u00e1k eset\u00e9ben. Az elemz\u00e9s szerint a naper\u0151m\u0171vi termel\u00e9s napk\u00f6zbeni felfut\u00e1sa, majd esti lecseng\u00e9se egyel\u0151re nem befoly\u00e1solta a hazai er\u0151m\u0171vek menetrendez\u00e9si szok\u00e1sait, a g\u00e1z- \u00e9s lignitt\u00fczel\u00e9s\u0171 er\u0151m\u0171vek termel\u00e9s\u00e9re tov\u00e1bbra is csak az \u00e9jszakai \u00f3r\u00e1kban t\u00f6rt\u00e9n\u0151 leterhel\u00e9s jellemz\u0151. A meg\u00fajul\u00f3termel\u00e9s ingadoz\u00e1saihoz val\u00f3 alkalmazkod\u00e1s alapvet\u0151en az import v\u00e1ltoz\u00e1s\u00e1n kereszt\u00fcl t\u00f6rt\u00e9nt.<\/p>\n\n\n\n<p>Forr\u00e1s: vil\u00e1ggazdas\u00e1g<\/p>\n","protected":false},"excerpt":{"rendered":"<p>Jelent\u0151sen megn\u0151tt a naper\u0151m\u0171vek termel\u00e9se, folytat\u00f3dott a meg\u00fajul\u00f3technol\u00f3gi\u00e1k t\u00e9rnyer\u00e9se. A hazai villamosenergia-termel\u00e9s 2,3 sz\u00e1zal\u00e9kkal b\u0151v\u00fclt 2020-ban, \u00e9s folytat\u00f3dott a meg\u00fajul\u00f3technol\u00f3gi\u00e1k t\u00e9rnyer\u00e9se: 2020 v\u00e9g\u00e9n m\u00e1r t\u00f6bb mint 1400 MW kereskedelmi c\u00e9l\u00fa naper\u0151m\u0171 \u00e9s 700 MW-ot meghalad\u00f3 h\u00e1ztart\u00e1si m\u00e9ret\u0171 kiser\u0151m\u0171vi kapacit\u00e1s j\u00e1rult hozz\u00e1 a termel\u00e9shez \u2013 der\u00fcl ki a Magyar Energetikai \u00e9s K\u00f6zm\u0171-szab\u00e1lyoz\u00e1si Hivatal (MEKH) 2020-as \u00e9vet [&hellip;]<\/p>\n","protected":false},"author":3,"featured_media":578,"comment_status":"open","ping_status":"open","sticky":false,"template":"","format":"standard","meta":{"footnotes":""},"categories":[1],"tags":[],"class_list":["post-577","post","type-post","status-publish","format-standard","has-post-thumbnail","hentry","category-egyeb"],"yoast_head":"<!-- This site is optimized with the Yoast SEO plugin v19.5.1 - https:\/\/yoast.com\/wordpress\/plugins\/seo\/ -->\n<title>Az otthoni munkav\u00e9gz\u00e9s dobta meg a hazai villamosenergia-keresletet | H\u00f3dszol\u00e1r<\/title>\n<meta name=\"robots\" content=\"noindex, follow, max-snippet:-1, max-image-preview:large, max-video-preview:-1\" \/>\n<meta property=\"og:locale\" content=\"hu_HU\" \/>\n<meta property=\"og:type\" content=\"article\" \/>\n<meta property=\"og:title\" content=\"Az otthoni munkav\u00e9gz\u00e9s dobta meg a hazai villamosenergia-keresletet | H\u00f3dszol\u00e1r\" \/>\n<meta property=\"og:description\" content=\"Jelent\u0151sen megn\u0151tt a naper\u0151m\u0171vek termel\u00e9se, folytat\u00f3dott a meg\u00fajul\u00f3technol\u00f3gi\u00e1k t\u00e9rnyer\u00e9se. A hazai villamosenergia-termel\u00e9s 2,3 sz\u00e1zal\u00e9kkal b\u0151v\u00fclt 2020-ban, \u00e9s folytat\u00f3dott a meg\u00fajul\u00f3technol\u00f3gi\u00e1k t\u00e9rnyer\u00e9se: 2020 v\u00e9g\u00e9n m\u00e1r t\u00f6bb mint 1400 MW kereskedelmi c\u00e9l\u00fa naper\u0151m\u0171 \u00e9s 700 MW-ot meghalad\u00f3 h\u00e1ztart\u00e1si m\u00e9ret\u0171 kiser\u0151m\u0171vi kapacit\u00e1s j\u00e1rult hozz\u00e1 a termel\u00e9shez \u2013 der\u00fcl ki a Magyar Energetikai \u00e9s K\u00f6zm\u0171-szab\u00e1lyoz\u00e1si Hivatal (MEKH) 2020-as \u00e9vet [&hellip;]\" \/>\n<meta property=\"og:url\" content=\"https:\/\/dev.kompaktdesign.hu\/hodszolar.hu\/2021\/09\/08\/az-otthoni-munkavegzes-dobta-meg-a-hazai-villamosenergia-keresletet\/\" \/>\n<meta property=\"og:site_name\" content=\"H\u00f3dszol\u00e1r\" \/>\n<meta property=\"article:publisher\" content=\"https:\/\/www.facebook.com\/hodszolar\" \/>\n<meta property=\"article:published_time\" content=\"2021-09-08T06:20:48+00:00\" \/>\n<meta property=\"article:modified_time\" content=\"2021-09-08T06:20:49+00:00\" \/>\n<meta property=\"og:image\" content=\"https:\/\/dev.kompaktdesign.hu\/hodszolar.hu\/wp-content\/uploads\/2021\/09\/grid-scaled-1.jpeg\" \/>\n\t<meta property=\"og:image:width\" content=\"2560\" \/>\n\t<meta property=\"og:image:height\" content=\"1816\" \/>\n\t<meta property=\"og:image:type\" content=\"image\/jpeg\" \/>\n<meta name=\"author\" content=\"H\u00f3dszol\u00e1r Kft.\" \/>\n<meta name=\"twitter:card\" content=\"summary_large_image\" \/>\n<meta name=\"twitter:label1\" content=\"Szerz\u0151:\" \/>\n\t<meta name=\"twitter:data1\" content=\"H\u00f3dszol\u00e1r Kft.\" \/>\n\t<meta name=\"twitter:label2\" content=\"Becs\u00fclt olvas\u00e1si id\u0151\" \/>\n\t<meta name=\"twitter:data2\" content=\"3 perc\" \/>\n<script type=\"application\/ld+json\" class=\"yoast-schema-graph\">{\"@context\":\"https:\/\/schema.org\",\"@graph\":[{\"@type\":\"Article\",\"@id\":\"https:\/\/dev.kompaktdesign.hu\/hodszolar.hu\/2021\/09\/08\/az-otthoni-munkavegzes-dobta-meg-a-hazai-villamosenergia-keresletet\/#article\",\"isPartOf\":{\"@id\":\"https:\/\/dev.kompaktdesign.hu\/hodszolar.hu\/2021\/09\/08\/az-otthoni-munkavegzes-dobta-meg-a-hazai-villamosenergia-keresletet\/\"},\"author\":{\"name\":\"H\u00f3dszol\u00e1r Kft.\",\"@id\":\"https:\/\/dev.kompaktdesign.hu\/hodszolar.hu\/#\/schema\/person\/a788af940a3d6b2829396312340dd08c\"},\"headline\":\"Az otthoni munkav\u00e9gz\u00e9s dobta meg a hazai villamosenergia-keresletet\",\"datePublished\":\"2021-09-08T06:20:48+00:00\",\"dateModified\":\"2021-09-08T06:20:49+00:00\",\"mainEntityOfPage\":{\"@id\":\"https:\/\/dev.kompaktdesign.hu\/hodszolar.hu\/2021\/09\/08\/az-otthoni-munkavegzes-dobta-meg-a-hazai-villamosenergia-keresletet\/\"},\"wordCount\":1018,\"commentCount\":0,\"publisher\":{\"@id\":\"https:\/\/dev.kompaktdesign.hu\/hodszolar.hu\/#organization\"},\"articleSection\":[\"Egy\u00e9b kateg\u00f3ria\"],\"inLanguage\":\"hu\",\"potentialAction\":[{\"@type\":\"CommentAction\",\"name\":\"Comment\",\"target\":[\"https:\/\/dev.kompaktdesign.hu\/hodszolar.hu\/2021\/09\/08\/az-otthoni-munkavegzes-dobta-meg-a-hazai-villamosenergia-keresletet\/#respond\"]}]},{\"@type\":\"WebPage\",\"@id\":\"https:\/\/dev.kompaktdesign.hu\/hodszolar.hu\/2021\/09\/08\/az-otthoni-munkavegzes-dobta-meg-a-hazai-villamosenergia-keresletet\/\",\"url\":\"https:\/\/dev.kompaktdesign.hu\/hodszolar.hu\/2021\/09\/08\/az-otthoni-munkavegzes-dobta-meg-a-hazai-villamosenergia-keresletet\/\",\"name\":\"Az otthoni munkav\u00e9gz\u00e9s dobta meg a hazai villamosenergia-keresletet | H\u00f3dszol\u00e1r\",\"isPartOf\":{\"@id\":\"https:\/\/dev.kompaktdesign.hu\/hodszolar.hu\/#website\"},\"datePublished\":\"2021-09-08T06:20:48+00:00\",\"dateModified\":\"2021-09-08T06:20:49+00:00\",\"breadcrumb\":{\"@id\":\"https:\/\/dev.kompaktdesign.hu\/hodszolar.hu\/2021\/09\/08\/az-otthoni-munkavegzes-dobta-meg-a-hazai-villamosenergia-keresletet\/#breadcrumb\"},\"inLanguage\":\"hu\",\"potentialAction\":[{\"@type\":\"ReadAction\",\"target\":[\"https:\/\/dev.kompaktdesign.hu\/hodszolar.hu\/2021\/09\/08\/az-otthoni-munkavegzes-dobta-meg-a-hazai-villamosenergia-keresletet\/\"]}]},{\"@type\":\"BreadcrumbList\",\"@id\":\"https:\/\/dev.kompaktdesign.hu\/hodszolar.hu\/2021\/09\/08\/az-otthoni-munkavegzes-dobta-meg-a-hazai-villamosenergia-keresletet\/#breadcrumb\",\"itemListElement\":[{\"@type\":\"ListItem\",\"position\":1,\"name\":\"Kezd\u0151lap\",\"item\":\"https:\/\/dev.kompaktdesign.hu\/hodszolar.hu\/\"},{\"@type\":\"ListItem\",\"position\":2,\"name\":\"Az otthoni munkav\u00e9gz\u00e9s dobta meg a hazai villamosenergia-keresletet\"}]},{\"@type\":\"WebSite\",\"@id\":\"https:\/\/dev.kompaktdesign.hu\/hodszolar.hu\/#website\",\"url\":\"https:\/\/dev.kompaktdesign.hu\/hodszolar.hu\/\",\"name\":\"H\u00f3dszol\u00e1r\",\"description\":\"A v\u00e1s\u00e1rhelyi napelemes\",\"publisher\":{\"@id\":\"https:\/\/dev.kompaktdesign.hu\/hodszolar.hu\/#organization\"},\"potentialAction\":[{\"@type\":\"SearchAction\",\"target\":{\"@type\":\"EntryPoint\",\"urlTemplate\":\"https:\/\/dev.kompaktdesign.hu\/hodszolar.hu\/?s={search_term_string}\"},\"query-input\":\"required name=search_term_string\"}],\"inLanguage\":\"hu\"},{\"@type\":\"Organization\",\"@id\":\"https:\/\/dev.kompaktdesign.hu\/hodszolar.hu\/#organization\",\"name\":\"H\u00f3dszol\u00e1r Kft.\",\"url\":\"https:\/\/dev.kompaktdesign.hu\/hodszolar.hu\/\",\"sameAs\":[\"https:\/\/www.facebook.com\/hodszolar\"],\"logo\":{\"@type\":\"ImageObject\",\"inLanguage\":\"hu\",\"@id\":\"https:\/\/dev.kompaktdesign.hu\/hodszolar.hu\/#\/schema\/logo\/image\/\",\"url\":\"https:\/\/dev.kompaktdesign.hu\/hodszolar.hu\/wp-content\/uploads\/2021\/05\/fvicon.png\",\"contentUrl\":\"https:\/\/dev.kompaktdesign.hu\/hodszolar.hu\/wp-content\/uploads\/2021\/05\/fvicon.png\",\"width\":132,\"height\":132,\"caption\":\"H\u00f3dszol\u00e1r Kft.\"},\"image\":{\"@id\":\"https:\/\/dev.kompaktdesign.hu\/hodszolar.hu\/#\/schema\/logo\/image\/\"}},{\"@type\":\"Person\",\"@id\":\"https:\/\/dev.kompaktdesign.hu\/hodszolar.hu\/#\/schema\/person\/a788af940a3d6b2829396312340dd08c\",\"name\":\"H\u00f3dszol\u00e1r Kft.\",\"image\":{\"@type\":\"ImageObject\",\"inLanguage\":\"hu\",\"@id\":\"https:\/\/dev.kompaktdesign.hu\/hodszolar.hu\/#\/schema\/person\/image\/\",\"url\":\"https:\/\/secure.gravatar.com\/avatar\/38df000db6f2e93b7f0ccccf7714392424ca033738d34dfe71f19fdb70329830?s=96&d=mm&r=g\",\"contentUrl\":\"https:\/\/secure.gravatar.com\/avatar\/38df000db6f2e93b7f0ccccf7714392424ca033738d34dfe71f19fdb70329830?s=96&d=mm&r=g\",\"caption\":\"H\u00f3dszol\u00e1r Kft.\"},\"url\":\"https:\/\/dev.kompaktdesign.hu\/hodszolar.hu\/author\/hodszolar\/\"}]}<\/script>\n<!-- \/ Yoast SEO plugin. -->","yoast_head_json":{"title":"Az otthoni munkav\u00e9gz\u00e9s dobta meg a hazai villamosenergia-keresletet | H\u00f3dszol\u00e1r","robots":{"index":"noindex","follow":"follow","max-snippet":"max-snippet:-1","max-image-preview":"max-image-preview:large","max-video-preview":"max-video-preview:-1"},"og_locale":"hu_HU","og_type":"article","og_title":"Az otthoni munkav\u00e9gz\u00e9s dobta meg a hazai villamosenergia-keresletet | H\u00f3dszol\u00e1r","og_description":"Jelent\u0151sen megn\u0151tt a naper\u0151m\u0171vek termel\u00e9se, folytat\u00f3dott a meg\u00fajul\u00f3technol\u00f3gi\u00e1k t\u00e9rnyer\u00e9se. A hazai villamosenergia-termel\u00e9s 2,3 sz\u00e1zal\u00e9kkal b\u0151v\u00fclt 2020-ban, \u00e9s folytat\u00f3dott a meg\u00fajul\u00f3technol\u00f3gi\u00e1k t\u00e9rnyer\u00e9se: 2020 v\u00e9g\u00e9n m\u00e1r t\u00f6bb mint 1400 MW kereskedelmi c\u00e9l\u00fa naper\u0151m\u0171 \u00e9s 700 MW-ot meghalad\u00f3 h\u00e1ztart\u00e1si m\u00e9ret\u0171 kiser\u0151m\u0171vi kapacit\u00e1s j\u00e1rult hozz\u00e1 a termel\u00e9shez \u2013 der\u00fcl ki a Magyar Energetikai \u00e9s K\u00f6zm\u0171-szab\u00e1lyoz\u00e1si Hivatal (MEKH) 2020-as \u00e9vet [&hellip;]","og_url":"https:\/\/dev.kompaktdesign.hu\/hodszolar.hu\/2021\/09\/08\/az-otthoni-munkavegzes-dobta-meg-a-hazai-villamosenergia-keresletet\/","og_site_name":"H\u00f3dszol\u00e1r","article_publisher":"https:\/\/www.facebook.com\/hodszolar","article_published_time":"2021-09-08T06:20:48+00:00","article_modified_time":"2021-09-08T06:20:49+00:00","og_image":[{"width":2560,"height":1816,"url":"https:\/\/dev.kompaktdesign.hu\/hodszolar.hu\/wp-content\/uploads\/2021\/09\/grid-scaled-1.jpeg","type":"image\/jpeg"}],"author":"H\u00f3dszol\u00e1r Kft.","twitter_card":"summary_large_image","twitter_misc":{"Szerz\u0151:":"H\u00f3dszol\u00e1r Kft.","Becs\u00fclt olvas\u00e1si id\u0151":"3 perc"},"schema":{"@context":"https:\/\/schema.org","@graph":[{"@type":"Article","@id":"https:\/\/dev.kompaktdesign.hu\/hodszolar.hu\/2021\/09\/08\/az-otthoni-munkavegzes-dobta-meg-a-hazai-villamosenergia-keresletet\/#article","isPartOf":{"@id":"https:\/\/dev.kompaktdesign.hu\/hodszolar.hu\/2021\/09\/08\/az-otthoni-munkavegzes-dobta-meg-a-hazai-villamosenergia-keresletet\/"},"author":{"name":"H\u00f3dszol\u00e1r Kft.","@id":"https:\/\/dev.kompaktdesign.hu\/hodszolar.hu\/#\/schema\/person\/a788af940a3d6b2829396312340dd08c"},"headline":"Az otthoni munkav\u00e9gz\u00e9s dobta meg a hazai villamosenergia-keresletet","datePublished":"2021-09-08T06:20:48+00:00","dateModified":"2021-09-08T06:20:49+00:00","mainEntityOfPage":{"@id":"https:\/\/dev.kompaktdesign.hu\/hodszolar.hu\/2021\/09\/08\/az-otthoni-munkavegzes-dobta-meg-a-hazai-villamosenergia-keresletet\/"},"wordCount":1018,"commentCount":0,"publisher":{"@id":"https:\/\/dev.kompaktdesign.hu\/hodszolar.hu\/#organization"},"articleSection":["Egy\u00e9b kateg\u00f3ria"],"inLanguage":"hu","potentialAction":[{"@type":"CommentAction","name":"Comment","target":["https:\/\/dev.kompaktdesign.hu\/hodszolar.hu\/2021\/09\/08\/az-otthoni-munkavegzes-dobta-meg-a-hazai-villamosenergia-keresletet\/#respond"]}]},{"@type":"WebPage","@id":"https:\/\/dev.kompaktdesign.hu\/hodszolar.hu\/2021\/09\/08\/az-otthoni-munkavegzes-dobta-meg-a-hazai-villamosenergia-keresletet\/","url":"https:\/\/dev.kompaktdesign.hu\/hodszolar.hu\/2021\/09\/08\/az-otthoni-munkavegzes-dobta-meg-a-hazai-villamosenergia-keresletet\/","name":"Az otthoni munkav\u00e9gz\u00e9s dobta meg a hazai villamosenergia-keresletet | H\u00f3dszol\u00e1r","isPartOf":{"@id":"https:\/\/dev.kompaktdesign.hu\/hodszolar.hu\/#website"},"datePublished":"2021-09-08T06:20:48+00:00","dateModified":"2021-09-08T06:20:49+00:00","breadcrumb":{"@id":"https:\/\/dev.kompaktdesign.hu\/hodszolar.hu\/2021\/09\/08\/az-otthoni-munkavegzes-dobta-meg-a-hazai-villamosenergia-keresletet\/#breadcrumb"},"inLanguage":"hu","potentialAction":[{"@type":"ReadAction","target":["https:\/\/dev.kompaktdesign.hu\/hodszolar.hu\/2021\/09\/08\/az-otthoni-munkavegzes-dobta-meg-a-hazai-villamosenergia-keresletet\/"]}]},{"@type":"BreadcrumbList","@id":"https:\/\/dev.kompaktdesign.hu\/hodszolar.hu\/2021\/09\/08\/az-otthoni-munkavegzes-dobta-meg-a-hazai-villamosenergia-keresletet\/#breadcrumb","itemListElement":[{"@type":"ListItem","position":1,"name":"Kezd\u0151lap","item":"https:\/\/dev.kompaktdesign.hu\/hodszolar.hu\/"},{"@type":"ListItem","position":2,"name":"Az otthoni munkav\u00e9gz\u00e9s dobta meg a hazai villamosenergia-keresletet"}]},{"@type":"WebSite","@id":"https:\/\/dev.kompaktdesign.hu\/hodszolar.hu\/#website","url":"https:\/\/dev.kompaktdesign.hu\/hodszolar.hu\/","name":"H\u00f3dszol\u00e1r","description":"A v\u00e1s\u00e1rhelyi napelemes","publisher":{"@id":"https:\/\/dev.kompaktdesign.hu\/hodszolar.hu\/#organization"},"potentialAction":[{"@type":"SearchAction","target":{"@type":"EntryPoint","urlTemplate":"https:\/\/dev.kompaktdesign.hu\/hodszolar.hu\/?s={search_term_string}"},"query-input":"required name=search_term_string"}],"inLanguage":"hu"},{"@type":"Organization","@id":"https:\/\/dev.kompaktdesign.hu\/hodszolar.hu\/#organization","name":"H\u00f3dszol\u00e1r Kft.","url":"https:\/\/dev.kompaktdesign.hu\/hodszolar.hu\/","sameAs":["https:\/\/www.facebook.com\/hodszolar"],"logo":{"@type":"ImageObject","inLanguage":"hu","@id":"https:\/\/dev.kompaktdesign.hu\/hodszolar.hu\/#\/schema\/logo\/image\/","url":"https:\/\/dev.kompaktdesign.hu\/hodszolar.hu\/wp-content\/uploads\/2021\/05\/fvicon.png","contentUrl":"https:\/\/dev.kompaktdesign.hu\/hodszolar.hu\/wp-content\/uploads\/2021\/05\/fvicon.png","width":132,"height":132,"caption":"H\u00f3dszol\u00e1r Kft."},"image":{"@id":"https:\/\/dev.kompaktdesign.hu\/hodszolar.hu\/#\/schema\/logo\/image\/"}},{"@type":"Person","@id":"https:\/\/dev.kompaktdesign.hu\/hodszolar.hu\/#\/schema\/person\/a788af940a3d6b2829396312340dd08c","name":"H\u00f3dszol\u00e1r Kft.","image":{"@type":"ImageObject","inLanguage":"hu","@id":"https:\/\/dev.kompaktdesign.hu\/hodszolar.hu\/#\/schema\/person\/image\/","url":"https:\/\/secure.gravatar.com\/avatar\/38df000db6f2e93b7f0ccccf7714392424ca033738d34dfe71f19fdb70329830?s=96&d=mm&r=g","contentUrl":"https:\/\/secure.gravatar.com\/avatar\/38df000db6f2e93b7f0ccccf7714392424ca033738d34dfe71f19fdb70329830?s=96&d=mm&r=g","caption":"H\u00f3dszol\u00e1r Kft."},"url":"https:\/\/dev.kompaktdesign.hu\/hodszolar.hu\/author\/hodszolar\/"}]}},"_links":{"self":[{"href":"https:\/\/dev.kompaktdesign.hu\/hodszolar.hu\/wp-json\/wp\/v2\/posts\/577","targetHints":{"allow":["GET"]}}],"collection":[{"href":"https:\/\/dev.kompaktdesign.hu\/hodszolar.hu\/wp-json\/wp\/v2\/posts"}],"about":[{"href":"https:\/\/dev.kompaktdesign.hu\/hodszolar.hu\/wp-json\/wp\/v2\/types\/post"}],"author":[{"embeddable":true,"href":"https:\/\/dev.kompaktdesign.hu\/hodszolar.hu\/wp-json\/wp\/v2\/users\/3"}],"replies":[{"embeddable":true,"href":"https:\/\/dev.kompaktdesign.hu\/hodszolar.hu\/wp-json\/wp\/v2\/comments?post=577"}],"version-history":[{"count":1,"href":"https:\/\/dev.kompaktdesign.hu\/hodszolar.hu\/wp-json\/wp\/v2\/posts\/577\/revisions"}],"predecessor-version":[{"id":579,"href":"https:\/\/dev.kompaktdesign.hu\/hodszolar.hu\/wp-json\/wp\/v2\/posts\/577\/revisions\/579"}],"wp:featuredmedia":[{"embeddable":true,"href":"https:\/\/dev.kompaktdesign.hu\/hodszolar.hu\/wp-json\/wp\/v2\/media\/578"}],"wp:attachment":[{"href":"https:\/\/dev.kompaktdesign.hu\/hodszolar.hu\/wp-json\/wp\/v2\/media?parent=577"}],"wp:term":[{"taxonomy":"category","embeddable":true,"href":"https:\/\/dev.kompaktdesign.hu\/hodszolar.hu\/wp-json\/wp\/v2\/categories?post=577"},{"taxonomy":"post_tag","embeddable":true,"href":"https:\/\/dev.kompaktdesign.hu\/hodszolar.hu\/wp-json\/wp\/v2\/tags?post=577"}],"curies":[{"name":"wp","href":"https:\/\/api.w.org\/{rel}","templated":true}]}}