{"id":580,"date":"2021-09-08T06:30:15","date_gmt":"2021-09-08T06:30:15","guid":{"rendered":"https:\/\/hodszolar.hu\/?p=580"},"modified":"2021-09-08T09:16:55","modified_gmt":"2021-09-08T09:16:55","slug":"100-os-tamogatas-milyen-dokumentumokra-lesz-szukseg","status":"publish","type":"post","link":"https:\/\/dev.kompaktdesign.hu\/hodszolar.hu\/2021\/09\/08\/100-os-tamogatas-milyen-dokumentumokra-lesz-szukseg\/","title":{"rendered":"Felp\u00f6rgetett megt\u00e9r\u00fcl\u00e9s \u2013 az \u00e1llami t\u00e1mogat\u00e1s \u00e9s a napelemes rendszerek terjed\u00e9se"},"content":{"rendered":"\n<p><strong>A h\u00e1ztart\u00e1si napelemes rendszerek telep\u00edt\u00e9s\u00e9re is felhaszn\u00e1lhat\u00f3 \u00e1llami t\u00e1mogat\u00e1soknak k\u00f6sz\u00f6nhet\u0151en jelent\u0151sen megemelkedett az \u00e9rdekl\u0151d\u00e9s a meg\u00fajul\u00f3 energia felhaszn\u00e1l\u00e1sa ir\u00e1nt. A megt\u00e9r\u00fcl\u00e9si id\u0151 ler\u00f6vid\u00fclt, \u00e9s egyre t\u00f6bben haszn\u00e1lj\u00e1k a h\u00e1zilag begy\u0171jt\u00f6tt napenergi\u00e1t az elektromos j\u00e1rm\u0171vek t\u00f6lt\u00e9s\u00e9re is.<\/strong><\/p>\n\n\n\n<figure class=\"wp-block-image\"><img decoding=\"async\" src=\"https:\/\/napelemrendszer.info\/files\/napelemrendszer\/img\/kepek\/elektromos-autok-toltese-napelemekkel\/napelemmel-mukodo-toltoallomas.jpg\" alt=\"Elektromos aut\u00f3k t\u00f6lt\u00e9se napelemekkel: a jelen \u00e9s a j\u00f6v\u0151 lehet\u0151s\u00e9gei\"\/><\/figure>\n\n\n\n<p>Nyolcvanezer k\u00f6r\u00fcl j\u00e1r Magyarorsz\u00e1gon a h\u00e1ztart\u00e1si m\u00e9ret\u0171 \u201enaper\u0151m\u0171vek\u201d sz\u00e1ma, \u00edgy val\u00f3sz\u00edn\u0171leg a tervezettn\u00e9l gyorsabban teljes\u00fcl az a korm\u00e1nyzati terv, amely 2030-ra legal\u00e1bb 200 ezer ilyen rendszer telep\u00edt\u00e9s\u00e9t t\u0171zte ki c\u00e9lul. A hivatalos \u2013 az egy \u00e9vvel ezel\u0151tti helyzetet r\u00f6gz\u00edt\u0151 \u2013 adatok 72 ezer h\u00e1ztart\u00e1si napelemes rendszerr\u0151l sz\u00f3lnak, amelyek be\u00e9p\u00edtett \u00f6sszteljes\u00edtm\u00e9nye 584 megawatt volt, ami nagyj\u00e1b\u00f3l a harmada a paksi atomer\u0151m\u0171 jelenlegi teljes\u00edtm\u00e9ny\u00e9nek.<\/p>\n\n\n\n<p>A rendszereket telep\u00edt\u0151 c\u00e9gek elmond\u00e1sa szerint azonban az otthonteremt\u00e9si t\u00e1mogat\u00e1s bevezet\u00e9se ut\u00e1n az \u00e9rdekl\u0151d\u00e9s l\u00e1tv\u00e1nyosan megugrott, \u00e9s komoly roham indult a napelemek\u00e9rt. A&nbsp;forgalmaz\u00f3k az ig\u00e9nyek megh\u00e1romszoroz\u00f3d\u00e1s\u00e1r\u00f3l sz\u00e1molnak be. A jelenleg \u00e9rv\u00e9nyes szab\u00e1lyok szerint a sz\u00e1ml\u00e1val igazolt fel\u00faj\u00edt\u00e1si k\u00f6lts\u00e9gek 50 sz\u00e1zal\u00e9ka, de maximum 3.000.000 forint lehet a t\u00e1mogat\u00e1s \u00f6sszege. Az egyetlen komoly korl\u00e1toz\u00f3 felt\u00e9tel az, hogy a t\u00e1mogat\u00e1s \u00f6sszeg\u00e9ben az anyagk\u00f6lts\u00e9g, illetve a v\u00e1llalkoz\u00f3i d\u00edj 50-50 sz\u00e1zal\u00e9kos ar\u00e1nyban szerepelhet, ami egy\u00e9bk\u00e9nt nem azt jelenti, hogy akkor \u00e9rhet\u0151 el a maxim\u00e1lis t\u00e1mogat\u00e1s, ha megegyezik az anyagk\u00f6lts\u00e9g \u00e9s a munkad\u00edj. A sz\u00e1zal\u00e9kos felt\u00e9tel a t\u00e1mogatott \u00f6sszegre vonatkozik, \u00edgy maga a projekt 75-25%-ban is teljes, 50%-os t\u00e1mogatotts\u00e1got jelent.<\/p>\n\n\n\n<p>M\u00edg az \u00e1llami t\u00e1mogat\u00e1si program beind\u00edt\u00e1sa el\u0151tt a megt\u00e9r\u00fcl\u00e9si id\u0151 t\u00edz \u00e9v k\u00f6r\u00fcl volt, a visszat\u00e9r\u00edt\u00e9s miatt ez most jelent\u0151sen ler\u00f6vid\u00fclt. Egy \u00e1tlagos, nem \u00e1rammal f\u0171t\u00f6tt csal\u00e1di h\u00e1zban a 18 ezer forint k\u00f6r\u00fcli havi villanysz\u00e1mla kiv\u00e1lt\u00e1s\u00e1hoz egy 5 kilowattos rendszer is el\u00e9g lehet. A panelek sz\u00e1m\u00e1nak b\u0151v\u00edt\u00e9s\u00e9vel megoldhat\u00f3 a h\u00e1ztart\u00e1sban l\u00e9v\u0151 elektromos aut\u00f3k otthoni t\u00f6lt\u00e9se is, \u00e9s h\u00e1t neh\u00e9z ann\u00e1l kedvez\u0151bb \u00e1rat elk\u00e9pzelni, mint&nbsp;amikor a j\u00e1rm\u0171 a helyben megtermelt \u00e1ramb\u00f3l v\u00e9telez.<\/p>\n\n\n\n<p><strong>Marad a szald\u00f3<\/strong><\/p>\n\n\n\n<p>Az elsz\u00e1mol\u00e1s k\u00e9tfajta lehet, szald\u00f3s, illetve brutt\u00f3. A szald\u00f3 alap\u00fa elsz\u00e1mol\u00e1sn\u00e1l \u00f6sszevetik a h\u00e1l\u00f3zatba bet\u00e1pl\u00e1lt, illetve a nem naps\u00fct\u00e9ses \u00f3r\u00e1kban onnan v\u00e9telezett \u00e1ram mennyis\u00e9g\u00e9t \u00e9s ha a k\u00e9t mennyis\u00e9g megegyezik, akkor nulla forint lesz a villanysz\u00e1mla. A m\u00e1sik elsz\u00e1mol\u00e1s l\u00e9nyege az, hogy k\u00fcl\u00f6n-k\u00fcl\u00f6n jegyzik a bet\u00e1pl\u00e1lt \u00e9s a felhaszn\u00e1lt \u00e1rammennyis\u00e9get, \u00e1m az \u00e1ramszolg\u00e1ltat\u00f3k kevesebbet fizetnek az \u00e1tvett \u00e1ram\u00e9rt, mint amennyit a v\u00e9telezett\u00e9rt sz\u00e1m\u00edtanak fel. Sok\u00e1ig \u00fagy volt, hogy a mostani \u00e1llami t\u00e1mogat\u00e1st ig\u00e9nybe vev\u0151k csak a kedvez\u0151tlenebb, brutt\u00f3 elsz\u00e1mol\u00e1st v\u00e1laszthatj\u00e1k, \u00e1m a k\u00f6zelm\u00faltban k\u00f6z\u00f6lt\u00e9k, tov\u00e1bbi bejelent\u00e9sig a szald\u00f3 elsz\u00e1mol\u00e1s vonatkozik az otthonfel\u00faj\u00edt\u00e1si t\u00e1mogat\u00e1st ig\u00e9nyl\u0151kre is. A szald\u00f3 \u00e9s brutt\u00f3 elsz\u00e1mol\u00e1s k\u00f6z\u00f6tti k\u00fcl\u00f6nbs\u00e9gr\u0151l <a href=\"https:\/\/dev.kompaktdesign.hu\/hodszolar.hu\/2021\/07\/01\/szaldo-vagy-brutto-elszamolas\/\">itt<\/a> \u00edrtunk kor\u00e1bban.<\/p>\n\n\n\n<p>A napelemek \u00e9lettartama legal\u00e1bb harminc \u00e9v, a tapasztalatok azt mutatj\u00e1k, hogy m\u00e9g a h\u00fasz \u00e9vn\u00e9l r\u00e9gebben haszn\u00e1lt t\u00e1bl\u00e1k is csak legfeljebb n\u00e9h\u00e1ny sz\u00e1zal\u00e9kot vesz\u00edtettek a hat\u00e1sfokukb\u00f3l.&nbsp;A gy\u00e1rt\u00f3k \u00e9s a forgalmaz\u00f3k jellemz\u0151en 25-30 \u00e9ves teljes\u00edtm\u00e9nygaranci\u00e1t v\u00e1llalnak, ez azt jelenti, hogy a panelek hat\u00e1sfoka legfeljebb h\u00fasz sz\u00e1zal\u00e9kkal cs\u00f6kken. A h\u00e1ztet\u0151re telep\u00edtett modulok s\u00falya elhanyagolhat\u00f3, t\u00e9len egy-egy havaz\u00e1s sor\u00e1n a t\u00e1bl\u00e1k\u00e9n\u00e1l j\u00f3val nagyobb teher nehezedik a tet\u0151re.<\/p>\n\n\n\n<p>A napenergi\u00e1val termelt egyen\u00e1ramot v\u00e1lt\u00f3\u00e1ramm\u00e1 \u00e1talak\u00edt\u00f3, illetve a felesleges \u00e1ramot a h\u00e1l\u00f3zatba t\u00e1pl\u00e1l\u00f3 inverterek \u00e9lettartama is hossz\u00fa, legal\u00e1bb 15-20 \u00e9ves. A karbantart\u00e1s nem bonyolult, a gondoz\u00e1s a modulok tiszt\u00edt\u00e1s\u00e1b\u00f3l, illetve a r\u00f6gz\u00edt\u0151csavarok ellen\u0151rz\u00e9s\u00e9b\u0151l \u00e1ll. Az inverter szerep\u00e9r\u0151l <a href=\"https:\/\/dev.kompaktdesign.hu\/hodszolar.hu\/2021\/08\/09\/mit-csinal-az-inverter\/\">itt<\/a> tudtok b\u0151vebben olvasni!<\/p>\n\n\n\n<p>A korszer\u0171 napelemes rendszerek kapcsolatban vannak az internettel, \u00edgy a felhaszn\u00e1l\u00f3k a nap 24 \u00f3r\u00e1j\u00e1ban tudj\u00e1k k\u00f6vetni az energiatermel\u00e9ssel kapcsolatos adatokat. Az okos rendszert <a href=\"https:\/\/dev.kompaktdesign.hu\/hodszolar.hu\/okos-rendszer\/\">itt<\/a> r\u00e9szletezt\u00fck.<\/p>\n\n\n\n<p><strong>\u00dajabb programok kellen\u00e9nek<\/strong><\/p>\n\n\n\n<p>A szolg\u00e1ltat\u00f3k szerint a fejleszt\u00e9s t\u00e1mogat\u00e1si programok folyamatos el\u00e9rhet\u0151v\u00e9 t\u00e9tel\u00e9re lenne sz\u00fcks\u00e9g, a kor\u00e1bbi \u00e9vek tapasztalatai is azt mutatj\u00e1k, hogy ha az ilyen forr\u00e1sok el\u00e9rhet\u0151v\u00e9 v\u00e1lnak, az emberek k\u00f6nnyebben sz\u00e1nj\u00e1k el magukat a beruh\u00e1z\u00e1sra.&nbsp; Ugyanakkor az is igaz, hogy ez a piac az \u00f6szt\u00f6nz\u0151kt\u0151l f\u00fcggetlen\u00fcl is dinamikusan fejl\u0151dik, a k\u00f6zv\u00e9lem\u00e9ny-kutat\u00e1sok szerint a megk\u00e9rdezett magyarok k\u00e9tharmada szeretne otthon\u00e1ba napelemes rendszert telep\u00edteni, mert azt k\u00f6rnyezettudatos \u00e9s biztosan megt\u00e9r\u00fcl\u0151 beruh\u00e1z\u00e1snak tartja.<\/p>\n\n\n\n<p><strong>K\u00f6rnyezettudatoss\u00e1g \u00e9s \u00e9rt\u00e9kn\u00f6vel\u00e9s<\/strong><\/p>\n\n\n\n<p>A megt\u00e9r\u00fcl\u00e9sen t\u00fal az is fontos, hogy a napelemek haszn\u00e1lata val\u00f3ban k\u00f6rnyezetbar\u00e1t: nem ker\u00fcl sz\u00e9n-dioxid az atmoszf\u00e9r\u00e1ba, \u00edgy, ha m\u00e9g ink\u00e1bb elterjed a meg\u00fajul\u00f3 energiaforr\u00e1sok haszn\u00e1lata, jelent\u0151s m\u00e9rt\u00e9kben cs\u00f6kkenhet az \u00fcvegh\u00e1zhat\u00e1st fokoz\u00f3 g\u00e1zok l\u00e9gk\u00f6ri koncentr\u00e1ci\u00f3ja. \u00c9s a napelemek \u2013 \u00e9ppen az\u00e9rt, mert cs\u00f6kkentik a h\u00e1zak fenntart\u00e1si k\u00f6lts\u00e9geit \u2013 egy ad\u00e1sv\u00e9tel eset\u00e9n megn\u00f6velik az elad\u00f3sorba ker\u00fclt ingatlan \u00e9rt\u00e9k\u00e9t.<\/p>\n","protected":false},"excerpt":{"rendered":"<p>A h\u00e1ztart\u00e1si napelemes rendszerek telep\u00edt\u00e9s\u00e9re is felhaszn\u00e1lhat\u00f3 \u00e1llami t\u00e1mogat\u00e1soknak k\u00f6sz\u00f6nhet\u0151en jelent\u0151sen megemelkedett az \u00e9rdekl\u0151d\u00e9s a meg\u00fajul\u00f3 energia felhaszn\u00e1l\u00e1sa ir\u00e1nt. A megt\u00e9r\u00fcl\u00e9si id\u0151 ler\u00f6vid\u00fclt, \u00e9s egyre t\u00f6bben haszn\u00e1lj\u00e1k a h\u00e1zilag begy\u0171jt\u00f6tt napenergi\u00e1t az elektromos j\u00e1rm\u0171vek t\u00f6lt\u00e9s\u00e9re is. Nyolcvanezer k\u00f6r\u00fcl j\u00e1r Magyarorsz\u00e1gon a h\u00e1ztart\u00e1si m\u00e9ret\u0171 \u201enaper\u0151m\u0171vek\u201d sz\u00e1ma, \u00edgy val\u00f3sz\u00edn\u0171leg a tervezettn\u00e9l gyorsabban teljes\u00fcl az a korm\u00e1nyzati terv, [&hellip;]<\/p>\n","protected":false},"author":3,"featured_media":585,"comment_status":"open","ping_status":"open","sticky":false,"template":"","format":"standard","meta":{"footnotes":""},"categories":[1],"tags":[],"class_list":["post-580","post","type-post","status-publish","format-standard","has-post-thumbnail","hentry","category-egyeb"],"yoast_head":"<!-- This site is optimized with the Yoast SEO plugin v19.5.1 - https:\/\/yoast.com\/wordpress\/plugins\/seo\/ -->\n<title>Felp\u00f6rgetett megt\u00e9r\u00fcl\u00e9s \u2013 az \u00e1llami t\u00e1mogat\u00e1s \u00e9s a napelemes rendszerek terjed\u00e9se | H\u00f3dszol\u00e1r<\/title>\n<meta name=\"robots\" content=\"noindex, follow, max-snippet:-1, max-image-preview:large, max-video-preview:-1\" \/>\n<meta property=\"og:locale\" content=\"hu_HU\" \/>\n<meta property=\"og:type\" content=\"article\" \/>\n<meta property=\"og:title\" content=\"Felp\u00f6rgetett megt\u00e9r\u00fcl\u00e9s \u2013 az \u00e1llami t\u00e1mogat\u00e1s \u00e9s a napelemes rendszerek terjed\u00e9se | H\u00f3dszol\u00e1r\" \/>\n<meta property=\"og:description\" content=\"A h\u00e1ztart\u00e1si napelemes rendszerek telep\u00edt\u00e9s\u00e9re is felhaszn\u00e1lhat\u00f3 \u00e1llami t\u00e1mogat\u00e1soknak k\u00f6sz\u00f6nhet\u0151en jelent\u0151sen megemelkedett az \u00e9rdekl\u0151d\u00e9s a meg\u00fajul\u00f3 energia felhaszn\u00e1l\u00e1sa ir\u00e1nt. A megt\u00e9r\u00fcl\u00e9si id\u0151 ler\u00f6vid\u00fclt, \u00e9s egyre t\u00f6bben haszn\u00e1lj\u00e1k a h\u00e1zilag begy\u0171jt\u00f6tt napenergi\u00e1t az elektromos j\u00e1rm\u0171vek t\u00f6lt\u00e9s\u00e9re is. Nyolcvanezer k\u00f6r\u00fcl j\u00e1r Magyarorsz\u00e1gon a h\u00e1ztart\u00e1si m\u00e9ret\u0171 \u201enaper\u0151m\u0171vek\u201d sz\u00e1ma, \u00edgy val\u00f3sz\u00edn\u0171leg a tervezettn\u00e9l gyorsabban teljes\u00fcl az a korm\u00e1nyzati terv, [&hellip;]\" \/>\n<meta property=\"og:url\" content=\"https:\/\/dev.kompaktdesign.hu\/hodszolar.hu\/2021\/09\/08\/100-os-tamogatas-milyen-dokumentumokra-lesz-szukseg\/\" \/>\n<meta property=\"og:site_name\" content=\"H\u00f3dszol\u00e1r\" \/>\n<meta property=\"article:publisher\" content=\"https:\/\/www.facebook.com\/hodszolar\" \/>\n<meta property=\"article:published_time\" content=\"2021-09-08T06:30:15+00:00\" \/>\n<meta property=\"article:modified_time\" content=\"2021-09-08T09:16:55+00:00\" \/>\n<meta property=\"og:image\" content=\"https:\/\/dev.kompaktdesign.hu\/hodszolar.hu\/wp-content\/uploads\/2021\/09\/photo_pv_city_premier_sacramento_2004_low_0.jpg\" \/>\n\t<meta property=\"og:image:width\" content=\"588\" \/>\n\t<meta property=\"og:image:height\" content=\"398\" \/>\n\t<meta property=\"og:image:type\" content=\"image\/jpeg\" \/>\n<meta name=\"author\" content=\"H\u00f3dszol\u00e1r Kft.\" \/>\n<meta name=\"twitter:card\" content=\"summary_large_image\" \/>\n<meta name=\"twitter:label1\" content=\"Szerz\u0151:\" \/>\n\t<meta name=\"twitter:data1\" content=\"H\u00f3dszol\u00e1r Kft.\" \/>\n\t<meta name=\"twitter:label2\" content=\"Becs\u00fclt olvas\u00e1si id\u0151\" \/>\n\t<meta name=\"twitter:data2\" content=\"4 perc\" \/>\n<script type=\"application\/ld+json\" class=\"yoast-schema-graph\">{\"@context\":\"https:\/\/schema.org\",\"@graph\":[{\"@type\":\"Article\",\"@id\":\"https:\/\/dev.kompaktdesign.hu\/hodszolar.hu\/2021\/09\/08\/100-os-tamogatas-milyen-dokumentumokra-lesz-szukseg\/#article\",\"isPartOf\":{\"@id\":\"https:\/\/dev.kompaktdesign.hu\/hodszolar.hu\/2021\/09\/08\/100-os-tamogatas-milyen-dokumentumokra-lesz-szukseg\/\"},\"author\":{\"name\":\"H\u00f3dszol\u00e1r Kft.\",\"@id\":\"https:\/\/dev.kompaktdesign.hu\/hodszolar.hu\/#\/schema\/person\/a788af940a3d6b2829396312340dd08c\"},\"headline\":\"Felp\u00f6rgetett megt\u00e9r\u00fcl\u00e9s \u2013 az \u00e1llami t\u00e1mogat\u00e1s \u00e9s a napelemes rendszerek terjed\u00e9se\",\"datePublished\":\"2021-09-08T06:30:15+00:00\",\"dateModified\":\"2021-09-08T09:16:55+00:00\",\"mainEntityOfPage\":{\"@id\":\"https:\/\/dev.kompaktdesign.hu\/hodszolar.hu\/2021\/09\/08\/100-os-tamogatas-milyen-dokumentumokra-lesz-szukseg\/\"},\"wordCount\":1080,\"commentCount\":0,\"publisher\":{\"@id\":\"https:\/\/dev.kompaktdesign.hu\/hodszolar.hu\/#organization\"},\"articleSection\":[\"Egy\u00e9b kateg\u00f3ria\"],\"inLanguage\":\"hu\",\"potentialAction\":[{\"@type\":\"CommentAction\",\"name\":\"Comment\",\"target\":[\"https:\/\/dev.kompaktdesign.hu\/hodszolar.hu\/2021\/09\/08\/100-os-tamogatas-milyen-dokumentumokra-lesz-szukseg\/#respond\"]}]},{\"@type\":\"WebPage\",\"@id\":\"https:\/\/dev.kompaktdesign.hu\/hodszolar.hu\/2021\/09\/08\/100-os-tamogatas-milyen-dokumentumokra-lesz-szukseg\/\",\"url\":\"https:\/\/dev.kompaktdesign.hu\/hodszolar.hu\/2021\/09\/08\/100-os-tamogatas-milyen-dokumentumokra-lesz-szukseg\/\",\"name\":\"Felp\u00f6rgetett megt\u00e9r\u00fcl\u00e9s \u2013 az \u00e1llami t\u00e1mogat\u00e1s \u00e9s a napelemes rendszerek terjed\u00e9se | H\u00f3dszol\u00e1r\",\"isPartOf\":{\"@id\":\"https:\/\/dev.kompaktdesign.hu\/hodszolar.hu\/#website\"},\"datePublished\":\"2021-09-08T06:30:15+00:00\",\"dateModified\":\"2021-09-08T09:16:55+00:00\",\"breadcrumb\":{\"@id\":\"https:\/\/dev.kompaktdesign.hu\/hodszolar.hu\/2021\/09\/08\/100-os-tamogatas-milyen-dokumentumokra-lesz-szukseg\/#breadcrumb\"},\"inLanguage\":\"hu\",\"potentialAction\":[{\"@type\":\"ReadAction\",\"target\":[\"https:\/\/dev.kompaktdesign.hu\/hodszolar.hu\/2021\/09\/08\/100-os-tamogatas-milyen-dokumentumokra-lesz-szukseg\/\"]}]},{\"@type\":\"BreadcrumbList\",\"@id\":\"https:\/\/dev.kompaktdesign.hu\/hodszolar.hu\/2021\/09\/08\/100-os-tamogatas-milyen-dokumentumokra-lesz-szukseg\/#breadcrumb\",\"itemListElement\":[{\"@type\":\"ListItem\",\"position\":1,\"name\":\"Kezd\u0151lap\",\"item\":\"https:\/\/dev.kompaktdesign.hu\/hodszolar.hu\/\"},{\"@type\":\"ListItem\",\"position\":2,\"name\":\"Felp\u00f6rgetett megt\u00e9r\u00fcl\u00e9s \u2013 az \u00e1llami t\u00e1mogat\u00e1s \u00e9s a napelemes rendszerek terjed\u00e9se\"}]},{\"@type\":\"WebSite\",\"@id\":\"https:\/\/dev.kompaktdesign.hu\/hodszolar.hu\/#website\",\"url\":\"https:\/\/dev.kompaktdesign.hu\/hodszolar.hu\/\",\"name\":\"H\u00f3dszol\u00e1r\",\"description\":\"A v\u00e1s\u00e1rhelyi napelemes\",\"publisher\":{\"@id\":\"https:\/\/dev.kompaktdesign.hu\/hodszolar.hu\/#organization\"},\"potentialAction\":[{\"@type\":\"SearchAction\",\"target\":{\"@type\":\"EntryPoint\",\"urlTemplate\":\"https:\/\/dev.kompaktdesign.hu\/hodszolar.hu\/?s={search_term_string}\"},\"query-input\":\"required name=search_term_string\"}],\"inLanguage\":\"hu\"},{\"@type\":\"Organization\",\"@id\":\"https:\/\/dev.kompaktdesign.hu\/hodszolar.hu\/#organization\",\"name\":\"H\u00f3dszol\u00e1r Kft.\",\"url\":\"https:\/\/dev.kompaktdesign.hu\/hodszolar.hu\/\",\"sameAs\":[\"https:\/\/www.facebook.com\/hodszolar\"],\"logo\":{\"@type\":\"ImageObject\",\"inLanguage\":\"hu\",\"@id\":\"https:\/\/dev.kompaktdesign.hu\/hodszolar.hu\/#\/schema\/logo\/image\/\",\"url\":\"https:\/\/dev.kompaktdesign.hu\/hodszolar.hu\/wp-content\/uploads\/2021\/05\/fvicon.png\",\"contentUrl\":\"https:\/\/dev.kompaktdesign.hu\/hodszolar.hu\/wp-content\/uploads\/2021\/05\/fvicon.png\",\"width\":132,\"height\":132,\"caption\":\"H\u00f3dszol\u00e1r Kft.\"},\"image\":{\"@id\":\"https:\/\/dev.kompaktdesign.hu\/hodszolar.hu\/#\/schema\/logo\/image\/\"}},{\"@type\":\"Person\",\"@id\":\"https:\/\/dev.kompaktdesign.hu\/hodszolar.hu\/#\/schema\/person\/a788af940a3d6b2829396312340dd08c\",\"name\":\"H\u00f3dszol\u00e1r Kft.\",\"image\":{\"@type\":\"ImageObject\",\"inLanguage\":\"hu\",\"@id\":\"https:\/\/dev.kompaktdesign.hu\/hodszolar.hu\/#\/schema\/person\/image\/\",\"url\":\"https:\/\/secure.gravatar.com\/avatar\/38df000db6f2e93b7f0ccccf7714392424ca033738d34dfe71f19fdb70329830?s=96&d=mm&r=g\",\"contentUrl\":\"https:\/\/secure.gravatar.com\/avatar\/38df000db6f2e93b7f0ccccf7714392424ca033738d34dfe71f19fdb70329830?s=96&d=mm&r=g\",\"caption\":\"H\u00f3dszol\u00e1r Kft.\"},\"url\":\"https:\/\/dev.kompaktdesign.hu\/hodszolar.hu\/author\/hodszolar\/\"}]}<\/script>\n<!-- \/ Yoast SEO plugin. -->","yoast_head_json":{"title":"Felp\u00f6rgetett megt\u00e9r\u00fcl\u00e9s \u2013 az \u00e1llami t\u00e1mogat\u00e1s \u00e9s a napelemes rendszerek terjed\u00e9se | H\u00f3dszol\u00e1r","robots":{"index":"noindex","follow":"follow","max-snippet":"max-snippet:-1","max-image-preview":"max-image-preview:large","max-video-preview":"max-video-preview:-1"},"og_locale":"hu_HU","og_type":"article","og_title":"Felp\u00f6rgetett megt\u00e9r\u00fcl\u00e9s \u2013 az \u00e1llami t\u00e1mogat\u00e1s \u00e9s a napelemes rendszerek terjed\u00e9se | H\u00f3dszol\u00e1r","og_description":"A h\u00e1ztart\u00e1si napelemes rendszerek telep\u00edt\u00e9s\u00e9re is felhaszn\u00e1lhat\u00f3 \u00e1llami t\u00e1mogat\u00e1soknak k\u00f6sz\u00f6nhet\u0151en jelent\u0151sen megemelkedett az \u00e9rdekl\u0151d\u00e9s a meg\u00fajul\u00f3 energia felhaszn\u00e1l\u00e1sa ir\u00e1nt. A megt\u00e9r\u00fcl\u00e9si id\u0151 ler\u00f6vid\u00fclt, \u00e9s egyre t\u00f6bben haszn\u00e1lj\u00e1k a h\u00e1zilag begy\u0171jt\u00f6tt napenergi\u00e1t az elektromos j\u00e1rm\u0171vek t\u00f6lt\u00e9s\u00e9re is. Nyolcvanezer k\u00f6r\u00fcl j\u00e1r Magyarorsz\u00e1gon a h\u00e1ztart\u00e1si m\u00e9ret\u0171 \u201enaper\u0151m\u0171vek\u201d sz\u00e1ma, \u00edgy val\u00f3sz\u00edn\u0171leg a tervezettn\u00e9l gyorsabban teljes\u00fcl az a korm\u00e1nyzati terv, [&hellip;]","og_url":"https:\/\/dev.kompaktdesign.hu\/hodszolar.hu\/2021\/09\/08\/100-os-tamogatas-milyen-dokumentumokra-lesz-szukseg\/","og_site_name":"H\u00f3dszol\u00e1r","article_publisher":"https:\/\/www.facebook.com\/hodszolar","article_published_time":"2021-09-08T06:30:15+00:00","article_modified_time":"2021-09-08T09:16:55+00:00","og_image":[{"width":588,"height":398,"url":"https:\/\/dev.kompaktdesign.hu\/hodszolar.hu\/wp-content\/uploads\/2021\/09\/photo_pv_city_premier_sacramento_2004_low_0.jpg","type":"image\/jpeg"}],"author":"H\u00f3dszol\u00e1r Kft.","twitter_card":"summary_large_image","twitter_misc":{"Szerz\u0151:":"H\u00f3dszol\u00e1r Kft.","Becs\u00fclt olvas\u00e1si id\u0151":"4 perc"},"schema":{"@context":"https:\/\/schema.org","@graph":[{"@type":"Article","@id":"https:\/\/dev.kompaktdesign.hu\/hodszolar.hu\/2021\/09\/08\/100-os-tamogatas-milyen-dokumentumokra-lesz-szukseg\/#article","isPartOf":{"@id":"https:\/\/dev.kompaktdesign.hu\/hodszolar.hu\/2021\/09\/08\/100-os-tamogatas-milyen-dokumentumokra-lesz-szukseg\/"},"author":{"name":"H\u00f3dszol\u00e1r Kft.","@id":"https:\/\/dev.kompaktdesign.hu\/hodszolar.hu\/#\/schema\/person\/a788af940a3d6b2829396312340dd08c"},"headline":"Felp\u00f6rgetett megt\u00e9r\u00fcl\u00e9s \u2013 az \u00e1llami t\u00e1mogat\u00e1s \u00e9s a napelemes rendszerek terjed\u00e9se","datePublished":"2021-09-08T06:30:15+00:00","dateModified":"2021-09-08T09:16:55+00:00","mainEntityOfPage":{"@id":"https:\/\/dev.kompaktdesign.hu\/hodszolar.hu\/2021\/09\/08\/100-os-tamogatas-milyen-dokumentumokra-lesz-szukseg\/"},"wordCount":1080,"commentCount":0,"publisher":{"@id":"https:\/\/dev.kompaktdesign.hu\/hodszolar.hu\/#organization"},"articleSection":["Egy\u00e9b kateg\u00f3ria"],"inLanguage":"hu","potentialAction":[{"@type":"CommentAction","name":"Comment","target":["https:\/\/dev.kompaktdesign.hu\/hodszolar.hu\/2021\/09\/08\/100-os-tamogatas-milyen-dokumentumokra-lesz-szukseg\/#respond"]}]},{"@type":"WebPage","@id":"https:\/\/dev.kompaktdesign.hu\/hodszolar.hu\/2021\/09\/08\/100-os-tamogatas-milyen-dokumentumokra-lesz-szukseg\/","url":"https:\/\/dev.kompaktdesign.hu\/hodszolar.hu\/2021\/09\/08\/100-os-tamogatas-milyen-dokumentumokra-lesz-szukseg\/","name":"Felp\u00f6rgetett megt\u00e9r\u00fcl\u00e9s \u2013 az \u00e1llami t\u00e1mogat\u00e1s \u00e9s a napelemes rendszerek terjed\u00e9se | H\u00f3dszol\u00e1r","isPartOf":{"@id":"https:\/\/dev.kompaktdesign.hu\/hodszolar.hu\/#website"},"datePublished":"2021-09-08T06:30:15+00:00","dateModified":"2021-09-08T09:16:55+00:00","breadcrumb":{"@id":"https:\/\/dev.kompaktdesign.hu\/hodszolar.hu\/2021\/09\/08\/100-os-tamogatas-milyen-dokumentumokra-lesz-szukseg\/#breadcrumb"},"inLanguage":"hu","potentialAction":[{"@type":"ReadAction","target":["https:\/\/dev.kompaktdesign.hu\/hodszolar.hu\/2021\/09\/08\/100-os-tamogatas-milyen-dokumentumokra-lesz-szukseg\/"]}]},{"@type":"BreadcrumbList","@id":"https:\/\/dev.kompaktdesign.hu\/hodszolar.hu\/2021\/09\/08\/100-os-tamogatas-milyen-dokumentumokra-lesz-szukseg\/#breadcrumb","itemListElement":[{"@type":"ListItem","position":1,"name":"Kezd\u0151lap","item":"https:\/\/dev.kompaktdesign.hu\/hodszolar.hu\/"},{"@type":"ListItem","position":2,"name":"Felp\u00f6rgetett megt\u00e9r\u00fcl\u00e9s \u2013 az \u00e1llami t\u00e1mogat\u00e1s \u00e9s a napelemes rendszerek terjed\u00e9se"}]},{"@type":"WebSite","@id":"https:\/\/dev.kompaktdesign.hu\/hodszolar.hu\/#website","url":"https:\/\/dev.kompaktdesign.hu\/hodszolar.hu\/","name":"H\u00f3dszol\u00e1r","description":"A v\u00e1s\u00e1rhelyi napelemes","publisher":{"@id":"https:\/\/dev.kompaktdesign.hu\/hodszolar.hu\/#organization"},"potentialAction":[{"@type":"SearchAction","target":{"@type":"EntryPoint","urlTemplate":"https:\/\/dev.kompaktdesign.hu\/hodszolar.hu\/?s={search_term_string}"},"query-input":"required name=search_term_string"}],"inLanguage":"hu"},{"@type":"Organization","@id":"https:\/\/dev.kompaktdesign.hu\/hodszolar.hu\/#organization","name":"H\u00f3dszol\u00e1r Kft.","url":"https:\/\/dev.kompaktdesign.hu\/hodszolar.hu\/","sameAs":["https:\/\/www.facebook.com\/hodszolar"],"logo":{"@type":"ImageObject","inLanguage":"hu","@id":"https:\/\/dev.kompaktdesign.hu\/hodszolar.hu\/#\/schema\/logo\/image\/","url":"https:\/\/dev.kompaktdesign.hu\/hodszolar.hu\/wp-content\/uploads\/2021\/05\/fvicon.png","contentUrl":"https:\/\/dev.kompaktdesign.hu\/hodszolar.hu\/wp-content\/uploads\/2021\/05\/fvicon.png","width":132,"height":132,"caption":"H\u00f3dszol\u00e1r Kft."},"image":{"@id":"https:\/\/dev.kompaktdesign.hu\/hodszolar.hu\/#\/schema\/logo\/image\/"}},{"@type":"Person","@id":"https:\/\/dev.kompaktdesign.hu\/hodszolar.hu\/#\/schema\/person\/a788af940a3d6b2829396312340dd08c","name":"H\u00f3dszol\u00e1r Kft.","image":{"@type":"ImageObject","inLanguage":"hu","@id":"https:\/\/dev.kompaktdesign.hu\/hodszolar.hu\/#\/schema\/person\/image\/","url":"https:\/\/secure.gravatar.com\/avatar\/38df000db6f2e93b7f0ccccf7714392424ca033738d34dfe71f19fdb70329830?s=96&d=mm&r=g","contentUrl":"https:\/\/secure.gravatar.com\/avatar\/38df000db6f2e93b7f0ccccf7714392424ca033738d34dfe71f19fdb70329830?s=96&d=mm&r=g","caption":"H\u00f3dszol\u00e1r Kft."},"url":"https:\/\/dev.kompaktdesign.hu\/hodszolar.hu\/author\/hodszolar\/"}]}},"_links":{"self":[{"href":"https:\/\/dev.kompaktdesign.hu\/hodszolar.hu\/wp-json\/wp\/v2\/posts\/580","targetHints":{"allow":["GET"]}}],"collection":[{"href":"https:\/\/dev.kompaktdesign.hu\/hodszolar.hu\/wp-json\/wp\/v2\/posts"}],"about":[{"href":"https:\/\/dev.kompaktdesign.hu\/hodszolar.hu\/wp-json\/wp\/v2\/types\/post"}],"author":[{"embeddable":true,"href":"https:\/\/dev.kompaktdesign.hu\/hodszolar.hu\/wp-json\/wp\/v2\/users\/3"}],"replies":[{"embeddable":true,"href":"https:\/\/dev.kompaktdesign.hu\/hodszolar.hu\/wp-json\/wp\/v2\/comments?post=580"}],"version-history":[{"count":3,"href":"https:\/\/dev.kompaktdesign.hu\/hodszolar.hu\/wp-json\/wp\/v2\/posts\/580\/revisions"}],"predecessor-version":[{"id":588,"href":"https:\/\/dev.kompaktdesign.hu\/hodszolar.hu\/wp-json\/wp\/v2\/posts\/580\/revisions\/588"}],"wp:featuredmedia":[{"embeddable":true,"href":"https:\/\/dev.kompaktdesign.hu\/hodszolar.hu\/wp-json\/wp\/v2\/media\/585"}],"wp:attachment":[{"href":"https:\/\/dev.kompaktdesign.hu\/hodszolar.hu\/wp-json\/wp\/v2\/media?parent=580"}],"wp:term":[{"taxonomy":"category","embeddable":true,"href":"https:\/\/dev.kompaktdesign.hu\/hodszolar.hu\/wp-json\/wp\/v2\/categories?post=580"},{"taxonomy":"post_tag","embeddable":true,"href":"https:\/\/dev.kompaktdesign.hu\/hodszolar.hu\/wp-json\/wp\/v2\/tags?post=580"}],"curies":[{"name":"wp","href":"https:\/\/api.w.org\/{rel}","templated":true}]}}