{"id":587,"date":"2021-09-08T09:22:21","date_gmt":"2021-09-08T09:22:21","guid":{"rendered":"https:\/\/hodszolar.hu\/?p=587"},"modified":"2021-09-08T09:22:22","modified_gmt":"2021-09-08T09:22:22","slug":"100-os-tamogatas-milyen-dokumentumok-kellenek","status":"publish","type":"post","link":"https:\/\/dev.kompaktdesign.hu\/hodszolar.hu\/2021\/09\/08\/100-os-tamogatas-milyen-dokumentumok-kellenek\/","title":{"rendered":"100%-os t\u00e1mogat\u00e1s - milyen dokumentumok kellenek"},"content":{"rendered":"\n<p>CSATOLAND\u00d3 MELL\u00c9KLETEK LIST\u00c1JA<\/p>\n\n\n\n<p>1. A p\u00e1ly\u00e1zati adatlapon megjel\u00f6lt P\u00e1ly\u00e1z\u00f3 lakhely\u00e9t egyben a megval\u00f3s\u00edt\u00e1s helysz\u00edn\u00e9t al\u00e1t\u00e1maszt\u00f3 hat\u00f3s\u00e1g \u00e1ltal kiadott dokumentum, mely lehet:<\/p>\n\n\n\n<p>a) lakc\u00edmet igazol\u00f3 hat\u00f3s\u00e1gi igazolv\u00e1ny (lakc\u00edmk\u00e1rtya)<\/p>\n\n\n\n<p>b) r\u00e9gi t\u00edpus\u00fa, nem k\u00e1rtya form\u00e1tum\u00fa szem\u00e9lyi igazolv\u00e1ny eset\u00e9ben annak a nevet, a lakc\u00edmet \u00e9s az \u00e9rv\u00e9nyess\u00e9get tartalmaz\u00f3 oldala<\/p>\n\n\n\n<p>2. A p\u00e1ly\u00e1zati adatlapon megadott P\u00e1ly\u00e1z\u00f3, illetve a beruh\u00e1z\u00e1s \u00e1ltal \u00e9rintett ingatlan \u00f6sszes tulajdonos\u00e1nak nev\u00e9re sz\u00f3l\u00f3 ad\u00f3azonos\u00edt\u00f3 jelet al\u00e1t\u00e1maszt\u00f3 dokumentum (ad\u00f3igazolv\u00e1ny, illetve annak hi\u00e1ny\u00e1ban az ad\u00f3hat\u00f3s\u00e1g \u00e1ltal ki\u00e1ll\u00edtott \u00e9rv\u00e9nyes igazol\u00e1s)<\/p>\n\n\n\n<p>3. A p\u00e1ly\u00e1zati adatlapon megadott banksz\u00e1mlasz\u00e1m igazol\u00e1s\u00e1ra szolg\u00e1l\u00f3, P\u00e1ly\u00e1z\u00f3 nev\u00e9re sz\u00f3l\u00f3 banksz\u00e1mlakivonat \/ banki igazol\u00e1s \/ banksz\u00e1mlaszerz\u0151d\u00e9s. Amennyiben a P\u00e1ly\u00e1z\u00f3 \u00f6n\u00e1ll\u00f3an nem rendelkezik banksz\u00e1ml\u00e1val, azonban rendelkez\u00e9si joggal b\u00edr m\u00e1s szem\u00e9ly foly\u00f3sz\u00e1ml\u00e1ja felett, abban az esetben ezen jogosults\u00e1got al\u00e1t\u00e1maszt\u00f3 dokumentum (igazol\u00e1ssal egy f\u00e1jlban t\u00f6rt\u00e9n\u0151) megk\u00fcld\u00e9se is sz\u00fcks\u00e9ges; Ezen dokumentum beny\u00fajt\u00e1sa kiz\u00e1r\u00f3lag abban az esetben k\u00f6telez\u0151, amennyiben a P\u00e1ly\u00e1z\u00f3 nem kiz\u00e1r\u00f3lag kivitelez\u00e9sre, vagy tervez\u00e9sre (enged\u00e9lyez\u00e9s, elektromos szolg\u00e1ltat\u00f3 \u00e1ltali tev\u00e9kenys\u00e9gek) vonatkoz\u00f3 k\u00f6lts\u00e9geket is k\u00edv\u00e1n elsz\u00e1molni, illetve ezen<br>nem kivitelez\u00e9si tev\u00e9kenys\u00e9geket nem regisztr\u00e1lt kivitelez\u0151 v\u00e9gzi.<\/p>\n\n\n\n<p>4. A beruh\u00e1z\u00e1ssal \u00e9rintett ingatlan 30 napn\u00e1l nem r\u00e9gebbi hiteles vagy nem hiteles tulajdoni t\u00f6rzslapja (a p\u00e1ly\u00e1zathoz e-hiteles \u2013 elektronikus nyilv\u00e1ntart\u00e1sb\u00f3l kinyert \u2013 tulajdoni lap beny\u00fajt\u00e1sa is elegend\u0151, <em>A tulajdoni lap m\u00e1solat k\u00f6lts\u00e9ge nem elsz\u00e1molhat\u00f3, figyelembe v\u00e9ve, hogy az \u00fcgyf\u00e9lkapun kereszt\u00fcl \u00e9vente 2 db tulajdoni lap t\u00e9r\u00edt\u00e9smentesen lek\u00e9rhet\u0151. Javasoljuk ezen lek\u00e9r\u00e9si m\u00f3d alkalmaz\u00e1s\u00e1t.<\/em>). Amennyiben a tulajdoni lapon szerepl\u0151 adatok alapj\u00e1n nem azonos\u00edthat\u00f3 be a beruh\u00e1z\u00e1s megval\u00f3s\u00edt\u00e1si helysz\u00edne, abban az esetben jegyz\u0151i igazol\u00e1s megk\u00fcld\u00e9se sz\u00fcks\u00e9ges a term\u00e9szetbeni c\u00edm al\u00e1t\u00e1maszt\u00e1s\u00e1ra.<\/p>\n\n\n\n<p><br>5. Amennyiben a beruh\u00e1z\u00e1ssal \u00e9rintett ingatlan osztatlan k\u00f6z\u00f6s tulajdon r\u00e9sz\u00e9t k\u00e9pezi, abban az esetben becsatoland\u00f3 a k\u00f6zokiratba vagy teljes bizony\u00edt\u00f3 erej\u0171 mag\u00e1nokiratba foglalt, a k\u00f6z\u00f6s tulajdon haszn\u00e1lat\u00e1ra vonatkoz\u00f3 haszn\u00e1lati megoszt\u00e1si meg\u00e1llapod\u00e1s, illetve amennyiben rendelkez\u00e9sre \u00e1ll a kapcsol\u00f3d\u00f3 megoszt\u00e1si v\u00e1zrajz is.<\/p>\n\n\n\n<p><br>6. A p\u00e1ly\u00e1zatot beny\u00fajt\u00f3 szem\u00e9ly 1. sz\u00e1m\u00fa mell\u00e9klet szerinti \u2013 rendszer \u00e1ltal gener\u00e1lt \u2013<strong> nyilatkozata. <\/strong>Ezen dokumentum annak hiteles\u00edt\u00e9si (al\u00e1\u00edr\u00e1si) m\u00f3dj\u00e1t\u00f3l f\u00fcgg\u0151en elt\u00e9r\u0151 az al\u00e1bbiak szerint:<br>\u2022 amennyiben az elektronikus al\u00e1\u00edr\u00e1ssal, vagy AVDH szolg\u00e1ltat\u00e1ssal ker\u00fclt hiteles\u00edt\u00e9sre, abban az esetben a dokumentum kiz\u00e1r\u00f3lag a p\u00e1ly\u00e1zati rendszerhez<strong><em> elektronikusan csatoland\u00f3<\/em><\/strong>,<br>\u2022 azon esetben, ha a nyilatkozat hagyom\u00e1nyos pap\u00edr alap\u00fa dokumentumk\u00e9nt k\u00e9z\u00edr\u00e1ssal ker\u00fclt al\u00e1\u00edr\u00e1sra, abban az esetben:<br>o postai \u00faton, eredeti, al\u00e1\u00edrt p\u00e9ld\u00e1nyban a k\u00f6vetkez\u0151 c\u00edmre: \u00c9MI Nonprofit Kft. 2001 Szentendre, Postafi\u00f3k: 180. A bor\u00edt\u00e9kon k\u00e9rj\u00fck felt\u00fcntetni a p\u00e1ly\u00e1zati azonos\u00edt\u00f3t, illetve a \u201eP\u00e1ly\u00e1zatot beny\u00fajt\u00f3 szem\u00e9ly nyilatkozata\u201d megjegyz\u00e9st,<br>o m\u00e1solatban a p\u00e1ly\u00e1zati port\u00e1lon kereszt\u00fcl. A nyilatkozat pap\u00edr alap\u00fa ki\u00e1ll\u00edt\u00e1sa eset\u00e9n a nyilatkozat eredeti p\u00e9ld\u00e1nyban t\u00f6rt\u00e9n\u0151 beny\u00fajt\u00e1s\u00e1nak hi\u00e1ny\u00e1ban a p\u00e1ly\u00e1zat \u00e9rt\u00e9kel\u00e9se nem kezd\u0151dhet meg.<\/p>\n\n\n\n<p><br>7. A 2. sz\u00e1m\u00fa mell\u00e9klet szerinti meghatalmaz\u00e1s. Ezen dokumentum beny\u00fajt\u00e1sa kiz\u00e1r\u00f3lag abban az esetben k\u00f6telez\u0151, amennyiben a P\u00e1ly\u00e1z\u00f3 m\u00e1s szem\u00e9lyt b\u00edz meg a p\u00e1ly\u00e1zat beny\u00fajt\u00e1s\u00e1val, FIGYELEM! A meghatalmaz\u00e1st a P\u00e1ly\u00e1z\u00f3 szem\u00e9ly \u00e1ll\u00edtja ki az \u00e1ltala megb\u00edzott szem\u00e9ly r\u00e9sz\u00e9re!<\/p>\n\n\n\n<p><br>8. A beruh\u00e1z\u00e1ssal \u00e9rintett ingatlan \u00f6sszes tulajdonosa \u00e1ltal k\u00fcl\u00f6n-k\u00fcl\u00f6n ki\u00e1ll\u00edtott \u00e9s mag\u00e1nokirati form\u00e1ban al\u00e1\u00edrt (2 tan\u00fa jelenl\u00e9t\u00e9ben al\u00e1\u00edrt) 4. sz\u00e1m\u00fa mell\u00e9klet szerinti nyilatkozatot arr\u00f3l, hogy hozz\u00e1j\u00e1rul az ad\u00f3azonos\u00edt\u00f3 jelnek kezel\u00e9s\u00e9hez, tov\u00e1bb\u00e1 felhatalmazza a Nemzeti Ad\u00f3- \u00e9s V\u00e1mhivatalt, hogy a Lebonyol\u00edt\u00f3 szervvel megossza a p\u00e1ly\u00e1zati felh\u00edv\u00e1sban foglalt j\u00f6vedelmi felt\u00e9tel teljes\u00fcl\u00e9s\u00e9nek ellen\u0151rz\u00e9si eredm\u00e9ny\u00e9t.<\/p>\n\n\n\n<p><br>9. A 3. sz\u00e1m\u00fa mell\u00e9klet szerinti hozz\u00e1j\u00e1rul\u00e1s Ezen dokumentum beny\u00fajt\u00e1sa kiz\u00e1r\u00f3lag abban az esetben k\u00f6telez\u0151, amennyiben:<\/p>\n\n\n\n<p>\u2022 <strong><em>a P\u00e1ly\u00e1z\u00f3 szem\u00e9ly a beruh\u00e1z\u00e1ssal \u00e9rintett ingatlannak nem 100%-ban (1\/1 tulajdoni h\u00e1nyadban) tulajdonosa<\/em><\/strong>, abban az esetben minden tulajdonjoggal b\u00edr\u00f3 szem\u00e9ly vonatkoz\u00e1s\u00e1ban,<br>\u2022 <strong><em>a beruh\u00e1z\u00e1ssal \u00e9rintett ingatlan haszon\u00e9lvezeti vagy \u00f6zvegyi joggal terhelt<\/em><\/strong>, abban az esetben minden \u00e9rintett jogosult szem\u00e9ly vonatkoz\u00e1s\u00e1ban,<br>\u2022 <strong><em>a beruh\u00e1z\u00e1ssal \u00e9rintett ingatlan maximum 6 lak\u00e1sos lak\u00f3k\u00f6z\u00f6ss\u00e9g <\/em><\/strong>(t\u00e1rsash\u00e1z, lak\u00e1ssz\u00f6vetkezet) <strong><em>r\u00e9sz\u00e9t k\u00e9pezi<\/em><\/strong>, abban az esetben a tulajdonosok t\u00f6bbs\u00e9ge (minimum 51 % hozz\u00e1j\u00e1rul\u00e1sa) vonatkoz\u00e1s\u00e1ban,<br>\u2022 <strong><em>a beruh\u00e1z\u00e1ssal \u00e9rintett ingatlan nem osztatlan k\u00f6z\u00f6s tulajdon r\u00e9sz\u00e9t k\u00e9pez\u0151 ikerh\u00e1z<\/em><\/strong>, abban az esetben a kapcsol\u00f3d\u00f3 \u00e9p\u00fcletek tulajdonosai vonatkoz\u00e1s\u00e1ban, amennyiben az jelen p\u00e1ly\u00e1zati felh\u00edv\u00e1s egy\u00e9b pontja alapj\u00e1n sz\u00fcks\u00e9ges.<\/p>\n\n\n\n<p><br><strong>10. <\/strong>Amennyiben a P\u00e1ly\u00e1z\u00f3 cselekv\u0151k\u00e9ptelen term\u00e9szetes szem\u00e9ly (mag\u00e1nszem\u00e9ly), abban az esetben beny\u00fajtand\u00f3 a <strong>gy\u00e1mhat\u00f3s\u00e1gi vagy b\u00edr\u00f3s\u00e1gi hat\u00e1rozat a gy\u00e1m\/gondnok kirendel\u00e9s\u00e9r\u0151l<\/strong>.<\/p>\n\n\n\n<p><br><strong>11. <\/strong>A P\u00e1ly\u00e1z\u00f3 <strong>teljes cselekv\u0151k\u00e9pess\u00e9ggel nem rendelkez\u0151 nagykor\u00fa term\u00e9szetes szem\u00e9ly <\/strong>(mag\u00e1nszem\u00e9ly) eset\u00e9n beny\u00fajtand\u00f3 a <strong>5. sz\u00e1m\u00fa mell\u00e9klet szerinti gondnoki nyilatkozat<\/strong>, tov\u00e1bb\u00e1 a <strong>gondnok k\u00e9pviseleti jogosults\u00e1g\u00e1nak igazol\u00e1s\u00e1ra <\/strong>ir\u00e1nyul\u00f3 dokumentum.<\/p>\n\n\n\n<p><br><strong>12. <\/strong>Amennyiben a t\u00e1mogat\u00e1si k\u00e9relem f\u0171t\u00e9skorszer\u0171s\u00edt\u00e9st tartalmaz\u00f3 m\u0171szaki megold\u00e1sra ir\u00e1nyul, vagyis a 2.1.2 a), illetve a 2.1.2 b) pontban r\u00e9szletezett m\u0171szaki tartalom v\u00e1laszt\u00e1sa eset\u00e9n a beruh\u00e1z\u00e1ssal \u00e9rintett \u00e9p\u00fclet beruh\u00e1z\u00e1s <strong>megval\u00f3s\u00edt\u00e1s\u00e1t megel\u0151z\u0151 (megl\u00e9v\u0151) <\/strong>\u00e1llapot\u00e1ra vonatkoz\u00f3 hivatalos, tan\u00fas\u00edt\u00e1sra kifejlesztett szoftverrel elk\u00e9sz\u00edtett, a tan\u00fas\u00edt\u00f3 \u00e1ltal al\u00e1\u00edrt, <strong>hiteles\u00edtett <\/strong>(HET sz\u00e1mmal rendelkez\u0151), a sz\u00e9n-dioxid kibocs\u00e1t\u00e1s m\u00e9rt\u00e9k\u00e9t \u00e9s az \u00f6sszes\u00edtett energetikai jellemz\u0151t is tartalmaz\u00f3 <strong>energetikai tan\u00fas\u00edtv\u00e1ny<\/strong> teljes terjedelemben.<\/p>\n\n\n\n<p><br><strong>13. <\/strong>A megval\u00f3s\u00edt\u00e1s helysz\u00edn\u00e9t k\u00e9pez\u0151 ingatlan jelen p\u00e1ly\u00e1zat keret\u00e9ben fel\u00faj\u00edt\u00e1sra ker\u00fcl\u0151 f\u0151 elemeir\u0151l k\u00e9sz\u00edtett (beruh\u00e1z\u00e1st megel\u0151z\u0151 \u00e1llapot\u00e1t t\u00fckr\u00f6z\u0151) <strong>fot\u00f3dokument\u00e1ci\u00f3<\/strong>.<\/p>\n\n\n\n<p><br><strong>14. <\/strong>A kivitelez\u00e9si munk\u00e1latokat, \u00e9s azok k\u00f6lts\u00e9geit mag\u00e1ba foglal\u00f3, a szerz\u0151d\u0151 felek \u00e1ltal al\u00e1\u00edrt, a <strong>6. sz\u00e1m\u00fa mell\u00e9klet szerinti sablon alapj\u00e1n elk\u00e9sz\u00edtett V\u00e1llalkoz\u00e1si szerz\u0151d\u00e9s(ek). Fontos! <\/strong>A p\u00e1ly\u00e1zati adatlapon megadott, illetve m\u0171szaki tartalomhoz rendelt regisztr\u00e1lt kivitelez\u0151 eset\u00e9n (minden \u00e9rintett tev\u00e9kenys\u00e9get lefedve) beny\u00fajtand\u00f3 a 6. sz\u00e1m\u00fa mell\u00e9klet szerinti V\u00e1llalkoz\u00f3i szerz\u0151d\u00e9s.<\/p>\n\n\n\n<p><br><strong>15. <\/strong>A <strong>tervez\u0151i, illetve enged\u00e9lyez\u00e9si al\u00e1t\u00e1maszt\u00f3<\/strong>, mindk\u00e9t szerz\u0151d\u0151 f\u00e9l \u00e1ltal al\u00e1\u00edrt (szerz\u0151d\u00e9s(ek)\/meg\u00e1llapod\u00e1s(ok)<br>A napelemes rendszer l\u00e9tes\u00edt\u00e9s\u00e9hez sz\u00fcks\u00e9ges jogi alapk\u00f6vetelm\u00e9nyek teljes\u00edt\u00e9s\u00e9hez sz\u00fcks\u00e9ges \u2013 villamosenergia szolg\u00e1ltat\u00f3k \u00e1ltal biztos\u00edtott \u2013 munk\u00e1latok (pl.: m\u00e9r\u0151\u00f3ra csere) eset\u00e9n nem sz\u00fcks\u00e9ges v\u00e1llalkoz\u00f3i szerz\u0151d\u00e9s k\u00f6t\u00e9se, illetve ezen munkaf\u00e1zisok eset\u00e9n nem k\u00f6telez\u0151 regisztr\u00e1lt kivitelez\u0151k alkalmaz\u00e1sa. Ezen k\u00f6lts\u00e9geket a p\u00e1ly\u00e1zat beny\u00fajt\u00e1sakor elegend\u0151 a p\u00e1ly\u00e1zati adatlapon felt\u00fcntetni, az elsz\u00e1mol\u00e1s sor\u00e1n azonban sz\u00e1ml\u00e1kkal kell al\u00e1t\u00e1masztani!<br><strong>FONTOS! A p\u00e1ly\u00e1zat beny\u00fajt\u00e1s\u00e1hoz sz\u00fcks\u00e9ges nyilatkozat a p\u00e1ly\u00e1zati adatlap hi\u00e1nytalan kit\u00f6lt\u00e9se, illetve a k\u00f6telez\u0151 csatolm\u00e1nyok felt\u00f6lt\u00e9s\u00e9t k\u00f6vet\u0151en tehet\u0151 meg. Figyelem a p\u00e1ly\u00e1zat kiz\u00e1r\u00f3lag ezt k\u00f6vet\u0151en v\u00e9gleges\u00edthet\u0151!<br><\/strong>A p\u00e1ly\u00e1zat beny\u00fajt\u00e1sa eset\u00e9n a k\u00f6zp\u00e9nzekb\u0151l ny\u00fajtott t\u00e1mogat\u00e1sok \u00e1tl\u00e1that\u00f3s\u00e1g\u00e1r\u00f3l sz\u00f3l\u00f3 2007. \u00e9vi CLXXXI. t\u00f6rv\u00e9ny 5. \u00a7-a alapj\u00e1n a kezdem\u00e9nyez\u00e9st\u0151l sz\u00e1m\u00edtott \u00f6t munkanapon bel\u00fcl a P\u00e1ly\u00e1z\u00f3 neve, a p\u00e1ly\u00e1zat t\u00e1rgya, az ig\u00e9nyelt vissza nem t\u00e9r\u00edtend\u0151 t\u00e1mogat\u00e1s \u00f6sszege a p\u00e1ly\u00e1zati azonos\u00edt\u00f3val k\u00f6zz\u00e9t\u00e9telre ker\u00fcl a p\u00e1ly\u00e1zati port\u00e1lon \u00e9s a Lebonyol\u00edt\u00f3 szerv honlapj\u00e1n, melyhez Kedvezm\u00e9nyezett a p\u00e1ly\u00e1zat beny\u00fajt\u00e1s\u00e1val hozz\u00e1j\u00e1rul\u00e1s\u00e1t adta. Felh\u00edvjuk figyelm\u00e9t, hogy a felsorolt mell\u00e9kleteket a t\u00e1mogat\u00e1si k\u00e9relem elk\u00e9sz\u00edt\u00e9sekor kell csatolni. A t\u00e1mogat\u00e1st ig\u00e9nyl\u0151 adatait tartalmaz\u00f3 <em>Nyilatkozat <\/em>c. dokumentum p\u00e9ld\u00e1ny\u00e1t pedig a t\u00e1mogat\u00e1si k\u00e9relem v\u00e9gleges\u00edt\u00e9se \u00e9s lez\u00e1r\u00e1sa ut\u00e1n az elektronikus kit\u00f6lt\u0151 program fogja gener\u00e1lni, \u00edgy az a csatoland\u00f3 mell\u00e9kletek k\u00f6z\u00f6tt nem ker\u00fclt felsorol\u00e1sra. A Nyilatkozat al\u00e1\u00edr\u00e1s\u00e1t \u00e9s elk\u00fcld\u00e9s\u00e9t, tov\u00e1bb\u00e1 t\u00e1mogat\u00e1si k\u00e9relmek beny\u00fajt\u00e1s\u00e1nak \u00e9s elb\u00edr\u00e1l\u00e1s\u00e1nak folyamat\u00e1t az \u00c1\u00daF 3. pontja tartalmazza.<\/p>\n\n\n\n<p>Z\u00c1R\u00d3 KIFIZET\u00c9SI IG\u00c9NYL\u00c9S \u00c9S BESZ\u00c1MOL\u00d3 CSATOLAND\u00d3 MELL\u00c9KLETEK LIST\u00c1JA<\/p>\n\n\n\n<p><strong>1. <\/strong>A 8. sz\u00e1m\u00fa mell\u00e9klet szerinti, az adott regisztr\u00e1lt kivitelez\u0151, \u00e9s a Kedvezm\u00e9nyezett \u00e1ltal al\u00e1\u00edrt <strong>Kivitelez\u0151i teljess\u00e9gi nyilatkozat \u00e9s M\u0171szaki \u00e1tad\u00e1s-\u00e1tv\u00e9teli jegyz\u0151k\u00f6nyv. <\/strong>(A kivitelez\u00e9s befejez\u00e9s\u00e9t k\u00f6vet\u0151en, v\u00e1llalkoz\u00f3 megval\u00f3sul\u00e1si dokument\u00e1ci\u00f3t k\u00e9sz\u00edt, melyet k\u00f6teles \u00e1tadni kedvezm\u00e9nyezettnek. A megval\u00f3sul\u00e1si dokument\u00e1ci\u00f3 r\u00e9sze a M\u0171szaki \u00e1tad\u00e1s-\u00e1tv\u00e9teli jegyz\u0151k\u00f6nyv \u00e9s a teljess\u00e9gi nyilatkozat.) A 8. sz\u00e1m\u00fa mell\u00e9kletnek ki kell terjednie az adott regisztr\u00e1lt kivitelez\u0151h\u00f6z rendelt, T\u00e1mogat\u00f3i Okiratban r\u00f6gz\u00edtett \u00f6sszes tev\u00e9kenys\u00e9gre. A beruh\u00e1z\u00e1s r\u00e9sztev\u00e9kenys\u00e9g\u00e9nek befejez\u00e9s\u00e9nek id\u0151pontjak\u00e9nt a 8. sz\u00e1m\u00fa mell\u00e9klet ki\u00e1ll\u00edt\u00e1si d\u00e1tum\u00e1t sz\u00fcks\u00e9ges figyelembe venni. T\u00f6bb kivitelez\u0151 eset\u00e9n a teljes projektben foglalt beruh\u00e1z\u00e1s befejez\u00e9si d\u00e1tumak\u00e9nt az utols\u00f3k\u00e9nt ki\u00e1ll\u00edtott 8. sz\u00e1m\u00fa mell\u00e9klet kelte tekinthet\u0151.<br><strong>A 8. sz\u00e1m\u00fa mell\u00e9klet minden regisztr\u00e1lt kivitelez\u0151 eset\u00e9n k\u00fcl\u00f6n-k\u00fcl\u00f6n kit\u00f6ltend\u0151 \u00e9s beny\u00fajtand\u00f3.<\/strong><\/p>\n\n\n\n<p><strong><br>2. <\/strong>A regisztr\u00e1lt kivitelez\u0151kkel (sz\u00e1ll\u00edt\u00f3kkal) k\u00f6t\u00f6tt v\u00e1llalkoz\u00e1si szerz\u0151d\u00e9s(ek)ben r\u00f6gz\u00edtett \u00f6sszes tev\u00e9kenys\u00e9gre vonatkoz\u00f3, az Sztv. \u00e9s az \u00c1FA t\u00f6rv\u00e9nynek megfelel\u0151 \u2013 valamint amennyiben relev\u00e1ns a kapcsol\u00f3d\u00f3 V\u00e1llalkoz\u00f3i szerz\u0151d\u00e9ssel azonos tartalm\u00fa \u2013 a Kedvezm\u00e9nyezett nev\u00e9re \u00e9s c\u00edm\u00e9re\/beruh\u00e1z\u00e1s helysz\u00edn\u00e9re20, ki\u00e1ll\u00edtott, z\u00e1rad\u00e9kolt <strong>k\u00f6lts\u00e9gsz\u00e1ml\u00e1k <\/strong>eredeti (1., vev\u0151i p\u00e9ld\u00e1ny) p\u00e9ld\u00e1nyai.  <strong>FONTOS! A Kedvezm\u00e9nyezett k\u00f6teles minden k\u00f6lts\u00e9gsz\u00e1mla eredeti p\u00e9ld\u00e1ny\u00e1ra felvezetni az al\u00e1bbi z\u00e1rad\u00e9ksz\u00f6veget: <\/strong><em>\u201eElsz\u00e1mol\u00f3 bizonylat xxxxxx p\u00e1ly\u00e1zat elsz\u00e1mol\u00e1s\u00e1ra ker\u00fcl beny\u00fajt\u00e1sra.\", tov\u00e1bb\u00e1 a pontos elsz\u00e1molni tervezett brutt\u00f3 \u00f6sszeget.<\/em><\/p>\n\n\n\n<p>Amennyiben a Kedvezm\u00e9nyezett adott projektje terh\u00e9re az elsz\u00e1mol\u00f3 bizonylat \u00f6sszeg\u00e9nek nem a teljes \u00f6sszeget k\u00edv\u00e1nja elsz\u00e1molni, abban az esetben az elsz\u00e1mol\u00f3 bizonylaton pontosan fel kell t\u00fcntetni, hogy az elsz\u00e1mol\u00f3 bizonylat teljes \u00f6sszeg\u00e9b\u0151l mekkora \u00f6sszeget tervez elsz\u00e1molni, tov\u00e1bb\u00e1 ezzel \u00f6sszhangban ezen t\u00e9nyt az elsz\u00e1mol\u00e1si adatlapon is jel\u00f6lni sz\u00fcks\u00e9ges. Ha a kivitelez\u0151 nem z\u00e1rad\u00e9kol, \u00e9s a Kedvezm\u00e9nyezett rendelkezik e-al\u00e1\u00edr\u00e1ssal, akkor a Kedvezm\u00e9nyezett r\u00e1vezeti a sz\u00e1ml\u00e1ra a z\u00e1rad\u00e9kol\u00e1st, majd al\u00e1\u00edr\u00e1s\u00e1val hiteles\u00edti a sz\u00e1ml\u00e1t \u00e9s a z\u00e1rad\u00e9kol\u00e1st is egyben.<br>Ha a kivitelez\u0151 nem z\u00e1rad\u00e9kol \u00e9s a Kedvezm\u00e9nyezett nem rendelkezik e-al\u00e1\u00edr\u00e1ssal, akkor a Kedvezm\u00e9nyezett nyilatkozatot t\u00f6lt ki, amelyet al\u00e1\u00edr\u00e1st k\u00f6vet\u0151en beszkennel, \u00e9s ahhoz csatolja elektronikusan az elektronikus sz\u00e1ml\u00e1t, az \u00e1ltala v\u00e1lasztott szoftverrel. K\u00fclf\u00f6ldi sz\u00e1mla eset\u00e9n a sz\u00e1mla f\u0151 tartalmi elemeir\u0151l a ford\u00edt\u00e1st a Kedvezm\u00e9nyezett al\u00e1\u00edr\u00e1s\u00e1val hiteles\u00edtve sz\u00fcks\u00e9ges beny\u00fajtani.<br><strong>Kiz\u00e1r\u00f3lag a z\u00e1rad\u00e9ksz\u00f6veggel ell\u00e1tott sz\u00e1ml\u00e1k sz\u00e1molhat\u00f3ak el. A z\u00e1rad\u00e9k sz\u00f6vege a sz\u00e1mla eredeti p\u00e9ld\u00e1ny\u00e1ra vezetend\u0151 fel, a szkennel\u00e9s \u00e9s csatol\u00e1s kiz\u00e1r\u00f3lag ezt k\u00f6vet\u0151en v\u00e9gezhet\u0151 el!<\/strong><\/p>\n\n\n\n<p><strong><br>3. <\/strong>Amennyiben a p\u00e1ly\u00e1zat beny\u00fajt\u00e1sa sor\u00e1n becsatolt V\u00e1llalkoz\u00e1si szerz\u0151d\u00e9s b\u00e1rmely okb\u00f3l felbont\u00e1sra ker\u00fcl, abban az esetben az elsz\u00e1mol\u00e1shoz mell\u00e9kelend\u0151 a k\u00e9toldal\u00faan al\u00e1\u00edrt szerz\u0151d\u00e9smegsz\u00fcntet\u00e9sre ir\u00e1nyul\u00f3 dokumentum, illetve az \u00faj Kivitelez\u0151vel k\u00f6t\u00f6tt 6. sz\u00e1m\u00fa mell\u00e9kletnek megfelel\u0151 V\u00e1llalkoz\u00e1si szerz\u0151d\u00e9s, tov\u00e1bb\u00e1 az annak mell\u00e9klet\u00e9t k\u00e9pez\u0151 online fel\u00fcleten \u00f6ssze\u00e1ll\u00edtott, al\u00e1\u00edrt k\u00f6lts\u00e9gvet\u00e9s is. A z\u00e1r\u00f3 besz\u00e1mol\u00f3 Kedvezm\u00e9nyezett \u00e1ltali beny\u00fajt\u00e1sa a www.palyazat.gov.hu oldalon megtal\u00e1lhat\u00f3 adatlap kit\u00f6lt\u00e9s\u00e9vel, tov\u00e1bb\u00e1 az al\u00e1bbi dokumentumok szkennelt m\u00e1solati p\u00e9ld\u00e1nyban t\u00f6rt\u00e9n\u0151 csatol\u00e1s\u00e1val kezdem\u00e9nyezhet\u0151:<\/p>\n\n\n\n<p><br><strong>1. <\/strong>A t\u00e1mogatott beruh\u00e1z\u00e1sra vonatkoz\u00f3, a T\u00e1mogat\u00f3i Okiratban r\u00f6gz\u00edtett mindazon tev\u00e9kenys\u00e9gre vonatkoz\u00f3, az Sztv. \u00e9s az \u00c1FA t\u00f6rv\u00e9nynek megfelel\u0151 \u2013 valamint amennyiben relev\u00e1ns a kapcsol\u00f3d\u00f3 V\u00e1llalkoz\u00f3i szerz\u0151d\u00e9ssel azonos tartalm\u00fa \u2013 a Kedvezm\u00e9nyezett nev\u00e9re \u00e9s c\u00edm\u00e9re\/beruh\u00e1z\u00e1s helysz\u00edn\u00e9re21, ki\u00e1ll\u00edtott, z\u00e1rad\u00e9kolt <strong>k\u00f6lts\u00e9gsz\u00e1ml\u00e1k <\/strong>eredeti (1. vev\u0151i p\u00e9ld\u00e1ny) p\u00e9ld\u00e1nyai, melyek kor\u00e1bban nem ker\u00fcltek beny\u00fajt\u00e1sra.<br><strong>FONTOS! A Kedvezm\u00e9nyezett k\u00f6teles minden k\u00f6lts\u00e9gsz\u00e1mla eredeti p\u00e9ld\u00e1ny\u00e1ra felvezetni az al\u00e1bbi z\u00e1rad\u00e9ksz\u00f6veget: <\/strong><em>\u201eElsz\u00e1mol\u00f3 bizonylat xxxxxx p\u00e1ly\u00e1zat elsz\u00e1mol\u00e1s\u00e1ra ker\u00fcl beny\u00fajt\u00e1sra.\", tov\u00e1bb\u00e1 a pontos elsz\u00e1molni tervezett brutt\u00f3 \u00f6sszeget.<br><\/em>Amennyiben a Kedvezm\u00e9nyezett adott projektje terh\u00e9re az elsz\u00e1mol\u00f3 bizonylat \u00f6sszeg\u00e9nek nem a teljes \u00f6sszeget k\u00edv\u00e1nja elsz\u00e1molni, abban az esetben az elsz\u00e1mol\u00f3 bizonylaton pontosan fel kell t\u00fcntetni, hogy az elsz\u00e1mol\u00f3 bizonylat teljes \u00f6sszeg\u00e9b\u0151l mekkora \u00f6sszeget tervez elsz\u00e1molni, tov\u00e1bb\u00e1 ezzel \u00f6sszhangban ezen t\u00e9nyt az elsz\u00e1mol\u00e1si adatlapon is jel\u00f6lni sz\u00fcks\u00e9ges.<\/p>\n\n\n\n<p>Ha a kivitelez\u0151 nem z\u00e1rad\u00e9kol, \u00e9s a Kedvezm\u00e9nyezett rendelkezik e-al\u00e1\u00edr\u00e1ssal, akkor a Kedvezm\u00e9nyezett r\u00e1vezeti a sz\u00e1ml\u00e1ra a z\u00e1rad\u00e9kol\u00e1st, majd al\u00e1\u00edr\u00e1s\u00e1val hiteles\u00edti a sz\u00e1ml\u00e1t \u00e9s a z\u00e1rad\u00e9kol\u00e1st is egyben. Ha a kivitelez\u0151 nem z\u00e1rad\u00e9kol \u00e9s a Kedvezm\u00e9nyezett nem rendelkezik e-al\u00e1\u00edr\u00e1ssal, akkor a Kedvezm\u00e9nyezett nyilatkozatot t\u00f6lt ki, amelyet al\u00e1\u00edr\u00e1st k\u00f6vet\u0151en beszkennel, \u00e9s ahhoz csatolja elektronikusan az elektronikus sz\u00e1ml\u00e1t, az \u00e1ltala v\u00e1lasztott szoftverrel. K\u00fclf\u00f6ldi sz\u00e1mla eset\u00e9n a sz\u00e1mla f\u0151 tartalmi elemeir\u0151l a ford\u00edt\u00e1st a Kedvezm\u00e9nyezett al\u00e1\u00edr\u00e1s\u00e1val hiteles\u00edtve sz\u00fcks\u00e9ges beny\u00fajtani. Kiz\u00e1r\u00f3lag a z\u00e1rad\u00e9ksz\u00f6veggel ell\u00e1tott sz\u00e1ml\u00e1k sz\u00e1molhat\u00f3ak el. A z\u00e1rad\u00e9k sz\u00f6vege a<strong> sz\u00e1mla eredeti p\u00e9ld\u00e1ny\u00e1ra vezetend\u0151 fel, a szkennel\u00e9s \u00e9s csatol\u00e1s kiz\u00e1r\u00f3lag ezt k\u00f6vet\u0151en v\u00e9gezhet\u0151 el!<\/strong><\/p>\n\n\n\n<p><strong><br>2. <\/strong>Amennyiben az adott regisztr\u00e1lt kivitelez\u0151h\u00f6z rendelt, T\u00e1mogat\u00f3i Okiratban r\u00f6gz\u00edtett tervezett \u00e9rt\u00e9kekhez k\u00e9pest a beruh\u00e1z\u00e1s beker\u00fcl\u00e9si k\u00f6lts\u00e9ge n\u00f6vekedett, tov\u00e1bb\u00e1 a kapcsol\u00f3d\u00f3 sz\u00e1ml\u00e1k \u00e1tutal\u00e1sos fizet\u00e9si m\u00f3ddal rendelkeznek, abban az esetben beny\u00fajtand\u00f3 a t\u00f6bbletk\u00f6lts\u00e9g Kedvezm\u00e9nyezett \u00e1ltal t\u00f6rt\u00e9n\u0151 megfizet\u00e9s\u00e9t igazol\u00f3 (banksz\u00e1mlakivonat, banki igazol\u00e1s) dokumentum.<\/p>\n\n\n\n<p><br>3. A T\u00e1mogat\u00f3i Okiratban r\u00f6gz\u00edtett \u00f6sszes tev\u00e9kenys\u00e9g megval\u00f3sul\u00e1s\u00e1t igazol\u00f3 fot\u00f3dokument\u00e1ci\u00f3.<\/p>\n\n\n\n<p><br>4. Amennyiben a t\u00e1mogat\u00e1si k\u00e9relem f\u0171t\u00e9skorszer\u0171s\u00edt\u00e9st tartalmaz\u00f3 m\u0171szaki megold\u00e1sra ir\u00e1nyul, vagyis a 2.1.2 a), illetve a 2.1.2 b) pontban r\u00e9szletezett m\u0171szaki tartalom v\u00e1laszt\u00e1sa eset\u00e9n a t\u00e1mogatott beruh\u00e1z\u00e1sokat teljesk\u00f6r\u0171en tartalmaz\u00f3, a megval\u00f3s\u00edt\u00e1s\u00e1t<strong> k\u00f6vet\u0151 (tervezett) <\/strong>\u00e1llapotot r\u00f6gz\u00edt\u0151, hivatalos, tan\u00fas\u00edt\u00e1sra kifejlesztett szoftverrel elk\u00e9sz\u00edtett, a tan\u00fas\u00edt\u00f3 \u00e1ltal al\u00e1\u00edrt, hiteles\u00edtett (HET sz\u00e1mmal rendelkez\u0151), a sz\u00e9n-dioxid kibocs\u00e1t\u00e1s m\u00e9rt\u00e9k\u00e9t \u00e9s az \u00f6sszes\u00edtett energetikai jellemz\u0151t is tartalmaz\u00f3 energetikai tan\u00fas\u00edtv\u00e1ny teljes terjedelm\u00e9ben. Amennyiben a p\u00e1ly\u00e1zat beny\u00fajt\u00e1sakor emeletr\u00e1\u00e9p\u00edt\u00e9s, \u00e9p\u00fcletb\u0151v\u00edt\u00e9s, valamint egy\u00e9b \u2013 jelen p\u00e1ly\u00e1zat keret\u00e9ben \u2013 nem t\u00e1mogathat\u00f3 energetikai fel\u00faj\u00edt\u00e1s van folyamatban, illetve a p\u00e1ly\u00e1zatbead\u00e1st k\u00f6vet\u0151en, a p\u00e1ly\u00e1zat megval\u00f3s\u00edt\u00e1sa k\u00f6zben azt kivitelezni tervezik, abban az esetben a z\u00e1r\u00f3 besz\u00e1mol\u00f3hoz mind\u00f6sszesen 2 darab energetikai<strong> tan\u00fas\u00edtv\u00e1ny csatol\u00e1sa sz\u00fcks\u00e9ges<\/strong>. Az el\u0151z\u0151 bekezd\u00e9sben eml\u00edtett, a jelen t\u00e1mogat\u00e1sb\u00f3l elsz\u00e1molhat\u00f3 beruh\u00e1z\u00e1s lez\u00e1r\u00e1s\u00e1t k\u00f6vet\u0151 tan\u00fas\u00edtv\u00e1nyon k\u00edv\u00fcl be kell ny\u00fajtani az emeletr\u00e1\u00e9p\u00edt\u00e9s, \u00e9p\u00fcletb\u0151v\u00edt\u00e9s, valamint egy\u00e9b nem t\u00e1mogathat\u00f3 energetikai fel\u00faj\u00edt\u00e1s<strong> befejez\u0151d\u00e9s\u00e9t k\u00f6vet\u0151 \u00e1llapotra <\/strong>vonatkoz\u00f3 tan\u00fas\u00edtv\u00e1nyt is.<\/p>\n","protected":false},"excerpt":{"rendered":"<p>CSATOLAND\u00d3 MELL\u00c9KLETEK LIST\u00c1JA 1. A p\u00e1ly\u00e1zati adatlapon megjel\u00f6lt P\u00e1ly\u00e1z\u00f3 lakhely\u00e9t egyben a megval\u00f3s\u00edt\u00e1s helysz\u00edn\u00e9t al\u00e1t\u00e1maszt\u00f3 hat\u00f3s\u00e1g \u00e1ltal kiadott dokumentum, mely lehet: a) lakc\u00edmet igazol\u00f3 hat\u00f3s\u00e1gi igazolv\u00e1ny (lakc\u00edmk\u00e1rtya) b) r\u00e9gi t\u00edpus\u00fa, nem k\u00e1rtya form\u00e1tum\u00fa szem\u00e9lyi igazolv\u00e1ny eset\u00e9ben annak a nevet, a lakc\u00edmet \u00e9s az \u00e9rv\u00e9nyess\u00e9get tartalmaz\u00f3 oldala 2. A p\u00e1ly\u00e1zati adatlapon megadott P\u00e1ly\u00e1z\u00f3, illetve a beruh\u00e1z\u00e1s [&hellip;]<\/p>\n","protected":false},"author":3,"featured_media":584,"comment_status":"open","ping_status":"open","sticky":false,"template":"","format":"standard","meta":{"footnotes":""},"categories":[1],"tags":[],"class_list":["post-587","post","type-post","status-publish","format-standard","has-post-thumbnail","hentry","category-egyeb"],"yoast_head":"<!-- This site is optimized with the Yoast SEO plugin v19.5.1 - https:\/\/yoast.com\/wordpress\/plugins\/seo\/ -->\n<title>100%-os t\u00e1mogat\u00e1s - milyen dokumentumok kellenek | H\u00f3dszol\u00e1r<\/title>\n<meta name=\"robots\" content=\"noindex, follow, max-snippet:-1, max-image-preview:large, max-video-preview:-1\" \/>\n<meta property=\"og:locale\" content=\"hu_HU\" \/>\n<meta property=\"og:type\" content=\"article\" \/>\n<meta property=\"og:title\" content=\"100%-os t\u00e1mogat\u00e1s - milyen dokumentumok kellenek | H\u00f3dszol\u00e1r\" \/>\n<meta property=\"og:description\" content=\"CSATOLAND\u00d3 MELL\u00c9KLETEK LIST\u00c1JA 1. A p\u00e1ly\u00e1zati adatlapon megjel\u00f6lt P\u00e1ly\u00e1z\u00f3 lakhely\u00e9t egyben a megval\u00f3s\u00edt\u00e1s helysz\u00edn\u00e9t al\u00e1t\u00e1maszt\u00f3 hat\u00f3s\u00e1g \u00e1ltal kiadott dokumentum, mely lehet: a) lakc\u00edmet igazol\u00f3 hat\u00f3s\u00e1gi igazolv\u00e1ny (lakc\u00edmk\u00e1rtya) b) r\u00e9gi t\u00edpus\u00fa, nem k\u00e1rtya form\u00e1tum\u00fa szem\u00e9lyi igazolv\u00e1ny eset\u00e9ben annak a nevet, a lakc\u00edmet \u00e9s az \u00e9rv\u00e9nyess\u00e9get tartalmaz\u00f3 oldala 2. A p\u00e1ly\u00e1zati adatlapon megadott P\u00e1ly\u00e1z\u00f3, illetve a beruh\u00e1z\u00e1s [&hellip;]\" \/>\n<meta property=\"og:url\" content=\"https:\/\/dev.kompaktdesign.hu\/hodszolar.hu\/2021\/09\/08\/100-os-tamogatas-milyen-dokumentumok-kellenek\/\" \/>\n<meta property=\"og:site_name\" content=\"H\u00f3dszol\u00e1r\" \/>\n<meta property=\"article:publisher\" content=\"https:\/\/www.facebook.com\/hodszolar\" \/>\n<meta property=\"article:published_time\" content=\"2021-09-08T09:22:21+00:00\" \/>\n<meta property=\"article:modified_time\" content=\"2021-09-08T09:22:22+00:00\" \/>\n<meta property=\"og:image\" content=\"https:\/\/dev.kompaktdesign.hu\/hodszolar.hu\/wp-content\/uploads\/2021\/09\/palyazati_urlap-1-960x640-1.jpg\" \/>\n\t<meta property=\"og:image:width\" content=\"960\" \/>\n\t<meta property=\"og:image:height\" content=\"640\" \/>\n\t<meta property=\"og:image:type\" content=\"image\/jpeg\" \/>\n<meta name=\"author\" content=\"H\u00f3dszol\u00e1r Kft.\" \/>\n<meta name=\"twitter:card\" content=\"summary_large_image\" \/>\n<meta name=\"twitter:label1\" content=\"Szerz\u0151:\" \/>\n\t<meta name=\"twitter:data1\" content=\"H\u00f3dszol\u00e1r Kft.\" \/>\n\t<meta name=\"twitter:label2\" content=\"Becs\u00fclt olvas\u00e1si id\u0151\" \/>\n\t<meta name=\"twitter:data2\" content=\"8 perc\" \/>\n<script type=\"application\/ld+json\" class=\"yoast-schema-graph\">{\"@context\":\"https:\/\/schema.org\",\"@graph\":[{\"@type\":\"Article\",\"@id\":\"https:\/\/dev.kompaktdesign.hu\/hodszolar.hu\/2021\/09\/08\/100-os-tamogatas-milyen-dokumentumok-kellenek\/#article\",\"isPartOf\":{\"@id\":\"https:\/\/dev.kompaktdesign.hu\/hodszolar.hu\/2021\/09\/08\/100-os-tamogatas-milyen-dokumentumok-kellenek\/\"},\"author\":{\"name\":\"H\u00f3dszol\u00e1r Kft.\",\"@id\":\"https:\/\/dev.kompaktdesign.hu\/hodszolar.hu\/#\/schema\/person\/a788af940a3d6b2829396312340dd08c\"},\"headline\":\"100%-os t\u00e1mogat\u00e1s - milyen dokumentumok kellenek\",\"datePublished\":\"2021-09-08T09:22:21+00:00\",\"dateModified\":\"2021-09-08T09:22:22+00:00\",\"mainEntityOfPage\":{\"@id\":\"https:\/\/dev.kompaktdesign.hu\/hodszolar.hu\/2021\/09\/08\/100-os-tamogatas-milyen-dokumentumok-kellenek\/\"},\"wordCount\":3138,\"commentCount\":0,\"publisher\":{\"@id\":\"https:\/\/dev.kompaktdesign.hu\/hodszolar.hu\/#organization\"},\"articleSection\":[\"Egy\u00e9b kateg\u00f3ria\"],\"inLanguage\":\"hu\",\"potentialAction\":[{\"@type\":\"CommentAction\",\"name\":\"Comment\",\"target\":[\"https:\/\/dev.kompaktdesign.hu\/hodszolar.hu\/2021\/09\/08\/100-os-tamogatas-milyen-dokumentumok-kellenek\/#respond\"]}]},{\"@type\":\"WebPage\",\"@id\":\"https:\/\/dev.kompaktdesign.hu\/hodszolar.hu\/2021\/09\/08\/100-os-tamogatas-milyen-dokumentumok-kellenek\/\",\"url\":\"https:\/\/dev.kompaktdesign.hu\/hodszolar.hu\/2021\/09\/08\/100-os-tamogatas-milyen-dokumentumok-kellenek\/\",\"name\":\"100%-os t\u00e1mogat\u00e1s - milyen dokumentumok kellenek | H\u00f3dszol\u00e1r\",\"isPartOf\":{\"@id\":\"https:\/\/dev.kompaktdesign.hu\/hodszolar.hu\/#website\"},\"datePublished\":\"2021-09-08T09:22:21+00:00\",\"dateModified\":\"2021-09-08T09:22:22+00:00\",\"breadcrumb\":{\"@id\":\"https:\/\/dev.kompaktdesign.hu\/hodszolar.hu\/2021\/09\/08\/100-os-tamogatas-milyen-dokumentumok-kellenek\/#breadcrumb\"},\"inLanguage\":\"hu\",\"potentialAction\":[{\"@type\":\"ReadAction\",\"target\":[\"https:\/\/dev.kompaktdesign.hu\/hodszolar.hu\/2021\/09\/08\/100-os-tamogatas-milyen-dokumentumok-kellenek\/\"]}]},{\"@type\":\"BreadcrumbList\",\"@id\":\"https:\/\/dev.kompaktdesign.hu\/hodszolar.hu\/2021\/09\/08\/100-os-tamogatas-milyen-dokumentumok-kellenek\/#breadcrumb\",\"itemListElement\":[{\"@type\":\"ListItem\",\"position\":1,\"name\":\"Kezd\u0151lap\",\"item\":\"https:\/\/dev.kompaktdesign.hu\/hodszolar.hu\/\"},{\"@type\":\"ListItem\",\"position\":2,\"name\":\"100%-os t\u00e1mogat\u00e1s - milyen dokumentumok kellenek\"}]},{\"@type\":\"WebSite\",\"@id\":\"https:\/\/dev.kompaktdesign.hu\/hodszolar.hu\/#website\",\"url\":\"https:\/\/dev.kompaktdesign.hu\/hodszolar.hu\/\",\"name\":\"H\u00f3dszol\u00e1r\",\"description\":\"A v\u00e1s\u00e1rhelyi napelemes\",\"publisher\":{\"@id\":\"https:\/\/dev.kompaktdesign.hu\/hodszolar.hu\/#organization\"},\"potentialAction\":[{\"@type\":\"SearchAction\",\"target\":{\"@type\":\"EntryPoint\",\"urlTemplate\":\"https:\/\/dev.kompaktdesign.hu\/hodszolar.hu\/?s={search_term_string}\"},\"query-input\":\"required name=search_term_string\"}],\"inLanguage\":\"hu\"},{\"@type\":\"Organization\",\"@id\":\"https:\/\/dev.kompaktdesign.hu\/hodszolar.hu\/#organization\",\"name\":\"H\u00f3dszol\u00e1r Kft.\",\"url\":\"https:\/\/dev.kompaktdesign.hu\/hodszolar.hu\/\",\"sameAs\":[\"https:\/\/www.facebook.com\/hodszolar\"],\"logo\":{\"@type\":\"ImageObject\",\"inLanguage\":\"hu\",\"@id\":\"https:\/\/dev.kompaktdesign.hu\/hodszolar.hu\/#\/schema\/logo\/image\/\",\"url\":\"https:\/\/dev.kompaktdesign.hu\/hodszolar.hu\/wp-content\/uploads\/2021\/05\/fvicon.png\",\"contentUrl\":\"https:\/\/dev.kompaktdesign.hu\/hodszolar.hu\/wp-content\/uploads\/2021\/05\/fvicon.png\",\"width\":132,\"height\":132,\"caption\":\"H\u00f3dszol\u00e1r Kft.\"},\"image\":{\"@id\":\"https:\/\/dev.kompaktdesign.hu\/hodszolar.hu\/#\/schema\/logo\/image\/\"}},{\"@type\":\"Person\",\"@id\":\"https:\/\/dev.kompaktdesign.hu\/hodszolar.hu\/#\/schema\/person\/a788af940a3d6b2829396312340dd08c\",\"name\":\"H\u00f3dszol\u00e1r Kft.\",\"image\":{\"@type\":\"ImageObject\",\"inLanguage\":\"hu\",\"@id\":\"https:\/\/dev.kompaktdesign.hu\/hodszolar.hu\/#\/schema\/person\/image\/\",\"url\":\"https:\/\/secure.gravatar.com\/avatar\/38df000db6f2e93b7f0ccccf7714392424ca033738d34dfe71f19fdb70329830?s=96&d=mm&r=g\",\"contentUrl\":\"https:\/\/secure.gravatar.com\/avatar\/38df000db6f2e93b7f0ccccf7714392424ca033738d34dfe71f19fdb70329830?s=96&d=mm&r=g\",\"caption\":\"H\u00f3dszol\u00e1r Kft.\"},\"url\":\"https:\/\/dev.kompaktdesign.hu\/hodszolar.hu\/author\/hodszolar\/\"}]}<\/script>\n<!-- \/ Yoast SEO plugin. -->","yoast_head_json":{"title":"100%-os t\u00e1mogat\u00e1s - milyen dokumentumok kellenek | H\u00f3dszol\u00e1r","robots":{"index":"noindex","follow":"follow","max-snippet":"max-snippet:-1","max-image-preview":"max-image-preview:large","max-video-preview":"max-video-preview:-1"},"og_locale":"hu_HU","og_type":"article","og_title":"100%-os t\u00e1mogat\u00e1s - milyen dokumentumok kellenek | H\u00f3dszol\u00e1r","og_description":"CSATOLAND\u00d3 MELL\u00c9KLETEK LIST\u00c1JA 1. A p\u00e1ly\u00e1zati adatlapon megjel\u00f6lt P\u00e1ly\u00e1z\u00f3 lakhely\u00e9t egyben a megval\u00f3s\u00edt\u00e1s helysz\u00edn\u00e9t al\u00e1t\u00e1maszt\u00f3 hat\u00f3s\u00e1g \u00e1ltal kiadott dokumentum, mely lehet: a) lakc\u00edmet igazol\u00f3 hat\u00f3s\u00e1gi igazolv\u00e1ny (lakc\u00edmk\u00e1rtya) b) r\u00e9gi t\u00edpus\u00fa, nem k\u00e1rtya form\u00e1tum\u00fa szem\u00e9lyi igazolv\u00e1ny eset\u00e9ben annak a nevet, a lakc\u00edmet \u00e9s az \u00e9rv\u00e9nyess\u00e9get tartalmaz\u00f3 oldala 2. A p\u00e1ly\u00e1zati adatlapon megadott P\u00e1ly\u00e1z\u00f3, illetve a beruh\u00e1z\u00e1s [&hellip;]","og_url":"https:\/\/dev.kompaktdesign.hu\/hodszolar.hu\/2021\/09\/08\/100-os-tamogatas-milyen-dokumentumok-kellenek\/","og_site_name":"H\u00f3dszol\u00e1r","article_publisher":"https:\/\/www.facebook.com\/hodszolar","article_published_time":"2021-09-08T09:22:21+00:00","article_modified_time":"2021-09-08T09:22:22+00:00","og_image":[{"width":960,"height":640,"url":"https:\/\/dev.kompaktdesign.hu\/hodszolar.hu\/wp-content\/uploads\/2021\/09\/palyazati_urlap-1-960x640-1.jpg","type":"image\/jpeg"}],"author":"H\u00f3dszol\u00e1r Kft.","twitter_card":"summary_large_image","twitter_misc":{"Szerz\u0151:":"H\u00f3dszol\u00e1r Kft.","Becs\u00fclt olvas\u00e1si id\u0151":"8 perc"},"schema":{"@context":"https:\/\/schema.org","@graph":[{"@type":"Article","@id":"https:\/\/dev.kompaktdesign.hu\/hodszolar.hu\/2021\/09\/08\/100-os-tamogatas-milyen-dokumentumok-kellenek\/#article","isPartOf":{"@id":"https:\/\/dev.kompaktdesign.hu\/hodszolar.hu\/2021\/09\/08\/100-os-tamogatas-milyen-dokumentumok-kellenek\/"},"author":{"name":"H\u00f3dszol\u00e1r Kft.","@id":"https:\/\/dev.kompaktdesign.hu\/hodszolar.hu\/#\/schema\/person\/a788af940a3d6b2829396312340dd08c"},"headline":"100%-os t\u00e1mogat\u00e1s - milyen dokumentumok kellenek","datePublished":"2021-09-08T09:22:21+00:00","dateModified":"2021-09-08T09:22:22+00:00","mainEntityOfPage":{"@id":"https:\/\/dev.kompaktdesign.hu\/hodszolar.hu\/2021\/09\/08\/100-os-tamogatas-milyen-dokumentumok-kellenek\/"},"wordCount":3138,"commentCount":0,"publisher":{"@id":"https:\/\/dev.kompaktdesign.hu\/hodszolar.hu\/#organization"},"articleSection":["Egy\u00e9b kateg\u00f3ria"],"inLanguage":"hu","potentialAction":[{"@type":"CommentAction","name":"Comment","target":["https:\/\/dev.kompaktdesign.hu\/hodszolar.hu\/2021\/09\/08\/100-os-tamogatas-milyen-dokumentumok-kellenek\/#respond"]}]},{"@type":"WebPage","@id":"https:\/\/dev.kompaktdesign.hu\/hodszolar.hu\/2021\/09\/08\/100-os-tamogatas-milyen-dokumentumok-kellenek\/","url":"https:\/\/dev.kompaktdesign.hu\/hodszolar.hu\/2021\/09\/08\/100-os-tamogatas-milyen-dokumentumok-kellenek\/","name":"100%-os t\u00e1mogat\u00e1s - milyen dokumentumok kellenek | H\u00f3dszol\u00e1r","isPartOf":{"@id":"https:\/\/dev.kompaktdesign.hu\/hodszolar.hu\/#website"},"datePublished":"2021-09-08T09:22:21+00:00","dateModified":"2021-09-08T09:22:22+00:00","breadcrumb":{"@id":"https:\/\/dev.kompaktdesign.hu\/hodszolar.hu\/2021\/09\/08\/100-os-tamogatas-milyen-dokumentumok-kellenek\/#breadcrumb"},"inLanguage":"hu","potentialAction":[{"@type":"ReadAction","target":["https:\/\/dev.kompaktdesign.hu\/hodszolar.hu\/2021\/09\/08\/100-os-tamogatas-milyen-dokumentumok-kellenek\/"]}]},{"@type":"BreadcrumbList","@id":"https:\/\/dev.kompaktdesign.hu\/hodszolar.hu\/2021\/09\/08\/100-os-tamogatas-milyen-dokumentumok-kellenek\/#breadcrumb","itemListElement":[{"@type":"ListItem","position":1,"name":"Kezd\u0151lap","item":"https:\/\/dev.kompaktdesign.hu\/hodszolar.hu\/"},{"@type":"ListItem","position":2,"name":"100%-os t\u00e1mogat\u00e1s - milyen dokumentumok kellenek"}]},{"@type":"WebSite","@id":"https:\/\/dev.kompaktdesign.hu\/hodszolar.hu\/#website","url":"https:\/\/dev.kompaktdesign.hu\/hodszolar.hu\/","name":"H\u00f3dszol\u00e1r","description":"A v\u00e1s\u00e1rhelyi napelemes","publisher":{"@id":"https:\/\/dev.kompaktdesign.hu\/hodszolar.hu\/#organization"},"potentialAction":[{"@type":"SearchAction","target":{"@type":"EntryPoint","urlTemplate":"https:\/\/dev.kompaktdesign.hu\/hodszolar.hu\/?s={search_term_string}"},"query-input":"required name=search_term_string"}],"inLanguage":"hu"},{"@type":"Organization","@id":"https:\/\/dev.kompaktdesign.hu\/hodszolar.hu\/#organization","name":"H\u00f3dszol\u00e1r Kft.","url":"https:\/\/dev.kompaktdesign.hu\/hodszolar.hu\/","sameAs":["https:\/\/www.facebook.com\/hodszolar"],"logo":{"@type":"ImageObject","inLanguage":"hu","@id":"https:\/\/dev.kompaktdesign.hu\/hodszolar.hu\/#\/schema\/logo\/image\/","url":"https:\/\/dev.kompaktdesign.hu\/hodszolar.hu\/wp-content\/uploads\/2021\/05\/fvicon.png","contentUrl":"https:\/\/dev.kompaktdesign.hu\/hodszolar.hu\/wp-content\/uploads\/2021\/05\/fvicon.png","width":132,"height":132,"caption":"H\u00f3dszol\u00e1r Kft."},"image":{"@id":"https:\/\/dev.kompaktdesign.hu\/hodszolar.hu\/#\/schema\/logo\/image\/"}},{"@type":"Person","@id":"https:\/\/dev.kompaktdesign.hu\/hodszolar.hu\/#\/schema\/person\/a788af940a3d6b2829396312340dd08c","name":"H\u00f3dszol\u00e1r Kft.","image":{"@type":"ImageObject","inLanguage":"hu","@id":"https:\/\/dev.kompaktdesign.hu\/hodszolar.hu\/#\/schema\/person\/image\/","url":"https:\/\/secure.gravatar.com\/avatar\/38df000db6f2e93b7f0ccccf7714392424ca033738d34dfe71f19fdb70329830?s=96&d=mm&r=g","contentUrl":"https:\/\/secure.gravatar.com\/avatar\/38df000db6f2e93b7f0ccccf7714392424ca033738d34dfe71f19fdb70329830?s=96&d=mm&r=g","caption":"H\u00f3dszol\u00e1r Kft."},"url":"https:\/\/dev.kompaktdesign.hu\/hodszolar.hu\/author\/hodszolar\/"}]}},"_links":{"self":[{"href":"https:\/\/dev.kompaktdesign.hu\/hodszolar.hu\/wp-json\/wp\/v2\/posts\/587","targetHints":{"allow":["GET"]}}],"collection":[{"href":"https:\/\/dev.kompaktdesign.hu\/hodszolar.hu\/wp-json\/wp\/v2\/posts"}],"about":[{"href":"https:\/\/dev.kompaktdesign.hu\/hodszolar.hu\/wp-json\/wp\/v2\/types\/post"}],"author":[{"embeddable":true,"href":"https:\/\/dev.kompaktdesign.hu\/hodszolar.hu\/wp-json\/wp\/v2\/users\/3"}],"replies":[{"embeddable":true,"href":"https:\/\/dev.kompaktdesign.hu\/hodszolar.hu\/wp-json\/wp\/v2\/comments?post=587"}],"version-history":[{"count":1,"href":"https:\/\/dev.kompaktdesign.hu\/hodszolar.hu\/wp-json\/wp\/v2\/posts\/587\/revisions"}],"predecessor-version":[{"id":589,"href":"https:\/\/dev.kompaktdesign.hu\/hodszolar.hu\/wp-json\/wp\/v2\/posts\/587\/revisions\/589"}],"wp:featuredmedia":[{"embeddable":true,"href":"https:\/\/dev.kompaktdesign.hu\/hodszolar.hu\/wp-json\/wp\/v2\/media\/584"}],"wp:attachment":[{"href":"https:\/\/dev.kompaktdesign.hu\/hodszolar.hu\/wp-json\/wp\/v2\/media?parent=587"}],"wp:term":[{"taxonomy":"category","embeddable":true,"href":"https:\/\/dev.kompaktdesign.hu\/hodszolar.hu\/wp-json\/wp\/v2\/categories?post=587"},{"taxonomy":"post_tag","embeddable":true,"href":"https:\/\/dev.kompaktdesign.hu\/hodszolar.hu\/wp-json\/wp\/v2\/tags?post=587"}],"curies":[{"name":"wp","href":"https:\/\/api.w.org\/{rel}","templated":true}]}}