{"id":590,"date":"2021-09-10T13:15:36","date_gmt":"2021-09-10T13:15:36","guid":{"rendered":"https:\/\/hodszolar.hu\/?p=590"},"modified":"2021-09-10T13:16:34","modified_gmt":"2021-09-10T13:16:34","slug":"gaz-es-villanyarsokk-razhatja-meg-europat","status":"publish","type":"post","link":"https:\/\/dev.kompaktdesign.hu\/hodszolar.hu\/2021\/09\/10\/gaz-es-villanyarsokk-razhatja-meg-europat\/","title":{"rendered":"G\u00e1z- \u00e9s villany\u00e1rsokk r\u00e1zhatja meg Eur\u00f3p\u00e1t"},"content":{"rendered":"\n<p><strong>Eur\u00f3p\u00e1nak hamarosan energia\u00e1r sokkal kell szembes\u00fclnie a f\u00f6ldg\u00e1z \u00e9s az \u00e1ram \u00e1r\u00e1nak rekodszintre ugr\u00e1sa miatt. Kev\u00e9s a g\u00e1z, nagy a kereslet, az \u00e1remelked\u00e9s tov\u00e1bb f\u0171theti az infl\u00e1ci\u00f3t.<\/strong><\/p>\n\n\n\n<p>A g\u00e1zk\u00edn\u00e1lat cs\u00f6kken\u00e9se jelent\u0151sen megemelte az energiatermel\u00e9s k\u00f6lts\u00e9geit az Egyes\u00fclt Kir\u00e1lys\u00e1gt\u00f3l N\u00e9metorsz\u00e1gig mindenhol, mik\u00f6zben az \u00fajranyit\u00e1sok miatt a kereslet n\u00f6vekszik. Az emelked\u0151 \u00e1rak tov\u00e1bb f\u0171tik az infl\u00e1ci\u00f3t \u00e9s azzal fenyegetnek, hogy g\u00e1tolj\u00e1k a gazdas\u00e1g fellend\u00fcl\u00e9s\u00e9t, mivel emiatt az energiaig\u00e9nyes ipar\u00e1gak, mint p\u00e9ld\u00e1ul a m\u0171tr\u00e1gya- \u00e9s ac\u00e9lgy\u00e1rt\u00e1s cs\u00f6kkenthetik kibocs\u00e1t\u00e1sukat \u2013 \u00edrja \u00f6sszefoglal\u00f3 elemz\u00e9s\u00e9ben a Bloomberg.<\/p>\n\n\n\n<p>Az \u00e1rak annak ellen\u00e9re emelkedtek, hogy ez \u00e1ltal\u00e1ban nem szokott jellemz\u0151 lenni a ny\u00e1ri h\u00f3napokra, amikor a kereslet jellemz\u0151en alacsony. Ez viszont azt jelentheti, hogy a szok\u00e1sosn\u00e1l magasabb \u00e1rakra kel felk\u00e9sz\u00fclni a t\u00e9l folyam\u00e1n, s arra, hogy a szolg\u00e1ltat\u00f3k azokban az orsz\u00e1gokban ahol nem k\u00f6zpontilag\u00a0szab\u00e1lyozott\u00a0a piac akkor kezdik el emelni az \u00e1rakat, amikor a v\u00e1rtn\u00e1l magasabb infl\u00e1ci\u00f3 m\u00e1r am\u00fagy is fejf\u00e1j\u00e1st okoz. R\u00e1ad\u00e1sul egy ilyen k\u00f6rnyezetben a politikusoknak is nehezebb lehet \u00e1tverni\u00fck a sz\u00fcks\u00e9ges int\u00e9zked\u00e9seket a k\u00f6rnyezetk\u00edm\u00e9l\u0151bb z\u00f6ld energi\u00e1ra val\u00f3 \u00e1t\u00e1ll\u00e1s \u00e9rdek\u00e9ben.<\/p>\n\n\n\n<p>Az igazi gond m\u00e9g el sem kezd\u0151d\u00f6tt, Eur\u00f3pa nagyon neh\u00e9z t\u00e9l el\u00e9 n\u00e9zhet \u2013 mondta Julien Hoarau, a francia Engie SA nev\u0171 k\u00f6zszolg\u00e1ltat\u00f3 c\u00e9g EnergyScan nev\u0171 elemz\u0151c\u00e9g\u00e9nek vezet\u0151je. A holland t\u0151zsd\u00e9n jegyzett, benchmarkk\u00e9nt haszn\u00e1lt eur\u00f3pai f\u00f6ldg\u00e1zkontraktusok hat\u00e1rid\u0151s \u00e1rfolyama h\u00e9tf\u0151n rekordszintre emelkedett, ak\u00e1rcsak a brit \u00e1rak. Nagy-Britanni\u00e1ban a villany\u00e1ram \u00e1ra szint\u00e9 rekordszintre ugrott, m\u00edg N\u00e9metorsz\u00e1gban az egy\u00e9ves kontraktusok tett\u00e9k ugyanezt. Ez ut\u00f3bbi sz\u00e1m\u00edt Eur\u00f3pa legnagyobb \u00e1rampiac\u00e1nak.<\/p>\n\n\n\n<p>A forr\u00f3 id\u0151j\u00e1r\u00e1s \u00e9s a gyenge sz\u00e9ler\u0151ss\u00e9g g\u00e1tolt\u00e1k a meg\u00fajul\u00f3 energi\u00e1k energia el\u0151\u00e1ll\u00edt\u00e1s\u00e1t, ez viszont a fosszilis alap\u00fa \u00e1ram felhaszn\u00e1l\u00e1s\u00e1t n\u00f6velte, ami a sz\u00e9n \u00e1r\u00e1nak id\u00e9n eddig 70 sz\u00e1zal\u00e9kos emelked\u00e9s\u00e9hez vezetett.<\/p>\n\n\n\n<p><strong>M\u00e1r most f\u0171ti az infl\u00e1ci\u00f3t<\/strong><\/p>\n\n\n\n<p>Eur\u00f3pa eleve alacsony g\u00e1zk\u00e9szletekkel v\u00e1gott neki az idei \u00e9vnek, miut\u00e1n a kem\u00e9ny t\u00e9l miatt alaposan le\u00fcr\u00fcltek a kontinensen a t\u00e1rol\u00f3k. A k\u00e9szleteket nem volt k\u00f6nny\u0171 p\u00f3tolni az\u00f3ta sem, miut\u00e1n\u00a0Oroszorsz\u00e1g\u00a0korl\u00e1tozta a sz\u00e1ll\u00edt\u00e1sokat, s mik\u00f6zben \u00c1zsi\u00e1ban igyekeztek megszerezni egy csom\u00f3 olyan LNG sz\u00e1ll\u00edtm\u00e1ynt, amely am\u00fagy Eur\u00f3p\u00e1ba\u00a0 ment volna. Eur\u00f3pa ek\u00f6zben a saj\u00e1t kitermel\u00e9s\u00e9re sem hagyatkozhat, mivel egy csom\u00f3 \u00fczemzavar akad\u00e1lyozta p\u00e9ld\u00e1ul id\u00e9n az \u00e9szaki-tengeri mez\u0151k kiakn\u00e1z\u00e1s\u00e1t, s \u00fagy t\u0171nik, hogy a hatalmas hollandiai, Groningen g\u00e1zmez\u0151 is a tervezettn\u00e9l h\u00e1rom \u00e9vvel hamarabb kimer\u00fclhet \u2013 \u00edrja az \u00f6sszefoglal\u00f3. A g\u00e1z\u00e1rak jelenleg olyan magasak, hogy ha \u00e1tsz\u00e1moln\u00e1nk azt f\u0171t\u0151\u00e9rt\u00e9k alapj\u00e1n az olaj \u00e1r\u00e1ra, akkor meghaladn\u00e1 azt, s erre nagyon ritk\u00e1n van p\u00e9lda.<\/p>\n\n\n\n<p>Az emelked\u0151 energia\u00e1rak m\u00e1r most is hozz\u00e1j\u00e1rultak ahhoz, hogy az infl\u00e1ci\u00f3 Eur\u00f3pa-szerte, \u00edgy N\u00e9metorsz\u00e1gban is 2008 \u00f3ta nem l\u00e1tott magass\u00e1gba, 3,4 sz\u00e1zal\u00e9kra ugrott augusztusban. Ez m\u00e9g rosszabb is lehet, ha p\u00e9ld\u00e1ul id\u00e9n t\u00e9len megism\u00e9tl\u0151dik az a szokatlan hideg, amire 2018-ban volt p\u00e9lda. Ekkor a g\u00e1z \u00e1ra olyan magass\u00e1gokba emelkedhet, ami 100 doll\u00e1r feletti olaj\u00e1rnak felelne meg \u2013 mondta az EnergyScan szak\u00e9rt\u0151je. Az olyan nagy energetikai c\u00e9gek, mint az olasz Enel, vagy az osztr\u00e1k OMV vezet\u0151i m\u00e1r figyelmeztettek arra, hogy neh\u00e9z t\u00e9l el\u0151tt \u00e1llunk. A Citigroup elemz\u0151i szerint az eur\u00f3pai lakoss\u00e1g g\u00e1z \u00e9s villanysz\u00e1ml\u00e1i ak\u00e1r 20 sz\u00e1zal\u00e9kkal is dr\u00e1gulhatnak id\u00e9n. Mik\u00f6zben a kontinens nagy szolg\u00e1ltat\u00f3 c\u00e9gei m\u00e1r elkezdt\u00e9k a lakoss\u00e1gi tarif\u00e1k emel\u00e9s\u00e9t, az S&amp;P Global Platts londoni elemz\u0151i arra figyelmeztetnek, hogy az \u00e1remel\u00e9sek nyom\u00e1n a korm\u00e1nyok egyre ink\u00e1bb sz\u00fcks\u00e9g\u00e9t \u00e9rzik majd, hogy azok kedvez\u0151tlen hat\u00e1sait \u00e1th\u00e1r\u00edts\u00e1k.<\/p>\n\n\n\n<p>A g\u00e1z\u00e1r emelked\u00e9s\u00e9nek van egy m\u00e1sik hat\u00e1sa is. A magas \u00e1rak mellett ugyanis egyre kifizet\u0151d\u0151bb lesz a sz\u00e9n kitermel\u00e9se is, ami felnyomhatja az ezek kitermel\u00e9shez sz\u00fcks\u00e9ges enged\u00e9lyek \u00e1rfolyam\u00e1t is.<\/p>\n","protected":false},"excerpt":{"rendered":"<p>Eur\u00f3p\u00e1nak hamarosan energia\u00e1r sokkal kell szembes\u00fclnie a f\u00f6ldg\u00e1z \u00e9s az \u00e1ram \u00e1r\u00e1nak rekodszintre ugr\u00e1sa miatt. Kev\u00e9s a g\u00e1z, nagy a kereslet, az \u00e1remelked\u00e9s tov\u00e1bb f\u0171theti az infl\u00e1ci\u00f3t. A g\u00e1zk\u00edn\u00e1lat cs\u00f6kken\u00e9se jelent\u0151sen megemelte az energiatermel\u00e9s k\u00f6lts\u00e9geit az Egyes\u00fclt Kir\u00e1lys\u00e1gt\u00f3l N\u00e9metorsz\u00e1gig mindenhol, mik\u00f6zben az \u00fajranyit\u00e1sok miatt a kereslet n\u00f6vekszik. Az emelked\u0151 \u00e1rak tov\u00e1bb f\u0171tik az infl\u00e1ci\u00f3t \u00e9s [&hellip;]<\/p>\n","protected":false},"author":3,"featured_media":591,"comment_status":"open","ping_status":"open","sticky":false,"template":"","format":"standard","meta":{"footnotes":""},"categories":[1],"tags":[],"class_list":["post-590","post","type-post","status-publish","format-standard","has-post-thumbnail","hentry","category-egyeb"],"yoast_head":"<!-- This site is optimized with the Yoast SEO plugin v19.5.1 - https:\/\/yoast.com\/wordpress\/plugins\/seo\/ -->\n<title>G\u00e1z- \u00e9s villany\u00e1rsokk r\u00e1zhatja meg Eur\u00f3p\u00e1t | H\u00f3dszol\u00e1r<\/title>\n<meta name=\"robots\" content=\"noindex, follow, max-snippet:-1, max-image-preview:large, max-video-preview:-1\" \/>\n<meta property=\"og:locale\" content=\"hu_HU\" \/>\n<meta property=\"og:type\" content=\"article\" \/>\n<meta property=\"og:title\" content=\"G\u00e1z- \u00e9s villany\u00e1rsokk r\u00e1zhatja meg Eur\u00f3p\u00e1t | H\u00f3dszol\u00e1r\" \/>\n<meta property=\"og:description\" content=\"Eur\u00f3p\u00e1nak hamarosan energia\u00e1r sokkal kell szembes\u00fclnie a f\u00f6ldg\u00e1z \u00e9s az \u00e1ram \u00e1r\u00e1nak rekodszintre ugr\u00e1sa miatt. Kev\u00e9s a g\u00e1z, nagy a kereslet, az \u00e1remelked\u00e9s tov\u00e1bb f\u0171theti az infl\u00e1ci\u00f3t. A g\u00e1zk\u00edn\u00e1lat cs\u00f6kken\u00e9se jelent\u0151sen megemelte az energiatermel\u00e9s k\u00f6lts\u00e9geit az Egyes\u00fclt Kir\u00e1lys\u00e1gt\u00f3l N\u00e9metorsz\u00e1gig mindenhol, mik\u00f6zben az \u00fajranyit\u00e1sok miatt a kereslet n\u00f6vekszik. Az emelked\u0151 \u00e1rak tov\u00e1bb f\u0171tik az infl\u00e1ci\u00f3t \u00e9s [&hellip;]\" \/>\n<meta property=\"og:url\" content=\"https:\/\/dev.kompaktdesign.hu\/hodszolar.hu\/2021\/09\/10\/gaz-es-villanyarsokk-razhatja-meg-europat\/\" \/>\n<meta property=\"og:site_name\" content=\"H\u00f3dszol\u00e1r\" \/>\n<meta property=\"article:publisher\" content=\"https:\/\/www.facebook.com\/hodszolar\" \/>\n<meta property=\"article:published_time\" content=\"2021-09-10T13:15:36+00:00\" \/>\n<meta property=\"article:modified_time\" content=\"2021-09-10T13:16:34+00:00\" \/>\n<meta property=\"og:image\" content=\"https:\/\/dev.kompaktdesign.hu\/hodszolar.hu\/wp-content\/uploads\/2021\/09\/sme-energy-saving-tips.jpg\" \/>\n\t<meta property=\"og:image:width\" content=\"400\" \/>\n\t<meta property=\"og:image:height\" content=\"400\" \/>\n\t<meta property=\"og:image:type\" content=\"image\/jpeg\" \/>\n<meta name=\"author\" content=\"H\u00f3dszol\u00e1r Kft.\" \/>\n<meta name=\"twitter:card\" content=\"summary_large_image\" \/>\n<meta name=\"twitter:label1\" content=\"Szerz\u0151:\" \/>\n\t<meta name=\"twitter:data1\" content=\"H\u00f3dszol\u00e1r Kft.\" \/>\n\t<meta name=\"twitter:label2\" content=\"Becs\u00fclt olvas\u00e1si id\u0151\" \/>\n\t<meta name=\"twitter:data2\" content=\"3 perc\" \/>\n<script type=\"application\/ld+json\" class=\"yoast-schema-graph\">{\"@context\":\"https:\/\/schema.org\",\"@graph\":[{\"@type\":\"Article\",\"@id\":\"https:\/\/dev.kompaktdesign.hu\/hodszolar.hu\/2021\/09\/10\/gaz-es-villanyarsokk-razhatja-meg-europat\/#article\",\"isPartOf\":{\"@id\":\"https:\/\/dev.kompaktdesign.hu\/hodszolar.hu\/2021\/09\/10\/gaz-es-villanyarsokk-razhatja-meg-europat\/\"},\"author\":{\"name\":\"H\u00f3dszol\u00e1r Kft.\",\"@id\":\"https:\/\/dev.kompaktdesign.hu\/hodszolar.hu\/#\/schema\/person\/a788af940a3d6b2829396312340dd08c\"},\"headline\":\"G\u00e1z- \u00e9s villany\u00e1rsokk r\u00e1zhatja meg Eur\u00f3p\u00e1t\",\"datePublished\":\"2021-09-10T13:15:36+00:00\",\"dateModified\":\"2021-09-10T13:16:34+00:00\",\"mainEntityOfPage\":{\"@id\":\"https:\/\/dev.kompaktdesign.hu\/hodszolar.hu\/2021\/09\/10\/gaz-es-villanyarsokk-razhatja-meg-europat\/\"},\"wordCount\":846,\"commentCount\":0,\"publisher\":{\"@id\":\"https:\/\/dev.kompaktdesign.hu\/hodszolar.hu\/#organization\"},\"articleSection\":[\"Egy\u00e9b kateg\u00f3ria\"],\"inLanguage\":\"hu\",\"potentialAction\":[{\"@type\":\"CommentAction\",\"name\":\"Comment\",\"target\":[\"https:\/\/dev.kompaktdesign.hu\/hodszolar.hu\/2021\/09\/10\/gaz-es-villanyarsokk-razhatja-meg-europat\/#respond\"]}]},{\"@type\":\"WebPage\",\"@id\":\"https:\/\/dev.kompaktdesign.hu\/hodszolar.hu\/2021\/09\/10\/gaz-es-villanyarsokk-razhatja-meg-europat\/\",\"url\":\"https:\/\/dev.kompaktdesign.hu\/hodszolar.hu\/2021\/09\/10\/gaz-es-villanyarsokk-razhatja-meg-europat\/\",\"name\":\"G\u00e1z- \u00e9s villany\u00e1rsokk r\u00e1zhatja meg Eur\u00f3p\u00e1t | H\u00f3dszol\u00e1r\",\"isPartOf\":{\"@id\":\"https:\/\/dev.kompaktdesign.hu\/hodszolar.hu\/#website\"},\"datePublished\":\"2021-09-10T13:15:36+00:00\",\"dateModified\":\"2021-09-10T13:16:34+00:00\",\"breadcrumb\":{\"@id\":\"https:\/\/dev.kompaktdesign.hu\/hodszolar.hu\/2021\/09\/10\/gaz-es-villanyarsokk-razhatja-meg-europat\/#breadcrumb\"},\"inLanguage\":\"hu\",\"potentialAction\":[{\"@type\":\"ReadAction\",\"target\":[\"https:\/\/dev.kompaktdesign.hu\/hodszolar.hu\/2021\/09\/10\/gaz-es-villanyarsokk-razhatja-meg-europat\/\"]}]},{\"@type\":\"BreadcrumbList\",\"@id\":\"https:\/\/dev.kompaktdesign.hu\/hodszolar.hu\/2021\/09\/10\/gaz-es-villanyarsokk-razhatja-meg-europat\/#breadcrumb\",\"itemListElement\":[{\"@type\":\"ListItem\",\"position\":1,\"name\":\"Kezd\u0151lap\",\"item\":\"https:\/\/dev.kompaktdesign.hu\/hodszolar.hu\/\"},{\"@type\":\"ListItem\",\"position\":2,\"name\":\"G\u00e1z- \u00e9s villany\u00e1rsokk r\u00e1zhatja meg Eur\u00f3p\u00e1t\"}]},{\"@type\":\"WebSite\",\"@id\":\"https:\/\/dev.kompaktdesign.hu\/hodszolar.hu\/#website\",\"url\":\"https:\/\/dev.kompaktdesign.hu\/hodszolar.hu\/\",\"name\":\"H\u00f3dszol\u00e1r\",\"description\":\"A v\u00e1s\u00e1rhelyi napelemes\",\"publisher\":{\"@id\":\"https:\/\/dev.kompaktdesign.hu\/hodszolar.hu\/#organization\"},\"potentialAction\":[{\"@type\":\"SearchAction\",\"target\":{\"@type\":\"EntryPoint\",\"urlTemplate\":\"https:\/\/dev.kompaktdesign.hu\/hodszolar.hu\/?s={search_term_string}\"},\"query-input\":\"required name=search_term_string\"}],\"inLanguage\":\"hu\"},{\"@type\":\"Organization\",\"@id\":\"https:\/\/dev.kompaktdesign.hu\/hodszolar.hu\/#organization\",\"name\":\"H\u00f3dszol\u00e1r Kft.\",\"url\":\"https:\/\/dev.kompaktdesign.hu\/hodszolar.hu\/\",\"sameAs\":[\"https:\/\/www.facebook.com\/hodszolar\"],\"logo\":{\"@type\":\"ImageObject\",\"inLanguage\":\"hu\",\"@id\":\"https:\/\/dev.kompaktdesign.hu\/hodszolar.hu\/#\/schema\/logo\/image\/\",\"url\":\"https:\/\/dev.kompaktdesign.hu\/hodszolar.hu\/wp-content\/uploads\/2021\/05\/fvicon.png\",\"contentUrl\":\"https:\/\/dev.kompaktdesign.hu\/hodszolar.hu\/wp-content\/uploads\/2021\/05\/fvicon.png\",\"width\":132,\"height\":132,\"caption\":\"H\u00f3dszol\u00e1r Kft.\"},\"image\":{\"@id\":\"https:\/\/dev.kompaktdesign.hu\/hodszolar.hu\/#\/schema\/logo\/image\/\"}},{\"@type\":\"Person\",\"@id\":\"https:\/\/dev.kompaktdesign.hu\/hodszolar.hu\/#\/schema\/person\/a788af940a3d6b2829396312340dd08c\",\"name\":\"H\u00f3dszol\u00e1r Kft.\",\"image\":{\"@type\":\"ImageObject\",\"inLanguage\":\"hu\",\"@id\":\"https:\/\/dev.kompaktdesign.hu\/hodszolar.hu\/#\/schema\/person\/image\/\",\"url\":\"https:\/\/secure.gravatar.com\/avatar\/38df000db6f2e93b7f0ccccf7714392424ca033738d34dfe71f19fdb70329830?s=96&d=mm&r=g\",\"contentUrl\":\"https:\/\/secure.gravatar.com\/avatar\/38df000db6f2e93b7f0ccccf7714392424ca033738d34dfe71f19fdb70329830?s=96&d=mm&r=g\",\"caption\":\"H\u00f3dszol\u00e1r Kft.\"},\"url\":\"https:\/\/dev.kompaktdesign.hu\/hodszolar.hu\/author\/hodszolar\/\"}]}<\/script>\n<!-- \/ Yoast SEO plugin. -->","yoast_head_json":{"title":"G\u00e1z- \u00e9s villany\u00e1rsokk r\u00e1zhatja meg Eur\u00f3p\u00e1t | H\u00f3dszol\u00e1r","robots":{"index":"noindex","follow":"follow","max-snippet":"max-snippet:-1","max-image-preview":"max-image-preview:large","max-video-preview":"max-video-preview:-1"},"og_locale":"hu_HU","og_type":"article","og_title":"G\u00e1z- \u00e9s villany\u00e1rsokk r\u00e1zhatja meg Eur\u00f3p\u00e1t | H\u00f3dszol\u00e1r","og_description":"Eur\u00f3p\u00e1nak hamarosan energia\u00e1r sokkal kell szembes\u00fclnie a f\u00f6ldg\u00e1z \u00e9s az \u00e1ram \u00e1r\u00e1nak rekodszintre ugr\u00e1sa miatt. Kev\u00e9s a g\u00e1z, nagy a kereslet, az \u00e1remelked\u00e9s tov\u00e1bb f\u0171theti az infl\u00e1ci\u00f3t. A g\u00e1zk\u00edn\u00e1lat cs\u00f6kken\u00e9se jelent\u0151sen megemelte az energiatermel\u00e9s k\u00f6lts\u00e9geit az Egyes\u00fclt Kir\u00e1lys\u00e1gt\u00f3l N\u00e9metorsz\u00e1gig mindenhol, mik\u00f6zben az \u00fajranyit\u00e1sok miatt a kereslet n\u00f6vekszik. Az emelked\u0151 \u00e1rak tov\u00e1bb f\u0171tik az infl\u00e1ci\u00f3t \u00e9s [&hellip;]","og_url":"https:\/\/dev.kompaktdesign.hu\/hodszolar.hu\/2021\/09\/10\/gaz-es-villanyarsokk-razhatja-meg-europat\/","og_site_name":"H\u00f3dszol\u00e1r","article_publisher":"https:\/\/www.facebook.com\/hodszolar","article_published_time":"2021-09-10T13:15:36+00:00","article_modified_time":"2021-09-10T13:16:34+00:00","og_image":[{"width":400,"height":400,"url":"https:\/\/dev.kompaktdesign.hu\/hodszolar.hu\/wp-content\/uploads\/2021\/09\/sme-energy-saving-tips.jpg","type":"image\/jpeg"}],"author":"H\u00f3dszol\u00e1r Kft.","twitter_card":"summary_large_image","twitter_misc":{"Szerz\u0151:":"H\u00f3dszol\u00e1r Kft.","Becs\u00fclt olvas\u00e1si id\u0151":"3 perc"},"schema":{"@context":"https:\/\/schema.org","@graph":[{"@type":"Article","@id":"https:\/\/dev.kompaktdesign.hu\/hodszolar.hu\/2021\/09\/10\/gaz-es-villanyarsokk-razhatja-meg-europat\/#article","isPartOf":{"@id":"https:\/\/dev.kompaktdesign.hu\/hodszolar.hu\/2021\/09\/10\/gaz-es-villanyarsokk-razhatja-meg-europat\/"},"author":{"name":"H\u00f3dszol\u00e1r Kft.","@id":"https:\/\/dev.kompaktdesign.hu\/hodszolar.hu\/#\/schema\/person\/a788af940a3d6b2829396312340dd08c"},"headline":"G\u00e1z- \u00e9s villany\u00e1rsokk r\u00e1zhatja meg Eur\u00f3p\u00e1t","datePublished":"2021-09-10T13:15:36+00:00","dateModified":"2021-09-10T13:16:34+00:00","mainEntityOfPage":{"@id":"https:\/\/dev.kompaktdesign.hu\/hodszolar.hu\/2021\/09\/10\/gaz-es-villanyarsokk-razhatja-meg-europat\/"},"wordCount":846,"commentCount":0,"publisher":{"@id":"https:\/\/dev.kompaktdesign.hu\/hodszolar.hu\/#organization"},"articleSection":["Egy\u00e9b kateg\u00f3ria"],"inLanguage":"hu","potentialAction":[{"@type":"CommentAction","name":"Comment","target":["https:\/\/dev.kompaktdesign.hu\/hodszolar.hu\/2021\/09\/10\/gaz-es-villanyarsokk-razhatja-meg-europat\/#respond"]}]},{"@type":"WebPage","@id":"https:\/\/dev.kompaktdesign.hu\/hodszolar.hu\/2021\/09\/10\/gaz-es-villanyarsokk-razhatja-meg-europat\/","url":"https:\/\/dev.kompaktdesign.hu\/hodszolar.hu\/2021\/09\/10\/gaz-es-villanyarsokk-razhatja-meg-europat\/","name":"G\u00e1z- \u00e9s villany\u00e1rsokk r\u00e1zhatja meg Eur\u00f3p\u00e1t | H\u00f3dszol\u00e1r","isPartOf":{"@id":"https:\/\/dev.kompaktdesign.hu\/hodszolar.hu\/#website"},"datePublished":"2021-09-10T13:15:36+00:00","dateModified":"2021-09-10T13:16:34+00:00","breadcrumb":{"@id":"https:\/\/dev.kompaktdesign.hu\/hodszolar.hu\/2021\/09\/10\/gaz-es-villanyarsokk-razhatja-meg-europat\/#breadcrumb"},"inLanguage":"hu","potentialAction":[{"@type":"ReadAction","target":["https:\/\/dev.kompaktdesign.hu\/hodszolar.hu\/2021\/09\/10\/gaz-es-villanyarsokk-razhatja-meg-europat\/"]}]},{"@type":"BreadcrumbList","@id":"https:\/\/dev.kompaktdesign.hu\/hodszolar.hu\/2021\/09\/10\/gaz-es-villanyarsokk-razhatja-meg-europat\/#breadcrumb","itemListElement":[{"@type":"ListItem","position":1,"name":"Kezd\u0151lap","item":"https:\/\/dev.kompaktdesign.hu\/hodszolar.hu\/"},{"@type":"ListItem","position":2,"name":"G\u00e1z- \u00e9s villany\u00e1rsokk r\u00e1zhatja meg Eur\u00f3p\u00e1t"}]},{"@type":"WebSite","@id":"https:\/\/dev.kompaktdesign.hu\/hodszolar.hu\/#website","url":"https:\/\/dev.kompaktdesign.hu\/hodszolar.hu\/","name":"H\u00f3dszol\u00e1r","description":"A v\u00e1s\u00e1rhelyi napelemes","publisher":{"@id":"https:\/\/dev.kompaktdesign.hu\/hodszolar.hu\/#organization"},"potentialAction":[{"@type":"SearchAction","target":{"@type":"EntryPoint","urlTemplate":"https:\/\/dev.kompaktdesign.hu\/hodszolar.hu\/?s={search_term_string}"},"query-input":"required name=search_term_string"}],"inLanguage":"hu"},{"@type":"Organization","@id":"https:\/\/dev.kompaktdesign.hu\/hodszolar.hu\/#organization","name":"H\u00f3dszol\u00e1r Kft.","url":"https:\/\/dev.kompaktdesign.hu\/hodszolar.hu\/","sameAs":["https:\/\/www.facebook.com\/hodszolar"],"logo":{"@type":"ImageObject","inLanguage":"hu","@id":"https:\/\/dev.kompaktdesign.hu\/hodszolar.hu\/#\/schema\/logo\/image\/","url":"https:\/\/dev.kompaktdesign.hu\/hodszolar.hu\/wp-content\/uploads\/2021\/05\/fvicon.png","contentUrl":"https:\/\/dev.kompaktdesign.hu\/hodszolar.hu\/wp-content\/uploads\/2021\/05\/fvicon.png","width":132,"height":132,"caption":"H\u00f3dszol\u00e1r Kft."},"image":{"@id":"https:\/\/dev.kompaktdesign.hu\/hodszolar.hu\/#\/schema\/logo\/image\/"}},{"@type":"Person","@id":"https:\/\/dev.kompaktdesign.hu\/hodszolar.hu\/#\/schema\/person\/a788af940a3d6b2829396312340dd08c","name":"H\u00f3dszol\u00e1r Kft.","image":{"@type":"ImageObject","inLanguage":"hu","@id":"https:\/\/dev.kompaktdesign.hu\/hodszolar.hu\/#\/schema\/person\/image\/","url":"https:\/\/secure.gravatar.com\/avatar\/38df000db6f2e93b7f0ccccf7714392424ca033738d34dfe71f19fdb70329830?s=96&d=mm&r=g","contentUrl":"https:\/\/secure.gravatar.com\/avatar\/38df000db6f2e93b7f0ccccf7714392424ca033738d34dfe71f19fdb70329830?s=96&d=mm&r=g","caption":"H\u00f3dszol\u00e1r Kft."},"url":"https:\/\/dev.kompaktdesign.hu\/hodszolar.hu\/author\/hodszolar\/"}]}},"_links":{"self":[{"href":"https:\/\/dev.kompaktdesign.hu\/hodszolar.hu\/wp-json\/wp\/v2\/posts\/590","targetHints":{"allow":["GET"]}}],"collection":[{"href":"https:\/\/dev.kompaktdesign.hu\/hodszolar.hu\/wp-json\/wp\/v2\/posts"}],"about":[{"href":"https:\/\/dev.kompaktdesign.hu\/hodszolar.hu\/wp-json\/wp\/v2\/types\/post"}],"author":[{"embeddable":true,"href":"https:\/\/dev.kompaktdesign.hu\/hodszolar.hu\/wp-json\/wp\/v2\/users\/3"}],"replies":[{"embeddable":true,"href":"https:\/\/dev.kompaktdesign.hu\/hodszolar.hu\/wp-json\/wp\/v2\/comments?post=590"}],"version-history":[{"count":2,"href":"https:\/\/dev.kompaktdesign.hu\/hodszolar.hu\/wp-json\/wp\/v2\/posts\/590\/revisions"}],"predecessor-version":[{"id":593,"href":"https:\/\/dev.kompaktdesign.hu\/hodszolar.hu\/wp-json\/wp\/v2\/posts\/590\/revisions\/593"}],"wp:featuredmedia":[{"embeddable":true,"href":"https:\/\/dev.kompaktdesign.hu\/hodszolar.hu\/wp-json\/wp\/v2\/media\/591"}],"wp:attachment":[{"href":"https:\/\/dev.kompaktdesign.hu\/hodszolar.hu\/wp-json\/wp\/v2\/media?parent=590"}],"wp:term":[{"taxonomy":"category","embeddable":true,"href":"https:\/\/dev.kompaktdesign.hu\/hodszolar.hu\/wp-json\/wp\/v2\/categories?post=590"},{"taxonomy":"post_tag","embeddable":true,"href":"https:\/\/dev.kompaktdesign.hu\/hodszolar.hu\/wp-json\/wp\/v2\/tags?post=590"}],"curies":[{"name":"wp","href":"https:\/\/api.w.org\/{rel}","templated":true}]}}