{"id":599,"date":"2021-09-17T10:20:12","date_gmt":"2021-09-17T10:20:12","guid":{"rendered":"https:\/\/hodszolar.hu\/?p=599"},"modified":"2021-09-17T10:20:13","modified_gmt":"2021-09-17T10:20:13","slug":"mire-figyeljunk-ha-napelemes-rendszert-szeretnenk","status":"publish","type":"post","link":"https:\/\/dev.kompaktdesign.hu\/hodszolar.hu\/2021\/09\/17\/mire-figyeljunk-ha-napelemes-rendszert-szeretnenk\/","title":{"rendered":"Mire figyelj\u00fcnk, ha napelemes rendszert szeretn\u00e9nk?"},"content":{"rendered":"\n<p>Napelem rendszer\u00fcnk hat\u00e9konys\u00e1g\u00e1t sz\u00e1mos t\u00e9nyez\u0151 befoly\u00e1solhatja, a t\u00edpust\u00f3l kezdve a d\u0151l\u00e9ssz\u00f6g\u00f6n, \u00e9s t\u00e1jol\u00e1son \u00e1t, a ter\u00fcleti \u00e9s f\u00f6ldrajzi viszonyokig. B\u00e1rmi cs\u00f6kkentheti, vagy \u00e9pp n\u00f6velheti a napelem panelek hat\u00e1sfok\u00e1t.<strong> <\/strong>Vannak persze ezen k\u00edv\u00fcl egy\u00e9b t\u00e9nyez\u0151k, amiket figyelembe kell venni \u2013 mint a direkt f\u00e9ny-sz\u00f3rt f\u00e9ny ar\u00e1nya, domborzat hat\u00e1sai, \u00e1rny\u00e9k hat\u00e1sfoka, k\u00f6rnyezeti h\u0151m\u00e9rs\u00e9klet, bees\u0151 napf\u00e9ny intenzit\u00e1sa \u00e9s id\u0151tartama \u2013 de a tet\u0151 d\u0151l\u00e9ssz\u00f6ge olyan adotts\u00e1g, ami nagyban meghat\u00e1rozza a rendszer hat\u00e9konys\u00e1g\u00e1t. A megfelel\u0151 tervez\u00e9s emiatt hatv\u00e1nyozottan fontos beszerel\u00e9s el\u0151tt, mert \u00edgy a rendszer megfelel\u0151 m\u0171k\u00f6d\u00e9se is biztos\u00edtva lehet, sok j\u00f6v\u0151beni probl\u00e9m\u00e1t elker\u00fclhet\u00fcnk \u00e9s plusz k\u00f6lts\u00e9gekkel sem kell sz\u00e1molnunk. Az al\u00e1bbiakban ezeket a szempontokat szedt\u00fck \u00f6ssze!<\/p>\n\n\n\n<figure class=\"wp-block-image size-full\"><img loading=\"lazy\" decoding=\"async\" width=\"1500\" height=\"1000\" src=\"https:\/\/dev.kompaktdesign.hu\/hodszolar.hu\/wp-content\/uploads\/2021\/09\/solar-panels-1.jpg\" alt=\"\" class=\"wp-image-609\"\/><\/figure>\n\n\n\n<p><strong>A magyarorsz\u00e1gi h\u00e1zak k\u00f6z\u00fcl az a tet\u0151fel\u00fclet lenne az optim\u00e1lis napelemek felszerel\u00e9s\u00e9re, mely:<\/strong><\/p>\n\n\n\n<ul class=\"wp-block-list\"><li>elegend\u0151 m\u00e9ret\u0171<\/li><li>30-35 fokos d\u0151l\u00e9s\u0171<\/li><li>pontosan d\u00e9li ir\u00e1nyba n\u00e9z\u0151<\/li><li>tov\u00e1bb\u00e1 nagyon fontos, hogy ez a fel\u00fclet \u00e1rny\u00e9kol\u00e1smentes legyen: ha csak egy kis \u00e1rny\u00e9kfolt (ak\u00e1r egy k\u00e9m\u00e9ny vagy egy magasabb fa \u00e1rny\u00e9ka) is r\u00e1esik a panelek egy r\u00e9sz\u00e9re, az visszafoghatja ak\u00e1r az eg\u00e9sz rendszer teljes\u00edtm\u00e9ny\u00e9t (hagyom\u00e1nyos rendszer eset\u00e9n)<\/li><li>a legjobb, ha napelem paneljeink fel\u00fclet\u00e9t mer\u0151legesen \u00e9ri a napf\u00e9ny, teh\u00e1t a bees\u00e9si sz\u00f6g 90 fokos<\/li><\/ul>\n\n\n\n<p><strong>Naps\u00fct\u00e9ses \u00f3r\u00e1k<\/strong><\/p>\n\n\n\n<p>A napsug\u00e1rz\u00e1s energi\u00e1j\u00e1t napelemes rendszerek seg\u00edts\u00e9g\u00e9vel villamos energi\u00e1v\u00e1 alak\u00edthatjuk.&nbsp;Magyarorsz\u00e1gon, ide\u00e1lis d\u00e9li t\u00e1jol\u00e1s \u00e9s 35\u00b0-os d\u0151l\u00e9ssz\u00f6g eset\u00e9n, egy h\u00e1l\u00f3zatra kapcsolt 1&nbsp;kW maxim\u00e1lis teljes\u00edtm\u00e9ny\u0171 napelemes rendszer \u00e9vi 975-1200 kWh villamos energi\u00e1t termel. A pontos hasznos\u00edthat\u00f3 napenergia mennyis\u00e9ge term\u00e9szetesen f\u00fcgg az orsz\u00e1gon bel\u00fcli elhelyezked\u00e9st\u0151l, valamint a napelemek d\u0151l\u00e9ssz\u00f6g\u00e9t\u0151l \u00e9s t\u00e1jol\u00e1s\u00e1t\u00f3l. Gyakorlati becsl\u00e9sk\u00e9nt azt lehet mondani, hogy 1 kW teljes\u00edtm\u00e9ny\u0171 napelemes rendszerrel Magyarorsz\u00e1gon megk\u00f6zel\u00edt\u0151leg 1100 kWh villamos energia \u00e1ll\u00edthat\u00f3 el\u0151, ami d\u00e9len ak\u00e1r 1200 felett is lehet. Szerencs\u00e9re a naps\u00fct\u00e9ses \u00f3r\u00e1k sz\u00e1m\u00e1ban haz\u00e1nk j\u00f3 helyzetben van, ugyanis magas ez a sz\u00e1ma, ami kedvez a napelemes befektet\u00e9s megt\u00e9r\u00fcl\u00e9s\u00e9nek. J\u00f3l megtervezett okos rendszerek eset\u00e9ben egy\u00e9bk\u00e9nt 1300 kWh \u00e9ves energiatermel\u00e9s felett teljes\u00edt a legt\u00f6bb <a href=\"https:\/\/dev.kompaktdesign.hu\/hodszolar.hu\/referenciak\/\">referencia munk\u00e1nk.<\/a><\/p>\n\n\n\n<p>Gyakorlatias szemsz\u00f6gb\u0151l, a napelemek sz\u00e1m\u00e1ra sz\u00fcks\u00e9ges tet\u0151fel\u00fcletet n\u00e9zve is vizsg\u00e1lhatjuk a k\u00e9rd\u00e9st. Az \u00e9vi 1200 kWh energiamegtakar\u00edt\u00e1st hoz\u00f3 1 kW maxim\u00e1lis teljes\u00edtm\u00e9ny\u0171 napelemes rendszerhez 3 db, egyenk\u00e9nt 400W-os, 2 m<sup>2<\/sup> fel\u00fclet\u0171 napelem modulra van sz\u00fcks\u00e9g.<\/p>\n\n\n\n<figure class=\"wp-block-image size-full\"><img loading=\"lazy\" decoding=\"async\" width=\"1000\" height=\"668\" src=\"https:\/\/dev.kompaktdesign.hu\/hodszolar.hu\/wp-content\/uploads\/2021\/09\/A.jpg\" alt=\"\" class=\"wp-image-601\"\/><\/figure>\n\n\n\n<p>Mint a t\u00e9rk\u00e9pr\u0151l is leolvashat\u00f3 a legnaposabb d\u00e9li orsz\u00e1gr\u00e9szekhez k\u00e9pest, az \u00e9szaki vid\u00e9keken 20%-kal kisebb \u00e9ves energiahozamra sz\u00e1m\u00edthatunk. Az el\u00e9rhet\u0151 energiahozam azonban m\u00e9g itt is jelent\u0151s, csaknem 1000 kWh \u00e9vente.<\/p>\n\n\n\n<p><strong>\u00c1rny\u00e9kol\u00e1si t\u00e9nyez\u0151k<\/strong><\/p>\n\n\n\n<p>A&nbsp;napelem panelek&nbsp;m\u0171k\u00f6d\u00e9s\u00e9nek alapfelt\u00e9tele, hogy&nbsp;napfelkelt\u00e9t\u0151l napnyugt\u00e1ig&nbsp;elegend\u0151 napsug\u00e1rz\u00e1snak legyenek kit\u00e9ve a min\u00e9l hat\u00e9konyabb eredm\u00e9ny el\u00e9r\u00e9s\u00e9hez. \u00c9rdemes&nbsp;\u00fcgyelni arra, hogy lehet\u0151s\u00e9g szerint sem reggel, sem k\u00e9s\u0151 d\u00e9lut\u00e1n ne legyenek \u00e1rny\u00e9kot ad\u00f3 akad\u00e1lyok a napf\u00e9ny \u00fatj\u00e1ban (f\u00e1k, \u00e9p\u00fcletek).<\/p>\n\n\n\n<p>Egy fa, egy oszlop, egy kiugr\u00f3 tet\u0151r\u00e9sz \u00e1ltal a napelemekre vetett \u00e1rny\u00e9k ugyanis, ak\u00e1r 20 vagy t\u00f6bb sz\u00e1zal\u00e9kban is visszavetheti egy k\u00f6r termel\u00e9s\u00e9t, ami szint\u00e9n rossz hat\u00e1ssal van a rendszer\u00fcnk megt\u00e9r\u00fcl\u00e9si idej\u00e9re, ez\u00e9rt \u00e9rdemes figyelembe venni a zavar\u00f3 t\u00e9nyez\u0151 hely\u00e9t \u00e9s napj\u00e1r\u00e1s k\u00f6zbeni \u00e1rny\u00e9kter\u00fclet\u00e9t. Egyes tet\u0151fel\u00fcletek nem csak r\u00e9szben, de ak\u00e1r eg\u00e9szben is \u00e1rny\u00e9kba ker\u00fclhetnek a nap folyam\u00e1n, ami kisebb fel\u00fclet-takar\u00e1s eset\u00e9n is 30-40%-kal cs\u00f6kkentheti a napelemek teljes\u00edtm\u00e9ny\u00e9t. A tet\u0151n a nem azonos d\u0151l\u00e9ssz\u00f6g\u0171 \u00e9s ir\u00e1ny\u00fa tet\u0151r\u00e9szletek szint\u00e9n \u00e1rny\u00e9kolhatnak. Ebben az esetben leggyeng\u00e9bben teljes\u00edt\u0151 napelem hat\u00e1rozza meg a t\u00f6bbi napelem \u00e9s \u00edgy a teljes rendszer maxim\u00e1lis teljes\u00edtm\u00e9ny\u00e9t egy hagyom\u00e1nyos rendszer eset\u00e9ben.<\/p>\n\n\n\n<div class=\"wp-block-image\"><figure class=\"aligncenter size-full is-resized\"><img loading=\"lazy\" decoding=\"async\" src=\"https:\/\/dev.kompaktdesign.hu\/hodszolar.hu\/wp-content\/uploads\/2021\/09\/kep-6.png\" alt=\"\" class=\"wp-image-602\" width=\"447\" height=\"134\"\/><\/figure><\/div>\n\n\n\n<p>Egy SolarEdge invertern\u00e9l ilyen probl\u00e9ma nincs, csak a le\u00e1rny\u00e9kolt panel termel\u00e9se romlik, a teljes\u00edtm\u00e9nyoptimaliz\u00e1l\u00f3knak k\u00f6sz\u00f6nhet\u0151en a t\u00f6bbi panel ugyanolyan hat\u00e1sfokkal tud m\u0171k\u00f6dni. Az okos rendszer el\u0151nyeir\u0151l itt tudtok b\u0151vebben olvasni!<\/p>\n\n\n\n<p><strong>T\u00e1jol\u00e1s<\/strong><\/p>\n\n\n\n<figure class=\"wp-block-image size-full is-resized\"><img loading=\"lazy\" decoding=\"async\" src=\"https:\/\/dev.kompaktdesign.hu\/hodszolar.hu\/wp-content\/uploads\/2021\/09\/napelemdolesszog1.png\" alt=\"\" class=\"wp-image-607\" width=\"839\" height=\"638\"\/><\/figure>\n\n\n\n<p>A napelem rendszer nem megfelel\u0151 t\u00e1jol\u00e1s eset\u00e9n j\u00f3val kevesebb termel\u00e9st eredm\u00e9nyez. Ha nem rendelkez\u00fcnk d\u00e9li t\u00e1jol\u00e1s\u00fa tet\u0151s\u00edkkal, viszont d\u00e9lkeleti \u00e9s d\u00e9lnyugati is van, akkor a d\u00e9lkeleti a kedvez\u0151bb a termel\u00e9s szempontj\u00e1b\u00f3l, hiszen a reggeli hidegben hat\u00e9konyabbak a cell\u00e1k, mint a d\u00e9lut\u00e1ni melegben. A legjobb d\u00e9li ir\u00e1ny\u00fa t\u00e1jol\u00e1shoz k\u00e9pest felt\u00e9telezve az ide\u00e1lis d\u0151l\u00e9ssz\u00f6get, a d\u00e9l-kelet \u00e9s d\u00e9l-nyugat ir\u00e1ny\u00fa telep\u00edt\u00e9s kb. 5%-os vesztes\u00e9get okoz. A nyugati vagy keleti t\u00e1jol\u00e1s megk\u00f6zel\u00edt\u0151leg 15%-os vesztes\u00e9get jelent. A lehet\u0151 legrosszabb v\u00e1laszt\u00e1s az \u00e9szaki t\u00e1jol\u00e1s lehet, ez esetben a vesztes\u00e9g m\u00e9g az el\u0151bbiekn\u00e9l is nagyobb m\u00e9rt\u00e9k\u0171. Ilyenkor \u00e9rdemes m\u00e1s lehet\u0151s\u00e9geket sz\u00e1m\u00edt\u00e1sba venni, hiszen lehet telep\u00edteni a f\u00f6ldre, gar\u00e1zs vagy egy\u00e9b m\u00e1s kieg\u00e9sz\u00edt\u0151 \u00e9p\u00fclet tetej\u00e9re.<\/p>\n\n\n\n<figure class=\"wp-block-image size-full is-resized\"><img loading=\"lazy\" decoding=\"async\" src=\"https:\/\/dev.kompaktdesign.hu\/hodszolar.hu\/wp-content\/uploads\/2021\/09\/kep-7.png\" alt=\"\" class=\"wp-image-603\" width=\"839\" height=\"535\"\/><\/figure>\n\n\n\n<p>Az adatokb\u00f3l kit\u0171nik, hogy egy nem d\u00e9li t\u00e1jol\u00e1s\u00fa tet\u0151 eset\u00e9n sem kell elvetn\u00fcnk a h\u00e1ztart\u00e1si naper\u0151m\u0171 \u00f6tlet\u00e9t, mert az ir\u00e1nysz\u00f6g csak kisebb m\u00e9rt\u00e9kben befoly\u00e1solja a hozamot. Az optim\u00e1lishoz k\u00e9pest az \u00e9ves hozamvesztes\u00e9g ebben a t\u00e1jol\u00e1si tartom\u00e1nyban sem sz\u00e1mottev\u0151, az energiatermel\u0151 rendszer megt\u00e9r\u00fcl\u00e9si ideje ilyen tet\u0151kn\u00e9l m\u00e9g semmik\u00e9pp nem ny\u00falik meg annyira, hogy gazdas\u00e1gtalann\u00e1 v\u00e1lna a beruh\u00e1z\u00e1s. A napelemes rendszer megt\u00e9r\u00fcl\u00e9si idej\u00e9r\u0151l itt \u00edrtunk kor\u00e1bban.<\/p>\n\n\n\n<p><strong>D\u0151l\u00e9ssz\u00f6g<\/strong><\/p>\n\n\n\n<p>K\u00f6nnyen bel\u00e1that\u00f3, hogy nincs egy \u00e1lland\u00f3an ide\u00e1lis d\u0151l\u00e9ssz\u00f6g, mivel a nap p\u00e1ly\u00e1ja t\u00e9len laposabb a ny\u00e1rihoz k\u00e9pest, \u00edgy m\u00e1s sz\u00f6gben \u00e9rik a sugarak a paneleket. Ezt kik\u00fcsz\u00f6b\u00f6lve a rendszereinket eg\u00e9sz \u00e9ves termel\u00e9sre m\u00e9retezz\u00fck.<\/p>\n\n\n\n<div class=\"wp-block-image\"><figure class=\"aligncenter size-full is-resized\"><img loading=\"lazy\" decoding=\"async\" src=\"https:\/\/dev.kompaktdesign.hu\/hodszolar.hu\/wp-content\/uploads\/2021\/09\/28168097_189910401734745_8768290983314645095_n.jpg\" alt=\"\" class=\"wp-image-605\" width=\"463\" height=\"337\"\/><\/figure><\/div>\n\n\n\n<p>A napelemek eset\u00e9n teh\u00e1t a t\u00e1jol\u00e1s mellett a d\u0151l\u00e9ssz\u00f6g is egy fontos t\u00e9nyez\u0151, ha val\u00f3ban hat\u00e9konyan termel\u0151 napelemes rendszert szeretn\u00e9nk \u00fczemeltetni. Ennek el\u00e9r\u00e9s\u00e9hez szerencs\u00e9re ma m\u00e1r sz\u00e1mos innovat\u00edv \u00e9s alternat\u00edv megold\u00e1s is rendelkez\u00e9s\u00fcnkre \u00e1ll, \u00edgy nem kell f\u00e9ln\u00fcnk att\u00f3l, hogy nem tudjuk az ide\u00e1lis d\u0151l\u00e9ssz\u00f6get el\u00e9rni.<\/p>\n\n\n\n<p>Mi t\u00f6rt\u00e9nik azonban akkor, ha a nem \u00e1ll rendelkez\u00e9sre ilyen tet\u0151fel\u00fclet? Ebben az esetben a napelemes rendszer energiahozama kevesebb lesz, mint az el\u00e9rhet\u0151 maximum. A cs\u00f6kken\u00e9s m\u00e9rt\u00e9k\u00e9r\u0151l ad t\u00e1j\u00e9koztat\u00e1st a k\u00f6vetkez\u0151 \u00e1bra.<\/p>\n\n\n\n<figure class=\"wp-block-image size-full is-resized\"><img loading=\"lazy\" decoding=\"async\" src=\"https:\/\/dev.kompaktdesign.hu\/hodszolar.hu\/wp-content\/uploads\/2021\/09\/kep-8.png\" alt=\"\" class=\"wp-image-604\" width=\"839\" height=\"480\"\/><\/figure>\n\n\n\n<p>Vizsg\u00e1ljuk meg egy konkr\u00e9t p\u00e9ld\u00e1n kereszt\u00fcl, hogyan \u00e9rtelmezhet\u0151 a fenti \u00e1bra! Tegy\u00fck fel, hogy az orsz\u00e1g egy olyan ter\u00fclet\u00e9n szeretn\u00e9nk napelemes rendszert telep\u00edteni, ahol a v\u00e1rhat\u00f3 \u00e9ves energiahozam ide\u00e1lis felt\u00e9telek eset\u00e9n 1200 kWh. A rendelkez\u00e9sre \u00e1ll\u00f3 tet\u0151fel\u00fclet azonban keleti t\u00e1jol\u00e1s\u00fa, d\u0151l\u00e9ssz\u00f6ge pedig 45\u00b0. Az \u00e1br\u00e1ra rajzolt nyilakat k\u00f6vetve, keress\u00fck meg e k\u00e9t \u00e9rt\u00e9k \u00e1ltal kijel\u00f6lt pontot! Leolvashat\u00f3, hogy a napelemes rendszer v\u00e1rhat\u00f3 \u00e9ves energiahozama a lehets\u00e9ges maximum 75%-a, vagyis 900 kWh \u00e9vente. Az elt\u00e9r\u00e9s sz\u00e1mottev\u0151, de nem annyira magas, hogy megk\u00e9rd\u0151jelezn\u00e9 a napelemes rendszer l\u00e9tjogosults\u00e1g\u00e1t. A 25%-kal alacsonyabb energiahozam \u00fagy is kifejezhet\u0151, hogy 3 db 400 W-os napelemmodul helyett 4 db-ot kell felszerelni, (szinte) ugyanakkora energia megtakar\u00edt\u00e1s\u00e9rt.<\/p>\n\n\n\n<p>A telep\u00edt\u00e9s hely\u00e9n\u00e9l figyelembe kell venni, hogy egy\u00e1ltal\u00e1n van-e a tet\u0151n elegend\u0151 ter\u00fclet a sz\u00fcks\u00e9ges napelem mennyis\u00e9ghez. Ha kev\u00e9s az egybef\u00fcgg\u0151 s\u00edkfel\u00fclet, akkor ak\u00e1r k\u00e9t k\u00fcl\u00f6nb\u00f6z\u0151 ir\u00e1nyba n\u00e9z\u0151 tet\u0151s\u00edkra is helyezhetj\u00fck a paneleket, de ezt a t\u00f6bbf\u00e9le teljes\u00edtm\u00e9nyszinten \u00e9rkez\u0151 egyen\u00e1ramot csak a SolarEdge inverter tudja kezelni.<\/p>\n\n\n\n<figure class=\"wp-block-image size-full\"><img loading=\"lazy\" decoding=\"async\" width=\"1920\" height=\"1080\" src=\"https:\/\/dev.kompaktdesign.hu\/hodszolar.hu\/wp-content\/uploads\/2021\/09\/LA-SOLAR-1.jpg\" alt=\"\" class=\"wp-image-606\"\/><\/figure>\n\n\n\n<p>A napelemes rendszerek tervez\u00e9se sor\u00e1n sok mindent sz\u00e1m\u00edt\u00e1sba kell venni, ez\u00e9rt fontos a helysz\u00edni felm\u00e9r\u00e9s - ami a H\u00f3dszol\u00e1r Kft-n\u00e9l ingyenes - \u00e9s a gondos tervez\u00e9s a napelem rendszerek kivitelez\u00e9se sor\u00e1n, melyet szakk\u00e9pzett koll\u00e9g\u00e1ink biztos\u00edtanak. Fontos, hogy olyan napelem kivitelez\u0151 c\u00e9gre b\u00edzza a napelem rendszer telep\u00edt\u00e9s\u00e9t, aki figyelembe veszi ezeket a t\u00e9nyez\u0151ket, \u00e9s megfelel\u0151 referenci\u00e1kkal rendelkezik a napelem rendszer kivitelez\u00e9sek ter\u00e9n.<\/p>\n","protected":false},"excerpt":{"rendered":"<p>Napelem rendszer\u00fcnk hat\u00e9konys\u00e1g\u00e1t sz\u00e1mos t\u00e9nyez\u0151 befoly\u00e1solhatja, a t\u00edpust\u00f3l kezdve a d\u0151l\u00e9ssz\u00f6g\u00f6n, \u00e9s t\u00e1jol\u00e1son \u00e1t, a ter\u00fcleti \u00e9s f\u00f6ldrajzi viszonyokig. B\u00e1rmi cs\u00f6kkentheti, vagy \u00e9pp n\u00f6velheti a napelem panelek hat\u00e1sfok\u00e1t. Vannak persze ezen k\u00edv\u00fcl egy\u00e9b t\u00e9nyez\u0151k, amiket figyelembe kell venni \u2013 mint a direkt f\u00e9ny-sz\u00f3rt f\u00e9ny ar\u00e1nya, domborzat hat\u00e1sai, \u00e1rny\u00e9k hat\u00e1sfoka, k\u00f6rnyezeti h\u0151m\u00e9rs\u00e9klet, bees\u0151 napf\u00e9ny intenzit\u00e1sa \u00e9s [&hellip;]<\/p>\n","protected":false},"author":3,"featured_media":608,"comment_status":"open","ping_status":"open","sticky":false,"template":"","format":"standard","meta":{"footnotes":""},"categories":[1],"tags":[],"class_list":["post-599","post","type-post","status-publish","format-standard","has-post-thumbnail","hentry","category-egyeb"],"yoast_head":"<!-- This site is optimized with the Yoast SEO plugin v19.5.1 - https:\/\/yoast.com\/wordpress\/plugins\/seo\/ -->\n<title>Mire figyelj\u00fcnk, ha napelemes rendszert szeretn\u00e9nk? | H\u00f3dszol\u00e1r<\/title>\n<meta name=\"robots\" content=\"noindex, follow, max-snippet:-1, max-image-preview:large, max-video-preview:-1\" \/>\n<meta property=\"og:locale\" content=\"hu_HU\" \/>\n<meta property=\"og:type\" content=\"article\" \/>\n<meta property=\"og:title\" content=\"Mire figyelj\u00fcnk, ha napelemes rendszert szeretn\u00e9nk? | H\u00f3dszol\u00e1r\" \/>\n<meta property=\"og:description\" content=\"Napelem rendszer\u00fcnk hat\u00e9konys\u00e1g\u00e1t sz\u00e1mos t\u00e9nyez\u0151 befoly\u00e1solhatja, a t\u00edpust\u00f3l kezdve a d\u0151l\u00e9ssz\u00f6g\u00f6n, \u00e9s t\u00e1jol\u00e1son \u00e1t, a ter\u00fcleti \u00e9s f\u00f6ldrajzi viszonyokig. B\u00e1rmi cs\u00f6kkentheti, vagy \u00e9pp n\u00f6velheti a napelem panelek hat\u00e1sfok\u00e1t. Vannak persze ezen k\u00edv\u00fcl egy\u00e9b t\u00e9nyez\u0151k, amiket figyelembe kell venni \u2013 mint a direkt f\u00e9ny-sz\u00f3rt f\u00e9ny ar\u00e1nya, domborzat hat\u00e1sai, \u00e1rny\u00e9k hat\u00e1sfoka, k\u00f6rnyezeti h\u0151m\u00e9rs\u00e9klet, bees\u0151 napf\u00e9ny intenzit\u00e1sa \u00e9s [&hellip;]\" \/>\n<meta property=\"og:url\" content=\"https:\/\/dev.kompaktdesign.hu\/hodszolar.hu\/2021\/09\/17\/mire-figyeljunk-ha-napelemes-rendszert-szeretnenk\/\" \/>\n<meta property=\"og:site_name\" content=\"H\u00f3dszol\u00e1r\" \/>\n<meta property=\"article:publisher\" content=\"https:\/\/www.facebook.com\/hodszolar\" \/>\n<meta property=\"article:published_time\" content=\"2021-09-17T10:20:12+00:00\" \/>\n<meta property=\"article:modified_time\" content=\"2021-09-17T10:20:13+00:00\" \/>\n<meta property=\"og:image\" content=\"https:\/\/dev.kompaktdesign.hu\/hodszolar.hu\/wp-content\/uploads\/2021\/09\/solar-panels.jpg\" \/>\n\t<meta property=\"og:image:width\" content=\"1500\" \/>\n\t<meta property=\"og:image:height\" content=\"1000\" \/>\n\t<meta property=\"og:image:type\" content=\"image\/jpeg\" \/>\n<meta name=\"author\" content=\"H\u00f3dszol\u00e1r Kft.\" \/>\n<meta name=\"twitter:card\" content=\"summary_large_image\" \/>\n<meta name=\"twitter:label1\" content=\"Szerz\u0151:\" \/>\n\t<meta name=\"twitter:data1\" content=\"H\u00f3dszol\u00e1r Kft.\" \/>\n\t<meta name=\"twitter:label2\" content=\"Becs\u00fclt olvas\u00e1si id\u0151\" \/>\n\t<meta name=\"twitter:data2\" content=\"7 perc\" \/>\n<script type=\"application\/ld+json\" class=\"yoast-schema-graph\">{\"@context\":\"https:\/\/schema.org\",\"@graph\":[{\"@type\":\"Article\",\"@id\":\"https:\/\/dev.kompaktdesign.hu\/hodszolar.hu\/2021\/09\/17\/mire-figyeljunk-ha-napelemes-rendszert-szeretnenk\/#article\",\"isPartOf\":{\"@id\":\"https:\/\/dev.kompaktdesign.hu\/hodszolar.hu\/2021\/09\/17\/mire-figyeljunk-ha-napelemes-rendszert-szeretnenk\/\"},\"author\":{\"name\":\"H\u00f3dszol\u00e1r Kft.\",\"@id\":\"https:\/\/dev.kompaktdesign.hu\/hodszolar.hu\/#\/schema\/person\/a788af940a3d6b2829396312340dd08c\"},\"headline\":\"Mire figyelj\u00fcnk, ha napelemes rendszert szeretn\u00e9nk?\",\"datePublished\":\"2021-09-17T10:20:12+00:00\",\"dateModified\":\"2021-09-17T10:20:13+00:00\",\"mainEntityOfPage\":{\"@id\":\"https:\/\/dev.kompaktdesign.hu\/hodszolar.hu\/2021\/09\/17\/mire-figyeljunk-ha-napelemes-rendszert-szeretnenk\/\"},\"wordCount\":1636,\"commentCount\":0,\"publisher\":{\"@id\":\"https:\/\/dev.kompaktdesign.hu\/hodszolar.hu\/#organization\"},\"articleSection\":[\"Egy\u00e9b kateg\u00f3ria\"],\"inLanguage\":\"hu\",\"potentialAction\":[{\"@type\":\"CommentAction\",\"name\":\"Comment\",\"target\":[\"https:\/\/dev.kompaktdesign.hu\/hodszolar.hu\/2021\/09\/17\/mire-figyeljunk-ha-napelemes-rendszert-szeretnenk\/#respond\"]}]},{\"@type\":\"WebPage\",\"@id\":\"https:\/\/dev.kompaktdesign.hu\/hodszolar.hu\/2021\/09\/17\/mire-figyeljunk-ha-napelemes-rendszert-szeretnenk\/\",\"url\":\"https:\/\/dev.kompaktdesign.hu\/hodszolar.hu\/2021\/09\/17\/mire-figyeljunk-ha-napelemes-rendszert-szeretnenk\/\",\"name\":\"Mire figyelj\u00fcnk, ha napelemes rendszert szeretn\u00e9nk? | H\u00f3dszol\u00e1r\",\"isPartOf\":{\"@id\":\"https:\/\/dev.kompaktdesign.hu\/hodszolar.hu\/#website\"},\"datePublished\":\"2021-09-17T10:20:12+00:00\",\"dateModified\":\"2021-09-17T10:20:13+00:00\",\"breadcrumb\":{\"@id\":\"https:\/\/dev.kompaktdesign.hu\/hodszolar.hu\/2021\/09\/17\/mire-figyeljunk-ha-napelemes-rendszert-szeretnenk\/#breadcrumb\"},\"inLanguage\":\"hu\",\"potentialAction\":[{\"@type\":\"ReadAction\",\"target\":[\"https:\/\/dev.kompaktdesign.hu\/hodszolar.hu\/2021\/09\/17\/mire-figyeljunk-ha-napelemes-rendszert-szeretnenk\/\"]}]},{\"@type\":\"BreadcrumbList\",\"@id\":\"https:\/\/dev.kompaktdesign.hu\/hodszolar.hu\/2021\/09\/17\/mire-figyeljunk-ha-napelemes-rendszert-szeretnenk\/#breadcrumb\",\"itemListElement\":[{\"@type\":\"ListItem\",\"position\":1,\"name\":\"Kezd\u0151lap\",\"item\":\"https:\/\/dev.kompaktdesign.hu\/hodszolar.hu\/\"},{\"@type\":\"ListItem\",\"position\":2,\"name\":\"Mire figyelj\u00fcnk, ha napelemes rendszert szeretn\u00e9nk?\"}]},{\"@type\":\"WebSite\",\"@id\":\"https:\/\/dev.kompaktdesign.hu\/hodszolar.hu\/#website\",\"url\":\"https:\/\/dev.kompaktdesign.hu\/hodszolar.hu\/\",\"name\":\"H\u00f3dszol\u00e1r\",\"description\":\"A v\u00e1s\u00e1rhelyi napelemes\",\"publisher\":{\"@id\":\"https:\/\/dev.kompaktdesign.hu\/hodszolar.hu\/#organization\"},\"potentialAction\":[{\"@type\":\"SearchAction\",\"target\":{\"@type\":\"EntryPoint\",\"urlTemplate\":\"https:\/\/dev.kompaktdesign.hu\/hodszolar.hu\/?s={search_term_string}\"},\"query-input\":\"required name=search_term_string\"}],\"inLanguage\":\"hu\"},{\"@type\":\"Organization\",\"@id\":\"https:\/\/dev.kompaktdesign.hu\/hodszolar.hu\/#organization\",\"name\":\"H\u00f3dszol\u00e1r Kft.\",\"url\":\"https:\/\/dev.kompaktdesign.hu\/hodszolar.hu\/\",\"sameAs\":[\"https:\/\/www.facebook.com\/hodszolar\"],\"logo\":{\"@type\":\"ImageObject\",\"inLanguage\":\"hu\",\"@id\":\"https:\/\/dev.kompaktdesign.hu\/hodszolar.hu\/#\/schema\/logo\/image\/\",\"url\":\"https:\/\/dev.kompaktdesign.hu\/hodszolar.hu\/wp-content\/uploads\/2021\/05\/fvicon.png\",\"contentUrl\":\"https:\/\/dev.kompaktdesign.hu\/hodszolar.hu\/wp-content\/uploads\/2021\/05\/fvicon.png\",\"width\":132,\"height\":132,\"caption\":\"H\u00f3dszol\u00e1r Kft.\"},\"image\":{\"@id\":\"https:\/\/dev.kompaktdesign.hu\/hodszolar.hu\/#\/schema\/logo\/image\/\"}},{\"@type\":\"Person\",\"@id\":\"https:\/\/dev.kompaktdesign.hu\/hodszolar.hu\/#\/schema\/person\/a788af940a3d6b2829396312340dd08c\",\"name\":\"H\u00f3dszol\u00e1r Kft.\",\"image\":{\"@type\":\"ImageObject\",\"inLanguage\":\"hu\",\"@id\":\"https:\/\/dev.kompaktdesign.hu\/hodszolar.hu\/#\/schema\/person\/image\/\",\"url\":\"https:\/\/secure.gravatar.com\/avatar\/38df000db6f2e93b7f0ccccf7714392424ca033738d34dfe71f19fdb70329830?s=96&d=mm&r=g\",\"contentUrl\":\"https:\/\/secure.gravatar.com\/avatar\/38df000db6f2e93b7f0ccccf7714392424ca033738d34dfe71f19fdb70329830?s=96&d=mm&r=g\",\"caption\":\"H\u00f3dszol\u00e1r Kft.\"},\"url\":\"https:\/\/dev.kompaktdesign.hu\/hodszolar.hu\/author\/hodszolar\/\"}]}<\/script>\n<!-- \/ Yoast SEO plugin. -->","yoast_head_json":{"title":"Mire figyelj\u00fcnk, ha napelemes rendszert szeretn\u00e9nk? | H\u00f3dszol\u00e1r","robots":{"index":"noindex","follow":"follow","max-snippet":"max-snippet:-1","max-image-preview":"max-image-preview:large","max-video-preview":"max-video-preview:-1"},"og_locale":"hu_HU","og_type":"article","og_title":"Mire figyelj\u00fcnk, ha napelemes rendszert szeretn\u00e9nk? | H\u00f3dszol\u00e1r","og_description":"Napelem rendszer\u00fcnk hat\u00e9konys\u00e1g\u00e1t sz\u00e1mos t\u00e9nyez\u0151 befoly\u00e1solhatja, a t\u00edpust\u00f3l kezdve a d\u0151l\u00e9ssz\u00f6g\u00f6n, \u00e9s t\u00e1jol\u00e1son \u00e1t, a ter\u00fcleti \u00e9s f\u00f6ldrajzi viszonyokig. B\u00e1rmi cs\u00f6kkentheti, vagy \u00e9pp n\u00f6velheti a napelem panelek hat\u00e1sfok\u00e1t. Vannak persze ezen k\u00edv\u00fcl egy\u00e9b t\u00e9nyez\u0151k, amiket figyelembe kell venni \u2013 mint a direkt f\u00e9ny-sz\u00f3rt f\u00e9ny ar\u00e1nya, domborzat hat\u00e1sai, \u00e1rny\u00e9k hat\u00e1sfoka, k\u00f6rnyezeti h\u0151m\u00e9rs\u00e9klet, bees\u0151 napf\u00e9ny intenzit\u00e1sa \u00e9s [&hellip;]","og_url":"https:\/\/dev.kompaktdesign.hu\/hodszolar.hu\/2021\/09\/17\/mire-figyeljunk-ha-napelemes-rendszert-szeretnenk\/","og_site_name":"H\u00f3dszol\u00e1r","article_publisher":"https:\/\/www.facebook.com\/hodszolar","article_published_time":"2021-09-17T10:20:12+00:00","article_modified_time":"2021-09-17T10:20:13+00:00","og_image":[{"width":1500,"height":1000,"url":"https:\/\/dev.kompaktdesign.hu\/hodszolar.hu\/wp-content\/uploads\/2021\/09\/solar-panels.jpg","type":"image\/jpeg"}],"author":"H\u00f3dszol\u00e1r Kft.","twitter_card":"summary_large_image","twitter_misc":{"Szerz\u0151:":"H\u00f3dszol\u00e1r Kft.","Becs\u00fclt olvas\u00e1si id\u0151":"7 perc"},"schema":{"@context":"https:\/\/schema.org","@graph":[{"@type":"Article","@id":"https:\/\/dev.kompaktdesign.hu\/hodszolar.hu\/2021\/09\/17\/mire-figyeljunk-ha-napelemes-rendszert-szeretnenk\/#article","isPartOf":{"@id":"https:\/\/dev.kompaktdesign.hu\/hodszolar.hu\/2021\/09\/17\/mire-figyeljunk-ha-napelemes-rendszert-szeretnenk\/"},"author":{"name":"H\u00f3dszol\u00e1r Kft.","@id":"https:\/\/dev.kompaktdesign.hu\/hodszolar.hu\/#\/schema\/person\/a788af940a3d6b2829396312340dd08c"},"headline":"Mire figyelj\u00fcnk, ha napelemes rendszert szeretn\u00e9nk?","datePublished":"2021-09-17T10:20:12+00:00","dateModified":"2021-09-17T10:20:13+00:00","mainEntityOfPage":{"@id":"https:\/\/dev.kompaktdesign.hu\/hodszolar.hu\/2021\/09\/17\/mire-figyeljunk-ha-napelemes-rendszert-szeretnenk\/"},"wordCount":1636,"commentCount":0,"publisher":{"@id":"https:\/\/dev.kompaktdesign.hu\/hodszolar.hu\/#organization"},"articleSection":["Egy\u00e9b kateg\u00f3ria"],"inLanguage":"hu","potentialAction":[{"@type":"CommentAction","name":"Comment","target":["https:\/\/dev.kompaktdesign.hu\/hodszolar.hu\/2021\/09\/17\/mire-figyeljunk-ha-napelemes-rendszert-szeretnenk\/#respond"]}]},{"@type":"WebPage","@id":"https:\/\/dev.kompaktdesign.hu\/hodszolar.hu\/2021\/09\/17\/mire-figyeljunk-ha-napelemes-rendszert-szeretnenk\/","url":"https:\/\/dev.kompaktdesign.hu\/hodszolar.hu\/2021\/09\/17\/mire-figyeljunk-ha-napelemes-rendszert-szeretnenk\/","name":"Mire figyelj\u00fcnk, ha napelemes rendszert szeretn\u00e9nk? | H\u00f3dszol\u00e1r","isPartOf":{"@id":"https:\/\/dev.kompaktdesign.hu\/hodszolar.hu\/#website"},"datePublished":"2021-09-17T10:20:12+00:00","dateModified":"2021-09-17T10:20:13+00:00","breadcrumb":{"@id":"https:\/\/dev.kompaktdesign.hu\/hodszolar.hu\/2021\/09\/17\/mire-figyeljunk-ha-napelemes-rendszert-szeretnenk\/#breadcrumb"},"inLanguage":"hu","potentialAction":[{"@type":"ReadAction","target":["https:\/\/dev.kompaktdesign.hu\/hodszolar.hu\/2021\/09\/17\/mire-figyeljunk-ha-napelemes-rendszert-szeretnenk\/"]}]},{"@type":"BreadcrumbList","@id":"https:\/\/dev.kompaktdesign.hu\/hodszolar.hu\/2021\/09\/17\/mire-figyeljunk-ha-napelemes-rendszert-szeretnenk\/#breadcrumb","itemListElement":[{"@type":"ListItem","position":1,"name":"Kezd\u0151lap","item":"https:\/\/dev.kompaktdesign.hu\/hodszolar.hu\/"},{"@type":"ListItem","position":2,"name":"Mire figyelj\u00fcnk, ha napelemes rendszert szeretn\u00e9nk?"}]},{"@type":"WebSite","@id":"https:\/\/dev.kompaktdesign.hu\/hodszolar.hu\/#website","url":"https:\/\/dev.kompaktdesign.hu\/hodszolar.hu\/","name":"H\u00f3dszol\u00e1r","description":"A v\u00e1s\u00e1rhelyi napelemes","publisher":{"@id":"https:\/\/dev.kompaktdesign.hu\/hodszolar.hu\/#organization"},"potentialAction":[{"@type":"SearchAction","target":{"@type":"EntryPoint","urlTemplate":"https:\/\/dev.kompaktdesign.hu\/hodszolar.hu\/?s={search_term_string}"},"query-input":"required name=search_term_string"}],"inLanguage":"hu"},{"@type":"Organization","@id":"https:\/\/dev.kompaktdesign.hu\/hodszolar.hu\/#organization","name":"H\u00f3dszol\u00e1r Kft.","url":"https:\/\/dev.kompaktdesign.hu\/hodszolar.hu\/","sameAs":["https:\/\/www.facebook.com\/hodszolar"],"logo":{"@type":"ImageObject","inLanguage":"hu","@id":"https:\/\/dev.kompaktdesign.hu\/hodszolar.hu\/#\/schema\/logo\/image\/","url":"https:\/\/dev.kompaktdesign.hu\/hodszolar.hu\/wp-content\/uploads\/2021\/05\/fvicon.png","contentUrl":"https:\/\/dev.kompaktdesign.hu\/hodszolar.hu\/wp-content\/uploads\/2021\/05\/fvicon.png","width":132,"height":132,"caption":"H\u00f3dszol\u00e1r Kft."},"image":{"@id":"https:\/\/dev.kompaktdesign.hu\/hodszolar.hu\/#\/schema\/logo\/image\/"}},{"@type":"Person","@id":"https:\/\/dev.kompaktdesign.hu\/hodszolar.hu\/#\/schema\/person\/a788af940a3d6b2829396312340dd08c","name":"H\u00f3dszol\u00e1r Kft.","image":{"@type":"ImageObject","inLanguage":"hu","@id":"https:\/\/dev.kompaktdesign.hu\/hodszolar.hu\/#\/schema\/person\/image\/","url":"https:\/\/secure.gravatar.com\/avatar\/38df000db6f2e93b7f0ccccf7714392424ca033738d34dfe71f19fdb70329830?s=96&d=mm&r=g","contentUrl":"https:\/\/secure.gravatar.com\/avatar\/38df000db6f2e93b7f0ccccf7714392424ca033738d34dfe71f19fdb70329830?s=96&d=mm&r=g","caption":"H\u00f3dszol\u00e1r Kft."},"url":"https:\/\/dev.kompaktdesign.hu\/hodszolar.hu\/author\/hodszolar\/"}]}},"_links":{"self":[{"href":"https:\/\/dev.kompaktdesign.hu\/hodszolar.hu\/wp-json\/wp\/v2\/posts\/599","targetHints":{"allow":["GET"]}}],"collection":[{"href":"https:\/\/dev.kompaktdesign.hu\/hodszolar.hu\/wp-json\/wp\/v2\/posts"}],"about":[{"href":"https:\/\/dev.kompaktdesign.hu\/hodszolar.hu\/wp-json\/wp\/v2\/types\/post"}],"author":[{"embeddable":true,"href":"https:\/\/dev.kompaktdesign.hu\/hodszolar.hu\/wp-json\/wp\/v2\/users\/3"}],"replies":[{"embeddable":true,"href":"https:\/\/dev.kompaktdesign.hu\/hodszolar.hu\/wp-json\/wp\/v2\/comments?post=599"}],"version-history":[{"count":1,"href":"https:\/\/dev.kompaktdesign.hu\/hodszolar.hu\/wp-json\/wp\/v2\/posts\/599\/revisions"}],"predecessor-version":[{"id":610,"href":"https:\/\/dev.kompaktdesign.hu\/hodszolar.hu\/wp-json\/wp\/v2\/posts\/599\/revisions\/610"}],"wp:featuredmedia":[{"embeddable":true,"href":"https:\/\/dev.kompaktdesign.hu\/hodszolar.hu\/wp-json\/wp\/v2\/media\/608"}],"wp:attachment":[{"href":"https:\/\/dev.kompaktdesign.hu\/hodszolar.hu\/wp-json\/wp\/v2\/media?parent=599"}],"wp:term":[{"taxonomy":"category","embeddable":true,"href":"https:\/\/dev.kompaktdesign.hu\/hodszolar.hu\/wp-json\/wp\/v2\/categories?post=599"},{"taxonomy":"post_tag","embeddable":true,"href":"https:\/\/dev.kompaktdesign.hu\/hodszolar.hu\/wp-json\/wp\/v2\/tags?post=599"}],"curies":[{"name":"wp","href":"https:\/\/api.w.org\/{rel}","templated":true}]}}