{"id":616,"date":"2021-09-24T09:15:53","date_gmt":"2021-09-24T09:15:53","guid":{"rendered":"https:\/\/hodszolar.hu\/?p=616"},"modified":"2021-09-24T09:15:54","modified_gmt":"2021-09-24T09:15:54","slug":"nem-eri-hatrany-a-napelemes-ugyfeleket-a-szolgaltatovaltas-miatt","status":"publish","type":"post","link":"https:\/\/dev.kompaktdesign.hu\/hodszolar.hu\/2021\/09\/24\/nem-eri-hatrany-a-napelemes-ugyfeleket-a-szolgaltatovaltas-miatt\/","title":{"rendered":"Nem \u00e9ri h\u00e1tr\u00e1ny a napelemes \u00fcgyfeleket a szolg\u00e1ltat\u00f3v\u00e1lt\u00e1s miatt"},"content":{"rendered":"\n<p><strong>Az MVM Next, az EON Hung\u00e1ria csoport \u00e9s a Magyar Energetikai \u00e9s K\u00f6zm\u0171-szab\u00e1lyoz\u00e1si Hivatal (MEKH) k\u00f6z\u00f6s t\u00e1j\u00e9koztat\u00e1sa szerint minden \u00e9rintett \u00fcgyf\u00e9l, bele\u00e9rtve a h\u00e1ztart\u00e1si m\u00e9ret\u0171 kiser\u0151m\u0171vel rendelkez\u0151ket is, az Elm\u0171-\u00c9m\u00e1szt\u00f3l v\u00e9gsz\u00e1ml\u00e1t kapnak majd, amely az \u00e9ves szald\u00f3elsz\u00e1mol\u00e1s megszokott rendj\u00e9ben is v\u00e1ltoz\u00e1st jelent.<\/strong><\/p>\n\n\n\n<figure class=\"wp-block-image size-full\"><img loading=\"lazy\" decoding=\"async\" width=\"896\" height=\"201\" src=\"https:\/\/dev.kompaktdesign.hu\/hodszolar.hu\/wp-content\/uploads\/2021\/09\/szolgaltatovaltas.jpg\" alt=\"\" class=\"wp-image-618\"\/><\/figure>\n\n\n\n<p>Annak \u00e9rdek\u00e9ben, hogy a t\u00f6bblettermel\u00e9ssel rendelkez\u0151 napelemes \u00fcgyfeleket ne \u00e9rje h\u00e1tr\u00e1ny a rendk\u00edv\u00fcli elsz\u00e1mol\u00e1s miatt, az elm\u00falt id\u0151szakban az \u00e1tad\u00f3 \u00e9s az \u00e1tvev\u0151 f\u00e9l kidolgozta a megold\u00e1st: azokn\u00e1l a h\u00e1ztart\u00e1si m\u00e9ret\u0171 kiser\u0151m\u0171vel rendelkez\u0151 \u00fcgyfelekn\u00e9l, akiket az elsz\u00e1mol\u00e1s kedvez\u0151tlen lenne p\u00e9nz\u00fcgyileg, az MVM Next az \u00e9ves elsz\u00e1mol\u00e1s idej\u00e9n a rendszerhaszn\u00e1lati d\u00edjak kisz\u00e1m\u00edt\u00e1s\u00e1n\u00e1l az Elm\u0171-\u00c9m\u00e1sz elsz\u00e1mol\u00e1s\u00e1nak eredm\u00e9ny\u00e9t is figyelembe veszi, \u00edgy az \u00fcgyfeleknek a szolg\u00e1ltat\u00f3v\u00e1lt\u00e1s nem j\u00e1r majd h\u00e1tr\u00e1nyos k\u00f6vetkezm\u00e9nyekkel. A megold\u00e1sr\u00f3l az \u00e9rintetteket az MVM Next t\u00e1j\u00e9koztatni fogja.<\/p>\n\n\n\n<p>A t\u00e1j\u00e9koztat\u00e1s szerint az energiahivatal megvizsg\u00e1lta a h\u00e1ztart\u00e1si naper\u0151m\u0171vek termel\u00e9s\u00e9nek elsz\u00e1mol\u00e1s\u00e1ra kidolgozott szolg\u00e1ltat\u00f3i javaslatot, \u00e9s meg\u00e1llap\u00edtotta, hogy a megold\u00e1s korrekt felt\u00e9teleket teremt a naper\u0151m\u0171-tulajdonosok sz\u00e1m\u00e1ra, alkalmaz\u00e1s\u00e1val a naper\u0151m\u0171ves h\u00e1ztart\u00e1sokat nem \u00e9ri anyagi k\u00e1r, \u00e9s a javaslat a hat\u00e1lyos jogszab\u00e1lyoknak is megfelel.<\/p>\n\n\n\n<p>A MEKH, mint szab\u00e1lyoz\u00f3 hat\u00f3s\u00e1g tov\u00e1bbra is nyomon k\u00f6veti a szolg\u00e1ltat\u00f3v\u00e1lt\u00e1s folyamat\u00e1t, \u00e9s ellen\u0151rizni fogja a javaslatban foglaltak gyakorlati megval\u00f3sul\u00e1s\u00e1t is.<\/p>\n\n\n\n<p>A MEKH jelezte azt is, hogy a h\u00e1ztart\u00e1si naper\u0151m\u0171vek eset\u00e9ben alkalmazand\u00f3 szald\u00f3 elsz\u00e1mol\u00e1s 2023. december 31-ig \u00e9rv\u00e9nyben marad, \u00e9s minden tov\u00e1bbi szolg\u00e1ltat\u00f3v\u00e1lt\u00e1s eset\u00e9n ezt kell alkalmazni.<\/p>\n","protected":false},"excerpt":{"rendered":"<p>Az MVM Next, az EON Hung\u00e1ria csoport \u00e9s a Magyar Energetikai \u00e9s K\u00f6zm\u0171-szab\u00e1lyoz\u00e1si Hivatal (MEKH) k\u00f6z\u00f6s t\u00e1j\u00e9koztat\u00e1sa szerint minden \u00e9rintett \u00fcgyf\u00e9l, bele\u00e9rtve a h\u00e1ztart\u00e1si m\u00e9ret\u0171 kiser\u0151m\u0171vel rendelkez\u0151ket is, az Elm\u0171-\u00c9m\u00e1szt\u00f3l v\u00e9gsz\u00e1ml\u00e1t kapnak majd, amely az \u00e9ves szald\u00f3elsz\u00e1mol\u00e1s megszokott rendj\u00e9ben is v\u00e1ltoz\u00e1st jelent. Annak \u00e9rdek\u00e9ben, hogy a t\u00f6bblettermel\u00e9ssel rendelkez\u0151 napelemes \u00fcgyfeleket ne \u00e9rje h\u00e1tr\u00e1ny a rendk\u00edv\u00fcli [&hellip;]<\/p>\n","protected":false},"author":3,"featured_media":619,"comment_status":"open","ping_status":"open","sticky":false,"template":"","format":"standard","meta":{"footnotes":""},"categories":[1],"tags":[],"class_list":["post-616","post","type-post","status-publish","format-standard","has-post-thumbnail","hentry","category-egyeb"],"yoast_head":"<!-- This site is optimized with the Yoast SEO plugin v19.5.1 - https:\/\/yoast.com\/wordpress\/plugins\/seo\/ -->\n<title>Nem \u00e9ri h\u00e1tr\u00e1ny a napelemes \u00fcgyfeleket a szolg\u00e1ltat\u00f3v\u00e1lt\u00e1s miatt | H\u00f3dszol\u00e1r<\/title>\n<meta name=\"robots\" content=\"noindex, follow, max-snippet:-1, max-image-preview:large, max-video-preview:-1\" \/>\n<meta property=\"og:locale\" content=\"hu_HU\" \/>\n<meta property=\"og:type\" content=\"article\" \/>\n<meta property=\"og:title\" content=\"Nem \u00e9ri h\u00e1tr\u00e1ny a napelemes \u00fcgyfeleket a szolg\u00e1ltat\u00f3v\u00e1lt\u00e1s miatt | H\u00f3dszol\u00e1r\" \/>\n<meta property=\"og:description\" content=\"Az MVM Next, az EON Hung\u00e1ria csoport \u00e9s a Magyar Energetikai \u00e9s K\u00f6zm\u0171-szab\u00e1lyoz\u00e1si Hivatal (MEKH) k\u00f6z\u00f6s t\u00e1j\u00e9koztat\u00e1sa szerint minden \u00e9rintett \u00fcgyf\u00e9l, bele\u00e9rtve a h\u00e1ztart\u00e1si m\u00e9ret\u0171 kiser\u0151m\u0171vel rendelkez\u0151ket is, az Elm\u0171-\u00c9m\u00e1szt\u00f3l v\u00e9gsz\u00e1ml\u00e1t kapnak majd, amely az \u00e9ves szald\u00f3elsz\u00e1mol\u00e1s megszokott rendj\u00e9ben is v\u00e1ltoz\u00e1st jelent. Annak \u00e9rdek\u00e9ben, hogy a t\u00f6bblettermel\u00e9ssel rendelkez\u0151 napelemes \u00fcgyfeleket ne \u00e9rje h\u00e1tr\u00e1ny a rendk\u00edv\u00fcli [&hellip;]\" \/>\n<meta property=\"og:url\" content=\"https:\/\/dev.kompaktdesign.hu\/hodszolar.hu\/2021\/09\/24\/nem-eri-hatrany-a-napelemes-ugyfeleket-a-szolgaltatovaltas-miatt\/\" \/>\n<meta property=\"og:site_name\" content=\"H\u00f3dszol\u00e1r\" \/>\n<meta property=\"article:publisher\" content=\"https:\/\/www.facebook.com\/hodszolar\" \/>\n<meta property=\"article:published_time\" content=\"2021-09-24T09:15:53+00:00\" \/>\n<meta property=\"article:modified_time\" content=\"2021-09-24T09:15:54+00:00\" \/>\n<meta property=\"og:image\" content=\"https:\/\/dev.kompaktdesign.hu\/hodszolar.hu\/wp-content\/uploads\/2021\/09\/aram_szolgaltato-755x503-1.jpg\" \/>\n\t<meta property=\"og:image:width\" content=\"755\" \/>\n\t<meta property=\"og:image:height\" content=\"503\" \/>\n\t<meta property=\"og:image:type\" content=\"image\/jpeg\" \/>\n<meta name=\"author\" content=\"H\u00f3dszol\u00e1r Kft.\" \/>\n<meta name=\"twitter:card\" content=\"summary_large_image\" \/>\n<meta name=\"twitter:label1\" content=\"Szerz\u0151:\" \/>\n\t<meta name=\"twitter:data1\" content=\"H\u00f3dszol\u00e1r Kft.\" \/>\n\t<meta name=\"twitter:label2\" content=\"Becs\u00fclt olvas\u00e1si id\u0151\" \/>\n\t<meta name=\"twitter:data2\" content=\"2 perc\" \/>\n<script type=\"application\/ld+json\" class=\"yoast-schema-graph\">{\"@context\":\"https:\/\/schema.org\",\"@graph\":[{\"@type\":\"Article\",\"@id\":\"https:\/\/dev.kompaktdesign.hu\/hodszolar.hu\/2021\/09\/24\/nem-eri-hatrany-a-napelemes-ugyfeleket-a-szolgaltatovaltas-miatt\/#article\",\"isPartOf\":{\"@id\":\"https:\/\/dev.kompaktdesign.hu\/hodszolar.hu\/2021\/09\/24\/nem-eri-hatrany-a-napelemes-ugyfeleket-a-szolgaltatovaltas-miatt\/\"},\"author\":{\"name\":\"H\u00f3dszol\u00e1r Kft.\",\"@id\":\"https:\/\/dev.kompaktdesign.hu\/hodszolar.hu\/#\/schema\/person\/a788af940a3d6b2829396312340dd08c\"},\"headline\":\"Nem \u00e9ri h\u00e1tr\u00e1ny a napelemes \u00fcgyfeleket a szolg\u00e1ltat\u00f3v\u00e1lt\u00e1s miatt\",\"datePublished\":\"2021-09-24T09:15:53+00:00\",\"dateModified\":\"2021-09-24T09:15:54+00:00\",\"mainEntityOfPage\":{\"@id\":\"https:\/\/dev.kompaktdesign.hu\/hodszolar.hu\/2021\/09\/24\/nem-eri-hatrany-a-napelemes-ugyfeleket-a-szolgaltatovaltas-miatt\/\"},\"wordCount\":368,\"commentCount\":0,\"publisher\":{\"@id\":\"https:\/\/dev.kompaktdesign.hu\/hodszolar.hu\/#organization\"},\"articleSection\":[\"Egy\u00e9b kateg\u00f3ria\"],\"inLanguage\":\"hu\",\"potentialAction\":[{\"@type\":\"CommentAction\",\"name\":\"Comment\",\"target\":[\"https:\/\/dev.kompaktdesign.hu\/hodszolar.hu\/2021\/09\/24\/nem-eri-hatrany-a-napelemes-ugyfeleket-a-szolgaltatovaltas-miatt\/#respond\"]}]},{\"@type\":\"WebPage\",\"@id\":\"https:\/\/dev.kompaktdesign.hu\/hodszolar.hu\/2021\/09\/24\/nem-eri-hatrany-a-napelemes-ugyfeleket-a-szolgaltatovaltas-miatt\/\",\"url\":\"https:\/\/dev.kompaktdesign.hu\/hodszolar.hu\/2021\/09\/24\/nem-eri-hatrany-a-napelemes-ugyfeleket-a-szolgaltatovaltas-miatt\/\",\"name\":\"Nem \u00e9ri h\u00e1tr\u00e1ny a napelemes \u00fcgyfeleket a szolg\u00e1ltat\u00f3v\u00e1lt\u00e1s miatt | H\u00f3dszol\u00e1r\",\"isPartOf\":{\"@id\":\"https:\/\/dev.kompaktdesign.hu\/hodszolar.hu\/#website\"},\"datePublished\":\"2021-09-24T09:15:53+00:00\",\"dateModified\":\"2021-09-24T09:15:54+00:00\",\"breadcrumb\":{\"@id\":\"https:\/\/dev.kompaktdesign.hu\/hodszolar.hu\/2021\/09\/24\/nem-eri-hatrany-a-napelemes-ugyfeleket-a-szolgaltatovaltas-miatt\/#breadcrumb\"},\"inLanguage\":\"hu\",\"potentialAction\":[{\"@type\":\"ReadAction\",\"target\":[\"https:\/\/dev.kompaktdesign.hu\/hodszolar.hu\/2021\/09\/24\/nem-eri-hatrany-a-napelemes-ugyfeleket-a-szolgaltatovaltas-miatt\/\"]}]},{\"@type\":\"BreadcrumbList\",\"@id\":\"https:\/\/dev.kompaktdesign.hu\/hodszolar.hu\/2021\/09\/24\/nem-eri-hatrany-a-napelemes-ugyfeleket-a-szolgaltatovaltas-miatt\/#breadcrumb\",\"itemListElement\":[{\"@type\":\"ListItem\",\"position\":1,\"name\":\"Kezd\u0151lap\",\"item\":\"https:\/\/dev.kompaktdesign.hu\/hodszolar.hu\/\"},{\"@type\":\"ListItem\",\"position\":2,\"name\":\"Nem \u00e9ri h\u00e1tr\u00e1ny a napelemes \u00fcgyfeleket a szolg\u00e1ltat\u00f3v\u00e1lt\u00e1s miatt\"}]},{\"@type\":\"WebSite\",\"@id\":\"https:\/\/dev.kompaktdesign.hu\/hodszolar.hu\/#website\",\"url\":\"https:\/\/dev.kompaktdesign.hu\/hodszolar.hu\/\",\"name\":\"H\u00f3dszol\u00e1r\",\"description\":\"A v\u00e1s\u00e1rhelyi napelemes\",\"publisher\":{\"@id\":\"https:\/\/dev.kompaktdesign.hu\/hodszolar.hu\/#organization\"},\"potentialAction\":[{\"@type\":\"SearchAction\",\"target\":{\"@type\":\"EntryPoint\",\"urlTemplate\":\"https:\/\/dev.kompaktdesign.hu\/hodszolar.hu\/?s={search_term_string}\"},\"query-input\":\"required name=search_term_string\"}],\"inLanguage\":\"hu\"},{\"@type\":\"Organization\",\"@id\":\"https:\/\/dev.kompaktdesign.hu\/hodszolar.hu\/#organization\",\"name\":\"H\u00f3dszol\u00e1r Kft.\",\"url\":\"https:\/\/dev.kompaktdesign.hu\/hodszolar.hu\/\",\"sameAs\":[\"https:\/\/www.facebook.com\/hodszolar\"],\"logo\":{\"@type\":\"ImageObject\",\"inLanguage\":\"hu\",\"@id\":\"https:\/\/dev.kompaktdesign.hu\/hodszolar.hu\/#\/schema\/logo\/image\/\",\"url\":\"https:\/\/dev.kompaktdesign.hu\/hodszolar.hu\/wp-content\/uploads\/2021\/05\/fvicon.png\",\"contentUrl\":\"https:\/\/dev.kompaktdesign.hu\/hodszolar.hu\/wp-content\/uploads\/2021\/05\/fvicon.png\",\"width\":132,\"height\":132,\"caption\":\"H\u00f3dszol\u00e1r Kft.\"},\"image\":{\"@id\":\"https:\/\/dev.kompaktdesign.hu\/hodszolar.hu\/#\/schema\/logo\/image\/\"}},{\"@type\":\"Person\",\"@id\":\"https:\/\/dev.kompaktdesign.hu\/hodszolar.hu\/#\/schema\/person\/a788af940a3d6b2829396312340dd08c\",\"name\":\"H\u00f3dszol\u00e1r Kft.\",\"image\":{\"@type\":\"ImageObject\",\"inLanguage\":\"hu\",\"@id\":\"https:\/\/dev.kompaktdesign.hu\/hodszolar.hu\/#\/schema\/person\/image\/\",\"url\":\"https:\/\/secure.gravatar.com\/avatar\/38df000db6f2e93b7f0ccccf7714392424ca033738d34dfe71f19fdb70329830?s=96&d=mm&r=g\",\"contentUrl\":\"https:\/\/secure.gravatar.com\/avatar\/38df000db6f2e93b7f0ccccf7714392424ca033738d34dfe71f19fdb70329830?s=96&d=mm&r=g\",\"caption\":\"H\u00f3dszol\u00e1r Kft.\"},\"url\":\"https:\/\/dev.kompaktdesign.hu\/hodszolar.hu\/author\/hodszolar\/\"}]}<\/script>\n<!-- \/ Yoast SEO plugin. -->","yoast_head_json":{"title":"Nem \u00e9ri h\u00e1tr\u00e1ny a napelemes \u00fcgyfeleket a szolg\u00e1ltat\u00f3v\u00e1lt\u00e1s miatt | H\u00f3dszol\u00e1r","robots":{"index":"noindex","follow":"follow","max-snippet":"max-snippet:-1","max-image-preview":"max-image-preview:large","max-video-preview":"max-video-preview:-1"},"og_locale":"hu_HU","og_type":"article","og_title":"Nem \u00e9ri h\u00e1tr\u00e1ny a napelemes \u00fcgyfeleket a szolg\u00e1ltat\u00f3v\u00e1lt\u00e1s miatt | H\u00f3dszol\u00e1r","og_description":"Az MVM Next, az EON Hung\u00e1ria csoport \u00e9s a Magyar Energetikai \u00e9s K\u00f6zm\u0171-szab\u00e1lyoz\u00e1si Hivatal (MEKH) k\u00f6z\u00f6s t\u00e1j\u00e9koztat\u00e1sa szerint minden \u00e9rintett \u00fcgyf\u00e9l, bele\u00e9rtve a h\u00e1ztart\u00e1si m\u00e9ret\u0171 kiser\u0151m\u0171vel rendelkez\u0151ket is, az Elm\u0171-\u00c9m\u00e1szt\u00f3l v\u00e9gsz\u00e1ml\u00e1t kapnak majd, amely az \u00e9ves szald\u00f3elsz\u00e1mol\u00e1s megszokott rendj\u00e9ben is v\u00e1ltoz\u00e1st jelent. Annak \u00e9rdek\u00e9ben, hogy a t\u00f6bblettermel\u00e9ssel rendelkez\u0151 napelemes \u00fcgyfeleket ne \u00e9rje h\u00e1tr\u00e1ny a rendk\u00edv\u00fcli [&hellip;]","og_url":"https:\/\/dev.kompaktdesign.hu\/hodszolar.hu\/2021\/09\/24\/nem-eri-hatrany-a-napelemes-ugyfeleket-a-szolgaltatovaltas-miatt\/","og_site_name":"H\u00f3dszol\u00e1r","article_publisher":"https:\/\/www.facebook.com\/hodszolar","article_published_time":"2021-09-24T09:15:53+00:00","article_modified_time":"2021-09-24T09:15:54+00:00","og_image":[{"width":755,"height":503,"url":"https:\/\/dev.kompaktdesign.hu\/hodszolar.hu\/wp-content\/uploads\/2021\/09\/aram_szolgaltato-755x503-1.jpg","type":"image\/jpeg"}],"author":"H\u00f3dszol\u00e1r Kft.","twitter_card":"summary_large_image","twitter_misc":{"Szerz\u0151:":"H\u00f3dszol\u00e1r Kft.","Becs\u00fclt olvas\u00e1si id\u0151":"2 perc"},"schema":{"@context":"https:\/\/schema.org","@graph":[{"@type":"Article","@id":"https:\/\/dev.kompaktdesign.hu\/hodszolar.hu\/2021\/09\/24\/nem-eri-hatrany-a-napelemes-ugyfeleket-a-szolgaltatovaltas-miatt\/#article","isPartOf":{"@id":"https:\/\/dev.kompaktdesign.hu\/hodszolar.hu\/2021\/09\/24\/nem-eri-hatrany-a-napelemes-ugyfeleket-a-szolgaltatovaltas-miatt\/"},"author":{"name":"H\u00f3dszol\u00e1r Kft.","@id":"https:\/\/dev.kompaktdesign.hu\/hodszolar.hu\/#\/schema\/person\/a788af940a3d6b2829396312340dd08c"},"headline":"Nem \u00e9ri h\u00e1tr\u00e1ny a napelemes \u00fcgyfeleket a szolg\u00e1ltat\u00f3v\u00e1lt\u00e1s miatt","datePublished":"2021-09-24T09:15:53+00:00","dateModified":"2021-09-24T09:15:54+00:00","mainEntityOfPage":{"@id":"https:\/\/dev.kompaktdesign.hu\/hodszolar.hu\/2021\/09\/24\/nem-eri-hatrany-a-napelemes-ugyfeleket-a-szolgaltatovaltas-miatt\/"},"wordCount":368,"commentCount":0,"publisher":{"@id":"https:\/\/dev.kompaktdesign.hu\/hodszolar.hu\/#organization"},"articleSection":["Egy\u00e9b kateg\u00f3ria"],"inLanguage":"hu","potentialAction":[{"@type":"CommentAction","name":"Comment","target":["https:\/\/dev.kompaktdesign.hu\/hodszolar.hu\/2021\/09\/24\/nem-eri-hatrany-a-napelemes-ugyfeleket-a-szolgaltatovaltas-miatt\/#respond"]}]},{"@type":"WebPage","@id":"https:\/\/dev.kompaktdesign.hu\/hodszolar.hu\/2021\/09\/24\/nem-eri-hatrany-a-napelemes-ugyfeleket-a-szolgaltatovaltas-miatt\/","url":"https:\/\/dev.kompaktdesign.hu\/hodszolar.hu\/2021\/09\/24\/nem-eri-hatrany-a-napelemes-ugyfeleket-a-szolgaltatovaltas-miatt\/","name":"Nem \u00e9ri h\u00e1tr\u00e1ny a napelemes \u00fcgyfeleket a szolg\u00e1ltat\u00f3v\u00e1lt\u00e1s miatt | H\u00f3dszol\u00e1r","isPartOf":{"@id":"https:\/\/dev.kompaktdesign.hu\/hodszolar.hu\/#website"},"datePublished":"2021-09-24T09:15:53+00:00","dateModified":"2021-09-24T09:15:54+00:00","breadcrumb":{"@id":"https:\/\/dev.kompaktdesign.hu\/hodszolar.hu\/2021\/09\/24\/nem-eri-hatrany-a-napelemes-ugyfeleket-a-szolgaltatovaltas-miatt\/#breadcrumb"},"inLanguage":"hu","potentialAction":[{"@type":"ReadAction","target":["https:\/\/dev.kompaktdesign.hu\/hodszolar.hu\/2021\/09\/24\/nem-eri-hatrany-a-napelemes-ugyfeleket-a-szolgaltatovaltas-miatt\/"]}]},{"@type":"BreadcrumbList","@id":"https:\/\/dev.kompaktdesign.hu\/hodszolar.hu\/2021\/09\/24\/nem-eri-hatrany-a-napelemes-ugyfeleket-a-szolgaltatovaltas-miatt\/#breadcrumb","itemListElement":[{"@type":"ListItem","position":1,"name":"Kezd\u0151lap","item":"https:\/\/dev.kompaktdesign.hu\/hodszolar.hu\/"},{"@type":"ListItem","position":2,"name":"Nem \u00e9ri h\u00e1tr\u00e1ny a napelemes \u00fcgyfeleket a szolg\u00e1ltat\u00f3v\u00e1lt\u00e1s miatt"}]},{"@type":"WebSite","@id":"https:\/\/dev.kompaktdesign.hu\/hodszolar.hu\/#website","url":"https:\/\/dev.kompaktdesign.hu\/hodszolar.hu\/","name":"H\u00f3dszol\u00e1r","description":"A v\u00e1s\u00e1rhelyi napelemes","publisher":{"@id":"https:\/\/dev.kompaktdesign.hu\/hodszolar.hu\/#organization"},"potentialAction":[{"@type":"SearchAction","target":{"@type":"EntryPoint","urlTemplate":"https:\/\/dev.kompaktdesign.hu\/hodszolar.hu\/?s={search_term_string}"},"query-input":"required name=search_term_string"}],"inLanguage":"hu"},{"@type":"Organization","@id":"https:\/\/dev.kompaktdesign.hu\/hodszolar.hu\/#organization","name":"H\u00f3dszol\u00e1r Kft.","url":"https:\/\/dev.kompaktdesign.hu\/hodszolar.hu\/","sameAs":["https:\/\/www.facebook.com\/hodszolar"],"logo":{"@type":"ImageObject","inLanguage":"hu","@id":"https:\/\/dev.kompaktdesign.hu\/hodszolar.hu\/#\/schema\/logo\/image\/","url":"https:\/\/dev.kompaktdesign.hu\/hodszolar.hu\/wp-content\/uploads\/2021\/05\/fvicon.png","contentUrl":"https:\/\/dev.kompaktdesign.hu\/hodszolar.hu\/wp-content\/uploads\/2021\/05\/fvicon.png","width":132,"height":132,"caption":"H\u00f3dszol\u00e1r Kft."},"image":{"@id":"https:\/\/dev.kompaktdesign.hu\/hodszolar.hu\/#\/schema\/logo\/image\/"}},{"@type":"Person","@id":"https:\/\/dev.kompaktdesign.hu\/hodszolar.hu\/#\/schema\/person\/a788af940a3d6b2829396312340dd08c","name":"H\u00f3dszol\u00e1r Kft.","image":{"@type":"ImageObject","inLanguage":"hu","@id":"https:\/\/dev.kompaktdesign.hu\/hodszolar.hu\/#\/schema\/person\/image\/","url":"https:\/\/secure.gravatar.com\/avatar\/38df000db6f2e93b7f0ccccf7714392424ca033738d34dfe71f19fdb70329830?s=96&d=mm&r=g","contentUrl":"https:\/\/secure.gravatar.com\/avatar\/38df000db6f2e93b7f0ccccf7714392424ca033738d34dfe71f19fdb70329830?s=96&d=mm&r=g","caption":"H\u00f3dszol\u00e1r Kft."},"url":"https:\/\/dev.kompaktdesign.hu\/hodszolar.hu\/author\/hodszolar\/"}]}},"_links":{"self":[{"href":"https:\/\/dev.kompaktdesign.hu\/hodszolar.hu\/wp-json\/wp\/v2\/posts\/616","targetHints":{"allow":["GET"]}}],"collection":[{"href":"https:\/\/dev.kompaktdesign.hu\/hodszolar.hu\/wp-json\/wp\/v2\/posts"}],"about":[{"href":"https:\/\/dev.kompaktdesign.hu\/hodszolar.hu\/wp-json\/wp\/v2\/types\/post"}],"author":[{"embeddable":true,"href":"https:\/\/dev.kompaktdesign.hu\/hodszolar.hu\/wp-json\/wp\/v2\/users\/3"}],"replies":[{"embeddable":true,"href":"https:\/\/dev.kompaktdesign.hu\/hodszolar.hu\/wp-json\/wp\/v2\/comments?post=616"}],"version-history":[{"count":1,"href":"https:\/\/dev.kompaktdesign.hu\/hodszolar.hu\/wp-json\/wp\/v2\/posts\/616\/revisions"}],"predecessor-version":[{"id":620,"href":"https:\/\/dev.kompaktdesign.hu\/hodszolar.hu\/wp-json\/wp\/v2\/posts\/616\/revisions\/620"}],"wp:featuredmedia":[{"embeddable":true,"href":"https:\/\/dev.kompaktdesign.hu\/hodszolar.hu\/wp-json\/wp\/v2\/media\/619"}],"wp:attachment":[{"href":"https:\/\/dev.kompaktdesign.hu\/hodszolar.hu\/wp-json\/wp\/v2\/media?parent=616"}],"wp:term":[{"taxonomy":"category","embeddable":true,"href":"https:\/\/dev.kompaktdesign.hu\/hodszolar.hu\/wp-json\/wp\/v2\/categories?post=616"},{"taxonomy":"post_tag","embeddable":true,"href":"https:\/\/dev.kompaktdesign.hu\/hodszolar.hu\/wp-json\/wp\/v2\/tags?post=616"}],"curies":[{"name":"wp","href":"https:\/\/api.w.org\/{rel}","templated":true}]}}