{"id":621,"date":"2021-09-24T09:27:11","date_gmt":"2021-09-24T09:27:11","guid":{"rendered":"https:\/\/hodszolar.hu\/?p=621"},"modified":"2021-09-24T09:30:51","modified_gmt":"2021-09-24T09:30:51","slug":"hamarosan-az-usa-elektromossaganak-majdnem-felet-a-napenergia-adhatja","status":"publish","type":"post","link":"https:\/\/dev.kompaktdesign.hu\/hodszolar.hu\/2021\/09\/24\/hamarosan-az-usa-elektromossaganak-majdnem-felet-a-napenergia-adhatja\/","title":{"rendered":"Hamarosan az USA elektromoss\u00e1g\u00e1nak majdnem fel\u00e9t a napenergia adhatja"},"content":{"rendered":"\n<p><strong>Egy friss kutat\u00e1s szerint az Egyes\u00fclt \u00c1llamokban a napenergi\u00e1ban nagy rem\u00e9nyek vannak: 2035-re ak\u00e1r az USA elektromoss\u00e1g\u00e1nak 40 sz\u00e1zal\u00e9k\u00e1t is adhatja.<\/strong><\/p>\n\n\n\n<figure class=\"wp-block-image\"><img decoding=\"async\" src=\"https:\/\/www.eenews.net\/image_assets\/2020\/05\/image_asset_81353.jpg\" alt=\"CAMPAIGN 2020: 100% clean energy: Ariz. lessons for the White House race --  Friday, May 15, 2020 -- www.eenews.net\"\/><\/figure>\n\n\n\n<p>Az Egyes\u00fclt \u00c1llamokra a Trump-korm\u00e1ny sor\u00e1n rendesen r\u00e1j\u00e1rt a r\u00fad, ami a meg\u00fajul\u00f3 energia felhaszn\u00e1l\u00e1s\u00e1t jelenti \u2013 b\u00e1r az \u00faj eln\u00f6k igyekszik visszakorm\u00e1nyozni az orsz\u00e1got a k\u00f6rnyezetbar\u00e1t int\u00e9zked\u00e9sek fel\u00e9, a meg\u00fajul\u00f3k m\u00e9g mindig csup\u00e1n az USA energiaell\u00e1t\u00e1s\u00e1nak 12 sz\u00e1zal\u00e9k\u00e1t fedik le. Egy friss kutat\u00e1s szerint azonban ez lehetne sokkal t\u00f6bb is: 2035-re a napenergia p\u00e9ld\u00e1ul adhatn\u00e1 az amerikaiak \u00e1ramfelhaszn\u00e1l\u00e1s\u00e1nak 40 sz\u00e1zal\u00e9k\u00e1t is.<\/p>\n\n\n\n<p>A kutat\u00e1st az energia\u00fcgyi miniszt\u00e9rium k\u00e9sz\u00edtette, \u00e9s kider\u00fclt bel\u0151le, hogy 2035-ig megt\u00edzszerezhet\u0151 lenne a napenergia felhaszn\u00e1l\u00e1sa az orsz\u00e1gban. Az eredm\u00e9nyek szerint a legjobb m\u00e9gis az, hogy ez nem jelentene t\u00f6bbletk\u00f6lts\u00e9geket a felhaszn\u00e1l\u00f3knak.<\/p>\n\n\n\n<p>Jennifer Granholm energia\u00fcgyi miniszter elmondta, hogy a napenergia a leggyorsabban fejl\u0151d\u0151 \u00e9s legolcs\u00f3bb megold\u00e1s, k\u00e9pes lenne 2035-ben minden amerikai h\u00e1ztart\u00e1sban biztos\u00edtani az energi\u00e1t, r\u00e1ad\u00e1sul 1,5 milli\u00f3 \u00faj munkahelyet tudna teremteni.<\/p>\n\n\n\n<p>Az egyetlen h\u00e1tr\u00e1nya az, hogy a szab\u00e1lyoz\u00e1si rendszert teljesen \u00e1t kellene \u00edrni, \u00e9s az infrastrukt\u00far\u00e1t is \u00e1talak\u00edtani, az \u00c1llamoknak pedig a 2020-as 15 gigawattos szol\u00e1rkapacit\u00e1s\u00e1t 2035-re 1000 gigawatra kellene emelnie. Ez az\u00e9rt is lenne neh\u00e9z, mert a 2020-as \u00e9rt\u00e9kek is m\u00e1r rekordkapacit\u00e1st jelentettek a jelenlegi k\u00f6r\u00fclm\u00e9nyek szerint.<\/p>\n\n\n\n<p>A kutat\u00e1s szerint azonban meg\u00e9rn\u00e9 a v\u00e1lt\u00e1s, ugyanis 2050-re m\u00e1r od\u00e1ig eljuthatnak a technol\u00f3gi\u00e1val, hogy az \u00c1llamokban minden lak\u00f3- \u00e9s kereskedelmi \u00e9p\u00fclet \u00e1ramell\u00e1t\u00e1s\u00e1t tudja biztos\u00edtani a napenergia. Ha mindezt kombin\u00e1lj\u00e1k m\u00e1s meg\u00fajul\u00f3kkal, p\u00e9ld\u00e1ul v\u00edz-, geotermikus \u00e9s sz\u00e9lenergi\u00e1val, ak\u00e1r az eg\u00e9sz Egyes\u00fclt \u00c1llamok z\u00f6ld energi\u00e1r\u00f3l m\u0171k\u00f6dhetne.<\/p>\n\n\n\n<p>Ez nagyon j\u00f3 h\u00edr Joe Biden sz\u00e1m\u00e1ra, hiszen megfogadta, hogy 2035-ig az amerikai energiarendszer 80 sz\u00e1zal\u00e9k\u00e1t dekarboniz\u00e1lja, \u00e9s 2050-re teljesen nett\u00f3 null\u00e1ra cs\u00f6kkenti a sz\u00e9nfelhaszn\u00e1l\u00e1st.<\/p>\n\n\n\n<figure class=\"wp-block-image size-full\"><img loading=\"lazy\" decoding=\"async\" width=\"1500\" height=\"828\" src=\"https:\/\/dev.kompaktdesign.hu\/hodszolar.hu\/wp-content\/uploads\/2021\/09\/ee4fd2fb-e729-40c0-86bd-c789d7c75de3-1604791710687.png\" alt=\"\" class=\"wp-image-626\"\/><\/figure>\n\n\n\n<p>Forr\u00e1s: nrgreport.com<\/p>\n","protected":false},"excerpt":{"rendered":"<p>Egy friss kutat\u00e1s szerint az Egyes\u00fclt \u00c1llamokban a napenergi\u00e1ban nagy rem\u00e9nyek vannak: 2035-re ak\u00e1r az USA elektromoss\u00e1g\u00e1nak 40 sz\u00e1zal\u00e9k\u00e1t is adhatja. Az Egyes\u00fclt \u00c1llamokra a Trump-korm\u00e1ny sor\u00e1n rendesen r\u00e1j\u00e1rt a r\u00fad, ami a meg\u00fajul\u00f3 energia felhaszn\u00e1l\u00e1s\u00e1t jelenti \u2013 b\u00e1r az \u00faj eln\u00f6k igyekszik visszakorm\u00e1nyozni az orsz\u00e1got a k\u00f6rnyezetbar\u00e1t int\u00e9zked\u00e9sek fel\u00e9, a meg\u00fajul\u00f3k m\u00e9g mindig csup\u00e1n [&hellip;]<\/p>\n","protected":false},"author":3,"featured_media":625,"comment_status":"open","ping_status":"open","sticky":false,"template":"","format":"standard","meta":{"footnotes":""},"categories":[1],"tags":[],"class_list":["post-621","post","type-post","status-publish","format-standard","has-post-thumbnail","hentry","category-egyeb"],"yoast_head":"<!-- This site is optimized with the Yoast SEO plugin v19.5.1 - https:\/\/yoast.com\/wordpress\/plugins\/seo\/ -->\n<title>Hamarosan az USA elektromoss\u00e1g\u00e1nak majdnem fel\u00e9t a napenergia adhatja | H\u00f3dszol\u00e1r<\/title>\n<meta name=\"robots\" content=\"noindex, follow, max-snippet:-1, max-image-preview:large, max-video-preview:-1\" \/>\n<meta property=\"og:locale\" content=\"hu_HU\" \/>\n<meta property=\"og:type\" content=\"article\" \/>\n<meta property=\"og:title\" content=\"Hamarosan az USA elektromoss\u00e1g\u00e1nak majdnem fel\u00e9t a napenergia adhatja | H\u00f3dszol\u00e1r\" \/>\n<meta property=\"og:description\" content=\"Egy friss kutat\u00e1s szerint az Egyes\u00fclt \u00c1llamokban a napenergi\u00e1ban nagy rem\u00e9nyek vannak: 2035-re ak\u00e1r az USA elektromoss\u00e1g\u00e1nak 40 sz\u00e1zal\u00e9k\u00e1t is adhatja. Az Egyes\u00fclt \u00c1llamokra a Trump-korm\u00e1ny sor\u00e1n rendesen r\u00e1j\u00e1rt a r\u00fad, ami a meg\u00fajul\u00f3 energia felhaszn\u00e1l\u00e1s\u00e1t jelenti \u2013 b\u00e1r az \u00faj eln\u00f6k igyekszik visszakorm\u00e1nyozni az orsz\u00e1got a k\u00f6rnyezetbar\u00e1t int\u00e9zked\u00e9sek fel\u00e9, a meg\u00fajul\u00f3k m\u00e9g mindig csup\u00e1n [&hellip;]\" \/>\n<meta property=\"og:url\" content=\"https:\/\/dev.kompaktdesign.hu\/hodszolar.hu\/2021\/09\/24\/hamarosan-az-usa-elektromossaganak-majdnem-felet-a-napenergia-adhatja\/\" \/>\n<meta property=\"og:site_name\" content=\"H\u00f3dszol\u00e1r\" \/>\n<meta property=\"article:publisher\" content=\"https:\/\/www.facebook.com\/hodszolar\" \/>\n<meta property=\"article:published_time\" content=\"2021-09-24T09:27:11+00:00\" \/>\n<meta property=\"article:modified_time\" content=\"2021-09-24T09:30:51+00:00\" \/>\n<meta property=\"og:image\" content=\"https:\/\/dev.kompaktdesign.hu\/hodszolar.hu\/wp-content\/uploads\/2021\/09\/image_asset_81353.jpg\" \/>\n\t<meta property=\"og:image:width\" content=\"938\" \/>\n\t<meta property=\"og:image:height\" content=\"483\" \/>\n\t<meta property=\"og:image:type\" content=\"image\/jpeg\" \/>\n<meta name=\"author\" content=\"H\u00f3dszol\u00e1r Kft.\" \/>\n<meta name=\"twitter:card\" content=\"summary_large_image\" \/>\n<meta name=\"twitter:label1\" content=\"Szerz\u0151:\" \/>\n\t<meta name=\"twitter:data1\" content=\"H\u00f3dszol\u00e1r Kft.\" \/>\n\t<meta name=\"twitter:label2\" content=\"Becs\u00fclt olvas\u00e1si id\u0151\" \/>\n\t<meta name=\"twitter:data2\" content=\"2 perc\" \/>\n<script type=\"application\/ld+json\" class=\"yoast-schema-graph\">{\"@context\":\"https:\/\/schema.org\",\"@graph\":[{\"@type\":\"Article\",\"@id\":\"https:\/\/dev.kompaktdesign.hu\/hodszolar.hu\/2021\/09\/24\/hamarosan-az-usa-elektromossaganak-majdnem-felet-a-napenergia-adhatja\/#article\",\"isPartOf\":{\"@id\":\"https:\/\/dev.kompaktdesign.hu\/hodszolar.hu\/2021\/09\/24\/hamarosan-az-usa-elektromossaganak-majdnem-felet-a-napenergia-adhatja\/\"},\"author\":{\"name\":\"H\u00f3dszol\u00e1r Kft.\",\"@id\":\"https:\/\/dev.kompaktdesign.hu\/hodszolar.hu\/#\/schema\/person\/a788af940a3d6b2829396312340dd08c\"},\"headline\":\"Hamarosan az USA elektromoss\u00e1g\u00e1nak majdnem fel\u00e9t a napenergia adhatja\",\"datePublished\":\"2021-09-24T09:27:11+00:00\",\"dateModified\":\"2021-09-24T09:30:51+00:00\",\"mainEntityOfPage\":{\"@id\":\"https:\/\/dev.kompaktdesign.hu\/hodszolar.hu\/2021\/09\/24\/hamarosan-az-usa-elektromossaganak-majdnem-felet-a-napenergia-adhatja\/\"},\"wordCount\":409,\"commentCount\":0,\"publisher\":{\"@id\":\"https:\/\/dev.kompaktdesign.hu\/hodszolar.hu\/#organization\"},\"articleSection\":[\"Egy\u00e9b kateg\u00f3ria\"],\"inLanguage\":\"hu\",\"potentialAction\":[{\"@type\":\"CommentAction\",\"name\":\"Comment\",\"target\":[\"https:\/\/dev.kompaktdesign.hu\/hodszolar.hu\/2021\/09\/24\/hamarosan-az-usa-elektromossaganak-majdnem-felet-a-napenergia-adhatja\/#respond\"]}]},{\"@type\":\"WebPage\",\"@id\":\"https:\/\/dev.kompaktdesign.hu\/hodszolar.hu\/2021\/09\/24\/hamarosan-az-usa-elektromossaganak-majdnem-felet-a-napenergia-adhatja\/\",\"url\":\"https:\/\/dev.kompaktdesign.hu\/hodszolar.hu\/2021\/09\/24\/hamarosan-az-usa-elektromossaganak-majdnem-felet-a-napenergia-adhatja\/\",\"name\":\"Hamarosan az USA elektromoss\u00e1g\u00e1nak majdnem fel\u00e9t a napenergia adhatja | H\u00f3dszol\u00e1r\",\"isPartOf\":{\"@id\":\"https:\/\/dev.kompaktdesign.hu\/hodszolar.hu\/#website\"},\"datePublished\":\"2021-09-24T09:27:11+00:00\",\"dateModified\":\"2021-09-24T09:30:51+00:00\",\"breadcrumb\":{\"@id\":\"https:\/\/dev.kompaktdesign.hu\/hodszolar.hu\/2021\/09\/24\/hamarosan-az-usa-elektromossaganak-majdnem-felet-a-napenergia-adhatja\/#breadcrumb\"},\"inLanguage\":\"hu\",\"potentialAction\":[{\"@type\":\"ReadAction\",\"target\":[\"https:\/\/dev.kompaktdesign.hu\/hodszolar.hu\/2021\/09\/24\/hamarosan-az-usa-elektromossaganak-majdnem-felet-a-napenergia-adhatja\/\"]}]},{\"@type\":\"BreadcrumbList\",\"@id\":\"https:\/\/dev.kompaktdesign.hu\/hodszolar.hu\/2021\/09\/24\/hamarosan-az-usa-elektromossaganak-majdnem-felet-a-napenergia-adhatja\/#breadcrumb\",\"itemListElement\":[{\"@type\":\"ListItem\",\"position\":1,\"name\":\"Kezd\u0151lap\",\"item\":\"https:\/\/dev.kompaktdesign.hu\/hodszolar.hu\/\"},{\"@type\":\"ListItem\",\"position\":2,\"name\":\"Hamarosan az USA elektromoss\u00e1g\u00e1nak majdnem fel\u00e9t a napenergia adhatja\"}]},{\"@type\":\"WebSite\",\"@id\":\"https:\/\/dev.kompaktdesign.hu\/hodszolar.hu\/#website\",\"url\":\"https:\/\/dev.kompaktdesign.hu\/hodszolar.hu\/\",\"name\":\"H\u00f3dszol\u00e1r\",\"description\":\"A v\u00e1s\u00e1rhelyi napelemes\",\"publisher\":{\"@id\":\"https:\/\/dev.kompaktdesign.hu\/hodszolar.hu\/#organization\"},\"potentialAction\":[{\"@type\":\"SearchAction\",\"target\":{\"@type\":\"EntryPoint\",\"urlTemplate\":\"https:\/\/dev.kompaktdesign.hu\/hodszolar.hu\/?s={search_term_string}\"},\"query-input\":\"required name=search_term_string\"}],\"inLanguage\":\"hu\"},{\"@type\":\"Organization\",\"@id\":\"https:\/\/dev.kompaktdesign.hu\/hodszolar.hu\/#organization\",\"name\":\"H\u00f3dszol\u00e1r Kft.\",\"url\":\"https:\/\/dev.kompaktdesign.hu\/hodszolar.hu\/\",\"sameAs\":[\"https:\/\/www.facebook.com\/hodszolar\"],\"logo\":{\"@type\":\"ImageObject\",\"inLanguage\":\"hu\",\"@id\":\"https:\/\/dev.kompaktdesign.hu\/hodszolar.hu\/#\/schema\/logo\/image\/\",\"url\":\"https:\/\/dev.kompaktdesign.hu\/hodszolar.hu\/wp-content\/uploads\/2021\/05\/fvicon.png\",\"contentUrl\":\"https:\/\/dev.kompaktdesign.hu\/hodszolar.hu\/wp-content\/uploads\/2021\/05\/fvicon.png\",\"width\":132,\"height\":132,\"caption\":\"H\u00f3dszol\u00e1r Kft.\"},\"image\":{\"@id\":\"https:\/\/dev.kompaktdesign.hu\/hodszolar.hu\/#\/schema\/logo\/image\/\"}},{\"@type\":\"Person\",\"@id\":\"https:\/\/dev.kompaktdesign.hu\/hodszolar.hu\/#\/schema\/person\/a788af940a3d6b2829396312340dd08c\",\"name\":\"H\u00f3dszol\u00e1r Kft.\",\"image\":{\"@type\":\"ImageObject\",\"inLanguage\":\"hu\",\"@id\":\"https:\/\/dev.kompaktdesign.hu\/hodszolar.hu\/#\/schema\/person\/image\/\",\"url\":\"https:\/\/secure.gravatar.com\/avatar\/38df000db6f2e93b7f0ccccf7714392424ca033738d34dfe71f19fdb70329830?s=96&d=mm&r=g\",\"contentUrl\":\"https:\/\/secure.gravatar.com\/avatar\/38df000db6f2e93b7f0ccccf7714392424ca033738d34dfe71f19fdb70329830?s=96&d=mm&r=g\",\"caption\":\"H\u00f3dszol\u00e1r Kft.\"},\"url\":\"https:\/\/dev.kompaktdesign.hu\/hodszolar.hu\/author\/hodszolar\/\"}]}<\/script>\n<!-- \/ Yoast SEO plugin. -->","yoast_head_json":{"title":"Hamarosan az USA elektromoss\u00e1g\u00e1nak majdnem fel\u00e9t a napenergia adhatja | H\u00f3dszol\u00e1r","robots":{"index":"noindex","follow":"follow","max-snippet":"max-snippet:-1","max-image-preview":"max-image-preview:large","max-video-preview":"max-video-preview:-1"},"og_locale":"hu_HU","og_type":"article","og_title":"Hamarosan az USA elektromoss\u00e1g\u00e1nak majdnem fel\u00e9t a napenergia adhatja | H\u00f3dszol\u00e1r","og_description":"Egy friss kutat\u00e1s szerint az Egyes\u00fclt \u00c1llamokban a napenergi\u00e1ban nagy rem\u00e9nyek vannak: 2035-re ak\u00e1r az USA elektromoss\u00e1g\u00e1nak 40 sz\u00e1zal\u00e9k\u00e1t is adhatja. Az Egyes\u00fclt \u00c1llamokra a Trump-korm\u00e1ny sor\u00e1n rendesen r\u00e1j\u00e1rt a r\u00fad, ami a meg\u00fajul\u00f3 energia felhaszn\u00e1l\u00e1s\u00e1t jelenti \u2013 b\u00e1r az \u00faj eln\u00f6k igyekszik visszakorm\u00e1nyozni az orsz\u00e1got a k\u00f6rnyezetbar\u00e1t int\u00e9zked\u00e9sek fel\u00e9, a meg\u00fajul\u00f3k m\u00e9g mindig csup\u00e1n [&hellip;]","og_url":"https:\/\/dev.kompaktdesign.hu\/hodszolar.hu\/2021\/09\/24\/hamarosan-az-usa-elektromossaganak-majdnem-felet-a-napenergia-adhatja\/","og_site_name":"H\u00f3dszol\u00e1r","article_publisher":"https:\/\/www.facebook.com\/hodszolar","article_published_time":"2021-09-24T09:27:11+00:00","article_modified_time":"2021-09-24T09:30:51+00:00","og_image":[{"width":938,"height":483,"url":"https:\/\/dev.kompaktdesign.hu\/hodszolar.hu\/wp-content\/uploads\/2021\/09\/image_asset_81353.jpg","type":"image\/jpeg"}],"author":"H\u00f3dszol\u00e1r Kft.","twitter_card":"summary_large_image","twitter_misc":{"Szerz\u0151:":"H\u00f3dszol\u00e1r Kft.","Becs\u00fclt olvas\u00e1si id\u0151":"2 perc"},"schema":{"@context":"https:\/\/schema.org","@graph":[{"@type":"Article","@id":"https:\/\/dev.kompaktdesign.hu\/hodszolar.hu\/2021\/09\/24\/hamarosan-az-usa-elektromossaganak-majdnem-felet-a-napenergia-adhatja\/#article","isPartOf":{"@id":"https:\/\/dev.kompaktdesign.hu\/hodszolar.hu\/2021\/09\/24\/hamarosan-az-usa-elektromossaganak-majdnem-felet-a-napenergia-adhatja\/"},"author":{"name":"H\u00f3dszol\u00e1r Kft.","@id":"https:\/\/dev.kompaktdesign.hu\/hodszolar.hu\/#\/schema\/person\/a788af940a3d6b2829396312340dd08c"},"headline":"Hamarosan az USA elektromoss\u00e1g\u00e1nak majdnem fel\u00e9t a napenergia adhatja","datePublished":"2021-09-24T09:27:11+00:00","dateModified":"2021-09-24T09:30:51+00:00","mainEntityOfPage":{"@id":"https:\/\/dev.kompaktdesign.hu\/hodszolar.hu\/2021\/09\/24\/hamarosan-az-usa-elektromossaganak-majdnem-felet-a-napenergia-adhatja\/"},"wordCount":409,"commentCount":0,"publisher":{"@id":"https:\/\/dev.kompaktdesign.hu\/hodszolar.hu\/#organization"},"articleSection":["Egy\u00e9b kateg\u00f3ria"],"inLanguage":"hu","potentialAction":[{"@type":"CommentAction","name":"Comment","target":["https:\/\/dev.kompaktdesign.hu\/hodszolar.hu\/2021\/09\/24\/hamarosan-az-usa-elektromossaganak-majdnem-felet-a-napenergia-adhatja\/#respond"]}]},{"@type":"WebPage","@id":"https:\/\/dev.kompaktdesign.hu\/hodszolar.hu\/2021\/09\/24\/hamarosan-az-usa-elektromossaganak-majdnem-felet-a-napenergia-adhatja\/","url":"https:\/\/dev.kompaktdesign.hu\/hodszolar.hu\/2021\/09\/24\/hamarosan-az-usa-elektromossaganak-majdnem-felet-a-napenergia-adhatja\/","name":"Hamarosan az USA elektromoss\u00e1g\u00e1nak majdnem fel\u00e9t a napenergia adhatja | H\u00f3dszol\u00e1r","isPartOf":{"@id":"https:\/\/dev.kompaktdesign.hu\/hodszolar.hu\/#website"},"datePublished":"2021-09-24T09:27:11+00:00","dateModified":"2021-09-24T09:30:51+00:00","breadcrumb":{"@id":"https:\/\/dev.kompaktdesign.hu\/hodszolar.hu\/2021\/09\/24\/hamarosan-az-usa-elektromossaganak-majdnem-felet-a-napenergia-adhatja\/#breadcrumb"},"inLanguage":"hu","potentialAction":[{"@type":"ReadAction","target":["https:\/\/dev.kompaktdesign.hu\/hodszolar.hu\/2021\/09\/24\/hamarosan-az-usa-elektromossaganak-majdnem-felet-a-napenergia-adhatja\/"]}]},{"@type":"BreadcrumbList","@id":"https:\/\/dev.kompaktdesign.hu\/hodszolar.hu\/2021\/09\/24\/hamarosan-az-usa-elektromossaganak-majdnem-felet-a-napenergia-adhatja\/#breadcrumb","itemListElement":[{"@type":"ListItem","position":1,"name":"Kezd\u0151lap","item":"https:\/\/dev.kompaktdesign.hu\/hodszolar.hu\/"},{"@type":"ListItem","position":2,"name":"Hamarosan az USA elektromoss\u00e1g\u00e1nak majdnem fel\u00e9t a napenergia adhatja"}]},{"@type":"WebSite","@id":"https:\/\/dev.kompaktdesign.hu\/hodszolar.hu\/#website","url":"https:\/\/dev.kompaktdesign.hu\/hodszolar.hu\/","name":"H\u00f3dszol\u00e1r","description":"A v\u00e1s\u00e1rhelyi napelemes","publisher":{"@id":"https:\/\/dev.kompaktdesign.hu\/hodszolar.hu\/#organization"},"potentialAction":[{"@type":"SearchAction","target":{"@type":"EntryPoint","urlTemplate":"https:\/\/dev.kompaktdesign.hu\/hodszolar.hu\/?s={search_term_string}"},"query-input":"required name=search_term_string"}],"inLanguage":"hu"},{"@type":"Organization","@id":"https:\/\/dev.kompaktdesign.hu\/hodszolar.hu\/#organization","name":"H\u00f3dszol\u00e1r Kft.","url":"https:\/\/dev.kompaktdesign.hu\/hodszolar.hu\/","sameAs":["https:\/\/www.facebook.com\/hodszolar"],"logo":{"@type":"ImageObject","inLanguage":"hu","@id":"https:\/\/dev.kompaktdesign.hu\/hodszolar.hu\/#\/schema\/logo\/image\/","url":"https:\/\/dev.kompaktdesign.hu\/hodszolar.hu\/wp-content\/uploads\/2021\/05\/fvicon.png","contentUrl":"https:\/\/dev.kompaktdesign.hu\/hodszolar.hu\/wp-content\/uploads\/2021\/05\/fvicon.png","width":132,"height":132,"caption":"H\u00f3dszol\u00e1r Kft."},"image":{"@id":"https:\/\/dev.kompaktdesign.hu\/hodszolar.hu\/#\/schema\/logo\/image\/"}},{"@type":"Person","@id":"https:\/\/dev.kompaktdesign.hu\/hodszolar.hu\/#\/schema\/person\/a788af940a3d6b2829396312340dd08c","name":"H\u00f3dszol\u00e1r Kft.","image":{"@type":"ImageObject","inLanguage":"hu","@id":"https:\/\/dev.kompaktdesign.hu\/hodszolar.hu\/#\/schema\/person\/image\/","url":"https:\/\/secure.gravatar.com\/avatar\/38df000db6f2e93b7f0ccccf7714392424ca033738d34dfe71f19fdb70329830?s=96&d=mm&r=g","contentUrl":"https:\/\/secure.gravatar.com\/avatar\/38df000db6f2e93b7f0ccccf7714392424ca033738d34dfe71f19fdb70329830?s=96&d=mm&r=g","caption":"H\u00f3dszol\u00e1r Kft."},"url":"https:\/\/dev.kompaktdesign.hu\/hodszolar.hu\/author\/hodszolar\/"}]}},"_links":{"self":[{"href":"https:\/\/dev.kompaktdesign.hu\/hodszolar.hu\/wp-json\/wp\/v2\/posts\/621","targetHints":{"allow":["GET"]}}],"collection":[{"href":"https:\/\/dev.kompaktdesign.hu\/hodszolar.hu\/wp-json\/wp\/v2\/posts"}],"about":[{"href":"https:\/\/dev.kompaktdesign.hu\/hodszolar.hu\/wp-json\/wp\/v2\/types\/post"}],"author":[{"embeddable":true,"href":"https:\/\/dev.kompaktdesign.hu\/hodszolar.hu\/wp-json\/wp\/v2\/users\/3"}],"replies":[{"embeddable":true,"href":"https:\/\/dev.kompaktdesign.hu\/hodszolar.hu\/wp-json\/wp\/v2\/comments?post=621"}],"version-history":[{"count":3,"href":"https:\/\/dev.kompaktdesign.hu\/hodszolar.hu\/wp-json\/wp\/v2\/posts\/621\/revisions"}],"predecessor-version":[{"id":627,"href":"https:\/\/dev.kompaktdesign.hu\/hodszolar.hu\/wp-json\/wp\/v2\/posts\/621\/revisions\/627"}],"wp:featuredmedia":[{"embeddable":true,"href":"https:\/\/dev.kompaktdesign.hu\/hodszolar.hu\/wp-json\/wp\/v2\/media\/625"}],"wp:attachment":[{"href":"https:\/\/dev.kompaktdesign.hu\/hodszolar.hu\/wp-json\/wp\/v2\/media?parent=621"}],"wp:term":[{"taxonomy":"category","embeddable":true,"href":"https:\/\/dev.kompaktdesign.hu\/hodszolar.hu\/wp-json\/wp\/v2\/categories?post=621"},{"taxonomy":"post_tag","embeddable":true,"href":"https:\/\/dev.kompaktdesign.hu\/hodszolar.hu\/wp-json\/wp\/v2\/tags?post=621"}],"curies":[{"name":"wp","href":"https:\/\/api.w.org\/{rel}","templated":true}]}}