{"id":628,"date":"2021-09-24T11:38:59","date_gmt":"2021-09-24T11:38:59","guid":{"rendered":"https:\/\/hodszolar.hu\/?p=628"},"modified":"2021-09-24T11:43:32","modified_gmt":"2021-09-24T11:43:32","slug":"hogyan-hodithatja-meg-budapest-a-napelemeket","status":"publish","type":"post","link":"https:\/\/dev.kompaktdesign.hu\/hodszolar.hu\/2021\/09\/24\/hogyan-hodithatja-meg-budapest-a-napelemeket\/","title":{"rendered":"Hogyan h\u00f3d\u00edthatja meg Budapest a napelemeket?"},"content":{"rendered":"\n<p><strong>Budapest \u00e1ramfogyaszt\u00e1s\u00e1nak 1 sz\u00e1zal\u00e9ka&nbsp;sem j\u00f6n napelemekb\u0151l jelenleg, pedig a c\u00e9lok mer\u00e9szek. Hogyan \u00e9rhetj\u00fck el?&nbsp;<\/strong><\/p>\n\n\n\n<h4 class=\"wp-block-heading\">A lak\u00e1sfel\u00faj\u00edt\u00e1st tervez\u0151 budapestiek k\u00e9tharmada napelemet szeretne telep\u00edteni a h\u00e1ztet\u0151re a <strong>F\u0151v\u00e1rosi \u00d6nkorm\u00e1nyzat<\/strong> k\u00f6zv\u00e9lem\u00e9nykutat\u00e1si adatai szerint. Ugyanakkor egyel\u0151re az \u00f6sszes \u00e1ramfogyaszt\u00e1snak csak t\u00f6red\u00e9k\u00e9t, kevesebb mint egy sz\u00e1zal\u00e9k\u00e1t adj\u00e1k napelemek Budapesten. A F\u0151v\u00e1ros most nagyszab\u00e1s\u00fa programot ind\u00edtott az\u00e9rt, hogy jobban \u00e9rtse \u00e9s lebontsa a napelemek terjed\u00e9s\u00e9t g\u00e1tl\u00f3 akad\u00e1lyokat a f\u0151v\u00e1rosban. A&nbsp;<strong>Kl\u00edma- \u00e9s K\u00f6rnyezet\u00fcgyi F\u0151oszt\u00e1ly <\/strong>\u00f6ssze\u00e1ll\u00edt\u00e1s\u00e1t az <a href=\"https:\/\/enbudapestem.hu\/2021\/07\/hogyan-lesz-budapest-2030-ban-nappal-hajtva\/\" target=\"_blank\" rel=\"noreferrer noopener\">\u00c9nbudapestem.hu<\/a> nyom\u00e1n k\u00f6z\u00f6lj\u00fck.<\/h4>\n\n\n\n<figure class=\"wp-block-image size-full\"><img loading=\"lazy\" decoding=\"async\" width=\"2000\" height=\"1333\" src=\"https:\/\/dev.kompaktdesign.hu\/hodszolar.hu\/wp-content\/uploads\/2021\/09\/szellkapu_soosdaniel.jpeg\" alt=\"\" class=\"wp-image-629\"\/><\/figure>\n\n\n\n<p>A program egy konferenci\u00e1val indult, ahol egy asztalhoz \u00fcltek&nbsp;a ker\u00fcleti \u00f6nkorm\u00e1nyzatok, szolg\u00e1ltat\u00f3k, a napelem-szektor, illetve t\u00e1rsadalmi szervezetek k\u00e9pvisel\u0151i, valamint a F\u0151v\u00e1ros munkat\u00e1rsai.<\/p>\n\n\n\n<p>A f\u0151v\u00e1rosi napelemtelep\u00edt\u00e9seket egyel\u0151re sok t\u00e9nyez\u0151 nehez\u00edti, p\u00e9ld\u00e1ul bizonyos indokolatlanul el\u0151\u00edrt k\u00f6lts\u00e9gek, amik megdr\u00e1g\u00edtj\u00e1k a beruh\u00e1z\u00e1st. Ezek k\u00f6z\u00f6tt hungarikum p\u00e9ld\u00e1ul az \u00fan. t\u0171zeseti lev\u00e1laszt\u00f3 kapcsol\u00f3 kialak\u00edt\u00e1sa, amely az elgondol\u00e1s szerint t\u0171z eset\u00e9n a t\u0171zolt\u00f3kat v\u00e9di. Ugyanakkor a gyakorlatban ilyen esetben a t\u0171zolt\u00f3k legink\u00e1bb balt\u00e1val v\u00e1gj\u00e1k el a k\u00e1belt, nem kapcsolgatnak \u2013 m\u00e1s orsz\u00e1gokban nincs is ilyen el\u0151\u00edr\u00e1s. Ez, \u00e9s az egy\u00e9b, pl. a m\u00e9r\u00e9s kialak\u00edt\u00e1s\u00e1val kapcsolatosan el\u0151\u00edrt, indokolatlan m\u0171szaki megold\u00e1sok egy\u00fctt m\u00e1r ak\u00e1r t\u00f6bb sz\u00e1zezer forinttal is n\u00f6velik a beruh\u00e1z\u00e1s k\u00f6lts\u00e9geit.<\/p>\n\n\n\n<p>Pedig a napelemek \u00e1ra rohamosan cs\u00f6kken, ahogy a konferenci\u00e1n bemutatott k\u00e9t csal\u00e1d esettanulm\u00e1nya is mutatta. Az egyik csal\u00e1d 2012-ben m\u00e9g kilowattonk\u00e9nt 750 ezer forintot csengetett ki a napelem\u00e9rt, a m\u00e1sik csal\u00e1d 2020-ban m\u00e1r 450 ezer forint\u00e9rt megkapta ugyanazt a teljes\u00edtm\u00e9nyt. Ut\u00f3bbi csal\u00e1d az egyik \u00e1ramszolg\u00e1ltat\u00f3 programj\u00e1ban vett r\u00e9szt, szak\u00e9rt\u0151k szerint egy\u00e9ni szervez\u00e9sben 1 kW napelemet 350-400 ezer forintb\u00f3l is be lehet szerezni.<\/p>\n\n\n\n<p>Sz\u00e1mos ker\u00fcleti \u00f6nkorm\u00e1nyzat bevezetett a napelemekkel kapcsolatos el\u0151\u00edr\u00e1sokat a helyi \u00e9p\u00edt\u00e9si szab\u00e1lyzat\u00e1ba, amelyek esetenk\u00e9nt korl\u00e1toz\u00f3 hat\u00e1s\u00faak, p\u00e9ld\u00e1ul&nbsp;nem engednek napelemet tet\u0151re helyezni,&nbsp;ha az k\u00f6zter\u00fcletr\u0151l l\u00e1that\u00f3. Ugyanakkor a F\u0151v\u00e1rosi \u00d6nkorm\u00e1nyzat k\u00f6zv\u00e9lem\u00e9nykutat\u00e1sa szerint a budapestiek 98 sz\u00e1zal\u00e9k\u00e1t egy\u00e1ltal\u00e1n, semmilyen v\u00e1rosr\u00e9szben nem zavarja a tet\u0151k\u00f6n elhelyezett napelemek l\u00e1tv\u00e1nya. Ez\u00e9rt a v\u00e1rosvezet\u00e9s egyeztet\u00e9st kezdem\u00e9nyez&nbsp;a ker\u00fcleti \u00f6nkorm\u00e1nyzatokkal a szab\u00e1lyoz\u00e1sok \u00f6sszehangol\u00e1sa \u00e9rdek\u00e9ben, hogy val\u00f3ban csak a legindokoltabb korl\u00e1toz\u00e1sok maradjanak meg.<\/p>\n\n\n\n<p>\u00c9s itt nem els\u0151sorban a m\u0171eml\u00e9ki v\u00e9detts\u00e9gr\u0151l van sz\u00f3:&nbsp;a m\u0171eml\u00e9kv\u00e9delem egy speci\u00e1lis ter\u00fclet, \u00e9rtelemszer\u0171en a Parlament, az Iparm\u0171v\u00e9szeti M\u00fazeum vagy a budav\u00e1ri \u00e9p\u00fcletek eset\u00e9ben m\u00e1s szempontok is szerepet j\u00e1tszanak. M\u00e1sfel\u0151l \u2013&nbsp;mint az \u00f6ssze\u00e1ll\u00edt\u00e1s megjegyzi \u2013\u00e9rdemes egy pillant\u00e1st vetni a vatik\u00e1ni napelem-mez\u0151re. Ha ott lehets\u00e9ges, tal\u00e1n n\u00e1lunk is lehetne lejjebb az ingerk\u00fcsz\u00f6b.<\/p>\n\n\n\n<p>Budapest nemr\u00e9g&nbsp;2030-ig sz\u00f3l\u00f3 kl\u00edmastrat\u00e9gi\u00e1t fogadott el, amelynek c\u00e9lkit\u0171z\u00e9se \u00f6sszesen 40 sz\u00e1zal\u00e9kkal cs\u00f6kkenteni a f\u0151v\u00e1ros sz\u00e9n-dioxid-kibocs\u00e1t\u00e1s\u00e1t. Ennek egyik alappill\u00e9re a napelem-program: \u00f6sszesen 1500 MW teljes\u00edtm\u00e9ny\u0171, vagyis k\u00f6r\u00fclbel\u00fcl t\u00edzmilli\u00f3 n\u00e9gyzetm\u00e9ter napelem telep\u00edt\u00e9s\u00e9vel Budapest \u00f6sszes CO<sub>2<\/sub>-kibocs\u00e1t\u00e1sa nyolc sz\u00e1zal\u00e9kkal cs\u00f6kkenne. Ezzel az ambici\u00f3zus tervvel k\u00f6zel \u00f6tsz\u00e1zezer tonna sz\u00e9n-dioxid kibocs\u00e1t\u00e1s\u00e1t takar\u00edtan\u00e1nk meg, vagyis annyit, amennyi az \u00f6sszes budapesti lakos egy \u00e9vi \u00e1ramfelhaszn\u00e1l\u00e1s\u00e1b\u00f3l a l\u00e9gk\u00f6rbe ker\u00fcl.<\/p>\n\n\n\n<figure class=\"wp-block-embed is-type-video is-provider-youtube wp-block-embed-youtube wp-embed-aspect-16-9 wp-has-aspect-ratio\"><div class=\"wp-block-embed__wrapper\">\n<iframe loading=\"lazy\" title=\"Napelemparkokkal cs\u00f6kkenti villanysz\u00e1ml\u00e1it a F\u0151v\u00e1rosi V\u00edzm\u0171vek\" width=\"500\" height=\"281\" src=\"https:\/\/www.youtube.com\/embed\/jLEQH5V32hU?start=7&feature=oembed\" frameborder=\"0\" allow=\"accelerometer; autoplay; clipboard-write; encrypted-media; gyroscope; picture-in-picture; web-share\" referrerpolicy=\"strict-origin-when-cross-origin\" allowfullscreen><\/iframe>\n<\/div><\/figure>\n\n\n\n<p>A v\u00e1rosvezet\u00e9s saj\u00e1t maga is igyekszik j\u00f3 p\u00e9ld\u00e1val el\u00f6l j\u00e1rni, \u00e9s saj\u00e1t int\u00e9zm\u00e9nyeiben is napelemeket telep\u00edteni. M\u00e1r megval\u00f3sult f\u0151v\u00e1rosi fejleszt\u00e9sek p\u00e9ld\u00e1ul a <strong>V\u00edgsz\u00ednh\u00e1z<\/strong> vagy a <strong>BKV-sz\u00e9kh\u00e1z<\/strong> tetej\u00e9n elhelyezett napelemek, a <strong>F\u0151v\u00e1rosi V\u00edzm\u0171vek<\/strong> \u00e1ltal l\u00e9tes\u00edtett napelemmez\u0151, a kelenf\u00f6ldi buszgar\u00e1zs napelemes parkol\u00f3ja, de a F\u0151v\u00e1rosi Csatorn\u00e1z\u00e1si M\u0171vek k\u00f6zponti szennyv\u00edztiszt\u00edt\u00f3ja, az FKF \u00e9s a F\u0151kert is b\u00fcszk\u00e9lkedik napelemekkel.<\/p>\n\n\n\n<figure class=\"wp-block-image size-full\"><img loading=\"lazy\" decoding=\"async\" width=\"2000\" height=\"1500\" src=\"https:\/\/dev.kompaktdesign.hu\/hodszolar.hu\/wp-content\/uploads\/2021\/09\/121110304_3983179978375376_7025650304881152679_n.jpg\" alt=\"\" class=\"wp-image-631\"\/><\/figure>\n","protected":false},"excerpt":{"rendered":"<p>Budapest \u00e1ramfogyaszt\u00e1s\u00e1nak 1 sz\u00e1zal\u00e9ka&nbsp;sem j\u00f6n napelemekb\u0151l jelenleg, pedig a c\u00e9lok mer\u00e9szek. Hogyan \u00e9rhetj\u00fck el?&nbsp; A lak\u00e1sfel\u00faj\u00edt\u00e1st tervez\u0151 budapestiek k\u00e9tharmada napelemet szeretne telep\u00edteni a h\u00e1ztet\u0151re a F\u0151v\u00e1rosi \u00d6nkorm\u00e1nyzat k\u00f6zv\u00e9lem\u00e9nykutat\u00e1si adatai szerint. Ugyanakkor egyel\u0151re az \u00f6sszes \u00e1ramfogyaszt\u00e1snak csak t\u00f6red\u00e9k\u00e9t, kevesebb mint egy sz\u00e1zal\u00e9k\u00e1t adj\u00e1k napelemek Budapesten. A F\u0151v\u00e1ros most nagyszab\u00e1s\u00fa programot ind\u00edtott az\u00e9rt, hogy jobban \u00e9rtse \u00e9s [&hellip;]<\/p>\n","protected":false},"author":3,"featured_media":629,"comment_status":"open","ping_status":"open","sticky":false,"template":"","format":"standard","meta":{"footnotes":""},"categories":[1],"tags":[],"class_list":["post-628","post","type-post","status-publish","format-standard","has-post-thumbnail","hentry","category-egyeb"],"yoast_head":"<!-- This site is optimized with the Yoast SEO plugin v19.5.1 - https:\/\/yoast.com\/wordpress\/plugins\/seo\/ -->\n<title>Hogyan h\u00f3d\u00edthatja meg Budapest a napelemeket? | H\u00f3dszol\u00e1r<\/title>\n<meta name=\"robots\" content=\"noindex, follow, max-snippet:-1, max-image-preview:large, max-video-preview:-1\" \/>\n<meta property=\"og:locale\" content=\"hu_HU\" \/>\n<meta property=\"og:type\" content=\"article\" \/>\n<meta property=\"og:title\" content=\"Hogyan h\u00f3d\u00edthatja meg Budapest a napelemeket? | H\u00f3dszol\u00e1r\" \/>\n<meta property=\"og:description\" content=\"Budapest \u00e1ramfogyaszt\u00e1s\u00e1nak 1 sz\u00e1zal\u00e9ka&nbsp;sem j\u00f6n napelemekb\u0151l jelenleg, pedig a c\u00e9lok mer\u00e9szek. Hogyan \u00e9rhetj\u00fck el?&nbsp; A lak\u00e1sfel\u00faj\u00edt\u00e1st tervez\u0151 budapestiek k\u00e9tharmada napelemet szeretne telep\u00edteni a h\u00e1ztet\u0151re a F\u0151v\u00e1rosi \u00d6nkorm\u00e1nyzat k\u00f6zv\u00e9lem\u00e9nykutat\u00e1si adatai szerint. Ugyanakkor egyel\u0151re az \u00f6sszes \u00e1ramfogyaszt\u00e1snak csak t\u00f6red\u00e9k\u00e9t, kevesebb mint egy sz\u00e1zal\u00e9k\u00e1t adj\u00e1k napelemek Budapesten. A F\u0151v\u00e1ros most nagyszab\u00e1s\u00fa programot ind\u00edtott az\u00e9rt, hogy jobban \u00e9rtse \u00e9s [&hellip;]\" \/>\n<meta property=\"og:url\" content=\"https:\/\/dev.kompaktdesign.hu\/hodszolar.hu\/2021\/09\/24\/hogyan-hodithatja-meg-budapest-a-napelemeket\/\" \/>\n<meta property=\"og:site_name\" content=\"H\u00f3dszol\u00e1r\" \/>\n<meta property=\"article:publisher\" content=\"https:\/\/www.facebook.com\/hodszolar\" \/>\n<meta property=\"article:published_time\" content=\"2021-09-24T11:38:59+00:00\" \/>\n<meta property=\"article:modified_time\" content=\"2021-09-24T11:43:32+00:00\" \/>\n<meta property=\"og:image\" content=\"https:\/\/dev.kompaktdesign.hu\/hodszolar.hu\/wp-content\/uploads\/2021\/09\/szellkapu_soosdaniel.jpeg\" \/>\n\t<meta property=\"og:image:width\" content=\"2000\" \/>\n\t<meta property=\"og:image:height\" content=\"1333\" \/>\n\t<meta property=\"og:image:type\" content=\"image\/jpeg\" \/>\n<meta name=\"author\" content=\"H\u00f3dszol\u00e1r Kft.\" \/>\n<meta name=\"twitter:card\" content=\"summary_large_image\" \/>\n<meta name=\"twitter:label1\" content=\"Szerz\u0151:\" \/>\n\t<meta name=\"twitter:data1\" content=\"H\u00f3dszol\u00e1r Kft.\" \/>\n\t<meta name=\"twitter:label2\" content=\"Becs\u00fclt olvas\u00e1si id\u0151\" \/>\n\t<meta name=\"twitter:data2\" content=\"3 perc\" \/>\n<script type=\"application\/ld+json\" class=\"yoast-schema-graph\">{\"@context\":\"https:\/\/schema.org\",\"@graph\":[{\"@type\":\"Article\",\"@id\":\"https:\/\/dev.kompaktdesign.hu\/hodszolar.hu\/2021\/09\/24\/hogyan-hodithatja-meg-budapest-a-napelemeket\/#article\",\"isPartOf\":{\"@id\":\"https:\/\/dev.kompaktdesign.hu\/hodszolar.hu\/2021\/09\/24\/hogyan-hodithatja-meg-budapest-a-napelemeket\/\"},\"author\":{\"name\":\"H\u00f3dszol\u00e1r Kft.\",\"@id\":\"https:\/\/dev.kompaktdesign.hu\/hodszolar.hu\/#\/schema\/person\/a788af940a3d6b2829396312340dd08c\"},\"headline\":\"Hogyan h\u00f3d\u00edthatja meg Budapest a napelemeket?\",\"datePublished\":\"2021-09-24T11:38:59+00:00\",\"dateModified\":\"2021-09-24T11:43:32+00:00\",\"mainEntityOfPage\":{\"@id\":\"https:\/\/dev.kompaktdesign.hu\/hodszolar.hu\/2021\/09\/24\/hogyan-hodithatja-meg-budapest-a-napelemeket\/\"},\"wordCount\":832,\"commentCount\":0,\"publisher\":{\"@id\":\"https:\/\/dev.kompaktdesign.hu\/hodszolar.hu\/#organization\"},\"articleSection\":[\"Egy\u00e9b kateg\u00f3ria\"],\"inLanguage\":\"hu\",\"potentialAction\":[{\"@type\":\"CommentAction\",\"name\":\"Comment\",\"target\":[\"https:\/\/dev.kompaktdesign.hu\/hodszolar.hu\/2021\/09\/24\/hogyan-hodithatja-meg-budapest-a-napelemeket\/#respond\"]}]},{\"@type\":\"WebPage\",\"@id\":\"https:\/\/dev.kompaktdesign.hu\/hodszolar.hu\/2021\/09\/24\/hogyan-hodithatja-meg-budapest-a-napelemeket\/\",\"url\":\"https:\/\/dev.kompaktdesign.hu\/hodszolar.hu\/2021\/09\/24\/hogyan-hodithatja-meg-budapest-a-napelemeket\/\",\"name\":\"Hogyan h\u00f3d\u00edthatja meg Budapest a napelemeket? | H\u00f3dszol\u00e1r\",\"isPartOf\":{\"@id\":\"https:\/\/dev.kompaktdesign.hu\/hodszolar.hu\/#website\"},\"datePublished\":\"2021-09-24T11:38:59+00:00\",\"dateModified\":\"2021-09-24T11:43:32+00:00\",\"breadcrumb\":{\"@id\":\"https:\/\/dev.kompaktdesign.hu\/hodszolar.hu\/2021\/09\/24\/hogyan-hodithatja-meg-budapest-a-napelemeket\/#breadcrumb\"},\"inLanguage\":\"hu\",\"potentialAction\":[{\"@type\":\"ReadAction\",\"target\":[\"https:\/\/dev.kompaktdesign.hu\/hodszolar.hu\/2021\/09\/24\/hogyan-hodithatja-meg-budapest-a-napelemeket\/\"]}]},{\"@type\":\"BreadcrumbList\",\"@id\":\"https:\/\/dev.kompaktdesign.hu\/hodszolar.hu\/2021\/09\/24\/hogyan-hodithatja-meg-budapest-a-napelemeket\/#breadcrumb\",\"itemListElement\":[{\"@type\":\"ListItem\",\"position\":1,\"name\":\"Kezd\u0151lap\",\"item\":\"https:\/\/dev.kompaktdesign.hu\/hodszolar.hu\/\"},{\"@type\":\"ListItem\",\"position\":2,\"name\":\"Hogyan h\u00f3d\u00edthatja meg Budapest a napelemeket?\"}]},{\"@type\":\"WebSite\",\"@id\":\"https:\/\/dev.kompaktdesign.hu\/hodszolar.hu\/#website\",\"url\":\"https:\/\/dev.kompaktdesign.hu\/hodszolar.hu\/\",\"name\":\"H\u00f3dszol\u00e1r\",\"description\":\"A v\u00e1s\u00e1rhelyi napelemes\",\"publisher\":{\"@id\":\"https:\/\/dev.kompaktdesign.hu\/hodszolar.hu\/#organization\"},\"potentialAction\":[{\"@type\":\"SearchAction\",\"target\":{\"@type\":\"EntryPoint\",\"urlTemplate\":\"https:\/\/dev.kompaktdesign.hu\/hodszolar.hu\/?s={search_term_string}\"},\"query-input\":\"required name=search_term_string\"}],\"inLanguage\":\"hu\"},{\"@type\":\"Organization\",\"@id\":\"https:\/\/dev.kompaktdesign.hu\/hodszolar.hu\/#organization\",\"name\":\"H\u00f3dszol\u00e1r Kft.\",\"url\":\"https:\/\/dev.kompaktdesign.hu\/hodszolar.hu\/\",\"sameAs\":[\"https:\/\/www.facebook.com\/hodszolar\"],\"logo\":{\"@type\":\"ImageObject\",\"inLanguage\":\"hu\",\"@id\":\"https:\/\/dev.kompaktdesign.hu\/hodszolar.hu\/#\/schema\/logo\/image\/\",\"url\":\"https:\/\/dev.kompaktdesign.hu\/hodszolar.hu\/wp-content\/uploads\/2021\/05\/fvicon.png\",\"contentUrl\":\"https:\/\/dev.kompaktdesign.hu\/hodszolar.hu\/wp-content\/uploads\/2021\/05\/fvicon.png\",\"width\":132,\"height\":132,\"caption\":\"H\u00f3dszol\u00e1r Kft.\"},\"image\":{\"@id\":\"https:\/\/dev.kompaktdesign.hu\/hodszolar.hu\/#\/schema\/logo\/image\/\"}},{\"@type\":\"Person\",\"@id\":\"https:\/\/dev.kompaktdesign.hu\/hodszolar.hu\/#\/schema\/person\/a788af940a3d6b2829396312340dd08c\",\"name\":\"H\u00f3dszol\u00e1r Kft.\",\"image\":{\"@type\":\"ImageObject\",\"inLanguage\":\"hu\",\"@id\":\"https:\/\/dev.kompaktdesign.hu\/hodszolar.hu\/#\/schema\/person\/image\/\",\"url\":\"https:\/\/secure.gravatar.com\/avatar\/38df000db6f2e93b7f0ccccf7714392424ca033738d34dfe71f19fdb70329830?s=96&d=mm&r=g\",\"contentUrl\":\"https:\/\/secure.gravatar.com\/avatar\/38df000db6f2e93b7f0ccccf7714392424ca033738d34dfe71f19fdb70329830?s=96&d=mm&r=g\",\"caption\":\"H\u00f3dszol\u00e1r Kft.\"},\"url\":\"https:\/\/dev.kompaktdesign.hu\/hodszolar.hu\/author\/hodszolar\/\"}]}<\/script>\n<!-- \/ Yoast SEO plugin. -->","yoast_head_json":{"title":"Hogyan h\u00f3d\u00edthatja meg Budapest a napelemeket? | H\u00f3dszol\u00e1r","robots":{"index":"noindex","follow":"follow","max-snippet":"max-snippet:-1","max-image-preview":"max-image-preview:large","max-video-preview":"max-video-preview:-1"},"og_locale":"hu_HU","og_type":"article","og_title":"Hogyan h\u00f3d\u00edthatja meg Budapest a napelemeket? | H\u00f3dszol\u00e1r","og_description":"Budapest \u00e1ramfogyaszt\u00e1s\u00e1nak 1 sz\u00e1zal\u00e9ka&nbsp;sem j\u00f6n napelemekb\u0151l jelenleg, pedig a c\u00e9lok mer\u00e9szek. Hogyan \u00e9rhetj\u00fck el?&nbsp; A lak\u00e1sfel\u00faj\u00edt\u00e1st tervez\u0151 budapestiek k\u00e9tharmada napelemet szeretne telep\u00edteni a h\u00e1ztet\u0151re a F\u0151v\u00e1rosi \u00d6nkorm\u00e1nyzat k\u00f6zv\u00e9lem\u00e9nykutat\u00e1si adatai szerint. Ugyanakkor egyel\u0151re az \u00f6sszes \u00e1ramfogyaszt\u00e1snak csak t\u00f6red\u00e9k\u00e9t, kevesebb mint egy sz\u00e1zal\u00e9k\u00e1t adj\u00e1k napelemek Budapesten. A F\u0151v\u00e1ros most nagyszab\u00e1s\u00fa programot ind\u00edtott az\u00e9rt, hogy jobban \u00e9rtse \u00e9s [&hellip;]","og_url":"https:\/\/dev.kompaktdesign.hu\/hodszolar.hu\/2021\/09\/24\/hogyan-hodithatja-meg-budapest-a-napelemeket\/","og_site_name":"H\u00f3dszol\u00e1r","article_publisher":"https:\/\/www.facebook.com\/hodszolar","article_published_time":"2021-09-24T11:38:59+00:00","article_modified_time":"2021-09-24T11:43:32+00:00","og_image":[{"width":2000,"height":1333,"url":"https:\/\/dev.kompaktdesign.hu\/hodszolar.hu\/wp-content\/uploads\/2021\/09\/szellkapu_soosdaniel.jpeg","type":"image\/jpeg"}],"author":"H\u00f3dszol\u00e1r Kft.","twitter_card":"summary_large_image","twitter_misc":{"Szerz\u0151:":"H\u00f3dszol\u00e1r Kft.","Becs\u00fclt olvas\u00e1si id\u0151":"3 perc"},"schema":{"@context":"https:\/\/schema.org","@graph":[{"@type":"Article","@id":"https:\/\/dev.kompaktdesign.hu\/hodszolar.hu\/2021\/09\/24\/hogyan-hodithatja-meg-budapest-a-napelemeket\/#article","isPartOf":{"@id":"https:\/\/dev.kompaktdesign.hu\/hodszolar.hu\/2021\/09\/24\/hogyan-hodithatja-meg-budapest-a-napelemeket\/"},"author":{"name":"H\u00f3dszol\u00e1r Kft.","@id":"https:\/\/dev.kompaktdesign.hu\/hodszolar.hu\/#\/schema\/person\/a788af940a3d6b2829396312340dd08c"},"headline":"Hogyan h\u00f3d\u00edthatja meg Budapest a napelemeket?","datePublished":"2021-09-24T11:38:59+00:00","dateModified":"2021-09-24T11:43:32+00:00","mainEntityOfPage":{"@id":"https:\/\/dev.kompaktdesign.hu\/hodszolar.hu\/2021\/09\/24\/hogyan-hodithatja-meg-budapest-a-napelemeket\/"},"wordCount":832,"commentCount":0,"publisher":{"@id":"https:\/\/dev.kompaktdesign.hu\/hodszolar.hu\/#organization"},"articleSection":["Egy\u00e9b kateg\u00f3ria"],"inLanguage":"hu","potentialAction":[{"@type":"CommentAction","name":"Comment","target":["https:\/\/dev.kompaktdesign.hu\/hodszolar.hu\/2021\/09\/24\/hogyan-hodithatja-meg-budapest-a-napelemeket\/#respond"]}]},{"@type":"WebPage","@id":"https:\/\/dev.kompaktdesign.hu\/hodszolar.hu\/2021\/09\/24\/hogyan-hodithatja-meg-budapest-a-napelemeket\/","url":"https:\/\/dev.kompaktdesign.hu\/hodszolar.hu\/2021\/09\/24\/hogyan-hodithatja-meg-budapest-a-napelemeket\/","name":"Hogyan h\u00f3d\u00edthatja meg Budapest a napelemeket? | H\u00f3dszol\u00e1r","isPartOf":{"@id":"https:\/\/dev.kompaktdesign.hu\/hodszolar.hu\/#website"},"datePublished":"2021-09-24T11:38:59+00:00","dateModified":"2021-09-24T11:43:32+00:00","breadcrumb":{"@id":"https:\/\/dev.kompaktdesign.hu\/hodszolar.hu\/2021\/09\/24\/hogyan-hodithatja-meg-budapest-a-napelemeket\/#breadcrumb"},"inLanguage":"hu","potentialAction":[{"@type":"ReadAction","target":["https:\/\/dev.kompaktdesign.hu\/hodszolar.hu\/2021\/09\/24\/hogyan-hodithatja-meg-budapest-a-napelemeket\/"]}]},{"@type":"BreadcrumbList","@id":"https:\/\/dev.kompaktdesign.hu\/hodszolar.hu\/2021\/09\/24\/hogyan-hodithatja-meg-budapest-a-napelemeket\/#breadcrumb","itemListElement":[{"@type":"ListItem","position":1,"name":"Kezd\u0151lap","item":"https:\/\/dev.kompaktdesign.hu\/hodszolar.hu\/"},{"@type":"ListItem","position":2,"name":"Hogyan h\u00f3d\u00edthatja meg Budapest a napelemeket?"}]},{"@type":"WebSite","@id":"https:\/\/dev.kompaktdesign.hu\/hodszolar.hu\/#website","url":"https:\/\/dev.kompaktdesign.hu\/hodszolar.hu\/","name":"H\u00f3dszol\u00e1r","description":"A v\u00e1s\u00e1rhelyi napelemes","publisher":{"@id":"https:\/\/dev.kompaktdesign.hu\/hodszolar.hu\/#organization"},"potentialAction":[{"@type":"SearchAction","target":{"@type":"EntryPoint","urlTemplate":"https:\/\/dev.kompaktdesign.hu\/hodszolar.hu\/?s={search_term_string}"},"query-input":"required name=search_term_string"}],"inLanguage":"hu"},{"@type":"Organization","@id":"https:\/\/dev.kompaktdesign.hu\/hodszolar.hu\/#organization","name":"H\u00f3dszol\u00e1r Kft.","url":"https:\/\/dev.kompaktdesign.hu\/hodszolar.hu\/","sameAs":["https:\/\/www.facebook.com\/hodszolar"],"logo":{"@type":"ImageObject","inLanguage":"hu","@id":"https:\/\/dev.kompaktdesign.hu\/hodszolar.hu\/#\/schema\/logo\/image\/","url":"https:\/\/dev.kompaktdesign.hu\/hodszolar.hu\/wp-content\/uploads\/2021\/05\/fvicon.png","contentUrl":"https:\/\/dev.kompaktdesign.hu\/hodszolar.hu\/wp-content\/uploads\/2021\/05\/fvicon.png","width":132,"height":132,"caption":"H\u00f3dszol\u00e1r Kft."},"image":{"@id":"https:\/\/dev.kompaktdesign.hu\/hodszolar.hu\/#\/schema\/logo\/image\/"}},{"@type":"Person","@id":"https:\/\/dev.kompaktdesign.hu\/hodszolar.hu\/#\/schema\/person\/a788af940a3d6b2829396312340dd08c","name":"H\u00f3dszol\u00e1r Kft.","image":{"@type":"ImageObject","inLanguage":"hu","@id":"https:\/\/dev.kompaktdesign.hu\/hodszolar.hu\/#\/schema\/person\/image\/","url":"https:\/\/secure.gravatar.com\/avatar\/38df000db6f2e93b7f0ccccf7714392424ca033738d34dfe71f19fdb70329830?s=96&d=mm&r=g","contentUrl":"https:\/\/secure.gravatar.com\/avatar\/38df000db6f2e93b7f0ccccf7714392424ca033738d34dfe71f19fdb70329830?s=96&d=mm&r=g","caption":"H\u00f3dszol\u00e1r Kft."},"url":"https:\/\/dev.kompaktdesign.hu\/hodszolar.hu\/author\/hodszolar\/"}]}},"_links":{"self":[{"href":"https:\/\/dev.kompaktdesign.hu\/hodszolar.hu\/wp-json\/wp\/v2\/posts\/628","targetHints":{"allow":["GET"]}}],"collection":[{"href":"https:\/\/dev.kompaktdesign.hu\/hodszolar.hu\/wp-json\/wp\/v2\/posts"}],"about":[{"href":"https:\/\/dev.kompaktdesign.hu\/hodszolar.hu\/wp-json\/wp\/v2\/types\/post"}],"author":[{"embeddable":true,"href":"https:\/\/dev.kompaktdesign.hu\/hodszolar.hu\/wp-json\/wp\/v2\/users\/3"}],"replies":[{"embeddable":true,"href":"https:\/\/dev.kompaktdesign.hu\/hodszolar.hu\/wp-json\/wp\/v2\/comments?post=628"}],"version-history":[{"count":2,"href":"https:\/\/dev.kompaktdesign.hu\/hodszolar.hu\/wp-json\/wp\/v2\/posts\/628\/revisions"}],"predecessor-version":[{"id":632,"href":"https:\/\/dev.kompaktdesign.hu\/hodszolar.hu\/wp-json\/wp\/v2\/posts\/628\/revisions\/632"}],"wp:featuredmedia":[{"embeddable":true,"href":"https:\/\/dev.kompaktdesign.hu\/hodszolar.hu\/wp-json\/wp\/v2\/media\/629"}],"wp:attachment":[{"href":"https:\/\/dev.kompaktdesign.hu\/hodszolar.hu\/wp-json\/wp\/v2\/media?parent=628"}],"wp:term":[{"taxonomy":"category","embeddable":true,"href":"https:\/\/dev.kompaktdesign.hu\/hodszolar.hu\/wp-json\/wp\/v2\/categories?post=628"},{"taxonomy":"post_tag","embeddable":true,"href":"https:\/\/dev.kompaktdesign.hu\/hodszolar.hu\/wp-json\/wp\/v2\/tags?post=628"}],"curies":[{"name":"wp","href":"https:\/\/api.w.org\/{rel}","templated":true}]}}