{"id":633,"date":"2021-09-27T12:28:39","date_gmt":"2021-09-27T12:28:39","guid":{"rendered":"https:\/\/hodszolar.hu\/?p=633"},"modified":"2021-09-27T12:40:15","modified_gmt":"2021-09-27T12:40:15","slug":"vilagszerte-egyedulallo-gyarral-lepett-elore-a-magyar-napelemes-tetocserep","status":"publish","type":"post","link":"https:\/\/dev.kompaktdesign.hu\/hodszolar.hu\/2021\/09\/27\/vilagszerte-egyedulallo-gyarral-lepett-elore-a-magyar-napelemes-tetocserep\/","title":{"rendered":"Vil\u00e1gszerte egyed\u00fcl\u00e1ll\u00f3 gy\u00e1rral l\u00e9pett el\u0151re a magyar napelemes tet\u0151cser\u00e9p"},"content":{"rendered":"\n<p><strong>A Terr\u00e1n Generon tet\u0151cserepet eddig a t\u00e1rsas\u00e1g b\u00f3lyi gy\u00e1r\u00e1ban \u00e1ll\u00edtott\u00e1k&nbsp;el\u0151,&nbsp;azonban sz\u00fcks\u00e9ges volt a&nbsp;gy\u00e1rt\u00e1si kapacit\u00e1s b\u0151v\u00edt\u00e9se.<\/strong><\/p>\n\n\n\n<p>Kedden reggel P\u00e9csett megkezdte m\u0171k\u00f6d\u00e9s\u00e9t a&nbsp;<strong>Terr\u00e1n&nbsp;Tet\u0151cser\u00e9p Gy\u00e1rt\u00f3 Kft.<\/strong>&nbsp;leg\u00fajabb gy\u00e1ra. A vil\u00e1gviszonylatban is egyed\u00fcl\u00e1ll\u00f3 Generon napelemes tet\u0151cser\u00e9p gy\u00e1rat&nbsp;Varga Mih\u00e1ly&nbsp;p\u00e9nz\u00fcgyminiszter nyitotta meg. A rendezv\u00e9nyen felsz\u00f3lalt&nbsp;G\u00f3di Attila,&nbsp;a&nbsp;Terr\u00e1n&nbsp;Tet\u0151cser\u00e9p Gy\u00e1rt\u00f3 Kft. \u00fcgyvezet\u0151 igazgat\u00f3ja \u00e9s&nbsp;Jank\u00f3 \u00c1rp\u00e1d,&nbsp;a&nbsp;Terr\u00e1n&nbsp;Generon div\u00edzi\u00f3 vezet\u0151je is.<\/p>\n\n\n\n<figure class=\"wp-block-image size-full is-resized\"><img loading=\"lazy\" decoding=\"async\" src=\"https:\/\/dev.kompaktdesign.hu\/hodszolar.hu\/wp-content\/uploads\/2021\/09\/tn4-web210921_nm-0348.jpg\" alt=\"\" class=\"wp-image-634\" width=\"838\" height=\"559\"\/><\/figure>\n\n\n\n<h2 class=\"wp-block-heading\">A nagym\u00e9ret\u0171 napelemt\u00e1bl\u00e1k helyett eszt\u00e9tikus \u00e9s hat\u00e9kony megold\u00e1s<\/h2>\n\n\n\n<p>A napelemes tet\u0151cserepet\u00a02019 \u00e1prilis\u00e1ban nagy sikerrel dobta piacra\u00a0a t\u00f6bb mint 100 \u00e9ves m\u00faltra visszatekint\u0151 magyar v\u00e1llalat. A sz\u00e1mos nemzetk\u00f6zi d\u00edjat is elnyert innov\u00e1ci\u00f3 sz\u00e1m\u00e1ra\u00a0tavaly egy \u00faj\u00a0div\u00edzi\u00f3t is l\u00e9trehozott a c\u00e9g.<\/p>\n\n\n\n<p>A Terr\u00e1n Generon n\u00e9ven fut\u00f3, magyar innov\u00e1ci\u00f3 a napelemes modulokat \u00fagy integr\u00e1lja a tet\u0151cserepekre, hogy a felhelyez\u00e9s\u00fck \u00e9s megjelen\u00e9s\u00fck szinte megegyezik a hagyom\u00e1nyos tet\u0151cserepek\u00e9vel.\u00a0A v\u00e1s\u00e1rl\u00f3k ez\u00e1ltal a nagym\u00e9ret\u0171 napelemt\u00e1bl\u00e1k helyett eszt\u00e9tikus \u00e9s hat\u00e9kony megold\u00e1st nyernek a meg\u00fajul\u00f3 energiaforr\u00e1s haszn\u00e1lat\u00e1ra.\u00a0Az \u00edgy megn\u00f6vekedett piaci ig\u00e9ny h\u00edvta \u00e9letre a Terr\u00e1n egyed\u00fcl\u00e1ll\u00f3, Generon napelemes tet\u0151cser\u00e9p gy\u00e1r\u00e1t.<\/p>\n\n\n\n<figure class=\"wp-block-image size-full is-resized\"><img loading=\"lazy\" decoding=\"async\" src=\"https:\/\/dev.kompaktdesign.hu\/hodszolar.hu\/wp-content\/uploads\/2021\/09\/tn4-web210921_nm_8350.jpg\" alt=\"\" class=\"wp-image-635\" width=\"842\" height=\"560\"\/><\/figure>\n\n\n\n<h2 class=\"wp-block-heading\">Elismer\u00e9s az \u00e9p\u00edt\u0151iparnak<\/h2>\n\n\n\n<p>A keddi megnyit\u00f3 esem\u00e9nyen&nbsp;<strong>Varga Mih\u00e1ly<\/strong>&nbsp;a&nbsp;magyar \u00e9p\u00edt\u0151ipart a gazdas\u00e1g \u00fajraind\u00edt\u00e1s\u00e1ban az egyik \u00e9lenj\u00e1r\u00f3 \u00e1gazatk\u00e9nt jellemezte, miut\u00e1n&nbsp;j\u00faliusban \u00f6t\u00f6d\u00e9vel n\u00f6velte teljes\u00edtm\u00e9ny\u00e9t \u00e9ves \u00f6sszehasonl\u00edt\u00e1sban.<\/p>\n\n\n\n<p>A p\u00e9nz\u00fcgyminiszter elmondta, a Terr\u00e1n eredm\u00e9nyesen p\u00e1ly\u00e1zott a Gazdas\u00e1gfejleszt\u00e9si \u00e9s Innov\u00e1ci\u00f3s Operat\u00edv Program forr\u00e1saira, amellyel egy vil\u00e1gsz\u00ednvonal\u00fa gy\u00e1rt\u00f3\u00fczemet \u00e9p\u00edtett fel P\u00e9csett. Ennek k\u00f6sz\u00f6nhet\u0151en a t\u00e1rsas\u00e1g t\u00f6bb mint 724 milli\u00f3 forintos beruh\u00e1z\u00e1s\u00e1hoz a korm\u00e1ny 326 milli\u00f3 forint t\u00e1mogat\u00e1st ny\u00fajtott.<\/p>\n\n\n\n<p>Kiemelte, hogy a p\u00e9csi k\u00f6zponttal m\u0171k\u00f6d\u0151 v\u00e1llalat sz\u00e1z\u00e9ves m\u00faltra tekint vissza, komoly emberi er\u0151forr\u00e1sokkal, szaktud\u00e1ssal rendelkezik, \u00e9s a piac v\u00e1ltoz\u00e1sait mindig is k\u00e9pes volt k\u00f6vetni j\u00f6v\u0151k\u00e9p\u00e9vel, elk\u00e9pzel\u00e9sivel \u00e9s innov\u00e1ci\u00f3ival.<\/p>\n\n\n\n<figure class=\"wp-block-image size-full is-resized\"><img loading=\"lazy\" decoding=\"async\" src=\"https:\/\/dev.kompaktdesign.hu\/hodszolar.hu\/wp-content\/uploads\/2021\/09\/tn4-web210921_nm_8320.jpg\" alt=\"\" class=\"wp-image-636\" width=\"839\" height=\"558\"\/><\/figure>\n\n\n\n<h2 class=\"wp-block-heading\">Egyedi ig\u00e9nyekre fejlesztett gy\u00e1rt\u00f3sor<\/h2>\n\n\n\n<p><strong>Jank\u00f3 \u00c1rp\u00e1d<\/strong>, a Generon div\u00edzi\u00f3 vezet\u0151je elmondta, hogy a&nbsp;p\u00e9csi Generon gy\u00e1rban \u00fczembe helyezett gy\u00e1rt\u00f3sor \u00e9s technol\u00f3gia kifejezetten a c\u00e9g ig\u00e9nyeinek megfelel\u0151en ker\u00fclt kifejleszt\u00e9sre \u00e9s meg\u00e9p\u00edt\u00e9sre.&nbsp;Tervez\u00e9sekor egy rugalmas modul\u00e1ris sorkonfigur\u00e1ci\u00f3t defini\u00e1ltak, amely lehet\u0151v\u00e9 teszi a kiselemes napelemek ter\u00fclet\u00e9n sz\u00e9lesebb k\u00f6r\u0171 term\u00e9kv\u00e1ltozatok elk\u00e9sz\u00edt\u00e9s\u00e9t is a j\u00f6v\u0151ben.<\/p>\n\n\n\n<p>Hozz\u00e1tette: \u201cFontos tudni, hogy a f\u00e9lvezet\u0151 lapk\u00e1kon, az \u00fcvegen \u00e9s csatlakoz\u00f3kon t\u00fal mindent, ami a term\u00e9k el\u0151\u00e1ll\u00edt\u00e1s\u00e1hoz sz\u00fcks\u00e9ges, mi k\u00e9sz\u00edt\u00fcnk.\u201d<\/p>\n\n\n\n<p>A term\u00e9k bevezet\u00e9se \u00f3ta k\u00f6zel 200 otthon \u00e9s k\u00f6z\u00e9p\u00fclet energiaell\u00e1t\u00e1s\u00e1t biztos\u00edtja a Generon rendszer, ami \u00f6sszesen t\u00f6bb mint 75 ezer be\u00e9p\u00edtett modult jelent. A tervek szerint ez a sz\u00e1m 2021-ben el\u00e9rheti a 100 ezret, \u00edgy az \u00e9v v\u00e9g\u00e9re megk\u00f6zel\u00edt\u0151leg 250 \u00e9p\u00fclet tetej\u00e9n tal\u00e1lkozhatunk majd napelemes tet\u0151cser\u00e9ppel.<\/p>\n\n\n\n<figure class=\"wp-block-image size-full is-resized\"><img loading=\"lazy\" decoding=\"async\" src=\"https:\/\/dev.kompaktdesign.hu\/hodszolar.hu\/wp-content\/uploads\/2021\/09\/tn4-web210921_nm_8310.jpg\" alt=\"\" class=\"wp-image-637\" width=\"842\" height=\"560\"\/><\/figure>\n\n\n\n<h2 class=\"wp-block-heading\">Nagy az ig\u00e9ny a meg\u00fajul\u00f3 energi\u00e1ra<\/h2>\n\n\n\n<p><strong>G\u00f3di Attila<\/strong>&nbsp;a Terr\u00e1n Tet\u0151cser\u00e9p Gy\u00e1rt\u00f3 Kft. \u00fcgyvezet\u0151 igazgat\u00f3ja elmondta,&nbsp;hatalmas b\u00fcszkes\u00e9g sz\u00e1mukra, hogy a Generon napelemes tet\u0151cserepek&nbsp;a c\u00e9gcsoport hatodik automata gy\u00e1rt\u00f3sor\u00e1n k\u00e9sz\u00fclhetnek. D\u00f6nt\u00e9s\u00fcket a gy\u00e1r l\u00e9trehoz\u00e1s\u00e1val kapcsolatban&nbsp;az egyre n\u00f6vekv\u0151 piaci ig\u00e9nyek z\u00f6kken\u0151mentes kiszolg\u00e1l\u00e1s\u00e1ra alapozt\u00e1k, hiszen mint fogalmazott: \u201ca gazdas\u00e1gi mutat\u00f3k \u00e9s a v\u00e1s\u00e1rl\u00f3i visszajelz\u00e9sek is azt jelzik sz\u00e1munkra, hogy j\u00f3 \u00faton haladunk.\u201d&nbsp;Kiemelte:<\/p>\n\n\n\n<p>\u201cC\u00e9lunk el\u00e9rni, hogy \u00e9vente legal\u00e1bb 200 ezer Generon g\u00f6rd\u00fclj\u00f6n le a gy\u00e1rt\u00f3sorr\u00f3l, tov\u00e1bb n\u00f6velj\u00fck a term\u00e9k versenyk\u00e9pess\u00e9g\u00e9t, \u00e9s min\u00e9l t\u00f6bb napelemes tet\u0151cser\u00e9p ker\u00fclj\u00f6n be\u00e9p\u00edt\u00e9sre a z\u00f6ld villamosenergia-termel\u00e9s \u00e9rdek\u00e9ben.\u201d<\/p>\n\n\n\n<figure class=\"wp-block-image size-full is-resized\"><img loading=\"lazy\" decoding=\"async\" src=\"https:\/\/dev.kompaktdesign.hu\/hodszolar.hu\/wp-content\/uploads\/2021\/09\/tn4-web210921_nm_8333.jpg\" alt=\"\" class=\"wp-image-638\" width=\"842\" height=\"560\"\/><\/figure>\n\n\n\n<h2 class=\"wp-block-heading\">L\u00e1that\u00e1ron a nemzetk\u00f6zi szintre l\u00e9p\u00e9s<\/h2>\n\n\n\n<p>1920-ban 3 ember munk\u00e1j\u00e1val kezd\u0151d\u00f6tt minden, 2021-ben pedig m\u00e1r k\u00f6zel 400 f\u0151t foglalkoztat a c\u00e9g, akik k\u00f6z\u00fcl Magyarorsz\u00e1gon jelenleg 308 f\u0151 dolgozik. A leg\u00fajabb Generon gy\u00e1r 20 \u00faj embernek ad munkalehet\u0151s\u00e9get, ami a k\u00f6zelj\u00f6v\u0151ben ak\u00e1r m\u00e9g tripl\u00e1j\u00e1ra is n\u00f6vekedhet a k\u00fclf\u00f6ldi \u00e9rt\u00e9kes\u00edt\u00e9sek f\u00e9ny\u00e9ben.<\/p>\n\n\n\n<p>A k\u00f6rnyez\u0151 orsz\u00e1gokban m\u00e1r zajlik a piacok felt\u00e9rk\u00e9pez\u00e9se, a Generon piaci bevezet\u00e9s\u00e9nek megalapoz\u00e1sa.<\/p>\n\n\n\n<p>\u201eTerveink szerint a horv\u00e1t \u00e9s rom\u00e1n piacon j\u00f6v\u0151 \u00e9vt\u0151l hivatalosan elindul az \u00e9rt\u00e9kes\u00edt\u00e9s, az el\u0151zetes \u00e9rdekl\u0151d\u00e9s nagy, a term\u00e9k forgalomba hozatali felt\u00e9telei megvannak. R\u00e1ad\u00e1sul mivel Rom\u00e1ni\u00e1ban 2018 \u00f3ta saj\u00e1t betoncser\u00e9p-gy\u00e1rt\u00f3 egys\u00e9ggel is rendelkez\u00fcnk, minden egy\u00e9b sz\u00e1ll\u00edt\u00e1si, t\u00e1rol\u00e1si \u00e9s szerviz lehet\u0151s\u00e9g is adott\u201d<\/p>\n\n\n\n<p>\u2013 mondta&nbsp;<strong>T\u00f3th Szabolcs<\/strong>&nbsp;region\u00e1lis marketing igazgat\u00f3.<\/p>\n\n\n\n<p>Az igazgat\u00f3 hozz\u00e1tette: \u201cA&nbsp;Generon napelemes tet\u0151cser\u00e9p jelenleg nemzetk\u00f6zileg is egyed\u00fcl\u00e1ll\u00f3 fejleszt\u00e9s \u00e9s tudom\u00e1sunk szerint ez az egyetlen kereskedelmi forgalomban kaphat\u00f3 tet\u0151cser\u00e9pre integr\u00e1lt napelem. Egyedis\u00e9ge abban rejlik, hogy ezt be\u00e9p\u00edtve a tet\u0151 \u00e9szrevehetetlen\u00fcl kap az eredeti, v\u00e9delmi funkci\u00f3n t\u00fal z\u00f6ldenergia-hasznos\u00edt\u00f3 szerepet is. Ez a v\u00e1s\u00e1rl\u00f3inknak kifejezetten fontos, hiszen otthonuk megjelen\u00e9se, eszt\u00e9tikuma, k\u00f6rnyezetre gyakorolt hat\u00e1sa egy ember\u00f6lt\u0151n kereszt\u00fcl elk\u00eds\u00e9ri az ott lak\u00f3kat.\u201d<\/p>\n\n\n\n<figure class=\"wp-block-image size-full is-resized\"><img loading=\"lazy\" decoding=\"async\" src=\"https:\/\/dev.kompaktdesign.hu\/hodszolar.hu\/wp-content\/uploads\/2021\/09\/tn4-web210921_nm_8232.jpg\" alt=\"\" class=\"wp-image-639\" width=\"842\" height=\"560\"\/><\/figure>\n\n\n\n<p>Forr\u00e1s: magyarepitok.hu<\/p>\n","protected":false},"excerpt":{"rendered":"<p>A Terr\u00e1n Generon tet\u0151cserepet eddig a t\u00e1rsas\u00e1g b\u00f3lyi gy\u00e1r\u00e1ban \u00e1ll\u00edtott\u00e1k&nbsp;el\u0151,&nbsp;azonban sz\u00fcks\u00e9ges volt a&nbsp;gy\u00e1rt\u00e1si kapacit\u00e1s b\u0151v\u00edt\u00e9se. Kedden reggel P\u00e9csett megkezdte m\u0171k\u00f6d\u00e9s\u00e9t a&nbsp;Terr\u00e1n&nbsp;Tet\u0151cser\u00e9p Gy\u00e1rt\u00f3 Kft.&nbsp;leg\u00fajabb gy\u00e1ra. A vil\u00e1gviszonylatban is egyed\u00fcl\u00e1ll\u00f3 Generon napelemes tet\u0151cser\u00e9p gy\u00e1rat&nbsp;Varga Mih\u00e1ly&nbsp;p\u00e9nz\u00fcgyminiszter nyitotta meg. A rendezv\u00e9nyen felsz\u00f3lalt&nbsp;G\u00f3di Attila,&nbsp;a&nbsp;Terr\u00e1n&nbsp;Tet\u0151cser\u00e9p Gy\u00e1rt\u00f3 Kft. \u00fcgyvezet\u0151 igazgat\u00f3ja \u00e9s&nbsp;Jank\u00f3 \u00c1rp\u00e1d,&nbsp;a&nbsp;Terr\u00e1n&nbsp;Generon div\u00edzi\u00f3 vezet\u0151je is. A nagym\u00e9ret\u0171 napelemt\u00e1bl\u00e1k helyett eszt\u00e9tikus \u00e9s hat\u00e9kony [&hellip;]<\/p>\n","protected":false},"author":3,"featured_media":637,"comment_status":"open","ping_status":"open","sticky":false,"template":"","format":"standard","meta":{"footnotes":""},"categories":[1],"tags":[],"class_list":["post-633","post","type-post","status-publish","format-standard","has-post-thumbnail","hentry","category-egyeb"],"yoast_head":"<!-- This site is optimized with the Yoast SEO plugin v19.5.1 - https:\/\/yoast.com\/wordpress\/plugins\/seo\/ -->\n<title>Vil\u00e1gszerte egyed\u00fcl\u00e1ll\u00f3 gy\u00e1rral l\u00e9pett el\u0151re a magyar napelemes tet\u0151cser\u00e9p | H\u00f3dszol\u00e1r<\/title>\n<meta name=\"robots\" content=\"noindex, follow, max-snippet:-1, max-image-preview:large, max-video-preview:-1\" \/>\n<meta property=\"og:locale\" content=\"hu_HU\" \/>\n<meta property=\"og:type\" content=\"article\" \/>\n<meta property=\"og:title\" content=\"Vil\u00e1gszerte egyed\u00fcl\u00e1ll\u00f3 gy\u00e1rral l\u00e9pett el\u0151re a magyar napelemes tet\u0151cser\u00e9p | H\u00f3dszol\u00e1r\" \/>\n<meta property=\"og:description\" content=\"A Terr\u00e1n Generon tet\u0151cserepet eddig a t\u00e1rsas\u00e1g b\u00f3lyi gy\u00e1r\u00e1ban \u00e1ll\u00edtott\u00e1k&nbsp;el\u0151,&nbsp;azonban sz\u00fcks\u00e9ges volt a&nbsp;gy\u00e1rt\u00e1si kapacit\u00e1s b\u0151v\u00edt\u00e9se. Kedden reggel P\u00e9csett megkezdte m\u0171k\u00f6d\u00e9s\u00e9t a&nbsp;Terr\u00e1n&nbsp;Tet\u0151cser\u00e9p Gy\u00e1rt\u00f3 Kft.&nbsp;leg\u00fajabb gy\u00e1ra. A vil\u00e1gviszonylatban is egyed\u00fcl\u00e1ll\u00f3 Generon napelemes tet\u0151cser\u00e9p gy\u00e1rat&nbsp;Varga Mih\u00e1ly&nbsp;p\u00e9nz\u00fcgyminiszter nyitotta meg. A rendezv\u00e9nyen felsz\u00f3lalt&nbsp;G\u00f3di Attila,&nbsp;a&nbsp;Terr\u00e1n&nbsp;Tet\u0151cser\u00e9p Gy\u00e1rt\u00f3 Kft. \u00fcgyvezet\u0151 igazgat\u00f3ja \u00e9s&nbsp;Jank\u00f3 \u00c1rp\u00e1d,&nbsp;a&nbsp;Terr\u00e1n&nbsp;Generon div\u00edzi\u00f3 vezet\u0151je is. A nagym\u00e9ret\u0171 napelemt\u00e1bl\u00e1k helyett eszt\u00e9tikus \u00e9s hat\u00e9kony [&hellip;]\" \/>\n<meta property=\"og:url\" content=\"https:\/\/dev.kompaktdesign.hu\/hodszolar.hu\/2021\/09\/27\/vilagszerte-egyedulallo-gyarral-lepett-elore-a-magyar-napelemes-tetocserep\/\" \/>\n<meta property=\"og:site_name\" content=\"H\u00f3dszol\u00e1r\" \/>\n<meta property=\"article:publisher\" content=\"https:\/\/www.facebook.com\/hodszolar\" \/>\n<meta property=\"article:published_time\" content=\"2021-09-27T12:28:39+00:00\" \/>\n<meta property=\"article:modified_time\" content=\"2021-09-27T12:40:15+00:00\" \/>\n<meta property=\"og:image\" content=\"https:\/\/dev.kompaktdesign.hu\/hodszolar.hu\/wp-content\/uploads\/2021\/09\/tn4-web210921_nm_8310.jpg\" \/>\n\t<meta property=\"og:image:width\" content=\"750\" \/>\n\t<meta property=\"og:image:height\" content=\"499\" \/>\n\t<meta property=\"og:image:type\" content=\"image\/jpeg\" \/>\n<meta name=\"author\" content=\"H\u00f3dszol\u00e1r Kft.\" \/>\n<meta name=\"twitter:card\" content=\"summary_large_image\" \/>\n<meta name=\"twitter:label1\" content=\"Szerz\u0151:\" \/>\n\t<meta name=\"twitter:data1\" content=\"H\u00f3dszol\u00e1r Kft.\" \/>\n\t<meta name=\"twitter:label2\" content=\"Becs\u00fclt olvas\u00e1si id\u0151\" \/>\n\t<meta name=\"twitter:data2\" content=\"4 perc\" \/>\n<script type=\"application\/ld+json\" class=\"yoast-schema-graph\">{\"@context\":\"https:\/\/schema.org\",\"@graph\":[{\"@type\":\"Article\",\"@id\":\"https:\/\/dev.kompaktdesign.hu\/hodszolar.hu\/2021\/09\/27\/vilagszerte-egyedulallo-gyarral-lepett-elore-a-magyar-napelemes-tetocserep\/#article\",\"isPartOf\":{\"@id\":\"https:\/\/dev.kompaktdesign.hu\/hodszolar.hu\/2021\/09\/27\/vilagszerte-egyedulallo-gyarral-lepett-elore-a-magyar-napelemes-tetocserep\/\"},\"author\":{\"name\":\"H\u00f3dszol\u00e1r Kft.\",\"@id\":\"https:\/\/dev.kompaktdesign.hu\/hodszolar.hu\/#\/schema\/person\/a788af940a3d6b2829396312340dd08c\"},\"headline\":\"Vil\u00e1gszerte egyed\u00fcl\u00e1ll\u00f3 gy\u00e1rral l\u00e9pett el\u0151re a magyar napelemes tet\u0151cser\u00e9p\",\"datePublished\":\"2021-09-27T12:28:39+00:00\",\"dateModified\":\"2021-09-27T12:40:15+00:00\",\"mainEntityOfPage\":{\"@id\":\"https:\/\/dev.kompaktdesign.hu\/hodszolar.hu\/2021\/09\/27\/vilagszerte-egyedulallo-gyarral-lepett-elore-a-magyar-napelemes-tetocserep\/\"},\"wordCount\":1104,\"commentCount\":0,\"publisher\":{\"@id\":\"https:\/\/dev.kompaktdesign.hu\/hodszolar.hu\/#organization\"},\"articleSection\":[\"Egy\u00e9b kateg\u00f3ria\"],\"inLanguage\":\"hu\",\"potentialAction\":[{\"@type\":\"CommentAction\",\"name\":\"Comment\",\"target\":[\"https:\/\/dev.kompaktdesign.hu\/hodszolar.hu\/2021\/09\/27\/vilagszerte-egyedulallo-gyarral-lepett-elore-a-magyar-napelemes-tetocserep\/#respond\"]}]},{\"@type\":\"WebPage\",\"@id\":\"https:\/\/dev.kompaktdesign.hu\/hodszolar.hu\/2021\/09\/27\/vilagszerte-egyedulallo-gyarral-lepett-elore-a-magyar-napelemes-tetocserep\/\",\"url\":\"https:\/\/dev.kompaktdesign.hu\/hodszolar.hu\/2021\/09\/27\/vilagszerte-egyedulallo-gyarral-lepett-elore-a-magyar-napelemes-tetocserep\/\",\"name\":\"Vil\u00e1gszerte egyed\u00fcl\u00e1ll\u00f3 gy\u00e1rral l\u00e9pett el\u0151re a magyar napelemes tet\u0151cser\u00e9p | H\u00f3dszol\u00e1r\",\"isPartOf\":{\"@id\":\"https:\/\/dev.kompaktdesign.hu\/hodszolar.hu\/#website\"},\"datePublished\":\"2021-09-27T12:28:39+00:00\",\"dateModified\":\"2021-09-27T12:40:15+00:00\",\"breadcrumb\":{\"@id\":\"https:\/\/dev.kompaktdesign.hu\/hodszolar.hu\/2021\/09\/27\/vilagszerte-egyedulallo-gyarral-lepett-elore-a-magyar-napelemes-tetocserep\/#breadcrumb\"},\"inLanguage\":\"hu\",\"potentialAction\":[{\"@type\":\"ReadAction\",\"target\":[\"https:\/\/dev.kompaktdesign.hu\/hodszolar.hu\/2021\/09\/27\/vilagszerte-egyedulallo-gyarral-lepett-elore-a-magyar-napelemes-tetocserep\/\"]}]},{\"@type\":\"BreadcrumbList\",\"@id\":\"https:\/\/dev.kompaktdesign.hu\/hodszolar.hu\/2021\/09\/27\/vilagszerte-egyedulallo-gyarral-lepett-elore-a-magyar-napelemes-tetocserep\/#breadcrumb\",\"itemListElement\":[{\"@type\":\"ListItem\",\"position\":1,\"name\":\"Kezd\u0151lap\",\"item\":\"https:\/\/dev.kompaktdesign.hu\/hodszolar.hu\/\"},{\"@type\":\"ListItem\",\"position\":2,\"name\":\"Vil\u00e1gszerte egyed\u00fcl\u00e1ll\u00f3 gy\u00e1rral l\u00e9pett el\u0151re a magyar napelemes tet\u0151cser\u00e9p\"}]},{\"@type\":\"WebSite\",\"@id\":\"https:\/\/dev.kompaktdesign.hu\/hodszolar.hu\/#website\",\"url\":\"https:\/\/dev.kompaktdesign.hu\/hodszolar.hu\/\",\"name\":\"H\u00f3dszol\u00e1r\",\"description\":\"A v\u00e1s\u00e1rhelyi napelemes\",\"publisher\":{\"@id\":\"https:\/\/dev.kompaktdesign.hu\/hodszolar.hu\/#organization\"},\"potentialAction\":[{\"@type\":\"SearchAction\",\"target\":{\"@type\":\"EntryPoint\",\"urlTemplate\":\"https:\/\/dev.kompaktdesign.hu\/hodszolar.hu\/?s={search_term_string}\"},\"query-input\":\"required name=search_term_string\"}],\"inLanguage\":\"hu\"},{\"@type\":\"Organization\",\"@id\":\"https:\/\/dev.kompaktdesign.hu\/hodszolar.hu\/#organization\",\"name\":\"H\u00f3dszol\u00e1r Kft.\",\"url\":\"https:\/\/dev.kompaktdesign.hu\/hodszolar.hu\/\",\"sameAs\":[\"https:\/\/www.facebook.com\/hodszolar\"],\"logo\":{\"@type\":\"ImageObject\",\"inLanguage\":\"hu\",\"@id\":\"https:\/\/dev.kompaktdesign.hu\/hodszolar.hu\/#\/schema\/logo\/image\/\",\"url\":\"https:\/\/dev.kompaktdesign.hu\/hodszolar.hu\/wp-content\/uploads\/2021\/05\/fvicon.png\",\"contentUrl\":\"https:\/\/dev.kompaktdesign.hu\/hodszolar.hu\/wp-content\/uploads\/2021\/05\/fvicon.png\",\"width\":132,\"height\":132,\"caption\":\"H\u00f3dszol\u00e1r Kft.\"},\"image\":{\"@id\":\"https:\/\/dev.kompaktdesign.hu\/hodszolar.hu\/#\/schema\/logo\/image\/\"}},{\"@type\":\"Person\",\"@id\":\"https:\/\/dev.kompaktdesign.hu\/hodszolar.hu\/#\/schema\/person\/a788af940a3d6b2829396312340dd08c\",\"name\":\"H\u00f3dszol\u00e1r Kft.\",\"image\":{\"@type\":\"ImageObject\",\"inLanguage\":\"hu\",\"@id\":\"https:\/\/dev.kompaktdesign.hu\/hodszolar.hu\/#\/schema\/person\/image\/\",\"url\":\"https:\/\/secure.gravatar.com\/avatar\/38df000db6f2e93b7f0ccccf7714392424ca033738d34dfe71f19fdb70329830?s=96&d=mm&r=g\",\"contentUrl\":\"https:\/\/secure.gravatar.com\/avatar\/38df000db6f2e93b7f0ccccf7714392424ca033738d34dfe71f19fdb70329830?s=96&d=mm&r=g\",\"caption\":\"H\u00f3dszol\u00e1r Kft.\"},\"url\":\"https:\/\/dev.kompaktdesign.hu\/hodszolar.hu\/author\/hodszolar\/\"}]}<\/script>\n<!-- \/ Yoast SEO plugin. -->","yoast_head_json":{"title":"Vil\u00e1gszerte egyed\u00fcl\u00e1ll\u00f3 gy\u00e1rral l\u00e9pett el\u0151re a magyar napelemes tet\u0151cser\u00e9p | H\u00f3dszol\u00e1r","robots":{"index":"noindex","follow":"follow","max-snippet":"max-snippet:-1","max-image-preview":"max-image-preview:large","max-video-preview":"max-video-preview:-1"},"og_locale":"hu_HU","og_type":"article","og_title":"Vil\u00e1gszerte egyed\u00fcl\u00e1ll\u00f3 gy\u00e1rral l\u00e9pett el\u0151re a magyar napelemes tet\u0151cser\u00e9p | H\u00f3dszol\u00e1r","og_description":"A Terr\u00e1n Generon tet\u0151cserepet eddig a t\u00e1rsas\u00e1g b\u00f3lyi gy\u00e1r\u00e1ban \u00e1ll\u00edtott\u00e1k&nbsp;el\u0151,&nbsp;azonban sz\u00fcks\u00e9ges volt a&nbsp;gy\u00e1rt\u00e1si kapacit\u00e1s b\u0151v\u00edt\u00e9se. Kedden reggel P\u00e9csett megkezdte m\u0171k\u00f6d\u00e9s\u00e9t a&nbsp;Terr\u00e1n&nbsp;Tet\u0151cser\u00e9p Gy\u00e1rt\u00f3 Kft.&nbsp;leg\u00fajabb gy\u00e1ra. A vil\u00e1gviszonylatban is egyed\u00fcl\u00e1ll\u00f3 Generon napelemes tet\u0151cser\u00e9p gy\u00e1rat&nbsp;Varga Mih\u00e1ly&nbsp;p\u00e9nz\u00fcgyminiszter nyitotta meg. A rendezv\u00e9nyen felsz\u00f3lalt&nbsp;G\u00f3di Attila,&nbsp;a&nbsp;Terr\u00e1n&nbsp;Tet\u0151cser\u00e9p Gy\u00e1rt\u00f3 Kft. \u00fcgyvezet\u0151 igazgat\u00f3ja \u00e9s&nbsp;Jank\u00f3 \u00c1rp\u00e1d,&nbsp;a&nbsp;Terr\u00e1n&nbsp;Generon div\u00edzi\u00f3 vezet\u0151je is. A nagym\u00e9ret\u0171 napelemt\u00e1bl\u00e1k helyett eszt\u00e9tikus \u00e9s hat\u00e9kony [&hellip;]","og_url":"https:\/\/dev.kompaktdesign.hu\/hodszolar.hu\/2021\/09\/27\/vilagszerte-egyedulallo-gyarral-lepett-elore-a-magyar-napelemes-tetocserep\/","og_site_name":"H\u00f3dszol\u00e1r","article_publisher":"https:\/\/www.facebook.com\/hodszolar","article_published_time":"2021-09-27T12:28:39+00:00","article_modified_time":"2021-09-27T12:40:15+00:00","og_image":[{"width":750,"height":499,"url":"https:\/\/dev.kompaktdesign.hu\/hodszolar.hu\/wp-content\/uploads\/2021\/09\/tn4-web210921_nm_8310.jpg","type":"image\/jpeg"}],"author":"H\u00f3dszol\u00e1r Kft.","twitter_card":"summary_large_image","twitter_misc":{"Szerz\u0151:":"H\u00f3dszol\u00e1r Kft.","Becs\u00fclt olvas\u00e1si id\u0151":"4 perc"},"schema":{"@context":"https:\/\/schema.org","@graph":[{"@type":"Article","@id":"https:\/\/dev.kompaktdesign.hu\/hodszolar.hu\/2021\/09\/27\/vilagszerte-egyedulallo-gyarral-lepett-elore-a-magyar-napelemes-tetocserep\/#article","isPartOf":{"@id":"https:\/\/dev.kompaktdesign.hu\/hodszolar.hu\/2021\/09\/27\/vilagszerte-egyedulallo-gyarral-lepett-elore-a-magyar-napelemes-tetocserep\/"},"author":{"name":"H\u00f3dszol\u00e1r Kft.","@id":"https:\/\/dev.kompaktdesign.hu\/hodszolar.hu\/#\/schema\/person\/a788af940a3d6b2829396312340dd08c"},"headline":"Vil\u00e1gszerte egyed\u00fcl\u00e1ll\u00f3 gy\u00e1rral l\u00e9pett el\u0151re a magyar napelemes tet\u0151cser\u00e9p","datePublished":"2021-09-27T12:28:39+00:00","dateModified":"2021-09-27T12:40:15+00:00","mainEntityOfPage":{"@id":"https:\/\/dev.kompaktdesign.hu\/hodszolar.hu\/2021\/09\/27\/vilagszerte-egyedulallo-gyarral-lepett-elore-a-magyar-napelemes-tetocserep\/"},"wordCount":1104,"commentCount":0,"publisher":{"@id":"https:\/\/dev.kompaktdesign.hu\/hodszolar.hu\/#organization"},"articleSection":["Egy\u00e9b kateg\u00f3ria"],"inLanguage":"hu","potentialAction":[{"@type":"CommentAction","name":"Comment","target":["https:\/\/dev.kompaktdesign.hu\/hodszolar.hu\/2021\/09\/27\/vilagszerte-egyedulallo-gyarral-lepett-elore-a-magyar-napelemes-tetocserep\/#respond"]}]},{"@type":"WebPage","@id":"https:\/\/dev.kompaktdesign.hu\/hodszolar.hu\/2021\/09\/27\/vilagszerte-egyedulallo-gyarral-lepett-elore-a-magyar-napelemes-tetocserep\/","url":"https:\/\/dev.kompaktdesign.hu\/hodszolar.hu\/2021\/09\/27\/vilagszerte-egyedulallo-gyarral-lepett-elore-a-magyar-napelemes-tetocserep\/","name":"Vil\u00e1gszerte egyed\u00fcl\u00e1ll\u00f3 gy\u00e1rral l\u00e9pett el\u0151re a magyar napelemes tet\u0151cser\u00e9p | H\u00f3dszol\u00e1r","isPartOf":{"@id":"https:\/\/dev.kompaktdesign.hu\/hodszolar.hu\/#website"},"datePublished":"2021-09-27T12:28:39+00:00","dateModified":"2021-09-27T12:40:15+00:00","breadcrumb":{"@id":"https:\/\/dev.kompaktdesign.hu\/hodszolar.hu\/2021\/09\/27\/vilagszerte-egyedulallo-gyarral-lepett-elore-a-magyar-napelemes-tetocserep\/#breadcrumb"},"inLanguage":"hu","potentialAction":[{"@type":"ReadAction","target":["https:\/\/dev.kompaktdesign.hu\/hodszolar.hu\/2021\/09\/27\/vilagszerte-egyedulallo-gyarral-lepett-elore-a-magyar-napelemes-tetocserep\/"]}]},{"@type":"BreadcrumbList","@id":"https:\/\/dev.kompaktdesign.hu\/hodszolar.hu\/2021\/09\/27\/vilagszerte-egyedulallo-gyarral-lepett-elore-a-magyar-napelemes-tetocserep\/#breadcrumb","itemListElement":[{"@type":"ListItem","position":1,"name":"Kezd\u0151lap","item":"https:\/\/dev.kompaktdesign.hu\/hodszolar.hu\/"},{"@type":"ListItem","position":2,"name":"Vil\u00e1gszerte egyed\u00fcl\u00e1ll\u00f3 gy\u00e1rral l\u00e9pett el\u0151re a magyar napelemes tet\u0151cser\u00e9p"}]},{"@type":"WebSite","@id":"https:\/\/dev.kompaktdesign.hu\/hodszolar.hu\/#website","url":"https:\/\/dev.kompaktdesign.hu\/hodszolar.hu\/","name":"H\u00f3dszol\u00e1r","description":"A v\u00e1s\u00e1rhelyi napelemes","publisher":{"@id":"https:\/\/dev.kompaktdesign.hu\/hodszolar.hu\/#organization"},"potentialAction":[{"@type":"SearchAction","target":{"@type":"EntryPoint","urlTemplate":"https:\/\/dev.kompaktdesign.hu\/hodszolar.hu\/?s={search_term_string}"},"query-input":"required name=search_term_string"}],"inLanguage":"hu"},{"@type":"Organization","@id":"https:\/\/dev.kompaktdesign.hu\/hodszolar.hu\/#organization","name":"H\u00f3dszol\u00e1r Kft.","url":"https:\/\/dev.kompaktdesign.hu\/hodszolar.hu\/","sameAs":["https:\/\/www.facebook.com\/hodszolar"],"logo":{"@type":"ImageObject","inLanguage":"hu","@id":"https:\/\/dev.kompaktdesign.hu\/hodszolar.hu\/#\/schema\/logo\/image\/","url":"https:\/\/dev.kompaktdesign.hu\/hodszolar.hu\/wp-content\/uploads\/2021\/05\/fvicon.png","contentUrl":"https:\/\/dev.kompaktdesign.hu\/hodszolar.hu\/wp-content\/uploads\/2021\/05\/fvicon.png","width":132,"height":132,"caption":"H\u00f3dszol\u00e1r Kft."},"image":{"@id":"https:\/\/dev.kompaktdesign.hu\/hodszolar.hu\/#\/schema\/logo\/image\/"}},{"@type":"Person","@id":"https:\/\/dev.kompaktdesign.hu\/hodszolar.hu\/#\/schema\/person\/a788af940a3d6b2829396312340dd08c","name":"H\u00f3dszol\u00e1r Kft.","image":{"@type":"ImageObject","inLanguage":"hu","@id":"https:\/\/dev.kompaktdesign.hu\/hodszolar.hu\/#\/schema\/person\/image\/","url":"https:\/\/secure.gravatar.com\/avatar\/38df000db6f2e93b7f0ccccf7714392424ca033738d34dfe71f19fdb70329830?s=96&d=mm&r=g","contentUrl":"https:\/\/secure.gravatar.com\/avatar\/38df000db6f2e93b7f0ccccf7714392424ca033738d34dfe71f19fdb70329830?s=96&d=mm&r=g","caption":"H\u00f3dszol\u00e1r Kft."},"url":"https:\/\/dev.kompaktdesign.hu\/hodszolar.hu\/author\/hodszolar\/"}]}},"_links":{"self":[{"href":"https:\/\/dev.kompaktdesign.hu\/hodszolar.hu\/wp-json\/wp\/v2\/posts\/633","targetHints":{"allow":["GET"]}}],"collection":[{"href":"https:\/\/dev.kompaktdesign.hu\/hodszolar.hu\/wp-json\/wp\/v2\/posts"}],"about":[{"href":"https:\/\/dev.kompaktdesign.hu\/hodszolar.hu\/wp-json\/wp\/v2\/types\/post"}],"author":[{"embeddable":true,"href":"https:\/\/dev.kompaktdesign.hu\/hodszolar.hu\/wp-json\/wp\/v2\/users\/3"}],"replies":[{"embeddable":true,"href":"https:\/\/dev.kompaktdesign.hu\/hodszolar.hu\/wp-json\/wp\/v2\/comments?post=633"}],"version-history":[{"count":2,"href":"https:\/\/dev.kompaktdesign.hu\/hodszolar.hu\/wp-json\/wp\/v2\/posts\/633\/revisions"}],"predecessor-version":[{"id":642,"href":"https:\/\/dev.kompaktdesign.hu\/hodszolar.hu\/wp-json\/wp\/v2\/posts\/633\/revisions\/642"}],"wp:featuredmedia":[{"embeddable":true,"href":"https:\/\/dev.kompaktdesign.hu\/hodszolar.hu\/wp-json\/wp\/v2\/media\/637"}],"wp:attachment":[{"href":"https:\/\/dev.kompaktdesign.hu\/hodszolar.hu\/wp-json\/wp\/v2\/media?parent=633"}],"wp:term":[{"taxonomy":"category","embeddable":true,"href":"https:\/\/dev.kompaktdesign.hu\/hodszolar.hu\/wp-json\/wp\/v2\/categories?post=633"},{"taxonomy":"post_tag","embeddable":true,"href":"https:\/\/dev.kompaktdesign.hu\/hodszolar.hu\/wp-json\/wp\/v2\/tags?post=633"}],"curies":[{"name":"wp","href":"https:\/\/api.w.org\/{rel}","templated":true}]}}