{"id":643,"date":"2021-09-27T13:54:15","date_gmt":"2021-09-27T13:54:15","guid":{"rendered":"https:\/\/hodszolar.hu\/?p=643"},"modified":"2021-09-27T13:54:15","modified_gmt":"2021-09-27T13:54:15","slug":"1100-elektromos-busz-allhat-forgalomba-a-kovetkezo-evekben","status":"publish","type":"post","link":"https:\/\/dev.kompaktdesign.hu\/hodszolar.hu\/2021\/09\/27\/1100-elektromos-busz-allhat-forgalomba-a-kovetkezo-evekben\/","title":{"rendered":"1100 elektromos busz \u00e1llhat forgalomba a k\u00f6vetkez\u0151 \u00e9vekben"},"content":{"rendered":"\n<p><strong>A 2022-t\u0151l 2025-ig tart\u00f3 id\u0151szakban ker\u00fclhetnek majd forgalomba Magyarorsz\u00e1gon.<\/strong><\/p>\n\n\n\n<p>A k\u00e9t h\u00e9ttel ezel\u0151tt Budapesten megrendezett Nemzetk\u00f6zi Eucharisztikus Kongresszuson 40 darab, a programban beszerzett elektromos meghajt\u00e1s\u00fa aut\u00f3busz sz\u00e1ll\u00edtotta az utasokat. A mintegy 100 ezer l\u00e1togat\u00f3t sz\u00e1ll\u00edt\u00f3, k\u00e1rosanyag-kibocs\u00e1t\u00e1s n\u00e9lk\u00fcl k\u00f6zleked\u0151 j\u00e1rm\u0171vek \u00f6sszesen csaknem 19 ezer kilom\u00e9tert tettek meg.<\/p>\n\n\n\n<p>Id\u00e9n szeptembert\u0151l a Z\u00f6ld Busz Programot a HUMDA Magyar Aut\u00f3-Motorsport Fejleszt\u00e9si \u00dcgyn\u00f6ks\u00e9g Zrt. koordin\u00e1lja Steiner Attila, az Innov\u00e1ci\u00f3s \u00e9s Technol\u00f3giai Miniszt\u00e9rium k\u00f6rforg\u00e1sos gazdas\u00e1g fejleszt\u00e9s\u00e9\u00e9rt, energia- \u00e9s kl\u00edmapolitik\u00e1\u00e9rt felel\u0151s \u00e1llamtitk\u00e1r egy\u00fcttm\u0171k\u00f6d\u00e9s\u00e9vel.<\/p>\n\n\n\n<figure class=\"wp-block-image\"><img decoding=\"async\" src=\"https:\/\/www.mnnsz.hu\/wp-content\/uploads\/2021\/09\/1885337ZoldbuszaNemzetkoziEucharisztikusKongresszuson2-scaled-1.jpg\" alt=\"\" class=\"wp-image-80403\"\/><\/figure>\n\n\n\n<p>A Z\u00f6ld Busz Programban a 25 ezer f\u0151n\u00e9l nagyobb lakos\u00fa telep\u00fcl\u00e9sek vehetnek r\u00e9szt.<\/p>\n\n\n\n<p>A 2022-t\u0151l 2025-ig tart\u00f3 id\u0151szakban a 180 milli\u00e1rd forintos, teljes rendelkez\u00e9sre \u00e1ll\u00f3 keret felhaszn\u00e1l\u00e1s\u00e1val legal\u00e1bb 1100 elektromos meghajt\u00e1s\u00fa aut\u00f3busz \u00e1llhat majd forgalomba a helyi k\u00f6zszolg\u00e1ltat\u00e1sban.<\/p>\n\n\n\n<p>Steiner Attila szerint ezeknek a buszoknak a forgalomba \u00e1ll\u00e1sa \u00e9vente mai \u00e1ron sz\u00e1molva mintegy 35 milli\u00e1rd forint \u00e9rt\u00e9k\u0171 \u00fczemanyagk\u00f6lts\u00e9g-megtakar\u00edt\u00e1st eredm\u00e9nyezne a k\u00f6zszolg\u00e1ltat\u00f3knak, tov\u00e1bb\u00e1 csaknem 70 ezer tonna sz\u00e9n-dioxidt\u00f3l mentes\u00edten\u00e9 a k\u00f6rnyezetet a d\u00edzelbuszokhoz k\u00e9pest. Ezt a mennyis\u00e9get legal\u00e1bb 1 milli\u00f3 kifejlett lombos fa k\u00f6tn\u00e9 meg, amely a jelenlegi erd\u0151\u00e1llom\u00e1nyunk 1,6 sz\u00e1zal\u00e9ka.<\/p>\n\n\n\n<p>Magyarorsz\u00e1g v\u00e1llalta, hogy 2050-re kl\u00edmasemleges orsz\u00e1gg\u00e1 v\u00e1lik, ez olyan projektekkel \u00e9rhet\u0151 el p\u00e9ld\u00e1ul, mint a Z\u00f6ld Busz Program. A korm\u00e1ny kiemelt c\u00e9lja, hogy a r\u00e9gi\u00f3ban vezet\u0151 szerepet v\u00e1llaljon az elektromobilit\u00e1s ter\u00fclet\u00e9n \u2013 hangs\u00falyozta az \u00e1llamtitk\u00e1r.<\/p>\n\n\n\n<p>Haz\u00e1nkban \u00f6sszesen k\u00f6r\u00fclbel\u00fcl 8500 busz van fogalomban, ebb\u0151l hozz\u00e1vet\u0151legesen 2900 a helyi, v\u00e1rosi busz, melyek d\u00f6nt\u0151 t\u00f6bbs\u00e9ge a megyei jog\u00fa v\u00e1rosokban, illetve Budapesten szolg\u00e1lja ki az utaz\u00f3k\u00f6z\u00f6ns\u00e9get \u2013 eml\u00e9keztetett Steiner Attila. Hozz\u00e1tette: gondot jelent azonban, hogy a buszflott\u00e1k jelent\u0151s r\u00e9sze el\u00f6regedett \u00e9s k\u00f6rnyezetszennyez\u0151, ez\u00e9rt miel\u0151bbi cser\u00e9j\u00fck lenne sz\u00fcks\u00e9ges. Ennek t\u00e1mogat\u00e1s\u00e1ra indult el a Z\u00f6ld Busz Program, amellyel a k\u00f6zelj\u00f6v\u0151ben az \u00e1llom\u00e1ny csaknem 40 sz\u00e1zal\u00e9ka cser\u00e9lhet\u0151 le \u00e9s amely a k\u00f6vetkez\u0151 \u00e9vekben, s\u0151t m\u00e1r h\u00f3napokban is nagyobb sebess\u00e9gre kapcsol.<\/p>\n\n\n\n<p>Az \u00e1llamtitk\u00e1r elmondta, hogy a Vol\u00e1nbusz a programban beszerzett 40 darabos Mercedes-Benz eCitaro aut\u00f3buszflott\u00e1val biztos\u00edtotta az \u00e9rdekl\u0151d\u0151k eljut\u00e1s\u00e1t Budapesten az 52. Nemzetk\u00f6zi Eucharisztikus Kongresszus esem\u00e9nyeire. Az Eur\u00f3p\u00e1ban is egyed\u00fcl\u00e1ll\u00f3 m\u00e9ret\u0171 aut\u00f3busz-flotta n\u00e9gy \u00fatvonalon k\u00f6zlekedett, a buszok nyolc nap alatt \u00f6sszesen 18 929 kilom\u00e9tert tettek meg \u00e9s csaknem sz\u00e1zezer l\u00e1togat\u00f3t sz\u00e1ll\u00edtottak. Egy nap \u00e1tlagosan 24 eCitaro vett r\u00e9szt a forgalomban, a legt\u00f6bb, 31 busz szeptember 8-\u00e1n k\u00f6zlekedett. Az elektromos buszok naponta \u00e1tlagosan 102 kilom\u00e9tert tettek meg \u00e9s \u00f6sszesen t\u00f6bb mint 20 tonna sz\u00e9n-dioxidt\u00f3l mentes\u00edtett\u00e9k a k\u00f6rnyezetet a d\u00edzelbuszokhoz k\u00e9pest. Ezt a mennyis\u00e9get hozz\u00e1vet\u0151legesen 300 kifejlett lombos fa k\u00f6tn\u00e9 meg egy \u00e9v alatt. Az eCitaro-k \u00e1tlagos fogyaszt\u00e1sa 1 kWh volt kilom\u00e9terenk\u00e9nt \u00e9s \u00f6sszesen t\u00f6bb mint 1,1 milli\u00f3 forint \u00fczemanyag k\u00f6lts\u00e9get takar\u00edtottak meg a d\u00edzelbuszokhoz k\u00e9pest. Emellett az \u00fatvonalak ment\u00e9n \u00e9rdemben cs\u00f6kkent a zajterhel\u00e9s \u00e9s a k\u00e1rosanyag-kibocs\u00e1t\u00e1s is, amely eg\u00e9szs\u00e9g\u00fcgyi szempontb\u00f3l j\u00e1r el\u0151ny\u00f6kkel.<\/p>\n\n\n\n<p>Weingartner Bal\u00e1zs, a HUMDA Zrt. eln\u00f6k-vez\u00e9rigazgat\u00f3ja hangs\u00falyozta, hogy hossz\u00fa t\u00e1von a multimobilit\u00e1s egyre nagyobb hangs\u00falyt kap az \u00dcgyn\u00f6ks\u00e9g m\u0171k\u00f6d\u00e9s\u00e9ben. A kev\u00e9sb\u00e9 k\u00f6rnyezetszennyez\u0151, z\u00f6ldebb k\u00f6zleked\u00e9si eszk\u00f6z\u00f6k min\u00e9l sz\u00e9lesebb k\u00f6r\u0171 haszn\u00e1lata, a modernebb j\u00e1rm\u0171\u00e1llom\u00e1ny \u00e9s a fenntarthat\u00f3s\u00e1g is fontos a HUMDA sz\u00e1m\u00e1ra.<\/p>\n\n\n\n<p>\u2013 A Z\u00f6ld Busz Program HUMDA-hoz ker\u00fcl\u00e9se ennek a folyamatnak egy rendk\u00edv\u00fcl fontos \u00e1llom\u00e1sa. Az \u00dcgyn\u00f6ks\u00e9g m\u00e1r eddig is sz\u00e1mos aktivit\u00e1s\u00e1n kereszt\u00fcl h\u00edvja \u00e9s h\u00edvta fel a figyelmet a kev\u00e9sb\u00e9 k\u00f6rnyezetszennyez\u0151, illetve a helyben z\u00e9r\u00f3 kibocs\u00e1t\u00e1s\u00fa j\u00e1rm\u0171vek haszn\u00e1lat\u00e1nak fontoss\u00e1g\u00e1ra. A jelenleg is zajl\u00f3 6 \u00e9s 14 \u00e9v k\u00f6z\u00f6tti gyermekeknek sz\u00f3l\u00f3, orsz\u00e1gos aut\u00f3-motorsport tehets\u00e9gkutat\u00f3 programsorozaton, a HUMDA Junior Gokart Challenge csal\u00e1di napjain p\u00e9ld\u00e1ul val\u00f3di elektromos gokartokon bizony\u00edthatj\u00e1k tud\u00e1sukat a legjobbak. A rendezv\u00e9nysorozaton a gyermekek megismerhetik a hibrid \u00e9s az elektromos technol\u00f3gi\u00e1kat, emellett k\u00f6zleked\u00e9sbiztons\u00e1gi \u00e9s k\u00f6rnyezetv\u00e9delmi eduk\u00e1ci\u00f3 is zajlik \u2013 emelte ki Weingartner Bal\u00e1zs eln\u00f6k-vez\u00e9rigazgat\u00f3.<\/p>\n","protected":false},"excerpt":{"rendered":"<p>A 2022-t\u0151l 2025-ig tart\u00f3 id\u0151szakban ker\u00fclhetnek majd forgalomba Magyarorsz\u00e1gon. A k\u00e9t h\u00e9ttel ezel\u0151tt Budapesten megrendezett Nemzetk\u00f6zi Eucharisztikus Kongresszuson 40 darab, a programban beszerzett elektromos meghajt\u00e1s\u00fa aut\u00f3busz sz\u00e1ll\u00edtotta az utasokat. A mintegy 100 ezer l\u00e1togat\u00f3t sz\u00e1ll\u00edt\u00f3, k\u00e1rosanyag-kibocs\u00e1t\u00e1s n\u00e9lk\u00fcl k\u00f6zleked\u0151 j\u00e1rm\u0171vek \u00f6sszesen csaknem 19 ezer kilom\u00e9tert tettek meg. Id\u00e9n szeptembert\u0151l a Z\u00f6ld Busz Programot a HUMDA Magyar [&hellip;]<\/p>\n","protected":false},"author":3,"featured_media":644,"comment_status":"open","ping_status":"open","sticky":false,"template":"","format":"standard","meta":{"footnotes":""},"categories":[1],"tags":[],"class_list":["post-643","post","type-post","status-publish","format-standard","has-post-thumbnail","hentry","category-egyeb"],"yoast_head":"<!-- This site is optimized with the Yoast SEO plugin v19.5.1 - https:\/\/yoast.com\/wordpress\/plugins\/seo\/ -->\n<title>1100 elektromos busz \u00e1llhat forgalomba a k\u00f6vetkez\u0151 \u00e9vekben | H\u00f3dszol\u00e1r<\/title>\n<meta name=\"robots\" content=\"noindex, follow, max-snippet:-1, max-image-preview:large, max-video-preview:-1\" \/>\n<meta property=\"og:locale\" content=\"hu_HU\" \/>\n<meta property=\"og:type\" content=\"article\" \/>\n<meta property=\"og:title\" content=\"1100 elektromos busz \u00e1llhat forgalomba a k\u00f6vetkez\u0151 \u00e9vekben | H\u00f3dszol\u00e1r\" \/>\n<meta property=\"og:description\" content=\"A 2022-t\u0151l 2025-ig tart\u00f3 id\u0151szakban ker\u00fclhetnek majd forgalomba Magyarorsz\u00e1gon. A k\u00e9t h\u00e9ttel ezel\u0151tt Budapesten megrendezett Nemzetk\u00f6zi Eucharisztikus Kongresszuson 40 darab, a programban beszerzett elektromos meghajt\u00e1s\u00fa aut\u00f3busz sz\u00e1ll\u00edtotta az utasokat. A mintegy 100 ezer l\u00e1togat\u00f3t sz\u00e1ll\u00edt\u00f3, k\u00e1rosanyag-kibocs\u00e1t\u00e1s n\u00e9lk\u00fcl k\u00f6zleked\u0151 j\u00e1rm\u0171vek \u00f6sszesen csaknem 19 ezer kilom\u00e9tert tettek meg. Id\u00e9n szeptembert\u0151l a Z\u00f6ld Busz Programot a HUMDA Magyar [&hellip;]\" \/>\n<meta property=\"og:url\" content=\"https:\/\/dev.kompaktdesign.hu\/hodszolar.hu\/2021\/09\/27\/1100-elektromos-busz-allhat-forgalomba-a-kovetkezo-evekben\/\" \/>\n<meta property=\"og:site_name\" content=\"H\u00f3dszol\u00e1r\" \/>\n<meta property=\"article:publisher\" content=\"https:\/\/www.facebook.com\/hodszolar\" \/>\n<meta property=\"article:published_time\" content=\"2021-09-27T13:54:15+00:00\" \/>\n<meta property=\"og:image\" content=\"https:\/\/dev.kompaktdesign.hu\/hodszolar.hu\/wp-content\/uploads\/2021\/09\/1885337ZoldbuszaNemzetkoziEucharisztikusKongresszuson2-scaled-1.jpg\" \/>\n\t<meta property=\"og:image:width\" content=\"922\" \/>\n\t<meta property=\"og:image:height\" content=\"615\" \/>\n\t<meta property=\"og:image:type\" content=\"image\/jpeg\" \/>\n<meta name=\"author\" content=\"H\u00f3dszol\u00e1r Kft.\" \/>\n<meta name=\"twitter:card\" content=\"summary_large_image\" \/>\n<meta name=\"twitter:label1\" content=\"Szerz\u0151:\" \/>\n\t<meta name=\"twitter:data1\" content=\"H\u00f3dszol\u00e1r Kft.\" \/>\n\t<meta name=\"twitter:label2\" content=\"Becs\u00fclt olvas\u00e1si id\u0151\" \/>\n\t<meta name=\"twitter:data2\" content=\"3 perc\" \/>\n<script type=\"application\/ld+json\" class=\"yoast-schema-graph\">{\"@context\":\"https:\/\/schema.org\",\"@graph\":[{\"@type\":\"Article\",\"@id\":\"https:\/\/dev.kompaktdesign.hu\/hodszolar.hu\/2021\/09\/27\/1100-elektromos-busz-allhat-forgalomba-a-kovetkezo-evekben\/#article\",\"isPartOf\":{\"@id\":\"https:\/\/dev.kompaktdesign.hu\/hodszolar.hu\/2021\/09\/27\/1100-elektromos-busz-allhat-forgalomba-a-kovetkezo-evekben\/\"},\"author\":{\"name\":\"H\u00f3dszol\u00e1r Kft.\",\"@id\":\"https:\/\/dev.kompaktdesign.hu\/hodszolar.hu\/#\/schema\/person\/a788af940a3d6b2829396312340dd08c\"},\"headline\":\"1100 elektromos busz \u00e1llhat forgalomba a k\u00f6vetkez\u0151 \u00e9vekben\",\"datePublished\":\"2021-09-27T13:54:15+00:00\",\"dateModified\":\"2021-09-27T13:54:15+00:00\",\"mainEntityOfPage\":{\"@id\":\"https:\/\/dev.kompaktdesign.hu\/hodszolar.hu\/2021\/09\/27\/1100-elektromos-busz-allhat-forgalomba-a-kovetkezo-evekben\/\"},\"wordCount\":836,\"commentCount\":0,\"publisher\":{\"@id\":\"https:\/\/dev.kompaktdesign.hu\/hodszolar.hu\/#organization\"},\"articleSection\":[\"Egy\u00e9b kateg\u00f3ria\"],\"inLanguage\":\"hu\",\"potentialAction\":[{\"@type\":\"CommentAction\",\"name\":\"Comment\",\"target\":[\"https:\/\/dev.kompaktdesign.hu\/hodszolar.hu\/2021\/09\/27\/1100-elektromos-busz-allhat-forgalomba-a-kovetkezo-evekben\/#respond\"]}]},{\"@type\":\"WebPage\",\"@id\":\"https:\/\/dev.kompaktdesign.hu\/hodszolar.hu\/2021\/09\/27\/1100-elektromos-busz-allhat-forgalomba-a-kovetkezo-evekben\/\",\"url\":\"https:\/\/dev.kompaktdesign.hu\/hodszolar.hu\/2021\/09\/27\/1100-elektromos-busz-allhat-forgalomba-a-kovetkezo-evekben\/\",\"name\":\"1100 elektromos busz \u00e1llhat forgalomba a k\u00f6vetkez\u0151 \u00e9vekben | H\u00f3dszol\u00e1r\",\"isPartOf\":{\"@id\":\"https:\/\/dev.kompaktdesign.hu\/hodszolar.hu\/#website\"},\"datePublished\":\"2021-09-27T13:54:15+00:00\",\"dateModified\":\"2021-09-27T13:54:15+00:00\",\"breadcrumb\":{\"@id\":\"https:\/\/dev.kompaktdesign.hu\/hodszolar.hu\/2021\/09\/27\/1100-elektromos-busz-allhat-forgalomba-a-kovetkezo-evekben\/#breadcrumb\"},\"inLanguage\":\"hu\",\"potentialAction\":[{\"@type\":\"ReadAction\",\"target\":[\"https:\/\/dev.kompaktdesign.hu\/hodszolar.hu\/2021\/09\/27\/1100-elektromos-busz-allhat-forgalomba-a-kovetkezo-evekben\/\"]}]},{\"@type\":\"BreadcrumbList\",\"@id\":\"https:\/\/dev.kompaktdesign.hu\/hodszolar.hu\/2021\/09\/27\/1100-elektromos-busz-allhat-forgalomba-a-kovetkezo-evekben\/#breadcrumb\",\"itemListElement\":[{\"@type\":\"ListItem\",\"position\":1,\"name\":\"Kezd\u0151lap\",\"item\":\"https:\/\/dev.kompaktdesign.hu\/hodszolar.hu\/\"},{\"@type\":\"ListItem\",\"position\":2,\"name\":\"1100 elektromos busz \u00e1llhat forgalomba a k\u00f6vetkez\u0151 \u00e9vekben\"}]},{\"@type\":\"WebSite\",\"@id\":\"https:\/\/dev.kompaktdesign.hu\/hodszolar.hu\/#website\",\"url\":\"https:\/\/dev.kompaktdesign.hu\/hodszolar.hu\/\",\"name\":\"H\u00f3dszol\u00e1r\",\"description\":\"A v\u00e1s\u00e1rhelyi napelemes\",\"publisher\":{\"@id\":\"https:\/\/dev.kompaktdesign.hu\/hodszolar.hu\/#organization\"},\"potentialAction\":[{\"@type\":\"SearchAction\",\"target\":{\"@type\":\"EntryPoint\",\"urlTemplate\":\"https:\/\/dev.kompaktdesign.hu\/hodszolar.hu\/?s={search_term_string}\"},\"query-input\":\"required name=search_term_string\"}],\"inLanguage\":\"hu\"},{\"@type\":\"Organization\",\"@id\":\"https:\/\/dev.kompaktdesign.hu\/hodszolar.hu\/#organization\",\"name\":\"H\u00f3dszol\u00e1r Kft.\",\"url\":\"https:\/\/dev.kompaktdesign.hu\/hodszolar.hu\/\",\"sameAs\":[\"https:\/\/www.facebook.com\/hodszolar\"],\"logo\":{\"@type\":\"ImageObject\",\"inLanguage\":\"hu\",\"@id\":\"https:\/\/dev.kompaktdesign.hu\/hodszolar.hu\/#\/schema\/logo\/image\/\",\"url\":\"https:\/\/dev.kompaktdesign.hu\/hodszolar.hu\/wp-content\/uploads\/2021\/05\/fvicon.png\",\"contentUrl\":\"https:\/\/dev.kompaktdesign.hu\/hodszolar.hu\/wp-content\/uploads\/2021\/05\/fvicon.png\",\"width\":132,\"height\":132,\"caption\":\"H\u00f3dszol\u00e1r Kft.\"},\"image\":{\"@id\":\"https:\/\/dev.kompaktdesign.hu\/hodszolar.hu\/#\/schema\/logo\/image\/\"}},{\"@type\":\"Person\",\"@id\":\"https:\/\/dev.kompaktdesign.hu\/hodszolar.hu\/#\/schema\/person\/a788af940a3d6b2829396312340dd08c\",\"name\":\"H\u00f3dszol\u00e1r Kft.\",\"image\":{\"@type\":\"ImageObject\",\"inLanguage\":\"hu\",\"@id\":\"https:\/\/dev.kompaktdesign.hu\/hodszolar.hu\/#\/schema\/person\/image\/\",\"url\":\"https:\/\/secure.gravatar.com\/avatar\/38df000db6f2e93b7f0ccccf7714392424ca033738d34dfe71f19fdb70329830?s=96&d=mm&r=g\",\"contentUrl\":\"https:\/\/secure.gravatar.com\/avatar\/38df000db6f2e93b7f0ccccf7714392424ca033738d34dfe71f19fdb70329830?s=96&d=mm&r=g\",\"caption\":\"H\u00f3dszol\u00e1r Kft.\"},\"url\":\"https:\/\/dev.kompaktdesign.hu\/hodszolar.hu\/author\/hodszolar\/\"}]}<\/script>\n<!-- \/ Yoast SEO plugin. -->","yoast_head_json":{"title":"1100 elektromos busz \u00e1llhat forgalomba a k\u00f6vetkez\u0151 \u00e9vekben | H\u00f3dszol\u00e1r","robots":{"index":"noindex","follow":"follow","max-snippet":"max-snippet:-1","max-image-preview":"max-image-preview:large","max-video-preview":"max-video-preview:-1"},"og_locale":"hu_HU","og_type":"article","og_title":"1100 elektromos busz \u00e1llhat forgalomba a k\u00f6vetkez\u0151 \u00e9vekben | H\u00f3dszol\u00e1r","og_description":"A 2022-t\u0151l 2025-ig tart\u00f3 id\u0151szakban ker\u00fclhetnek majd forgalomba Magyarorsz\u00e1gon. A k\u00e9t h\u00e9ttel ezel\u0151tt Budapesten megrendezett Nemzetk\u00f6zi Eucharisztikus Kongresszuson 40 darab, a programban beszerzett elektromos meghajt\u00e1s\u00fa aut\u00f3busz sz\u00e1ll\u00edtotta az utasokat. A mintegy 100 ezer l\u00e1togat\u00f3t sz\u00e1ll\u00edt\u00f3, k\u00e1rosanyag-kibocs\u00e1t\u00e1s n\u00e9lk\u00fcl k\u00f6zleked\u0151 j\u00e1rm\u0171vek \u00f6sszesen csaknem 19 ezer kilom\u00e9tert tettek meg. Id\u00e9n szeptembert\u0151l a Z\u00f6ld Busz Programot a HUMDA Magyar [&hellip;]","og_url":"https:\/\/dev.kompaktdesign.hu\/hodszolar.hu\/2021\/09\/27\/1100-elektromos-busz-allhat-forgalomba-a-kovetkezo-evekben\/","og_site_name":"H\u00f3dszol\u00e1r","article_publisher":"https:\/\/www.facebook.com\/hodszolar","article_published_time":"2021-09-27T13:54:15+00:00","og_image":[{"width":922,"height":615,"url":"https:\/\/dev.kompaktdesign.hu\/hodszolar.hu\/wp-content\/uploads\/2021\/09\/1885337ZoldbuszaNemzetkoziEucharisztikusKongresszuson2-scaled-1.jpg","type":"image\/jpeg"}],"author":"H\u00f3dszol\u00e1r Kft.","twitter_card":"summary_large_image","twitter_misc":{"Szerz\u0151:":"H\u00f3dszol\u00e1r Kft.","Becs\u00fclt olvas\u00e1si id\u0151":"3 perc"},"schema":{"@context":"https:\/\/schema.org","@graph":[{"@type":"Article","@id":"https:\/\/dev.kompaktdesign.hu\/hodszolar.hu\/2021\/09\/27\/1100-elektromos-busz-allhat-forgalomba-a-kovetkezo-evekben\/#article","isPartOf":{"@id":"https:\/\/dev.kompaktdesign.hu\/hodszolar.hu\/2021\/09\/27\/1100-elektromos-busz-allhat-forgalomba-a-kovetkezo-evekben\/"},"author":{"name":"H\u00f3dszol\u00e1r Kft.","@id":"https:\/\/dev.kompaktdesign.hu\/hodszolar.hu\/#\/schema\/person\/a788af940a3d6b2829396312340dd08c"},"headline":"1100 elektromos busz \u00e1llhat forgalomba a k\u00f6vetkez\u0151 \u00e9vekben","datePublished":"2021-09-27T13:54:15+00:00","dateModified":"2021-09-27T13:54:15+00:00","mainEntityOfPage":{"@id":"https:\/\/dev.kompaktdesign.hu\/hodszolar.hu\/2021\/09\/27\/1100-elektromos-busz-allhat-forgalomba-a-kovetkezo-evekben\/"},"wordCount":836,"commentCount":0,"publisher":{"@id":"https:\/\/dev.kompaktdesign.hu\/hodszolar.hu\/#organization"},"articleSection":["Egy\u00e9b kateg\u00f3ria"],"inLanguage":"hu","potentialAction":[{"@type":"CommentAction","name":"Comment","target":["https:\/\/dev.kompaktdesign.hu\/hodszolar.hu\/2021\/09\/27\/1100-elektromos-busz-allhat-forgalomba-a-kovetkezo-evekben\/#respond"]}]},{"@type":"WebPage","@id":"https:\/\/dev.kompaktdesign.hu\/hodszolar.hu\/2021\/09\/27\/1100-elektromos-busz-allhat-forgalomba-a-kovetkezo-evekben\/","url":"https:\/\/dev.kompaktdesign.hu\/hodszolar.hu\/2021\/09\/27\/1100-elektromos-busz-allhat-forgalomba-a-kovetkezo-evekben\/","name":"1100 elektromos busz \u00e1llhat forgalomba a k\u00f6vetkez\u0151 \u00e9vekben | H\u00f3dszol\u00e1r","isPartOf":{"@id":"https:\/\/dev.kompaktdesign.hu\/hodszolar.hu\/#website"},"datePublished":"2021-09-27T13:54:15+00:00","dateModified":"2021-09-27T13:54:15+00:00","breadcrumb":{"@id":"https:\/\/dev.kompaktdesign.hu\/hodszolar.hu\/2021\/09\/27\/1100-elektromos-busz-allhat-forgalomba-a-kovetkezo-evekben\/#breadcrumb"},"inLanguage":"hu","potentialAction":[{"@type":"ReadAction","target":["https:\/\/dev.kompaktdesign.hu\/hodszolar.hu\/2021\/09\/27\/1100-elektromos-busz-allhat-forgalomba-a-kovetkezo-evekben\/"]}]},{"@type":"BreadcrumbList","@id":"https:\/\/dev.kompaktdesign.hu\/hodszolar.hu\/2021\/09\/27\/1100-elektromos-busz-allhat-forgalomba-a-kovetkezo-evekben\/#breadcrumb","itemListElement":[{"@type":"ListItem","position":1,"name":"Kezd\u0151lap","item":"https:\/\/dev.kompaktdesign.hu\/hodszolar.hu\/"},{"@type":"ListItem","position":2,"name":"1100 elektromos busz \u00e1llhat forgalomba a k\u00f6vetkez\u0151 \u00e9vekben"}]},{"@type":"WebSite","@id":"https:\/\/dev.kompaktdesign.hu\/hodszolar.hu\/#website","url":"https:\/\/dev.kompaktdesign.hu\/hodszolar.hu\/","name":"H\u00f3dszol\u00e1r","description":"A v\u00e1s\u00e1rhelyi napelemes","publisher":{"@id":"https:\/\/dev.kompaktdesign.hu\/hodszolar.hu\/#organization"},"potentialAction":[{"@type":"SearchAction","target":{"@type":"EntryPoint","urlTemplate":"https:\/\/dev.kompaktdesign.hu\/hodszolar.hu\/?s={search_term_string}"},"query-input":"required name=search_term_string"}],"inLanguage":"hu"},{"@type":"Organization","@id":"https:\/\/dev.kompaktdesign.hu\/hodszolar.hu\/#organization","name":"H\u00f3dszol\u00e1r Kft.","url":"https:\/\/dev.kompaktdesign.hu\/hodszolar.hu\/","sameAs":["https:\/\/www.facebook.com\/hodszolar"],"logo":{"@type":"ImageObject","inLanguage":"hu","@id":"https:\/\/dev.kompaktdesign.hu\/hodszolar.hu\/#\/schema\/logo\/image\/","url":"https:\/\/dev.kompaktdesign.hu\/hodszolar.hu\/wp-content\/uploads\/2021\/05\/fvicon.png","contentUrl":"https:\/\/dev.kompaktdesign.hu\/hodszolar.hu\/wp-content\/uploads\/2021\/05\/fvicon.png","width":132,"height":132,"caption":"H\u00f3dszol\u00e1r Kft."},"image":{"@id":"https:\/\/dev.kompaktdesign.hu\/hodszolar.hu\/#\/schema\/logo\/image\/"}},{"@type":"Person","@id":"https:\/\/dev.kompaktdesign.hu\/hodszolar.hu\/#\/schema\/person\/a788af940a3d6b2829396312340dd08c","name":"H\u00f3dszol\u00e1r Kft.","image":{"@type":"ImageObject","inLanguage":"hu","@id":"https:\/\/dev.kompaktdesign.hu\/hodszolar.hu\/#\/schema\/person\/image\/","url":"https:\/\/secure.gravatar.com\/avatar\/38df000db6f2e93b7f0ccccf7714392424ca033738d34dfe71f19fdb70329830?s=96&d=mm&r=g","contentUrl":"https:\/\/secure.gravatar.com\/avatar\/38df000db6f2e93b7f0ccccf7714392424ca033738d34dfe71f19fdb70329830?s=96&d=mm&r=g","caption":"H\u00f3dszol\u00e1r Kft."},"url":"https:\/\/dev.kompaktdesign.hu\/hodszolar.hu\/author\/hodszolar\/"}]}},"_links":{"self":[{"href":"https:\/\/dev.kompaktdesign.hu\/hodszolar.hu\/wp-json\/wp\/v2\/posts\/643","targetHints":{"allow":["GET"]}}],"collection":[{"href":"https:\/\/dev.kompaktdesign.hu\/hodszolar.hu\/wp-json\/wp\/v2\/posts"}],"about":[{"href":"https:\/\/dev.kompaktdesign.hu\/hodszolar.hu\/wp-json\/wp\/v2\/types\/post"}],"author":[{"embeddable":true,"href":"https:\/\/dev.kompaktdesign.hu\/hodszolar.hu\/wp-json\/wp\/v2\/users\/3"}],"replies":[{"embeddable":true,"href":"https:\/\/dev.kompaktdesign.hu\/hodszolar.hu\/wp-json\/wp\/v2\/comments?post=643"}],"version-history":[{"count":1,"href":"https:\/\/dev.kompaktdesign.hu\/hodszolar.hu\/wp-json\/wp\/v2\/posts\/643\/revisions"}],"predecessor-version":[{"id":645,"href":"https:\/\/dev.kompaktdesign.hu\/hodszolar.hu\/wp-json\/wp\/v2\/posts\/643\/revisions\/645"}],"wp:featuredmedia":[{"embeddable":true,"href":"https:\/\/dev.kompaktdesign.hu\/hodszolar.hu\/wp-json\/wp\/v2\/media\/644"}],"wp:attachment":[{"href":"https:\/\/dev.kompaktdesign.hu\/hodszolar.hu\/wp-json\/wp\/v2\/media?parent=643"}],"wp:term":[{"taxonomy":"category","embeddable":true,"href":"https:\/\/dev.kompaktdesign.hu\/hodszolar.hu\/wp-json\/wp\/v2\/categories?post=643"},{"taxonomy":"post_tag","embeddable":true,"href":"https:\/\/dev.kompaktdesign.hu\/hodszolar.hu\/wp-json\/wp\/v2\/tags?post=643"}],"curies":[{"name":"wp","href":"https:\/\/api.w.org\/{rel}","templated":true}]}}