{"id":646,"date":"2021-09-28T13:10:37","date_gmt":"2021-09-28T13:10:37","guid":{"rendered":"https:\/\/hodszolar.hu\/?p=646"},"modified":"2021-09-28T13:11:51","modified_gmt":"2021-09-28T13:11:51","slug":"lapos-tetod-van-szamunkra-nincs-akadaly","status":"publish","type":"post","link":"https:\/\/dev.kompaktdesign.hu\/hodszolar.hu\/2021\/09\/28\/lapos-tetod-van-szamunkra-nincs-akadaly\/","title":{"rendered":"Lapos tet\u0151d van? Sz\u00e1munkra nincs akad\u00e1ly!"},"content":{"rendered":"\n<p>Sokaknak a napelemes rendszer hallat\u00e1n csak a napelem \u00e9s az inverter jut esz\u00e9be, pedig az ingatlan adotts\u00e1gai mellett \u2013 amir\u0151l <a href=\"https:\/\/dev.kompaktdesign.hu\/hodszolar.hu\/2021\/09\/17\/mire-figyeljunk-ha-napelemes-rendszert-szeretnenk\/\">itt<\/a> \u00edrtunk kor\u00e1bban \u2013 a tart\u00f3szerkezetnek \u00e9ppen olyan kiemelt szerepe van, hiszen biztos\u00edtja a napelemek megfelel\u0151 r\u00f6gz\u00edt\u00e9s\u00e9t, valamint a termel\u00e9s m\u00e9rt\u00e9k\u00e9re, \u00e9s \u00edgy a rendszer megt\u00e9r\u00fcl\u00e9si idej\u00e9re is hat\u00e1ssal van. A telep\u00edt\u00e9s\u00e9n\u00e9l \u00fcgyelni kell arra, hogy a tart\u00f3szerkezet alkot\u00f3elemei megfelel\u0151 min\u0151s\u00e9g\u0171, id\u0151j\u00e1r\u00e1snak ellen\u00e1ll\u00f3 anyagokb\u00f3l \u00e1lljanak \u00f6ssze.<\/p>\n\n\n\n<p>A h\u00e1ztart\u00e1sok \u00e9s a v\u00e1llalkoz\u00e1sok eset\u00e9ben a napelem tart\u00f3szerkezet tet\u0151re ker\u00fcl a leggyakrabban felszerel\u00e9sre. Ennek egyszer\u0171 a magyar\u00e1zata, mert ott \u00e1ll rendelkez\u00e9sre elegend\u0151 szabad \u00e9s kihaszn\u00e1latlan fel\u00fclet arra, hogy a panelek elhelyez\u00e9sre ker\u00fcljenek.<\/p>\n\n\n\n<p>Amennyiben k\u00f6lts\u00e9goldalr\u00f3l k\u00f6zel\u00edtj\u00fck meg a dolgot, azt mondhatjuk, hogy a rendszer \u00e1r\u00e1nak nagyj\u00e1b\u00f3l 10-20%-\u00e1t teszi ki a napelem tart\u00f3szerkezet k\u00f6lts\u00e9ge. Teh\u00e1t ebb\u0151l is l\u00e1tszik, hogy fontos elem\u00e9t k\u00e9pezik a tart\u00f3szerkezetek a napelemes rendszernek.<\/p>\n\n\n\n<p>Egyre gyakrabban tal\u00e1lkozhatunk 3\u00b0-n\u00e1l kisebb d\u0151l\u00e9ssz\u00f6g\u0171 lapos tet\u0151vel kereskedelmi \u00e9s ipari l\u00e9tes\u00edtm\u00e9nyekn\u00e9l. A lapostet\u0151s \u00e9p\u00fcletek m\u00e9rete \u00e9s a tet\u0151fed\u0151 anyag is sokf\u00e9le lehet. Ezenk\u00edv\u00fcl a lapos tet\u0151k\u00f6n sz\u00e1mtalan akad\u00e1ly, p\u00e9ld\u00e1ul k\u00e9m\u00e9ny, szell\u0151z\u0151- vagy k\u00fclt\u00e9ri egys\u00e9g is nehez\u00edtheti a napelemek telep\u00edt\u00e9s\u00e9t.<\/p>\n\n\n\n<p>Lapos tet\u0151 eset\u00e9ben speci\u00e1lis szerkezetre van sz\u00fcks\u00e9g, hogy a panelekre vet\u00fcl\u0151 f\u00e9ny bees\u00e9si sz\u00f6ge ide\u00e1lis legyen, amit a ferde tet\u0151vel ellent\u00e9tben, mesters\u00e9gesen kell el\u0151teremteni. A napelemek megfelel\u0151 d\u0151l\u00e9ssz\u00f6g\u00e9t itt ugyanis nem a tet\u0151 d\u0151l\u00e9ssz\u00f6ge adja meg, hanem a tart\u00f3szerkezet biztos\u00edtja. Viszont ebben az esetben sz\u00e1molni kell a sz\u00e9lterhel\u00e9ssel, mert a sz\u00e9l \u00edgy k\u00f6nnyen a napelemek al\u00e1 kap \u00e9s hatalmas fel\u00fcletet nyom felfel\u00e9 folyamatosan. Ebben az esetben viszont hatalmas el\u0151ny az, hogy megval\u00f3s\u00edthat\u00f3 a napelemek sz\u00e1m\u00e1ra legjobb t\u00e1jol\u00e1s, vagyis d\u00e9l fel\u00e9 tervezhetj\u00fck rendszer\u00fcnket, a legt\u00f6bbet hasznos\u00edtva a napsug\u00e1rz\u00e1sb\u00f3l.<\/p>\n\n\n\n<p>Ezen t\u00e9nyez\u0151k miatt sokoldal\u00fa \u00e9s rugalmas megold\u00e1sokra van sz\u00fcks\u00e9g, amelyek lehet\u0151v\u00e9 teszik, hogy a napelem modulok telep\u00edt\u00e9se sor\u00e1n ne kelljen megbontani (\u00e9s ez\u00e9rt k\u00e1ros\u00edtani) a tet\u0151szerkezetet, illetve, hogy a besug\u00e1rz\u00e1s szempontj\u00e1b\u00f3l ide\u00e1lis helyzetben lehessen felszerelni a napelemeket.<\/p>\n\n\n\n<p>Ugyanakkor a napelem tart\u00f3szerkezeteknek k\u00fcl\u00f6nb\u00f6z\u0151 t\u00edpusai l\u00e9teznek att\u00f3l f\u00fcgg\u0151en, hogy milyen lapostet\u0151re is t\u00f6rt\u00e9nik a telep\u00edt\u00e9s. A k\u00f6vetkez\u0151kben bemutatjuk ezeket a fajt\u00e1kat.<\/p>\n\n\n\n<p>A napelem tart\u00f3szerkezet lapos tet\u0151re t\u00f6bbf\u00e9le m\u00f3don r\u00f6gz\u00edthet\u0151. Egyr\u00e9szt les\u00falyoz\u00e1ssal betonelemek haszn\u00e1lat\u00e1val, m\u00e1sr\u00e9szt a f\u00f6d\u00e9mhez val\u00f3 r\u00f6gz\u00edt\u00e9ssel, lehorgonyz\u00e1ssal. A s\u00faly nem m\u00e9rvad\u00f3 a tart\u00f3szerkezet lapos tet\u0151re t\u00f6rt\u00e9n\u0151 telep\u00edt\u00e9sekor, \u00edgy m\u00e1r van lehet\u0151s\u00e9g nehezebb, de olcs\u00f3bb megold\u00e1sok felhaszn\u00e1l\u00e1s\u00e1ra is. Enn\u00e9l a telep\u00edt\u00e9sn\u00e9l 2 f\u00e9le m\u00f3d l\u00e9tezik az elhelyez\u00e9sre, kiemel\u00e9ssel (megfelel\u0151 d\u0151l\u00e9ssz\u00f6g be\u00e1ll\u00edt\u00e1s\u00e1val) vagy k\u00e9toldalas elhelyez\u00e9ssel (keleti-nyugati t\u00e1jol\u00e1s).<\/p>\n\n\n\n<p>Lemez lapos tet\u0151 eset\u00e9ben a kiemel\u0151 h\u00e1romsz\u00f6gek vannak seg\u00edts\u00e9g\u00fcnkre, amelyek 15\u00b0 \u00e9s 25\u00b0 kivitelben el\u00e9rhet\u0151ek.<\/p>\n\n\n\n<div class=\"wp-block-image\"><figure class=\"aligncenter size-full is-resized\"><img loading=\"lazy\" decoding=\"async\" src=\"https:\/\/dev.kompaktdesign.hu\/hodszolar.hu\/wp-content\/uploads\/2021\/09\/kep-9.png\" alt=\"\" class=\"wp-image-647\" width=\"417\" height=\"301\"\/><\/figure><\/div>\n\n\n\n<p>Lemez tet\u0151 eset\u00e9ben egy saj\u00e1t fejleszt\u00e9s is opci\u00f3 lehet, amely egy norm\u00e1l profil alap\u00fa s\u00ednb\u0151l \u00e9s egy trap\u00e9zlemez s\u00ednb\u0151l tev\u0151dik \u00f6ssze. A k\u00e9t k\u00fcl\u00f6nb\u00f6z\u0151 magass\u00e1g\u00fa s\u00edn kever\u00e9s\u00e9vel egy minim\u00e1lis d\u0151l\u00e9ssz\u00f6get adunk a paneleknek.<\/p>\n\n\n\n<figure class=\"wp-block-image size-full\"><img loading=\"lazy\" decoding=\"async\" width=\"2272\" height=\"1704\" src=\"https:\/\/dev.kompaktdesign.hu\/hodszolar.hu\/wp-content\/uploads\/2021\/09\/DSCN1282.jpg\" alt=\"\" class=\"wp-image-654\"\/><\/figure>\n\n\n\n<p>A napelemek termel\u0151k\u00e9pess\u00e9g\u00e9nek maximaliz\u00e1l\u00e1sa mellett sz\u00e1mos el\u0151nnyel j\u00e1r ez a fajta d\u00f6nt\u00e9s. A lejt\u00e9s seg\u00edt az id\u0151j\u00e1r\u00e1snak k\u00f6sz\u00f6nhet\u0151 term\u00e9szetes \u00f6ntisztul\u00e1sban, ez\u00e1ltal nem romlik egy modul teljes\u00edtm\u00e9nye sem szennyez\u0151d\u00e9s (lev\u00e9l, mad\u00e1r\u00fcr\u00fcl\u00e9k, megsz\u00e1radt csapad\u00e9k) miatt. \u00d3ri\u00e1si t\u00e9vhit, hogy min\u00e9l melegebb van, ann\u00e1l t\u00f6bbet termel a napelem\u00fcnk. A napelemek magasabb termel\u00e9se ugyanis a naps\u00fct\u00e9ssel f\u00fcgg \u00f6ssze \u00e9s nem a meleggel, ha t\u00falhev\u00fcl a panel, akkor az termel\u00e9scs\u00f6kken\u00e9shez fog vezetni. \u00cdgy teh\u00e1t \u00e1tlagosan elmondhat\u00f3, hogy m\u00e1jusban \u00e9s okt\u00f3berben a legide\u00e1lisabb a termel\u00e9s\u00fcnk, ugyanis a naps\u00fct\u00e9ses \u00f3r\u00e1k sz\u00e1ma m\u00e9g ekkor igen magas, azonban m\u00e1r nincsenek olyan magas h\u0151m\u00e9rs\u00e9kletek. Ny\u00e1ron annyival melegebbek a panelek, hogy hi\u00e1ba s\u00fct t\u00f6bbet a nap p\u00e1r \u00f3r\u00e1val, a termel\u00e9s nem lesz kedvez\u0151bb a t\u00falhev\u00fclt modulok miatt. Viszont, ha p\u00e9ld\u00e1ul eg\u00e9sz nap locsoln\u00e1nk a paneleket, ezzel h\u0171tve azokat, sokkal kiemelked\u0151bb lenne a hozam is. A t\u00falhev\u00fcl\u00e9s miatt ugyanis egy bizonyos teljes\u00edtm\u00e9ny f\u00f6l\u00e9 nem tudnak menni a napelemek, ez\u00e9rt ha t\u00f6bbet termel, mint amennyit az inverter be tud engedni a h\u00e1l\u00f3zatba, akkor lecsapja azt.<\/p>\n\n\n\n<p>M\u00e1s t\u00edpus\u00fa lapos tet\u0151n\u00e9l (p\u00e9ld\u00e1ul bitumen, EPDM vagy beton) pedig a s\u00falyozott rendszert tudjuk javasolni, amelynek k\u00e9t fajt\u00e1ja l\u00e9tezik. Ha korl\u00e1tozott a telep\u00edt\u00e9si fel\u00fclet az ig\u00e9nyelt rendszerm\u00e9rethez k\u00e9pest \u00e9s nem tudjuk b\u00e1rmelyik ir\u00e1nyba elhelyezni a paneleket vagy tet\u0151ablak, k\u00e9m\u00e9ny, esetleg a ki\u00e9p\u00edtett vill\u00e1mv\u00e9delem miatt meg van k\u00f6tve a kez\u00fcnk a tervez\u00e9st illet\u0151en, akkor gondolkozhatunk a kelet-nyugati t\u00e1jol\u00e1s\u00fa s\u00falyozott r\u00f6gz\u00edt\u0151 rendszerben.<\/p>\n\n\n\n<figure class=\"wp-block-image size-full\"><img loading=\"lazy\" decoding=\"async\" width=\"2272\" height=\"1704\" src=\"https:\/\/dev.kompaktdesign.hu\/hodszolar.hu\/wp-content\/uploads\/2021\/09\/DSCN1336.jpg\" alt=\"\" class=\"wp-image-655\"\/><\/figure>\n\n\n\n<figure class=\"wp-block-image size-full\"><img loading=\"lazy\" decoding=\"async\" width=\"2271\" height=\"1344\" src=\"https:\/\/dev.kompaktdesign.hu\/hodszolar.hu\/wp-content\/uploads\/2021\/09\/DSCN1409.jpg\" alt=\"\" class=\"wp-image-656\"\/><\/figure>\n\n\n\n<p>Egy\u00e9bk\u00e9nt pedig els\u0151sorban a dr\u00e1g\u00e1bb, d\u00e9l t\u00e1jol\u00e1s\u00fa rendszer, (de sajnos hely szempontj\u00e1b\u00f3l nem a leggazdas\u00e1gosabb) lesz a sz\u00e1munkra legide\u00e1lisabb.<\/p>\n\n\n\n<figure class=\"wp-block-image size-full is-resized\"><img loading=\"lazy\" decoding=\"async\" src=\"https:\/\/dev.kompaktdesign.hu\/hodszolar.hu\/wp-content\/uploads\/2021\/09\/kep-19.png\" alt=\"\" class=\"wp-image-665\" width=\"842\" height=\"579\"\/><\/figure>\n\n\n\n<p>A napelem tart\u00f3szerkezet f\u00f6ldre is telep\u00edthet\u0151, nem csak tet\u0151re. Ez a telep\u00edt\u00e9si t\u00edpus t\u00f6bbnyire a nagyobb rendszerekn\u00e9l, vagy minim\u00e1lis tet\u0151fel\u00fcletek helyettes\u00edt\u00e9sekor ker\u00fcl alkalmaz\u00e1sra. A f\u00f6ldre telep\u00edtett napelem tart\u00f3szerkezet \u00e9s a rajta elhelyezked\u0151 napelemek egy\u00fcttes\u00e9t m\u00e1s nev\u00e9n szabadon \u00e1ll\u00f3 rendszerk\u00e9nt is szokt\u00e1k nevezni. A napelemes tart\u00f3szerkezet talajra t\u00f6rt\u00e9n\u0151 telep\u00edt\u00e9s\u00e9n\u00e9l szint\u00e9n t\u00f6bb megold\u00e1st is alkalmaznak a megfelel\u0151 r\u00f6gz\u00edt\u00e9shez:<\/p>\n\n\n\n<ul class=\"wp-block-list\"><li>c\u00f6l\u00f6p\u00f6z\u00f6tt, lehorgonyzott, betonozott rendszerek<\/li><li>talajcsavaros rendszerek<\/li><li>les\u00falyozott rendszerek<\/li><li>nap\u00e1ll\u00e1sk\u00f6vet\u0151 rendszerek<\/li><\/ul>\n\n\n\n<figure class=\"wp-block-image size-full\"><img loading=\"lazy\" decoding=\"async\" width=\"1200\" height=\"800\" src=\"https:\/\/dev.kompaktdesign.hu\/hodszolar.hu\/wp-content\/uploads\/2021\/09\/napelem-foldre.jpg\" alt=\"\" class=\"wp-image-657\"\/><\/figure>\n\n\n\n<p>A szabadon \u00e1ll\u00f3 napelemes rendszerek egyik speci\u00e1lis t\u00edpusa a napk\u00f6vet\u0151 rendszerek. Ezeknek k\u00e9t alt\u00edpusa is ismert, azok, amelyekn\u00e9l a hajl\u00e1ssz\u00f6g m\u00f3dos\u00edt\u00f3 (egytengelyes), illetve a napj\u00e1r\u00e1st k\u00f6vet\u0151 (k\u00e9ttengelyes) rendszerek. Ezek a t\u00edpusok viszont j\u00f3val k\u00f6lts\u00e9gesebbek, mint a fix kialak\u00edt\u00e1s\u00faak.<\/p>\n\n\n\n<figure class=\"wp-block-gallery columns-2 is-cropped wp-block-gallery-1 is-layout-flex wp-block-gallery-is-layout-flex\"><ul class=\"blocks-gallery-grid\"><li class=\"blocks-gallery-item\"><figure><img loading=\"lazy\" decoding=\"async\" width=\"1500\" height=\"844\" src=\"https:\/\/dev.kompaktdesign.hu\/hodszolar.hu\/wp-content\/uploads\/2021\/09\/Blogfoto\u0301k-11-1.png\" alt=\"\" data-id=\"658\" data-link=\"https:\/\/dev.kompaktdesign.hu\/hodszolar.hu\/?attachment_id=658\" class=\"wp-image-658\"\/><\/figure><\/li><li class=\"blocks-gallery-item\"><figure><img loading=\"lazy\" decoding=\"async\" width=\"1200\" height=\"1200\" src=\"https:\/\/dev.kompaktdesign.hu\/hodszolar.hu\/wp-content\/uploads\/2021\/09\/residential.jpg\" alt=\"\" data-id=\"659\" data-link=\"https:\/\/dev.kompaktdesign.hu\/hodszolar.hu\/?attachment_id=659\" class=\"wp-image-659\"\/><\/figure><\/li><\/ul><\/figure>\n\n\n\n<p><strong>K\u00fcl\u00f6nleges tart\u00f3szerkezetek<\/strong><\/p>\n\n\n\n<p>L\u00e9teznek m\u00e9g \u00fagynevezett k\u00fcl\u00f6nleges tart\u00f3szerkezetek is, melyek saj\u00e1tos alkalmaz\u00e1st tesznek lehet\u0151v\u00e9. Ilyen rendszer p\u00e9ld\u00e1ul:<\/p>\n\n\n\n<ul class=\"wp-block-list\"><li>a tet\u0151be integr\u00e1lt napelemes rendszer, ahol a napelemek gyakorlatilag a cserepekkel ker\u00fclnek egy s\u00edkba \u00e9s k\u00f6zvetlen\u00fcl a szaruf\u00e1kra ker\u00fclnek r\u00f6gz\u00edt\u00e9sre<\/li><li>a napelemes teraszok, parkol\u00f3k, agrovoltaikus rendszerek, ahol egy igen magas tart\u00f3szerkezetet sz\u00fcks\u00e9ges fel\u00e9p\u00edteni<\/li><\/ul>\n\n\n\n<p>Ki szeretn\u00e9nk hangs\u00falyozni, hogy a napelemes rendszer telep\u00edt\u00e9s\u00e9t csak megfelel\u0151 szak\u00e9rtelemmel, technol\u00f3gia-, alkatr\u00e9sz- \u00e9s anyagismerettel b\u00edr\u00f3 szakemberekre szabad r\u00e1b\u00edzni. A kivitelez\u0151k \u00e1ltal leggyakrabban elk\u00f6vetett \u00e9s elker\u00fclend\u0151 hib\u00e1k a k\u00f6vetkez\u0151k:<\/p>\n\n\n\n<ul class=\"wp-block-list\"><li>olcs\u00f3, gyenge min\u0151s\u00e9g\u0171 elemek ker\u00fcltek felhaszn\u00e1l\u00e1sra \u2013 mi n\u00e9met gy\u00e1rtm\u00e1ny\u00fa W\u00fcrth tart\u00f3szerkezetet haszn\u00e1lunk, amelyre 10 \u00e9v garanci\u00e1t biztos\u00edt a gy\u00e1rt\u00f3<\/li><li>a napelemek leszor\u00edt\u00e1sa nem megfelel\u0151 a tart\u00f3szerkezeten \u2013 koll\u00e9g\u00e1ink szakk\u00e9pzetts\u00e9g\u00e9re kimagasl\u00f3 figyelmet ford\u00edtunk<\/li><li>a napelemek t\u00e1jol\u00e1s\u00e1nak \u00e9s\/vagy d\u0151l\u00e9ssz\u00f6g\u00e9nek be\u00e1ll\u00edt\u00e1sa nem ide\u00e1lis \u2013 mint ahogy <a href=\"https:\/\/dev.kompaktdesign.hu\/hodszolar.hu\/2021\/09\/17\/mire-figyeljunk-ha-napelemes-rendszert-szeretnenk\/\">blogbejegyz\u00e9s\u00fcnkben<\/a> is \u00f6sszeszedt\u00fck, minden szempontot figyelembe vesz\u00fcnk a napelemes rendszer tervez\u00e9s\u00e9n\u00e9l<\/li><li>egy objektum (k\u00e9m\u00e9ny, fa oszlop) \u00e1rny\u00e9kot vet a napelemekre \u2013 minden esetben ragaszkodunk a helysz\u00edni felm\u00e9r\u00e9shez, melyet t\u00e9r\u00edt\u00e9smentesen v\u00e9gz\u00fcnk, \u00edgy m\u00e9g akkor meggy\u0151z\u0151d\u00fcnk arr\u00f3l, hogy a k\u00f6r\u00fclm\u00e9nyekhez k\u00e9pest a legide\u00e1lisabb elhelyez\u00e9st v\u00e1lasszuk napelemeinek<\/li><li>nem a megfelel\u0151 r\u00f6gz\u00edt\u0151k ker\u00fclnek alkalmaz\u00e1sra \u2013 a helysz\u00edni felm\u00e9r\u00e9s sor\u00e1n, koll\u00e9g\u00e1nk mindig ellen\u0151rzi, hogy cser\u00e9p vagy lemez a telep\u00edt\u00e9s fel\u00fclete \u00e9s azon bel\u00fcl is n\u00e9zz\u00fck a t\u00edpust, \u00edgy a kivitelez\u00e9sre felk\u00e9sz\u00fclten megy\u00fcnk<\/li><\/ul>\n\n\n\n<p>A W\u00fcrth \u00e1ll\u00edthat\u00f3 tet\u0151kamp\u00f3j\u00e1nak k\u00f6sz\u00f6nhet\u0151en, nincs sz\u00fcks\u00e9g minden cser\u00e9p t\u00edpusn\u00e1l m\u00e1sfajta tart\u00f3ra. Egyetlen mozdulattal minden m\u00e9rethez igaz\u00edtani tudjuk a r\u00f6gz\u00edt\u0151elemet.<\/p>\n\n\n\n<div class=\"wp-block-image\"><figure class=\"aligncenter is-resized\"><img loading=\"lazy\" decoding=\"async\" src=\"https:\/\/media.wuerth.com\/source\/eshop\/stmedia\/wuerth\/images\/std.lang.all\/resolutions\/category\/576px\/39891.jpg\" alt=\"V\u00e1s\u00e1roljon online Tet\u0151kamp\u00f3, alum\u00edn., 7 mm-es talpfurat kateg\u00f3ri\u00e1nkb\u00f3l\" width=\"344\" height=\"344\"\/><\/figure><\/div>\n\n\n\n<p>Cser\u00e9p tet\u0151n\u00e9l h\u00e1romm\u00e9teres s\u00edneket, m\u00edg lemez tet\u0151n\u00e9l trap\u00e9z s\u00ednt haszn\u00e1lunk.<\/p>\n\n\n\n<figure class=\"wp-block-image size-full is-resized\"><img loading=\"lazy\" decoding=\"async\" src=\"https:\/\/dev.kompaktdesign.hu\/hodszolar.hu\/wp-content\/uploads\/2021\/09\/kep-18.png\" alt=\"\" class=\"wp-image-662\" width=\"411\" height=\"308\"\/><\/figure>\n\n\n\n<figure class=\"wp-block-image size-full is-resized\"><img loading=\"lazy\" decoding=\"async\" src=\"https:\/\/dev.kompaktdesign.hu\/hodszolar.hu\/wp-content\/uploads\/2021\/09\/kep-16.png\" alt=\"\" class=\"wp-image-660\" width=\"410\" height=\"308\"\/><\/figure>\n\n\n\n<ul class=\"wp-block-list\"><li>k\u00f6nnyen korrod\u00e1l\u00f3d\u00f3 tart\u00f3szerkezeti elemek ker\u00fclnek felhaszn\u00e1l\u00e1sra \u2013 min\u0151s\u00e9gi, alum\u00ednium r\u00f6gz\u00edt\u0151 elemeket haszn\u00e1lunk minden kivitelez\u00e9sn\u00e9l<\/li><li>az elemek hib\u00e1san, pontatlanul ker\u00fclnek \u00f6sszeszerel\u00e9sre \u2013 t\u00f6bb\u00e9ves tapasztalatunk alatt sokf\u00e9le tet\u0151vel tal\u00e1lkoztunk, koll\u00e9g\u00e1ink rutinosak minden tart\u00f3 t\u00edpus szerel\u00e9s\u00e9ben<\/li><li>a tart\u00f3szerkezet hanyag felszerel\u00e9se miatt nem \u00e1ll ellen az id\u0151j\u00e1r\u00e1si viszonyoknak \u2013 nagyobb rendszerekn\u00e9l k\u00fcl\u00f6n napon el\u0151szerelj\u00fck a tart\u00f3szerkezetet, a megfelel\u0151 mennyis\u00e9g\u0171 id\u0151t r\u00e1sz\u00e1nva, \u00edgy kevesebb a hib\u00e1z\u00e1si lehet\u0151s\u00e9g \u00e9s nem lesz \u00f6sszecsapott az \u00e1tadott munka<\/li><\/ul>\n\n\n\n<p><strong><em>Olyan kivitelez\u0151t szeretn\u00e9l, aki minden szempontot figyelembe vesz \u00e9s szem\u00e9lyre szabva tervezi meg napelemes rendszered, hogy ne \u00e9rjen csal\u00f3d\u00e1s a termel\u00e9st illet\u0151en? V\u00e1laszd a H\u00f3dszol\u00e1r Kft-t!<\/em><\/strong><\/p>\n","protected":false},"excerpt":{"rendered":"<p>Sokaknak a napelemes rendszer hallat\u00e1n csak a napelem \u00e9s az inverter jut esz\u00e9be, pedig az ingatlan adotts\u00e1gai mellett \u2013 amir\u0151l itt \u00edrtunk kor\u00e1bban \u2013 a tart\u00f3szerkezetnek \u00e9ppen olyan kiemelt szerepe van, hiszen biztos\u00edtja a napelemek megfelel\u0151 r\u00f6gz\u00edt\u00e9s\u00e9t, valamint a termel\u00e9s m\u00e9rt\u00e9k\u00e9re, \u00e9s \u00edgy a rendszer megt\u00e9r\u00fcl\u00e9si idej\u00e9re is hat\u00e1ssal van. A telep\u00edt\u00e9s\u00e9n\u00e9l \u00fcgyelni kell arra, [&hellip;]<\/p>\n","protected":false},"author":3,"featured_media":663,"comment_status":"open","ping_status":"open","sticky":false,"template":"","format":"standard","meta":{"footnotes":""},"categories":[1],"tags":[],"class_list":["post-646","post","type-post","status-publish","format-standard","has-post-thumbnail","hentry","category-egyeb"],"yoast_head":"<!-- This site is optimized with the Yoast SEO plugin v19.5.1 - https:\/\/yoast.com\/wordpress\/plugins\/seo\/ -->\n<title>Lapos tet\u0151d van? Sz\u00e1munkra nincs akad\u00e1ly! | H\u00f3dszol\u00e1r<\/title>\n<meta name=\"robots\" content=\"noindex, follow, max-snippet:-1, max-image-preview:large, max-video-preview:-1\" \/>\n<meta property=\"og:locale\" content=\"hu_HU\" \/>\n<meta property=\"og:type\" content=\"article\" \/>\n<meta property=\"og:title\" content=\"Lapos tet\u0151d van? Sz\u00e1munkra nincs akad\u00e1ly! | H\u00f3dszol\u00e1r\" \/>\n<meta property=\"og:description\" content=\"Sokaknak a napelemes rendszer hallat\u00e1n csak a napelem \u00e9s az inverter jut esz\u00e9be, pedig az ingatlan adotts\u00e1gai mellett \u2013 amir\u0151l itt \u00edrtunk kor\u00e1bban \u2013 a tart\u00f3szerkezetnek \u00e9ppen olyan kiemelt szerepe van, hiszen biztos\u00edtja a napelemek megfelel\u0151 r\u00f6gz\u00edt\u00e9s\u00e9t, valamint a termel\u00e9s m\u00e9rt\u00e9k\u00e9re, \u00e9s \u00edgy a rendszer megt\u00e9r\u00fcl\u00e9si idej\u00e9re is hat\u00e1ssal van. A telep\u00edt\u00e9s\u00e9n\u00e9l \u00fcgyelni kell arra, [&hellip;]\" \/>\n<meta property=\"og:url\" content=\"https:\/\/dev.kompaktdesign.hu\/hodszolar.hu\/2021\/09\/28\/lapos-tetod-van-szamunkra-nincs-akadaly\/\" \/>\n<meta property=\"og:site_name\" content=\"H\u00f3dszol\u00e1r\" \/>\n<meta property=\"article:publisher\" content=\"https:\/\/www.facebook.com\/hodszolar\" \/>\n<meta property=\"article:published_time\" content=\"2021-09-28T13:10:37+00:00\" \/>\n<meta property=\"article:modified_time\" content=\"2021-09-28T13:11:51+00:00\" \/>\n<meta property=\"og:image\" content=\"https:\/\/dev.kompaktdesign.hu\/hodszolar.hu\/wp-content\/uploads\/2021\/09\/DSCN1341.jpg\" \/>\n\t<meta property=\"og:image:width\" content=\"2272\" \/>\n\t<meta property=\"og:image:height\" content=\"1704\" \/>\n\t<meta property=\"og:image:type\" content=\"image\/jpeg\" \/>\n<meta name=\"author\" content=\"H\u00f3dszol\u00e1r Kft.\" \/>\n<meta name=\"twitter:card\" content=\"summary_large_image\" \/>\n<meta name=\"twitter:label1\" content=\"Szerz\u0151:\" \/>\n\t<meta name=\"twitter:data1\" content=\"H\u00f3dszol\u00e1r Kft.\" \/>\n\t<meta name=\"twitter:label2\" content=\"Becs\u00fclt olvas\u00e1si id\u0151\" \/>\n\t<meta name=\"twitter:data2\" content=\"7 perc\" \/>\n<script type=\"application\/ld+json\" class=\"yoast-schema-graph\">{\"@context\":\"https:\/\/schema.org\",\"@graph\":[{\"@type\":\"Article\",\"@id\":\"https:\/\/dev.kompaktdesign.hu\/hodszolar.hu\/2021\/09\/28\/lapos-tetod-van-szamunkra-nincs-akadaly\/#article\",\"isPartOf\":{\"@id\":\"https:\/\/dev.kompaktdesign.hu\/hodszolar.hu\/2021\/09\/28\/lapos-tetod-van-szamunkra-nincs-akadaly\/\"},\"author\":{\"name\":\"H\u00f3dszol\u00e1r Kft.\",\"@id\":\"https:\/\/dev.kompaktdesign.hu\/hodszolar.hu\/#\/schema\/person\/a788af940a3d6b2829396312340dd08c\"},\"headline\":\"Lapos tet\u0151d van? Sz\u00e1munkra nincs akad\u00e1ly!\",\"datePublished\":\"2021-09-28T13:10:37+00:00\",\"dateModified\":\"2021-09-28T13:11:51+00:00\",\"mainEntityOfPage\":{\"@id\":\"https:\/\/dev.kompaktdesign.hu\/hodszolar.hu\/2021\/09\/28\/lapos-tetod-van-szamunkra-nincs-akadaly\/\"},\"wordCount\":1770,\"commentCount\":0,\"publisher\":{\"@id\":\"https:\/\/dev.kompaktdesign.hu\/hodszolar.hu\/#organization\"},\"articleSection\":[\"Egy\u00e9b kateg\u00f3ria\"],\"inLanguage\":\"hu\",\"potentialAction\":[{\"@type\":\"CommentAction\",\"name\":\"Comment\",\"target\":[\"https:\/\/dev.kompaktdesign.hu\/hodszolar.hu\/2021\/09\/28\/lapos-tetod-van-szamunkra-nincs-akadaly\/#respond\"]}]},{\"@type\":\"WebPage\",\"@id\":\"https:\/\/dev.kompaktdesign.hu\/hodszolar.hu\/2021\/09\/28\/lapos-tetod-van-szamunkra-nincs-akadaly\/\",\"url\":\"https:\/\/dev.kompaktdesign.hu\/hodszolar.hu\/2021\/09\/28\/lapos-tetod-van-szamunkra-nincs-akadaly\/\",\"name\":\"Lapos tet\u0151d van? Sz\u00e1munkra nincs akad\u00e1ly! | H\u00f3dszol\u00e1r\",\"isPartOf\":{\"@id\":\"https:\/\/dev.kompaktdesign.hu\/hodszolar.hu\/#website\"},\"datePublished\":\"2021-09-28T13:10:37+00:00\",\"dateModified\":\"2021-09-28T13:11:51+00:00\",\"breadcrumb\":{\"@id\":\"https:\/\/dev.kompaktdesign.hu\/hodszolar.hu\/2021\/09\/28\/lapos-tetod-van-szamunkra-nincs-akadaly\/#breadcrumb\"},\"inLanguage\":\"hu\",\"potentialAction\":[{\"@type\":\"ReadAction\",\"target\":[\"https:\/\/dev.kompaktdesign.hu\/hodszolar.hu\/2021\/09\/28\/lapos-tetod-van-szamunkra-nincs-akadaly\/\"]}]},{\"@type\":\"BreadcrumbList\",\"@id\":\"https:\/\/dev.kompaktdesign.hu\/hodszolar.hu\/2021\/09\/28\/lapos-tetod-van-szamunkra-nincs-akadaly\/#breadcrumb\",\"itemListElement\":[{\"@type\":\"ListItem\",\"position\":1,\"name\":\"Kezd\u0151lap\",\"item\":\"https:\/\/dev.kompaktdesign.hu\/hodszolar.hu\/\"},{\"@type\":\"ListItem\",\"position\":2,\"name\":\"Lapos tet\u0151d van? Sz\u00e1munkra nincs akad\u00e1ly!\"}]},{\"@type\":\"WebSite\",\"@id\":\"https:\/\/dev.kompaktdesign.hu\/hodszolar.hu\/#website\",\"url\":\"https:\/\/dev.kompaktdesign.hu\/hodszolar.hu\/\",\"name\":\"H\u00f3dszol\u00e1r\",\"description\":\"A v\u00e1s\u00e1rhelyi napelemes\",\"publisher\":{\"@id\":\"https:\/\/dev.kompaktdesign.hu\/hodszolar.hu\/#organization\"},\"potentialAction\":[{\"@type\":\"SearchAction\",\"target\":{\"@type\":\"EntryPoint\",\"urlTemplate\":\"https:\/\/dev.kompaktdesign.hu\/hodszolar.hu\/?s={search_term_string}\"},\"query-input\":\"required name=search_term_string\"}],\"inLanguage\":\"hu\"},{\"@type\":\"Organization\",\"@id\":\"https:\/\/dev.kompaktdesign.hu\/hodszolar.hu\/#organization\",\"name\":\"H\u00f3dszol\u00e1r Kft.\",\"url\":\"https:\/\/dev.kompaktdesign.hu\/hodszolar.hu\/\",\"sameAs\":[\"https:\/\/www.facebook.com\/hodszolar\"],\"logo\":{\"@type\":\"ImageObject\",\"inLanguage\":\"hu\",\"@id\":\"https:\/\/dev.kompaktdesign.hu\/hodszolar.hu\/#\/schema\/logo\/image\/\",\"url\":\"https:\/\/dev.kompaktdesign.hu\/hodszolar.hu\/wp-content\/uploads\/2021\/05\/fvicon.png\",\"contentUrl\":\"https:\/\/dev.kompaktdesign.hu\/hodszolar.hu\/wp-content\/uploads\/2021\/05\/fvicon.png\",\"width\":132,\"height\":132,\"caption\":\"H\u00f3dszol\u00e1r Kft.\"},\"image\":{\"@id\":\"https:\/\/dev.kompaktdesign.hu\/hodszolar.hu\/#\/schema\/logo\/image\/\"}},{\"@type\":\"Person\",\"@id\":\"https:\/\/dev.kompaktdesign.hu\/hodszolar.hu\/#\/schema\/person\/a788af940a3d6b2829396312340dd08c\",\"name\":\"H\u00f3dszol\u00e1r Kft.\",\"image\":{\"@type\":\"ImageObject\",\"inLanguage\":\"hu\",\"@id\":\"https:\/\/dev.kompaktdesign.hu\/hodszolar.hu\/#\/schema\/person\/image\/\",\"url\":\"https:\/\/secure.gravatar.com\/avatar\/38df000db6f2e93b7f0ccccf7714392424ca033738d34dfe71f19fdb70329830?s=96&d=mm&r=g\",\"contentUrl\":\"https:\/\/secure.gravatar.com\/avatar\/38df000db6f2e93b7f0ccccf7714392424ca033738d34dfe71f19fdb70329830?s=96&d=mm&r=g\",\"caption\":\"H\u00f3dszol\u00e1r Kft.\"},\"url\":\"https:\/\/dev.kompaktdesign.hu\/hodszolar.hu\/author\/hodszolar\/\"}]}<\/script>\n<!-- \/ Yoast SEO plugin. -->","yoast_head_json":{"title":"Lapos tet\u0151d van? Sz\u00e1munkra nincs akad\u00e1ly! | H\u00f3dszol\u00e1r","robots":{"index":"noindex","follow":"follow","max-snippet":"max-snippet:-1","max-image-preview":"max-image-preview:large","max-video-preview":"max-video-preview:-1"},"og_locale":"hu_HU","og_type":"article","og_title":"Lapos tet\u0151d van? Sz\u00e1munkra nincs akad\u00e1ly! | H\u00f3dszol\u00e1r","og_description":"Sokaknak a napelemes rendszer hallat\u00e1n csak a napelem \u00e9s az inverter jut esz\u00e9be, pedig az ingatlan adotts\u00e1gai mellett \u2013 amir\u0151l itt \u00edrtunk kor\u00e1bban \u2013 a tart\u00f3szerkezetnek \u00e9ppen olyan kiemelt szerepe van, hiszen biztos\u00edtja a napelemek megfelel\u0151 r\u00f6gz\u00edt\u00e9s\u00e9t, valamint a termel\u00e9s m\u00e9rt\u00e9k\u00e9re, \u00e9s \u00edgy a rendszer megt\u00e9r\u00fcl\u00e9si idej\u00e9re is hat\u00e1ssal van. A telep\u00edt\u00e9s\u00e9n\u00e9l \u00fcgyelni kell arra, [&hellip;]","og_url":"https:\/\/dev.kompaktdesign.hu\/hodszolar.hu\/2021\/09\/28\/lapos-tetod-van-szamunkra-nincs-akadaly\/","og_site_name":"H\u00f3dszol\u00e1r","article_publisher":"https:\/\/www.facebook.com\/hodszolar","article_published_time":"2021-09-28T13:10:37+00:00","article_modified_time":"2021-09-28T13:11:51+00:00","og_image":[{"width":2272,"height":1704,"url":"https:\/\/dev.kompaktdesign.hu\/hodszolar.hu\/wp-content\/uploads\/2021\/09\/DSCN1341.jpg","type":"image\/jpeg"}],"author":"H\u00f3dszol\u00e1r Kft.","twitter_card":"summary_large_image","twitter_misc":{"Szerz\u0151:":"H\u00f3dszol\u00e1r Kft.","Becs\u00fclt olvas\u00e1si id\u0151":"7 perc"},"schema":{"@context":"https:\/\/schema.org","@graph":[{"@type":"Article","@id":"https:\/\/dev.kompaktdesign.hu\/hodszolar.hu\/2021\/09\/28\/lapos-tetod-van-szamunkra-nincs-akadaly\/#article","isPartOf":{"@id":"https:\/\/dev.kompaktdesign.hu\/hodszolar.hu\/2021\/09\/28\/lapos-tetod-van-szamunkra-nincs-akadaly\/"},"author":{"name":"H\u00f3dszol\u00e1r Kft.","@id":"https:\/\/dev.kompaktdesign.hu\/hodszolar.hu\/#\/schema\/person\/a788af940a3d6b2829396312340dd08c"},"headline":"Lapos tet\u0151d van? Sz\u00e1munkra nincs akad\u00e1ly!","datePublished":"2021-09-28T13:10:37+00:00","dateModified":"2021-09-28T13:11:51+00:00","mainEntityOfPage":{"@id":"https:\/\/dev.kompaktdesign.hu\/hodszolar.hu\/2021\/09\/28\/lapos-tetod-van-szamunkra-nincs-akadaly\/"},"wordCount":1770,"commentCount":0,"publisher":{"@id":"https:\/\/dev.kompaktdesign.hu\/hodszolar.hu\/#organization"},"articleSection":["Egy\u00e9b kateg\u00f3ria"],"inLanguage":"hu","potentialAction":[{"@type":"CommentAction","name":"Comment","target":["https:\/\/dev.kompaktdesign.hu\/hodszolar.hu\/2021\/09\/28\/lapos-tetod-van-szamunkra-nincs-akadaly\/#respond"]}]},{"@type":"WebPage","@id":"https:\/\/dev.kompaktdesign.hu\/hodszolar.hu\/2021\/09\/28\/lapos-tetod-van-szamunkra-nincs-akadaly\/","url":"https:\/\/dev.kompaktdesign.hu\/hodszolar.hu\/2021\/09\/28\/lapos-tetod-van-szamunkra-nincs-akadaly\/","name":"Lapos tet\u0151d van? Sz\u00e1munkra nincs akad\u00e1ly! | H\u00f3dszol\u00e1r","isPartOf":{"@id":"https:\/\/dev.kompaktdesign.hu\/hodszolar.hu\/#website"},"datePublished":"2021-09-28T13:10:37+00:00","dateModified":"2021-09-28T13:11:51+00:00","breadcrumb":{"@id":"https:\/\/dev.kompaktdesign.hu\/hodszolar.hu\/2021\/09\/28\/lapos-tetod-van-szamunkra-nincs-akadaly\/#breadcrumb"},"inLanguage":"hu","potentialAction":[{"@type":"ReadAction","target":["https:\/\/dev.kompaktdesign.hu\/hodszolar.hu\/2021\/09\/28\/lapos-tetod-van-szamunkra-nincs-akadaly\/"]}]},{"@type":"BreadcrumbList","@id":"https:\/\/dev.kompaktdesign.hu\/hodszolar.hu\/2021\/09\/28\/lapos-tetod-van-szamunkra-nincs-akadaly\/#breadcrumb","itemListElement":[{"@type":"ListItem","position":1,"name":"Kezd\u0151lap","item":"https:\/\/dev.kompaktdesign.hu\/hodszolar.hu\/"},{"@type":"ListItem","position":2,"name":"Lapos tet\u0151d van? Sz\u00e1munkra nincs akad\u00e1ly!"}]},{"@type":"WebSite","@id":"https:\/\/dev.kompaktdesign.hu\/hodszolar.hu\/#website","url":"https:\/\/dev.kompaktdesign.hu\/hodszolar.hu\/","name":"H\u00f3dszol\u00e1r","description":"A v\u00e1s\u00e1rhelyi napelemes","publisher":{"@id":"https:\/\/dev.kompaktdesign.hu\/hodszolar.hu\/#organization"},"potentialAction":[{"@type":"SearchAction","target":{"@type":"EntryPoint","urlTemplate":"https:\/\/dev.kompaktdesign.hu\/hodszolar.hu\/?s={search_term_string}"},"query-input":"required name=search_term_string"}],"inLanguage":"hu"},{"@type":"Organization","@id":"https:\/\/dev.kompaktdesign.hu\/hodszolar.hu\/#organization","name":"H\u00f3dszol\u00e1r Kft.","url":"https:\/\/dev.kompaktdesign.hu\/hodszolar.hu\/","sameAs":["https:\/\/www.facebook.com\/hodszolar"],"logo":{"@type":"ImageObject","inLanguage":"hu","@id":"https:\/\/dev.kompaktdesign.hu\/hodszolar.hu\/#\/schema\/logo\/image\/","url":"https:\/\/dev.kompaktdesign.hu\/hodszolar.hu\/wp-content\/uploads\/2021\/05\/fvicon.png","contentUrl":"https:\/\/dev.kompaktdesign.hu\/hodszolar.hu\/wp-content\/uploads\/2021\/05\/fvicon.png","width":132,"height":132,"caption":"H\u00f3dszol\u00e1r Kft."},"image":{"@id":"https:\/\/dev.kompaktdesign.hu\/hodszolar.hu\/#\/schema\/logo\/image\/"}},{"@type":"Person","@id":"https:\/\/dev.kompaktdesign.hu\/hodszolar.hu\/#\/schema\/person\/a788af940a3d6b2829396312340dd08c","name":"H\u00f3dszol\u00e1r Kft.","image":{"@type":"ImageObject","inLanguage":"hu","@id":"https:\/\/dev.kompaktdesign.hu\/hodszolar.hu\/#\/schema\/person\/image\/","url":"https:\/\/secure.gravatar.com\/avatar\/38df000db6f2e93b7f0ccccf7714392424ca033738d34dfe71f19fdb70329830?s=96&d=mm&r=g","contentUrl":"https:\/\/secure.gravatar.com\/avatar\/38df000db6f2e93b7f0ccccf7714392424ca033738d34dfe71f19fdb70329830?s=96&d=mm&r=g","caption":"H\u00f3dszol\u00e1r Kft."},"url":"https:\/\/dev.kompaktdesign.hu\/hodszolar.hu\/author\/hodszolar\/"}]}},"_links":{"self":[{"href":"https:\/\/dev.kompaktdesign.hu\/hodszolar.hu\/wp-json\/wp\/v2\/posts\/646","targetHints":{"allow":["GET"]}}],"collection":[{"href":"https:\/\/dev.kompaktdesign.hu\/hodszolar.hu\/wp-json\/wp\/v2\/posts"}],"about":[{"href":"https:\/\/dev.kompaktdesign.hu\/hodszolar.hu\/wp-json\/wp\/v2\/types\/post"}],"author":[{"embeddable":true,"href":"https:\/\/dev.kompaktdesign.hu\/hodszolar.hu\/wp-json\/wp\/v2\/users\/3"}],"replies":[{"embeddable":true,"href":"https:\/\/dev.kompaktdesign.hu\/hodszolar.hu\/wp-json\/wp\/v2\/comments?post=646"}],"version-history":[{"count":2,"href":"https:\/\/dev.kompaktdesign.hu\/hodszolar.hu\/wp-json\/wp\/v2\/posts\/646\/revisions"}],"predecessor-version":[{"id":666,"href":"https:\/\/dev.kompaktdesign.hu\/hodszolar.hu\/wp-json\/wp\/v2\/posts\/646\/revisions\/666"}],"wp:featuredmedia":[{"embeddable":true,"href":"https:\/\/dev.kompaktdesign.hu\/hodszolar.hu\/wp-json\/wp\/v2\/media\/663"}],"wp:attachment":[{"href":"https:\/\/dev.kompaktdesign.hu\/hodszolar.hu\/wp-json\/wp\/v2\/media?parent=646"}],"wp:term":[{"taxonomy":"category","embeddable":true,"href":"https:\/\/dev.kompaktdesign.hu\/hodszolar.hu\/wp-json\/wp\/v2\/categories?post=646"},{"taxonomy":"post_tag","embeddable":true,"href":"https:\/\/dev.kompaktdesign.hu\/hodszolar.hu\/wp-json\/wp\/v2\/tags?post=646"}],"curies":[{"name":"wp","href":"https:\/\/api.w.org\/{rel}","templated":true}]}}