{"id":667,"date":"2021-09-29T09:32:07","date_gmt":"2021-09-29T09:32:07","guid":{"rendered":"https:\/\/hodszolar.hu\/?p=667"},"modified":"2021-09-29T09:32:08","modified_gmt":"2021-09-29T09:32:08","slug":"osszhangba-kell-hoznunk-a-megujulo-kapacitasok-bovuleset-es-a-rendszerszabalyozasi-kepesseg-fejlodesi-utemet","status":"publish","type":"post","link":"https:\/\/dev.kompaktdesign.hu\/hodszolar.hu\/2021\/09\/29\/osszhangba-kell-hoznunk-a-megujulo-kapacitasok-bovuleset-es-a-rendszerszabalyozasi-kepesseg-fejlodesi-utemet\/","title":{"rendered":"\u00d6sszhangba kell hoznunk a meg\u00fajul\u00f3 kapacit\u00e1sok b\u0151v\u00fcl\u00e9s\u00e9t \u00e9s a rendszerszab\u00e1lyoz\u00e1si k\u00e9pess\u00e9g fejl\u0151d\u00e9si \u00fctem\u00e9t"},"content":{"rendered":"\n<p><strong>A meg\u00fajul\u00f3 energiatermel\u00e9s c\u00e9l\u00e9rt\u00e9keinek el\u00e9r\u00e9s\u00e9ben az elektrifik\u00e1ci\u00f3, Paks II. meg\u00e9p\u00edt\u00e9se, a napelemes kapacit\u00e1sok n\u00f6vel\u00e9se \u00e9s a villamos energia felhaszn\u00e1l\u00e1s\u00e1val el\u0151\u00e1ll\u00edtott hidrog\u00e9n j\u00e1tszhatja a kulcsszerepet \u2013 mondta Horv\u00e1th P\u00e9ter J\u00e1nos, a Magyar Energetikai \u00e9s K\u00f6zm\u0171-szab\u00e1lyoz\u00e1si Hivatal (MEKH) eln\u00f6ke a Magyar Elektrotechnikai Egyes\u00fclet \u00e9ves v\u00e1ndorgy\u0171l\u00e9s\u00e9n.<\/strong><\/p>\n\n\n\n<p>A hazai villamos energetikai szektor meghat\u00e1roz\u00f3 rendezv\u00e9ny\u00e9n tartott prezent\u00e1ci\u00f3j\u00e1ban a f\u0151 c\u00e9lsz\u00e1mokr\u00f3l sz\u00f3lva a MEKH eln\u00f6ke felid\u00e9zte, hogy eur\u00f3pai uni\u00f3s szinten 2030-ra 32%-os meg\u00fajul\u00f3energia-r\u00e9szar\u00e1ny el\u00e9r\u00e9se a c\u00e9l, \u00fagy, hogy a tag\u00e1llamok r\u00e9szar\u00e1nya nem cs\u00f6kkenhet a 2020-as k\u00f6telezetts\u00e9g al\u00e1. Mint mondta, a tag\u00e1llamok saj\u00e1t \u00f6nk\u00e9ntes v\u00e1llal\u00e1sukkal j\u00e1rulnak hozz\u00e1 a k\u00f6z\u00f6s c\u00e9lhoz, ami Magyarorsz\u00e1g eset\u00e9ben legal\u00e1bb 21%-os r\u00e9szar\u00e1ny.<\/p>\n\n\n\n<p>Horv\u00e1th P\u00e9ter J\u00e1nos kiemelte, hogy a meg\u00fajul\u00f3 energiatermel\u00e9s c\u00e9l\u00e9rt\u00e9keinek el\u00e9r\u00e9s\u00e9ben kulcsszerepet j\u00e1tszhat egyr\u00e9szt az elektrifik\u00e1ci\u00f3 \u2013 az elektromos j\u00e1rm\u0171vek, a villamos f\u0171t\u00e9s vagy a h\u0151szivatty\u00fak elterjed\u00e9s\u00e9n kereszt\u00fcl \u2013, m\u00e1sr\u00e9szt Paks II. meg\u00e9p\u00edt\u00e9se \u00e9s a napelemes kapacit\u00e1sok n\u00f6vel\u00e9se, valamint a villamos energia felhaszn\u00e1l\u00e1s\u00e1val el\u0151\u00e1ll\u00edtott hidrog\u00e9n.<\/p>\n\n\n\n<p>A napelemes kapacit\u00e1sok felfut\u00e1s\u00e1r\u00f3l sz\u00f3lva elmondta, hogy a MEKH becsl\u00e9se szerint tov\u00e1bbi gyors n\u00f6veked\u00e9s v\u00e1rhat\u00f3: 2022 \u00e9s 2024 k\u00f6z\u00f6tt \u00e9vente 1000 MW-ot ugorhat a teljes\u00edtm\u00e9ny. Horv\u00e1th P\u00e9ter J\u00e1nos felh\u00edvta a figyelmet az id\u0151j\u00e1r\u00e1sf\u00fcgg\u0151 meg\u00fajul\u00f3k terjed\u00e9s\u00e9vel kapcsolatos f\u0151bb szab\u00e1lyoz\u00f3i kih\u00edv\u00e1sokra. Ezek k\u00f6z\u00f6tt eml\u00edtette a menetrendez\u00e9s neh\u00e9zs\u00e9geit, a h\u00e1l\u00f3zatfejleszt\u00e9s sz\u00fcks\u00e9gess\u00e9g\u00e9t \u00e9s a h\u00e1ztart\u00e1si m\u00e9ret\u0171 kiser\u0151m\u0171vek eset\u00e9ben a termel\u00e9s \u00e9s a fogyaszt\u00e1s \u00f6sszehangol\u00e1s\u00e1t.<\/p>\n\n\n\n<p>A MEKH eln\u00f6ke bejelentette, hogy a hivatal a k\u00f6zelm\u00faltban piaci er\u0151f\u00f6l\u00e9ny vizsg\u00e1latot ind\u00edtott, mivel a tavaszi h\u00f3napokban rendk\u00edv\u00fcli m\u00e9rt\u00e9kben megemelkedett a negat\u00edv kiegyenl\u00edt\u0151 energia \u00e1ra. A piaci anom\u00e1li\u00e1kat felt\u00e1r\u00f3 vizsg\u00e1lat eredm\u00e9nye \u00e9s az \u00e9rintettekre vonatkoz\u00f3 k\u00f6telez\u00e9sek hamarosan nyilv\u00e1nosak lesznek \u2013 tette hozz\u00e1.<\/p>\n\n\n\n<p>Horv\u00e1th P\u00e9ter J\u00e1nos el\u0151ad\u00e1s\u00e1ban hangs\u00falyozta, hogy az ell\u00e1t\u00e1sbiztons\u00e1g \u00e9rdek\u00e9ben mindenk\u00e9ppen sz\u00fcks\u00e9ges \u00f6sszhangba hozni a meg\u00fajul\u00f3 kapacit\u00e1sok b\u0151v\u00fcl\u00e9s\u00e9t \u00e9s a rendszerszab\u00e1lyoz\u00e1si k\u00e9pess\u00e9g fejl\u0151d\u00e9si \u00fctem\u00e9t. A c\u00e9l a pontosabb menetrendad\u00e1s \u00e9s menetrendtart\u00e1s \u00f6szt\u00f6nz\u00e9se, valamint a hazai villamosenergia-rendszer rugalmass\u00e1g\u00e1nak n\u00f6vel\u00e9se.<\/p>\n\n\n\n<p>Az Energiahat\u00e9konys\u00e1gi K\u00f6telezetts\u00e9gi Rendszerr\u0151l (EKR) sz\u00f3lva elmondta, hogy a hivatal \u00f6ssze\u00e1ll\u00edtotta az energiahat\u00e9konys\u00e1gi int\u00e9zked\u00e9sek katal\u00f3gus\u00e1t \u00e9s rendeletben ki is hirdette. A katal\u00f3gus egyszer\u0171s\u00edti az egyes megtakar\u00edt\u00e1sok elsz\u00e1mol\u00e1s\u00e1t.<\/p>\n\n\n\n<p>A hidrog\u00e9nben nagy lehet\u0151s\u00e9gek rejlenek az elektrifik\u00e1ci\u00f3 el\u0151seg\u00edt\u00e9se \u00e9s a villamosenergia-rendszer kiszab\u00e1lyoz\u00e1sa tekintet\u00e9ben is \u2013 mondta a MEKH eln\u00f6ke a hidrog\u00e9n felhaszn\u00e1l\u00e1s\u00e1nak j\u00f6v\u0151beli lehet\u0151s\u00e9geir\u0151l sz\u00f3lva. Hozz\u00e1tette, a piaci szab\u00e1lyoz\u00e1s alakul\u00f3ban van, de a hivatal k\u00e9sz arra, hogy ha a megfelel\u0151 jogszab\u00e1lyok megsz\u00fcletnek, akkor szab\u00e1lyoz\u00e1si tesztk\u00f6rnyezetet biztos\u00edtson az innov\u00e1ci\u00f3k, az \u00faj technol\u00f3gi\u00e1k \u00e9s szolg\u00e1ltat\u00e1sok bevezet\u00e9s\u00e9nek \u00f6szt\u00f6nz\u00e9s\u00e9re. MEKH.HU<\/p>\n","protected":false},"excerpt":{"rendered":"<p>A meg\u00fajul\u00f3 energiatermel\u00e9s c\u00e9l\u00e9rt\u00e9keinek el\u00e9r\u00e9s\u00e9ben az elektrifik\u00e1ci\u00f3, Paks II. meg\u00e9p\u00edt\u00e9se, a napelemes kapacit\u00e1sok n\u00f6vel\u00e9se \u00e9s a villamos energia felhaszn\u00e1l\u00e1s\u00e1val el\u0151\u00e1ll\u00edtott hidrog\u00e9n j\u00e1tszhatja a kulcsszerepet \u2013 mondta Horv\u00e1th P\u00e9ter J\u00e1nos, a Magyar Energetikai \u00e9s K\u00f6zm\u0171-szab\u00e1lyoz\u00e1si Hivatal (MEKH) eln\u00f6ke a Magyar Elektrotechnikai Egyes\u00fclet \u00e9ves v\u00e1ndorgy\u0171l\u00e9s\u00e9n. A hazai villamos energetikai szektor meghat\u00e1roz\u00f3 rendezv\u00e9ny\u00e9n tartott prezent\u00e1ci\u00f3j\u00e1ban a f\u0151 c\u00e9lsz\u00e1mokr\u00f3l [&hellip;]<\/p>\n","protected":false},"author":3,"featured_media":668,"comment_status":"open","ping_status":"open","sticky":false,"template":"","format":"standard","meta":{"footnotes":""},"categories":[1],"tags":[],"class_list":["post-667","post","type-post","status-publish","format-standard","has-post-thumbnail","hentry","category-egyeb"],"yoast_head":"<!-- This site is optimized with the Yoast SEO plugin v19.5.1 - https:\/\/yoast.com\/wordpress\/plugins\/seo\/ -->\n<title>\u00d6sszhangba kell hoznunk a meg\u00fajul\u00f3 kapacit\u00e1sok b\u0151v\u00fcl\u00e9s\u00e9t \u00e9s a rendszerszab\u00e1lyoz\u00e1si k\u00e9pess\u00e9g fejl\u0151d\u00e9si \u00fctem\u00e9t | H\u00f3dszol\u00e1r<\/title>\n<meta name=\"robots\" content=\"noindex, follow, max-snippet:-1, max-image-preview:large, max-video-preview:-1\" \/>\n<meta property=\"og:locale\" content=\"hu_HU\" \/>\n<meta property=\"og:type\" content=\"article\" \/>\n<meta property=\"og:title\" content=\"\u00d6sszhangba kell hoznunk a meg\u00fajul\u00f3 kapacit\u00e1sok b\u0151v\u00fcl\u00e9s\u00e9t \u00e9s a rendszerszab\u00e1lyoz\u00e1si k\u00e9pess\u00e9g fejl\u0151d\u00e9si \u00fctem\u00e9t | H\u00f3dszol\u00e1r\" \/>\n<meta property=\"og:description\" content=\"A meg\u00fajul\u00f3 energiatermel\u00e9s c\u00e9l\u00e9rt\u00e9keinek el\u00e9r\u00e9s\u00e9ben az elektrifik\u00e1ci\u00f3, Paks II. meg\u00e9p\u00edt\u00e9se, a napelemes kapacit\u00e1sok n\u00f6vel\u00e9se \u00e9s a villamos energia felhaszn\u00e1l\u00e1s\u00e1val el\u0151\u00e1ll\u00edtott hidrog\u00e9n j\u00e1tszhatja a kulcsszerepet \u2013 mondta Horv\u00e1th P\u00e9ter J\u00e1nos, a Magyar Energetikai \u00e9s K\u00f6zm\u0171-szab\u00e1lyoz\u00e1si Hivatal (MEKH) eln\u00f6ke a Magyar Elektrotechnikai Egyes\u00fclet \u00e9ves v\u00e1ndorgy\u0171l\u00e9s\u00e9n. A hazai villamos energetikai szektor meghat\u00e1roz\u00f3 rendezv\u00e9ny\u00e9n tartott prezent\u00e1ci\u00f3j\u00e1ban a f\u0151 c\u00e9lsz\u00e1mokr\u00f3l [&hellip;]\" \/>\n<meta property=\"og:url\" content=\"https:\/\/dev.kompaktdesign.hu\/hodszolar.hu\/2021\/09\/29\/osszhangba-kell-hoznunk-a-megujulo-kapacitasok-bovuleset-es-a-rendszerszabalyozasi-kepesseg-fejlodesi-utemet\/\" \/>\n<meta property=\"og:site_name\" content=\"H\u00f3dszol\u00e1r\" \/>\n<meta property=\"article:publisher\" content=\"https:\/\/www.facebook.com\/hodszolar\" \/>\n<meta property=\"article:published_time\" content=\"2021-09-29T09:32:07+00:00\" \/>\n<meta property=\"article:modified_time\" content=\"2021-09-29T09:32:08+00:00\" \/>\n<meta property=\"og:image\" content=\"https:\/\/dev.kompaktdesign.hu\/hodszolar.hu\/wp-content\/uploads\/2021\/09\/Horvath_Peter_elnok_MEH_496.jpg\" \/>\n\t<meta property=\"og:image:width\" content=\"496\" \/>\n\t<meta property=\"og:image:height\" content=\"331\" \/>\n\t<meta property=\"og:image:type\" content=\"image\/jpeg\" \/>\n<meta name=\"author\" content=\"H\u00f3dszol\u00e1r Kft.\" \/>\n<meta name=\"twitter:card\" content=\"summary_large_image\" \/>\n<meta name=\"twitter:label1\" content=\"Szerz\u0151:\" \/>\n\t<meta name=\"twitter:data1\" content=\"H\u00f3dszol\u00e1r Kft.\" \/>\n\t<meta name=\"twitter:label2\" content=\"Becs\u00fclt olvas\u00e1si id\u0151\" \/>\n\t<meta name=\"twitter:data2\" content=\"2 perc\" \/>\n<script type=\"application\/ld+json\" class=\"yoast-schema-graph\">{\"@context\":\"https:\/\/schema.org\",\"@graph\":[{\"@type\":\"Article\",\"@id\":\"https:\/\/dev.kompaktdesign.hu\/hodszolar.hu\/2021\/09\/29\/osszhangba-kell-hoznunk-a-megujulo-kapacitasok-bovuleset-es-a-rendszerszabalyozasi-kepesseg-fejlodesi-utemet\/#article\",\"isPartOf\":{\"@id\":\"https:\/\/dev.kompaktdesign.hu\/hodszolar.hu\/2021\/09\/29\/osszhangba-kell-hoznunk-a-megujulo-kapacitasok-bovuleset-es-a-rendszerszabalyozasi-kepesseg-fejlodesi-utemet\/\"},\"author\":{\"name\":\"H\u00f3dszol\u00e1r Kft.\",\"@id\":\"https:\/\/dev.kompaktdesign.hu\/hodszolar.hu\/#\/schema\/person\/a788af940a3d6b2829396312340dd08c\"},\"headline\":\"\u00d6sszhangba kell hoznunk a meg\u00fajul\u00f3 kapacit\u00e1sok b\u0151v\u00fcl\u00e9s\u00e9t \u00e9s a rendszerszab\u00e1lyoz\u00e1si k\u00e9pess\u00e9g fejl\u0151d\u00e9si \u00fctem\u00e9t\",\"datePublished\":\"2021-09-29T09:32:07+00:00\",\"dateModified\":\"2021-09-29T09:32:08+00:00\",\"mainEntityOfPage\":{\"@id\":\"https:\/\/dev.kompaktdesign.hu\/hodszolar.hu\/2021\/09\/29\/osszhangba-kell-hoznunk-a-megujulo-kapacitasok-bovuleset-es-a-rendszerszabalyozasi-kepesseg-fejlodesi-utemet\/\"},\"wordCount\":675,\"commentCount\":0,\"publisher\":{\"@id\":\"https:\/\/dev.kompaktdesign.hu\/hodszolar.hu\/#organization\"},\"articleSection\":[\"Egy\u00e9b kateg\u00f3ria\"],\"inLanguage\":\"hu\",\"potentialAction\":[{\"@type\":\"CommentAction\",\"name\":\"Comment\",\"target\":[\"https:\/\/dev.kompaktdesign.hu\/hodszolar.hu\/2021\/09\/29\/osszhangba-kell-hoznunk-a-megujulo-kapacitasok-bovuleset-es-a-rendszerszabalyozasi-kepesseg-fejlodesi-utemet\/#respond\"]}]},{\"@type\":\"WebPage\",\"@id\":\"https:\/\/dev.kompaktdesign.hu\/hodszolar.hu\/2021\/09\/29\/osszhangba-kell-hoznunk-a-megujulo-kapacitasok-bovuleset-es-a-rendszerszabalyozasi-kepesseg-fejlodesi-utemet\/\",\"url\":\"https:\/\/dev.kompaktdesign.hu\/hodszolar.hu\/2021\/09\/29\/osszhangba-kell-hoznunk-a-megujulo-kapacitasok-bovuleset-es-a-rendszerszabalyozasi-kepesseg-fejlodesi-utemet\/\",\"name\":\"\u00d6sszhangba kell hoznunk a meg\u00fajul\u00f3 kapacit\u00e1sok b\u0151v\u00fcl\u00e9s\u00e9t \u00e9s a rendszerszab\u00e1lyoz\u00e1si k\u00e9pess\u00e9g fejl\u0151d\u00e9si \u00fctem\u00e9t | H\u00f3dszol\u00e1r\",\"isPartOf\":{\"@id\":\"https:\/\/dev.kompaktdesign.hu\/hodszolar.hu\/#website\"},\"datePublished\":\"2021-09-29T09:32:07+00:00\",\"dateModified\":\"2021-09-29T09:32:08+00:00\",\"breadcrumb\":{\"@id\":\"https:\/\/dev.kompaktdesign.hu\/hodszolar.hu\/2021\/09\/29\/osszhangba-kell-hoznunk-a-megujulo-kapacitasok-bovuleset-es-a-rendszerszabalyozasi-kepesseg-fejlodesi-utemet\/#breadcrumb\"},\"inLanguage\":\"hu\",\"potentialAction\":[{\"@type\":\"ReadAction\",\"target\":[\"https:\/\/dev.kompaktdesign.hu\/hodszolar.hu\/2021\/09\/29\/osszhangba-kell-hoznunk-a-megujulo-kapacitasok-bovuleset-es-a-rendszerszabalyozasi-kepesseg-fejlodesi-utemet\/\"]}]},{\"@type\":\"BreadcrumbList\",\"@id\":\"https:\/\/dev.kompaktdesign.hu\/hodszolar.hu\/2021\/09\/29\/osszhangba-kell-hoznunk-a-megujulo-kapacitasok-bovuleset-es-a-rendszerszabalyozasi-kepesseg-fejlodesi-utemet\/#breadcrumb\",\"itemListElement\":[{\"@type\":\"ListItem\",\"position\":1,\"name\":\"Kezd\u0151lap\",\"item\":\"https:\/\/dev.kompaktdesign.hu\/hodszolar.hu\/\"},{\"@type\":\"ListItem\",\"position\":2,\"name\":\"\u00d6sszhangba kell hoznunk a meg\u00fajul\u00f3 kapacit\u00e1sok b\u0151v\u00fcl\u00e9s\u00e9t \u00e9s a rendszerszab\u00e1lyoz\u00e1si k\u00e9pess\u00e9g fejl\u0151d\u00e9si \u00fctem\u00e9t\"}]},{\"@type\":\"WebSite\",\"@id\":\"https:\/\/dev.kompaktdesign.hu\/hodszolar.hu\/#website\",\"url\":\"https:\/\/dev.kompaktdesign.hu\/hodszolar.hu\/\",\"name\":\"H\u00f3dszol\u00e1r\",\"description\":\"A v\u00e1s\u00e1rhelyi napelemes\",\"publisher\":{\"@id\":\"https:\/\/dev.kompaktdesign.hu\/hodszolar.hu\/#organization\"},\"potentialAction\":[{\"@type\":\"SearchAction\",\"target\":{\"@type\":\"EntryPoint\",\"urlTemplate\":\"https:\/\/dev.kompaktdesign.hu\/hodszolar.hu\/?s={search_term_string}\"},\"query-input\":\"required name=search_term_string\"}],\"inLanguage\":\"hu\"},{\"@type\":\"Organization\",\"@id\":\"https:\/\/dev.kompaktdesign.hu\/hodszolar.hu\/#organization\",\"name\":\"H\u00f3dszol\u00e1r Kft.\",\"url\":\"https:\/\/dev.kompaktdesign.hu\/hodszolar.hu\/\",\"sameAs\":[\"https:\/\/www.facebook.com\/hodszolar\"],\"logo\":{\"@type\":\"ImageObject\",\"inLanguage\":\"hu\",\"@id\":\"https:\/\/dev.kompaktdesign.hu\/hodszolar.hu\/#\/schema\/logo\/image\/\",\"url\":\"https:\/\/dev.kompaktdesign.hu\/hodszolar.hu\/wp-content\/uploads\/2021\/05\/fvicon.png\",\"contentUrl\":\"https:\/\/dev.kompaktdesign.hu\/hodszolar.hu\/wp-content\/uploads\/2021\/05\/fvicon.png\",\"width\":132,\"height\":132,\"caption\":\"H\u00f3dszol\u00e1r Kft.\"},\"image\":{\"@id\":\"https:\/\/dev.kompaktdesign.hu\/hodszolar.hu\/#\/schema\/logo\/image\/\"}},{\"@type\":\"Person\",\"@id\":\"https:\/\/dev.kompaktdesign.hu\/hodszolar.hu\/#\/schema\/person\/a788af940a3d6b2829396312340dd08c\",\"name\":\"H\u00f3dszol\u00e1r Kft.\",\"image\":{\"@type\":\"ImageObject\",\"inLanguage\":\"hu\",\"@id\":\"https:\/\/dev.kompaktdesign.hu\/hodszolar.hu\/#\/schema\/person\/image\/\",\"url\":\"https:\/\/secure.gravatar.com\/avatar\/38df000db6f2e93b7f0ccccf7714392424ca033738d34dfe71f19fdb70329830?s=96&d=mm&r=g\",\"contentUrl\":\"https:\/\/secure.gravatar.com\/avatar\/38df000db6f2e93b7f0ccccf7714392424ca033738d34dfe71f19fdb70329830?s=96&d=mm&r=g\",\"caption\":\"H\u00f3dszol\u00e1r Kft.\"},\"url\":\"https:\/\/dev.kompaktdesign.hu\/hodszolar.hu\/author\/hodszolar\/\"}]}<\/script>\n<!-- \/ Yoast SEO plugin. -->","yoast_head_json":{"title":"\u00d6sszhangba kell hoznunk a meg\u00fajul\u00f3 kapacit\u00e1sok b\u0151v\u00fcl\u00e9s\u00e9t \u00e9s a rendszerszab\u00e1lyoz\u00e1si k\u00e9pess\u00e9g fejl\u0151d\u00e9si \u00fctem\u00e9t | H\u00f3dszol\u00e1r","robots":{"index":"noindex","follow":"follow","max-snippet":"max-snippet:-1","max-image-preview":"max-image-preview:large","max-video-preview":"max-video-preview:-1"},"og_locale":"hu_HU","og_type":"article","og_title":"\u00d6sszhangba kell hoznunk a meg\u00fajul\u00f3 kapacit\u00e1sok b\u0151v\u00fcl\u00e9s\u00e9t \u00e9s a rendszerszab\u00e1lyoz\u00e1si k\u00e9pess\u00e9g fejl\u0151d\u00e9si \u00fctem\u00e9t | H\u00f3dszol\u00e1r","og_description":"A meg\u00fajul\u00f3 energiatermel\u00e9s c\u00e9l\u00e9rt\u00e9keinek el\u00e9r\u00e9s\u00e9ben az elektrifik\u00e1ci\u00f3, Paks II. meg\u00e9p\u00edt\u00e9se, a napelemes kapacit\u00e1sok n\u00f6vel\u00e9se \u00e9s a villamos energia felhaszn\u00e1l\u00e1s\u00e1val el\u0151\u00e1ll\u00edtott hidrog\u00e9n j\u00e1tszhatja a kulcsszerepet \u2013 mondta Horv\u00e1th P\u00e9ter J\u00e1nos, a Magyar Energetikai \u00e9s K\u00f6zm\u0171-szab\u00e1lyoz\u00e1si Hivatal (MEKH) eln\u00f6ke a Magyar Elektrotechnikai Egyes\u00fclet \u00e9ves v\u00e1ndorgy\u0171l\u00e9s\u00e9n. A hazai villamos energetikai szektor meghat\u00e1roz\u00f3 rendezv\u00e9ny\u00e9n tartott prezent\u00e1ci\u00f3j\u00e1ban a f\u0151 c\u00e9lsz\u00e1mokr\u00f3l [&hellip;]","og_url":"https:\/\/dev.kompaktdesign.hu\/hodszolar.hu\/2021\/09\/29\/osszhangba-kell-hoznunk-a-megujulo-kapacitasok-bovuleset-es-a-rendszerszabalyozasi-kepesseg-fejlodesi-utemet\/","og_site_name":"H\u00f3dszol\u00e1r","article_publisher":"https:\/\/www.facebook.com\/hodszolar","article_published_time":"2021-09-29T09:32:07+00:00","article_modified_time":"2021-09-29T09:32:08+00:00","og_image":[{"width":496,"height":331,"url":"https:\/\/dev.kompaktdesign.hu\/hodszolar.hu\/wp-content\/uploads\/2021\/09\/Horvath_Peter_elnok_MEH_496.jpg","type":"image\/jpeg"}],"author":"H\u00f3dszol\u00e1r Kft.","twitter_card":"summary_large_image","twitter_misc":{"Szerz\u0151:":"H\u00f3dszol\u00e1r Kft.","Becs\u00fclt olvas\u00e1si id\u0151":"2 perc"},"schema":{"@context":"https:\/\/schema.org","@graph":[{"@type":"Article","@id":"https:\/\/dev.kompaktdesign.hu\/hodszolar.hu\/2021\/09\/29\/osszhangba-kell-hoznunk-a-megujulo-kapacitasok-bovuleset-es-a-rendszerszabalyozasi-kepesseg-fejlodesi-utemet\/#article","isPartOf":{"@id":"https:\/\/dev.kompaktdesign.hu\/hodszolar.hu\/2021\/09\/29\/osszhangba-kell-hoznunk-a-megujulo-kapacitasok-bovuleset-es-a-rendszerszabalyozasi-kepesseg-fejlodesi-utemet\/"},"author":{"name":"H\u00f3dszol\u00e1r Kft.","@id":"https:\/\/dev.kompaktdesign.hu\/hodszolar.hu\/#\/schema\/person\/a788af940a3d6b2829396312340dd08c"},"headline":"\u00d6sszhangba kell hoznunk a meg\u00fajul\u00f3 kapacit\u00e1sok b\u0151v\u00fcl\u00e9s\u00e9t \u00e9s a rendszerszab\u00e1lyoz\u00e1si k\u00e9pess\u00e9g fejl\u0151d\u00e9si \u00fctem\u00e9t","datePublished":"2021-09-29T09:32:07+00:00","dateModified":"2021-09-29T09:32:08+00:00","mainEntityOfPage":{"@id":"https:\/\/dev.kompaktdesign.hu\/hodszolar.hu\/2021\/09\/29\/osszhangba-kell-hoznunk-a-megujulo-kapacitasok-bovuleset-es-a-rendszerszabalyozasi-kepesseg-fejlodesi-utemet\/"},"wordCount":675,"commentCount":0,"publisher":{"@id":"https:\/\/dev.kompaktdesign.hu\/hodszolar.hu\/#organization"},"articleSection":["Egy\u00e9b kateg\u00f3ria"],"inLanguage":"hu","potentialAction":[{"@type":"CommentAction","name":"Comment","target":["https:\/\/dev.kompaktdesign.hu\/hodszolar.hu\/2021\/09\/29\/osszhangba-kell-hoznunk-a-megujulo-kapacitasok-bovuleset-es-a-rendszerszabalyozasi-kepesseg-fejlodesi-utemet\/#respond"]}]},{"@type":"WebPage","@id":"https:\/\/dev.kompaktdesign.hu\/hodszolar.hu\/2021\/09\/29\/osszhangba-kell-hoznunk-a-megujulo-kapacitasok-bovuleset-es-a-rendszerszabalyozasi-kepesseg-fejlodesi-utemet\/","url":"https:\/\/dev.kompaktdesign.hu\/hodszolar.hu\/2021\/09\/29\/osszhangba-kell-hoznunk-a-megujulo-kapacitasok-bovuleset-es-a-rendszerszabalyozasi-kepesseg-fejlodesi-utemet\/","name":"\u00d6sszhangba kell hoznunk a meg\u00fajul\u00f3 kapacit\u00e1sok b\u0151v\u00fcl\u00e9s\u00e9t \u00e9s a rendszerszab\u00e1lyoz\u00e1si k\u00e9pess\u00e9g fejl\u0151d\u00e9si \u00fctem\u00e9t | H\u00f3dszol\u00e1r","isPartOf":{"@id":"https:\/\/dev.kompaktdesign.hu\/hodszolar.hu\/#website"},"datePublished":"2021-09-29T09:32:07+00:00","dateModified":"2021-09-29T09:32:08+00:00","breadcrumb":{"@id":"https:\/\/dev.kompaktdesign.hu\/hodszolar.hu\/2021\/09\/29\/osszhangba-kell-hoznunk-a-megujulo-kapacitasok-bovuleset-es-a-rendszerszabalyozasi-kepesseg-fejlodesi-utemet\/#breadcrumb"},"inLanguage":"hu","potentialAction":[{"@type":"ReadAction","target":["https:\/\/dev.kompaktdesign.hu\/hodszolar.hu\/2021\/09\/29\/osszhangba-kell-hoznunk-a-megujulo-kapacitasok-bovuleset-es-a-rendszerszabalyozasi-kepesseg-fejlodesi-utemet\/"]}]},{"@type":"BreadcrumbList","@id":"https:\/\/dev.kompaktdesign.hu\/hodszolar.hu\/2021\/09\/29\/osszhangba-kell-hoznunk-a-megujulo-kapacitasok-bovuleset-es-a-rendszerszabalyozasi-kepesseg-fejlodesi-utemet\/#breadcrumb","itemListElement":[{"@type":"ListItem","position":1,"name":"Kezd\u0151lap","item":"https:\/\/dev.kompaktdesign.hu\/hodszolar.hu\/"},{"@type":"ListItem","position":2,"name":"\u00d6sszhangba kell hoznunk a meg\u00fajul\u00f3 kapacit\u00e1sok b\u0151v\u00fcl\u00e9s\u00e9t \u00e9s a rendszerszab\u00e1lyoz\u00e1si k\u00e9pess\u00e9g fejl\u0151d\u00e9si \u00fctem\u00e9t"}]},{"@type":"WebSite","@id":"https:\/\/dev.kompaktdesign.hu\/hodszolar.hu\/#website","url":"https:\/\/dev.kompaktdesign.hu\/hodszolar.hu\/","name":"H\u00f3dszol\u00e1r","description":"A v\u00e1s\u00e1rhelyi napelemes","publisher":{"@id":"https:\/\/dev.kompaktdesign.hu\/hodszolar.hu\/#organization"},"potentialAction":[{"@type":"SearchAction","target":{"@type":"EntryPoint","urlTemplate":"https:\/\/dev.kompaktdesign.hu\/hodszolar.hu\/?s={search_term_string}"},"query-input":"required name=search_term_string"}],"inLanguage":"hu"},{"@type":"Organization","@id":"https:\/\/dev.kompaktdesign.hu\/hodszolar.hu\/#organization","name":"H\u00f3dszol\u00e1r Kft.","url":"https:\/\/dev.kompaktdesign.hu\/hodszolar.hu\/","sameAs":["https:\/\/www.facebook.com\/hodszolar"],"logo":{"@type":"ImageObject","inLanguage":"hu","@id":"https:\/\/dev.kompaktdesign.hu\/hodszolar.hu\/#\/schema\/logo\/image\/","url":"https:\/\/dev.kompaktdesign.hu\/hodszolar.hu\/wp-content\/uploads\/2021\/05\/fvicon.png","contentUrl":"https:\/\/dev.kompaktdesign.hu\/hodszolar.hu\/wp-content\/uploads\/2021\/05\/fvicon.png","width":132,"height":132,"caption":"H\u00f3dszol\u00e1r Kft."},"image":{"@id":"https:\/\/dev.kompaktdesign.hu\/hodszolar.hu\/#\/schema\/logo\/image\/"}},{"@type":"Person","@id":"https:\/\/dev.kompaktdesign.hu\/hodszolar.hu\/#\/schema\/person\/a788af940a3d6b2829396312340dd08c","name":"H\u00f3dszol\u00e1r Kft.","image":{"@type":"ImageObject","inLanguage":"hu","@id":"https:\/\/dev.kompaktdesign.hu\/hodszolar.hu\/#\/schema\/person\/image\/","url":"https:\/\/secure.gravatar.com\/avatar\/38df000db6f2e93b7f0ccccf7714392424ca033738d34dfe71f19fdb70329830?s=96&d=mm&r=g","contentUrl":"https:\/\/secure.gravatar.com\/avatar\/38df000db6f2e93b7f0ccccf7714392424ca033738d34dfe71f19fdb70329830?s=96&d=mm&r=g","caption":"H\u00f3dszol\u00e1r Kft."},"url":"https:\/\/dev.kompaktdesign.hu\/hodszolar.hu\/author\/hodszolar\/"}]}},"_links":{"self":[{"href":"https:\/\/dev.kompaktdesign.hu\/hodszolar.hu\/wp-json\/wp\/v2\/posts\/667","targetHints":{"allow":["GET"]}}],"collection":[{"href":"https:\/\/dev.kompaktdesign.hu\/hodszolar.hu\/wp-json\/wp\/v2\/posts"}],"about":[{"href":"https:\/\/dev.kompaktdesign.hu\/hodszolar.hu\/wp-json\/wp\/v2\/types\/post"}],"author":[{"embeddable":true,"href":"https:\/\/dev.kompaktdesign.hu\/hodszolar.hu\/wp-json\/wp\/v2\/users\/3"}],"replies":[{"embeddable":true,"href":"https:\/\/dev.kompaktdesign.hu\/hodszolar.hu\/wp-json\/wp\/v2\/comments?post=667"}],"version-history":[{"count":1,"href":"https:\/\/dev.kompaktdesign.hu\/hodszolar.hu\/wp-json\/wp\/v2\/posts\/667\/revisions"}],"predecessor-version":[{"id":669,"href":"https:\/\/dev.kompaktdesign.hu\/hodszolar.hu\/wp-json\/wp\/v2\/posts\/667\/revisions\/669"}],"wp:featuredmedia":[{"embeddable":true,"href":"https:\/\/dev.kompaktdesign.hu\/hodszolar.hu\/wp-json\/wp\/v2\/media\/668"}],"wp:attachment":[{"href":"https:\/\/dev.kompaktdesign.hu\/hodszolar.hu\/wp-json\/wp\/v2\/media?parent=667"}],"wp:term":[{"taxonomy":"category","embeddable":true,"href":"https:\/\/dev.kompaktdesign.hu\/hodszolar.hu\/wp-json\/wp\/v2\/categories?post=667"},{"taxonomy":"post_tag","embeddable":true,"href":"https:\/\/dev.kompaktdesign.hu\/hodszolar.hu\/wp-json\/wp\/v2\/tags?post=667"}],"curies":[{"name":"wp","href":"https:\/\/api.w.org\/{rel}","templated":true}]}}