{"id":746,"date":"2021-09-29T12:39:52","date_gmt":"2021-09-29T12:39:52","guid":{"rendered":"https:\/\/hodszolar.hu\/?p=746"},"modified":"2021-09-29T12:39:53","modified_gmt":"2021-09-29T12:39:53","slug":"hamarosan-1700-milliardnyi-palyazat-lesz-elerheto","status":"publish","type":"post","link":"https:\/\/dev.kompaktdesign.hu\/hodszolar.hu\/2021\/09\/29\/hamarosan-1700-milliardnyi-palyazat-lesz-elerheto\/","title":{"rendered":"Hamarosan 1700 milli\u00e1rdnyi p\u00e1ly\u00e1zat lesz el\u00e9rhet\u0151"},"content":{"rendered":"\n<p>A TOP Plusz program keret\u00e9ben 1700 milli\u00e1rd forintot kapnak a telep\u00fcl\u00e9sek a 2027-ig tart\u00f3 \u00faj fejleszt\u00e9si ciklusban, az els\u0151 p\u00e1ly\u00e1zatok pedig m\u00e1r v\u00e9lem\u00e9nyezhet\u0151ek \u2013 jelentette be&nbsp;Facebook-oldal\u00e1n&nbsp;Varga Mih\u00e1ly p\u00e9nz\u00fcgyminiszter.<\/p>\n\n\n\n<p>A miniszter szerint a TOP Plusz program els\u0151 felh\u00edv\u00e1sainak tervezetei a www.palyazat.gov.hu oldalon el\u00e9rhet\u0151ek. Ezek t\u00f6bbek k\u00f6z\u00f6tt \u00e9p\u00fclet-korszer\u0171s\u00edt\u00e9sekkel, \u00f3vod\u00e1k \u00e9s b\u00f6lcs\u0151d\u00e9k fejleszt\u00e9s\u00e9vel, valamint a fenntarthat\u00f3 k\u00f6zleked\u00e9ssel, \u00fatfejleszt\u00e9sekkel kapcsolatosak. V\u00e9lem\u00e9nyezhet\u0151 t\u00f6bbek k\u00f6z\u00f6tt a<\/p>\n\n\n\n<ul class=\"wp-block-list\"><li>Fenntarthat\u00f3 v\u00e1rosfejleszt\u00e9si strat\u00e9gi\u00e1k,<\/li><li>Helyi gazdas\u00e1gfejleszt\u00e9s,<\/li><li>Szoci\u00e1lis c\u00e9l\u00fa v\u00e1rosrehabilit\u00e1ci\u00f3,<\/li><li>Megyei foglalkoztat\u00e1si-gazdas\u00e1gfejleszt\u00e9si egy\u00fcttm\u0171k\u00f6d\u00e9sek,<\/li><li>Helyi eg\u00e9szs\u00e9g\u00fcgyi \u00e9s szoci\u00e1lis infrastrukt\u00fara fejleszt\u00e9se,<\/li><li>4 \u00e9s 5 sz\u00e1mjegy\u0171 utak fejleszt\u00e9se,<\/li><li>\u00c9lhet\u0151 telep\u00fcl\u00e9sek,<\/li><li>Helyi \u00e9s t\u00e9rs\u00e9gi turizmusfejleszt\u00e9s,<\/li><li>Gyermeknevel\u00e9st t\u00e1mogat\u00f3 hum\u00e1n infrastrukt\u00fara fejleszt\u00e9se,<\/li><li><strong>\u00d6nkorm\u00e1nyzati \u00e9p\u00fcletek energetikai korszer\u0171s\u00edt\u00e9se<\/strong>,<\/li><li>valamint a Belter\u00fcleti utak fejleszt\u00e9se elnevez\u00e9s\u0171 p\u00e1ly\u00e1zat tervezete is.<\/li><\/ul>\n\n\n\n<p>A c\u00e9l az, hogy az els\u0151 felh\u00edv\u00e1sokat m\u00e1r id\u00e9n \u0151sszel meg tudj\u00e1k jelentetni&nbsp;\u2013 k\u00f6z\u00f6lte a miniszter.<\/p>\n\n\n\n<p>Az egyeztet\u00e9sre bocs\u00e1tott felh\u00edv\u00e1ssal kapcsolatos \u00e9szrev\u00e9teleket szeptember 24-ig lehetett bek\u00fcldeni.<\/p>\n\n\n\n<p>Forr\u00e1s: index.hu<\/p>\n","protected":false},"excerpt":{"rendered":"<p>A TOP Plusz program keret\u00e9ben 1700 milli\u00e1rd forintot kapnak a telep\u00fcl\u00e9sek a 2027-ig tart\u00f3 \u00faj fejleszt\u00e9si ciklusban, az els\u0151 p\u00e1ly\u00e1zatok pedig m\u00e1r v\u00e9lem\u00e9nyezhet\u0151ek \u2013 jelentette be&nbsp;Facebook-oldal\u00e1n&nbsp;Varga Mih\u00e1ly p\u00e9nz\u00fcgyminiszter. A miniszter szerint a TOP Plusz program els\u0151 felh\u00edv\u00e1sainak tervezetei a www.palyazat.gov.hu oldalon el\u00e9rhet\u0151ek. Ezek t\u00f6bbek k\u00f6z\u00f6tt \u00e9p\u00fclet-korszer\u0171s\u00edt\u00e9sekkel, \u00f3vod\u00e1k \u00e9s b\u00f6lcs\u0151d\u00e9k fejleszt\u00e9s\u00e9vel, valamint a fenntarthat\u00f3 k\u00f6zleked\u00e9ssel, \u00fatfejleszt\u00e9sekkel [&hellip;]<\/p>\n","protected":false},"author":3,"featured_media":747,"comment_status":"open","ping_status":"open","sticky":false,"template":"","format":"standard","meta":{"footnotes":""},"categories":[1],"tags":[],"class_list":["post-746","post","type-post","status-publish","format-standard","has-post-thumbnail","hentry","category-egyeb"],"yoast_head":"<!-- This site is optimized with the Yoast SEO plugin v19.5.1 - https:\/\/yoast.com\/wordpress\/plugins\/seo\/ -->\n<title>Hamarosan 1700 milli\u00e1rdnyi p\u00e1ly\u00e1zat lesz el\u00e9rhet\u0151 | H\u00f3dszol\u00e1r<\/title>\n<meta name=\"robots\" content=\"noindex, follow, max-snippet:-1, max-image-preview:large, max-video-preview:-1\" \/>\n<meta property=\"og:locale\" content=\"hu_HU\" \/>\n<meta property=\"og:type\" content=\"article\" \/>\n<meta property=\"og:title\" content=\"Hamarosan 1700 milli\u00e1rdnyi p\u00e1ly\u00e1zat lesz el\u00e9rhet\u0151 | H\u00f3dszol\u00e1r\" \/>\n<meta property=\"og:description\" content=\"A TOP Plusz program keret\u00e9ben 1700 milli\u00e1rd forintot kapnak a telep\u00fcl\u00e9sek a 2027-ig tart\u00f3 \u00faj fejleszt\u00e9si ciklusban, az els\u0151 p\u00e1ly\u00e1zatok pedig m\u00e1r v\u00e9lem\u00e9nyezhet\u0151ek \u2013 jelentette be&nbsp;Facebook-oldal\u00e1n&nbsp;Varga Mih\u00e1ly p\u00e9nz\u00fcgyminiszter. A miniszter szerint a TOP Plusz program els\u0151 felh\u00edv\u00e1sainak tervezetei a www.palyazat.gov.hu oldalon el\u00e9rhet\u0151ek. Ezek t\u00f6bbek k\u00f6z\u00f6tt \u00e9p\u00fclet-korszer\u0171s\u00edt\u00e9sekkel, \u00f3vod\u00e1k \u00e9s b\u00f6lcs\u0151d\u00e9k fejleszt\u00e9s\u00e9vel, valamint a fenntarthat\u00f3 k\u00f6zleked\u00e9ssel, \u00fatfejleszt\u00e9sekkel [&hellip;]\" \/>\n<meta property=\"og:url\" content=\"https:\/\/dev.kompaktdesign.hu\/hodszolar.hu\/2021\/09\/29\/hamarosan-1700-milliardnyi-palyazat-lesz-elerheto\/\" \/>\n<meta property=\"og:site_name\" content=\"H\u00f3dszol\u00e1r\" \/>\n<meta property=\"article:publisher\" content=\"https:\/\/www.facebook.com\/hodszolar\" \/>\n<meta property=\"article:published_time\" content=\"2021-09-29T12:39:52+00:00\" \/>\n<meta property=\"article:modified_time\" content=\"2021-09-29T12:39:53+00:00\" \/>\n<meta property=\"og:image\" content=\"https:\/\/dev.kompaktdesign.hu\/hodszolar.hu\/wp-content\/uploads\/2021\/09\/palyazat-2020-header.jpg\" \/>\n\t<meta property=\"og:image:width\" content=\"1170\" \/>\n\t<meta property=\"og:image:height\" content=\"650\" \/>\n\t<meta property=\"og:image:type\" content=\"image\/jpeg\" \/>\n<meta name=\"author\" content=\"H\u00f3dszol\u00e1r Kft.\" \/>\n<meta name=\"twitter:card\" content=\"summary_large_image\" \/>\n<meta name=\"twitter:label1\" content=\"Szerz\u0151:\" \/>\n\t<meta name=\"twitter:data1\" content=\"H\u00f3dszol\u00e1r Kft.\" \/>\n\t<meta name=\"twitter:label2\" content=\"Becs\u00fclt olvas\u00e1si id\u0151\" \/>\n\t<meta name=\"twitter:data2\" content=\"1 perc\" \/>\n<script type=\"application\/ld+json\" class=\"yoast-schema-graph\">{\"@context\":\"https:\/\/schema.org\",\"@graph\":[{\"@type\":\"Article\",\"@id\":\"https:\/\/dev.kompaktdesign.hu\/hodszolar.hu\/2021\/09\/29\/hamarosan-1700-milliardnyi-palyazat-lesz-elerheto\/#article\",\"isPartOf\":{\"@id\":\"https:\/\/dev.kompaktdesign.hu\/hodszolar.hu\/2021\/09\/29\/hamarosan-1700-milliardnyi-palyazat-lesz-elerheto\/\"},\"author\":{\"name\":\"H\u00f3dszol\u00e1r Kft.\",\"@id\":\"https:\/\/dev.kompaktdesign.hu\/hodszolar.hu\/#\/schema\/person\/a788af940a3d6b2829396312340dd08c\"},\"headline\":\"Hamarosan 1700 milli\u00e1rdnyi p\u00e1ly\u00e1zat lesz el\u00e9rhet\u0151\",\"datePublished\":\"2021-09-29T12:39:52+00:00\",\"dateModified\":\"2021-09-29T12:39:53+00:00\",\"mainEntityOfPage\":{\"@id\":\"https:\/\/dev.kompaktdesign.hu\/hodszolar.hu\/2021\/09\/29\/hamarosan-1700-milliardnyi-palyazat-lesz-elerheto\/\"},\"wordCount\":249,\"commentCount\":0,\"publisher\":{\"@id\":\"https:\/\/dev.kompaktdesign.hu\/hodszolar.hu\/#organization\"},\"articleSection\":[\"Egy\u00e9b kateg\u00f3ria\"],\"inLanguage\":\"hu\",\"potentialAction\":[{\"@type\":\"CommentAction\",\"name\":\"Comment\",\"target\":[\"https:\/\/dev.kompaktdesign.hu\/hodszolar.hu\/2021\/09\/29\/hamarosan-1700-milliardnyi-palyazat-lesz-elerheto\/#respond\"]}]},{\"@type\":\"WebPage\",\"@id\":\"https:\/\/dev.kompaktdesign.hu\/hodszolar.hu\/2021\/09\/29\/hamarosan-1700-milliardnyi-palyazat-lesz-elerheto\/\",\"url\":\"https:\/\/dev.kompaktdesign.hu\/hodszolar.hu\/2021\/09\/29\/hamarosan-1700-milliardnyi-palyazat-lesz-elerheto\/\",\"name\":\"Hamarosan 1700 milli\u00e1rdnyi p\u00e1ly\u00e1zat lesz el\u00e9rhet\u0151 | H\u00f3dszol\u00e1r\",\"isPartOf\":{\"@id\":\"https:\/\/dev.kompaktdesign.hu\/hodszolar.hu\/#website\"},\"datePublished\":\"2021-09-29T12:39:52+00:00\",\"dateModified\":\"2021-09-29T12:39:53+00:00\",\"breadcrumb\":{\"@id\":\"https:\/\/dev.kompaktdesign.hu\/hodszolar.hu\/2021\/09\/29\/hamarosan-1700-milliardnyi-palyazat-lesz-elerheto\/#breadcrumb\"},\"inLanguage\":\"hu\",\"potentialAction\":[{\"@type\":\"ReadAction\",\"target\":[\"https:\/\/dev.kompaktdesign.hu\/hodszolar.hu\/2021\/09\/29\/hamarosan-1700-milliardnyi-palyazat-lesz-elerheto\/\"]}]},{\"@type\":\"BreadcrumbList\",\"@id\":\"https:\/\/dev.kompaktdesign.hu\/hodszolar.hu\/2021\/09\/29\/hamarosan-1700-milliardnyi-palyazat-lesz-elerheto\/#breadcrumb\",\"itemListElement\":[{\"@type\":\"ListItem\",\"position\":1,\"name\":\"Kezd\u0151lap\",\"item\":\"https:\/\/dev.kompaktdesign.hu\/hodszolar.hu\/\"},{\"@type\":\"ListItem\",\"position\":2,\"name\":\"Hamarosan 1700 milli\u00e1rdnyi p\u00e1ly\u00e1zat lesz el\u00e9rhet\u0151\"}]},{\"@type\":\"WebSite\",\"@id\":\"https:\/\/dev.kompaktdesign.hu\/hodszolar.hu\/#website\",\"url\":\"https:\/\/dev.kompaktdesign.hu\/hodszolar.hu\/\",\"name\":\"H\u00f3dszol\u00e1r\",\"description\":\"A v\u00e1s\u00e1rhelyi napelemes\",\"publisher\":{\"@id\":\"https:\/\/dev.kompaktdesign.hu\/hodszolar.hu\/#organization\"},\"potentialAction\":[{\"@type\":\"SearchAction\",\"target\":{\"@type\":\"EntryPoint\",\"urlTemplate\":\"https:\/\/dev.kompaktdesign.hu\/hodszolar.hu\/?s={search_term_string}\"},\"query-input\":\"required name=search_term_string\"}],\"inLanguage\":\"hu\"},{\"@type\":\"Organization\",\"@id\":\"https:\/\/dev.kompaktdesign.hu\/hodszolar.hu\/#organization\",\"name\":\"H\u00f3dszol\u00e1r Kft.\",\"url\":\"https:\/\/dev.kompaktdesign.hu\/hodszolar.hu\/\",\"sameAs\":[\"https:\/\/www.facebook.com\/hodszolar\"],\"logo\":{\"@type\":\"ImageObject\",\"inLanguage\":\"hu\",\"@id\":\"https:\/\/dev.kompaktdesign.hu\/hodszolar.hu\/#\/schema\/logo\/image\/\",\"url\":\"https:\/\/dev.kompaktdesign.hu\/hodszolar.hu\/wp-content\/uploads\/2021\/05\/fvicon.png\",\"contentUrl\":\"https:\/\/dev.kompaktdesign.hu\/hodszolar.hu\/wp-content\/uploads\/2021\/05\/fvicon.png\",\"width\":132,\"height\":132,\"caption\":\"H\u00f3dszol\u00e1r Kft.\"},\"image\":{\"@id\":\"https:\/\/dev.kompaktdesign.hu\/hodszolar.hu\/#\/schema\/logo\/image\/\"}},{\"@type\":\"Person\",\"@id\":\"https:\/\/dev.kompaktdesign.hu\/hodszolar.hu\/#\/schema\/person\/a788af940a3d6b2829396312340dd08c\",\"name\":\"H\u00f3dszol\u00e1r Kft.\",\"image\":{\"@type\":\"ImageObject\",\"inLanguage\":\"hu\",\"@id\":\"https:\/\/dev.kompaktdesign.hu\/hodszolar.hu\/#\/schema\/person\/image\/\",\"url\":\"https:\/\/secure.gravatar.com\/avatar\/38df000db6f2e93b7f0ccccf7714392424ca033738d34dfe71f19fdb70329830?s=96&d=mm&r=g\",\"contentUrl\":\"https:\/\/secure.gravatar.com\/avatar\/38df000db6f2e93b7f0ccccf7714392424ca033738d34dfe71f19fdb70329830?s=96&d=mm&r=g\",\"caption\":\"H\u00f3dszol\u00e1r Kft.\"},\"url\":\"https:\/\/dev.kompaktdesign.hu\/hodszolar.hu\/author\/hodszolar\/\"}]}<\/script>\n<!-- \/ Yoast SEO plugin. -->","yoast_head_json":{"title":"Hamarosan 1700 milli\u00e1rdnyi p\u00e1ly\u00e1zat lesz el\u00e9rhet\u0151 | H\u00f3dszol\u00e1r","robots":{"index":"noindex","follow":"follow","max-snippet":"max-snippet:-1","max-image-preview":"max-image-preview:large","max-video-preview":"max-video-preview:-1"},"og_locale":"hu_HU","og_type":"article","og_title":"Hamarosan 1700 milli\u00e1rdnyi p\u00e1ly\u00e1zat lesz el\u00e9rhet\u0151 | H\u00f3dszol\u00e1r","og_description":"A TOP Plusz program keret\u00e9ben 1700 milli\u00e1rd forintot kapnak a telep\u00fcl\u00e9sek a 2027-ig tart\u00f3 \u00faj fejleszt\u00e9si ciklusban, az els\u0151 p\u00e1ly\u00e1zatok pedig m\u00e1r v\u00e9lem\u00e9nyezhet\u0151ek \u2013 jelentette be&nbsp;Facebook-oldal\u00e1n&nbsp;Varga Mih\u00e1ly p\u00e9nz\u00fcgyminiszter. A miniszter szerint a TOP Plusz program els\u0151 felh\u00edv\u00e1sainak tervezetei a www.palyazat.gov.hu oldalon el\u00e9rhet\u0151ek. Ezek t\u00f6bbek k\u00f6z\u00f6tt \u00e9p\u00fclet-korszer\u0171s\u00edt\u00e9sekkel, \u00f3vod\u00e1k \u00e9s b\u00f6lcs\u0151d\u00e9k fejleszt\u00e9s\u00e9vel, valamint a fenntarthat\u00f3 k\u00f6zleked\u00e9ssel, \u00fatfejleszt\u00e9sekkel [&hellip;]","og_url":"https:\/\/dev.kompaktdesign.hu\/hodszolar.hu\/2021\/09\/29\/hamarosan-1700-milliardnyi-palyazat-lesz-elerheto\/","og_site_name":"H\u00f3dszol\u00e1r","article_publisher":"https:\/\/www.facebook.com\/hodszolar","article_published_time":"2021-09-29T12:39:52+00:00","article_modified_time":"2021-09-29T12:39:53+00:00","og_image":[{"width":1170,"height":650,"url":"https:\/\/dev.kompaktdesign.hu\/hodszolar.hu\/wp-content\/uploads\/2021\/09\/palyazat-2020-header.jpg","type":"image\/jpeg"}],"author":"H\u00f3dszol\u00e1r Kft.","twitter_card":"summary_large_image","twitter_misc":{"Szerz\u0151:":"H\u00f3dszol\u00e1r Kft.","Becs\u00fclt olvas\u00e1si id\u0151":"1 perc"},"schema":{"@context":"https:\/\/schema.org","@graph":[{"@type":"Article","@id":"https:\/\/dev.kompaktdesign.hu\/hodszolar.hu\/2021\/09\/29\/hamarosan-1700-milliardnyi-palyazat-lesz-elerheto\/#article","isPartOf":{"@id":"https:\/\/dev.kompaktdesign.hu\/hodszolar.hu\/2021\/09\/29\/hamarosan-1700-milliardnyi-palyazat-lesz-elerheto\/"},"author":{"name":"H\u00f3dszol\u00e1r Kft.","@id":"https:\/\/dev.kompaktdesign.hu\/hodszolar.hu\/#\/schema\/person\/a788af940a3d6b2829396312340dd08c"},"headline":"Hamarosan 1700 milli\u00e1rdnyi p\u00e1ly\u00e1zat lesz el\u00e9rhet\u0151","datePublished":"2021-09-29T12:39:52+00:00","dateModified":"2021-09-29T12:39:53+00:00","mainEntityOfPage":{"@id":"https:\/\/dev.kompaktdesign.hu\/hodszolar.hu\/2021\/09\/29\/hamarosan-1700-milliardnyi-palyazat-lesz-elerheto\/"},"wordCount":249,"commentCount":0,"publisher":{"@id":"https:\/\/dev.kompaktdesign.hu\/hodszolar.hu\/#organization"},"articleSection":["Egy\u00e9b kateg\u00f3ria"],"inLanguage":"hu","potentialAction":[{"@type":"CommentAction","name":"Comment","target":["https:\/\/dev.kompaktdesign.hu\/hodszolar.hu\/2021\/09\/29\/hamarosan-1700-milliardnyi-palyazat-lesz-elerheto\/#respond"]}]},{"@type":"WebPage","@id":"https:\/\/dev.kompaktdesign.hu\/hodszolar.hu\/2021\/09\/29\/hamarosan-1700-milliardnyi-palyazat-lesz-elerheto\/","url":"https:\/\/dev.kompaktdesign.hu\/hodszolar.hu\/2021\/09\/29\/hamarosan-1700-milliardnyi-palyazat-lesz-elerheto\/","name":"Hamarosan 1700 milli\u00e1rdnyi p\u00e1ly\u00e1zat lesz el\u00e9rhet\u0151 | H\u00f3dszol\u00e1r","isPartOf":{"@id":"https:\/\/dev.kompaktdesign.hu\/hodszolar.hu\/#website"},"datePublished":"2021-09-29T12:39:52+00:00","dateModified":"2021-09-29T12:39:53+00:00","breadcrumb":{"@id":"https:\/\/dev.kompaktdesign.hu\/hodszolar.hu\/2021\/09\/29\/hamarosan-1700-milliardnyi-palyazat-lesz-elerheto\/#breadcrumb"},"inLanguage":"hu","potentialAction":[{"@type":"ReadAction","target":["https:\/\/dev.kompaktdesign.hu\/hodszolar.hu\/2021\/09\/29\/hamarosan-1700-milliardnyi-palyazat-lesz-elerheto\/"]}]},{"@type":"BreadcrumbList","@id":"https:\/\/dev.kompaktdesign.hu\/hodszolar.hu\/2021\/09\/29\/hamarosan-1700-milliardnyi-palyazat-lesz-elerheto\/#breadcrumb","itemListElement":[{"@type":"ListItem","position":1,"name":"Kezd\u0151lap","item":"https:\/\/dev.kompaktdesign.hu\/hodszolar.hu\/"},{"@type":"ListItem","position":2,"name":"Hamarosan 1700 milli\u00e1rdnyi p\u00e1ly\u00e1zat lesz el\u00e9rhet\u0151"}]},{"@type":"WebSite","@id":"https:\/\/dev.kompaktdesign.hu\/hodszolar.hu\/#website","url":"https:\/\/dev.kompaktdesign.hu\/hodszolar.hu\/","name":"H\u00f3dszol\u00e1r","description":"A v\u00e1s\u00e1rhelyi napelemes","publisher":{"@id":"https:\/\/dev.kompaktdesign.hu\/hodszolar.hu\/#organization"},"potentialAction":[{"@type":"SearchAction","target":{"@type":"EntryPoint","urlTemplate":"https:\/\/dev.kompaktdesign.hu\/hodszolar.hu\/?s={search_term_string}"},"query-input":"required name=search_term_string"}],"inLanguage":"hu"},{"@type":"Organization","@id":"https:\/\/dev.kompaktdesign.hu\/hodszolar.hu\/#organization","name":"H\u00f3dszol\u00e1r Kft.","url":"https:\/\/dev.kompaktdesign.hu\/hodszolar.hu\/","sameAs":["https:\/\/www.facebook.com\/hodszolar"],"logo":{"@type":"ImageObject","inLanguage":"hu","@id":"https:\/\/dev.kompaktdesign.hu\/hodszolar.hu\/#\/schema\/logo\/image\/","url":"https:\/\/dev.kompaktdesign.hu\/hodszolar.hu\/wp-content\/uploads\/2021\/05\/fvicon.png","contentUrl":"https:\/\/dev.kompaktdesign.hu\/hodszolar.hu\/wp-content\/uploads\/2021\/05\/fvicon.png","width":132,"height":132,"caption":"H\u00f3dszol\u00e1r Kft."},"image":{"@id":"https:\/\/dev.kompaktdesign.hu\/hodszolar.hu\/#\/schema\/logo\/image\/"}},{"@type":"Person","@id":"https:\/\/dev.kompaktdesign.hu\/hodszolar.hu\/#\/schema\/person\/a788af940a3d6b2829396312340dd08c","name":"H\u00f3dszol\u00e1r Kft.","image":{"@type":"ImageObject","inLanguage":"hu","@id":"https:\/\/dev.kompaktdesign.hu\/hodszolar.hu\/#\/schema\/person\/image\/","url":"https:\/\/secure.gravatar.com\/avatar\/38df000db6f2e93b7f0ccccf7714392424ca033738d34dfe71f19fdb70329830?s=96&d=mm&r=g","contentUrl":"https:\/\/secure.gravatar.com\/avatar\/38df000db6f2e93b7f0ccccf7714392424ca033738d34dfe71f19fdb70329830?s=96&d=mm&r=g","caption":"H\u00f3dszol\u00e1r Kft."},"url":"https:\/\/dev.kompaktdesign.hu\/hodszolar.hu\/author\/hodszolar\/"}]}},"_links":{"self":[{"href":"https:\/\/dev.kompaktdesign.hu\/hodszolar.hu\/wp-json\/wp\/v2\/posts\/746","targetHints":{"allow":["GET"]}}],"collection":[{"href":"https:\/\/dev.kompaktdesign.hu\/hodszolar.hu\/wp-json\/wp\/v2\/posts"}],"about":[{"href":"https:\/\/dev.kompaktdesign.hu\/hodszolar.hu\/wp-json\/wp\/v2\/types\/post"}],"author":[{"embeddable":true,"href":"https:\/\/dev.kompaktdesign.hu\/hodszolar.hu\/wp-json\/wp\/v2\/users\/3"}],"replies":[{"embeddable":true,"href":"https:\/\/dev.kompaktdesign.hu\/hodszolar.hu\/wp-json\/wp\/v2\/comments?post=746"}],"version-history":[{"count":1,"href":"https:\/\/dev.kompaktdesign.hu\/hodszolar.hu\/wp-json\/wp\/v2\/posts\/746\/revisions"}],"predecessor-version":[{"id":748,"href":"https:\/\/dev.kompaktdesign.hu\/hodszolar.hu\/wp-json\/wp\/v2\/posts\/746\/revisions\/748"}],"wp:featuredmedia":[{"embeddable":true,"href":"https:\/\/dev.kompaktdesign.hu\/hodszolar.hu\/wp-json\/wp\/v2\/media\/747"}],"wp:attachment":[{"href":"https:\/\/dev.kompaktdesign.hu\/hodszolar.hu\/wp-json\/wp\/v2\/media?parent=746"}],"wp:term":[{"taxonomy":"category","embeddable":true,"href":"https:\/\/dev.kompaktdesign.hu\/hodszolar.hu\/wp-json\/wp\/v2\/categories?post=746"},{"taxonomy":"post_tag","embeddable":true,"href":"https:\/\/dev.kompaktdesign.hu\/hodszolar.hu\/wp-json\/wp\/v2\/tags?post=746"}],"curies":[{"name":"wp","href":"https:\/\/api.w.org\/{rel}","templated":true}]}}