{"id":750,"date":"2021-10-04T14:03:33","date_gmt":"2021-10-04T14:03:33","guid":{"rendered":"https:\/\/hodszolar.hu\/?p=750"},"modified":"2021-10-04T14:06:33","modified_gmt":"2021-10-04T14:06:33","slug":"egy-megbizhato-kivitelezo-1-resz","status":"publish","type":"post","link":"https:\/\/dev.kompaktdesign.hu\/hodszolar.hu\/2021\/10\/04\/egy-megbizhato-kivitelezo-1-resz\/","title":{"rendered":"Egy megb\u00edzhat\u00f3 kivitelez\u0151 - 1. r\u00e9sz"},"content":{"rendered":"\n<p><strong>Nem megb\u00edzhat\u00f3 vagy szakmailag nem megfelel\u0151 kivitelez\u0151 v\u00e1laszt\u00e1sa<\/strong><\/p>\n\n\n\n<p>Az egyik legvesz\u00e9lyesebb hiba, ha szakmailag nem 100%-ban hozz\u00e1\u00e9rt\u0151 kivitelez\u0151vel terveztetj\u00fck meg \u00e9s szereltetj\u00fck fel napelemes rendszer\u00fcnket. Egy\u00e9rtelm\u0171en r\u00e1fizet\u00e9s lehet bel\u0151le \u00e9s esetenk\u00e9nt \u00e9let-, de legal\u00e1bbis t\u0171zvesz\u00e9lyes helyzet \u00e1llhat el\u0151, ha nem megfelel\u0151 kivitelez\u0151t v\u00e1lasztunk. Lehet, hogy egy komoly referenci\u00e1kkal rendelkez\u0151, megb\u00edzhat\u00f3 c\u00e9g n\u00e9mik\u00e9ppen dr\u00e1g\u00e1bbnak t\u0171nik els\u0151 l\u00e1t\u00e1sra, \u00e1m a szakmailag megk\u00e9rd\u0151jelezhet\u0151 kivitelez\u00e9s k\u00f6nnyed\u00e9n milli\u00f3s k\u00e1rt okozhat puszt\u00e1n a hozz\u00e1 nem \u00e9rt\u00e9sb\u0151l fakad\u00f3an. Csak olyan v\u00e1llalkoz\u00e1ssal szerz\u0151dj\u00fcnk teh\u00e1t, aki ellen\u0151rizhet\u0151 referenci\u00e1kkal rendelkezik.<\/p>\n\n\n\n<p>A napelem szerel\u00e9s nincs k\u00fcl\u00f6n k\u00e9pes\u00edt\u00e9shez k\u00f6tve, csak az a k\u00f6vetelm\u00e9ny, hogy a rendszer telep\u00edt\u0151je villanyszerel\u0151 legyen. Ennek ellen\u00e9re tudhat\u00f3, hogy a telep\u00edt\u00e9s egy \u00f6sszetett \u00e9s egym\u00e1sra \u00e9p\u00fcl\u0151 f\u00e1zisokb\u00f3l \u00e1ll\u00f3 folyamat.<\/p>\n\n\n\n<p>Gyakori hiba lehet m\u00e9g, hogy hi\u00e1ba a megfelel\u0151 szakmai alapok \u00e9s v\u00e9gzetts\u00e9g, ha a villanyszerel\u0151k nem olvass\u00e1k el a term\u00e9kle\u00edr\u00e1sokat, a napelem \u00e9s inverter adatlapokat, a telep\u00edt\u00e9si \u00fatmutat\u00f3kat \u00e9s egy\u00e9b dokument\u00e1ci\u00f3kat, csak a v\u00e9lt rutin alapj\u00e1n dolgoznak, figyelmen k\u00edv\u00fcl hagyva azt a t\u00e9nyt, hogy minden rendszer egyedi.<\/p>\n\n\n\n<h2 class=\"wp-block-heading\">Hogyan v\u00e1lasszunk megb\u00edzhat\u00f3 napelemes kivitelez\u0151t?<\/h2>\n\n\n\n<p>A tet\u0151re, vagy talajra szerelt napelemes rendszer kiv\u00e1laszt\u00e1sakor sz\u00e1mos szempontot \u00e9rdemes figyelembe venni. Az egyik legfontosabb ezek k\u00f6z\u00fcl, hogy kit is b\u00edzunk meg a rendszer telep\u00edt\u00e9s\u00e9vel.<\/p>\n\n\n\n<p>Minden esetben c\u00e9lszer\u0171 olyan c\u00e9get megb\u00edzni napelem rendszer\u00fcnk ki\u00e9p\u00edt\u00e9s\u00e9vel, aki a teljes folyamaton v\u00e9gig k\u00eds\u00e9ri az \u00fcgyfeleit. Ez vonatkozik m\u00e1r a kezdeti l\u00e9p\u00e9sekre is, mint a rendszer megtervez\u00e9se \u00e9s vonatkozik az enged\u00e9lyeztet\u00e9sen \u00e9s p\u00e1ly\u00e1zat\u00edr\u00e1son \u00e1t a teljes kivitelez\u00e9sig, majd a t\u00e1vfel\u00fcgyeletig.<\/p>\n\n\n\n<p>Egy napelemes rendszer felszerel\u00e9s\u00e9hez megb\u00edzhat\u00f3, tapasztalt szakemberekre van sz\u00fcks\u00e9g, hiszen komoly anyagi befektet\u00e9st jelent.<\/p>\n\n\n\n<p>Fontos szempont tov\u00e1bb\u00e1 a napelemes rendszer \u00e9s elemeinek garanci\u00e1lis felt\u00e9telei is. Az eg\u00e9sz rendszer \u00e9rt\u00e9k\u00e9nek k\u00f6r\u00fclbel\u00fcl 70%-\u00e1t maguk a napelemek adj\u00e1k, a fennmarad\u00f3 r\u00e9szt pedig az inverter. \u00d3ri\u00e1si k\u00fcl\u00f6nbs\u00e9geket fedezhet\u00fcnk fel azonban az egyes gy\u00e1rt\u00f3k eset\u00e9ben a garanci\u00e1lis k\u00e9rd\u00e9seket illet\u0151en.<\/p>\n\n\n\n<p>\u00d6sszesen k\u00e9tfajta garanci\u00e1r\u00f3l besz\u00e9lhet\u00fcnk a napelemes rendszerek eset\u00e9ben:<\/p>\n\n\n\n<ul class=\"wp-block-list\"><li>teljes\u00edtm\u00e9nygaranci\u00e1r\u00f3l<\/li><li>term\u00e9kgaranci\u00e1r\u00f3l.<\/li><\/ul>\n\n\n\n<p>El\u0151bbi eset\u00e9n \u00e1ltal\u00e1ban 25 \u00e9vre v\u00e1llal a legt\u00f6bb gy\u00e1rt\u00f3 80%-os garanci\u00e1t, ami azt jelenti, hogy amennyiben a rendszer m\u00e9g 25 \u00e9v m\u00falva is m\u0171k\u00f6dik, \u00fagy a teljes\u00edtm\u00e9nye minimum az eredeti \u00e9rt\u00e9k 80%-a lesz.<\/p>\n\n\n\n<p>A term\u00e9kgarancia arra vonatkozik, hogy amennyiben a garanci\u00e1lis felt\u00e9telekben megszabott id\u0151tartamon bel\u00fcl meghib\u00e1sodik a rendszer, \u00fagy a gy\u00e1rt\u00f3 v\u00e1llalja a rendszer teljes cser\u00e9j\u00e9t.<\/p>\n\n\n\n<p>Napelemek eset\u00e9n teh\u00e1t kiemelten figyeln\u00fcnk kell, hiszen a piacon t\u00f6bb gy\u00e1rt\u00f3 is mind\u00f6ssze 10-12 \u00e9ves term\u00e9kgaranci\u00e1t v\u00e1llal, viszont n\u00e9mi keresg\u00e9l\u00e9st k\u00f6vet\u0151en ma m\u00e1r 20 \u00e9v garanci\u00e1val rendelkez\u0151 rendszerek is el\u00e9rhet\u0151ek. Mi ennek ellen\u00e9re egy olyan napelemm\u00e1rk\u00e1t v\u00e1lasztottunk, amely nagy m\u00faltja r\u00e9v\u00e9n 25 \u00e9v term\u00e9kgaranci\u00e1t is v\u00e1llal, a 84,8%-os 25 \u00e9ves teljes\u00edtm\u00e9nygarancia mellett. A Hyundai term\u00e9keit <a href=\"https:\/\/dev.kompaktdesign.hu\/hodszolar.hu\/napelemek\/\">itt<\/a> tal\u00e1lj\u00e1tok, n\u00e9h\u00e1ny \u00e9rdekess\u00e9get a napelemeir\u0151l pedig <a href=\"https:\/\/dev.kompaktdesign.hu\/hodszolar.hu\/2021\/06\/11\/ismerjuk-meg-a-hyundai-napelemet\/\">itt<\/a> szedt\u00fcnk \u00f6ssze.<\/p>\n\n\n\n<h2 class=\"wp-block-heading\">Megb\u00edzhat\u00f3 napelemes kivitelez\u0151 \u00e1raj\u00e1nlata<\/h2>\n\n\n\n<p>Amennyiben v\u00e1lasztottunk egy megfelel\u0151 kivitelez\u0151t, akkor ker\u00fclhet sor a napelem \u00e1raj\u00e1nlat k\u00e9r\u00e9sre. A kivitelez\u0151k eset\u00e9ben szembes\u00fclhet\u00fcnk azzal, hogy az \u00e1raj\u00e1nlatok tartalma \u00e9s v\u00e9g\u00f6sszege igen k\u00fcl\u00f6nb\u00f6z\u0151 lehet. A magasabb v\u00e9g\u00f6sszeg\u0171 sz\u00e1mla ak\u00e1r fontos v\u00e9delmi funkci\u00f3kat is tartalmazhat, ez\u00e9rt nem mindig az olcs\u00f3bb a jobb v\u00e1laszt\u00e1s!<\/p>\n\n\n\n<p>A napelemes rendszer kifejezetten nem az a t\u00e9tel, amin \u00e9rdemes sp\u00f3rolni, ez\u00e9rt fontos, hogy csak \u00e9s kiz\u00e1r\u00f3lag olyan \u00e1raj\u00e1nlatot fogadjunk el, amely kulcsrak\u00e9sz \u00e1llapotra vonatkozik \u00e9s minden l\u00e9nyeges t\u00e9telt tartalmaz (napelemek, inverter, k\u00e1belek, biztons\u00e1gi elemek, enged\u00e9lyeztet\u00e9s, egy\u00e9b szolg\u00e1ltat\u00e1sok).<\/p>\n\n\n\n<h2 class=\"wp-block-heading\">Ingyenes helysz\u00edni felm\u00e9r\u00e9s<\/h2>\n\n\n\n<p>Ez\u00e9rt van sz\u00fcks\u00e9g az alapos helysz\u00edni felm\u00e9r\u00e9sre, miel\u0151tt a kivitelez\u0151 \u00e1raj\u00e1nlatot ad vagy m\u0171szaki tervet k\u00e9sz\u00edt. Napelemes c\u00e9g\u00fcnk a napelemes rendszerek telep\u00edt\u00e9s\u00e9t ingyenes helysz\u00edni felm\u00e9r\u00e9ssel v\u00e9gzi, nem sz\u00e1molunk fel plusz k\u00f6lts\u00e9geket, hiszen az alapos helysz\u00edni felm\u00e9r\u00e9s a mi \u00e9rdek\u00fcnk is.<\/p>\n\n\n\n<p>Az ingyenes helysz\u00edni felm\u00e9r\u00e9s sor\u00e1n a koll\u00e9g\u00e1nk sok fontos dolgot figyel \u00e9s m\u00e9r fel az ingatlanon, ami a napelem rendszerek telep\u00edt\u00e9sekor elengedhetetlen. Az egyik ilyen a tet\u0151 t\u00e1jol\u00e1sa, ebb\u0151l der\u00fcl ki, hogy mennyi napsug\u00e1rz\u00e1s \u00e9rn\u00e9 a napelemeket. Szint\u00e9n fontos k\u00e9rd\u00e9s az \u00e1rny\u00e9kol\u00e1si t\u00e9nyez\u0151k. Egy k\u00e9m\u00e9ny, egy fa \u00e1ltal a napelem modulra vetett \u00e1rny\u00e9k nagyban visszaveti a napelem rendszer \u00e1ramtermel\u00e9s\u00e9t, ez\u00e1ltal a rendszer megt\u00e9r\u00fcl\u00e9s\u00e9t is. Koll\u00e9g\u00e1nk megm\u00e9ri a tet\u0151 d\u0151l\u00e9ssz\u00f6g\u00e9t, \u00e9s megvizsg\u00e1lja a tet\u0151 szerkezet\u00e9t, hogy biztosak legy\u00fcnk benne a tet\u0151 elb\u00edrja a napelem rendszert, \u00e9s hogy milyen t\u00edpus\u00fa tart\u00f3szerkezet kell a napelem modulok r\u00f6gz\u00edt\u00e9s\u00e9hez.&nbsp;<\/p>\n\n\n\n<p>Megn\u00e9zi az elektromos rendszer \u00e9s a villany\u00f3r\u00e1t, hogy hol lesznek a bek\u00f6t\u00e9si pontok, \u00e9s k\u00f6z\u00f6sen meghat\u00e1rozzuk az inverter lehets\u00e9ges hely\u00e9t. Ezen adatok tudat\u00e1ban ki tudjuk sz\u00e1molni a be\u00e9p\u00edtend\u0151 anyagok pontos mennyis\u00e9g\u00e9t \u00e9s \u00edgy tudunk pontos, rejtett k\u00f6lts\u00e9gekt\u0151l mentes, szem\u00e9lyre szabott \u00e1raj\u00e1nlatot adni. A napelemes rendszerhez sz\u00fcks\u00e9ges, ingatlanhoz kapcsol\u00f3d\u00f3 szempontokr\u00f3l <a href=\"https:\/\/dev.kompaktdesign.hu\/hodszolar.hu\/2021\/09\/17\/mire-figyeljunk-ha-napelemes-rendszert-szeretnenk\/\">itt<\/a> \u00edrtunk kor\u00e1bban.<\/p>\n\n\n\n<h2 class=\"wp-block-heading\">Napelem rendszer \u00fcgyint\u00e9z\u00e9s<\/h2>\n\n\n\n<p>A napelemes rendszerek kivitelez\u00e9sekor a dokument\u00e1ci\u00f3 \u00e9s az \u00fcgyint\u00e9z\u00e9s a leghosszabb folyamat, maga a napelem rendszer felszerel\u00e9s a legr\u00f6videbb. A megfelel\u0151 enged\u00e9lyek beszerz\u00e9se, az elb\u00edr\u00e1l\u00e1sok, tervez\u00e9sek \u00e9s ellen\u0151rz\u00e9sek hossz\u00fa heteket \u00f6lelnek fel, m\u00edg a tart\u00f3szerkezet felszerel\u00e9se, a napelemek \u00e9s az inverter telep\u00edt\u00e9se nem tart tov\u00e1bb egyetlen napn\u00e1l egy csal\u00e1di h\u00e1z eset\u00e9ben. A legt\u00f6bben azt szeretn\u00e9k tudni, hogy a telep\u00edt\u00e9s \u00e9s az \u00fcgyint\u00e9z\u00e9s milyen gyakorlati l\u00e9p\u00e9sekb\u0151l \u00e1ll, amir\u0151l <a href=\"https:\/\/dev.kompaktdesign.hu\/hodszolar.hu\/2021\/07\/27\/napelemes-rendszer-engedelyeztetesenek-folyamata\/\">itt<\/a> \u00edrtunk m\u00e1r.<\/p>\n\n\n\n<h2 class=\"wp-block-heading\">Megb\u00edzhatatlan, nem hozz\u00e1\u00e9rt\u0151 kivitelez\u0151 c\u00e9g<\/h2>\n\n\n\n<p>V\u00e1s\u00e1rolhatunk b\u00e1rmilyen megb\u00edzhat\u00f3 eszk\u00f6zt az ig\u00e9nyeinkre szabva, a kivitelez\u00e9s min\u0151s\u00e9g\u00e9n is sok m\u00falik a hossz\u00fa t\u00e1v\u00fa haszn\u00e1lat szempontj\u00e1b\u00f3l. \u00cdgy mindenk\u00e9ppen olyan kivitelez\u0151 c\u00e9ghez c\u00e9lszer\u0171 fordulni, amely leinform\u00e1lhat\u00f3, m\u0171k\u00f6d\u00e9se ellen\u0151rizhet\u0151, k\u00f6vethet\u0151, \u00e9s a kivitelez\u00e9si garancia \u2013 valamint annak felt\u00e9telei \u2013 kiel\u00e9g\u00edt\u0151k. A kimagasl\u00f3 ipar\u00e1gi tud\u00e1st ugyan neh\u00e9z m\u00e9rni, \u00e9s sokszor egy-egy honlap vagy prospektus nem szolg\u00e1ltat err\u0151l elegend\u0151 inform\u00e1ci\u00f3t, j\u00f3 m\u00f3dszer az ellen\u0151rz\u00e9sre, ha az \u00e1rakat \u00e9s a kivitelez\u00e9sre vonatkoz\u00f3 inform\u00e1ci\u00f3kat t\u00f6bb v\u00e1llalatt\u00f3l is bek\u00e9rj\u00fck. \u00cdgy azokat \u00f6sszehasonl\u00edtva tudjuk sz\u0171rni a kiugr\u00f3an magas vagy a gyan\u00fasan alacsony \u00e1rakat.<\/p>\n\n\n\n<p>C\u00e9g\u00fcnk nem gy\u0151zni hangs\u00falyozni, hogy mint ahogy alm\u00e1t is csak alm\u00e1val tudunk igaz\u00e1n \u00f6sszehasonl\u00edtani, miel\u0151tt komolyabb el\u0151\u00edt\u00e9letet alkotn\u00e1nk az \u00e1rak alapj\u00e1n, vizsg\u00e1ljunk meg minden szempontot (min\u0151s\u00e9g, mennyis\u00e9g, k\u00e9s\u0151bbi b\u0151v\u00edthet\u0151s\u00e9g, m\u0171szaki param\u00e9terek, sz\u00e1ll\u00edt\u00e1si hat\u00e1rid\u0151k, fizet\u00e9si felt\u00e9telek stb).<\/p>\n\n\n\n<p>Sok kivitelez\u0151 hajlamos a legt\u00f6bb negat\u00edv \u00e9rt\u00e9k\u0171 r\u00e9szletet elhallgatni, \u00edgy sok minden akkor der\u00fcl ki, amikor m\u00e1r folyamatban van a projekt.<\/p>\n\n\n\n<p>A stabil c\u00e9ges h\u00e1tt\u00e9r, az el\u00e9gedett \u00fcgyfelek, esetleg a kor\u00e1bbi tapasztalatok \u00e9s az aj\u00e1nl\u00e1sok j\u00f3 t\u00e1mpontot adhatnak, de minden esetben t\u00e1maszkodjunk hivatalos forr\u00e1sokra is (mint a C\u00e9gjegyz\u00e9k), illetve ellen\u0151rizz\u00fck a gy\u00e1rt\u00f3i kapcsolatokat.<\/p>\n","protected":false},"excerpt":{"rendered":"<p>Nem megb\u00edzhat\u00f3 vagy szakmailag nem megfelel\u0151 kivitelez\u0151 v\u00e1laszt\u00e1sa Az egyik legvesz\u00e9lyesebb hiba, ha szakmailag nem 100%-ban hozz\u00e1\u00e9rt\u0151 kivitelez\u0151vel terveztetj\u00fck meg \u00e9s szereltetj\u00fck fel napelemes rendszer\u00fcnket. Egy\u00e9rtelm\u0171en r\u00e1fizet\u00e9s lehet bel\u0151le \u00e9s esetenk\u00e9nt \u00e9let-, de legal\u00e1bbis t\u0171zvesz\u00e9lyes helyzet \u00e1llhat el\u0151, ha nem megfelel\u0151 kivitelez\u0151t v\u00e1lasztunk. Lehet, hogy egy komoly referenci\u00e1kkal rendelkez\u0151, megb\u00edzhat\u00f3 c\u00e9g n\u00e9mik\u00e9ppen dr\u00e1g\u00e1bbnak t\u0171nik els\u0151 [&hellip;]<\/p>\n","protected":false},"author":3,"featured_media":751,"comment_status":"open","ping_status":"open","sticky":false,"template":"","format":"standard","meta":{"footnotes":""},"categories":[1],"tags":[],"class_list":["post-750","post","type-post","status-publish","format-standard","has-post-thumbnail","hentry","category-egyeb"],"yoast_head":"<!-- This site is optimized with the Yoast SEO plugin v19.5.1 - https:\/\/yoast.com\/wordpress\/plugins\/seo\/ -->\n<title>Egy megb\u00edzhat\u00f3 kivitelez\u0151 - 1. r\u00e9sz | H\u00f3dszol\u00e1r<\/title>\n<meta name=\"robots\" content=\"noindex, follow, max-snippet:-1, max-image-preview:large, max-video-preview:-1\" \/>\n<meta property=\"og:locale\" content=\"hu_HU\" \/>\n<meta property=\"og:type\" content=\"article\" \/>\n<meta property=\"og:title\" content=\"Egy megb\u00edzhat\u00f3 kivitelez\u0151 - 1. r\u00e9sz | H\u00f3dszol\u00e1r\" \/>\n<meta property=\"og:description\" content=\"Nem megb\u00edzhat\u00f3 vagy szakmailag nem megfelel\u0151 kivitelez\u0151 v\u00e1laszt\u00e1sa Az egyik legvesz\u00e9lyesebb hiba, ha szakmailag nem 100%-ban hozz\u00e1\u00e9rt\u0151 kivitelez\u0151vel terveztetj\u00fck meg \u00e9s szereltetj\u00fck fel napelemes rendszer\u00fcnket. Egy\u00e9rtelm\u0171en r\u00e1fizet\u00e9s lehet bel\u0151le \u00e9s esetenk\u00e9nt \u00e9let-, de legal\u00e1bbis t\u0171zvesz\u00e9lyes helyzet \u00e1llhat el\u0151, ha nem megfelel\u0151 kivitelez\u0151t v\u00e1lasztunk. Lehet, hogy egy komoly referenci\u00e1kkal rendelkez\u0151, megb\u00edzhat\u00f3 c\u00e9g n\u00e9mik\u00e9ppen dr\u00e1g\u00e1bbnak t\u0171nik els\u0151 [&hellip;]\" \/>\n<meta property=\"og:url\" content=\"https:\/\/dev.kompaktdesign.hu\/hodszolar.hu\/2021\/10\/04\/egy-megbizhato-kivitelezo-1-resz\/\" \/>\n<meta property=\"og:site_name\" content=\"H\u00f3dszol\u00e1r\" \/>\n<meta property=\"article:publisher\" content=\"https:\/\/www.facebook.com\/hodszolar\" \/>\n<meta property=\"article:published_time\" content=\"2021-10-04T14:03:33+00:00\" \/>\n<meta property=\"article:modified_time\" content=\"2021-10-04T14:06:33+00:00\" \/>\n<meta property=\"og:image\" content=\"https:\/\/dev.kompaktdesign.hu\/hodszolar.hu\/wp-content\/uploads\/2021\/10\/gettyimages-184402817_optimized.jpg\" \/>\n\t<meta property=\"og:image:width\" content=\"5184\" \/>\n\t<meta property=\"og:image:height\" content=\"3456\" \/>\n\t<meta property=\"og:image:type\" content=\"image\/jpeg\" \/>\n<meta name=\"author\" content=\"H\u00f3dszol\u00e1r Kft.\" \/>\n<meta name=\"twitter:card\" content=\"summary_large_image\" \/>\n<meta name=\"twitter:label1\" content=\"Szerz\u0151:\" \/>\n\t<meta name=\"twitter:data1\" content=\"H\u00f3dszol\u00e1r Kft.\" \/>\n\t<meta name=\"twitter:label2\" content=\"Becs\u00fclt olvas\u00e1si id\u0151\" \/>\n\t<meta name=\"twitter:data2\" content=\"5 perc\" \/>\n<script type=\"application\/ld+json\" class=\"yoast-schema-graph\">{\"@context\":\"https:\/\/schema.org\",\"@graph\":[{\"@type\":\"Article\",\"@id\":\"https:\/\/dev.kompaktdesign.hu\/hodszolar.hu\/2021\/10\/04\/egy-megbizhato-kivitelezo-1-resz\/#article\",\"isPartOf\":{\"@id\":\"https:\/\/dev.kompaktdesign.hu\/hodszolar.hu\/2021\/10\/04\/egy-megbizhato-kivitelezo-1-resz\/\"},\"author\":{\"name\":\"H\u00f3dszol\u00e1r Kft.\",\"@id\":\"https:\/\/dev.kompaktdesign.hu\/hodszolar.hu\/#\/schema\/person\/a788af940a3d6b2829396312340dd08c\"},\"headline\":\"Egy megb\u00edzhat\u00f3 kivitelez\u0151 - 1. r\u00e9sz\",\"datePublished\":\"2021-10-04T14:03:33+00:00\",\"dateModified\":\"2021-10-04T14:06:33+00:00\",\"mainEntityOfPage\":{\"@id\":\"https:\/\/dev.kompaktdesign.hu\/hodszolar.hu\/2021\/10\/04\/egy-megbizhato-kivitelezo-1-resz\/\"},\"wordCount\":1467,\"commentCount\":0,\"publisher\":{\"@id\":\"https:\/\/dev.kompaktdesign.hu\/hodszolar.hu\/#organization\"},\"articleSection\":[\"Egy\u00e9b kateg\u00f3ria\"],\"inLanguage\":\"hu\",\"potentialAction\":[{\"@type\":\"CommentAction\",\"name\":\"Comment\",\"target\":[\"https:\/\/dev.kompaktdesign.hu\/hodszolar.hu\/2021\/10\/04\/egy-megbizhato-kivitelezo-1-resz\/#respond\"]}]},{\"@type\":\"WebPage\",\"@id\":\"https:\/\/dev.kompaktdesign.hu\/hodszolar.hu\/2021\/10\/04\/egy-megbizhato-kivitelezo-1-resz\/\",\"url\":\"https:\/\/dev.kompaktdesign.hu\/hodszolar.hu\/2021\/10\/04\/egy-megbizhato-kivitelezo-1-resz\/\",\"name\":\"Egy megb\u00edzhat\u00f3 kivitelez\u0151 - 1. r\u00e9sz | H\u00f3dszol\u00e1r\",\"isPartOf\":{\"@id\":\"https:\/\/dev.kompaktdesign.hu\/hodszolar.hu\/#website\"},\"datePublished\":\"2021-10-04T14:03:33+00:00\",\"dateModified\":\"2021-10-04T14:06:33+00:00\",\"breadcrumb\":{\"@id\":\"https:\/\/dev.kompaktdesign.hu\/hodszolar.hu\/2021\/10\/04\/egy-megbizhato-kivitelezo-1-resz\/#breadcrumb\"},\"inLanguage\":\"hu\",\"potentialAction\":[{\"@type\":\"ReadAction\",\"target\":[\"https:\/\/dev.kompaktdesign.hu\/hodszolar.hu\/2021\/10\/04\/egy-megbizhato-kivitelezo-1-resz\/\"]}]},{\"@type\":\"BreadcrumbList\",\"@id\":\"https:\/\/dev.kompaktdesign.hu\/hodszolar.hu\/2021\/10\/04\/egy-megbizhato-kivitelezo-1-resz\/#breadcrumb\",\"itemListElement\":[{\"@type\":\"ListItem\",\"position\":1,\"name\":\"Kezd\u0151lap\",\"item\":\"https:\/\/dev.kompaktdesign.hu\/hodszolar.hu\/\"},{\"@type\":\"ListItem\",\"position\":2,\"name\":\"Egy megb\u00edzhat\u00f3 kivitelez\u0151 - 1. r\u00e9sz\"}]},{\"@type\":\"WebSite\",\"@id\":\"https:\/\/dev.kompaktdesign.hu\/hodszolar.hu\/#website\",\"url\":\"https:\/\/dev.kompaktdesign.hu\/hodszolar.hu\/\",\"name\":\"H\u00f3dszol\u00e1r\",\"description\":\"A v\u00e1s\u00e1rhelyi napelemes\",\"publisher\":{\"@id\":\"https:\/\/dev.kompaktdesign.hu\/hodszolar.hu\/#organization\"},\"potentialAction\":[{\"@type\":\"SearchAction\",\"target\":{\"@type\":\"EntryPoint\",\"urlTemplate\":\"https:\/\/dev.kompaktdesign.hu\/hodszolar.hu\/?s={search_term_string}\"},\"query-input\":\"required name=search_term_string\"}],\"inLanguage\":\"hu\"},{\"@type\":\"Organization\",\"@id\":\"https:\/\/dev.kompaktdesign.hu\/hodszolar.hu\/#organization\",\"name\":\"H\u00f3dszol\u00e1r Kft.\",\"url\":\"https:\/\/dev.kompaktdesign.hu\/hodszolar.hu\/\",\"sameAs\":[\"https:\/\/www.facebook.com\/hodszolar\"],\"logo\":{\"@type\":\"ImageObject\",\"inLanguage\":\"hu\",\"@id\":\"https:\/\/dev.kompaktdesign.hu\/hodszolar.hu\/#\/schema\/logo\/image\/\",\"url\":\"https:\/\/dev.kompaktdesign.hu\/hodszolar.hu\/wp-content\/uploads\/2021\/05\/fvicon.png\",\"contentUrl\":\"https:\/\/dev.kompaktdesign.hu\/hodszolar.hu\/wp-content\/uploads\/2021\/05\/fvicon.png\",\"width\":132,\"height\":132,\"caption\":\"H\u00f3dszol\u00e1r Kft.\"},\"image\":{\"@id\":\"https:\/\/dev.kompaktdesign.hu\/hodszolar.hu\/#\/schema\/logo\/image\/\"}},{\"@type\":\"Person\",\"@id\":\"https:\/\/dev.kompaktdesign.hu\/hodszolar.hu\/#\/schema\/person\/a788af940a3d6b2829396312340dd08c\",\"name\":\"H\u00f3dszol\u00e1r Kft.\",\"image\":{\"@type\":\"ImageObject\",\"inLanguage\":\"hu\",\"@id\":\"https:\/\/dev.kompaktdesign.hu\/hodszolar.hu\/#\/schema\/person\/image\/\",\"url\":\"https:\/\/secure.gravatar.com\/avatar\/38df000db6f2e93b7f0ccccf7714392424ca033738d34dfe71f19fdb70329830?s=96&d=mm&r=g\",\"contentUrl\":\"https:\/\/secure.gravatar.com\/avatar\/38df000db6f2e93b7f0ccccf7714392424ca033738d34dfe71f19fdb70329830?s=96&d=mm&r=g\",\"caption\":\"H\u00f3dszol\u00e1r Kft.\"},\"url\":\"https:\/\/dev.kompaktdesign.hu\/hodszolar.hu\/author\/hodszolar\/\"}]}<\/script>\n<!-- \/ Yoast SEO plugin. -->","yoast_head_json":{"title":"Egy megb\u00edzhat\u00f3 kivitelez\u0151 - 1. r\u00e9sz | H\u00f3dszol\u00e1r","robots":{"index":"noindex","follow":"follow","max-snippet":"max-snippet:-1","max-image-preview":"max-image-preview:large","max-video-preview":"max-video-preview:-1"},"og_locale":"hu_HU","og_type":"article","og_title":"Egy megb\u00edzhat\u00f3 kivitelez\u0151 - 1. r\u00e9sz | H\u00f3dszol\u00e1r","og_description":"Nem megb\u00edzhat\u00f3 vagy szakmailag nem megfelel\u0151 kivitelez\u0151 v\u00e1laszt\u00e1sa Az egyik legvesz\u00e9lyesebb hiba, ha szakmailag nem 100%-ban hozz\u00e1\u00e9rt\u0151 kivitelez\u0151vel terveztetj\u00fck meg \u00e9s szereltetj\u00fck fel napelemes rendszer\u00fcnket. Egy\u00e9rtelm\u0171en r\u00e1fizet\u00e9s lehet bel\u0151le \u00e9s esetenk\u00e9nt \u00e9let-, de legal\u00e1bbis t\u0171zvesz\u00e9lyes helyzet \u00e1llhat el\u0151, ha nem megfelel\u0151 kivitelez\u0151t v\u00e1lasztunk. Lehet, hogy egy komoly referenci\u00e1kkal rendelkez\u0151, megb\u00edzhat\u00f3 c\u00e9g n\u00e9mik\u00e9ppen dr\u00e1g\u00e1bbnak t\u0171nik els\u0151 [&hellip;]","og_url":"https:\/\/dev.kompaktdesign.hu\/hodszolar.hu\/2021\/10\/04\/egy-megbizhato-kivitelezo-1-resz\/","og_site_name":"H\u00f3dszol\u00e1r","article_publisher":"https:\/\/www.facebook.com\/hodszolar","article_published_time":"2021-10-04T14:03:33+00:00","article_modified_time":"2021-10-04T14:06:33+00:00","og_image":[{"width":5184,"height":3456,"url":"https:\/\/dev.kompaktdesign.hu\/hodszolar.hu\/wp-content\/uploads\/2021\/10\/gettyimages-184402817_optimized.jpg","type":"image\/jpeg"}],"author":"H\u00f3dszol\u00e1r Kft.","twitter_card":"summary_large_image","twitter_misc":{"Szerz\u0151:":"H\u00f3dszol\u00e1r Kft.","Becs\u00fclt olvas\u00e1si id\u0151":"5 perc"},"schema":{"@context":"https:\/\/schema.org","@graph":[{"@type":"Article","@id":"https:\/\/dev.kompaktdesign.hu\/hodszolar.hu\/2021\/10\/04\/egy-megbizhato-kivitelezo-1-resz\/#article","isPartOf":{"@id":"https:\/\/dev.kompaktdesign.hu\/hodszolar.hu\/2021\/10\/04\/egy-megbizhato-kivitelezo-1-resz\/"},"author":{"name":"H\u00f3dszol\u00e1r Kft.","@id":"https:\/\/dev.kompaktdesign.hu\/hodszolar.hu\/#\/schema\/person\/a788af940a3d6b2829396312340dd08c"},"headline":"Egy megb\u00edzhat\u00f3 kivitelez\u0151 - 1. r\u00e9sz","datePublished":"2021-10-04T14:03:33+00:00","dateModified":"2021-10-04T14:06:33+00:00","mainEntityOfPage":{"@id":"https:\/\/dev.kompaktdesign.hu\/hodszolar.hu\/2021\/10\/04\/egy-megbizhato-kivitelezo-1-resz\/"},"wordCount":1467,"commentCount":0,"publisher":{"@id":"https:\/\/dev.kompaktdesign.hu\/hodszolar.hu\/#organization"},"articleSection":["Egy\u00e9b kateg\u00f3ria"],"inLanguage":"hu","potentialAction":[{"@type":"CommentAction","name":"Comment","target":["https:\/\/dev.kompaktdesign.hu\/hodszolar.hu\/2021\/10\/04\/egy-megbizhato-kivitelezo-1-resz\/#respond"]}]},{"@type":"WebPage","@id":"https:\/\/dev.kompaktdesign.hu\/hodszolar.hu\/2021\/10\/04\/egy-megbizhato-kivitelezo-1-resz\/","url":"https:\/\/dev.kompaktdesign.hu\/hodszolar.hu\/2021\/10\/04\/egy-megbizhato-kivitelezo-1-resz\/","name":"Egy megb\u00edzhat\u00f3 kivitelez\u0151 - 1. r\u00e9sz | H\u00f3dszol\u00e1r","isPartOf":{"@id":"https:\/\/dev.kompaktdesign.hu\/hodszolar.hu\/#website"},"datePublished":"2021-10-04T14:03:33+00:00","dateModified":"2021-10-04T14:06:33+00:00","breadcrumb":{"@id":"https:\/\/dev.kompaktdesign.hu\/hodszolar.hu\/2021\/10\/04\/egy-megbizhato-kivitelezo-1-resz\/#breadcrumb"},"inLanguage":"hu","potentialAction":[{"@type":"ReadAction","target":["https:\/\/dev.kompaktdesign.hu\/hodszolar.hu\/2021\/10\/04\/egy-megbizhato-kivitelezo-1-resz\/"]}]},{"@type":"BreadcrumbList","@id":"https:\/\/dev.kompaktdesign.hu\/hodszolar.hu\/2021\/10\/04\/egy-megbizhato-kivitelezo-1-resz\/#breadcrumb","itemListElement":[{"@type":"ListItem","position":1,"name":"Kezd\u0151lap","item":"https:\/\/dev.kompaktdesign.hu\/hodszolar.hu\/"},{"@type":"ListItem","position":2,"name":"Egy megb\u00edzhat\u00f3 kivitelez\u0151 - 1. r\u00e9sz"}]},{"@type":"WebSite","@id":"https:\/\/dev.kompaktdesign.hu\/hodszolar.hu\/#website","url":"https:\/\/dev.kompaktdesign.hu\/hodszolar.hu\/","name":"H\u00f3dszol\u00e1r","description":"A v\u00e1s\u00e1rhelyi napelemes","publisher":{"@id":"https:\/\/dev.kompaktdesign.hu\/hodszolar.hu\/#organization"},"potentialAction":[{"@type":"SearchAction","target":{"@type":"EntryPoint","urlTemplate":"https:\/\/dev.kompaktdesign.hu\/hodszolar.hu\/?s={search_term_string}"},"query-input":"required name=search_term_string"}],"inLanguage":"hu"},{"@type":"Organization","@id":"https:\/\/dev.kompaktdesign.hu\/hodszolar.hu\/#organization","name":"H\u00f3dszol\u00e1r Kft.","url":"https:\/\/dev.kompaktdesign.hu\/hodszolar.hu\/","sameAs":["https:\/\/www.facebook.com\/hodszolar"],"logo":{"@type":"ImageObject","inLanguage":"hu","@id":"https:\/\/dev.kompaktdesign.hu\/hodszolar.hu\/#\/schema\/logo\/image\/","url":"https:\/\/dev.kompaktdesign.hu\/hodszolar.hu\/wp-content\/uploads\/2021\/05\/fvicon.png","contentUrl":"https:\/\/dev.kompaktdesign.hu\/hodszolar.hu\/wp-content\/uploads\/2021\/05\/fvicon.png","width":132,"height":132,"caption":"H\u00f3dszol\u00e1r Kft."},"image":{"@id":"https:\/\/dev.kompaktdesign.hu\/hodszolar.hu\/#\/schema\/logo\/image\/"}},{"@type":"Person","@id":"https:\/\/dev.kompaktdesign.hu\/hodszolar.hu\/#\/schema\/person\/a788af940a3d6b2829396312340dd08c","name":"H\u00f3dszol\u00e1r Kft.","image":{"@type":"ImageObject","inLanguage":"hu","@id":"https:\/\/dev.kompaktdesign.hu\/hodszolar.hu\/#\/schema\/person\/image\/","url":"https:\/\/secure.gravatar.com\/avatar\/38df000db6f2e93b7f0ccccf7714392424ca033738d34dfe71f19fdb70329830?s=96&d=mm&r=g","contentUrl":"https:\/\/secure.gravatar.com\/avatar\/38df000db6f2e93b7f0ccccf7714392424ca033738d34dfe71f19fdb70329830?s=96&d=mm&r=g","caption":"H\u00f3dszol\u00e1r Kft."},"url":"https:\/\/dev.kompaktdesign.hu\/hodszolar.hu\/author\/hodszolar\/"}]}},"_links":{"self":[{"href":"https:\/\/dev.kompaktdesign.hu\/hodszolar.hu\/wp-json\/wp\/v2\/posts\/750","targetHints":{"allow":["GET"]}}],"collection":[{"href":"https:\/\/dev.kompaktdesign.hu\/hodszolar.hu\/wp-json\/wp\/v2\/posts"}],"about":[{"href":"https:\/\/dev.kompaktdesign.hu\/hodszolar.hu\/wp-json\/wp\/v2\/types\/post"}],"author":[{"embeddable":true,"href":"https:\/\/dev.kompaktdesign.hu\/hodszolar.hu\/wp-json\/wp\/v2\/users\/3"}],"replies":[{"embeddable":true,"href":"https:\/\/dev.kompaktdesign.hu\/hodszolar.hu\/wp-json\/wp\/v2\/comments?post=750"}],"version-history":[{"count":3,"href":"https:\/\/dev.kompaktdesign.hu\/hodszolar.hu\/wp-json\/wp\/v2\/posts\/750\/revisions"}],"predecessor-version":[{"id":755,"href":"https:\/\/dev.kompaktdesign.hu\/hodszolar.hu\/wp-json\/wp\/v2\/posts\/750\/revisions\/755"}],"wp:featuredmedia":[{"embeddable":true,"href":"https:\/\/dev.kompaktdesign.hu\/hodszolar.hu\/wp-json\/wp\/v2\/media\/751"}],"wp:attachment":[{"href":"https:\/\/dev.kompaktdesign.hu\/hodszolar.hu\/wp-json\/wp\/v2\/media?parent=750"}],"wp:term":[{"taxonomy":"category","embeddable":true,"href":"https:\/\/dev.kompaktdesign.hu\/hodszolar.hu\/wp-json\/wp\/v2\/categories?post=750"},{"taxonomy":"post_tag","embeddable":true,"href":"https:\/\/dev.kompaktdesign.hu\/hodszolar.hu\/wp-json\/wp\/v2\/tags?post=750"}],"curies":[{"name":"wp","href":"https:\/\/api.w.org\/{rel}","templated":true}]}}