{"id":756,"date":"2021-10-06T08:27:15","date_gmt":"2021-10-06T08:27:15","guid":{"rendered":"https:\/\/hodszolar.hu\/?p=756"},"modified":"2021-10-06T08:27:16","modified_gmt":"2021-10-06T08:27:16","slug":"gyermekbetegsegekkel-kuzdenek-a-megujulo-energiaforrasok-es-a-halozatok","status":"publish","type":"post","link":"https:\/\/dev.kompaktdesign.hu\/hodszolar.hu\/2021\/10\/06\/gyermekbetegsegekkel-kuzdenek-a-megujulo-energiaforrasok-es-a-halozatok\/","title":{"rendered":"Gyermekbetegs\u00e9gekkel k\u00fczdenek a meg\u00fajul\u00f3 energiaforr\u00e1sok \u00e9s a h\u00e1l\u00f3zatok"},"content":{"rendered":"\n<p><strong>A magyar villamosenergia-h\u00e1l\u00f3zat \u2013 hasonl\u00f3an a t\u00f6bbi orsz\u00e1g\u00e9hoz \u2013 centraliz\u00e1lt szeml\u00e9letben \u00e9p\u00fclt ki, azaz n\u00e9h\u00e1ny nagyer\u0151m\u0171 termelte az \u00e1ramot, amely az importtal egy\u00fctt egyir\u00e1ny\u00fa forgalomban jutott el t\u00f6bb milli\u00f3 fogyaszt\u00f3hoz. Ma m\u00e1r eg\u00e9szen m\u00e1s a helyzet, egyre t\u00f6bb energi\u00e1t \u00e1ll\u00edtanak el\u0151 az ipari \u00e9s h\u00e1ztart\u00e1si m\u00e9ret\u0171 napelemek \u00e9s sz\u00e9lturbin\u00e1k, \u00e9s ezek miatt a rendszert alkalmass\u00e1 kell tenni a k\u00e9tir\u00e1ny\u00fa \u00e1raml\u00e1sra.<\/strong><\/p>\n\n\n\n<p>Az EU-s h\u00fasz sz\u00e1zal\u00e9kkal ellent\u00e9tben Magyarorsz\u00e1gon egyel\u0151re m\u00e9g csak t\u00edz sz\u00e1zal\u00e9k k\u00f6r\u00fcl van a meg\u00fajul\u00f3 energi\u00e1k \u00e1ltal termelt energia ar\u00e1nya, \u00e1m a nap- \u00e9s sz\u00e9lenergia egyre n\u00e9pszer\u0171bb\u00e9 v\u00e1l\u00e1sa mindenk\u00e9ppen kih\u00edv\u00e1st jelent a szolg\u00e1ltat\u00f3k sz\u00e1m\u00e1ra. A probl\u00e9m\u00e1t az okozza, hogy min\u00e9l nagyobb a meg\u00fajul\u00f3k ar\u00e1nya, ann\u00e1l nehezebb fenntartani az elektromos h\u00e1l\u00f3zat stabilit\u00e1s\u00e1t: a sz\u00e9l- \u00e9s napenergia mennyis\u00e9ge f\u00fcgg a gyorsan v\u00e1ltoz\u00f3 id\u0151j\u00e1r\u00e1st\u00f3l, de az is gondot okoz, hogy a termel\u00e9si \u00e9s fogyaszt\u00e1si cs\u00facsok jellemz\u0151en nem esnek egybe. Ez pedig azt eredm\u00e9nyezi, hogy gyakran v\u00e1lthatj\u00e1k egym\u00e1st azok az id\u0151szakok, amikor t\u00fal sok, illetve t\u00fal kev\u00e9s \u00e1ram \u00e1ll a fogyaszt\u00f3k rendelkez\u00e9s\u00e9re, az ebb\u0151l k\u00f6vetkez\u0151 fesz\u00fclts\u00e9g- \u00e9s \u00e1ramer\u0151ss\u00e9g-ingadoz\u00e1sok pedig vesz\u00e9lyeztethetik a rendszerek biztons\u00e1g\u00e1t.<\/p>\n\n\n\n<p><strong>Kezelhet\u0151 probl\u00e9m\u00e1k<\/strong><\/p>\n\n\n\n<p>A j\u00f3 h\u00edr az, hogy meg\u00fajul\u00f3k t\u00e9rnyer\u00e9se \u00e1ltal okozott kock\u00e1zatok kezel\u00e9s\u00e9re t\u00f6bb megb\u00edzhat\u00f3 megold\u00e1s is l\u00e9tezik. Az egyik az \u00e1ramt\u00e1rol\u00f3 kapacit\u00e1sok kib\u0151v\u00edt\u00e9se. Magyarorsz\u00e1gon is sorra \u00e9p\u00fclnek az akkumul\u00e1toros energiat\u00e1rol\u00f3k, \u00e9s t\u00f6bb orsz\u00e1gban is l\u00e9teznek olyan megold\u00e1sok, ahol az \u00e1ramb\u0151 id\u0151szakokban a v\u00edzt\u00e1roz\u00f3kban l\u00e9v\u0151 vizet \u00e1rammal m\u0171k\u00f6d\u0151 szivatty\u00fakkal feljuttatj\u00e1k a fels\u0151 t\u00e1roz\u00f3ba, majd az \u00e1ramhi\u00e1nyos \u00f3r\u00e1kban a magasb\u00f3l lez\u00fadul\u00f3 v\u00edz meghajtja az \u00e1ramot termel\u0151 turbin\u00e1kat.<\/p>\n\n\n\n<p>Az elektromos aut\u00f3k haszn\u00e1lt akkumul\u00e1torai is j\u00f3 szolg\u00e1latot tehetnek: a kapacit\u00e1suk egy r\u00e9sz\u00e9t elvesztett \u00e9s j\u00e1rm\u0171hajt\u00e1sra m\u00e1r nem optim\u00e1lis \u00e1ramt\u00e1rol\u00f3k egybe k\u00f6tve hossz\u00fa ideig alkalmasak m\u00e9g arra, hogy t\u00e1rolj\u00e1k a h\u00e1l\u00f3zatokba jutott pluszenergi\u00e1t. Hosszabb t\u00e1von pedig maguk az elektromos aut\u00f3k is a h\u00e1l\u00f3zatok r\u00e9sz\u00e9v\u00e9 v\u00e1lhatnak, akkor t\u00f6lt\u0151dn\u00e9nek, amikor sokat termelnek a meg\u00fajul\u00f3k, \u00e9s ha hi\u00e1ny van, \u00e1ramot t\u00e1pl\u00e1lhatnak a h\u00e1l\u00f3zatba. Ehhez az kell, hogy a jelenleg t\u00f6bbs\u00e9g\u00e9ben csak \u00e1ramfelv\u00e9telre k\u00e9pes villanyaut\u00f3kat is k\u00e9pess\u00e9 tegy\u00e9k a k\u00e9tir\u00e1ny\u00fa \u00e1ramforgalomra. M\u00e1r megvannak az els\u0151 \u201efecsk\u00e9k\u201d: a Nissan \u00e9s a Mitsubishi t\u00f6bb t\u00edpusa m\u00e1r k\u00e9pes az \u00e1rambet\u00e1pl\u00e1l\u00e1sra \u00e9s az elektromos haszonj\u00e1rm\u0171vek k\u00f6z\u00f6tt is hamarosan lesznek ilyen kocsik. A szakemberek szerint hosszabb t\u00e1von csak k\u00e9tir\u00e1ny\u00fa \u00e1ramforgalmaz\u00e1sra alkalmas elektromos kocsik lesznek a piacon, amelyek m\u00e1sik el\u0151nye, hogy egy \u00fczemzavar eset\u00e9n hossz\u00fa idegig k\u00e9pesek \u00e1rammal ell\u00e1tni a bajba ker\u00fclt otthonokat.<\/p>\n\n\n\n<p><strong>Okos h\u00e1l\u00f3zatok<\/strong><\/p>\n\n\n\n<p>A m\u00e1sik megold\u00e1s a h\u00e1l\u00f3zatok okoss\u00e1 t\u00e9tele: a korszer\u0171, mesters\u00e9ges intelligencia seg\u00edts\u00e9g\u00e9vel m\u0171k\u00f6d\u0151 rendszerek k\u00e9pesek pontosan megj\u00f3solni a fogyaszt\u00e1si, illetve termel\u00e9si cs\u00facsokat, \u00e9s arra is alkalmasak, hogy optimaliz\u00e1lj\u00e1k az energiat\u00e1rol\u00f3k m\u0171k\u00f6d\u00e9s\u00e9t. &nbsp;Az okos h\u00e1l\u00f3zatok a dolgok internetj\u00e9t (IoT) haszn\u00e1l\u00f3 \u00e9rz\u00e9kel\u0151k ezreivel tarja fenn a kommunik\u00e1ci\u00f3t a h\u00e1l\u00f3zat elemei k\u00f6z\u00f6tt, s a rendszerek kezel\u0151i val\u00f3s id\u0151ben \u00e9szlelik az esetleges probl\u00e9m\u00e1kat \u00e9s \u00fczemzavarokat. Az okos h\u00e1l\u00f3zatok azonban m\u00e9g \u201egyermekcip\u0151ben\u201d j\u00e1rnak, az igaz\u00e1n fejlett \u00e9s kiterjedt h\u00e1l\u00f3zatok l\u00e9trehoz\u00e1s\u00e1hoz m\u00e9g \u00e9vekre van sz\u00fcks\u00e9g.<\/p>\n\n\n\n<p><strong>Rossz h\u00edr az \u00e1ramtolvajoknak<\/strong><\/p>\n\n\n\n<p>Ugyancsak hasznos eszk\u00f6z a rugalmas \u00e1raz\u00e1s: ha az \u00e1ramd\u00edj a jelenlegin\u00e9l sokkal jobban f\u00fcggene a kereslet \u00e9s k\u00edn\u00e1lat ar\u00e1ny\u00e1t\u00f3l, azzal arra lehetne \u00f6szt\u00f6n\u00f6zni a felhaszn\u00e1l\u00f3kat, hogy ink\u00e1bb a k\u00edn\u00e1lati t\u00f6bblet idej\u00e9re tervezz\u00e9k be id\u0151z\u00edthet\u0151 \u00e1ramfogyaszt\u00e1sukat. Ebben seg\u00edthetnek a val\u00f3ban okos h\u00e1l\u00f3zatok is, amelyek a j\u00f6v\u0151ben k\u00e9pesek lehetnek arra, hogy akkor kapcsolj\u00e1k be a sok \u00e1ramot fogyaszt\u00f3 h\u00e1ztart\u00e1si vagy ipari berendez\u00e9seket, amikor a h\u00e1l\u00f3zatba sok energia \u00e9rkezik, \u00edgy az \u00e1r alacsonyabb.<\/p>\n\n\n\n<p>Amikor a h\u00e1l\u00f3zatok val\u00f3ban okosak lesznek, minden bizonnyal megsz\u0171nik az \u00f3raleolvas\u00e1si k\u00e9nyszer, s\u0151t az is val\u00f3sz\u00edn\u0171, hogy megnehez\u00fcl, vagy lehetetlenn\u00e9 v\u00e1lik az \u00e1ramlop\u00e1s. Ami jelenleg igencsak komoly gond, vil\u00e1gszerte ugyanis k\u00e9tsz\u00e1zmilli\u00e1rd doll\u00e1ros \u00e9ves vesztes\u00e9get okoznak a szolg\u00e1ltat\u00f3knak az \u00fcgyesked\u0151k tr\u00fckkjei.<\/p>\n\n\n\n<p>Forr\u00e1s: hvg.hu<\/p>\n","protected":false},"excerpt":{"rendered":"<p>A magyar villamosenergia-h\u00e1l\u00f3zat \u2013 hasonl\u00f3an a t\u00f6bbi orsz\u00e1g\u00e9hoz \u2013 centraliz\u00e1lt szeml\u00e9letben \u00e9p\u00fclt ki, azaz n\u00e9h\u00e1ny nagyer\u0151m\u0171 termelte az \u00e1ramot, amely az importtal egy\u00fctt egyir\u00e1ny\u00fa forgalomban jutott el t\u00f6bb milli\u00f3 fogyaszt\u00f3hoz. Ma m\u00e1r eg\u00e9szen m\u00e1s a helyzet, egyre t\u00f6bb energi\u00e1t \u00e1ll\u00edtanak el\u0151 az ipari \u00e9s h\u00e1ztart\u00e1si m\u00e9ret\u0171 napelemek \u00e9s sz\u00e9lturbin\u00e1k, \u00e9s ezek miatt a rendszert alkalmass\u00e1 [&hellip;]<\/p>\n","protected":false},"author":3,"featured_media":757,"comment_status":"open","ping_status":"open","sticky":false,"template":"","format":"standard","meta":{"footnotes":""},"categories":[1],"tags":[],"class_list":["post-756","post","type-post","status-publish","format-standard","has-post-thumbnail","hentry","category-egyeb"],"yoast_head":"<!-- This site is optimized with the Yoast SEO plugin v19.5.1 - https:\/\/yoast.com\/wordpress\/plugins\/seo\/ -->\n<title>Gyermekbetegs\u00e9gekkel k\u00fczdenek a meg\u00fajul\u00f3 energiaforr\u00e1sok \u00e9s a h\u00e1l\u00f3zatok | H\u00f3dszol\u00e1r<\/title>\n<meta name=\"robots\" content=\"noindex, follow, max-snippet:-1, max-image-preview:large, max-video-preview:-1\" \/>\n<meta property=\"og:locale\" content=\"hu_HU\" \/>\n<meta property=\"og:type\" content=\"article\" \/>\n<meta property=\"og:title\" content=\"Gyermekbetegs\u00e9gekkel k\u00fczdenek a meg\u00fajul\u00f3 energiaforr\u00e1sok \u00e9s a h\u00e1l\u00f3zatok | H\u00f3dszol\u00e1r\" \/>\n<meta property=\"og:description\" content=\"A magyar villamosenergia-h\u00e1l\u00f3zat \u2013 hasonl\u00f3an a t\u00f6bbi orsz\u00e1g\u00e9hoz \u2013 centraliz\u00e1lt szeml\u00e9letben \u00e9p\u00fclt ki, azaz n\u00e9h\u00e1ny nagyer\u0151m\u0171 termelte az \u00e1ramot, amely az importtal egy\u00fctt egyir\u00e1ny\u00fa forgalomban jutott el t\u00f6bb milli\u00f3 fogyaszt\u00f3hoz. Ma m\u00e1r eg\u00e9szen m\u00e1s a helyzet, egyre t\u00f6bb energi\u00e1t \u00e1ll\u00edtanak el\u0151 az ipari \u00e9s h\u00e1ztart\u00e1si m\u00e9ret\u0171 napelemek \u00e9s sz\u00e9lturbin\u00e1k, \u00e9s ezek miatt a rendszert alkalmass\u00e1 [&hellip;]\" \/>\n<meta property=\"og:url\" content=\"https:\/\/dev.kompaktdesign.hu\/hodszolar.hu\/2021\/10\/06\/gyermekbetegsegekkel-kuzdenek-a-megujulo-energiaforrasok-es-a-halozatok\/\" \/>\n<meta property=\"og:site_name\" content=\"H\u00f3dszol\u00e1r\" \/>\n<meta property=\"article:publisher\" content=\"https:\/\/www.facebook.com\/hodszolar\" \/>\n<meta property=\"article:published_time\" content=\"2021-10-06T08:27:15+00:00\" \/>\n<meta property=\"article:modified_time\" content=\"2021-10-06T08:27:16+00:00\" \/>\n<meta property=\"og:image\" content=\"https:\/\/dev.kompaktdesign.hu\/hodszolar.hu\/wp-content\/uploads\/2021\/10\/Halozat-768.jpg\" \/>\n\t<meta property=\"og:image:width\" content=\"768\" \/>\n\t<meta property=\"og:image:height\" content=\"385\" \/>\n\t<meta property=\"og:image:type\" content=\"image\/jpeg\" \/>\n<meta name=\"author\" content=\"H\u00f3dszol\u00e1r Kft.\" \/>\n<meta name=\"twitter:card\" content=\"summary_large_image\" \/>\n<meta name=\"twitter:label1\" content=\"Szerz\u0151:\" \/>\n\t<meta name=\"twitter:data1\" content=\"H\u00f3dszol\u00e1r Kft.\" \/>\n\t<meta name=\"twitter:label2\" content=\"Becs\u00fclt olvas\u00e1si id\u0151\" \/>\n\t<meta name=\"twitter:data2\" content=\"3 perc\" \/>\n<script type=\"application\/ld+json\" class=\"yoast-schema-graph\">{\"@context\":\"https:\/\/schema.org\",\"@graph\":[{\"@type\":\"Article\",\"@id\":\"https:\/\/dev.kompaktdesign.hu\/hodszolar.hu\/2021\/10\/06\/gyermekbetegsegekkel-kuzdenek-a-megujulo-energiaforrasok-es-a-halozatok\/#article\",\"isPartOf\":{\"@id\":\"https:\/\/dev.kompaktdesign.hu\/hodszolar.hu\/2021\/10\/06\/gyermekbetegsegekkel-kuzdenek-a-megujulo-energiaforrasok-es-a-halozatok\/\"},\"author\":{\"name\":\"H\u00f3dszol\u00e1r Kft.\",\"@id\":\"https:\/\/dev.kompaktdesign.hu\/hodszolar.hu\/#\/schema\/person\/a788af940a3d6b2829396312340dd08c\"},\"headline\":\"Gyermekbetegs\u00e9gekkel k\u00fczdenek a meg\u00fajul\u00f3 energiaforr\u00e1sok \u00e9s a h\u00e1l\u00f3zatok\",\"datePublished\":\"2021-10-06T08:27:15+00:00\",\"dateModified\":\"2021-10-06T08:27:16+00:00\",\"mainEntityOfPage\":{\"@id\":\"https:\/\/dev.kompaktdesign.hu\/hodszolar.hu\/2021\/10\/06\/gyermekbetegsegekkel-kuzdenek-a-megujulo-energiaforrasok-es-a-halozatok\/\"},\"wordCount\":913,\"commentCount\":0,\"publisher\":{\"@id\":\"https:\/\/dev.kompaktdesign.hu\/hodszolar.hu\/#organization\"},\"articleSection\":[\"Egy\u00e9b kateg\u00f3ria\"],\"inLanguage\":\"hu\",\"potentialAction\":[{\"@type\":\"CommentAction\",\"name\":\"Comment\",\"target\":[\"https:\/\/dev.kompaktdesign.hu\/hodszolar.hu\/2021\/10\/06\/gyermekbetegsegekkel-kuzdenek-a-megujulo-energiaforrasok-es-a-halozatok\/#respond\"]}]},{\"@type\":\"WebPage\",\"@id\":\"https:\/\/dev.kompaktdesign.hu\/hodszolar.hu\/2021\/10\/06\/gyermekbetegsegekkel-kuzdenek-a-megujulo-energiaforrasok-es-a-halozatok\/\",\"url\":\"https:\/\/dev.kompaktdesign.hu\/hodszolar.hu\/2021\/10\/06\/gyermekbetegsegekkel-kuzdenek-a-megujulo-energiaforrasok-es-a-halozatok\/\",\"name\":\"Gyermekbetegs\u00e9gekkel k\u00fczdenek a meg\u00fajul\u00f3 energiaforr\u00e1sok \u00e9s a h\u00e1l\u00f3zatok | H\u00f3dszol\u00e1r\",\"isPartOf\":{\"@id\":\"https:\/\/dev.kompaktdesign.hu\/hodszolar.hu\/#website\"},\"datePublished\":\"2021-10-06T08:27:15+00:00\",\"dateModified\":\"2021-10-06T08:27:16+00:00\",\"breadcrumb\":{\"@id\":\"https:\/\/dev.kompaktdesign.hu\/hodszolar.hu\/2021\/10\/06\/gyermekbetegsegekkel-kuzdenek-a-megujulo-energiaforrasok-es-a-halozatok\/#breadcrumb\"},\"inLanguage\":\"hu\",\"potentialAction\":[{\"@type\":\"ReadAction\",\"target\":[\"https:\/\/dev.kompaktdesign.hu\/hodszolar.hu\/2021\/10\/06\/gyermekbetegsegekkel-kuzdenek-a-megujulo-energiaforrasok-es-a-halozatok\/\"]}]},{\"@type\":\"BreadcrumbList\",\"@id\":\"https:\/\/dev.kompaktdesign.hu\/hodszolar.hu\/2021\/10\/06\/gyermekbetegsegekkel-kuzdenek-a-megujulo-energiaforrasok-es-a-halozatok\/#breadcrumb\",\"itemListElement\":[{\"@type\":\"ListItem\",\"position\":1,\"name\":\"Kezd\u0151lap\",\"item\":\"https:\/\/dev.kompaktdesign.hu\/hodszolar.hu\/\"},{\"@type\":\"ListItem\",\"position\":2,\"name\":\"Gyermekbetegs\u00e9gekkel k\u00fczdenek a meg\u00fajul\u00f3 energiaforr\u00e1sok \u00e9s a h\u00e1l\u00f3zatok\"}]},{\"@type\":\"WebSite\",\"@id\":\"https:\/\/dev.kompaktdesign.hu\/hodszolar.hu\/#website\",\"url\":\"https:\/\/dev.kompaktdesign.hu\/hodszolar.hu\/\",\"name\":\"H\u00f3dszol\u00e1r\",\"description\":\"A v\u00e1s\u00e1rhelyi napelemes\",\"publisher\":{\"@id\":\"https:\/\/dev.kompaktdesign.hu\/hodszolar.hu\/#organization\"},\"potentialAction\":[{\"@type\":\"SearchAction\",\"target\":{\"@type\":\"EntryPoint\",\"urlTemplate\":\"https:\/\/dev.kompaktdesign.hu\/hodszolar.hu\/?s={search_term_string}\"},\"query-input\":\"required name=search_term_string\"}],\"inLanguage\":\"hu\"},{\"@type\":\"Organization\",\"@id\":\"https:\/\/dev.kompaktdesign.hu\/hodszolar.hu\/#organization\",\"name\":\"H\u00f3dszol\u00e1r Kft.\",\"url\":\"https:\/\/dev.kompaktdesign.hu\/hodszolar.hu\/\",\"sameAs\":[\"https:\/\/www.facebook.com\/hodszolar\"],\"logo\":{\"@type\":\"ImageObject\",\"inLanguage\":\"hu\",\"@id\":\"https:\/\/dev.kompaktdesign.hu\/hodszolar.hu\/#\/schema\/logo\/image\/\",\"url\":\"https:\/\/dev.kompaktdesign.hu\/hodszolar.hu\/wp-content\/uploads\/2021\/05\/fvicon.png\",\"contentUrl\":\"https:\/\/dev.kompaktdesign.hu\/hodszolar.hu\/wp-content\/uploads\/2021\/05\/fvicon.png\",\"width\":132,\"height\":132,\"caption\":\"H\u00f3dszol\u00e1r Kft.\"},\"image\":{\"@id\":\"https:\/\/dev.kompaktdesign.hu\/hodszolar.hu\/#\/schema\/logo\/image\/\"}},{\"@type\":\"Person\",\"@id\":\"https:\/\/dev.kompaktdesign.hu\/hodszolar.hu\/#\/schema\/person\/a788af940a3d6b2829396312340dd08c\",\"name\":\"H\u00f3dszol\u00e1r Kft.\",\"image\":{\"@type\":\"ImageObject\",\"inLanguage\":\"hu\",\"@id\":\"https:\/\/dev.kompaktdesign.hu\/hodszolar.hu\/#\/schema\/person\/image\/\",\"url\":\"https:\/\/secure.gravatar.com\/avatar\/38df000db6f2e93b7f0ccccf7714392424ca033738d34dfe71f19fdb70329830?s=96&d=mm&r=g\",\"contentUrl\":\"https:\/\/secure.gravatar.com\/avatar\/38df000db6f2e93b7f0ccccf7714392424ca033738d34dfe71f19fdb70329830?s=96&d=mm&r=g\",\"caption\":\"H\u00f3dszol\u00e1r Kft.\"},\"url\":\"https:\/\/dev.kompaktdesign.hu\/hodszolar.hu\/author\/hodszolar\/\"}]}<\/script>\n<!-- \/ Yoast SEO plugin. -->","yoast_head_json":{"title":"Gyermekbetegs\u00e9gekkel k\u00fczdenek a meg\u00fajul\u00f3 energiaforr\u00e1sok \u00e9s a h\u00e1l\u00f3zatok | H\u00f3dszol\u00e1r","robots":{"index":"noindex","follow":"follow","max-snippet":"max-snippet:-1","max-image-preview":"max-image-preview:large","max-video-preview":"max-video-preview:-1"},"og_locale":"hu_HU","og_type":"article","og_title":"Gyermekbetegs\u00e9gekkel k\u00fczdenek a meg\u00fajul\u00f3 energiaforr\u00e1sok \u00e9s a h\u00e1l\u00f3zatok | H\u00f3dszol\u00e1r","og_description":"A magyar villamosenergia-h\u00e1l\u00f3zat \u2013 hasonl\u00f3an a t\u00f6bbi orsz\u00e1g\u00e9hoz \u2013 centraliz\u00e1lt szeml\u00e9letben \u00e9p\u00fclt ki, azaz n\u00e9h\u00e1ny nagyer\u0151m\u0171 termelte az \u00e1ramot, amely az importtal egy\u00fctt egyir\u00e1ny\u00fa forgalomban jutott el t\u00f6bb milli\u00f3 fogyaszt\u00f3hoz. Ma m\u00e1r eg\u00e9szen m\u00e1s a helyzet, egyre t\u00f6bb energi\u00e1t \u00e1ll\u00edtanak el\u0151 az ipari \u00e9s h\u00e1ztart\u00e1si m\u00e9ret\u0171 napelemek \u00e9s sz\u00e9lturbin\u00e1k, \u00e9s ezek miatt a rendszert alkalmass\u00e1 [&hellip;]","og_url":"https:\/\/dev.kompaktdesign.hu\/hodszolar.hu\/2021\/10\/06\/gyermekbetegsegekkel-kuzdenek-a-megujulo-energiaforrasok-es-a-halozatok\/","og_site_name":"H\u00f3dszol\u00e1r","article_publisher":"https:\/\/www.facebook.com\/hodszolar","article_published_time":"2021-10-06T08:27:15+00:00","article_modified_time":"2021-10-06T08:27:16+00:00","og_image":[{"width":768,"height":385,"url":"https:\/\/dev.kompaktdesign.hu\/hodszolar.hu\/wp-content\/uploads\/2021\/10\/Halozat-768.jpg","type":"image\/jpeg"}],"author":"H\u00f3dszol\u00e1r Kft.","twitter_card":"summary_large_image","twitter_misc":{"Szerz\u0151:":"H\u00f3dszol\u00e1r Kft.","Becs\u00fclt olvas\u00e1si id\u0151":"3 perc"},"schema":{"@context":"https:\/\/schema.org","@graph":[{"@type":"Article","@id":"https:\/\/dev.kompaktdesign.hu\/hodszolar.hu\/2021\/10\/06\/gyermekbetegsegekkel-kuzdenek-a-megujulo-energiaforrasok-es-a-halozatok\/#article","isPartOf":{"@id":"https:\/\/dev.kompaktdesign.hu\/hodszolar.hu\/2021\/10\/06\/gyermekbetegsegekkel-kuzdenek-a-megujulo-energiaforrasok-es-a-halozatok\/"},"author":{"name":"H\u00f3dszol\u00e1r Kft.","@id":"https:\/\/dev.kompaktdesign.hu\/hodszolar.hu\/#\/schema\/person\/a788af940a3d6b2829396312340dd08c"},"headline":"Gyermekbetegs\u00e9gekkel k\u00fczdenek a meg\u00fajul\u00f3 energiaforr\u00e1sok \u00e9s a h\u00e1l\u00f3zatok","datePublished":"2021-10-06T08:27:15+00:00","dateModified":"2021-10-06T08:27:16+00:00","mainEntityOfPage":{"@id":"https:\/\/dev.kompaktdesign.hu\/hodszolar.hu\/2021\/10\/06\/gyermekbetegsegekkel-kuzdenek-a-megujulo-energiaforrasok-es-a-halozatok\/"},"wordCount":913,"commentCount":0,"publisher":{"@id":"https:\/\/dev.kompaktdesign.hu\/hodszolar.hu\/#organization"},"articleSection":["Egy\u00e9b kateg\u00f3ria"],"inLanguage":"hu","potentialAction":[{"@type":"CommentAction","name":"Comment","target":["https:\/\/dev.kompaktdesign.hu\/hodszolar.hu\/2021\/10\/06\/gyermekbetegsegekkel-kuzdenek-a-megujulo-energiaforrasok-es-a-halozatok\/#respond"]}]},{"@type":"WebPage","@id":"https:\/\/dev.kompaktdesign.hu\/hodszolar.hu\/2021\/10\/06\/gyermekbetegsegekkel-kuzdenek-a-megujulo-energiaforrasok-es-a-halozatok\/","url":"https:\/\/dev.kompaktdesign.hu\/hodszolar.hu\/2021\/10\/06\/gyermekbetegsegekkel-kuzdenek-a-megujulo-energiaforrasok-es-a-halozatok\/","name":"Gyermekbetegs\u00e9gekkel k\u00fczdenek a meg\u00fajul\u00f3 energiaforr\u00e1sok \u00e9s a h\u00e1l\u00f3zatok | H\u00f3dszol\u00e1r","isPartOf":{"@id":"https:\/\/dev.kompaktdesign.hu\/hodszolar.hu\/#website"},"datePublished":"2021-10-06T08:27:15+00:00","dateModified":"2021-10-06T08:27:16+00:00","breadcrumb":{"@id":"https:\/\/dev.kompaktdesign.hu\/hodszolar.hu\/2021\/10\/06\/gyermekbetegsegekkel-kuzdenek-a-megujulo-energiaforrasok-es-a-halozatok\/#breadcrumb"},"inLanguage":"hu","potentialAction":[{"@type":"ReadAction","target":["https:\/\/dev.kompaktdesign.hu\/hodszolar.hu\/2021\/10\/06\/gyermekbetegsegekkel-kuzdenek-a-megujulo-energiaforrasok-es-a-halozatok\/"]}]},{"@type":"BreadcrumbList","@id":"https:\/\/dev.kompaktdesign.hu\/hodszolar.hu\/2021\/10\/06\/gyermekbetegsegekkel-kuzdenek-a-megujulo-energiaforrasok-es-a-halozatok\/#breadcrumb","itemListElement":[{"@type":"ListItem","position":1,"name":"Kezd\u0151lap","item":"https:\/\/dev.kompaktdesign.hu\/hodszolar.hu\/"},{"@type":"ListItem","position":2,"name":"Gyermekbetegs\u00e9gekkel k\u00fczdenek a meg\u00fajul\u00f3 energiaforr\u00e1sok \u00e9s a h\u00e1l\u00f3zatok"}]},{"@type":"WebSite","@id":"https:\/\/dev.kompaktdesign.hu\/hodszolar.hu\/#website","url":"https:\/\/dev.kompaktdesign.hu\/hodszolar.hu\/","name":"H\u00f3dszol\u00e1r","description":"A v\u00e1s\u00e1rhelyi napelemes","publisher":{"@id":"https:\/\/dev.kompaktdesign.hu\/hodszolar.hu\/#organization"},"potentialAction":[{"@type":"SearchAction","target":{"@type":"EntryPoint","urlTemplate":"https:\/\/dev.kompaktdesign.hu\/hodszolar.hu\/?s={search_term_string}"},"query-input":"required name=search_term_string"}],"inLanguage":"hu"},{"@type":"Organization","@id":"https:\/\/dev.kompaktdesign.hu\/hodszolar.hu\/#organization","name":"H\u00f3dszol\u00e1r Kft.","url":"https:\/\/dev.kompaktdesign.hu\/hodszolar.hu\/","sameAs":["https:\/\/www.facebook.com\/hodszolar"],"logo":{"@type":"ImageObject","inLanguage":"hu","@id":"https:\/\/dev.kompaktdesign.hu\/hodszolar.hu\/#\/schema\/logo\/image\/","url":"https:\/\/dev.kompaktdesign.hu\/hodszolar.hu\/wp-content\/uploads\/2021\/05\/fvicon.png","contentUrl":"https:\/\/dev.kompaktdesign.hu\/hodszolar.hu\/wp-content\/uploads\/2021\/05\/fvicon.png","width":132,"height":132,"caption":"H\u00f3dszol\u00e1r Kft."},"image":{"@id":"https:\/\/dev.kompaktdesign.hu\/hodszolar.hu\/#\/schema\/logo\/image\/"}},{"@type":"Person","@id":"https:\/\/dev.kompaktdesign.hu\/hodszolar.hu\/#\/schema\/person\/a788af940a3d6b2829396312340dd08c","name":"H\u00f3dszol\u00e1r Kft.","image":{"@type":"ImageObject","inLanguage":"hu","@id":"https:\/\/dev.kompaktdesign.hu\/hodszolar.hu\/#\/schema\/person\/image\/","url":"https:\/\/secure.gravatar.com\/avatar\/38df000db6f2e93b7f0ccccf7714392424ca033738d34dfe71f19fdb70329830?s=96&d=mm&r=g","contentUrl":"https:\/\/secure.gravatar.com\/avatar\/38df000db6f2e93b7f0ccccf7714392424ca033738d34dfe71f19fdb70329830?s=96&d=mm&r=g","caption":"H\u00f3dszol\u00e1r Kft."},"url":"https:\/\/dev.kompaktdesign.hu\/hodszolar.hu\/author\/hodszolar\/"}]}},"_links":{"self":[{"href":"https:\/\/dev.kompaktdesign.hu\/hodszolar.hu\/wp-json\/wp\/v2\/posts\/756","targetHints":{"allow":["GET"]}}],"collection":[{"href":"https:\/\/dev.kompaktdesign.hu\/hodszolar.hu\/wp-json\/wp\/v2\/posts"}],"about":[{"href":"https:\/\/dev.kompaktdesign.hu\/hodszolar.hu\/wp-json\/wp\/v2\/types\/post"}],"author":[{"embeddable":true,"href":"https:\/\/dev.kompaktdesign.hu\/hodszolar.hu\/wp-json\/wp\/v2\/users\/3"}],"replies":[{"embeddable":true,"href":"https:\/\/dev.kompaktdesign.hu\/hodszolar.hu\/wp-json\/wp\/v2\/comments?post=756"}],"version-history":[{"count":1,"href":"https:\/\/dev.kompaktdesign.hu\/hodszolar.hu\/wp-json\/wp\/v2\/posts\/756\/revisions"}],"predecessor-version":[{"id":758,"href":"https:\/\/dev.kompaktdesign.hu\/hodszolar.hu\/wp-json\/wp\/v2\/posts\/756\/revisions\/758"}],"wp:featuredmedia":[{"embeddable":true,"href":"https:\/\/dev.kompaktdesign.hu\/hodszolar.hu\/wp-json\/wp\/v2\/media\/757"}],"wp:attachment":[{"href":"https:\/\/dev.kompaktdesign.hu\/hodszolar.hu\/wp-json\/wp\/v2\/media?parent=756"}],"wp:term":[{"taxonomy":"category","embeddable":true,"href":"https:\/\/dev.kompaktdesign.hu\/hodszolar.hu\/wp-json\/wp\/v2\/categories?post=756"},{"taxonomy":"post_tag","embeddable":true,"href":"https:\/\/dev.kompaktdesign.hu\/hodszolar.hu\/wp-json\/wp\/v2\/tags?post=756"}],"curies":[{"name":"wp","href":"https:\/\/api.w.org\/{rel}","templated":true}]}}