{"id":759,"date":"2021-10-07T07:55:13","date_gmt":"2021-10-07T07:55:13","guid":{"rendered":"https:\/\/hodszolar.hu\/?p=759"},"modified":"2021-10-07T07:55:49","modified_gmt":"2021-10-07T07:55:49","slug":"a-klimakrizis-ujabb-arulkodo-jele-a-vilag-korallzatonyainak-jelentos-resze-eltunt-egy-evtized-alatt","status":"publish","type":"post","link":"https:\/\/dev.kompaktdesign.hu\/hodszolar.hu\/2021\/10\/07\/a-klimakrizis-ujabb-arulkodo-jele-a-vilag-korallzatonyainak-jelentos-resze-eltunt-egy-evtized-alatt\/","title":{"rendered":"A kl\u00edmakr\u00edzis \u00fajabb \u00e1rulkod\u00f3 jele: a vil\u00e1g korallz\u00e1tonyainak jelent\u0151s r\u00e9sze elt\u0171nt egy \u00e9vtized alatt"},"content":{"rendered":"\n<p>A vil\u00e1g korallz\u00e1tonyainak 14 sz\u00e1zal\u00e9ka elt\u0171nt egy \u00e9vtized alatt - der\u00fcl ki a korallz\u00e1tonyok eg\u00e9szs\u00e9g\u00e9t vizsg\u00e1l\u00f3 eddigi legnagyobb, \u00e1tfog\u00f3 kutat\u00e1sb\u00f3l. A tud\u00f3sok arra jutottak, hogy 2009 \u00e9s 2018 k\u00f6z\u00f6tt a vil\u00e1g mintegy 11 700 n\u00e9gyzetkilom\u00e9ternyi korallz\u00e1tonyt vesz\u00edtett el.<\/p>\n\n\n\n<p><strong>Ez t\u00f6bb, mint amennyi korall jelenleg Ausztr\u00e1li\u00e1ban \u00e9l<\/strong> - \u00edrja a Guardian.<\/p>\n\n\n\n<figure class=\"wp-block-image size-full\"><img loading=\"lazy\" decoding=\"async\" width=\"1536\" height=\"1024\" src=\"https:\/\/dev.kompaktdesign.hu\/hodszolar.hu\/wp-content\/uploads\/2021\/10\/shutterstock_223237450.jpg\" alt=\"\" class=\"wp-image-760\"\/><\/figure>\n\n\n\n<p>A korallz\u00e1tonyok monitoroz\u00e1s\u00e1val foglalkoz\u00f3 szervezet (Global Coral Reef Monitoring Network) kedden bemutatott jelent\u00e9se szerint ugyanakkor a korallok k\u00f6r\u00fcl \u00e9l\u0151 alg\u00e1k mennyis\u00e9ge 2010 \u00e9s 2019 k\u00f6z\u00f6tt 20 sz\u00e1zal\u00e9kkal n\u0151tt. Ezek az alg\u00e1k akkor szaporodnak el, amikor a z\u00e1tonyok stresszhat\u00e1s alatt vannak.<\/p>\n\n\n\n<p>A jelent\u00e9shez az adatokat 73 orsz\u00e1g t\u00f6bb mint 300 kutat\u00f3ja 40 \u00e9ven \u00e1t gy\u0171jt\u00f6tte. T\u00edz r\u00e9gi\u00f3t elemeztek, ennek nyom\u00e1n arra jutottak, hogy<strong> a korallok elveszt\u00e9s\u00e9nek legf\u0151bb oka a v\u00edz felsz\u00edni h\u0151m\u00e9rs\u00e9klet\u00e9nek emelked\u00e9se okozta feh\u00e9red\u00e9s.<\/strong> Az egyik ilyen t\u00f6meges korallfeh\u00e9red\u00e9s 1998-ban a vil\u00e1g koralljai 8 sz\u00e1zal\u00e9k\u00e1nak, vagyis mintegy 6500 n\u00e9gyzetkilom\u00e9ternyi korallnak a pusztul\u00e1s\u00e1t okozta. A legnagyobb hat\u00e1sa ennek az Indiai-\u00f3ce\u00e1nban, Jap\u00e1nban \u00e9s a Karib-szigetekn\u00e9l volt.<\/p>\n\n\n\n<p>A szak\u00e9rt\u0151k szerint az elm\u00falt \u00e9vtizedben tapasztalt cs\u00f6kken\u00e9s a felsz\u00edni h\u0151m\u00e9rs\u00e9klet folyamatos emelked\u00e9se k\u00f6zepette k\u00f6vetkezett be. A tud\u00f3sok a s\u00fcrg\u0151s cselekv\u00e9s sz\u00fcks\u00e9gess\u00e9g\u00e9re h\u00edvj\u00e1k fel a figyelmet, \u00e9s arra, hogy a kl\u00edmakr\u00edzis jelenti a legnagyobb fenyeget\u00e9st a vil\u00e1g koralljai sz\u00e1m\u00e1ra.<\/p>\n\n\n\n<p>Ugyanakkor a jelent\u00e9s rem\u00e9nyre is okot ad\u00f3 jelens\u00e9get is felt\u00e1rt. A tud\u00f3sok arra jutottak, hogy a stressz ellen\u00e9re sz\u00e1mos korall ellen\u00e1ll\u00f3 maradt, megfelel\u0151 k\u00f6r\u00fclm\u00e9nyek k\u00f6z\u00f6tt k\u00e9pes volt felgy\u00f3gyulni. B\u00e1r a korallz\u00e1tonyok az \u00f3ce\u00e1nok fenek\u00e9nek csup\u00e1n 0,2 sz\u00e1zal\u00e9k\u00e1t bor\u00edtj\u00e1k, <strong>a tengeri fajok legal\u00e1bb egynegyed\u00e9nek ny\u00fajtanak otthont<\/strong>. L\u00e9tfontoss\u00e1g\u00fa \u00e9l\u0151helyet jelentenek, egyben az emberek sz\u00e1m\u00e1ra fontos protein-, gy\u00f3gyszer- \u00e9s t\u00e1pl\u00e1l\u00e9kforr\u00e1st, munkahelyeket teremtenek, emellett milli\u00f3k sz\u00e1m\u00e1ra ny\u00fajtanak v\u00e9delmet a viharok \u00e9s az er\u00f3zi\u00f3 ellen, emelt\u00e9k ki a kutat\u00f3k.<\/p>\n\n\n\n<p>A kl\u00edmav\u00e9szhelyzethez vezet\u0151 t\u00f6bbi probl\u00e9m\u00e1r\u00f3l <a href=\"https:\/\/dev.kompaktdesign.hu\/hodszolar.hu\/2021\/08\/06\/veszesen-kozelit-a-fold-vegoraja-allitja-tobb-mint-tizezer-kutato-egy-szaklapban-2\/\">itt<\/a> \u00edrtunk kor\u00e1bban!<\/p>\n\n\n\n<p>Forr\u00e1s: Portfolio<\/p>\n","protected":false},"excerpt":{"rendered":"<p>A vil\u00e1g korallz\u00e1tonyainak 14 sz\u00e1zal\u00e9ka elt\u0171nt egy \u00e9vtized alatt - der\u00fcl ki a korallz\u00e1tonyok eg\u00e9szs\u00e9g\u00e9t vizsg\u00e1l\u00f3 eddigi legnagyobb, \u00e1tfog\u00f3 kutat\u00e1sb\u00f3l. A tud\u00f3sok arra jutottak, hogy 2009 \u00e9s 2018 k\u00f6z\u00f6tt a vil\u00e1g mintegy 11 700 n\u00e9gyzetkilom\u00e9ternyi korallz\u00e1tonyt vesz\u00edtett el. Ez t\u00f6bb, mint amennyi korall jelenleg Ausztr\u00e1li\u00e1ban \u00e9l - \u00edrja a Guardian. A korallz\u00e1tonyok monitoroz\u00e1s\u00e1val foglalkoz\u00f3 szervezet [&hellip;]<\/p>\n","protected":false},"author":3,"featured_media":760,"comment_status":"open","ping_status":"open","sticky":false,"template":"","format":"standard","meta":{"footnotes":""},"categories":[1],"tags":[],"class_list":["post-759","post","type-post","status-publish","format-standard","has-post-thumbnail","hentry","category-egyeb"],"yoast_head":"<!-- This site is optimized with the Yoast SEO plugin v19.5.1 - https:\/\/yoast.com\/wordpress\/plugins\/seo\/ -->\n<title>A kl\u00edmakr\u00edzis \u00fajabb \u00e1rulkod\u00f3 jele: a vil\u00e1g korallz\u00e1tonyainak jelent\u0151s r\u00e9sze elt\u0171nt egy \u00e9vtized alatt | H\u00f3dszol\u00e1r<\/title>\n<meta name=\"robots\" content=\"noindex, follow, max-snippet:-1, max-image-preview:large, max-video-preview:-1\" \/>\n<meta property=\"og:locale\" content=\"hu_HU\" \/>\n<meta property=\"og:type\" content=\"article\" \/>\n<meta property=\"og:title\" content=\"A kl\u00edmakr\u00edzis \u00fajabb \u00e1rulkod\u00f3 jele: a vil\u00e1g korallz\u00e1tonyainak jelent\u0151s r\u00e9sze elt\u0171nt egy \u00e9vtized alatt | H\u00f3dszol\u00e1r\" \/>\n<meta property=\"og:description\" content=\"A vil\u00e1g korallz\u00e1tonyainak 14 sz\u00e1zal\u00e9ka elt\u0171nt egy \u00e9vtized alatt - der\u00fcl ki a korallz\u00e1tonyok eg\u00e9szs\u00e9g\u00e9t vizsg\u00e1l\u00f3 eddigi legnagyobb, \u00e1tfog\u00f3 kutat\u00e1sb\u00f3l. A tud\u00f3sok arra jutottak, hogy 2009 \u00e9s 2018 k\u00f6z\u00f6tt a vil\u00e1g mintegy 11 700 n\u00e9gyzetkilom\u00e9ternyi korallz\u00e1tonyt vesz\u00edtett el. Ez t\u00f6bb, mint amennyi korall jelenleg Ausztr\u00e1li\u00e1ban \u00e9l - \u00edrja a Guardian. A korallz\u00e1tonyok monitoroz\u00e1s\u00e1val foglalkoz\u00f3 szervezet [&hellip;]\" \/>\n<meta property=\"og:url\" content=\"https:\/\/dev.kompaktdesign.hu\/hodszolar.hu\/2021\/10\/07\/a-klimakrizis-ujabb-arulkodo-jele-a-vilag-korallzatonyainak-jelentos-resze-eltunt-egy-evtized-alatt\/\" \/>\n<meta property=\"og:site_name\" content=\"H\u00f3dszol\u00e1r\" \/>\n<meta property=\"article:publisher\" content=\"https:\/\/www.facebook.com\/hodszolar\" \/>\n<meta property=\"article:published_time\" content=\"2021-10-07T07:55:13+00:00\" \/>\n<meta property=\"article:modified_time\" content=\"2021-10-07T07:55:49+00:00\" \/>\n<meta property=\"og:image\" content=\"https:\/\/dev.kompaktdesign.hu\/hodszolar.hu\/wp-content\/uploads\/2021\/10\/shutterstock_223237450.jpg\" \/>\n\t<meta property=\"og:image:width\" content=\"1536\" \/>\n\t<meta property=\"og:image:height\" content=\"1024\" \/>\n\t<meta property=\"og:image:type\" content=\"image\/jpeg\" \/>\n<meta name=\"author\" content=\"H\u00f3dszol\u00e1r Kft.\" \/>\n<meta name=\"twitter:card\" content=\"summary_large_image\" \/>\n<meta name=\"twitter:label1\" content=\"Szerz\u0151:\" \/>\n\t<meta name=\"twitter:data1\" content=\"H\u00f3dszol\u00e1r Kft.\" \/>\n\t<meta name=\"twitter:label2\" content=\"Becs\u00fclt olvas\u00e1si id\u0151\" \/>\n\t<meta name=\"twitter:data2\" content=\"2 perc\" \/>\n<script type=\"application\/ld+json\" class=\"yoast-schema-graph\">{\"@context\":\"https:\/\/schema.org\",\"@graph\":[{\"@type\":\"Article\",\"@id\":\"https:\/\/dev.kompaktdesign.hu\/hodszolar.hu\/2021\/10\/07\/a-klimakrizis-ujabb-arulkodo-jele-a-vilag-korallzatonyainak-jelentos-resze-eltunt-egy-evtized-alatt\/#article\",\"isPartOf\":{\"@id\":\"https:\/\/dev.kompaktdesign.hu\/hodszolar.hu\/2021\/10\/07\/a-klimakrizis-ujabb-arulkodo-jele-a-vilag-korallzatonyainak-jelentos-resze-eltunt-egy-evtized-alatt\/\"},\"author\":{\"name\":\"H\u00f3dszol\u00e1r Kft.\",\"@id\":\"https:\/\/dev.kompaktdesign.hu\/hodszolar.hu\/#\/schema\/person\/a788af940a3d6b2829396312340dd08c\"},\"headline\":\"A kl\u00edmakr\u00edzis \u00fajabb \u00e1rulkod\u00f3 jele: a vil\u00e1g korallz\u00e1tonyainak jelent\u0151s r\u00e9sze elt\u0171nt egy \u00e9vtized alatt\",\"datePublished\":\"2021-10-07T07:55:13+00:00\",\"dateModified\":\"2021-10-07T07:55:49+00:00\",\"mainEntityOfPage\":{\"@id\":\"https:\/\/dev.kompaktdesign.hu\/hodszolar.hu\/2021\/10\/07\/a-klimakrizis-ujabb-arulkodo-jele-a-vilag-korallzatonyainak-jelentos-resze-eltunt-egy-evtized-alatt\/\"},\"wordCount\":444,\"commentCount\":0,\"publisher\":{\"@id\":\"https:\/\/dev.kompaktdesign.hu\/hodszolar.hu\/#organization\"},\"articleSection\":[\"Egy\u00e9b kateg\u00f3ria\"],\"inLanguage\":\"hu\",\"potentialAction\":[{\"@type\":\"CommentAction\",\"name\":\"Comment\",\"target\":[\"https:\/\/dev.kompaktdesign.hu\/hodszolar.hu\/2021\/10\/07\/a-klimakrizis-ujabb-arulkodo-jele-a-vilag-korallzatonyainak-jelentos-resze-eltunt-egy-evtized-alatt\/#respond\"]}]},{\"@type\":\"WebPage\",\"@id\":\"https:\/\/dev.kompaktdesign.hu\/hodszolar.hu\/2021\/10\/07\/a-klimakrizis-ujabb-arulkodo-jele-a-vilag-korallzatonyainak-jelentos-resze-eltunt-egy-evtized-alatt\/\",\"url\":\"https:\/\/dev.kompaktdesign.hu\/hodszolar.hu\/2021\/10\/07\/a-klimakrizis-ujabb-arulkodo-jele-a-vilag-korallzatonyainak-jelentos-resze-eltunt-egy-evtized-alatt\/\",\"name\":\"A kl\u00edmakr\u00edzis \u00fajabb \u00e1rulkod\u00f3 jele: a vil\u00e1g korallz\u00e1tonyainak jelent\u0151s r\u00e9sze elt\u0171nt egy \u00e9vtized alatt | H\u00f3dszol\u00e1r\",\"isPartOf\":{\"@id\":\"https:\/\/dev.kompaktdesign.hu\/hodszolar.hu\/#website\"},\"datePublished\":\"2021-10-07T07:55:13+00:00\",\"dateModified\":\"2021-10-07T07:55:49+00:00\",\"breadcrumb\":{\"@id\":\"https:\/\/dev.kompaktdesign.hu\/hodszolar.hu\/2021\/10\/07\/a-klimakrizis-ujabb-arulkodo-jele-a-vilag-korallzatonyainak-jelentos-resze-eltunt-egy-evtized-alatt\/#breadcrumb\"},\"inLanguage\":\"hu\",\"potentialAction\":[{\"@type\":\"ReadAction\",\"target\":[\"https:\/\/dev.kompaktdesign.hu\/hodszolar.hu\/2021\/10\/07\/a-klimakrizis-ujabb-arulkodo-jele-a-vilag-korallzatonyainak-jelentos-resze-eltunt-egy-evtized-alatt\/\"]}]},{\"@type\":\"BreadcrumbList\",\"@id\":\"https:\/\/dev.kompaktdesign.hu\/hodszolar.hu\/2021\/10\/07\/a-klimakrizis-ujabb-arulkodo-jele-a-vilag-korallzatonyainak-jelentos-resze-eltunt-egy-evtized-alatt\/#breadcrumb\",\"itemListElement\":[{\"@type\":\"ListItem\",\"position\":1,\"name\":\"Kezd\u0151lap\",\"item\":\"https:\/\/dev.kompaktdesign.hu\/hodszolar.hu\/\"},{\"@type\":\"ListItem\",\"position\":2,\"name\":\"A kl\u00edmakr\u00edzis \u00fajabb \u00e1rulkod\u00f3 jele: a vil\u00e1g korallz\u00e1tonyainak jelent\u0151s r\u00e9sze elt\u0171nt egy \u00e9vtized alatt\"}]},{\"@type\":\"WebSite\",\"@id\":\"https:\/\/dev.kompaktdesign.hu\/hodszolar.hu\/#website\",\"url\":\"https:\/\/dev.kompaktdesign.hu\/hodszolar.hu\/\",\"name\":\"H\u00f3dszol\u00e1r\",\"description\":\"A v\u00e1s\u00e1rhelyi napelemes\",\"publisher\":{\"@id\":\"https:\/\/dev.kompaktdesign.hu\/hodszolar.hu\/#organization\"},\"potentialAction\":[{\"@type\":\"SearchAction\",\"target\":{\"@type\":\"EntryPoint\",\"urlTemplate\":\"https:\/\/dev.kompaktdesign.hu\/hodszolar.hu\/?s={search_term_string}\"},\"query-input\":\"required name=search_term_string\"}],\"inLanguage\":\"hu\"},{\"@type\":\"Organization\",\"@id\":\"https:\/\/dev.kompaktdesign.hu\/hodszolar.hu\/#organization\",\"name\":\"H\u00f3dszol\u00e1r Kft.\",\"url\":\"https:\/\/dev.kompaktdesign.hu\/hodszolar.hu\/\",\"sameAs\":[\"https:\/\/www.facebook.com\/hodszolar\"],\"logo\":{\"@type\":\"ImageObject\",\"inLanguage\":\"hu\",\"@id\":\"https:\/\/dev.kompaktdesign.hu\/hodszolar.hu\/#\/schema\/logo\/image\/\",\"url\":\"https:\/\/dev.kompaktdesign.hu\/hodszolar.hu\/wp-content\/uploads\/2021\/05\/fvicon.png\",\"contentUrl\":\"https:\/\/dev.kompaktdesign.hu\/hodszolar.hu\/wp-content\/uploads\/2021\/05\/fvicon.png\",\"width\":132,\"height\":132,\"caption\":\"H\u00f3dszol\u00e1r Kft.\"},\"image\":{\"@id\":\"https:\/\/dev.kompaktdesign.hu\/hodszolar.hu\/#\/schema\/logo\/image\/\"}},{\"@type\":\"Person\",\"@id\":\"https:\/\/dev.kompaktdesign.hu\/hodszolar.hu\/#\/schema\/person\/a788af940a3d6b2829396312340dd08c\",\"name\":\"H\u00f3dszol\u00e1r Kft.\",\"image\":{\"@type\":\"ImageObject\",\"inLanguage\":\"hu\",\"@id\":\"https:\/\/dev.kompaktdesign.hu\/hodszolar.hu\/#\/schema\/person\/image\/\",\"url\":\"https:\/\/secure.gravatar.com\/avatar\/38df000db6f2e93b7f0ccccf7714392424ca033738d34dfe71f19fdb70329830?s=96&d=mm&r=g\",\"contentUrl\":\"https:\/\/secure.gravatar.com\/avatar\/38df000db6f2e93b7f0ccccf7714392424ca033738d34dfe71f19fdb70329830?s=96&d=mm&r=g\",\"caption\":\"H\u00f3dszol\u00e1r Kft.\"},\"url\":\"https:\/\/dev.kompaktdesign.hu\/hodszolar.hu\/author\/hodszolar\/\"}]}<\/script>\n<!-- \/ Yoast SEO plugin. -->","yoast_head_json":{"title":"A kl\u00edmakr\u00edzis \u00fajabb \u00e1rulkod\u00f3 jele: a vil\u00e1g korallz\u00e1tonyainak jelent\u0151s r\u00e9sze elt\u0171nt egy \u00e9vtized alatt | H\u00f3dszol\u00e1r","robots":{"index":"noindex","follow":"follow","max-snippet":"max-snippet:-1","max-image-preview":"max-image-preview:large","max-video-preview":"max-video-preview:-1"},"og_locale":"hu_HU","og_type":"article","og_title":"A kl\u00edmakr\u00edzis \u00fajabb \u00e1rulkod\u00f3 jele: a vil\u00e1g korallz\u00e1tonyainak jelent\u0151s r\u00e9sze elt\u0171nt egy \u00e9vtized alatt | H\u00f3dszol\u00e1r","og_description":"A vil\u00e1g korallz\u00e1tonyainak 14 sz\u00e1zal\u00e9ka elt\u0171nt egy \u00e9vtized alatt - der\u00fcl ki a korallz\u00e1tonyok eg\u00e9szs\u00e9g\u00e9t vizsg\u00e1l\u00f3 eddigi legnagyobb, \u00e1tfog\u00f3 kutat\u00e1sb\u00f3l. A tud\u00f3sok arra jutottak, hogy 2009 \u00e9s 2018 k\u00f6z\u00f6tt a vil\u00e1g mintegy 11 700 n\u00e9gyzetkilom\u00e9ternyi korallz\u00e1tonyt vesz\u00edtett el. Ez t\u00f6bb, mint amennyi korall jelenleg Ausztr\u00e1li\u00e1ban \u00e9l - \u00edrja a Guardian. A korallz\u00e1tonyok monitoroz\u00e1s\u00e1val foglalkoz\u00f3 szervezet [&hellip;]","og_url":"https:\/\/dev.kompaktdesign.hu\/hodszolar.hu\/2021\/10\/07\/a-klimakrizis-ujabb-arulkodo-jele-a-vilag-korallzatonyainak-jelentos-resze-eltunt-egy-evtized-alatt\/","og_site_name":"H\u00f3dszol\u00e1r","article_publisher":"https:\/\/www.facebook.com\/hodszolar","article_published_time":"2021-10-07T07:55:13+00:00","article_modified_time":"2021-10-07T07:55:49+00:00","og_image":[{"width":1536,"height":1024,"url":"https:\/\/dev.kompaktdesign.hu\/hodszolar.hu\/wp-content\/uploads\/2021\/10\/shutterstock_223237450.jpg","type":"image\/jpeg"}],"author":"H\u00f3dszol\u00e1r Kft.","twitter_card":"summary_large_image","twitter_misc":{"Szerz\u0151:":"H\u00f3dszol\u00e1r Kft.","Becs\u00fclt olvas\u00e1si id\u0151":"2 perc"},"schema":{"@context":"https:\/\/schema.org","@graph":[{"@type":"Article","@id":"https:\/\/dev.kompaktdesign.hu\/hodszolar.hu\/2021\/10\/07\/a-klimakrizis-ujabb-arulkodo-jele-a-vilag-korallzatonyainak-jelentos-resze-eltunt-egy-evtized-alatt\/#article","isPartOf":{"@id":"https:\/\/dev.kompaktdesign.hu\/hodszolar.hu\/2021\/10\/07\/a-klimakrizis-ujabb-arulkodo-jele-a-vilag-korallzatonyainak-jelentos-resze-eltunt-egy-evtized-alatt\/"},"author":{"name":"H\u00f3dszol\u00e1r Kft.","@id":"https:\/\/dev.kompaktdesign.hu\/hodszolar.hu\/#\/schema\/person\/a788af940a3d6b2829396312340dd08c"},"headline":"A kl\u00edmakr\u00edzis \u00fajabb \u00e1rulkod\u00f3 jele: a vil\u00e1g korallz\u00e1tonyainak jelent\u0151s r\u00e9sze elt\u0171nt egy \u00e9vtized alatt","datePublished":"2021-10-07T07:55:13+00:00","dateModified":"2021-10-07T07:55:49+00:00","mainEntityOfPage":{"@id":"https:\/\/dev.kompaktdesign.hu\/hodszolar.hu\/2021\/10\/07\/a-klimakrizis-ujabb-arulkodo-jele-a-vilag-korallzatonyainak-jelentos-resze-eltunt-egy-evtized-alatt\/"},"wordCount":444,"commentCount":0,"publisher":{"@id":"https:\/\/dev.kompaktdesign.hu\/hodszolar.hu\/#organization"},"articleSection":["Egy\u00e9b kateg\u00f3ria"],"inLanguage":"hu","potentialAction":[{"@type":"CommentAction","name":"Comment","target":["https:\/\/dev.kompaktdesign.hu\/hodszolar.hu\/2021\/10\/07\/a-klimakrizis-ujabb-arulkodo-jele-a-vilag-korallzatonyainak-jelentos-resze-eltunt-egy-evtized-alatt\/#respond"]}]},{"@type":"WebPage","@id":"https:\/\/dev.kompaktdesign.hu\/hodszolar.hu\/2021\/10\/07\/a-klimakrizis-ujabb-arulkodo-jele-a-vilag-korallzatonyainak-jelentos-resze-eltunt-egy-evtized-alatt\/","url":"https:\/\/dev.kompaktdesign.hu\/hodszolar.hu\/2021\/10\/07\/a-klimakrizis-ujabb-arulkodo-jele-a-vilag-korallzatonyainak-jelentos-resze-eltunt-egy-evtized-alatt\/","name":"A kl\u00edmakr\u00edzis \u00fajabb \u00e1rulkod\u00f3 jele: a vil\u00e1g korallz\u00e1tonyainak jelent\u0151s r\u00e9sze elt\u0171nt egy \u00e9vtized alatt | H\u00f3dszol\u00e1r","isPartOf":{"@id":"https:\/\/dev.kompaktdesign.hu\/hodszolar.hu\/#website"},"datePublished":"2021-10-07T07:55:13+00:00","dateModified":"2021-10-07T07:55:49+00:00","breadcrumb":{"@id":"https:\/\/dev.kompaktdesign.hu\/hodszolar.hu\/2021\/10\/07\/a-klimakrizis-ujabb-arulkodo-jele-a-vilag-korallzatonyainak-jelentos-resze-eltunt-egy-evtized-alatt\/#breadcrumb"},"inLanguage":"hu","potentialAction":[{"@type":"ReadAction","target":["https:\/\/dev.kompaktdesign.hu\/hodszolar.hu\/2021\/10\/07\/a-klimakrizis-ujabb-arulkodo-jele-a-vilag-korallzatonyainak-jelentos-resze-eltunt-egy-evtized-alatt\/"]}]},{"@type":"BreadcrumbList","@id":"https:\/\/dev.kompaktdesign.hu\/hodszolar.hu\/2021\/10\/07\/a-klimakrizis-ujabb-arulkodo-jele-a-vilag-korallzatonyainak-jelentos-resze-eltunt-egy-evtized-alatt\/#breadcrumb","itemListElement":[{"@type":"ListItem","position":1,"name":"Kezd\u0151lap","item":"https:\/\/dev.kompaktdesign.hu\/hodszolar.hu\/"},{"@type":"ListItem","position":2,"name":"A kl\u00edmakr\u00edzis \u00fajabb \u00e1rulkod\u00f3 jele: a vil\u00e1g korallz\u00e1tonyainak jelent\u0151s r\u00e9sze elt\u0171nt egy \u00e9vtized alatt"}]},{"@type":"WebSite","@id":"https:\/\/dev.kompaktdesign.hu\/hodszolar.hu\/#website","url":"https:\/\/dev.kompaktdesign.hu\/hodszolar.hu\/","name":"H\u00f3dszol\u00e1r","description":"A v\u00e1s\u00e1rhelyi napelemes","publisher":{"@id":"https:\/\/dev.kompaktdesign.hu\/hodszolar.hu\/#organization"},"potentialAction":[{"@type":"SearchAction","target":{"@type":"EntryPoint","urlTemplate":"https:\/\/dev.kompaktdesign.hu\/hodszolar.hu\/?s={search_term_string}"},"query-input":"required name=search_term_string"}],"inLanguage":"hu"},{"@type":"Organization","@id":"https:\/\/dev.kompaktdesign.hu\/hodszolar.hu\/#organization","name":"H\u00f3dszol\u00e1r Kft.","url":"https:\/\/dev.kompaktdesign.hu\/hodszolar.hu\/","sameAs":["https:\/\/www.facebook.com\/hodszolar"],"logo":{"@type":"ImageObject","inLanguage":"hu","@id":"https:\/\/dev.kompaktdesign.hu\/hodszolar.hu\/#\/schema\/logo\/image\/","url":"https:\/\/dev.kompaktdesign.hu\/hodszolar.hu\/wp-content\/uploads\/2021\/05\/fvicon.png","contentUrl":"https:\/\/dev.kompaktdesign.hu\/hodszolar.hu\/wp-content\/uploads\/2021\/05\/fvicon.png","width":132,"height":132,"caption":"H\u00f3dszol\u00e1r Kft."},"image":{"@id":"https:\/\/dev.kompaktdesign.hu\/hodszolar.hu\/#\/schema\/logo\/image\/"}},{"@type":"Person","@id":"https:\/\/dev.kompaktdesign.hu\/hodszolar.hu\/#\/schema\/person\/a788af940a3d6b2829396312340dd08c","name":"H\u00f3dszol\u00e1r Kft.","image":{"@type":"ImageObject","inLanguage":"hu","@id":"https:\/\/dev.kompaktdesign.hu\/hodszolar.hu\/#\/schema\/person\/image\/","url":"https:\/\/secure.gravatar.com\/avatar\/38df000db6f2e93b7f0ccccf7714392424ca033738d34dfe71f19fdb70329830?s=96&d=mm&r=g","contentUrl":"https:\/\/secure.gravatar.com\/avatar\/38df000db6f2e93b7f0ccccf7714392424ca033738d34dfe71f19fdb70329830?s=96&d=mm&r=g","caption":"H\u00f3dszol\u00e1r Kft."},"url":"https:\/\/dev.kompaktdesign.hu\/hodszolar.hu\/author\/hodszolar\/"}]}},"_links":{"self":[{"href":"https:\/\/dev.kompaktdesign.hu\/hodszolar.hu\/wp-json\/wp\/v2\/posts\/759","targetHints":{"allow":["GET"]}}],"collection":[{"href":"https:\/\/dev.kompaktdesign.hu\/hodszolar.hu\/wp-json\/wp\/v2\/posts"}],"about":[{"href":"https:\/\/dev.kompaktdesign.hu\/hodszolar.hu\/wp-json\/wp\/v2\/types\/post"}],"author":[{"embeddable":true,"href":"https:\/\/dev.kompaktdesign.hu\/hodszolar.hu\/wp-json\/wp\/v2\/users\/3"}],"replies":[{"embeddable":true,"href":"https:\/\/dev.kompaktdesign.hu\/hodszolar.hu\/wp-json\/wp\/v2\/comments?post=759"}],"version-history":[{"count":2,"href":"https:\/\/dev.kompaktdesign.hu\/hodszolar.hu\/wp-json\/wp\/v2\/posts\/759\/revisions"}],"predecessor-version":[{"id":762,"href":"https:\/\/dev.kompaktdesign.hu\/hodszolar.hu\/wp-json\/wp\/v2\/posts\/759\/revisions\/762"}],"wp:featuredmedia":[{"embeddable":true,"href":"https:\/\/dev.kompaktdesign.hu\/hodszolar.hu\/wp-json\/wp\/v2\/media\/760"}],"wp:attachment":[{"href":"https:\/\/dev.kompaktdesign.hu\/hodszolar.hu\/wp-json\/wp\/v2\/media?parent=759"}],"wp:term":[{"taxonomy":"category","embeddable":true,"href":"https:\/\/dev.kompaktdesign.hu\/hodszolar.hu\/wp-json\/wp\/v2\/categories?post=759"},{"taxonomy":"post_tag","embeddable":true,"href":"https:\/\/dev.kompaktdesign.hu\/hodszolar.hu\/wp-json\/wp\/v2\/tags?post=759"}],"curies":[{"name":"wp","href":"https:\/\/api.w.org\/{rel}","templated":true}]}}