{"id":764,"date":"2021-10-14T07:21:55","date_gmt":"2021-10-14T07:21:55","guid":{"rendered":"https:\/\/hodszolar.hu\/?p=764"},"modified":"2021-10-14T07:22:01","modified_gmt":"2021-10-14T07:22:01","slug":"napelemparkot-adtak-at-kedden-a-veszprem-megyei-oskun-a-tiz-megawatt-teljesitmenyu-eromu-tobb-mint-otezer-csalad-villamosenergia-ellatasat-biztositja","status":"publish","type":"post","link":"https:\/\/dev.kompaktdesign.hu\/hodszolar.hu\/2021\/10\/14\/napelemparkot-adtak-at-kedden-a-veszprem-megyei-oskun-a-tiz-megawatt-teljesitmenyu-eromu-tobb-mint-otezer-csalad-villamosenergia-ellatasat-biztositja\/","title":{"rendered":"Napelemparkot adtak \u00e1t kedden a Veszpr\u00e9m megyei \u00d6sk\u00fcn. A t\u00edz megawatt teljes\u00edtm\u00e9ny\u0171 er\u0151m\u0171 t\u00f6bb mint \u00f6tezer csal\u00e1d villamosenergia-ell\u00e1t\u00e1s\u00e1t biztos\u00edtja."},"content":{"rendered":"\n<p>Steiner Attila, az Innov\u00e1ci\u00f3s \u00e9s Technol\u00f3giai Miniszt\u00e9rium k\u00f6rforg\u00e1sos gazdas\u00e1g fejleszt\u00e9s\u00e9\u00e9rt, energia- \u00e9s kl\u00edmapolitik\u00e1\u00e9rt felel\u0151s \u00e1llamtitk\u00e1ra az \u00e1tad\u00f3 \u00fcnneps\u00e9gen hangs\u00falyozta: a korm\u00e1ny azt c\u00e9lozta meg, hogy 2030-ra a villamosenergia-termel\u00e9s 90 sz\u00e1zal\u00e9ka sz\u00e9n-dioxid-kibocs\u00e1t\u00e1s n\u00e9lk\u00fcl t\u00f6rt\u00e9njen, ezen az \u00faton pedig jelent\u0151s l\u00e9p\u00e9s a napelemparkok megval\u00f3sul\u00e1sa.<\/p>\n\n\n\n<figure class=\"wp-block-image size-full is-resized\"><img loading=\"lazy\" decoding=\"async\" src=\"https:\/\/dev.kompaktdesign.hu\/hodszolar.hu\/wp-content\/uploads\/2021\/10\/osku-szentkiralyi-alexandra.jpg\" alt=\"\" class=\"wp-image-765\" width=\"838\" height=\"557\"\/><\/figure>\n\n\n\n<p><br>Steiner Attila elmondta, hogy jelenleg Magyarorsz\u00e1gon 2300 megawatt az \u00f6sszes naper\u0151m\u0171-kapacit\u00e1s, ami meghaladja a paksi atomer\u0151m\u0171 kapacit\u00e1s\u00e1t. A c\u00e9l pedig az, hogy 2030-ra ezt a kapacit\u00e1st megh\u00e1romszorozzuk \u2013 f\u0171zte hozz\u00e1.<br>Hozz\u00e1tette: ez \u00e9v v\u00e9g\u00e9n \u00edrj\u00e1k majd ki az \u00fajabb napelemes p\u00e1ly\u00e1zatot 200 milli\u00e1rd forintos keret\u00f6sszeggel. A p\u00e1ly\u00e1zat c\u00e9lja az, hogy a r\u00e1szorul\u00f3k sz\u00e1m\u00e1ra is lehet\u0151v\u00e9 v\u00e1ljon a napelem telep\u00edt\u00e9se valamint a f\u0171t\u00e9s korszer\u0171s\u00edt\u00e9se. A 100%-os lakoss\u00e1gi p\u00e1ly\u00e1zatr\u00f3l <a href=\"https:\/\/dev.kompaktdesign.hu\/hodszolar.hu\/2021\/08\/31\/megjelentek-a-reszletek-a-100-os-lakossagi-tamogatasrol\/\">itt<\/a> \u00edrtunk kor\u00e1bban.<\/p>\n\n\n\n<p><br>Szentkir\u00e1lyi Alexandra korm\u00e1nysz\u00f3viv\u0151 azt hangs\u00falyozta, hogy az uni\u00f3-szerte egekbe sz\u00f6k\u0151 rezsi\u00e1rakkal szemben Magyarorsz\u00e1gon a korm\u00e1ny megv\u00e9di az embereket a magas energia\u00e1rakt\u00f3l.<br><\/p>\n\n\n\n<figure class=\"wp-block-image size-full is-resized\"><img loading=\"lazy\" decoding=\"async\" src=\"https:\/\/dev.kompaktdesign.hu\/hodszolar.hu\/wp-content\/uploads\/2021\/10\/osku.jpg\" alt=\"\" class=\"wp-image-766\" width=\"841\" height=\"559\"\/><\/figure>\n\n\n\n<p><br>2013 \u00f3ta 25 sz\u00e1zal\u00e9kkal cs\u00f6kkent az \u00e1ram \u00e9s a t\u00e1vh\u0151 \u00e1ra Magyarorsz\u00e1gon \u2013 tette hozz\u00e1. Mint mondta, a k\u00f6vetkez\u0151 \u00e9vtizedben meg k\u00edv\u00e1nj\u00e1k hatszorozni a naper\u0151m\u0171vek kapacit\u00e1s\u00e1t. Kiss Ern\u0151, a Magyar Napelem Napkollektor Sz\u00f6vets\u00e9g eln\u00f6ke, a kivitelez\u0151 Greentechnic Hungary Kft. \u00fcgyvezet\u0151 igazgat\u00f3ja elmondta, hogy az \u00f6sk\u00fci napelempark 20 hekt\u00e1ron fekszik, 25 \u00e9ven \u00e1t l\u00e1tja majd el energi\u00e1val a k\u00f6rny\u00e9k lak\u00f3it.<\/p>\n\n\n\n<p><br>Ov\u00e1di P\u00e9ter, a t\u00e9rs\u00e9g fideszes orsz\u00e1ggy\u0171l\u00e9si k\u00e9pvisel\u0151je kiemelte, hogy a beruh\u00e1z\u00e1s r\u00e9v\u00e9n befoly\u00f3 ipar\u0171z\u00e9si ad\u00f3 nagy jelent\u0151s\u00e9g\u0171 a telep\u00fcl\u00e9s szempontj\u00e1b\u00f3l. A kivitelez\u0151 Greentechnic c\u00e9gcsoport \u00e1ltal telep\u00edtett er\u0151m\u0171vek \u00f6sszteljes\u00edtm\u00e9nye meghaladja a 100 MW-ot.<\/p>\n\n\n\n<p>Forr\u00e1s: MTI<\/p>\n","protected":false},"excerpt":{"rendered":"<p>Steiner Attila, az Innov\u00e1ci\u00f3s \u00e9s Technol\u00f3giai Miniszt\u00e9rium k\u00f6rforg\u00e1sos gazdas\u00e1g fejleszt\u00e9s\u00e9\u00e9rt, energia- \u00e9s kl\u00edmapolitik\u00e1\u00e9rt felel\u0151s \u00e1llamtitk\u00e1ra az \u00e1tad\u00f3 \u00fcnneps\u00e9gen hangs\u00falyozta: a korm\u00e1ny azt c\u00e9lozta meg, hogy 2030-ra a villamosenergia-termel\u00e9s 90 sz\u00e1zal\u00e9ka sz\u00e9n-dioxid-kibocs\u00e1t\u00e1s n\u00e9lk\u00fcl t\u00f6rt\u00e9njen, ezen az \u00faton pedig jelent\u0151s l\u00e9p\u00e9s a napelemparkok megval\u00f3sul\u00e1sa. Steiner Attila elmondta, hogy jelenleg Magyarorsz\u00e1gon 2300 megawatt az \u00f6sszes naper\u0151m\u0171-kapacit\u00e1s, ami meghaladja [&hellip;]<\/p>\n","protected":false},"author":3,"featured_media":767,"comment_status":"open","ping_status":"open","sticky":false,"template":"","format":"standard","meta":{"footnotes":""},"categories":[1],"tags":[],"class_list":["post-764","post","type-post","status-publish","format-standard","has-post-thumbnail","hentry","category-egyeb"],"yoast_head":"<!-- This site is optimized with the Yoast SEO plugin v19.5.1 - https:\/\/yoast.com\/wordpress\/plugins\/seo\/ -->\n<title>Napelemparkot adtak \u00e1t kedden a Veszpr\u00e9m megyei \u00d6sk\u00fcn. A t\u00edz megawatt teljes\u00edtm\u00e9ny\u0171 er\u0151m\u0171 t\u00f6bb mint \u00f6tezer csal\u00e1d villamosenergia-ell\u00e1t\u00e1s\u00e1t biztos\u00edtja. | H\u00f3dszol\u00e1r<\/title>\n<meta name=\"robots\" content=\"noindex, follow, max-snippet:-1, max-image-preview:large, max-video-preview:-1\" \/>\n<meta property=\"og:locale\" content=\"hu_HU\" \/>\n<meta property=\"og:type\" content=\"article\" \/>\n<meta property=\"og:title\" content=\"Napelemparkot adtak \u00e1t kedden a Veszpr\u00e9m megyei \u00d6sk\u00fcn. A t\u00edz megawatt teljes\u00edtm\u00e9ny\u0171 er\u0151m\u0171 t\u00f6bb mint \u00f6tezer csal\u00e1d villamosenergia-ell\u00e1t\u00e1s\u00e1t biztos\u00edtja. | H\u00f3dszol\u00e1r\" \/>\n<meta property=\"og:description\" content=\"Steiner Attila, az Innov\u00e1ci\u00f3s \u00e9s Technol\u00f3giai Miniszt\u00e9rium k\u00f6rforg\u00e1sos gazdas\u00e1g fejleszt\u00e9s\u00e9\u00e9rt, energia- \u00e9s kl\u00edmapolitik\u00e1\u00e9rt felel\u0151s \u00e1llamtitk\u00e1ra az \u00e1tad\u00f3 \u00fcnneps\u00e9gen hangs\u00falyozta: a korm\u00e1ny azt c\u00e9lozta meg, hogy 2030-ra a villamosenergia-termel\u00e9s 90 sz\u00e1zal\u00e9ka sz\u00e9n-dioxid-kibocs\u00e1t\u00e1s n\u00e9lk\u00fcl t\u00f6rt\u00e9njen, ezen az \u00faton pedig jelent\u0151s l\u00e9p\u00e9s a napelemparkok megval\u00f3sul\u00e1sa. Steiner Attila elmondta, hogy jelenleg Magyarorsz\u00e1gon 2300 megawatt az \u00f6sszes naper\u0151m\u0171-kapacit\u00e1s, ami meghaladja [&hellip;]\" \/>\n<meta property=\"og:url\" content=\"https:\/\/dev.kompaktdesign.hu\/hodszolar.hu\/2021\/10\/14\/napelemparkot-adtak-at-kedden-a-veszprem-megyei-oskun-a-tiz-megawatt-teljesitmenyu-eromu-tobb-mint-otezer-csalad-villamosenergia-ellatasat-biztositja\/\" \/>\n<meta property=\"og:site_name\" content=\"H\u00f3dszol\u00e1r\" \/>\n<meta property=\"article:publisher\" content=\"https:\/\/www.facebook.com\/hodszolar\" \/>\n<meta property=\"article:published_time\" content=\"2021-10-14T07:21:55+00:00\" \/>\n<meta property=\"article:modified_time\" content=\"2021-10-14T07:22:01+00:00\" \/>\n<meta property=\"og:image\" content=\"https:\/\/dev.kompaktdesign.hu\/hodszolar.hu\/wp-content\/uploads\/2021\/10\/osku-atada.jpg\" \/>\n\t<meta property=\"og:image:width\" content=\"600\" \/>\n\t<meta property=\"og:image:height\" content=\"399\" \/>\n\t<meta property=\"og:image:type\" content=\"image\/jpeg\" \/>\n<meta name=\"author\" content=\"H\u00f3dszol\u00e1r Kft.\" \/>\n<meta name=\"twitter:card\" content=\"summary_large_image\" \/>\n<meta name=\"twitter:label1\" content=\"Szerz\u0151:\" \/>\n\t<meta name=\"twitter:data1\" content=\"H\u00f3dszol\u00e1r Kft.\" \/>\n\t<meta name=\"twitter:label2\" content=\"Becs\u00fclt olvas\u00e1si id\u0151\" \/>\n\t<meta name=\"twitter:data2\" content=\"2 perc\" \/>\n<script type=\"application\/ld+json\" class=\"yoast-schema-graph\">{\"@context\":\"https:\/\/schema.org\",\"@graph\":[{\"@type\":\"Article\",\"@id\":\"https:\/\/dev.kompaktdesign.hu\/hodszolar.hu\/2021\/10\/14\/napelemparkot-adtak-at-kedden-a-veszprem-megyei-oskun-a-tiz-megawatt-teljesitmenyu-eromu-tobb-mint-otezer-csalad-villamosenergia-ellatasat-biztositja\/#article\",\"isPartOf\":{\"@id\":\"https:\/\/dev.kompaktdesign.hu\/hodszolar.hu\/2021\/10\/14\/napelemparkot-adtak-at-kedden-a-veszprem-megyei-oskun-a-tiz-megawatt-teljesitmenyu-eromu-tobb-mint-otezer-csalad-villamosenergia-ellatasat-biztositja\/\"},\"author\":{\"name\":\"H\u00f3dszol\u00e1r Kft.\",\"@id\":\"https:\/\/dev.kompaktdesign.hu\/hodszolar.hu\/#\/schema\/person\/a788af940a3d6b2829396312340dd08c\"},\"headline\":\"Napelemparkot adtak \u00e1t kedden a Veszpr\u00e9m megyei \u00d6sk\u00fcn. A t\u00edz megawatt teljes\u00edtm\u00e9ny\u0171 er\u0151m\u0171 t\u00f6bb mint \u00f6tezer csal\u00e1d villamosenergia-ell\u00e1t\u00e1s\u00e1t biztos\u00edtja.\",\"datePublished\":\"2021-10-14T07:21:55+00:00\",\"dateModified\":\"2021-10-14T07:22:01+00:00\",\"mainEntityOfPage\":{\"@id\":\"https:\/\/dev.kompaktdesign.hu\/hodszolar.hu\/2021\/10\/14\/napelemparkot-adtak-at-kedden-a-veszprem-megyei-oskun-a-tiz-megawatt-teljesitmenyu-eromu-tobb-mint-otezer-csalad-villamosenergia-ellatasat-biztositja\/\"},\"wordCount\":383,\"commentCount\":0,\"publisher\":{\"@id\":\"https:\/\/dev.kompaktdesign.hu\/hodszolar.hu\/#organization\"},\"articleSection\":[\"Egy\u00e9b kateg\u00f3ria\"],\"inLanguage\":\"hu\",\"potentialAction\":[{\"@type\":\"CommentAction\",\"name\":\"Comment\",\"target\":[\"https:\/\/dev.kompaktdesign.hu\/hodszolar.hu\/2021\/10\/14\/napelemparkot-adtak-at-kedden-a-veszprem-megyei-oskun-a-tiz-megawatt-teljesitmenyu-eromu-tobb-mint-otezer-csalad-villamosenergia-ellatasat-biztositja\/#respond\"]}]},{\"@type\":\"WebPage\",\"@id\":\"https:\/\/dev.kompaktdesign.hu\/hodszolar.hu\/2021\/10\/14\/napelemparkot-adtak-at-kedden-a-veszprem-megyei-oskun-a-tiz-megawatt-teljesitmenyu-eromu-tobb-mint-otezer-csalad-villamosenergia-ellatasat-biztositja\/\",\"url\":\"https:\/\/dev.kompaktdesign.hu\/hodszolar.hu\/2021\/10\/14\/napelemparkot-adtak-at-kedden-a-veszprem-megyei-oskun-a-tiz-megawatt-teljesitmenyu-eromu-tobb-mint-otezer-csalad-villamosenergia-ellatasat-biztositja\/\",\"name\":\"Napelemparkot adtak \u00e1t kedden a Veszpr\u00e9m megyei \u00d6sk\u00fcn. A t\u00edz megawatt teljes\u00edtm\u00e9ny\u0171 er\u0151m\u0171 t\u00f6bb mint \u00f6tezer csal\u00e1d villamosenergia-ell\u00e1t\u00e1s\u00e1t biztos\u00edtja. | H\u00f3dszol\u00e1r\",\"isPartOf\":{\"@id\":\"https:\/\/dev.kompaktdesign.hu\/hodszolar.hu\/#website\"},\"datePublished\":\"2021-10-14T07:21:55+00:00\",\"dateModified\":\"2021-10-14T07:22:01+00:00\",\"breadcrumb\":{\"@id\":\"https:\/\/dev.kompaktdesign.hu\/hodszolar.hu\/2021\/10\/14\/napelemparkot-adtak-at-kedden-a-veszprem-megyei-oskun-a-tiz-megawatt-teljesitmenyu-eromu-tobb-mint-otezer-csalad-villamosenergia-ellatasat-biztositja\/#breadcrumb\"},\"inLanguage\":\"hu\",\"potentialAction\":[{\"@type\":\"ReadAction\",\"target\":[\"https:\/\/dev.kompaktdesign.hu\/hodszolar.hu\/2021\/10\/14\/napelemparkot-adtak-at-kedden-a-veszprem-megyei-oskun-a-tiz-megawatt-teljesitmenyu-eromu-tobb-mint-otezer-csalad-villamosenergia-ellatasat-biztositja\/\"]}]},{\"@type\":\"BreadcrumbList\",\"@id\":\"https:\/\/dev.kompaktdesign.hu\/hodszolar.hu\/2021\/10\/14\/napelemparkot-adtak-at-kedden-a-veszprem-megyei-oskun-a-tiz-megawatt-teljesitmenyu-eromu-tobb-mint-otezer-csalad-villamosenergia-ellatasat-biztositja\/#breadcrumb\",\"itemListElement\":[{\"@type\":\"ListItem\",\"position\":1,\"name\":\"Kezd\u0151lap\",\"item\":\"https:\/\/dev.kompaktdesign.hu\/hodszolar.hu\/\"},{\"@type\":\"ListItem\",\"position\":2,\"name\":\"Napelemparkot adtak \u00e1t kedden a Veszpr\u00e9m megyei \u00d6sk\u00fcn. A t\u00edz megawatt teljes\u00edtm\u00e9ny\u0171 er\u0151m\u0171 t\u00f6bb mint \u00f6tezer csal\u00e1d villamosenergia-ell\u00e1t\u00e1s\u00e1t biztos\u00edtja.\"}]},{\"@type\":\"WebSite\",\"@id\":\"https:\/\/dev.kompaktdesign.hu\/hodszolar.hu\/#website\",\"url\":\"https:\/\/dev.kompaktdesign.hu\/hodszolar.hu\/\",\"name\":\"H\u00f3dszol\u00e1r\",\"description\":\"A v\u00e1s\u00e1rhelyi napelemes\",\"publisher\":{\"@id\":\"https:\/\/dev.kompaktdesign.hu\/hodszolar.hu\/#organization\"},\"potentialAction\":[{\"@type\":\"SearchAction\",\"target\":{\"@type\":\"EntryPoint\",\"urlTemplate\":\"https:\/\/dev.kompaktdesign.hu\/hodszolar.hu\/?s={search_term_string}\"},\"query-input\":\"required name=search_term_string\"}],\"inLanguage\":\"hu\"},{\"@type\":\"Organization\",\"@id\":\"https:\/\/dev.kompaktdesign.hu\/hodszolar.hu\/#organization\",\"name\":\"H\u00f3dszol\u00e1r Kft.\",\"url\":\"https:\/\/dev.kompaktdesign.hu\/hodszolar.hu\/\",\"sameAs\":[\"https:\/\/www.facebook.com\/hodszolar\"],\"logo\":{\"@type\":\"ImageObject\",\"inLanguage\":\"hu\",\"@id\":\"https:\/\/dev.kompaktdesign.hu\/hodszolar.hu\/#\/schema\/logo\/image\/\",\"url\":\"https:\/\/dev.kompaktdesign.hu\/hodszolar.hu\/wp-content\/uploads\/2021\/05\/fvicon.png\",\"contentUrl\":\"https:\/\/dev.kompaktdesign.hu\/hodszolar.hu\/wp-content\/uploads\/2021\/05\/fvicon.png\",\"width\":132,\"height\":132,\"caption\":\"H\u00f3dszol\u00e1r Kft.\"},\"image\":{\"@id\":\"https:\/\/dev.kompaktdesign.hu\/hodszolar.hu\/#\/schema\/logo\/image\/\"}},{\"@type\":\"Person\",\"@id\":\"https:\/\/dev.kompaktdesign.hu\/hodszolar.hu\/#\/schema\/person\/a788af940a3d6b2829396312340dd08c\",\"name\":\"H\u00f3dszol\u00e1r Kft.\",\"image\":{\"@type\":\"ImageObject\",\"inLanguage\":\"hu\",\"@id\":\"https:\/\/dev.kompaktdesign.hu\/hodszolar.hu\/#\/schema\/person\/image\/\",\"url\":\"https:\/\/secure.gravatar.com\/avatar\/38df000db6f2e93b7f0ccccf7714392424ca033738d34dfe71f19fdb70329830?s=96&d=mm&r=g\",\"contentUrl\":\"https:\/\/secure.gravatar.com\/avatar\/38df000db6f2e93b7f0ccccf7714392424ca033738d34dfe71f19fdb70329830?s=96&d=mm&r=g\",\"caption\":\"H\u00f3dszol\u00e1r Kft.\"},\"url\":\"https:\/\/dev.kompaktdesign.hu\/hodszolar.hu\/author\/hodszolar\/\"}]}<\/script>\n<!-- \/ Yoast SEO plugin. -->","yoast_head_json":{"title":"Napelemparkot adtak \u00e1t kedden a Veszpr\u00e9m megyei \u00d6sk\u00fcn. A t\u00edz megawatt teljes\u00edtm\u00e9ny\u0171 er\u0151m\u0171 t\u00f6bb mint \u00f6tezer csal\u00e1d villamosenergia-ell\u00e1t\u00e1s\u00e1t biztos\u00edtja. | H\u00f3dszol\u00e1r","robots":{"index":"noindex","follow":"follow","max-snippet":"max-snippet:-1","max-image-preview":"max-image-preview:large","max-video-preview":"max-video-preview:-1"},"og_locale":"hu_HU","og_type":"article","og_title":"Napelemparkot adtak \u00e1t kedden a Veszpr\u00e9m megyei \u00d6sk\u00fcn. A t\u00edz megawatt teljes\u00edtm\u00e9ny\u0171 er\u0151m\u0171 t\u00f6bb mint \u00f6tezer csal\u00e1d villamosenergia-ell\u00e1t\u00e1s\u00e1t biztos\u00edtja. | H\u00f3dszol\u00e1r","og_description":"Steiner Attila, az Innov\u00e1ci\u00f3s \u00e9s Technol\u00f3giai Miniszt\u00e9rium k\u00f6rforg\u00e1sos gazdas\u00e1g fejleszt\u00e9s\u00e9\u00e9rt, energia- \u00e9s kl\u00edmapolitik\u00e1\u00e9rt felel\u0151s \u00e1llamtitk\u00e1ra az \u00e1tad\u00f3 \u00fcnneps\u00e9gen hangs\u00falyozta: a korm\u00e1ny azt c\u00e9lozta meg, hogy 2030-ra a villamosenergia-termel\u00e9s 90 sz\u00e1zal\u00e9ka sz\u00e9n-dioxid-kibocs\u00e1t\u00e1s n\u00e9lk\u00fcl t\u00f6rt\u00e9njen, ezen az \u00faton pedig jelent\u0151s l\u00e9p\u00e9s a napelemparkok megval\u00f3sul\u00e1sa. Steiner Attila elmondta, hogy jelenleg Magyarorsz\u00e1gon 2300 megawatt az \u00f6sszes naper\u0151m\u0171-kapacit\u00e1s, ami meghaladja [&hellip;]","og_url":"https:\/\/dev.kompaktdesign.hu\/hodszolar.hu\/2021\/10\/14\/napelemparkot-adtak-at-kedden-a-veszprem-megyei-oskun-a-tiz-megawatt-teljesitmenyu-eromu-tobb-mint-otezer-csalad-villamosenergia-ellatasat-biztositja\/","og_site_name":"H\u00f3dszol\u00e1r","article_publisher":"https:\/\/www.facebook.com\/hodszolar","article_published_time":"2021-10-14T07:21:55+00:00","article_modified_time":"2021-10-14T07:22:01+00:00","og_image":[{"width":600,"height":399,"url":"https:\/\/dev.kompaktdesign.hu\/hodszolar.hu\/wp-content\/uploads\/2021\/10\/osku-atada.jpg","type":"image\/jpeg"}],"author":"H\u00f3dszol\u00e1r Kft.","twitter_card":"summary_large_image","twitter_misc":{"Szerz\u0151:":"H\u00f3dszol\u00e1r Kft.","Becs\u00fclt olvas\u00e1si id\u0151":"2 perc"},"schema":{"@context":"https:\/\/schema.org","@graph":[{"@type":"Article","@id":"https:\/\/dev.kompaktdesign.hu\/hodszolar.hu\/2021\/10\/14\/napelemparkot-adtak-at-kedden-a-veszprem-megyei-oskun-a-tiz-megawatt-teljesitmenyu-eromu-tobb-mint-otezer-csalad-villamosenergia-ellatasat-biztositja\/#article","isPartOf":{"@id":"https:\/\/dev.kompaktdesign.hu\/hodszolar.hu\/2021\/10\/14\/napelemparkot-adtak-at-kedden-a-veszprem-megyei-oskun-a-tiz-megawatt-teljesitmenyu-eromu-tobb-mint-otezer-csalad-villamosenergia-ellatasat-biztositja\/"},"author":{"name":"H\u00f3dszol\u00e1r Kft.","@id":"https:\/\/dev.kompaktdesign.hu\/hodszolar.hu\/#\/schema\/person\/a788af940a3d6b2829396312340dd08c"},"headline":"Napelemparkot adtak \u00e1t kedden a Veszpr\u00e9m megyei \u00d6sk\u00fcn. A t\u00edz megawatt teljes\u00edtm\u00e9ny\u0171 er\u0151m\u0171 t\u00f6bb mint \u00f6tezer csal\u00e1d villamosenergia-ell\u00e1t\u00e1s\u00e1t biztos\u00edtja.","datePublished":"2021-10-14T07:21:55+00:00","dateModified":"2021-10-14T07:22:01+00:00","mainEntityOfPage":{"@id":"https:\/\/dev.kompaktdesign.hu\/hodszolar.hu\/2021\/10\/14\/napelemparkot-adtak-at-kedden-a-veszprem-megyei-oskun-a-tiz-megawatt-teljesitmenyu-eromu-tobb-mint-otezer-csalad-villamosenergia-ellatasat-biztositja\/"},"wordCount":383,"commentCount":0,"publisher":{"@id":"https:\/\/dev.kompaktdesign.hu\/hodszolar.hu\/#organization"},"articleSection":["Egy\u00e9b kateg\u00f3ria"],"inLanguage":"hu","potentialAction":[{"@type":"CommentAction","name":"Comment","target":["https:\/\/dev.kompaktdesign.hu\/hodszolar.hu\/2021\/10\/14\/napelemparkot-adtak-at-kedden-a-veszprem-megyei-oskun-a-tiz-megawatt-teljesitmenyu-eromu-tobb-mint-otezer-csalad-villamosenergia-ellatasat-biztositja\/#respond"]}]},{"@type":"WebPage","@id":"https:\/\/dev.kompaktdesign.hu\/hodszolar.hu\/2021\/10\/14\/napelemparkot-adtak-at-kedden-a-veszprem-megyei-oskun-a-tiz-megawatt-teljesitmenyu-eromu-tobb-mint-otezer-csalad-villamosenergia-ellatasat-biztositja\/","url":"https:\/\/dev.kompaktdesign.hu\/hodszolar.hu\/2021\/10\/14\/napelemparkot-adtak-at-kedden-a-veszprem-megyei-oskun-a-tiz-megawatt-teljesitmenyu-eromu-tobb-mint-otezer-csalad-villamosenergia-ellatasat-biztositja\/","name":"Napelemparkot adtak \u00e1t kedden a Veszpr\u00e9m megyei \u00d6sk\u00fcn. A t\u00edz megawatt teljes\u00edtm\u00e9ny\u0171 er\u0151m\u0171 t\u00f6bb mint \u00f6tezer csal\u00e1d villamosenergia-ell\u00e1t\u00e1s\u00e1t biztos\u00edtja. | H\u00f3dszol\u00e1r","isPartOf":{"@id":"https:\/\/dev.kompaktdesign.hu\/hodszolar.hu\/#website"},"datePublished":"2021-10-14T07:21:55+00:00","dateModified":"2021-10-14T07:22:01+00:00","breadcrumb":{"@id":"https:\/\/dev.kompaktdesign.hu\/hodszolar.hu\/2021\/10\/14\/napelemparkot-adtak-at-kedden-a-veszprem-megyei-oskun-a-tiz-megawatt-teljesitmenyu-eromu-tobb-mint-otezer-csalad-villamosenergia-ellatasat-biztositja\/#breadcrumb"},"inLanguage":"hu","potentialAction":[{"@type":"ReadAction","target":["https:\/\/dev.kompaktdesign.hu\/hodszolar.hu\/2021\/10\/14\/napelemparkot-adtak-at-kedden-a-veszprem-megyei-oskun-a-tiz-megawatt-teljesitmenyu-eromu-tobb-mint-otezer-csalad-villamosenergia-ellatasat-biztositja\/"]}]},{"@type":"BreadcrumbList","@id":"https:\/\/dev.kompaktdesign.hu\/hodszolar.hu\/2021\/10\/14\/napelemparkot-adtak-at-kedden-a-veszprem-megyei-oskun-a-tiz-megawatt-teljesitmenyu-eromu-tobb-mint-otezer-csalad-villamosenergia-ellatasat-biztositja\/#breadcrumb","itemListElement":[{"@type":"ListItem","position":1,"name":"Kezd\u0151lap","item":"https:\/\/dev.kompaktdesign.hu\/hodszolar.hu\/"},{"@type":"ListItem","position":2,"name":"Napelemparkot adtak \u00e1t kedden a Veszpr\u00e9m megyei \u00d6sk\u00fcn. A t\u00edz megawatt teljes\u00edtm\u00e9ny\u0171 er\u0151m\u0171 t\u00f6bb mint \u00f6tezer csal\u00e1d villamosenergia-ell\u00e1t\u00e1s\u00e1t biztos\u00edtja."}]},{"@type":"WebSite","@id":"https:\/\/dev.kompaktdesign.hu\/hodszolar.hu\/#website","url":"https:\/\/dev.kompaktdesign.hu\/hodszolar.hu\/","name":"H\u00f3dszol\u00e1r","description":"A v\u00e1s\u00e1rhelyi napelemes","publisher":{"@id":"https:\/\/dev.kompaktdesign.hu\/hodszolar.hu\/#organization"},"potentialAction":[{"@type":"SearchAction","target":{"@type":"EntryPoint","urlTemplate":"https:\/\/dev.kompaktdesign.hu\/hodszolar.hu\/?s={search_term_string}"},"query-input":"required name=search_term_string"}],"inLanguage":"hu"},{"@type":"Organization","@id":"https:\/\/dev.kompaktdesign.hu\/hodszolar.hu\/#organization","name":"H\u00f3dszol\u00e1r Kft.","url":"https:\/\/dev.kompaktdesign.hu\/hodszolar.hu\/","sameAs":["https:\/\/www.facebook.com\/hodszolar"],"logo":{"@type":"ImageObject","inLanguage":"hu","@id":"https:\/\/dev.kompaktdesign.hu\/hodszolar.hu\/#\/schema\/logo\/image\/","url":"https:\/\/dev.kompaktdesign.hu\/hodszolar.hu\/wp-content\/uploads\/2021\/05\/fvicon.png","contentUrl":"https:\/\/dev.kompaktdesign.hu\/hodszolar.hu\/wp-content\/uploads\/2021\/05\/fvicon.png","width":132,"height":132,"caption":"H\u00f3dszol\u00e1r Kft."},"image":{"@id":"https:\/\/dev.kompaktdesign.hu\/hodszolar.hu\/#\/schema\/logo\/image\/"}},{"@type":"Person","@id":"https:\/\/dev.kompaktdesign.hu\/hodszolar.hu\/#\/schema\/person\/a788af940a3d6b2829396312340dd08c","name":"H\u00f3dszol\u00e1r Kft.","image":{"@type":"ImageObject","inLanguage":"hu","@id":"https:\/\/dev.kompaktdesign.hu\/hodszolar.hu\/#\/schema\/person\/image\/","url":"https:\/\/secure.gravatar.com\/avatar\/38df000db6f2e93b7f0ccccf7714392424ca033738d34dfe71f19fdb70329830?s=96&d=mm&r=g","contentUrl":"https:\/\/secure.gravatar.com\/avatar\/38df000db6f2e93b7f0ccccf7714392424ca033738d34dfe71f19fdb70329830?s=96&d=mm&r=g","caption":"H\u00f3dszol\u00e1r Kft."},"url":"https:\/\/dev.kompaktdesign.hu\/hodszolar.hu\/author\/hodszolar\/"}]}},"_links":{"self":[{"href":"https:\/\/dev.kompaktdesign.hu\/hodszolar.hu\/wp-json\/wp\/v2\/posts\/764","targetHints":{"allow":["GET"]}}],"collection":[{"href":"https:\/\/dev.kompaktdesign.hu\/hodszolar.hu\/wp-json\/wp\/v2\/posts"}],"about":[{"href":"https:\/\/dev.kompaktdesign.hu\/hodszolar.hu\/wp-json\/wp\/v2\/types\/post"}],"author":[{"embeddable":true,"href":"https:\/\/dev.kompaktdesign.hu\/hodszolar.hu\/wp-json\/wp\/v2\/users\/3"}],"replies":[{"embeddable":true,"href":"https:\/\/dev.kompaktdesign.hu\/hodszolar.hu\/wp-json\/wp\/v2\/comments?post=764"}],"version-history":[{"count":1,"href":"https:\/\/dev.kompaktdesign.hu\/hodszolar.hu\/wp-json\/wp\/v2\/posts\/764\/revisions"}],"predecessor-version":[{"id":768,"href":"https:\/\/dev.kompaktdesign.hu\/hodszolar.hu\/wp-json\/wp\/v2\/posts\/764\/revisions\/768"}],"wp:featuredmedia":[{"embeddable":true,"href":"https:\/\/dev.kompaktdesign.hu\/hodszolar.hu\/wp-json\/wp\/v2\/media\/767"}],"wp:attachment":[{"href":"https:\/\/dev.kompaktdesign.hu\/hodszolar.hu\/wp-json\/wp\/v2\/media?parent=764"}],"wp:term":[{"taxonomy":"category","embeddable":true,"href":"https:\/\/dev.kompaktdesign.hu\/hodszolar.hu\/wp-json\/wp\/v2\/categories?post=764"},{"taxonomy":"post_tag","embeddable":true,"href":"https:\/\/dev.kompaktdesign.hu\/hodszolar.hu\/wp-json\/wp\/v2\/tags?post=764"}],"curies":[{"name":"wp","href":"https:\/\/api.w.org\/{rel}","templated":true}]}}