{"id":769,"date":"2021-10-14T11:35:38","date_gmt":"2021-10-14T11:35:38","guid":{"rendered":"https:\/\/hodszolar.hu\/?p=769"},"modified":"2021-10-14T11:35:39","modified_gmt":"2021-10-14T11:35:39","slug":"a-nissan-egy-masik-japan-ceggel-egyutt-a-villanyautok-elhasznalt-akkumulatorainak-ad-munkat","status":"publish","type":"post","link":"https:\/\/dev.kompaktdesign.hu\/hodszolar.hu\/2021\/10\/14\/a-nissan-egy-masik-japan-ceggel-egyutt-a-villanyautok-elhasznalt-akkumulatorainak-ad-munkat\/","title":{"rendered":"A Nissan egy m\u00e1sik jap\u00e1n c\u00e9ggel egy\u00fctt a villanyaut\u00f3k elhaszn\u00e1lt akkumul\u00e1torainak ad munk\u00e1t."},"content":{"rendered":"\n<p>\u00c9lettartamuk sor\u00e1n az elektromos j\u00e1rm\u0171vek sz\u00e9n-dioxid-kibocs\u00e1t\u00e1sa l\u00e9nyegesen kisebb, mint a hagyom\u00e1nyos aut\u00f3k\u00e9 \u2013 viszont a Nissan szerint a val\u00f3di fenntarthat\u00f3s\u00e1g \u00e9rdek\u00e9ben meg kell dupl\u00e1zni ezeknek az akkumul\u00e1toroknak az \u00e9lettartam\u00e1t.<\/p>\n\n\n\n<figure class=\"wp-block-image size-full is-resized\"><img loading=\"lazy\" decoding=\"async\" src=\"https:\/\/dev.kompaktdesign.hu\/hodszolar.hu\/wp-content\/uploads\/2021\/10\/028A000005925022-photo-essai-nissan-leaf-restylee-les-photos-1.jpg\" alt=\"\" class=\"wp-image-771\" width=\"838\" height=\"589\"\/><\/figure>\n\n\n\n<p>A jap\u00e1n aut\u00f3gy\u00e1rt\u00f3 m\u00e1r a tiszt\u00e1n elektromos modell, a Leaf 2010 decemberi piacra dob\u00e1sa el\u0151tt a Sumitomo v\u00e1llalattal k\u00f6z\u00f6sen l\u00e9trehozta a 4R Energy nev\u0171 c\u00e9get, amely az elektromos j\u00e1rm\u0171veinek akkumul\u00e1toroknak az \u00fajragy\u00e1rt\u00e1s\u00e1val, \u00fajrahasznos\u00edt\u00e1s\u00e1val, viszontelad\u00e1s\u00e1val \u00e9s \u00fajrafelhaszn\u00e1l\u00e1s\u00e1val foglalkozik.<\/p>\n\n\n\n<p>A 4R Energy gy\u00e1r\u00e1ban az elhaszn\u00e1lt aut\u00f3akkumul\u00e1torokat oszt\u00e1lyozz\u00e1k. A legjobbak \u201cA\u201d besorol\u00e1st kapnak, majd egy \u00faj, nagy teljes\u00edtm\u00e9ny\u0171 akkumul\u00e1tor egys\u00e9gekben \u00fajra fel lehet haszn\u00e1lni \u0151ket egy \u00faj elektromos j\u00e1rm\u0171h\u00f6z. A \u201cB\u201d besorol\u00e1st kapott akkumul\u00e1torok el\u00e9g nagy teljes\u00edtm\u00e9ny\u0171ek olyan ipari g\u00e9pekhez, mint a targonc\u00e1k \u00e9s a nagy helyhez k\u00f6t\u00f6tt energiat\u00e1rol\u00f3k. P\u00e9ld\u00e1ul otthoni vagy kereskedelmi l\u00e9tes\u00edtm\u00e9nyekbe telep\u00edtve k\u00e9pesek elrakt\u00e1rozni a napenergia \u00e1ltal napk\u00f6zben termelt villamos energia felesleg\u00e9t, majd \u00e9jszaka \u00e1ramell\u00e1t\u00e1st biztos\u00edtani az \u00e9p\u00fcletben. M\u00e9g a \u201cC\u201d besorol\u00e1s\u00fa akkumul\u00e1tor alkatr\u00e9szei is felhaszn\u00e1lhat\u00f3k \u2013 p\u00e9ld\u00e1ul olyan egys\u00e9gekben, amelyek tartal\u00e9k energi\u00e1t szolg\u00e1ltatnak, amikor az elektromos h\u00e1l\u00f3zat meghib\u00e1sodik, p\u00e9ld\u00e1ul \u00e9lelmiszerboltokban, ahol a h\u0171t\u0151szekr\u00e9nyeknek \u00e9s l\u00e1mp\u00e1knak \u00e1ramsz\u00fcnet eset\u00e9n is \u00fczemelni\u00fck kell.<\/p>\n\n\n\n<p>A 4R Energy m\u00e9rn\u00f6kei \u00fagy becs\u00fclik, hogy az \u00fajrafelhaszn\u00e1lt akkumul\u00e1torok \u00e9lettartama k\u00f6r\u00fclbel\u00fcl 10-15 \u00e9v, ami megn\u00f6veli az elektromos j\u00e1rm\u0171vek akkumul\u00e1torainak hasznoss\u00e1g\u00e1t \u00e9s cs\u00f6kkenti azok teljes sz\u00e9n-dioxid-kibocs\u00e1t\u00e1s\u00e1t.<\/p>\n\n\n\n<p>Forr\u00e1s: napi.hu<\/p>\n","protected":false},"excerpt":{"rendered":"<p>\u00c9lettartamuk sor\u00e1n az elektromos j\u00e1rm\u0171vek sz\u00e9n-dioxid-kibocs\u00e1t\u00e1sa l\u00e9nyegesen kisebb, mint a hagyom\u00e1nyos aut\u00f3k\u00e9 \u2013 viszont a Nissan szerint a val\u00f3di fenntarthat\u00f3s\u00e1g \u00e9rdek\u00e9ben meg kell dupl\u00e1zni ezeknek az akkumul\u00e1toroknak az \u00e9lettartam\u00e1t. A jap\u00e1n aut\u00f3gy\u00e1rt\u00f3 m\u00e1r a tiszt\u00e1n elektromos modell, a Leaf 2010 decemberi piacra dob\u00e1sa el\u0151tt a Sumitomo v\u00e1llalattal k\u00f6z\u00f6sen l\u00e9trehozta a 4R Energy nev\u0171 c\u00e9get, amely [&hellip;]<\/p>\n","protected":false},"author":3,"featured_media":770,"comment_status":"open","ping_status":"open","sticky":false,"template":"","format":"standard","meta":{"footnotes":""},"categories":[1],"tags":[],"class_list":["post-769","post","type-post","status-publish","format-standard","has-post-thumbnail","hentry","category-egyeb"],"yoast_head":"<!-- This site is optimized with the Yoast SEO plugin v19.5.1 - https:\/\/yoast.com\/wordpress\/plugins\/seo\/ -->\n<title>A Nissan egy m\u00e1sik jap\u00e1n c\u00e9ggel egy\u00fctt a villanyaut\u00f3k elhaszn\u00e1lt akkumul\u00e1torainak ad munk\u00e1t. | H\u00f3dszol\u00e1r<\/title>\n<meta name=\"robots\" content=\"noindex, follow, max-snippet:-1, max-image-preview:large, max-video-preview:-1\" \/>\n<meta property=\"og:locale\" content=\"hu_HU\" \/>\n<meta property=\"og:type\" content=\"article\" \/>\n<meta property=\"og:title\" content=\"A Nissan egy m\u00e1sik jap\u00e1n c\u00e9ggel egy\u00fctt a villanyaut\u00f3k elhaszn\u00e1lt akkumul\u00e1torainak ad munk\u00e1t. | H\u00f3dszol\u00e1r\" \/>\n<meta property=\"og:description\" content=\"\u00c9lettartamuk sor\u00e1n az elektromos j\u00e1rm\u0171vek sz\u00e9n-dioxid-kibocs\u00e1t\u00e1sa l\u00e9nyegesen kisebb, mint a hagyom\u00e1nyos aut\u00f3k\u00e9 \u2013 viszont a Nissan szerint a val\u00f3di fenntarthat\u00f3s\u00e1g \u00e9rdek\u00e9ben meg kell dupl\u00e1zni ezeknek az akkumul\u00e1toroknak az \u00e9lettartam\u00e1t. A jap\u00e1n aut\u00f3gy\u00e1rt\u00f3 m\u00e1r a tiszt\u00e1n elektromos modell, a Leaf 2010 decemberi piacra dob\u00e1sa el\u0151tt a Sumitomo v\u00e1llalattal k\u00f6z\u00f6sen l\u00e9trehozta a 4R Energy nev\u0171 c\u00e9get, amely [&hellip;]\" \/>\n<meta property=\"og:url\" content=\"https:\/\/dev.kompaktdesign.hu\/hodszolar.hu\/2021\/10\/14\/a-nissan-egy-masik-japan-ceggel-egyutt-a-villanyautok-elhasznalt-akkumulatorainak-ad-munkat\/\" \/>\n<meta property=\"og:site_name\" content=\"H\u00f3dszol\u00e1r\" \/>\n<meta property=\"article:publisher\" content=\"https:\/\/www.facebook.com\/hodszolar\" \/>\n<meta property=\"article:published_time\" content=\"2021-10-14T11:35:38+00:00\" \/>\n<meta property=\"article:modified_time\" content=\"2021-10-14T11:35:39+00:00\" \/>\n<meta property=\"og:image\" content=\"https:\/\/dev.kompaktdesign.hu\/hodszolar.hu\/wp-content\/uploads\/2021\/10\/028A000005925022-photo-essai-nissan-leaf-restylee-les-photos.jpg\" \/>\n\t<meta property=\"og:image:width\" content=\"650\" \/>\n\t<meta property=\"og:image:height\" content=\"457\" \/>\n\t<meta property=\"og:image:type\" content=\"image\/jpeg\" \/>\n<meta name=\"author\" content=\"H\u00f3dszol\u00e1r Kft.\" \/>\n<meta name=\"twitter:card\" content=\"summary_large_image\" \/>\n<meta name=\"twitter:label1\" content=\"Szerz\u0151:\" \/>\n\t<meta name=\"twitter:data1\" content=\"H\u00f3dszol\u00e1r Kft.\" \/>\n\t<meta name=\"twitter:label2\" content=\"Becs\u00fclt olvas\u00e1si id\u0151\" \/>\n\t<meta name=\"twitter:data2\" content=\"2 perc\" \/>\n<script type=\"application\/ld+json\" class=\"yoast-schema-graph\">{\"@context\":\"https:\/\/schema.org\",\"@graph\":[{\"@type\":\"Article\",\"@id\":\"https:\/\/dev.kompaktdesign.hu\/hodszolar.hu\/2021\/10\/14\/a-nissan-egy-masik-japan-ceggel-egyutt-a-villanyautok-elhasznalt-akkumulatorainak-ad-munkat\/#article\",\"isPartOf\":{\"@id\":\"https:\/\/dev.kompaktdesign.hu\/hodszolar.hu\/2021\/10\/14\/a-nissan-egy-masik-japan-ceggel-egyutt-a-villanyautok-elhasznalt-akkumulatorainak-ad-munkat\/\"},\"author\":{\"name\":\"H\u00f3dszol\u00e1r Kft.\",\"@id\":\"https:\/\/dev.kompaktdesign.hu\/hodszolar.hu\/#\/schema\/person\/a788af940a3d6b2829396312340dd08c\"},\"headline\":\"A Nissan egy m\u00e1sik jap\u00e1n c\u00e9ggel egy\u00fctt a villanyaut\u00f3k elhaszn\u00e1lt akkumul\u00e1torainak ad munk\u00e1t.\",\"datePublished\":\"2021-10-14T11:35:38+00:00\",\"dateModified\":\"2021-10-14T11:35:39+00:00\",\"mainEntityOfPage\":{\"@id\":\"https:\/\/dev.kompaktdesign.hu\/hodszolar.hu\/2021\/10\/14\/a-nissan-egy-masik-japan-ceggel-egyutt-a-villanyautok-elhasznalt-akkumulatorainak-ad-munkat\/\"},\"wordCount\":346,\"commentCount\":0,\"publisher\":{\"@id\":\"https:\/\/dev.kompaktdesign.hu\/hodszolar.hu\/#organization\"},\"articleSection\":[\"Egy\u00e9b kateg\u00f3ria\"],\"inLanguage\":\"hu\",\"potentialAction\":[{\"@type\":\"CommentAction\",\"name\":\"Comment\",\"target\":[\"https:\/\/dev.kompaktdesign.hu\/hodszolar.hu\/2021\/10\/14\/a-nissan-egy-masik-japan-ceggel-egyutt-a-villanyautok-elhasznalt-akkumulatorainak-ad-munkat\/#respond\"]}]},{\"@type\":\"WebPage\",\"@id\":\"https:\/\/dev.kompaktdesign.hu\/hodszolar.hu\/2021\/10\/14\/a-nissan-egy-masik-japan-ceggel-egyutt-a-villanyautok-elhasznalt-akkumulatorainak-ad-munkat\/\",\"url\":\"https:\/\/dev.kompaktdesign.hu\/hodszolar.hu\/2021\/10\/14\/a-nissan-egy-masik-japan-ceggel-egyutt-a-villanyautok-elhasznalt-akkumulatorainak-ad-munkat\/\",\"name\":\"A Nissan egy m\u00e1sik jap\u00e1n c\u00e9ggel egy\u00fctt a villanyaut\u00f3k elhaszn\u00e1lt akkumul\u00e1torainak ad munk\u00e1t. | H\u00f3dszol\u00e1r\",\"isPartOf\":{\"@id\":\"https:\/\/dev.kompaktdesign.hu\/hodszolar.hu\/#website\"},\"datePublished\":\"2021-10-14T11:35:38+00:00\",\"dateModified\":\"2021-10-14T11:35:39+00:00\",\"breadcrumb\":{\"@id\":\"https:\/\/dev.kompaktdesign.hu\/hodszolar.hu\/2021\/10\/14\/a-nissan-egy-masik-japan-ceggel-egyutt-a-villanyautok-elhasznalt-akkumulatorainak-ad-munkat\/#breadcrumb\"},\"inLanguage\":\"hu\",\"potentialAction\":[{\"@type\":\"ReadAction\",\"target\":[\"https:\/\/dev.kompaktdesign.hu\/hodszolar.hu\/2021\/10\/14\/a-nissan-egy-masik-japan-ceggel-egyutt-a-villanyautok-elhasznalt-akkumulatorainak-ad-munkat\/\"]}]},{\"@type\":\"BreadcrumbList\",\"@id\":\"https:\/\/dev.kompaktdesign.hu\/hodszolar.hu\/2021\/10\/14\/a-nissan-egy-masik-japan-ceggel-egyutt-a-villanyautok-elhasznalt-akkumulatorainak-ad-munkat\/#breadcrumb\",\"itemListElement\":[{\"@type\":\"ListItem\",\"position\":1,\"name\":\"Kezd\u0151lap\",\"item\":\"https:\/\/dev.kompaktdesign.hu\/hodszolar.hu\/\"},{\"@type\":\"ListItem\",\"position\":2,\"name\":\"A Nissan egy m\u00e1sik jap\u00e1n c\u00e9ggel egy\u00fctt a villanyaut\u00f3k elhaszn\u00e1lt akkumul\u00e1torainak ad munk\u00e1t.\"}]},{\"@type\":\"WebSite\",\"@id\":\"https:\/\/dev.kompaktdesign.hu\/hodszolar.hu\/#website\",\"url\":\"https:\/\/dev.kompaktdesign.hu\/hodszolar.hu\/\",\"name\":\"H\u00f3dszol\u00e1r\",\"description\":\"A v\u00e1s\u00e1rhelyi napelemes\",\"publisher\":{\"@id\":\"https:\/\/dev.kompaktdesign.hu\/hodszolar.hu\/#organization\"},\"potentialAction\":[{\"@type\":\"SearchAction\",\"target\":{\"@type\":\"EntryPoint\",\"urlTemplate\":\"https:\/\/dev.kompaktdesign.hu\/hodszolar.hu\/?s={search_term_string}\"},\"query-input\":\"required name=search_term_string\"}],\"inLanguage\":\"hu\"},{\"@type\":\"Organization\",\"@id\":\"https:\/\/dev.kompaktdesign.hu\/hodszolar.hu\/#organization\",\"name\":\"H\u00f3dszol\u00e1r Kft.\",\"url\":\"https:\/\/dev.kompaktdesign.hu\/hodszolar.hu\/\",\"sameAs\":[\"https:\/\/www.facebook.com\/hodszolar\"],\"logo\":{\"@type\":\"ImageObject\",\"inLanguage\":\"hu\",\"@id\":\"https:\/\/dev.kompaktdesign.hu\/hodszolar.hu\/#\/schema\/logo\/image\/\",\"url\":\"https:\/\/dev.kompaktdesign.hu\/hodszolar.hu\/wp-content\/uploads\/2021\/05\/fvicon.png\",\"contentUrl\":\"https:\/\/dev.kompaktdesign.hu\/hodszolar.hu\/wp-content\/uploads\/2021\/05\/fvicon.png\",\"width\":132,\"height\":132,\"caption\":\"H\u00f3dszol\u00e1r Kft.\"},\"image\":{\"@id\":\"https:\/\/dev.kompaktdesign.hu\/hodszolar.hu\/#\/schema\/logo\/image\/\"}},{\"@type\":\"Person\",\"@id\":\"https:\/\/dev.kompaktdesign.hu\/hodszolar.hu\/#\/schema\/person\/a788af940a3d6b2829396312340dd08c\",\"name\":\"H\u00f3dszol\u00e1r Kft.\",\"image\":{\"@type\":\"ImageObject\",\"inLanguage\":\"hu\",\"@id\":\"https:\/\/dev.kompaktdesign.hu\/hodszolar.hu\/#\/schema\/person\/image\/\",\"url\":\"https:\/\/secure.gravatar.com\/avatar\/38df000db6f2e93b7f0ccccf7714392424ca033738d34dfe71f19fdb70329830?s=96&d=mm&r=g\",\"contentUrl\":\"https:\/\/secure.gravatar.com\/avatar\/38df000db6f2e93b7f0ccccf7714392424ca033738d34dfe71f19fdb70329830?s=96&d=mm&r=g\",\"caption\":\"H\u00f3dszol\u00e1r Kft.\"},\"url\":\"https:\/\/dev.kompaktdesign.hu\/hodszolar.hu\/author\/hodszolar\/\"}]}<\/script>\n<!-- \/ Yoast SEO plugin. -->","yoast_head_json":{"title":"A Nissan egy m\u00e1sik jap\u00e1n c\u00e9ggel egy\u00fctt a villanyaut\u00f3k elhaszn\u00e1lt akkumul\u00e1torainak ad munk\u00e1t. | H\u00f3dszol\u00e1r","robots":{"index":"noindex","follow":"follow","max-snippet":"max-snippet:-1","max-image-preview":"max-image-preview:large","max-video-preview":"max-video-preview:-1"},"og_locale":"hu_HU","og_type":"article","og_title":"A Nissan egy m\u00e1sik jap\u00e1n c\u00e9ggel egy\u00fctt a villanyaut\u00f3k elhaszn\u00e1lt akkumul\u00e1torainak ad munk\u00e1t. | H\u00f3dszol\u00e1r","og_description":"\u00c9lettartamuk sor\u00e1n az elektromos j\u00e1rm\u0171vek sz\u00e9n-dioxid-kibocs\u00e1t\u00e1sa l\u00e9nyegesen kisebb, mint a hagyom\u00e1nyos aut\u00f3k\u00e9 \u2013 viszont a Nissan szerint a val\u00f3di fenntarthat\u00f3s\u00e1g \u00e9rdek\u00e9ben meg kell dupl\u00e1zni ezeknek az akkumul\u00e1toroknak az \u00e9lettartam\u00e1t. A jap\u00e1n aut\u00f3gy\u00e1rt\u00f3 m\u00e1r a tiszt\u00e1n elektromos modell, a Leaf 2010 decemberi piacra dob\u00e1sa el\u0151tt a Sumitomo v\u00e1llalattal k\u00f6z\u00f6sen l\u00e9trehozta a 4R Energy nev\u0171 c\u00e9get, amely [&hellip;]","og_url":"https:\/\/dev.kompaktdesign.hu\/hodszolar.hu\/2021\/10\/14\/a-nissan-egy-masik-japan-ceggel-egyutt-a-villanyautok-elhasznalt-akkumulatorainak-ad-munkat\/","og_site_name":"H\u00f3dszol\u00e1r","article_publisher":"https:\/\/www.facebook.com\/hodszolar","article_published_time":"2021-10-14T11:35:38+00:00","article_modified_time":"2021-10-14T11:35:39+00:00","og_image":[{"width":650,"height":457,"url":"https:\/\/dev.kompaktdesign.hu\/hodszolar.hu\/wp-content\/uploads\/2021\/10\/028A000005925022-photo-essai-nissan-leaf-restylee-les-photos.jpg","type":"image\/jpeg"}],"author":"H\u00f3dszol\u00e1r Kft.","twitter_card":"summary_large_image","twitter_misc":{"Szerz\u0151:":"H\u00f3dszol\u00e1r Kft.","Becs\u00fclt olvas\u00e1si id\u0151":"2 perc"},"schema":{"@context":"https:\/\/schema.org","@graph":[{"@type":"Article","@id":"https:\/\/dev.kompaktdesign.hu\/hodszolar.hu\/2021\/10\/14\/a-nissan-egy-masik-japan-ceggel-egyutt-a-villanyautok-elhasznalt-akkumulatorainak-ad-munkat\/#article","isPartOf":{"@id":"https:\/\/dev.kompaktdesign.hu\/hodszolar.hu\/2021\/10\/14\/a-nissan-egy-masik-japan-ceggel-egyutt-a-villanyautok-elhasznalt-akkumulatorainak-ad-munkat\/"},"author":{"name":"H\u00f3dszol\u00e1r Kft.","@id":"https:\/\/dev.kompaktdesign.hu\/hodszolar.hu\/#\/schema\/person\/a788af940a3d6b2829396312340dd08c"},"headline":"A Nissan egy m\u00e1sik jap\u00e1n c\u00e9ggel egy\u00fctt a villanyaut\u00f3k elhaszn\u00e1lt akkumul\u00e1torainak ad munk\u00e1t.","datePublished":"2021-10-14T11:35:38+00:00","dateModified":"2021-10-14T11:35:39+00:00","mainEntityOfPage":{"@id":"https:\/\/dev.kompaktdesign.hu\/hodszolar.hu\/2021\/10\/14\/a-nissan-egy-masik-japan-ceggel-egyutt-a-villanyautok-elhasznalt-akkumulatorainak-ad-munkat\/"},"wordCount":346,"commentCount":0,"publisher":{"@id":"https:\/\/dev.kompaktdesign.hu\/hodszolar.hu\/#organization"},"articleSection":["Egy\u00e9b kateg\u00f3ria"],"inLanguage":"hu","potentialAction":[{"@type":"CommentAction","name":"Comment","target":["https:\/\/dev.kompaktdesign.hu\/hodszolar.hu\/2021\/10\/14\/a-nissan-egy-masik-japan-ceggel-egyutt-a-villanyautok-elhasznalt-akkumulatorainak-ad-munkat\/#respond"]}]},{"@type":"WebPage","@id":"https:\/\/dev.kompaktdesign.hu\/hodszolar.hu\/2021\/10\/14\/a-nissan-egy-masik-japan-ceggel-egyutt-a-villanyautok-elhasznalt-akkumulatorainak-ad-munkat\/","url":"https:\/\/dev.kompaktdesign.hu\/hodszolar.hu\/2021\/10\/14\/a-nissan-egy-masik-japan-ceggel-egyutt-a-villanyautok-elhasznalt-akkumulatorainak-ad-munkat\/","name":"A Nissan egy m\u00e1sik jap\u00e1n c\u00e9ggel egy\u00fctt a villanyaut\u00f3k elhaszn\u00e1lt akkumul\u00e1torainak ad munk\u00e1t. | H\u00f3dszol\u00e1r","isPartOf":{"@id":"https:\/\/dev.kompaktdesign.hu\/hodszolar.hu\/#website"},"datePublished":"2021-10-14T11:35:38+00:00","dateModified":"2021-10-14T11:35:39+00:00","breadcrumb":{"@id":"https:\/\/dev.kompaktdesign.hu\/hodszolar.hu\/2021\/10\/14\/a-nissan-egy-masik-japan-ceggel-egyutt-a-villanyautok-elhasznalt-akkumulatorainak-ad-munkat\/#breadcrumb"},"inLanguage":"hu","potentialAction":[{"@type":"ReadAction","target":["https:\/\/dev.kompaktdesign.hu\/hodszolar.hu\/2021\/10\/14\/a-nissan-egy-masik-japan-ceggel-egyutt-a-villanyautok-elhasznalt-akkumulatorainak-ad-munkat\/"]}]},{"@type":"BreadcrumbList","@id":"https:\/\/dev.kompaktdesign.hu\/hodszolar.hu\/2021\/10\/14\/a-nissan-egy-masik-japan-ceggel-egyutt-a-villanyautok-elhasznalt-akkumulatorainak-ad-munkat\/#breadcrumb","itemListElement":[{"@type":"ListItem","position":1,"name":"Kezd\u0151lap","item":"https:\/\/dev.kompaktdesign.hu\/hodszolar.hu\/"},{"@type":"ListItem","position":2,"name":"A Nissan egy m\u00e1sik jap\u00e1n c\u00e9ggel egy\u00fctt a villanyaut\u00f3k elhaszn\u00e1lt akkumul\u00e1torainak ad munk\u00e1t."}]},{"@type":"WebSite","@id":"https:\/\/dev.kompaktdesign.hu\/hodszolar.hu\/#website","url":"https:\/\/dev.kompaktdesign.hu\/hodszolar.hu\/","name":"H\u00f3dszol\u00e1r","description":"A v\u00e1s\u00e1rhelyi napelemes","publisher":{"@id":"https:\/\/dev.kompaktdesign.hu\/hodszolar.hu\/#organization"},"potentialAction":[{"@type":"SearchAction","target":{"@type":"EntryPoint","urlTemplate":"https:\/\/dev.kompaktdesign.hu\/hodszolar.hu\/?s={search_term_string}"},"query-input":"required name=search_term_string"}],"inLanguage":"hu"},{"@type":"Organization","@id":"https:\/\/dev.kompaktdesign.hu\/hodszolar.hu\/#organization","name":"H\u00f3dszol\u00e1r Kft.","url":"https:\/\/dev.kompaktdesign.hu\/hodszolar.hu\/","sameAs":["https:\/\/www.facebook.com\/hodszolar"],"logo":{"@type":"ImageObject","inLanguage":"hu","@id":"https:\/\/dev.kompaktdesign.hu\/hodszolar.hu\/#\/schema\/logo\/image\/","url":"https:\/\/dev.kompaktdesign.hu\/hodszolar.hu\/wp-content\/uploads\/2021\/05\/fvicon.png","contentUrl":"https:\/\/dev.kompaktdesign.hu\/hodszolar.hu\/wp-content\/uploads\/2021\/05\/fvicon.png","width":132,"height":132,"caption":"H\u00f3dszol\u00e1r Kft."},"image":{"@id":"https:\/\/dev.kompaktdesign.hu\/hodszolar.hu\/#\/schema\/logo\/image\/"}},{"@type":"Person","@id":"https:\/\/dev.kompaktdesign.hu\/hodszolar.hu\/#\/schema\/person\/a788af940a3d6b2829396312340dd08c","name":"H\u00f3dszol\u00e1r Kft.","image":{"@type":"ImageObject","inLanguage":"hu","@id":"https:\/\/dev.kompaktdesign.hu\/hodszolar.hu\/#\/schema\/person\/image\/","url":"https:\/\/secure.gravatar.com\/avatar\/38df000db6f2e93b7f0ccccf7714392424ca033738d34dfe71f19fdb70329830?s=96&d=mm&r=g","contentUrl":"https:\/\/secure.gravatar.com\/avatar\/38df000db6f2e93b7f0ccccf7714392424ca033738d34dfe71f19fdb70329830?s=96&d=mm&r=g","caption":"H\u00f3dszol\u00e1r Kft."},"url":"https:\/\/dev.kompaktdesign.hu\/hodszolar.hu\/author\/hodszolar\/"}]}},"_links":{"self":[{"href":"https:\/\/dev.kompaktdesign.hu\/hodszolar.hu\/wp-json\/wp\/v2\/posts\/769","targetHints":{"allow":["GET"]}}],"collection":[{"href":"https:\/\/dev.kompaktdesign.hu\/hodszolar.hu\/wp-json\/wp\/v2\/posts"}],"about":[{"href":"https:\/\/dev.kompaktdesign.hu\/hodszolar.hu\/wp-json\/wp\/v2\/types\/post"}],"author":[{"embeddable":true,"href":"https:\/\/dev.kompaktdesign.hu\/hodszolar.hu\/wp-json\/wp\/v2\/users\/3"}],"replies":[{"embeddable":true,"href":"https:\/\/dev.kompaktdesign.hu\/hodszolar.hu\/wp-json\/wp\/v2\/comments?post=769"}],"version-history":[{"count":1,"href":"https:\/\/dev.kompaktdesign.hu\/hodszolar.hu\/wp-json\/wp\/v2\/posts\/769\/revisions"}],"predecessor-version":[{"id":772,"href":"https:\/\/dev.kompaktdesign.hu\/hodszolar.hu\/wp-json\/wp\/v2\/posts\/769\/revisions\/772"}],"wp:featuredmedia":[{"embeddable":true,"href":"https:\/\/dev.kompaktdesign.hu\/hodszolar.hu\/wp-json\/wp\/v2\/media\/770"}],"wp:attachment":[{"href":"https:\/\/dev.kompaktdesign.hu\/hodszolar.hu\/wp-json\/wp\/v2\/media?parent=769"}],"wp:term":[{"taxonomy":"category","embeddable":true,"href":"https:\/\/dev.kompaktdesign.hu\/hodszolar.hu\/wp-json\/wp\/v2\/categories?post=769"},{"taxonomy":"post_tag","embeddable":true,"href":"https:\/\/dev.kompaktdesign.hu\/hodszolar.hu\/wp-json\/wp\/v2\/tags?post=769"}],"curies":[{"name":"wp","href":"https:\/\/api.w.org\/{rel}","templated":true}]}}