{"id":773,"date":"2021-10-15T08:02:19","date_gmt":"2021-10-15T08:02:19","guid":{"rendered":"https:\/\/hodszolar.hu\/?p=773"},"modified":"2021-10-15T08:02:19","modified_gmt":"2021-10-15T08:02:19","slug":"a-jovo-energiataroloit-teszteli-az-mvm-csoport","status":"publish","type":"post","link":"https:\/\/dev.kompaktdesign.hu\/hodszolar.hu\/2021\/10\/15\/a-jovo-energiataroloit-teszteli-az-mvm-csoport\/","title":{"rendered":"A j\u00f6v\u0151 energiat\u00e1rol\u00f3it teszteli az MVM Csoport"},"content":{"rendered":"\n<p><strong>Az MVM D\u00e9m\u00e1sz h\u00e1l\u00f3zat\u00e1n h\u00e1rom, \u00f6sszesen 2000 kilowatt\u00f3ra kapacit\u00e1s\u00fa energiat\u00e1rol\u00f3t tesztel az MVM Csoport.<\/strong><\/p>\n\n\n\n<p>H\u00e1rom energiat\u00e1rol\u00e1si pilotprojektet ind\u00edtott el az MVM D\u00e9m\u00e1sz \u00c1ramh\u00e1l\u00f3zati Kft. Az MVM Csoport h\u00e1l\u00f3zati c\u00e9g\u00e9ben alkalmazott k\u00eds\u00e9rleti rendszerek c\u00e9lja, hogy jav\u00edts\u00e1k a szolg\u00e1ltat\u00e1smin\u0151s\u00e9get, illetve stabiliz\u00e1lj\u00e1k a villamosenergia-h\u00e1l\u00f3zatok fesz\u00fclts\u00e9g\u00e9t.&nbsp;<\/p>\n\n\n\n<p>A t\u00e1rsas\u00e1g k\u00e9t energiat\u00e1rol\u00f3ja kisfesz\u00fclts\u00e9g\u0171 (0,4 kilovoltos \u2013 kV) h\u00e1l\u00f3zatra, egy pedig k\u00f6z\u00e9pfesz\u00fclts\u00e9gre (22 kV) csatlakozik. A kisfesz\u00fclts\u00e9g\u0171 t\u00e1rol\u00f3k Kecelen \u00e9s Zsomb\u00f3n l\u00e9tes\u00fcltek, 30 kilowatt (kW) teljes\u00edtm\u00e9ny\u0171 \u00e9s 140 kilowatt\u00f3ra (kWh) kapacit\u00e1s\u00fa egys\u00e9gek. C\u00e9ljuk a kisfesz\u00fclts\u00e9g\u0171 h\u00e1l\u00f3zatra csatlakoz\u00f3, mind t\u00f6bb h\u00e1ztart\u00e1si m\u00e9ret\u0171 kiser\u0151m\u0171 (HMKE) okozta h\u00e1l\u00f3zati anom\u00e1lia stabiliz\u00e1l\u00e1sa. A k\u00f6z\u00e9pfesz\u00fclts\u00e9g\u0171 t\u00e1rol\u00f3 F\u00f6lde\u00e1k telep\u00fcl\u00e9s k\u00fclter\u00fclet\u00e9n \u00e9p\u00fclt, 500 kW teljes\u00edtm\u00e9ny\u0171 \u00e9s 1600 kWh kapacit\u00e1s\u00fa berendez\u00e9s, amelyen kereszt\u00fcl a nagyobb teljes\u00edtm\u00e9ny\u0171 naper\u0151m\u0171vek h\u00e1l\u00f3zati energiacs\u00facsai sim\u00edthat\u00f3k ki.<\/p>\n\n\n\n<p><em>\u201eA t\u00e1rol\u00f3k egyel\u0151re k\u00eds\u00e9rleti jelleggel \u00e9p\u00fcltek, sz\u00e9lesebb k\u00f6r\u0171 alkalmaz\u00e1sukr\u00f3l a m\u0171k\u00f6d\u00e9si tapasztalatok begy\u0171jt\u00e9se \u00e9s \u00e9rt\u00e9kel\u00e9se alapj\u00e1n d\u00f6nt majd t\u00e1rsas\u00e1gunk. Az eddigi eredm\u00e9nyek biztat\u00f3k, megfelel\u0151 finansz\u00edroz\u00e1si forr\u00e1s rendelkez\u00e9sre \u00e1ll\u00e1sa, illetve a piaci k\u00f6rnyezet v\u00e1ltoz\u00e1sa eset\u00e9n ezek sz\u00e9les k\u00f6r\u0171 kiterjeszt\u00e9se megval\u00f3s\u00edthat\u00f3. Mindenk\u00e9ppen \u00e1tt\u00f6r\u00e9st jelenthetnek a meg\u00fajul\u00f3 alap\u00fa termel\u00e9sben is\u201d<\/em> \u2013 mondta Alk\u00e9r Zolt\u00e1n, az MVM Zrt. infrastrukt\u00fara vez\u00e9rigazgat\u00f3-helyettese.<\/p>\n\n\n\n<p>A villamos h\u00e1l\u00f3zati t\u00e1rsas\u00e1goknak jelent\u0151s t\u00f6bblet feladatot \u00e9s k\u00f6lts\u00e9get jelent a napelemes termel\u0151 kapacit\u00e1sok h\u00e1l\u00f3zatra csatlakoztat\u00e1sa. Az \u00edgy megtermelt energi\u00e1t \u00fagy kell fogadni \u00e9s elosztani, hogy az ell\u00e1t\u00e1s sz\u00ednvonala ne cs\u00f6kkenjen, a fogyaszt\u00f3k sz\u00e1m\u00e1ra ne okozzon semmilyen v\u00e1ltoz\u00e1st a meg\u00fajul\u00f3 \u00e1ram rendszerbe ker\u00fcl\u00e9se. Az id\u0151j\u00e1r\u00e1st\u00f3l f\u00fcgg\u0151en termel\u0151,meg\u00fajul\u00f3s egys\u00e9gek sok esetben nehezen el\u0151re jelezhet\u0151 termel\u00e9se a kl\u00edmav\u00e1ltoz\u00e1s hat\u00e1sai miatt m\u00e9g ink\u00e1bb hull\u00e1mz\u00f3v\u00e1 v\u00e1lik, ami kih\u00edv\u00e1st jelent a kiegyens\u00falyozott szolg\u00e1ltat\u00e1s biztos\u00edt\u00e1s\u00e1ban. Mindek\u00f6zben a vil\u00e1g \u2013 \u00e9s benne Magyarorsz\u00e1g \u2013 \u00e1ramfogyaszt\u00e1sa folyamatosan emelkedik. A probl\u00e9m\u00e1ra az energiat\u00e1rol\u00e1s lehet az egyik leghat\u00e9konyabb megold\u00e1s, az elm\u00e9letben vagy gyakorlatban rendelkez\u00e9sre \u00e1ll\u00f3 technol\u00f3gi\u00e1k nagy volumen\u0171 alkalmaz\u00e1s\u00e1t azonban sz\u00e9les k\u00f6r\u0171 teszteknek kell megel\u0151zni\u00fck. Az MVM innovat\u00edv pilotprojektje a teljes ipar\u00e1g sz\u00e1m\u00e1ra komoly tanuls\u00e1gokkal szolg\u00e1l a k\u00f6vetkez\u0151 id\u0151szakban.<\/p>\n","protected":false},"excerpt":{"rendered":"<p>Az MVM D\u00e9m\u00e1sz h\u00e1l\u00f3zat\u00e1n h\u00e1rom, \u00f6sszesen 2000 kilowatt\u00f3ra kapacit\u00e1s\u00fa energiat\u00e1rol\u00f3t tesztel az MVM Csoport. H\u00e1rom energiat\u00e1rol\u00e1si pilotprojektet ind\u00edtott el az MVM D\u00e9m\u00e1sz \u00c1ramh\u00e1l\u00f3zati Kft. Az MVM Csoport h\u00e1l\u00f3zati c\u00e9g\u00e9ben alkalmazott k\u00eds\u00e9rleti rendszerek c\u00e9lja, hogy jav\u00edts\u00e1k a szolg\u00e1ltat\u00e1smin\u0151s\u00e9get, illetve stabiliz\u00e1lj\u00e1k a villamosenergia-h\u00e1l\u00f3zatok fesz\u00fclts\u00e9g\u00e9t.&nbsp; A t\u00e1rsas\u00e1g k\u00e9t energiat\u00e1rol\u00f3ja kisfesz\u00fclts\u00e9g\u0171 (0,4 kilovoltos \u2013 kV) h\u00e1l\u00f3zatra, egy pedig k\u00f6z\u00e9pfesz\u00fclts\u00e9gre [&hellip;]<\/p>\n","protected":false},"author":3,"featured_media":774,"comment_status":"open","ping_status":"open","sticky":false,"template":"","format":"standard","meta":{"footnotes":""},"categories":[1],"tags":[],"class_list":["post-773","post","type-post","status-publish","format-standard","has-post-thumbnail","hentry","category-egyeb"],"yoast_head":"<!-- This site is optimized with the Yoast SEO plugin v19.5.1 - https:\/\/yoast.com\/wordpress\/plugins\/seo\/ -->\n<title>A j\u00f6v\u0151 energiat\u00e1rol\u00f3it teszteli az MVM Csoport | H\u00f3dszol\u00e1r<\/title>\n<meta name=\"robots\" content=\"noindex, follow, max-snippet:-1, max-image-preview:large, max-video-preview:-1\" \/>\n<meta property=\"og:locale\" content=\"hu_HU\" \/>\n<meta property=\"og:type\" content=\"article\" \/>\n<meta property=\"og:title\" content=\"A j\u00f6v\u0151 energiat\u00e1rol\u00f3it teszteli az MVM Csoport | H\u00f3dszol\u00e1r\" \/>\n<meta property=\"og:description\" content=\"Az MVM D\u00e9m\u00e1sz h\u00e1l\u00f3zat\u00e1n h\u00e1rom, \u00f6sszesen 2000 kilowatt\u00f3ra kapacit\u00e1s\u00fa energiat\u00e1rol\u00f3t tesztel az MVM Csoport. H\u00e1rom energiat\u00e1rol\u00e1si pilotprojektet ind\u00edtott el az MVM D\u00e9m\u00e1sz \u00c1ramh\u00e1l\u00f3zati Kft. Az MVM Csoport h\u00e1l\u00f3zati c\u00e9g\u00e9ben alkalmazott k\u00eds\u00e9rleti rendszerek c\u00e9lja, hogy jav\u00edts\u00e1k a szolg\u00e1ltat\u00e1smin\u0151s\u00e9get, illetve stabiliz\u00e1lj\u00e1k a villamosenergia-h\u00e1l\u00f3zatok fesz\u00fclts\u00e9g\u00e9t.&nbsp; A t\u00e1rsas\u00e1g k\u00e9t energiat\u00e1rol\u00f3ja kisfesz\u00fclts\u00e9g\u0171 (0,4 kilovoltos \u2013 kV) h\u00e1l\u00f3zatra, egy pedig k\u00f6z\u00e9pfesz\u00fclts\u00e9gre [&hellip;]\" \/>\n<meta property=\"og:url\" content=\"https:\/\/dev.kompaktdesign.hu\/hodszolar.hu\/2021\/10\/15\/a-jovo-energiataroloit-teszteli-az-mvm-csoport\/\" \/>\n<meta property=\"og:site_name\" content=\"H\u00f3dszol\u00e1r\" \/>\n<meta property=\"article:publisher\" content=\"https:\/\/www.facebook.com\/hodszolar\" \/>\n<meta property=\"article:published_time\" content=\"2021-10-15T08:02:19+00:00\" \/>\n<meta property=\"og:image\" content=\"https:\/\/dev.kompaktdesign.hu\/hodszolar.hu\/wp-content\/uploads\/2021\/10\/b-tts20210605013-3-472024.jpg\" \/>\n\t<meta property=\"og:image:width\" content=\"1920\" \/>\n\t<meta property=\"og:image:height\" content=\"1080\" \/>\n\t<meta property=\"og:image:type\" content=\"image\/jpeg\" \/>\n<meta name=\"author\" content=\"H\u00f3dszol\u00e1r Kft.\" \/>\n<meta name=\"twitter:card\" content=\"summary_large_image\" \/>\n<meta name=\"twitter:label1\" content=\"Szerz\u0151:\" \/>\n\t<meta name=\"twitter:data1\" content=\"H\u00f3dszol\u00e1r Kft.\" \/>\n\t<meta name=\"twitter:label2\" content=\"Becs\u00fclt olvas\u00e1si id\u0151\" \/>\n\t<meta name=\"twitter:data2\" content=\"2 perc\" \/>\n<script type=\"application\/ld+json\" class=\"yoast-schema-graph\">{\"@context\":\"https:\/\/schema.org\",\"@graph\":[{\"@type\":\"Article\",\"@id\":\"https:\/\/dev.kompaktdesign.hu\/hodszolar.hu\/2021\/10\/15\/a-jovo-energiataroloit-teszteli-az-mvm-csoport\/#article\",\"isPartOf\":{\"@id\":\"https:\/\/dev.kompaktdesign.hu\/hodszolar.hu\/2021\/10\/15\/a-jovo-energiataroloit-teszteli-az-mvm-csoport\/\"},\"author\":{\"name\":\"H\u00f3dszol\u00e1r Kft.\",\"@id\":\"https:\/\/dev.kompaktdesign.hu\/hodszolar.hu\/#\/schema\/person\/a788af940a3d6b2829396312340dd08c\"},\"headline\":\"A j\u00f6v\u0151 energiat\u00e1rol\u00f3it teszteli az MVM Csoport\",\"datePublished\":\"2021-10-15T08:02:19+00:00\",\"dateModified\":\"2021-10-15T08:02:19+00:00\",\"mainEntityOfPage\":{\"@id\":\"https:\/\/dev.kompaktdesign.hu\/hodszolar.hu\/2021\/10\/15\/a-jovo-energiataroloit-teszteli-az-mvm-csoport\/\"},\"wordCount\":524,\"commentCount\":0,\"publisher\":{\"@id\":\"https:\/\/dev.kompaktdesign.hu\/hodszolar.hu\/#organization\"},\"articleSection\":[\"Egy\u00e9b kateg\u00f3ria\"],\"inLanguage\":\"hu\",\"potentialAction\":[{\"@type\":\"CommentAction\",\"name\":\"Comment\",\"target\":[\"https:\/\/dev.kompaktdesign.hu\/hodszolar.hu\/2021\/10\/15\/a-jovo-energiataroloit-teszteli-az-mvm-csoport\/#respond\"]}]},{\"@type\":\"WebPage\",\"@id\":\"https:\/\/dev.kompaktdesign.hu\/hodszolar.hu\/2021\/10\/15\/a-jovo-energiataroloit-teszteli-az-mvm-csoport\/\",\"url\":\"https:\/\/dev.kompaktdesign.hu\/hodszolar.hu\/2021\/10\/15\/a-jovo-energiataroloit-teszteli-az-mvm-csoport\/\",\"name\":\"A j\u00f6v\u0151 energiat\u00e1rol\u00f3it teszteli az MVM Csoport | H\u00f3dszol\u00e1r\",\"isPartOf\":{\"@id\":\"https:\/\/dev.kompaktdesign.hu\/hodszolar.hu\/#website\"},\"datePublished\":\"2021-10-15T08:02:19+00:00\",\"dateModified\":\"2021-10-15T08:02:19+00:00\",\"breadcrumb\":{\"@id\":\"https:\/\/dev.kompaktdesign.hu\/hodszolar.hu\/2021\/10\/15\/a-jovo-energiataroloit-teszteli-az-mvm-csoport\/#breadcrumb\"},\"inLanguage\":\"hu\",\"potentialAction\":[{\"@type\":\"ReadAction\",\"target\":[\"https:\/\/dev.kompaktdesign.hu\/hodszolar.hu\/2021\/10\/15\/a-jovo-energiataroloit-teszteli-az-mvm-csoport\/\"]}]},{\"@type\":\"BreadcrumbList\",\"@id\":\"https:\/\/dev.kompaktdesign.hu\/hodszolar.hu\/2021\/10\/15\/a-jovo-energiataroloit-teszteli-az-mvm-csoport\/#breadcrumb\",\"itemListElement\":[{\"@type\":\"ListItem\",\"position\":1,\"name\":\"Kezd\u0151lap\",\"item\":\"https:\/\/dev.kompaktdesign.hu\/hodszolar.hu\/\"},{\"@type\":\"ListItem\",\"position\":2,\"name\":\"A j\u00f6v\u0151 energiat\u00e1rol\u00f3it teszteli az MVM Csoport\"}]},{\"@type\":\"WebSite\",\"@id\":\"https:\/\/dev.kompaktdesign.hu\/hodszolar.hu\/#website\",\"url\":\"https:\/\/dev.kompaktdesign.hu\/hodszolar.hu\/\",\"name\":\"H\u00f3dszol\u00e1r\",\"description\":\"A v\u00e1s\u00e1rhelyi napelemes\",\"publisher\":{\"@id\":\"https:\/\/dev.kompaktdesign.hu\/hodszolar.hu\/#organization\"},\"potentialAction\":[{\"@type\":\"SearchAction\",\"target\":{\"@type\":\"EntryPoint\",\"urlTemplate\":\"https:\/\/dev.kompaktdesign.hu\/hodszolar.hu\/?s={search_term_string}\"},\"query-input\":\"required name=search_term_string\"}],\"inLanguage\":\"hu\"},{\"@type\":\"Organization\",\"@id\":\"https:\/\/dev.kompaktdesign.hu\/hodszolar.hu\/#organization\",\"name\":\"H\u00f3dszol\u00e1r Kft.\",\"url\":\"https:\/\/dev.kompaktdesign.hu\/hodszolar.hu\/\",\"sameAs\":[\"https:\/\/www.facebook.com\/hodszolar\"],\"logo\":{\"@type\":\"ImageObject\",\"inLanguage\":\"hu\",\"@id\":\"https:\/\/dev.kompaktdesign.hu\/hodszolar.hu\/#\/schema\/logo\/image\/\",\"url\":\"https:\/\/dev.kompaktdesign.hu\/hodszolar.hu\/wp-content\/uploads\/2021\/05\/fvicon.png\",\"contentUrl\":\"https:\/\/dev.kompaktdesign.hu\/hodszolar.hu\/wp-content\/uploads\/2021\/05\/fvicon.png\",\"width\":132,\"height\":132,\"caption\":\"H\u00f3dszol\u00e1r Kft.\"},\"image\":{\"@id\":\"https:\/\/dev.kompaktdesign.hu\/hodszolar.hu\/#\/schema\/logo\/image\/\"}},{\"@type\":\"Person\",\"@id\":\"https:\/\/dev.kompaktdesign.hu\/hodszolar.hu\/#\/schema\/person\/a788af940a3d6b2829396312340dd08c\",\"name\":\"H\u00f3dszol\u00e1r Kft.\",\"image\":{\"@type\":\"ImageObject\",\"inLanguage\":\"hu\",\"@id\":\"https:\/\/dev.kompaktdesign.hu\/hodszolar.hu\/#\/schema\/person\/image\/\",\"url\":\"https:\/\/secure.gravatar.com\/avatar\/38df000db6f2e93b7f0ccccf7714392424ca033738d34dfe71f19fdb70329830?s=96&d=mm&r=g\",\"contentUrl\":\"https:\/\/secure.gravatar.com\/avatar\/38df000db6f2e93b7f0ccccf7714392424ca033738d34dfe71f19fdb70329830?s=96&d=mm&r=g\",\"caption\":\"H\u00f3dszol\u00e1r Kft.\"},\"url\":\"https:\/\/dev.kompaktdesign.hu\/hodszolar.hu\/author\/hodszolar\/\"}]}<\/script>\n<!-- \/ Yoast SEO plugin. -->","yoast_head_json":{"title":"A j\u00f6v\u0151 energiat\u00e1rol\u00f3it teszteli az MVM Csoport | H\u00f3dszol\u00e1r","robots":{"index":"noindex","follow":"follow","max-snippet":"max-snippet:-1","max-image-preview":"max-image-preview:large","max-video-preview":"max-video-preview:-1"},"og_locale":"hu_HU","og_type":"article","og_title":"A j\u00f6v\u0151 energiat\u00e1rol\u00f3it teszteli az MVM Csoport | H\u00f3dszol\u00e1r","og_description":"Az MVM D\u00e9m\u00e1sz h\u00e1l\u00f3zat\u00e1n h\u00e1rom, \u00f6sszesen 2000 kilowatt\u00f3ra kapacit\u00e1s\u00fa energiat\u00e1rol\u00f3t tesztel az MVM Csoport. H\u00e1rom energiat\u00e1rol\u00e1si pilotprojektet ind\u00edtott el az MVM D\u00e9m\u00e1sz \u00c1ramh\u00e1l\u00f3zati Kft. Az MVM Csoport h\u00e1l\u00f3zati c\u00e9g\u00e9ben alkalmazott k\u00eds\u00e9rleti rendszerek c\u00e9lja, hogy jav\u00edts\u00e1k a szolg\u00e1ltat\u00e1smin\u0151s\u00e9get, illetve stabiliz\u00e1lj\u00e1k a villamosenergia-h\u00e1l\u00f3zatok fesz\u00fclts\u00e9g\u00e9t.&nbsp; A t\u00e1rsas\u00e1g k\u00e9t energiat\u00e1rol\u00f3ja kisfesz\u00fclts\u00e9g\u0171 (0,4 kilovoltos \u2013 kV) h\u00e1l\u00f3zatra, egy pedig k\u00f6z\u00e9pfesz\u00fclts\u00e9gre [&hellip;]","og_url":"https:\/\/dev.kompaktdesign.hu\/hodszolar.hu\/2021\/10\/15\/a-jovo-energiataroloit-teszteli-az-mvm-csoport\/","og_site_name":"H\u00f3dszol\u00e1r","article_publisher":"https:\/\/www.facebook.com\/hodszolar","article_published_time":"2021-10-15T08:02:19+00:00","og_image":[{"width":1920,"height":1080,"url":"https:\/\/dev.kompaktdesign.hu\/hodszolar.hu\/wp-content\/uploads\/2021\/10\/b-tts20210605013-3-472024.jpg","type":"image\/jpeg"}],"author":"H\u00f3dszol\u00e1r Kft.","twitter_card":"summary_large_image","twitter_misc":{"Szerz\u0151:":"H\u00f3dszol\u00e1r Kft.","Becs\u00fclt olvas\u00e1si id\u0151":"2 perc"},"schema":{"@context":"https:\/\/schema.org","@graph":[{"@type":"Article","@id":"https:\/\/dev.kompaktdesign.hu\/hodszolar.hu\/2021\/10\/15\/a-jovo-energiataroloit-teszteli-az-mvm-csoport\/#article","isPartOf":{"@id":"https:\/\/dev.kompaktdesign.hu\/hodszolar.hu\/2021\/10\/15\/a-jovo-energiataroloit-teszteli-az-mvm-csoport\/"},"author":{"name":"H\u00f3dszol\u00e1r Kft.","@id":"https:\/\/dev.kompaktdesign.hu\/hodszolar.hu\/#\/schema\/person\/a788af940a3d6b2829396312340dd08c"},"headline":"A j\u00f6v\u0151 energiat\u00e1rol\u00f3it teszteli az MVM Csoport","datePublished":"2021-10-15T08:02:19+00:00","dateModified":"2021-10-15T08:02:19+00:00","mainEntityOfPage":{"@id":"https:\/\/dev.kompaktdesign.hu\/hodszolar.hu\/2021\/10\/15\/a-jovo-energiataroloit-teszteli-az-mvm-csoport\/"},"wordCount":524,"commentCount":0,"publisher":{"@id":"https:\/\/dev.kompaktdesign.hu\/hodszolar.hu\/#organization"},"articleSection":["Egy\u00e9b kateg\u00f3ria"],"inLanguage":"hu","potentialAction":[{"@type":"CommentAction","name":"Comment","target":["https:\/\/dev.kompaktdesign.hu\/hodszolar.hu\/2021\/10\/15\/a-jovo-energiataroloit-teszteli-az-mvm-csoport\/#respond"]}]},{"@type":"WebPage","@id":"https:\/\/dev.kompaktdesign.hu\/hodszolar.hu\/2021\/10\/15\/a-jovo-energiataroloit-teszteli-az-mvm-csoport\/","url":"https:\/\/dev.kompaktdesign.hu\/hodszolar.hu\/2021\/10\/15\/a-jovo-energiataroloit-teszteli-az-mvm-csoport\/","name":"A j\u00f6v\u0151 energiat\u00e1rol\u00f3it teszteli az MVM Csoport | H\u00f3dszol\u00e1r","isPartOf":{"@id":"https:\/\/dev.kompaktdesign.hu\/hodszolar.hu\/#website"},"datePublished":"2021-10-15T08:02:19+00:00","dateModified":"2021-10-15T08:02:19+00:00","breadcrumb":{"@id":"https:\/\/dev.kompaktdesign.hu\/hodszolar.hu\/2021\/10\/15\/a-jovo-energiataroloit-teszteli-az-mvm-csoport\/#breadcrumb"},"inLanguage":"hu","potentialAction":[{"@type":"ReadAction","target":["https:\/\/dev.kompaktdesign.hu\/hodszolar.hu\/2021\/10\/15\/a-jovo-energiataroloit-teszteli-az-mvm-csoport\/"]}]},{"@type":"BreadcrumbList","@id":"https:\/\/dev.kompaktdesign.hu\/hodszolar.hu\/2021\/10\/15\/a-jovo-energiataroloit-teszteli-az-mvm-csoport\/#breadcrumb","itemListElement":[{"@type":"ListItem","position":1,"name":"Kezd\u0151lap","item":"https:\/\/dev.kompaktdesign.hu\/hodszolar.hu\/"},{"@type":"ListItem","position":2,"name":"A j\u00f6v\u0151 energiat\u00e1rol\u00f3it teszteli az MVM Csoport"}]},{"@type":"WebSite","@id":"https:\/\/dev.kompaktdesign.hu\/hodszolar.hu\/#website","url":"https:\/\/dev.kompaktdesign.hu\/hodszolar.hu\/","name":"H\u00f3dszol\u00e1r","description":"A v\u00e1s\u00e1rhelyi napelemes","publisher":{"@id":"https:\/\/dev.kompaktdesign.hu\/hodszolar.hu\/#organization"},"potentialAction":[{"@type":"SearchAction","target":{"@type":"EntryPoint","urlTemplate":"https:\/\/dev.kompaktdesign.hu\/hodszolar.hu\/?s={search_term_string}"},"query-input":"required name=search_term_string"}],"inLanguage":"hu"},{"@type":"Organization","@id":"https:\/\/dev.kompaktdesign.hu\/hodszolar.hu\/#organization","name":"H\u00f3dszol\u00e1r Kft.","url":"https:\/\/dev.kompaktdesign.hu\/hodszolar.hu\/","sameAs":["https:\/\/www.facebook.com\/hodszolar"],"logo":{"@type":"ImageObject","inLanguage":"hu","@id":"https:\/\/dev.kompaktdesign.hu\/hodszolar.hu\/#\/schema\/logo\/image\/","url":"https:\/\/dev.kompaktdesign.hu\/hodszolar.hu\/wp-content\/uploads\/2021\/05\/fvicon.png","contentUrl":"https:\/\/dev.kompaktdesign.hu\/hodszolar.hu\/wp-content\/uploads\/2021\/05\/fvicon.png","width":132,"height":132,"caption":"H\u00f3dszol\u00e1r Kft."},"image":{"@id":"https:\/\/dev.kompaktdesign.hu\/hodszolar.hu\/#\/schema\/logo\/image\/"}},{"@type":"Person","@id":"https:\/\/dev.kompaktdesign.hu\/hodszolar.hu\/#\/schema\/person\/a788af940a3d6b2829396312340dd08c","name":"H\u00f3dszol\u00e1r Kft.","image":{"@type":"ImageObject","inLanguage":"hu","@id":"https:\/\/dev.kompaktdesign.hu\/hodszolar.hu\/#\/schema\/person\/image\/","url":"https:\/\/secure.gravatar.com\/avatar\/38df000db6f2e93b7f0ccccf7714392424ca033738d34dfe71f19fdb70329830?s=96&d=mm&r=g","contentUrl":"https:\/\/secure.gravatar.com\/avatar\/38df000db6f2e93b7f0ccccf7714392424ca033738d34dfe71f19fdb70329830?s=96&d=mm&r=g","caption":"H\u00f3dszol\u00e1r Kft."},"url":"https:\/\/dev.kompaktdesign.hu\/hodszolar.hu\/author\/hodszolar\/"}]}},"_links":{"self":[{"href":"https:\/\/dev.kompaktdesign.hu\/hodszolar.hu\/wp-json\/wp\/v2\/posts\/773","targetHints":{"allow":["GET"]}}],"collection":[{"href":"https:\/\/dev.kompaktdesign.hu\/hodszolar.hu\/wp-json\/wp\/v2\/posts"}],"about":[{"href":"https:\/\/dev.kompaktdesign.hu\/hodszolar.hu\/wp-json\/wp\/v2\/types\/post"}],"author":[{"embeddable":true,"href":"https:\/\/dev.kompaktdesign.hu\/hodszolar.hu\/wp-json\/wp\/v2\/users\/3"}],"replies":[{"embeddable":true,"href":"https:\/\/dev.kompaktdesign.hu\/hodszolar.hu\/wp-json\/wp\/v2\/comments?post=773"}],"version-history":[{"count":1,"href":"https:\/\/dev.kompaktdesign.hu\/hodszolar.hu\/wp-json\/wp\/v2\/posts\/773\/revisions"}],"predecessor-version":[{"id":775,"href":"https:\/\/dev.kompaktdesign.hu\/hodszolar.hu\/wp-json\/wp\/v2\/posts\/773\/revisions\/775"}],"wp:featuredmedia":[{"embeddable":true,"href":"https:\/\/dev.kompaktdesign.hu\/hodszolar.hu\/wp-json\/wp\/v2\/media\/774"}],"wp:attachment":[{"href":"https:\/\/dev.kompaktdesign.hu\/hodszolar.hu\/wp-json\/wp\/v2\/media?parent=773"}],"wp:term":[{"taxonomy":"category","embeddable":true,"href":"https:\/\/dev.kompaktdesign.hu\/hodszolar.hu\/wp-json\/wp\/v2\/categories?post=773"},{"taxonomy":"post_tag","embeddable":true,"href":"https:\/\/dev.kompaktdesign.hu\/hodszolar.hu\/wp-json\/wp\/v2\/tags?post=773"}],"curies":[{"name":"wp","href":"https:\/\/api.w.org\/{rel}","templated":true}]}}