{"id":780,"date":"2021-10-19T14:08:14","date_gmt":"2021-10-19T14:08:14","guid":{"rendered":"https:\/\/hodszolar.hu\/?p=780"},"modified":"2021-10-19T14:12:58","modified_gmt":"2021-10-19T14:12:58","slug":"megjelent-a-100-os-lakossagi-tamogatas-vegleges-kiirasa","status":"publish","type":"post","link":"https:\/\/dev.kompaktdesign.hu\/hodszolar.hu\/2021\/10\/19\/megjelent-a-100-os-lakossagi-tamogatas-vegleges-kiirasa\/","title":{"rendered":"Megjelent a 100%-os lakoss\u00e1gi t\u00e1mogat\u00e1s v\u00e9gleges ki\u00edr\u00e1sa!"},"content":{"rendered":"\n<p><strong>J\u00f6vedelemhat\u00e1r<\/strong><\/p>\n\n\n\n<p>Nagyon sok t\u00e9nyez\u0151 v\u00e1ltozott, \u00edgy nem \u00e1rt v\u00e9gig n\u00e9zni \u00fajb\u00f3l a szempontokat. Az els\u0151 \u00e9s tal\u00e1n legfontosabb szempont, aminek meg kell feleln\u00fcnk az a j\u00f6vedelemhat\u00e1r. Mint ahogy v\u00e1rhat\u00f3 is volt, sz\u0171k\u00edtett\u00e9k a keretet. A brutt\u00f3 4&nbsp;850&nbsp;000 Ft-os egy f\u0151re jut\u00f3 j\u00f6vedelemhat\u00e1r maradt, azonban a k\u00e9plet elemeit megv\u00e1ltoztatt\u00e1k. M\u00edg kor\u00e1bban a beruh\u00e1z\u00e1ssal \u00e9rintett ingatlanban lakc\u00edmk\u00e1rtya szerint \u00e1lland\u00f3 lakc\u00edmmel rendelkez\u0151 term\u00e9szetes szem\u00e9lyeket n\u00e9ztek, most kiz\u00e1r\u00f3lag az ingatlanban (r\u00e9sz)tulajdonjoggal rendelkez\u0151 szem\u00e9lyek sz\u00e1ma \u00e9s j\u00f6vedelme a m\u00e9rvad\u00f3.<\/p>\n\n\n\n<p>\u00cdgy teh\u00e1t tulajdoni lap szerint sz\u00fcks\u00e9ges ellen\u0151rizn\u00fcnk, hogy pontosan h\u00e1ny tulajdonosa van az ingatlannak 2021. augusztus 30.-ai \u00e1llapot szerint (ami szint\u00e9n \u00faj t\u00e9nyez\u0151) \u00e9s k\u00f6z\u00fcl\u00fck h\u00e1ny szem\u00e9ly rendelkezik 2020-ban j\u00f6vedelemmel. Ezt a sz\u00e1mot kell leosztanunk a tulajdonosok \u00e9s j\u00f6vedelemmel rendelkez\u0151 szem\u00e9lyek sz\u00e1m\u00e1val az al\u00e1bbiak szerint:<\/p>\n\n\n\n<figure class=\"wp-block-image size-full\"><img loading=\"lazy\" decoding=\"async\" width=\"931\" height=\"199\" src=\"https:\/\/dev.kompaktdesign.hu\/hodszolar.hu\/wp-content\/uploads\/2021\/10\/keplet.png\" alt=\"\" class=\"wp-image-781\"\/><\/figure>\n\n\n\n<p>Ami sokak sz\u00e1m\u00e1ra k\u00f6nny\u00edt\u00e9st jelentett ennek a szempontnak a megfelel\u00e9s\u00e9hez, az a gyerekek besz\u00e1m\u00edt\u00e1sa volt. M\u00edg az el\u0151z\u0151 ki\u00edr\u00e1s erre ny\u00fajtott lehet\u0151s\u00e9get, a v\u00e9glegesben nem sz\u00e1m\u00edthatjuk \u0151ket a leosztand\u00f3 szem\u00e9lyek k\u00f6r\u00e9be. Azonban plusz pontot jelenthetnek. \u00cdgy teh\u00e1t csak a tulajdonos \u00e9s tavaly j\u00f6vedelemmel rendelkez\u0151 szem\u00e9lyek sz\u00e1m\u00edtanak az oszt\u00e1sban.<\/p>\n\n\n\n<p>A t\u00e1mogat\u00e1sban r\u00e9szes\u00edteni k\u00edv\u00e1nt ingatlanban 2021. augusztus 30.-i \u00e1llapot szerint \u00e1lland\u00f3 lakc\u00edmmel rendelkez\u0151, 18. \u00e9let\u00e9v\u00e9t be nem t\u00f6lt\u00f6tt szem\u00e9lyek sz\u00e1ma szerint 1 gyermek 2 pontot, 2 gyermek 3 pontot, 3 vagy t\u00f6bb gyermek 4 pontot jelent. Amennyiben nincs gyermek, erre 1 pontot lehet kapni.<\/p>\n\n\n\n<p><strong>M\u0171szaki csomagok<\/strong><\/p>\n\n\n\n<p>A k\u00f6vetkez\u0151 nagyon fontos v\u00e1ltoz\u00e1s a m\u0171szaki csomagokban van. Kor\u00e1bban \u00f6sszesen h\u00e1rom m\u0171szaki csomagra lehetett p\u00e1ly\u00e1zni, csak napelemes rendszerre vagy k\u00e9t f\u0171t\u00e9skorszer\u0171s\u00edt\u00e9si csomag egyik\u00e9re, att\u00f3l f\u00fcgg\u0151en, hogy van-e k\u00f6zponti f\u0171t\u00e9s az ingatlanban. A csak napelemes rendszer csomagja maradt, tov\u00e1bbra is az el\u0151z\u0151 \u00e9vi fogyaszt\u00e1sra m\u00e9retezett napelemes rendszerre lehet p\u00e1ly\u00e1zni, ami maximum 5 kWp lehet. Mivel a napelemes rendszer m\u00e9ret\u00e9t nem n\u00f6velt\u00e9k, a m\u00e1sodik csomag (napelemes rendszer, f\u0171t\u00e9skorszer\u0171s\u00edt\u00e9s f\u0171t\u0151panelek vagy infrapanelek be\u00e9p\u00edt\u00e9s\u00e9vel, akkumul\u00e1toros t\u00e1rol\u00f3egys\u00e9g \u00e9s ny\u00edl\u00e1sz\u00e1r\u00f3k cser\u00e9je) teljesen kivitelezhetetlenn\u00e9 v\u00e1lt m\u0171szakilag, \u00edgy ezt a csomagot m\u00e1r nem v\u00e1laszthatjuk a v\u00e9gleges ki\u00edr\u00e1s szerint.<\/p>\n\n\n\n<p>Helyette a m\u00e1sodik \u00e9s harmadik csomag \u00f6tv\u00f6zet\u00e9t tal\u00e1ljuk, melyen a megl\u00e9v\u0151 f\u0171t\u00e9st 12 KW-os h\u0151szivatty\u00fas rendszerrel tudjuk kiv\u00e1ltani, amely lehet leveg\u0151-leveg\u0151 (kl\u00edma) vagy leveg\u0151-v\u00edz (padl\u00f3f\u0171t\u00e9shez, radi\u00e1torhoz) t\u00edpus\u00fa. Ehhez kiz\u00e1r\u00f3lag kieg\u00e9sz\u00edt\u0151 f\u0171t\u00e9s c\u00e9lj\u00e1b\u00f3l tervezhet\u00fcnk maximum 2 db f\u0171t\u0151panelt helyis\u00e9genk\u00e9nt maximum 6m2-es helyis\u00e9gbe, ami nagy val\u00f3sz\u00edn\u0171s\u00e9ggel egy f\u00fcrd\u0151szob\u00e1t vagy wc-t jelent.<\/p>\n\n\n\n<p>\u00c9rdemes figyelembe venni, hogy kor\u00e1bban ezt a f\u0171t\u00e9skorszer\u0171s\u00edt\u00e9si csomagot az el\u0151z\u0151 \u00e9vi fogyaszt\u00e1sra \u00e9s a p\u00e1ly\u00e1zat keretein bel\u00fcl megval\u00f3s\u00edt\u00e1sra ker\u00fcl\u0151 f\u0171t\u00e9s energiaig\u00e9nyre lehetett m\u00e9retezni, azonban a v\u00e9gleges ki\u00edr\u00e1s szerint az el\u0151z\u0151 \u00e9vi fogyaszt\u00e1sra nem lehet sz\u00e1molni, kiz\u00e1r\u00f3lag a f\u0171t\u00e9si energiaig\u00e9nyre. \u00cdgy ehhez a csomaghoz tartoz\u00f3 napelemes rendszer m\u00e9ret\u00e9t sem n\u00f6velt\u00e9k meg. \u00d6sszefoglalva korszer\u0171s\u00edthetj\u00fck a f\u0171t\u00e9s\u00fcnket, amelyre m\u00e9retezhetj\u00fck a napelemes rendszert, de a jelenlegi villanysz\u00e1ml\u00e1nk megmarad.<\/p>\n\n\n\n<p>Sokak sz\u00e1m\u00e1ra nem egy\u00e9rtelm\u0171 a m\u00e1sodik csomag, \u00edgy szeretn\u00e9nk kiemelni, hogy a csomag minden eleme (napelemes rendszer, akkumul\u00e1toros t\u00e1rol\u00f3egys\u00e9g, h\u0151szivatty\u00fas rendszer, ny\u00edl\u00e1sz\u00e1r\u00f3k cser\u00e9je) k\u00f6telez\u0151en megval\u00f3s\u00edtand\u00f3, teh\u00e1t nem v\u00e1laszthatjuk ki a sz\u00e1munkra szimpatikus elemeit.<\/p>\n\n\n\n<p>Itt behoztak egy sokak sz\u00e1m\u00e1ra kiz\u00e1r\u00f3 t\u00e9nyez\u0151t a ny\u00edl\u00e1sz\u00e1r\u00f3kat illet\u0151en. A v\u00e9gleges ki\u00edr\u00e1s szerint ugyanis az p\u00e1ly\u00e1zhat a m\u00e1sodik m\u0171szaki csomagra, aki legfeljebb a ny\u00edl\u00e1sz\u00e1r\u00f3i fel\u00e9t cser\u00e9lte ki az elm\u00falt \u00e9vekben. Ebben az esetben lehet\u0151s\u00e9ge van a marad\u00e9k ny\u00edl\u00e1sz\u00e1r\u00f3k cser\u00e9j\u00e9re \u00e9s a m\u0171szaki csomag t\u00f6bbi elem\u00e9re. Aki azonban ny\u00edl\u00e1sz\u00e1r\u00f3inak t\u00f6bb, mint fel\u00e9t vagy ak\u00e1r az \u00f6sszeset kicser\u00e9lte, nem r\u00e9szes\u00fclhet t\u00e1mogat\u00e1sban, legal\u00e1bbis ezt a m\u0171szaki csomagot nem v\u00e1laszthatja.<\/p>\n\n\n\n<p>\u00c9rdemes teh\u00e1t \u00e1tgondolni, hogy melyik csomag a legide\u00e1lisabb sz\u00e1munkra, ugyanis a h\u0151szivatty\u00fa t\u00edpus\u00e1t\u00f3l f\u00fcgg ugyan, de t\u00f6bb k\u00f6lts\u00e9ggel is j\u00e1rhat, ha szeretn\u00e9nk a f\u0171t\u00e9si rendszer\u00fcnket korszer\u0171s\u00edteni. A leveg\u0151-v\u00edz t\u00edpus\u00fa ugyanis j\u00f3 esetben a megl\u00e9v\u0151 k\u00f6zponti f\u0171t\u00e9s\u00fcnkre csatlakozik r\u00e1, amely nem k\u00f6vetelm\u00e9ny (az el\u0151z\u0151 ki\u00edr\u00e1shoz k\u00e9pest), de nem is elsz\u00e1molhat\u00f3 k\u00f6lts\u00e9g annak ki\u00e9p\u00edt\u00e9se.<\/p>\n\n\n\n<figure class=\"wp-block-image size-full\"><img loading=\"lazy\" decoding=\"async\" width=\"1071\" height=\"1314\" src=\"https:\/\/dev.kompaktdesign.hu\/hodszolar.hu\/wp-content\/uploads\/2021\/10\/csomag.jpg\" alt=\"\" class=\"wp-image-783\"\/><\/figure>\n\n\n\n<p><strong>Nyugd\u00edjasok<\/strong><\/p>\n\n\n\n<p>Hoztunk egy j\u00f3 h\u00edrt is, miszerint a p\u00e1ly\u00e1zatban kit\u00e9rtek a nyugd\u00edjasok k\u00e9rd\u00e9s\u00e9re is. A felh\u00edv\u00e1s tekintet\u00e9ben j\u00f6vedelemnek min\u0151s\u00fcl a nyugd\u00edj is. A nyugd\u00edj \u00f6sszeg\u00e9nek al\u00e1t\u00e1maszt\u00e1sa \u00e9rdek\u00e9ben beny\u00fajtand\u00f3 a Magyar \u00c1llamkincst\u00e1r Nyugd\u00edjfoly\u00f3s\u00edt\u00f3 Igazgat\u00f3s\u00e1g \u00e1ltal a szem\u00e9lyi j\u00f6vedelemad\u00f3r\u00f3l sz\u00f3l\u00f3 1995. \u00e9vi CXVII. t\u00f6rv\u00e9ny alapj\u00e1n megk\u00fcld\u00f6tt 2020. \u00e9vi t\u00e1j\u00e9koztat\u00f3.<\/p>\n\n\n\n<p><strong>Napelemes rendszer b\u0151v\u00edt\u00e9se<\/strong><\/p>\n\n\n\n<p>M\u00e1r megl\u00e9v\u0151 napelemes rendszer b\u0151v\u00edt\u00e9s\u00e9re abban az esetben van lehet\u0151s\u00e9g, ha f\u0171t\u00e9skorszer\u0171s\u00edt\u00e9s az ig\u00e9nyl\u00e9s c\u00e9lja a t\u00e1mogat\u00e1sban r\u00e9szes\u00edthet\u0151 kapacit\u00e1shat\u00e1rig.<\/p>\n\n\n\n<p><strong>\u00daj ingatlan<\/strong><\/p>\n\n\n\n<p>Amennyiben az ingatlan tulajdonosai \u00f6r\u00f6kl\u00e9s vagy ad\u00e1sv\u00e9tel jogc\u00edm\u00e9n m\u00f3dosultak 2021. augusztus 31. \u00e9s a p\u00e1ly\u00e1zat beny\u00fajt\u00e1sa k\u00f6z\u00f6tti id\u0151ben, amire a D\u00e9l-Alf\u00f6ldi r\u00e9gi\u00f3ban 2021.12.13-t\u00f3l van lehet\u0151s\u00e9g, \u00fagy a p\u00e1ly\u00e1zat beny\u00fajt\u00e1s\u00e1nak id\u0151pontj\u00e1ban tulajdonos szem\u00e9lyekre kell alkalmazni a j\u00f6vedelemre vonatkoz\u00f3 k\u00e9pletet. Aj\u00e1nd\u00e9koz\u00e1s eset\u00e9n a 2021. augusztus 30. napi \u00e1llapot ker\u00fcl figyelembev\u00e9telre.<\/p>\n\n\n\n<p>Amennyiben a m\u00faltbeli fogyaszt\u00e1s nem \u00e1llap\u00edthat\u00f3 meg (pl. k\u00f6lt\u00f6z\u00e9s ok\u00e1n vagy kor\u00e1bban nem haszn\u00e1lt \u00e9p\u00fclet ker\u00fcl haszn\u00e1latba), \u00fagy a p\u00e1ly\u00e1z\u00f3 a felh\u00edv\u00e1s el\u0151\u00edr\u00e1sainak megfelel\u0151 energetikai tan\u00fas\u00edtv\u00e1nnyal t\u00e1masztja al\u00e1 a p\u00e1ly\u00e1zat beny\u00fajt\u00e1sakor a saj\u00e1t fogyaszt\u00e1s m\u00e9rt\u00e9k\u00e9t.<\/p>\n\n\n\n<p><strong>\u00c9p\u00fclet t\u00edpusa<\/strong><\/p>\n\n\n\n<p>Mindk\u00e9t m\u0171szaki csomag eset\u00e9n telep\u00edthet\u0151k a napelemek mindazon \u00e9p\u00fclet tet\u0151szerkezet\u00e9re, az \u00e9p\u00fclet funkci\u00f3j\u00e1t\u00f3l f\u00fcggetlen\u00fcl, amely a p\u00e1ly\u00e1zat \u00e1ltal \u00e9rintett ingatlan szerinti helyrajzi sz\u00e1m alatti f\u00f6ldter\u00fcleten tal\u00e1lhat\u00f3, \u00edgy teh\u00e1t amennyiben a mell\u00e9k\u00e9p\u00fclet vagy a gar\u00e1zs t\u00e1jol\u00e1sa kedvez\u0151bb a napelemes rendszer szempontj\u00e1b\u00f3l, nem sz\u00fcks\u00e9ges a h\u00e1z tetej\u00e9hez ragaszkodnunk. Talajra telep\u00edt\u00e9s tov\u00e1bbra sem t\u00e1mogathat\u00f3.<\/p>\n\n\n\n<p><strong>Elsz\u00e1molhat\u00f3 \u00f6sszegek<\/strong><\/p>\n\n\n\n<p>Tov\u00e1bbra sem elsz\u00e1molhat\u00f3 k\u00f6lts\u00e9g a p\u00e1ly\u00e1zat\u00edr\u00f3 \u00e9s a m\u0171szaki ellen\u0151r d\u00edja. A maxim\u00e1lis fajlagos k\u00f6lts\u00e9gek pedig projektenk\u00e9nt v\u00e1ltoztak. M\u00edg a napelemes rendszerre kW-onk\u00e9nt kevesebb \u00f6sszeget adnak, a 3 f\u00e1zis ki\u00e9p\u00edt\u00e9s\u00e9t \u00e9s a villany\u00f3ra szabv\u00e1nyos\u00edt\u00e1s\u00e1nak k\u00f6lts\u00e9g\u00e9t megemelt\u00e9k.<\/p>\n\n\n\n<p><strong>Projekt befejez\u00e9si hat\u00e1rideje<\/strong><\/p>\n\n\n\n<p>A kor\u00e1bbi ki\u00edr\u00e1shoz k\u00e9pest, a napelemes rendszer megval\u00f3s\u00edt\u00e1s\u00e1ra a t\u00e1mogat\u00f3 okirat meg\u00e9rkez\u00e9s\u00e9t k\u00f6vet\u0151en 14 h\u00f3nap van, m\u00edg a m\u00e1sodik csomag eset\u00e9ben maradt a 18 h\u00f3nap. A napelemes rendszer telep\u00edt\u00e9s\u00e9hez sz\u00fcks\u00e9ges enged\u00e9lyez\u00e9si elj\u00e1r\u00e1st a t\u00e1mogat\u00f3i okirat hat\u00e1lyba l\u00e9p\u00e9s\u00e9t\u0151l sz\u00e1m\u00edtott, f\u00e1zisb\u0151v\u00edt\u00e9s n\u00e9lk\u00fcli beruh\u00e1z\u00e1sokn\u00e1l 6 h\u00f3napon, f\u00e1zisb\u0151v\u00edt\u00e9ssel j\u00e1r\u00f3 beruh\u00e1z\u00e1sokn\u00e1l 12 h\u00f3napon bel\u00fcl meg kell ind\u00edtani a szolg\u00e1ltat\u00f3n\u00e1l.<\/p>\n\n\n\n<p><strong>Elb\u00edr\u00e1l\u00e1si folyamat<\/strong><\/p>\n\n\n\n<p>A t\u00e1mogat\u00e1sban r\u00e9szes\u00edteni k\u00edv\u00e1nt ingatlan fekv\u00e9se szerinti j\u00e1r\u00e1s fejletts\u00e9ge szerint szint\u00e9n pontot lehet kapni. A kaphat\u00f3 maxim\u00e1lis pont\u00e9rt\u00e9k 7 pont. Azok a p\u00e1ly\u00e1zatok r\u00e9szes\u00fclhetnek t\u00e1mogat\u00e1sban, amelyek a tartalmi \u00e9rt\u00e9kel\u00e9sen minden \u00e9rt\u00e9kel\u00e9si szempontra megfelelt vagy nem relev\u00e1ns min\u0151s\u00edt\u00e9st kapnak. Az egyes szakaszokra beny\u00fajtott p\u00e1ly\u00e1zatokat a tartalmi \u00e9rt\u00e9kel\u00e9sen kapott pontsz\u00e1m alapj\u00e1n cs\u00f6kken\u0151 sorrendbe sz\u00fcks\u00e9ges rendezni. A rendelkez\u00e9sre \u00e1ll\u00f3 t\u00e1mogat\u00e1si keretet a pontsz\u00e1m szerint fel\u00e1ll\u00edtott sorrendben osztj\u00e1k sz\u00e9t, azok k\u00f6z\u00f6tt, akik megfeleltek a min\u0151s\u00edt\u00e9s szerint.<\/p>\n\n\n\n<p>A p\u00e1ly\u00e1zatok az \u00e9rt\u00e9kel\u0151i javaslatok alapj\u00e1n, r\u00e9gi\u00f3s megbont\u00e1s szerint, t\u00f6bb d\u00f6nt\u00e9si k\u00f6rben ker\u00fclnek t\u00e1mogat\u00f3i el\u0151terjeszt\u00e9sre.<\/p>\n","protected":false},"excerpt":{"rendered":"<p>J\u00f6vedelemhat\u00e1r Nagyon sok t\u00e9nyez\u0151 v\u00e1ltozott, \u00edgy nem \u00e1rt v\u00e9gig n\u00e9zni \u00fajb\u00f3l a szempontokat. Az els\u0151 \u00e9s tal\u00e1n legfontosabb szempont, aminek meg kell feleln\u00fcnk az a j\u00f6vedelemhat\u00e1r. Mint ahogy v\u00e1rhat\u00f3 is volt, sz\u0171k\u00edtett\u00e9k a keretet. A brutt\u00f3 4&nbsp;850&nbsp;000 Ft-os egy f\u0151re jut\u00f3 j\u00f6vedelemhat\u00e1r maradt, azonban a k\u00e9plet elemeit megv\u00e1ltoztatt\u00e1k. M\u00edg kor\u00e1bban a beruh\u00e1z\u00e1ssal \u00e9rintett ingatlanban lakc\u00edmk\u00e1rtya [&hellip;]<\/p>\n","protected":false},"author":3,"featured_media":784,"comment_status":"open","ping_status":"open","sticky":false,"template":"","format":"standard","meta":{"footnotes":""},"categories":[1],"tags":[],"class_list":["post-780","post","type-post","status-publish","format-standard","has-post-thumbnail","hentry","category-egyeb"],"yoast_head":"<!-- This site is optimized with the Yoast SEO plugin v19.5.1 - https:\/\/yoast.com\/wordpress\/plugins\/seo\/ -->\n<title>Megjelent a 100%-os lakoss\u00e1gi t\u00e1mogat\u00e1s v\u00e9gleges ki\u00edr\u00e1sa! | H\u00f3dszol\u00e1r<\/title>\n<meta name=\"robots\" content=\"noindex, follow, max-snippet:-1, max-image-preview:large, max-video-preview:-1\" \/>\n<meta property=\"og:locale\" content=\"hu_HU\" \/>\n<meta property=\"og:type\" content=\"article\" \/>\n<meta property=\"og:title\" content=\"Megjelent a 100%-os lakoss\u00e1gi t\u00e1mogat\u00e1s v\u00e9gleges ki\u00edr\u00e1sa! | H\u00f3dszol\u00e1r\" \/>\n<meta property=\"og:description\" content=\"J\u00f6vedelemhat\u00e1r Nagyon sok t\u00e9nyez\u0151 v\u00e1ltozott, \u00edgy nem \u00e1rt v\u00e9gig n\u00e9zni \u00fajb\u00f3l a szempontokat. Az els\u0151 \u00e9s tal\u00e1n legfontosabb szempont, aminek meg kell feleln\u00fcnk az a j\u00f6vedelemhat\u00e1r. Mint ahogy v\u00e1rhat\u00f3 is volt, sz\u0171k\u00edtett\u00e9k a keretet. A brutt\u00f3 4&nbsp;850&nbsp;000 Ft-os egy f\u0151re jut\u00f3 j\u00f6vedelemhat\u00e1r maradt, azonban a k\u00e9plet elemeit megv\u00e1ltoztatt\u00e1k. M\u00edg kor\u00e1bban a beruh\u00e1z\u00e1ssal \u00e9rintett ingatlanban lakc\u00edmk\u00e1rtya [&hellip;]\" \/>\n<meta property=\"og:url\" content=\"https:\/\/dev.kompaktdesign.hu\/hodszolar.hu\/2021\/10\/19\/megjelent-a-100-os-lakossagi-tamogatas-vegleges-kiirasa\/\" \/>\n<meta property=\"og:site_name\" content=\"H\u00f3dszol\u00e1r\" \/>\n<meta property=\"article:publisher\" content=\"https:\/\/www.facebook.com\/hodszolar\" \/>\n<meta property=\"article:published_time\" content=\"2021-10-19T14:08:14+00:00\" \/>\n<meta property=\"article:modified_time\" content=\"2021-10-19T14:12:58+00:00\" \/>\n<meta property=\"og:image\" content=\"https:\/\/dev.kompaktdesign.hu\/hodszolar.hu\/wp-content\/uploads\/2021\/10\/Ho\u0301dszola\u0301r_megjelent.jpg\" \/>\n\t<meta property=\"og:image:width\" content=\"3601\" \/>\n\t<meta property=\"og:image:height\" content=\"3601\" \/>\n\t<meta property=\"og:image:type\" content=\"image\/jpeg\" \/>\n<meta name=\"author\" content=\"H\u00f3dszol\u00e1r Kft.\" \/>\n<meta name=\"twitter:card\" content=\"summary_large_image\" \/>\n<meta name=\"twitter:label1\" content=\"Szerz\u0151:\" \/>\n\t<meta name=\"twitter:data1\" content=\"H\u00f3dszol\u00e1r Kft.\" \/>\n\t<meta name=\"twitter:label2\" content=\"Becs\u00fclt olvas\u00e1si id\u0151\" \/>\n\t<meta name=\"twitter:data2\" content=\"5 perc\" \/>\n<script type=\"application\/ld+json\" class=\"yoast-schema-graph\">{\"@context\":\"https:\/\/schema.org\",\"@graph\":[{\"@type\":\"Article\",\"@id\":\"https:\/\/dev.kompaktdesign.hu\/hodszolar.hu\/2021\/10\/19\/megjelent-a-100-os-lakossagi-tamogatas-vegleges-kiirasa\/#article\",\"isPartOf\":{\"@id\":\"https:\/\/dev.kompaktdesign.hu\/hodszolar.hu\/2021\/10\/19\/megjelent-a-100-os-lakossagi-tamogatas-vegleges-kiirasa\/\"},\"author\":{\"name\":\"H\u00f3dszol\u00e1r Kft.\",\"@id\":\"https:\/\/dev.kompaktdesign.hu\/hodszolar.hu\/#\/schema\/person\/a788af940a3d6b2829396312340dd08c\"},\"headline\":\"Megjelent a 100%-os lakoss\u00e1gi t\u00e1mogat\u00e1s v\u00e9gleges ki\u00edr\u00e1sa!\",\"datePublished\":\"2021-10-19T14:08:14+00:00\",\"dateModified\":\"2021-10-19T14:12:58+00:00\",\"mainEntityOfPage\":{\"@id\":\"https:\/\/dev.kompaktdesign.hu\/hodszolar.hu\/2021\/10\/19\/megjelent-a-100-os-lakossagi-tamogatas-vegleges-kiirasa\/\"},\"wordCount\":1651,\"commentCount\":0,\"publisher\":{\"@id\":\"https:\/\/dev.kompaktdesign.hu\/hodszolar.hu\/#organization\"},\"articleSection\":[\"Egy\u00e9b kateg\u00f3ria\"],\"inLanguage\":\"hu\",\"potentialAction\":[{\"@type\":\"CommentAction\",\"name\":\"Comment\",\"target\":[\"https:\/\/dev.kompaktdesign.hu\/hodszolar.hu\/2021\/10\/19\/megjelent-a-100-os-lakossagi-tamogatas-vegleges-kiirasa\/#respond\"]}]},{\"@type\":\"WebPage\",\"@id\":\"https:\/\/dev.kompaktdesign.hu\/hodszolar.hu\/2021\/10\/19\/megjelent-a-100-os-lakossagi-tamogatas-vegleges-kiirasa\/\",\"url\":\"https:\/\/dev.kompaktdesign.hu\/hodszolar.hu\/2021\/10\/19\/megjelent-a-100-os-lakossagi-tamogatas-vegleges-kiirasa\/\",\"name\":\"Megjelent a 100%-os lakoss\u00e1gi t\u00e1mogat\u00e1s v\u00e9gleges ki\u00edr\u00e1sa! | H\u00f3dszol\u00e1r\",\"isPartOf\":{\"@id\":\"https:\/\/dev.kompaktdesign.hu\/hodszolar.hu\/#website\"},\"datePublished\":\"2021-10-19T14:08:14+00:00\",\"dateModified\":\"2021-10-19T14:12:58+00:00\",\"breadcrumb\":{\"@id\":\"https:\/\/dev.kompaktdesign.hu\/hodszolar.hu\/2021\/10\/19\/megjelent-a-100-os-lakossagi-tamogatas-vegleges-kiirasa\/#breadcrumb\"},\"inLanguage\":\"hu\",\"potentialAction\":[{\"@type\":\"ReadAction\",\"target\":[\"https:\/\/dev.kompaktdesign.hu\/hodszolar.hu\/2021\/10\/19\/megjelent-a-100-os-lakossagi-tamogatas-vegleges-kiirasa\/\"]}]},{\"@type\":\"BreadcrumbList\",\"@id\":\"https:\/\/dev.kompaktdesign.hu\/hodszolar.hu\/2021\/10\/19\/megjelent-a-100-os-lakossagi-tamogatas-vegleges-kiirasa\/#breadcrumb\",\"itemListElement\":[{\"@type\":\"ListItem\",\"position\":1,\"name\":\"Kezd\u0151lap\",\"item\":\"https:\/\/dev.kompaktdesign.hu\/hodszolar.hu\/\"},{\"@type\":\"ListItem\",\"position\":2,\"name\":\"Megjelent a 100%-os lakoss\u00e1gi t\u00e1mogat\u00e1s v\u00e9gleges ki\u00edr\u00e1sa!\"}]},{\"@type\":\"WebSite\",\"@id\":\"https:\/\/dev.kompaktdesign.hu\/hodszolar.hu\/#website\",\"url\":\"https:\/\/dev.kompaktdesign.hu\/hodszolar.hu\/\",\"name\":\"H\u00f3dszol\u00e1r\",\"description\":\"A v\u00e1s\u00e1rhelyi napelemes\",\"publisher\":{\"@id\":\"https:\/\/dev.kompaktdesign.hu\/hodszolar.hu\/#organization\"},\"potentialAction\":[{\"@type\":\"SearchAction\",\"target\":{\"@type\":\"EntryPoint\",\"urlTemplate\":\"https:\/\/dev.kompaktdesign.hu\/hodszolar.hu\/?s={search_term_string}\"},\"query-input\":\"required name=search_term_string\"}],\"inLanguage\":\"hu\"},{\"@type\":\"Organization\",\"@id\":\"https:\/\/dev.kompaktdesign.hu\/hodszolar.hu\/#organization\",\"name\":\"H\u00f3dszol\u00e1r Kft.\",\"url\":\"https:\/\/dev.kompaktdesign.hu\/hodszolar.hu\/\",\"sameAs\":[\"https:\/\/www.facebook.com\/hodszolar\"],\"logo\":{\"@type\":\"ImageObject\",\"inLanguage\":\"hu\",\"@id\":\"https:\/\/dev.kompaktdesign.hu\/hodszolar.hu\/#\/schema\/logo\/image\/\",\"url\":\"https:\/\/dev.kompaktdesign.hu\/hodszolar.hu\/wp-content\/uploads\/2021\/05\/fvicon.png\",\"contentUrl\":\"https:\/\/dev.kompaktdesign.hu\/hodszolar.hu\/wp-content\/uploads\/2021\/05\/fvicon.png\",\"width\":132,\"height\":132,\"caption\":\"H\u00f3dszol\u00e1r Kft.\"},\"image\":{\"@id\":\"https:\/\/dev.kompaktdesign.hu\/hodszolar.hu\/#\/schema\/logo\/image\/\"}},{\"@type\":\"Person\",\"@id\":\"https:\/\/dev.kompaktdesign.hu\/hodszolar.hu\/#\/schema\/person\/a788af940a3d6b2829396312340dd08c\",\"name\":\"H\u00f3dszol\u00e1r Kft.\",\"image\":{\"@type\":\"ImageObject\",\"inLanguage\":\"hu\",\"@id\":\"https:\/\/dev.kompaktdesign.hu\/hodszolar.hu\/#\/schema\/person\/image\/\",\"url\":\"https:\/\/secure.gravatar.com\/avatar\/38df000db6f2e93b7f0ccccf7714392424ca033738d34dfe71f19fdb70329830?s=96&d=mm&r=g\",\"contentUrl\":\"https:\/\/secure.gravatar.com\/avatar\/38df000db6f2e93b7f0ccccf7714392424ca033738d34dfe71f19fdb70329830?s=96&d=mm&r=g\",\"caption\":\"H\u00f3dszol\u00e1r Kft.\"},\"url\":\"https:\/\/dev.kompaktdesign.hu\/hodszolar.hu\/author\/hodszolar\/\"}]}<\/script>\n<!-- \/ Yoast SEO plugin. -->","yoast_head_json":{"title":"Megjelent a 100%-os lakoss\u00e1gi t\u00e1mogat\u00e1s v\u00e9gleges ki\u00edr\u00e1sa! | H\u00f3dszol\u00e1r","robots":{"index":"noindex","follow":"follow","max-snippet":"max-snippet:-1","max-image-preview":"max-image-preview:large","max-video-preview":"max-video-preview:-1"},"og_locale":"hu_HU","og_type":"article","og_title":"Megjelent a 100%-os lakoss\u00e1gi t\u00e1mogat\u00e1s v\u00e9gleges ki\u00edr\u00e1sa! | H\u00f3dszol\u00e1r","og_description":"J\u00f6vedelemhat\u00e1r Nagyon sok t\u00e9nyez\u0151 v\u00e1ltozott, \u00edgy nem \u00e1rt v\u00e9gig n\u00e9zni \u00fajb\u00f3l a szempontokat. Az els\u0151 \u00e9s tal\u00e1n legfontosabb szempont, aminek meg kell feleln\u00fcnk az a j\u00f6vedelemhat\u00e1r. Mint ahogy v\u00e1rhat\u00f3 is volt, sz\u0171k\u00edtett\u00e9k a keretet. A brutt\u00f3 4&nbsp;850&nbsp;000 Ft-os egy f\u0151re jut\u00f3 j\u00f6vedelemhat\u00e1r maradt, azonban a k\u00e9plet elemeit megv\u00e1ltoztatt\u00e1k. M\u00edg kor\u00e1bban a beruh\u00e1z\u00e1ssal \u00e9rintett ingatlanban lakc\u00edmk\u00e1rtya [&hellip;]","og_url":"https:\/\/dev.kompaktdesign.hu\/hodszolar.hu\/2021\/10\/19\/megjelent-a-100-os-lakossagi-tamogatas-vegleges-kiirasa\/","og_site_name":"H\u00f3dszol\u00e1r","article_publisher":"https:\/\/www.facebook.com\/hodszolar","article_published_time":"2021-10-19T14:08:14+00:00","article_modified_time":"2021-10-19T14:12:58+00:00","og_image":[{"width":3601,"height":3601,"url":"https:\/\/dev.kompaktdesign.hu\/hodszolar.hu\/wp-content\/uploads\/2021\/10\/Ho\u0301dszola\u0301r_megjelent.jpg","type":"image\/jpeg"}],"author":"H\u00f3dszol\u00e1r Kft.","twitter_card":"summary_large_image","twitter_misc":{"Szerz\u0151:":"H\u00f3dszol\u00e1r Kft.","Becs\u00fclt olvas\u00e1si id\u0151":"5 perc"},"schema":{"@context":"https:\/\/schema.org","@graph":[{"@type":"Article","@id":"https:\/\/dev.kompaktdesign.hu\/hodszolar.hu\/2021\/10\/19\/megjelent-a-100-os-lakossagi-tamogatas-vegleges-kiirasa\/#article","isPartOf":{"@id":"https:\/\/dev.kompaktdesign.hu\/hodszolar.hu\/2021\/10\/19\/megjelent-a-100-os-lakossagi-tamogatas-vegleges-kiirasa\/"},"author":{"name":"H\u00f3dszol\u00e1r Kft.","@id":"https:\/\/dev.kompaktdesign.hu\/hodszolar.hu\/#\/schema\/person\/a788af940a3d6b2829396312340dd08c"},"headline":"Megjelent a 100%-os lakoss\u00e1gi t\u00e1mogat\u00e1s v\u00e9gleges ki\u00edr\u00e1sa!","datePublished":"2021-10-19T14:08:14+00:00","dateModified":"2021-10-19T14:12:58+00:00","mainEntityOfPage":{"@id":"https:\/\/dev.kompaktdesign.hu\/hodszolar.hu\/2021\/10\/19\/megjelent-a-100-os-lakossagi-tamogatas-vegleges-kiirasa\/"},"wordCount":1651,"commentCount":0,"publisher":{"@id":"https:\/\/dev.kompaktdesign.hu\/hodszolar.hu\/#organization"},"articleSection":["Egy\u00e9b kateg\u00f3ria"],"inLanguage":"hu","potentialAction":[{"@type":"CommentAction","name":"Comment","target":["https:\/\/dev.kompaktdesign.hu\/hodszolar.hu\/2021\/10\/19\/megjelent-a-100-os-lakossagi-tamogatas-vegleges-kiirasa\/#respond"]}]},{"@type":"WebPage","@id":"https:\/\/dev.kompaktdesign.hu\/hodszolar.hu\/2021\/10\/19\/megjelent-a-100-os-lakossagi-tamogatas-vegleges-kiirasa\/","url":"https:\/\/dev.kompaktdesign.hu\/hodszolar.hu\/2021\/10\/19\/megjelent-a-100-os-lakossagi-tamogatas-vegleges-kiirasa\/","name":"Megjelent a 100%-os lakoss\u00e1gi t\u00e1mogat\u00e1s v\u00e9gleges ki\u00edr\u00e1sa! | H\u00f3dszol\u00e1r","isPartOf":{"@id":"https:\/\/dev.kompaktdesign.hu\/hodszolar.hu\/#website"},"datePublished":"2021-10-19T14:08:14+00:00","dateModified":"2021-10-19T14:12:58+00:00","breadcrumb":{"@id":"https:\/\/dev.kompaktdesign.hu\/hodszolar.hu\/2021\/10\/19\/megjelent-a-100-os-lakossagi-tamogatas-vegleges-kiirasa\/#breadcrumb"},"inLanguage":"hu","potentialAction":[{"@type":"ReadAction","target":["https:\/\/dev.kompaktdesign.hu\/hodszolar.hu\/2021\/10\/19\/megjelent-a-100-os-lakossagi-tamogatas-vegleges-kiirasa\/"]}]},{"@type":"BreadcrumbList","@id":"https:\/\/dev.kompaktdesign.hu\/hodszolar.hu\/2021\/10\/19\/megjelent-a-100-os-lakossagi-tamogatas-vegleges-kiirasa\/#breadcrumb","itemListElement":[{"@type":"ListItem","position":1,"name":"Kezd\u0151lap","item":"https:\/\/dev.kompaktdesign.hu\/hodszolar.hu\/"},{"@type":"ListItem","position":2,"name":"Megjelent a 100%-os lakoss\u00e1gi t\u00e1mogat\u00e1s v\u00e9gleges ki\u00edr\u00e1sa!"}]},{"@type":"WebSite","@id":"https:\/\/dev.kompaktdesign.hu\/hodszolar.hu\/#website","url":"https:\/\/dev.kompaktdesign.hu\/hodszolar.hu\/","name":"H\u00f3dszol\u00e1r","description":"A v\u00e1s\u00e1rhelyi napelemes","publisher":{"@id":"https:\/\/dev.kompaktdesign.hu\/hodszolar.hu\/#organization"},"potentialAction":[{"@type":"SearchAction","target":{"@type":"EntryPoint","urlTemplate":"https:\/\/dev.kompaktdesign.hu\/hodszolar.hu\/?s={search_term_string}"},"query-input":"required name=search_term_string"}],"inLanguage":"hu"},{"@type":"Organization","@id":"https:\/\/dev.kompaktdesign.hu\/hodszolar.hu\/#organization","name":"H\u00f3dszol\u00e1r Kft.","url":"https:\/\/dev.kompaktdesign.hu\/hodszolar.hu\/","sameAs":["https:\/\/www.facebook.com\/hodszolar"],"logo":{"@type":"ImageObject","inLanguage":"hu","@id":"https:\/\/dev.kompaktdesign.hu\/hodszolar.hu\/#\/schema\/logo\/image\/","url":"https:\/\/dev.kompaktdesign.hu\/hodszolar.hu\/wp-content\/uploads\/2021\/05\/fvicon.png","contentUrl":"https:\/\/dev.kompaktdesign.hu\/hodszolar.hu\/wp-content\/uploads\/2021\/05\/fvicon.png","width":132,"height":132,"caption":"H\u00f3dszol\u00e1r Kft."},"image":{"@id":"https:\/\/dev.kompaktdesign.hu\/hodszolar.hu\/#\/schema\/logo\/image\/"}},{"@type":"Person","@id":"https:\/\/dev.kompaktdesign.hu\/hodszolar.hu\/#\/schema\/person\/a788af940a3d6b2829396312340dd08c","name":"H\u00f3dszol\u00e1r Kft.","image":{"@type":"ImageObject","inLanguage":"hu","@id":"https:\/\/dev.kompaktdesign.hu\/hodszolar.hu\/#\/schema\/person\/image\/","url":"https:\/\/secure.gravatar.com\/avatar\/38df000db6f2e93b7f0ccccf7714392424ca033738d34dfe71f19fdb70329830?s=96&d=mm&r=g","contentUrl":"https:\/\/secure.gravatar.com\/avatar\/38df000db6f2e93b7f0ccccf7714392424ca033738d34dfe71f19fdb70329830?s=96&d=mm&r=g","caption":"H\u00f3dszol\u00e1r Kft."},"url":"https:\/\/dev.kompaktdesign.hu\/hodszolar.hu\/author\/hodszolar\/"}]}},"_links":{"self":[{"href":"https:\/\/dev.kompaktdesign.hu\/hodszolar.hu\/wp-json\/wp\/v2\/posts\/780","targetHints":{"allow":["GET"]}}],"collection":[{"href":"https:\/\/dev.kompaktdesign.hu\/hodszolar.hu\/wp-json\/wp\/v2\/posts"}],"about":[{"href":"https:\/\/dev.kompaktdesign.hu\/hodszolar.hu\/wp-json\/wp\/v2\/types\/post"}],"author":[{"embeddable":true,"href":"https:\/\/dev.kompaktdesign.hu\/hodszolar.hu\/wp-json\/wp\/v2\/users\/3"}],"replies":[{"embeddable":true,"href":"https:\/\/dev.kompaktdesign.hu\/hodszolar.hu\/wp-json\/wp\/v2\/comments?post=780"}],"version-history":[{"count":2,"href":"https:\/\/dev.kompaktdesign.hu\/hodszolar.hu\/wp-json\/wp\/v2\/posts\/780\/revisions"}],"predecessor-version":[{"id":786,"href":"https:\/\/dev.kompaktdesign.hu\/hodszolar.hu\/wp-json\/wp\/v2\/posts\/780\/revisions\/786"}],"wp:featuredmedia":[{"embeddable":true,"href":"https:\/\/dev.kompaktdesign.hu\/hodszolar.hu\/wp-json\/wp\/v2\/media\/784"}],"wp:attachment":[{"href":"https:\/\/dev.kompaktdesign.hu\/hodszolar.hu\/wp-json\/wp\/v2\/media?parent=780"}],"wp:term":[{"taxonomy":"category","embeddable":true,"href":"https:\/\/dev.kompaktdesign.hu\/hodszolar.hu\/wp-json\/wp\/v2\/categories?post=780"},{"taxonomy":"post_tag","embeddable":true,"href":"https:\/\/dev.kompaktdesign.hu\/hodszolar.hu\/wp-json\/wp\/v2\/tags?post=780"}],"curies":[{"name":"wp","href":"https:\/\/api.w.org\/{rel}","templated":true}]}}