{"id":788,"date":"2021-11-02T08:26:45","date_gmt":"2021-11-02T08:26:45","guid":{"rendered":"https:\/\/hodszolar.hu\/?p=788"},"modified":"2021-11-02T08:26:46","modified_gmt":"2021-11-02T08:26:46","slug":"100-os-lakossagi-tamogatas-vs-50-os-otthonfelujitasi-tamogatas","status":"publish","type":"post","link":"https:\/\/dev.kompaktdesign.hu\/hodszolar.hu\/2021\/11\/02\/100-os-lakossagi-tamogatas-vs-50-os-otthonfelujitasi-tamogatas\/","title":{"rendered":"100%-os lakoss\u00e1gi t\u00e1mogat\u00e1s vs 50%-os otthonfel\u00faj\u00edt\u00e1si t\u00e1mogat\u00e1s"},"content":{"rendered":"\n<p>Az augusztusban beharangozott 100%-os t\u00e1mogat\u00e1s \u00f3ri\u00e1si \u00e9rdekelts\u00e9gnek \u00f6rvend, mivel kor\u00e1bban nem volt ilyen magas t\u00e1mogatotts\u00e1gi intenzit\u00e1ssal rendelkez\u0151 p\u00e1ly\u00e1zat. Emellett a jelenleg is fut\u00f3, 95%-os t\u00e1mogatotts\u00e1g\u00fa tanyap\u00e1ly\u00e1zat kiz\u00e1r\u00f3lag a tany\u00e1k fejleszt\u00e9s\u00e9t c\u00e9lozza meg, \u00edgy a lakoss\u00e1g jelent\u0151s r\u00e9sze ebb\u0151l kiesik. A janu\u00e1rban indul\u00f3 otthonfel\u00faj\u00edt\u00e1si t\u00e1mogat\u00e1s szint\u00e9n nagy sikert aratott a lakoss\u00e1gn\u00e1l, ugyanis a csal\u00e1doknak lehet\u0151s\u00e9g\u00fck volt a r\u00e9g\u00f3ta halogatott fel\u00faj\u00edt\u00e1si munk\u00e1kat is \u00f6sszekapcsolni napelemes rendszer\u00fckkel. Ezek azonban mind el\u0151finansz\u00edroz\u00e1st ig\u00e9nyelnek, teh\u00e1t a p\u00e1ly\u00e1z\u00f3nak a teljes k\u00f6lts\u00e9get sz\u00fcks\u00e9ges kifizetnie, miel\u0151tt foly\u00f3s\u00edtana a finansz\u00edroz\u00f3 szerv.<\/p>\n\n\n\n<p>A 100%-os p\u00e1ly\u00e1zat lehet\u0151s\u00e9get ny\u00fajt az orsz\u00e1gos <strong>\u00e1tlagot el nem \u00e9r\u0151 j\u00f6vedelm\u0171<\/strong>, saj\u00e1t tulajdon\u00fa ingatlannal rendelkez\u0151 mag\u00e1nszem\u00e9lyek sz\u00e1m\u00e1ra, hogy vissza nem t\u00e9r\u00edtend\u0151 t\u00e1mogat\u00e1ssal lak\u00f3\u00e9p\u00fcleteiket meg\u00fajul\u00f3 energiaforr\u00e1ssal l\u00e1ss\u00e1k el, illetve energiahat\u00e9konys\u00e1gi korszer\u0171s\u00edt\u00e9st hajtsanak v\u00e9gre. A beruh\u00e1z\u00e1ssal cs\u00f6kkenthet\u0151 az \u00e9p\u00fclet energiaig\u00e9nye, amivel energi\u00e1t lehet megtakar\u00edtani. Ez\u00e1ltal a t\u00e1mogat\u00e1s a rezsics\u00f6kkent\u00e9s \u00fajabb eleme \u00e9s az \u00fcvegh\u00e1zhat\u00e1s\u00fa g\u00e1zok kibocs\u00e1t\u00e1s\u00e1nak visszafog\u00e1s\u00e1val a k\u00f6rnyezeti \u00f6r\u00f6ks\u00e9g\u00fcnk meg\u00f3v\u00e1s\u00e1hoz is hozz\u00e1j\u00e1rul.<\/p>\n\n\n\n<p>Azonban az el\u0151sz\u00f6r v\u00e9lem\u00e9nyez\u00e9sre kibocs\u00e1tott p\u00e1ly\u00e1zati felh\u00edv\u00e1s sokkal t\u00f6bb m\u00f3dos\u00edt\u00e1st ig\u00e9nyelt volna. Okt\u00f3ber 18-\u00e1n j\u00f6tt ki a v\u00e9gleges ki\u00edr\u00e1s, ami tartalmazott ugyan n\u00e9mi m\u00f3dos\u00edt\u00e1st az eredetihez k\u00e9pest, azonban m\u0171szakilag tov\u00e1bbra is feladja a leck\u00e9t a kivitelez\u0151knek, hogy olyan rendszereket tervezzenek meg, amelyek hossz\u00fat\u00e1von is seg\u00edtik a csal\u00e1dokat.<\/p>\n\n\n\n<figure class=\"wp-block-image\"><img decoding=\"async\" src=\"https:\/\/fuzia.hu\/storage\/hero\/November2020\/rZ2aeSvNS6clEQCLa25A-cropped.jpg\" alt=\"Napelem rendszerek otthonra, csal\u00e1di h\u00e1zra \u00e9s v\u00e1llalatoknak - Fuzia\"\/><\/figure>\n\n\n\n<p>B\u00e1r m\u00e9g j\u00f3v\u00e1 sem hagyta az Eur\u00f3pai Bizotts\u00e1g, a magyar korm\u00e1ny m\u00e9gis megkezdi a Helyre\u00e1ll\u00edt\u00e1si \u00e9s Ellen\u00e1ll\u00f3k\u00e9pess\u00e9gi Eszk\u00f6z forr\u00e1sainak eloszt\u00e1s\u00e1t. A tervek szerint mintegy 35 ezer h\u00e1ztart\u00e1s sz\u00e1m\u00e1ra 100 sz\u00e1zal\u00e9kos t\u00e1mogat\u00e1st ny\u00fajt napelemek telep\u00edt\u00e9s\u00e9re vagy napelemmel kombin\u00e1lt f\u0171t\u00e9skorszer\u0171s\u00edt\u00e9s c\u00e9lj\u00e1ra.&nbsp;A p\u00e1ly\u00e1zati terv azonban a civilek szerint nincs is \u00f6sszhangban Magyarorsz\u00e1g Helyre\u00e1ll\u00edt\u00e1si \u00e9s Ellen\u00e1ll\u00f3k\u00e9pess\u00e9gi Terv\u00e9ben (HET) r\u00f6gz\u00edtett c\u00e9lokkal \u00e9s szempontokkal.<\/p>\n\n\n\n<p>A ny\u00edl\u00e1sz\u00e1r\u00f3k cser\u00e9je mellett az \u00e9p\u00fcletek energiahat\u00e9konys\u00e1g\u00e1nak nagym\u00e9rt\u00e9k\u0171 \u00e9s szakszer\u0171 fejleszt\u00e9se is sz\u00fcks\u00e9ges lett volna. A legkiszolg\u00e1ltatottabb csal\u00e1dokon egy\u00e1ltal\u00e1n nem seg\u00edt az elektromos f\u0171t\u00e9sre t\u00f6rt\u00e9n\u0151 \u00e1tt\u00e9r\u00e9s p\u00e9ld\u00e1ul megfelel\u0151 szigetel\u00e9s n\u00e9lk\u00fcl, mert irre\u00e1lisan megn\u00f6veli a villamosenergia-felhaszn\u00e1l\u00e1st, melyet egy 5 KWp nagys\u00e1g\u00fa napelemes rendszer ilyen k\u00f6r\u00fclm\u00e9nyek k\u00f6z\u00f6tt nem felt\u00e9tlen el\u00e9g\u00edt ki.<\/p>\n\n\n\n<figure class=\"wp-block-image is-resized\"><img loading=\"lazy\" decoding=\"async\" src=\"https:\/\/www.otthonokesmegoldasok.hu\/wp-content\/uploads\/2020\/09\/gettyimages-860487134-768x513.jpg\" alt=\"Ablakszigetel\u00e9s h\u00e1zilag \u2013 \u00cdgy ints b\u00facs\u00fat a huzatnak\" width=\"840\" height=\"561\"\/><\/figure>\n\n\n\n<p>Sok esetben azok is p\u00e1ly\u00e1zhatnak, akik \u00f6ner\u0151b\u0151l, vagy p\u00e9ld\u00e1ul t\u00e1mogatott hitelb\u0151l is k\u00e9pesek lenn\u00e9nek a beruh\u00e1z\u00e1sok megval\u00f3s\u00edt\u00e1s\u00e1ra, mert belef\u00e9rnek a j\u00f6vedelmi hat\u00e1rokba. A szeg\u00e9nyebb, t\u00f6bb gyermeket nevel\u0151 vagy egy\u00e9b s\u00e9r\u00fcl\u00e9keny h\u00e1ztart\u00e1sok nem \u00e9lveznek els\u0151bbs\u00e9get vagy egy\u00e9b el\u0151nyt, a kedvez\u0151bb pontoz\u00e1son k\u00edv\u00fcl. A p\u00e1ly\u00e1zatok v\u00e1rhat\u00f3 d\u00f6mpingje sok felesleges kapacit\u00e1st k\u00f6t le \u00e9s a c\u00e9lzott t\u00e1mogat\u00e1s lehet\u0151s\u00e9g\u00e9t veszi el.<\/p>\n\n\n\n<p>A m\u00f3dos\u00edtott ki\u00edr\u00e1s azonban valamilyen szinten korl\u00e1tozta a p\u00e1ly\u00e1z\u00f3k k\u00f6r\u00e9t, ugyanis a kor\u00e1bbi \u00e1lland\u00f3 lakc\u00edmmel rendelkez\u0151 szem\u00e9lyekhez k\u00e9pest, a v\u00e9gleges ki\u00edr\u00e1sban kiz\u00e1r\u00f3lag a 2020-ban j\u00f6vedelemmel rendelkez\u0151 tulajdonosokat veszik figyelembe, teh\u00e1t sokan kiesnek emiatt. A ny\u00edl\u00e1sz\u00e1r\u00f3val kapcsolatos elv\u00e1r\u00e1s, miszerint nem p\u00e1ly\u00e1zhat\u00f3 a m\u00e1sodik csomag, abban az esetben ha a ny\u00edl\u00e1sz\u00e1r\u00f3k legal\u00e1bb fele ki lett cser\u00e9lve \u00e9s megfelel a jelenleg hat\u00e1lyos jogszab\u00e1lyoknak, szint\u00e9n egy olyan szempont, ami sz\u0171ri az \u00e9rdekl\u0151d\u0151ket.<\/p>\n\n\n\n<p>Az \u0151sz elej\u00e9n ki\u00edrt felh\u00edv\u00e1shoz k\u00e9pest a v\u00e9gleges ki\u00edr\u00e1sban meghat\u00e1rozott v\u00e1ltoz\u00e1sokat <a href=\"https:\/\/dev.kompaktdesign.hu\/hodszolar.hu\/2021\/10\/19\/megjelent-a-100-os-lakossagi-tamogatas-vegleges-kiirasa\/\">itt<\/a> szedt\u00fck \u00f6ssze.<\/p>\n\n\n\n<p>A 100%-os p\u00e1ly\u00e1zathoz mindenk\u00e9pp javaslunk p\u00e1ly\u00e1zat\u00edr\u00f3t, illetve k\u00f6telez\u0151 egy m\u0171szaki ellen\u0151r megb\u00edz\u00e1sa is. Ezek a k\u00f6lts\u00e9gek nem elsz\u00e1molhat\u00f3k, \u00edgy teh\u00e1t hi\u00e1ba 100%-os a p\u00e1ly\u00e1zat t\u00e1mogatotts\u00e1ga, m\u00e1r els\u0151 k\u00f6rben is sz\u00e1molnunk kell egy t\u00f6bb sz\u00e1zezer forintos \u00f6ner\u0151vel. Emellett \u00e9rdemes figyelembe venni, hogy a decemberben beny\u00fajtott k\u00e9relmek j\u00f3 esetben is csak tavasszal ker\u00fclnek elb\u00edr\u00e1l\u00e1sra, teh\u00e1t a mostani \u00e1rakra hi\u00e1ba szerz\u0151d\u00fcnk le, sajnos ezt a ter\u00fcletet is el\u00e9rte a folyamatos k\u00e9szlethi\u00e1ny \u00e9s radik\u00e1lisan emelked\u0151 \u00e1rak. Mivel az el\u0151z\u0151 ki\u00edr\u00e1shoz k\u00e9pest az elsz\u00e1molhat\u00f3 k\u00f6lts\u00e9gek m\u00e9rt\u00e9k\u00e9n is v\u00e1ltoztattak, a napelemes rendszer eset\u00e9ben 1 kWp-re vet\u00edtett elsz\u00e1molhat\u00f3 k\u00f6lts\u00e9g a kor\u00e1bbi brutt\u00f3 520\u00a0700 Ft helyett m\u00e1r csak 485\u00a0645 Ft, \u00edgy a jelenlegi \u00e1rak mellett is neh\u00e9z belef\u00e9rni ebbe a korl\u00e1tba.<\/p>\n\n\n\n<p>Ez n\u00e9h\u00e1ny esetben sajnos az\u00e9rt van, mert sok kivitelez\u0151 a magas t\u00e1mogatotts\u00e1g miatt magasabb \u00e1rakkal dolgozik, azonban a H\u00f3dszol\u00e1r eset\u00e9ben az \u00e1rak a k\u00edn\u00e1lt min\u0151s\u00e9ghez kapcsol\u00f3dnak. Nagyon sok m\u00falik a megfelel\u0151 t\u00e1j\u00e9koztat\u00e1son \u00e9s sok p\u00e1ly\u00e1z\u00f3 nem is tudja, hogy rendszere pontosan milyen gy\u00e1rt\u00e1s\u00fa, milyen garanciaid\u0151kkel \u00e9s referenci\u00e1kkal rendelkez\u0151 term\u00e9kekb\u0151l tev\u0151dik \u00f6ssze. <strong><em>Sz\u00e1m\u00edt a min\u0151s\u00e9g!<\/em><\/strong> C\u00e9g\u00fcnk egyik legfontosabb szempontj\u00e1nak tartja, hogy olyan napelemes rendszereket adjon ki a kezeib\u0151l, amelyek 25 \u00e9v m\u00falva is j\u00f3 rendszereknek sz\u00e1m\u00edtanak, magas hozammal. Vannak kivitelez\u0151k, akik a megfelel\u0151 t\u00e1j\u00e9koztat\u00e1s helyett az \u00e1rral pr\u00f3b\u00e1lj\u00e1k megnyerni az \u00e9rdekl\u0151d\u0151ket \u00e9s olyan term\u00e9keket forgalmaznak, amelyek m\u00e1r most is gyeng\u00e9bb min\u0151s\u00e9g\u0171nek sz\u00e1m\u00edtanak, sok jav\u00edt\u00e1st \u00e9s fel\u00fcgyeletet fognak ig\u00e9nyelni \u00e9s nagy es\u00e9llyel nem vonatkozik r\u00e1juk 10 \u00e9v garancia sem.<\/p>\n\n\n\n<p>Ezzel szemben, term\u00e9szetesen a megfelel\u0151 t\u00e1j\u00e9koztat\u00e1s mellett, igyeksz\u00fcnk a legt\u00f6bb megrendel\u0151nknek olyan napelemes rendszert tervezni, ami \u00e1r-\u00e9rt\u00e9k ar\u00e1nyban is megfelel az elv\u00e1r\u00e1soknak \u00e9s a k\u00e9s\u0151bbi ig\u00e9nyeket is k\u00e9pes lesz kiel\u00e9g\u00edteni. \u00cdgy teh\u00e1t fels\u0151 kateg\u00f3ri\u00e1s term\u00e9keket ny\u00fajtunk k\u00f6z\u00e9p-kateg\u00f3ri\u00e1s \u00e1ron \u00e9s rendszereinket b\u0151v\u00edthet\u0151re tervezz\u00fck. Ismertetve az \u00e1ltalunk javasolt rendszer el\u0151nyeit m\u00e1s gy\u00e1rtm\u00e1nyokkal szemben, a legt\u00f6bb \u00e9rdekl\u0151d\u0151 gondolkod\u00e1s n\u00e9lk\u00fcl az el\u0151remutat\u00f3 megold\u00e1st v\u00e1lasztja, hiszen mindenki hossz\u00fat\u00e1vra szeret tervezni. \u00c9ppen ez\u00e9rt nem szabad megel\u00e9gedn\u00fcnk egy gyeng\u00e9bb min\u0151s\u00e9ggel csak az\u00e9rt, hogy belef\u00e9rj\u00fcnk a t\u00e1mogatott keretbe! Sokkal kifizet\u0151d\u0151bb befektet\u00e9s most egy j\u00f3 rendszer, mint egy kev\u00e9sb\u00e9 j\u00f3, ami k\u00e9s\u0151bb ak\u00e1r rendszeres karbantart\u00e1st \u00e9s jav\u00edt\u00e1st, esetleg cser\u00e9t is ig\u00e9nyelhet.<\/p>\n\n\n\n<p>A k\u00e9rd\u00e9s m\u00e1r csak az, hogy ha \u00f6sszesz\u00e1moljuk az \u00f6ner\u0151 k\u00f6lts\u00e9g\u00e9t a 100%-os t\u00e1mogat\u00e1s eset\u00e9ben, vajon melyik p\u00e1ly\u00e1zat a sz\u00e1munkra megfelel\u0151bb v\u00e1laszt\u00e1s? \u00d6sszeszedt\u00fck 10+1 szempontot, ha a befektetett \u00f6sszeg mellett m\u00e1st is figyelembe szeretn\u00e9nk venni.<\/p>\n\n\n\n<ol class=\"wp-block-list\" type=\"1\"><li><strong>Mekkora rendszerre van sz\u00fcks\u00e9gem?<\/strong><\/li><\/ol>\n\n\n\n<p>A 100%-os t\u00e1mogat\u00e1s eset\u00e9ben maximum 5 kWp nagys\u00e1g\u00fa napelemes rendszert enged\u00e9lyeznek. Az els\u0151 m\u0171szaki csomag eset\u00e9ben, miszerint az el\u0151z\u0151 \u00e9vi fogyaszt\u00e1sra m\u00e9retezhetj\u00fck a napelemek teljes\u00edtm\u00e9ny\u00e9t, ez maximum (a jelenlegi energia\u00e1rak mellett) egy 19&nbsp;500 Ft-os villanysz\u00e1mla kiv\u00e1lt\u00e1s\u00e1t jelenti. Ezzel t\u00f6bb probl\u00e9ma is ad\u00f3dhat, az egyik, hogy ha enn\u00e9l m\u00e1r most nagyobb a fogyaszt\u00e1sunk. A m\u00e1sik, hogy ha decemberben adjuk be a p\u00e1ly\u00e1zatot \u00e9s tegy\u00fck fel febru\u00e1rban van az \u00e9ves elsz\u00e1mol\u00e1sunk az \u00e1ramszolg\u00e1ltat\u00f3val, teh\u00e1t az utols\u00f3 elsz\u00e1mol\u00f3 sz\u00e1ml\u00e1t is febru\u00e1rban kaptuk meg, akkor csak arra a teljes\u00edtm\u00e9nyre p\u00e1ly\u00e1zhatunk. Azonban k\u00f6nnyen lehet, hogy k\u00f6zben vett\u00fck egy villanybojlert, egy m\u00e9lyh\u0171t\u0151t vagy esetleg a ny\u00e1ron beszereltek n\u00e1lunk egy kl\u00edm\u00e1t, ami ugye az el\u0151z\u0151 \u00e9vi fogyaszt\u00e1son nem l\u00e1tsz\u00f3dik, mivel a p\u00e9ld\u00e1nk szerint a febru\u00e1ri \u00e1llapotot kell n\u00e9zn\u00fcnk. Teh\u00e1t a t\u00f6bbletfogyaszt\u00e1s csak j\u00f6v\u0151 febru\u00e1rban l\u00e1tsz\u00f3dna, m\u00edg a p\u00e1ly\u00e1zatot decemberben adjuk be. Ez azt jelenten\u00e9, hogy ugyan\u00fagy maradna villanysz\u00e1ml\u00e1nk, a rendszert pedig p\u00e1ly\u00e1zaton k\u00edv\u00fcl sem tervezhetj\u00fck nagyobbra.<\/p>\n\n\n\n<p>A m\u00e1sodik m\u0171szaki csomag eset\u00e9ben a tervezett f\u0171t\u00e9si rendszer energiaig\u00e9ny\u00e9re sz\u00e1molhatunk, de ez sem haladhatja meg az 5 kWp-t. Ez ak\u00e1r a leveg\u0151-leveg\u0151, ak\u00e1r a leveg\u0151-v\u00edz t\u00edpus\u00fa h\u0151szivatty\u00fat n\u00e9zve, kev\u00e9s esetben el\u00e9g. Mivel a 100%-os p\u00e1ly\u00e1zat az \u00e1tlagon aluli csal\u00e1dokat c\u00e9lozza meg, ne felejts\u00fck el, hogy egy kisebb, j\u00f3l szigetelt h\u00e1z eset\u00e9ben ez a napelemteljes\u00edtm\u00e9ny ak\u00e1r el\u00e9g is lehet! Azonban a meghat\u00e1rozott j\u00f6vedelemhat\u00e1r miatt, nagyobb f\u0171t\u00f6tt ter\u00fclet\u0171 ingatlannal rendelkez\u0151 szem\u00e9lyek is p\u00e1ly\u00e1zhatnak, akiknek a f\u0171t\u00e9si energiaig\u00e9ny\u00e9t, m\u00e9g egy nagyon j\u00f3l szigetelt h\u00e1z eset\u00e9ben se felt\u00e9tlen\u00fcl fedezi egy 5 kWp nagys\u00e1g\u00fa napelemes rendszer.<\/p>\n\n\n\n<figure class=\"wp-block-image is-resized\"><img loading=\"lazy\" decoding=\"async\" src=\"https:\/\/amiotthonunk.hu\/wp-content\/uploads\/2016\/06\/hoszivattyuesnapelem1.jpg\" alt=\"H\u0151szivatty\u00fa \u00e9s napelem j\u00f3t\u00e9kony szimbi\u00f3zisa - A Mi Otthonunk\" width=\"841\" height=\"435\"\/><\/figure>\n\n\n\n<p>Ezzel szemben, az otthonfel\u00faj\u00edt\u00e1si t\u00e1mogat\u00e1s eset\u00e9ben, a napelemes rendszert nem k\u00f6tik sem kor\u00e1bbi fogyaszt\u00e1shoz, sem tervezetthez. Teljes m\u00e9rt\u00e9kben a csal\u00e1dokra van b\u00edzva, hogy mekkora napelemes rendszert szeretn\u00e9nek, \u00edgy mindenkivel v\u00e9gigbesz\u00e9lj\u00fck a szempontokat \u00e9s az azokhoz m\u00e9rt lehet\u0151s\u00e9geket. Szeretn\u00e9nk k\u00e9s\u0151bb egy villanybojlert, esetleg p\u00e1r \u00e9v m\u00falva elektromos aut\u00f3t szeretn\u00e9nk vezetni vagy ak\u00e1r t\u00f6bbet? B\u0151v\u00fcl a csal\u00e1d, ez\u00e1ltal v\u00e1rhat\u00f3an n\u00f6vekszik az elektromos fogyaszt\u00e1sunk? <strong><em>Mindent seg\u00edt\u00fcnk kisz\u00e1molni!<\/em><\/strong> A tapasztalatoknak k\u00f6sz\u00f6nhet\u0151en sok \u00f6tlet\u00fcnk van, ami \u00edgy hirtelen nem is jut esz\u00e9be a megrendel\u0151nek, azonban a tervez\u00e9s sor\u00e1n kider\u00fcl, hogy milyen elektromos cikkekre, fogyaszt\u00f3kra l\u00e1t es\u00e9lyt a j\u00f6v\u0151ben \u00e9s persze k\u00f6nnyebb most nagyobb inverterrel nagyobb ny\u00fajt\u00f3zkod\u00e1si lehet\u0151s\u00e9get hagyni, mint k\u00e9s\u0151bb t\u00f6rni a fej\u00fcnket azon, hogy hogy null\u00e1zzuk megint a villanysz\u00e1ml\u00e1t, \u00fajabb enged\u00e9lyeztet\u00e9s n\u00e9lk\u00fcl.<\/p>\n\n\n\n<p>2. <strong>Van 25 \u00e9v alatti gyermekem?<\/strong><\/p>\n\n\n\n<p>M\u00edg a 100%-os t\u00e1mogat\u00e1sn\u00e1l nem felt\u00e9tel a csal\u00e1d, teh\u00e1t ak\u00e1r gyermek n\u00e9lk\u00fcliek, nyugd\u00edjasok is p\u00e1ly\u00e1zhatnak, az otthonfel\u00faj\u00edt\u00e1si t\u00e1mogat\u00e1s eset\u00e9ben ez a legfontosabb szempont. Gyermeknek sz\u00e1m\u00edt minden 25 \u00e9v alatti, az \u00e9rintett ingatlanban \u00e1lland\u00f3 lakc\u00edmmel rendelkez\u0151 gyermek, eg\u00e9szen a 12 hetes magzatt\u00f3l. \u00cdgy teh\u00e1t mindenk\u00e9pp egy d\u00f6nt\u0151 k\u00e9rd\u00e9s, hogy ilyen szempontb\u00f3l ig\u00e9nyelhetj\u00fck-e az 50%-os t\u00e1mogat\u00e1st.<\/p>\n\n\n\n<p>3. <strong>Csak a villanyfogyaszt\u00e1st szeretn\u00e9m kiv\u00e1ltani vagy a f\u0171t\u00e9semet is szeretn\u00e9m korszer\u0171s\u00edteni?<\/strong><\/p>\n\n\n\n<p>A 100%-os t\u00e1mogat\u00e1s keretein bel\u00fcl vagy csak az el\u0151z\u0151 \u00e9vi villanyfogyaszt\u00e1sra, vagy csak a tervezett energiaig\u00e9nyre tervezhetj\u00fck napelemes rendszer\u00fcnket. A m\u00e1sodik m\u0171szaki csomag eset\u00e9n (f\u0171t\u00e9skorszer\u0171s\u00edt\u00e9s) azonban megmarad az eddigi villanysz\u00e1ml\u00e1nk! Az el\u0151z\u0151 ki\u00edr\u00e1shoz k\u00e9pest ez is egy v\u00e1ltoz\u00e1s, ami sokak figyelm\u00e9t elker\u00fcli. Mivel csak a f\u0171t\u00e9si energiaig\u00e9nyt n\u00e9zhetj\u00fck, ami maximum 5 kWp lehet, ha \u00e1tt\u00e9r\u00fcnk elektromos f\u0171t\u00e9sre \u00e9s ez nem elegend\u0151, hogy teljesen felf\u0171ts\u00fck ingatlanunkat, \u00fagy kerekedik egy plusz \u00e1ramk\u00f6lts\u00e9g, illetve megmarad az eredeti villanysz\u00e1ml\u00e1nk is. Mivel nem emelt\u00e9k meg a rendszer m\u00e9ret\u00e9t, \u00edgy ez sok esetben el\u0151fordulhat, ha nagyobb f\u0171t\u00f6tt ter\u00fcletr\u0151l vagy rossz szigetel\u00e9sr\u0151l besz\u00e9l\u00fcnk.<\/p>\n\n\n\n<p>4. <strong>Meg tudom el\u0151re finansz\u00edrozni a projektet?<\/strong><\/p>\n\n\n\n<p>A 100%-os t\u00e1mogat\u00e1snak ugyan vannak \u00f6ner\u0151k\u00e9nt tekintend\u0151 k\u00f6lts\u00e9gei, azonban a p\u00e1ly\u00e1z\u00f3nak nem sz\u00fcks\u00e9ges el\u0151finansz\u00edrozni a projektet vagy projekteket. Ezt a kivitelez\u0151 teszi meg. \u00cdgy teh\u00e1t a kor\u00e1bban eml\u00edtett k\u00f6lts\u00e9geken k\u00edv\u00fcl m\u00e1ssal nem sz\u00fcks\u00e9ges sz\u00e1molnunk. Az otthonfel\u00faj\u00edt\u00e1s eset\u00e9ben azonban minden fel\u00faj\u00edt\u00e1si projektet \u00e9s a napelemes rendszer\u00fcnket is teljes m\u00e9rt\u00e9kben ki kell el\u0151re fizetn\u00fcnk, a sikeres elb\u00edr\u00e1l\u00e1s ut\u00e1n foly\u00f3s\u00edtja nek\u00fcnk az 50%-ot a Magyar \u00c1llamkincst\u00e1r. Az otthonfel\u00faj\u00edt\u00e1si t\u00e1mogat\u00e1s eset\u00e9ben van egy ig\u00e9nybe vehet\u0151 kedvezm\u00e9nyes hitelkonstrukci\u00f3 is, viszont ennek term\u00e9szetesen vannak k\u00f6lts\u00e9gei.<\/p>\n\n\n\n<p>5. <strong>Belef\u00e9rek a j\u00f6vedelmi korl\u00e1tba?<\/strong><\/p>\n\n\n\n<p>A 100%-os t\u00e1mogat\u00e1s legfontosabb szempontja, hogy belef\u00e9rj\u00fcnk a j\u00f6vedelmi korl\u00e1tba. A tulajdonosok 2020-as 1 f\u0151re jut\u00f3 brutt\u00f3 j\u00f6vedelme nem haladhatja meg a 4\u00a0850\u00a0000 Ft-os hat\u00e1rt. A kor\u00e1bbi ki\u00edr\u00e1shoz k\u00e9pest az \u00e1lland\u00f3 lakc\u00edmmel rendelkez\u0151 szem\u00e9lyek nem sz\u00e1m\u00edtanak bele a k\u00e9pletbe. Az 50%-os t\u00e1mogat\u00e1sn\u00e1l nincs elv\u00e1r\u00e1s vagy korl\u00e1t a j\u00f6vedelmet illet\u0151en.<\/p>\n\n\n\n<p>6. <strong>M\u00e1r r\u00e9g\u00f3ta ki szeretn\u00e9m cser\u00e9lni a ny\u00edl\u00e1sz\u00e1r\u00f3kat?<\/strong><\/p>\n\n\n\n<p>Mindk\u00e9t t\u00e1mogat\u00e1s eset\u00e9ben van lehet\u0151s\u00e9g lecser\u00e9lni a ny\u00edl\u00e1sz\u00e1r\u00f3inkat. A 100%-os t\u00e1mogat\u00e1s eset\u00e9ben azonban van egy fontos szab\u00e1ly, amir\u0151l nem szabad megfeledkezn\u00fcnk. Amennyiben (ter\u00fclet szempontj\u00e1b\u00f3l) a ny\u00edl\u00e1sz\u00e1r\u00f3k t\u00f6bb, mint fele cser\u00e9lve volt kor\u00e1bban, nincs lehet\u0151s\u00e9g\u00fcnk a marad\u00e9k cser\u00e9j\u00e9re, illetve kiz\u00e1r\u00f3lag f\u0171t\u00f6tt \u00e9s f\u0171tetlen teret elv\u00e1laszt\u00f3 ny\u00edl\u00e1sz\u00e1r\u00f3kra ny\u00fajthat\u00f3 100%-os t\u00e1mogat\u00e1s. Az otthonfel\u00faj\u00edt\u00e1si t\u00e1mogat\u00e1sn\u00e1l nincs erre k\u00fcl\u00f6n szab\u00e1ly. A 100%-os t\u00e1mogat\u00e1s eset\u00e9ben erre a projektre is van egy k\u00f6lts\u00e9gkeret, amibe ha nem f\u00e9r\u00fcnk bele, akkor a t\u00f6bbletk\u00f6lts\u00e9get \u00f6ner\u0151b\u0151l kell finansz\u00edroznunk. A m\u00e1sik t\u00e1mogat\u00e1sn\u00e1l pedig alapb\u00f3l csak maximum 50%-\u00e1t fizetik ki a k\u00f6lts\u00e9geinknek.<\/p>\n\n\n\n<figure class=\"wp-block-image\"><img decoding=\"async\" src=\"https:\/\/veka.hu\/wp-content\/uploads\/2020\/06\/veka_blog-nyil%C3%A1szaro_csere_lepesrol_lepesre.jpg\" alt=\"Ny\u00edl\u00e1sz\u00e1r\u00f3 csere - l\u00e9p\u00e9sr\u0151l l\u00e9p\u00e9sre - VEKA Magyarorsz\u00e1g\"\/><\/figure>\n\n\n\n<p>7. <strong>Nem szeretn\u00e9k p\u00e1ly\u00e1zat\u00edr\u00f3ra k\u00f6lteni?<\/strong><\/p>\n\n\n\n<p>A fel\u00faj\u00edt\u00e1si t\u00e1mogat\u00e1ssal ellent\u00e9tben, a 100%-os t\u00e1mogat\u00e1s bonyolult p\u00e1ly\u00e1zati kit\u00f6lt\u0151rendszerben fog m\u0171k\u00f6dni, amit kor\u00e1bban csak c\u00e9ges vagy mez\u0151gazdas\u00e1gi p\u00e1ly\u00e1zatok eset\u00e9ben haszn\u00e1ltak. Ebb\u0151l kiindulva, mi mindenk\u00e9ppen szakemberre b\u00edzn\u00e1nk a bead\u00e1st. A magas t\u00e1mogatotts\u00e1gi intenzit\u00e1s miatt v\u00e1rhat\u00f3 t\u00faljelentkez\u00e9snek k\u00f6sz\u00f6nhet\u0151en, val\u00f3sz\u00edn\u0171leg a bead\u00e1s gyorsas\u00e1ga is sz\u00e1m\u00edt a megfelel\u0151 dokumentumok felt\u00f6lt\u00e9se mellett. \u00cdgy egy tapasztalt p\u00e1ly\u00e1zat\u00edr\u00f3nak ez nem felt\u00e9tlen jelent akad\u00e1lyt, m\u00edg ha mi magunk pr\u00f3b\u00e1ln\u00e1nk beadni k\u00e9relm\u00fcnket, k\u00f6nnyen \u00fctk\u00f6zhet\u00fcnk akad\u00e1lyba. A p\u00e1ly\u00e1zat\u00edr\u00f3 k\u00f6lts\u00e9ge viszont nem elsz\u00e1molhat\u00f3 a p\u00e1ly\u00e1zatban. Az 50%-os t\u00e1mogat\u00e1si k\u00e9relmet azonban eddig minden \u00fcgyfel\u00fcnk maga adta be \u00e9s sikeresen kapta vissza ezt k\u00f6vet\u0151en az elk\u00f6lt\u00f6tt \u00f6sszeg fel\u00e9t. \u00dcgyf\u00e9lkapun kereszt\u00fcl vagy szem\u00e9lyesen lehet beny\u00fajtani a dokumentumokat \u00e9s csup\u00e1n n\u00e9h\u00e1ny szab\u00e1lyt sz\u00fcks\u00e9ges \u00e9szben tartanunk a kit\u00f6lt\u00e9skor.<\/p>\n\n\n\n<p>8. <strong>Hibrid rendszert szeretn\u00e9k?<\/strong><\/p>\n\n\n\n<p>Hibrid napelemes rendszer eset\u00e9n lehet\u0151s\u00e9g\u00fcnk van ugyan\u00fagy a h\u00e1l\u00f3zatb\u00f3l \u00e9s a h\u00e1l\u00f3zatba t\u00e1pl\u00e1lni az energi\u00e1t, de a h\u00e1l\u00f3zatt\u00f3l f\u00fcggetlen\u00fcl is haszn\u00e1lhatjuk elektromos fogyaszt\u00f3inkat egy akkumul\u00e1tor seg\u00edts\u00e9g\u00e9vel. Teh\u00e1t este, amikor nem termel a napelem, el tudjuk haszn\u00e1lni a napk\u00f6zben megtermelt energia egy r\u00e9sz\u00e9t (az akkumul\u00e1tor teljes\u00edtm\u00e9ny\u00e9t\u0151l f\u00fcgg\u0151en) \u00e9s nem kell azt a h\u00e1l\u00f3zatb\u00f3l v\u00e9telezn\u00fcnk. Ez k\u00fcl\u00f6n\u00f6sen j\u00f3 lehet\u0151s\u00e9g lehet majd k\u00e9s\u0151bb, amikor bevezetik a brutt\u00f3 elsz\u00e1mol\u00e1st az \u00e1ramszolg\u00e1ltat\u00f3val. A 100%-os t\u00e1mogat\u00e1s m\u00e1sodik m\u0171szaki csomagja eset\u00e9n elsz\u00e1molhat\u00f3, s\u0151t k\u00f6telez\u0151 elem az akkumul\u00e1tor \u00e9s term\u00e9szetesen egy azt befogadni tud\u00f3 inverterre lesz majd sz\u00fcks\u00e9g\u00fcnk. \u00c9rdemes figyelembe venni ezt is, miel\u0151tt leszerz\u0151dn\u00e9nk egy kivitelez\u0151vel, ugyanis az \u00e1ramszolg\u00e1ltat\u00f3nak van egy list\u00e1ja az enged\u00e9lyeztetett inverterekr\u0151l \u00e9s nem minden t\u00edpus\u00fa inverter kompatibilis akkumul\u00e1torral.<\/p>\n\n\n\n<p>9. <strong>Szeretn\u00e9m k\u00e9s\u0151bb b\u0151v\u00edteni a napelemes rendszeremet?<\/strong><\/p>\n\n\n\n<p>Az enged\u00e9lyeztet\u00e9sn\u00e9l az \u00e1ramszolg\u00e1ltat\u00f3 az invertert n\u00e9zi els\u0151sorban, nem a napelemet, \u00edgy \u00e9rdemes j\u00f3l v\u00e1lasztani! Az inverterek k\u00f6z\u00f6tt \u00e1rban nincs olyan nagy k\u00fcl\u00f6nbs\u00e9g \u00e9s sok esetben a hozz\u00e1juk sz\u00fcks\u00e9ges kismegszak\u00edt\u00f3k teljes\u00edtm\u00e9ny\u00e9ben sem. \u00cdgy p\u00e9ld\u00e1ul egy 7 kW-os \u00e9s egy 10 kW-os inverter k\u00f6z\u00f6tt \u00e1tlagosan 100 000 Ft k\u00fcl\u00f6nbs\u00e9g van, mindkett\u0151h\u00f6z el\u00e9g 3x16Amper. A 7 kW-os inverter azonban \u201ecsak\u201d 9,45 kW-ig b\u0151v\u00edthet\u0151, m\u00edg a 10 kW-os eg\u00e9szen 13,5 kW-ig. Term\u00e9szetesen a kett\u0151 k\u00f6z\u00f6tt is vannak opci\u00f3k, de \u00e9rdemes v\u00e9giggondolni, hogy milyen plusz fogyaszt\u00f3kat szeretn\u00e9nk k\u00e9s\u0151bb. Az otthonfel\u00faj\u00edt\u00e1si t\u00e1mogat\u00e1s ig\u00e9nybev\u00e9tele nem befoly\u00e1solja ezt a ny\u00fajt\u00f3zkod\u00e1si lehet\u0151s\u00e9get \u00e9s m\u0171szakilag is megoldhat\u00f3, ugyanis legt\u00f6bb esetben m\u00e1r 40%-nyi napelemmel is elindul egy inverter. \u00cdgy teh\u00e1t egy 10 kW-os invertert is enged\u00e9lyeztethet\u00fcnk 4 kWp napelemmel ak\u00e1r \u00e9s csak akkor b\u0151v\u00edtj\u00fck ki a rendszert, amikor sz\u00fcks\u00e9gess\u00e9 v\u00e1lik. Nem javasoljuk t\u00falm\u00e9retezni sem az invertert, mert felesleges kiad\u00e1sba nem szeretn\u00e9nk senkit sem hajszolni, \u00edgy fontos a pontos tervez\u00e9s. Az inverter teljes\u00edtm\u00e9nye azonban fix, teh\u00e1t k\u00e9s\u0151bb vagy annak cser\u00e9j\u00e9vel, vagy egy teljesen m\u00e1sik inverter enged\u00e9lyeztet\u00e9s\u00e9vel oldhat\u00f3 meg a probl\u00e9ma, ha nem hagytunk magunknak el\u00e9g mozg\u00e1steret. A 100%-os t\u00e1mogat\u00e1sn\u00e1l azonban egyik m\u0171szaki csomag eset\u00e9n sem v\u00e1laszthatunk nagyobb invertert a sz\u00fcks\u00e9ges (el\u0151z\u0151 \u00e9vi fogyaszt\u00e1sra vagy tervezett f\u0171t\u00e9s energiaig\u00e9ny\u00e9re m\u00e9retezett) napelem teljes\u00edtm\u00e9ny\u00e9n\u00e9l. A ki\u00edr\u00e1s szerint a napelem maximum 20%-kal haladhatja meg az inverter teljes\u00edtm\u00e9ny\u00e9t. A maxim\u00e1lis 5 kWp teljes\u00edtm\u00e9ny\u0171 rendszer egy okos inverter eset\u00e9ben is csak 6,75 kWp-ig b\u0151v\u00edthet\u0151.<\/p>\n\n\n\n<p>10. <strong>Csak 1 f\u00e1zisom van?<\/strong><\/p>\n\n\n\n<p>Nagyon sok h\u00e1ztart\u00e1sban nincs ki\u00e9p\u00edtve a 3 f\u00e1zis, ugyanis eddig nem igaz\u00e1n volt indokolt. Azonban 2021.04.30. ut\u00e1n enged\u00e9lyeztetett napelemes rendszerek eset\u00e9ben maximum 2,5 kW-os invertert enged az \u00e1ramszolg\u00e1ltat\u00f3, ami kev\u00e9s esetben v\u00e1ltja ki az energiaig\u00e9ny\u00fcnket. \u00cdgy teh\u00e1t ha napelemes rendszert szeretn\u00e9nk, mindenk\u00e9pp bele kell v\u00e1gnunk a f\u00e1zisb\u0151v\u00edt\u00e9sbe. Att\u00f3l f\u00fcgg\u0151en, hogy hol helyezkedik el a villany\u00f3raszekr\u00e9ny\u00fcnk, ez el\u00e9g k\u00f6lts\u00e9ges projekt is lehet. A 100%-os t\u00e1mogat\u00e1s eset\u00e9ben viszont elsz\u00e1molhat\u00f3 k\u00f6lts\u00e9g a 3 f\u00e1zis\u00fa m\u00e9r\u0151hely ki\u00e9p\u00edt\u00e9se majdnem 97\u00a0000 Ft-os m\u00e9rt\u00e9kben. Emellett a villany\u00f3ra szabv\u00e1nyos\u00edt\u00e1s\u00e1ra majdnem 290\u00a0000 Ft-ot kaphatunk. \u00cdgy teh\u00e1t jelent\u0151sen cs\u00f6kkenthetj\u00fck kiad\u00e1sainkat, ha el tudjuk sz\u00e1molni egy r\u00e9sz\u00e9t.<\/p>\n\n\n\n<figure class=\"wp-block-image is-resized\"><img loading=\"lazy\" decoding=\"async\" src=\"https:\/\/regisztralt-villanyszerelo.hu\/kepek\/regisztralt-villanyszerelo.jpg\" alt=\"Regisztr\u00e1lt villanyszerel\u0151\" width=\"840\" height=\"576\"\/><\/figure>\n\n\n\n<p>10+1 <strong>Milyen elsz\u00e1mol\u00e1s\u00fa lesz a napelemes rendszerem?<\/strong><\/p>\n\n\n\n<p>A jelenlegi \u00e1ll\u00e1s szerint elt\u00f6r\u00f6lt\u00e9k a kor\u00e1bban beharangozott, 2021.07.01-j\u00e9vel kezd\u0151d\u0151 brutt\u00f3 elsz\u00e1mol\u00e1st az otthonfel\u00faj\u00edt\u00e1si t\u00e1mogat\u00e1s eset\u00e9ben. Arr\u00f3l tov\u00e1bbra sincs h\u00edr, hogy az az\u00f3ta megk\u00f6t\u00f6tt h\u00e1l\u00f3zathaszn\u00e1lati szerz\u0151d\u00e9sek eset\u00e9ben megv\u00e1ltoztathatj\u00e1k az elsz\u00e1mol\u00e1si m\u00f3dot, azonban mi nem gondoln\u00e1nk, hogy ilyet bevezetn\u00e9nek k\u00e9s\u0151bb. Az \u00f6ner\u0151s projektek eset\u00e9ben is szald\u00f3 elsz\u00e1mol\u00e1s lesz, amennyiben megk\u00f6t\u00e9sre ker\u00fcl a h\u00e1l\u00f3zathaszn\u00e1lati szerz\u0151d\u00e9s 2023.12.31-ig. A 100%-os p\u00e1ly\u00e1zatn\u00e1l viszont benne van a ki\u00edr\u00e1sban, hogy a p\u00e1ly\u00e1z\u00e1ssal a p\u00e1ly\u00e1z\u00f3 v\u00e1llalja, hogy amikor v\u00e1ltoztatnak az elsz\u00e1mol\u00e1si m\u00f3don (2024-t\u0151l), akkor \u00e1t\u00e1ll \u0151 is az \u00faj rendszerre. Teh\u00e1t a most megval\u00f3s\u00edtott rendszerek 2023.12.31-ig szald\u00f3 elsz\u00e1mol\u00e1sban lesznek, majd \u00e1tker\u00fclnek brutt\u00f3ba 2024-t\u0151l (a 100%-os lakoss\u00e1gi t\u00e1mogat\u00e1s eset\u00e9n). A szald\u00f3 \u00e9s brutt\u00f3 elsz\u00e1mol\u00e1s k\u00f6z\u00f6tti k\u00fcl\u00f6nbs\u00e9gr\u0151l hamarosan besz\u00e1molunk \u00e9rthet\u0151en!<\/p>\n","protected":false},"excerpt":{"rendered":"<p>Az augusztusban beharangozott 100%-os t\u00e1mogat\u00e1s \u00f3ri\u00e1si \u00e9rdekelts\u00e9gnek \u00f6rvend, mivel kor\u00e1bban nem volt ilyen magas t\u00e1mogatotts\u00e1gi intenzit\u00e1ssal rendelkez\u0151 p\u00e1ly\u00e1zat. Emellett a jelenleg is fut\u00f3, 95%-os t\u00e1mogatotts\u00e1g\u00fa tanyap\u00e1ly\u00e1zat kiz\u00e1r\u00f3lag a tany\u00e1k fejleszt\u00e9s\u00e9t c\u00e9lozza meg, \u00edgy a lakoss\u00e1g jelent\u0151s r\u00e9sze ebb\u0151l kiesik. A janu\u00e1rban indul\u00f3 otthonfel\u00faj\u00edt\u00e1si t\u00e1mogat\u00e1s szint\u00e9n nagy sikert aratott a lakoss\u00e1gn\u00e1l, ugyanis a csal\u00e1doknak lehet\u0151s\u00e9g\u00fck volt [&hellip;]<\/p>\n","protected":false},"author":3,"featured_media":789,"comment_status":"open","ping_status":"open","sticky":false,"template":"","format":"standard","meta":{"footnotes":""},"categories":[1],"tags":[],"class_list":["post-788","post","type-post","status-publish","format-standard","has-post-thumbnail","hentry","category-egyeb"],"yoast_head":"<!-- This site is optimized with the Yoast SEO plugin v19.5.1 - https:\/\/yoast.com\/wordpress\/plugins\/seo\/ -->\n<title>100%-os lakoss\u00e1gi t\u00e1mogat\u00e1s vs 50%-os otthonfel\u00faj\u00edt\u00e1si t\u00e1mogat\u00e1s | H\u00f3dszol\u00e1r<\/title>\n<meta name=\"robots\" content=\"noindex, follow, max-snippet:-1, max-image-preview:large, max-video-preview:-1\" \/>\n<meta property=\"og:locale\" content=\"hu_HU\" \/>\n<meta property=\"og:type\" content=\"article\" \/>\n<meta property=\"og:title\" content=\"100%-os lakoss\u00e1gi t\u00e1mogat\u00e1s vs 50%-os otthonfel\u00faj\u00edt\u00e1si t\u00e1mogat\u00e1s | H\u00f3dszol\u00e1r\" \/>\n<meta property=\"og:description\" content=\"Az augusztusban beharangozott 100%-os t\u00e1mogat\u00e1s \u00f3ri\u00e1si \u00e9rdekelts\u00e9gnek \u00f6rvend, mivel kor\u00e1bban nem volt ilyen magas t\u00e1mogatotts\u00e1gi intenzit\u00e1ssal rendelkez\u0151 p\u00e1ly\u00e1zat. Emellett a jelenleg is fut\u00f3, 95%-os t\u00e1mogatotts\u00e1g\u00fa tanyap\u00e1ly\u00e1zat kiz\u00e1r\u00f3lag a tany\u00e1k fejleszt\u00e9s\u00e9t c\u00e9lozza meg, \u00edgy a lakoss\u00e1g jelent\u0151s r\u00e9sze ebb\u0151l kiesik. A janu\u00e1rban indul\u00f3 otthonfel\u00faj\u00edt\u00e1si t\u00e1mogat\u00e1s szint\u00e9n nagy sikert aratott a lakoss\u00e1gn\u00e1l, ugyanis a csal\u00e1doknak lehet\u0151s\u00e9g\u00fck volt [&hellip;]\" \/>\n<meta property=\"og:url\" content=\"https:\/\/dev.kompaktdesign.hu\/hodszolar.hu\/2021\/11\/02\/100-os-lakossagi-tamogatas-vs-50-os-otthonfelujitasi-tamogatas\/\" \/>\n<meta property=\"og:site_name\" content=\"H\u00f3dszol\u00e1r\" \/>\n<meta property=\"article:publisher\" content=\"https:\/\/www.facebook.com\/hodszolar\" \/>\n<meta property=\"article:published_time\" content=\"2021-11-02T08:26:45+00:00\" \/>\n<meta property=\"article:modified_time\" content=\"2021-11-02T08:26:46+00:00\" \/>\n<meta property=\"og:image\" content=\"https:\/\/dev.kompaktdesign.hu\/hodszolar.hu\/wp-content\/uploads\/2021\/11\/cimkes-kep.png\" \/>\n\t<meta property=\"og:image:width\" content=\"804\" \/>\n\t<meta property=\"og:image:height\" content=\"835\" \/>\n\t<meta property=\"og:image:type\" content=\"image\/png\" \/>\n<meta name=\"author\" content=\"H\u00f3dszol\u00e1r Kft.\" \/>\n<meta name=\"twitter:card\" content=\"summary_large_image\" \/>\n<meta name=\"twitter:label1\" content=\"Szerz\u0151:\" \/>\n\t<meta name=\"twitter:data1\" content=\"H\u00f3dszol\u00e1r Kft.\" \/>\n\t<meta name=\"twitter:label2\" content=\"Becs\u00fclt olvas\u00e1si id\u0151\" \/>\n\t<meta name=\"twitter:data2\" content=\"11 perc\" \/>\n<script type=\"application\/ld+json\" class=\"yoast-schema-graph\">{\"@context\":\"https:\/\/schema.org\",\"@graph\":[{\"@type\":\"Article\",\"@id\":\"https:\/\/dev.kompaktdesign.hu\/hodszolar.hu\/2021\/11\/02\/100-os-lakossagi-tamogatas-vs-50-os-otthonfelujitasi-tamogatas\/#article\",\"isPartOf\":{\"@id\":\"https:\/\/dev.kompaktdesign.hu\/hodszolar.hu\/2021\/11\/02\/100-os-lakossagi-tamogatas-vs-50-os-otthonfelujitasi-tamogatas\/\"},\"author\":{\"name\":\"H\u00f3dszol\u00e1r Kft.\",\"@id\":\"https:\/\/dev.kompaktdesign.hu\/hodszolar.hu\/#\/schema\/person\/a788af940a3d6b2829396312340dd08c\"},\"headline\":\"100%-os lakoss\u00e1gi t\u00e1mogat\u00e1s vs 50%-os otthonfel\u00faj\u00edt\u00e1si t\u00e1mogat\u00e1s\",\"datePublished\":\"2021-11-02T08:26:45+00:00\",\"dateModified\":\"2021-11-02T08:26:46+00:00\",\"mainEntityOfPage\":{\"@id\":\"https:\/\/dev.kompaktdesign.hu\/hodszolar.hu\/2021\/11\/02\/100-os-lakossagi-tamogatas-vs-50-os-otthonfelujitasi-tamogatas\/\"},\"wordCount\":3702,\"commentCount\":0,\"publisher\":{\"@id\":\"https:\/\/dev.kompaktdesign.hu\/hodszolar.hu\/#organization\"},\"articleSection\":[\"Egy\u00e9b kateg\u00f3ria\"],\"inLanguage\":\"hu\",\"potentialAction\":[{\"@type\":\"CommentAction\",\"name\":\"Comment\",\"target\":[\"https:\/\/dev.kompaktdesign.hu\/hodszolar.hu\/2021\/11\/02\/100-os-lakossagi-tamogatas-vs-50-os-otthonfelujitasi-tamogatas\/#respond\"]}]},{\"@type\":\"WebPage\",\"@id\":\"https:\/\/dev.kompaktdesign.hu\/hodszolar.hu\/2021\/11\/02\/100-os-lakossagi-tamogatas-vs-50-os-otthonfelujitasi-tamogatas\/\",\"url\":\"https:\/\/dev.kompaktdesign.hu\/hodszolar.hu\/2021\/11\/02\/100-os-lakossagi-tamogatas-vs-50-os-otthonfelujitasi-tamogatas\/\",\"name\":\"100%-os lakoss\u00e1gi t\u00e1mogat\u00e1s vs 50%-os otthonfel\u00faj\u00edt\u00e1si t\u00e1mogat\u00e1s | H\u00f3dszol\u00e1r\",\"isPartOf\":{\"@id\":\"https:\/\/dev.kompaktdesign.hu\/hodszolar.hu\/#website\"},\"datePublished\":\"2021-11-02T08:26:45+00:00\",\"dateModified\":\"2021-11-02T08:26:46+00:00\",\"breadcrumb\":{\"@id\":\"https:\/\/dev.kompaktdesign.hu\/hodszolar.hu\/2021\/11\/02\/100-os-lakossagi-tamogatas-vs-50-os-otthonfelujitasi-tamogatas\/#breadcrumb\"},\"inLanguage\":\"hu\",\"potentialAction\":[{\"@type\":\"ReadAction\",\"target\":[\"https:\/\/dev.kompaktdesign.hu\/hodszolar.hu\/2021\/11\/02\/100-os-lakossagi-tamogatas-vs-50-os-otthonfelujitasi-tamogatas\/\"]}]},{\"@type\":\"BreadcrumbList\",\"@id\":\"https:\/\/dev.kompaktdesign.hu\/hodszolar.hu\/2021\/11\/02\/100-os-lakossagi-tamogatas-vs-50-os-otthonfelujitasi-tamogatas\/#breadcrumb\",\"itemListElement\":[{\"@type\":\"ListItem\",\"position\":1,\"name\":\"Kezd\u0151lap\",\"item\":\"https:\/\/dev.kompaktdesign.hu\/hodszolar.hu\/\"},{\"@type\":\"ListItem\",\"position\":2,\"name\":\"100%-os lakoss\u00e1gi t\u00e1mogat\u00e1s vs 50%-os otthonfel\u00faj\u00edt\u00e1si t\u00e1mogat\u00e1s\"}]},{\"@type\":\"WebSite\",\"@id\":\"https:\/\/dev.kompaktdesign.hu\/hodszolar.hu\/#website\",\"url\":\"https:\/\/dev.kompaktdesign.hu\/hodszolar.hu\/\",\"name\":\"H\u00f3dszol\u00e1r\",\"description\":\"A v\u00e1s\u00e1rhelyi napelemes\",\"publisher\":{\"@id\":\"https:\/\/dev.kompaktdesign.hu\/hodszolar.hu\/#organization\"},\"potentialAction\":[{\"@type\":\"SearchAction\",\"target\":{\"@type\":\"EntryPoint\",\"urlTemplate\":\"https:\/\/dev.kompaktdesign.hu\/hodszolar.hu\/?s={search_term_string}\"},\"query-input\":\"required name=search_term_string\"}],\"inLanguage\":\"hu\"},{\"@type\":\"Organization\",\"@id\":\"https:\/\/dev.kompaktdesign.hu\/hodszolar.hu\/#organization\",\"name\":\"H\u00f3dszol\u00e1r Kft.\",\"url\":\"https:\/\/dev.kompaktdesign.hu\/hodszolar.hu\/\",\"sameAs\":[\"https:\/\/www.facebook.com\/hodszolar\"],\"logo\":{\"@type\":\"ImageObject\",\"inLanguage\":\"hu\",\"@id\":\"https:\/\/dev.kompaktdesign.hu\/hodszolar.hu\/#\/schema\/logo\/image\/\",\"url\":\"https:\/\/dev.kompaktdesign.hu\/hodszolar.hu\/wp-content\/uploads\/2021\/05\/fvicon.png\",\"contentUrl\":\"https:\/\/dev.kompaktdesign.hu\/hodszolar.hu\/wp-content\/uploads\/2021\/05\/fvicon.png\",\"width\":132,\"height\":132,\"caption\":\"H\u00f3dszol\u00e1r Kft.\"},\"image\":{\"@id\":\"https:\/\/dev.kompaktdesign.hu\/hodszolar.hu\/#\/schema\/logo\/image\/\"}},{\"@type\":\"Person\",\"@id\":\"https:\/\/dev.kompaktdesign.hu\/hodszolar.hu\/#\/schema\/person\/a788af940a3d6b2829396312340dd08c\",\"name\":\"H\u00f3dszol\u00e1r Kft.\",\"image\":{\"@type\":\"ImageObject\",\"inLanguage\":\"hu\",\"@id\":\"https:\/\/dev.kompaktdesign.hu\/hodszolar.hu\/#\/schema\/person\/image\/\",\"url\":\"https:\/\/secure.gravatar.com\/avatar\/38df000db6f2e93b7f0ccccf7714392424ca033738d34dfe71f19fdb70329830?s=96&d=mm&r=g\",\"contentUrl\":\"https:\/\/secure.gravatar.com\/avatar\/38df000db6f2e93b7f0ccccf7714392424ca033738d34dfe71f19fdb70329830?s=96&d=mm&r=g\",\"caption\":\"H\u00f3dszol\u00e1r Kft.\"},\"url\":\"https:\/\/dev.kompaktdesign.hu\/hodszolar.hu\/author\/hodszolar\/\"}]}<\/script>\n<!-- \/ Yoast SEO plugin. -->","yoast_head_json":{"title":"100%-os lakoss\u00e1gi t\u00e1mogat\u00e1s vs 50%-os otthonfel\u00faj\u00edt\u00e1si t\u00e1mogat\u00e1s | H\u00f3dszol\u00e1r","robots":{"index":"noindex","follow":"follow","max-snippet":"max-snippet:-1","max-image-preview":"max-image-preview:large","max-video-preview":"max-video-preview:-1"},"og_locale":"hu_HU","og_type":"article","og_title":"100%-os lakoss\u00e1gi t\u00e1mogat\u00e1s vs 50%-os otthonfel\u00faj\u00edt\u00e1si t\u00e1mogat\u00e1s | H\u00f3dszol\u00e1r","og_description":"Az augusztusban beharangozott 100%-os t\u00e1mogat\u00e1s \u00f3ri\u00e1si \u00e9rdekelts\u00e9gnek \u00f6rvend, mivel kor\u00e1bban nem volt ilyen magas t\u00e1mogatotts\u00e1gi intenzit\u00e1ssal rendelkez\u0151 p\u00e1ly\u00e1zat. Emellett a jelenleg is fut\u00f3, 95%-os t\u00e1mogatotts\u00e1g\u00fa tanyap\u00e1ly\u00e1zat kiz\u00e1r\u00f3lag a tany\u00e1k fejleszt\u00e9s\u00e9t c\u00e9lozza meg, \u00edgy a lakoss\u00e1g jelent\u0151s r\u00e9sze ebb\u0151l kiesik. A janu\u00e1rban indul\u00f3 otthonfel\u00faj\u00edt\u00e1si t\u00e1mogat\u00e1s szint\u00e9n nagy sikert aratott a lakoss\u00e1gn\u00e1l, ugyanis a csal\u00e1doknak lehet\u0151s\u00e9g\u00fck volt [&hellip;]","og_url":"https:\/\/dev.kompaktdesign.hu\/hodszolar.hu\/2021\/11\/02\/100-os-lakossagi-tamogatas-vs-50-os-otthonfelujitasi-tamogatas\/","og_site_name":"H\u00f3dszol\u00e1r","article_publisher":"https:\/\/www.facebook.com\/hodszolar","article_published_time":"2021-11-02T08:26:45+00:00","article_modified_time":"2021-11-02T08:26:46+00:00","og_image":[{"width":804,"height":835,"url":"https:\/\/dev.kompaktdesign.hu\/hodszolar.hu\/wp-content\/uploads\/2021\/11\/cimkes-kep.png","type":"image\/png"}],"author":"H\u00f3dszol\u00e1r Kft.","twitter_card":"summary_large_image","twitter_misc":{"Szerz\u0151:":"H\u00f3dszol\u00e1r Kft.","Becs\u00fclt olvas\u00e1si id\u0151":"11 perc"},"schema":{"@context":"https:\/\/schema.org","@graph":[{"@type":"Article","@id":"https:\/\/dev.kompaktdesign.hu\/hodszolar.hu\/2021\/11\/02\/100-os-lakossagi-tamogatas-vs-50-os-otthonfelujitasi-tamogatas\/#article","isPartOf":{"@id":"https:\/\/dev.kompaktdesign.hu\/hodszolar.hu\/2021\/11\/02\/100-os-lakossagi-tamogatas-vs-50-os-otthonfelujitasi-tamogatas\/"},"author":{"name":"H\u00f3dszol\u00e1r Kft.","@id":"https:\/\/dev.kompaktdesign.hu\/hodszolar.hu\/#\/schema\/person\/a788af940a3d6b2829396312340dd08c"},"headline":"100%-os lakoss\u00e1gi t\u00e1mogat\u00e1s vs 50%-os otthonfel\u00faj\u00edt\u00e1si t\u00e1mogat\u00e1s","datePublished":"2021-11-02T08:26:45+00:00","dateModified":"2021-11-02T08:26:46+00:00","mainEntityOfPage":{"@id":"https:\/\/dev.kompaktdesign.hu\/hodszolar.hu\/2021\/11\/02\/100-os-lakossagi-tamogatas-vs-50-os-otthonfelujitasi-tamogatas\/"},"wordCount":3702,"commentCount":0,"publisher":{"@id":"https:\/\/dev.kompaktdesign.hu\/hodszolar.hu\/#organization"},"articleSection":["Egy\u00e9b kateg\u00f3ria"],"inLanguage":"hu","potentialAction":[{"@type":"CommentAction","name":"Comment","target":["https:\/\/dev.kompaktdesign.hu\/hodszolar.hu\/2021\/11\/02\/100-os-lakossagi-tamogatas-vs-50-os-otthonfelujitasi-tamogatas\/#respond"]}]},{"@type":"WebPage","@id":"https:\/\/dev.kompaktdesign.hu\/hodszolar.hu\/2021\/11\/02\/100-os-lakossagi-tamogatas-vs-50-os-otthonfelujitasi-tamogatas\/","url":"https:\/\/dev.kompaktdesign.hu\/hodszolar.hu\/2021\/11\/02\/100-os-lakossagi-tamogatas-vs-50-os-otthonfelujitasi-tamogatas\/","name":"100%-os lakoss\u00e1gi t\u00e1mogat\u00e1s vs 50%-os otthonfel\u00faj\u00edt\u00e1si t\u00e1mogat\u00e1s | H\u00f3dszol\u00e1r","isPartOf":{"@id":"https:\/\/dev.kompaktdesign.hu\/hodszolar.hu\/#website"},"datePublished":"2021-11-02T08:26:45+00:00","dateModified":"2021-11-02T08:26:46+00:00","breadcrumb":{"@id":"https:\/\/dev.kompaktdesign.hu\/hodszolar.hu\/2021\/11\/02\/100-os-lakossagi-tamogatas-vs-50-os-otthonfelujitasi-tamogatas\/#breadcrumb"},"inLanguage":"hu","potentialAction":[{"@type":"ReadAction","target":["https:\/\/dev.kompaktdesign.hu\/hodszolar.hu\/2021\/11\/02\/100-os-lakossagi-tamogatas-vs-50-os-otthonfelujitasi-tamogatas\/"]}]},{"@type":"BreadcrumbList","@id":"https:\/\/dev.kompaktdesign.hu\/hodszolar.hu\/2021\/11\/02\/100-os-lakossagi-tamogatas-vs-50-os-otthonfelujitasi-tamogatas\/#breadcrumb","itemListElement":[{"@type":"ListItem","position":1,"name":"Kezd\u0151lap","item":"https:\/\/dev.kompaktdesign.hu\/hodszolar.hu\/"},{"@type":"ListItem","position":2,"name":"100%-os lakoss\u00e1gi t\u00e1mogat\u00e1s vs 50%-os otthonfel\u00faj\u00edt\u00e1si t\u00e1mogat\u00e1s"}]},{"@type":"WebSite","@id":"https:\/\/dev.kompaktdesign.hu\/hodszolar.hu\/#website","url":"https:\/\/dev.kompaktdesign.hu\/hodszolar.hu\/","name":"H\u00f3dszol\u00e1r","description":"A v\u00e1s\u00e1rhelyi napelemes","publisher":{"@id":"https:\/\/dev.kompaktdesign.hu\/hodszolar.hu\/#organization"},"potentialAction":[{"@type":"SearchAction","target":{"@type":"EntryPoint","urlTemplate":"https:\/\/dev.kompaktdesign.hu\/hodszolar.hu\/?s={search_term_string}"},"query-input":"required name=search_term_string"}],"inLanguage":"hu"},{"@type":"Organization","@id":"https:\/\/dev.kompaktdesign.hu\/hodszolar.hu\/#organization","name":"H\u00f3dszol\u00e1r Kft.","url":"https:\/\/dev.kompaktdesign.hu\/hodszolar.hu\/","sameAs":["https:\/\/www.facebook.com\/hodszolar"],"logo":{"@type":"ImageObject","inLanguage":"hu","@id":"https:\/\/dev.kompaktdesign.hu\/hodszolar.hu\/#\/schema\/logo\/image\/","url":"https:\/\/dev.kompaktdesign.hu\/hodszolar.hu\/wp-content\/uploads\/2021\/05\/fvicon.png","contentUrl":"https:\/\/dev.kompaktdesign.hu\/hodszolar.hu\/wp-content\/uploads\/2021\/05\/fvicon.png","width":132,"height":132,"caption":"H\u00f3dszol\u00e1r Kft."},"image":{"@id":"https:\/\/dev.kompaktdesign.hu\/hodszolar.hu\/#\/schema\/logo\/image\/"}},{"@type":"Person","@id":"https:\/\/dev.kompaktdesign.hu\/hodszolar.hu\/#\/schema\/person\/a788af940a3d6b2829396312340dd08c","name":"H\u00f3dszol\u00e1r Kft.","image":{"@type":"ImageObject","inLanguage":"hu","@id":"https:\/\/dev.kompaktdesign.hu\/hodszolar.hu\/#\/schema\/person\/image\/","url":"https:\/\/secure.gravatar.com\/avatar\/38df000db6f2e93b7f0ccccf7714392424ca033738d34dfe71f19fdb70329830?s=96&d=mm&r=g","contentUrl":"https:\/\/secure.gravatar.com\/avatar\/38df000db6f2e93b7f0ccccf7714392424ca033738d34dfe71f19fdb70329830?s=96&d=mm&r=g","caption":"H\u00f3dszol\u00e1r Kft."},"url":"https:\/\/dev.kompaktdesign.hu\/hodszolar.hu\/author\/hodszolar\/"}]}},"_links":{"self":[{"href":"https:\/\/dev.kompaktdesign.hu\/hodszolar.hu\/wp-json\/wp\/v2\/posts\/788","targetHints":{"allow":["GET"]}}],"collection":[{"href":"https:\/\/dev.kompaktdesign.hu\/hodszolar.hu\/wp-json\/wp\/v2\/posts"}],"about":[{"href":"https:\/\/dev.kompaktdesign.hu\/hodszolar.hu\/wp-json\/wp\/v2\/types\/post"}],"author":[{"embeddable":true,"href":"https:\/\/dev.kompaktdesign.hu\/hodszolar.hu\/wp-json\/wp\/v2\/users\/3"}],"replies":[{"embeddable":true,"href":"https:\/\/dev.kompaktdesign.hu\/hodszolar.hu\/wp-json\/wp\/v2\/comments?post=788"}],"version-history":[{"count":1,"href":"https:\/\/dev.kompaktdesign.hu\/hodszolar.hu\/wp-json\/wp\/v2\/posts\/788\/revisions"}],"predecessor-version":[{"id":790,"href":"https:\/\/dev.kompaktdesign.hu\/hodszolar.hu\/wp-json\/wp\/v2\/posts\/788\/revisions\/790"}],"wp:featuredmedia":[{"embeddable":true,"href":"https:\/\/dev.kompaktdesign.hu\/hodszolar.hu\/wp-json\/wp\/v2\/media\/789"}],"wp:attachment":[{"href":"https:\/\/dev.kompaktdesign.hu\/hodszolar.hu\/wp-json\/wp\/v2\/media?parent=788"}],"wp:term":[{"taxonomy":"category","embeddable":true,"href":"https:\/\/dev.kompaktdesign.hu\/hodszolar.hu\/wp-json\/wp\/v2\/categories?post=788"},{"taxonomy":"post_tag","embeddable":true,"href":"https:\/\/dev.kompaktdesign.hu\/hodszolar.hu\/wp-json\/wp\/v2\/tags?post=788"}],"curies":[{"name":"wp","href":"https:\/\/api.w.org\/{rel}","templated":true}]}}